{"id":5522,"date":"2026-04-18T22:01:57","date_gmt":"2026-04-19T01:01:57","guid":{"rendered":"https:\/\/radioclanfm.com\/clantv\/?p=5522"},"modified":"2026-04-18T22:01:57","modified_gmt":"2026-04-19T01:01:57","slug":"murio-nathalie-baye-actriz-iconica-del-cine-frances-la-despedida-de-emmanuel-macron","status":"publish","type":"post","link":"https:\/\/radioclanfm.com\/clantv\/murio-nathalie-baye-actriz-iconica-del-cine-frances-la-despedida-de-emmanuel-macron\/","title":{"rendered":"Muri\u00f3 Nathalie Baye, actriz ic\u00f3nica del cine franc\u00e9s: la despedida de Emmanuel Macron"},"content":{"rendered":"<div class=\"col-content\"><main class=\"col-content\"><\/p>\n<div class=\"default-article-color article__body article__article\">\n<p class=\"paragraph font__body-regular\">El mundo del cine est\u00e1 de luto:\u00a0<b>Nathalie Baye<\/b>, una de las actrices m\u00e1s emblem\u00e1ticas de Francia, muri\u00f3 a los 77 a\u00f1os en su casa de\u00a0<b>Par\u00eds<\/b>. La noticia fue confirmada este s\u00e1bado por su familia, que detall\u00f3 que la artista padec\u00eda una\u00a0<b>demencia con cuerpos de Lewy<\/b>, una enfermedad que afecta el \u00e1nimo, el movimiento y puede provocar alucinaciones.<\/p>\n<div id=\"ad-slot-infeed\" class=\"infeed-container ad-slot-infeed ad-slot\" data-adtype=\"infeed\" data-lazyload=\"1\" data-google-query-id=\"COzE4L3b-JMDFYyLYQYdyj8sdw\">\n<div id=\"google_ads_iframe_\/113951150\/tn-arc\/nota\/infeed_0__container__\"><\/div>\n<\/div>\n<p class=\"paragraph font__body-regular\">Nacida en\u00a0<b>Normand\u00eda<\/b>\u00a0en 1948, Baye creci\u00f3 en el seno de una familia bohemia de pintores. Desde chica enfrent\u00f3 dificultades: la dislexia la llev\u00f3 a dejar la escuela a los 14 a\u00f1os y mudarse a\u00a0<b>M\u00f3naco<\/b>\u00a0para estudiar danza. Pero su destino estaba en la actuaci\u00f3n.<\/p>\n<div class=\"story-list\" data-mrf-recirculation=\"IL_RNrGCM52Q_ui4aMax3fibg\" data-testid=\"text-html\" data-mrf-experience=\"IL_RNrGCM52Q_ui4aMax3fibg\">\n<article class=\"card__container card__horizontal\">\n<div class=\"card__body\">\n<header>\n<h3 class=\"card__headline font__display\"><\/h3>\n<\/header>\n<\/div>\n<\/article>\n<\/div>\n<p class=\"paragraph font__body-regular\">A los 18 a\u00f1os regres\u00f3 a Par\u00eds para formarse como actriz y, tras sus primeros pasos en el teatro,\u00a0<b>Fran\u00e7ois Truffaut<\/b>\u00a0la eligi\u00f3 para un papel clave en \u201cLa nuit am\u00e9ricaine\u201d. Ese fue el trampol\u00edn que la catapult\u00f3 a la fama y la convirti\u00f3 en una de las caras m\u00e1s reconocidas del cine franc\u00e9s.<\/p>\n<figure class=\"\" data-testid=\"figure-testid\">\n<div class=\"aspect_ratio__container\"><picture class=\"responsive-image\"><source srcset=\"https:\/\/tn.com.ar\/resizer\/v2\/nathalie-baye-posa-en-la-proyeccion-de-the-dead-dont-die-en-cannes-2019-foto-reuters-stephane-mahe-BWNHDUON3JDJHMI5UPNNDRHLRA.JPG?auth=4d0334cd9763fdc0ba383b26a621abbb1823604b4c6facbaf5d6ba87377065e9&amp;width=767\" type=\"image\/jpg\" media=\"(max-width: 728px)\" \/><source srcset=\"https:\/\/tn.com.ar\/resizer\/v2\/nathalie-baye-posa-en-la-proyeccion-de-the-dead-dont-die-en-cannes-2019-foto-reuters-stephane-mahe-BWNHDUON3JDJHMI5UPNNDRHLRA.JPG?auth=4d0334cd9763fdc0ba383b26a621abbb1823604b4c6facbaf5d6ba87377065e9&amp;width=1023\" type=\"image\/jpg\" media=\"(max-width: 1023px)\" \/><source srcset=\"https:\/\/tn.com.ar\/resizer\/v2\/nathalie-baye-posa-en-la-proyeccion-de-the-dead-dont-die-en-cannes-2019-foto-reuters-stephane-mahe-BWNHDUON3JDJHMI5UPNNDRHLRA.JPG?auth=4d0334cd9763fdc0ba383b26a621abbb1823604b4c6facbaf5d6ba87377065e9&amp;width=1440\" type=\"image\/jpg\" \/><img fetchpriority=\"high\" decoding=\"async\" class=\"image content-image image_placeholder\" src=\"https:\/\/tn.com.ar\/resizer\/v2\/nathalie-baye-posa-en-la-proyeccion-de-the-dead-dont-die-en-cannes-2019-foto-reuters-stephane-mahe-BWNHDUON3JDJHMI5UPNNDRHLRA.JPG?auth=4d0334cd9763fdc0ba383b26a621abbb1823604b4c6facbaf5d6ba87377065e9&amp;width=767\" alt=\"Nathalie Baye posa en la proyecci\u00f3n de  &quot;The Dead Don't Die&quot; en Cannes 2019 (Foto: REUTERS \/ Stephane Mahe)\" width=\"767\" height=\"622\" data-testid=\"loading-testid\" \/><\/picture><\/div><figcaption class=\"caption_image\" data-testid=\"figcaption-testid\">\n<div class=\"image_caption \">Nathalie Baye posa en la proyecci\u00f3n de &#8220;The Dead Don&#8217;t Die&#8221; en Cannes 2019 (Foto: REUTERS \/ Stephane Mahe)<\/div>\n<\/figcaption><\/figure>\n<h2 class=\"font--primary font__display\">La trayectoria de Nathalie Baye<\/h2>\n<p class=\"paragraph font__body-regular\">A lo largo de su carrera,\u00a0<b>Nathalie Baye<\/b>\u00a0particip\u00f3 en unas 80 pel\u00edculas y trabaj\u00f3 con directores de la talla de\u00a0<b>Jean-Luc Godard, Claude Sautet, Marco Ferreri, Maurice Pialat<\/b>\u00a0y el propio Truffaut. Gan\u00f3 el\u00a0<b>C\u00e9sar a la mejor actriz en cuatro ocasiones<\/b>, incluyendo tres a\u00f1os consecutivos entre 1981 y 1983, y volvi\u00f3 a consagrarse en 2006 con \u201cLe petit lieutenant\u201d.<\/p>\n<p class=\"paragraph font__body-regular\">Entre sus papeles m\u00e1s recordados est\u00e1n los de\u00a0<i>Mado<\/i>,\u00a0<i>La derni\u00e8re femme<\/i>,\u00a0<i>La gueule ouverte<\/i>\u00a0y\u00a0<i>L\u2019homme qui aimait les femmes<\/i>. Adem\u00e1s, brill\u00f3 en\u00a0<i>Une \u00e9trange affaire<\/i>, que le vali\u00f3 el C\u00e9sar a la mejor actriz, y en\u00a0<i>Una relaci\u00f3n privada<\/i>, por la que fue premiada en el\u00a0<b>Festival de Venecia<\/b>.<\/p>\n<figure class=\"\" data-testid=\"figure-testid\">\n<div class=\"aspect_ratio__container\"><picture class=\"responsive-image\"><source srcset=\"https:\/\/tn.com.ar\/resizer\/v2\/nathalie-baye-curante-los-premios-cesar-de-2021-foto-efeepabertrand-guay-XOAV2ZNPMRGSJGTHRQIOMF4UWU.jpg?auth=c8a2f6dbb894d1787407bf0eb304021516356e147c6c70bf11be645e91bcc95e&amp;width=767\" type=\"image\/jpg\" media=\"(max-width: 728px)\" \/><source srcset=\"https:\/\/tn.com.ar\/resizer\/v2\/nathalie-baye-curante-los-premios-cesar-de-2021-foto-efeepabertrand-guay-XOAV2ZNPMRGSJGTHRQIOMF4UWU.jpg?auth=c8a2f6dbb894d1787407bf0eb304021516356e147c6c70bf11be645e91bcc95e&amp;width=1023\" type=\"image\/jpg\" media=\"(max-width: 1023px)\" \/><source srcset=\"https:\/\/tn.com.ar\/resizer\/v2\/nathalie-baye-curante-los-premios-cesar-de-2021-foto-efeepabertrand-guay-XOAV2ZNPMRGSJGTHRQIOMF4UWU.jpg?auth=c8a2f6dbb894d1787407bf0eb304021516356e147c6c70bf11be645e91bcc95e&amp;width=1440\" type=\"image\/jpg\" \/><img decoding=\"async\" class=\"image content-image image_placeholder\" src=\"https:\/\/tn.com.ar\/resizer\/v2\/nathalie-baye-curante-los-premios-cesar-de-2021-foto-efeepabertrand-guay-XOAV2ZNPMRGSJGTHRQIOMF4UWU.jpg?auth=c8a2f6dbb894d1787407bf0eb304021516356e147c6c70bf11be645e91bcc95e&amp;width=767\" alt=\"Nathalie Baye curante los Premios Cesar de 2021 (Foto: EFE\/EPA\/BERTRAND GUAY)\" width=\"767\" height=\"551\" data-testid=\"loading-testid\" \/><\/picture><\/div><figcaption class=\"caption_image\" data-testid=\"figcaption-testid\">\n<div class=\"image_caption \">Nathalie Baye curante los Premios Cesar de 2021 (Foto: EFE\/EPA\/BERTRAND GUAY)<\/div>\n<\/figcaption><\/figure>\n<p class=\"paragraph font__body-regular\">En los \u00faltimos a\u00f1os, la actriz vivi\u00f3 un\u00a0<b>resurgimiento internacional<\/b>. Fue la madre de\u00a0<b>Leonardo DiCaprio<\/b>\u00a0en \u201cAtr\u00e1pame si puedes\u201d y una arist\u00f3crata francesa en \u201cDownton Abbey 2\u201d. Tambi\u00e9n se luci\u00f3 bajo la direcci\u00f3n del canadiense\u00a0<b>Xavier Dolan<\/b>\u00a0en \u201cLaurence Anyways\u201d y \u201cS\u00f3lo el fin del mundo\u201d, donde interpret\u00f3 a madres complejas y profundas.<\/p>\n<h2 class=\"font--primary font__display\">Emmanuel Macron despidi\u00f3 a Nathalie Baye<\/h2>\n<p class=\"paragraph font__body-regular\">El presidente\u00a0<b>Emmanuel Macron<\/b>\u00a0la despidi\u00f3 con un emotivo mensaje en X: \u201cUna actriz con la que hemos amado, so\u00f1ado y crecido\u201d. El mandatario destac\u00f3 su voz, su sonrisa y su pudor, y envi\u00f3 sus condolencias a la familia y amigos de la artista.<\/p>\n<figure class=\"\" data-testid=\"figure-testid\">\n<div class=\"aspect_ratio__container\"><picture class=\"responsive-image\"><source srcset=\"https:\/\/tn.com.ar\/resizer\/v2\/emmanuel-macron-despidio-a-la-actriz-a-traves-de-sus-redes-sociales-foto-captura-x-emmanuelmacron-ZEO24BEXV5DUFFMTXINKPTBLWM.JPG?auth=77df6103e5b66d24b11369dd6d8a0b87b17fc6dbeb61fc6c00991eed7426acbd&amp;width=767\" type=\"image\/jpg\" media=\"(max-width: 728px)\" \/><source srcset=\"https:\/\/tn.com.ar\/resizer\/v2\/emmanuel-macron-despidio-a-la-actriz-a-traves-de-sus-redes-sociales-foto-captura-x-emmanuelmacron-ZEO24BEXV5DUFFMTXINKPTBLWM.JPG?auth=77df6103e5b66d24b11369dd6d8a0b87b17fc6dbeb61fc6c00991eed7426acbd&amp;width=1023\" type=\"image\/jpg\" media=\"(max-width: 1023px)\" \/><source srcset=\"https:\/\/tn.com.ar\/resizer\/v2\/emmanuel-macron-despidio-a-la-actriz-a-traves-de-sus-redes-sociales-foto-captura-x-emmanuelmacron-ZEO24BEXV5DUFFMTXINKPTBLWM.JPG?auth=77df6103e5b66d24b11369dd6d8a0b87b17fc6dbeb61fc6c00991eed7426acbd&amp;width=1440\" type=\"image\/jpg\" \/><img decoding=\"async\" class=\"image content-image image_placeholder\" src=\"https:\/\/tn.com.ar\/resizer\/v2\/emmanuel-macron-despidio-a-la-actriz-a-traves-de-sus-redes-sociales-foto-captura-x-emmanuelmacron-ZEO24BEXV5DUFFMTXINKPTBLWM.JPG?auth=77df6103e5b66d24b11369dd6d8a0b87b17fc6dbeb61fc6c00991eed7426acbd&amp;width=767\" alt=\"Emmanuel Macron despidi\u00f3 a la actriz a trav\u00e9s de sus redes sociales (Foto: Captura X \/ EmmanuelMacron)\" width=\"767\" height=\"621\" data-testid=\"loading-testid\" \/><\/picture><\/div><figcaption class=\"caption_image\" data-testid=\"figcaption-testid\">\n<div class=\"image_caption \">Emmanuel Macron despidi\u00f3 a la actriz a trav\u00e9s de sus redes sociales (Foto: Captura X \/ EmmanuelMacron)<\/div>\n<\/figcaption><\/figure>\n<p class=\"paragraph font__body-regular\">En el plano personal, Baye mantuvo una relaci\u00f3n de cinco a\u00f1os con el legendario rockero\u00a0<b>Johnny Hallyday<\/b>, con quien tuvo una hija,\u00a0<b>Laura Smet<\/b>, que tambi\u00e9n sigui\u00f3 sus pasos en la actuaci\u00f3n.<\/p>\n<\/div>\n<p><\/main><\/div>\n<aside class=\"col-right-rail right-rail\">\n<div id=\"parent-ad-slot-caja\" class=\"ad-container caja_ad \">\n<div class=\"ad-content\"><\/div>\n<\/div>\n<\/aside>\n","protected":false},"excerpt":{"rendered":"<p>El mundo del cine est\u00e1 de luto:\u00a0Nathalie Baye, una de las actrices m\u00e1s emblem\u00e1ticas de Francia, muri\u00f3 a los 77 a\u00f1os en su casa de\u00a0Par\u00eds. La noticia fue confirmada este s\u00e1bado por su familia, que detall\u00f3 que la artista padec\u00eda una\u00a0demencia con cuerpos de Lewy, una enfermedad que afecta el \u00e1nimo, el movimiento y puede&#8230;<\/p>\n","protected":false},"author":1,"featured_media":5523,"comment_status":"open","ping_status":"open","sticky":false,"template":"","format":"standard","meta":{"rop_custom_images_group":[],"rop_custom_messages_group":[],"rop_publish_now":"initial","rop_publish_now_accounts":[],"rop_publish_now_history":[],"rop_publish_now_status":"pending","footnotes":"","jetpack_publicize_message":"","jetpack_publicize_feature_enabled":true,"jetpack_social_post_already_shared":true,"jetpack_social_options":{"image_generator_settings":{"template":"highway","enabled":false},"version":2}},"categories":[1],"tags":[],"class_list":["post-5522","post","type-post","status-publish","format-standard","has-post-thumbnail","hentry","category-cine-y-series"],"jetpack_publicize_connections":[],"yoast_head":"<!-- This site is optimized with the Yoast SEO plugin v27.3 - https:\/\/yoast.com\/product\/yoast-seo-wordpress\/ -->\n<title>Muri\u00f3 Nathalie Baye, actriz ic\u00f3nica del cine franc\u00e9s: la despedida de Emmanuel Macron - CLANTV<\/title>\n<meta name=\"robots\" content=\"index, follow, max-snippet:-1, max-image-preview:large, max-video-preview:-1\" \/>\n<link rel=\"canonical\" href=\"https:\/\/radioclanfm.com\/clantv\/murio-nathalie-baye-actriz-iconica-del-cine-frances-la-despedida-de-emmanuel-macron\/\" \/>\n<meta property=\"og:locale\" content=\"es_ES\" \/>\n<meta property=\"og:type\" content=\"article\" \/>\n<meta property=\"og:title\" content=\"Muri\u00f3 Nathalie Baye, actriz ic\u00f3nica del cine franc\u00e9s: la despedida de Emmanuel Macron - CLANTV\" \/>\n<meta property=\"og:description\" content=\"El mundo del cine est\u00e1 de luto:\u00a0Nathalie Baye, una de las actrices m\u00e1s emblem\u00e1ticas de Francia, muri\u00f3 a los 77 a\u00f1os en su casa de\u00a0Par\u00eds. La noticia fue confirmada este s\u00e1bado por su familia, que detall\u00f3 que la artista padec\u00eda una\u00a0demencia con cuerpos de Lewy, una enfermedad que afecta el \u00e1nimo, el movimiento y puede...\" \/>\n<meta property=\"og:url\" content=\"https:\/\/radioclanfm.com\/clantv\/murio-nathalie-baye-actriz-iconica-del-cine-frances-la-despedida-de-emmanuel-macron\/\" \/>\n<meta property=\"og:site_name\" content=\"CLANTV\" \/>\n<meta property=\"article:publisher\" content=\"https:\/\/www.facebook.com\/clantvok\" \/>\n<meta property=\"article:published_time\" content=\"2026-04-19T01:01:57+00:00\" \/>\n<meta property=\"og:image\" content=\"https:\/\/radioclanfm.com\/clantv\/wp-content\/uploads\/sites\/3\/2026\/04\/vOzNTkhb.jpg\" \/>\n\t<meta property=\"og:image:width\" content=\"900\" \/>\n\t<meta property=\"og:image:height\" content=\"504\" \/>\n\t<meta property=\"og:image:type\" content=\"image\/jpeg\" \/>\n<meta name=\"author\" content=\"E-GRUPOCLAN\" \/>\n<meta name=\"twitter:card\" content=\"summary_large_image\" \/>\n<meta name=\"twitter:creator\" content=\"@clantvok\" \/>\n<meta name=\"twitter:site\" content=\"@clantvok\" \/>\n<meta name=\"twitter:label1\" content=\"Escrito por\" \/>\n\t<meta name=\"twitter:data1\" content=\"E-GRUPOCLAN\" \/>\n\t<meta name=\"twitter:label2\" content=\"Tiempo de lectura\" \/>\n\t<meta name=\"twitter:data2\" content=\"3 minutos\" \/>\n<script type=\"application\/ld+json\" class=\"yoast-schema-graph\">{\"@context\":\"https:\\\/\\\/schema.org\",\"@graph\":[{\"@type\":\"Article\",\"@id\":\"https:\\\/\\\/radioclanfm.com\\\/clantv\\\/murio-nathalie-baye-actriz-iconica-del-cine-frances-la-despedida-de-emmanuel-macron\\\/#article\",\"isPartOf\":{\"@id\":\"https:\\\/\\\/radioclanfm.com\\\/clantv\\\/murio-nathalie-baye-actriz-iconica-del-cine-frances-la-despedida-de-emmanuel-macron\\\/\"},\"author\":{\"name\":\"E-GRUPOCLAN\",\"@id\":\"https:\\\/\\\/radioclanfm.com\\\/clantv\\\/#\\\/schema\\\/person\\\/9734813083303230f3ad84d99171b20c\"},\"headline\":\"Muri\u00f3 Nathalie Baye, actriz ic\u00f3nica del cine franc\u00e9s: la despedida de Emmanuel Macron\",\"datePublished\":\"2026-04-19T01:01:57+00:00\",\"mainEntityOfPage\":{\"@id\":\"https:\\\/\\\/radioclanfm.com\\\/clantv\\\/murio-nathalie-baye-actriz-iconica-del-cine-frances-la-despedida-de-emmanuel-macron\\\/\"},\"wordCount\":505,\"commentCount\":0,\"publisher\":{\"@id\":\"https:\\\/\\\/radioclanfm.com\\\/clantv\\\/#organization\"},\"image\":{\"@id\":\"https:\\\/\\\/radioclanfm.com\\\/clantv\\\/murio-nathalie-baye-actriz-iconica-del-cine-frances-la-despedida-de-emmanuel-macron\\\/#primaryimage\"},\"thumbnailUrl\":\"https:\\\/\\\/radioclanfm.com\\\/clantv\\\/wp-content\\\/uploads\\\/sites\\\/3\\\/2026\\\/04\\\/vOzNTkhb.jpg\",\"articleSection\":[\"CINE Y SERIES\"],\"inLanguage\":\"es-AR\",\"potentialAction\":[{\"@type\":\"CommentAction\",\"name\":\"Comment\",\"target\":[\"https:\\\/\\\/radioclanfm.com\\\/clantv\\\/murio-nathalie-baye-actriz-iconica-del-cine-frances-la-despedida-de-emmanuel-macron\\\/#respond\"]}]},{\"@type\":\"WebPage\",\"@id\":\"https:\\\/\\\/radioclanfm.com\\\/clantv\\\/murio-nathalie-baye-actriz-iconica-del-cine-frances-la-despedida-de-emmanuel-macron\\\/\",\"url\":\"https:\\\/\\\/radioclanfm.com\\\/clantv\\\/murio-nathalie-baye-actriz-iconica-del-cine-frances-la-despedida-de-emmanuel-macron\\\/\",\"name\":\"Muri\u00f3 Nathalie Baye, actriz ic\u00f3nica del cine franc\u00e9s: la despedida de Emmanuel Macron - CLANTV\",\"isPartOf\":{\"@id\":\"https:\\\/\\\/radioclanfm.com\\\/clantv\\\/#website\"},\"primaryImageOfPage\":{\"@id\":\"https:\\\/\\\/radioclanfm.com\\\/clantv\\\/murio-nathalie-baye-actriz-iconica-del-cine-frances-la-despedida-de-emmanuel-macron\\\/#primaryimage\"},\"image\":{\"@id\":\"https:\\\/\\\/radioclanfm.com\\\/clantv\\\/murio-nathalie-baye-actriz-iconica-del-cine-frances-la-despedida-de-emmanuel-macron\\\/#primaryimage\"},\"thumbnailUrl\":\"https:\\\/\\\/radioclanfm.com\\\/clantv\\\/wp-content\\\/uploads\\\/sites\\\/3\\\/2026\\\/04\\\/vOzNTkhb.jpg\",\"datePublished\":\"2026-04-19T01:01:57+00:00\",\"breadcrumb\":{\"@id\":\"https:\\\/\\\/radioclanfm.com\\\/clantv\\\/murio-nathalie-baye-actriz-iconica-del-cine-frances-la-despedida-de-emmanuel-macron\\\/#breadcrumb\"},\"inLanguage\":\"es-AR\",\"potentialAction\":[{\"@type\":\"ReadAction\",\"target\":[\"https:\\\/\\\/radioclanfm.com\\\/clantv\\\/murio-nathalie-baye-actriz-iconica-del-cine-frances-la-despedida-de-emmanuel-macron\\\/\"]}]},{\"@type\":\"ImageObject\",\"inLanguage\":\"es-AR\",\"@id\":\"https:\\\/\\\/radioclanfm.com\\\/clantv\\\/murio-nathalie-baye-actriz-iconica-del-cine-frances-la-despedida-de-emmanuel-macron\\\/#primaryimage\",\"url\":\"https:\\\/\\\/radioclanfm.com\\\/clantv\\\/wp-content\\\/uploads\\\/sites\\\/3\\\/2026\\\/04\\\/vOzNTkhb.jpg\",\"contentUrl\":\"https:\\\/\\\/radioclanfm.com\\\/clantv\\\/wp-content\\\/uploads\\\/sites\\\/3\\\/2026\\\/04\\\/vOzNTkhb.jpg\",\"width\":900,\"height\":504},{\"@type\":\"BreadcrumbList\",\"@id\":\"https:\\\/\\\/radioclanfm.com\\\/clantv\\\/murio-nathalie-baye-actriz-iconica-del-cine-frances-la-despedida-de-emmanuel-macron\\\/#breadcrumb\",\"itemListElement\":[{\"@type\":\"ListItem\",\"position\":1,\"name\":\"Inicio\",\"item\":\"https:\\\/\\\/radioclanfm.com\\\/clantv\\\/\"},{\"@type\":\"ListItem\",\"position\":2,\"name\":\"Muri\u00f3 Nathalie Baye, actriz ic\u00f3nica del cine franc\u00e9s: la despedida de Emmanuel Macron\"}]},{\"@type\":\"WebSite\",\"@id\":\"https:\\\/\\\/radioclanfm.com\\\/clantv\\\/#website\",\"url\":\"https:\\\/\\\/radioclanfm.com\\\/clantv\\\/\",\"name\":\"CLANTV\",\"description\":\"\",\"publisher\":{\"@id\":\"https:\\\/\\\/radioclanfm.com\\\/clantv\\\/#organization\"},\"potentialAction\":[{\"@type\":\"SearchAction\",\"target\":{\"@type\":\"EntryPoint\",\"urlTemplate\":\"https:\\\/\\\/radioclanfm.com\\\/clantv\\\/?s={search_term_string}\"},\"query-input\":{\"@type\":\"PropertyValueSpecification\",\"valueRequired\":true,\"valueName\":\"search_term_string\"}}],\"inLanguage\":\"es-AR\"},{\"@type\":\"Organization\",\"@id\":\"https:\\\/\\\/radioclanfm.com\\\/clantv\\\/#organization\",\"name\":\"CLANTV\",\"url\":\"https:\\\/\\\/radioclanfm.com\\\/clantv\\\/\",\"logo\":{\"@type\":\"ImageObject\",\"inLanguage\":\"es-AR\",\"@id\":\"https:\\\/\\\/radioclanfm.com\\\/clantv\\\/#\\\/schema\\\/logo\\\/image\\\/\",\"url\":\"https:\\\/\\\/radioclanfm.com\\\/clantv\\\/wp-content\\\/uploads\\\/sites\\\/3\\\/2026\\\/03\\\/FPdeFxu8_400x400.jpg\",\"contentUrl\":\"https:\\\/\\\/radioclanfm.com\\\/clantv\\\/wp-content\\\/uploads\\\/sites\\\/3\\\/2026\\\/03\\\/FPdeFxu8_400x400.jpg\",\"width\":400,\"height\":400,\"caption\":\"CLANTV\"},\"image\":{\"@id\":\"https:\\\/\\\/radioclanfm.com\\\/clantv\\\/#\\\/schema\\\/logo\\\/image\\\/\"},\"sameAs\":[\"https:\\\/\\\/www.facebook.com\\\/clantvok\",\"https:\\\/\\\/x.com\\\/clantvok\",\"https:\\\/\\\/www.instagram.com\\\/clantvok\\\/\"]},{\"@type\":\"Person\",\"@id\":\"https:\\\/\\\/radioclanfm.com\\\/clantv\\\/#\\\/schema\\\/person\\\/9734813083303230f3ad84d99171b20c\",\"name\":\"E-GRUPOCLAN\",\"image\":{\"@type\":\"ImageObject\",\"inLanguage\":\"es-AR\",\"@id\":\"https:\\\/\\\/secure.gravatar.com\\\/avatar\\\/af6e19837c3d6a212034a48c7b3818d2ac1826f6025df0155da5a186ad321d79?s=96&d=mm&r=g\",\"url\":\"https:\\\/\\\/secure.gravatar.com\\\/avatar\\\/af6e19837c3d6a212034a48c7b3818d2ac1826f6025df0155da5a186ad321d79?s=96&d=mm&r=g\",\"contentUrl\":\"https:\\\/\\\/secure.gravatar.com\\\/avatar\\\/af6e19837c3d6a212034a48c7b3818d2ac1826f6025df0155da5a186ad321d79?s=96&d=mm&r=g\",\"caption\":\"E-GRUPOCLAN\"},\"sameAs\":[\"https:\\\/\\\/radioclanfm.com\"],\"url\":\"https:\\\/\\\/radioclanfm.com\\\/clantv\\\/author\\\/admin\\\/\"}]}<\/script>\n<!-- \/ Yoast SEO plugin. -->","yoast_head_json":{"title":"Muri\u00f3 Nathalie Baye, actriz ic\u00f3nica del cine franc\u00e9s: la despedida de Emmanuel Macron - CLANTV","robots":{"index":"index","follow":"follow","max-snippet":"max-snippet:-1","max-image-preview":"max-image-preview:large","max-video-preview":"max-video-preview:-1"},"canonical":"https:\/\/radioclanfm.com\/clantv\/murio-nathalie-baye-actriz-iconica-del-cine-frances-la-despedida-de-emmanuel-macron\/","og_locale":"es_ES","og_type":"article","og_title":"Muri\u00f3 Nathalie Baye, actriz ic\u00f3nica del cine franc\u00e9s: la despedida de Emmanuel Macron - CLANTV","og_description":"El mundo del cine est\u00e1 de luto:\u00a0Nathalie Baye, una de las actrices m\u00e1s emblem\u00e1ticas de Francia, muri\u00f3 a los 77 a\u00f1os en su casa de\u00a0Par\u00eds. La noticia fue confirmada este s\u00e1bado por su familia, que detall\u00f3 que la artista padec\u00eda una\u00a0demencia con cuerpos de Lewy, una enfermedad que afecta el \u00e1nimo, el movimiento y puede...","og_url":"https:\/\/radioclanfm.com\/clantv\/murio-nathalie-baye-actriz-iconica-del-cine-frances-la-despedida-de-emmanuel-macron\/","og_site_name":"CLANTV","article_publisher":"https:\/\/www.facebook.com\/clantvok","article_published_time":"2026-04-19T01:01:57+00:00","og_image":[{"width":900,"height":504,"url":"https:\/\/radioclanfm.com\/clantv\/wp-content\/uploads\/sites\/3\/2026\/04\/vOzNTkhb.jpg","type":"image\/jpeg"}],"author":"E-GRUPOCLAN","twitter_card":"summary_large_image","twitter_creator":"@clantvok","twitter_site":"@clantvok","twitter_misc":{"Escrito por":"E-GRUPOCLAN","Tiempo de lectura":"3 minutos"},"schema":{"@context":"https:\/\/schema.org","@graph":[{"@type":"Article","@id":"https:\/\/radioclanfm.com\/clantv\/murio-nathalie-baye-actriz-iconica-del-cine-frances-la-despedida-de-emmanuel-macron\/#article","isPartOf":{"@id":"https:\/\/radioclanfm.com\/clantv\/murio-nathalie-baye-actriz-iconica-del-cine-frances-la-despedida-de-emmanuel-macron\/"},"author":{"name":"E-GRUPOCLAN","@id":"https:\/\/radioclanfm.com\/clantv\/#\/schema\/person\/9734813083303230f3ad84d99171b20c"},"headline":"Muri\u00f3 Nathalie Baye, actriz ic\u00f3nica del cine franc\u00e9s: la despedida de Emmanuel Macron","datePublished":"2026-04-19T01:01:57+00:00","mainEntityOfPage":{"@id":"https:\/\/radioclanfm.com\/clantv\/murio-nathalie-baye-actriz-iconica-del-cine-frances-la-despedida-de-emmanuel-macron\/"},"wordCount":505,"commentCount":0,"publisher":{"@id":"https:\/\/radioclanfm.com\/clantv\/#organization"},"image":{"@id":"https:\/\/radioclanfm.com\/clantv\/murio-nathalie-baye-actriz-iconica-del-cine-frances-la-despedida-de-emmanuel-macron\/#primaryimage"},"thumbnailUrl":"https:\/\/radioclanfm.com\/clantv\/wp-content\/uploads\/sites\/3\/2026\/04\/vOzNTkhb.jpg","articleSection":["CINE Y SERIES"],"inLanguage":"es-AR","potentialAction":[{"@type":"CommentAction","name":"Comment","target":["https:\/\/radioclanfm.com\/clantv\/murio-nathalie-baye-actriz-iconica-del-cine-frances-la-despedida-de-emmanuel-macron\/#respond"]}]},{"@type":"WebPage","@id":"https:\/\/radioclanfm.com\/clantv\/murio-nathalie-baye-actriz-iconica-del-cine-frances-la-despedida-de-emmanuel-macron\/","url":"https:\/\/radioclanfm.com\/clantv\/murio-nathalie-baye-actriz-iconica-del-cine-frances-la-despedida-de-emmanuel-macron\/","name":"Muri\u00f3 Nathalie Baye, actriz ic\u00f3nica del cine franc\u00e9s: la despedida de Emmanuel Macron - CLANTV","isPartOf":{"@id":"https:\/\/radioclanfm.com\/clantv\/#website"},"primaryImageOfPage":{"@id":"https:\/\/radioclanfm.com\/clantv\/murio-nathalie-baye-actriz-iconica-del-cine-frances-la-despedida-de-emmanuel-macron\/#primaryimage"},"image":{"@id":"https:\/\/radioclanfm.com\/clantv\/murio-nathalie-baye-actriz-iconica-del-cine-frances-la-despedida-de-emmanuel-macron\/#primaryimage"},"thumbnailUrl":"https:\/\/radioclanfm.com\/clantv\/wp-content\/uploads\/sites\/3\/2026\/04\/vOzNTkhb.jpg","datePublished":"2026-04-19T01:01:57+00:00","breadcrumb":{"@id":"https:\/\/radioclanfm.com\/clantv\/murio-nathalie-baye-actriz-iconica-del-cine-frances-la-despedida-de-emmanuel-macron\/#breadcrumb"},"inLanguage":"es-AR","potentialAction":[{"@type":"ReadAction","target":["https:\/\/radioclanfm.com\/clantv\/murio-nathalie-baye-actriz-iconica-del-cine-frances-la-despedida-de-emmanuel-macron\/"]}]},{"@type":"ImageObject","inLanguage":"es-AR","@id":"https:\/\/radioclanfm.com\/clantv\/murio-nathalie-baye-actriz-iconica-del-cine-frances-la-despedida-de-emmanuel-macron\/#primaryimage","url":"https:\/\/radioclanfm.com\/clantv\/wp-content\/uploads\/sites\/3\/2026\/04\/vOzNTkhb.jpg","contentUrl":"https:\/\/radioclanfm.com\/clantv\/wp-content\/uploads\/sites\/3\/2026\/04\/vOzNTkhb.jpg","width":900,"height":504},{"@type":"BreadcrumbList","@id":"https:\/\/radioclanfm.com\/clantv\/murio-nathalie-baye-actriz-iconica-del-cine-frances-la-despedida-de-emmanuel-macron\/#breadcrumb","itemListElement":[{"@type":"ListItem","position":1,"name":"Inicio","item":"https:\/\/radioclanfm.com\/clantv\/"},{"@type":"ListItem","position":2,"name":"Muri\u00f3 Nathalie Baye, actriz ic\u00f3nica del cine franc\u00e9s: la despedida de Emmanuel Macron"}]},{"@type":"WebSite","@id":"https:\/\/radioclanfm.com\/clantv\/#website","url":"https:\/\/radioclanfm.com\/clantv\/","name":"CLANTV","description":"","publisher":{"@id":"https:\/\/radioclanfm.com\/clantv\/#organization"},"potentialAction":[{"@type":"SearchAction","target":{"@type":"EntryPoint","urlTemplate":"https:\/\/radioclanfm.com\/clantv\/?s={search_term_string}"},"query-input":{"@type":"PropertyValueSpecification","valueRequired":true,"valueName":"search_term_string"}}],"inLanguage":"es-AR"},{"@type":"Organization","@id":"https:\/\/radioclanfm.com\/clantv\/#organization","name":"CLANTV","url":"https:\/\/radioclanfm.com\/clantv\/","logo":{"@type":"ImageObject","inLanguage":"es-AR","@id":"https:\/\/radioclanfm.com\/clantv\/#\/schema\/logo\/image\/","url":"https:\/\/radioclanfm.com\/clantv\/wp-content\/uploads\/sites\/3\/2026\/03\/FPdeFxu8_400x400.jpg","contentUrl":"https:\/\/radioclanfm.com\/clantv\/wp-content\/uploads\/sites\/3\/2026\/03\/FPdeFxu8_400x400.jpg","width":400,"height":400,"caption":"CLANTV"},"image":{"@id":"https:\/\/radioclanfm.com\/clantv\/#\/schema\/logo\/image\/"},"sameAs":["https:\/\/www.facebook.com\/clantvok","https:\/\/x.com\/clantvok","https:\/\/www.instagram.com\/clantvok\/"]},{"@type":"Person","@id":"https:\/\/radioclanfm.com\/clantv\/#\/schema\/person\/9734813083303230f3ad84d99171b20c","name":"E-GRUPOCLAN","image":{"@type":"ImageObject","inLanguage":"es-AR","@id":"https:\/\/secure.gravatar.com\/avatar\/af6e19837c3d6a212034a48c7b3818d2ac1826f6025df0155da5a186ad321d79?s=96&d=mm&r=g","url":"https:\/\/secure.gravatar.com\/avatar\/af6e19837c3d6a212034a48c7b3818d2ac1826f6025df0155da5a186ad321d79?s=96&d=mm&r=g","contentUrl":"https:\/\/secure.gravatar.com\/avatar\/af6e19837c3d6a212034a48c7b3818d2ac1826f6025df0155da5a186ad321d79?s=96&d=mm&r=g","caption":"E-GRUPOCLAN"},"sameAs":["https:\/\/radioclanfm.com"],"url":"https:\/\/radioclanfm.com\/clantv\/author\/admin\/"}]}},"_links":{"self":[{"href":"https:\/\/radioclanfm.com\/clantv\/wp-json\/wp\/v2\/posts\/5522","targetHints":{"allow":["GET"]}}],"collection":[{"href":"https:\/\/radioclanfm.com\/clantv\/wp-json\/wp\/v2\/posts"}],"about":[{"href":"https:\/\/radioclanfm.com\/clantv\/wp-json\/wp\/v2\/types\/post"}],"author":[{"embeddable":true,"href":"https:\/\/radioclanfm.com\/clantv\/wp-json\/wp\/v2\/users\/1"}],"replies":[{"embeddable":true,"href":"https:\/\/radioclanfm.com\/clantv\/wp-json\/wp\/v2\/comments?post=5522"}],"version-history":[{"count":1,"href":"https:\/\/radioclanfm.com\/clantv\/wp-json\/wp\/v2\/posts\/5522\/revisions"}],"predecessor-version":[{"id":5524,"href":"https:\/\/radioclanfm.com\/clantv\/wp-json\/wp\/v2\/posts\/5522\/revisions\/5524"}],"wp:featuredmedia":[{"embeddable":true,"href":"https:\/\/radioclanfm.com\/clantv\/wp-json\/wp\/v2\/media\/5523"}],"wp:attachment":[{"href":"https:\/\/radioclanfm.com\/clantv\/wp-json\/wp\/v2\/media?parent=5522"}],"wp:term":[{"taxonomy":"category","embeddable":true,"href":"https:\/\/radioclanfm.com\/clantv\/wp-json\/wp\/v2\/categories?post=5522"},{"taxonomy":"post_tag","embeddable":true,"href":"https:\/\/radioclanfm.com\/clantv\/wp-json\/wp\/v2\/tags?post=5522"}],"curies":[{"name":"wp","href":"https:\/\/api.w.org\/{rel}","templated":true}]}}