{"id":9882,"date":"2025-12-12T09:58:10","date_gmt":"2025-12-12T12:58:10","guid":{"rendered":"https:\/\/radioclanfm.com\/clanespectaculos\/?p=9882"},"modified":"2025-12-12T09:58:10","modified_gmt":"2025-12-12T12:58:10","slug":"nequi-galotti-subio-una-foto-desde-el-hospital-y-compartio-una-reflexion-estoy-aca-fuerte","status":"publish","type":"post","link":"https:\/\/radioclanfm.com\/clanespectaculos\/nequi-galotti-subio-una-foto-desde-el-hospital-y-compartio-una-reflexion-estoy-aca-fuerte\/","title":{"rendered":"Nequi Galotti subi\u00f3 una foto desde el hospital y comparti\u00f3 una reflexi\u00f3n: &#8220;Estoy ac\u00e1, fuerte&#8221;"},"content":{"rendered":"<p>La modelo se someti\u00f3 a una cirug\u00eda y dio detalles acerca de c\u00f3mo se encuentra.<\/p>\n<div class=\"col-content\"><main class=\"col-content\"><\/p>\n<div class=\"default-article-color article__body article__article\">\n<p class=\"paragraph font__body-regular\" data-mrf-recirculation=\"Le\u00e9 tambi\u00e9n\"><b>Nequi Galotti<\/b><b>\u00a0<\/b>sorprendi\u00f3 en sus redes sociales al contar que a los 65 a\u00f1os\u00a0<b>se someti\u00f3 a una cirug\u00eda para retirar sus pr\u00f3tesis mamarias.\u00a0<\/b>En ese contexto, comparti\u00f3 con sus seguidores una significativa reflexi\u00f3n acerca del tema.<\/p>\n<div id=\"ad-slot-infeed\" class=\"infeed-container ad-slot-infeed ad-slot\" data-adtype=\"infeed\" data-lazyload=\"1\" data-google-query-id=\"CI28lvOMuJEDFZw5uQYdjvw4Pw\">\n<div id=\"google_ads_iframe_\/113951150\/tn-arc\/nota\/infeed_0__container__\"><\/div>\n<\/div>\n<p class=\"paragraph font__body-regular\">Desde la camilla del Instituto Argentino de Diagn\u00f3stico y Tratamiento, la modelo public\u00f3 una foto en Instagram, mostrando que se encontraba bien, y escribi\u00f3:\u00a0<b>\u201c\u00a1Hoy solo quiero compartir algo simple y profundo: sali\u00f3 todo bien! Estoy muy bien, feliz y en paz\u201d.<\/b><\/p>\n<p class=\"paragraph font__body-regular\">\u201cDespu\u00e9s de muchos a\u00f1os, decid\u00ed sacar mis pr\u00f3tesis mamarias.\u00a0<b>Una elecci\u00f3n que tiene que ver con volver a lo natural, con abrazar mi autenticidad<\/b>\u00a0y con sentirme liviana, en el cuerpo y en el alma\u201d, profundiz\u00f3 Nequi.<\/p>\n<figure class=\"\" data-testid=\"figure-testid\">\n<div class=\"aspect_ratio__container\"><picture class=\"responsive-image\"><source srcset=\"https:\/\/tn.com.ar\/resizer\/v2\/nequi-galotti-se-mostro-luego-de-su-cirugia-foto-instagramnequigalotti-H4KQGBDGDBGQNBE25M5PD4VFRI.PNG?auth=915adaf7d34a916e1e066f09ff8570a51537ca75cf55006a275fef8571d67b94&amp;width=767\" type=\"image\/jpg\" media=\"(max-width: 728px)\" \/><source srcset=\"https:\/\/tn.com.ar\/resizer\/v2\/nequi-galotti-se-mostro-luego-de-su-cirugia-foto-instagramnequigalotti-H4KQGBDGDBGQNBE25M5PD4VFRI.PNG?auth=915adaf7d34a916e1e066f09ff8570a51537ca75cf55006a275fef8571d67b94&amp;width=1023\" type=\"image\/jpg\" media=\"(max-width: 1023px)\" \/><source srcset=\"https:\/\/tn.com.ar\/resizer\/v2\/nequi-galotti-se-mostro-luego-de-su-cirugia-foto-instagramnequigalotti-H4KQGBDGDBGQNBE25M5PD4VFRI.PNG?auth=915adaf7d34a916e1e066f09ff8570a51537ca75cf55006a275fef8571d67b94&amp;width=1440\" type=\"image\/jpg\" \/><img loading=\"lazy\" decoding=\"async\" class=\"image content-image image_placeholder\" src=\"https:\/\/tn.com.ar\/resizer\/v2\/nequi-galotti-se-mostro-luego-de-su-cirugia-foto-instagramnequigalotti-H4KQGBDGDBGQNBE25M5PD4VFRI.PNG?auth=915adaf7d34a916e1e066f09ff8570a51537ca75cf55006a275fef8571d67b94&amp;width=767\" alt=\"Nequi Galotti se mostr\u00f3 luego de su cirug\u00eda. (Foto: Instagram\/nequigalotti)\" width=\"767\" height=\"488\" data-testid=\"loading-testid\" \/><\/picture><\/div><figcaption class=\"caption_image\" data-testid=\"figcaption-testid\">\n<div class=\"image_caption \">Nequi Galotti se mostr\u00f3 luego de su cirug\u00eda. (Foto: Instagram\/nequigalotti)<\/div>\n<\/figcaption><\/figure>\n<p class=\"paragraph font__body-regular\">Por otro lado, agradeci\u00f3 al cuerpo m\u00e9dico, y tambi\u00e9n a sus seguidores por la contenci\u00f3n.\u00a0<b>\u201cGracias por tantos mensajes de amor. Estoy ac\u00e1, fuerte y luminosa\u201d<\/b>, expres\u00f3.<\/p>\n<p class=\"paragraph font__body-regular\">Para finalizar, siguiendo en la l\u00ednea reflexiva, Nequi invit\u00f3 a los usuarios a pensar sobre uno mismo. \u201c\u00bfUstedes c\u00f3mo se sienten con su propia naturalidad hoy?\u201d, plante\u00f3.<\/p>\n<h2 class=\"font--primary font__display\">Los famosos que le dieron su apoyo a Nequi Galotti luego de su cirug\u00eda<\/h2>\n<p class=\"paragraph font__body-regular\">El posteo de Nequi luego de su cirug\u00eda para quitarse los implantes mamarios\u00a0<b>lleg\u00f3 a muchos famosos, que no dudaron en dejarle un mensaje<\/b>\u00a0mostr\u00e1ndose contentos de que todo sali\u00f3 bien.<\/p>\n<p class=\"paragraph font__body-regular\"><b>\u201cBravo amiga preciosa, un abrazo grande\u201d,<\/b>\u00a0le escribi\u00f3 Graciela Borges. Por otro lado, algo desconcertada por la noticia, Georgina Barbarossa le expres\u00f3:\u00a0<b>\u201c\u00bfQu\u00e9 te pas\u00f3? No s\u00e9, pero se te ve espl\u00e9ndida gracias a Dios&#8221;<\/b>.<\/p>\n<figure class=\"\" data-testid=\"figure-testid\">\n<div class=\"aspect_ratio__container\"><picture class=\"responsive-image\"><source srcset=\"https:\/\/tn.com.ar\/resizer\/v2\/los-famosos-apoyaron-a-nequi-al-contar-su-importante-decision-foto-instagramnequigalotti-AJWFLT22AJC4DMTWIDFBUESIWQ.PNG?auth=4517ec1d6daeea9c1075f25b01870c737efeb2365e16080772833ddc00c3578a&amp;width=767\" type=\"image\/jpg\" media=\"(max-width: 728px)\" \/><source srcset=\"https:\/\/tn.com.ar\/resizer\/v2\/los-famosos-apoyaron-a-nequi-al-contar-su-importante-decision-foto-instagramnequigalotti-AJWFLT22AJC4DMTWIDFBUESIWQ.PNG?auth=4517ec1d6daeea9c1075f25b01870c737efeb2365e16080772833ddc00c3578a&amp;width=1023\" type=\"image\/jpg\" media=\"(max-width: 1023px)\" \/><source srcset=\"https:\/\/tn.com.ar\/resizer\/v2\/los-famosos-apoyaron-a-nequi-al-contar-su-importante-decision-foto-instagramnequigalotti-AJWFLT22AJC4DMTWIDFBUESIWQ.PNG?auth=4517ec1d6daeea9c1075f25b01870c737efeb2365e16080772833ddc00c3578a&amp;width=1440\" type=\"image\/jpg\" \/><img loading=\"lazy\" decoding=\"async\" class=\"image content-image image_placeholder\" src=\"https:\/\/tn.com.ar\/resizer\/v2\/los-famosos-apoyaron-a-nequi-al-contar-su-importante-decision-foto-instagramnequigalotti-AJWFLT22AJC4DMTWIDFBUESIWQ.PNG?auth=4517ec1d6daeea9c1075f25b01870c737efeb2365e16080772833ddc00c3578a&amp;width=767\" alt=\"Los famosos apoyaron a Nequi al contar su importante decisi\u00f3n. (Foto: Instagram\/nequigalotti)\" width=\"767\" height=\"659\" data-testid=\"loading-testid\" \/><\/picture><\/div><figcaption class=\"caption_image\" data-testid=\"figcaption-testid\">\n<div class=\"image_caption \">Los famosos apoyaron a Nequi al contar su importante decisi\u00f3n. (Foto: Instagram\/nequigalotti)<\/div>\n<\/figcaption><\/figure>\n<p class=\"paragraph font__body-regular\">El periodista, \u00c1ngel de Brito, fue de los primeros en comentar y manifest\u00f3:\u00a0<b>\u201cTe quiero Nequita\u201d<\/b>. \u201cNequita se te ve tranquila y linda!<b>\u00a0\u00a1Me alegro que todo haya salido bien, tu deseo cumplido y eso es muy importante!\u00a0<\/b>\u00a1Te mando un abrazo fuerte! Cu\u00eddate, love you\u201d, coment\u00f3 Adriana Constantini.<\/p>\n<p class=\"paragraph font__body-regular\">Al estilo de la periodista Majo Martino, tambi\u00e9n hubo otras figuras que se sumaron a comentar emojis de corazones para transmitir su cari\u00f1o a la modelo.<\/p>\n<\/div>\n<p><\/main><\/div>\n<aside class=\"col-right-rail right-rail\">\n<div id=\"parent-ad-slot-caja\" class=\"ad-container caja_ad \">\n<div class=\"ad-content\"><\/div>\n<\/div>\n<\/aside>\n","protected":false},"excerpt":{"rendered":"<p>La modelo se someti\u00f3 a una cirug\u00eda y dio detalles acerca de c\u00f3mo se encuentra. Nequi Galotti\u00a0sorprendi\u00f3 en sus redes sociales al contar que a los 65 a\u00f1os\u00a0se someti\u00f3 a una cirug\u00eda para retirar sus pr\u00f3tesis mamarias.\u00a0En ese contexto, comparti\u00f3 con sus seguidores una significativa reflexi\u00f3n acerca del tema. Desde la camilla del Instituto Argentino [&hellip;]<\/p>\n","protected":false},"author":1,"featured_media":9885,"comment_status":"open","ping_status":"open","sticky":false,"template":"","format":"standard","meta":{"rop_custom_images_group":[],"rop_custom_messages_group":[],"rop_publish_now":"initial","rop_publish_now_accounts":[],"rop_publish_now_history":[],"rop_publish_now_status":"pending","footnotes":"","jetpack_publicize_message":"","jetpack_publicize_feature_enabled":true,"jetpack_social_post_already_shared":true,"jetpack_social_options":{"image_generator_settings":{"template":"highway","enabled":false},"version":2}},"categories":[12],"tags":[],"class_list":{"0":"post-9882","1":"post","2":"type-post","3":"status-publish","4":"format-standard","5":"has-post-thumbnail","7":"category-espectaculos"},"jetpack_publicize_connections":[],"yoast_head":"<!-- This site is optimized with the Yoast SEO plugin v27.3 - https:\/\/yoast.com\/product\/yoast-seo-wordpress\/ -->\n<title>Nequi Galotti subi\u00f3 una foto desde el hospital y comparti\u00f3 una reflexi\u00f3n: &quot;Estoy ac\u00e1, fuerte&quot; - CLAN ESPECTACULOS<\/title>\n<meta name=\"robots\" content=\"index, follow, max-snippet:-1, max-image-preview:large, max-video-preview:-1\" \/>\n<link rel=\"canonical\" href=\"https:\/\/radioclanfm.com\/clanespectaculos\/nequi-galotti-subio-una-foto-desde-el-hospital-y-compartio-una-reflexion-estoy-aca-fuerte\/\" \/>\n<meta property=\"og:locale\" content=\"es_ES\" \/>\n<meta property=\"og:type\" content=\"article\" \/>\n<meta property=\"og:title\" content=\"Nequi Galotti subi\u00f3 una foto desde el hospital y comparti\u00f3 una reflexi\u00f3n: &quot;Estoy ac\u00e1, fuerte&quot; - CLAN ESPECTACULOS\" \/>\n<meta property=\"og:description\" content=\"La modelo se someti\u00f3 a una cirug\u00eda y dio detalles acerca de c\u00f3mo se encuentra. Nequi Galotti\u00a0sorprendi\u00f3 en sus redes sociales al contar que a los 65 a\u00f1os\u00a0se someti\u00f3 a una cirug\u00eda para retirar sus pr\u00f3tesis mamarias.\u00a0En ese contexto, comparti\u00f3 con sus seguidores una significativa reflexi\u00f3n acerca del tema. Desde la camilla del Instituto Argentino [&hellip;]\" \/>\n<meta property=\"og:url\" content=\"https:\/\/radioclanfm.com\/clanespectaculos\/nequi-galotti-subio-una-foto-desde-el-hospital-y-compartio-una-reflexion-estoy-aca-fuerte\/\" \/>\n<meta property=\"og:site_name\" content=\"CLAN ESPECTACULOS\" \/>\n<meta property=\"article:publisher\" content=\"https:\/\/www.facebook.com\/clanespectaculos\/\" \/>\n<meta property=\"article:published_time\" content=\"2025-12-12T12:58:10+00:00\" \/>\n<meta property=\"og:image\" content=\"https:\/\/radioclanfm.com\/clanespectaculos\/wp-content\/uploads\/sites\/2\/2025\/12\/ChaZ7U1n.jpg\" \/>\n\t<meta property=\"og:image:width\" content=\"900\" \/>\n\t<meta property=\"og:image:height\" content=\"505\" \/>\n\t<meta property=\"og:image:type\" content=\"image\/jpeg\" \/>\n<meta name=\"author\" content=\"E-GRUPOCLAN\" \/>\n<meta name=\"twitter:card\" content=\"summary_large_image\" \/>\n<meta name=\"twitter:creator\" content=\"@clanespectok\" \/>\n<meta name=\"twitter:site\" content=\"@clanespectok\" \/>\n<meta name=\"twitter:label1\" content=\"Escrito por\" \/>\n\t<meta name=\"twitter:data1\" content=\"E-GRUPOCLAN\" \/>\n\t<meta name=\"twitter:label2\" content=\"Tiempo de lectura\" \/>\n\t<meta name=\"twitter:data2\" content=\"2 minutos\" \/>\n<script type=\"application\/ld+json\" class=\"yoast-schema-graph\">{\"@context\":\"https:\\\/\\\/schema.org\",\"@graph\":[{\"@type\":\"Article\",\"@id\":\"https:\\\/\\\/radioclanfm.com\\\/clanespectaculos\\\/nequi-galotti-subio-una-foto-desde-el-hospital-y-compartio-una-reflexion-estoy-aca-fuerte\\\/#article\",\"isPartOf\":{\"@id\":\"https:\\\/\\\/radioclanfm.com\\\/clanespectaculos\\\/nequi-galotti-subio-una-foto-desde-el-hospital-y-compartio-una-reflexion-estoy-aca-fuerte\\\/\"},\"author\":{\"name\":\"E-GRUPOCLAN\",\"@id\":\"https:\\\/\\\/radioclanfm.com\\\/clanespectaculos\\\/#\\\/schema\\\/person\\\/9734813083303230f3ad84d99171b20c\"},\"headline\":\"Nequi Galotti subi\u00f3 una foto desde el hospital y comparti\u00f3 una reflexi\u00f3n: &#8220;Estoy ac\u00e1, fuerte&#8221;\",\"datePublished\":\"2025-12-12T12:58:10+00:00\",\"mainEntityOfPage\":{\"@id\":\"https:\\\/\\\/radioclanfm.com\\\/clanespectaculos\\\/nequi-galotti-subio-una-foto-desde-el-hospital-y-compartio-una-reflexion-estoy-aca-fuerte\\\/\"},\"wordCount\":404,\"commentCount\":0,\"publisher\":{\"@id\":\"https:\\\/\\\/radioclanfm.com\\\/clanespectaculos\\\/#organization\"},\"image\":{\"@id\":\"https:\\\/\\\/radioclanfm.com\\\/clanespectaculos\\\/nequi-galotti-subio-una-foto-desde-el-hospital-y-compartio-una-reflexion-estoy-aca-fuerte\\\/#primaryimage\"},\"thumbnailUrl\":\"https:\\\/\\\/radioclanfm.com\\\/clanespectaculos\\\/wp-content\\\/uploads\\\/sites\\\/2\\\/2025\\\/12\\\/ChaZ7U1n.jpg\",\"articleSection\":[\"Espectaculos\"],\"inLanguage\":\"es-AR\",\"potentialAction\":[{\"@type\":\"CommentAction\",\"name\":\"Comment\",\"target\":[\"https:\\\/\\\/radioclanfm.com\\\/clanespectaculos\\\/nequi-galotti-subio-una-foto-desde-el-hospital-y-compartio-una-reflexion-estoy-aca-fuerte\\\/#respond\"]}]},{\"@type\":\"WebPage\",\"@id\":\"https:\\\/\\\/radioclanfm.com\\\/clanespectaculos\\\/nequi-galotti-subio-una-foto-desde-el-hospital-y-compartio-una-reflexion-estoy-aca-fuerte\\\/\",\"url\":\"https:\\\/\\\/radioclanfm.com\\\/clanespectaculos\\\/nequi-galotti-subio-una-foto-desde-el-hospital-y-compartio-una-reflexion-estoy-aca-fuerte\\\/\",\"name\":\"Nequi Galotti subi\u00f3 una foto desde el hospital y comparti\u00f3 una reflexi\u00f3n: \\\"Estoy ac\u00e1, fuerte\\\" - CLAN ESPECTACULOS\",\"isPartOf\":{\"@id\":\"https:\\\/\\\/radioclanfm.com\\\/clanespectaculos\\\/#website\"},\"primaryImageOfPage\":{\"@id\":\"https:\\\/\\\/radioclanfm.com\\\/clanespectaculos\\\/nequi-galotti-subio-una-foto-desde-el-hospital-y-compartio-una-reflexion-estoy-aca-fuerte\\\/#primaryimage\"},\"image\":{\"@id\":\"https:\\\/\\\/radioclanfm.com\\\/clanespectaculos\\\/nequi-galotti-subio-una-foto-desde-el-hospital-y-compartio-una-reflexion-estoy-aca-fuerte\\\/#primaryimage\"},\"thumbnailUrl\":\"https:\\\/\\\/radioclanfm.com\\\/clanespectaculos\\\/wp-content\\\/uploads\\\/sites\\\/2\\\/2025\\\/12\\\/ChaZ7U1n.jpg\",\"datePublished\":\"2025-12-12T12:58:10+00:00\",\"breadcrumb\":{\"@id\":\"https:\\\/\\\/radioclanfm.com\\\/clanespectaculos\\\/nequi-galotti-subio-una-foto-desde-el-hospital-y-compartio-una-reflexion-estoy-aca-fuerte\\\/#breadcrumb\"},\"inLanguage\":\"es-AR\",\"potentialAction\":[{\"@type\":\"ReadAction\",\"target\":[\"https:\\\/\\\/radioclanfm.com\\\/clanespectaculos\\\/nequi-galotti-subio-una-foto-desde-el-hospital-y-compartio-una-reflexion-estoy-aca-fuerte\\\/\"]}]},{\"@type\":\"ImageObject\",\"inLanguage\":\"es-AR\",\"@id\":\"https:\\\/\\\/radioclanfm.com\\\/clanespectaculos\\\/nequi-galotti-subio-una-foto-desde-el-hospital-y-compartio-una-reflexion-estoy-aca-fuerte\\\/#primaryimage\",\"url\":\"https:\\\/\\\/radioclanfm.com\\\/clanespectaculos\\\/wp-content\\\/uploads\\\/sites\\\/2\\\/2025\\\/12\\\/ChaZ7U1n.jpg\",\"contentUrl\":\"https:\\\/\\\/radioclanfm.com\\\/clanespectaculos\\\/wp-content\\\/uploads\\\/sites\\\/2\\\/2025\\\/12\\\/ChaZ7U1n.jpg\",\"width\":900,\"height\":505},{\"@type\":\"BreadcrumbList\",\"@id\":\"https:\\\/\\\/radioclanfm.com\\\/clanespectaculos\\\/nequi-galotti-subio-una-foto-desde-el-hospital-y-compartio-una-reflexion-estoy-aca-fuerte\\\/#breadcrumb\",\"itemListElement\":[{\"@type\":\"ListItem\",\"position\":1,\"name\":\"Inicio\",\"item\":\"https:\\\/\\\/radioclanfm.com\\\/clanespectaculos\\\/\"},{\"@type\":\"ListItem\",\"position\":2,\"name\":\"Nequi Galotti subi\u00f3 una foto desde el hospital y comparti\u00f3 una reflexi\u00f3n: &#8220;Estoy ac\u00e1, fuerte&#8221;\"}]},{\"@type\":\"WebSite\",\"@id\":\"https:\\\/\\\/radioclanfm.com\\\/clanespectaculos\\\/#website\",\"url\":\"https:\\\/\\\/radioclanfm.com\\\/clanespectaculos\\\/\",\"name\":\"CLAN ESPECTACULOS\",\"description\":\"\",\"publisher\":{\"@id\":\"https:\\\/\\\/radioclanfm.com\\\/clanespectaculos\\\/#organization\"},\"potentialAction\":[{\"@type\":\"SearchAction\",\"target\":{\"@type\":\"EntryPoint\",\"urlTemplate\":\"https:\\\/\\\/radioclanfm.com\\\/clanespectaculos\\\/?s={search_term_string}\"},\"query-input\":{\"@type\":\"PropertyValueSpecification\",\"valueRequired\":true,\"valueName\":\"search_term_string\"}}],\"inLanguage\":\"es-AR\"},{\"@type\":\"Organization\",\"@id\":\"https:\\\/\\\/radioclanfm.com\\\/clanespectaculos\\\/#organization\",\"name\":\"CLAN ESPECTACULOS\",\"url\":\"https:\\\/\\\/radioclanfm.com\\\/clanespectaculos\\\/\",\"logo\":{\"@type\":\"ImageObject\",\"inLanguage\":\"es-AR\",\"@id\":\"https:\\\/\\\/radioclanfm.com\\\/clanespectaculos\\\/#\\\/schema\\\/logo\\\/image\\\/\",\"url\":\"https:\\\/\\\/radioclanfm.com\\\/clanespectaculos\\\/wp-content\\\/uploads\\\/sites\\\/2\\\/2026\\\/04\\\/ChatGPT-Image-23-mar-2026-10_09_00.png\",\"contentUrl\":\"https:\\\/\\\/radioclanfm.com\\\/clanespectaculos\\\/wp-content\\\/uploads\\\/sites\\\/2\\\/2026\\\/04\\\/ChatGPT-Image-23-mar-2026-10_09_00.png\",\"width\":1024,\"height\":1024,\"caption\":\"CLAN ESPECTACULOS\"},\"image\":{\"@id\":\"https:\\\/\\\/radioclanfm.com\\\/clanespectaculos\\\/#\\\/schema\\\/logo\\\/image\\\/\"},\"sameAs\":[\"https:\\\/\\\/www.facebook.com\\\/clanespectaculos\\\/\",\"https:\\\/\\\/x.com\\\/clanespectok\"]},{\"@type\":\"Person\",\"@id\":\"https:\\\/\\\/radioclanfm.com\\\/clanespectaculos\\\/#\\\/schema\\\/person\\\/9734813083303230f3ad84d99171b20c\",\"name\":\"E-GRUPOCLAN\",\"image\":{\"@type\":\"ImageObject\",\"inLanguage\":\"es-AR\",\"@id\":\"https:\\\/\\\/secure.gravatar.com\\\/avatar\\\/af6e19837c3d6a212034a48c7b3818d2ac1826f6025df0155da5a186ad321d79?s=96&d=mm&r=g\",\"url\":\"https:\\\/\\\/secure.gravatar.com\\\/avatar\\\/af6e19837c3d6a212034a48c7b3818d2ac1826f6025df0155da5a186ad321d79?s=96&d=mm&r=g\",\"contentUrl\":\"https:\\\/\\\/secure.gravatar.com\\\/avatar\\\/af6e19837c3d6a212034a48c7b3818d2ac1826f6025df0155da5a186ad321d79?s=96&d=mm&r=g\",\"caption\":\"E-GRUPOCLAN\"},\"sameAs\":[\"https:\\\/\\\/radioclanfm.com\"],\"url\":\"https:\\\/\\\/radioclanfm.com\\\/clanespectaculos\\\/author\\\/admin\\\/\"}]}<\/script>\n<!-- \/ Yoast SEO plugin. -->","yoast_head_json":{"title":"Nequi Galotti subi\u00f3 una foto desde el hospital y comparti\u00f3 una reflexi\u00f3n: \"Estoy ac\u00e1, fuerte\" - CLAN ESPECTACULOS","robots":{"index":"index","follow":"follow","max-snippet":"max-snippet:-1","max-image-preview":"max-image-preview:large","max-video-preview":"max-video-preview:-1"},"canonical":"https:\/\/radioclanfm.com\/clanespectaculos\/nequi-galotti-subio-una-foto-desde-el-hospital-y-compartio-una-reflexion-estoy-aca-fuerte\/","og_locale":"es_ES","og_type":"article","og_title":"Nequi Galotti subi\u00f3 una foto desde el hospital y comparti\u00f3 una reflexi\u00f3n: \"Estoy ac\u00e1, fuerte\" - CLAN ESPECTACULOS","og_description":"La modelo se someti\u00f3 a una cirug\u00eda y dio detalles acerca de c\u00f3mo se encuentra. Nequi Galotti\u00a0sorprendi\u00f3 en sus redes sociales al contar que a los 65 a\u00f1os\u00a0se someti\u00f3 a una cirug\u00eda para retirar sus pr\u00f3tesis mamarias.\u00a0En ese contexto, comparti\u00f3 con sus seguidores una significativa reflexi\u00f3n acerca del tema. Desde la camilla del Instituto Argentino [&hellip;]","og_url":"https:\/\/radioclanfm.com\/clanespectaculos\/nequi-galotti-subio-una-foto-desde-el-hospital-y-compartio-una-reflexion-estoy-aca-fuerte\/","og_site_name":"CLAN ESPECTACULOS","article_publisher":"https:\/\/www.facebook.com\/clanespectaculos\/","article_published_time":"2025-12-12T12:58:10+00:00","og_image":[{"width":900,"height":505,"url":"https:\/\/radioclanfm.com\/clanespectaculos\/wp-content\/uploads\/sites\/2\/2025\/12\/ChaZ7U1n.jpg","type":"image\/jpeg"}],"author":"E-GRUPOCLAN","twitter_card":"summary_large_image","twitter_creator":"@clanespectok","twitter_site":"@clanespectok","twitter_misc":{"Escrito por":"E-GRUPOCLAN","Tiempo de lectura":"2 minutos"},"schema":{"@context":"https:\/\/schema.org","@graph":[{"@type":"Article","@id":"https:\/\/radioclanfm.com\/clanespectaculos\/nequi-galotti-subio-una-foto-desde-el-hospital-y-compartio-una-reflexion-estoy-aca-fuerte\/#article","isPartOf":{"@id":"https:\/\/radioclanfm.com\/clanespectaculos\/nequi-galotti-subio-una-foto-desde-el-hospital-y-compartio-una-reflexion-estoy-aca-fuerte\/"},"author":{"name":"E-GRUPOCLAN","@id":"https:\/\/radioclanfm.com\/clanespectaculos\/#\/schema\/person\/9734813083303230f3ad84d99171b20c"},"headline":"Nequi Galotti subi\u00f3 una foto desde el hospital y comparti\u00f3 una reflexi\u00f3n: &#8220;Estoy ac\u00e1, fuerte&#8221;","datePublished":"2025-12-12T12:58:10+00:00","mainEntityOfPage":{"@id":"https:\/\/radioclanfm.com\/clanespectaculos\/nequi-galotti-subio-una-foto-desde-el-hospital-y-compartio-una-reflexion-estoy-aca-fuerte\/"},"wordCount":404,"commentCount":0,"publisher":{"@id":"https:\/\/radioclanfm.com\/clanespectaculos\/#organization"},"image":{"@id":"https:\/\/radioclanfm.com\/clanespectaculos\/nequi-galotti-subio-una-foto-desde-el-hospital-y-compartio-una-reflexion-estoy-aca-fuerte\/#primaryimage"},"thumbnailUrl":"https:\/\/radioclanfm.com\/clanespectaculos\/wp-content\/uploads\/sites\/2\/2025\/12\/ChaZ7U1n.jpg","articleSection":["Espectaculos"],"inLanguage":"es-AR","potentialAction":[{"@type":"CommentAction","name":"Comment","target":["https:\/\/radioclanfm.com\/clanespectaculos\/nequi-galotti-subio-una-foto-desde-el-hospital-y-compartio-una-reflexion-estoy-aca-fuerte\/#respond"]}]},{"@type":"WebPage","@id":"https:\/\/radioclanfm.com\/clanespectaculos\/nequi-galotti-subio-una-foto-desde-el-hospital-y-compartio-una-reflexion-estoy-aca-fuerte\/","url":"https:\/\/radioclanfm.com\/clanespectaculos\/nequi-galotti-subio-una-foto-desde-el-hospital-y-compartio-una-reflexion-estoy-aca-fuerte\/","name":"Nequi Galotti subi\u00f3 una foto desde el hospital y comparti\u00f3 una reflexi\u00f3n: \"Estoy ac\u00e1, fuerte\" - CLAN ESPECTACULOS","isPartOf":{"@id":"https:\/\/radioclanfm.com\/clanespectaculos\/#website"},"primaryImageOfPage":{"@id":"https:\/\/radioclanfm.com\/clanespectaculos\/nequi-galotti-subio-una-foto-desde-el-hospital-y-compartio-una-reflexion-estoy-aca-fuerte\/#primaryimage"},"image":{"@id":"https:\/\/radioclanfm.com\/clanespectaculos\/nequi-galotti-subio-una-foto-desde-el-hospital-y-compartio-una-reflexion-estoy-aca-fuerte\/#primaryimage"},"thumbnailUrl":"https:\/\/radioclanfm.com\/clanespectaculos\/wp-content\/uploads\/sites\/2\/2025\/12\/ChaZ7U1n.jpg","datePublished":"2025-12-12T12:58:10+00:00","breadcrumb":{"@id":"https:\/\/radioclanfm.com\/clanespectaculos\/nequi-galotti-subio-una-foto-desde-el-hospital-y-compartio-una-reflexion-estoy-aca-fuerte\/#breadcrumb"},"inLanguage":"es-AR","potentialAction":[{"@type":"ReadAction","target":["https:\/\/radioclanfm.com\/clanespectaculos\/nequi-galotti-subio-una-foto-desde-el-hospital-y-compartio-una-reflexion-estoy-aca-fuerte\/"]}]},{"@type":"ImageObject","inLanguage":"es-AR","@id":"https:\/\/radioclanfm.com\/clanespectaculos\/nequi-galotti-subio-una-foto-desde-el-hospital-y-compartio-una-reflexion-estoy-aca-fuerte\/#primaryimage","url":"https:\/\/radioclanfm.com\/clanespectaculos\/wp-content\/uploads\/sites\/2\/2025\/12\/ChaZ7U1n.jpg","contentUrl":"https:\/\/radioclanfm.com\/clanespectaculos\/wp-content\/uploads\/sites\/2\/2025\/12\/ChaZ7U1n.jpg","width":900,"height":505},{"@type":"BreadcrumbList","@id":"https:\/\/radioclanfm.com\/clanespectaculos\/nequi-galotti-subio-una-foto-desde-el-hospital-y-compartio-una-reflexion-estoy-aca-fuerte\/#breadcrumb","itemListElement":[{"@type":"ListItem","position":1,"name":"Inicio","item":"https:\/\/radioclanfm.com\/clanespectaculos\/"},{"@type":"ListItem","position":2,"name":"Nequi Galotti subi\u00f3 una foto desde el hospital y comparti\u00f3 una reflexi\u00f3n: &#8220;Estoy ac\u00e1, fuerte&#8221;"}]},{"@type":"WebSite","@id":"https:\/\/radioclanfm.com\/clanespectaculos\/#website","url":"https:\/\/radioclanfm.com\/clanespectaculos\/","name":"CLAN ESPECTACULOS","description":"","publisher":{"@id":"https:\/\/radioclanfm.com\/clanespectaculos\/#organization"},"potentialAction":[{"@type":"SearchAction","target":{"@type":"EntryPoint","urlTemplate":"https:\/\/radioclanfm.com\/clanespectaculos\/?s={search_term_string}"},"query-input":{"@type":"PropertyValueSpecification","valueRequired":true,"valueName":"search_term_string"}}],"inLanguage":"es-AR"},{"@type":"Organization","@id":"https:\/\/radioclanfm.com\/clanespectaculos\/#organization","name":"CLAN ESPECTACULOS","url":"https:\/\/radioclanfm.com\/clanespectaculos\/","logo":{"@type":"ImageObject","inLanguage":"es-AR","@id":"https:\/\/radioclanfm.com\/clanespectaculos\/#\/schema\/logo\/image\/","url":"https:\/\/radioclanfm.com\/clanespectaculos\/wp-content\/uploads\/sites\/2\/2026\/04\/ChatGPT-Image-23-mar-2026-10_09_00.png","contentUrl":"https:\/\/radioclanfm.com\/clanespectaculos\/wp-content\/uploads\/sites\/2\/2026\/04\/ChatGPT-Image-23-mar-2026-10_09_00.png","width":1024,"height":1024,"caption":"CLAN ESPECTACULOS"},"image":{"@id":"https:\/\/radioclanfm.com\/clanespectaculos\/#\/schema\/logo\/image\/"},"sameAs":["https:\/\/www.facebook.com\/clanespectaculos\/","https:\/\/x.com\/clanespectok"]},{"@type":"Person","@id":"https:\/\/radioclanfm.com\/clanespectaculos\/#\/schema\/person\/9734813083303230f3ad84d99171b20c","name":"E-GRUPOCLAN","image":{"@type":"ImageObject","inLanguage":"es-AR","@id":"https:\/\/secure.gravatar.com\/avatar\/af6e19837c3d6a212034a48c7b3818d2ac1826f6025df0155da5a186ad321d79?s=96&d=mm&r=g","url":"https:\/\/secure.gravatar.com\/avatar\/af6e19837c3d6a212034a48c7b3818d2ac1826f6025df0155da5a186ad321d79?s=96&d=mm&r=g","contentUrl":"https:\/\/secure.gravatar.com\/avatar\/af6e19837c3d6a212034a48c7b3818d2ac1826f6025df0155da5a186ad321d79?s=96&d=mm&r=g","caption":"E-GRUPOCLAN"},"sameAs":["https:\/\/radioclanfm.com"],"url":"https:\/\/radioclanfm.com\/clanespectaculos\/author\/admin\/"}]}},"_links":{"self":[{"href":"https:\/\/radioclanfm.com\/clanespectaculos\/wp-json\/wp\/v2\/posts\/9882","targetHints":{"allow":["GET"]}}],"collection":[{"href":"https:\/\/radioclanfm.com\/clanespectaculos\/wp-json\/wp\/v2\/posts"}],"about":[{"href":"https:\/\/radioclanfm.com\/clanespectaculos\/wp-json\/wp\/v2\/types\/post"}],"author":[{"embeddable":true,"href":"https:\/\/radioclanfm.com\/clanespectaculos\/wp-json\/wp\/v2\/users\/1"}],"replies":[{"embeddable":true,"href":"https:\/\/radioclanfm.com\/clanespectaculos\/wp-json\/wp\/v2\/comments?post=9882"}],"version-history":[{"count":1,"href":"https:\/\/radioclanfm.com\/clanespectaculos\/wp-json\/wp\/v2\/posts\/9882\/revisions"}],"predecessor-version":[{"id":9886,"href":"https:\/\/radioclanfm.com\/clanespectaculos\/wp-json\/wp\/v2\/posts\/9882\/revisions\/9886"}],"wp:featuredmedia":[{"embeddable":true,"href":"https:\/\/radioclanfm.com\/clanespectaculos\/wp-json\/wp\/v2\/media\/9885"}],"wp:attachment":[{"href":"https:\/\/radioclanfm.com\/clanespectaculos\/wp-json\/wp\/v2\/media?parent=9882"}],"wp:term":[{"taxonomy":"category","embeddable":true,"href":"https:\/\/radioclanfm.com\/clanespectaculos\/wp-json\/wp\/v2\/categories?post=9882"},{"taxonomy":"post_tag","embeddable":true,"href":"https:\/\/radioclanfm.com\/clanespectaculos\/wp-json\/wp\/v2\/tags?post=9882"}],"curies":[{"name":"wp","href":"https:\/\/api.w.org\/{rel}","templated":true}]}}