{"id":986,"date":"2025-05-27T20:52:07","date_gmt":"2025-05-27T23:52:07","guid":{"rendered":"https:\/\/radioclanfm.com\/clanespectaculos\/?p=986"},"modified":"2025-05-27T20:52:07","modified_gmt":"2025-05-27T23:52:07","slug":"la-reaccion-de-darin-despues-de-que-un-tuitero-lo-atacara-con-un-golpe-bajo-sobre-su-hermana-alejandra","status":"publish","type":"post","link":"https:\/\/radioclanfm.com\/clanespectaculos\/la-reaccion-de-darin-despues-de-que-un-tuitero-lo-atacara-con-un-golpe-bajo-sobre-su-hermana-alejandra\/","title":{"rendered":"La reacci\u00f3n de Dar\u00edn despu\u00e9s de que un tuitero lo atacara con un golpe bajo sobre su hermana Alejandra"},"content":{"rendered":"<p>El actor qued\u00f3 en el centro de la pol\u00e9mica tras opinar sobre el precio de la docena de empanadas y muchos usuarios lo atacaron.<\/p>\n<div class=\"col-content\"><main class=\"col-content\"><\/p>\n<div class=\"default-article-color article__body article__article\">\n<p class=\"paragraph font__body-regular\">Desde que se refiri\u00f3 en\u00a0<b>el precio de la docena de empanadas<\/b>\u00a0en el programa de Mirtha Legrand,\u00a0<b>Ricardo Dar\u00edn<\/b><b>\u00a0<\/b>qued\u00f3 en el centro de la pol\u00e9mica. En las redes sociales,\u00a0<b>algunos tuiteros lo atacaron<\/b>\u00a0y otros lo defendieron.<\/p>\n<div class=\"AV67f93cf033780503b00636a7\">\n<div id=\"aniBox\">\n<div id=\"aniplayer_AV67f93cf033780503b00636a7-1748389891157\">\n<div id=\"aniplayer_AV67f93cf033780503b00636a7-1748389891157gui\">\n<div id=\"av-caption\">\n<div id=\"av-close-btn-overlay\" class=\"av-pos-top-left\"><\/div>\n<\/div>\n<\/div>\n<\/div>\n<\/div>\n<\/div>\n<div id=\"ad-slot-infeed\" class=\"infeed-container ad-slot-infeed ad-slot\" data-adtype=\"infeed\" data-google-query-id=\"CMDB7PLrxI0DFY6DYQYdV64MHA\">\n<div id=\"google_ads_iframe_\/113951150\/tn-arc\/nota\/infeed_0__container__\"><\/div>\n<\/div>\n<p class=\"paragraph font__body-regular\">Curiosamente, el actor que suele ser de perfil bajo, contest\u00f3 en<i>\u00a0<\/i>X (Ex Twitter)<i>\u00a0<\/i>los embates sobre su persona y\u00a0<b>estall\u00f3 de furia contra un usuario que le hizo un comentario despectivo sobre su hermana Alejandra, quien muri\u00f3 el 15 de enero.<\/b><\/p>\n<p class=\"paragraph font__body-regular\">El internauta atac\u00f3 a la actriz, quien fue presidenta de la agrupaci\u00f3n que vela por los derechos de los actores y las actrices: &#8220;<b>Igual que la corrupta de la hermana<\/b>. Deber\u00eda callarse porque lo que hizo su hermana en la Asociaci\u00f3n Argentina De Actores fue una verg\u00fcenza\u201c.<\/p>\n<figure class=\"\" data-testid=\"figure-testid\">\n<div class=\"aspect_ratio__container\"><picture class=\"responsive-image\"><source srcset=\"https:\/\/tn.com.ar\/resizer\/v2\/ricardo-darin-defendio-a-su-hermana-despues-de-que-la-trataran-de-corrupta-foto-captura-xbombitadarin-53DVLXJWJFEETD6XZWK6MGJ37Y.PNG?auth=ffc270d70f001ac4f33cdf8fd9260b942a0e581b6b6fa83587721469cb4a9422&amp;width=767\" type=\"image\/jpg\" media=\"(max-width: 728px)\" \/><source srcset=\"https:\/\/tn.com.ar\/resizer\/v2\/ricardo-darin-defendio-a-su-hermana-despues-de-que-la-trataran-de-corrupta-foto-captura-xbombitadarin-53DVLXJWJFEETD6XZWK6MGJ37Y.PNG?auth=ffc270d70f001ac4f33cdf8fd9260b942a0e581b6b6fa83587721469cb4a9422&amp;width=1023\" type=\"image\/jpg\" media=\"(max-width: 1023px)\" \/><source srcset=\"https:\/\/tn.com.ar\/resizer\/v2\/ricardo-darin-defendio-a-su-hermana-despues-de-que-la-trataran-de-corrupta-foto-captura-xbombitadarin-53DVLXJWJFEETD6XZWK6MGJ37Y.PNG?auth=ffc270d70f001ac4f33cdf8fd9260b942a0e581b6b6fa83587721469cb4a9422&amp;width=1440\" type=\"image\/jpg\" \/><img loading=\"lazy\" decoding=\"async\" class=\"image content-image image_placeholder\" src=\"https:\/\/tn.com.ar\/resizer\/v2\/ricardo-darin-defendio-a-su-hermana-despues-de-que-la-trataran-de-corrupta-foto-captura-xbombitadarin-53DVLXJWJFEETD6XZWK6MGJ37Y.PNG?auth=ffc270d70f001ac4f33cdf8fd9260b942a0e581b6b6fa83587721469cb4a9422&amp;width=767\" alt=\"Ricardo Dar\u00edn defendi\u00f3 a su hermana despu\u00e9s de que la trataran de corrupta (Foto: captura X\/bombitadarin)\" width=\"767\" height=\"324\" data-testid=\"loading-testid\" \/><\/picture><\/div><figcaption class=\"caption_image\" data-testid=\"figcaption-testid\">\n<div class=\"image_caption \">Ricardo Dar\u00edn defendi\u00f3 a su hermana despu\u00e9s de que la trataran de corrupta (Foto: captura X\/bombitadarin)<\/div>\n<\/figcaption><\/figure>\n<p class=\"paragraph font__body-regular\">Muy indignado por el ataque, el protagonista de\u00a0<i>El Eternauta<\/i>\u00a0comenz\u00f3 respondiendo: &#8220;<b>Ten\u00e9s mucha suerte en que no responda semejante agresi\u00f3n<\/b>, obviamente amparado por el anonimato&#8221;.<\/p>\n<p class=\"paragraph font__body-regular\">Por \u00faltimo, retruc\u00f3: &#8220;<b>Lavate la boca antes de hablar de mi hermana&#8230;cobarde\u201d.<\/b><\/p>\n<h2 class=\"font--primary font__display\">Ricardo Dar\u00edn cruz\u00f3 sin filtro a un tuitero que lo cuestion\u00f3 por su postura pol\u00edtica: \u201cTen\u00e9s poca memoria\u201d<\/h2>\n<p class=\"paragraph font__body-regular\"><a title=\"https:\/\/tn.com.ar\/show\/famosos\/2025\/05\/24\/por-que-me-hiciste-esto-el-reclamo-de-mirtha-legrand-a-ricardo-darin-que-lo-dejo-en-shock\/\" href=\"https:\/\/tn.com.ar\/show\/famosos\/2025\/05\/24\/por-que-me-hiciste-esto-el-reclamo-de-mirtha-legrand-a-ricardo-darin-que-lo-dejo-en-shock\/\" rel=\"\"><b>Ricardo Dar\u00edn<\/b><\/a>\u00a0fue uno de los invitados a la mesaza de Mirtha Legrand. Uno de los temas de los que opin\u00f3 con contundencia fueron las declaraciones de Javier Milei y el ministro de Econom\u00eda, Luis Caputo, quienes anunciaron un plan para que\u00a0<b>\u201clos d\u00f3lares salgan del colch\u00f3n\u201d<\/b>.<\/p>\n<p class=\"paragraph font__body-regular\">\u201cAhora que est\u00e1n sacando los d\u00f3lares de los colchones&#8230;<b>\u00a0el tema son los colchones, muchos colchones est\u00e1n un poco apolillados<\/b>\u201d, opin\u00f3 con sarcasmo el artista, dando a entender que las pretensiones del Gobierno est\u00e1n desconectadas de la situaci\u00f3n que viven la mayor\u00eda de los argentinos.<\/p>\n<p class=\"paragraph font__body-regular\">Estas declaraciones del actor tuvieron mucha repercusi\u00f3n en X (ex Twitter), donde un usuario critic\u00f3 al artista por su opini\u00f3n y lo acus\u00f3 de haber sido indulgente durante los mandatos de N\u00e9stor y Cristina Kirchner.<\/p>\n<p class=\"paragraph font__body-regular\">\u201cNunca te le\u00ed y escuch\u00e9 tan picante en el gobierno kirchnerista. Ahora vemos descubrir todos los males, raro&#8230;\u201d, expuso @Vmb_Toos. Al leerlo, Dar\u00edn respondi\u00f3:\u00a0<b>\u201cTen\u00e9s mala memoria, pero no pasa nada. No sos la \u00fanica persona\u201d<\/b>.<\/p>\n<p class=\"paragraph font__body-regular\">\n<p class=\"paragraph font__body-regular\">\n<\/div>\n<p><\/main><\/div>\n<aside class=\"col-right-rail right-rail\">\n<div id=\"parent-ad-slot-caja\" class=\"ad-container caja_ad \">\n<div class=\"ad-content\">\n<div id=\"ad-slot-caja\" class=\"ad-slot-caja ad-slot\" data-adtype=\"caja\" data-google-query-id=\"CKfP5_HrxI0DFSWDYQYdFvcNtA\"><\/div>\n<\/div>\n<\/div>\n<\/aside>\n","protected":false},"excerpt":{"rendered":"<p>El actor qued\u00f3 en el centro de la pol\u00e9mica tras opinar sobre el precio de la docena de empanadas y muchos usuarios lo atacaron. Desde que se refiri\u00f3 en\u00a0el precio de la docena de empanadas\u00a0en el programa de Mirtha Legrand,\u00a0Ricardo Dar\u00edn\u00a0qued\u00f3 en el centro de la pol\u00e9mica. En las redes sociales,\u00a0algunos tuiteros lo atacaron\u00a0y otros [&hellip;]<\/p>\n","protected":false},"author":1,"featured_media":989,"comment_status":"open","ping_status":"open","sticky":false,"template":"","format":"standard","meta":{"rop_custom_images_group":[],"rop_custom_messages_group":[],"rop_publish_now":"initial","rop_publish_now_accounts":[],"rop_publish_now_history":[],"rop_publish_now_status":"pending","footnotes":"","jetpack_publicize_message":"","jetpack_publicize_feature_enabled":true,"jetpack_social_post_already_shared":true,"jetpack_social_options":{"image_generator_settings":{"template":"highway","enabled":false},"version":2}},"categories":[12],"tags":[],"class_list":{"0":"post-986","1":"post","2":"type-post","3":"status-publish","4":"format-standard","5":"has-post-thumbnail","7":"category-espectaculos"},"jetpack_publicize_connections":[],"yoast_head":"<!-- This site is optimized with the Yoast SEO plugin v27.3 - https:\/\/yoast.com\/product\/yoast-seo-wordpress\/ -->\n<title>La reacci\u00f3n de Dar\u00edn despu\u00e9s de que un tuitero lo atacara con un golpe bajo sobre su hermana Alejandra - CLAN ESPECTACULOS<\/title>\n<meta name=\"robots\" content=\"index, follow, max-snippet:-1, max-image-preview:large, max-video-preview:-1\" \/>\n<link rel=\"canonical\" href=\"https:\/\/radioclanfm.com\/clanespectaculos\/la-reaccion-de-darin-despues-de-que-un-tuitero-lo-atacara-con-un-golpe-bajo-sobre-su-hermana-alejandra\/\" \/>\n<meta property=\"og:locale\" content=\"es_ES\" \/>\n<meta property=\"og:type\" content=\"article\" \/>\n<meta property=\"og:title\" content=\"La reacci\u00f3n de Dar\u00edn despu\u00e9s de que un tuitero lo atacara con un golpe bajo sobre su hermana Alejandra - CLAN ESPECTACULOS\" \/>\n<meta property=\"og:description\" content=\"El actor qued\u00f3 en el centro de la pol\u00e9mica tras opinar sobre el precio de la docena de empanadas y muchos usuarios lo atacaron. Desde que se refiri\u00f3 en\u00a0el precio de la docena de empanadas\u00a0en el programa de Mirtha Legrand,\u00a0Ricardo Dar\u00edn\u00a0qued\u00f3 en el centro de la pol\u00e9mica. En las redes sociales,\u00a0algunos tuiteros lo atacaron\u00a0y otros [&hellip;]\" \/>\n<meta property=\"og:url\" content=\"https:\/\/radioclanfm.com\/clanespectaculos\/la-reaccion-de-darin-despues-de-que-un-tuitero-lo-atacara-con-un-golpe-bajo-sobre-su-hermana-alejandra\/\" \/>\n<meta property=\"og:site_name\" content=\"CLAN ESPECTACULOS\" \/>\n<meta property=\"article:publisher\" content=\"https:\/\/www.facebook.com\/clanespectaculos\/\" \/>\n<meta property=\"article:published_time\" content=\"2025-05-27T23:52:07+00:00\" \/>\n<meta property=\"og:image\" content=\"https:\/\/radioclanfm.com\/clanespectaculos\/wp-content\/uploads\/sites\/2\/2025\/05\/Yg71_w-j.jpg\" \/>\n\t<meta property=\"og:image:width\" content=\"900\" \/>\n\t<meta property=\"og:image:height\" content=\"504\" \/>\n\t<meta property=\"og:image:type\" content=\"image\/jpeg\" \/>\n<meta name=\"author\" content=\"E-GRUPOCLAN\" \/>\n<meta name=\"twitter:card\" content=\"summary_large_image\" \/>\n<meta name=\"twitter:creator\" content=\"@clanespectok\" \/>\n<meta name=\"twitter:site\" content=\"@clanespectok\" \/>\n<meta name=\"twitter:label1\" content=\"Escrito por\" \/>\n\t<meta name=\"twitter:data1\" content=\"E-GRUPOCLAN\" \/>\n\t<meta name=\"twitter:label2\" content=\"Tiempo de lectura\" \/>\n\t<meta name=\"twitter:data2\" content=\"2 minutos\" \/>\n<script type=\"application\/ld+json\" class=\"yoast-schema-graph\">{\"@context\":\"https:\\\/\\\/schema.org\",\"@graph\":[{\"@type\":\"Article\",\"@id\":\"https:\\\/\\\/radioclanfm.com\\\/clanespectaculos\\\/la-reaccion-de-darin-despues-de-que-un-tuitero-lo-atacara-con-un-golpe-bajo-sobre-su-hermana-alejandra\\\/#article\",\"isPartOf\":{\"@id\":\"https:\\\/\\\/radioclanfm.com\\\/clanespectaculos\\\/la-reaccion-de-darin-despues-de-que-un-tuitero-lo-atacara-con-un-golpe-bajo-sobre-su-hermana-alejandra\\\/\"},\"author\":{\"name\":\"E-GRUPOCLAN\",\"@id\":\"https:\\\/\\\/radioclanfm.com\\\/clanespectaculos\\\/#\\\/schema\\\/person\\\/9734813083303230f3ad84d99171b20c\"},\"headline\":\"La reacci\u00f3n de Dar\u00edn despu\u00e9s de que un tuitero lo atacara con un golpe bajo sobre su hermana Alejandra\",\"datePublished\":\"2025-05-27T23:52:07+00:00\",\"mainEntityOfPage\":{\"@id\":\"https:\\\/\\\/radioclanfm.com\\\/clanespectaculos\\\/la-reaccion-de-darin-despues-de-que-un-tuitero-lo-atacara-con-un-golpe-bajo-sobre-su-hermana-alejandra\\\/\"},\"wordCount\":440,\"commentCount\":0,\"publisher\":{\"@id\":\"https:\\\/\\\/radioclanfm.com\\\/clanespectaculos\\\/#organization\"},\"image\":{\"@id\":\"https:\\\/\\\/radioclanfm.com\\\/clanespectaculos\\\/la-reaccion-de-darin-despues-de-que-un-tuitero-lo-atacara-con-un-golpe-bajo-sobre-su-hermana-alejandra\\\/#primaryimage\"},\"thumbnailUrl\":\"https:\\\/\\\/radioclanfm.com\\\/clanespectaculos\\\/wp-content\\\/uploads\\\/sites\\\/2\\\/2025\\\/05\\\/Yg71_w-j.jpg\",\"articleSection\":[\"Espectaculos\"],\"inLanguage\":\"es-AR\",\"potentialAction\":[{\"@type\":\"CommentAction\",\"name\":\"Comment\",\"target\":[\"https:\\\/\\\/radioclanfm.com\\\/clanespectaculos\\\/la-reaccion-de-darin-despues-de-que-un-tuitero-lo-atacara-con-un-golpe-bajo-sobre-su-hermana-alejandra\\\/#respond\"]}]},{\"@type\":\"WebPage\",\"@id\":\"https:\\\/\\\/radioclanfm.com\\\/clanespectaculos\\\/la-reaccion-de-darin-despues-de-que-un-tuitero-lo-atacara-con-un-golpe-bajo-sobre-su-hermana-alejandra\\\/\",\"url\":\"https:\\\/\\\/radioclanfm.com\\\/clanespectaculos\\\/la-reaccion-de-darin-despues-de-que-un-tuitero-lo-atacara-con-un-golpe-bajo-sobre-su-hermana-alejandra\\\/\",\"name\":\"La reacci\u00f3n de Dar\u00edn despu\u00e9s de que un tuitero lo atacara con un golpe bajo sobre su hermana Alejandra - CLAN ESPECTACULOS\",\"isPartOf\":{\"@id\":\"https:\\\/\\\/radioclanfm.com\\\/clanespectaculos\\\/#website\"},\"primaryImageOfPage\":{\"@id\":\"https:\\\/\\\/radioclanfm.com\\\/clanespectaculos\\\/la-reaccion-de-darin-despues-de-que-un-tuitero-lo-atacara-con-un-golpe-bajo-sobre-su-hermana-alejandra\\\/#primaryimage\"},\"image\":{\"@id\":\"https:\\\/\\\/radioclanfm.com\\\/clanespectaculos\\\/la-reaccion-de-darin-despues-de-que-un-tuitero-lo-atacara-con-un-golpe-bajo-sobre-su-hermana-alejandra\\\/#primaryimage\"},\"thumbnailUrl\":\"https:\\\/\\\/radioclanfm.com\\\/clanespectaculos\\\/wp-content\\\/uploads\\\/sites\\\/2\\\/2025\\\/05\\\/Yg71_w-j.jpg\",\"datePublished\":\"2025-05-27T23:52:07+00:00\",\"breadcrumb\":{\"@id\":\"https:\\\/\\\/radioclanfm.com\\\/clanespectaculos\\\/la-reaccion-de-darin-despues-de-que-un-tuitero-lo-atacara-con-un-golpe-bajo-sobre-su-hermana-alejandra\\\/#breadcrumb\"},\"inLanguage\":\"es-AR\",\"potentialAction\":[{\"@type\":\"ReadAction\",\"target\":[\"https:\\\/\\\/radioclanfm.com\\\/clanespectaculos\\\/la-reaccion-de-darin-despues-de-que-un-tuitero-lo-atacara-con-un-golpe-bajo-sobre-su-hermana-alejandra\\\/\"]}]},{\"@type\":\"ImageObject\",\"inLanguage\":\"es-AR\",\"@id\":\"https:\\\/\\\/radioclanfm.com\\\/clanespectaculos\\\/la-reaccion-de-darin-despues-de-que-un-tuitero-lo-atacara-con-un-golpe-bajo-sobre-su-hermana-alejandra\\\/#primaryimage\",\"url\":\"https:\\\/\\\/radioclanfm.com\\\/clanespectaculos\\\/wp-content\\\/uploads\\\/sites\\\/2\\\/2025\\\/05\\\/Yg71_w-j.jpg\",\"contentUrl\":\"https:\\\/\\\/radioclanfm.com\\\/clanespectaculos\\\/wp-content\\\/uploads\\\/sites\\\/2\\\/2025\\\/05\\\/Yg71_w-j.jpg\",\"width\":900,\"height\":504},{\"@type\":\"BreadcrumbList\",\"@id\":\"https:\\\/\\\/radioclanfm.com\\\/clanespectaculos\\\/la-reaccion-de-darin-despues-de-que-un-tuitero-lo-atacara-con-un-golpe-bajo-sobre-su-hermana-alejandra\\\/#breadcrumb\",\"itemListElement\":[{\"@type\":\"ListItem\",\"position\":1,\"name\":\"Inicio\",\"item\":\"https:\\\/\\\/radioclanfm.com\\\/clanespectaculos\\\/\"},{\"@type\":\"ListItem\",\"position\":2,\"name\":\"La reacci\u00f3n de Dar\u00edn despu\u00e9s de que un tuitero lo atacara con un golpe bajo sobre su hermana Alejandra\"}]},{\"@type\":\"WebSite\",\"@id\":\"https:\\\/\\\/radioclanfm.com\\\/clanespectaculos\\\/#website\",\"url\":\"https:\\\/\\\/radioclanfm.com\\\/clanespectaculos\\\/\",\"name\":\"CLAN ESPECTACULOS\",\"description\":\"\",\"publisher\":{\"@id\":\"https:\\\/\\\/radioclanfm.com\\\/clanespectaculos\\\/#organization\"},\"potentialAction\":[{\"@type\":\"SearchAction\",\"target\":{\"@type\":\"EntryPoint\",\"urlTemplate\":\"https:\\\/\\\/radioclanfm.com\\\/clanespectaculos\\\/?s={search_term_string}\"},\"query-input\":{\"@type\":\"PropertyValueSpecification\",\"valueRequired\":true,\"valueName\":\"search_term_string\"}}],\"inLanguage\":\"es-AR\"},{\"@type\":\"Organization\",\"@id\":\"https:\\\/\\\/radioclanfm.com\\\/clanespectaculos\\\/#organization\",\"name\":\"CLAN ESPECTACULOS\",\"url\":\"https:\\\/\\\/radioclanfm.com\\\/clanespectaculos\\\/\",\"logo\":{\"@type\":\"ImageObject\",\"inLanguage\":\"es-AR\",\"@id\":\"https:\\\/\\\/radioclanfm.com\\\/clanespectaculos\\\/#\\\/schema\\\/logo\\\/image\\\/\",\"url\":\"https:\\\/\\\/radioclanfm.com\\\/clanespectaculos\\\/wp-content\\\/uploads\\\/sites\\\/2\\\/2026\\\/04\\\/ChatGPT-Image-23-mar-2026-10_09_00.png\",\"contentUrl\":\"https:\\\/\\\/radioclanfm.com\\\/clanespectaculos\\\/wp-content\\\/uploads\\\/sites\\\/2\\\/2026\\\/04\\\/ChatGPT-Image-23-mar-2026-10_09_00.png\",\"width\":1024,\"height\":1024,\"caption\":\"CLAN ESPECTACULOS\"},\"image\":{\"@id\":\"https:\\\/\\\/radioclanfm.com\\\/clanespectaculos\\\/#\\\/schema\\\/logo\\\/image\\\/\"},\"sameAs\":[\"https:\\\/\\\/www.facebook.com\\\/clanespectaculos\\\/\",\"https:\\\/\\\/x.com\\\/clanespectok\"]},{\"@type\":\"Person\",\"@id\":\"https:\\\/\\\/radioclanfm.com\\\/clanespectaculos\\\/#\\\/schema\\\/person\\\/9734813083303230f3ad84d99171b20c\",\"name\":\"E-GRUPOCLAN\",\"image\":{\"@type\":\"ImageObject\",\"inLanguage\":\"es-AR\",\"@id\":\"https:\\\/\\\/secure.gravatar.com\\\/avatar\\\/af6e19837c3d6a212034a48c7b3818d2ac1826f6025df0155da5a186ad321d79?s=96&d=mm&r=g\",\"url\":\"https:\\\/\\\/secure.gravatar.com\\\/avatar\\\/af6e19837c3d6a212034a48c7b3818d2ac1826f6025df0155da5a186ad321d79?s=96&d=mm&r=g\",\"contentUrl\":\"https:\\\/\\\/secure.gravatar.com\\\/avatar\\\/af6e19837c3d6a212034a48c7b3818d2ac1826f6025df0155da5a186ad321d79?s=96&d=mm&r=g\",\"caption\":\"E-GRUPOCLAN\"},\"sameAs\":[\"https:\\\/\\\/radioclanfm.com\"],\"url\":\"https:\\\/\\\/radioclanfm.com\\\/clanespectaculos\\\/author\\\/admin\\\/\"}]}<\/script>\n<!-- \/ Yoast SEO plugin. -->","yoast_head_json":{"title":"La reacci\u00f3n de Dar\u00edn despu\u00e9s de que un tuitero lo atacara con un golpe bajo sobre su hermana Alejandra - CLAN ESPECTACULOS","robots":{"index":"index","follow":"follow","max-snippet":"max-snippet:-1","max-image-preview":"max-image-preview:large","max-video-preview":"max-video-preview:-1"},"canonical":"https:\/\/radioclanfm.com\/clanespectaculos\/la-reaccion-de-darin-despues-de-que-un-tuitero-lo-atacara-con-un-golpe-bajo-sobre-su-hermana-alejandra\/","og_locale":"es_ES","og_type":"article","og_title":"La reacci\u00f3n de Dar\u00edn despu\u00e9s de que un tuitero lo atacara con un golpe bajo sobre su hermana Alejandra - CLAN ESPECTACULOS","og_description":"El actor qued\u00f3 en el centro de la pol\u00e9mica tras opinar sobre el precio de la docena de empanadas y muchos usuarios lo atacaron. Desde que se refiri\u00f3 en\u00a0el precio de la docena de empanadas\u00a0en el programa de Mirtha Legrand,\u00a0Ricardo Dar\u00edn\u00a0qued\u00f3 en el centro de la pol\u00e9mica. En las redes sociales,\u00a0algunos tuiteros lo atacaron\u00a0y otros [&hellip;]","og_url":"https:\/\/radioclanfm.com\/clanespectaculos\/la-reaccion-de-darin-despues-de-que-un-tuitero-lo-atacara-con-un-golpe-bajo-sobre-su-hermana-alejandra\/","og_site_name":"CLAN ESPECTACULOS","article_publisher":"https:\/\/www.facebook.com\/clanespectaculos\/","article_published_time":"2025-05-27T23:52:07+00:00","og_image":[{"width":900,"height":504,"url":"https:\/\/radioclanfm.com\/clanespectaculos\/wp-content\/uploads\/sites\/2\/2025\/05\/Yg71_w-j.jpg","type":"image\/jpeg"}],"author":"E-GRUPOCLAN","twitter_card":"summary_large_image","twitter_creator":"@clanespectok","twitter_site":"@clanespectok","twitter_misc":{"Escrito por":"E-GRUPOCLAN","Tiempo de lectura":"2 minutos"},"schema":{"@context":"https:\/\/schema.org","@graph":[{"@type":"Article","@id":"https:\/\/radioclanfm.com\/clanespectaculos\/la-reaccion-de-darin-despues-de-que-un-tuitero-lo-atacara-con-un-golpe-bajo-sobre-su-hermana-alejandra\/#article","isPartOf":{"@id":"https:\/\/radioclanfm.com\/clanespectaculos\/la-reaccion-de-darin-despues-de-que-un-tuitero-lo-atacara-con-un-golpe-bajo-sobre-su-hermana-alejandra\/"},"author":{"name":"E-GRUPOCLAN","@id":"https:\/\/radioclanfm.com\/clanespectaculos\/#\/schema\/person\/9734813083303230f3ad84d99171b20c"},"headline":"La reacci\u00f3n de Dar\u00edn despu\u00e9s de que un tuitero lo atacara con un golpe bajo sobre su hermana Alejandra","datePublished":"2025-05-27T23:52:07+00:00","mainEntityOfPage":{"@id":"https:\/\/radioclanfm.com\/clanespectaculos\/la-reaccion-de-darin-despues-de-que-un-tuitero-lo-atacara-con-un-golpe-bajo-sobre-su-hermana-alejandra\/"},"wordCount":440,"commentCount":0,"publisher":{"@id":"https:\/\/radioclanfm.com\/clanespectaculos\/#organization"},"image":{"@id":"https:\/\/radioclanfm.com\/clanespectaculos\/la-reaccion-de-darin-despues-de-que-un-tuitero-lo-atacara-con-un-golpe-bajo-sobre-su-hermana-alejandra\/#primaryimage"},"thumbnailUrl":"https:\/\/radioclanfm.com\/clanespectaculos\/wp-content\/uploads\/sites\/2\/2025\/05\/Yg71_w-j.jpg","articleSection":["Espectaculos"],"inLanguage":"es-AR","potentialAction":[{"@type":"CommentAction","name":"Comment","target":["https:\/\/radioclanfm.com\/clanespectaculos\/la-reaccion-de-darin-despues-de-que-un-tuitero-lo-atacara-con-un-golpe-bajo-sobre-su-hermana-alejandra\/#respond"]}]},{"@type":"WebPage","@id":"https:\/\/radioclanfm.com\/clanespectaculos\/la-reaccion-de-darin-despues-de-que-un-tuitero-lo-atacara-con-un-golpe-bajo-sobre-su-hermana-alejandra\/","url":"https:\/\/radioclanfm.com\/clanespectaculos\/la-reaccion-de-darin-despues-de-que-un-tuitero-lo-atacara-con-un-golpe-bajo-sobre-su-hermana-alejandra\/","name":"La reacci\u00f3n de Dar\u00edn despu\u00e9s de que un tuitero lo atacara con un golpe bajo sobre su hermana Alejandra - CLAN ESPECTACULOS","isPartOf":{"@id":"https:\/\/radioclanfm.com\/clanespectaculos\/#website"},"primaryImageOfPage":{"@id":"https:\/\/radioclanfm.com\/clanespectaculos\/la-reaccion-de-darin-despues-de-que-un-tuitero-lo-atacara-con-un-golpe-bajo-sobre-su-hermana-alejandra\/#primaryimage"},"image":{"@id":"https:\/\/radioclanfm.com\/clanespectaculos\/la-reaccion-de-darin-despues-de-que-un-tuitero-lo-atacara-con-un-golpe-bajo-sobre-su-hermana-alejandra\/#primaryimage"},"thumbnailUrl":"https:\/\/radioclanfm.com\/clanespectaculos\/wp-content\/uploads\/sites\/2\/2025\/05\/Yg71_w-j.jpg","datePublished":"2025-05-27T23:52:07+00:00","breadcrumb":{"@id":"https:\/\/radioclanfm.com\/clanespectaculos\/la-reaccion-de-darin-despues-de-que-un-tuitero-lo-atacara-con-un-golpe-bajo-sobre-su-hermana-alejandra\/#breadcrumb"},"inLanguage":"es-AR","potentialAction":[{"@type":"ReadAction","target":["https:\/\/radioclanfm.com\/clanespectaculos\/la-reaccion-de-darin-despues-de-que-un-tuitero-lo-atacara-con-un-golpe-bajo-sobre-su-hermana-alejandra\/"]}]},{"@type":"ImageObject","inLanguage":"es-AR","@id":"https:\/\/radioclanfm.com\/clanespectaculos\/la-reaccion-de-darin-despues-de-que-un-tuitero-lo-atacara-con-un-golpe-bajo-sobre-su-hermana-alejandra\/#primaryimage","url":"https:\/\/radioclanfm.com\/clanespectaculos\/wp-content\/uploads\/sites\/2\/2025\/05\/Yg71_w-j.jpg","contentUrl":"https:\/\/radioclanfm.com\/clanespectaculos\/wp-content\/uploads\/sites\/2\/2025\/05\/Yg71_w-j.jpg","width":900,"height":504},{"@type":"BreadcrumbList","@id":"https:\/\/radioclanfm.com\/clanespectaculos\/la-reaccion-de-darin-despues-de-que-un-tuitero-lo-atacara-con-un-golpe-bajo-sobre-su-hermana-alejandra\/#breadcrumb","itemListElement":[{"@type":"ListItem","position":1,"name":"Inicio","item":"https:\/\/radioclanfm.com\/clanespectaculos\/"},{"@type":"ListItem","position":2,"name":"La reacci\u00f3n de Dar\u00edn despu\u00e9s de que un tuitero lo atacara con un golpe bajo sobre su hermana Alejandra"}]},{"@type":"WebSite","@id":"https:\/\/radioclanfm.com\/clanespectaculos\/#website","url":"https:\/\/radioclanfm.com\/clanespectaculos\/","name":"CLAN ESPECTACULOS","description":"","publisher":{"@id":"https:\/\/radioclanfm.com\/clanespectaculos\/#organization"},"potentialAction":[{"@type":"SearchAction","target":{"@type":"EntryPoint","urlTemplate":"https:\/\/radioclanfm.com\/clanespectaculos\/?s={search_term_string}"},"query-input":{"@type":"PropertyValueSpecification","valueRequired":true,"valueName":"search_term_string"}}],"inLanguage":"es-AR"},{"@type":"Organization","@id":"https:\/\/radioclanfm.com\/clanespectaculos\/#organization","name":"CLAN ESPECTACULOS","url":"https:\/\/radioclanfm.com\/clanespectaculos\/","logo":{"@type":"ImageObject","inLanguage":"es-AR","@id":"https:\/\/radioclanfm.com\/clanespectaculos\/#\/schema\/logo\/image\/","url":"https:\/\/radioclanfm.com\/clanespectaculos\/wp-content\/uploads\/sites\/2\/2026\/04\/ChatGPT-Image-23-mar-2026-10_09_00.png","contentUrl":"https:\/\/radioclanfm.com\/clanespectaculos\/wp-content\/uploads\/sites\/2\/2026\/04\/ChatGPT-Image-23-mar-2026-10_09_00.png","width":1024,"height":1024,"caption":"CLAN ESPECTACULOS"},"image":{"@id":"https:\/\/radioclanfm.com\/clanespectaculos\/#\/schema\/logo\/image\/"},"sameAs":["https:\/\/www.facebook.com\/clanespectaculos\/","https:\/\/x.com\/clanespectok"]},{"@type":"Person","@id":"https:\/\/radioclanfm.com\/clanespectaculos\/#\/schema\/person\/9734813083303230f3ad84d99171b20c","name":"E-GRUPOCLAN","image":{"@type":"ImageObject","inLanguage":"es-AR","@id":"https:\/\/secure.gravatar.com\/avatar\/af6e19837c3d6a212034a48c7b3818d2ac1826f6025df0155da5a186ad321d79?s=96&d=mm&r=g","url":"https:\/\/secure.gravatar.com\/avatar\/af6e19837c3d6a212034a48c7b3818d2ac1826f6025df0155da5a186ad321d79?s=96&d=mm&r=g","contentUrl":"https:\/\/secure.gravatar.com\/avatar\/af6e19837c3d6a212034a48c7b3818d2ac1826f6025df0155da5a186ad321d79?s=96&d=mm&r=g","caption":"E-GRUPOCLAN"},"sameAs":["https:\/\/radioclanfm.com"],"url":"https:\/\/radioclanfm.com\/clanespectaculos\/author\/admin\/"}]}},"_links":{"self":[{"href":"https:\/\/radioclanfm.com\/clanespectaculos\/wp-json\/wp\/v2\/posts\/986","targetHints":{"allow":["GET"]}}],"collection":[{"href":"https:\/\/radioclanfm.com\/clanespectaculos\/wp-json\/wp\/v2\/posts"}],"about":[{"href":"https:\/\/radioclanfm.com\/clanespectaculos\/wp-json\/wp\/v2\/types\/post"}],"author":[{"embeddable":true,"href":"https:\/\/radioclanfm.com\/clanespectaculos\/wp-json\/wp\/v2\/users\/1"}],"replies":[{"embeddable":true,"href":"https:\/\/radioclanfm.com\/clanespectaculos\/wp-json\/wp\/v2\/comments?post=986"}],"version-history":[{"count":1,"href":"https:\/\/radioclanfm.com\/clanespectaculos\/wp-json\/wp\/v2\/posts\/986\/revisions"}],"predecessor-version":[{"id":990,"href":"https:\/\/radioclanfm.com\/clanespectaculos\/wp-json\/wp\/v2\/posts\/986\/revisions\/990"}],"wp:featuredmedia":[{"embeddable":true,"href":"https:\/\/radioclanfm.com\/clanespectaculos\/wp-json\/wp\/v2\/media\/989"}],"wp:attachment":[{"href":"https:\/\/radioclanfm.com\/clanespectaculos\/wp-json\/wp\/v2\/media?parent=986"}],"wp:term":[{"taxonomy":"category","embeddable":true,"href":"https:\/\/radioclanfm.com\/clanespectaculos\/wp-json\/wp\/v2\/categories?post=986"},{"taxonomy":"post_tag","embeddable":true,"href":"https:\/\/radioclanfm.com\/clanespectaculos\/wp-json\/wp\/v2\/tags?post=986"}],"curies":[{"name":"wp","href":"https:\/\/api.w.org\/{rel}","templated":true}]}}