{"id":976,"date":"2025-05-27T20:49:56","date_gmt":"2025-05-27T23:49:56","guid":{"rendered":"https:\/\/radioclanfm.com\/clanespectaculos\/?p=976"},"modified":"2025-05-27T20:49:56","modified_gmt":"2025-05-27T23:49:56","slug":"sabrina-rojas-hablo-de-su-vinculo-con-luciano-castro-luego-de-que-se-los-viera-distanciados-en-un-acto-escolar","status":"publish","type":"post","link":"https:\/\/radioclanfm.com\/clanespectaculos\/sabrina-rojas-hablo-de-su-vinculo-con-luciano-castro-luego-de-que-se-los-viera-distanciados-en-un-acto-escolar\/","title":{"rendered":"Sabrina Rojas habl\u00f3 de su v\u00ednculo con Luciano Castro luego de que se los viera distanciados en un acto escolar"},"content":{"rendered":"<p>Adem\u00e1s, la conductora se refiri\u00f3 a su presente sentimental en medio de rumores de separaci\u00f3n de Gabriel \u201cLechuga\u201d Li\u00f1ares.<\/p>\n<div class=\"col-content\"><main class=\"col-content\"><\/p>\n<div class=\"default-article-color article__body article__article\">\n<p class=\"paragraph font__body-regular\"><b>Sabrina Rojas<\/b>\u00a0habl\u00f3 de su v\u00ednculo con\u00a0<b>Luciano Castro<\/b>\u00a0luego de que se los viera distanciados en un acto escolar. Adem\u00e1s, la conductora se refiri\u00f3 a su presente sentimental en medio de rumores de separaci\u00f3n de\u00a0<b>Gabriel \u201cLechuga\u201d Li\u00f1ares<\/b>.<\/p>\n<div class=\"AV67f93cf033780503b00636a7\">\n<div id=\"aniBox\">\n<div id=\"aniplayer_AV67f93cf033780503b00636a7-1748389720472\">\n<div id=\"aniplayer_AV67f93cf033780503b00636a7-1748389720472gui\">\n<div id=\"av-caption\">\n<div id=\"av-close-btn-overlay\" class=\"av-pos-top-left\"><\/div>\n<\/div>\n<\/div>\n<\/div>\n<\/div>\n<\/div>\n<div id=\"ad-slot-infeed\" class=\"infeed-container ad-slot-infeed ad-slot\" data-adtype=\"infeed\" data-google-query-id=\"CP_PqKHrxI0DFQxQuAQdgpYvIw\">\n<div id=\"google_ads_iframe_\/113951150\/tn-arc\/nota\/infeed_0__container__\"><\/div>\n<\/div>\n<p class=\"paragraph font__body-regular\">D\u00edas atr\u00e1s se viraliz\u00f3 una imagen de Sabrina y Luciano muy distanciados en un acto escolar de su hija Esperanza. Consultada por el m\u00f3vil de\u00a0<i>Puro Show<\/i>\u00a0(<i>eltrece<\/i>), ella explic\u00f3: \u201c<b>Si vos ves, estamos todas las madres abajo juntas, tomando mate y chusmeando y todos los hombres se fueron arriba\u201d.<\/b><\/p>\n<figure class=\"\" data-testid=\"figure-testid\">\n<div class=\"aspect_ratio__container\"><picture class=\"responsive-image\"><source srcset=\"https:\/\/tn.com.ar\/resizer\/v2\/sabrina-rojas-hablo-de-su-vinculo-con-luciano-castro-luego-de-que-se-los-viera-distanciados-en-un-acto-escolar-foto-captura-eltrece-XXIZEWTEB5FHVKLWTL3IJMDIDQ.PNG?auth=f6406f7873917b6ec3b91444ff61588205ba240d5bc4ba50125eaf47a3e1d6c8&amp;width=767\" type=\"image\/jpg\" media=\"(max-width: 728px)\" \/><source srcset=\"https:\/\/tn.com.ar\/resizer\/v2\/sabrina-rojas-hablo-de-su-vinculo-con-luciano-castro-luego-de-que-se-los-viera-distanciados-en-un-acto-escolar-foto-captura-eltrece-XXIZEWTEB5FHVKLWTL3IJMDIDQ.PNG?auth=f6406f7873917b6ec3b91444ff61588205ba240d5bc4ba50125eaf47a3e1d6c8&amp;width=1023\" type=\"image\/jpg\" media=\"(max-width: 1023px)\" \/><source srcset=\"https:\/\/tn.com.ar\/resizer\/v2\/sabrina-rojas-hablo-de-su-vinculo-con-luciano-castro-luego-de-que-se-los-viera-distanciados-en-un-acto-escolar-foto-captura-eltrece-XXIZEWTEB5FHVKLWTL3IJMDIDQ.PNG?auth=f6406f7873917b6ec3b91444ff61588205ba240d5bc4ba50125eaf47a3e1d6c8&amp;width=1440\" type=\"image\/jpg\" \/><img loading=\"lazy\" decoding=\"async\" class=\"image content-image image_placeholder\" src=\"https:\/\/tn.com.ar\/resizer\/v2\/sabrina-rojas-hablo-de-su-vinculo-con-luciano-castro-luego-de-que-se-los-viera-distanciados-en-un-acto-escolar-foto-captura-eltrece-XXIZEWTEB5FHVKLWTL3IJMDIDQ.PNG?auth=f6406f7873917b6ec3b91444ff61588205ba240d5bc4ba50125eaf47a3e1d6c8&amp;width=767\" alt=\"Sabrina Rojas habl\u00f3 de su v\u00ednculo con Luciano Castro luego de que se los viera distanciados en un acto escolar (Foto: Captura eltrece)\" width=\"767\" height=\"742\" data-testid=\"loading-testid\" \/><\/picture><\/div><figcaption class=\"caption_image\" data-testid=\"figcaption-testid\">\n<div class=\"image_caption \">Sabrina Rojas habl\u00f3 de su v\u00ednculo con Luciano Castro luego de que se los viera distanciados en un acto escolar (Foto: Captura eltrece)<\/div>\n<\/figcaption><\/figure>\n<p class=\"paragraph font__body-regular\">En cuanto al v\u00ednculo que mantienen a cuatro a\u00f1os de su separaci\u00f3n, Sabrina expres\u00f3:\u00a0<b>\u201cLa relaci\u00f3n es buena, fluida. Hablamos todos los d\u00edas\u201d.<\/b><\/p>\n<p class=\"paragraph font__body-regular\">En otro momento de la conversaci\u00f3n, el notero se\u00f1al\u00f3 que la conductora hab\u00eda ido a la verduler\u00eda y con picard\u00eda le consult\u00f3: \u201c\u00bfCompraste lechuga?\u201d. \u201cCompr\u00e9 tomate y paltas\u201d, retruc\u00f3 ella.<\/p>\n<p class=\"paragraph font__body-regular\">Ante la insistencia del notero, advirti\u00f3: \u201cEstoy bien, pero si no hablo en mi programa, no voy a hablar en ning\u00fan otro lado\u201d.<\/p>\n<h2 class=\"font--primary font__display\">Sabrina Rojas se separ\u00f3 de su novio Gabriel \u201cLechuga\u201d Li\u00f1ares a un mes de haber anunciado el romance<\/h2>\n<p class=\"paragraph font__body-regular\">A poco m\u00e1s de un mes de confirmar su romance,\u00a0<b>Sabrina Rojas est\u00e1 separada de Gabriel Li\u00f1ares<\/b>, m\u00e1s conocido como Lechuga.<\/p>\n<p class=\"paragraph font__body-regular\"><b>El hombre fue pareja de Flor Paris\u00e9\u00a0<\/b>y tuvo un hijo con ella \u2014ahora novia de Karina Jelinek\u2014 y\u00a0<b>parece que ese podr\u00eda haber sido un detonante.<\/b><\/p>\n<figure class=\"\" data-testid=\"figure-testid\">\n<div class=\"aspect_ratio__container\"><picture class=\"responsive-image\"><source srcset=\"https:\/\/tn.com.ar\/resizer\/v2\/sabrina-rojas-se-mostro-junto-a-su-nuevo-novio-y-le-dedico-un-posteo-el-es-magia-foto-instagram-rojassasi-STZGNG3YYBBHNDEPGWSPNVHEXY.png?auth=c37f581e875fd653ec89e20aea9d67173d940167fc2edf04e35283aafc2ee0ad&amp;width=767\" type=\"image\/jpg\" media=\"(max-width: 728px)\" \/><source srcset=\"https:\/\/tn.com.ar\/resizer\/v2\/sabrina-rojas-se-mostro-junto-a-su-nuevo-novio-y-le-dedico-un-posteo-el-es-magia-foto-instagram-rojassasi-STZGNG3YYBBHNDEPGWSPNVHEXY.png?auth=c37f581e875fd653ec89e20aea9d67173d940167fc2edf04e35283aafc2ee0ad&amp;width=1023\" type=\"image\/jpg\" media=\"(max-width: 1023px)\" \/><source srcset=\"https:\/\/tn.com.ar\/resizer\/v2\/sabrina-rojas-se-mostro-junto-a-su-nuevo-novio-y-le-dedico-un-posteo-el-es-magia-foto-instagram-rojassasi-STZGNG3YYBBHNDEPGWSPNVHEXY.png?auth=c37f581e875fd653ec89e20aea9d67173d940167fc2edf04e35283aafc2ee0ad&amp;width=1440\" type=\"image\/jpg\" \/><img loading=\"lazy\" decoding=\"async\" class=\"image content-image image_placeholder\" src=\"https:\/\/tn.com.ar\/resizer\/v2\/sabrina-rojas-se-mostro-junto-a-su-nuevo-novio-y-le-dedico-un-posteo-el-es-magia-foto-instagram-rojassasi-STZGNG3YYBBHNDEPGWSPNVHEXY.png?auth=c37f581e875fd653ec89e20aea9d67173d940167fc2edf04e35283aafc2ee0ad&amp;width=767\" alt=\"Sabrina Rojas se mostr\u00f3 junto a su nuevo novio y le dedic\u00f3 un posteo: \u201c\u00c9l es magia\u201d (Foto: Instagram \/rojassasi)\" width=\"767\" height=\"1413\" data-testid=\"loading-testid\" \/><\/picture><\/div><figcaption class=\"caption_image\" data-testid=\"figcaption-testid\">\n<div class=\"image_caption \">Sabrina Rojas se mostr\u00f3 junto a su nuevo novio y le dedic\u00f3 un posteo: \u201c\u00c9l es magia\u201d (Foto: Instagram \/rojassasi)<\/div>\n<\/figcaption><\/figure>\n<p class=\"paragraph font__body-regular\">\u201cLa crisis empez\u00f3 porque Flor Paris\u00e9 es muy metida en la relaci\u00f3n, es t\u00f3xica.\u00a0<b>Se fueron de vacaciones una semana Lechuga, Flor y el hijo, porque una vez al a\u00f1o se van los tres para que el pibe est\u00e9 con los dos, no pasa nada entre ellos, y eso Sabrinita no lo entendi\u00f3\u201c<\/b>, cont\u00f3 Yanina Latorre en\u00a0<i>LAM (Am\u00e9rica)<\/i>.<\/p>\n<p class=\"paragraph font__body-regular\">Sabrina hab\u00eda hablado a principios de abril de su romance con Gabriel Lechu, despu\u00e9s de haber publicado una<b>\u00a0rom\u00e1ntica foto<\/b>\u00a0con \u00e9l en sus redes sociales.<\/p>\n<p class=\"paragraph font__body-regular\">En aquel entonces, aclar\u00f3 que no ten\u00edan el t\u00edtulo de \u201cnovios\u201d, pero s\u00ed eran exclusivos. \u201c\u00c9l es un hombre \u00edntegro,\u00a0<b>un buen pap\u00e1<\/b>. Tiene 47 a\u00f1os y una mirada limpia, transparente. Eso hoy vale oro\u201d, hab\u00eda asegurado.<\/p>\n<\/div>\n<p><\/main><\/div>\n<aside class=\"col-right-rail right-rail\">\n<div id=\"parent-ad-slot-caja\" class=\"ad-container caja_ad \">\n<div class=\"ad-content\">\n<div id=\"ad-slot-caja\" class=\"ad-slot-caja ad-slot\" data-adtype=\"caja\" data-google-query-id=\"CLLVsaDrxI0DFY5KuAQdpJcT5g\"><\/div>\n<\/div>\n<\/div>\n<\/aside>\n","protected":false},"excerpt":{"rendered":"<p>Adem\u00e1s, la conductora se refiri\u00f3 a su presente sentimental en medio de rumores de separaci\u00f3n de Gabriel \u201cLechuga\u201d Li\u00f1ares. Sabrina Rojas\u00a0habl\u00f3 de su v\u00ednculo con\u00a0Luciano Castro\u00a0luego de que se los viera distanciados en un acto escolar. Adem\u00e1s, la conductora se refiri\u00f3 a su presente sentimental en medio de rumores de separaci\u00f3n de\u00a0Gabriel \u201cLechuga\u201d Li\u00f1ares. D\u00edas [&hellip;]<\/p>\n","protected":false},"author":1,"featured_media":979,"comment_status":"open","ping_status":"open","sticky":false,"template":"","format":"standard","meta":{"rop_custom_images_group":[],"rop_custom_messages_group":[],"rop_publish_now":"initial","rop_publish_now_accounts":[],"rop_publish_now_history":[],"rop_publish_now_status":"pending","footnotes":"","jetpack_publicize_message":"","jetpack_publicize_feature_enabled":true,"jetpack_social_post_already_shared":true,"jetpack_social_options":{"image_generator_settings":{"template":"highway","enabled":false},"version":2}},"categories":[12],"tags":[],"class_list":{"0":"post-976","1":"post","2":"type-post","3":"status-publish","4":"format-standard","5":"has-post-thumbnail","7":"category-espectaculos"},"jetpack_publicize_connections":[],"yoast_head":"<!-- This site is optimized with the Yoast SEO plugin v27.3 - https:\/\/yoast.com\/product\/yoast-seo-wordpress\/ -->\n<title>Sabrina Rojas habl\u00f3 de su v\u00ednculo con Luciano Castro luego de que se los viera distanciados en un acto escolar - CLAN ESPECTACULOS<\/title>\n<meta name=\"robots\" content=\"index, follow, max-snippet:-1, max-image-preview:large, max-video-preview:-1\" \/>\n<link rel=\"canonical\" href=\"https:\/\/radioclanfm.com\/clanespectaculos\/sabrina-rojas-hablo-de-su-vinculo-con-luciano-castro-luego-de-que-se-los-viera-distanciados-en-un-acto-escolar\/\" \/>\n<meta property=\"og:locale\" content=\"es_ES\" \/>\n<meta property=\"og:type\" content=\"article\" \/>\n<meta property=\"og:title\" content=\"Sabrina Rojas habl\u00f3 de su v\u00ednculo con Luciano Castro luego de que se los viera distanciados en un acto escolar - CLAN ESPECTACULOS\" \/>\n<meta property=\"og:description\" content=\"Adem\u00e1s, la conductora se refiri\u00f3 a su presente sentimental en medio de rumores de separaci\u00f3n de Gabriel \u201cLechuga\u201d Li\u00f1ares. Sabrina Rojas\u00a0habl\u00f3 de su v\u00ednculo con\u00a0Luciano Castro\u00a0luego de que se los viera distanciados en un acto escolar. Adem\u00e1s, la conductora se refiri\u00f3 a su presente sentimental en medio de rumores de separaci\u00f3n de\u00a0Gabriel \u201cLechuga\u201d Li\u00f1ares. D\u00edas [&hellip;]\" \/>\n<meta property=\"og:url\" content=\"https:\/\/radioclanfm.com\/clanespectaculos\/sabrina-rojas-hablo-de-su-vinculo-con-luciano-castro-luego-de-que-se-los-viera-distanciados-en-un-acto-escolar\/\" \/>\n<meta property=\"og:site_name\" content=\"CLAN ESPECTACULOS\" \/>\n<meta property=\"article:publisher\" content=\"https:\/\/www.facebook.com\/clanespectaculos\/\" \/>\n<meta property=\"article:published_time\" content=\"2025-05-27T23:49:56+00:00\" \/>\n<meta property=\"og:image\" content=\"https:\/\/radioclanfm.com\/clanespectaculos\/wp-content\/uploads\/sites\/2\/2025\/05\/vxDR_Y1h.jpg\" \/>\n\t<meta property=\"og:image:width\" content=\"900\" \/>\n\t<meta property=\"og:image:height\" content=\"505\" \/>\n\t<meta property=\"og:image:type\" content=\"image\/jpeg\" \/>\n<meta name=\"author\" content=\"E-GRUPOCLAN\" \/>\n<meta name=\"twitter:card\" content=\"summary_large_image\" \/>\n<meta name=\"twitter:creator\" content=\"@clanespectok\" \/>\n<meta name=\"twitter:site\" content=\"@clanespectok\" \/>\n<meta name=\"twitter:label1\" content=\"Escrito por\" \/>\n\t<meta name=\"twitter:data1\" content=\"E-GRUPOCLAN\" \/>\n\t<meta name=\"twitter:label2\" content=\"Tiempo de lectura\" \/>\n\t<meta name=\"twitter:data2\" content=\"2 minutos\" \/>\n<script type=\"application\/ld+json\" class=\"yoast-schema-graph\">{\"@context\":\"https:\\\/\\\/schema.org\",\"@graph\":[{\"@type\":\"Article\",\"@id\":\"https:\\\/\\\/radioclanfm.com\\\/clanespectaculos\\\/sabrina-rojas-hablo-de-su-vinculo-con-luciano-castro-luego-de-que-se-los-viera-distanciados-en-un-acto-escolar\\\/#article\",\"isPartOf\":{\"@id\":\"https:\\\/\\\/radioclanfm.com\\\/clanespectaculos\\\/sabrina-rojas-hablo-de-su-vinculo-con-luciano-castro-luego-de-que-se-los-viera-distanciados-en-un-acto-escolar\\\/\"},\"author\":{\"name\":\"E-GRUPOCLAN\",\"@id\":\"https:\\\/\\\/radioclanfm.com\\\/clanespectaculos\\\/#\\\/schema\\\/person\\\/9734813083303230f3ad84d99171b20c\"},\"headline\":\"Sabrina Rojas habl\u00f3 de su v\u00ednculo con Luciano Castro luego de que se los viera distanciados en un acto escolar\",\"datePublished\":\"2025-05-27T23:49:56+00:00\",\"mainEntityOfPage\":{\"@id\":\"https:\\\/\\\/radioclanfm.com\\\/clanespectaculos\\\/sabrina-rojas-hablo-de-su-vinculo-con-luciano-castro-luego-de-que-se-los-viera-distanciados-en-un-acto-escolar\\\/\"},\"wordCount\":473,\"commentCount\":0,\"publisher\":{\"@id\":\"https:\\\/\\\/radioclanfm.com\\\/clanespectaculos\\\/#organization\"},\"image\":{\"@id\":\"https:\\\/\\\/radioclanfm.com\\\/clanespectaculos\\\/sabrina-rojas-hablo-de-su-vinculo-con-luciano-castro-luego-de-que-se-los-viera-distanciados-en-un-acto-escolar\\\/#primaryimage\"},\"thumbnailUrl\":\"https:\\\/\\\/radioclanfm.com\\\/clanespectaculos\\\/wp-content\\\/uploads\\\/sites\\\/2\\\/2025\\\/05\\\/vxDR_Y1h.jpg\",\"articleSection\":[\"Espectaculos\"],\"inLanguage\":\"es-AR\",\"potentialAction\":[{\"@type\":\"CommentAction\",\"name\":\"Comment\",\"target\":[\"https:\\\/\\\/radioclanfm.com\\\/clanespectaculos\\\/sabrina-rojas-hablo-de-su-vinculo-con-luciano-castro-luego-de-que-se-los-viera-distanciados-en-un-acto-escolar\\\/#respond\"]}]},{\"@type\":\"WebPage\",\"@id\":\"https:\\\/\\\/radioclanfm.com\\\/clanespectaculos\\\/sabrina-rojas-hablo-de-su-vinculo-con-luciano-castro-luego-de-que-se-los-viera-distanciados-en-un-acto-escolar\\\/\",\"url\":\"https:\\\/\\\/radioclanfm.com\\\/clanespectaculos\\\/sabrina-rojas-hablo-de-su-vinculo-con-luciano-castro-luego-de-que-se-los-viera-distanciados-en-un-acto-escolar\\\/\",\"name\":\"Sabrina Rojas habl\u00f3 de su v\u00ednculo con Luciano Castro luego de que se los viera distanciados en un acto escolar - CLAN ESPECTACULOS\",\"isPartOf\":{\"@id\":\"https:\\\/\\\/radioclanfm.com\\\/clanespectaculos\\\/#website\"},\"primaryImageOfPage\":{\"@id\":\"https:\\\/\\\/radioclanfm.com\\\/clanespectaculos\\\/sabrina-rojas-hablo-de-su-vinculo-con-luciano-castro-luego-de-que-se-los-viera-distanciados-en-un-acto-escolar\\\/#primaryimage\"},\"image\":{\"@id\":\"https:\\\/\\\/radioclanfm.com\\\/clanespectaculos\\\/sabrina-rojas-hablo-de-su-vinculo-con-luciano-castro-luego-de-que-se-los-viera-distanciados-en-un-acto-escolar\\\/#primaryimage\"},\"thumbnailUrl\":\"https:\\\/\\\/radioclanfm.com\\\/clanespectaculos\\\/wp-content\\\/uploads\\\/sites\\\/2\\\/2025\\\/05\\\/vxDR_Y1h.jpg\",\"datePublished\":\"2025-05-27T23:49:56+00:00\",\"breadcrumb\":{\"@id\":\"https:\\\/\\\/radioclanfm.com\\\/clanespectaculos\\\/sabrina-rojas-hablo-de-su-vinculo-con-luciano-castro-luego-de-que-se-los-viera-distanciados-en-un-acto-escolar\\\/#breadcrumb\"},\"inLanguage\":\"es-AR\",\"potentialAction\":[{\"@type\":\"ReadAction\",\"target\":[\"https:\\\/\\\/radioclanfm.com\\\/clanespectaculos\\\/sabrina-rojas-hablo-de-su-vinculo-con-luciano-castro-luego-de-que-se-los-viera-distanciados-en-un-acto-escolar\\\/\"]}]},{\"@type\":\"ImageObject\",\"inLanguage\":\"es-AR\",\"@id\":\"https:\\\/\\\/radioclanfm.com\\\/clanespectaculos\\\/sabrina-rojas-hablo-de-su-vinculo-con-luciano-castro-luego-de-que-se-los-viera-distanciados-en-un-acto-escolar\\\/#primaryimage\",\"url\":\"https:\\\/\\\/radioclanfm.com\\\/clanespectaculos\\\/wp-content\\\/uploads\\\/sites\\\/2\\\/2025\\\/05\\\/vxDR_Y1h.jpg\",\"contentUrl\":\"https:\\\/\\\/radioclanfm.com\\\/clanespectaculos\\\/wp-content\\\/uploads\\\/sites\\\/2\\\/2025\\\/05\\\/vxDR_Y1h.jpg\",\"width\":900,\"height\":505},{\"@type\":\"BreadcrumbList\",\"@id\":\"https:\\\/\\\/radioclanfm.com\\\/clanespectaculos\\\/sabrina-rojas-hablo-de-su-vinculo-con-luciano-castro-luego-de-que-se-los-viera-distanciados-en-un-acto-escolar\\\/#breadcrumb\",\"itemListElement\":[{\"@type\":\"ListItem\",\"position\":1,\"name\":\"Inicio\",\"item\":\"https:\\\/\\\/radioclanfm.com\\\/clanespectaculos\\\/\"},{\"@type\":\"ListItem\",\"position\":2,\"name\":\"Sabrina Rojas habl\u00f3 de su v\u00ednculo con Luciano Castro luego de que se los viera distanciados en un acto escolar\"}]},{\"@type\":\"WebSite\",\"@id\":\"https:\\\/\\\/radioclanfm.com\\\/clanespectaculos\\\/#website\",\"url\":\"https:\\\/\\\/radioclanfm.com\\\/clanespectaculos\\\/\",\"name\":\"CLAN ESPECTACULOS\",\"description\":\"\",\"publisher\":{\"@id\":\"https:\\\/\\\/radioclanfm.com\\\/clanespectaculos\\\/#organization\"},\"potentialAction\":[{\"@type\":\"SearchAction\",\"target\":{\"@type\":\"EntryPoint\",\"urlTemplate\":\"https:\\\/\\\/radioclanfm.com\\\/clanespectaculos\\\/?s={search_term_string}\"},\"query-input\":{\"@type\":\"PropertyValueSpecification\",\"valueRequired\":true,\"valueName\":\"search_term_string\"}}],\"inLanguage\":\"es-AR\"},{\"@type\":\"Organization\",\"@id\":\"https:\\\/\\\/radioclanfm.com\\\/clanespectaculos\\\/#organization\",\"name\":\"CLAN ESPECTACULOS\",\"url\":\"https:\\\/\\\/radioclanfm.com\\\/clanespectaculos\\\/\",\"logo\":{\"@type\":\"ImageObject\",\"inLanguage\":\"es-AR\",\"@id\":\"https:\\\/\\\/radioclanfm.com\\\/clanespectaculos\\\/#\\\/schema\\\/logo\\\/image\\\/\",\"url\":\"https:\\\/\\\/radioclanfm.com\\\/clanespectaculos\\\/wp-content\\\/uploads\\\/sites\\\/2\\\/2026\\\/04\\\/ChatGPT-Image-23-mar-2026-10_09_00.png\",\"contentUrl\":\"https:\\\/\\\/radioclanfm.com\\\/clanespectaculos\\\/wp-content\\\/uploads\\\/sites\\\/2\\\/2026\\\/04\\\/ChatGPT-Image-23-mar-2026-10_09_00.png\",\"width\":1024,\"height\":1024,\"caption\":\"CLAN ESPECTACULOS\"},\"image\":{\"@id\":\"https:\\\/\\\/radioclanfm.com\\\/clanespectaculos\\\/#\\\/schema\\\/logo\\\/image\\\/\"},\"sameAs\":[\"https:\\\/\\\/www.facebook.com\\\/clanespectaculos\\\/\",\"https:\\\/\\\/x.com\\\/clanespectok\"]},{\"@type\":\"Person\",\"@id\":\"https:\\\/\\\/radioclanfm.com\\\/clanespectaculos\\\/#\\\/schema\\\/person\\\/9734813083303230f3ad84d99171b20c\",\"name\":\"E-GRUPOCLAN\",\"image\":{\"@type\":\"ImageObject\",\"inLanguage\":\"es-AR\",\"@id\":\"https:\\\/\\\/secure.gravatar.com\\\/avatar\\\/af6e19837c3d6a212034a48c7b3818d2ac1826f6025df0155da5a186ad321d79?s=96&d=mm&r=g\",\"url\":\"https:\\\/\\\/secure.gravatar.com\\\/avatar\\\/af6e19837c3d6a212034a48c7b3818d2ac1826f6025df0155da5a186ad321d79?s=96&d=mm&r=g\",\"contentUrl\":\"https:\\\/\\\/secure.gravatar.com\\\/avatar\\\/af6e19837c3d6a212034a48c7b3818d2ac1826f6025df0155da5a186ad321d79?s=96&d=mm&r=g\",\"caption\":\"E-GRUPOCLAN\"},\"sameAs\":[\"https:\\\/\\\/radioclanfm.com\"],\"url\":\"https:\\\/\\\/radioclanfm.com\\\/clanespectaculos\\\/author\\\/admin\\\/\"}]}<\/script>\n<!-- \/ Yoast SEO plugin. -->","yoast_head_json":{"title":"Sabrina Rojas habl\u00f3 de su v\u00ednculo con Luciano Castro luego de que se los viera distanciados en un acto escolar - CLAN ESPECTACULOS","robots":{"index":"index","follow":"follow","max-snippet":"max-snippet:-1","max-image-preview":"max-image-preview:large","max-video-preview":"max-video-preview:-1"},"canonical":"https:\/\/radioclanfm.com\/clanespectaculos\/sabrina-rojas-hablo-de-su-vinculo-con-luciano-castro-luego-de-que-se-los-viera-distanciados-en-un-acto-escolar\/","og_locale":"es_ES","og_type":"article","og_title":"Sabrina Rojas habl\u00f3 de su v\u00ednculo con Luciano Castro luego de que se los viera distanciados en un acto escolar - CLAN ESPECTACULOS","og_description":"Adem\u00e1s, la conductora se refiri\u00f3 a su presente sentimental en medio de rumores de separaci\u00f3n de Gabriel \u201cLechuga\u201d Li\u00f1ares. Sabrina Rojas\u00a0habl\u00f3 de su v\u00ednculo con\u00a0Luciano Castro\u00a0luego de que se los viera distanciados en un acto escolar. Adem\u00e1s, la conductora se refiri\u00f3 a su presente sentimental en medio de rumores de separaci\u00f3n de\u00a0Gabriel \u201cLechuga\u201d Li\u00f1ares. D\u00edas [&hellip;]","og_url":"https:\/\/radioclanfm.com\/clanespectaculos\/sabrina-rojas-hablo-de-su-vinculo-con-luciano-castro-luego-de-que-se-los-viera-distanciados-en-un-acto-escolar\/","og_site_name":"CLAN ESPECTACULOS","article_publisher":"https:\/\/www.facebook.com\/clanespectaculos\/","article_published_time":"2025-05-27T23:49:56+00:00","og_image":[{"width":900,"height":505,"url":"https:\/\/radioclanfm.com\/clanespectaculos\/wp-content\/uploads\/sites\/2\/2025\/05\/vxDR_Y1h.jpg","type":"image\/jpeg"}],"author":"E-GRUPOCLAN","twitter_card":"summary_large_image","twitter_creator":"@clanespectok","twitter_site":"@clanespectok","twitter_misc":{"Escrito por":"E-GRUPOCLAN","Tiempo de lectura":"2 minutos"},"schema":{"@context":"https:\/\/schema.org","@graph":[{"@type":"Article","@id":"https:\/\/radioclanfm.com\/clanespectaculos\/sabrina-rojas-hablo-de-su-vinculo-con-luciano-castro-luego-de-que-se-los-viera-distanciados-en-un-acto-escolar\/#article","isPartOf":{"@id":"https:\/\/radioclanfm.com\/clanespectaculos\/sabrina-rojas-hablo-de-su-vinculo-con-luciano-castro-luego-de-que-se-los-viera-distanciados-en-un-acto-escolar\/"},"author":{"name":"E-GRUPOCLAN","@id":"https:\/\/radioclanfm.com\/clanespectaculos\/#\/schema\/person\/9734813083303230f3ad84d99171b20c"},"headline":"Sabrina Rojas habl\u00f3 de su v\u00ednculo con Luciano Castro luego de que se los viera distanciados en un acto escolar","datePublished":"2025-05-27T23:49:56+00:00","mainEntityOfPage":{"@id":"https:\/\/radioclanfm.com\/clanespectaculos\/sabrina-rojas-hablo-de-su-vinculo-con-luciano-castro-luego-de-que-se-los-viera-distanciados-en-un-acto-escolar\/"},"wordCount":473,"commentCount":0,"publisher":{"@id":"https:\/\/radioclanfm.com\/clanespectaculos\/#organization"},"image":{"@id":"https:\/\/radioclanfm.com\/clanespectaculos\/sabrina-rojas-hablo-de-su-vinculo-con-luciano-castro-luego-de-que-se-los-viera-distanciados-en-un-acto-escolar\/#primaryimage"},"thumbnailUrl":"https:\/\/radioclanfm.com\/clanespectaculos\/wp-content\/uploads\/sites\/2\/2025\/05\/vxDR_Y1h.jpg","articleSection":["Espectaculos"],"inLanguage":"es-AR","potentialAction":[{"@type":"CommentAction","name":"Comment","target":["https:\/\/radioclanfm.com\/clanespectaculos\/sabrina-rojas-hablo-de-su-vinculo-con-luciano-castro-luego-de-que-se-los-viera-distanciados-en-un-acto-escolar\/#respond"]}]},{"@type":"WebPage","@id":"https:\/\/radioclanfm.com\/clanespectaculos\/sabrina-rojas-hablo-de-su-vinculo-con-luciano-castro-luego-de-que-se-los-viera-distanciados-en-un-acto-escolar\/","url":"https:\/\/radioclanfm.com\/clanespectaculos\/sabrina-rojas-hablo-de-su-vinculo-con-luciano-castro-luego-de-que-se-los-viera-distanciados-en-un-acto-escolar\/","name":"Sabrina Rojas habl\u00f3 de su v\u00ednculo con Luciano Castro luego de que se los viera distanciados en un acto escolar - CLAN ESPECTACULOS","isPartOf":{"@id":"https:\/\/radioclanfm.com\/clanespectaculos\/#website"},"primaryImageOfPage":{"@id":"https:\/\/radioclanfm.com\/clanespectaculos\/sabrina-rojas-hablo-de-su-vinculo-con-luciano-castro-luego-de-que-se-los-viera-distanciados-en-un-acto-escolar\/#primaryimage"},"image":{"@id":"https:\/\/radioclanfm.com\/clanespectaculos\/sabrina-rojas-hablo-de-su-vinculo-con-luciano-castro-luego-de-que-se-los-viera-distanciados-en-un-acto-escolar\/#primaryimage"},"thumbnailUrl":"https:\/\/radioclanfm.com\/clanespectaculos\/wp-content\/uploads\/sites\/2\/2025\/05\/vxDR_Y1h.jpg","datePublished":"2025-05-27T23:49:56+00:00","breadcrumb":{"@id":"https:\/\/radioclanfm.com\/clanespectaculos\/sabrina-rojas-hablo-de-su-vinculo-con-luciano-castro-luego-de-que-se-los-viera-distanciados-en-un-acto-escolar\/#breadcrumb"},"inLanguage":"es-AR","potentialAction":[{"@type":"ReadAction","target":["https:\/\/radioclanfm.com\/clanespectaculos\/sabrina-rojas-hablo-de-su-vinculo-con-luciano-castro-luego-de-que-se-los-viera-distanciados-en-un-acto-escolar\/"]}]},{"@type":"ImageObject","inLanguage":"es-AR","@id":"https:\/\/radioclanfm.com\/clanespectaculos\/sabrina-rojas-hablo-de-su-vinculo-con-luciano-castro-luego-de-que-se-los-viera-distanciados-en-un-acto-escolar\/#primaryimage","url":"https:\/\/radioclanfm.com\/clanespectaculos\/wp-content\/uploads\/sites\/2\/2025\/05\/vxDR_Y1h.jpg","contentUrl":"https:\/\/radioclanfm.com\/clanespectaculos\/wp-content\/uploads\/sites\/2\/2025\/05\/vxDR_Y1h.jpg","width":900,"height":505},{"@type":"BreadcrumbList","@id":"https:\/\/radioclanfm.com\/clanespectaculos\/sabrina-rojas-hablo-de-su-vinculo-con-luciano-castro-luego-de-que-se-los-viera-distanciados-en-un-acto-escolar\/#breadcrumb","itemListElement":[{"@type":"ListItem","position":1,"name":"Inicio","item":"https:\/\/radioclanfm.com\/clanespectaculos\/"},{"@type":"ListItem","position":2,"name":"Sabrina Rojas habl\u00f3 de su v\u00ednculo con Luciano Castro luego de que se los viera distanciados en un acto escolar"}]},{"@type":"WebSite","@id":"https:\/\/radioclanfm.com\/clanespectaculos\/#website","url":"https:\/\/radioclanfm.com\/clanespectaculos\/","name":"CLAN ESPECTACULOS","description":"","publisher":{"@id":"https:\/\/radioclanfm.com\/clanespectaculos\/#organization"},"potentialAction":[{"@type":"SearchAction","target":{"@type":"EntryPoint","urlTemplate":"https:\/\/radioclanfm.com\/clanespectaculos\/?s={search_term_string}"},"query-input":{"@type":"PropertyValueSpecification","valueRequired":true,"valueName":"search_term_string"}}],"inLanguage":"es-AR"},{"@type":"Organization","@id":"https:\/\/radioclanfm.com\/clanespectaculos\/#organization","name":"CLAN ESPECTACULOS","url":"https:\/\/radioclanfm.com\/clanespectaculos\/","logo":{"@type":"ImageObject","inLanguage":"es-AR","@id":"https:\/\/radioclanfm.com\/clanespectaculos\/#\/schema\/logo\/image\/","url":"https:\/\/radioclanfm.com\/clanespectaculos\/wp-content\/uploads\/sites\/2\/2026\/04\/ChatGPT-Image-23-mar-2026-10_09_00.png","contentUrl":"https:\/\/radioclanfm.com\/clanespectaculos\/wp-content\/uploads\/sites\/2\/2026\/04\/ChatGPT-Image-23-mar-2026-10_09_00.png","width":1024,"height":1024,"caption":"CLAN ESPECTACULOS"},"image":{"@id":"https:\/\/radioclanfm.com\/clanespectaculos\/#\/schema\/logo\/image\/"},"sameAs":["https:\/\/www.facebook.com\/clanespectaculos\/","https:\/\/x.com\/clanespectok"]},{"@type":"Person","@id":"https:\/\/radioclanfm.com\/clanespectaculos\/#\/schema\/person\/9734813083303230f3ad84d99171b20c","name":"E-GRUPOCLAN","image":{"@type":"ImageObject","inLanguage":"es-AR","@id":"https:\/\/secure.gravatar.com\/avatar\/af6e19837c3d6a212034a48c7b3818d2ac1826f6025df0155da5a186ad321d79?s=96&d=mm&r=g","url":"https:\/\/secure.gravatar.com\/avatar\/af6e19837c3d6a212034a48c7b3818d2ac1826f6025df0155da5a186ad321d79?s=96&d=mm&r=g","contentUrl":"https:\/\/secure.gravatar.com\/avatar\/af6e19837c3d6a212034a48c7b3818d2ac1826f6025df0155da5a186ad321d79?s=96&d=mm&r=g","caption":"E-GRUPOCLAN"},"sameAs":["https:\/\/radioclanfm.com"],"url":"https:\/\/radioclanfm.com\/clanespectaculos\/author\/admin\/"}]}},"_links":{"self":[{"href":"https:\/\/radioclanfm.com\/clanespectaculos\/wp-json\/wp\/v2\/posts\/976","targetHints":{"allow":["GET"]}}],"collection":[{"href":"https:\/\/radioclanfm.com\/clanespectaculos\/wp-json\/wp\/v2\/posts"}],"about":[{"href":"https:\/\/radioclanfm.com\/clanespectaculos\/wp-json\/wp\/v2\/types\/post"}],"author":[{"embeddable":true,"href":"https:\/\/radioclanfm.com\/clanespectaculos\/wp-json\/wp\/v2\/users\/1"}],"replies":[{"embeddable":true,"href":"https:\/\/radioclanfm.com\/clanespectaculos\/wp-json\/wp\/v2\/comments?post=976"}],"version-history":[{"count":1,"href":"https:\/\/radioclanfm.com\/clanespectaculos\/wp-json\/wp\/v2\/posts\/976\/revisions"}],"predecessor-version":[{"id":980,"href":"https:\/\/radioclanfm.com\/clanespectaculos\/wp-json\/wp\/v2\/posts\/976\/revisions\/980"}],"wp:featuredmedia":[{"embeddable":true,"href":"https:\/\/radioclanfm.com\/clanespectaculos\/wp-json\/wp\/v2\/media\/979"}],"wp:attachment":[{"href":"https:\/\/radioclanfm.com\/clanespectaculos\/wp-json\/wp\/v2\/media?parent=976"}],"wp:term":[{"taxonomy":"category","embeddable":true,"href":"https:\/\/radioclanfm.com\/clanespectaculos\/wp-json\/wp\/v2\/categories?post=976"},{"taxonomy":"post_tag","embeddable":true,"href":"https:\/\/radioclanfm.com\/clanespectaculos\/wp-json\/wp\/v2\/tags?post=976"}],"curies":[{"name":"wp","href":"https:\/\/api.w.org\/{rel}","templated":true}]}}