{"id":960,"date":"2025-05-24T15:49:26","date_gmt":"2025-05-24T18:49:26","guid":{"rendered":"https:\/\/radioclanfm.com\/clanespectaculos\/?p=960"},"modified":"2025-05-24T15:49:26","modified_gmt":"2025-05-24T18:49:26","slug":"les-impide-el-contacto-mauro-icardi-se-canso-y-denuncio-a-wanda-nara-publicamente","status":"publish","type":"post","link":"https:\/\/radioclanfm.com\/clanespectaculos\/les-impide-el-contacto-mauro-icardi-se-canso-y-denuncio-a-wanda-nara-publicamente\/","title":{"rendered":"\u00abLes impide el contacto\u00bb: Mauro Icardi se cans\u00f3 y denunci\u00f3 a Wanda Nara p\u00fablicamente"},"content":{"rendered":"<div class=\"zox-post-body left zoxrel zox100\">\n<p>ARGENTINA.- Las cosas parecen nunca terminar de arreglarse entre\u00a0<strong>Mauro Icardi<\/strong>\u00a0y Wanda Nara. En las \u00faltimas horas, se registr\u00f3 un nuevo reclamo del deportista contra la modelo, relacionado con sus hijas. En sus declaraciones, dej\u00f3 en claro que Wanda no le permite a las j\u00f3venes hablar con \u00e9l.<\/p>\n<p>La protesta de Icardi se desarroll\u00f3 en sus historias de Instagram, mientras pasa un tiempo en Turqu\u00eda, estando bajo las \u00f3rdenes del Galatasaray. El deportista espera poder seguir con la revinculaci\u00f3n de sus hijas, pero reporta que Wanda Nara no lo deja comunicarse con ellas.<\/p>\n<div class=\"google-auto-placed ap_container\"><ins class=\"adsbygoogle adsbygoogle-noablate\" data-ad-format=\"auto\" data-ad-client=\"ca-pub-7781556717282971\" data-adsbygoogle-status=\"done\" data-ad-status=\"filled\"><\/p>\n<div id=\"aswift_2_host\"><\/div>\n<p><\/ins><\/div>\n<p>Exactamente,\u00a0<strong>Mauro Icardi<\/strong>\u00a0dijo: \u00abOtra noche sin hablar con mis hijas!! La MADRE les impide el contacto como viene haciendo hace 6 meses!!! Falta poco mis peque\u00f1as princesas. Las Amo!!!\u00bb. El famoso espera tener buenas noticias de parte de la Justicia en poco tiempo.<\/p>\n<p>No se trata de la primera queja de Icardi, debido a que d\u00edas atr\u00e1s, lanz\u00f3 un extenso comunicado en donde expresaba su descontento con varias situaciones. Se espera que la Justicia pueda comenzar con las resoluciones de manera clara en las pr\u00f3ximas semanas.<\/p>\n<p>Claramente, el esc\u00e1ndalo de Mauro Icardi y Wanda Nara est\u00e1 lejos de terminar, con los dos denunci\u00e1ndose de manera cruzada todo el tiempo. En las redes sociales, hay gente que apoya tanto a Icardi como a Nara, por lo que el asunto genera mucha repercusi\u00f3n en los medios de comunicaci\u00f3n.<\/p>\n<div class=\"wp-block-image\">\n<figure class=\"aligncenter size-full\"><img loading=\"lazy\" decoding=\"async\" class=\"wp-image-2203944\" src=\"https:\/\/i0.wp.com\/elintransigente.com\/wp-content\/uploads\/2025\/05\/Sin-titulo-5-15.png?resize=452%2C674&amp;ssl=1\" sizes=\"auto, (max-width: 452px) 100vw, 452px\" srcset=\"https:\/\/i0.wp.com\/elintransigente.com\/wp-content\/uploads\/2025\/05\/Sin-titulo-5-15.png?w=452&amp;ssl=1 452w, https:\/\/i0.wp.com\/elintransigente.com\/wp-content\/uploads\/2025\/05\/Sin-titulo-5-15.png?resize=201%2C300&amp;ssl=1 201w\" alt=\"\" width=\"452\" height=\"674\" data-recalc-dims=\"1\" \/><\/figure>\n<\/div>\n<p>&nbsp;<\/p>\n<\/div>\n<div class=\"zox-post-body-bot left zoxrel zox100\">\n<div class=\"zox-post-body-width\">\n<div class=\"zox-post-tags left zoxrel zox100\"><\/div>\n<\/div>\n<\/div>\n","protected":false},"excerpt":{"rendered":"<p>ARGENTINA.- Las cosas parecen nunca terminar de arreglarse entre\u00a0Mauro Icardi\u00a0y Wanda Nara. En las \u00faltimas horas, se registr\u00f3 un nuevo reclamo del deportista contra la modelo, relacionado con sus hijas. En sus declaraciones, dej\u00f3 en claro que Wanda no le permite a las j\u00f3venes hablar con \u00e9l. La protesta de Icardi se desarroll\u00f3 en sus [&hellip;]<\/p>\n","protected":false},"author":1,"featured_media":963,"comment_status":"open","ping_status":"open","sticky":false,"template":"","format":"standard","meta":{"rop_custom_images_group":[],"rop_custom_messages_group":[],"rop_publish_now":"initial","rop_publish_now_accounts":[],"rop_publish_now_history":[],"rop_publish_now_status":"pending","footnotes":"","jetpack_publicize_message":"","jetpack_publicize_feature_enabled":true,"jetpack_social_post_already_shared":true,"jetpack_social_options":{"image_generator_settings":{"template":"highway","enabled":false},"version":2}},"categories":[12],"tags":[],"class_list":{"0":"post-960","1":"post","2":"type-post","3":"status-publish","4":"format-standard","5":"has-post-thumbnail","7":"category-espectaculos"},"jetpack_publicize_connections":[],"yoast_head":"<!-- This site is optimized with the Yoast SEO plugin v27.3 - https:\/\/yoast.com\/product\/yoast-seo-wordpress\/ -->\n<title>\u00abLes impide el contacto\u00bb: Mauro Icardi se cans\u00f3 y denunci\u00f3 a Wanda Nara p\u00fablicamente - CLAN ESPECTACULOS<\/title>\n<meta name=\"robots\" content=\"index, follow, max-snippet:-1, max-image-preview:large, max-video-preview:-1\" \/>\n<link rel=\"canonical\" href=\"https:\/\/radioclanfm.com\/clanespectaculos\/les-impide-el-contacto-mauro-icardi-se-canso-y-denuncio-a-wanda-nara-publicamente\/\" \/>\n<meta property=\"og:locale\" content=\"es_ES\" \/>\n<meta property=\"og:type\" content=\"article\" \/>\n<meta property=\"og:title\" content=\"\u00abLes impide el contacto\u00bb: Mauro Icardi se cans\u00f3 y denunci\u00f3 a Wanda Nara p\u00fablicamente - CLAN ESPECTACULOS\" \/>\n<meta property=\"og:description\" content=\"ARGENTINA.- Las cosas parecen nunca terminar de arreglarse entre\u00a0Mauro Icardi\u00a0y Wanda Nara. En las \u00faltimas horas, se registr\u00f3 un nuevo reclamo del deportista contra la modelo, relacionado con sus hijas. En sus declaraciones, dej\u00f3 en claro que Wanda no le permite a las j\u00f3venes hablar con \u00e9l. La protesta de Icardi se desarroll\u00f3 en sus [&hellip;]\" \/>\n<meta property=\"og:url\" content=\"https:\/\/radioclanfm.com\/clanespectaculos\/les-impide-el-contacto-mauro-icardi-se-canso-y-denuncio-a-wanda-nara-publicamente\/\" \/>\n<meta property=\"og:site_name\" content=\"CLAN ESPECTACULOS\" \/>\n<meta property=\"article:publisher\" content=\"https:\/\/www.facebook.com\/clanespectaculos\/\" \/>\n<meta property=\"article:published_time\" content=\"2025-05-24T18:49:26+00:00\" \/>\n<meta property=\"og:image\" content=\"https:\/\/radioclanfm.com\/clanespectaculos\/wp-content\/uploads\/sites\/2\/2025\/05\/wanda-nara-mauro-icardi.webp\" \/>\n\t<meta property=\"og:image:width\" content=\"1200\" \/>\n\t<meta property=\"og:image:height\" content=\"800\" \/>\n\t<meta property=\"og:image:type\" content=\"image\/webp\" \/>\n<meta name=\"author\" content=\"E-GRUPOCLAN\" \/>\n<meta name=\"twitter:card\" content=\"summary_large_image\" \/>\n<meta name=\"twitter:creator\" content=\"@clanespectok\" \/>\n<meta name=\"twitter:site\" content=\"@clanespectok\" \/>\n<meta name=\"twitter:label1\" content=\"Escrito por\" \/>\n\t<meta name=\"twitter:data1\" content=\"E-GRUPOCLAN\" \/>\n\t<meta name=\"twitter:label2\" content=\"Tiempo de lectura\" \/>\n\t<meta name=\"twitter:data2\" content=\"1 minuto\" \/>\n<script type=\"application\/ld+json\" class=\"yoast-schema-graph\">{\"@context\":\"https:\\\/\\\/schema.org\",\"@graph\":[{\"@type\":\"Article\",\"@id\":\"https:\\\/\\\/radioclanfm.com\\\/clanespectaculos\\\/les-impide-el-contacto-mauro-icardi-se-canso-y-denuncio-a-wanda-nara-publicamente\\\/#article\",\"isPartOf\":{\"@id\":\"https:\\\/\\\/radioclanfm.com\\\/clanespectaculos\\\/les-impide-el-contacto-mauro-icardi-se-canso-y-denuncio-a-wanda-nara-publicamente\\\/\"},\"author\":{\"name\":\"E-GRUPOCLAN\",\"@id\":\"https:\\\/\\\/radioclanfm.com\\\/clanespectaculos\\\/#\\\/schema\\\/person\\\/9734813083303230f3ad84d99171b20c\"},\"headline\":\"\u00abLes impide el contacto\u00bb: Mauro Icardi se cans\u00f3 y denunci\u00f3 a Wanda Nara p\u00fablicamente\",\"datePublished\":\"2025-05-24T18:49:26+00:00\",\"mainEntityOfPage\":{\"@id\":\"https:\\\/\\\/radioclanfm.com\\\/clanespectaculos\\\/les-impide-el-contacto-mauro-icardi-se-canso-y-denuncio-a-wanda-nara-publicamente\\\/\"},\"wordCount\":258,\"commentCount\":0,\"publisher\":{\"@id\":\"https:\\\/\\\/radioclanfm.com\\\/clanespectaculos\\\/#organization\"},\"image\":{\"@id\":\"https:\\\/\\\/radioclanfm.com\\\/clanespectaculos\\\/les-impide-el-contacto-mauro-icardi-se-canso-y-denuncio-a-wanda-nara-publicamente\\\/#primaryimage\"},\"thumbnailUrl\":\"https:\\\/\\\/radioclanfm.com\\\/clanespectaculos\\\/wp-content\\\/uploads\\\/sites\\\/2\\\/2025\\\/05\\\/wanda-nara-mauro-icardi.webp\",\"articleSection\":[\"Espectaculos\"],\"inLanguage\":\"es-AR\",\"potentialAction\":[{\"@type\":\"CommentAction\",\"name\":\"Comment\",\"target\":[\"https:\\\/\\\/radioclanfm.com\\\/clanespectaculos\\\/les-impide-el-contacto-mauro-icardi-se-canso-y-denuncio-a-wanda-nara-publicamente\\\/#respond\"]}]},{\"@type\":\"WebPage\",\"@id\":\"https:\\\/\\\/radioclanfm.com\\\/clanespectaculos\\\/les-impide-el-contacto-mauro-icardi-se-canso-y-denuncio-a-wanda-nara-publicamente\\\/\",\"url\":\"https:\\\/\\\/radioclanfm.com\\\/clanespectaculos\\\/les-impide-el-contacto-mauro-icardi-se-canso-y-denuncio-a-wanda-nara-publicamente\\\/\",\"name\":\"\u00abLes impide el contacto\u00bb: Mauro Icardi se cans\u00f3 y denunci\u00f3 a Wanda Nara p\u00fablicamente - CLAN ESPECTACULOS\",\"isPartOf\":{\"@id\":\"https:\\\/\\\/radioclanfm.com\\\/clanespectaculos\\\/#website\"},\"primaryImageOfPage\":{\"@id\":\"https:\\\/\\\/radioclanfm.com\\\/clanespectaculos\\\/les-impide-el-contacto-mauro-icardi-se-canso-y-denuncio-a-wanda-nara-publicamente\\\/#primaryimage\"},\"image\":{\"@id\":\"https:\\\/\\\/radioclanfm.com\\\/clanespectaculos\\\/les-impide-el-contacto-mauro-icardi-se-canso-y-denuncio-a-wanda-nara-publicamente\\\/#primaryimage\"},\"thumbnailUrl\":\"https:\\\/\\\/radioclanfm.com\\\/clanespectaculos\\\/wp-content\\\/uploads\\\/sites\\\/2\\\/2025\\\/05\\\/wanda-nara-mauro-icardi.webp\",\"datePublished\":\"2025-05-24T18:49:26+00:00\",\"breadcrumb\":{\"@id\":\"https:\\\/\\\/radioclanfm.com\\\/clanespectaculos\\\/les-impide-el-contacto-mauro-icardi-se-canso-y-denuncio-a-wanda-nara-publicamente\\\/#breadcrumb\"},\"inLanguage\":\"es-AR\",\"potentialAction\":[{\"@type\":\"ReadAction\",\"target\":[\"https:\\\/\\\/radioclanfm.com\\\/clanespectaculos\\\/les-impide-el-contacto-mauro-icardi-se-canso-y-denuncio-a-wanda-nara-publicamente\\\/\"]}]},{\"@type\":\"ImageObject\",\"inLanguage\":\"es-AR\",\"@id\":\"https:\\\/\\\/radioclanfm.com\\\/clanespectaculos\\\/les-impide-el-contacto-mauro-icardi-se-canso-y-denuncio-a-wanda-nara-publicamente\\\/#primaryimage\",\"url\":\"https:\\\/\\\/radioclanfm.com\\\/clanespectaculos\\\/wp-content\\\/uploads\\\/sites\\\/2\\\/2025\\\/05\\\/wanda-nara-mauro-icardi.webp\",\"contentUrl\":\"https:\\\/\\\/radioclanfm.com\\\/clanespectaculos\\\/wp-content\\\/uploads\\\/sites\\\/2\\\/2025\\\/05\\\/wanda-nara-mauro-icardi.webp\",\"width\":1200,\"height\":800},{\"@type\":\"BreadcrumbList\",\"@id\":\"https:\\\/\\\/radioclanfm.com\\\/clanespectaculos\\\/les-impide-el-contacto-mauro-icardi-se-canso-y-denuncio-a-wanda-nara-publicamente\\\/#breadcrumb\",\"itemListElement\":[{\"@type\":\"ListItem\",\"position\":1,\"name\":\"Inicio\",\"item\":\"https:\\\/\\\/radioclanfm.com\\\/clanespectaculos\\\/\"},{\"@type\":\"ListItem\",\"position\":2,\"name\":\"\u00abLes impide el contacto\u00bb: Mauro Icardi se cans\u00f3 y denunci\u00f3 a Wanda Nara p\u00fablicamente\"}]},{\"@type\":\"WebSite\",\"@id\":\"https:\\\/\\\/radioclanfm.com\\\/clanespectaculos\\\/#website\",\"url\":\"https:\\\/\\\/radioclanfm.com\\\/clanespectaculos\\\/\",\"name\":\"CLAN ESPECTACULOS\",\"description\":\"\",\"publisher\":{\"@id\":\"https:\\\/\\\/radioclanfm.com\\\/clanespectaculos\\\/#organization\"},\"potentialAction\":[{\"@type\":\"SearchAction\",\"target\":{\"@type\":\"EntryPoint\",\"urlTemplate\":\"https:\\\/\\\/radioclanfm.com\\\/clanespectaculos\\\/?s={search_term_string}\"},\"query-input\":{\"@type\":\"PropertyValueSpecification\",\"valueRequired\":true,\"valueName\":\"search_term_string\"}}],\"inLanguage\":\"es-AR\"},{\"@type\":\"Organization\",\"@id\":\"https:\\\/\\\/radioclanfm.com\\\/clanespectaculos\\\/#organization\",\"name\":\"CLAN ESPECTACULOS\",\"url\":\"https:\\\/\\\/radioclanfm.com\\\/clanespectaculos\\\/\",\"logo\":{\"@type\":\"ImageObject\",\"inLanguage\":\"es-AR\",\"@id\":\"https:\\\/\\\/radioclanfm.com\\\/clanespectaculos\\\/#\\\/schema\\\/logo\\\/image\\\/\",\"url\":\"https:\\\/\\\/radioclanfm.com\\\/clanespectaculos\\\/wp-content\\\/uploads\\\/sites\\\/2\\\/2026\\\/04\\\/ChatGPT-Image-23-mar-2026-10_09_00.png\",\"contentUrl\":\"https:\\\/\\\/radioclanfm.com\\\/clanespectaculos\\\/wp-content\\\/uploads\\\/sites\\\/2\\\/2026\\\/04\\\/ChatGPT-Image-23-mar-2026-10_09_00.png\",\"width\":1024,\"height\":1024,\"caption\":\"CLAN ESPECTACULOS\"},\"image\":{\"@id\":\"https:\\\/\\\/radioclanfm.com\\\/clanespectaculos\\\/#\\\/schema\\\/logo\\\/image\\\/\"},\"sameAs\":[\"https:\\\/\\\/www.facebook.com\\\/clanespectaculos\\\/\",\"https:\\\/\\\/x.com\\\/clanespectok\"]},{\"@type\":\"Person\",\"@id\":\"https:\\\/\\\/radioclanfm.com\\\/clanespectaculos\\\/#\\\/schema\\\/person\\\/9734813083303230f3ad84d99171b20c\",\"name\":\"E-GRUPOCLAN\",\"image\":{\"@type\":\"ImageObject\",\"inLanguage\":\"es-AR\",\"@id\":\"https:\\\/\\\/secure.gravatar.com\\\/avatar\\\/af6e19837c3d6a212034a48c7b3818d2ac1826f6025df0155da5a186ad321d79?s=96&d=mm&r=g\",\"url\":\"https:\\\/\\\/secure.gravatar.com\\\/avatar\\\/af6e19837c3d6a212034a48c7b3818d2ac1826f6025df0155da5a186ad321d79?s=96&d=mm&r=g\",\"contentUrl\":\"https:\\\/\\\/secure.gravatar.com\\\/avatar\\\/af6e19837c3d6a212034a48c7b3818d2ac1826f6025df0155da5a186ad321d79?s=96&d=mm&r=g\",\"caption\":\"E-GRUPOCLAN\"},\"sameAs\":[\"https:\\\/\\\/radioclanfm.com\"],\"url\":\"https:\\\/\\\/radioclanfm.com\\\/clanespectaculos\\\/author\\\/admin\\\/\"}]}<\/script>\n<!-- \/ Yoast SEO plugin. -->","yoast_head_json":{"title":"\u00abLes impide el contacto\u00bb: Mauro Icardi se cans\u00f3 y denunci\u00f3 a Wanda Nara p\u00fablicamente - CLAN ESPECTACULOS","robots":{"index":"index","follow":"follow","max-snippet":"max-snippet:-1","max-image-preview":"max-image-preview:large","max-video-preview":"max-video-preview:-1"},"canonical":"https:\/\/radioclanfm.com\/clanespectaculos\/les-impide-el-contacto-mauro-icardi-se-canso-y-denuncio-a-wanda-nara-publicamente\/","og_locale":"es_ES","og_type":"article","og_title":"\u00abLes impide el contacto\u00bb: Mauro Icardi se cans\u00f3 y denunci\u00f3 a Wanda Nara p\u00fablicamente - CLAN ESPECTACULOS","og_description":"ARGENTINA.- Las cosas parecen nunca terminar de arreglarse entre\u00a0Mauro Icardi\u00a0y Wanda Nara. En las \u00faltimas horas, se registr\u00f3 un nuevo reclamo del deportista contra la modelo, relacionado con sus hijas. En sus declaraciones, dej\u00f3 en claro que Wanda no le permite a las j\u00f3venes hablar con \u00e9l. La protesta de Icardi se desarroll\u00f3 en sus [&hellip;]","og_url":"https:\/\/radioclanfm.com\/clanespectaculos\/les-impide-el-contacto-mauro-icardi-se-canso-y-denuncio-a-wanda-nara-publicamente\/","og_site_name":"CLAN ESPECTACULOS","article_publisher":"https:\/\/www.facebook.com\/clanespectaculos\/","article_published_time":"2025-05-24T18:49:26+00:00","og_image":[{"width":1200,"height":800,"url":"https:\/\/radioclanfm.com\/clanespectaculos\/wp-content\/uploads\/sites\/2\/2025\/05\/wanda-nara-mauro-icardi.webp","type":"image\/webp"}],"author":"E-GRUPOCLAN","twitter_card":"summary_large_image","twitter_creator":"@clanespectok","twitter_site":"@clanespectok","twitter_misc":{"Escrito por":"E-GRUPOCLAN","Tiempo de lectura":"1 minuto"},"schema":{"@context":"https:\/\/schema.org","@graph":[{"@type":"Article","@id":"https:\/\/radioclanfm.com\/clanespectaculos\/les-impide-el-contacto-mauro-icardi-se-canso-y-denuncio-a-wanda-nara-publicamente\/#article","isPartOf":{"@id":"https:\/\/radioclanfm.com\/clanespectaculos\/les-impide-el-contacto-mauro-icardi-se-canso-y-denuncio-a-wanda-nara-publicamente\/"},"author":{"name":"E-GRUPOCLAN","@id":"https:\/\/radioclanfm.com\/clanespectaculos\/#\/schema\/person\/9734813083303230f3ad84d99171b20c"},"headline":"\u00abLes impide el contacto\u00bb: Mauro Icardi se cans\u00f3 y denunci\u00f3 a Wanda Nara p\u00fablicamente","datePublished":"2025-05-24T18:49:26+00:00","mainEntityOfPage":{"@id":"https:\/\/radioclanfm.com\/clanespectaculos\/les-impide-el-contacto-mauro-icardi-se-canso-y-denuncio-a-wanda-nara-publicamente\/"},"wordCount":258,"commentCount":0,"publisher":{"@id":"https:\/\/radioclanfm.com\/clanespectaculos\/#organization"},"image":{"@id":"https:\/\/radioclanfm.com\/clanespectaculos\/les-impide-el-contacto-mauro-icardi-se-canso-y-denuncio-a-wanda-nara-publicamente\/#primaryimage"},"thumbnailUrl":"https:\/\/radioclanfm.com\/clanespectaculos\/wp-content\/uploads\/sites\/2\/2025\/05\/wanda-nara-mauro-icardi.webp","articleSection":["Espectaculos"],"inLanguage":"es-AR","potentialAction":[{"@type":"CommentAction","name":"Comment","target":["https:\/\/radioclanfm.com\/clanespectaculos\/les-impide-el-contacto-mauro-icardi-se-canso-y-denuncio-a-wanda-nara-publicamente\/#respond"]}]},{"@type":"WebPage","@id":"https:\/\/radioclanfm.com\/clanespectaculos\/les-impide-el-contacto-mauro-icardi-se-canso-y-denuncio-a-wanda-nara-publicamente\/","url":"https:\/\/radioclanfm.com\/clanespectaculos\/les-impide-el-contacto-mauro-icardi-se-canso-y-denuncio-a-wanda-nara-publicamente\/","name":"\u00abLes impide el contacto\u00bb: Mauro Icardi se cans\u00f3 y denunci\u00f3 a Wanda Nara p\u00fablicamente - CLAN ESPECTACULOS","isPartOf":{"@id":"https:\/\/radioclanfm.com\/clanespectaculos\/#website"},"primaryImageOfPage":{"@id":"https:\/\/radioclanfm.com\/clanespectaculos\/les-impide-el-contacto-mauro-icardi-se-canso-y-denuncio-a-wanda-nara-publicamente\/#primaryimage"},"image":{"@id":"https:\/\/radioclanfm.com\/clanespectaculos\/les-impide-el-contacto-mauro-icardi-se-canso-y-denuncio-a-wanda-nara-publicamente\/#primaryimage"},"thumbnailUrl":"https:\/\/radioclanfm.com\/clanespectaculos\/wp-content\/uploads\/sites\/2\/2025\/05\/wanda-nara-mauro-icardi.webp","datePublished":"2025-05-24T18:49:26+00:00","breadcrumb":{"@id":"https:\/\/radioclanfm.com\/clanespectaculos\/les-impide-el-contacto-mauro-icardi-se-canso-y-denuncio-a-wanda-nara-publicamente\/#breadcrumb"},"inLanguage":"es-AR","potentialAction":[{"@type":"ReadAction","target":["https:\/\/radioclanfm.com\/clanespectaculos\/les-impide-el-contacto-mauro-icardi-se-canso-y-denuncio-a-wanda-nara-publicamente\/"]}]},{"@type":"ImageObject","inLanguage":"es-AR","@id":"https:\/\/radioclanfm.com\/clanespectaculos\/les-impide-el-contacto-mauro-icardi-se-canso-y-denuncio-a-wanda-nara-publicamente\/#primaryimage","url":"https:\/\/radioclanfm.com\/clanespectaculos\/wp-content\/uploads\/sites\/2\/2025\/05\/wanda-nara-mauro-icardi.webp","contentUrl":"https:\/\/radioclanfm.com\/clanespectaculos\/wp-content\/uploads\/sites\/2\/2025\/05\/wanda-nara-mauro-icardi.webp","width":1200,"height":800},{"@type":"BreadcrumbList","@id":"https:\/\/radioclanfm.com\/clanespectaculos\/les-impide-el-contacto-mauro-icardi-se-canso-y-denuncio-a-wanda-nara-publicamente\/#breadcrumb","itemListElement":[{"@type":"ListItem","position":1,"name":"Inicio","item":"https:\/\/radioclanfm.com\/clanespectaculos\/"},{"@type":"ListItem","position":2,"name":"\u00abLes impide el contacto\u00bb: Mauro Icardi se cans\u00f3 y denunci\u00f3 a Wanda Nara p\u00fablicamente"}]},{"@type":"WebSite","@id":"https:\/\/radioclanfm.com\/clanespectaculos\/#website","url":"https:\/\/radioclanfm.com\/clanespectaculos\/","name":"CLAN ESPECTACULOS","description":"","publisher":{"@id":"https:\/\/radioclanfm.com\/clanespectaculos\/#organization"},"potentialAction":[{"@type":"SearchAction","target":{"@type":"EntryPoint","urlTemplate":"https:\/\/radioclanfm.com\/clanespectaculos\/?s={search_term_string}"},"query-input":{"@type":"PropertyValueSpecification","valueRequired":true,"valueName":"search_term_string"}}],"inLanguage":"es-AR"},{"@type":"Organization","@id":"https:\/\/radioclanfm.com\/clanespectaculos\/#organization","name":"CLAN ESPECTACULOS","url":"https:\/\/radioclanfm.com\/clanespectaculos\/","logo":{"@type":"ImageObject","inLanguage":"es-AR","@id":"https:\/\/radioclanfm.com\/clanespectaculos\/#\/schema\/logo\/image\/","url":"https:\/\/radioclanfm.com\/clanespectaculos\/wp-content\/uploads\/sites\/2\/2026\/04\/ChatGPT-Image-23-mar-2026-10_09_00.png","contentUrl":"https:\/\/radioclanfm.com\/clanespectaculos\/wp-content\/uploads\/sites\/2\/2026\/04\/ChatGPT-Image-23-mar-2026-10_09_00.png","width":1024,"height":1024,"caption":"CLAN ESPECTACULOS"},"image":{"@id":"https:\/\/radioclanfm.com\/clanespectaculos\/#\/schema\/logo\/image\/"},"sameAs":["https:\/\/www.facebook.com\/clanespectaculos\/","https:\/\/x.com\/clanespectok"]},{"@type":"Person","@id":"https:\/\/radioclanfm.com\/clanespectaculos\/#\/schema\/person\/9734813083303230f3ad84d99171b20c","name":"E-GRUPOCLAN","image":{"@type":"ImageObject","inLanguage":"es-AR","@id":"https:\/\/secure.gravatar.com\/avatar\/af6e19837c3d6a212034a48c7b3818d2ac1826f6025df0155da5a186ad321d79?s=96&d=mm&r=g","url":"https:\/\/secure.gravatar.com\/avatar\/af6e19837c3d6a212034a48c7b3818d2ac1826f6025df0155da5a186ad321d79?s=96&d=mm&r=g","contentUrl":"https:\/\/secure.gravatar.com\/avatar\/af6e19837c3d6a212034a48c7b3818d2ac1826f6025df0155da5a186ad321d79?s=96&d=mm&r=g","caption":"E-GRUPOCLAN"},"sameAs":["https:\/\/radioclanfm.com"],"url":"https:\/\/radioclanfm.com\/clanespectaculos\/author\/admin\/"}]}},"_links":{"self":[{"href":"https:\/\/radioclanfm.com\/clanespectaculos\/wp-json\/wp\/v2\/posts\/960","targetHints":{"allow":["GET"]}}],"collection":[{"href":"https:\/\/radioclanfm.com\/clanespectaculos\/wp-json\/wp\/v2\/posts"}],"about":[{"href":"https:\/\/radioclanfm.com\/clanespectaculos\/wp-json\/wp\/v2\/types\/post"}],"author":[{"embeddable":true,"href":"https:\/\/radioclanfm.com\/clanespectaculos\/wp-json\/wp\/v2\/users\/1"}],"replies":[{"embeddable":true,"href":"https:\/\/radioclanfm.com\/clanespectaculos\/wp-json\/wp\/v2\/comments?post=960"}],"version-history":[{"count":1,"href":"https:\/\/radioclanfm.com\/clanespectaculos\/wp-json\/wp\/v2\/posts\/960\/revisions"}],"predecessor-version":[{"id":964,"href":"https:\/\/radioclanfm.com\/clanespectaculos\/wp-json\/wp\/v2\/posts\/960\/revisions\/964"}],"wp:featuredmedia":[{"embeddable":true,"href":"https:\/\/radioclanfm.com\/clanespectaculos\/wp-json\/wp\/v2\/media\/963"}],"wp:attachment":[{"href":"https:\/\/radioclanfm.com\/clanespectaculos\/wp-json\/wp\/v2\/media?parent=960"}],"wp:term":[{"taxonomy":"category","embeddable":true,"href":"https:\/\/radioclanfm.com\/clanespectaculos\/wp-json\/wp\/v2\/categories?post=960"},{"taxonomy":"post_tag","embeddable":true,"href":"https:\/\/radioclanfm.com\/clanespectaculos\/wp-json\/wp\/v2\/tags?post=960"}],"curies":[{"name":"wp","href":"https:\/\/api.w.org\/{rel}","templated":true}]}}