{"id":895,"date":"2025-05-21T21:10:28","date_gmt":"2025-05-22T00:10:28","guid":{"rendered":"https:\/\/radioclanfm.com\/clanespectaculos\/?p=895"},"modified":"2025-05-21T21:10:28","modified_gmt":"2025-05-22T00:10:28","slug":"la-drastica-decision-de-nicolas-cabre-con-su-hija-rufina-tras-el-escandalo-de-la-china-suarez","status":"publish","type":"post","link":"https:\/\/radioclanfm.com\/clanespectaculos\/la-drastica-decision-de-nicolas-cabre-con-su-hija-rufina-tras-el-escandalo-de-la-china-suarez\/","title":{"rendered":"La dr\u00e1stica decisi\u00f3n de Nicol\u00e1s Cabr\u00e9 con su hija Rufina tras el esc\u00e1ndalo de la China Su\u00e1rez"},"content":{"rendered":"<div class=\"col-content\"><main class=\"col-content\"><\/p>\n<div class=\"default-article-color article__body article__article\">\n<p class=\"paragraph font__body-regular\">En las \u00faltimas horas,\u00a0<b>la China Su\u00e1rez<\/b>\u00a0estuvo en boca de todos por su cruce con Yanina Latorre y su posterior enojo con\u00a0<b>el CEO del estudio de abogados de Nicol\u00e1s Payarola<\/b>, letrado de\u00a0<b>Wanda Nara<\/b>, quien\u00a0<b>habr\u00eda hecho comentarios homof\u00f3bicos contra Amancio<\/b>, hijo de la actriz.<\/p>\n<div class=\"AV67f93cf033780503b00636a7\">\n<div id=\"aniBox\">\n<div id=\"aniplayer_AV67f93cf033780503b00636a7-1747872495171\">\n<div id=\"aniplayer_AV67f93cf033780503b00636a7-1747872495171gui\">\n<div id=\"av-caption\">\n<div id=\"av-close-btn-overlay\" class=\"av-pos-top-left\"><\/div>\n<\/div>\n<\/div>\n<\/div>\n<\/div>\n<\/div>\n<div id=\"ad-slot-infeed\" class=\"infeed-container ad-slot-infeed ad-slot\" data-adtype=\"infeed\" data-google-query-id=\"CJCCnrnktY0DFdqDYQYds4gK8w\">\n<div id=\"google_ads_iframe_\/113951150\/tn-arc\/nota\/infeed_0__container__\"><\/div>\n<\/div>\n<p class=\"paragraph font__body-regular\">Ante este esc\u00e1ndalo medi\u00e1tico,\u00a0<b>Nicol\u00e1s Cabr\u00e9<\/b>, quien tuvo a su hija\u00a0<b>Rufina<\/b>\u00a0con la ex<i>\u00a0Casi \u00c1ngeles<\/i>,\u00a0<b>habr\u00eda tomado una dr\u00e1stica decisi\u00f3n respecto a la menor de edad<\/b>.<\/p>\n<p class=\"paragraph font__body-regular\">De acuerdo con lo que cont\u00f3 Guido Zaffora al aire de<i>\u00a0El Diario de Mariana (Am\u00e9rica)<\/i>,\u00a0<b>el ex\u00a0<\/b><i><b>Son amores<\/b><\/i><b>\u00a0est\u00e1 furioso.<\/b><\/p>\n<figure class=\"\" data-testid=\"figure-testid\">\n<div class=\"aspect_ratio__container\"><picture class=\"responsive-image\"><source srcset=\"https:\/\/tn.com.ar\/resizer\/v2\/nicolas-cabre-no-quiere-que-la-china-suarez-siga-exponiendo-a-su-hija-foto-instagramnicolascabre80-ERUTT7VIZNEP3LKF5MG4TMLQRE.jpg?auth=fd0375820f3a5193ff7254ab9186cf5f0c7cc5c3c67dd74d9497d75897b5835f&amp;width=767\" type=\"image\/jpg\" media=\"(max-width: 728px)\" \/><source srcset=\"https:\/\/tn.com.ar\/resizer\/v2\/nicolas-cabre-no-quiere-que-la-china-suarez-siga-exponiendo-a-su-hija-foto-instagramnicolascabre80-ERUTT7VIZNEP3LKF5MG4TMLQRE.jpg?auth=fd0375820f3a5193ff7254ab9186cf5f0c7cc5c3c67dd74d9497d75897b5835f&amp;width=1023\" type=\"image\/jpg\" media=\"(max-width: 1023px)\" \/><source srcset=\"https:\/\/tn.com.ar\/resizer\/v2\/nicolas-cabre-no-quiere-que-la-china-suarez-siga-exponiendo-a-su-hija-foto-instagramnicolascabre80-ERUTT7VIZNEP3LKF5MG4TMLQRE.jpg?auth=fd0375820f3a5193ff7254ab9186cf5f0c7cc5c3c67dd74d9497d75897b5835f&amp;width=1440\" type=\"image\/jpg\" \/><img loading=\"lazy\" decoding=\"async\" class=\"image content-image image_placeholder\" src=\"https:\/\/tn.com.ar\/resizer\/v2\/nicolas-cabre-no-quiere-que-la-china-suarez-siga-exponiendo-a-su-hija-foto-instagramnicolascabre80-ERUTT7VIZNEP3LKF5MG4TMLQRE.jpg?auth=fd0375820f3a5193ff7254ab9186cf5f0c7cc5c3c67dd74d9497d75897b5835f&amp;width=767\" alt=\"Nicol\u00e1s Cabr\u00e9 no quiere que La China Su\u00e1rez siga exponiendo a su hija (Foto: Instagram\/nicolascabre80)\" width=\"767\" height=\"430\" data-testid=\"loading-testid\" \/><\/picture><\/div><figcaption class=\"caption_image\" data-testid=\"figcaption-testid\">\n<div class=\"image_caption \">Nicol\u00e1s Cabr\u00e9 no quiere que La China Su\u00e1rez siga exponiendo a su hija (Foto: Instagram\/nicolascabre80)<\/div>\n<\/figcaption><\/figure>\n<p class=\"paragraph font__body-regular\">\u201c<b>Se mete Cabr\u00e9, padre de Rufina, que siente exactamente lo mismo que Vicu\u00f1a y hace un tiempo largo, porque Rufina est\u00e1 expuesta<\/b>\u201d, comenz\u00f3 contando el panelista.<\/p>\n<p class=\"paragraph font__body-regular\">El periodista concluy\u00f3: \u201c<b>\u00c9l no quiere que su hija est\u00e9 expuesta en primeras planas<\/b>\u201d.<\/p>\n<h2 class=\"font--primary font__display\">Vicu\u00f1a estar\u00eda furioso con el supuesto abogado de Wanda Nara que habr\u00eda atacado en redes a su hijo Amancio<\/h2>\n<p class=\"paragraph font__body-regular\">Guillermo Gast\u00f3n L\u00f3pez, el CEO del estudio de abogados donde trabaja Nicol\u00e1s Payarola, letrado de Wanda Nara,\u00a0<b>habr\u00eda atacado en las redes a\u00a0<\/b><b>la China Su\u00e1rez<\/b><b>\u00a0y a su hijo Amancio<\/b>, sobre quien opin\u00f3 que tiene rasgos de \u201chomosexualidad infantil\u201d.<\/p>\n<p class=\"paragraph font__body-regular\">Pese a que el hombre neg\u00f3 categ\u00f3ricamente la publicaci\u00f3n y asegur\u00f3 que est\u00e1 editada,<b>\u00a0la misma habr\u00eda llegado a ojos de Benjam\u00edn Vicu\u00f1a, padre del nene de cuatro a\u00f1os.<\/b><\/p>\n<p class=\"paragraph font__body-regular\">Seg\u00fan cont\u00f3 el panelista del programa de Mariana Fabbiani,\u00a0<b>el actor chileno estar\u00eda muy enojado y dispuesto a tomar cartas en el asunto<\/b>.<\/p>\n<figure class=\"\" data-testid=\"figure-testid\">\n<div class=\"aspect_ratio__container\"><picture class=\"responsive-image\"><source srcset=\"https:\/\/tn.com.ar\/resizer\/v2\/benjamin-vicuna-es-papa-de-amancio-foto-instagrambenajminvicunaok-YI4NDW64IVB37JDWD73O2SWVA4.jpg?auth=c47bd7c6e159c77d54c6e7d25640aba2875783aeed39e01c16da99555928dfeb&amp;width=767\" type=\"image\/jpg\" media=\"(max-width: 728px)\" \/><source srcset=\"https:\/\/tn.com.ar\/resizer\/v2\/benjamin-vicuna-es-papa-de-amancio-foto-instagrambenajminvicunaok-YI4NDW64IVB37JDWD73O2SWVA4.jpg?auth=c47bd7c6e159c77d54c6e7d25640aba2875783aeed39e01c16da99555928dfeb&amp;width=1023\" type=\"image\/jpg\" media=\"(max-width: 1023px)\" \/><source srcset=\"https:\/\/tn.com.ar\/resizer\/v2\/benjamin-vicuna-es-papa-de-amancio-foto-instagrambenajminvicunaok-YI4NDW64IVB37JDWD73O2SWVA4.jpg?auth=c47bd7c6e159c77d54c6e7d25640aba2875783aeed39e01c16da99555928dfeb&amp;width=1440\" type=\"image\/jpg\" \/><img loading=\"lazy\" decoding=\"async\" class=\"image content-image image_placeholder\" src=\"https:\/\/tn.com.ar\/resizer\/v2\/benjamin-vicuna-es-papa-de-amancio-foto-instagrambenajminvicunaok-YI4NDW64IVB37JDWD73O2SWVA4.jpg?auth=c47bd7c6e159c77d54c6e7d25640aba2875783aeed39e01c16da99555928dfeb&amp;width=767\" alt=\"Benjam\u00edn Vicu\u00f1a es pap\u00e1 de Amancio (Foto: Instagram\/benajminvicuna.ok)\" width=\"767\" height=\"435\" data-testid=\"loading-testid\" \/><\/picture><\/div><figcaption class=\"caption_image\" data-testid=\"figcaption-testid\">\n<div class=\"image_caption \">Benjam\u00edn Vicu\u00f1a es pap\u00e1 de Amancio (Foto: Instagram\/benajminvicuna.ok)<\/div>\n<\/figcaption><\/figure>\n<p class=\"paragraph font__body-regular\">\u201cBenjam\u00edn Vicu\u00f1a se entera del comentario del abogado del Estudio Payarola, Guillermo Gast\u00f3n L\u00f3pez.\u00a0<b>Cuando se entera c\u00f3mo trata a su hijo, \u00e9l dijo basta<\/b>\u201c, relat\u00f3 el comunicador.<\/p>\n<p class=\"paragraph font__body-regular\">Asimismo, sum\u00f3 lo que habr\u00eda dicho el artista: &#8220;<b>Basta de exponer a mis hijos y medi\u00e1ticamente. A este tipo lo voy a buscar&#8221;.<\/b><\/p>\n<p class=\"paragraph font__body-regular\">\u201c<b>Estalla en furia. Se enoja con la China, \u00e9l es muy buen padre. Benjam\u00edn siente que hay un hostigamiento medi\u00e1tico hacia ellos<\/b>\u201d, sentenci\u00f3.<\/p>\n<p class=\"paragraph font__body-regular\">En las \u00faltimas horas, el estudio de Nicol\u00e1s Payarola emiti\u00f3 un comunicado en el que confirmaron la desvinculaci\u00f3n de L\u00f3pez.<\/p>\n<h2 class=\"font--primary font__display\">El supuesto abogado de Wanda Nara rompi\u00f3 el silencio y aclar\u00f3 los chats que filtr\u00f3 la China Su\u00e1rez<\/h2>\n<p class=\"paragraph font__body-regular\">Aunque fue se\u00f1alado como el abogado de Wanda Nara, el entrevistado aclar\u00f3 que no est\u00e1 involucrado en la defensa de la blonda: \u201c<b>Yo soy director del estudio jur\u00eddico<\/b>, soy de la parte empresarial del estudio. Soy quien se relaciona entre los abogados y los clientes. Nunca represent\u00e9 a Wanda Nara\u201d.<\/p>\n<figure class=\"\" data-testid=\"figure-testid\">\n<div class=\"aspect_ratio__container\"><picture class=\"responsive-image\"><source srcset=\"https:\/\/tn.com.ar\/resizer\/v2\/la-china-suarez-mostro-el-polemico-mensaje-que-recibio-foto-instagramsangrejaponesa-KUWL6KI4UNDOFBSCFBLDY4UZT4.jpeg?auth=bb2acf01ad80e1cd106f6a2298fec5b3a70010f18dec8a691031c2159b6c0df3&amp;width=767\" type=\"image\/jpg\" media=\"(max-width: 728px)\" \/><source srcset=\"https:\/\/tn.com.ar\/resizer\/v2\/la-china-suarez-mostro-el-polemico-mensaje-que-recibio-foto-instagramsangrejaponesa-KUWL6KI4UNDOFBSCFBLDY4UZT4.jpeg?auth=bb2acf01ad80e1cd106f6a2298fec5b3a70010f18dec8a691031c2159b6c0df3&amp;width=1023\" type=\"image\/jpg\" media=\"(max-width: 1023px)\" \/><source srcset=\"https:\/\/tn.com.ar\/resizer\/v2\/la-china-suarez-mostro-el-polemico-mensaje-que-recibio-foto-instagramsangrejaponesa-KUWL6KI4UNDOFBSCFBLDY4UZT4.jpeg?auth=bb2acf01ad80e1cd106f6a2298fec5b3a70010f18dec8a691031c2159b6c0df3&amp;width=1440\" type=\"image\/jpg\" \/><img loading=\"lazy\" decoding=\"async\" class=\"image content-image image_placeholder\" src=\"https:\/\/tn.com.ar\/resizer\/v2\/la-china-suarez-mostro-el-polemico-mensaje-que-recibio-foto-instagramsangrejaponesa-KUWL6KI4UNDOFBSCFBLDY4UZT4.jpeg?auth=bb2acf01ad80e1cd106f6a2298fec5b3a70010f18dec8a691031c2159b6c0df3&amp;width=767\" alt=\"La China Su\u00e1rez mostr\u00f3 el pol\u00e9mico mensaje que recibi\u00f3. (Foto: Instagram\/sangrejaponesa)\" width=\"767\" height=\"1336\" data-testid=\"loading-testid\" \/><\/picture><\/div><figcaption class=\"caption_image\" data-testid=\"figcaption-testid\">\n<div class=\"image_caption \">La China Su\u00e1rez mostr\u00f3 el pol\u00e9mico mensaje que recibi\u00f3. (Foto: Instagram\/sangrejaponesa)<\/div>\n<\/figcaption><\/figure>\n<p class=\"paragraph font__body-regular\">\u201cClaramente soy ajeno a la situaci\u00f3n.<b>Nadie en su sano juicio desde una cuenta verificada con su nombre, su empresa su apellido<\/b>, pondr\u00eda algo as\u00ed de un nene de dos a\u00f1os o de una mujer. Esto es algo armado para que lo publiquen y generar esto.<b>Yo creo que eso (la captura) est\u00e1 editado<\/b>\u201d, sum\u00f3.<\/p>\n<\/div>\n<p><\/main><\/div>\n<aside class=\"col-right-rail right-rail\">\n<div id=\"parent-ad-slot-caja\" class=\"ad-container caja_ad \">\n<div class=\"ad-content\">\n<div id=\"ad-slot-caja\" class=\"ad-slot-caja ad-slot\" data-adtype=\"caja\" data-google-query-id=\"CMHU9bfktY0DFbM9uQYd1DMjtA\"><\/div>\n<\/div>\n<\/div>\n<\/aside>\n","protected":false},"excerpt":{"rendered":"<p>En las \u00faltimas horas,\u00a0la China Su\u00e1rez\u00a0estuvo en boca de todos por su cruce con Yanina Latorre y su posterior enojo con\u00a0el CEO del estudio de abogados de Nicol\u00e1s Payarola, letrado de\u00a0Wanda Nara, quien\u00a0habr\u00eda hecho comentarios homof\u00f3bicos contra Amancio, hijo de la actriz. Ante este esc\u00e1ndalo medi\u00e1tico,\u00a0Nicol\u00e1s Cabr\u00e9, quien tuvo a su hija\u00a0Rufina\u00a0con la ex\u00a0Casi \u00c1ngeles,\u00a0habr\u00eda [&hellip;]<\/p>\n","protected":false},"author":1,"featured_media":898,"comment_status":"open","ping_status":"open","sticky":false,"template":"","format":"standard","meta":{"rop_custom_images_group":[],"rop_custom_messages_group":[],"rop_publish_now":"initial","rop_publish_now_accounts":[],"rop_publish_now_history":[],"rop_publish_now_status":"pending","footnotes":"","jetpack_publicize_message":"","jetpack_publicize_feature_enabled":true,"jetpack_social_post_already_shared":true,"jetpack_social_options":{"image_generator_settings":{"template":"highway","enabled":false},"version":2}},"categories":[12],"tags":[],"class_list":{"0":"post-895","1":"post","2":"type-post","3":"status-publish","4":"format-standard","5":"has-post-thumbnail","7":"category-espectaculos"},"jetpack_publicize_connections":[],"yoast_head":"<!-- This site is optimized with the Yoast SEO plugin v27.3 - https:\/\/yoast.com\/product\/yoast-seo-wordpress\/ -->\n<title>La dr\u00e1stica decisi\u00f3n de Nicol\u00e1s Cabr\u00e9 con su hija Rufina tras el esc\u00e1ndalo de la China Su\u00e1rez - CLAN ESPECTACULOS<\/title>\n<meta name=\"robots\" content=\"index, follow, max-snippet:-1, max-image-preview:large, max-video-preview:-1\" \/>\n<link rel=\"canonical\" href=\"https:\/\/radioclanfm.com\/clanespectaculos\/la-drastica-decision-de-nicolas-cabre-con-su-hija-rufina-tras-el-escandalo-de-la-china-suarez\/\" \/>\n<meta property=\"og:locale\" content=\"es_ES\" \/>\n<meta property=\"og:type\" content=\"article\" \/>\n<meta property=\"og:title\" content=\"La dr\u00e1stica decisi\u00f3n de Nicol\u00e1s Cabr\u00e9 con su hija Rufina tras el esc\u00e1ndalo de la China Su\u00e1rez - CLAN ESPECTACULOS\" \/>\n<meta property=\"og:description\" content=\"En las \u00faltimas horas,\u00a0la China Su\u00e1rez\u00a0estuvo en boca de todos por su cruce con Yanina Latorre y su posterior enojo con\u00a0el CEO del estudio de abogados de Nicol\u00e1s Payarola, letrado de\u00a0Wanda Nara, quien\u00a0habr\u00eda hecho comentarios homof\u00f3bicos contra Amancio, hijo de la actriz. Ante este esc\u00e1ndalo medi\u00e1tico,\u00a0Nicol\u00e1s Cabr\u00e9, quien tuvo a su hija\u00a0Rufina\u00a0con la ex\u00a0Casi \u00c1ngeles,\u00a0habr\u00eda [&hellip;]\" \/>\n<meta property=\"og:url\" content=\"https:\/\/radioclanfm.com\/clanespectaculos\/la-drastica-decision-de-nicolas-cabre-con-su-hija-rufina-tras-el-escandalo-de-la-china-suarez\/\" \/>\n<meta property=\"og:site_name\" content=\"CLAN ESPECTACULOS\" \/>\n<meta property=\"article:publisher\" content=\"https:\/\/www.facebook.com\/clanespectaculos\/\" \/>\n<meta property=\"article:published_time\" content=\"2025-05-22T00:10:28+00:00\" \/>\n<meta property=\"og:image\" content=\"https:\/\/radioclanfm.com\/clanespectaculos\/wp-content\/uploads\/sites\/2\/2025\/05\/UfPc8AwD.jpg\" \/>\n\t<meta property=\"og:image:width\" content=\"900\" \/>\n\t<meta property=\"og:image:height\" content=\"504\" \/>\n\t<meta property=\"og:image:type\" content=\"image\/jpeg\" \/>\n<meta name=\"author\" content=\"E-GRUPOCLAN\" \/>\n<meta name=\"twitter:card\" content=\"summary_large_image\" \/>\n<meta name=\"twitter:creator\" content=\"@clanespectok\" \/>\n<meta name=\"twitter:site\" content=\"@clanespectok\" \/>\n<meta name=\"twitter:label1\" content=\"Escrito por\" \/>\n\t<meta name=\"twitter:data1\" content=\"E-GRUPOCLAN\" \/>\n\t<meta name=\"twitter:label2\" content=\"Tiempo de lectura\" \/>\n\t<meta name=\"twitter:data2\" content=\"3 minutos\" \/>\n<script type=\"application\/ld+json\" class=\"yoast-schema-graph\">{\"@context\":\"https:\\\/\\\/schema.org\",\"@graph\":[{\"@type\":\"Article\",\"@id\":\"https:\\\/\\\/radioclanfm.com\\\/clanespectaculos\\\/la-drastica-decision-de-nicolas-cabre-con-su-hija-rufina-tras-el-escandalo-de-la-china-suarez\\\/#article\",\"isPartOf\":{\"@id\":\"https:\\\/\\\/radioclanfm.com\\\/clanespectaculos\\\/la-drastica-decision-de-nicolas-cabre-con-su-hija-rufina-tras-el-escandalo-de-la-china-suarez\\\/\"},\"author\":{\"name\":\"E-GRUPOCLAN\",\"@id\":\"https:\\\/\\\/radioclanfm.com\\\/clanespectaculos\\\/#\\\/schema\\\/person\\\/9734813083303230f3ad84d99171b20c\"},\"headline\":\"La dr\u00e1stica decisi\u00f3n de Nicol\u00e1s Cabr\u00e9 con su hija Rufina tras el esc\u00e1ndalo de la China Su\u00e1rez\",\"datePublished\":\"2025-05-22T00:10:28+00:00\",\"mainEntityOfPage\":{\"@id\":\"https:\\\/\\\/radioclanfm.com\\\/clanespectaculos\\\/la-drastica-decision-de-nicolas-cabre-con-su-hija-rufina-tras-el-escandalo-de-la-china-suarez\\\/\"},\"wordCount\":577,\"commentCount\":0,\"publisher\":{\"@id\":\"https:\\\/\\\/radioclanfm.com\\\/clanespectaculos\\\/#organization\"},\"image\":{\"@id\":\"https:\\\/\\\/radioclanfm.com\\\/clanespectaculos\\\/la-drastica-decision-de-nicolas-cabre-con-su-hija-rufina-tras-el-escandalo-de-la-china-suarez\\\/#primaryimage\"},\"thumbnailUrl\":\"https:\\\/\\\/radioclanfm.com\\\/clanespectaculos\\\/wp-content\\\/uploads\\\/sites\\\/2\\\/2025\\\/05\\\/UfPc8AwD.jpg\",\"articleSection\":[\"Espectaculos\"],\"inLanguage\":\"es-AR\",\"potentialAction\":[{\"@type\":\"CommentAction\",\"name\":\"Comment\",\"target\":[\"https:\\\/\\\/radioclanfm.com\\\/clanespectaculos\\\/la-drastica-decision-de-nicolas-cabre-con-su-hija-rufina-tras-el-escandalo-de-la-china-suarez\\\/#respond\"]}]},{\"@type\":\"WebPage\",\"@id\":\"https:\\\/\\\/radioclanfm.com\\\/clanespectaculos\\\/la-drastica-decision-de-nicolas-cabre-con-su-hija-rufina-tras-el-escandalo-de-la-china-suarez\\\/\",\"url\":\"https:\\\/\\\/radioclanfm.com\\\/clanespectaculos\\\/la-drastica-decision-de-nicolas-cabre-con-su-hija-rufina-tras-el-escandalo-de-la-china-suarez\\\/\",\"name\":\"La dr\u00e1stica decisi\u00f3n de Nicol\u00e1s Cabr\u00e9 con su hija Rufina tras el esc\u00e1ndalo de la China Su\u00e1rez - CLAN ESPECTACULOS\",\"isPartOf\":{\"@id\":\"https:\\\/\\\/radioclanfm.com\\\/clanespectaculos\\\/#website\"},\"primaryImageOfPage\":{\"@id\":\"https:\\\/\\\/radioclanfm.com\\\/clanespectaculos\\\/la-drastica-decision-de-nicolas-cabre-con-su-hija-rufina-tras-el-escandalo-de-la-china-suarez\\\/#primaryimage\"},\"image\":{\"@id\":\"https:\\\/\\\/radioclanfm.com\\\/clanespectaculos\\\/la-drastica-decision-de-nicolas-cabre-con-su-hija-rufina-tras-el-escandalo-de-la-china-suarez\\\/#primaryimage\"},\"thumbnailUrl\":\"https:\\\/\\\/radioclanfm.com\\\/clanespectaculos\\\/wp-content\\\/uploads\\\/sites\\\/2\\\/2025\\\/05\\\/UfPc8AwD.jpg\",\"datePublished\":\"2025-05-22T00:10:28+00:00\",\"breadcrumb\":{\"@id\":\"https:\\\/\\\/radioclanfm.com\\\/clanespectaculos\\\/la-drastica-decision-de-nicolas-cabre-con-su-hija-rufina-tras-el-escandalo-de-la-china-suarez\\\/#breadcrumb\"},\"inLanguage\":\"es-AR\",\"potentialAction\":[{\"@type\":\"ReadAction\",\"target\":[\"https:\\\/\\\/radioclanfm.com\\\/clanespectaculos\\\/la-drastica-decision-de-nicolas-cabre-con-su-hija-rufina-tras-el-escandalo-de-la-china-suarez\\\/\"]}]},{\"@type\":\"ImageObject\",\"inLanguage\":\"es-AR\",\"@id\":\"https:\\\/\\\/radioclanfm.com\\\/clanespectaculos\\\/la-drastica-decision-de-nicolas-cabre-con-su-hija-rufina-tras-el-escandalo-de-la-china-suarez\\\/#primaryimage\",\"url\":\"https:\\\/\\\/radioclanfm.com\\\/clanespectaculos\\\/wp-content\\\/uploads\\\/sites\\\/2\\\/2025\\\/05\\\/UfPc8AwD.jpg\",\"contentUrl\":\"https:\\\/\\\/radioclanfm.com\\\/clanespectaculos\\\/wp-content\\\/uploads\\\/sites\\\/2\\\/2025\\\/05\\\/UfPc8AwD.jpg\",\"width\":900,\"height\":504},{\"@type\":\"BreadcrumbList\",\"@id\":\"https:\\\/\\\/radioclanfm.com\\\/clanespectaculos\\\/la-drastica-decision-de-nicolas-cabre-con-su-hija-rufina-tras-el-escandalo-de-la-china-suarez\\\/#breadcrumb\",\"itemListElement\":[{\"@type\":\"ListItem\",\"position\":1,\"name\":\"Inicio\",\"item\":\"https:\\\/\\\/radioclanfm.com\\\/clanespectaculos\\\/\"},{\"@type\":\"ListItem\",\"position\":2,\"name\":\"La dr\u00e1stica decisi\u00f3n de Nicol\u00e1s Cabr\u00e9 con su hija Rufina tras el esc\u00e1ndalo de la China Su\u00e1rez\"}]},{\"@type\":\"WebSite\",\"@id\":\"https:\\\/\\\/radioclanfm.com\\\/clanespectaculos\\\/#website\",\"url\":\"https:\\\/\\\/radioclanfm.com\\\/clanespectaculos\\\/\",\"name\":\"CLAN ESPECTACULOS\",\"description\":\"\",\"publisher\":{\"@id\":\"https:\\\/\\\/radioclanfm.com\\\/clanespectaculos\\\/#organization\"},\"potentialAction\":[{\"@type\":\"SearchAction\",\"target\":{\"@type\":\"EntryPoint\",\"urlTemplate\":\"https:\\\/\\\/radioclanfm.com\\\/clanespectaculos\\\/?s={search_term_string}\"},\"query-input\":{\"@type\":\"PropertyValueSpecification\",\"valueRequired\":true,\"valueName\":\"search_term_string\"}}],\"inLanguage\":\"es-AR\"},{\"@type\":\"Organization\",\"@id\":\"https:\\\/\\\/radioclanfm.com\\\/clanespectaculos\\\/#organization\",\"name\":\"CLAN ESPECTACULOS\",\"url\":\"https:\\\/\\\/radioclanfm.com\\\/clanespectaculos\\\/\",\"logo\":{\"@type\":\"ImageObject\",\"inLanguage\":\"es-AR\",\"@id\":\"https:\\\/\\\/radioclanfm.com\\\/clanespectaculos\\\/#\\\/schema\\\/logo\\\/image\\\/\",\"url\":\"https:\\\/\\\/radioclanfm.com\\\/clanespectaculos\\\/wp-content\\\/uploads\\\/sites\\\/2\\\/2026\\\/04\\\/ChatGPT-Image-23-mar-2026-10_09_00.png\",\"contentUrl\":\"https:\\\/\\\/radioclanfm.com\\\/clanespectaculos\\\/wp-content\\\/uploads\\\/sites\\\/2\\\/2026\\\/04\\\/ChatGPT-Image-23-mar-2026-10_09_00.png\",\"width\":1024,\"height\":1024,\"caption\":\"CLAN ESPECTACULOS\"},\"image\":{\"@id\":\"https:\\\/\\\/radioclanfm.com\\\/clanespectaculos\\\/#\\\/schema\\\/logo\\\/image\\\/\"},\"sameAs\":[\"https:\\\/\\\/www.facebook.com\\\/clanespectaculos\\\/\",\"https:\\\/\\\/x.com\\\/clanespectok\"]},{\"@type\":\"Person\",\"@id\":\"https:\\\/\\\/radioclanfm.com\\\/clanespectaculos\\\/#\\\/schema\\\/person\\\/9734813083303230f3ad84d99171b20c\",\"name\":\"E-GRUPOCLAN\",\"image\":{\"@type\":\"ImageObject\",\"inLanguage\":\"es-AR\",\"@id\":\"https:\\\/\\\/secure.gravatar.com\\\/avatar\\\/af6e19837c3d6a212034a48c7b3818d2ac1826f6025df0155da5a186ad321d79?s=96&d=mm&r=g\",\"url\":\"https:\\\/\\\/secure.gravatar.com\\\/avatar\\\/af6e19837c3d6a212034a48c7b3818d2ac1826f6025df0155da5a186ad321d79?s=96&d=mm&r=g\",\"contentUrl\":\"https:\\\/\\\/secure.gravatar.com\\\/avatar\\\/af6e19837c3d6a212034a48c7b3818d2ac1826f6025df0155da5a186ad321d79?s=96&d=mm&r=g\",\"caption\":\"E-GRUPOCLAN\"},\"sameAs\":[\"https:\\\/\\\/radioclanfm.com\"],\"url\":\"https:\\\/\\\/radioclanfm.com\\\/clanespectaculos\\\/author\\\/admin\\\/\"}]}<\/script>\n<!-- \/ Yoast SEO plugin. -->","yoast_head_json":{"title":"La dr\u00e1stica decisi\u00f3n de Nicol\u00e1s Cabr\u00e9 con su hija Rufina tras el esc\u00e1ndalo de la China Su\u00e1rez - CLAN ESPECTACULOS","robots":{"index":"index","follow":"follow","max-snippet":"max-snippet:-1","max-image-preview":"max-image-preview:large","max-video-preview":"max-video-preview:-1"},"canonical":"https:\/\/radioclanfm.com\/clanespectaculos\/la-drastica-decision-de-nicolas-cabre-con-su-hija-rufina-tras-el-escandalo-de-la-china-suarez\/","og_locale":"es_ES","og_type":"article","og_title":"La dr\u00e1stica decisi\u00f3n de Nicol\u00e1s Cabr\u00e9 con su hija Rufina tras el esc\u00e1ndalo de la China Su\u00e1rez - CLAN ESPECTACULOS","og_description":"En las \u00faltimas horas,\u00a0la China Su\u00e1rez\u00a0estuvo en boca de todos por su cruce con Yanina Latorre y su posterior enojo con\u00a0el CEO del estudio de abogados de Nicol\u00e1s Payarola, letrado de\u00a0Wanda Nara, quien\u00a0habr\u00eda hecho comentarios homof\u00f3bicos contra Amancio, hijo de la actriz. Ante este esc\u00e1ndalo medi\u00e1tico,\u00a0Nicol\u00e1s Cabr\u00e9, quien tuvo a su hija\u00a0Rufina\u00a0con la ex\u00a0Casi \u00c1ngeles,\u00a0habr\u00eda [&hellip;]","og_url":"https:\/\/radioclanfm.com\/clanespectaculos\/la-drastica-decision-de-nicolas-cabre-con-su-hija-rufina-tras-el-escandalo-de-la-china-suarez\/","og_site_name":"CLAN ESPECTACULOS","article_publisher":"https:\/\/www.facebook.com\/clanespectaculos\/","article_published_time":"2025-05-22T00:10:28+00:00","og_image":[{"width":900,"height":504,"url":"https:\/\/radioclanfm.com\/clanespectaculos\/wp-content\/uploads\/sites\/2\/2025\/05\/UfPc8AwD.jpg","type":"image\/jpeg"}],"author":"E-GRUPOCLAN","twitter_card":"summary_large_image","twitter_creator":"@clanespectok","twitter_site":"@clanespectok","twitter_misc":{"Escrito por":"E-GRUPOCLAN","Tiempo de lectura":"3 minutos"},"schema":{"@context":"https:\/\/schema.org","@graph":[{"@type":"Article","@id":"https:\/\/radioclanfm.com\/clanespectaculos\/la-drastica-decision-de-nicolas-cabre-con-su-hija-rufina-tras-el-escandalo-de-la-china-suarez\/#article","isPartOf":{"@id":"https:\/\/radioclanfm.com\/clanespectaculos\/la-drastica-decision-de-nicolas-cabre-con-su-hija-rufina-tras-el-escandalo-de-la-china-suarez\/"},"author":{"name":"E-GRUPOCLAN","@id":"https:\/\/radioclanfm.com\/clanespectaculos\/#\/schema\/person\/9734813083303230f3ad84d99171b20c"},"headline":"La dr\u00e1stica decisi\u00f3n de Nicol\u00e1s Cabr\u00e9 con su hija Rufina tras el esc\u00e1ndalo de la China Su\u00e1rez","datePublished":"2025-05-22T00:10:28+00:00","mainEntityOfPage":{"@id":"https:\/\/radioclanfm.com\/clanespectaculos\/la-drastica-decision-de-nicolas-cabre-con-su-hija-rufina-tras-el-escandalo-de-la-china-suarez\/"},"wordCount":577,"commentCount":0,"publisher":{"@id":"https:\/\/radioclanfm.com\/clanespectaculos\/#organization"},"image":{"@id":"https:\/\/radioclanfm.com\/clanespectaculos\/la-drastica-decision-de-nicolas-cabre-con-su-hija-rufina-tras-el-escandalo-de-la-china-suarez\/#primaryimage"},"thumbnailUrl":"https:\/\/radioclanfm.com\/clanespectaculos\/wp-content\/uploads\/sites\/2\/2025\/05\/UfPc8AwD.jpg","articleSection":["Espectaculos"],"inLanguage":"es-AR","potentialAction":[{"@type":"CommentAction","name":"Comment","target":["https:\/\/radioclanfm.com\/clanespectaculos\/la-drastica-decision-de-nicolas-cabre-con-su-hija-rufina-tras-el-escandalo-de-la-china-suarez\/#respond"]}]},{"@type":"WebPage","@id":"https:\/\/radioclanfm.com\/clanespectaculos\/la-drastica-decision-de-nicolas-cabre-con-su-hija-rufina-tras-el-escandalo-de-la-china-suarez\/","url":"https:\/\/radioclanfm.com\/clanespectaculos\/la-drastica-decision-de-nicolas-cabre-con-su-hija-rufina-tras-el-escandalo-de-la-china-suarez\/","name":"La dr\u00e1stica decisi\u00f3n de Nicol\u00e1s Cabr\u00e9 con su hija Rufina tras el esc\u00e1ndalo de la China Su\u00e1rez - CLAN ESPECTACULOS","isPartOf":{"@id":"https:\/\/radioclanfm.com\/clanespectaculos\/#website"},"primaryImageOfPage":{"@id":"https:\/\/radioclanfm.com\/clanespectaculos\/la-drastica-decision-de-nicolas-cabre-con-su-hija-rufina-tras-el-escandalo-de-la-china-suarez\/#primaryimage"},"image":{"@id":"https:\/\/radioclanfm.com\/clanespectaculos\/la-drastica-decision-de-nicolas-cabre-con-su-hija-rufina-tras-el-escandalo-de-la-china-suarez\/#primaryimage"},"thumbnailUrl":"https:\/\/radioclanfm.com\/clanespectaculos\/wp-content\/uploads\/sites\/2\/2025\/05\/UfPc8AwD.jpg","datePublished":"2025-05-22T00:10:28+00:00","breadcrumb":{"@id":"https:\/\/radioclanfm.com\/clanespectaculos\/la-drastica-decision-de-nicolas-cabre-con-su-hija-rufina-tras-el-escandalo-de-la-china-suarez\/#breadcrumb"},"inLanguage":"es-AR","potentialAction":[{"@type":"ReadAction","target":["https:\/\/radioclanfm.com\/clanespectaculos\/la-drastica-decision-de-nicolas-cabre-con-su-hija-rufina-tras-el-escandalo-de-la-china-suarez\/"]}]},{"@type":"ImageObject","inLanguage":"es-AR","@id":"https:\/\/radioclanfm.com\/clanespectaculos\/la-drastica-decision-de-nicolas-cabre-con-su-hija-rufina-tras-el-escandalo-de-la-china-suarez\/#primaryimage","url":"https:\/\/radioclanfm.com\/clanespectaculos\/wp-content\/uploads\/sites\/2\/2025\/05\/UfPc8AwD.jpg","contentUrl":"https:\/\/radioclanfm.com\/clanespectaculos\/wp-content\/uploads\/sites\/2\/2025\/05\/UfPc8AwD.jpg","width":900,"height":504},{"@type":"BreadcrumbList","@id":"https:\/\/radioclanfm.com\/clanespectaculos\/la-drastica-decision-de-nicolas-cabre-con-su-hija-rufina-tras-el-escandalo-de-la-china-suarez\/#breadcrumb","itemListElement":[{"@type":"ListItem","position":1,"name":"Inicio","item":"https:\/\/radioclanfm.com\/clanespectaculos\/"},{"@type":"ListItem","position":2,"name":"La dr\u00e1stica decisi\u00f3n de Nicol\u00e1s Cabr\u00e9 con su hija Rufina tras el esc\u00e1ndalo de la China Su\u00e1rez"}]},{"@type":"WebSite","@id":"https:\/\/radioclanfm.com\/clanespectaculos\/#website","url":"https:\/\/radioclanfm.com\/clanespectaculos\/","name":"CLAN ESPECTACULOS","description":"","publisher":{"@id":"https:\/\/radioclanfm.com\/clanespectaculos\/#organization"},"potentialAction":[{"@type":"SearchAction","target":{"@type":"EntryPoint","urlTemplate":"https:\/\/radioclanfm.com\/clanespectaculos\/?s={search_term_string}"},"query-input":{"@type":"PropertyValueSpecification","valueRequired":true,"valueName":"search_term_string"}}],"inLanguage":"es-AR"},{"@type":"Organization","@id":"https:\/\/radioclanfm.com\/clanespectaculos\/#organization","name":"CLAN ESPECTACULOS","url":"https:\/\/radioclanfm.com\/clanespectaculos\/","logo":{"@type":"ImageObject","inLanguage":"es-AR","@id":"https:\/\/radioclanfm.com\/clanespectaculos\/#\/schema\/logo\/image\/","url":"https:\/\/radioclanfm.com\/clanespectaculos\/wp-content\/uploads\/sites\/2\/2026\/04\/ChatGPT-Image-23-mar-2026-10_09_00.png","contentUrl":"https:\/\/radioclanfm.com\/clanespectaculos\/wp-content\/uploads\/sites\/2\/2026\/04\/ChatGPT-Image-23-mar-2026-10_09_00.png","width":1024,"height":1024,"caption":"CLAN ESPECTACULOS"},"image":{"@id":"https:\/\/radioclanfm.com\/clanespectaculos\/#\/schema\/logo\/image\/"},"sameAs":["https:\/\/www.facebook.com\/clanespectaculos\/","https:\/\/x.com\/clanespectok"]},{"@type":"Person","@id":"https:\/\/radioclanfm.com\/clanespectaculos\/#\/schema\/person\/9734813083303230f3ad84d99171b20c","name":"E-GRUPOCLAN","image":{"@type":"ImageObject","inLanguage":"es-AR","@id":"https:\/\/secure.gravatar.com\/avatar\/af6e19837c3d6a212034a48c7b3818d2ac1826f6025df0155da5a186ad321d79?s=96&d=mm&r=g","url":"https:\/\/secure.gravatar.com\/avatar\/af6e19837c3d6a212034a48c7b3818d2ac1826f6025df0155da5a186ad321d79?s=96&d=mm&r=g","contentUrl":"https:\/\/secure.gravatar.com\/avatar\/af6e19837c3d6a212034a48c7b3818d2ac1826f6025df0155da5a186ad321d79?s=96&d=mm&r=g","caption":"E-GRUPOCLAN"},"sameAs":["https:\/\/radioclanfm.com"],"url":"https:\/\/radioclanfm.com\/clanespectaculos\/author\/admin\/"}]}},"_links":{"self":[{"href":"https:\/\/radioclanfm.com\/clanespectaculos\/wp-json\/wp\/v2\/posts\/895","targetHints":{"allow":["GET"]}}],"collection":[{"href":"https:\/\/radioclanfm.com\/clanespectaculos\/wp-json\/wp\/v2\/posts"}],"about":[{"href":"https:\/\/radioclanfm.com\/clanespectaculos\/wp-json\/wp\/v2\/types\/post"}],"author":[{"embeddable":true,"href":"https:\/\/radioclanfm.com\/clanespectaculos\/wp-json\/wp\/v2\/users\/1"}],"replies":[{"embeddable":true,"href":"https:\/\/radioclanfm.com\/clanespectaculos\/wp-json\/wp\/v2\/comments?post=895"}],"version-history":[{"count":1,"href":"https:\/\/radioclanfm.com\/clanespectaculos\/wp-json\/wp\/v2\/posts\/895\/revisions"}],"predecessor-version":[{"id":899,"href":"https:\/\/radioclanfm.com\/clanespectaculos\/wp-json\/wp\/v2\/posts\/895\/revisions\/899"}],"wp:featuredmedia":[{"embeddable":true,"href":"https:\/\/radioclanfm.com\/clanespectaculos\/wp-json\/wp\/v2\/media\/898"}],"wp:attachment":[{"href":"https:\/\/radioclanfm.com\/clanespectaculos\/wp-json\/wp\/v2\/media?parent=895"}],"wp:term":[{"taxonomy":"category","embeddable":true,"href":"https:\/\/radioclanfm.com\/clanespectaculos\/wp-json\/wp\/v2\/categories?post=895"},{"taxonomy":"post_tag","embeddable":true,"href":"https:\/\/radioclanfm.com\/clanespectaculos\/wp-json\/wp\/v2\/tags?post=895"}],"curies":[{"name":"wp","href":"https:\/\/api.w.org\/{rel}","templated":true}]}}