{"id":880,"date":"2025-05-21T21:03:50","date_gmt":"2025-05-22T00:03:50","guid":{"rendered":"https:\/\/radioclanfm.com\/clanespectaculos\/?p=880"},"modified":"2025-05-21T21:03:50","modified_gmt":"2025-05-22T00:03:50","slug":"jennifer-lopez-sufrio-un-accidente-y-tuvieron-que-darle-puntos-en-la-cara-las-fotos-que-se-viralizaron","status":"publish","type":"post","link":"https:\/\/radioclanfm.com\/clanespectaculos\/jennifer-lopez-sufrio-un-accidente-y-tuvieron-que-darle-puntos-en-la-cara-las-fotos-que-se-viralizaron\/","title":{"rendered":"Jennifer Lopez sufri\u00f3 un accidente y tuvieron que darle puntos en la cara: las fotos que se viralizaron"},"content":{"rendered":"<p>El contratiempo ocurri\u00f3 durante los ensayos de los American Music Awards, por lo que debi\u00f3 recurrir a un cirujano de urgencia.<\/p>\n<div class=\"col-content\"><main class=\"col-content\"><\/p>\n<div class=\"default-article-color article__body article__article\">\n<p class=\"paragraph font__body-regular\"><b>Jennifer Lopez<\/b><b>\u00a0tuvo un grave accidente en medio de sus ensayos para los American Music Awards<\/b>, que se celebrar\u00e1n el pr\u00f3ximo lunes. Hay que recordar que har\u00e1 una doble funci\u00f3n, ya que ser\u00e1 la conductora y ofrecer\u00e1 una presentaci\u00f3n en plena ceremonia.<\/p>\n<div class=\"AV67f93cf033780503b00636a7\">\n<div id=\"aniBox\">\n<div id=\"aniplayer_AV67f93cf033780503b00636a7-1747872076052\">\n<div id=\"aniplayer_AV67f93cf033780503b00636a7-1747872076052gui\">\n<div id=\"av-caption\">\n<div id=\"av-close-btn-overlay\" class=\"av-pos-top-left\"><\/div>\n<\/div>\n<\/div>\n<div id=\"anibid\"><\/div>\n<\/div>\n<\/div>\n<\/div>\n<p class=\"paragraph font__body-regular\">En sus historias de Instagram m\u00e1s recientes, sorprendi\u00f3 a sus seguidores en redes: subi\u00f3 a sus redes un par de fotos en las que\u00a0<b>aparec\u00eda coloc\u00e1ndose hielo en un ojo y con una cortada en el puente de su nariz<\/b>.<\/p>\n<figure class=\"\" data-testid=\"figure-testid\">\n<div class=\"aspect_ratio__container\"><picture class=\"responsive-image\"><source srcset=\"https:\/\/tn.com.ar\/resizer\/v2\/jennifer-lopez-tuvo-un-accidente-y-recurrio-a-un-cirujano-para-recuperarse-en-tiempo-record-foto-instagram-jlo-U7CPJF7GT5GUXM232PU3NUWHOY.JPG?auth=22bc417996c0b9ccc7fdfcffcf4bc79c22adbef6701e21b8b9115410c6a900f9&amp;width=767\" type=\"image\/jpg\" media=\"(max-width: 728px)\" \/><source srcset=\"https:\/\/tn.com.ar\/resizer\/v2\/jennifer-lopez-tuvo-un-accidente-y-recurrio-a-un-cirujano-para-recuperarse-en-tiempo-record-foto-instagram-jlo-U7CPJF7GT5GUXM232PU3NUWHOY.JPG?auth=22bc417996c0b9ccc7fdfcffcf4bc79c22adbef6701e21b8b9115410c6a900f9&amp;width=1023\" type=\"image\/jpg\" media=\"(max-width: 1023px)\" \/><source srcset=\"https:\/\/tn.com.ar\/resizer\/v2\/jennifer-lopez-tuvo-un-accidente-y-recurrio-a-un-cirujano-para-recuperarse-en-tiempo-record-foto-instagram-jlo-U7CPJF7GT5GUXM232PU3NUWHOY.JPG?auth=22bc417996c0b9ccc7fdfcffcf4bc79c22adbef6701e21b8b9115410c6a900f9&amp;width=1440\" type=\"image\/jpg\" \/><img loading=\"lazy\" decoding=\"async\" class=\"image content-image image_placeholder\" src=\"https:\/\/tn.com.ar\/resizer\/v2\/jennifer-lopez-tuvo-un-accidente-y-recurrio-a-un-cirujano-para-recuperarse-en-tiempo-record-foto-instagram-jlo-U7CPJF7GT5GUXM232PU3NUWHOY.JPG?auth=22bc417996c0b9ccc7fdfcffcf4bc79c22adbef6701e21b8b9115410c6a900f9&amp;width=767\" alt=\"Jennifer L\u00f3pez tuvo un accidente y recurri\u00f3 a un cirujano para recuperarse en tiempo r\u00e9cord. (Foto: Instagram \/ jlo)\" width=\"767\" height=\"683\" data-testid=\"loading-testid\" \/><\/picture><\/div><figcaption class=\"caption_image\" data-testid=\"figcaption-testid\">\n<div class=\"image_caption \">Jennifer L\u00f3pez tuvo un accidente y recurri\u00f3 a un cirujano para recuperarse en tiempo r\u00e9cord. (Foto: Instagram \/ jlo)<\/div>\n<\/figcaption><\/figure>\n<p class=\"paragraph font__body-regular\">Tomando en cuenta la proximidad de la fecha y la responsabilidad asumida,\u00a0<b>la cantante recurri\u00f3 con urgencia a la consulta del cirujano pl\u00e1stico, Jason Diamond<\/b>. En consulta,<b>\u00a0L\u00f3pez recibi\u00f3 varias suturas<\/b>\u00a0y los resultados fueron impactantes. A simple vista, la intervenci\u00f3n no dej\u00f3 marcas ni cicatrices.<\/p>\n<p class=\"paragraph font__body-regular\">Aunque la ex de Ben Affleck alert\u00f3 a sus fans con las im\u00e1genes que comparti\u00f3,\u00a0<b>no dio mayores detalles sobre lo sucedido<\/b>. Hubo dudas en cuanto a si sufri\u00f3 una ca\u00edda o impact\u00f3 contra alg\u00fan objeto, pero luego las especulaciones desvanecieron cuando poste\u00f3 una foto junto al especialista y expres\u00f3 sentirse muy bien:\u00a0<b>\u201cUna semana despu\u00e9s y mucho hielo, ya estoy como nueva\u201d<\/b>.<\/p>\n<figure class=\"\" data-testid=\"figure-testid\">\n<div class=\"aspect_ratio__container\"><picture class=\"responsive-image\"><source srcset=\"https:\/\/tn.com.ar\/resizer\/v2\/jennifer-lopez-quedo-como-nueva-gracias-a-su-medico-cirujano-quien-la-atendio-tras-su-accidente-foto-instagram-jlo-6TPD4Y3E3ZASFMDHRLNLXCEMZE.JPG?auth=4e29cb140c1d8cda6627848ddedf371b65877a7573b4d9fedadea5092eba5a24&amp;width=767\" type=\"image\/jpg\" media=\"(max-width: 728px)\" \/><source srcset=\"https:\/\/tn.com.ar\/resizer\/v2\/jennifer-lopez-quedo-como-nueva-gracias-a-su-medico-cirujano-quien-la-atendio-tras-su-accidente-foto-instagram-jlo-6TPD4Y3E3ZASFMDHRLNLXCEMZE.JPG?auth=4e29cb140c1d8cda6627848ddedf371b65877a7573b4d9fedadea5092eba5a24&amp;width=1023\" type=\"image\/jpg\" media=\"(max-width: 1023px)\" \/><source srcset=\"https:\/\/tn.com.ar\/resizer\/v2\/jennifer-lopez-quedo-como-nueva-gracias-a-su-medico-cirujano-quien-la-atendio-tras-su-accidente-foto-instagram-jlo-6TPD4Y3E3ZASFMDHRLNLXCEMZE.JPG?auth=4e29cb140c1d8cda6627848ddedf371b65877a7573b4d9fedadea5092eba5a24&amp;width=1440\" type=\"image\/jpg\" \/><img loading=\"lazy\" decoding=\"async\" class=\"image content-image image_placeholder\" src=\"https:\/\/tn.com.ar\/resizer\/v2\/jennifer-lopez-quedo-como-nueva-gracias-a-su-medico-cirujano-quien-la-atendio-tras-su-accidente-foto-instagram-jlo-6TPD4Y3E3ZASFMDHRLNLXCEMZE.JPG?auth=4e29cb140c1d8cda6627848ddedf371b65877a7573b4d9fedadea5092eba5a24&amp;width=767\" alt=\"Jennifer L\u00f3pez qued\u00f3 &quot;como nueva&quot;, gracias a su m\u00e9dico cirujano, quien la atendi\u00f3 tras su accidente. (Foto: Instagram \/ jlo)\" width=\"767\" height=\"1149\" data-testid=\"loading-testid\" \/><\/picture><\/div><figcaption class=\"caption_image\" data-testid=\"figcaption-testid\">\n<div class=\"image_caption \">Jennifer L\u00f3pez qued\u00f3 &#8220;como nueva&#8221;, gracias a su m\u00e9dico cirujano, quien la atendi\u00f3 tras su accidente. (Foto: Instagram \/ jlo)<\/div>\n<\/figcaption><\/figure>\n<h2 class=\"font--primary font__display\">Jennifer Lopez se apodera de los American Music Awards: ser\u00e1 la presentadora y tambi\u00e9n actuar\u00e1<\/h2>\n<p class=\"paragraph font__body-regular\">Jennifer Lopez\u00a0presentar\u00e1 y actuar\u00e1 en los\u00a0<b>American Music Awards,<\/b>\u00a0los premios de m\u00fasica estadounidenses que vuelven a retransmitirse a finales de mayo a Las Vegas tras una pausa de dos a\u00f1os.<\/p>\n<p class=\"paragraph font__body-regular\">\u201cEl incre\u00edble talento de Jennifer y su\u00a0<b>incomparable presencia esc\u00e9nica<\/b>\u00a0la convierten en la presentadora ideal del espect\u00e1culo. Sabemos que aportar\u00e1 su energ\u00eda \u00fanica a la celebraci\u00f3n oficial del inicio del verano\u201d, inform\u00f3 en un comunicado Jay Penske, director ejecutivo de Dick Clark Productions, organizadores de los AMA.<\/p>\n<figure class=\"\" data-testid=\"figure-testid\">\n<div class=\"aspect_ratio__container\"><picture class=\"responsive-image\"><source srcset=\"https:\/\/tn.com.ar\/resizer\/v2\/jennifer-lopez-encandilo-a-sus-seguidores-con-su-apuesta-al-desnudo-y-llena-de-brillos-foto-instagramjlo-OQ63PC65FNHBVFUHOY2CW63TKE.jpg?auth=b42581ed110b263205e33a0f0e2b03b169836fd01973cee200c3d85156e5b1ee&amp;width=767\" type=\"image\/jpg\" media=\"(max-width: 728px)\" \/><source srcset=\"https:\/\/tn.com.ar\/resizer\/v2\/jennifer-lopez-encandilo-a-sus-seguidores-con-su-apuesta-al-desnudo-y-llena-de-brillos-foto-instagramjlo-OQ63PC65FNHBVFUHOY2CW63TKE.jpg?auth=b42581ed110b263205e33a0f0e2b03b169836fd01973cee200c3d85156e5b1ee&amp;width=1023\" type=\"image\/jpg\" media=\"(max-width: 1023px)\" \/><source srcset=\"https:\/\/tn.com.ar\/resizer\/v2\/jennifer-lopez-encandilo-a-sus-seguidores-con-su-apuesta-al-desnudo-y-llena-de-brillos-foto-instagramjlo-OQ63PC65FNHBVFUHOY2CW63TKE.jpg?auth=b42581ed110b263205e33a0f0e2b03b169836fd01973cee200c3d85156e5b1ee&amp;width=1440\" type=\"image\/jpg\" \/><img loading=\"lazy\" decoding=\"async\" class=\"image content-image image_placeholder\" src=\"https:\/\/tn.com.ar\/resizer\/v2\/jennifer-lopez-encandilo-a-sus-seguidores-con-su-apuesta-al-desnudo-y-llena-de-brillos-foto-instagramjlo-OQ63PC65FNHBVFUHOY2CW63TKE.jpg?auth=b42581ed110b263205e33a0f0e2b03b169836fd01973cee200c3d85156e5b1ee&amp;width=767\" alt=\"Jennifer Lopez encandil\u00f3 a sus seguidores con su apuesta al desnudo y llena de brillos. (Foto: Instagram\/@jlo)\" width=\"767\" height=\"432\" data-testid=\"loading-testid\" \/><\/picture><\/div><figcaption class=\"caption_image\" data-testid=\"figcaption-testid\">\n<div class=\"image_caption \">Jennifer Lopez encandil\u00f3 a sus seguidores con su apuesta al desnudo y llena de brillos. (Foto: Instagram\/@jlo)<\/div>\n<\/figcaption><\/figure>\n<p class=\"paragraph font__body-regular\">La estrella estadounidense repite como conductora de estos premios tras hacer su debut hace una d\u00e9cada, aunque\u00a0<b>\u201cofreci\u00f3 algunas de las actuaciones m\u00e1s memorables\u00a0<\/b>de la historia de los AMA, habiendo participado en el programa m\u00e1s de diez veces\u201d, agreg\u00f3 Penske.<\/p>\n<p class=\"paragraph font__body-regular\">Los American Music Awards, abreviados como AMAs, volver\u00e1n a retransmitirse tras dos a\u00f1os y medio, desde noviembre de 2022, el pr\u00f3ximo<b>\u00a026 de mayo,<\/b>\u00a0en una gala que tendr\u00e1 lugar en Las Vegas.<\/p>\n<figure class=\"\" data-testid=\"figure-testid\">\n<div class=\"aspect_ratio__container\"><picture class=\"responsive-image\"><source srcset=\"https:\/\/tn.com.ar\/resizer\/v2\/jennifer-lopez-publico-un-video-en-instagram-con-los-detalles-sobre-su-presentacion-en-los-premios-american-music-awards-Q4SXROPNBBCS3LO5VKFWMZZG4M.PNG?auth=bc320aa575d1517ac07a102e34c4377ebf2b42af7f9d2e39317e26128720e5fa&amp;width=767\" type=\"image\/jpg\" media=\"(max-width: 728px)\" \/><source srcset=\"https:\/\/tn.com.ar\/resizer\/v2\/jennifer-lopez-publico-un-video-en-instagram-con-los-detalles-sobre-su-presentacion-en-los-premios-american-music-awards-Q4SXROPNBBCS3LO5VKFWMZZG4M.PNG?auth=bc320aa575d1517ac07a102e34c4377ebf2b42af7f9d2e39317e26128720e5fa&amp;width=1023\" type=\"image\/jpg\" media=\"(max-width: 1023px)\" \/><source srcset=\"https:\/\/tn.com.ar\/resizer\/v2\/jennifer-lopez-publico-un-video-en-instagram-con-los-detalles-sobre-su-presentacion-en-los-premios-american-music-awards-Q4SXROPNBBCS3LO5VKFWMZZG4M.PNG?auth=bc320aa575d1517ac07a102e34c4377ebf2b42af7f9d2e39317e26128720e5fa&amp;width=1440\" type=\"image\/jpg\" \/><img loading=\"lazy\" decoding=\"async\" class=\"image content-image image_placeholder\" src=\"https:\/\/tn.com.ar\/resizer\/v2\/jennifer-lopez-publico-un-video-en-instagram-con-los-detalles-sobre-su-presentacion-en-los-premios-american-music-awards-Q4SXROPNBBCS3LO5VKFWMZZG4M.PNG?auth=bc320aa575d1517ac07a102e34c4377ebf2b42af7f9d2e39317e26128720e5fa&amp;width=767\" alt=\"Jennifer Lopez public\u00f3 un video en Instagram con los detalles sobre su presentaci\u00f3n en los premios American Music Awards.\" width=\"767\" height=\"603\" data-testid=\"loading-testid\" \/><\/picture><\/div><figcaption class=\"caption_image\" data-testid=\"figcaption-testid\">\n<div class=\"image_caption \">Jennifer Lopez public\u00f3 un video en Instagram con los detalles sobre su presentaci\u00f3n en los premios American Music Awards.<\/div>\n<\/figcaption><\/figure>\n<p class=\"paragraph font__body-regular\">Estos premios sirven como antesala de los prestigiosos Grammy, aunque con la diferencia de que se determinan por una<b>\u00a0encuesta popular dirigida a consumidores de m\u00fasica,\u00a0<\/b>en lugar de votarse por los expertos de la industria.<\/p>\n<p class=\"paragraph font__body-regular\">Para seleccionar a los candidatos entre los que el p\u00fablico puede votar, los organizadores suman las ventas de discos, reproducciones en internet y la popularidad de los artistas.<\/p>\n<\/div>\n<p><\/main><\/div>\n<aside class=\"col-right-rail right-rail\">\n<div id=\"parent-ad-slot-caja\" class=\"ad-container caja_ad \">\n<div class=\"ad-content\">\n<div id=\"ad-slot-caja\" class=\"ad-slot-caja ad-slot\" data-adtype=\"caja\" data-google-query-id=\"CKWkvfDitY0DFYCHYQYd028yrg\"><\/div>\n<\/div>\n<\/div>\n<\/aside>\n","protected":false},"excerpt":{"rendered":"<p>El contratiempo ocurri\u00f3 durante los ensayos de los American Music Awards, por lo que debi\u00f3 recurrir a un cirujano de urgencia. Jennifer Lopez\u00a0tuvo un grave accidente en medio de sus ensayos para los American Music Awards, que se celebrar\u00e1n el pr\u00f3ximo lunes. Hay que recordar que har\u00e1 una doble funci\u00f3n, ya que ser\u00e1 la conductora [&hellip;]<\/p>\n","protected":false},"author":1,"featured_media":883,"comment_status":"open","ping_status":"open","sticky":false,"template":"","format":"standard","meta":{"rop_custom_images_group":[],"rop_custom_messages_group":[],"rop_publish_now":"initial","rop_publish_now_accounts":[],"rop_publish_now_history":[],"rop_publish_now_status":"pending","footnotes":"","jetpack_publicize_message":"","jetpack_publicize_feature_enabled":true,"jetpack_social_post_already_shared":true,"jetpack_social_options":{"image_generator_settings":{"template":"highway","enabled":false},"version":2}},"categories":[12],"tags":[],"class_list":{"0":"post-880","1":"post","2":"type-post","3":"status-publish","4":"format-standard","5":"has-post-thumbnail","7":"category-espectaculos"},"jetpack_publicize_connections":[],"yoast_head":"<!-- This site is optimized with the Yoast SEO plugin v27.3 - https:\/\/yoast.com\/product\/yoast-seo-wordpress\/ -->\n<title>Jennifer Lopez sufri\u00f3 un accidente y tuvieron que darle puntos en la cara: las fotos que se viralizaron - CLAN ESPECTACULOS<\/title>\n<meta name=\"robots\" content=\"index, follow, max-snippet:-1, max-image-preview:large, max-video-preview:-1\" \/>\n<link rel=\"canonical\" href=\"https:\/\/radioclanfm.com\/clanespectaculos\/jennifer-lopez-sufrio-un-accidente-y-tuvieron-que-darle-puntos-en-la-cara-las-fotos-que-se-viralizaron\/\" \/>\n<meta property=\"og:locale\" content=\"es_ES\" \/>\n<meta property=\"og:type\" content=\"article\" \/>\n<meta property=\"og:title\" content=\"Jennifer Lopez sufri\u00f3 un accidente y tuvieron que darle puntos en la cara: las fotos que se viralizaron - CLAN ESPECTACULOS\" \/>\n<meta property=\"og:description\" content=\"El contratiempo ocurri\u00f3 durante los ensayos de los American Music Awards, por lo que debi\u00f3 recurrir a un cirujano de urgencia. Jennifer Lopez\u00a0tuvo un grave accidente en medio de sus ensayos para los American Music Awards, que se celebrar\u00e1n el pr\u00f3ximo lunes. Hay que recordar que har\u00e1 una doble funci\u00f3n, ya que ser\u00e1 la conductora [&hellip;]\" \/>\n<meta property=\"og:url\" content=\"https:\/\/radioclanfm.com\/clanespectaculos\/jennifer-lopez-sufrio-un-accidente-y-tuvieron-que-darle-puntos-en-la-cara-las-fotos-que-se-viralizaron\/\" \/>\n<meta property=\"og:site_name\" content=\"CLAN ESPECTACULOS\" \/>\n<meta property=\"article:publisher\" content=\"https:\/\/www.facebook.com\/clanespectaculos\/\" \/>\n<meta property=\"article:published_time\" content=\"2025-05-22T00:03:50+00:00\" \/>\n<meta property=\"og:image\" content=\"https:\/\/radioclanfm.com\/clanespectaculos\/wp-content\/uploads\/sites\/2\/2025\/05\/bEKrHb-V.jpg\" \/>\n\t<meta property=\"og:image:width\" content=\"900\" \/>\n\t<meta property=\"og:image:height\" content=\"504\" \/>\n\t<meta property=\"og:image:type\" content=\"image\/jpeg\" \/>\n<meta name=\"author\" content=\"E-GRUPOCLAN\" \/>\n<meta name=\"twitter:card\" content=\"summary_large_image\" \/>\n<meta name=\"twitter:creator\" content=\"@clanespectok\" \/>\n<meta name=\"twitter:site\" content=\"@clanespectok\" \/>\n<meta name=\"twitter:label1\" content=\"Escrito por\" \/>\n\t<meta name=\"twitter:data1\" content=\"E-GRUPOCLAN\" \/>\n\t<meta name=\"twitter:label2\" content=\"Tiempo de lectura\" \/>\n\t<meta name=\"twitter:data2\" content=\"3 minutos\" \/>\n<script type=\"application\/ld+json\" class=\"yoast-schema-graph\">{\"@context\":\"https:\\\/\\\/schema.org\",\"@graph\":[{\"@type\":\"Article\",\"@id\":\"https:\\\/\\\/radioclanfm.com\\\/clanespectaculos\\\/jennifer-lopez-sufrio-un-accidente-y-tuvieron-que-darle-puntos-en-la-cara-las-fotos-que-se-viralizaron\\\/#article\",\"isPartOf\":{\"@id\":\"https:\\\/\\\/radioclanfm.com\\\/clanespectaculos\\\/jennifer-lopez-sufrio-un-accidente-y-tuvieron-que-darle-puntos-en-la-cara-las-fotos-que-se-viralizaron\\\/\"},\"author\":{\"name\":\"E-GRUPOCLAN\",\"@id\":\"https:\\\/\\\/radioclanfm.com\\\/clanespectaculos\\\/#\\\/schema\\\/person\\\/9734813083303230f3ad84d99171b20c\"},\"headline\":\"Jennifer Lopez sufri\u00f3 un accidente y tuvieron que darle puntos en la cara: las fotos que se viralizaron\",\"datePublished\":\"2025-05-22T00:03:50+00:00\",\"mainEntityOfPage\":{\"@id\":\"https:\\\/\\\/radioclanfm.com\\\/clanespectaculos\\\/jennifer-lopez-sufrio-un-accidente-y-tuvieron-que-darle-puntos-en-la-cara-las-fotos-que-se-viralizaron\\\/\"},\"wordCount\":570,\"commentCount\":0,\"publisher\":{\"@id\":\"https:\\\/\\\/radioclanfm.com\\\/clanespectaculos\\\/#organization\"},\"image\":{\"@id\":\"https:\\\/\\\/radioclanfm.com\\\/clanespectaculos\\\/jennifer-lopez-sufrio-un-accidente-y-tuvieron-que-darle-puntos-en-la-cara-las-fotos-que-se-viralizaron\\\/#primaryimage\"},\"thumbnailUrl\":\"https:\\\/\\\/radioclanfm.com\\\/clanespectaculos\\\/wp-content\\\/uploads\\\/sites\\\/2\\\/2025\\\/05\\\/bEKrHb-V.jpg\",\"articleSection\":[\"Espectaculos\"],\"inLanguage\":\"es-AR\",\"potentialAction\":[{\"@type\":\"CommentAction\",\"name\":\"Comment\",\"target\":[\"https:\\\/\\\/radioclanfm.com\\\/clanespectaculos\\\/jennifer-lopez-sufrio-un-accidente-y-tuvieron-que-darle-puntos-en-la-cara-las-fotos-que-se-viralizaron\\\/#respond\"]}]},{\"@type\":\"WebPage\",\"@id\":\"https:\\\/\\\/radioclanfm.com\\\/clanespectaculos\\\/jennifer-lopez-sufrio-un-accidente-y-tuvieron-que-darle-puntos-en-la-cara-las-fotos-que-se-viralizaron\\\/\",\"url\":\"https:\\\/\\\/radioclanfm.com\\\/clanespectaculos\\\/jennifer-lopez-sufrio-un-accidente-y-tuvieron-que-darle-puntos-en-la-cara-las-fotos-que-se-viralizaron\\\/\",\"name\":\"Jennifer Lopez sufri\u00f3 un accidente y tuvieron que darle puntos en la cara: las fotos que se viralizaron - CLAN ESPECTACULOS\",\"isPartOf\":{\"@id\":\"https:\\\/\\\/radioclanfm.com\\\/clanespectaculos\\\/#website\"},\"primaryImageOfPage\":{\"@id\":\"https:\\\/\\\/radioclanfm.com\\\/clanespectaculos\\\/jennifer-lopez-sufrio-un-accidente-y-tuvieron-que-darle-puntos-en-la-cara-las-fotos-que-se-viralizaron\\\/#primaryimage\"},\"image\":{\"@id\":\"https:\\\/\\\/radioclanfm.com\\\/clanespectaculos\\\/jennifer-lopez-sufrio-un-accidente-y-tuvieron-que-darle-puntos-en-la-cara-las-fotos-que-se-viralizaron\\\/#primaryimage\"},\"thumbnailUrl\":\"https:\\\/\\\/radioclanfm.com\\\/clanespectaculos\\\/wp-content\\\/uploads\\\/sites\\\/2\\\/2025\\\/05\\\/bEKrHb-V.jpg\",\"datePublished\":\"2025-05-22T00:03:50+00:00\",\"breadcrumb\":{\"@id\":\"https:\\\/\\\/radioclanfm.com\\\/clanespectaculos\\\/jennifer-lopez-sufrio-un-accidente-y-tuvieron-que-darle-puntos-en-la-cara-las-fotos-que-se-viralizaron\\\/#breadcrumb\"},\"inLanguage\":\"es-AR\",\"potentialAction\":[{\"@type\":\"ReadAction\",\"target\":[\"https:\\\/\\\/radioclanfm.com\\\/clanespectaculos\\\/jennifer-lopez-sufrio-un-accidente-y-tuvieron-que-darle-puntos-en-la-cara-las-fotos-que-se-viralizaron\\\/\"]}]},{\"@type\":\"ImageObject\",\"inLanguage\":\"es-AR\",\"@id\":\"https:\\\/\\\/radioclanfm.com\\\/clanespectaculos\\\/jennifer-lopez-sufrio-un-accidente-y-tuvieron-que-darle-puntos-en-la-cara-las-fotos-que-se-viralizaron\\\/#primaryimage\",\"url\":\"https:\\\/\\\/radioclanfm.com\\\/clanespectaculos\\\/wp-content\\\/uploads\\\/sites\\\/2\\\/2025\\\/05\\\/bEKrHb-V.jpg\",\"contentUrl\":\"https:\\\/\\\/radioclanfm.com\\\/clanespectaculos\\\/wp-content\\\/uploads\\\/sites\\\/2\\\/2025\\\/05\\\/bEKrHb-V.jpg\",\"width\":900,\"height\":504},{\"@type\":\"BreadcrumbList\",\"@id\":\"https:\\\/\\\/radioclanfm.com\\\/clanespectaculos\\\/jennifer-lopez-sufrio-un-accidente-y-tuvieron-que-darle-puntos-en-la-cara-las-fotos-que-se-viralizaron\\\/#breadcrumb\",\"itemListElement\":[{\"@type\":\"ListItem\",\"position\":1,\"name\":\"Inicio\",\"item\":\"https:\\\/\\\/radioclanfm.com\\\/clanespectaculos\\\/\"},{\"@type\":\"ListItem\",\"position\":2,\"name\":\"Jennifer Lopez sufri\u00f3 un accidente y tuvieron que darle puntos en la cara: las fotos que se viralizaron\"}]},{\"@type\":\"WebSite\",\"@id\":\"https:\\\/\\\/radioclanfm.com\\\/clanespectaculos\\\/#website\",\"url\":\"https:\\\/\\\/radioclanfm.com\\\/clanespectaculos\\\/\",\"name\":\"CLAN ESPECTACULOS\",\"description\":\"\",\"publisher\":{\"@id\":\"https:\\\/\\\/radioclanfm.com\\\/clanespectaculos\\\/#organization\"},\"potentialAction\":[{\"@type\":\"SearchAction\",\"target\":{\"@type\":\"EntryPoint\",\"urlTemplate\":\"https:\\\/\\\/radioclanfm.com\\\/clanespectaculos\\\/?s={search_term_string}\"},\"query-input\":{\"@type\":\"PropertyValueSpecification\",\"valueRequired\":true,\"valueName\":\"search_term_string\"}}],\"inLanguage\":\"es-AR\"},{\"@type\":\"Organization\",\"@id\":\"https:\\\/\\\/radioclanfm.com\\\/clanespectaculos\\\/#organization\",\"name\":\"CLAN ESPECTACULOS\",\"url\":\"https:\\\/\\\/radioclanfm.com\\\/clanespectaculos\\\/\",\"logo\":{\"@type\":\"ImageObject\",\"inLanguage\":\"es-AR\",\"@id\":\"https:\\\/\\\/radioclanfm.com\\\/clanespectaculos\\\/#\\\/schema\\\/logo\\\/image\\\/\",\"url\":\"https:\\\/\\\/radioclanfm.com\\\/clanespectaculos\\\/wp-content\\\/uploads\\\/sites\\\/2\\\/2026\\\/04\\\/ChatGPT-Image-23-mar-2026-10_09_00.png\",\"contentUrl\":\"https:\\\/\\\/radioclanfm.com\\\/clanespectaculos\\\/wp-content\\\/uploads\\\/sites\\\/2\\\/2026\\\/04\\\/ChatGPT-Image-23-mar-2026-10_09_00.png\",\"width\":1024,\"height\":1024,\"caption\":\"CLAN ESPECTACULOS\"},\"image\":{\"@id\":\"https:\\\/\\\/radioclanfm.com\\\/clanespectaculos\\\/#\\\/schema\\\/logo\\\/image\\\/\"},\"sameAs\":[\"https:\\\/\\\/www.facebook.com\\\/clanespectaculos\\\/\",\"https:\\\/\\\/x.com\\\/clanespectok\"]},{\"@type\":\"Person\",\"@id\":\"https:\\\/\\\/radioclanfm.com\\\/clanespectaculos\\\/#\\\/schema\\\/person\\\/9734813083303230f3ad84d99171b20c\",\"name\":\"E-GRUPOCLAN\",\"image\":{\"@type\":\"ImageObject\",\"inLanguage\":\"es-AR\",\"@id\":\"https:\\\/\\\/secure.gravatar.com\\\/avatar\\\/af6e19837c3d6a212034a48c7b3818d2ac1826f6025df0155da5a186ad321d79?s=96&d=mm&r=g\",\"url\":\"https:\\\/\\\/secure.gravatar.com\\\/avatar\\\/af6e19837c3d6a212034a48c7b3818d2ac1826f6025df0155da5a186ad321d79?s=96&d=mm&r=g\",\"contentUrl\":\"https:\\\/\\\/secure.gravatar.com\\\/avatar\\\/af6e19837c3d6a212034a48c7b3818d2ac1826f6025df0155da5a186ad321d79?s=96&d=mm&r=g\",\"caption\":\"E-GRUPOCLAN\"},\"sameAs\":[\"https:\\\/\\\/radioclanfm.com\"],\"url\":\"https:\\\/\\\/radioclanfm.com\\\/clanespectaculos\\\/author\\\/admin\\\/\"}]}<\/script>\n<!-- \/ Yoast SEO plugin. -->","yoast_head_json":{"title":"Jennifer Lopez sufri\u00f3 un accidente y tuvieron que darle puntos en la cara: las fotos que se viralizaron - CLAN ESPECTACULOS","robots":{"index":"index","follow":"follow","max-snippet":"max-snippet:-1","max-image-preview":"max-image-preview:large","max-video-preview":"max-video-preview:-1"},"canonical":"https:\/\/radioclanfm.com\/clanespectaculos\/jennifer-lopez-sufrio-un-accidente-y-tuvieron-que-darle-puntos-en-la-cara-las-fotos-que-se-viralizaron\/","og_locale":"es_ES","og_type":"article","og_title":"Jennifer Lopez sufri\u00f3 un accidente y tuvieron que darle puntos en la cara: las fotos que se viralizaron - CLAN ESPECTACULOS","og_description":"El contratiempo ocurri\u00f3 durante los ensayos de los American Music Awards, por lo que debi\u00f3 recurrir a un cirujano de urgencia. Jennifer Lopez\u00a0tuvo un grave accidente en medio de sus ensayos para los American Music Awards, que se celebrar\u00e1n el pr\u00f3ximo lunes. Hay que recordar que har\u00e1 una doble funci\u00f3n, ya que ser\u00e1 la conductora [&hellip;]","og_url":"https:\/\/radioclanfm.com\/clanespectaculos\/jennifer-lopez-sufrio-un-accidente-y-tuvieron-que-darle-puntos-en-la-cara-las-fotos-que-se-viralizaron\/","og_site_name":"CLAN ESPECTACULOS","article_publisher":"https:\/\/www.facebook.com\/clanespectaculos\/","article_published_time":"2025-05-22T00:03:50+00:00","og_image":[{"width":900,"height":504,"url":"https:\/\/radioclanfm.com\/clanespectaculos\/wp-content\/uploads\/sites\/2\/2025\/05\/bEKrHb-V.jpg","type":"image\/jpeg"}],"author":"E-GRUPOCLAN","twitter_card":"summary_large_image","twitter_creator":"@clanespectok","twitter_site":"@clanespectok","twitter_misc":{"Escrito por":"E-GRUPOCLAN","Tiempo de lectura":"3 minutos"},"schema":{"@context":"https:\/\/schema.org","@graph":[{"@type":"Article","@id":"https:\/\/radioclanfm.com\/clanespectaculos\/jennifer-lopez-sufrio-un-accidente-y-tuvieron-que-darle-puntos-en-la-cara-las-fotos-que-se-viralizaron\/#article","isPartOf":{"@id":"https:\/\/radioclanfm.com\/clanespectaculos\/jennifer-lopez-sufrio-un-accidente-y-tuvieron-que-darle-puntos-en-la-cara-las-fotos-que-se-viralizaron\/"},"author":{"name":"E-GRUPOCLAN","@id":"https:\/\/radioclanfm.com\/clanespectaculos\/#\/schema\/person\/9734813083303230f3ad84d99171b20c"},"headline":"Jennifer Lopez sufri\u00f3 un accidente y tuvieron que darle puntos en la cara: las fotos que se viralizaron","datePublished":"2025-05-22T00:03:50+00:00","mainEntityOfPage":{"@id":"https:\/\/radioclanfm.com\/clanespectaculos\/jennifer-lopez-sufrio-un-accidente-y-tuvieron-que-darle-puntos-en-la-cara-las-fotos-que-se-viralizaron\/"},"wordCount":570,"commentCount":0,"publisher":{"@id":"https:\/\/radioclanfm.com\/clanespectaculos\/#organization"},"image":{"@id":"https:\/\/radioclanfm.com\/clanespectaculos\/jennifer-lopez-sufrio-un-accidente-y-tuvieron-que-darle-puntos-en-la-cara-las-fotos-que-se-viralizaron\/#primaryimage"},"thumbnailUrl":"https:\/\/radioclanfm.com\/clanespectaculos\/wp-content\/uploads\/sites\/2\/2025\/05\/bEKrHb-V.jpg","articleSection":["Espectaculos"],"inLanguage":"es-AR","potentialAction":[{"@type":"CommentAction","name":"Comment","target":["https:\/\/radioclanfm.com\/clanespectaculos\/jennifer-lopez-sufrio-un-accidente-y-tuvieron-que-darle-puntos-en-la-cara-las-fotos-que-se-viralizaron\/#respond"]}]},{"@type":"WebPage","@id":"https:\/\/radioclanfm.com\/clanespectaculos\/jennifer-lopez-sufrio-un-accidente-y-tuvieron-que-darle-puntos-en-la-cara-las-fotos-que-se-viralizaron\/","url":"https:\/\/radioclanfm.com\/clanespectaculos\/jennifer-lopez-sufrio-un-accidente-y-tuvieron-que-darle-puntos-en-la-cara-las-fotos-que-se-viralizaron\/","name":"Jennifer Lopez sufri\u00f3 un accidente y tuvieron que darle puntos en la cara: las fotos que se viralizaron - CLAN ESPECTACULOS","isPartOf":{"@id":"https:\/\/radioclanfm.com\/clanespectaculos\/#website"},"primaryImageOfPage":{"@id":"https:\/\/radioclanfm.com\/clanespectaculos\/jennifer-lopez-sufrio-un-accidente-y-tuvieron-que-darle-puntos-en-la-cara-las-fotos-que-se-viralizaron\/#primaryimage"},"image":{"@id":"https:\/\/radioclanfm.com\/clanespectaculos\/jennifer-lopez-sufrio-un-accidente-y-tuvieron-que-darle-puntos-en-la-cara-las-fotos-que-se-viralizaron\/#primaryimage"},"thumbnailUrl":"https:\/\/radioclanfm.com\/clanespectaculos\/wp-content\/uploads\/sites\/2\/2025\/05\/bEKrHb-V.jpg","datePublished":"2025-05-22T00:03:50+00:00","breadcrumb":{"@id":"https:\/\/radioclanfm.com\/clanespectaculos\/jennifer-lopez-sufrio-un-accidente-y-tuvieron-que-darle-puntos-en-la-cara-las-fotos-que-se-viralizaron\/#breadcrumb"},"inLanguage":"es-AR","potentialAction":[{"@type":"ReadAction","target":["https:\/\/radioclanfm.com\/clanespectaculos\/jennifer-lopez-sufrio-un-accidente-y-tuvieron-que-darle-puntos-en-la-cara-las-fotos-que-se-viralizaron\/"]}]},{"@type":"ImageObject","inLanguage":"es-AR","@id":"https:\/\/radioclanfm.com\/clanespectaculos\/jennifer-lopez-sufrio-un-accidente-y-tuvieron-que-darle-puntos-en-la-cara-las-fotos-que-se-viralizaron\/#primaryimage","url":"https:\/\/radioclanfm.com\/clanespectaculos\/wp-content\/uploads\/sites\/2\/2025\/05\/bEKrHb-V.jpg","contentUrl":"https:\/\/radioclanfm.com\/clanespectaculos\/wp-content\/uploads\/sites\/2\/2025\/05\/bEKrHb-V.jpg","width":900,"height":504},{"@type":"BreadcrumbList","@id":"https:\/\/radioclanfm.com\/clanespectaculos\/jennifer-lopez-sufrio-un-accidente-y-tuvieron-que-darle-puntos-en-la-cara-las-fotos-que-se-viralizaron\/#breadcrumb","itemListElement":[{"@type":"ListItem","position":1,"name":"Inicio","item":"https:\/\/radioclanfm.com\/clanespectaculos\/"},{"@type":"ListItem","position":2,"name":"Jennifer Lopez sufri\u00f3 un accidente y tuvieron que darle puntos en la cara: las fotos que se viralizaron"}]},{"@type":"WebSite","@id":"https:\/\/radioclanfm.com\/clanespectaculos\/#website","url":"https:\/\/radioclanfm.com\/clanespectaculos\/","name":"CLAN ESPECTACULOS","description":"","publisher":{"@id":"https:\/\/radioclanfm.com\/clanespectaculos\/#organization"},"potentialAction":[{"@type":"SearchAction","target":{"@type":"EntryPoint","urlTemplate":"https:\/\/radioclanfm.com\/clanespectaculos\/?s={search_term_string}"},"query-input":{"@type":"PropertyValueSpecification","valueRequired":true,"valueName":"search_term_string"}}],"inLanguage":"es-AR"},{"@type":"Organization","@id":"https:\/\/radioclanfm.com\/clanespectaculos\/#organization","name":"CLAN ESPECTACULOS","url":"https:\/\/radioclanfm.com\/clanespectaculos\/","logo":{"@type":"ImageObject","inLanguage":"es-AR","@id":"https:\/\/radioclanfm.com\/clanespectaculos\/#\/schema\/logo\/image\/","url":"https:\/\/radioclanfm.com\/clanespectaculos\/wp-content\/uploads\/sites\/2\/2026\/04\/ChatGPT-Image-23-mar-2026-10_09_00.png","contentUrl":"https:\/\/radioclanfm.com\/clanespectaculos\/wp-content\/uploads\/sites\/2\/2026\/04\/ChatGPT-Image-23-mar-2026-10_09_00.png","width":1024,"height":1024,"caption":"CLAN ESPECTACULOS"},"image":{"@id":"https:\/\/radioclanfm.com\/clanespectaculos\/#\/schema\/logo\/image\/"},"sameAs":["https:\/\/www.facebook.com\/clanespectaculos\/","https:\/\/x.com\/clanespectok"]},{"@type":"Person","@id":"https:\/\/radioclanfm.com\/clanespectaculos\/#\/schema\/person\/9734813083303230f3ad84d99171b20c","name":"E-GRUPOCLAN","image":{"@type":"ImageObject","inLanguage":"es-AR","@id":"https:\/\/secure.gravatar.com\/avatar\/af6e19837c3d6a212034a48c7b3818d2ac1826f6025df0155da5a186ad321d79?s=96&d=mm&r=g","url":"https:\/\/secure.gravatar.com\/avatar\/af6e19837c3d6a212034a48c7b3818d2ac1826f6025df0155da5a186ad321d79?s=96&d=mm&r=g","contentUrl":"https:\/\/secure.gravatar.com\/avatar\/af6e19837c3d6a212034a48c7b3818d2ac1826f6025df0155da5a186ad321d79?s=96&d=mm&r=g","caption":"E-GRUPOCLAN"},"sameAs":["https:\/\/radioclanfm.com"],"url":"https:\/\/radioclanfm.com\/clanespectaculos\/author\/admin\/"}]}},"_links":{"self":[{"href":"https:\/\/radioclanfm.com\/clanespectaculos\/wp-json\/wp\/v2\/posts\/880","targetHints":{"allow":["GET"]}}],"collection":[{"href":"https:\/\/radioclanfm.com\/clanespectaculos\/wp-json\/wp\/v2\/posts"}],"about":[{"href":"https:\/\/radioclanfm.com\/clanespectaculos\/wp-json\/wp\/v2\/types\/post"}],"author":[{"embeddable":true,"href":"https:\/\/radioclanfm.com\/clanespectaculos\/wp-json\/wp\/v2\/users\/1"}],"replies":[{"embeddable":true,"href":"https:\/\/radioclanfm.com\/clanespectaculos\/wp-json\/wp\/v2\/comments?post=880"}],"version-history":[{"count":1,"href":"https:\/\/radioclanfm.com\/clanespectaculos\/wp-json\/wp\/v2\/posts\/880\/revisions"}],"predecessor-version":[{"id":884,"href":"https:\/\/radioclanfm.com\/clanespectaculos\/wp-json\/wp\/v2\/posts\/880\/revisions\/884"}],"wp:featuredmedia":[{"embeddable":true,"href":"https:\/\/radioclanfm.com\/clanespectaculos\/wp-json\/wp\/v2\/media\/883"}],"wp:attachment":[{"href":"https:\/\/radioclanfm.com\/clanespectaculos\/wp-json\/wp\/v2\/media?parent=880"}],"wp:term":[{"taxonomy":"category","embeddable":true,"href":"https:\/\/radioclanfm.com\/clanespectaculos\/wp-json\/wp\/v2\/categories?post=880"},{"taxonomy":"post_tag","embeddable":true,"href":"https:\/\/radioclanfm.com\/clanespectaculos\/wp-json\/wp\/v2\/tags?post=880"}],"curies":[{"name":"wp","href":"https:\/\/api.w.org\/{rel}","templated":true}]}}