{"id":814,"date":"2025-05-21T12:45:40","date_gmt":"2025-05-21T15:45:40","guid":{"rendered":"https:\/\/radioclanfm.com\/clanespectaculos\/?p=814"},"modified":"2025-05-21T12:45:40","modified_gmt":"2025-05-21T15:45:40","slug":"la-china-suarez-se-harto-del-abogado-de-wanda-nara-y-filtro-los-polemicos-mensajes-que-recibio","status":"publish","type":"post","link":"https:\/\/radioclanfm.com\/clanespectaculos\/la-china-suarez-se-harto-del-abogado-de-wanda-nara-y-filtro-los-polemicos-mensajes-que-recibio\/","title":{"rendered":"La China Su\u00e1rez se hart\u00f3 del abogado de Wanda Nara y filtr\u00f3 los pol\u00e9micos mensajes que recibi\u00f3"},"content":{"rendered":"<p>La actriz public\u00f3 en sus redes sociales algunas capturas de pantallas para exponer al letrado que forma parte del equipo de profesionales que acompa\u00f1an a la medi\u00e1tica.<\/p>\n<div class=\"col-content\"><main class=\"col-content\"><\/p>\n<div class=\"default-article-color article__body article__article\">\n<p class=\"paragraph font__body-regular\">La\u00a0<b>China Su\u00e1rez<\/b>\u00a0se hart\u00f3 del acoso medi\u00e1tico. Tanto es as\u00ed que en las \u00faltimas horas respondi\u00f3 varias de las cr\u00edticas que recibe a diario e incluso\u00a0<b>filtr\u00f3 los pol\u00e9micos mensajes<\/b>\u00a0que recibi\u00f3 por parte de un abogado.<\/p>\n<div class=\"AV67f93cf033780503b00636a7\">\n<div id=\"aniBox\">\n<div id=\"aniplayer_AV67f93cf033780503b00636a7-1747842256079\">\n<div id=\"aniplayer_AV67f93cf033780503b00636a7-1747842256079gui\">\n<div id=\"av-caption\">\n<div id=\"av-close-btn-overlay\" class=\"av-pos-top-left\"><\/div>\n<\/div>\n<\/div>\n<\/div>\n<\/div>\n<\/div>\n<div id=\"ad-slot-infeed\" class=\"infeed-container ad-slot-infeed ad-slot\" data-adtype=\"infeed\" data-google-query-id=\"CJ7ZpubztI0DFb5I3QId0oww0A\">\n<div id=\"google_ads_iframe_\/113951150\/tn-arc\/nota\/infeed_0__container__\"><\/div>\n<\/div>\n<p class=\"paragraph font__body-regular\">La actriz subi\u00f3 en sus historias de Instagram algunas de las capturas con los mensajes que le llegaron. Este mi\u00e9rcoles por la ma\u00f1ana decidi\u00f3 exponer a Guillermo Gast\u00f3n L\u00f3pez, quien forma parte de la defensa de\u00a0<b>Wanda Nara<\/b>.<\/p>\n<p class=\"paragraph font__body-regular\">En la foto se pod\u00eda ver un\u00a0<b>repudiable\u00a0<\/b>mensaje del abogado en el que se refer\u00eda a Amancio, el nene que la China tuvo con Benjam\u00edn Vicu\u00f1a.\u00a0<b>\u201cYa tiene rasgos de homosexualidad infantil\u201d<\/b>, se lee en la imagen que public\u00f3 Su\u00e1rez.<\/p>\n<figure class=\"\" data-testid=\"figure-testid\">\n<div class=\"aspect_ratio__container\"><picture class=\"responsive-image\"><source srcset=\"https:\/\/tn.com.ar\/resizer\/v2\/la-china-suarez-mostro-el-polemico-mensaje-que-recibio-foto-instagramsangrejaponesa-KUWL6KI4UNDOFBSCFBLDY4UZT4.jpeg?auth=bb2acf01ad80e1cd106f6a2298fec5b3a70010f18dec8a691031c2159b6c0df3&amp;width=767\" type=\"image\/jpg\" media=\"(max-width: 728px)\" \/><source srcset=\"https:\/\/tn.com.ar\/resizer\/v2\/la-china-suarez-mostro-el-polemico-mensaje-que-recibio-foto-instagramsangrejaponesa-KUWL6KI4UNDOFBSCFBLDY4UZT4.jpeg?auth=bb2acf01ad80e1cd106f6a2298fec5b3a70010f18dec8a691031c2159b6c0df3&amp;width=1023\" type=\"image\/jpg\" media=\"(max-width: 1023px)\" \/><source srcset=\"https:\/\/tn.com.ar\/resizer\/v2\/la-china-suarez-mostro-el-polemico-mensaje-que-recibio-foto-instagramsangrejaponesa-KUWL6KI4UNDOFBSCFBLDY4UZT4.jpeg?auth=bb2acf01ad80e1cd106f6a2298fec5b3a70010f18dec8a691031c2159b6c0df3&amp;width=1440\" type=\"image\/jpg\" \/><img loading=\"lazy\" decoding=\"async\" class=\"image content-image image_placeholder\" src=\"https:\/\/tn.com.ar\/resizer\/v2\/la-china-suarez-mostro-el-polemico-mensaje-que-recibio-foto-instagramsangrejaponesa-KUWL6KI4UNDOFBSCFBLDY4UZT4.jpeg?auth=bb2acf01ad80e1cd106f6a2298fec5b3a70010f18dec8a691031c2159b6c0df3&amp;width=767\" alt=\"La China Su\u00e1rez mostr\u00f3 el pol\u00e9mico mensaje que recibi\u00f3. (Foto: Instagram\/sangrejaponesa)\" width=\"767\" height=\"1336\" data-testid=\"loading-testid\" \/><\/picture><\/div><figcaption class=\"caption_image\" data-testid=\"figcaption-testid\">\n<div class=\"image_caption \">La China Su\u00e1rez mostr\u00f3 el pol\u00e9mico mensaje que recibi\u00f3. (Foto: Instagram\/sangrejaponesa)<\/div>\n<\/figcaption><\/figure>\n<p class=\"paragraph font__body-regular\">\u201cMis hijos son criados en amor y libertad. Son sanos y felices.\u00a0<b>En mi casa no se discrimina<\/b>, no se habla con odio\u201d, escribi\u00f3 Eugenia para responderle al letrado. \u201cA\u00fan no me entra en la cabeza como alguien puede destilar odio contra un ni\u00f1o\u201d, continu\u00f3 la actriz en su descargo.<\/p>\n<p class=\"paragraph font__body-regular\">\u201cCualquier decisi\u00f3n que tome cualquiera de mis hijos el d\u00eda de ma\u00f1ana, ser\u00e1 abrazada con todo el amor del mundo\u201d, asegur\u00f3 la China ante las palabras de L\u00f3pez. Y cerr\u00f3:\u00a0<b>\u201cS\u00ed, amor, eso que tanto te falta a vos, Guillermo\u201d<\/b>.<\/p>\n<p class=\"paragraph font__body-regular\">Incluso, despu\u00e9s de darle esa respuesta, la actriz comparti\u00f3 una foto con la cara del letrado y manifest\u00f3: \u201cEs abogado,\u00a0<b>homof\u00f3bico, mis\u00f3gino<\/b>. Quisimos denunciarlo con mis abogados pero no tiene matr\u00edcula\u201d.<\/p>\n<h2 class=\"font--primary font__display\">La frase letal de la China Su\u00e1rez contra las personas que la critican<\/h2>\n<p class=\"paragraph font__body-regular\">La China Su\u00e1rez dispar\u00f3 sin filtros hacia las personas que la critican:\u00a0<b>\u201cMe encanta escuchar a todas las santitas juzgar\u201d<\/b>. La actriz se cans\u00f3 de que la cuestionen por apostar a su amor con Mauro Icardi y se despach\u00f3 en redes sociales.<\/p>\n<p class=\"paragraph font__body-regular\">Todo surgi\u00f3 porque este fin de semana la artista acompa\u00f1\u00f3 al futbolista a Turqu\u00eda junto a sus hijos, Rufina, Magnolia y Amancio. Desde entonces, no paran de lloverle las cr\u00edticas y los cuestionamientos.<\/p>\n<figure class=\"\" data-testid=\"figure-testid\">\n<div class=\"aspect_ratio__container\"><picture class=\"responsive-image\"><source srcset=\"https:\/\/tn.com.ar\/resizer\/v2\/la-china-suarez-se-harto-de-las-criticas-y-respondio-sin-filtros-foto-captura-instagram-sangrejaponesa-5UD5CO5DTVC7FO7YXFCPX2RXRQ.png?auth=ba9c59c913e42e6becea0f4a70fa2c501180dda07548a4729190694e553f4467&amp;width=767\" type=\"image\/jpg\" media=\"(max-width: 728px)\" \/><source srcset=\"https:\/\/tn.com.ar\/resizer\/v2\/la-china-suarez-se-harto-de-las-criticas-y-respondio-sin-filtros-foto-captura-instagram-sangrejaponesa-5UD5CO5DTVC7FO7YXFCPX2RXRQ.png?auth=ba9c59c913e42e6becea0f4a70fa2c501180dda07548a4729190694e553f4467&amp;width=1023\" type=\"image\/jpg\" media=\"(max-width: 1023px)\" \/><source srcset=\"https:\/\/tn.com.ar\/resizer\/v2\/la-china-suarez-se-harto-de-las-criticas-y-respondio-sin-filtros-foto-captura-instagram-sangrejaponesa-5UD5CO5DTVC7FO7YXFCPX2RXRQ.png?auth=ba9c59c913e42e6becea0f4a70fa2c501180dda07548a4729190694e553f4467&amp;width=1440\" type=\"image\/jpg\" \/><img loading=\"lazy\" decoding=\"async\" class=\"image content-image image_placeholder\" src=\"https:\/\/tn.com.ar\/resizer\/v2\/la-china-suarez-se-harto-de-las-criticas-y-respondio-sin-filtros-foto-captura-instagram-sangrejaponesa-5UD5CO5DTVC7FO7YXFCPX2RXRQ.png?auth=ba9c59c913e42e6becea0f4a70fa2c501180dda07548a4729190694e553f4467&amp;width=767\" alt=\"La China Su\u00e1rez se hart\u00f3 de las cr\u00edticas y respondi\u00f3 sin filtros (Foto: captura Instagram \/sangrejaponesa)\" width=\"767\" height=\"1368\" data-testid=\"loading-testid\" \/><\/picture><\/div><figcaption class=\"caption_image\" data-testid=\"figcaption-testid\">\n<div class=\"image_caption \">La China Su\u00e1rez se hart\u00f3 de las cr\u00edticas y respondi\u00f3 sin filtros (Foto: captura Instagram \/sangrejaponesa)<\/div>\n<\/figcaption><\/figure>\n<p class=\"paragraph font__body-regular\">Harta de la situaci\u00f3n, la ex\u00a0<i>Casi \u00c1ngeles<\/i>\u00a0decidi\u00f3 salir al cruce de los que la atacan. \u201cUps amiga se te subi\u00f3 el borrador\u201d, coment\u00f3 una usuaria al ver un primer plano de su cara. Sin filtros, la artista retruc\u00f3:\u00a0<b>\u201cImaginate si ese es mi borrador lo que es la foto oficial\u201d<\/b>.<\/p>\n<p class=\"paragraph font__body-regular\">Minutos despu\u00e9s, se volc\u00f3 a sus historias de Instagram donde fue tajante.\u00a0<b>\u201cMe encanta escucharlas a todas las santitas juzgar, se\u00f1alar sentadas en un programa, si yo hablara, las hago m&#8230; a todas.\u00a0<\/b>La diferencia es que yo no hablo ni me meto en la vida privada de los dem\u00e1s\u201d, asegur\u00f3. Y Advirti\u00f3:\u00a0<b>\u201cPero sepan que s\u00e9 mucho m\u00e1s de lo que creen\u201d.<\/b><\/p>\n<\/div>\n<p><\/main><\/div>\n<aside class=\"col-right-rail right-rail\">\n<div id=\"parent-ad-slot-caja\" class=\"ad-container caja_ad \">\n<div class=\"ad-content\">\n<div id=\"ad-slot-caja\" class=\"ad-slot-caja ad-slot\" data-adtype=\"caja\" data-google-query-id=\"CInftOXztI0DFWtK3QIdSvoMpw\"><\/div>\n<\/div>\n<\/div>\n<\/aside>\n","protected":false},"excerpt":{"rendered":"<p>La actriz public\u00f3 en sus redes sociales algunas capturas de pantallas para exponer al letrado que forma parte del equipo de profesionales que acompa\u00f1an a la medi\u00e1tica. La\u00a0China Su\u00e1rez\u00a0se hart\u00f3 del acoso medi\u00e1tico. Tanto es as\u00ed que en las \u00faltimas horas respondi\u00f3 varias de las cr\u00edticas que recibe a diario e incluso\u00a0filtr\u00f3 los pol\u00e9micos mensajes\u00a0que [&hellip;]<\/p>\n","protected":false},"author":1,"featured_media":817,"comment_status":"open","ping_status":"open","sticky":false,"template":"","format":"standard","meta":{"rop_custom_images_group":[],"rop_custom_messages_group":[],"rop_publish_now":"initial","rop_publish_now_accounts":[],"rop_publish_now_history":[],"rop_publish_now_status":"pending","footnotes":"","jetpack_publicize_message":"","jetpack_publicize_feature_enabled":true,"jetpack_social_post_already_shared":true,"jetpack_social_options":{"image_generator_settings":{"template":"highway","enabled":false},"version":2}},"categories":[12],"tags":[],"class_list":{"0":"post-814","1":"post","2":"type-post","3":"status-publish","4":"format-standard","5":"has-post-thumbnail","7":"category-espectaculos"},"jetpack_publicize_connections":[],"yoast_head":"<!-- This site is optimized with the Yoast SEO plugin v27.3 - https:\/\/yoast.com\/product\/yoast-seo-wordpress\/ -->\n<title>La China Su\u00e1rez se hart\u00f3 del abogado de Wanda Nara y filtr\u00f3 los pol\u00e9micos mensajes que recibi\u00f3 - CLAN ESPECTACULOS<\/title>\n<meta name=\"robots\" content=\"index, follow, max-snippet:-1, max-image-preview:large, max-video-preview:-1\" \/>\n<link rel=\"canonical\" href=\"https:\/\/radioclanfm.com\/clanespectaculos\/la-china-suarez-se-harto-del-abogado-de-wanda-nara-y-filtro-los-polemicos-mensajes-que-recibio\/\" \/>\n<meta property=\"og:locale\" content=\"es_ES\" \/>\n<meta property=\"og:type\" content=\"article\" \/>\n<meta property=\"og:title\" content=\"La China Su\u00e1rez se hart\u00f3 del abogado de Wanda Nara y filtr\u00f3 los pol\u00e9micos mensajes que recibi\u00f3 - CLAN ESPECTACULOS\" \/>\n<meta property=\"og:description\" content=\"La actriz public\u00f3 en sus redes sociales algunas capturas de pantallas para exponer al letrado que forma parte del equipo de profesionales que acompa\u00f1an a la medi\u00e1tica. La\u00a0China Su\u00e1rez\u00a0se hart\u00f3 del acoso medi\u00e1tico. Tanto es as\u00ed que en las \u00faltimas horas respondi\u00f3 varias de las cr\u00edticas que recibe a diario e incluso\u00a0filtr\u00f3 los pol\u00e9micos mensajes\u00a0que [&hellip;]\" \/>\n<meta property=\"og:url\" content=\"https:\/\/radioclanfm.com\/clanespectaculos\/la-china-suarez-se-harto-del-abogado-de-wanda-nara-y-filtro-los-polemicos-mensajes-que-recibio\/\" \/>\n<meta property=\"og:site_name\" content=\"CLAN ESPECTACULOS\" \/>\n<meta property=\"article:publisher\" content=\"https:\/\/www.facebook.com\/clanespectaculos\/\" \/>\n<meta property=\"article:published_time\" content=\"2025-05-21T15:45:40+00:00\" \/>\n<meta property=\"og:image\" content=\"https:\/\/radioclanfm.com\/clanespectaculos\/wp-content\/uploads\/sites\/2\/2025\/05\/3CB0t0BP.jpg\" \/>\n\t<meta property=\"og:image:width\" content=\"900\" \/>\n\t<meta property=\"og:image:height\" content=\"504\" \/>\n\t<meta property=\"og:image:type\" content=\"image\/jpeg\" \/>\n<meta name=\"author\" content=\"E-GRUPOCLAN\" \/>\n<meta name=\"twitter:card\" content=\"summary_large_image\" \/>\n<meta name=\"twitter:creator\" content=\"@clanespectok\" \/>\n<meta name=\"twitter:site\" content=\"@clanespectok\" \/>\n<meta name=\"twitter:label1\" content=\"Escrito por\" \/>\n\t<meta name=\"twitter:data1\" content=\"E-GRUPOCLAN\" \/>\n\t<meta name=\"twitter:label2\" content=\"Tiempo de lectura\" \/>\n\t<meta name=\"twitter:data2\" content=\"3 minutos\" \/>\n<script type=\"application\/ld+json\" class=\"yoast-schema-graph\">{\"@context\":\"https:\\\/\\\/schema.org\",\"@graph\":[{\"@type\":\"Article\",\"@id\":\"https:\\\/\\\/radioclanfm.com\\\/clanespectaculos\\\/la-china-suarez-se-harto-del-abogado-de-wanda-nara-y-filtro-los-polemicos-mensajes-que-recibio\\\/#article\",\"isPartOf\":{\"@id\":\"https:\\\/\\\/radioclanfm.com\\\/clanespectaculos\\\/la-china-suarez-se-harto-del-abogado-de-wanda-nara-y-filtro-los-polemicos-mensajes-que-recibio\\\/\"},\"author\":{\"name\":\"E-GRUPOCLAN\",\"@id\":\"https:\\\/\\\/radioclanfm.com\\\/clanespectaculos\\\/#\\\/schema\\\/person\\\/9734813083303230f3ad84d99171b20c\"},\"headline\":\"La China Su\u00e1rez se hart\u00f3 del abogado de Wanda Nara y filtr\u00f3 los pol\u00e9micos mensajes que recibi\u00f3\",\"datePublished\":\"2025-05-21T15:45:40+00:00\",\"mainEntityOfPage\":{\"@id\":\"https:\\\/\\\/radioclanfm.com\\\/clanespectaculos\\\/la-china-suarez-se-harto-del-abogado-de-wanda-nara-y-filtro-los-polemicos-mensajes-que-recibio\\\/\"},\"wordCount\":553,\"commentCount\":0,\"publisher\":{\"@id\":\"https:\\\/\\\/radioclanfm.com\\\/clanespectaculos\\\/#organization\"},\"image\":{\"@id\":\"https:\\\/\\\/radioclanfm.com\\\/clanespectaculos\\\/la-china-suarez-se-harto-del-abogado-de-wanda-nara-y-filtro-los-polemicos-mensajes-que-recibio\\\/#primaryimage\"},\"thumbnailUrl\":\"https:\\\/\\\/radioclanfm.com\\\/clanespectaculos\\\/wp-content\\\/uploads\\\/sites\\\/2\\\/2025\\\/05\\\/3CB0t0BP.jpg\",\"articleSection\":[\"Espectaculos\"],\"inLanguage\":\"es-AR\",\"potentialAction\":[{\"@type\":\"CommentAction\",\"name\":\"Comment\",\"target\":[\"https:\\\/\\\/radioclanfm.com\\\/clanespectaculos\\\/la-china-suarez-se-harto-del-abogado-de-wanda-nara-y-filtro-los-polemicos-mensajes-que-recibio\\\/#respond\"]}]},{\"@type\":\"WebPage\",\"@id\":\"https:\\\/\\\/radioclanfm.com\\\/clanespectaculos\\\/la-china-suarez-se-harto-del-abogado-de-wanda-nara-y-filtro-los-polemicos-mensajes-que-recibio\\\/\",\"url\":\"https:\\\/\\\/radioclanfm.com\\\/clanespectaculos\\\/la-china-suarez-se-harto-del-abogado-de-wanda-nara-y-filtro-los-polemicos-mensajes-que-recibio\\\/\",\"name\":\"La China Su\u00e1rez se hart\u00f3 del abogado de Wanda Nara y filtr\u00f3 los pol\u00e9micos mensajes que recibi\u00f3 - CLAN ESPECTACULOS\",\"isPartOf\":{\"@id\":\"https:\\\/\\\/radioclanfm.com\\\/clanespectaculos\\\/#website\"},\"primaryImageOfPage\":{\"@id\":\"https:\\\/\\\/radioclanfm.com\\\/clanespectaculos\\\/la-china-suarez-se-harto-del-abogado-de-wanda-nara-y-filtro-los-polemicos-mensajes-que-recibio\\\/#primaryimage\"},\"image\":{\"@id\":\"https:\\\/\\\/radioclanfm.com\\\/clanespectaculos\\\/la-china-suarez-se-harto-del-abogado-de-wanda-nara-y-filtro-los-polemicos-mensajes-que-recibio\\\/#primaryimage\"},\"thumbnailUrl\":\"https:\\\/\\\/radioclanfm.com\\\/clanespectaculos\\\/wp-content\\\/uploads\\\/sites\\\/2\\\/2025\\\/05\\\/3CB0t0BP.jpg\",\"datePublished\":\"2025-05-21T15:45:40+00:00\",\"breadcrumb\":{\"@id\":\"https:\\\/\\\/radioclanfm.com\\\/clanespectaculos\\\/la-china-suarez-se-harto-del-abogado-de-wanda-nara-y-filtro-los-polemicos-mensajes-que-recibio\\\/#breadcrumb\"},\"inLanguage\":\"es-AR\",\"potentialAction\":[{\"@type\":\"ReadAction\",\"target\":[\"https:\\\/\\\/radioclanfm.com\\\/clanespectaculos\\\/la-china-suarez-se-harto-del-abogado-de-wanda-nara-y-filtro-los-polemicos-mensajes-que-recibio\\\/\"]}]},{\"@type\":\"ImageObject\",\"inLanguage\":\"es-AR\",\"@id\":\"https:\\\/\\\/radioclanfm.com\\\/clanespectaculos\\\/la-china-suarez-se-harto-del-abogado-de-wanda-nara-y-filtro-los-polemicos-mensajes-que-recibio\\\/#primaryimage\",\"url\":\"https:\\\/\\\/radioclanfm.com\\\/clanespectaculos\\\/wp-content\\\/uploads\\\/sites\\\/2\\\/2025\\\/05\\\/3CB0t0BP.jpg\",\"contentUrl\":\"https:\\\/\\\/radioclanfm.com\\\/clanespectaculos\\\/wp-content\\\/uploads\\\/sites\\\/2\\\/2025\\\/05\\\/3CB0t0BP.jpg\",\"width\":900,\"height\":504},{\"@type\":\"BreadcrumbList\",\"@id\":\"https:\\\/\\\/radioclanfm.com\\\/clanespectaculos\\\/la-china-suarez-se-harto-del-abogado-de-wanda-nara-y-filtro-los-polemicos-mensajes-que-recibio\\\/#breadcrumb\",\"itemListElement\":[{\"@type\":\"ListItem\",\"position\":1,\"name\":\"Inicio\",\"item\":\"https:\\\/\\\/radioclanfm.com\\\/clanespectaculos\\\/\"},{\"@type\":\"ListItem\",\"position\":2,\"name\":\"La China Su\u00e1rez se hart\u00f3 del abogado de Wanda Nara y filtr\u00f3 los pol\u00e9micos mensajes que recibi\u00f3\"}]},{\"@type\":\"WebSite\",\"@id\":\"https:\\\/\\\/radioclanfm.com\\\/clanespectaculos\\\/#website\",\"url\":\"https:\\\/\\\/radioclanfm.com\\\/clanespectaculos\\\/\",\"name\":\"CLAN ESPECTACULOS\",\"description\":\"\",\"publisher\":{\"@id\":\"https:\\\/\\\/radioclanfm.com\\\/clanespectaculos\\\/#organization\"},\"potentialAction\":[{\"@type\":\"SearchAction\",\"target\":{\"@type\":\"EntryPoint\",\"urlTemplate\":\"https:\\\/\\\/radioclanfm.com\\\/clanespectaculos\\\/?s={search_term_string}\"},\"query-input\":{\"@type\":\"PropertyValueSpecification\",\"valueRequired\":true,\"valueName\":\"search_term_string\"}}],\"inLanguage\":\"es-AR\"},{\"@type\":\"Organization\",\"@id\":\"https:\\\/\\\/radioclanfm.com\\\/clanespectaculos\\\/#organization\",\"name\":\"CLAN ESPECTACULOS\",\"url\":\"https:\\\/\\\/radioclanfm.com\\\/clanespectaculos\\\/\",\"logo\":{\"@type\":\"ImageObject\",\"inLanguage\":\"es-AR\",\"@id\":\"https:\\\/\\\/radioclanfm.com\\\/clanespectaculos\\\/#\\\/schema\\\/logo\\\/image\\\/\",\"url\":\"https:\\\/\\\/radioclanfm.com\\\/clanespectaculos\\\/wp-content\\\/uploads\\\/sites\\\/2\\\/2026\\\/04\\\/ChatGPT-Image-23-mar-2026-10_09_00.png\",\"contentUrl\":\"https:\\\/\\\/radioclanfm.com\\\/clanespectaculos\\\/wp-content\\\/uploads\\\/sites\\\/2\\\/2026\\\/04\\\/ChatGPT-Image-23-mar-2026-10_09_00.png\",\"width\":1024,\"height\":1024,\"caption\":\"CLAN ESPECTACULOS\"},\"image\":{\"@id\":\"https:\\\/\\\/radioclanfm.com\\\/clanespectaculos\\\/#\\\/schema\\\/logo\\\/image\\\/\"},\"sameAs\":[\"https:\\\/\\\/www.facebook.com\\\/clanespectaculos\\\/\",\"https:\\\/\\\/x.com\\\/clanespectok\"]},{\"@type\":\"Person\",\"@id\":\"https:\\\/\\\/radioclanfm.com\\\/clanespectaculos\\\/#\\\/schema\\\/person\\\/9734813083303230f3ad84d99171b20c\",\"name\":\"E-GRUPOCLAN\",\"image\":{\"@type\":\"ImageObject\",\"inLanguage\":\"es-AR\",\"@id\":\"https:\\\/\\\/secure.gravatar.com\\\/avatar\\\/af6e19837c3d6a212034a48c7b3818d2ac1826f6025df0155da5a186ad321d79?s=96&d=mm&r=g\",\"url\":\"https:\\\/\\\/secure.gravatar.com\\\/avatar\\\/af6e19837c3d6a212034a48c7b3818d2ac1826f6025df0155da5a186ad321d79?s=96&d=mm&r=g\",\"contentUrl\":\"https:\\\/\\\/secure.gravatar.com\\\/avatar\\\/af6e19837c3d6a212034a48c7b3818d2ac1826f6025df0155da5a186ad321d79?s=96&d=mm&r=g\",\"caption\":\"E-GRUPOCLAN\"},\"sameAs\":[\"https:\\\/\\\/radioclanfm.com\"],\"url\":\"https:\\\/\\\/radioclanfm.com\\\/clanespectaculos\\\/author\\\/admin\\\/\"}]}<\/script>\n<!-- \/ Yoast SEO plugin. -->","yoast_head_json":{"title":"La China Su\u00e1rez se hart\u00f3 del abogado de Wanda Nara y filtr\u00f3 los pol\u00e9micos mensajes que recibi\u00f3 - CLAN ESPECTACULOS","robots":{"index":"index","follow":"follow","max-snippet":"max-snippet:-1","max-image-preview":"max-image-preview:large","max-video-preview":"max-video-preview:-1"},"canonical":"https:\/\/radioclanfm.com\/clanespectaculos\/la-china-suarez-se-harto-del-abogado-de-wanda-nara-y-filtro-los-polemicos-mensajes-que-recibio\/","og_locale":"es_ES","og_type":"article","og_title":"La China Su\u00e1rez se hart\u00f3 del abogado de Wanda Nara y filtr\u00f3 los pol\u00e9micos mensajes que recibi\u00f3 - CLAN ESPECTACULOS","og_description":"La actriz public\u00f3 en sus redes sociales algunas capturas de pantallas para exponer al letrado que forma parte del equipo de profesionales que acompa\u00f1an a la medi\u00e1tica. La\u00a0China Su\u00e1rez\u00a0se hart\u00f3 del acoso medi\u00e1tico. Tanto es as\u00ed que en las \u00faltimas horas respondi\u00f3 varias de las cr\u00edticas que recibe a diario e incluso\u00a0filtr\u00f3 los pol\u00e9micos mensajes\u00a0que [&hellip;]","og_url":"https:\/\/radioclanfm.com\/clanespectaculos\/la-china-suarez-se-harto-del-abogado-de-wanda-nara-y-filtro-los-polemicos-mensajes-que-recibio\/","og_site_name":"CLAN ESPECTACULOS","article_publisher":"https:\/\/www.facebook.com\/clanespectaculos\/","article_published_time":"2025-05-21T15:45:40+00:00","og_image":[{"width":900,"height":504,"url":"https:\/\/radioclanfm.com\/clanespectaculos\/wp-content\/uploads\/sites\/2\/2025\/05\/3CB0t0BP.jpg","type":"image\/jpeg"}],"author":"E-GRUPOCLAN","twitter_card":"summary_large_image","twitter_creator":"@clanespectok","twitter_site":"@clanespectok","twitter_misc":{"Escrito por":"E-GRUPOCLAN","Tiempo de lectura":"3 minutos"},"schema":{"@context":"https:\/\/schema.org","@graph":[{"@type":"Article","@id":"https:\/\/radioclanfm.com\/clanespectaculos\/la-china-suarez-se-harto-del-abogado-de-wanda-nara-y-filtro-los-polemicos-mensajes-que-recibio\/#article","isPartOf":{"@id":"https:\/\/radioclanfm.com\/clanespectaculos\/la-china-suarez-se-harto-del-abogado-de-wanda-nara-y-filtro-los-polemicos-mensajes-que-recibio\/"},"author":{"name":"E-GRUPOCLAN","@id":"https:\/\/radioclanfm.com\/clanespectaculos\/#\/schema\/person\/9734813083303230f3ad84d99171b20c"},"headline":"La China Su\u00e1rez se hart\u00f3 del abogado de Wanda Nara y filtr\u00f3 los pol\u00e9micos mensajes que recibi\u00f3","datePublished":"2025-05-21T15:45:40+00:00","mainEntityOfPage":{"@id":"https:\/\/radioclanfm.com\/clanespectaculos\/la-china-suarez-se-harto-del-abogado-de-wanda-nara-y-filtro-los-polemicos-mensajes-que-recibio\/"},"wordCount":553,"commentCount":0,"publisher":{"@id":"https:\/\/radioclanfm.com\/clanespectaculos\/#organization"},"image":{"@id":"https:\/\/radioclanfm.com\/clanespectaculos\/la-china-suarez-se-harto-del-abogado-de-wanda-nara-y-filtro-los-polemicos-mensajes-que-recibio\/#primaryimage"},"thumbnailUrl":"https:\/\/radioclanfm.com\/clanespectaculos\/wp-content\/uploads\/sites\/2\/2025\/05\/3CB0t0BP.jpg","articleSection":["Espectaculos"],"inLanguage":"es-AR","potentialAction":[{"@type":"CommentAction","name":"Comment","target":["https:\/\/radioclanfm.com\/clanespectaculos\/la-china-suarez-se-harto-del-abogado-de-wanda-nara-y-filtro-los-polemicos-mensajes-que-recibio\/#respond"]}]},{"@type":"WebPage","@id":"https:\/\/radioclanfm.com\/clanespectaculos\/la-china-suarez-se-harto-del-abogado-de-wanda-nara-y-filtro-los-polemicos-mensajes-que-recibio\/","url":"https:\/\/radioclanfm.com\/clanespectaculos\/la-china-suarez-se-harto-del-abogado-de-wanda-nara-y-filtro-los-polemicos-mensajes-que-recibio\/","name":"La China Su\u00e1rez se hart\u00f3 del abogado de Wanda Nara y filtr\u00f3 los pol\u00e9micos mensajes que recibi\u00f3 - CLAN ESPECTACULOS","isPartOf":{"@id":"https:\/\/radioclanfm.com\/clanespectaculos\/#website"},"primaryImageOfPage":{"@id":"https:\/\/radioclanfm.com\/clanespectaculos\/la-china-suarez-se-harto-del-abogado-de-wanda-nara-y-filtro-los-polemicos-mensajes-que-recibio\/#primaryimage"},"image":{"@id":"https:\/\/radioclanfm.com\/clanespectaculos\/la-china-suarez-se-harto-del-abogado-de-wanda-nara-y-filtro-los-polemicos-mensajes-que-recibio\/#primaryimage"},"thumbnailUrl":"https:\/\/radioclanfm.com\/clanespectaculos\/wp-content\/uploads\/sites\/2\/2025\/05\/3CB0t0BP.jpg","datePublished":"2025-05-21T15:45:40+00:00","breadcrumb":{"@id":"https:\/\/radioclanfm.com\/clanespectaculos\/la-china-suarez-se-harto-del-abogado-de-wanda-nara-y-filtro-los-polemicos-mensajes-que-recibio\/#breadcrumb"},"inLanguage":"es-AR","potentialAction":[{"@type":"ReadAction","target":["https:\/\/radioclanfm.com\/clanespectaculos\/la-china-suarez-se-harto-del-abogado-de-wanda-nara-y-filtro-los-polemicos-mensajes-que-recibio\/"]}]},{"@type":"ImageObject","inLanguage":"es-AR","@id":"https:\/\/radioclanfm.com\/clanespectaculos\/la-china-suarez-se-harto-del-abogado-de-wanda-nara-y-filtro-los-polemicos-mensajes-que-recibio\/#primaryimage","url":"https:\/\/radioclanfm.com\/clanespectaculos\/wp-content\/uploads\/sites\/2\/2025\/05\/3CB0t0BP.jpg","contentUrl":"https:\/\/radioclanfm.com\/clanespectaculos\/wp-content\/uploads\/sites\/2\/2025\/05\/3CB0t0BP.jpg","width":900,"height":504},{"@type":"BreadcrumbList","@id":"https:\/\/radioclanfm.com\/clanespectaculos\/la-china-suarez-se-harto-del-abogado-de-wanda-nara-y-filtro-los-polemicos-mensajes-que-recibio\/#breadcrumb","itemListElement":[{"@type":"ListItem","position":1,"name":"Inicio","item":"https:\/\/radioclanfm.com\/clanespectaculos\/"},{"@type":"ListItem","position":2,"name":"La China Su\u00e1rez se hart\u00f3 del abogado de Wanda Nara y filtr\u00f3 los pol\u00e9micos mensajes que recibi\u00f3"}]},{"@type":"WebSite","@id":"https:\/\/radioclanfm.com\/clanespectaculos\/#website","url":"https:\/\/radioclanfm.com\/clanespectaculos\/","name":"CLAN ESPECTACULOS","description":"","publisher":{"@id":"https:\/\/radioclanfm.com\/clanespectaculos\/#organization"},"potentialAction":[{"@type":"SearchAction","target":{"@type":"EntryPoint","urlTemplate":"https:\/\/radioclanfm.com\/clanespectaculos\/?s={search_term_string}"},"query-input":{"@type":"PropertyValueSpecification","valueRequired":true,"valueName":"search_term_string"}}],"inLanguage":"es-AR"},{"@type":"Organization","@id":"https:\/\/radioclanfm.com\/clanespectaculos\/#organization","name":"CLAN ESPECTACULOS","url":"https:\/\/radioclanfm.com\/clanespectaculos\/","logo":{"@type":"ImageObject","inLanguage":"es-AR","@id":"https:\/\/radioclanfm.com\/clanespectaculos\/#\/schema\/logo\/image\/","url":"https:\/\/radioclanfm.com\/clanespectaculos\/wp-content\/uploads\/sites\/2\/2026\/04\/ChatGPT-Image-23-mar-2026-10_09_00.png","contentUrl":"https:\/\/radioclanfm.com\/clanespectaculos\/wp-content\/uploads\/sites\/2\/2026\/04\/ChatGPT-Image-23-mar-2026-10_09_00.png","width":1024,"height":1024,"caption":"CLAN ESPECTACULOS"},"image":{"@id":"https:\/\/radioclanfm.com\/clanespectaculos\/#\/schema\/logo\/image\/"},"sameAs":["https:\/\/www.facebook.com\/clanespectaculos\/","https:\/\/x.com\/clanespectok"]},{"@type":"Person","@id":"https:\/\/radioclanfm.com\/clanespectaculos\/#\/schema\/person\/9734813083303230f3ad84d99171b20c","name":"E-GRUPOCLAN","image":{"@type":"ImageObject","inLanguage":"es-AR","@id":"https:\/\/secure.gravatar.com\/avatar\/af6e19837c3d6a212034a48c7b3818d2ac1826f6025df0155da5a186ad321d79?s=96&d=mm&r=g","url":"https:\/\/secure.gravatar.com\/avatar\/af6e19837c3d6a212034a48c7b3818d2ac1826f6025df0155da5a186ad321d79?s=96&d=mm&r=g","contentUrl":"https:\/\/secure.gravatar.com\/avatar\/af6e19837c3d6a212034a48c7b3818d2ac1826f6025df0155da5a186ad321d79?s=96&d=mm&r=g","caption":"E-GRUPOCLAN"},"sameAs":["https:\/\/radioclanfm.com"],"url":"https:\/\/radioclanfm.com\/clanespectaculos\/author\/admin\/"}]}},"_links":{"self":[{"href":"https:\/\/radioclanfm.com\/clanespectaculos\/wp-json\/wp\/v2\/posts\/814","targetHints":{"allow":["GET"]}}],"collection":[{"href":"https:\/\/radioclanfm.com\/clanespectaculos\/wp-json\/wp\/v2\/posts"}],"about":[{"href":"https:\/\/radioclanfm.com\/clanespectaculos\/wp-json\/wp\/v2\/types\/post"}],"author":[{"embeddable":true,"href":"https:\/\/radioclanfm.com\/clanespectaculos\/wp-json\/wp\/v2\/users\/1"}],"replies":[{"embeddable":true,"href":"https:\/\/radioclanfm.com\/clanespectaculos\/wp-json\/wp\/v2\/comments?post=814"}],"version-history":[{"count":1,"href":"https:\/\/radioclanfm.com\/clanespectaculos\/wp-json\/wp\/v2\/posts\/814\/revisions"}],"predecessor-version":[{"id":818,"href":"https:\/\/radioclanfm.com\/clanespectaculos\/wp-json\/wp\/v2\/posts\/814\/revisions\/818"}],"wp:featuredmedia":[{"embeddable":true,"href":"https:\/\/radioclanfm.com\/clanespectaculos\/wp-json\/wp\/v2\/media\/817"}],"wp:attachment":[{"href":"https:\/\/radioclanfm.com\/clanespectaculos\/wp-json\/wp\/v2\/media?parent=814"}],"wp:term":[{"taxonomy":"category","embeddable":true,"href":"https:\/\/radioclanfm.com\/clanespectaculos\/wp-json\/wp\/v2\/categories?post=814"},{"taxonomy":"post_tag","embeddable":true,"href":"https:\/\/radioclanfm.com\/clanespectaculos\/wp-json\/wp\/v2\/tags?post=814"}],"curies":[{"name":"wp","href":"https:\/\/api.w.org\/{rel}","templated":true}]}}