{"id":774,"date":"2025-05-21T12:26:48","date_gmt":"2025-05-21T15:26:48","guid":{"rendered":"https:\/\/radioclanfm.com\/clanespectaculos\/?p=774"},"modified":"2025-05-21T12:26:48","modified_gmt":"2025-05-21T15:26:48","slug":"divina-gloria-nunca-voy-a-olvidar-el-olor-de-la-carcel","status":"publish","type":"post","link":"https:\/\/radioclanfm.com\/clanespectaculos\/divina-gloria-nunca-voy-a-olvidar-el-olor-de-la-carcel\/","title":{"rendered":"Divina Gloria: \u201cNunca voy a olvidar el olor de la c\u00e1rcel\u201d"},"content":{"rendered":"<p>Del infierno de sus d\u00edas en el Complejo Penitenciario de Ezeiza al affaire con Charly Garc\u00eda y \u201cla muralla\u201d que hoy le impide verlo. Memorias intimas de una ni\u00f1a prodigio que fue \u00edcono under de los 80 y lleg\u00f3 a llamar pap\u00e1 a Alberto Olmedo<\/p>\n<p class=\"paragraph\" data-mrf-recirculation=\"Links inline\">Los martes eran de la\u00a0<b>Nouvelle Vague<\/b>\u00a0en\u00a0<b>Cinemateca<\/b>. De sitios ic\u00f3nicos, de librer\u00edas. Los martes eran de citas con pap\u00e1. De charlas a solas, de tentempi\u00e9s que nutr\u00edan intelectos. Los martes eran de\u00a0<b>Pedro<\/b>\u00a0y de\u00a0<b>Marthita<\/b>. De un idilio que dej\u00f3 tanto y, adem\u00e1s, tanto vac\u00edo que la talla de ning\u00fan otro hombre logr\u00f3 llenar \u201cnunca jam\u00e1s\u201d. Resulta, \u00e9ste, el primero y m\u00e1s inmediato corte de sus memorias de camino a entender c\u00f3mo esa ni\u00f1a jud\u00eda de aires sionistas, observadora y prodigio, se instal\u00f3 entre los exponentes nacionales de la cultura under porte\u00f1a en los gloriosos 80. Es que de influencias (y algunas otras presencias) se tratar\u00e1 este encuentro en el que, a veces d\u00edscola y siempre sensata,\u00a0<b>Martha Gloria Goldsztern<\/b>\u00a0(63), aceptar\u00e1 el desaf\u00edo de correr a un lado a\u00a0<b>Divina Gloria<\/b>\u00a0para definirse mucho all\u00e1 de la Chica Olmedo o del viejo intento de Madonna argentina.<\/p>\n<div class=\"news-module\" data-mrf-recirculation=\"IL_Ct0zZTd2RqSjHGMXsLzz7w\" data-testid=\"text-html\" data-mrf-experience=\"IL_Ct0zZTd2RqSjHGMXsLzz7w\">\n<div class=\"recommended-card__image-container\"><\/div>\n<\/div>\n<p class=\"paragraph\" data-mrf-recirculation=\"Links inline\">Siete a\u00f1os pasaron ya de su participaci\u00f3n en\u00a0<b>Extinguidas<\/b>\u00a0(2018) y alg\u00fan tiempo m\u00e1s de\u00a0<b>Si solo si<\/b>\u00a0(2017), en\u00a0<b>Televisi\u00f3n P\u00fablica<\/b>. Claro que en materia de actuaci\u00f3n, que la tiene \u201cen abstinencia por el orden que da a mi vida\u201d. Entonces, desestimando aquel mito que promulga eso de que ning\u00fan s\u00e9quito art\u00edstico de el Negro volvi\u00f3 a sentir siquiera cerca un \u00e9xito rutilante, ella prefiere hablar de \u201crachas\u201d. Hoy, y dos a\u00f1os despu\u00e9s de la conducci\u00f3n de la serie documental<i>\u00a0<\/i><i><b>Los 80, divino tesoro<\/b><\/i>\u00a0(Canal Encuentro), la entusiasma cada ensayo con\u00a0<b>Shalom, baby!<\/b>, el tr\u00edo a la que da voz y que conforma con\u00a0<b>Pedro Onetto<\/b>\u00a0(piano) y\u00a0<b>Nicol\u00e1s Rainone<\/b>\u00a0(contrabajo), de cara a la presentaci\u00f3n del 24 de mayo en\u00a0<b>Lamroth<\/b>\u00a0y del 8 de junio en el\u00a0<b>Chacarerean Teatre<\/b>.\u00a0<b>Divina<\/b>\u00a0(tan sintiente y urdidora) no naci\u00f3 para estar quieta. A priori dir\u00e1 que s\u00ed. Que disfruta \u201cde la ausencia de mi voz\u201d, como llama al silencio. Porque, en definitiva,\u00a0<b>\u201csiempre habr\u00e1 un Roberto Arlt en el que sumergirme\u201d<\/b>. Pero ser\u00e1 cuesti\u00f3n de segundos admitir que ni un confinamiento mundial la detuvo.<\/p>\n<div class=\"visual__image\"><picture><source srcset=\"https:\/\/www.infobae.com\/resizer\/v2\/KP5OHJN6OVFPNDJ3AH7WMYL35Q.jpg?auth=7e1c3cad0dc18a402cbe9afd70fd3330aca4ce9634cff04328ca2e900c524838&amp;smart=true&amp;width=992&amp;height=992&amp;quality=85\" media=\"(min-width: 1000px)\" \/><source srcset=\"https:\/\/www.infobae.com\/resizer\/v2\/KP5OHJN6OVFPNDJ3AH7WMYL35Q.jpg?auth=7e1c3cad0dc18a402cbe9afd70fd3330aca4ce9634cff04328ca2e900c524838&amp;smart=true&amp;width=768&amp;height=768&amp;quality=85\" media=\"(min-width: 768px)\" \/><source srcset=\"https:\/\/www.infobae.com\/resizer\/v2\/KP5OHJN6OVFPNDJ3AH7WMYL35Q.jpg?auth=7e1c3cad0dc18a402cbe9afd70fd3330aca4ce9634cff04328ca2e900c524838&amp;smart=true&amp;width=577&amp;height=577&amp;quality=85\" media=\"(min-width: 580px)\" \/><source srcset=\"https:\/\/www.infobae.com\/resizer\/v2\/KP5OHJN6OVFPNDJ3AH7WMYL35Q.jpg?auth=7e1c3cad0dc18a402cbe9afd70fd3330aca4ce9634cff04328ca2e900c524838&amp;smart=true&amp;width=420&amp;height=420&amp;quality=85\" media=\"(min-width: 350px)\" \/><source srcset=\"https:\/\/www.infobae.com\/resizer\/v2\/KP5OHJN6OVFPNDJ3AH7WMYL35Q.jpg?auth=7e1c3cad0dc18a402cbe9afd70fd3330aca4ce9634cff04328ca2e900c524838&amp;smart=true&amp;width=350&amp;height=350&amp;quality=85\" media=\"(min-width: 80px)\" \/><img loading=\"lazy\" decoding=\"async\" class=\"global-image\" src=\"https:\/\/www.infobae.com\/resizer\/v2\/KP5OHJN6OVFPNDJ3AH7WMYL35Q.jpg?auth=7e1c3cad0dc18a402cbe9afd70fd3330aca4ce9634cff04328ca2e900c524838&amp;smart=true&amp;width=350&amp;height=350&amp;quality=85\" alt=\"\u201cSangre no es agua\u201d, documental\" width=\"1920\" height=\"1990\" \/><\/picture>\u201cSangre no es agua\u201d, documental creado, dirigido y narrado por Divina Gloria (con Cecilia Menis) que puede verse en YouTube<\/div>\n<div class=\"visual__image\"><picture><source srcset=\"https:\/\/www.infobae.com\/resizer\/v2\/DLZ2VDANBFG73M4XPLIPY4NPC4.jpg?auth=ff764671cea3386ef65c8410ad2ae1d34916982c234a88b0d0aced4473132b09&amp;smart=true&amp;width=992&amp;height=558&amp;quality=85\" media=\"(min-width: 1000px)\" \/><source srcset=\"https:\/\/www.infobae.com\/resizer\/v2\/DLZ2VDANBFG73M4XPLIPY4NPC4.jpg?auth=ff764671cea3386ef65c8410ad2ae1d34916982c234a88b0d0aced4473132b09&amp;smart=true&amp;width=768&amp;height=432&amp;quality=85\" media=\"(min-width: 768px)\" \/><source srcset=\"https:\/\/www.infobae.com\/resizer\/v2\/DLZ2VDANBFG73M4XPLIPY4NPC4.jpg?auth=ff764671cea3386ef65c8410ad2ae1d34916982c234a88b0d0aced4473132b09&amp;smart=true&amp;width=577&amp;height=325&amp;quality=85\" media=\"(min-width: 580px)\" \/><source srcset=\"https:\/\/www.infobae.com\/resizer\/v2\/DLZ2VDANBFG73M4XPLIPY4NPC4.jpg?auth=ff764671cea3386ef65c8410ad2ae1d34916982c234a88b0d0aced4473132b09&amp;smart=true&amp;width=420&amp;height=236&amp;quality=85\" media=\"(min-width: 350px)\" \/><source srcset=\"https:\/\/www.infobae.com\/resizer\/v2\/DLZ2VDANBFG73M4XPLIPY4NPC4.jpg?auth=ff764671cea3386ef65c8410ad2ae1d34916982c234a88b0d0aced4473132b09&amp;smart=true&amp;width=350&amp;height=197&amp;quality=85\" media=\"(min-width: 80px)\" \/><img loading=\"lazy\" decoding=\"async\" class=\"global-image\" src=\"https:\/\/www.infobae.com\/resizer\/v2\/DLZ2VDANBFG73M4XPLIPY4NPC4.jpg?auth=ff764671cea3386ef65c8410ad2ae1d34916982c234a88b0d0aced4473132b09&amp;smart=true&amp;width=350&amp;height=197&amp;quality=85\" alt=\"Divina Gloria en el encuentro\" width=\"1920\" height=\"1080\" \/><\/picture>Divina Gloria en el encuentro con sus primos de la rama familiar inglesa, Ros Ariel y Mark Johnson<\/div>\n<div class=\"visual__image\"><picture><source srcset=\"https:\/\/www.infobae.com\/resizer\/v2\/UBTVV37K7FCTHJEEMZHRZ2DRDY.jpg?auth=18eb69f2fc081fc52f70a25616a6955a2fe9289bc16f082ee8bce33975f9c18b&amp;smart=true&amp;width=992&amp;height=441&amp;quality=85\" media=\"(min-width: 1000px)\" \/><source srcset=\"https:\/\/www.infobae.com\/resizer\/v2\/UBTVV37K7FCTHJEEMZHRZ2DRDY.jpg?auth=18eb69f2fc081fc52f70a25616a6955a2fe9289bc16f082ee8bce33975f9c18b&amp;smart=true&amp;width=768&amp;height=341&amp;quality=85\" media=\"(min-width: 768px)\" \/><source srcset=\"https:\/\/www.infobae.com\/resizer\/v2\/UBTVV37K7FCTHJEEMZHRZ2DRDY.jpg?auth=18eb69f2fc081fc52f70a25616a6955a2fe9289bc16f082ee8bce33975f9c18b&amp;smart=true&amp;width=577&amp;height=256&amp;quality=85\" media=\"(min-width: 580px)\" \/><source srcset=\"https:\/\/www.infobae.com\/resizer\/v2\/UBTVV37K7FCTHJEEMZHRZ2DRDY.jpg?auth=18eb69f2fc081fc52f70a25616a6955a2fe9289bc16f082ee8bce33975f9c18b&amp;smart=true&amp;width=420&amp;height=187&amp;quality=85\" media=\"(min-width: 350px)\" \/><source srcset=\"https:\/\/www.infobae.com\/resizer\/v2\/UBTVV37K7FCTHJEEMZHRZ2DRDY.jpg?auth=18eb69f2fc081fc52f70a25616a6955a2fe9289bc16f082ee8bce33975f9c18b&amp;smart=true&amp;width=350&amp;height=156&amp;quality=85\" media=\"(min-width: 80px)\" \/><img loading=\"lazy\" decoding=\"async\" class=\"global-image\" src=\"https:\/\/www.infobae.com\/resizer\/v2\/UBTVV37K7FCTHJEEMZHRZ2DRDY.jpg?auth=18eb69f2fc081fc52f70a25616a6955a2fe9289bc16f082ee8bce33975f9c18b&amp;smart=true&amp;width=350&amp;height=156&amp;quality=85\" alt=\"Divina Gloria conociendo a sus\" width=\"1279\" height=\"593\" \/><\/picture>Divina Gloria conociendo a sus primos ingleses, Ros Ariel y Mark Johnson. Entre ellos, su hijo Le\u00f3n (de pie, izquierda) y sus hermanas, Miriam y Susana<\/div>\n<div class=\"inline ad-wrapper\">\n<div class=\"dfpAd ad-inline\">\n<div id=\"infobae\/teleshow\/nota\/inline\" class=\"infobae\/teleshow\/nota\/inline arcad\" data-google-query-id=\"CM3cyL_vtI0DFYptuAQd4RYI0g\">\n<div id=\"google_ads_iframe_\/1058609\/infobae\/teleshow\/nota\/inline_0__container__\"><\/div>\n<\/div>\n<\/div>\n<\/div>\n<p class=\"paragraph\" data-mrf-recirculation=\"Links inline\">Tal es as\u00ed que en tiempos pand\u00e9micos (\u201cde tanta incertidumbre que hasta llegu\u00e9 a pensar \u2018\u00bfqu\u00e9 hago? Me mato \u00a1Me tiro por el balc\u00f3n!\u2019\u201d, seg\u00fan dice), se dedic\u00f3 a \u201cconvocar \u00e1ngeles\u201d. Todo comenz\u00f3 con la inquietud de un tal\u00a0<b>Mark Johnson<\/b>, conmovido por la historia familiar de\u00a0<b>Ros (Rosalyn Ariel)<\/b>, su mujer y, en alg\u00fan punto del \u00e1rbol, prima de\u00a0<b>Divina<\/b>. As\u00ed fue que esta pareja, oriunda de\u00a0<b>Coventry (Gran Breta\u00f1a)<\/b>\u00a0e interesada en el rastreo de parientes americanos, lleg\u00f3 el encuentro porte\u00f1o \u201cque siempre hab\u00eda desvelado a mi madre\u201d, cuenta. Y el contacto fue tan inspirador que as\u00ed naci\u00f3\u00a0<b>Sangre no es agua<\/b>, el documental que ella se propuso producir, dirigir, editar y narrar cuando a\u00fan nadie se animaba a trabajar.\u00a0<b>\u201cY te juro que de no haber hecho este trabajo emocional, hoy no estar\u00eda vida\u201d<\/b>, asegura. Dejaremos los pormenores de una trama maravillosamente artesanal para los curiosos de YouTube. En resumidas cuentas, Mark y Rose encendieron en Divina la imperiosa necesidad de refrendar a los suyos y, por ende, al origen del teatro yiddish en\u00a0<b>Buenos Aires<\/b>: \u201cFinalmente la g\u00e9nesis de todo esto que soy\u201d, seg\u00fan define.<\/p>\n<div class=\"news-module\" data-mrf-recirculation=\"IL_RjJ8XQ94SCCdND4VX9YvyQ\" data-testid=\"text-html\" data-mrf-experience=\"IL_RjJ8XQ94SCCdND4VX9YvyQ\">\n<div class=\"recommended-card__image-container\"><\/div>\n<\/div>\n<div class=\"visual__image\"><picture><source srcset=\"https:\/\/www.infobae.com\/resizer\/v2\/PFMUHDPR4JEFXN2TQOQFIX4HBY.png?auth=62f7e9fcc87292e5cfab0c16d686e891bd4561d3fdc2a391ac8c45836e792907&amp;smart=true&amp;width=992&amp;height=1323&amp;quality=85\" media=\"(min-width: 1000px)\" \/><source srcset=\"https:\/\/www.infobae.com\/resizer\/v2\/PFMUHDPR4JEFXN2TQOQFIX4HBY.png?auth=62f7e9fcc87292e5cfab0c16d686e891bd4561d3fdc2a391ac8c45836e792907&amp;smart=true&amp;width=768&amp;height=1024&amp;quality=85\" media=\"(min-width: 768px)\" \/><source srcset=\"https:\/\/www.infobae.com\/resizer\/v2\/PFMUHDPR4JEFXN2TQOQFIX4HBY.png?auth=62f7e9fcc87292e5cfab0c16d686e891bd4561d3fdc2a391ac8c45836e792907&amp;smart=true&amp;width=577&amp;height=769&amp;quality=85\" media=\"(min-width: 580px)\" \/><source srcset=\"https:\/\/www.infobae.com\/resizer\/v2\/PFMUHDPR4JEFXN2TQOQFIX4HBY.png?auth=62f7e9fcc87292e5cfab0c16d686e891bd4561d3fdc2a391ac8c45836e792907&amp;smart=true&amp;width=420&amp;height=560&amp;quality=85\" media=\"(min-width: 350px)\" \/><source srcset=\"https:\/\/www.infobae.com\/resizer\/v2\/PFMUHDPR4JEFXN2TQOQFIX4HBY.png?auth=62f7e9fcc87292e5cfab0c16d686e891bd4561d3fdc2a391ac8c45836e792907&amp;smart=true&amp;width=350&amp;height=467&amp;quality=85\" media=\"(min-width: 80px)\" \/><img loading=\"lazy\" decoding=\"async\" class=\"global-image\" src=\"https:\/\/www.infobae.com\/resizer\/v2\/PFMUHDPR4JEFXN2TQOQFIX4HBY.png?auth=62f7e9fcc87292e5cfab0c16d686e891bd4561d3fdc2a391ac8c45836e792907&amp;smart=true&amp;width=350&amp;height=467&amp;quality=85\" alt=\"Bella Ariel, abuela, mentora y\" width=\"1920\" height=\"2412\" \/><\/picture>Bella Ariel, abuela, mentora y \u201cmi primera gran amiga\u201d de Divina Gloria. Una pionera del teatro Yiddish en la Argentina<\/div>\n<div class=\"visual__image\"><picture><source srcset=\"https:\/\/www.infobae.com\/resizer\/v2\/ZZ2K3VVULVH7PJHRDIGFSPA7BM.png?auth=f35fcb68dfc277b04b2f95bf7fb0ae37a99c035483a4e5ec9482601e73cee4bc&amp;smart=true&amp;width=992&amp;height=850&amp;quality=85\" media=\"(min-width: 1000px)\" \/><source srcset=\"https:\/\/www.infobae.com\/resizer\/v2\/ZZ2K3VVULVH7PJHRDIGFSPA7BM.png?auth=f35fcb68dfc277b04b2f95bf7fb0ae37a99c035483a4e5ec9482601e73cee4bc&amp;smart=true&amp;width=768&amp;height=658&amp;quality=85\" media=\"(min-width: 768px)\" \/><source srcset=\"https:\/\/www.infobae.com\/resizer\/v2\/ZZ2K3VVULVH7PJHRDIGFSPA7BM.png?auth=f35fcb68dfc277b04b2f95bf7fb0ae37a99c035483a4e5ec9482601e73cee4bc&amp;smart=true&amp;width=577&amp;height=495&amp;quality=85\" media=\"(min-width: 580px)\" \/><source srcset=\"https:\/\/www.infobae.com\/resizer\/v2\/ZZ2K3VVULVH7PJHRDIGFSPA7BM.png?auth=f35fcb68dfc277b04b2f95bf7fb0ae37a99c035483a4e5ec9482601e73cee4bc&amp;smart=true&amp;width=420&amp;height=360&amp;quality=85\" media=\"(min-width: 350px)\" \/><source srcset=\"https:\/\/www.infobae.com\/resizer\/v2\/ZZ2K3VVULVH7PJHRDIGFSPA7BM.png?auth=f35fcb68dfc277b04b2f95bf7fb0ae37a99c035483a4e5ec9482601e73cee4bc&amp;smart=true&amp;width=350&amp;height=300&amp;quality=85\" media=\"(min-width: 80px)\" \/><img loading=\"lazy\" decoding=\"async\" class=\"global-image\" src=\"https:\/\/www.infobae.com\/resizer\/v2\/ZZ2K3VVULVH7PJHRDIGFSPA7BM.png?auth=f35fcb68dfc277b04b2f95bf7fb0ae37a99c035483a4e5ec9482601e73cee4bc&amp;smart=true&amp;width=350&amp;height=300&amp;quality=85\" alt=\" Las actrices Bella Ariel\" width=\"1920\" height=\"1612\" \/><\/picture>Las actrices Bella Ariel y Cecilia Hansfull, abuela y madre de Divina Gloria<\/div>\n<p class=\"paragraph\" data-mrf-recirculation=\"Links inline\">De trayecto sobre una genealog\u00eda de f\u00e1bula, aparece\u00a0<b>Bella Ariel<\/b>: \u201cUna gloria del arte\u201d que hab\u00eda debutado cuando ni\u00f1a en el\u00a0<b>Gran Teatro de Lodz<\/b>, ciudad polaca donde naci\u00f3 y se consagr\u00f3 como actriz precoz durante la\u00a0<b>Primera Guerra Mundial<\/b>\u00a0dirigida por popes como Vaksman y Zandberg. \u201cMi abuela rocks\u201d, cuenta Divina. \u201cTen\u00eda la boca siempre de rouge bien colorado, una miraba de avanzada y ning\u00fan prejuicio. Para ella todo era un gran \u2018ok\u2019 y lo \u00fanico que le importaba era estar flaca para que la contratasen en los teatros\u201d, recuerda. Bella fue mucho m\u00e1s que una gran mentora,\u00a0<b>\u201cfue mi primera amiga y, aparte, la primera actriz que conoc\u00ed y que admir\u00e9\u201d<\/b>, se\u00f1ala. \u201cAl punto de decirte que la am\u00e9 mucho m\u00e1s que a mi propia madre\u201d, sentencia. \u201cMi abuela estaba muriendo y yo dorm\u00eda en el piso, pero literalmente en el piso\u2026 Ni mantita, ni nada. En el piso y al lado de su cama, como si estuvi\u00e9semos unidas por un cord\u00f3n indisoluble. Porque yo estaba de novia con pap\u00e1, entonces con mi vieja nos llev\u00e1bamos p\u00e9simo\u201d, revela respecto de un v\u00ednculo que ya desandaremos.<\/p>\n<div class=\"visual__image\"><picture><source srcset=\"https:\/\/www.infobae.com\/resizer\/v2\/N5NBIKERIJGATPWW6C5IVBDIIM.png?auth=096f3642f8328c37353f1fe5ada64e7c260040da632f754d43313aece0b88b4e&amp;smart=true&amp;width=992&amp;height=1323&amp;quality=85\" media=\"(min-width: 1000px)\" \/><source srcset=\"https:\/\/www.infobae.com\/resizer\/v2\/N5NBIKERIJGATPWW6C5IVBDIIM.png?auth=096f3642f8328c37353f1fe5ada64e7c260040da632f754d43313aece0b88b4e&amp;smart=true&amp;width=768&amp;height=1024&amp;quality=85\" media=\"(min-width: 768px)\" \/><source srcset=\"https:\/\/www.infobae.com\/resizer\/v2\/N5NBIKERIJGATPWW6C5IVBDIIM.png?auth=096f3642f8328c37353f1fe5ada64e7c260040da632f754d43313aece0b88b4e&amp;smart=true&amp;width=577&amp;height=769&amp;quality=85\" media=\"(min-width: 580px)\" \/><source srcset=\"https:\/\/www.infobae.com\/resizer\/v2\/N5NBIKERIJGATPWW6C5IVBDIIM.png?auth=096f3642f8328c37353f1fe5ada64e7c260040da632f754d43313aece0b88b4e&amp;smart=true&amp;width=420&amp;height=560&amp;quality=85\" media=\"(min-width: 350px)\" \/><source srcset=\"https:\/\/www.infobae.com\/resizer\/v2\/N5NBIKERIJGATPWW6C5IVBDIIM.png?auth=096f3642f8328c37353f1fe5ada64e7c260040da632f754d43313aece0b88b4e&amp;smart=true&amp;width=350&amp;height=467&amp;quality=85\" media=\"(min-width: 80px)\" \/><img loading=\"lazy\" decoding=\"async\" class=\"global-image\" src=\"https:\/\/www.infobae.com\/resizer\/v2\/N5NBIKERIJGATPWW6C5IVBDIIM.png?auth=096f3642f8328c37353f1fe5ada64e7c260040da632f754d43313aece0b88b4e&amp;smart=true&amp;width=350&amp;height=467&amp;quality=85\" alt=\"Divina Gloria, bautizada como Martha\" width=\"1920\" height=\"2140\" \/><\/picture>Divina Gloria, bautizada como Martha Gloria Goldsztern, en la celebraci\u00f3n de su primer a\u00f1o, 6 de febrero de 1963<\/div>\n<div class=\"inline_2_DSK ad-wrapper ad-desktop\">\n<div class=\"dfpAd ad-inline\">\n<div id=\"infobae\/teleshow\/nota\/inline_2_DSK\" class=\"infobae\/teleshow\/nota\/inline_2_DSK arcad\" data-google-query-id=\"CO_6hcLvtI0DFT5NuAQdavsNzA\">\n<div id=\"google_ads_iframe_\/1058609\/infobae\/teleshow\/nota\/inline_2_DSK_0__container__\"><\/div>\n<\/div>\n<\/div>\n<\/div>\n<p class=\"paragraph\" data-mrf-recirculation=\"Links inline\">\u201cMi apellido es\u00a0<b>Goldsztern<\/b>: \u2018gold\u2019, de oro, y \u2018stern\u2019, de estrellas. O sea que soy<b>\u00a0Divina Gloria<\/b>\u00a0Estrella de Oro\u2026 \u00a1Par\u00e1! \u00bfQu\u00e9 culpa tengo?\u201d, bromea sobre lo que parecer\u00eda casi un designio. Ya a los cinco,\u00a0<b>Marthita<\/b>\u00a0participaba en escenarios del teatro\u00a0<b>Yiddish<\/b>, movimiento del que\u00a0<b>Bella<\/b>\u00a0y su marido, el actor polaco\u00a0<b>Suchard Handfuss<\/b>\u00a0(que luego la dejar\u00eda por la vedette\u00a0<b>Berta Loran<\/b>), fueron pioneros en el pa\u00eds. Para entonces, y mucho antes de sus estudios en el\u00a0<b>Instituto Lavard\u00e9n<\/b>, la peque\u00f1a promesa cantaba jazz en perfecto ingl\u00e9s: \u201cEn vez del Arroz con leche yo ya te sab\u00eda\u00a0<i>Summertime<\/i>\u00a0de Gershwin\u201d, se jacta. \u201cEs que a esa edad pasaba las noches sentada entre bambalinas y a escondidas por ser menor, para ver a\u00a0<b>Alfredo Alc\u00f3n<\/b>\u00a0(1930-2014) en\u00a0<i><b>Las brujas de Salem<\/b><\/i><i>\u00a0<\/i>con\u00a0<b>Milagros De la Vega<\/b>\u00a0(1895-1980) y las quince brujitas.\u00a0<b>Esa tambi\u00e9n fue parte de mi formaci\u00f3n, como lo eran las clases de flauta, guitarra, yiddish, franc\u00e9s y tap, por ejemplo<\/b>\u201d. Claro, sin contar las tertulias continuadas en el living de\u00a0<b>Lavalle 2762<\/b>, tercero 23.<\/p>\n<div class=\"news-module\" data-mrf-recirculation=\"IL_wPVu_IE4S76a5Gsl0lX8mA\" data-testid=\"text-html\" data-mrf-experience=\"IL_wPVu_IE4S76a5Gsl0lX8mA\">\n<div class=\"recommended-card__image-container\"><img loading=\"lazy\" decoding=\"async\" class=\"recommended-card__image lazyload\" src=\"https:\/\/www.infobae.com\/resizer\/v2\/QEPOUNU5EFFWJE7NMVX7FPAF2U.jpg?auth=b815b97a9b0648e32f4138484c559f87860adcd853fb970fcdf65b97495de50e&amp;smart=true&amp;width=256&amp;height=140&amp;quality=85\" sizes=\"auto, (min-width: 800px) 50vw, 90vw\" alt=\"La tensa videollamada entre Mauro Icardi y sus hijas: \u201cEst\u00e1n realmente muy mal\u201d\" width=\"16\" height=\"9\" data-src=\"https:\/\/www.infobae.com\/resizer\/v2\/QEPOUNU5EFFWJE7NMVX7FPAF2U.jpg?auth=b815b97a9b0648e32f4138484c559f87860adcd853fb970fcdf65b97495de50e&amp;smart=true&amp;width=256&amp;height=140&amp;quality=85\" \/><\/div>\n<div class=\"recommended-card__info\"><span class=\"recommended-card__info-interest-you\">Te puede interesar:<\/span><span class=\"recommended-card__info-title\">La tensa videollamada entre Mauro Icardi y sus hijas: \u201cEst\u00e1n realmente muy mal\u201d<\/span><\/p>\n<div class=\"recommended-card__info-button recommended-card__info-button--deportes\"><\/div>\n<\/div>\n<\/div>\n<div class=\"visual__image\"><picture><source srcset=\"https:\/\/www.infobae.com\/resizer\/v2\/WU3JHPQ6TVCPPLAES25E4LOCKA.png?auth=c277dc1aef0e4714d33761e95f5b5240d46a71831644f87ddc139069e2505ce3&amp;smart=true&amp;width=992&amp;height=992&amp;quality=85\" media=\"(min-width: 1000px)\" \/><source srcset=\"https:\/\/www.infobae.com\/resizer\/v2\/WU3JHPQ6TVCPPLAES25E4LOCKA.png?auth=c277dc1aef0e4714d33761e95f5b5240d46a71831644f87ddc139069e2505ce3&amp;smart=true&amp;width=768&amp;height=768&amp;quality=85\" media=\"(min-width: 768px)\" \/><source srcset=\"https:\/\/www.infobae.com\/resizer\/v2\/WU3JHPQ6TVCPPLAES25E4LOCKA.png?auth=c277dc1aef0e4714d33761e95f5b5240d46a71831644f87ddc139069e2505ce3&amp;smart=true&amp;width=577&amp;height=577&amp;quality=85\" media=\"(min-width: 580px)\" \/><source srcset=\"https:\/\/www.infobae.com\/resizer\/v2\/WU3JHPQ6TVCPPLAES25E4LOCKA.png?auth=c277dc1aef0e4714d33761e95f5b5240d46a71831644f87ddc139069e2505ce3&amp;smart=true&amp;width=420&amp;height=420&amp;quality=85\" media=\"(min-width: 350px)\" \/><source srcset=\"https:\/\/www.infobae.com\/resizer\/v2\/WU3JHPQ6TVCPPLAES25E4LOCKA.png?auth=c277dc1aef0e4714d33761e95f5b5240d46a71831644f87ddc139069e2505ce3&amp;smart=true&amp;width=350&amp;height=350&amp;quality=85\" media=\"(min-width: 80px)\" \/><img loading=\"lazy\" decoding=\"async\" class=\"global-image\" src=\"https:\/\/www.infobae.com\/resizer\/v2\/WU3JHPQ6TVCPPLAES25E4LOCKA.png?auth=c277dc1aef0e4714d33761e95f5b5240d46a71831644f87ddc139069e2505ce3&amp;smart=true&amp;width=350&amp;height=350&amp;quality=85\" alt=\" Divina Gloria, a\u00fan Martha\" width=\"1920\" height=\"1928\" \/><\/picture>Divina Gloria, a\u00fan Martha Gloria Goldsztern, a finales de los a\u00f1os 60<\/div>\n<p class=\"paragraph\" data-mrf-recirculation=\"Links inline\">\u201cMi casa era verdaderamente un\u00a0<b>centro cultural<\/b>\u201d, evoca\u00a0<b>Divina<\/b>. \u201cEl sitio del vernissage, de todas las tardes y todas noches, que ol\u00eda a tei mit limene (t\u00e9 de lim\u00f3n) y al que llegaban divas rusas y polacas, como la\u00a0<b>Rabinovich<\/b>\u00a0y la\u00a0<b>Rafalovich<\/b>, con peinados impecables para hablar fuerte y todas a la vez en la cocina de dos por dos. As\u00ed se esperaba al resto (en su mayor\u00eda m\u00fasicos) para copar el comedor en plan de cantar hasta el alba y ensayar lo que vendr\u00eda\u201d.\u00a0<b>Mindele<\/b>, como la llamaban a\u00a0<b>Marthita<\/b>, debut\u00f3 de la mano de\u00a0<b>Bella<\/b>\u00a0en Se puede vivir pero no dejan, \u201ccon mucho p\u00fablico, con mucho \u00e9xito y, por sobre todo, con mucha alegr\u00eda\u201d. \u00bfInfancia poco convencional? \u201cNo, la m\u00eda fue muy normal. Porque as\u00ed deber\u00edan ser todas las infancias. Con incentivos, con est\u00edmulos constantes por parte de los mayores, porque solo as\u00ed se despabilan talentos y pasiones\u201d.\u00a0<b>De todos modos, y as\u00ed como leyeron en las primeras l\u00edneas de esta nota, Divina tachaba calendarios esperando cada martes.<\/b><\/p>\n<div class=\"visual__image\"><picture><source srcset=\"https:\/\/www.infobae.com\/resizer\/v2\/HQZB7OYV7RHWXI4A42WHCHRQ7U.png?auth=9138e2c83fe9eeff9a8148bad25e87fe27ca2c1cad550cefcaf9b3e21cf97119&amp;smart=true&amp;width=992&amp;height=1323&amp;quality=85\" media=\"(min-width: 1000px)\" \/><source srcset=\"https:\/\/www.infobae.com\/resizer\/v2\/HQZB7OYV7RHWXI4A42WHCHRQ7U.png?auth=9138e2c83fe9eeff9a8148bad25e87fe27ca2c1cad550cefcaf9b3e21cf97119&amp;smart=true&amp;width=768&amp;height=1024&amp;quality=85\" media=\"(min-width: 768px)\" \/><source srcset=\"https:\/\/www.infobae.com\/resizer\/v2\/HQZB7OYV7RHWXI4A42WHCHRQ7U.png?auth=9138e2c83fe9eeff9a8148bad25e87fe27ca2c1cad550cefcaf9b3e21cf97119&amp;smart=true&amp;width=577&amp;height=769&amp;quality=85\" media=\"(min-width: 580px)\" \/><source srcset=\"https:\/\/www.infobae.com\/resizer\/v2\/HQZB7OYV7RHWXI4A42WHCHRQ7U.png?auth=9138e2c83fe9eeff9a8148bad25e87fe27ca2c1cad550cefcaf9b3e21cf97119&amp;smart=true&amp;width=420&amp;height=560&amp;quality=85\" media=\"(min-width: 350px)\" \/><source srcset=\"https:\/\/www.infobae.com\/resizer\/v2\/HQZB7OYV7RHWXI4A42WHCHRQ7U.png?auth=9138e2c83fe9eeff9a8148bad25e87fe27ca2c1cad550cefcaf9b3e21cf97119&amp;smart=true&amp;width=350&amp;height=467&amp;quality=85\" media=\"(min-width: 80px)\" \/><img loading=\"lazy\" decoding=\"async\" class=\"global-image\" src=\"https:\/\/www.infobae.com\/resizer\/v2\/HQZB7OYV7RHWXI4A42WHCHRQ7U.png?auth=9138e2c83fe9eeff9a8148bad25e87fe27ca2c1cad550cefcaf9b3e21cf97119&amp;smart=true&amp;width=350&amp;height=467&amp;quality=85\" alt=\"Divina Gloria (todav\u00eda Martha Gloria\" width=\"1920\" height=\"2213\" \/><\/picture>Divina Gloria (todav\u00eda Martha Gloria Goldsztern) en su etapa escolar<\/div>\n<p class=\"paragraph\" data-mrf-recirculation=\"Links inline\">\u201c<b>Cuando digo \u2018mi pap\u00e1\u2019, puedo ver su carita, sus manos\u2026 \u00a1Y me emociono un mont\u00f3n!<\/b>\u201d, dice quebrada. \u201cSiento orgullo de ser la hija de ese pibe. Porque hoy es un pibe para m\u00ed\u201d, indica en referencia a que\u00a0<b>Pedro Goldsztern<\/b>\u00a0falleci\u00f3 a la edad de 42. \u201c\u00c9l era un apasionado. Ten\u00eda fascinaci\u00f3n por muchas cosas, pero tambi\u00e9n por\u00a0<b>Hugo Guerrero Marthineitz<\/b>\u00a0(1924-2010). Y cuando echaron a \u2018el negro\u2019 de la radio, \u00e9l arm\u00f3 un grupo de escuchas que iban a arengarlo\u201d, dispara as\u00ed, en memoria random. \u201cMi viejo era muy raro. Muy curioso. De repente me dec\u00eda \u2018mir\u00e1 para all\u00e1\u2019 y ve\u00eda el\u00a0<b>Cabildo de Tucum\u00e1n<\/b>; Ven\u00ed para ac\u00e1, y el cambio de guardia de los Patricios; Subite al caballo, y a cabalgar envuelto en un poncho. \u00a1Porque era una gaucho jud\u00edo! \u00bfEntend\u00e9s?\u201d, cuenta.\u00a0<b>\u201c\u00a1Y a la vez el teatro! \u00bfQu\u00e9 es todo esto? \u00bfC\u00f3mo no voy a ser as\u00ed?\u201d<\/b>.<\/p>\n<div class=\"visual__image\"><picture><source srcset=\"https:\/\/www.infobae.com\/resizer\/v2\/BHZNOKS4VFHGVPFKQ54CJUFS2I.jpg?auth=cf4b9e8c8f5e344e575475649554fafcb14377cae83eb9ac8518e2fa2494a9c8&amp;smart=true&amp;width=992&amp;height=1323&amp;quality=85\" media=\"(min-width: 1000px)\" \/><source srcset=\"https:\/\/www.infobae.com\/resizer\/v2\/BHZNOKS4VFHGVPFKQ54CJUFS2I.jpg?auth=cf4b9e8c8f5e344e575475649554fafcb14377cae83eb9ac8518e2fa2494a9c8&amp;smart=true&amp;width=768&amp;height=1024&amp;quality=85\" media=\"(min-width: 768px)\" \/><source srcset=\"https:\/\/www.infobae.com\/resizer\/v2\/BHZNOKS4VFHGVPFKQ54CJUFS2I.jpg?auth=cf4b9e8c8f5e344e575475649554fafcb14377cae83eb9ac8518e2fa2494a9c8&amp;smart=true&amp;width=577&amp;height=769&amp;quality=85\" media=\"(min-width: 580px)\" \/><source srcset=\"https:\/\/www.infobae.com\/resizer\/v2\/BHZNOKS4VFHGVPFKQ54CJUFS2I.jpg?auth=cf4b9e8c8f5e344e575475649554fafcb14377cae83eb9ac8518e2fa2494a9c8&amp;smart=true&amp;width=420&amp;height=560&amp;quality=85\" media=\"(min-width: 350px)\" \/><source srcset=\"https:\/\/www.infobae.com\/resizer\/v2\/BHZNOKS4VFHGVPFKQ54CJUFS2I.jpg?auth=cf4b9e8c8f5e344e575475649554fafcb14377cae83eb9ac8518e2fa2494a9c8&amp;smart=true&amp;width=350&amp;height=467&amp;quality=85\" media=\"(min-width: 80px)\" \/><img loading=\"lazy\" decoding=\"async\" class=\"global-image\" src=\"https:\/\/www.infobae.com\/resizer\/v2\/BHZNOKS4VFHGVPFKQ54CJUFS2I.jpg?auth=cf4b9e8c8f5e344e575475649554fafcb14377cae83eb9ac8518e2fa2494a9c8&amp;smart=true&amp;width=350&amp;height=467&amp;quality=85\" alt=\"Pedro Goldsztern, padre de Divina\" width=\"1920\" height=\"2560\" \/><\/picture>Pedro Goldsztern, padre de Divina Gloria, fallecido a principio de los a\u00f1os 80<\/div>\n<p class=\"paragraph\" data-mrf-recirculation=\"Links inline\"><b>Pedro<\/b>\u00a0\u201claburaba de much\u00edsimas cosas\u201d, dice en intentos de ordenar cierta curr\u00edcula. \u201cEra contador y \u2018un de todo\u2019. Fue gerente del\u00a0<b>Club Chacarita Juniors<\/b>. \u00a1Y trabajaba en una agencia de investigaciones privadas, tipo Sherlock Holmes!\u201d, revela. \u00bfGoldsztern fue esp\u00eda? \u201cS\u00ed, tal vez\u201d, responde Divina. \u201cPor ah\u00ed me dec\u00eda: \u2018Ven\u00ed, vamos a la s\u00e9ptima (comisar\u00eda de Lavalle y Pueyrred\u00f3n) a ver a mis amigos\u2026 Todav\u00eda recuerdo que uno de los canas me espos\u00f3 para hacer \u2018el chiste a la nena\u2019. O, de repente, hab\u00eda una cirug\u00eda y \u00e9l la presenciaba desde la platea vidriada que hay arriba de los quir\u00f3fanos, \u00bfviste?\u201d, relata.\u00a0<b>\u201cTen\u00eda amigos, muchos amigos en todos lados. Cuando padeci\u00f3 su primer infarto se divert\u00eda anotando, en su libretita, los nombres de todos aquellos que hab\u00edan ido a verlo.\u201d<\/b>\u00a0Adem\u00e1s, era un gran cocinero de buseca y la repart\u00eda, puerta a puerta, a los vecinos de la cuadra\u2026. En ollitas, \u00bfviste? Porque en ese entonces no exist\u00edan los tuppers\u201d, aclara. \u201c\u00c9l siempre ten\u00eda un salam\u00edn colgado detr\u00e1s de la puerta y un chocolate bien cortadito para ver\u00a0<b>S.W.A.T.<\/b>\u00a0(ABC, 1975) todos los lunes, la \u00fanica noche de la semana en la que no hab\u00eda teatro\u201d.<\/p>\n<div class=\"visual__image\"><picture><source srcset=\"https:\/\/www.infobae.com\/resizer\/v2\/Y6QDMK7TZVAF5MVWZIR6GFVF4Q.jpg?auth=2c8147f5486e878307ed5c5ae57acbc209bb18cdeb5e851daa70e4c5d7f15744&amp;smart=true&amp;width=992&amp;height=992&amp;quality=85\" media=\"(min-width: 1000px)\" \/><source srcset=\"https:\/\/www.infobae.com\/resizer\/v2\/Y6QDMK7TZVAF5MVWZIR6GFVF4Q.jpg?auth=2c8147f5486e878307ed5c5ae57acbc209bb18cdeb5e851daa70e4c5d7f15744&amp;smart=true&amp;width=768&amp;height=768&amp;quality=85\" media=\"(min-width: 768px)\" \/><source srcset=\"https:\/\/www.infobae.com\/resizer\/v2\/Y6QDMK7TZVAF5MVWZIR6GFVF4Q.jpg?auth=2c8147f5486e878307ed5c5ae57acbc209bb18cdeb5e851daa70e4c5d7f15744&amp;smart=true&amp;width=577&amp;height=577&amp;quality=85\" media=\"(min-width: 580px)\" \/><source srcset=\"https:\/\/www.infobae.com\/resizer\/v2\/Y6QDMK7TZVAF5MVWZIR6GFVF4Q.jpg?auth=2c8147f5486e878307ed5c5ae57acbc209bb18cdeb5e851daa70e4c5d7f15744&amp;smart=true&amp;width=420&amp;height=420&amp;quality=85\" media=\"(min-width: 350px)\" \/><source srcset=\"https:\/\/www.infobae.com\/resizer\/v2\/Y6QDMK7TZVAF5MVWZIR6GFVF4Q.jpg?auth=2c8147f5486e878307ed5c5ae57acbc209bb18cdeb5e851daa70e4c5d7f15744&amp;smart=true&amp;width=350&amp;height=350&amp;quality=85\" media=\"(min-width: 80px)\" \/><img loading=\"lazy\" decoding=\"async\" class=\"global-image\" src=\"https:\/\/www.infobae.com\/resizer\/v2\/Y6QDMK7TZVAF5MVWZIR6GFVF4Q.jpg?auth=2c8147f5486e878307ed5c5ae57acbc209bb18cdeb5e851daa70e4c5d7f15744&amp;smart=true&amp;width=350&amp;height=350&amp;quality=85\" alt=\"Divina Gloria (por entonces Martha\" width=\"1920\" height=\"1883\" \/><\/picture>Divina Gloria (por entonces Martha Gloria Goldsztern), entre sus padres, Pedro Goldsztern y Cecilia Hasfull<\/div>\n<p class=\"paragraph\" data-mrf-recirculation=\"Links inline\">El llavero de\u00a0<b>Pedro<\/b>\u00a0era algo as\u00ed \u201ccomo la bater\u00eda de Def Leppard\u201d, describe con gracia. \u201cYa me emocionaba escuchar su silbido y el \u2018chiki-chiki\u2019 de las llaves acerc\u00e1ndose a casa. As\u00ed lo esperaba yo\u2026 (se sostiene la cara con una de sus manos y mira hacia arriba con una sonrisa) \u00a1La novia! \u00bfViste? Y todo eso mientras mi vieja, espl\u00e9ndida y durmiente, ni siquiera se enteraba\u201d, relata siempre nost\u00e1lgica y efusiva cuando de su padre se trata. \u201cSutilmente, \u00e9l me llevaba a las librer\u00edas a revolver textos. Me compraba\u00a0<b>Stanislavski<\/b>,\u00a0<b>Ch\u00e9jov<\/b>\u00a0y\u00a0<b>Strasberg<\/b>, con dedicatorias de caligraf\u00eda so\u00f1ada. Yo tendr\u00eda siete u ocho a\u00f1os y me escrib\u00eda cosas como \u2018Si Dios y tu talento permiten que seas una actriz, todo esto va a ayudarte. Y si no sucede, te ayudar\u00e1 a entender mucho mejor los espect\u00e1culos que quieras ver\u2019. Y yo le hice caso.\u00a0<b>\u00bfViste que, al final, no soy tan loca ni tan mala ni tan rebelde?<\/b>\u201d, dice. Divina ha sabido guardar varias de las cartas de su padre, en especial la que recibi\u00f3 a sus once a\u00f1os y hoy comparte por un final que no ha olvidado. \u201cEn el pie, me escribi\u00f3: \u2018Para m\u00ed no sos un jerogl\u00edfico\u2019. Y con esas palabras la abraz\u00f3 para siempre.\u00a0<b>\u201cFue decirme: \u2018No creas que nadie te entiende. Yo banco tus silencios. Te cazo al vuelo. Conmigo no hay nada que explicar, inclusive tus llantos tantas veces a escondidas\u2019.\u201d<\/b>\u00a0\u00bfQu\u00e9 otro hombre ser\u00eda capaz de decirme eso?\u201d, se pregunta emocionada.<\/p>\n<div class=\"visual__image\"><picture><source srcset=\"https:\/\/www.infobae.com\/resizer\/v2\/RUMFMF7GFJAQTONBLGXWQXOXEQ.jpg?auth=6651e6751e30d3d3bcd8f6d8c145a8c1461eebf99bee77aa2c2b7c81cd6af58f&amp;smart=true&amp;width=992&amp;height=1323&amp;quality=85\" media=\"(min-width: 1000px)\" \/><source srcset=\"https:\/\/www.infobae.com\/resizer\/v2\/RUMFMF7GFJAQTONBLGXWQXOXEQ.jpg?auth=6651e6751e30d3d3bcd8f6d8c145a8c1461eebf99bee77aa2c2b7c81cd6af58f&amp;smart=true&amp;width=768&amp;height=1024&amp;quality=85\" media=\"(min-width: 768px)\" \/><source srcset=\"https:\/\/www.infobae.com\/resizer\/v2\/RUMFMF7GFJAQTONBLGXWQXOXEQ.jpg?auth=6651e6751e30d3d3bcd8f6d8c145a8c1461eebf99bee77aa2c2b7c81cd6af58f&amp;smart=true&amp;width=577&amp;height=769&amp;quality=85\" media=\"(min-width: 580px)\" \/><source srcset=\"https:\/\/www.infobae.com\/resizer\/v2\/RUMFMF7GFJAQTONBLGXWQXOXEQ.jpg?auth=6651e6751e30d3d3bcd8f6d8c145a8c1461eebf99bee77aa2c2b7c81cd6af58f&amp;smart=true&amp;width=420&amp;height=560&amp;quality=85\" media=\"(min-width: 350px)\" \/><source srcset=\"https:\/\/www.infobae.com\/resizer\/v2\/RUMFMF7GFJAQTONBLGXWQXOXEQ.jpg?auth=6651e6751e30d3d3bcd8f6d8c145a8c1461eebf99bee77aa2c2b7c81cd6af58f&amp;smart=true&amp;width=350&amp;height=467&amp;quality=85\" media=\"(min-width: 80px)\" \/><img loading=\"lazy\" decoding=\"async\" class=\"global-image\" src=\"https:\/\/www.infobae.com\/resizer\/v2\/RUMFMF7GFJAQTONBLGXWQXOXEQ.jpg?auth=6651e6751e30d3d3bcd8f6d8c145a8c1461eebf99bee77aa2c2b7c81cd6af58f&amp;smart=true&amp;width=350&amp;height=467&amp;quality=85\" alt=\"Divina Gloria comparte una de\" width=\"1920\" height=\"2560\" \/><\/picture>Divina Gloria comparte una de las cartas de su padre, el multifac\u00e9tico Pedro Glodsztern, fallecido a principio de los a\u00f1os 80<\/div>\n<div class=\"visual__image\"><picture><source srcset=\"https:\/\/www.infobae.com\/resizer\/v2\/55U2G37Z3NFDPEMKDKWH7JHBLY.jpg?auth=58f12d237014cbda80ed6ee2dd85d7b860693f2427754a6b181761191afbcc04&amp;smart=true&amp;width=992&amp;height=1323&amp;quality=85\" media=\"(min-width: 1000px)\" \/><source srcset=\"https:\/\/www.infobae.com\/resizer\/v2\/55U2G37Z3NFDPEMKDKWH7JHBLY.jpg?auth=58f12d237014cbda80ed6ee2dd85d7b860693f2427754a6b181761191afbcc04&amp;smart=true&amp;width=768&amp;height=1024&amp;quality=85\" media=\"(min-width: 768px)\" \/><source srcset=\"https:\/\/www.infobae.com\/resizer\/v2\/55U2G37Z3NFDPEMKDKWH7JHBLY.jpg?auth=58f12d237014cbda80ed6ee2dd85d7b860693f2427754a6b181761191afbcc04&amp;smart=true&amp;width=577&amp;height=769&amp;quality=85\" media=\"(min-width: 580px)\" \/><source srcset=\"https:\/\/www.infobae.com\/resizer\/v2\/55U2G37Z3NFDPEMKDKWH7JHBLY.jpg?auth=58f12d237014cbda80ed6ee2dd85d7b860693f2427754a6b181761191afbcc04&amp;smart=true&amp;width=420&amp;height=560&amp;quality=85\" media=\"(min-width: 350px)\" \/><source srcset=\"https:\/\/www.infobae.com\/resizer\/v2\/55U2G37Z3NFDPEMKDKWH7JHBLY.jpg?auth=58f12d237014cbda80ed6ee2dd85d7b860693f2427754a6b181761191afbcc04&amp;smart=true&amp;width=350&amp;height=467&amp;quality=85\" media=\"(min-width: 80px)\" \/><img loading=\"lazy\" decoding=\"async\" class=\"global-image\" src=\"https:\/\/www.infobae.com\/resizer\/v2\/55U2G37Z3NFDPEMKDKWH7JHBLY.jpg?auth=58f12d237014cbda80ed6ee2dd85d7b860693f2427754a6b181761191afbcc04&amp;smart=true&amp;width=350&amp;height=467&amp;quality=85\" alt=\"Divina Gloria comparte una de\" width=\"1920\" height=\"2560\" \/><\/picture>Divina Gloria comparte una de las cartas de su padre, Pedro Glodsztern, fallecido cuando la actriz cumpl\u00eda sus dieciocho a\u00f1os<\/div>\n<p class=\"paragraph\" data-mrf-recirculation=\"Links inline\">S\u00ed, aquella frase se convertir\u00eda en \u201cuna sentencia\u201d, reflexiona. \u201c\u00bfQui\u00e9n pudiera quererme m\u00e1s y mejor que \u00e9l? Y fue as\u00ed. Pero bueno, pap\u00e1 era el novio de mam\u00e1\u201d, dice con iron\u00eda. \u201cEl marido de la gran\u00a0<b>Cecilia Hansfull<\/b>. Una princesa de cinturita envidiable. Una mu\u00f1eca hija de actores, lo m\u00e1s cercano a\u00a0<b>Liz Taylor<\/b>\u00a0que yo haya conocido\u201d, define. \u201cY\u00a0<b>Pedro<\/b>\u00a0se enamor\u00f3 de ella, de la ex mujer del legendario\u00a0<b>Leibele Schwartz<\/b>\u00a0(<b>Yehuda Kirzner Schwartz<\/b>)\u201d. Recordemos, este \u00faltimo, no solo una eminencia art\u00edstica de la liturgia jud\u00eda sino que, adem\u00e1s, quien a\u00f1os m\u00e1s tarde ser\u00eda padre de\u00a0<b>Adri\u00e1n Suar<\/b>\u00a0(57). Leibele y Cecilia tuvieron dos hijas, Miriam y Susana, \u201ca las que amo. Bueno, a veces\u201d, asegura. \u201cY\u2026 \u00bfSab\u00e9s qu\u00e9? No s\u00e9 si a Adri\u00e1n le gusta que yo cuente que compartimos hermanastras\u2026 \u00bfNo? Pero, bueno, es as\u00ed\u201d, piensa y se responde en voz alta evitando m\u00e1s detalles. \u201cMi viejo le llevaba trece a\u00f1os a mam\u00e1, y juntos eran dos locos hermosos que bailaban por la casa enamorados\u201d, evoca.\u00a0<b>\u201cAs\u00ed fue mi infancia, incre\u00edble pero un manicomio. Criada por dos actores que hablaban en polaco\u2026 Todo era mucho. Mucho. Mucho.\u201d<\/b>\u00a0Entonces hoy, cuando ecualizo toda esa energ\u00eda, elijo silencios de cuatro d\u00edas. Me convierto en un Buda con un t\u00edmpano que no tolera ni mi propia voz.<\/p>\n<div class=\"visual__image\"><picture><source srcset=\"https:\/\/www.infobae.com\/resizer\/v2\/MG3PS27PENAHJGGAGH3DVP4QA4.jpg?auth=b6471313f2eeb1e5de9d0bf8b26a61e09b5922c95f533bd74a65ade7a3daa8d8&amp;smart=true&amp;width=992&amp;height=992&amp;quality=85\" media=\"(min-width: 1000px)\" \/><source srcset=\"https:\/\/www.infobae.com\/resizer\/v2\/MG3PS27PENAHJGGAGH3DVP4QA4.jpg?auth=b6471313f2eeb1e5de9d0bf8b26a61e09b5922c95f533bd74a65ade7a3daa8d8&amp;smart=true&amp;width=768&amp;height=768&amp;quality=85\" media=\"(min-width: 768px)\" \/><source srcset=\"https:\/\/www.infobae.com\/resizer\/v2\/MG3PS27PENAHJGGAGH3DVP4QA4.jpg?auth=b6471313f2eeb1e5de9d0bf8b26a61e09b5922c95f533bd74a65ade7a3daa8d8&amp;smart=true&amp;width=577&amp;height=577&amp;quality=85\" media=\"(min-width: 580px)\" \/><source srcset=\"https:\/\/www.infobae.com\/resizer\/v2\/MG3PS27PENAHJGGAGH3DVP4QA4.jpg?auth=b6471313f2eeb1e5de9d0bf8b26a61e09b5922c95f533bd74a65ade7a3daa8d8&amp;smart=true&amp;width=420&amp;height=420&amp;quality=85\" media=\"(min-width: 350px)\" \/><source srcset=\"https:\/\/www.infobae.com\/resizer\/v2\/MG3PS27PENAHJGGAGH3DVP4QA4.jpg?auth=b6471313f2eeb1e5de9d0bf8b26a61e09b5922c95f533bd74a65ade7a3daa8d8&amp;smart=true&amp;width=350&amp;height=350&amp;quality=85\" media=\"(min-width: 80px)\" \/><img loading=\"lazy\" decoding=\"async\" class=\"global-image\" src=\"https:\/\/www.infobae.com\/resizer\/v2\/MG3PS27PENAHJGGAGH3DVP4QA4.jpg?auth=b6471313f2eeb1e5de9d0bf8b26a61e09b5922c95f533bd74a65ade7a3daa8d8&amp;smart=true&amp;width=350&amp;height=350&amp;quality=85\" alt=\"Leibele Schwartz junto a dos\" width=\"1920\" height=\"1783\" \/><\/picture>Leibele Schwartz junto a dos de sus hijos, Paul Kirzner y Adri\u00e1n Suar. Primer marido de Cecilia Hansfull, madre de Divina Gloria<\/div>\n<div class=\"visual__image\"><picture><source srcset=\"https:\/\/www.infobae.com\/resizer\/v2\/AOM3XTPTT5DZTHE5HEKQWVUCFA.jpg?auth=34dd2f9b42f59202f0c35eb7696b2222dc61ec6254df7ab7581510b268394c15&amp;smart=true&amp;width=992&amp;height=558&amp;quality=85\" media=\"(min-width: 1000px)\" \/><source srcset=\"https:\/\/www.infobae.com\/resizer\/v2\/AOM3XTPTT5DZTHE5HEKQWVUCFA.jpg?auth=34dd2f9b42f59202f0c35eb7696b2222dc61ec6254df7ab7581510b268394c15&amp;smart=true&amp;width=768&amp;height=432&amp;quality=85\" media=\"(min-width: 768px)\" \/><source srcset=\"https:\/\/www.infobae.com\/resizer\/v2\/AOM3XTPTT5DZTHE5HEKQWVUCFA.jpg?auth=34dd2f9b42f59202f0c35eb7696b2222dc61ec6254df7ab7581510b268394c15&amp;smart=true&amp;width=577&amp;height=325&amp;quality=85\" media=\"(min-width: 580px)\" \/><source srcset=\"https:\/\/www.infobae.com\/resizer\/v2\/AOM3XTPTT5DZTHE5HEKQWVUCFA.jpg?auth=34dd2f9b42f59202f0c35eb7696b2222dc61ec6254df7ab7581510b268394c15&amp;smart=true&amp;width=420&amp;height=236&amp;quality=85\" media=\"(min-width: 350px)\" \/><source srcset=\"https:\/\/www.infobae.com\/resizer\/v2\/AOM3XTPTT5DZTHE5HEKQWVUCFA.jpg?auth=34dd2f9b42f59202f0c35eb7696b2222dc61ec6254df7ab7581510b268394c15&amp;smart=true&amp;width=350&amp;height=197&amp;quality=85\" media=\"(min-width: 80px)\" \/><img loading=\"lazy\" decoding=\"async\" class=\"global-image\" src=\"https:\/\/www.infobae.com\/resizer\/v2\/AOM3XTPTT5DZTHE5HEKQWVUCFA.jpg?auth=34dd2f9b42f59202f0c35eb7696b2222dc61ec6254df7ab7581510b268394c15&amp;smart=true&amp;width=350&amp;height=197&amp;quality=85\" alt=\"Divina Gloria y sus medias\" width=\"1920\" height=\"1072\" \/><\/picture>Divina Gloria y sus medias hermanas, Miriam y Susana Kirzner, tambi\u00e9n medias hermanas de Adri\u00e1n Suar<\/div>\n<p class=\"paragraph\" data-mrf-recirculation=\"Links inline\">\u201cSi hoy soy una atrevida es porque amo y am\u00e9 much\u00edsimo a mi viejo. Siempre fui una ni\u00f1a consentida, sobreestimulada. Y eso te da un mega power, \u00bfviste? Dec\u00eds: \u2018\u00bfY a esta enana qu\u00e9 le pasa?\u2019 \u00a1Est\u00e1 \u2018en alta\u2019! S\u00ed, es que tuve ese pap\u00e1 y por eso no me cas\u00e9 jam\u00e1s: Nadie superar\u00eda su amor\u201d, suelta. Hilando memorias,\u00a0<b>Divina<\/b>\u00a0concluye que ha transitado una \u201cdif\u00edcil adolescencia\u201d. Y la explicaci\u00f3n tambi\u00e9n tiene que ver con\u00a0<b>Pedro<\/b>: \u201c\u00a1Porque se muri\u00f3 justo cuando me tocaba a m\u00ed!\u201d. Se refiere a sus medias hermanas. \u201cEl quince de una. El quince de la otra. Primero tuvo que casar a una, despu\u00e9s debi\u00f3 casar a la otra\u2026 \u00bfY a m\u00ed? \u00a1Pero qu\u00e9 atrevido! Eso es un abandono, \u00bfo no?\u201d, pregunta.\u00a0<b>Goldsztern<\/b>\u00a0se fue iniciado los 80. \u201cY no dej\u00f3 un vac\u00edo\u2026 \u00a1Todo estaba lleno de muerte, de falta!\u201d, define Divina. \u201cNo s\u00e9 c\u00f3mo hubiese reaccionado otro adolescente en mi lugar, porque no s\u00e9 cu\u00e1ntos han amado as\u00ed a su padre, a estar en familia\u2026 Porque yo era una nena de su casa\u201d, recuerda.\u00a0<b>\u201cEntonces empec\u00e9 a trabajar, a trabajar, a trabajar. El dolor me hizo workoholic\u201d<\/b>, asegura. \u201cYo no soy una persona social. Soy un bicho raro: O me temen o meto miedo. Por lo general, la gente me atemoriza a m\u00ed. Y el hecho de estar afuera, tener que relacionarte, entrar en una disco, grabar con\u00a0<b>Cachorro L\u00f3pez<\/b>\u00a0o ser una chica\u00a0<a title=\"https:\/\/www.infobae.com\/teleshow\/2022\/04\/20\/las-revelaciones-de-albertito-olmedo-la-distancia-con-su-madrina-famosa-y-el-misterio-sobre-la-fatal-noche-que-termino-con-la-vida-de-su-padre\/\" href=\"https:\/\/www.infobae.com\/teleshow\/2022\/04\/20\/las-revelaciones-de-albertito-olmedo-la-distancia-con-su-madrina-famosa-y-el-misterio-sobre-la-fatal-noche-que-termino-con-la-vida-de-su-padre\/\" target=\"_blank\" rel=\"noopener noreferrer\" data-mrf-link=\"https:\/\/www.infobae.com\/teleshow\/2022\/04\/20\/las-revelaciones-de-albertito-olmedo-la-distancia-con-su-madrina-famosa-y-el-misterio-sobre-la-fatal-noche-que-termino-con-la-vida-de-su-padre\/\"><b>Olmedo<\/b><\/a>, fue d\u00e1ndome cintura en eso de los roces y, principalmente, llenando esos espacios\u201d.<\/p>\n<div class=\"visual__image\"><picture><source srcset=\"https:\/\/www.infobae.com\/resizer\/v2\/B4D6MVNOCVAOPM7M5F3CXDHUOE.jpg?auth=af1b2510fac86a30d8ba37ce6d76c3f840057da72373980c5dfc8c73c1dfc466&amp;smart=true&amp;width=992&amp;height=992&amp;quality=85\" media=\"(min-width: 1000px)\" \/><source srcset=\"https:\/\/www.infobae.com\/resizer\/v2\/B4D6MVNOCVAOPM7M5F3CXDHUOE.jpg?auth=af1b2510fac86a30d8ba37ce6d76c3f840057da72373980c5dfc8c73c1dfc466&amp;smart=true&amp;width=768&amp;height=768&amp;quality=85\" media=\"(min-width: 768px)\" \/><source srcset=\"https:\/\/www.infobae.com\/resizer\/v2\/B4D6MVNOCVAOPM7M5F3CXDHUOE.jpg?auth=af1b2510fac86a30d8ba37ce6d76c3f840057da72373980c5dfc8c73c1dfc466&amp;smart=true&amp;width=577&amp;height=577&amp;quality=85\" media=\"(min-width: 580px)\" \/><source srcset=\"https:\/\/www.infobae.com\/resizer\/v2\/B4D6MVNOCVAOPM7M5F3CXDHUOE.jpg?auth=af1b2510fac86a30d8ba37ce6d76c3f840057da72373980c5dfc8c73c1dfc466&amp;smart=true&amp;width=420&amp;height=420&amp;quality=85\" media=\"(min-width: 350px)\" \/><source srcset=\"https:\/\/www.infobae.com\/resizer\/v2\/B4D6MVNOCVAOPM7M5F3CXDHUOE.jpg?auth=af1b2510fac86a30d8ba37ce6d76c3f840057da72373980c5dfc8c73c1dfc466&amp;smart=true&amp;width=350&amp;height=350&amp;quality=85\" media=\"(min-width: 80px)\" \/><img loading=\"lazy\" decoding=\"async\" class=\"global-image\" src=\"https:\/\/www.infobae.com\/resizer\/v2\/B4D6MVNOCVAOPM7M5F3CXDHUOE.jpg?auth=af1b2510fac86a30d8ba37ce6d76c3f840057da72373980c5dfc8c73c1dfc466&amp;smart=true&amp;width=350&amp;height=350&amp;quality=85\" alt=\"Divina Gloria en la portada\" width=\"1920\" height=\"1807\" \/><\/picture>Divina Gloria en la portada de su disco \u201cDesnudita est\u00e1s mejor\u201d, om\u00f3nimo de su primer corte con letra de Pepe Cibri\u00e1n y producci\u00f3n de Cachorro L\u00f3pez<\/div>\n<p class=\"paragraph\" data-mrf-recirculation=\"Links inline\">Es entonces que descubre un pasaje in\u00e9dito de su historia:\u00a0<b>\u201cEstuve presa durante siete d\u00edas y siete noches\u201d<\/b>. Fue al cumplir los dieciocho. \u201cYo tampoco entend\u00eda ni analizaba\u2026 \u00bfViste cuando las cosas suceden sin que las veas venir? As\u00ed como de un d\u00eda para otro me encontr\u00e9 al lado de\u00a0<b>Olmedo<\/b>, de repente un d\u00eda me vi entrando a la c\u00e1rcel de mujeres en\u00a0<b>Ezeiza<\/b>\u201d, cuenta. Todo comenz\u00f3 una ma\u00f1ana en la que\u00a0<b>Loquillo<\/b>, su primer novio, se dispon\u00eda a dejar la casa que compart\u00edan en\u00a0<b>Ramos Mej\u00eda<\/b>. \u201cAbajo lo esperaban ocho canas de civil\u201d, recuerda. \u201cAl subir, Loqui me dijo: \u2018Divi, estos se\u00f1ores son polic\u00edas. Est\u00e1 todo bien\u2019. Y empezaron a romper todo. Parece ser que buscaban un kilo y medio de marihuana\u201d. Dice que, adem\u00e1s de haber encontrado solo \u201cuna tuca\u201d, a\u00fan hoy sigue reproch\u00e1ndose la ingenuidad.\u00a0<b>\u201cYo no sab\u00eda que deb\u00eda pedir una orden judicial\u2026 Hoy, en un momento as\u00ed, hasta una chica de doce te grita: \u2018\u00a1Ey, par\u00e1, a mi casa no entr\u00e1s!\u2019\u201d<\/b>, explica. \u201cPero era l\u00f3gico, yo estaba en otro planeta: enamorada y perdida sin mi viejo\u201d. \u201cNo s\u00e9 por d\u00f3nde viene la oscuridad. Yo siempre estoy en la luz, en estado de amor. No s\u00e9 de perversiones, ni de lo que otro cocina o de qui\u00e9n buchonea. A m\u00ed no me gusta fumar marihuana porque me pas\u00f3 todo eso que me pas\u00f3\u2026\u201d, confirma. \u201c\u00a1No fumo! Si yo soy psicodelia pura en m\u00ed misma. Porque, adem\u00e1s, no te lo sac\u00e1s m\u00e1s el olor. Ni el olor de la marihuana ni mucho menos el de la c\u00e1rcel\u2026 Nunca pude olvidar ese olor\u00a0<b>\u00a1Behind bars!<\/b>\u201d, asegura. La experiencia a\u00fan duele. \u201cYo me cagaba, pas\u00e9 el per\u00edodo en condiciones fatales, dorm\u00eda en una litera sin colch\u00f3n y lloraba\u201d, describe. \u201cMe acuerdo que ten\u00eda un libro,\u00a0<i><b>Flores robadas de los jardines de Quilmes<\/b><\/i>\u00a0(<b>Jorge As\u00eds<\/b>, 1980), y una lamparita quemada. Entonces hac\u00eda esfuerzos por leerlo con la poca luz que entraba de una ventanita diminuta que daba a una ruta.\u00a0<b>Creo que por eso que hoy soy tan adaptable que hasta podr\u00eda dormir dentro de un sarc\u00f3fago en Jap\u00f3n<\/b>\u201d, suelta con gracia.<\/p>\n<div class=\"visual__image\"><picture><source srcset=\"https:\/\/www.infobae.com\/resizer\/v2\/X4FQ4MLJCFAZRCXYFIIQ5HOGZY.jpeg?auth=cb50e8fef8861f92c777cbba3e1f55ef0ec8761d5afde28e56f0ef78e87347e3&amp;smart=true&amp;width=992&amp;height=1764&amp;quality=85\" media=\"(min-width: 1000px)\" \/><source srcset=\"https:\/\/www.infobae.com\/resizer\/v2\/X4FQ4MLJCFAZRCXYFIIQ5HOGZY.jpeg?auth=cb50e8fef8861f92c777cbba3e1f55ef0ec8761d5afde28e56f0ef78e87347e3&amp;smart=true&amp;width=768&amp;height=1365&amp;quality=85\" media=\"(min-width: 768px)\" \/><source srcset=\"https:\/\/www.infobae.com\/resizer\/v2\/X4FQ4MLJCFAZRCXYFIIQ5HOGZY.jpeg?auth=cb50e8fef8861f92c777cbba3e1f55ef0ec8761d5afde28e56f0ef78e87347e3&amp;smart=true&amp;width=577&amp;height=1026&amp;quality=85\" media=\"(min-width: 580px)\" \/><source srcset=\"https:\/\/www.infobae.com\/resizer\/v2\/X4FQ4MLJCFAZRCXYFIIQ5HOGZY.jpeg?auth=cb50e8fef8861f92c777cbba3e1f55ef0ec8761d5afde28e56f0ef78e87347e3&amp;smart=true&amp;width=420&amp;height=747&amp;quality=85\" media=\"(min-width: 350px)\" \/><source srcset=\"https:\/\/www.infobae.com\/resizer\/v2\/X4FQ4MLJCFAZRCXYFIIQ5HOGZY.jpeg?auth=cb50e8fef8861f92c777cbba3e1f55ef0ec8761d5afde28e56f0ef78e87347e3&amp;smart=true&amp;width=350&amp;height=622&amp;quality=85\" media=\"(min-width: 80px)\" \/><img loading=\"lazy\" decoding=\"async\" class=\"global-image\" src=\"https:\/\/www.infobae.com\/resizer\/v2\/X4FQ4MLJCFAZRCXYFIIQ5HOGZY.jpeg?auth=cb50e8fef8861f92c777cbba3e1f55ef0ec8761d5afde28e56f0ef78e87347e3&amp;smart=true&amp;width=350&amp;height=622&amp;quality=85\" alt=\"Divina Gloria a mediados de\" width=\"1920\" height=\"3988\" \/><\/picture>Divina Gloria a mediados de los 80<\/div>\n<p class=\"paragraph\" data-mrf-recirculation=\"Links inline\">Hasta entonces,\u00a0<b>\u201cEzeiza<\/b>\u00a0hab\u00eda sido la puerta hacia el mundo\u201d para\u00a0<b>Divina<\/b>. A partir de ah\u00ed, el\u00a0<b>Complejo Penitenciario Federal IV de Mujeres<\/b>, ser\u00eda \u201cel infierno\u201d. Una semana despu\u00e9s de su ingreso, \u201cse hizo presente un juez y me pregunt\u00f3: \u2018\u00bfUsted tiene abogado?\u2019 Y le respond\u00ed: \u2018\u00bfUn qu\u00e9? Yo soy una ni\u00f1a de escuela, de Borges, de teatro y la purpurina, de la sonrisa\u2026 \u00a1No s\u00e9! \u00a1No s\u00e9 qu\u00e9 dice! Y se fue sin decirme nada\u201d, recuerda.\u00a0<b>\u201cCuando ten\u00e9s dieciocho no sab\u00e9s nada de nada. Todav\u00eda hoy no s\u00e9 nada de nada\u2026 Y no me importa\u201d<\/b>, refiere.\u00a0<b>Divina<\/b>\u00a0no sabe qui\u00e9n ni c\u00f3mo sali\u00f3 de prisi\u00f3n. \u201cDejame que lo piense\u2026\u201d, me pide.\u00a0<b>\u201cNunca me esper\u00e9 que, en aquel entonces, pasase eso\u2026 Como tampoco que me lo preguntases ahora. Lo inmediato que s\u00ed recuerdo con claridad es que me ba\u00f1\u00e9 diez veces seguidas. Y al toque aparec\u00ed en el estudio de<\/b><i><b>\u00a0No toca bot\u00f3n<\/b><\/i><b>, al lado de \u2018el negro\u2019, y en otro de grabaci\u00f3n poniendo la voz a primer disco (<\/b><i><b>Desnudita es mejor<\/b><\/i><b>, 1985)&#8230; \u00a1\u00bfQu\u00e9 pas\u00f3 con la vida?!\u201d<\/b>\u00a0Nunca tuve mucha idea de sus hilos y sus tramas.<\/p>\n<div class=\"visual__image\"><picture><source srcset=\"https:\/\/www.infobae.com\/resizer\/v2\/GCWE5ZNVIZE5DGYNDQRAIMMSGQ.jpg?auth=e22a0f8e10af848de7e2fa098a313832c881d2dbb362cf7ef37add8e2e0c7a88&amp;smart=true&amp;width=992&amp;height=661&amp;quality=85\" media=\"(min-width: 1000px)\" \/><source srcset=\"https:\/\/www.infobae.com\/resizer\/v2\/GCWE5ZNVIZE5DGYNDQRAIMMSGQ.jpg?auth=e22a0f8e10af848de7e2fa098a313832c881d2dbb362cf7ef37add8e2e0c7a88&amp;smart=true&amp;width=768&amp;height=512&amp;quality=85\" media=\"(min-width: 768px)\" \/><source srcset=\"https:\/\/www.infobae.com\/resizer\/v2\/GCWE5ZNVIZE5DGYNDQRAIMMSGQ.jpg?auth=e22a0f8e10af848de7e2fa098a313832c881d2dbb362cf7ef37add8e2e0c7a88&amp;smart=true&amp;width=577&amp;height=385&amp;quality=85\" media=\"(min-width: 580px)\" \/><source srcset=\"https:\/\/www.infobae.com\/resizer\/v2\/GCWE5ZNVIZE5DGYNDQRAIMMSGQ.jpg?auth=e22a0f8e10af848de7e2fa098a313832c881d2dbb362cf7ef37add8e2e0c7a88&amp;smart=true&amp;width=420&amp;height=280&amp;quality=85\" media=\"(min-width: 350px)\" \/><source srcset=\"https:\/\/www.infobae.com\/resizer\/v2\/GCWE5ZNVIZE5DGYNDQRAIMMSGQ.jpg?auth=e22a0f8e10af848de7e2fa098a313832c881d2dbb362cf7ef37add8e2e0c7a88&amp;smart=true&amp;width=350&amp;height=233&amp;quality=85\" media=\"(min-width: 80px)\" \/><img loading=\"lazy\" decoding=\"async\" class=\"global-image\" src=\"https:\/\/www.infobae.com\/resizer\/v2\/GCWE5ZNVIZE5DGYNDQRAIMMSGQ.jpg?auth=e22a0f8e10af848de7e2fa098a313832c881d2dbb362cf7ef37add8e2e0c7a88&amp;smart=true&amp;width=350&amp;height=233&amp;quality=85\" alt=\"Divina Gloria entre Hugo Sofovich,\" width=\"1920\" height=\"1275\" \/><\/picture>Divina Gloria entre Hugo Sofovich, Jean Fran\u00e7ois Casanovas, Alberto Olmedo, Beatriz Salom\u00f3n y Javier Portales, creadores y figuras de \u201cNo toca bot\u00f3n\u201d (Canal 11)<\/div>\n<p class=\"paragraph\" data-mrf-recirculation=\"Links inline\">Otra vez entrar\u00e1\u00a0<b>Pedro<\/b>\u00a0a escena. Porque \u00e9l tuvo mucho que ver con que\u00a0<b>Divina<\/b>\u00a0encontrase a su \u201cotro pap\u00e1\u201d, seg\u00fan comenta. Resulta que\u00a0<b>Don Goldsztern<\/b>\u00a0era \u201camigote\u201d de\u00a0<b>Hugo Sofovich<\/b>\u00a0(1939-2003) y jam\u00e1s faltaba oportunidad de pedirle \u2018\u00a1Meteme a la nena!\u2019. \u201cPero a esta nena no le daba la altura\u201d, suelta con humor. Y como pago por haberlo ayudado a conseguir locaci\u00f3n para\u00a0<i><b>Las mujeres son cosas de guapos<\/b><\/i>\u00a0(1981), el productor cedi\u00f3 una breve participaci\u00f3n en dicho film. Ese fue el primer\u00a0<i>aproach<\/i>, que finalmente rematar\u00eda\u00a0<b>In\u00e9s Quesada<\/b>, vecina de\u00a0<b>Olmedo<\/b>\u00a0en\u00a0<b>Punta del Este<\/b>. \u201cElla me recomend\u00f3 despu\u00e9s de haberme visto en\u00a0<b>Mar del Plata<\/b>, con el grupo\u00a0<b>Caviar<\/b>. Entonces \u2018el negrito\u2019 me llam\u00f3 para conocernos. Vino a casa, donde le cant\u00e9, le recit\u00e9, le hice de la\u00a0<b>Singerman<\/b>\u00a0y hasta le bail\u00e9 tap para convencerlo\u201d, relata.\u00a0<b>\u201cMe cit\u00f3 en canal 11 y al llegar, Hugo me vio y grit\u00f3: \u2018\u00a1\u00bfQu\u00e9 haces, Marthita?!\u2019 Y todo comenz\u00f3 como si hubiese sido escrito\u201d<\/b>, recuerda de sus inicios con el \u00edcono del humor nacional al que, dice, \u201cnunca llam\u00e9 por su nombre, sino como \u2018se\u00f1or Olmedo\u2019\u201d.<\/p>\n<div class=\"visual__image\"><picture><source srcset=\"https:\/\/www.infobae.com\/resizer\/v2\/APOWNE2BTNDQZKH45XW62JHW4M.jpg?auth=0a8252b3430d26478be27930e06e226e56ff57e2a85a4e1fba88cafae7a9f2e0&amp;smart=true&amp;width=992&amp;height=1323&amp;quality=85\" media=\"(min-width: 1000px)\" \/><source srcset=\"https:\/\/www.infobae.com\/resizer\/v2\/APOWNE2BTNDQZKH45XW62JHW4M.jpg?auth=0a8252b3430d26478be27930e06e226e56ff57e2a85a4e1fba88cafae7a9f2e0&amp;smart=true&amp;width=768&amp;height=1024&amp;quality=85\" media=\"(min-width: 768px)\" \/><source srcset=\"https:\/\/www.infobae.com\/resizer\/v2\/APOWNE2BTNDQZKH45XW62JHW4M.jpg?auth=0a8252b3430d26478be27930e06e226e56ff57e2a85a4e1fba88cafae7a9f2e0&amp;smart=true&amp;width=577&amp;height=769&amp;quality=85\" media=\"(min-width: 580px)\" \/><source srcset=\"https:\/\/www.infobae.com\/resizer\/v2\/APOWNE2BTNDQZKH45XW62JHW4M.jpg?auth=0a8252b3430d26478be27930e06e226e56ff57e2a85a4e1fba88cafae7a9f2e0&amp;smart=true&amp;width=420&amp;height=560&amp;quality=85\" media=\"(min-width: 350px)\" \/><source srcset=\"https:\/\/www.infobae.com\/resizer\/v2\/APOWNE2BTNDQZKH45XW62JHW4M.jpg?auth=0a8252b3430d26478be27930e06e226e56ff57e2a85a4e1fba88cafae7a9f2e0&amp;smart=true&amp;width=350&amp;height=467&amp;quality=85\" media=\"(min-width: 80px)\" \/><img loading=\"lazy\" decoding=\"async\" class=\"global-image\" src=\"https:\/\/www.infobae.com\/resizer\/v2\/APOWNE2BTNDQZKH45XW62JHW4M.jpg?auth=0a8252b3430d26478be27930e06e226e56ff57e2a85a4e1fba88cafae7a9f2e0&amp;smart=true&amp;width=350&amp;height=467&amp;quality=85\" alt=\"Divina Gloria como \u201cla at\u00edpica\" width=\"1920\" height=\"2621\" \/><\/picture>Divina Gloria como \u201cla at\u00edpica chica Olmedo\u201d, con Alberto Olemdo, Adriana Brodsky, Silvia P\u00e9rez, Beatriz Salom\u00f3n y Susana Romero<\/div>\n<div class=\"visual__image\"><picture><source srcset=\"https:\/\/www.infobae.com\/resizer\/v2\/DP6VSG4QIVH7ZNAEGLALNTO5PE.jpg?auth=4687948cd68dc5591467da82c8e891b7fd96d2f7855001e5db52f89c8abb77ce&amp;smart=true&amp;width=992&amp;height=744&amp;quality=85\" media=\"(min-width: 1000px)\" \/><source srcset=\"https:\/\/www.infobae.com\/resizer\/v2\/DP6VSG4QIVH7ZNAEGLALNTO5PE.jpg?auth=4687948cd68dc5591467da82c8e891b7fd96d2f7855001e5db52f89c8abb77ce&amp;smart=true&amp;width=768&amp;height=576&amp;quality=85\" media=\"(min-width: 768px)\" \/><source srcset=\"https:\/\/www.infobae.com\/resizer\/v2\/DP6VSG4QIVH7ZNAEGLALNTO5PE.jpg?auth=4687948cd68dc5591467da82c8e891b7fd96d2f7855001e5db52f89c8abb77ce&amp;smart=true&amp;width=577&amp;height=433&amp;quality=85\" media=\"(min-width: 580px)\" \/><source srcset=\"https:\/\/www.infobae.com\/resizer\/v2\/DP6VSG4QIVH7ZNAEGLALNTO5PE.jpg?auth=4687948cd68dc5591467da82c8e891b7fd96d2f7855001e5db52f89c8abb77ce&amp;smart=true&amp;width=420&amp;height=315&amp;quality=85\" media=\"(min-width: 350px)\" \/><source srcset=\"https:\/\/www.infobae.com\/resizer\/v2\/DP6VSG4QIVH7ZNAEGLALNTO5PE.jpg?auth=4687948cd68dc5591467da82c8e891b7fd96d2f7855001e5db52f89c8abb77ce&amp;smart=true&amp;width=350&amp;height=263&amp;quality=85\" media=\"(min-width: 80px)\" \/><img loading=\"lazy\" decoding=\"async\" class=\"global-image\" src=\"https:\/\/www.infobae.com\/resizer\/v2\/DP6VSG4QIVH7ZNAEGLALNTO5PE.jpg?auth=4687948cd68dc5591467da82c8e891b7fd96d2f7855001e5db52f89c8abb77ce&amp;smart=true&amp;width=350&amp;height=263&amp;quality=85\" alt=\"Divina Gloria y algunos de\" width=\"1920\" height=\"1498\" \/><\/picture>Divina Gloria y algunos de los miembros del ic\u00f3nico grupo de teatro under \u201cLos Peinados Yoli\u201d, en 1984<\/div>\n<p class=\"paragraph\" data-mrf-recirculation=\"Links inline\">Ya ten\u00eda un nombre. Y se hace inevitable contar la entra\u00f1a de la designaci\u00f3n. Fue en tiempos de\u00a0<i><b>Los peinados Yoli<\/b><\/i>, \u201cla agrupaci\u00f3n que le dio un nuevo lenguaje a la escena under de los 80\u201d, como supo definir\u00a0<b>Doris Night<\/b>, uno de sus creadores. \u201cNi bien nos liberaron de la c\u00e1rcel, comenz\u00f3 el pop otra vez\u2026 \u00a1La preciosa juventud! Fueron tiempos de seud\u00f3nimos incre\u00edbles: Tino Tinto,\u00a0<b>Batato Barea<\/b>\u2026 \u00bfViste? Y yo ten\u00eda por ah\u00ed libros de las grandes figuras femeninas de\u00a0<b>Hollywood<\/b>. Las tapas dec\u00edan: \u2018Divina Greta\u2019, \u2018Divina Marilyn\u2019\u2026 Entonces, utilizando mi segundo nombre, pens\u00e9: \u2018Divina Gloria\u2019. Y qued\u00f3\u201d, relata. Pero Marthita es \u201ctan jud\u00eda\u201d, que encontr\u00f3 en su fe la confirmaci\u00f3n de una buena elecci\u00f3n. \u201cViajando en el 101, ya participando del programa m\u00e1s popular del pa\u00eds, escuch\u00e9 que una chica le dec\u00eda a su novio: \u2018Mir\u00e1, es la de la tele. Yo no s\u00e9 por qu\u00e9, siendo jud\u00eda, se puso un nombre tan cristiano\u2019.\u00a0<b>\u00bfEntend\u00e9s las psiquis de las personas? Yo no entiendo ni la m\u00eda, imag\u00ednate\u2026<\/b>\u00a0Pero yo nunca hab\u00eda pensado en el Muro de los Lamentos ni en la Iglesia Ortodoxa ni en\u00a0<b>Jerusal\u00e9n<\/b>.. \u00a1Qu\u00e9 se yo! Entonces, algo dentro de m\u00ed hizo que bajase y me metiese en una librer\u00eda de\u00a0<b>Pueyrred\u00f3n<\/b>\u00a0y\u00a0<b>Corrientes<\/b>\u00a0para comprar La Tor\u00e1 con traducci\u00f3n. Y ah\u00ed le\u00ed que despu\u00e9s de quinientos a\u00f1os de esclavitud, el pueblo ya cansado de vagar durante cuarenta a\u00f1os, se asentaba a descansar\u2026 \u00bfSab\u00e9s d\u00f3nde? Debajo de \u2018nubes de gloria divina\u2019 \u00bfNo es genial toda esa m\u00edstica?\u201d.<\/p>\n<div class=\"visual__image\"><picture><source srcset=\"https:\/\/www.infobae.com\/resizer\/v2\/NTER7UFFJRAXPAOO6DAVP5LRMM.jpeg?auth=a2e01279dba152227b8ed1c09acf12ead45d2f757c72221c1e5a041a0267703b&amp;smart=true&amp;width=992&amp;height=992&amp;quality=85\" media=\"(min-width: 1000px)\" \/><source srcset=\"https:\/\/www.infobae.com\/resizer\/v2\/NTER7UFFJRAXPAOO6DAVP5LRMM.jpeg?auth=a2e01279dba152227b8ed1c09acf12ead45d2f757c72221c1e5a041a0267703b&amp;smart=true&amp;width=768&amp;height=768&amp;quality=85\" media=\"(min-width: 768px)\" \/><source srcset=\"https:\/\/www.infobae.com\/resizer\/v2\/NTER7UFFJRAXPAOO6DAVP5LRMM.jpeg?auth=a2e01279dba152227b8ed1c09acf12ead45d2f757c72221c1e5a041a0267703b&amp;smart=true&amp;width=577&amp;height=577&amp;quality=85\" media=\"(min-width: 580px)\" \/><source srcset=\"https:\/\/www.infobae.com\/resizer\/v2\/NTER7UFFJRAXPAOO6DAVP5LRMM.jpeg?auth=a2e01279dba152227b8ed1c09acf12ead45d2f757c72221c1e5a041a0267703b&amp;smart=true&amp;width=420&amp;height=420&amp;quality=85\" media=\"(min-width: 350px)\" \/><source srcset=\"https:\/\/www.infobae.com\/resizer\/v2\/NTER7UFFJRAXPAOO6DAVP5LRMM.jpeg?auth=a2e01279dba152227b8ed1c09acf12ead45d2f757c72221c1e5a041a0267703b&amp;smart=true&amp;width=350&amp;height=350&amp;quality=85\" media=\"(min-width: 80px)\" \/><img loading=\"lazy\" decoding=\"async\" class=\"global-image\" src=\"https:\/\/www.infobae.com\/resizer\/v2\/NTER7UFFJRAXPAOO6DAVP5LRMM.jpeg?auth=a2e01279dba152227b8ed1c09acf12ead45d2f757c72221c1e5a041a0267703b&amp;smart=true&amp;width=350&amp;height=350&amp;quality=85\" alt=\"Divina Gloria y Fito P\u00e1ez,\" width=\"1920\" height=\"1824\" \/><\/picture>Divina Gloria y Fito P\u00e1ez, a quien llama \u201cmi hermano\u201d.<\/div>\n<p class=\"paragraph\" data-mrf-recirculation=\"Links inline\">A\u00a0<b>Olmedo<\/b>\u00a0lleg\u00f3 a llamarlo \u201cpap\u00e1\u201d. A\u00a0<b>Fito P\u00e1ez<\/b>\u00a0(62), \u201chermano\u201d, aunque a veces \u201cmi t\u00eda, toda una se\u00f1ora mayor\u201d, bromea. Y para coronar el mayor de los tridentes de la cultura popular,\u00a0<b>Charly Garc\u00eda<\/b>\u00a0(73). Y \u00e9ste \u00faltimo entra a la conversaci\u00f3n con un interrogante: \u00bfPor qu\u00e9 no funcion\u00f3 el amor entre ellos? \u201c\u00bfY qui\u00e9n dijo que no funcion\u00f3? S\u00ed funcion\u00f3. Porque tambi\u00e9n as\u00ed son los amores\u2026 \u00bfO c\u00f3mo deber\u00eda ser el amor?\u201d, responde.\u00a0<b>\u201cEl amor es un loco y yo m\u00e1s loca que \u00e9l. Mam\u00e1, refiri\u00e9ndose a m\u00ed, le dec\u00eda a mi hermanas: \u2018Ah\u00ed est\u00e1. Otra vez volvi\u00f3 llorando\u2026 Y s\u00ed, estuvo con Charly Garc\u00eda. \u00a1Ella est\u00e1 m\u00e1s loca que \u00e9l!\u2019\u201d<\/b>, cuenta. Se conocieron en 1981, \u201ccuando hice de extra en\u00a0<i><b>Peperina<\/b><\/i><b>\u00a0(Ser\u00fa Gir\u00e1n)<\/b>\u201d y cuatro a\u00f1os despu\u00e9s \u201cabr\u00ed<i>\u00a0<\/i><i><b>Piano Bar<\/b><\/i>\u00a0en el\u00a0<b>Luna Park<\/b>, tirando purpurina antes de que \u00e9l subiese al escenario. Y sin pedirlo. Despu\u00e9s entraron los m\u00fasicos, los extras, los putos y todo lo dem\u00e1s. Pero primero fui yo\u201d, subraya. Desde entonces no salieron del radar, \u201cy todo fue un ida y vuelta, un estar y no estar, un algo eterno\u201d, describe.<\/p>\n<div class=\"visual__image\"><picture><source srcset=\"https:\/\/www.infobae.com\/resizer\/v2\/MFWI7UHLDNHR7EF5FHVZCNLSYE.jpg?auth=c989ddd6c6c1cf2ee32b063bb8ae07d5baf7a332727517618d0a07e5d870cb03&amp;smart=true&amp;width=992&amp;height=992&amp;quality=85\" media=\"(min-width: 1000px)\" \/><source srcset=\"https:\/\/www.infobae.com\/resizer\/v2\/MFWI7UHLDNHR7EF5FHVZCNLSYE.jpg?auth=c989ddd6c6c1cf2ee32b063bb8ae07d5baf7a332727517618d0a07e5d870cb03&amp;smart=true&amp;width=768&amp;height=768&amp;quality=85\" media=\"(min-width: 768px)\" \/><source srcset=\"https:\/\/www.infobae.com\/resizer\/v2\/MFWI7UHLDNHR7EF5FHVZCNLSYE.jpg?auth=c989ddd6c6c1cf2ee32b063bb8ae07d5baf7a332727517618d0a07e5d870cb03&amp;smart=true&amp;width=577&amp;height=577&amp;quality=85\" media=\"(min-width: 580px)\" \/><source srcset=\"https:\/\/www.infobae.com\/resizer\/v2\/MFWI7UHLDNHR7EF5FHVZCNLSYE.jpg?auth=c989ddd6c6c1cf2ee32b063bb8ae07d5baf7a332727517618d0a07e5d870cb03&amp;smart=true&amp;width=420&amp;height=420&amp;quality=85\" media=\"(min-width: 350px)\" \/><source srcset=\"https:\/\/www.infobae.com\/resizer\/v2\/MFWI7UHLDNHR7EF5FHVZCNLSYE.jpg?auth=c989ddd6c6c1cf2ee32b063bb8ae07d5baf7a332727517618d0a07e5d870cb03&amp;smart=true&amp;width=350&amp;height=350&amp;quality=85\" media=\"(min-width: 80px)\" \/><img loading=\"lazy\" decoding=\"async\" class=\"global-image\" src=\"https:\/\/www.infobae.com\/resizer\/v2\/MFWI7UHLDNHR7EF5FHVZCNLSYE.jpg?auth=c989ddd6c6c1cf2ee32b063bb8ae07d5baf7a332727517618d0a07e5d870cb03&amp;smart=true&amp;width=350&amp;height=350&amp;quality=85\" alt=\"Divina Gloria y Charly Garc\u00eda\" width=\"846\" height=\"846\" \/><\/picture>Divina Gloria y Charly Garc\u00eda<\/div>\n<div class=\"undefined ad-wrapper\">\n<div class=\"dfpAd \">\n<div id=\"infobae\/teleshow\/nota\/undefined\" class=\"infobae\/teleshow\/nota\/undefined arcad\"><\/div>\n<\/div>\n<\/div>\n<p class=\"paragraph\" data-mrf-recirculation=\"Links inline\">En empe\u00f1o de citar un inicio entre memorias \u201cdesordenadas\u201d,\u00a0<b>Divina<\/b>\u00a0evoca: \u201cUna noche so\u00f1\u00e9 con un piano y al d\u00eda siguiente, al entrar al cumplea\u00f1os de\u00a0<b>Torto<\/b>\u00a0(<b>Umberto Tortonese<\/b>, 60), vi a\u00a0<b>Charly<\/b>\u00a0tocando. Y en cierto momento, \u00e9l me mir\u00f3 y dijo: \u2018Home\u2019 (a casa). A partir de ah\u00ed, las madrugadas fueron de miri\u00f1aques. Hasta que \u00e9l un d\u00eda me dijo: \u2018Esta est\u00e1 embarazada\u2019, me sac\u00f3 la ficha. Y empezamos a jugar y, de repente, a no aguantarnos m\u00e1s. Tal cual es el amor de cortos circuitos\u201d. Ya nada ni siquiera se parece a ese v\u00ednculo \u201ctan nuestro\u201d que sobrevivi\u00f3 a las d\u00e9cadas. \u201cCuando lo ten\u00eda cerca, pero muy cerca, no solo ve\u00eda su m\u00fasica. Yo ve\u00eda sus pecas, su genialidad. Y a m\u00ed me hac\u00eda llorar de amor, de sensibilidad\u2026\u00a0<b>Tuvimos un affaire espiritual<\/b>\u201d, define. \u201cPero \u00e9l era demasiado alto para mi apenas uno cuarenta, \u00bfno?&#8230;\u201d, ironiza. \u201cSiempre hab\u00eda como una lucha. Yo llegaba al\u00a0<b>Faena<\/b>\u00a0con un tut\u00fa negro y \u00e9l dec\u00eda: \u2018Despu\u00e9s no me digas que ten\u00e9s un hijo, eh\u2019. \u2018Y s\u00ed, tengo un hijo\u2019\u201d, monologa. \u201cPero no. No puedo tener pareja&#8230; \u00a1Pareja! \u00bfSab\u00e9s lo que es ser pareja? \u00a1Parejo! Yo no puedo\u2026\u201d, balbucea. \u201cBueno, en alg\u00fan momento voy a tener que poder\u201d, piensa en voz alta.<\/p>\n<div class=\"visual__image\"><picture><source srcset=\"https:\/\/www.infobae.com\/resizer\/v2\/RDUEEWZL7ZCR7LEEKTE4GLVEMU.jpg?auth=882d0e0d20a5860c8a5f9ecefb2a8e6d71f2d32a0c191b2d469e93b688e8a16b&amp;smart=true&amp;width=992&amp;height=1764&amp;quality=85\" media=\"(min-width: 1000px)\" \/><source srcset=\"https:\/\/www.infobae.com\/resizer\/v2\/RDUEEWZL7ZCR7LEEKTE4GLVEMU.jpg?auth=882d0e0d20a5860c8a5f9ecefb2a8e6d71f2d32a0c191b2d469e93b688e8a16b&amp;smart=true&amp;width=768&amp;height=1365&amp;quality=85\" media=\"(min-width: 768px)\" \/><source srcset=\"https:\/\/www.infobae.com\/resizer\/v2\/RDUEEWZL7ZCR7LEEKTE4GLVEMU.jpg?auth=882d0e0d20a5860c8a5f9ecefb2a8e6d71f2d32a0c191b2d469e93b688e8a16b&amp;smart=true&amp;width=577&amp;height=1026&amp;quality=85\" media=\"(min-width: 580px)\" \/><source srcset=\"https:\/\/www.infobae.com\/resizer\/v2\/RDUEEWZL7ZCR7LEEKTE4GLVEMU.jpg?auth=882d0e0d20a5860c8a5f9ecefb2a8e6d71f2d32a0c191b2d469e93b688e8a16b&amp;smart=true&amp;width=420&amp;height=747&amp;quality=85\" media=\"(min-width: 350px)\" \/><source srcset=\"https:\/\/www.infobae.com\/resizer\/v2\/RDUEEWZL7ZCR7LEEKTE4GLVEMU.jpg?auth=882d0e0d20a5860c8a5f9ecefb2a8e6d71f2d32a0c191b2d469e93b688e8a16b&amp;smart=true&amp;width=350&amp;height=622&amp;quality=85\" media=\"(min-width: 80px)\" \/><img loading=\"lazy\" decoding=\"async\" class=\"global-image\" src=\"https:\/\/www.infobae.com\/resizer\/v2\/RDUEEWZL7ZCR7LEEKTE4GLVEMU.jpg?auth=882d0e0d20a5860c8a5f9ecefb2a8e6d71f2d32a0c191b2d469e93b688e8a16b&amp;smart=true&amp;width=350&amp;height=622&amp;quality=85\" alt=\"&quot;A SOLAS&quot;, Divina Gloria y\" width=\"1920\" height=\"3412\" \/><\/picture>&#8220;A SOLAS&#8221;, Divina Gloria y Charly Garc\u00eda<\/div>\n<p class=\"paragraph\" data-mrf-recirculation=\"Links inline\">Hace tiempo que no sabe de \u00e9l.\u00a0<b>\u201cYa no tengo relaci\u00f3n. Todo el tiempo escucho, veo, me preocupo, no me preocupo, me gusta y no me gusta lo que pasa con \u00e9l. Es que despu\u00e9s los hombres tienen novia o esposa y se hace como un muro de Berl\u00edn\u2026 \u00a1Y yo no voy a hacerle da\u00f1o a nadie! O tal vez s\u00ed, porque molesto, porque soy genia, atrevida, compongo letras y cant\u00e9 el primer rap. Pero no puede haber competencia de otra mina o novia de Charly conmigo. \u00a1Las minas son bravas!&#8230; Y yo tambi\u00e9n\u201d<\/b>, analiza de corrido, as\u00ed sin puntuaciones. Jura que no lo extra\u00f1a, \u201cpero despu\u00e9s s\u00ed. Y escribo\u201d. Ahora se enamora \u201cplat\u00f3nico\u201d, afirma. O sea, \u201cde muertos, de\u00a0<b>newyorkinos<\/b>, de musulmanes\u2026 \u00a1Para que nada pueda realizarse! Para que no se d\u00e9 el fideo, lo cotidiano. Porque despu\u00e9s si yo me quiero ir con el polcado del viol\u00edn, no quiero que me lo hagas a m\u00ed\u2026 \u00a1Quiero tambi\u00e9n yo ser el var\u00f3n que curte con \u2018otras minas\u2019! Si no\u2026 \u00bfQu\u00e9 s\u00e9 yo? Es un caretaje si todo el tiempo todo enamora\u201d.<\/p>\n<div class=\"visual__image\"><picture><source srcset=\"https:\/\/www.infobae.com\/resizer\/v2\/24DOKHKAUFGN7JMWKRYKOBJSLA.jpg?auth=22657615b8095a58bde56d22457cc58020bf64e7c6d2b162d869fd674de203aa&amp;smart=true&amp;width=992&amp;height=1323&amp;quality=85\" media=\"(min-width: 1000px)\" \/><source srcset=\"https:\/\/www.infobae.com\/resizer\/v2\/24DOKHKAUFGN7JMWKRYKOBJSLA.jpg?auth=22657615b8095a58bde56d22457cc58020bf64e7c6d2b162d869fd674de203aa&amp;smart=true&amp;width=768&amp;height=1024&amp;quality=85\" media=\"(min-width: 768px)\" \/><source srcset=\"https:\/\/www.infobae.com\/resizer\/v2\/24DOKHKAUFGN7JMWKRYKOBJSLA.jpg?auth=22657615b8095a58bde56d22457cc58020bf64e7c6d2b162d869fd674de203aa&amp;smart=true&amp;width=577&amp;height=769&amp;quality=85\" media=\"(min-width: 580px)\" \/><source srcset=\"https:\/\/www.infobae.com\/resizer\/v2\/24DOKHKAUFGN7JMWKRYKOBJSLA.jpg?auth=22657615b8095a58bde56d22457cc58020bf64e7c6d2b162d869fd674de203aa&amp;smart=true&amp;width=420&amp;height=560&amp;quality=85\" media=\"(min-width: 350px)\" \/><source srcset=\"https:\/\/www.infobae.com\/resizer\/v2\/24DOKHKAUFGN7JMWKRYKOBJSLA.jpg?auth=22657615b8095a58bde56d22457cc58020bf64e7c6d2b162d869fd674de203aa&amp;smart=true&amp;width=350&amp;height=467&amp;quality=85\" media=\"(min-width: 80px)\" \/><img loading=\"lazy\" decoding=\"async\" class=\"global-image\" src=\"https:\/\/www.infobae.com\/resizer\/v2\/24DOKHKAUFGN7JMWKRYKOBJSLA.jpg?auth=22657615b8095a58bde56d22457cc58020bf64e7c6d2b162d869fd674de203aa&amp;smart=true&amp;width=350&amp;height=467&amp;quality=85\" alt=\"El m\u00fasico Horacio Carlos Oscar\" width=\"1920\" height=\"2463\" \/><\/picture>El m\u00fasico Horacio Carlos Oscar \u201cGamexane\u201d Villafa\u00f1e (\u201cTodos tus muertos\u201d), ex pareja de Divina Gloria y padre de su hijo Le\u00f3n<\/div>\n<p class=\"paragraph\" data-mrf-recirculation=\"Links inline\">Finalmente, entre tanto de hombres y amores, hablar\u00e1 de\u00a0<b>Le\u00f3n Villafa\u00f1e Goldsztern<\/b>\u00a0(25), a quien llamaremos\u00a0<b>Lenny<\/b>. Se trata del hijo que tuvo con el m\u00fasico y compositor\u00a0<b>Horacio Carlos Oscar Villafa\u00f1e<\/b>\u00a0(1963-2011), m\u00e1s conocido como\u00a0<b>Gamexane<\/b>, creador y vocalista de\u00a0<i><b>Todos tus muertos<\/b><\/i>, cofundador de\u00a0<i><b>La sobrecarga<\/b><\/i>\u00a0y<i>\u00a0<\/i><i><b>Los 7 delfines<\/b><\/i>. \u201cEsa s\u00ed que fue una amistad eterna con mucho erotismo\u201d, define\u00a0<b>Divina<\/b>. \u201cAyer le\u00ed algo genial. Dicen que el primer hijo var\u00f3n hereda los rasgos su abuelo materno. Y s\u00ed, Lenny es muy parecido a pap\u00e1\u201d, apunta orgullosa. \u201cPero a la vez, y tambi\u00e9n, yo vi en Gamexane algo de mi viejo. As\u00ed, negrito, \u00bfviste? Nunca nos celamos, ni siquiera discut\u00edamos\u2026 \u00a1Nos divert\u00edamos juntos! Y yo qued\u00e9 embarazada en Madrid\u201d, recuerda al pasar.\u00a0<b>\u201cEra una groupy con plata que estaba en la cama, agarraba el tel\u00e9fono y preguntaba: \u2018\u00bfD\u00f3nde tocan?\u2019 \u2018En\u00a0<\/b><i><b>El rev\u00f3lver<\/b><\/i><b>\u2019 \u2018\u00a1Bueno, voy!\u2019\u201d<\/b>\u00a0Y aquella vez, en Espa\u00f1a, \u2018llegu\u00e9 para irme\u2019 como dir\u00eda\u00a0<b>Gabriel Chame Buend\u00eda<\/b>\u00a0(64). Ya en\u00a0<b>Buenos Aires<\/b>, re flaca y divina, el d\u00eda de mi cumplea\u00f1os (6 de febrero de 2000) dije: \u2018No s\u00e9 si comer o vomitar\u2019. As\u00ed me enter\u00e9 de que tendr\u00eda un beb\u00e9\u201d.<\/p>\n<div class=\"visual__image\"><picture><source srcset=\"https:\/\/www.infobae.com\/resizer\/v2\/OEDBCYM5MJEMLFM24FCLXKBB2Q.jpg?auth=e008540f5578b6356599b22178912f59c67fe6a958999deb15a95e45779bca5b&amp;smart=true&amp;width=992&amp;height=1323&amp;quality=85\" media=\"(min-width: 1000px)\" \/><source srcset=\"https:\/\/www.infobae.com\/resizer\/v2\/OEDBCYM5MJEMLFM24FCLXKBB2Q.jpg?auth=e008540f5578b6356599b22178912f59c67fe6a958999deb15a95e45779bca5b&amp;smart=true&amp;width=768&amp;height=1024&amp;quality=85\" media=\"(min-width: 768px)\" \/><source srcset=\"https:\/\/www.infobae.com\/resizer\/v2\/OEDBCYM5MJEMLFM24FCLXKBB2Q.jpg?auth=e008540f5578b6356599b22178912f59c67fe6a958999deb15a95e45779bca5b&amp;smart=true&amp;width=577&amp;height=769&amp;quality=85\" media=\"(min-width: 580px)\" \/><source srcset=\"https:\/\/www.infobae.com\/resizer\/v2\/OEDBCYM5MJEMLFM24FCLXKBB2Q.jpg?auth=e008540f5578b6356599b22178912f59c67fe6a958999deb15a95e45779bca5b&amp;smart=true&amp;width=420&amp;height=560&amp;quality=85\" media=\"(min-width: 350px)\" \/><source srcset=\"https:\/\/www.infobae.com\/resizer\/v2\/OEDBCYM5MJEMLFM24FCLXKBB2Q.jpg?auth=e008540f5578b6356599b22178912f59c67fe6a958999deb15a95e45779bca5b&amp;smart=true&amp;width=350&amp;height=467&amp;quality=85\" media=\"(min-width: 80px)\" \/><img loading=\"lazy\" decoding=\"async\" class=\"global-image\" src=\"https:\/\/www.infobae.com\/resizer\/v2\/OEDBCYM5MJEMLFM24FCLXKBB2Q.jpg?auth=e008540f5578b6356599b22178912f59c67fe6a958999deb15a95e45779bca5b&amp;smart=true&amp;width=350&amp;height=467&amp;quality=85\" alt=\"Divina Gloria y su hijo\" width=\"1920\" height=\"2663\" \/><\/picture>Divina Gloria y su hijo Le\u00f3n Villafa\u00f1e Goldsztern, hoy de 25 a\u00f1os<\/div>\n<div class=\"visual__image\"><picture><source srcset=\"https:\/\/www.infobae.com\/resizer\/v2\/4S7ABYYOYVECDPDWXHA53FMKHE.jpg?auth=591677e1b475530bf92740c2d7dd854bcfae3154d3aabd19bfbadce92f6a62fd&amp;smart=true&amp;width=992&amp;height=1323&amp;quality=85\" media=\"(min-width: 1000px)\" \/><source srcset=\"https:\/\/www.infobae.com\/resizer\/v2\/4S7ABYYOYVECDPDWXHA53FMKHE.jpg?auth=591677e1b475530bf92740c2d7dd854bcfae3154d3aabd19bfbadce92f6a62fd&amp;smart=true&amp;width=768&amp;height=1024&amp;quality=85\" media=\"(min-width: 768px)\" \/><source srcset=\"https:\/\/www.infobae.com\/resizer\/v2\/4S7ABYYOYVECDPDWXHA53FMKHE.jpg?auth=591677e1b475530bf92740c2d7dd854bcfae3154d3aabd19bfbadce92f6a62fd&amp;smart=true&amp;width=577&amp;height=769&amp;quality=85\" media=\"(min-width: 580px)\" \/><source srcset=\"https:\/\/www.infobae.com\/resizer\/v2\/4S7ABYYOYVECDPDWXHA53FMKHE.jpg?auth=591677e1b475530bf92740c2d7dd854bcfae3154d3aabd19bfbadce92f6a62fd&amp;smart=true&amp;width=420&amp;height=560&amp;quality=85\" media=\"(min-width: 350px)\" \/><source srcset=\"https:\/\/www.infobae.com\/resizer\/v2\/4S7ABYYOYVECDPDWXHA53FMKHE.jpg?auth=591677e1b475530bf92740c2d7dd854bcfae3154d3aabd19bfbadce92f6a62fd&amp;smart=true&amp;width=350&amp;height=467&amp;quality=85\" media=\"(min-width: 80px)\" \/><img loading=\"lazy\" decoding=\"async\" class=\"global-image\" src=\"https:\/\/www.infobae.com\/resizer\/v2\/4S7ABYYOYVECDPDWXHA53FMKHE.jpg?auth=591677e1b475530bf92740c2d7dd854bcfae3154d3aabd19bfbadce92f6a62fd&amp;smart=true&amp;width=350&amp;height=467&amp;quality=85\" alt=\"Divina Gloria y su hijo\" width=\"1920\" height=\"2267\" \/><\/picture>Divina Gloria y su hijo Le\u00f3n Villafa\u00f1e Goldsztern, hoy de 25 a\u00f1os.<\/div>\n<div class=\"undefined ad-wrapper\">\n<div class=\"dfpAd \">\n<div id=\"infobae\/teleshow\/nota\/undefined\" class=\"infobae\/teleshow\/nota\/undefined arcad\"><\/div>\n<\/div>\n<\/div>\n<p class=\"paragraph\" data-mrf-recirculation=\"Links inline\">Tiempo atr\u00e1s, mam\u00e1 lo defini\u00f3 a este \u201c<b>chico ex\u00f3tico, de aspecto egipcio, chino, jud\u00edo y juje\u00f1o<\/b>\u201d, como \u201cun ser iluminado, educado, un gran alumno con notas inmejorables y muy adulto para las decisiones\u201d.\u00a0<b>Lenny<\/b>\u00a0\u201chabla perfecto ingl\u00e9s, portugu\u00e9s y franc\u00e9s\u201d, es aficionado al cine, \u201clee sobre fitness y anatom\u00eda\u201d, sabe analizar arte pict\u00f3rico, ama la m\u00fasica, \u201ctoca incre\u00edblemente la guitarra y la bater\u00eda\u201d y \u201ccanta genial\u201d. Pero hoy, a esta hora, parece no resultar un buen momento para hablar de su maternidad.\u00a0<b>\u2018\u00bfQu\u00e9 es hoy de su vida?\u2019<\/b>, pregunto. \u201cBrilla&#8230; \u00bfQu\u00e9 se yo? Ni idea\u201d. Porque, como explica: \u201cHace tiempo que no vivimos juntos y ya no s\u00e9 mucho de mi hijo. Es m\u00e1s, ayer cuando nos vimos, nos trompeamos\u201d, dispara figurativamente, claro.<\/p>\n<div class=\"visual__image\"><picture><source srcset=\"https:\/\/www.infobae.com\/resizer\/v2\/Q7ZRLOWKLVCQFFJRI4DAZALUHM.png?auth=6e5c9bbd5d84ea95b9746f11f599addc4a9495be444c03803fb566b68d68b868&amp;smart=true&amp;width=992&amp;height=558&amp;quality=85\" media=\"(min-width: 1000px)\" \/><source srcset=\"https:\/\/www.infobae.com\/resizer\/v2\/Q7ZRLOWKLVCQFFJRI4DAZALUHM.png?auth=6e5c9bbd5d84ea95b9746f11f599addc4a9495be444c03803fb566b68d68b868&amp;smart=true&amp;width=768&amp;height=432&amp;quality=85\" media=\"(min-width: 768px)\" \/><source srcset=\"https:\/\/www.infobae.com\/resizer\/v2\/Q7ZRLOWKLVCQFFJRI4DAZALUHM.png?auth=6e5c9bbd5d84ea95b9746f11f599addc4a9495be444c03803fb566b68d68b868&amp;smart=true&amp;width=577&amp;height=325&amp;quality=85\" media=\"(min-width: 580px)\" \/><source srcset=\"https:\/\/www.infobae.com\/resizer\/v2\/Q7ZRLOWKLVCQFFJRI4DAZALUHM.png?auth=6e5c9bbd5d84ea95b9746f11f599addc4a9495be444c03803fb566b68d68b868&amp;smart=true&amp;width=420&amp;height=236&amp;quality=85\" media=\"(min-width: 350px)\" \/><source srcset=\"https:\/\/www.infobae.com\/resizer\/v2\/Q7ZRLOWKLVCQFFJRI4DAZALUHM.png?auth=6e5c9bbd5d84ea95b9746f11f599addc4a9495be444c03803fb566b68d68b868&amp;smart=true&amp;width=350&amp;height=197&amp;quality=85\" media=\"(min-width: 80px)\" \/><img loading=\"lazy\" decoding=\"async\" class=\"global-image\" src=\"https:\/\/www.infobae.com\/resizer\/v2\/Q7ZRLOWKLVCQFFJRI4DAZALUHM.png?auth=6e5c9bbd5d84ea95b9746f11f599addc4a9495be444c03803fb566b68d68b868&amp;smart=true&amp;width=350&amp;height=197&amp;quality=85\" alt=\"Divina Gloria y su hijo\" width=\"1920\" height=\"1081\" \/><\/picture>Divina Gloria y su hijo Le\u00f3n Villafa\u00f1e Goldsztern<\/div>\n<p class=\"paragraph\" data-mrf-recirculation=\"Links inline\">\u201cLo que pasa es que, de repente, soy como c\u00edclica, \u00bfviste? Cuando no tengo ganas, no tengo ganas. Y cuando arranco y pongo primera, todo se abre, se al\u00ednea y tengo ganas de atender el tel\u00e9fono, de venir hasta ac\u00e1, de charlar con vos\u2026 Ya est\u00e1. Hay un \u2018luz, c\u00e1mara, acci\u00f3n\u2019\u201d, explica\u00a0<b>Divina<\/b>. \u201cY ayer,\u00a0<b>Lenny<\/b>\u00a0me vio como distinta de antes, porque yo puedo estar un a\u00f1o en una cama, deprimida\u2026 Como cualquiera de nosotros.\u00a0<b>Todos podemos todo.<\/b>\u00a0No conviene, pero a veces hace falta y es lo \u00fanico que quer\u00e9s hacer\u201d, asegura sin intenci\u00f3n de explayarse demasiado. \u201cY es estado muy personal que me permitir\u00eda mucho m\u00e1s, a m\u00ed misma, si no tuviese que trabajar de\u00a0<b>Divina Gloria<\/b>\u201d, relata. \u201cNo es f\u00e1cil ser yo, eh\u2026 Nac\u00ed con una carta natal rar\u00edsima: soy\u00a0<b>Acuario-Acuario-Tigre<\/b>. O sea: aire, aire, aire. \u00a1Realmente un jerogl\u00edfico!\u2026\u201d, remate suspicaz.\u00a0<b>\u201c\u00bfVos crees que pap\u00e1 me minti\u00f3?\u201d<\/b>.<\/p>\n<div class=\"second-saved-buttons\">\n<div class=\"body-share-note\"><\/div>\n<\/div>\n","protected":false},"excerpt":{"rendered":"<p>Del infierno de sus d\u00edas en el Complejo Penitenciario de Ezeiza al affaire con Charly Garc\u00eda y \u201cla muralla\u201d que hoy le impide verlo. Memorias intimas de una ni\u00f1a prodigio que fue \u00edcono under de los 80 y lleg\u00f3 a llamar pap\u00e1 a Alberto Olmedo Los martes eran de la\u00a0Nouvelle Vague\u00a0en\u00a0Cinemateca. De sitios ic\u00f3nicos, de [&hellip;]<\/p>\n","protected":false},"author":1,"featured_media":777,"comment_status":"open","ping_status":"open","sticky":false,"template":"","format":"standard","meta":{"rop_custom_images_group":[],"rop_custom_messages_group":[],"rop_publish_now":"initial","rop_publish_now_accounts":[],"rop_publish_now_history":[],"rop_publish_now_status":"pending","footnotes":"","jetpack_publicize_message":"","jetpack_publicize_feature_enabled":true,"jetpack_social_post_already_shared":true,"jetpack_social_options":{"image_generator_settings":{"template":"highway","enabled":false},"version":2}},"categories":[12],"tags":[],"class_list":{"0":"post-774","1":"post","2":"type-post","3":"status-publish","4":"format-standard","5":"has-post-thumbnail","7":"category-espectaculos"},"jetpack_publicize_connections":[],"yoast_head":"<!-- This site is optimized with the Yoast SEO plugin v27.3 - https:\/\/yoast.com\/product\/yoast-seo-wordpress\/ -->\n<title>Divina Gloria: \u201cNunca voy a olvidar el olor de la c\u00e1rcel\u201d - CLAN ESPECTACULOS<\/title>\n<meta name=\"robots\" content=\"index, follow, max-snippet:-1, max-image-preview:large, max-video-preview:-1\" \/>\n<link rel=\"canonical\" href=\"https:\/\/radioclanfm.com\/clanespectaculos\/divina-gloria-nunca-voy-a-olvidar-el-olor-de-la-carcel\/\" \/>\n<meta property=\"og:locale\" content=\"es_ES\" \/>\n<meta property=\"og:type\" content=\"article\" \/>\n<meta property=\"og:title\" content=\"Divina Gloria: \u201cNunca voy a olvidar el olor de la c\u00e1rcel\u201d - CLAN ESPECTACULOS\" \/>\n<meta property=\"og:description\" content=\"Del infierno de sus d\u00edas en el Complejo Penitenciario de Ezeiza al affaire con Charly Garc\u00eda y \u201cla muralla\u201d que hoy le impide verlo. Memorias intimas de una ni\u00f1a prodigio que fue \u00edcono under de los 80 y lleg\u00f3 a llamar pap\u00e1 a Alberto Olmedo Los martes eran de la\u00a0Nouvelle Vague\u00a0en\u00a0Cinemateca. De sitios ic\u00f3nicos, de [&hellip;]\" \/>\n<meta property=\"og:url\" content=\"https:\/\/radioclanfm.com\/clanespectaculos\/divina-gloria-nunca-voy-a-olvidar-el-olor-de-la-carcel\/\" \/>\n<meta property=\"og:site_name\" content=\"CLAN ESPECTACULOS\" \/>\n<meta property=\"article:publisher\" content=\"https:\/\/www.facebook.com\/clanespectaculos\/\" \/>\n<meta property=\"article:published_time\" content=\"2025-05-21T15:26:48+00:00\" \/>\n<meta property=\"og:image\" content=\"https:\/\/radioclanfm.com\/clanespectaculos\/wp-content\/uploads\/sites\/2\/2025\/05\/tdtZA1bR.jpg\" \/>\n\t<meta property=\"og:image:width\" content=\"900\" \/>\n\t<meta property=\"og:image:height\" content=\"450\" \/>\n\t<meta property=\"og:image:type\" content=\"image\/jpeg\" \/>\n<meta name=\"author\" content=\"E-GRUPOCLAN\" \/>\n<meta name=\"twitter:card\" content=\"summary_large_image\" \/>\n<meta name=\"twitter:creator\" content=\"@clanespectok\" \/>\n<meta name=\"twitter:site\" content=\"@clanespectok\" \/>\n<meta name=\"twitter:label1\" content=\"Escrito por\" \/>\n\t<meta name=\"twitter:data1\" content=\"E-GRUPOCLAN\" \/>\n\t<meta name=\"twitter:label2\" content=\"Tiempo de lectura\" \/>\n\t<meta name=\"twitter:data2\" content=\"25 minutos\" \/>\n<script type=\"application\/ld+json\" class=\"yoast-schema-graph\">{\"@context\":\"https:\\\/\\\/schema.org\",\"@graph\":[{\"@type\":\"Article\",\"@id\":\"https:\\\/\\\/radioclanfm.com\\\/clanespectaculos\\\/divina-gloria-nunca-voy-a-olvidar-el-olor-de-la-carcel\\\/#article\",\"isPartOf\":{\"@id\":\"https:\\\/\\\/radioclanfm.com\\\/clanespectaculos\\\/divina-gloria-nunca-voy-a-olvidar-el-olor-de-la-carcel\\\/\"},\"author\":{\"name\":\"E-GRUPOCLAN\",\"@id\":\"https:\\\/\\\/radioclanfm.com\\\/clanespectaculos\\\/#\\\/schema\\\/person\\\/9734813083303230f3ad84d99171b20c\"},\"headline\":\"Divina Gloria: \u201cNunca voy a olvidar el olor de la c\u00e1rcel\u201d\",\"datePublished\":\"2025-05-21T15:26:48+00:00\",\"mainEntityOfPage\":{\"@id\":\"https:\\\/\\\/radioclanfm.com\\\/clanespectaculos\\\/divina-gloria-nunca-voy-a-olvidar-el-olor-de-la-carcel\\\/\"},\"wordCount\":4989,\"commentCount\":0,\"publisher\":{\"@id\":\"https:\\\/\\\/radioclanfm.com\\\/clanespectaculos\\\/#organization\"},\"image\":{\"@id\":\"https:\\\/\\\/radioclanfm.com\\\/clanespectaculos\\\/divina-gloria-nunca-voy-a-olvidar-el-olor-de-la-carcel\\\/#primaryimage\"},\"thumbnailUrl\":\"https:\\\/\\\/radioclanfm.com\\\/clanespectaculos\\\/wp-content\\\/uploads\\\/sites\\\/2\\\/2025\\\/05\\\/tdtZA1bR.jpg\",\"articleSection\":[\"Espectaculos\"],\"inLanguage\":\"es-AR\",\"potentialAction\":[{\"@type\":\"CommentAction\",\"name\":\"Comment\",\"target\":[\"https:\\\/\\\/radioclanfm.com\\\/clanespectaculos\\\/divina-gloria-nunca-voy-a-olvidar-el-olor-de-la-carcel\\\/#respond\"]}]},{\"@type\":\"WebPage\",\"@id\":\"https:\\\/\\\/radioclanfm.com\\\/clanespectaculos\\\/divina-gloria-nunca-voy-a-olvidar-el-olor-de-la-carcel\\\/\",\"url\":\"https:\\\/\\\/radioclanfm.com\\\/clanespectaculos\\\/divina-gloria-nunca-voy-a-olvidar-el-olor-de-la-carcel\\\/\",\"name\":\"Divina Gloria: \u201cNunca voy a olvidar el olor de la c\u00e1rcel\u201d - CLAN ESPECTACULOS\",\"isPartOf\":{\"@id\":\"https:\\\/\\\/radioclanfm.com\\\/clanespectaculos\\\/#website\"},\"primaryImageOfPage\":{\"@id\":\"https:\\\/\\\/radioclanfm.com\\\/clanespectaculos\\\/divina-gloria-nunca-voy-a-olvidar-el-olor-de-la-carcel\\\/#primaryimage\"},\"image\":{\"@id\":\"https:\\\/\\\/radioclanfm.com\\\/clanespectaculos\\\/divina-gloria-nunca-voy-a-olvidar-el-olor-de-la-carcel\\\/#primaryimage\"},\"thumbnailUrl\":\"https:\\\/\\\/radioclanfm.com\\\/clanespectaculos\\\/wp-content\\\/uploads\\\/sites\\\/2\\\/2025\\\/05\\\/tdtZA1bR.jpg\",\"datePublished\":\"2025-05-21T15:26:48+00:00\",\"breadcrumb\":{\"@id\":\"https:\\\/\\\/radioclanfm.com\\\/clanespectaculos\\\/divina-gloria-nunca-voy-a-olvidar-el-olor-de-la-carcel\\\/#breadcrumb\"},\"inLanguage\":\"es-AR\",\"potentialAction\":[{\"@type\":\"ReadAction\",\"target\":[\"https:\\\/\\\/radioclanfm.com\\\/clanespectaculos\\\/divina-gloria-nunca-voy-a-olvidar-el-olor-de-la-carcel\\\/\"]}]},{\"@type\":\"ImageObject\",\"inLanguage\":\"es-AR\",\"@id\":\"https:\\\/\\\/radioclanfm.com\\\/clanespectaculos\\\/divina-gloria-nunca-voy-a-olvidar-el-olor-de-la-carcel\\\/#primaryimage\",\"url\":\"https:\\\/\\\/radioclanfm.com\\\/clanespectaculos\\\/wp-content\\\/uploads\\\/sites\\\/2\\\/2025\\\/05\\\/tdtZA1bR.jpg\",\"contentUrl\":\"https:\\\/\\\/radioclanfm.com\\\/clanespectaculos\\\/wp-content\\\/uploads\\\/sites\\\/2\\\/2025\\\/05\\\/tdtZA1bR.jpg\",\"width\":900,\"height\":450},{\"@type\":\"BreadcrumbList\",\"@id\":\"https:\\\/\\\/radioclanfm.com\\\/clanespectaculos\\\/divina-gloria-nunca-voy-a-olvidar-el-olor-de-la-carcel\\\/#breadcrumb\",\"itemListElement\":[{\"@type\":\"ListItem\",\"position\":1,\"name\":\"Inicio\",\"item\":\"https:\\\/\\\/radioclanfm.com\\\/clanespectaculos\\\/\"},{\"@type\":\"ListItem\",\"position\":2,\"name\":\"Divina Gloria: \u201cNunca voy a olvidar el olor de la c\u00e1rcel\u201d\"}]},{\"@type\":\"WebSite\",\"@id\":\"https:\\\/\\\/radioclanfm.com\\\/clanespectaculos\\\/#website\",\"url\":\"https:\\\/\\\/radioclanfm.com\\\/clanespectaculos\\\/\",\"name\":\"CLAN ESPECTACULOS\",\"description\":\"\",\"publisher\":{\"@id\":\"https:\\\/\\\/radioclanfm.com\\\/clanespectaculos\\\/#organization\"},\"potentialAction\":[{\"@type\":\"SearchAction\",\"target\":{\"@type\":\"EntryPoint\",\"urlTemplate\":\"https:\\\/\\\/radioclanfm.com\\\/clanespectaculos\\\/?s={search_term_string}\"},\"query-input\":{\"@type\":\"PropertyValueSpecification\",\"valueRequired\":true,\"valueName\":\"search_term_string\"}}],\"inLanguage\":\"es-AR\"},{\"@type\":\"Organization\",\"@id\":\"https:\\\/\\\/radioclanfm.com\\\/clanespectaculos\\\/#organization\",\"name\":\"CLAN ESPECTACULOS\",\"url\":\"https:\\\/\\\/radioclanfm.com\\\/clanespectaculos\\\/\",\"logo\":{\"@type\":\"ImageObject\",\"inLanguage\":\"es-AR\",\"@id\":\"https:\\\/\\\/radioclanfm.com\\\/clanespectaculos\\\/#\\\/schema\\\/logo\\\/image\\\/\",\"url\":\"https:\\\/\\\/radioclanfm.com\\\/clanespectaculos\\\/wp-content\\\/uploads\\\/sites\\\/2\\\/2026\\\/04\\\/ChatGPT-Image-23-mar-2026-10_09_00.png\",\"contentUrl\":\"https:\\\/\\\/radioclanfm.com\\\/clanespectaculos\\\/wp-content\\\/uploads\\\/sites\\\/2\\\/2026\\\/04\\\/ChatGPT-Image-23-mar-2026-10_09_00.png\",\"width\":1024,\"height\":1024,\"caption\":\"CLAN ESPECTACULOS\"},\"image\":{\"@id\":\"https:\\\/\\\/radioclanfm.com\\\/clanespectaculos\\\/#\\\/schema\\\/logo\\\/image\\\/\"},\"sameAs\":[\"https:\\\/\\\/www.facebook.com\\\/clanespectaculos\\\/\",\"https:\\\/\\\/x.com\\\/clanespectok\"]},{\"@type\":\"Person\",\"@id\":\"https:\\\/\\\/radioclanfm.com\\\/clanespectaculos\\\/#\\\/schema\\\/person\\\/9734813083303230f3ad84d99171b20c\",\"name\":\"E-GRUPOCLAN\",\"image\":{\"@type\":\"ImageObject\",\"inLanguage\":\"es-AR\",\"@id\":\"https:\\\/\\\/secure.gravatar.com\\\/avatar\\\/af6e19837c3d6a212034a48c7b3818d2ac1826f6025df0155da5a186ad321d79?s=96&d=mm&r=g\",\"url\":\"https:\\\/\\\/secure.gravatar.com\\\/avatar\\\/af6e19837c3d6a212034a48c7b3818d2ac1826f6025df0155da5a186ad321d79?s=96&d=mm&r=g\",\"contentUrl\":\"https:\\\/\\\/secure.gravatar.com\\\/avatar\\\/af6e19837c3d6a212034a48c7b3818d2ac1826f6025df0155da5a186ad321d79?s=96&d=mm&r=g\",\"caption\":\"E-GRUPOCLAN\"},\"sameAs\":[\"https:\\\/\\\/radioclanfm.com\"],\"url\":\"https:\\\/\\\/radioclanfm.com\\\/clanespectaculos\\\/author\\\/admin\\\/\"}]}<\/script>\n<!-- \/ Yoast SEO plugin. -->","yoast_head_json":{"title":"Divina Gloria: \u201cNunca voy a olvidar el olor de la c\u00e1rcel\u201d - CLAN ESPECTACULOS","robots":{"index":"index","follow":"follow","max-snippet":"max-snippet:-1","max-image-preview":"max-image-preview:large","max-video-preview":"max-video-preview:-1"},"canonical":"https:\/\/radioclanfm.com\/clanespectaculos\/divina-gloria-nunca-voy-a-olvidar-el-olor-de-la-carcel\/","og_locale":"es_ES","og_type":"article","og_title":"Divina Gloria: \u201cNunca voy a olvidar el olor de la c\u00e1rcel\u201d - CLAN ESPECTACULOS","og_description":"Del infierno de sus d\u00edas en el Complejo Penitenciario de Ezeiza al affaire con Charly Garc\u00eda y \u201cla muralla\u201d que hoy le impide verlo. Memorias intimas de una ni\u00f1a prodigio que fue \u00edcono under de los 80 y lleg\u00f3 a llamar pap\u00e1 a Alberto Olmedo Los martes eran de la\u00a0Nouvelle Vague\u00a0en\u00a0Cinemateca. De sitios ic\u00f3nicos, de [&hellip;]","og_url":"https:\/\/radioclanfm.com\/clanespectaculos\/divina-gloria-nunca-voy-a-olvidar-el-olor-de-la-carcel\/","og_site_name":"CLAN ESPECTACULOS","article_publisher":"https:\/\/www.facebook.com\/clanespectaculos\/","article_published_time":"2025-05-21T15:26:48+00:00","og_image":[{"width":900,"height":450,"url":"https:\/\/radioclanfm.com\/clanespectaculos\/wp-content\/uploads\/sites\/2\/2025\/05\/tdtZA1bR.jpg","type":"image\/jpeg"}],"author":"E-GRUPOCLAN","twitter_card":"summary_large_image","twitter_creator":"@clanespectok","twitter_site":"@clanespectok","twitter_misc":{"Escrito por":"E-GRUPOCLAN","Tiempo de lectura":"25 minutos"},"schema":{"@context":"https:\/\/schema.org","@graph":[{"@type":"Article","@id":"https:\/\/radioclanfm.com\/clanespectaculos\/divina-gloria-nunca-voy-a-olvidar-el-olor-de-la-carcel\/#article","isPartOf":{"@id":"https:\/\/radioclanfm.com\/clanespectaculos\/divina-gloria-nunca-voy-a-olvidar-el-olor-de-la-carcel\/"},"author":{"name":"E-GRUPOCLAN","@id":"https:\/\/radioclanfm.com\/clanespectaculos\/#\/schema\/person\/9734813083303230f3ad84d99171b20c"},"headline":"Divina Gloria: \u201cNunca voy a olvidar el olor de la c\u00e1rcel\u201d","datePublished":"2025-05-21T15:26:48+00:00","mainEntityOfPage":{"@id":"https:\/\/radioclanfm.com\/clanespectaculos\/divina-gloria-nunca-voy-a-olvidar-el-olor-de-la-carcel\/"},"wordCount":4989,"commentCount":0,"publisher":{"@id":"https:\/\/radioclanfm.com\/clanespectaculos\/#organization"},"image":{"@id":"https:\/\/radioclanfm.com\/clanespectaculos\/divina-gloria-nunca-voy-a-olvidar-el-olor-de-la-carcel\/#primaryimage"},"thumbnailUrl":"https:\/\/radioclanfm.com\/clanespectaculos\/wp-content\/uploads\/sites\/2\/2025\/05\/tdtZA1bR.jpg","articleSection":["Espectaculos"],"inLanguage":"es-AR","potentialAction":[{"@type":"CommentAction","name":"Comment","target":["https:\/\/radioclanfm.com\/clanespectaculos\/divina-gloria-nunca-voy-a-olvidar-el-olor-de-la-carcel\/#respond"]}]},{"@type":"WebPage","@id":"https:\/\/radioclanfm.com\/clanespectaculos\/divina-gloria-nunca-voy-a-olvidar-el-olor-de-la-carcel\/","url":"https:\/\/radioclanfm.com\/clanespectaculos\/divina-gloria-nunca-voy-a-olvidar-el-olor-de-la-carcel\/","name":"Divina Gloria: \u201cNunca voy a olvidar el olor de la c\u00e1rcel\u201d - CLAN ESPECTACULOS","isPartOf":{"@id":"https:\/\/radioclanfm.com\/clanespectaculos\/#website"},"primaryImageOfPage":{"@id":"https:\/\/radioclanfm.com\/clanespectaculos\/divina-gloria-nunca-voy-a-olvidar-el-olor-de-la-carcel\/#primaryimage"},"image":{"@id":"https:\/\/radioclanfm.com\/clanespectaculos\/divina-gloria-nunca-voy-a-olvidar-el-olor-de-la-carcel\/#primaryimage"},"thumbnailUrl":"https:\/\/radioclanfm.com\/clanespectaculos\/wp-content\/uploads\/sites\/2\/2025\/05\/tdtZA1bR.jpg","datePublished":"2025-05-21T15:26:48+00:00","breadcrumb":{"@id":"https:\/\/radioclanfm.com\/clanespectaculos\/divina-gloria-nunca-voy-a-olvidar-el-olor-de-la-carcel\/#breadcrumb"},"inLanguage":"es-AR","potentialAction":[{"@type":"ReadAction","target":["https:\/\/radioclanfm.com\/clanespectaculos\/divina-gloria-nunca-voy-a-olvidar-el-olor-de-la-carcel\/"]}]},{"@type":"ImageObject","inLanguage":"es-AR","@id":"https:\/\/radioclanfm.com\/clanespectaculos\/divina-gloria-nunca-voy-a-olvidar-el-olor-de-la-carcel\/#primaryimage","url":"https:\/\/radioclanfm.com\/clanespectaculos\/wp-content\/uploads\/sites\/2\/2025\/05\/tdtZA1bR.jpg","contentUrl":"https:\/\/radioclanfm.com\/clanespectaculos\/wp-content\/uploads\/sites\/2\/2025\/05\/tdtZA1bR.jpg","width":900,"height":450},{"@type":"BreadcrumbList","@id":"https:\/\/radioclanfm.com\/clanespectaculos\/divina-gloria-nunca-voy-a-olvidar-el-olor-de-la-carcel\/#breadcrumb","itemListElement":[{"@type":"ListItem","position":1,"name":"Inicio","item":"https:\/\/radioclanfm.com\/clanespectaculos\/"},{"@type":"ListItem","position":2,"name":"Divina Gloria: \u201cNunca voy a olvidar el olor de la c\u00e1rcel\u201d"}]},{"@type":"WebSite","@id":"https:\/\/radioclanfm.com\/clanespectaculos\/#website","url":"https:\/\/radioclanfm.com\/clanespectaculos\/","name":"CLAN ESPECTACULOS","description":"","publisher":{"@id":"https:\/\/radioclanfm.com\/clanespectaculos\/#organization"},"potentialAction":[{"@type":"SearchAction","target":{"@type":"EntryPoint","urlTemplate":"https:\/\/radioclanfm.com\/clanespectaculos\/?s={search_term_string}"},"query-input":{"@type":"PropertyValueSpecification","valueRequired":true,"valueName":"search_term_string"}}],"inLanguage":"es-AR"},{"@type":"Organization","@id":"https:\/\/radioclanfm.com\/clanespectaculos\/#organization","name":"CLAN ESPECTACULOS","url":"https:\/\/radioclanfm.com\/clanespectaculos\/","logo":{"@type":"ImageObject","inLanguage":"es-AR","@id":"https:\/\/radioclanfm.com\/clanespectaculos\/#\/schema\/logo\/image\/","url":"https:\/\/radioclanfm.com\/clanespectaculos\/wp-content\/uploads\/sites\/2\/2026\/04\/ChatGPT-Image-23-mar-2026-10_09_00.png","contentUrl":"https:\/\/radioclanfm.com\/clanespectaculos\/wp-content\/uploads\/sites\/2\/2026\/04\/ChatGPT-Image-23-mar-2026-10_09_00.png","width":1024,"height":1024,"caption":"CLAN ESPECTACULOS"},"image":{"@id":"https:\/\/radioclanfm.com\/clanespectaculos\/#\/schema\/logo\/image\/"},"sameAs":["https:\/\/www.facebook.com\/clanespectaculos\/","https:\/\/x.com\/clanespectok"]},{"@type":"Person","@id":"https:\/\/radioclanfm.com\/clanespectaculos\/#\/schema\/person\/9734813083303230f3ad84d99171b20c","name":"E-GRUPOCLAN","image":{"@type":"ImageObject","inLanguage":"es-AR","@id":"https:\/\/secure.gravatar.com\/avatar\/af6e19837c3d6a212034a48c7b3818d2ac1826f6025df0155da5a186ad321d79?s=96&d=mm&r=g","url":"https:\/\/secure.gravatar.com\/avatar\/af6e19837c3d6a212034a48c7b3818d2ac1826f6025df0155da5a186ad321d79?s=96&d=mm&r=g","contentUrl":"https:\/\/secure.gravatar.com\/avatar\/af6e19837c3d6a212034a48c7b3818d2ac1826f6025df0155da5a186ad321d79?s=96&d=mm&r=g","caption":"E-GRUPOCLAN"},"sameAs":["https:\/\/radioclanfm.com"],"url":"https:\/\/radioclanfm.com\/clanespectaculos\/author\/admin\/"}]}},"_links":{"self":[{"href":"https:\/\/radioclanfm.com\/clanespectaculos\/wp-json\/wp\/v2\/posts\/774","targetHints":{"allow":["GET"]}}],"collection":[{"href":"https:\/\/radioclanfm.com\/clanespectaculos\/wp-json\/wp\/v2\/posts"}],"about":[{"href":"https:\/\/radioclanfm.com\/clanespectaculos\/wp-json\/wp\/v2\/types\/post"}],"author":[{"embeddable":true,"href":"https:\/\/radioclanfm.com\/clanespectaculos\/wp-json\/wp\/v2\/users\/1"}],"replies":[{"embeddable":true,"href":"https:\/\/radioclanfm.com\/clanespectaculos\/wp-json\/wp\/v2\/comments?post=774"}],"version-history":[{"count":1,"href":"https:\/\/radioclanfm.com\/clanespectaculos\/wp-json\/wp\/v2\/posts\/774\/revisions"}],"predecessor-version":[{"id":778,"href":"https:\/\/radioclanfm.com\/clanespectaculos\/wp-json\/wp\/v2\/posts\/774\/revisions\/778"}],"wp:featuredmedia":[{"embeddable":true,"href":"https:\/\/radioclanfm.com\/clanespectaculos\/wp-json\/wp\/v2\/media\/777"}],"wp:attachment":[{"href":"https:\/\/radioclanfm.com\/clanespectaculos\/wp-json\/wp\/v2\/media?parent=774"}],"wp:term":[{"taxonomy":"category","embeddable":true,"href":"https:\/\/radioclanfm.com\/clanespectaculos\/wp-json\/wp\/v2\/categories?post=774"},{"taxonomy":"post_tag","embeddable":true,"href":"https:\/\/radioclanfm.com\/clanespectaculos\/wp-json\/wp\/v2\/tags?post=774"}],"curies":[{"name":"wp","href":"https:\/\/api.w.org\/{rel}","templated":true}]}}