{"id":759,"date":"2025-05-21T12:20:05","date_gmt":"2025-05-21T15:20:05","guid":{"rendered":"https:\/\/radioclanfm.com\/clanespectaculos\/?p=759"},"modified":"2025-05-21T12:20:05","modified_gmt":"2025-05-21T15:20:05","slug":"mauro-icardi-arremetio-contra-wanda-nara-con-un-extenso-comunicado-en-las-redes-sacando-las-caretas","status":"publish","type":"post","link":"https:\/\/radioclanfm.com\/clanespectaculos\/mauro-icardi-arremetio-contra-wanda-nara-con-un-extenso-comunicado-en-las-redes-sacando-las-caretas\/","title":{"rendered":"Mauro Icardi arremeti\u00f3 contra Wanda Nara con un extenso comunicado en las redes: \u201cSacando las caretas\u201d"},"content":{"rendered":"<p>Horas despu\u00e9s de que la China Su\u00e1rez contestara a las cr\u00edticas en su cuenta de Instagram, el futbolista tambi\u00e9n recurri\u00f3 a sus historias para dar su versi\u00f3n de los hechos<\/p>\n<p class=\"paragraph\" data-mrf-recirculation=\"Links inline\">A trav\u00e9s de un extenso descargo publicado en sus redes sociales,\u00a0<b>Mauro Icardi<\/b>\u00a0se mostr\u00f3 furioso por la situaci\u00f3n que atraviesa con\u00a0<b>Wanda Nara<\/b>, madre de sus dos hijas. En estos momentos el futbolista se encuentra en Turqu\u00eda, junto a la China Su\u00e1rez y los hijos de la actriz, quienes el domingo lo acompa\u00f1aron al estadio del Galatasaray en el \u00faltimo encuentro del equipo por la Superliga. Esas im\u00e1genes con los ni\u00f1os hicieron estallar las cr\u00edticas de sus seguidores, por mostrarse sin sus hijas y con la familia ensamblada que est\u00e1 formando desde hace unos meses. Esto se sum\u00f3 a un tenso ida y vuelta entre Eugenia y Yanina Latorre a trav\u00e9s de mensajes de Instagram, desde donde continuaron con comentarios lapidarios y agresivos entre ellas. Cabe destacar que un rato antes, la actriz hab\u00eda respondido por primera vez a la catarata de apreciaciones en su contra y lo hab\u00eda hecho de manera frontal e ir\u00f3nica.<\/p>\n<div class=\"news-module\" data-mrf-recirculation=\"IL_Ct0zZTd2RqSjHGMXsLzz7w\" data-testid=\"text-html\" data-mrf-experience=\"IL_Ct0zZTd2RqSjHGMXsLzz7w\">\n<div class=\"recommended-card__image-container\"><\/div>\n<\/div>\n<p class=\"paragraph\" data-mrf-recirculation=\"Links inline\">As\u00ed fue como Icardi decidi\u00f3 dar su opini\u00f3n sobre lo que est\u00e1 ocurriendo con la revinculaci\u00f3n de sus hijas y el proceso judicial que enfrenta contra su exesposa, Wanda.<\/p>\n<div class=\"inline ad-wrapper\">\n<div class=\"dfpAd ad-inline\">\n<div id=\"infobae\/teleshow\/nota\/inline\" class=\"infobae\/teleshow\/nota\/inline arcad\" data-google-query-id=\"CMGOuZvutI0DFb1IuAQdB6kBug\">\n<div id=\"google_ads_iframe_\/1058609\/infobae\/teleshow\/nota\/inline_0__container__\"><\/div>\n<\/div>\n<\/div>\n<\/div>\n<p class=\"paragraph\" data-mrf-recirculation=\"Links inline\">En esta oportunidad, volvi\u00f3 a recurrir a sus historias de Instagram, como lo hizo en ocasiones anteriores.<\/p>\n<div class=\"news-module\" data-mrf-recirculation=\"IL_RjJ8XQ94SCCdND4VX9YvyQ\" data-testid=\"text-html\" data-mrf-experience=\"IL_RjJ8XQ94SCCdND4VX9YvyQ\">\n<div class=\"recommended-card__image-container\"><\/div>\n<\/div>\n<p class=\"paragraph\" data-mrf-recirculation=\"Links inline\">\u201cY para tantos que preguntan por qu\u00e9 mis hijas no estuvieron en los festejos y los de mi pareja s\u00ed\u2026\u201d, comenz\u00f3 escribiendo Icardi en una historia de Instagram, antes de enumerar una serie de acusaciones directas hacia su exesposa, al destacar que\u00a0<b>\u201cvamos a ir sacando las caretas que falta poco\u201d<\/b>.<\/p>\n<div class=\"inline_2_DSK ad-wrapper ad-desktop\">\n<div class=\"dfpAd ad-inline\">\n<div id=\"infobae\/teleshow\/nota\/inline_2_DSK\" class=\"infobae\/teleshow\/nota\/inline_2_DSK arcad\" data-google-query-id=\"CNXO35vutI0DFTxTuAQdSrMYUg\">\n<div id=\"google_ads_iframe_\/1058609\/infobae\/teleshow\/nota\/inline_2_DSK_0__container__\"><\/div>\n<\/div>\n<\/div>\n<\/div>\n<p class=\"paragraph\" data-mrf-recirculation=\"Links inline\">Seg\u00fan relat\u00f3, la conductora ser\u00eda la responsable del alejamiento de sus hijas.\u00a0<b>\u201cLa madre me impide hablar con mis hijas. La madre impide que vea a mis hijas\u201d<\/b>, continu\u00f3 visiblemente enfurecido.<\/p>\n<div class=\"news-module\" data-mrf-recirculation=\"IL_wPVu_IE4S76a5Gsl0lX8mA\" data-testid=\"text-html\" data-mrf-experience=\"IL_wPVu_IE4S76a5Gsl0lX8mA\">\n<div class=\"recommended-card__image-container\"><\/div>\n<\/div>\n<div class=\"visual__image\"><picture><source srcset=\"https:\/\/www.infobae.com\/resizer\/v2\/4QMH4LXHRNCQ3FSTDCBBCAJJM4.jpeg?auth=a8438240881c651e0da0693b7486be1587e6971ca0b9eed35e9e511ab4a9e88e&amp;smart=true&amp;width=992&amp;height=1764&amp;quality=85\" media=\"(min-width: 1000px)\" \/><source srcset=\"https:\/\/www.infobae.com\/resizer\/v2\/4QMH4LXHRNCQ3FSTDCBBCAJJM4.jpeg?auth=a8438240881c651e0da0693b7486be1587e6971ca0b9eed35e9e511ab4a9e88e&amp;smart=true&amp;width=768&amp;height=1365&amp;quality=85\" media=\"(min-width: 768px)\" \/><source srcset=\"https:\/\/www.infobae.com\/resizer\/v2\/4QMH4LXHRNCQ3FSTDCBBCAJJM4.jpeg?auth=a8438240881c651e0da0693b7486be1587e6971ca0b9eed35e9e511ab4a9e88e&amp;smart=true&amp;width=577&amp;height=1026&amp;quality=85\" media=\"(min-width: 580px)\" \/><source srcset=\"https:\/\/www.infobae.com\/resizer\/v2\/4QMH4LXHRNCQ3FSTDCBBCAJJM4.jpeg?auth=a8438240881c651e0da0693b7486be1587e6971ca0b9eed35e9e511ab4a9e88e&amp;smart=true&amp;width=420&amp;height=747&amp;quality=85\" media=\"(min-width: 350px)\" \/><source srcset=\"https:\/\/www.infobae.com\/resizer\/v2\/4QMH4LXHRNCQ3FSTDCBBCAJJM4.jpeg?auth=a8438240881c651e0da0693b7486be1587e6971ca0b9eed35e9e511ab4a9e88e&amp;smart=true&amp;width=350&amp;height=622&amp;quality=85\" media=\"(min-width: 80px)\" \/><img loading=\"lazy\" decoding=\"async\" class=\"global-image\" src=\"https:\/\/www.infobae.com\/resizer\/v2\/4QMH4LXHRNCQ3FSTDCBBCAJJM4.jpeg?auth=a8438240881c651e0da0693b7486be1587e6971ca0b9eed35e9e511ab4a9e88e&amp;smart=true&amp;width=350&amp;height=622&amp;quality=85\" alt=\"El comunicado de Mauro Icardi\" width=\"738\" height=\"1325\" \/><\/picture>El comunicado de Mauro Icardi contra Wanda Nara<\/div>\n<p class=\"paragraph\" data-mrf-recirculation=\"Links inline\"><b>\u201cHace seis meses que estoy en Argentina para estar con mis hijas y las vi un solo d\u00eda\u201d<\/b>, agreg\u00f3 en letras blancas sobre un fondo negro.<\/p>\n<p class=\"paragraph\" data-mrf-recirculation=\"Links inline\">Icardi tambi\u00e9n apunt\u00f3 contra el accionar judicial de la empresaria, al asegurar que ella<b>\u00a0\u201crecusa jueces porque obviamente no le dan lo que quiere\u201d<\/b>, y denunci\u00f3 el incumplimiento de varias \u00f3rdenes dictadas por el juez a cargo del expediente. En ese sentido, sostuvo que\u00a0<b>las pericias psicol\u00f3gicas realizadas a las menores revelan que \u201crepiten lo que les dice la madre\u201d<\/b>, frase que resumi\u00f3 con una expresi\u00f3n dura:\u00a0<b>\u201cEn criollo, les quema el cerebro\u201d<\/b>.<\/p>\n<div class=\"visual__image\"><picture><source srcset=\"https:\/\/www.infobae.com\/resizer\/v2\/IKVC45JIRRHWXMR2IWGJVPN4BI.jpg?auth=bf4fa4543191a78f16217e8706779ca4343e3647c6da5b2787d766e171b3bd74&amp;smart=true&amp;width=992&amp;height=1764&amp;quality=85\" media=\"(min-width: 1000px)\" \/><source srcset=\"https:\/\/www.infobae.com\/resizer\/v2\/IKVC45JIRRHWXMR2IWGJVPN4BI.jpg?auth=bf4fa4543191a78f16217e8706779ca4343e3647c6da5b2787d766e171b3bd74&amp;smart=true&amp;width=768&amp;height=1365&amp;quality=85\" media=\"(min-width: 768px)\" \/><source srcset=\"https:\/\/www.infobae.com\/resizer\/v2\/IKVC45JIRRHWXMR2IWGJVPN4BI.jpg?auth=bf4fa4543191a78f16217e8706779ca4343e3647c6da5b2787d766e171b3bd74&amp;smart=true&amp;width=577&amp;height=1026&amp;quality=85\" media=\"(min-width: 580px)\" \/><source srcset=\"https:\/\/www.infobae.com\/resizer\/v2\/IKVC45JIRRHWXMR2IWGJVPN4BI.jpg?auth=bf4fa4543191a78f16217e8706779ca4343e3647c6da5b2787d766e171b3bd74&amp;smart=true&amp;width=420&amp;height=747&amp;quality=85\" media=\"(min-width: 350px)\" \/><source srcset=\"https:\/\/www.infobae.com\/resizer\/v2\/IKVC45JIRRHWXMR2IWGJVPN4BI.jpg?auth=bf4fa4543191a78f16217e8706779ca4343e3647c6da5b2787d766e171b3bd74&amp;smart=true&amp;width=350&amp;height=622&amp;quality=85\" media=\"(min-width: 80px)\" \/><img loading=\"lazy\" decoding=\"async\" class=\"global-image\" src=\"https:\/\/www.infobae.com\/resizer\/v2\/IKVC45JIRRHWXMR2IWGJVPN4BI.jpg?auth=bf4fa4543191a78f16217e8706779ca4343e3647c6da5b2787d766e171b3bd74&amp;smart=true&amp;width=350&amp;height=622&amp;quality=85\" alt=\"Mauro Icardi volvi\u00f3 a mencionar\" width=\"513\" height=\"900\" \/><\/picture>Mauro Icardi volvi\u00f3 a mencionar a Johnny Depp en su disputa contra Wanda Nara (Instagram)<\/div>\n<p class=\"paragraph\" data-mrf-recirculation=\"Links inline\">Otro de los puntos que gener\u00f3 malestar en el jugador del Galatasaray fue la imposibilidad de compartir momentos con sus hijas en fechas especiales.\u00a0<b>\u201cPara el cumplea\u00f1os de mi hija pude saludarla con una foto de una silueta\u201d<\/b>, escribi\u00f3, en referencia a una restricci\u00f3n que, seg\u00fan indica, le impide difundir im\u00e1genes de las ni\u00f1as mientras que, al mismo tiempo, son expuestas p\u00fablicamente en redes por su madre:<b>\u00a0\u201cExponerlas constantemente en redes cuando me hizo una denuncia para que yo no las pueda mostrar\u201d<\/b>.<\/p>\n<p class=\"paragraph\" data-mrf-recirculation=\"Links inline\">Adem\u00e1s, neg\u00f3 que exista una necesidad de revinculaci\u00f3n, dado que \u2014seg\u00fan sostuvo\u2014 nunca se perdi\u00f3 el v\u00ednculo: \u201c\u00bfRevinculaci\u00f3n piden? Para todos los que hablan al pedo,<b>\u00a0no existe ninguna revinculaci\u00f3n porque el v\u00ednculo siempre estuvo, solo es invento y capricho de la madre&#8221;<\/b>.<\/p>\n<p class=\"paragraph\" data-mrf-recirculation=\"Links inline\">En el tramo final del mensaje, Icardi volvi\u00f3 a usar la imagen de Johnny Depp para asegurar que falta poco para que termine el proceso. \u201c<b>Tic tac cada vez m\u00e1s cerca de la verdad\u201d<\/b>, escribi\u00f3.<\/p>\n<p class=\"paragraph\" data-mrf-recirculation=\"Links inline\">Luego,\u00a0<b>se tom\u00f3 el tiempo para dirigir sus cr\u00edticas al abogado defensor de su exesposa.<\/b>\u00a0Sin mencionar su nombre, lo acus\u00f3 de tener antecedentes \u201cpor estafas y abusos, y de usar supuestos contactos en la Justicia para entorpecer su situaci\u00f3n legal\u201d. \u201c\u00bfQu\u00e9 podemos esperar de un \u201cabogado\u201d estafador de ancianos, abusador de chicos, extorsionador&#8230; El mismo que me inventa denuncias en provincia donde tiene \u201camiguitos\u201d para intentar conseguir algo? \u00bfEl mismo que amenaza a mis abogadas? \u00bfUn \u201cabogado\u201d que le suspenden la matr\u00edcula ya por tercera vez?\u00a0<b>Qu\u00e9 podemos esperar de este individuo que \u201cdefiende\u201d a mis hijas. Dejan mucho que desear, tanto \u00e9l como quien lo elige para ser representado<\/b>\u201c, sentenci\u00f3.<\/p>\n<div class=\"visual__image\"><picture><source srcset=\"https:\/\/www.infobae.com\/resizer\/v2\/WIWACHZT3RFLZEILT5UV7RTNZE.png?auth=8e77af6d9e776be47a5c905361285706ade49b22749cbfddb3e3e0fdf9b63519&amp;smart=true&amp;width=992&amp;height=558&amp;quality=85\" media=\"(min-width: 1000px)\" \/><source srcset=\"https:\/\/www.infobae.com\/resizer\/v2\/WIWACHZT3RFLZEILT5UV7RTNZE.png?auth=8e77af6d9e776be47a5c905361285706ade49b22749cbfddb3e3e0fdf9b63519&amp;smart=true&amp;width=768&amp;height=432&amp;quality=85\" media=\"(min-width: 768px)\" \/><source srcset=\"https:\/\/www.infobae.com\/resizer\/v2\/WIWACHZT3RFLZEILT5UV7RTNZE.png?auth=8e77af6d9e776be47a5c905361285706ade49b22749cbfddb3e3e0fdf9b63519&amp;smart=true&amp;width=577&amp;height=325&amp;quality=85\" media=\"(min-width: 580px)\" \/><source srcset=\"https:\/\/www.infobae.com\/resizer\/v2\/WIWACHZT3RFLZEILT5UV7RTNZE.png?auth=8e77af6d9e776be47a5c905361285706ade49b22749cbfddb3e3e0fdf9b63519&amp;smart=true&amp;width=420&amp;height=236&amp;quality=85\" media=\"(min-width: 350px)\" \/><source srcset=\"https:\/\/www.infobae.com\/resizer\/v2\/WIWACHZT3RFLZEILT5UV7RTNZE.png?auth=8e77af6d9e776be47a5c905361285706ade49b22749cbfddb3e3e0fdf9b63519&amp;smart=true&amp;width=350&amp;height=197&amp;quality=85\" media=\"(min-width: 80px)\" \/><img loading=\"lazy\" decoding=\"async\" class=\"global-image\" src=\"https:\/\/www.infobae.com\/resizer\/v2\/WIWACHZT3RFLZEILT5UV7RTNZE.png?auth=8e77af6d9e776be47a5c905361285706ade49b22749cbfddb3e3e0fdf9b63519&amp;smart=true&amp;width=350&amp;height=197&amp;quality=85\" alt=\"Mauro Icardi contra el defensor\" width=\"1920\" height=\"1080\" \/><\/picture>Mauro Icardi contra el defensor de menores de sus hijas (Instagram)<\/div>\n<p class=\"paragraph\" data-mrf-recirculation=\"Links inline\"><b>Horas despu\u00e9s volvi\u00f3 a la carga contra uno de los letrados de Wanda,<\/b>\u00a0al publicar las fuertes palabras que supuestamente le habr\u00eda mandado a la China Su\u00e1rez a trav\u00e9s de mensajes privados. \u201cMuy despechado el peladito\u201d, coment\u00f3 el jugador en sus redes.<\/p>\n<div class=\"second-saved-buttons\">\n<div class=\"body-share-note\"><\/div>\n<\/div>\n","protected":false},"excerpt":{"rendered":"<p>Horas despu\u00e9s de que la China Su\u00e1rez contestara a las cr\u00edticas en su cuenta de Instagram, el futbolista tambi\u00e9n recurri\u00f3 a sus historias para dar su versi\u00f3n de los hechos A trav\u00e9s de un extenso descargo publicado en sus redes sociales,\u00a0Mauro Icardi\u00a0se mostr\u00f3 furioso por la situaci\u00f3n que atraviesa con\u00a0Wanda Nara, madre de sus dos [&hellip;]<\/p>\n","protected":false},"author":1,"featured_media":762,"comment_status":"open","ping_status":"open","sticky":false,"template":"","format":"standard","meta":{"rop_custom_images_group":[],"rop_custom_messages_group":[],"rop_publish_now":"initial","rop_publish_now_accounts":[],"rop_publish_now_history":[],"rop_publish_now_status":"pending","footnotes":"","jetpack_publicize_message":"","jetpack_publicize_feature_enabled":true,"jetpack_social_post_already_shared":true,"jetpack_social_options":{"image_generator_settings":{"template":"highway","enabled":false},"version":2}},"categories":[12],"tags":[],"class_list":{"0":"post-759","1":"post","2":"type-post","3":"status-publish","4":"format-standard","5":"has-post-thumbnail","7":"category-espectaculos"},"jetpack_publicize_connections":[],"yoast_head":"<!-- This site is optimized with the Yoast SEO plugin v27.3 - https:\/\/yoast.com\/product\/yoast-seo-wordpress\/ -->\n<title>Mauro Icardi arremeti\u00f3 contra Wanda Nara con un extenso comunicado en las redes: \u201cSacando las caretas\u201d - CLAN ESPECTACULOS<\/title>\n<meta name=\"robots\" content=\"index, follow, max-snippet:-1, max-image-preview:large, max-video-preview:-1\" \/>\n<link rel=\"canonical\" href=\"https:\/\/radioclanfm.com\/clanespectaculos\/mauro-icardi-arremetio-contra-wanda-nara-con-un-extenso-comunicado-en-las-redes-sacando-las-caretas\/\" \/>\n<meta property=\"og:locale\" content=\"es_ES\" \/>\n<meta property=\"og:type\" content=\"article\" \/>\n<meta property=\"og:title\" content=\"Mauro Icardi arremeti\u00f3 contra Wanda Nara con un extenso comunicado en las redes: \u201cSacando las caretas\u201d - CLAN ESPECTACULOS\" \/>\n<meta property=\"og:description\" content=\"Horas despu\u00e9s de que la China Su\u00e1rez contestara a las cr\u00edticas en su cuenta de Instagram, el futbolista tambi\u00e9n recurri\u00f3 a sus historias para dar su versi\u00f3n de los hechos A trav\u00e9s de un extenso descargo publicado en sus redes sociales,\u00a0Mauro Icardi\u00a0se mostr\u00f3 furioso por la situaci\u00f3n que atraviesa con\u00a0Wanda Nara, madre de sus dos [&hellip;]\" \/>\n<meta property=\"og:url\" content=\"https:\/\/radioclanfm.com\/clanespectaculos\/mauro-icardi-arremetio-contra-wanda-nara-con-un-extenso-comunicado-en-las-redes-sacando-las-caretas\/\" \/>\n<meta property=\"og:site_name\" content=\"CLAN ESPECTACULOS\" \/>\n<meta property=\"article:publisher\" content=\"https:\/\/www.facebook.com\/clanespectaculos\/\" \/>\n<meta property=\"article:published_time\" content=\"2025-05-21T15:20:05+00:00\" \/>\n<meta property=\"og:image\" content=\"https:\/\/radioclanfm.com\/clanespectaculos\/wp-content\/uploads\/sites\/2\/2025\/05\/T_j6ieOz.jpg\" \/>\n\t<meta property=\"og:image:width\" content=\"900\" \/>\n\t<meta property=\"og:image:height\" content=\"450\" \/>\n\t<meta property=\"og:image:type\" content=\"image\/jpeg\" \/>\n<meta name=\"author\" content=\"E-GRUPOCLAN\" \/>\n<meta name=\"twitter:card\" content=\"summary_large_image\" \/>\n<meta name=\"twitter:creator\" content=\"@clanespectok\" \/>\n<meta name=\"twitter:site\" content=\"@clanespectok\" \/>\n<meta name=\"twitter:label1\" content=\"Escrito por\" \/>\n\t<meta name=\"twitter:data1\" content=\"E-GRUPOCLAN\" \/>\n\t<meta name=\"twitter:label2\" content=\"Tiempo de lectura\" \/>\n\t<meta name=\"twitter:data2\" content=\"4 minutos\" \/>\n<script type=\"application\/ld+json\" class=\"yoast-schema-graph\">{\"@context\":\"https:\\\/\\\/schema.org\",\"@graph\":[{\"@type\":\"Article\",\"@id\":\"https:\\\/\\\/radioclanfm.com\\\/clanespectaculos\\\/mauro-icardi-arremetio-contra-wanda-nara-con-un-extenso-comunicado-en-las-redes-sacando-las-caretas\\\/#article\",\"isPartOf\":{\"@id\":\"https:\\\/\\\/radioclanfm.com\\\/clanespectaculos\\\/mauro-icardi-arremetio-contra-wanda-nara-con-un-extenso-comunicado-en-las-redes-sacando-las-caretas\\\/\"},\"author\":{\"name\":\"E-GRUPOCLAN\",\"@id\":\"https:\\\/\\\/radioclanfm.com\\\/clanespectaculos\\\/#\\\/schema\\\/person\\\/9734813083303230f3ad84d99171b20c\"},\"headline\":\"Mauro Icardi arremeti\u00f3 contra Wanda Nara con un extenso comunicado en las redes: \u201cSacando las caretas\u201d\",\"datePublished\":\"2025-05-21T15:20:05+00:00\",\"mainEntityOfPage\":{\"@id\":\"https:\\\/\\\/radioclanfm.com\\\/clanespectaculos\\\/mauro-icardi-arremetio-contra-wanda-nara-con-un-extenso-comunicado-en-las-redes-sacando-las-caretas\\\/\"},\"wordCount\":824,\"commentCount\":0,\"publisher\":{\"@id\":\"https:\\\/\\\/radioclanfm.com\\\/clanespectaculos\\\/#organization\"},\"image\":{\"@id\":\"https:\\\/\\\/radioclanfm.com\\\/clanespectaculos\\\/mauro-icardi-arremetio-contra-wanda-nara-con-un-extenso-comunicado-en-las-redes-sacando-las-caretas\\\/#primaryimage\"},\"thumbnailUrl\":\"https:\\\/\\\/radioclanfm.com\\\/clanespectaculos\\\/wp-content\\\/uploads\\\/sites\\\/2\\\/2025\\\/05\\\/T_j6ieOz.jpg\",\"articleSection\":[\"Espectaculos\"],\"inLanguage\":\"es-AR\",\"potentialAction\":[{\"@type\":\"CommentAction\",\"name\":\"Comment\",\"target\":[\"https:\\\/\\\/radioclanfm.com\\\/clanespectaculos\\\/mauro-icardi-arremetio-contra-wanda-nara-con-un-extenso-comunicado-en-las-redes-sacando-las-caretas\\\/#respond\"]}]},{\"@type\":\"WebPage\",\"@id\":\"https:\\\/\\\/radioclanfm.com\\\/clanespectaculos\\\/mauro-icardi-arremetio-contra-wanda-nara-con-un-extenso-comunicado-en-las-redes-sacando-las-caretas\\\/\",\"url\":\"https:\\\/\\\/radioclanfm.com\\\/clanespectaculos\\\/mauro-icardi-arremetio-contra-wanda-nara-con-un-extenso-comunicado-en-las-redes-sacando-las-caretas\\\/\",\"name\":\"Mauro Icardi arremeti\u00f3 contra Wanda Nara con un extenso comunicado en las redes: \u201cSacando las caretas\u201d - CLAN ESPECTACULOS\",\"isPartOf\":{\"@id\":\"https:\\\/\\\/radioclanfm.com\\\/clanespectaculos\\\/#website\"},\"primaryImageOfPage\":{\"@id\":\"https:\\\/\\\/radioclanfm.com\\\/clanespectaculos\\\/mauro-icardi-arremetio-contra-wanda-nara-con-un-extenso-comunicado-en-las-redes-sacando-las-caretas\\\/#primaryimage\"},\"image\":{\"@id\":\"https:\\\/\\\/radioclanfm.com\\\/clanespectaculos\\\/mauro-icardi-arremetio-contra-wanda-nara-con-un-extenso-comunicado-en-las-redes-sacando-las-caretas\\\/#primaryimage\"},\"thumbnailUrl\":\"https:\\\/\\\/radioclanfm.com\\\/clanespectaculos\\\/wp-content\\\/uploads\\\/sites\\\/2\\\/2025\\\/05\\\/T_j6ieOz.jpg\",\"datePublished\":\"2025-05-21T15:20:05+00:00\",\"breadcrumb\":{\"@id\":\"https:\\\/\\\/radioclanfm.com\\\/clanespectaculos\\\/mauro-icardi-arremetio-contra-wanda-nara-con-un-extenso-comunicado-en-las-redes-sacando-las-caretas\\\/#breadcrumb\"},\"inLanguage\":\"es-AR\",\"potentialAction\":[{\"@type\":\"ReadAction\",\"target\":[\"https:\\\/\\\/radioclanfm.com\\\/clanespectaculos\\\/mauro-icardi-arremetio-contra-wanda-nara-con-un-extenso-comunicado-en-las-redes-sacando-las-caretas\\\/\"]}]},{\"@type\":\"ImageObject\",\"inLanguage\":\"es-AR\",\"@id\":\"https:\\\/\\\/radioclanfm.com\\\/clanespectaculos\\\/mauro-icardi-arremetio-contra-wanda-nara-con-un-extenso-comunicado-en-las-redes-sacando-las-caretas\\\/#primaryimage\",\"url\":\"https:\\\/\\\/radioclanfm.com\\\/clanespectaculos\\\/wp-content\\\/uploads\\\/sites\\\/2\\\/2025\\\/05\\\/T_j6ieOz.jpg\",\"contentUrl\":\"https:\\\/\\\/radioclanfm.com\\\/clanespectaculos\\\/wp-content\\\/uploads\\\/sites\\\/2\\\/2025\\\/05\\\/T_j6ieOz.jpg\",\"width\":900,\"height\":450},{\"@type\":\"BreadcrumbList\",\"@id\":\"https:\\\/\\\/radioclanfm.com\\\/clanespectaculos\\\/mauro-icardi-arremetio-contra-wanda-nara-con-un-extenso-comunicado-en-las-redes-sacando-las-caretas\\\/#breadcrumb\",\"itemListElement\":[{\"@type\":\"ListItem\",\"position\":1,\"name\":\"Inicio\",\"item\":\"https:\\\/\\\/radioclanfm.com\\\/clanespectaculos\\\/\"},{\"@type\":\"ListItem\",\"position\":2,\"name\":\"Mauro Icardi arremeti\u00f3 contra Wanda Nara con un extenso comunicado en las redes: \u201cSacando las caretas\u201d\"}]},{\"@type\":\"WebSite\",\"@id\":\"https:\\\/\\\/radioclanfm.com\\\/clanespectaculos\\\/#website\",\"url\":\"https:\\\/\\\/radioclanfm.com\\\/clanespectaculos\\\/\",\"name\":\"CLAN ESPECTACULOS\",\"description\":\"\",\"publisher\":{\"@id\":\"https:\\\/\\\/radioclanfm.com\\\/clanespectaculos\\\/#organization\"},\"potentialAction\":[{\"@type\":\"SearchAction\",\"target\":{\"@type\":\"EntryPoint\",\"urlTemplate\":\"https:\\\/\\\/radioclanfm.com\\\/clanespectaculos\\\/?s={search_term_string}\"},\"query-input\":{\"@type\":\"PropertyValueSpecification\",\"valueRequired\":true,\"valueName\":\"search_term_string\"}}],\"inLanguage\":\"es-AR\"},{\"@type\":\"Organization\",\"@id\":\"https:\\\/\\\/radioclanfm.com\\\/clanespectaculos\\\/#organization\",\"name\":\"CLAN ESPECTACULOS\",\"url\":\"https:\\\/\\\/radioclanfm.com\\\/clanespectaculos\\\/\",\"logo\":{\"@type\":\"ImageObject\",\"inLanguage\":\"es-AR\",\"@id\":\"https:\\\/\\\/radioclanfm.com\\\/clanespectaculos\\\/#\\\/schema\\\/logo\\\/image\\\/\",\"url\":\"https:\\\/\\\/radioclanfm.com\\\/clanespectaculos\\\/wp-content\\\/uploads\\\/sites\\\/2\\\/2026\\\/04\\\/ChatGPT-Image-23-mar-2026-10_09_00.png\",\"contentUrl\":\"https:\\\/\\\/radioclanfm.com\\\/clanespectaculos\\\/wp-content\\\/uploads\\\/sites\\\/2\\\/2026\\\/04\\\/ChatGPT-Image-23-mar-2026-10_09_00.png\",\"width\":1024,\"height\":1024,\"caption\":\"CLAN ESPECTACULOS\"},\"image\":{\"@id\":\"https:\\\/\\\/radioclanfm.com\\\/clanespectaculos\\\/#\\\/schema\\\/logo\\\/image\\\/\"},\"sameAs\":[\"https:\\\/\\\/www.facebook.com\\\/clanespectaculos\\\/\",\"https:\\\/\\\/x.com\\\/clanespectok\"]},{\"@type\":\"Person\",\"@id\":\"https:\\\/\\\/radioclanfm.com\\\/clanespectaculos\\\/#\\\/schema\\\/person\\\/9734813083303230f3ad84d99171b20c\",\"name\":\"E-GRUPOCLAN\",\"image\":{\"@type\":\"ImageObject\",\"inLanguage\":\"es-AR\",\"@id\":\"https:\\\/\\\/secure.gravatar.com\\\/avatar\\\/af6e19837c3d6a212034a48c7b3818d2ac1826f6025df0155da5a186ad321d79?s=96&d=mm&r=g\",\"url\":\"https:\\\/\\\/secure.gravatar.com\\\/avatar\\\/af6e19837c3d6a212034a48c7b3818d2ac1826f6025df0155da5a186ad321d79?s=96&d=mm&r=g\",\"contentUrl\":\"https:\\\/\\\/secure.gravatar.com\\\/avatar\\\/af6e19837c3d6a212034a48c7b3818d2ac1826f6025df0155da5a186ad321d79?s=96&d=mm&r=g\",\"caption\":\"E-GRUPOCLAN\"},\"sameAs\":[\"https:\\\/\\\/radioclanfm.com\"],\"url\":\"https:\\\/\\\/radioclanfm.com\\\/clanespectaculos\\\/author\\\/admin\\\/\"}]}<\/script>\n<!-- \/ Yoast SEO plugin. -->","yoast_head_json":{"title":"Mauro Icardi arremeti\u00f3 contra Wanda Nara con un extenso comunicado en las redes: \u201cSacando las caretas\u201d - CLAN ESPECTACULOS","robots":{"index":"index","follow":"follow","max-snippet":"max-snippet:-1","max-image-preview":"max-image-preview:large","max-video-preview":"max-video-preview:-1"},"canonical":"https:\/\/radioclanfm.com\/clanespectaculos\/mauro-icardi-arremetio-contra-wanda-nara-con-un-extenso-comunicado-en-las-redes-sacando-las-caretas\/","og_locale":"es_ES","og_type":"article","og_title":"Mauro Icardi arremeti\u00f3 contra Wanda Nara con un extenso comunicado en las redes: \u201cSacando las caretas\u201d - CLAN ESPECTACULOS","og_description":"Horas despu\u00e9s de que la China Su\u00e1rez contestara a las cr\u00edticas en su cuenta de Instagram, el futbolista tambi\u00e9n recurri\u00f3 a sus historias para dar su versi\u00f3n de los hechos A trav\u00e9s de un extenso descargo publicado en sus redes sociales,\u00a0Mauro Icardi\u00a0se mostr\u00f3 furioso por la situaci\u00f3n que atraviesa con\u00a0Wanda Nara, madre de sus dos [&hellip;]","og_url":"https:\/\/radioclanfm.com\/clanespectaculos\/mauro-icardi-arremetio-contra-wanda-nara-con-un-extenso-comunicado-en-las-redes-sacando-las-caretas\/","og_site_name":"CLAN ESPECTACULOS","article_publisher":"https:\/\/www.facebook.com\/clanespectaculos\/","article_published_time":"2025-05-21T15:20:05+00:00","og_image":[{"width":900,"height":450,"url":"https:\/\/radioclanfm.com\/clanespectaculos\/wp-content\/uploads\/sites\/2\/2025\/05\/T_j6ieOz.jpg","type":"image\/jpeg"}],"author":"E-GRUPOCLAN","twitter_card":"summary_large_image","twitter_creator":"@clanespectok","twitter_site":"@clanespectok","twitter_misc":{"Escrito por":"E-GRUPOCLAN","Tiempo de lectura":"4 minutos"},"schema":{"@context":"https:\/\/schema.org","@graph":[{"@type":"Article","@id":"https:\/\/radioclanfm.com\/clanespectaculos\/mauro-icardi-arremetio-contra-wanda-nara-con-un-extenso-comunicado-en-las-redes-sacando-las-caretas\/#article","isPartOf":{"@id":"https:\/\/radioclanfm.com\/clanespectaculos\/mauro-icardi-arremetio-contra-wanda-nara-con-un-extenso-comunicado-en-las-redes-sacando-las-caretas\/"},"author":{"name":"E-GRUPOCLAN","@id":"https:\/\/radioclanfm.com\/clanespectaculos\/#\/schema\/person\/9734813083303230f3ad84d99171b20c"},"headline":"Mauro Icardi arremeti\u00f3 contra Wanda Nara con un extenso comunicado en las redes: \u201cSacando las caretas\u201d","datePublished":"2025-05-21T15:20:05+00:00","mainEntityOfPage":{"@id":"https:\/\/radioclanfm.com\/clanespectaculos\/mauro-icardi-arremetio-contra-wanda-nara-con-un-extenso-comunicado-en-las-redes-sacando-las-caretas\/"},"wordCount":824,"commentCount":0,"publisher":{"@id":"https:\/\/radioclanfm.com\/clanespectaculos\/#organization"},"image":{"@id":"https:\/\/radioclanfm.com\/clanespectaculos\/mauro-icardi-arremetio-contra-wanda-nara-con-un-extenso-comunicado-en-las-redes-sacando-las-caretas\/#primaryimage"},"thumbnailUrl":"https:\/\/radioclanfm.com\/clanespectaculos\/wp-content\/uploads\/sites\/2\/2025\/05\/T_j6ieOz.jpg","articleSection":["Espectaculos"],"inLanguage":"es-AR","potentialAction":[{"@type":"CommentAction","name":"Comment","target":["https:\/\/radioclanfm.com\/clanespectaculos\/mauro-icardi-arremetio-contra-wanda-nara-con-un-extenso-comunicado-en-las-redes-sacando-las-caretas\/#respond"]}]},{"@type":"WebPage","@id":"https:\/\/radioclanfm.com\/clanespectaculos\/mauro-icardi-arremetio-contra-wanda-nara-con-un-extenso-comunicado-en-las-redes-sacando-las-caretas\/","url":"https:\/\/radioclanfm.com\/clanespectaculos\/mauro-icardi-arremetio-contra-wanda-nara-con-un-extenso-comunicado-en-las-redes-sacando-las-caretas\/","name":"Mauro Icardi arremeti\u00f3 contra Wanda Nara con un extenso comunicado en las redes: \u201cSacando las caretas\u201d - CLAN ESPECTACULOS","isPartOf":{"@id":"https:\/\/radioclanfm.com\/clanespectaculos\/#website"},"primaryImageOfPage":{"@id":"https:\/\/radioclanfm.com\/clanespectaculos\/mauro-icardi-arremetio-contra-wanda-nara-con-un-extenso-comunicado-en-las-redes-sacando-las-caretas\/#primaryimage"},"image":{"@id":"https:\/\/radioclanfm.com\/clanespectaculos\/mauro-icardi-arremetio-contra-wanda-nara-con-un-extenso-comunicado-en-las-redes-sacando-las-caretas\/#primaryimage"},"thumbnailUrl":"https:\/\/radioclanfm.com\/clanespectaculos\/wp-content\/uploads\/sites\/2\/2025\/05\/T_j6ieOz.jpg","datePublished":"2025-05-21T15:20:05+00:00","breadcrumb":{"@id":"https:\/\/radioclanfm.com\/clanespectaculos\/mauro-icardi-arremetio-contra-wanda-nara-con-un-extenso-comunicado-en-las-redes-sacando-las-caretas\/#breadcrumb"},"inLanguage":"es-AR","potentialAction":[{"@type":"ReadAction","target":["https:\/\/radioclanfm.com\/clanespectaculos\/mauro-icardi-arremetio-contra-wanda-nara-con-un-extenso-comunicado-en-las-redes-sacando-las-caretas\/"]}]},{"@type":"ImageObject","inLanguage":"es-AR","@id":"https:\/\/radioclanfm.com\/clanespectaculos\/mauro-icardi-arremetio-contra-wanda-nara-con-un-extenso-comunicado-en-las-redes-sacando-las-caretas\/#primaryimage","url":"https:\/\/radioclanfm.com\/clanespectaculos\/wp-content\/uploads\/sites\/2\/2025\/05\/T_j6ieOz.jpg","contentUrl":"https:\/\/radioclanfm.com\/clanespectaculos\/wp-content\/uploads\/sites\/2\/2025\/05\/T_j6ieOz.jpg","width":900,"height":450},{"@type":"BreadcrumbList","@id":"https:\/\/radioclanfm.com\/clanespectaculos\/mauro-icardi-arremetio-contra-wanda-nara-con-un-extenso-comunicado-en-las-redes-sacando-las-caretas\/#breadcrumb","itemListElement":[{"@type":"ListItem","position":1,"name":"Inicio","item":"https:\/\/radioclanfm.com\/clanespectaculos\/"},{"@type":"ListItem","position":2,"name":"Mauro Icardi arremeti\u00f3 contra Wanda Nara con un extenso comunicado en las redes: \u201cSacando las caretas\u201d"}]},{"@type":"WebSite","@id":"https:\/\/radioclanfm.com\/clanespectaculos\/#website","url":"https:\/\/radioclanfm.com\/clanespectaculos\/","name":"CLAN ESPECTACULOS","description":"","publisher":{"@id":"https:\/\/radioclanfm.com\/clanespectaculos\/#organization"},"potentialAction":[{"@type":"SearchAction","target":{"@type":"EntryPoint","urlTemplate":"https:\/\/radioclanfm.com\/clanespectaculos\/?s={search_term_string}"},"query-input":{"@type":"PropertyValueSpecification","valueRequired":true,"valueName":"search_term_string"}}],"inLanguage":"es-AR"},{"@type":"Organization","@id":"https:\/\/radioclanfm.com\/clanespectaculos\/#organization","name":"CLAN ESPECTACULOS","url":"https:\/\/radioclanfm.com\/clanespectaculos\/","logo":{"@type":"ImageObject","inLanguage":"es-AR","@id":"https:\/\/radioclanfm.com\/clanespectaculos\/#\/schema\/logo\/image\/","url":"https:\/\/radioclanfm.com\/clanespectaculos\/wp-content\/uploads\/sites\/2\/2026\/04\/ChatGPT-Image-23-mar-2026-10_09_00.png","contentUrl":"https:\/\/radioclanfm.com\/clanespectaculos\/wp-content\/uploads\/sites\/2\/2026\/04\/ChatGPT-Image-23-mar-2026-10_09_00.png","width":1024,"height":1024,"caption":"CLAN ESPECTACULOS"},"image":{"@id":"https:\/\/radioclanfm.com\/clanespectaculos\/#\/schema\/logo\/image\/"},"sameAs":["https:\/\/www.facebook.com\/clanespectaculos\/","https:\/\/x.com\/clanespectok"]},{"@type":"Person","@id":"https:\/\/radioclanfm.com\/clanespectaculos\/#\/schema\/person\/9734813083303230f3ad84d99171b20c","name":"E-GRUPOCLAN","image":{"@type":"ImageObject","inLanguage":"es-AR","@id":"https:\/\/secure.gravatar.com\/avatar\/af6e19837c3d6a212034a48c7b3818d2ac1826f6025df0155da5a186ad321d79?s=96&d=mm&r=g","url":"https:\/\/secure.gravatar.com\/avatar\/af6e19837c3d6a212034a48c7b3818d2ac1826f6025df0155da5a186ad321d79?s=96&d=mm&r=g","contentUrl":"https:\/\/secure.gravatar.com\/avatar\/af6e19837c3d6a212034a48c7b3818d2ac1826f6025df0155da5a186ad321d79?s=96&d=mm&r=g","caption":"E-GRUPOCLAN"},"sameAs":["https:\/\/radioclanfm.com"],"url":"https:\/\/radioclanfm.com\/clanespectaculos\/author\/admin\/"}]}},"_links":{"self":[{"href":"https:\/\/radioclanfm.com\/clanespectaculos\/wp-json\/wp\/v2\/posts\/759","targetHints":{"allow":["GET"]}}],"collection":[{"href":"https:\/\/radioclanfm.com\/clanespectaculos\/wp-json\/wp\/v2\/posts"}],"about":[{"href":"https:\/\/radioclanfm.com\/clanespectaculos\/wp-json\/wp\/v2\/types\/post"}],"author":[{"embeddable":true,"href":"https:\/\/radioclanfm.com\/clanespectaculos\/wp-json\/wp\/v2\/users\/1"}],"replies":[{"embeddable":true,"href":"https:\/\/radioclanfm.com\/clanespectaculos\/wp-json\/wp\/v2\/comments?post=759"}],"version-history":[{"count":1,"href":"https:\/\/radioclanfm.com\/clanespectaculos\/wp-json\/wp\/v2\/posts\/759\/revisions"}],"predecessor-version":[{"id":763,"href":"https:\/\/radioclanfm.com\/clanespectaculos\/wp-json\/wp\/v2\/posts\/759\/revisions\/763"}],"wp:featuredmedia":[{"embeddable":true,"href":"https:\/\/radioclanfm.com\/clanespectaculos\/wp-json\/wp\/v2\/media\/762"}],"wp:attachment":[{"href":"https:\/\/radioclanfm.com\/clanespectaculos\/wp-json\/wp\/v2\/media?parent=759"}],"wp:term":[{"taxonomy":"category","embeddable":true,"href":"https:\/\/radioclanfm.com\/clanespectaculos\/wp-json\/wp\/v2\/categories?post=759"},{"taxonomy":"post_tag","embeddable":true,"href":"https:\/\/radioclanfm.com\/clanespectaculos\/wp-json\/wp\/v2\/tags?post=759"}],"curies":[{"name":"wp","href":"https:\/\/api.w.org\/{rel}","templated":true}]}}