{"id":534,"date":"2025-05-13T13:20:47","date_gmt":"2025-05-13T16:20:47","guid":{"rendered":"https:\/\/radioclanfm.com\/clanespectaculos\/?p=534"},"modified":"2025-05-13T13:24:14","modified_gmt":"2025-05-13T16:24:14","slug":"mariana-brey-celebro-su-cumpleanos-con-una-fiesta-llena-de-famosos-las-fotos","status":"publish","type":"post","link":"https:\/\/radioclanfm.com\/clanespectaculos\/mariana-brey-celebro-su-cumpleanos-con-una-fiesta-llena-de-famosos-las-fotos\/","title":{"rendered":"Mariana Brey celebr\u00f3 su cumplea\u00f1os con una fiesta llena de famosos: las fotos"},"content":{"rendered":"<div class=\"col-content\">\n<p>&nbsp;<\/p>\n<div class=\"default-article-color article__body article__article\">\n<p class=\"paragraph font__body-regular\">Este s\u00e1bado,<b>\u00a0<\/b><b>Mariana Brey<\/b><b>\u00a0festej\u00f3 su cumplea\u00f1os n\u00famero 47\u00a0<\/b>rodeada de sus seres queridos, amigos y reconocidas personalidades del espect\u00e1culo en un exclusivo restaurante del Hip\u00f3dromo de Palermo.<\/p>\n<div class=\"AV67f93cf033780503b00636a7\">\n<div id=\"aniBox\">\n<div id=\"aniplayer_AV67f93cf033780503b00636a7-1747153193382\">\n<div id=\"aniplayer_AV67f93cf033780503b00636a7-1747153193382gui\">\n<div id=\"av-caption\">\n<div id=\"av-close-btn-overlay\" class=\"av-pos-top-left\"><\/div>\n<\/div>\n<\/div>\n<\/div>\n<\/div>\n<\/div>\n<div id=\"ad-slot-infeed\" class=\"infeed-container ad-slot-infeed ad-slot\" data-adtype=\"infeed\" data-google-query-id=\"COHrwuvsoI0DFY9R3QIdgKMQfw\">\n<div id=\"google_ads_iframe_\/113951150\/tn-arc\/nota\/infeed_0__container__\"><\/div>\n<\/div>\n<p class=\"paragraph font__body-regular\">El evento, que\u00a0<b>estuvo coordinado por el equipo de Jecan<\/b>, reuni\u00f3 a figuras cercanas a la panelista, incluyendo a su familia, su ex pareja Pablo Melillo, y varios referentes del ambiente art\u00edstico.<\/p>\n<figure class=\"\" data-testid=\"figure-testid\">\n<div class=\"aspect_ratio__container\"><picture class=\"responsive-image\"><source srcset=\"https:\/\/tn.com.ar\/resizer\/v2\/mariana-brey-festejo-sus-47-anos-foto-movilpress-XFGE2MRQZBD37OMRJDFZREVHOI.png?auth=c1affc14bd988bd75ae779d621fde28eb4d46dfafe4506e28d2f88f027d2e139&amp;width=767\" type=\"image\/jpg\" media=\"(max-width: 728px)\" \/><source srcset=\"https:\/\/tn.com.ar\/resizer\/v2\/mariana-brey-festejo-sus-47-anos-foto-movilpress-XFGE2MRQZBD37OMRJDFZREVHOI.png?auth=c1affc14bd988bd75ae779d621fde28eb4d46dfafe4506e28d2f88f027d2e139&amp;width=1023\" type=\"image\/jpg\" media=\"(max-width: 1023px)\" \/><source srcset=\"https:\/\/tn.com.ar\/resizer\/v2\/mariana-brey-festejo-sus-47-anos-foto-movilpress-XFGE2MRQZBD37OMRJDFZREVHOI.png?auth=c1affc14bd988bd75ae779d621fde28eb4d46dfafe4506e28d2f88f027d2e139&amp;width=1440\" type=\"image\/jpg\" \/><img loading=\"lazy\" decoding=\"async\" class=\"image content-image image_placeholder\" src=\"https:\/\/tn.com.ar\/resizer\/v2\/mariana-brey-festejo-sus-47-anos-foto-movilpress-XFGE2MRQZBD37OMRJDFZREVHOI.png?auth=c1affc14bd988bd75ae779d621fde28eb4d46dfafe4506e28d2f88f027d2e139&amp;width=767\" alt=\"Mariana Brey festej\u00f3 sus 47 a\u00f1os (Foto: Movilpress)\" width=\"767\" height=\"1035\" data-testid=\"loading-testid\" \/><\/picture><\/div><figcaption class=\"caption_image\" data-testid=\"figcaption-testid\">\n<div class=\"image_caption \">Mariana Brey festej\u00f3 sus 47 a\u00f1os (Foto: Movilpress)<\/div>\n<\/figcaption><\/figure>\n<p class=\"paragraph font__body-regular\">Entre los invitados estuvieron \u00c1ngel de Brito, Carolina Molinari, P\u00eda Shaw, Virginia Gallardo, Nancy Dur\u00e9 y Guido Zaffora, entre otros.<\/p>\n<figure class=\"\" data-testid=\"figure-testid\">\n<div class=\"aspect_ratio__container\"><picture class=\"responsive-image\"><source srcset=\"https:\/\/tn.com.ar\/resizer\/v2\/los-famosos-no-se-perdieron-el-cumpleanos-de-mariana-brey-foto-movilpress-FWSI5YO3TBDVBCYEVIG7MECD2A.png?auth=673e5e519cdc2d72acd2f78cbada9811034238df50addf669871ed6e8567b073&amp;width=767\" type=\"image\/jpg\" media=\"(max-width: 728px)\" \/><source srcset=\"https:\/\/tn.com.ar\/resizer\/v2\/los-famosos-no-se-perdieron-el-cumpleanos-de-mariana-brey-foto-movilpress-FWSI5YO3TBDVBCYEVIG7MECD2A.png?auth=673e5e519cdc2d72acd2f78cbada9811034238df50addf669871ed6e8567b073&amp;width=1023\" type=\"image\/jpg\" media=\"(max-width: 1023px)\" \/><source srcset=\"https:\/\/tn.com.ar\/resizer\/v2\/los-famosos-no-se-perdieron-el-cumpleanos-de-mariana-brey-foto-movilpress-FWSI5YO3TBDVBCYEVIG7MECD2A.png?auth=673e5e519cdc2d72acd2f78cbada9811034238df50addf669871ed6e8567b073&amp;width=1440\" type=\"image\/jpg\" \/><img loading=\"lazy\" decoding=\"async\" class=\"image content-image image_placeholder\" src=\"https:\/\/tn.com.ar\/resizer\/v2\/los-famosos-no-se-perdieron-el-cumpleanos-de-mariana-brey-foto-movilpress-FWSI5YO3TBDVBCYEVIG7MECD2A.png?auth=673e5e519cdc2d72acd2f78cbada9811034238df50addf669871ed6e8567b073&amp;width=767\" alt=\"Los famosos no se perdieron el cumplea\u00f1os de Mariana Brey (Foto: Movilpress)\" width=\"767\" height=\"466\" data-testid=\"loading-testid\" \/><\/picture><\/div><figcaption class=\"caption_image\" data-testid=\"figcaption-testid\">\n<div class=\"image_caption \">Los famosos no se perdieron el cumplea\u00f1os de Mariana Brey (Foto: Movilpress)<\/div>\n<div><\/div>\n<\/figcaption><\/figure>\n<h2><img loading=\"lazy\" decoding=\"async\" class=\"alignnone size-full wp-image-539\" src=\"https:\/\/radioclanfm.com\/clanespectaculos\/wp-content\/uploads\/sites\/2\/2025\/05\/BREY.01.jpg\" alt=\"\" width=\"1293\" height=\"1084\" srcset=\"https:\/\/radioclanfm.com\/clanespectaculos\/wp-content\/uploads\/sites\/2\/2025\/05\/BREY.01.jpg 1293w, https:\/\/radioclanfm.com\/clanespectaculos\/wp-content\/uploads\/sites\/2\/2025\/05\/BREY.01-300x252.jpg 300w, https:\/\/radioclanfm.com\/clanespectaculos\/wp-content\/uploads\/sites\/2\/2025\/05\/BREY.01-1024x858.jpg 1024w, https:\/\/radioclanfm.com\/clanespectaculos\/wp-content\/uploads\/sites\/2\/2025\/05\/BREY.01-768x644.jpg 768w, https:\/\/radioclanfm.com\/clanespectaculos\/wp-content\/uploads\/sites\/2\/2025\/05\/BREY.01-150x126.jpg 150w, https:\/\/radioclanfm.com\/clanespectaculos\/wp-content\/uploads\/sites\/2\/2025\/05\/BREY.01-696x583.jpg 696w, https:\/\/radioclanfm.com\/clanespectaculos\/wp-content\/uploads\/sites\/2\/2025\/05\/BREY.01-1068x895.jpg 1068w\" sizes=\"auto, (max-width: 1293px) 100vw, 1293px\" \/><\/h2>\n<h2 class=\"font--primary font__display\">Mariana Brey desminti\u00f3 los rumores de romance con Javier Milei: \u201cEs absurdo\u201d<\/h2>\n<p class=\"paragraph font__body-regular\"><b>A fines de abril, Mariana Brey desminti\u00f3 los rumores de romance con Javier Milei<\/b>. La periodista dio una nota para\u00a0<i>Puro Show (eltrece)<\/i>\u00a0en la que respondi\u00f3 las versiones que circularon en las \u00faltimas horas.<\/p>\n<p class=\"paragraph font__body-regular\"><b>\u201cEs absurdo absolutamente\u201d<\/b>, expres\u00f3 en un m\u00f3vil que hizo para el programa y apunt\u00f3 contra las personas que instalaron que ella tendr\u00eda una relaci\u00f3n amorosa con el presidente.<\/p>\n<p class=\"paragraph font__body-regular\">\u201cEs ins\u00f3lito, es mentiroso, es obsceno.\u00a0<b>Es todo lo que est\u00e1 mal<\/b>\u201d, manifest\u00f3 luego de que el cronista Walle Leiva le preguntara por la versi\u00f3n que circul\u00f3 de que es \u201cuna amiga un poco m\u00e1s cercana\u201d de Milei.<\/p>\n<\/div>\n<p>&nbsp;<\/p>\n<\/div>\n<aside class=\"col-right-rail right-rail\">\n<div id=\"parent-ad-slot-caja\" class=\"ad-container caja_ad \">\n<div class=\"ad-content\">\n<div id=\"ad-slot-caja\" class=\"ad-slot-caja ad-slot\" data-adtype=\"caja\" data-google-query-id=\"CLzdtursoI0DFToW4AMdE7A1wQ\"><\/div>\n<\/div>\n<\/div>\n<\/aside>\n","protected":false},"excerpt":{"rendered":"<p>&nbsp; Este s\u00e1bado,\u00a0Mariana Brey\u00a0festej\u00f3 su cumplea\u00f1os n\u00famero 47\u00a0rodeada de sus seres queridos, amigos y reconocidas personalidades del espect\u00e1culo en un exclusivo restaurante del Hip\u00f3dromo de Palermo. El evento, que\u00a0estuvo coordinado por el equipo de Jecan, reuni\u00f3 a figuras cercanas a la panelista, incluyendo a su familia, su ex pareja Pablo Melillo, y varios referentes del [&hellip;]<\/p>\n","protected":false},"author":1,"featured_media":537,"comment_status":"open","ping_status":"open","sticky":false,"template":"","format":"standard","meta":{"rop_custom_images_group":[],"rop_custom_messages_group":[],"rop_publish_now":"initial","rop_publish_now_accounts":[],"rop_publish_now_history":[],"rop_publish_now_status":"pending","footnotes":"","jetpack_publicize_message":"","jetpack_publicize_feature_enabled":true,"jetpack_social_post_already_shared":true,"jetpack_social_options":{"image_generator_settings":{"template":"highway","enabled":false},"version":2}},"categories":[12],"tags":[],"class_list":{"0":"post-534","1":"post","2":"type-post","3":"status-publish","4":"format-standard","5":"has-post-thumbnail","7":"category-espectaculos"},"jetpack_publicize_connections":[],"yoast_head":"<!-- This site is optimized with the Yoast SEO plugin v27.3 - https:\/\/yoast.com\/product\/yoast-seo-wordpress\/ -->\n<title>Mariana Brey celebr\u00f3 su cumplea\u00f1os con una fiesta llena de famosos: las fotos - CLAN ESPECTACULOS<\/title>\n<meta name=\"robots\" content=\"index, follow, max-snippet:-1, max-image-preview:large, max-video-preview:-1\" \/>\n<link rel=\"canonical\" href=\"https:\/\/radioclanfm.com\/clanespectaculos\/mariana-brey-celebro-su-cumpleanos-con-una-fiesta-llena-de-famosos-las-fotos\/\" \/>\n<meta property=\"og:locale\" content=\"es_ES\" \/>\n<meta property=\"og:type\" content=\"article\" \/>\n<meta property=\"og:title\" content=\"Mariana Brey celebr\u00f3 su cumplea\u00f1os con una fiesta llena de famosos: las fotos - CLAN ESPECTACULOS\" \/>\n<meta property=\"og:description\" content=\"&nbsp; Este s\u00e1bado,\u00a0Mariana Brey\u00a0festej\u00f3 su cumplea\u00f1os n\u00famero 47\u00a0rodeada de sus seres queridos, amigos y reconocidas personalidades del espect\u00e1culo en un exclusivo restaurante del Hip\u00f3dromo de Palermo. El evento, que\u00a0estuvo coordinado por el equipo de Jecan, reuni\u00f3 a figuras cercanas a la panelista, incluyendo a su familia, su ex pareja Pablo Melillo, y varios referentes del [&hellip;]\" \/>\n<meta property=\"og:url\" content=\"https:\/\/radioclanfm.com\/clanespectaculos\/mariana-brey-celebro-su-cumpleanos-con-una-fiesta-llena-de-famosos-las-fotos\/\" \/>\n<meta property=\"og:site_name\" content=\"CLAN ESPECTACULOS\" \/>\n<meta property=\"article:publisher\" content=\"https:\/\/www.facebook.com\/clanespectaculos\/\" \/>\n<meta property=\"article:published_time\" content=\"2025-05-13T16:20:47+00:00\" \/>\n<meta property=\"article:modified_time\" content=\"2025-05-13T16:24:14+00:00\" \/>\n<meta property=\"og:image\" content=\"https:\/\/radioclanfm.com\/clanespectaculos\/wp-content\/uploads\/sites\/2\/2025\/05\/5V6FNsNX.jpg\" \/>\n\t<meta property=\"og:image:width\" content=\"900\" \/>\n\t<meta property=\"og:image:height\" content=\"505\" \/>\n\t<meta property=\"og:image:type\" content=\"image\/jpeg\" \/>\n<meta name=\"author\" content=\"E-GRUPOCLAN\" \/>\n<meta name=\"twitter:card\" content=\"summary_large_image\" \/>\n<meta name=\"twitter:creator\" content=\"@clanespectok\" \/>\n<meta name=\"twitter:site\" content=\"@clanespectok\" \/>\n<meta name=\"twitter:label1\" content=\"Escrito por\" \/>\n\t<meta name=\"twitter:data1\" content=\"E-GRUPOCLAN\" \/>\n\t<meta name=\"twitter:label2\" content=\"Tiempo de lectura\" \/>\n\t<meta name=\"twitter:data2\" content=\"1 minuto\" \/>\n<script type=\"application\/ld+json\" class=\"yoast-schema-graph\">{\"@context\":\"https:\\\/\\\/schema.org\",\"@graph\":[{\"@type\":\"Article\",\"@id\":\"https:\\\/\\\/radioclanfm.com\\\/clanespectaculos\\\/mariana-brey-celebro-su-cumpleanos-con-una-fiesta-llena-de-famosos-las-fotos\\\/#article\",\"isPartOf\":{\"@id\":\"https:\\\/\\\/radioclanfm.com\\\/clanespectaculos\\\/mariana-brey-celebro-su-cumpleanos-con-una-fiesta-llena-de-famosos-las-fotos\\\/\"},\"author\":{\"name\":\"E-GRUPOCLAN\",\"@id\":\"https:\\\/\\\/radioclanfm.com\\\/clanespectaculos\\\/#\\\/schema\\\/person\\\/9734813083303230f3ad84d99171b20c\"},\"headline\":\"Mariana Brey celebr\u00f3 su cumplea\u00f1os con una fiesta llena de famosos: las fotos\",\"datePublished\":\"2025-05-13T16:20:47+00:00\",\"dateModified\":\"2025-05-13T16:24:14+00:00\",\"mainEntityOfPage\":{\"@id\":\"https:\\\/\\\/radioclanfm.com\\\/clanespectaculos\\\/mariana-brey-celebro-su-cumpleanos-con-una-fiesta-llena-de-famosos-las-fotos\\\/\"},\"wordCount\":242,\"commentCount\":0,\"publisher\":{\"@id\":\"https:\\\/\\\/radioclanfm.com\\\/clanespectaculos\\\/#organization\"},\"image\":{\"@id\":\"https:\\\/\\\/radioclanfm.com\\\/clanespectaculos\\\/mariana-brey-celebro-su-cumpleanos-con-una-fiesta-llena-de-famosos-las-fotos\\\/#primaryimage\"},\"thumbnailUrl\":\"https:\\\/\\\/radioclanfm.com\\\/clanespectaculos\\\/wp-content\\\/uploads\\\/sites\\\/2\\\/2025\\\/05\\\/5V6FNsNX.jpg\",\"articleSection\":[\"Espectaculos\"],\"inLanguage\":\"es-AR\",\"potentialAction\":[{\"@type\":\"CommentAction\",\"name\":\"Comment\",\"target\":[\"https:\\\/\\\/radioclanfm.com\\\/clanespectaculos\\\/mariana-brey-celebro-su-cumpleanos-con-una-fiesta-llena-de-famosos-las-fotos\\\/#respond\"]}]},{\"@type\":\"WebPage\",\"@id\":\"https:\\\/\\\/radioclanfm.com\\\/clanespectaculos\\\/mariana-brey-celebro-su-cumpleanos-con-una-fiesta-llena-de-famosos-las-fotos\\\/\",\"url\":\"https:\\\/\\\/radioclanfm.com\\\/clanespectaculos\\\/mariana-brey-celebro-su-cumpleanos-con-una-fiesta-llena-de-famosos-las-fotos\\\/\",\"name\":\"Mariana Brey celebr\u00f3 su cumplea\u00f1os con una fiesta llena de famosos: las fotos - CLAN ESPECTACULOS\",\"isPartOf\":{\"@id\":\"https:\\\/\\\/radioclanfm.com\\\/clanespectaculos\\\/#website\"},\"primaryImageOfPage\":{\"@id\":\"https:\\\/\\\/radioclanfm.com\\\/clanespectaculos\\\/mariana-brey-celebro-su-cumpleanos-con-una-fiesta-llena-de-famosos-las-fotos\\\/#primaryimage\"},\"image\":{\"@id\":\"https:\\\/\\\/radioclanfm.com\\\/clanespectaculos\\\/mariana-brey-celebro-su-cumpleanos-con-una-fiesta-llena-de-famosos-las-fotos\\\/#primaryimage\"},\"thumbnailUrl\":\"https:\\\/\\\/radioclanfm.com\\\/clanespectaculos\\\/wp-content\\\/uploads\\\/sites\\\/2\\\/2025\\\/05\\\/5V6FNsNX.jpg\",\"datePublished\":\"2025-05-13T16:20:47+00:00\",\"dateModified\":\"2025-05-13T16:24:14+00:00\",\"breadcrumb\":{\"@id\":\"https:\\\/\\\/radioclanfm.com\\\/clanespectaculos\\\/mariana-brey-celebro-su-cumpleanos-con-una-fiesta-llena-de-famosos-las-fotos\\\/#breadcrumb\"},\"inLanguage\":\"es-AR\",\"potentialAction\":[{\"@type\":\"ReadAction\",\"target\":[\"https:\\\/\\\/radioclanfm.com\\\/clanespectaculos\\\/mariana-brey-celebro-su-cumpleanos-con-una-fiesta-llena-de-famosos-las-fotos\\\/\"]}]},{\"@type\":\"ImageObject\",\"inLanguage\":\"es-AR\",\"@id\":\"https:\\\/\\\/radioclanfm.com\\\/clanespectaculos\\\/mariana-brey-celebro-su-cumpleanos-con-una-fiesta-llena-de-famosos-las-fotos\\\/#primaryimage\",\"url\":\"https:\\\/\\\/radioclanfm.com\\\/clanespectaculos\\\/wp-content\\\/uploads\\\/sites\\\/2\\\/2025\\\/05\\\/5V6FNsNX.jpg\",\"contentUrl\":\"https:\\\/\\\/radioclanfm.com\\\/clanespectaculos\\\/wp-content\\\/uploads\\\/sites\\\/2\\\/2025\\\/05\\\/5V6FNsNX.jpg\",\"width\":900,\"height\":505},{\"@type\":\"BreadcrumbList\",\"@id\":\"https:\\\/\\\/radioclanfm.com\\\/clanespectaculos\\\/mariana-brey-celebro-su-cumpleanos-con-una-fiesta-llena-de-famosos-las-fotos\\\/#breadcrumb\",\"itemListElement\":[{\"@type\":\"ListItem\",\"position\":1,\"name\":\"Inicio\",\"item\":\"https:\\\/\\\/radioclanfm.com\\\/clanespectaculos\\\/\"},{\"@type\":\"ListItem\",\"position\":2,\"name\":\"Mariana Brey celebr\u00f3 su cumplea\u00f1os con una fiesta llena de famosos: las fotos\"}]},{\"@type\":\"WebSite\",\"@id\":\"https:\\\/\\\/radioclanfm.com\\\/clanespectaculos\\\/#website\",\"url\":\"https:\\\/\\\/radioclanfm.com\\\/clanespectaculos\\\/\",\"name\":\"CLAN ESPECTACULOS\",\"description\":\"\",\"publisher\":{\"@id\":\"https:\\\/\\\/radioclanfm.com\\\/clanespectaculos\\\/#organization\"},\"potentialAction\":[{\"@type\":\"SearchAction\",\"target\":{\"@type\":\"EntryPoint\",\"urlTemplate\":\"https:\\\/\\\/radioclanfm.com\\\/clanespectaculos\\\/?s={search_term_string}\"},\"query-input\":{\"@type\":\"PropertyValueSpecification\",\"valueRequired\":true,\"valueName\":\"search_term_string\"}}],\"inLanguage\":\"es-AR\"},{\"@type\":\"Organization\",\"@id\":\"https:\\\/\\\/radioclanfm.com\\\/clanespectaculos\\\/#organization\",\"name\":\"CLAN ESPECTACULOS\",\"url\":\"https:\\\/\\\/radioclanfm.com\\\/clanespectaculos\\\/\",\"logo\":{\"@type\":\"ImageObject\",\"inLanguage\":\"es-AR\",\"@id\":\"https:\\\/\\\/radioclanfm.com\\\/clanespectaculos\\\/#\\\/schema\\\/logo\\\/image\\\/\",\"url\":\"https:\\\/\\\/radioclanfm.com\\\/clanespectaculos\\\/wp-content\\\/uploads\\\/sites\\\/2\\\/2026\\\/04\\\/ChatGPT-Image-23-mar-2026-10_09_00.png\",\"contentUrl\":\"https:\\\/\\\/radioclanfm.com\\\/clanespectaculos\\\/wp-content\\\/uploads\\\/sites\\\/2\\\/2026\\\/04\\\/ChatGPT-Image-23-mar-2026-10_09_00.png\",\"width\":1024,\"height\":1024,\"caption\":\"CLAN ESPECTACULOS\"},\"image\":{\"@id\":\"https:\\\/\\\/radioclanfm.com\\\/clanespectaculos\\\/#\\\/schema\\\/logo\\\/image\\\/\"},\"sameAs\":[\"https:\\\/\\\/www.facebook.com\\\/clanespectaculos\\\/\",\"https:\\\/\\\/x.com\\\/clanespectok\"]},{\"@type\":\"Person\",\"@id\":\"https:\\\/\\\/radioclanfm.com\\\/clanespectaculos\\\/#\\\/schema\\\/person\\\/9734813083303230f3ad84d99171b20c\",\"name\":\"E-GRUPOCLAN\",\"image\":{\"@type\":\"ImageObject\",\"inLanguage\":\"es-AR\",\"@id\":\"https:\\\/\\\/secure.gravatar.com\\\/avatar\\\/af6e19837c3d6a212034a48c7b3818d2ac1826f6025df0155da5a186ad321d79?s=96&d=mm&r=g\",\"url\":\"https:\\\/\\\/secure.gravatar.com\\\/avatar\\\/af6e19837c3d6a212034a48c7b3818d2ac1826f6025df0155da5a186ad321d79?s=96&d=mm&r=g\",\"contentUrl\":\"https:\\\/\\\/secure.gravatar.com\\\/avatar\\\/af6e19837c3d6a212034a48c7b3818d2ac1826f6025df0155da5a186ad321d79?s=96&d=mm&r=g\",\"caption\":\"E-GRUPOCLAN\"},\"sameAs\":[\"https:\\\/\\\/radioclanfm.com\"],\"url\":\"https:\\\/\\\/radioclanfm.com\\\/clanespectaculos\\\/author\\\/admin\\\/\"}]}<\/script>\n<!-- \/ Yoast SEO plugin. -->","yoast_head_json":{"title":"Mariana Brey celebr\u00f3 su cumplea\u00f1os con una fiesta llena de famosos: las fotos - CLAN ESPECTACULOS","robots":{"index":"index","follow":"follow","max-snippet":"max-snippet:-1","max-image-preview":"max-image-preview:large","max-video-preview":"max-video-preview:-1"},"canonical":"https:\/\/radioclanfm.com\/clanespectaculos\/mariana-brey-celebro-su-cumpleanos-con-una-fiesta-llena-de-famosos-las-fotos\/","og_locale":"es_ES","og_type":"article","og_title":"Mariana Brey celebr\u00f3 su cumplea\u00f1os con una fiesta llena de famosos: las fotos - CLAN ESPECTACULOS","og_description":"&nbsp; Este s\u00e1bado,\u00a0Mariana Brey\u00a0festej\u00f3 su cumplea\u00f1os n\u00famero 47\u00a0rodeada de sus seres queridos, amigos y reconocidas personalidades del espect\u00e1culo en un exclusivo restaurante del Hip\u00f3dromo de Palermo. El evento, que\u00a0estuvo coordinado por el equipo de Jecan, reuni\u00f3 a figuras cercanas a la panelista, incluyendo a su familia, su ex pareja Pablo Melillo, y varios referentes del [&hellip;]","og_url":"https:\/\/radioclanfm.com\/clanespectaculos\/mariana-brey-celebro-su-cumpleanos-con-una-fiesta-llena-de-famosos-las-fotos\/","og_site_name":"CLAN ESPECTACULOS","article_publisher":"https:\/\/www.facebook.com\/clanespectaculos\/","article_published_time":"2025-05-13T16:20:47+00:00","article_modified_time":"2025-05-13T16:24:14+00:00","og_image":[{"width":900,"height":505,"url":"https:\/\/radioclanfm.com\/clanespectaculos\/wp-content\/uploads\/sites\/2\/2025\/05\/5V6FNsNX.jpg","type":"image\/jpeg"}],"author":"E-GRUPOCLAN","twitter_card":"summary_large_image","twitter_creator":"@clanespectok","twitter_site":"@clanespectok","twitter_misc":{"Escrito por":"E-GRUPOCLAN","Tiempo de lectura":"1 minuto"},"schema":{"@context":"https:\/\/schema.org","@graph":[{"@type":"Article","@id":"https:\/\/radioclanfm.com\/clanespectaculos\/mariana-brey-celebro-su-cumpleanos-con-una-fiesta-llena-de-famosos-las-fotos\/#article","isPartOf":{"@id":"https:\/\/radioclanfm.com\/clanespectaculos\/mariana-brey-celebro-su-cumpleanos-con-una-fiesta-llena-de-famosos-las-fotos\/"},"author":{"name":"E-GRUPOCLAN","@id":"https:\/\/radioclanfm.com\/clanespectaculos\/#\/schema\/person\/9734813083303230f3ad84d99171b20c"},"headline":"Mariana Brey celebr\u00f3 su cumplea\u00f1os con una fiesta llena de famosos: las fotos","datePublished":"2025-05-13T16:20:47+00:00","dateModified":"2025-05-13T16:24:14+00:00","mainEntityOfPage":{"@id":"https:\/\/radioclanfm.com\/clanespectaculos\/mariana-brey-celebro-su-cumpleanos-con-una-fiesta-llena-de-famosos-las-fotos\/"},"wordCount":242,"commentCount":0,"publisher":{"@id":"https:\/\/radioclanfm.com\/clanespectaculos\/#organization"},"image":{"@id":"https:\/\/radioclanfm.com\/clanespectaculos\/mariana-brey-celebro-su-cumpleanos-con-una-fiesta-llena-de-famosos-las-fotos\/#primaryimage"},"thumbnailUrl":"https:\/\/radioclanfm.com\/clanespectaculos\/wp-content\/uploads\/sites\/2\/2025\/05\/5V6FNsNX.jpg","articleSection":["Espectaculos"],"inLanguage":"es-AR","potentialAction":[{"@type":"CommentAction","name":"Comment","target":["https:\/\/radioclanfm.com\/clanespectaculos\/mariana-brey-celebro-su-cumpleanos-con-una-fiesta-llena-de-famosos-las-fotos\/#respond"]}]},{"@type":"WebPage","@id":"https:\/\/radioclanfm.com\/clanespectaculos\/mariana-brey-celebro-su-cumpleanos-con-una-fiesta-llena-de-famosos-las-fotos\/","url":"https:\/\/radioclanfm.com\/clanespectaculos\/mariana-brey-celebro-su-cumpleanos-con-una-fiesta-llena-de-famosos-las-fotos\/","name":"Mariana Brey celebr\u00f3 su cumplea\u00f1os con una fiesta llena de famosos: las fotos - CLAN ESPECTACULOS","isPartOf":{"@id":"https:\/\/radioclanfm.com\/clanespectaculos\/#website"},"primaryImageOfPage":{"@id":"https:\/\/radioclanfm.com\/clanespectaculos\/mariana-brey-celebro-su-cumpleanos-con-una-fiesta-llena-de-famosos-las-fotos\/#primaryimage"},"image":{"@id":"https:\/\/radioclanfm.com\/clanespectaculos\/mariana-brey-celebro-su-cumpleanos-con-una-fiesta-llena-de-famosos-las-fotos\/#primaryimage"},"thumbnailUrl":"https:\/\/radioclanfm.com\/clanespectaculos\/wp-content\/uploads\/sites\/2\/2025\/05\/5V6FNsNX.jpg","datePublished":"2025-05-13T16:20:47+00:00","dateModified":"2025-05-13T16:24:14+00:00","breadcrumb":{"@id":"https:\/\/radioclanfm.com\/clanespectaculos\/mariana-brey-celebro-su-cumpleanos-con-una-fiesta-llena-de-famosos-las-fotos\/#breadcrumb"},"inLanguage":"es-AR","potentialAction":[{"@type":"ReadAction","target":["https:\/\/radioclanfm.com\/clanespectaculos\/mariana-brey-celebro-su-cumpleanos-con-una-fiesta-llena-de-famosos-las-fotos\/"]}]},{"@type":"ImageObject","inLanguage":"es-AR","@id":"https:\/\/radioclanfm.com\/clanespectaculos\/mariana-brey-celebro-su-cumpleanos-con-una-fiesta-llena-de-famosos-las-fotos\/#primaryimage","url":"https:\/\/radioclanfm.com\/clanespectaculos\/wp-content\/uploads\/sites\/2\/2025\/05\/5V6FNsNX.jpg","contentUrl":"https:\/\/radioclanfm.com\/clanespectaculos\/wp-content\/uploads\/sites\/2\/2025\/05\/5V6FNsNX.jpg","width":900,"height":505},{"@type":"BreadcrumbList","@id":"https:\/\/radioclanfm.com\/clanespectaculos\/mariana-brey-celebro-su-cumpleanos-con-una-fiesta-llena-de-famosos-las-fotos\/#breadcrumb","itemListElement":[{"@type":"ListItem","position":1,"name":"Inicio","item":"https:\/\/radioclanfm.com\/clanespectaculos\/"},{"@type":"ListItem","position":2,"name":"Mariana Brey celebr\u00f3 su cumplea\u00f1os con una fiesta llena de famosos: las fotos"}]},{"@type":"WebSite","@id":"https:\/\/radioclanfm.com\/clanespectaculos\/#website","url":"https:\/\/radioclanfm.com\/clanespectaculos\/","name":"CLAN ESPECTACULOS","description":"","publisher":{"@id":"https:\/\/radioclanfm.com\/clanespectaculos\/#organization"},"potentialAction":[{"@type":"SearchAction","target":{"@type":"EntryPoint","urlTemplate":"https:\/\/radioclanfm.com\/clanespectaculos\/?s={search_term_string}"},"query-input":{"@type":"PropertyValueSpecification","valueRequired":true,"valueName":"search_term_string"}}],"inLanguage":"es-AR"},{"@type":"Organization","@id":"https:\/\/radioclanfm.com\/clanespectaculos\/#organization","name":"CLAN ESPECTACULOS","url":"https:\/\/radioclanfm.com\/clanespectaculos\/","logo":{"@type":"ImageObject","inLanguage":"es-AR","@id":"https:\/\/radioclanfm.com\/clanespectaculos\/#\/schema\/logo\/image\/","url":"https:\/\/radioclanfm.com\/clanespectaculos\/wp-content\/uploads\/sites\/2\/2026\/04\/ChatGPT-Image-23-mar-2026-10_09_00.png","contentUrl":"https:\/\/radioclanfm.com\/clanespectaculos\/wp-content\/uploads\/sites\/2\/2026\/04\/ChatGPT-Image-23-mar-2026-10_09_00.png","width":1024,"height":1024,"caption":"CLAN ESPECTACULOS"},"image":{"@id":"https:\/\/radioclanfm.com\/clanespectaculos\/#\/schema\/logo\/image\/"},"sameAs":["https:\/\/www.facebook.com\/clanespectaculos\/","https:\/\/x.com\/clanespectok"]},{"@type":"Person","@id":"https:\/\/radioclanfm.com\/clanespectaculos\/#\/schema\/person\/9734813083303230f3ad84d99171b20c","name":"E-GRUPOCLAN","image":{"@type":"ImageObject","inLanguage":"es-AR","@id":"https:\/\/secure.gravatar.com\/avatar\/af6e19837c3d6a212034a48c7b3818d2ac1826f6025df0155da5a186ad321d79?s=96&d=mm&r=g","url":"https:\/\/secure.gravatar.com\/avatar\/af6e19837c3d6a212034a48c7b3818d2ac1826f6025df0155da5a186ad321d79?s=96&d=mm&r=g","contentUrl":"https:\/\/secure.gravatar.com\/avatar\/af6e19837c3d6a212034a48c7b3818d2ac1826f6025df0155da5a186ad321d79?s=96&d=mm&r=g","caption":"E-GRUPOCLAN"},"sameAs":["https:\/\/radioclanfm.com"],"url":"https:\/\/radioclanfm.com\/clanespectaculos\/author\/admin\/"}]}},"_links":{"self":[{"href":"https:\/\/radioclanfm.com\/clanespectaculos\/wp-json\/wp\/v2\/posts\/534","targetHints":{"allow":["GET"]}}],"collection":[{"href":"https:\/\/radioclanfm.com\/clanespectaculos\/wp-json\/wp\/v2\/posts"}],"about":[{"href":"https:\/\/radioclanfm.com\/clanespectaculos\/wp-json\/wp\/v2\/types\/post"}],"author":[{"embeddable":true,"href":"https:\/\/radioclanfm.com\/clanespectaculos\/wp-json\/wp\/v2\/users\/1"}],"replies":[{"embeddable":true,"href":"https:\/\/radioclanfm.com\/clanespectaculos\/wp-json\/wp\/v2\/comments?post=534"}],"version-history":[{"count":2,"href":"https:\/\/radioclanfm.com\/clanespectaculos\/wp-json\/wp\/v2\/posts\/534\/revisions"}],"predecessor-version":[{"id":540,"href":"https:\/\/radioclanfm.com\/clanespectaculos\/wp-json\/wp\/v2\/posts\/534\/revisions\/540"}],"wp:featuredmedia":[{"embeddable":true,"href":"https:\/\/radioclanfm.com\/clanespectaculos\/wp-json\/wp\/v2\/media\/537"}],"wp:attachment":[{"href":"https:\/\/radioclanfm.com\/clanespectaculos\/wp-json\/wp\/v2\/media?parent=534"}],"wp:term":[{"taxonomy":"category","embeddable":true,"href":"https:\/\/radioclanfm.com\/clanespectaculos\/wp-json\/wp\/v2\/categories?post=534"},{"taxonomy":"post_tag","embeddable":true,"href":"https:\/\/radioclanfm.com\/clanespectaculos\/wp-json\/wp\/v2\/tags?post=534"}],"curies":[{"name":"wp","href":"https:\/\/api.w.org\/{rel}","templated":true}]}}