{"id":484,"date":"2025-05-13T12:47:16","date_gmt":"2025-05-13T15:47:16","guid":{"rendered":"https:\/\/radioclanfm.com\/clanespectaculos\/?p=484"},"modified":"2025-05-13T12:47:16","modified_gmt":"2025-05-13T15:47:16","slug":"estefania-pasquini-la-esposa-de-alberto-cormillot-manifesto-su-intencion-de-agrandar-la-familia-amaria-tener-otro","status":"publish","type":"post","link":"https:\/\/radioclanfm.com\/clanespectaculos\/estefania-pasquini-la-esposa-de-alberto-cormillot-manifesto-su-intencion-de-agrandar-la-familia-amaria-tener-otro\/","title":{"rendered":"Estefan\u00eda Pasquini, la esposa de Alberto Cormillot, manifest\u00f3 su intenci\u00f3n de agrandar la familia: \u201cAmar\u00eda tener otro\u201d"},"content":{"rendered":"<p class=\"paragraph\" data-mrf-recirculation=\"Links inline\">La nutricionista y esposa del reconocido m\u00e9dico\u00a0<i><b>Alberto Cormillot<\/b><\/i>,\u00a0<i><b>Estefan\u00eda Pasquini<\/b><\/i>, sorprendi\u00f3 a sus seguidores al hablar abiertamente sobre\u00a0<b>su deseo de volver a ser madre.<\/b>\u00a0En una ronda de preguntas con su comunidad de Instagram, abord\u00f3 sin filtro temas vinculados a su maternidad, su relaci\u00f3n de pareja y su experiencia personal frente a las cr\u00edticas.<\/p>\n<div class=\"news-module\" data-mrf-recirculation=\"IL_Ct0zZTd2RqSjHGMXsLzz7w\" data-testid=\"text-html\" data-mrf-experience=\"IL_Ct0zZTd2RqSjHGMXsLzz7w\">\n<div class=\"recommended-card__image-container\"><\/div>\n<\/div>\n<p class=\"paragraph\" data-mrf-recirculation=\"Links inline\">La interacci\u00f3n con sus seguidores ocurri\u00f3 el domingo por la noche, cuando habilit\u00f3 una caja de preguntas en sus redes. Entre decenas de consultas, una llam\u00f3 especialmente la atenci\u00f3n:<b>\u00a0\u201c\u00bfTe gustar\u00eda darle un hermanito a\u00a0<\/b><a title=\"https:\/\/www.infobae.com\/teleshow\/2024\/09\/07\/el-tierno-video-de-alberto-cormillot-con-su-hijo-emilio-sabado-de-pasiones-compartidas\/\" href=\"https:\/\/www.infobae.com\/teleshow\/2024\/09\/07\/el-tierno-video-de-alberto-cormillot-con-su-hijo-emilio-sabado-de-pasiones-compartidas\/\" target=\"_blank\" rel=\"noopener noreferrer\" data-mrf-link=\"https:\/\/www.infobae.com\/teleshow\/2024\/09\/07\/el-tierno-video-de-alberto-cormillot-con-su-hijo-emilio-sabado-de-pasiones-compartidas\/\"><i><b>Emilio<\/b><\/i><\/a><b>\u00a0o Adro se pone celoso?\u201d<\/b>, le escribi\u00f3 un usuario, en alusi\u00f3n a su hijo y su perro.<\/p>\n<div class=\"visual__image\"><picture><source srcset=\"https:\/\/www.infobae.com\/resizer\/v2\/EXNXQLAN3VGUTGXMRVWS2WISMU.jpg?auth=826ac8a2a9b51c73096475a80aee50a67fa3f6010ad054610bd1981be6985503&amp;smart=true&amp;width=992&amp;height=1488&amp;quality=85\" media=\"(min-width: 1000px)\" \/><source srcset=\"https:\/\/www.infobae.com\/resizer\/v2\/EXNXQLAN3VGUTGXMRVWS2WISMU.jpg?auth=826ac8a2a9b51c73096475a80aee50a67fa3f6010ad054610bd1981be6985503&amp;smart=true&amp;width=768&amp;height=1152&amp;quality=85\" media=\"(min-width: 768px)\" \/><source srcset=\"https:\/\/www.infobae.com\/resizer\/v2\/EXNXQLAN3VGUTGXMRVWS2WISMU.jpg?auth=826ac8a2a9b51c73096475a80aee50a67fa3f6010ad054610bd1981be6985503&amp;smart=true&amp;width=577&amp;height=866&amp;quality=85\" media=\"(min-width: 580px)\" \/><source srcset=\"https:\/\/www.infobae.com\/resizer\/v2\/EXNXQLAN3VGUTGXMRVWS2WISMU.jpg?auth=826ac8a2a9b51c73096475a80aee50a67fa3f6010ad054610bd1981be6985503&amp;smart=true&amp;width=420&amp;height=630&amp;quality=85\" media=\"(min-width: 350px)\" \/><source srcset=\"https:\/\/www.infobae.com\/resizer\/v2\/EXNXQLAN3VGUTGXMRVWS2WISMU.jpg?auth=826ac8a2a9b51c73096475a80aee50a67fa3f6010ad054610bd1981be6985503&amp;smart=true&amp;width=350&amp;height=525&amp;quality=85\" media=\"(min-width: 80px)\" \/><img loading=\"lazy\" decoding=\"async\" class=\"global-image\" src=\"https:\/\/www.infobae.com\/resizer\/v2\/EXNXQLAN3VGUTGXMRVWS2WISMU.jpg?auth=826ac8a2a9b51c73096475a80aee50a67fa3f6010ad054610bd1981be6985503&amp;smart=true&amp;width=350&amp;height=525&amp;quality=85\" alt=\"&quot;Amar\u00eda tener otro&quot;, respondi\u00f3 Pasquini\" width=\"1080\" height=\"1757\" \/><\/picture>&#8220;Amar\u00eda tener otro&#8221;, respondi\u00f3 Pasquini al ser consultada por sus seguidores sobre la posibilidad de un segundo hijo<\/div>\n<div class=\"inline ad-wrapper\">\n<div class=\"dfpAd ad-inline\">\n<div id=\"infobae\/teleshow\/nota\/inline\" class=\"infobae\/teleshow\/nota\/inline arcad\" data-google-query-id=\"CKSDlLPloI0DFUyDYQYdDRkJZg\">\n<div id=\"google_ads_iframe_\/1058609\/infobae\/teleshow\/nota\/inline_0__container__\"><\/div>\n<\/div>\n<\/div>\n<\/div>\n<p class=\"paragraph\" data-mrf-recirculation=\"Links inline\">La respuesta fue inmediata y contundente:\u00a0<b>\u201cAmar\u00eda tener otro\u201d<\/b>, asegur\u00f3.\u00a0<b>\u201cEmilio siempre dice \u2018\u00bfy si compran otro Emilio?\u2019\u201d<\/b>, agreg\u00f3 divertida. Adem\u00e1s, se mostr\u00f3 agradecida por haber podido ser madre: \u201c<b>Agradezco haber podido tenerlo a \u00e9l<\/b>\u201d, expres\u00f3.\u00a0<b>El hijo de la pareja, Emilio, tiene tres a\u00f1os y naci\u00f3 cuando Cormillot ten\u00eda 83.<\/b><\/p>\n<div class=\"news-module\" data-mrf-recirculation=\"IL_RjJ8XQ94SCCdND4VX9YvyQ\" data-testid=\"text-html\" data-mrf-experience=\"IL_RjJ8XQ94SCCdND4VX9YvyQ\">\n<div class=\"recommended-card__image-container\"><\/div>\n<\/div>\n<div class=\"visual__image\"><picture><source srcset=\"https:\/\/www.infobae.com\/resizer\/v2\/3EQ2C3CHLJELXDLV6KQ7OMWGGM.jpg?auth=dd2e5c858c40a530f3cb8904e6fbad6b0b4d9d4cea58a7d853ba5bcc6735aafe&amp;smart=true&amp;width=992&amp;height=1764&amp;quality=85\" media=\"(min-width: 1000px)\" \/><source srcset=\"https:\/\/www.infobae.com\/resizer\/v2\/3EQ2C3CHLJELXDLV6KQ7OMWGGM.jpg?auth=dd2e5c858c40a530f3cb8904e6fbad6b0b4d9d4cea58a7d853ba5bcc6735aafe&amp;smart=true&amp;width=768&amp;height=1365&amp;quality=85\" media=\"(min-width: 768px)\" \/><source srcset=\"https:\/\/www.infobae.com\/resizer\/v2\/3EQ2C3CHLJELXDLV6KQ7OMWGGM.jpg?auth=dd2e5c858c40a530f3cb8904e6fbad6b0b4d9d4cea58a7d853ba5bcc6735aafe&amp;smart=true&amp;width=577&amp;height=1026&amp;quality=85\" media=\"(min-width: 580px)\" \/><source srcset=\"https:\/\/www.infobae.com\/resizer\/v2\/3EQ2C3CHLJELXDLV6KQ7OMWGGM.jpg?auth=dd2e5c858c40a530f3cb8904e6fbad6b0b4d9d4cea58a7d853ba5bcc6735aafe&amp;smart=true&amp;width=420&amp;height=747&amp;quality=85\" media=\"(min-width: 350px)\" \/><source srcset=\"https:\/\/www.infobae.com\/resizer\/v2\/3EQ2C3CHLJELXDLV6KQ7OMWGGM.jpg?auth=dd2e5c858c40a530f3cb8904e6fbad6b0b4d9d4cea58a7d853ba5bcc6735aafe&amp;smart=true&amp;width=350&amp;height=622&amp;quality=85\" media=\"(min-width: 80px)\" \/><img loading=\"lazy\" decoding=\"async\" class=\"global-image\" src=\"https:\/\/www.infobae.com\/resizer\/v2\/3EQ2C3CHLJELXDLV6KQ7OMWGGM.jpg?auth=dd2e5c858c40a530f3cb8904e6fbad6b0b4d9d4cea58a7d853ba5bcc6735aafe&amp;smart=true&amp;width=350&amp;height=622&amp;quality=85\" alt=\"En redes sociales, Pasquini comparti\u00f3\" width=\"1080\" height=\"1804\" \/><\/picture>En redes sociales, Pasquini comparti\u00f3 c\u00f3mo cr\u00eda a su hijo Emilio con l\u00edmites saludables, evitando el castigo f\u00edsico<\/div>\n<p class=\"paragraph\" data-mrf-recirculation=\"Links inline\">En el mismo ida y vuelta con sus seguidores, la nutricionista tambi\u00e9n se refiri\u00f3 a la forma en que educa al menor. Ante la pregunta sobre si su hijo crece en un entorno de libertad total o con reglas, respondi\u00f3 con claridad:\u00a0<b>\u201cEs un ni\u00f1o. Si no le pongo l\u00edmites hoy, el d\u00eda de ma\u00f1ana se los pone la vida y no va a entender nada\u201d<\/b>.<\/p>\n<div class=\"inline_2_DSK ad-wrapper ad-desktop\">\n<div class=\"dfpAd ad-inline\">\n<div id=\"infobae\/teleshow\/nota\/inline_2_DSK\" class=\"infobae\/teleshow\/nota\/inline_2_DSK arcad\" data-google-query-id=\"CPTuuLTloI0DFdeHYQYdY7EOdA\">\n<div id=\"google_ads_iframe_\/1058609\/infobae\/teleshow\/nota\/inline_2_DSK_0__container__\"><\/div>\n<\/div>\n<\/div>\n<\/div>\n<p class=\"paragraph\" data-mrf-recirculation=\"Links inline\">En este sentido, la madre hizo una diferenciaci\u00f3n expl\u00edcita entre los l\u00edmites saludables y la violencia:\u00a0<b>\u201cOjo, l\u00edmites que no es lo mismo que andar rompiendo los huesos por cualquier cosa\u201d<\/b>, dijo, echando por tierra toda idea de castigo f\u00edsico o disciplina desmedida.<\/p>\n<div class=\"news-module\" data-mrf-recirculation=\"IL_wPVu_IE4S76a5Gsl0lX8mA\" data-testid=\"text-html\" data-mrf-experience=\"IL_wPVu_IE4S76a5Gsl0lX8mA\">\n<div class=\"recommended-card__image-container\"><\/div>\n<\/div>\n<div class=\"visual__image\"><picture><source srcset=\"https:\/\/www.infobae.com\/resizer\/v2\/OEANI4PYWJCQRDGJJTTWYSOFYY.jpg?auth=cbba0e385a898cd5813ea4ff786a3566a9054ba249af2a5d4f2b61297737297b&amp;smart=true&amp;width=992&amp;height=992&amp;quality=85\" media=\"(min-width: 1000px)\" \/><source srcset=\"https:\/\/www.infobae.com\/resizer\/v2\/OEANI4PYWJCQRDGJJTTWYSOFYY.jpg?auth=cbba0e385a898cd5813ea4ff786a3566a9054ba249af2a5d4f2b61297737297b&amp;smart=true&amp;width=768&amp;height=768&amp;quality=85\" media=\"(min-width: 768px)\" \/><source srcset=\"https:\/\/www.infobae.com\/resizer\/v2\/OEANI4PYWJCQRDGJJTTWYSOFYY.jpg?auth=cbba0e385a898cd5813ea4ff786a3566a9054ba249af2a5d4f2b61297737297b&amp;smart=true&amp;width=577&amp;height=577&amp;quality=85\" media=\"(min-width: 580px)\" \/><source srcset=\"https:\/\/www.infobae.com\/resizer\/v2\/OEANI4PYWJCQRDGJJTTWYSOFYY.jpg?auth=cbba0e385a898cd5813ea4ff786a3566a9054ba249af2a5d4f2b61297737297b&amp;smart=true&amp;width=420&amp;height=420&amp;quality=85\" media=\"(min-width: 350px)\" \/><source srcset=\"https:\/\/www.infobae.com\/resizer\/v2\/OEANI4PYWJCQRDGJJTTWYSOFYY.jpg?auth=cbba0e385a898cd5813ea4ff786a3566a9054ba249af2a5d4f2b61297737297b&amp;smart=true&amp;width=350&amp;height=350&amp;quality=85\" media=\"(min-width: 80px)\" \/><img loading=\"lazy\" decoding=\"async\" class=\"global-image\" src=\"https:\/\/www.infobae.com\/resizer\/v2\/OEANI4PYWJCQRDGJJTTWYSOFYY.jpg?auth=cbba0e385a898cd5813ea4ff786a3566a9054ba249af2a5d4f2b61297737297b&amp;smart=true&amp;width=350&amp;height=350&amp;quality=85\" alt=\"La diferencia de edad entre\" width=\"1080\" height=\"1080\" \/><\/picture>La diferencia de edad entre Estefan\u00eda Pasquini y Cormillot no impidi\u00f3 que desaf\u00eden estereotipos con su s\u00f3lida relaci\u00f3n<\/div>\n<p class=\"paragraph\" data-mrf-recirculation=\"Links inline\">Aunque el foco estuvo puesto en su deseo de tener otro hijo, el contexto no es menor.\u00a0<b>Estefan\u00eda Pasquini tiene 39 a\u00f1os y Alberto Cormillot, 86<\/b>, una diferencia de edad que dio que hablar desde que oficializaron su relaci\u00f3n. Sin embargo, mostraron que, juntos, logran desestimar los estereotipos. Ambos comparten la crianza de Emilio y se involucran en sus actividades profesionales.<\/p>\n<p class=\"paragraph\" data-mrf-recirculation=\"Links inline\">Adem\u00e1s de referirse a su rol de madre, Estefan\u00eda tambi\u00e9n abord\u00f3 las\u00a0<b>cr\u00edticas recibidas en redes sociales<\/b>\u00a0y las\u00a0<b>inseguridades f\u00edsicas<\/b>\u00a0con las que convive, a pesar de ser nutricionista. Le preguntaron c\u00f3mo hace para que los comentarios negativos \u201cle resbalen\u201d, y su respuesta fue directa:\u00a0<b>\u201cPienso&#8230; \u2018\u00bfQu\u00e9 s\u00e9 yo qui\u00e9n es esta persona que me est\u00e1 escribiendo?\u2019, \u2018\u00a1qu\u00e9 mal que debe estar para venir a tirar mala onda a alguien que no conoce y no le hace nada!\u2019\u2026 Y se me pasa&#8230; Porque veo que yo no tengo la necesidad de hacerlo, que su vida verdaderamente debe ser una m&#8230;\u201d<\/b>.<\/p>\n<div class=\"visual__image\"><picture><source srcset=\"https:\/\/www.infobae.com\/resizer\/v2\/7MJLKIPQLVASFPFQR73Z5ZYPTA.jpg?auth=f57ec78f9c82e4509d7877daa13e5996a24c68c39581a3cefeee791299e70569&amp;smart=true&amp;width=992&amp;height=1488&amp;quality=85\" media=\"(min-width: 1000px)\" \/><source srcset=\"https:\/\/www.infobae.com\/resizer\/v2\/7MJLKIPQLVASFPFQR73Z5ZYPTA.jpg?auth=f57ec78f9c82e4509d7877daa13e5996a24c68c39581a3cefeee791299e70569&amp;smart=true&amp;width=768&amp;height=1152&amp;quality=85\" media=\"(min-width: 768px)\" \/><source srcset=\"https:\/\/www.infobae.com\/resizer\/v2\/7MJLKIPQLVASFPFQR73Z5ZYPTA.jpg?auth=f57ec78f9c82e4509d7877daa13e5996a24c68c39581a3cefeee791299e70569&amp;smart=true&amp;width=577&amp;height=866&amp;quality=85\" media=\"(min-width: 580px)\" \/><source srcset=\"https:\/\/www.infobae.com\/resizer\/v2\/7MJLKIPQLVASFPFQR73Z5ZYPTA.jpg?auth=f57ec78f9c82e4509d7877daa13e5996a24c68c39581a3cefeee791299e70569&amp;smart=true&amp;width=420&amp;height=630&amp;quality=85\" media=\"(min-width: 350px)\" \/><source srcset=\"https:\/\/www.infobae.com\/resizer\/v2\/7MJLKIPQLVASFPFQR73Z5ZYPTA.jpg?auth=f57ec78f9c82e4509d7877daa13e5996a24c68c39581a3cefeee791299e70569&amp;smart=true&amp;width=350&amp;height=525&amp;quality=85\" media=\"(min-width: 80px)\" \/><img loading=\"lazy\" decoding=\"async\" class=\"global-image\" src=\"https:\/\/www.infobae.com\/resizer\/v2\/7MJLKIPQLVASFPFQR73Z5ZYPTA.jpg?auth=f57ec78f9c82e4509d7877daa13e5996a24c68c39581a3cefeee791299e70569&amp;smart=true&amp;width=350&amp;height=525&amp;quality=85\" alt=\"Pasquini enfrent\u00f3 cr\u00edticas negativas y\" width=\"1080\" height=\"1746\" \/><\/picture>Pasquini enfrent\u00f3 cr\u00edticas negativas y explic\u00f3 su enfoque para no dejarse afectar por comentarios hirientes en redes sociales<\/div>\n<p class=\"paragraph\" data-mrf-recirculation=\"Links inline\">Adem\u00e1s, la profesional de la salud relat\u00f3 que hubo etapas en las que se sinti\u00f3 \u201cfea, gorda y sin ganas de cambiar\u201d. Seg\u00fan relat\u00f3:\u00a0<b>\u201cMiles de veces me qued\u00e9 sin salir por eso, sin querer conocer a alguien, queriendo hacerme lo que sea con tal de ver mi cuerpo distinto, queriendo tomar lo que sea para bajar, buscando magia\u201d<\/b>.<\/p>\n<div class=\"visual__image\"><picture><source srcset=\"https:\/\/www.infobae.com\/resizer\/v2\/OWO7H2M645HFDFWBKBH23PECXA.jpg?auth=39af64c407bdb412de9eb77a6683b633e54adb21c9df1a637cf62ab147d6131b&amp;smart=true&amp;width=992&amp;height=1488&amp;quality=85\" media=\"(min-width: 1000px)\" \/><source srcset=\"https:\/\/www.infobae.com\/resizer\/v2\/OWO7H2M645HFDFWBKBH23PECXA.jpg?auth=39af64c407bdb412de9eb77a6683b633e54adb21c9df1a637cf62ab147d6131b&amp;smart=true&amp;width=768&amp;height=1152&amp;quality=85\" media=\"(min-width: 768px)\" \/><source srcset=\"https:\/\/www.infobae.com\/resizer\/v2\/OWO7H2M645HFDFWBKBH23PECXA.jpg?auth=39af64c407bdb412de9eb77a6683b633e54adb21c9df1a637cf62ab147d6131b&amp;smart=true&amp;width=577&amp;height=866&amp;quality=85\" media=\"(min-width: 580px)\" \/><source srcset=\"https:\/\/www.infobae.com\/resizer\/v2\/OWO7H2M645HFDFWBKBH23PECXA.jpg?auth=39af64c407bdb412de9eb77a6683b633e54adb21c9df1a637cf62ab147d6131b&amp;smart=true&amp;width=420&amp;height=630&amp;quality=85\" media=\"(min-width: 350px)\" \/><source srcset=\"https:\/\/www.infobae.com\/resizer\/v2\/OWO7H2M645HFDFWBKBH23PECXA.jpg?auth=39af64c407bdb412de9eb77a6683b633e54adb21c9df1a637cf62ab147d6131b&amp;smart=true&amp;width=350&amp;height=525&amp;quality=85\" media=\"(min-width: 80px)\" \/><img loading=\"lazy\" decoding=\"async\" class=\"global-image\" src=\"https:\/\/www.infobae.com\/resizer\/v2\/OWO7H2M645HFDFWBKBH23PECXA.jpg?auth=39af64c407bdb412de9eb77a6683b633e54adb21c9df1a637cf62ab147d6131b&amp;smart=true&amp;width=350&amp;height=525&amp;quality=85\" alt=\"La nutricionista revel\u00f3 detalles \u00edntimos\" width=\"1080\" height=\"1753\" \/><\/picture>La nutricionista revel\u00f3 detalles \u00edntimos sobre sus inseguridades f\u00edsicas y c\u00f3mo logr\u00f3 superarlas con el tiempo<\/div>\n<p class=\"paragraph\" data-mrf-recirculation=\"Links inline\">Luego, continu\u00f3 relatando un verdadero testimonio de fortaleza.\u00a0<b>\u201cSub\u00eda fotos con Photoshop para sentir que me dec\u00edan cosas, sabiendo a\u00fan que era todo una mentira. Baj\u00e9, volv\u00ed a engordar, cuando volv\u00ed a engordar me odi\u00e9 por haberme visto y sentido bien y a\u00fan as\u00ed tirar todo por la borda\u201d<\/b>, continu\u00f3.<\/p>\n<p class=\"paragraph\" data-mrf-recirculation=\"Links inline\">Finalmente, cerr\u00f3 su experiencia personal dejando ver c\u00f3mo dej\u00f3 de lado sus inseguridades:\u00a0<b>\u201cCuando ten\u00eda atracones me quer\u00eda quedar encerrada y ni ir a trabajar del malestar que sent\u00eda. Era como una resaca de comida lo que ten\u00eda. Pas\u00e9 por muchas hasta lograr un equilibrio y adem\u00e1s entender que sea el peso que sea, mis valores pasaban por otro lado\u201d<\/b>, cerr\u00f3.<\/p>\n<div class=\"second-saved-buttons\">\n<div class=\"body-share-note\"><\/div>\n<\/div>\n","protected":false},"excerpt":{"rendered":"<p>La nutricionista y esposa del reconocido m\u00e9dico\u00a0Alberto Cormillot,\u00a0Estefan\u00eda Pasquini, sorprendi\u00f3 a sus seguidores al hablar abiertamente sobre\u00a0su deseo de volver a ser madre.\u00a0En una ronda de preguntas con su comunidad de Instagram, abord\u00f3 sin filtro temas vinculados a su maternidad, su relaci\u00f3n de pareja y su experiencia personal frente a las cr\u00edticas. La interacci\u00f3n con [&hellip;]<\/p>\n","protected":false},"author":1,"featured_media":487,"comment_status":"open","ping_status":"open","sticky":false,"template":"","format":"standard","meta":{"rop_custom_images_group":[],"rop_custom_messages_group":[],"rop_publish_now":"initial","rop_publish_now_accounts":[],"rop_publish_now_history":[],"rop_publish_now_status":"pending","footnotes":"","jetpack_publicize_message":"","jetpack_publicize_feature_enabled":true,"jetpack_social_post_already_shared":true,"jetpack_social_options":{"image_generator_settings":{"template":"highway","enabled":false},"version":2}},"categories":[12],"tags":[],"class_list":{"0":"post-484","1":"post","2":"type-post","3":"status-publish","4":"format-standard","5":"has-post-thumbnail","7":"category-espectaculos"},"jetpack_publicize_connections":[],"yoast_head":"<!-- This site is optimized with the Yoast SEO plugin v27.3 - https:\/\/yoast.com\/product\/yoast-seo-wordpress\/ -->\n<title>Estefan\u00eda Pasquini, la esposa de Alberto Cormillot, manifest\u00f3 su intenci\u00f3n de agrandar la familia: \u201cAmar\u00eda tener otro\u201d - CLAN ESPECTACULOS<\/title>\n<meta name=\"robots\" content=\"index, follow, max-snippet:-1, max-image-preview:large, max-video-preview:-1\" \/>\n<link rel=\"canonical\" href=\"https:\/\/radioclanfm.com\/clanespectaculos\/estefania-pasquini-la-esposa-de-alberto-cormillot-manifesto-su-intencion-de-agrandar-la-familia-amaria-tener-otro\/\" \/>\n<meta property=\"og:locale\" content=\"es_ES\" \/>\n<meta property=\"og:type\" content=\"article\" \/>\n<meta property=\"og:title\" content=\"Estefan\u00eda Pasquini, la esposa de Alberto Cormillot, manifest\u00f3 su intenci\u00f3n de agrandar la familia: \u201cAmar\u00eda tener otro\u201d - CLAN ESPECTACULOS\" \/>\n<meta property=\"og:description\" content=\"La nutricionista y esposa del reconocido m\u00e9dico\u00a0Alberto Cormillot,\u00a0Estefan\u00eda Pasquini, sorprendi\u00f3 a sus seguidores al hablar abiertamente sobre\u00a0su deseo de volver a ser madre.\u00a0En una ronda de preguntas con su comunidad de Instagram, abord\u00f3 sin filtro temas vinculados a su maternidad, su relaci\u00f3n de pareja y su experiencia personal frente a las cr\u00edticas. La interacci\u00f3n con [&hellip;]\" \/>\n<meta property=\"og:url\" content=\"https:\/\/radioclanfm.com\/clanespectaculos\/estefania-pasquini-la-esposa-de-alberto-cormillot-manifesto-su-intencion-de-agrandar-la-familia-amaria-tener-otro\/\" \/>\n<meta property=\"og:site_name\" content=\"CLAN ESPECTACULOS\" \/>\n<meta property=\"article:publisher\" content=\"https:\/\/www.facebook.com\/clanespectaculos\/\" \/>\n<meta property=\"article:published_time\" content=\"2025-05-13T15:47:16+00:00\" \/>\n<meta property=\"og:image\" content=\"https:\/\/radioclanfm.com\/clanespectaculos\/wp-content\/uploads\/sites\/2\/2025\/05\/KdQOLQNr.jpg\" \/>\n\t<meta property=\"og:image:width\" content=\"900\" \/>\n\t<meta property=\"og:image:height\" content=\"450\" \/>\n\t<meta property=\"og:image:type\" content=\"image\/jpeg\" \/>\n<meta name=\"author\" content=\"E-GRUPOCLAN\" \/>\n<meta name=\"twitter:card\" content=\"summary_large_image\" \/>\n<meta name=\"twitter:creator\" content=\"@clanespectok\" \/>\n<meta name=\"twitter:site\" content=\"@clanespectok\" \/>\n<meta name=\"twitter:label1\" content=\"Escrito por\" \/>\n\t<meta name=\"twitter:data1\" content=\"E-GRUPOCLAN\" \/>\n\t<meta name=\"twitter:label2\" content=\"Tiempo de lectura\" \/>\n\t<meta name=\"twitter:data2\" content=\"4 minutos\" \/>\n<script type=\"application\/ld+json\" class=\"yoast-schema-graph\">{\"@context\":\"https:\\\/\\\/schema.org\",\"@graph\":[{\"@type\":\"Article\",\"@id\":\"https:\\\/\\\/radioclanfm.com\\\/clanespectaculos\\\/estefania-pasquini-la-esposa-de-alberto-cormillot-manifesto-su-intencion-de-agrandar-la-familia-amaria-tener-otro\\\/#article\",\"isPartOf\":{\"@id\":\"https:\\\/\\\/radioclanfm.com\\\/clanespectaculos\\\/estefania-pasquini-la-esposa-de-alberto-cormillot-manifesto-su-intencion-de-agrandar-la-familia-amaria-tener-otro\\\/\"},\"author\":{\"name\":\"E-GRUPOCLAN\",\"@id\":\"https:\\\/\\\/radioclanfm.com\\\/clanespectaculos\\\/#\\\/schema\\\/person\\\/9734813083303230f3ad84d99171b20c\"},\"headline\":\"Estefan\u00eda Pasquini, la esposa de Alberto Cormillot, manifest\u00f3 su intenci\u00f3n de agrandar la familia: \u201cAmar\u00eda tener otro\u201d\",\"datePublished\":\"2025-05-13T15:47:16+00:00\",\"mainEntityOfPage\":{\"@id\":\"https:\\\/\\\/radioclanfm.com\\\/clanespectaculos\\\/estefania-pasquini-la-esposa-de-alberto-cormillot-manifesto-su-intencion-de-agrandar-la-familia-amaria-tener-otro\\\/\"},\"wordCount\":762,\"commentCount\":0,\"publisher\":{\"@id\":\"https:\\\/\\\/radioclanfm.com\\\/clanespectaculos\\\/#organization\"},\"image\":{\"@id\":\"https:\\\/\\\/radioclanfm.com\\\/clanespectaculos\\\/estefania-pasquini-la-esposa-de-alberto-cormillot-manifesto-su-intencion-de-agrandar-la-familia-amaria-tener-otro\\\/#primaryimage\"},\"thumbnailUrl\":\"https:\\\/\\\/radioclanfm.com\\\/clanespectaculos\\\/wp-content\\\/uploads\\\/sites\\\/2\\\/2025\\\/05\\\/KdQOLQNr.jpg\",\"articleSection\":[\"Espectaculos\"],\"inLanguage\":\"es-AR\",\"potentialAction\":[{\"@type\":\"CommentAction\",\"name\":\"Comment\",\"target\":[\"https:\\\/\\\/radioclanfm.com\\\/clanespectaculos\\\/estefania-pasquini-la-esposa-de-alberto-cormillot-manifesto-su-intencion-de-agrandar-la-familia-amaria-tener-otro\\\/#respond\"]}]},{\"@type\":\"WebPage\",\"@id\":\"https:\\\/\\\/radioclanfm.com\\\/clanespectaculos\\\/estefania-pasquini-la-esposa-de-alberto-cormillot-manifesto-su-intencion-de-agrandar-la-familia-amaria-tener-otro\\\/\",\"url\":\"https:\\\/\\\/radioclanfm.com\\\/clanespectaculos\\\/estefania-pasquini-la-esposa-de-alberto-cormillot-manifesto-su-intencion-de-agrandar-la-familia-amaria-tener-otro\\\/\",\"name\":\"Estefan\u00eda Pasquini, la esposa de Alberto Cormillot, manifest\u00f3 su intenci\u00f3n de agrandar la familia: \u201cAmar\u00eda tener otro\u201d - CLAN ESPECTACULOS\",\"isPartOf\":{\"@id\":\"https:\\\/\\\/radioclanfm.com\\\/clanespectaculos\\\/#website\"},\"primaryImageOfPage\":{\"@id\":\"https:\\\/\\\/radioclanfm.com\\\/clanespectaculos\\\/estefania-pasquini-la-esposa-de-alberto-cormillot-manifesto-su-intencion-de-agrandar-la-familia-amaria-tener-otro\\\/#primaryimage\"},\"image\":{\"@id\":\"https:\\\/\\\/radioclanfm.com\\\/clanespectaculos\\\/estefania-pasquini-la-esposa-de-alberto-cormillot-manifesto-su-intencion-de-agrandar-la-familia-amaria-tener-otro\\\/#primaryimage\"},\"thumbnailUrl\":\"https:\\\/\\\/radioclanfm.com\\\/clanespectaculos\\\/wp-content\\\/uploads\\\/sites\\\/2\\\/2025\\\/05\\\/KdQOLQNr.jpg\",\"datePublished\":\"2025-05-13T15:47:16+00:00\",\"breadcrumb\":{\"@id\":\"https:\\\/\\\/radioclanfm.com\\\/clanespectaculos\\\/estefania-pasquini-la-esposa-de-alberto-cormillot-manifesto-su-intencion-de-agrandar-la-familia-amaria-tener-otro\\\/#breadcrumb\"},\"inLanguage\":\"es-AR\",\"potentialAction\":[{\"@type\":\"ReadAction\",\"target\":[\"https:\\\/\\\/radioclanfm.com\\\/clanespectaculos\\\/estefania-pasquini-la-esposa-de-alberto-cormillot-manifesto-su-intencion-de-agrandar-la-familia-amaria-tener-otro\\\/\"]}]},{\"@type\":\"ImageObject\",\"inLanguage\":\"es-AR\",\"@id\":\"https:\\\/\\\/radioclanfm.com\\\/clanespectaculos\\\/estefania-pasquini-la-esposa-de-alberto-cormillot-manifesto-su-intencion-de-agrandar-la-familia-amaria-tener-otro\\\/#primaryimage\",\"url\":\"https:\\\/\\\/radioclanfm.com\\\/clanespectaculos\\\/wp-content\\\/uploads\\\/sites\\\/2\\\/2025\\\/05\\\/KdQOLQNr.jpg\",\"contentUrl\":\"https:\\\/\\\/radioclanfm.com\\\/clanespectaculos\\\/wp-content\\\/uploads\\\/sites\\\/2\\\/2025\\\/05\\\/KdQOLQNr.jpg\",\"width\":900,\"height\":450},{\"@type\":\"BreadcrumbList\",\"@id\":\"https:\\\/\\\/radioclanfm.com\\\/clanespectaculos\\\/estefania-pasquini-la-esposa-de-alberto-cormillot-manifesto-su-intencion-de-agrandar-la-familia-amaria-tener-otro\\\/#breadcrumb\",\"itemListElement\":[{\"@type\":\"ListItem\",\"position\":1,\"name\":\"Inicio\",\"item\":\"https:\\\/\\\/radioclanfm.com\\\/clanespectaculos\\\/\"},{\"@type\":\"ListItem\",\"position\":2,\"name\":\"Estefan\u00eda Pasquini, la esposa de Alberto Cormillot, manifest\u00f3 su intenci\u00f3n de agrandar la familia: \u201cAmar\u00eda tener otro\u201d\"}]},{\"@type\":\"WebSite\",\"@id\":\"https:\\\/\\\/radioclanfm.com\\\/clanespectaculos\\\/#website\",\"url\":\"https:\\\/\\\/radioclanfm.com\\\/clanespectaculos\\\/\",\"name\":\"CLAN ESPECTACULOS\",\"description\":\"\",\"publisher\":{\"@id\":\"https:\\\/\\\/radioclanfm.com\\\/clanespectaculos\\\/#organization\"},\"potentialAction\":[{\"@type\":\"SearchAction\",\"target\":{\"@type\":\"EntryPoint\",\"urlTemplate\":\"https:\\\/\\\/radioclanfm.com\\\/clanespectaculos\\\/?s={search_term_string}\"},\"query-input\":{\"@type\":\"PropertyValueSpecification\",\"valueRequired\":true,\"valueName\":\"search_term_string\"}}],\"inLanguage\":\"es-AR\"},{\"@type\":\"Organization\",\"@id\":\"https:\\\/\\\/radioclanfm.com\\\/clanespectaculos\\\/#organization\",\"name\":\"CLAN ESPECTACULOS\",\"url\":\"https:\\\/\\\/radioclanfm.com\\\/clanespectaculos\\\/\",\"logo\":{\"@type\":\"ImageObject\",\"inLanguage\":\"es-AR\",\"@id\":\"https:\\\/\\\/radioclanfm.com\\\/clanespectaculos\\\/#\\\/schema\\\/logo\\\/image\\\/\",\"url\":\"https:\\\/\\\/radioclanfm.com\\\/clanespectaculos\\\/wp-content\\\/uploads\\\/sites\\\/2\\\/2026\\\/04\\\/ChatGPT-Image-23-mar-2026-10_09_00.png\",\"contentUrl\":\"https:\\\/\\\/radioclanfm.com\\\/clanespectaculos\\\/wp-content\\\/uploads\\\/sites\\\/2\\\/2026\\\/04\\\/ChatGPT-Image-23-mar-2026-10_09_00.png\",\"width\":1024,\"height\":1024,\"caption\":\"CLAN ESPECTACULOS\"},\"image\":{\"@id\":\"https:\\\/\\\/radioclanfm.com\\\/clanespectaculos\\\/#\\\/schema\\\/logo\\\/image\\\/\"},\"sameAs\":[\"https:\\\/\\\/www.facebook.com\\\/clanespectaculos\\\/\",\"https:\\\/\\\/x.com\\\/clanespectok\"]},{\"@type\":\"Person\",\"@id\":\"https:\\\/\\\/radioclanfm.com\\\/clanespectaculos\\\/#\\\/schema\\\/person\\\/9734813083303230f3ad84d99171b20c\",\"name\":\"E-GRUPOCLAN\",\"image\":{\"@type\":\"ImageObject\",\"inLanguage\":\"es-AR\",\"@id\":\"https:\\\/\\\/secure.gravatar.com\\\/avatar\\\/af6e19837c3d6a212034a48c7b3818d2ac1826f6025df0155da5a186ad321d79?s=96&d=mm&r=g\",\"url\":\"https:\\\/\\\/secure.gravatar.com\\\/avatar\\\/af6e19837c3d6a212034a48c7b3818d2ac1826f6025df0155da5a186ad321d79?s=96&d=mm&r=g\",\"contentUrl\":\"https:\\\/\\\/secure.gravatar.com\\\/avatar\\\/af6e19837c3d6a212034a48c7b3818d2ac1826f6025df0155da5a186ad321d79?s=96&d=mm&r=g\",\"caption\":\"E-GRUPOCLAN\"},\"sameAs\":[\"https:\\\/\\\/radioclanfm.com\"],\"url\":\"https:\\\/\\\/radioclanfm.com\\\/clanespectaculos\\\/author\\\/admin\\\/\"}]}<\/script>\n<!-- \/ Yoast SEO plugin. -->","yoast_head_json":{"title":"Estefan\u00eda Pasquini, la esposa de Alberto Cormillot, manifest\u00f3 su intenci\u00f3n de agrandar la familia: \u201cAmar\u00eda tener otro\u201d - CLAN ESPECTACULOS","robots":{"index":"index","follow":"follow","max-snippet":"max-snippet:-1","max-image-preview":"max-image-preview:large","max-video-preview":"max-video-preview:-1"},"canonical":"https:\/\/radioclanfm.com\/clanespectaculos\/estefania-pasquini-la-esposa-de-alberto-cormillot-manifesto-su-intencion-de-agrandar-la-familia-amaria-tener-otro\/","og_locale":"es_ES","og_type":"article","og_title":"Estefan\u00eda Pasquini, la esposa de Alberto Cormillot, manifest\u00f3 su intenci\u00f3n de agrandar la familia: \u201cAmar\u00eda tener otro\u201d - CLAN ESPECTACULOS","og_description":"La nutricionista y esposa del reconocido m\u00e9dico\u00a0Alberto Cormillot,\u00a0Estefan\u00eda Pasquini, sorprendi\u00f3 a sus seguidores al hablar abiertamente sobre\u00a0su deseo de volver a ser madre.\u00a0En una ronda de preguntas con su comunidad de Instagram, abord\u00f3 sin filtro temas vinculados a su maternidad, su relaci\u00f3n de pareja y su experiencia personal frente a las cr\u00edticas. La interacci\u00f3n con [&hellip;]","og_url":"https:\/\/radioclanfm.com\/clanespectaculos\/estefania-pasquini-la-esposa-de-alberto-cormillot-manifesto-su-intencion-de-agrandar-la-familia-amaria-tener-otro\/","og_site_name":"CLAN ESPECTACULOS","article_publisher":"https:\/\/www.facebook.com\/clanespectaculos\/","article_published_time":"2025-05-13T15:47:16+00:00","og_image":[{"width":900,"height":450,"url":"https:\/\/radioclanfm.com\/clanespectaculos\/wp-content\/uploads\/sites\/2\/2025\/05\/KdQOLQNr.jpg","type":"image\/jpeg"}],"author":"E-GRUPOCLAN","twitter_card":"summary_large_image","twitter_creator":"@clanespectok","twitter_site":"@clanespectok","twitter_misc":{"Escrito por":"E-GRUPOCLAN","Tiempo de lectura":"4 minutos"},"schema":{"@context":"https:\/\/schema.org","@graph":[{"@type":"Article","@id":"https:\/\/radioclanfm.com\/clanespectaculos\/estefania-pasquini-la-esposa-de-alberto-cormillot-manifesto-su-intencion-de-agrandar-la-familia-amaria-tener-otro\/#article","isPartOf":{"@id":"https:\/\/radioclanfm.com\/clanespectaculos\/estefania-pasquini-la-esposa-de-alberto-cormillot-manifesto-su-intencion-de-agrandar-la-familia-amaria-tener-otro\/"},"author":{"name":"E-GRUPOCLAN","@id":"https:\/\/radioclanfm.com\/clanespectaculos\/#\/schema\/person\/9734813083303230f3ad84d99171b20c"},"headline":"Estefan\u00eda Pasquini, la esposa de Alberto Cormillot, manifest\u00f3 su intenci\u00f3n de agrandar la familia: \u201cAmar\u00eda tener otro\u201d","datePublished":"2025-05-13T15:47:16+00:00","mainEntityOfPage":{"@id":"https:\/\/radioclanfm.com\/clanespectaculos\/estefania-pasquini-la-esposa-de-alberto-cormillot-manifesto-su-intencion-de-agrandar-la-familia-amaria-tener-otro\/"},"wordCount":762,"commentCount":0,"publisher":{"@id":"https:\/\/radioclanfm.com\/clanespectaculos\/#organization"},"image":{"@id":"https:\/\/radioclanfm.com\/clanespectaculos\/estefania-pasquini-la-esposa-de-alberto-cormillot-manifesto-su-intencion-de-agrandar-la-familia-amaria-tener-otro\/#primaryimage"},"thumbnailUrl":"https:\/\/radioclanfm.com\/clanespectaculos\/wp-content\/uploads\/sites\/2\/2025\/05\/KdQOLQNr.jpg","articleSection":["Espectaculos"],"inLanguage":"es-AR","potentialAction":[{"@type":"CommentAction","name":"Comment","target":["https:\/\/radioclanfm.com\/clanespectaculos\/estefania-pasquini-la-esposa-de-alberto-cormillot-manifesto-su-intencion-de-agrandar-la-familia-amaria-tener-otro\/#respond"]}]},{"@type":"WebPage","@id":"https:\/\/radioclanfm.com\/clanespectaculos\/estefania-pasquini-la-esposa-de-alberto-cormillot-manifesto-su-intencion-de-agrandar-la-familia-amaria-tener-otro\/","url":"https:\/\/radioclanfm.com\/clanespectaculos\/estefania-pasquini-la-esposa-de-alberto-cormillot-manifesto-su-intencion-de-agrandar-la-familia-amaria-tener-otro\/","name":"Estefan\u00eda Pasquini, la esposa de Alberto Cormillot, manifest\u00f3 su intenci\u00f3n de agrandar la familia: \u201cAmar\u00eda tener otro\u201d - CLAN ESPECTACULOS","isPartOf":{"@id":"https:\/\/radioclanfm.com\/clanespectaculos\/#website"},"primaryImageOfPage":{"@id":"https:\/\/radioclanfm.com\/clanespectaculos\/estefania-pasquini-la-esposa-de-alberto-cormillot-manifesto-su-intencion-de-agrandar-la-familia-amaria-tener-otro\/#primaryimage"},"image":{"@id":"https:\/\/radioclanfm.com\/clanespectaculos\/estefania-pasquini-la-esposa-de-alberto-cormillot-manifesto-su-intencion-de-agrandar-la-familia-amaria-tener-otro\/#primaryimage"},"thumbnailUrl":"https:\/\/radioclanfm.com\/clanespectaculos\/wp-content\/uploads\/sites\/2\/2025\/05\/KdQOLQNr.jpg","datePublished":"2025-05-13T15:47:16+00:00","breadcrumb":{"@id":"https:\/\/radioclanfm.com\/clanespectaculos\/estefania-pasquini-la-esposa-de-alberto-cormillot-manifesto-su-intencion-de-agrandar-la-familia-amaria-tener-otro\/#breadcrumb"},"inLanguage":"es-AR","potentialAction":[{"@type":"ReadAction","target":["https:\/\/radioclanfm.com\/clanespectaculos\/estefania-pasquini-la-esposa-de-alberto-cormillot-manifesto-su-intencion-de-agrandar-la-familia-amaria-tener-otro\/"]}]},{"@type":"ImageObject","inLanguage":"es-AR","@id":"https:\/\/radioclanfm.com\/clanespectaculos\/estefania-pasquini-la-esposa-de-alberto-cormillot-manifesto-su-intencion-de-agrandar-la-familia-amaria-tener-otro\/#primaryimage","url":"https:\/\/radioclanfm.com\/clanespectaculos\/wp-content\/uploads\/sites\/2\/2025\/05\/KdQOLQNr.jpg","contentUrl":"https:\/\/radioclanfm.com\/clanespectaculos\/wp-content\/uploads\/sites\/2\/2025\/05\/KdQOLQNr.jpg","width":900,"height":450},{"@type":"BreadcrumbList","@id":"https:\/\/radioclanfm.com\/clanespectaculos\/estefania-pasquini-la-esposa-de-alberto-cormillot-manifesto-su-intencion-de-agrandar-la-familia-amaria-tener-otro\/#breadcrumb","itemListElement":[{"@type":"ListItem","position":1,"name":"Inicio","item":"https:\/\/radioclanfm.com\/clanespectaculos\/"},{"@type":"ListItem","position":2,"name":"Estefan\u00eda Pasquini, la esposa de Alberto Cormillot, manifest\u00f3 su intenci\u00f3n de agrandar la familia: \u201cAmar\u00eda tener otro\u201d"}]},{"@type":"WebSite","@id":"https:\/\/radioclanfm.com\/clanespectaculos\/#website","url":"https:\/\/radioclanfm.com\/clanespectaculos\/","name":"CLAN ESPECTACULOS","description":"","publisher":{"@id":"https:\/\/radioclanfm.com\/clanespectaculos\/#organization"},"potentialAction":[{"@type":"SearchAction","target":{"@type":"EntryPoint","urlTemplate":"https:\/\/radioclanfm.com\/clanespectaculos\/?s={search_term_string}"},"query-input":{"@type":"PropertyValueSpecification","valueRequired":true,"valueName":"search_term_string"}}],"inLanguage":"es-AR"},{"@type":"Organization","@id":"https:\/\/radioclanfm.com\/clanespectaculos\/#organization","name":"CLAN ESPECTACULOS","url":"https:\/\/radioclanfm.com\/clanespectaculos\/","logo":{"@type":"ImageObject","inLanguage":"es-AR","@id":"https:\/\/radioclanfm.com\/clanespectaculos\/#\/schema\/logo\/image\/","url":"https:\/\/radioclanfm.com\/clanespectaculos\/wp-content\/uploads\/sites\/2\/2026\/04\/ChatGPT-Image-23-mar-2026-10_09_00.png","contentUrl":"https:\/\/radioclanfm.com\/clanespectaculos\/wp-content\/uploads\/sites\/2\/2026\/04\/ChatGPT-Image-23-mar-2026-10_09_00.png","width":1024,"height":1024,"caption":"CLAN ESPECTACULOS"},"image":{"@id":"https:\/\/radioclanfm.com\/clanespectaculos\/#\/schema\/logo\/image\/"},"sameAs":["https:\/\/www.facebook.com\/clanespectaculos\/","https:\/\/x.com\/clanespectok"]},{"@type":"Person","@id":"https:\/\/radioclanfm.com\/clanespectaculos\/#\/schema\/person\/9734813083303230f3ad84d99171b20c","name":"E-GRUPOCLAN","image":{"@type":"ImageObject","inLanguage":"es-AR","@id":"https:\/\/secure.gravatar.com\/avatar\/af6e19837c3d6a212034a48c7b3818d2ac1826f6025df0155da5a186ad321d79?s=96&d=mm&r=g","url":"https:\/\/secure.gravatar.com\/avatar\/af6e19837c3d6a212034a48c7b3818d2ac1826f6025df0155da5a186ad321d79?s=96&d=mm&r=g","contentUrl":"https:\/\/secure.gravatar.com\/avatar\/af6e19837c3d6a212034a48c7b3818d2ac1826f6025df0155da5a186ad321d79?s=96&d=mm&r=g","caption":"E-GRUPOCLAN"},"sameAs":["https:\/\/radioclanfm.com"],"url":"https:\/\/radioclanfm.com\/clanespectaculos\/author\/admin\/"}]}},"_links":{"self":[{"href":"https:\/\/radioclanfm.com\/clanespectaculos\/wp-json\/wp\/v2\/posts\/484","targetHints":{"allow":["GET"]}}],"collection":[{"href":"https:\/\/radioclanfm.com\/clanespectaculos\/wp-json\/wp\/v2\/posts"}],"about":[{"href":"https:\/\/radioclanfm.com\/clanespectaculos\/wp-json\/wp\/v2\/types\/post"}],"author":[{"embeddable":true,"href":"https:\/\/radioclanfm.com\/clanespectaculos\/wp-json\/wp\/v2\/users\/1"}],"replies":[{"embeddable":true,"href":"https:\/\/radioclanfm.com\/clanespectaculos\/wp-json\/wp\/v2\/comments?post=484"}],"version-history":[{"count":1,"href":"https:\/\/radioclanfm.com\/clanespectaculos\/wp-json\/wp\/v2\/posts\/484\/revisions"}],"predecessor-version":[{"id":488,"href":"https:\/\/radioclanfm.com\/clanespectaculos\/wp-json\/wp\/v2\/posts\/484\/revisions\/488"}],"wp:featuredmedia":[{"embeddable":true,"href":"https:\/\/radioclanfm.com\/clanespectaculos\/wp-json\/wp\/v2\/media\/487"}],"wp:attachment":[{"href":"https:\/\/radioclanfm.com\/clanespectaculos\/wp-json\/wp\/v2\/media?parent=484"}],"wp:term":[{"taxonomy":"category","embeddable":true,"href":"https:\/\/radioclanfm.com\/clanespectaculos\/wp-json\/wp\/v2\/categories?post=484"},{"taxonomy":"post_tag","embeddable":true,"href":"https:\/\/radioclanfm.com\/clanespectaculos\/wp-json\/wp\/v2\/tags?post=484"}],"curies":[{"name":"wp","href":"https:\/\/api.w.org\/{rel}","templated":true}]}}