{"id":467,"date":"2025-05-13T12:37:31","date_gmt":"2025-05-13T15:37:31","guid":{"rendered":"https:\/\/radioclanfm.com\/clanespectaculos\/?p=467"},"modified":"2025-05-13T12:37:31","modified_gmt":"2025-05-13T15:37:31","slug":"el-contundente-mensaje-de-daniela-celis-tras-su-separacion-de-thiago-medina-mejor-que-antes","status":"publish","type":"post","link":"https:\/\/radioclanfm.com\/clanespectaculos\/el-contundente-mensaje-de-daniela-celis-tras-su-separacion-de-thiago-medina-mejor-que-antes\/","title":{"rendered":"El contundente mensaje de Daniela Celis tras su separaci\u00f3n de Thiago Medina: \u201cMejor que antes\u201d"},"content":{"rendered":"<p>La separaci\u00f3n de\u00a0<strong>Daniela Celis\u00a0<\/strong>y\u00a0<strong>Thiago Medina<\/strong>\u00a0sorprendi\u00f3 al mundo del espect\u00e1culo ya que era una de las parejas m\u00e1s queridas. Los participantes de\u00a0<em>Gran Hermano<\/em>\u00a0hab\u00edan seguido su historia de amor fuera del reality y hab\u00edan decidido formar una familia. Despu\u00e9s del nacimiento de Aim\u00e9 y Laia, ambos decidieron separarse y lo comunicaban en sus redes sociales.<\/p>\n<p>A pocos d\u00edas del anuncio de la ruptura, Daniela revel\u00f3 c\u00f3mo es hoy el v\u00ednculo con su ex.\u00a0<em>&#8220;Con Thiago no hay ninguna rivalidad, somos padres para siempre. Seguimos unidos, siendo un equipo para ellas. Con mucha ayuda en el medio de profesionales, amigos y familia&#8221;<\/em>, expres\u00f3 la ex hermanita.<\/p>\n<p><strong>Sin embargo, destac\u00f3 que las gemelas &#8220;est\u00e1n mejor que antes&#8221;, una frase que da a entender que ten\u00edan constantes discusiones o roces.<\/strong>\u00a0<em>&#8220;Gracias a todos por la preocupaci\u00f3n y el amor: las beb\u00e9s est\u00e1n mejor que antes cri\u00e1ndose en un mundo con amor verdadero&#8221;,<\/em>\u00a0continu\u00f3 en el posteo donde aparece abrazada con Medina.<\/p>\n<div class=\"mt-box \">\n<h4 class=\"mt-heading\">Mir\u00e1 Tambi\u00e9n<\/h4>\n<div class=\"mt-content\">\n<div class=\"mt-image-container\"><img decoding=\"async\" class=\"mt-image\" src=\"https:\/\/www.parati.com.ar\/wp-content\/uploads\/2025\/04\/PLANTILLA-PORTADA-2025-04-20T203522.067-545x415.jpg\" alt=\"Los adorables looks de Aim\u00e9 y Laila, las gemelas de Daniela Celis, en Pascuas\" \/><\/div>\n<h5 class=\"mt-title\">Los adorables looks de Aim\u00e9 y Laila, las gemelas de Daniela Celis, en Pascuas<\/h5>\n<\/div>\n<\/div>\n<p>&nbsp;<\/p>\n<div class=\"wp-block-image\">\n<figure class=\"aligncenter size-full is-resized\"><img loading=\"lazy\" decoding=\"async\" class=\"wp-image-3098756\" src=\"https:\/\/www.parati.com.ar\/wp-content\/uploads\/2025\/05\/SaveClip.App_497772483_717506940775377_3557928192325347909_n.jpg\" alt=\"\" width=\"640\" height=\"1136\" \/><figcaption class=\"wp-element-caption\">Daniela Celis cont\u00f3 c\u00f3mo sigue su v\u00ednculo con Thiago Medina. Fotos: IG.<\/figcaption><\/figure>\n<\/div>\n<div class=\"mt-box \">\n<h4 class=\"mt-heading\">Mir\u00e1 Tambi\u00e9n<\/h4>\n<div class=\"mt-content\">\n<div class=\"mt-image-container\"><img decoding=\"async\" class=\"mt-image\" src=\"https:\/\/www.parati.com.ar\/wp-content\/uploads\/2025\/04\/PLANTILLA-PORTADA-2025-04-19T183654.933-545x415.jpg\" alt=\"La angustia de Daniela Celis por la salud de sus gemelas Laia y Aim\u00e9\" \/><\/div>\n<h5 class=\"mt-title\">La angustia de Daniela Celis por la salud de sus gemelas Laia y Aim\u00e9<\/h5>\n<\/div>\n<\/div>\n<p>Horas m\u00e1s tarde, Celis comparti\u00f3 otra publicaci\u00f3n donde se la puede ver con sus hijas y cuidando de ellas.\u00a0<strong>Seg\u00fan lo revelado por su ex pareja, el joven fue quien se mud\u00f3 de la casa y ahora es quien debe viajar a ver a sus hijas.<\/strong>\u00a0A pesar de que Thiago lamentaba lo sucedido, se mostr\u00f3 positivo y con ganas de buscar alg\u00fan nuevo trabajo.<\/p>\n<p>Por medio de las redes sociales,<strong>\u00a0hab\u00eda manifestado preocupaci\u00f3n por su situaci\u00f3n econ\u00f3mica ya que carece de veh\u00edculo y debi\u00f3 alquilar un departamento.\u00a0<em>&#8220;<\/em><\/strong><em>Me mud\u00e9 a 15 cuadras de la casa de mis hijas para venir a verlas todo el tiempo, estamos bien porque antes de ser pareja somos padres&#8221;<\/em>, hab\u00eda contado por medio de un video.<\/p>\n<p>&#8220;<em>Estamos bien, vengo a ver a las beb\u00e9s todos los d\u00edas, ahora me estoy yendo a la casa que alquil\u00e9, estoy en bici porque no tengo con qu\u00e9 moverme, pero ya vamos a conseguir algo<\/em>&#8220;, contaba el ex Gran Hermano.<\/p>\n<div class=\"mt-box \">\n<h4 class=\"mt-heading\">Mir\u00e1 Tambi\u00e9n<\/h4>\n<div class=\"mt-content\">\n<div class=\"mt-image-container\"><img decoding=\"async\" class=\"mt-image\" src=\"https:\/\/www.parati.com.ar\/wp-content\/uploads\/2025\/05\/PORTADA-thiago-y-danilea-545x415.jpg\" alt=\"Thiago Medina anunci\u00f3 entre l\u00e1grimas su separaci\u00f3n de Daniela Celis: &quot;Ya no estamos m\u00e1s juntos&quot;\" \/><\/div>\n<h5 class=\"mt-title\">Thiago Medina anunci\u00f3 entre l\u00e1grimas su separaci\u00f3n de Daniela Celis: &#8220;Ya no estamos m\u00e1s juntos&#8221;<\/h5>\n<\/div>\n<\/div>\n<div class=\"wp-block-image\">\n<figure class=\"aligncenter size-full is-resized\"><img loading=\"lazy\" decoding=\"async\" class=\"wp-image-3098758\" src=\"https:\/\/www.parati.com.ar\/wp-content\/uploads\/2025\/05\/SaveClip.App_497223762_18393269152112834_2112874982840268780_n-1.jpg\" alt=\"\" width=\"1290\" height=\"2293\" \/><figcaption class=\"wp-element-caption\">La ex Gran Hermano llev\u00f3 tranquilidad a sus seguidores sobre el estado de las ni\u00f1as. Fotos: IG.<\/figcaption><\/figure>\n<\/div>\n","protected":false},"excerpt":{"rendered":"<p>La separaci\u00f3n de\u00a0Daniela Celis\u00a0y\u00a0Thiago Medina\u00a0sorprendi\u00f3 al mundo del espect\u00e1culo ya que era una de las parejas m\u00e1s queridas. Los participantes de\u00a0Gran Hermano\u00a0hab\u00edan seguido su historia de amor fuera del reality y hab\u00edan decidido formar una familia. Despu\u00e9s del nacimiento de Aim\u00e9 y Laia, ambos decidieron separarse y lo comunicaban en sus redes sociales. A pocos [&hellip;]<\/p>\n","protected":false},"author":1,"featured_media":470,"comment_status":"open","ping_status":"open","sticky":false,"template":"","format":"standard","meta":{"rop_custom_images_group":[],"rop_custom_messages_group":[],"rop_publish_now":"initial","rop_publish_now_accounts":[],"rop_publish_now_history":[],"rop_publish_now_status":"pending","footnotes":"","jetpack_publicize_message":"","jetpack_publicize_feature_enabled":true,"jetpack_social_post_already_shared":true,"jetpack_social_options":{"image_generator_settings":{"template":"highway","enabled":false},"version":2}},"categories":[12],"tags":[],"class_list":{"0":"post-467","1":"post","2":"type-post","3":"status-publish","4":"format-standard","5":"has-post-thumbnail","7":"category-espectaculos"},"jetpack_publicize_connections":[],"yoast_head":"<!-- This site is optimized with the Yoast SEO plugin v27.3 - https:\/\/yoast.com\/product\/yoast-seo-wordpress\/ -->\n<title>El contundente mensaje de Daniela Celis tras su separaci\u00f3n de Thiago Medina: \u201cMejor que antes\u201d - CLAN ESPECTACULOS<\/title>\n<meta name=\"robots\" content=\"index, follow, max-snippet:-1, max-image-preview:large, max-video-preview:-1\" \/>\n<link rel=\"canonical\" href=\"https:\/\/radioclanfm.com\/clanespectaculos\/el-contundente-mensaje-de-daniela-celis-tras-su-separacion-de-thiago-medina-mejor-que-antes\/\" \/>\n<meta property=\"og:locale\" content=\"es_ES\" \/>\n<meta property=\"og:type\" content=\"article\" \/>\n<meta property=\"og:title\" content=\"El contundente mensaje de Daniela Celis tras su separaci\u00f3n de Thiago Medina: \u201cMejor que antes\u201d - CLAN ESPECTACULOS\" \/>\n<meta property=\"og:description\" content=\"La separaci\u00f3n de\u00a0Daniela Celis\u00a0y\u00a0Thiago Medina\u00a0sorprendi\u00f3 al mundo del espect\u00e1culo ya que era una de las parejas m\u00e1s queridas. Los participantes de\u00a0Gran Hermano\u00a0hab\u00edan seguido su historia de amor fuera del reality y hab\u00edan decidido formar una familia. Despu\u00e9s del nacimiento de Aim\u00e9 y Laia, ambos decidieron separarse y lo comunicaban en sus redes sociales. A pocos [&hellip;]\" \/>\n<meta property=\"og:url\" content=\"https:\/\/radioclanfm.com\/clanespectaculos\/el-contundente-mensaje-de-daniela-celis-tras-su-separacion-de-thiago-medina-mejor-que-antes\/\" \/>\n<meta property=\"og:site_name\" content=\"CLAN ESPECTACULOS\" \/>\n<meta property=\"article:publisher\" content=\"https:\/\/www.facebook.com\/clanespectaculos\/\" \/>\n<meta property=\"article:published_time\" content=\"2025-05-13T15:37:31+00:00\" \/>\n<meta property=\"og:image\" content=\"https:\/\/radioclanfm.com\/clanespectaculos\/wp-content\/uploads\/sites\/2\/2025\/05\/lO7TGS9x.jpg\" \/>\n\t<meta property=\"og:image:width\" content=\"600\" \/>\n\t<meta property=\"og:image:height\" content=\"314\" \/>\n\t<meta property=\"og:image:type\" content=\"image\/jpeg\" \/>\n<meta name=\"author\" content=\"E-GRUPOCLAN\" \/>\n<meta name=\"twitter:card\" content=\"summary_large_image\" \/>\n<meta name=\"twitter:creator\" content=\"@clanespectok\" \/>\n<meta name=\"twitter:site\" content=\"@clanespectok\" \/>\n<meta name=\"twitter:label1\" content=\"Escrito por\" \/>\n\t<meta name=\"twitter:data1\" content=\"E-GRUPOCLAN\" \/>\n\t<meta name=\"twitter:label2\" content=\"Tiempo de lectura\" \/>\n\t<meta name=\"twitter:data2\" content=\"2 minutos\" \/>\n<script type=\"application\/ld+json\" class=\"yoast-schema-graph\">{\"@context\":\"https:\\\/\\\/schema.org\",\"@graph\":[{\"@type\":\"Article\",\"@id\":\"https:\\\/\\\/radioclanfm.com\\\/clanespectaculos\\\/el-contundente-mensaje-de-daniela-celis-tras-su-separacion-de-thiago-medina-mejor-que-antes\\\/#article\",\"isPartOf\":{\"@id\":\"https:\\\/\\\/radioclanfm.com\\\/clanespectaculos\\\/el-contundente-mensaje-de-daniela-celis-tras-su-separacion-de-thiago-medina-mejor-que-antes\\\/\"},\"author\":{\"name\":\"E-GRUPOCLAN\",\"@id\":\"https:\\\/\\\/radioclanfm.com\\\/clanespectaculos\\\/#\\\/schema\\\/person\\\/9734813083303230f3ad84d99171b20c\"},\"headline\":\"El contundente mensaje de Daniela Celis tras su separaci\u00f3n de Thiago Medina: \u201cMejor que antes\u201d\",\"datePublished\":\"2025-05-13T15:37:31+00:00\",\"mainEntityOfPage\":{\"@id\":\"https:\\\/\\\/radioclanfm.com\\\/clanespectaculos\\\/el-contundente-mensaje-de-daniela-celis-tras-su-separacion-de-thiago-medina-mejor-que-antes\\\/\"},\"wordCount\":454,\"commentCount\":0,\"publisher\":{\"@id\":\"https:\\\/\\\/radioclanfm.com\\\/clanespectaculos\\\/#organization\"},\"image\":{\"@id\":\"https:\\\/\\\/radioclanfm.com\\\/clanespectaculos\\\/el-contundente-mensaje-de-daniela-celis-tras-su-separacion-de-thiago-medina-mejor-que-antes\\\/#primaryimage\"},\"thumbnailUrl\":\"https:\\\/\\\/radioclanfm.com\\\/clanespectaculos\\\/wp-content\\\/uploads\\\/sites\\\/2\\\/2025\\\/05\\\/lO7TGS9x.jpg\",\"articleSection\":[\"Espectaculos\"],\"inLanguage\":\"es-AR\",\"potentialAction\":[{\"@type\":\"CommentAction\",\"name\":\"Comment\",\"target\":[\"https:\\\/\\\/radioclanfm.com\\\/clanespectaculos\\\/el-contundente-mensaje-de-daniela-celis-tras-su-separacion-de-thiago-medina-mejor-que-antes\\\/#respond\"]}]},{\"@type\":\"WebPage\",\"@id\":\"https:\\\/\\\/radioclanfm.com\\\/clanespectaculos\\\/el-contundente-mensaje-de-daniela-celis-tras-su-separacion-de-thiago-medina-mejor-que-antes\\\/\",\"url\":\"https:\\\/\\\/radioclanfm.com\\\/clanespectaculos\\\/el-contundente-mensaje-de-daniela-celis-tras-su-separacion-de-thiago-medina-mejor-que-antes\\\/\",\"name\":\"El contundente mensaje de Daniela Celis tras su separaci\u00f3n de Thiago Medina: \u201cMejor que antes\u201d - CLAN ESPECTACULOS\",\"isPartOf\":{\"@id\":\"https:\\\/\\\/radioclanfm.com\\\/clanespectaculos\\\/#website\"},\"primaryImageOfPage\":{\"@id\":\"https:\\\/\\\/radioclanfm.com\\\/clanespectaculos\\\/el-contundente-mensaje-de-daniela-celis-tras-su-separacion-de-thiago-medina-mejor-que-antes\\\/#primaryimage\"},\"image\":{\"@id\":\"https:\\\/\\\/radioclanfm.com\\\/clanespectaculos\\\/el-contundente-mensaje-de-daniela-celis-tras-su-separacion-de-thiago-medina-mejor-que-antes\\\/#primaryimage\"},\"thumbnailUrl\":\"https:\\\/\\\/radioclanfm.com\\\/clanespectaculos\\\/wp-content\\\/uploads\\\/sites\\\/2\\\/2025\\\/05\\\/lO7TGS9x.jpg\",\"datePublished\":\"2025-05-13T15:37:31+00:00\",\"breadcrumb\":{\"@id\":\"https:\\\/\\\/radioclanfm.com\\\/clanespectaculos\\\/el-contundente-mensaje-de-daniela-celis-tras-su-separacion-de-thiago-medina-mejor-que-antes\\\/#breadcrumb\"},\"inLanguage\":\"es-AR\",\"potentialAction\":[{\"@type\":\"ReadAction\",\"target\":[\"https:\\\/\\\/radioclanfm.com\\\/clanespectaculos\\\/el-contundente-mensaje-de-daniela-celis-tras-su-separacion-de-thiago-medina-mejor-que-antes\\\/\"]}]},{\"@type\":\"ImageObject\",\"inLanguage\":\"es-AR\",\"@id\":\"https:\\\/\\\/radioclanfm.com\\\/clanespectaculos\\\/el-contundente-mensaje-de-daniela-celis-tras-su-separacion-de-thiago-medina-mejor-que-antes\\\/#primaryimage\",\"url\":\"https:\\\/\\\/radioclanfm.com\\\/clanespectaculos\\\/wp-content\\\/uploads\\\/sites\\\/2\\\/2025\\\/05\\\/lO7TGS9x.jpg\",\"contentUrl\":\"https:\\\/\\\/radioclanfm.com\\\/clanespectaculos\\\/wp-content\\\/uploads\\\/sites\\\/2\\\/2025\\\/05\\\/lO7TGS9x.jpg\",\"width\":600,\"height\":314},{\"@type\":\"BreadcrumbList\",\"@id\":\"https:\\\/\\\/radioclanfm.com\\\/clanespectaculos\\\/el-contundente-mensaje-de-daniela-celis-tras-su-separacion-de-thiago-medina-mejor-que-antes\\\/#breadcrumb\",\"itemListElement\":[{\"@type\":\"ListItem\",\"position\":1,\"name\":\"Inicio\",\"item\":\"https:\\\/\\\/radioclanfm.com\\\/clanespectaculos\\\/\"},{\"@type\":\"ListItem\",\"position\":2,\"name\":\"El contundente mensaje de Daniela Celis tras su separaci\u00f3n de Thiago Medina: \u201cMejor que antes\u201d\"}]},{\"@type\":\"WebSite\",\"@id\":\"https:\\\/\\\/radioclanfm.com\\\/clanespectaculos\\\/#website\",\"url\":\"https:\\\/\\\/radioclanfm.com\\\/clanespectaculos\\\/\",\"name\":\"CLAN ESPECTACULOS\",\"description\":\"\",\"publisher\":{\"@id\":\"https:\\\/\\\/radioclanfm.com\\\/clanespectaculos\\\/#organization\"},\"potentialAction\":[{\"@type\":\"SearchAction\",\"target\":{\"@type\":\"EntryPoint\",\"urlTemplate\":\"https:\\\/\\\/radioclanfm.com\\\/clanespectaculos\\\/?s={search_term_string}\"},\"query-input\":{\"@type\":\"PropertyValueSpecification\",\"valueRequired\":true,\"valueName\":\"search_term_string\"}}],\"inLanguage\":\"es-AR\"},{\"@type\":\"Organization\",\"@id\":\"https:\\\/\\\/radioclanfm.com\\\/clanespectaculos\\\/#organization\",\"name\":\"CLAN ESPECTACULOS\",\"url\":\"https:\\\/\\\/radioclanfm.com\\\/clanespectaculos\\\/\",\"logo\":{\"@type\":\"ImageObject\",\"inLanguage\":\"es-AR\",\"@id\":\"https:\\\/\\\/radioclanfm.com\\\/clanespectaculos\\\/#\\\/schema\\\/logo\\\/image\\\/\",\"url\":\"https:\\\/\\\/radioclanfm.com\\\/clanespectaculos\\\/wp-content\\\/uploads\\\/sites\\\/2\\\/2026\\\/04\\\/ChatGPT-Image-23-mar-2026-10_09_00.png\",\"contentUrl\":\"https:\\\/\\\/radioclanfm.com\\\/clanespectaculos\\\/wp-content\\\/uploads\\\/sites\\\/2\\\/2026\\\/04\\\/ChatGPT-Image-23-mar-2026-10_09_00.png\",\"width\":1024,\"height\":1024,\"caption\":\"CLAN ESPECTACULOS\"},\"image\":{\"@id\":\"https:\\\/\\\/radioclanfm.com\\\/clanespectaculos\\\/#\\\/schema\\\/logo\\\/image\\\/\"},\"sameAs\":[\"https:\\\/\\\/www.facebook.com\\\/clanespectaculos\\\/\",\"https:\\\/\\\/x.com\\\/clanespectok\"]},{\"@type\":\"Person\",\"@id\":\"https:\\\/\\\/radioclanfm.com\\\/clanespectaculos\\\/#\\\/schema\\\/person\\\/9734813083303230f3ad84d99171b20c\",\"name\":\"E-GRUPOCLAN\",\"image\":{\"@type\":\"ImageObject\",\"inLanguage\":\"es-AR\",\"@id\":\"https:\\\/\\\/secure.gravatar.com\\\/avatar\\\/af6e19837c3d6a212034a48c7b3818d2ac1826f6025df0155da5a186ad321d79?s=96&d=mm&r=g\",\"url\":\"https:\\\/\\\/secure.gravatar.com\\\/avatar\\\/af6e19837c3d6a212034a48c7b3818d2ac1826f6025df0155da5a186ad321d79?s=96&d=mm&r=g\",\"contentUrl\":\"https:\\\/\\\/secure.gravatar.com\\\/avatar\\\/af6e19837c3d6a212034a48c7b3818d2ac1826f6025df0155da5a186ad321d79?s=96&d=mm&r=g\",\"caption\":\"E-GRUPOCLAN\"},\"sameAs\":[\"https:\\\/\\\/radioclanfm.com\"],\"url\":\"https:\\\/\\\/radioclanfm.com\\\/clanespectaculos\\\/author\\\/admin\\\/\"}]}<\/script>\n<!-- \/ Yoast SEO plugin. -->","yoast_head_json":{"title":"El contundente mensaje de Daniela Celis tras su separaci\u00f3n de Thiago Medina: \u201cMejor que antes\u201d - CLAN ESPECTACULOS","robots":{"index":"index","follow":"follow","max-snippet":"max-snippet:-1","max-image-preview":"max-image-preview:large","max-video-preview":"max-video-preview:-1"},"canonical":"https:\/\/radioclanfm.com\/clanespectaculos\/el-contundente-mensaje-de-daniela-celis-tras-su-separacion-de-thiago-medina-mejor-que-antes\/","og_locale":"es_ES","og_type":"article","og_title":"El contundente mensaje de Daniela Celis tras su separaci\u00f3n de Thiago Medina: \u201cMejor que antes\u201d - CLAN ESPECTACULOS","og_description":"La separaci\u00f3n de\u00a0Daniela Celis\u00a0y\u00a0Thiago Medina\u00a0sorprendi\u00f3 al mundo del espect\u00e1culo ya que era una de las parejas m\u00e1s queridas. Los participantes de\u00a0Gran Hermano\u00a0hab\u00edan seguido su historia de amor fuera del reality y hab\u00edan decidido formar una familia. Despu\u00e9s del nacimiento de Aim\u00e9 y Laia, ambos decidieron separarse y lo comunicaban en sus redes sociales. A pocos [&hellip;]","og_url":"https:\/\/radioclanfm.com\/clanespectaculos\/el-contundente-mensaje-de-daniela-celis-tras-su-separacion-de-thiago-medina-mejor-que-antes\/","og_site_name":"CLAN ESPECTACULOS","article_publisher":"https:\/\/www.facebook.com\/clanespectaculos\/","article_published_time":"2025-05-13T15:37:31+00:00","og_image":[{"width":600,"height":314,"url":"https:\/\/radioclanfm.com\/clanespectaculos\/wp-content\/uploads\/sites\/2\/2025\/05\/lO7TGS9x.jpg","type":"image\/jpeg"}],"author":"E-GRUPOCLAN","twitter_card":"summary_large_image","twitter_creator":"@clanespectok","twitter_site":"@clanespectok","twitter_misc":{"Escrito por":"E-GRUPOCLAN","Tiempo de lectura":"2 minutos"},"schema":{"@context":"https:\/\/schema.org","@graph":[{"@type":"Article","@id":"https:\/\/radioclanfm.com\/clanespectaculos\/el-contundente-mensaje-de-daniela-celis-tras-su-separacion-de-thiago-medina-mejor-que-antes\/#article","isPartOf":{"@id":"https:\/\/radioclanfm.com\/clanespectaculos\/el-contundente-mensaje-de-daniela-celis-tras-su-separacion-de-thiago-medina-mejor-que-antes\/"},"author":{"name":"E-GRUPOCLAN","@id":"https:\/\/radioclanfm.com\/clanespectaculos\/#\/schema\/person\/9734813083303230f3ad84d99171b20c"},"headline":"El contundente mensaje de Daniela Celis tras su separaci\u00f3n de Thiago Medina: \u201cMejor que antes\u201d","datePublished":"2025-05-13T15:37:31+00:00","mainEntityOfPage":{"@id":"https:\/\/radioclanfm.com\/clanespectaculos\/el-contundente-mensaje-de-daniela-celis-tras-su-separacion-de-thiago-medina-mejor-que-antes\/"},"wordCount":454,"commentCount":0,"publisher":{"@id":"https:\/\/radioclanfm.com\/clanespectaculos\/#organization"},"image":{"@id":"https:\/\/radioclanfm.com\/clanespectaculos\/el-contundente-mensaje-de-daniela-celis-tras-su-separacion-de-thiago-medina-mejor-que-antes\/#primaryimage"},"thumbnailUrl":"https:\/\/radioclanfm.com\/clanespectaculos\/wp-content\/uploads\/sites\/2\/2025\/05\/lO7TGS9x.jpg","articleSection":["Espectaculos"],"inLanguage":"es-AR","potentialAction":[{"@type":"CommentAction","name":"Comment","target":["https:\/\/radioclanfm.com\/clanespectaculos\/el-contundente-mensaje-de-daniela-celis-tras-su-separacion-de-thiago-medina-mejor-que-antes\/#respond"]}]},{"@type":"WebPage","@id":"https:\/\/radioclanfm.com\/clanespectaculos\/el-contundente-mensaje-de-daniela-celis-tras-su-separacion-de-thiago-medina-mejor-que-antes\/","url":"https:\/\/radioclanfm.com\/clanespectaculos\/el-contundente-mensaje-de-daniela-celis-tras-su-separacion-de-thiago-medina-mejor-que-antes\/","name":"El contundente mensaje de Daniela Celis tras su separaci\u00f3n de Thiago Medina: \u201cMejor que antes\u201d - CLAN ESPECTACULOS","isPartOf":{"@id":"https:\/\/radioclanfm.com\/clanespectaculos\/#website"},"primaryImageOfPage":{"@id":"https:\/\/radioclanfm.com\/clanespectaculos\/el-contundente-mensaje-de-daniela-celis-tras-su-separacion-de-thiago-medina-mejor-que-antes\/#primaryimage"},"image":{"@id":"https:\/\/radioclanfm.com\/clanespectaculos\/el-contundente-mensaje-de-daniela-celis-tras-su-separacion-de-thiago-medina-mejor-que-antes\/#primaryimage"},"thumbnailUrl":"https:\/\/radioclanfm.com\/clanespectaculos\/wp-content\/uploads\/sites\/2\/2025\/05\/lO7TGS9x.jpg","datePublished":"2025-05-13T15:37:31+00:00","breadcrumb":{"@id":"https:\/\/radioclanfm.com\/clanespectaculos\/el-contundente-mensaje-de-daniela-celis-tras-su-separacion-de-thiago-medina-mejor-que-antes\/#breadcrumb"},"inLanguage":"es-AR","potentialAction":[{"@type":"ReadAction","target":["https:\/\/radioclanfm.com\/clanespectaculos\/el-contundente-mensaje-de-daniela-celis-tras-su-separacion-de-thiago-medina-mejor-que-antes\/"]}]},{"@type":"ImageObject","inLanguage":"es-AR","@id":"https:\/\/radioclanfm.com\/clanespectaculos\/el-contundente-mensaje-de-daniela-celis-tras-su-separacion-de-thiago-medina-mejor-que-antes\/#primaryimage","url":"https:\/\/radioclanfm.com\/clanespectaculos\/wp-content\/uploads\/sites\/2\/2025\/05\/lO7TGS9x.jpg","contentUrl":"https:\/\/radioclanfm.com\/clanespectaculos\/wp-content\/uploads\/sites\/2\/2025\/05\/lO7TGS9x.jpg","width":600,"height":314},{"@type":"BreadcrumbList","@id":"https:\/\/radioclanfm.com\/clanespectaculos\/el-contundente-mensaje-de-daniela-celis-tras-su-separacion-de-thiago-medina-mejor-que-antes\/#breadcrumb","itemListElement":[{"@type":"ListItem","position":1,"name":"Inicio","item":"https:\/\/radioclanfm.com\/clanespectaculos\/"},{"@type":"ListItem","position":2,"name":"El contundente mensaje de Daniela Celis tras su separaci\u00f3n de Thiago Medina: \u201cMejor que antes\u201d"}]},{"@type":"WebSite","@id":"https:\/\/radioclanfm.com\/clanespectaculos\/#website","url":"https:\/\/radioclanfm.com\/clanespectaculos\/","name":"CLAN ESPECTACULOS","description":"","publisher":{"@id":"https:\/\/radioclanfm.com\/clanespectaculos\/#organization"},"potentialAction":[{"@type":"SearchAction","target":{"@type":"EntryPoint","urlTemplate":"https:\/\/radioclanfm.com\/clanespectaculos\/?s={search_term_string}"},"query-input":{"@type":"PropertyValueSpecification","valueRequired":true,"valueName":"search_term_string"}}],"inLanguage":"es-AR"},{"@type":"Organization","@id":"https:\/\/radioclanfm.com\/clanespectaculos\/#organization","name":"CLAN ESPECTACULOS","url":"https:\/\/radioclanfm.com\/clanespectaculos\/","logo":{"@type":"ImageObject","inLanguage":"es-AR","@id":"https:\/\/radioclanfm.com\/clanespectaculos\/#\/schema\/logo\/image\/","url":"https:\/\/radioclanfm.com\/clanespectaculos\/wp-content\/uploads\/sites\/2\/2026\/04\/ChatGPT-Image-23-mar-2026-10_09_00.png","contentUrl":"https:\/\/radioclanfm.com\/clanespectaculos\/wp-content\/uploads\/sites\/2\/2026\/04\/ChatGPT-Image-23-mar-2026-10_09_00.png","width":1024,"height":1024,"caption":"CLAN ESPECTACULOS"},"image":{"@id":"https:\/\/radioclanfm.com\/clanespectaculos\/#\/schema\/logo\/image\/"},"sameAs":["https:\/\/www.facebook.com\/clanespectaculos\/","https:\/\/x.com\/clanespectok"]},{"@type":"Person","@id":"https:\/\/radioclanfm.com\/clanespectaculos\/#\/schema\/person\/9734813083303230f3ad84d99171b20c","name":"E-GRUPOCLAN","image":{"@type":"ImageObject","inLanguage":"es-AR","@id":"https:\/\/secure.gravatar.com\/avatar\/af6e19837c3d6a212034a48c7b3818d2ac1826f6025df0155da5a186ad321d79?s=96&d=mm&r=g","url":"https:\/\/secure.gravatar.com\/avatar\/af6e19837c3d6a212034a48c7b3818d2ac1826f6025df0155da5a186ad321d79?s=96&d=mm&r=g","contentUrl":"https:\/\/secure.gravatar.com\/avatar\/af6e19837c3d6a212034a48c7b3818d2ac1826f6025df0155da5a186ad321d79?s=96&d=mm&r=g","caption":"E-GRUPOCLAN"},"sameAs":["https:\/\/radioclanfm.com"],"url":"https:\/\/radioclanfm.com\/clanespectaculos\/author\/admin\/"}]}},"_links":{"self":[{"href":"https:\/\/radioclanfm.com\/clanespectaculos\/wp-json\/wp\/v2\/posts\/467","targetHints":{"allow":["GET"]}}],"collection":[{"href":"https:\/\/radioclanfm.com\/clanespectaculos\/wp-json\/wp\/v2\/posts"}],"about":[{"href":"https:\/\/radioclanfm.com\/clanespectaculos\/wp-json\/wp\/v2\/types\/post"}],"author":[{"embeddable":true,"href":"https:\/\/radioclanfm.com\/clanespectaculos\/wp-json\/wp\/v2\/users\/1"}],"replies":[{"embeddable":true,"href":"https:\/\/radioclanfm.com\/clanespectaculos\/wp-json\/wp\/v2\/comments?post=467"}],"version-history":[{"count":1,"href":"https:\/\/radioclanfm.com\/clanespectaculos\/wp-json\/wp\/v2\/posts\/467\/revisions"}],"predecessor-version":[{"id":471,"href":"https:\/\/radioclanfm.com\/clanespectaculos\/wp-json\/wp\/v2\/posts\/467\/revisions\/471"}],"wp:featuredmedia":[{"embeddable":true,"href":"https:\/\/radioclanfm.com\/clanespectaculos\/wp-json\/wp\/v2\/media\/470"}],"wp:attachment":[{"href":"https:\/\/radioclanfm.com\/clanespectaculos\/wp-json\/wp\/v2\/media?parent=467"}],"wp:term":[{"taxonomy":"category","embeddable":true,"href":"https:\/\/radioclanfm.com\/clanespectaculos\/wp-json\/wp\/v2\/categories?post=467"},{"taxonomy":"post_tag","embeddable":true,"href":"https:\/\/radioclanfm.com\/clanespectaculos\/wp-json\/wp\/v2\/tags?post=467"}],"curies":[{"name":"wp","href":"https:\/\/api.w.org\/{rel}","templated":true}]}}