{"id":3707,"date":"2025-07-29T18:20:46","date_gmt":"2025-07-29T21:20:46","guid":{"rendered":"https:\/\/radioclanfm.com\/clanespectaculos\/?p=3707"},"modified":"2025-07-29T18:20:46","modified_gmt":"2025-07-29T21:20:46","slug":"el-desgarrador-posteo-de-nicolas-vazquez-tras-la-muerte-de-mila-yankelevich-duele-hasta-el-alma","status":"publish","type":"post","link":"https:\/\/radioclanfm.com\/clanespectaculos\/el-desgarrador-posteo-de-nicolas-vazquez-tras-la-muerte-de-mila-yankelevich-duele-hasta-el-alma\/","title":{"rendered":"El desgarrador posteo de Nicol\u00e1s V\u00e1zquez tras la muerte de Mila Yankelevich: \u201cDuele hasta el alma\u201d"},"content":{"rendered":"<p>El actor es amigo y socio de Gustavo Yankelevich, abuelo de la nena de siete a\u00f1os que muri\u00f3 en un tr\u00e1gico accidente naval en Miami.<\/p>\n<div class=\"col-content\"><main class=\"col-content\"><\/p>\n<div class=\"default-article-color article__body article__article\">\n<p class=\"paragraph font__body-regular\"><b>Mila Yankelevich<\/b><b>,<\/b>\u00a0la hija de\u00a0<b>Tom\u00e1s Yankelevich<\/b>\u00a0y nieta de\u00a0<b>Cris Morena<\/b>, muri\u00f3 a los 7 a\u00f1os en un\u00a0<b>tr\u00e1gico accidente naval en Miami<\/b>. La noticia sacudi\u00f3 al mundo del espect\u00e1culo y, entre cientos de mensajes, se destac\u00f3\u00a0<b>el desgarrador posteo de\u00a0<\/b><b>Nicol\u00e1s V\u00e1zquez<\/b><b>, amigo y socio de\u00a0<\/b><b>Gustavo Yankelevich<\/b><b>.<\/b><\/p>\n<div class=\"AV67f93cf033780503b00636a7\">\n<div id=\"aniBox\">\n<div id=\"aniplayer_AV67f93cf033780503b00636a7-1753823942629\">\n<div id=\"aniplayer_AV67f93cf033780503b00636a7-1753823942629gui\">\n<div id=\"av-caption\">\n<div id=\"av-close-btn-overlay\" class=\"av-pos-top-left\"><\/div>\n<\/div>\n<\/div>\n<\/div>\n<\/div>\n<\/div>\n<div id=\"ad-slot-infeed\" class=\"infeed-container ad-slot-infeed ad-slot\" data-adtype=\"infeed\" data-google-query-id=\"CKGpoL__4o4DFQZK3QIdrUIN7Q\">\n<div id=\"google_ads_iframe_\/113951150\/tn-arc\/nota\/infeed_0__container__\"><\/div>\n<\/div>\n<p class=\"paragraph font__body-regular\">Minutos despu\u00e9s de que se conociera la triste noticia, el int\u00e9rprete de\u00a0<i>Rocky\u00a0<\/i>poste\u00f3 una historia de Instagram donde se pod\u00eda ver el nombre de Mila junto a un emoji de coraz\u00f3n partido.<\/p>\n<figure class=\"\" data-testid=\"figure-testid\">\n<div class=\"aspect_ratio__container\"><picture class=\"responsive-image\"><source srcset=\"https:\/\/tn.com.ar\/resizer\/v2\/el-desgarrador-mensaje-de-nicolas-vazquez-tras-la-muerte-de-mila-yankelevich-foto-instagram-nicovazquezok-ZV7LOGSXOJGU3GW3YDNTLWTP5I.png?auth=798072159e868765589541721148756ac67b98defc136d032f7342be10a30776&amp;width=767\" type=\"image\/jpg\" media=\"(max-width: 728px)\" \/><source srcset=\"https:\/\/tn.com.ar\/resizer\/v2\/el-desgarrador-mensaje-de-nicolas-vazquez-tras-la-muerte-de-mila-yankelevich-foto-instagram-nicovazquezok-ZV7LOGSXOJGU3GW3YDNTLWTP5I.png?auth=798072159e868765589541721148756ac67b98defc136d032f7342be10a30776&amp;width=1023\" type=\"image\/jpg\" media=\"(max-width: 1023px)\" \/><source srcset=\"https:\/\/tn.com.ar\/resizer\/v2\/el-desgarrador-mensaje-de-nicolas-vazquez-tras-la-muerte-de-mila-yankelevich-foto-instagram-nicovazquezok-ZV7LOGSXOJGU3GW3YDNTLWTP5I.png?auth=798072159e868765589541721148756ac67b98defc136d032f7342be10a30776&amp;width=1440\" type=\"image\/jpg\" \/><img loading=\"lazy\" decoding=\"async\" class=\"image content-image image_placeholder\" src=\"https:\/\/tn.com.ar\/resizer\/v2\/el-desgarrador-mensaje-de-nicolas-vazquez-tras-la-muerte-de-mila-yankelevich-foto-instagram-nicovazquezok-ZV7LOGSXOJGU3GW3YDNTLWTP5I.png?auth=798072159e868765589541721148756ac67b98defc136d032f7342be10a30776&amp;width=767\" alt=\"El desgarrador mensaje de Nicol\u00e1s V\u00e1zquez tras la muerte de Mila Yankelevich (Foto: Instagram \/nicovazquezok)\" width=\"767\" height=\"1379\" data-testid=\"loading-testid\" \/><\/picture><\/div><figcaption class=\"caption_image\" data-testid=\"figcaption-testid\">\n<div class=\"image_caption \">El desgarrador mensaje de Nicol\u00e1s V\u00e1zquez tras la muerte de Mila Yankelevich (Foto: Instagram \/nicovazquezok)<\/div>\n<\/figcaption><\/figure>\n<p class=\"paragraph font__body-regular\">Sin embargo, a las horas volvi\u00f3 a expresarse con unas sentidas palabras. \u201cHay momentos que ning\u00fan coraz\u00f3n est\u00e1 preparado para atravesar. Situaciones que nos sacuden de ra\u00edz, que no tienen explicaci\u00f3n, ni l\u00f3gica, ni consuelo posible.\u00a0<b>La partida de Mila es una de esas tragedias que duelen hasta el alma. Y m\u00e1s a\u00fan cuando la vida golpea por segunda vez a una misma familia.<\/b>\u00a0No hay por qu\u00e9, no hay para qu\u00e9. Solo el dolor y el amor latiendo al mismo tiempo&#8221;, escribi\u00f3.<\/p>\n<p class=\"paragraph font__body-regular\">Consternado, el artista expres\u00f3: \u201cHoy no hay respuestas, pero s\u00ed hay abrazos, oraciones, manos que se tienden y corazones que se unen.\u00a0<b>Porque aunque no seamos familia de sangre, lo que sentimos nos hermana&#8221;.<\/b>\u00a0\u201cQue todo el amor del mundo los rodee, que la fuerza de quienes los aman los sostenga, y que el tiempo, ese aliado silencioso, les ayude a respirar de nuevo. Pido a Dios que los abrace, que les de la templanza y el consuelo que necesitan para seguir unidos, para seguir caminando\u201d, asegur\u00f3.<\/p>\n<figure class=\"\" data-testid=\"figure-testid\">\n<div class=\"aspect_ratio__container\"><picture class=\"responsive-image\"><source srcset=\"https:\/\/tn.com.ar\/resizer\/v2\/el-desgarrador-mensaje-de-nicolas-vazquez-tras-la-muerte-de-mila-yankelevich-foto-instagram-nicovazquezok-ES6VB3WBBNA4BOGSYBP3BOKAKQ.png?auth=aa86c036c556b15ffad9bf6a6f8e1af4b17fd4b2e222ec2d03dc5778bc625c70&amp;width=767\" type=\"image\/jpg\" media=\"(max-width: 728px)\" \/><source srcset=\"https:\/\/tn.com.ar\/resizer\/v2\/el-desgarrador-mensaje-de-nicolas-vazquez-tras-la-muerte-de-mila-yankelevich-foto-instagram-nicovazquezok-ES6VB3WBBNA4BOGSYBP3BOKAKQ.png?auth=aa86c036c556b15ffad9bf6a6f8e1af4b17fd4b2e222ec2d03dc5778bc625c70&amp;width=1023\" type=\"image\/jpg\" media=\"(max-width: 1023px)\" \/><source srcset=\"https:\/\/tn.com.ar\/resizer\/v2\/el-desgarrador-mensaje-de-nicolas-vazquez-tras-la-muerte-de-mila-yankelevich-foto-instagram-nicovazquezok-ES6VB3WBBNA4BOGSYBP3BOKAKQ.png?auth=aa86c036c556b15ffad9bf6a6f8e1af4b17fd4b2e222ec2d03dc5778bc625c70&amp;width=1440\" type=\"image\/jpg\" \/><img loading=\"lazy\" decoding=\"async\" class=\"image content-image image_placeholder\" src=\"https:\/\/tn.com.ar\/resizer\/v2\/el-desgarrador-mensaje-de-nicolas-vazquez-tras-la-muerte-de-mila-yankelevich-foto-instagram-nicovazquezok-ES6VB3WBBNA4BOGSYBP3BOKAKQ.png?auth=aa86c036c556b15ffad9bf6a6f8e1af4b17fd4b2e222ec2d03dc5778bc625c70&amp;width=767\" alt=\"El desgarrador mensaje de Nicol\u00e1s V\u00e1zquez tras la muerte de Mila Yankelevich (Foto: Instagram \/nicovazquezok)\" width=\"767\" height=\"1403\" data-testid=\"loading-testid\" \/><\/picture><\/div><figcaption class=\"caption_image\" data-testid=\"figcaption-testid\">\n<div class=\"image_caption \">El desgarrador mensaje de Nicol\u00e1s V\u00e1zquez tras la muerte de Mila Yankelevich (Foto: Instagram \/nicovazquezok)<\/div>\n<\/figcaption><\/figure>\n<p class=\"paragraph font__body-regular\">A modo de cierre, remarc\u00f3: \u201c<b>Creo y s\u00e9 profundamente, que quienes partieron siguen estando. De otra forma, en otra luz. Acompa\u00f1ando desde ese otro plano que no entendemos, pero sentimos&#8221;<\/b>.<\/p>\n<p class=\"paragraph font__body-regular\">\u201cQue cada pensamiento, cada rezo, cada energ\u00eda de amor que llegue hasta ustedes, les recuerde que no est\u00e1n solos. Que<b>\u00a0hay una red invisible empuj\u00e1ndolos con ternura y esperanza.\u00a0<\/b>Porque s\u00ed, el amor de este lado o del otro nunca deja de estar. Tom\u00e1s, Sof\u00eda, Gus, Cris y familia. \u00a1Los quiero mucho!\u201d, concluy\u00f3.<\/p>\n<h2 class=\"font--primary font__display\">Qu\u00e9 le pas\u00f3 a Mila, la hija de Tom\u00e1s Yankelevich<\/h2>\n<p class=\"paragraph font__body-regular\"><b>Mila Yankelevich<\/b>, la hija de Tom\u00e1s Yankelevich y Sof\u00eda Reca, es una de las\u00a0<b>dos nenas argentinas<\/b>\u00a0que murieron en el tr\u00e1gico choque de una barcaza contra un velero que llevaba a chicos que participaban de una colonia de vacaciones en\u00a0<b>Miami Beach<\/b>.<\/p>\n<p class=\"paragraph font__body-regular\">La\u00a0<b>nieta de Cris Morena<\/b>\u00a0ten\u00eda\u00a0<b>7 a\u00f1os<\/b>\u00a0y participaba de una colonia de vacaciones de la\u00a0<b>Miami Youth Sailing Foundation,\u00a0<\/b>una organizaci\u00f3n -ligada a\u00a0<b>Miami Yacht Club-<\/b>\u00a0dedicada a la ense\u00f1anza de navegaci\u00f3n para chicos.<\/p>\n<figure class=\"\" data-testid=\"figure-testid\">\n<div class=\"aspect_ratio__container\"><picture class=\"responsive-image\"><source srcset=\"https:\/\/tn.com.ar\/resizer\/v2\/mila-era-la-nieta-menor-de-cris-morena-y-gustavo-yankelevich-foto-instagramprincesamilayan-ENWK5YZ2HBHVVDZWLPGYCEON6U.jpg?auth=81fe397dea4cb1ef697295ec93107927774d52a61d3ad875ef0648cd59d74378&amp;width=767\" type=\"image\/jpg\" media=\"(max-width: 728px)\" \/><source srcset=\"https:\/\/tn.com.ar\/resizer\/v2\/mila-era-la-nieta-menor-de-cris-morena-y-gustavo-yankelevich-foto-instagramprincesamilayan-ENWK5YZ2HBHVVDZWLPGYCEON6U.jpg?auth=81fe397dea4cb1ef697295ec93107927774d52a61d3ad875ef0648cd59d74378&amp;width=1023\" type=\"image\/jpg\" media=\"(max-width: 1023px)\" \/><source srcset=\"https:\/\/tn.com.ar\/resizer\/v2\/mila-era-la-nieta-menor-de-cris-morena-y-gustavo-yankelevich-foto-instagramprincesamilayan-ENWK5YZ2HBHVVDZWLPGYCEON6U.jpg?auth=81fe397dea4cb1ef697295ec93107927774d52a61d3ad875ef0648cd59d74378&amp;width=1440\" type=\"image\/jpg\" \/><img loading=\"lazy\" decoding=\"async\" class=\"image content-image image_placeholder\" src=\"https:\/\/tn.com.ar\/resizer\/v2\/mila-era-la-nieta-menor-de-cris-morena-y-gustavo-yankelevich-foto-instagramprincesamilayan-ENWK5YZ2HBHVVDZWLPGYCEON6U.jpg?auth=81fe397dea4cb1ef697295ec93107927774d52a61d3ad875ef0648cd59d74378&amp;width=767\" alt=\"Mila era la nieta menor de Cris Morena y Gustavo Yankelevich. (Foto: Instagram\/princesamilayan)\" width=\"767\" height=\"430\" data-testid=\"loading-testid\" \/><\/picture><\/div><figcaption class=\"caption_image\" data-testid=\"figcaption-testid\">\n<div class=\"image_caption \">Mila era la nieta menor de Cris Morena y Gustavo Yankelevich. (Foto: Instagram\/princesamilayan)<\/div>\n<\/figcaption><\/figure>\n<p class=\"paragraph font__body-regular\">Los pap\u00e1s de Mila, Tom\u00e1s y Sof\u00eda, se conocieron en una fiesta y luego de un a\u00f1o de noviazgo se casaron en 20 de diciembre de 2008. Dos a\u00f1os despu\u00e9s naci\u00f3 su primer hijo, Inti, y en febrero de 2018, naci\u00f3 Mila.<\/p>\n<p class=\"paragraph font__body-regular\">\n<\/div>\n<p><\/main><\/div>\n<aside class=\"col-right-rail right-rail\">\n<div id=\"parent-ad-slot-caja\" class=\"ad-container caja_ad \">\n<div class=\"ad-content\">\n<div id=\"ad-slot-caja\" class=\"ad-slot-caja ad-slot\" data-adtype=\"caja\" data-google-query-id=\"CNThob7_4o4DFY9U3QIdl4kbKA\"><\/div>\n<\/div>\n<\/div>\n<\/aside>\n","protected":false},"excerpt":{"rendered":"<p>El actor es amigo y socio de Gustavo Yankelevich, abuelo de la nena de siete a\u00f1os que muri\u00f3 en un tr\u00e1gico accidente naval en Miami. Mila Yankelevich,\u00a0la hija de\u00a0Tom\u00e1s Yankelevich\u00a0y nieta de\u00a0Cris Morena, muri\u00f3 a los 7 a\u00f1os en un\u00a0tr\u00e1gico accidente naval en Miami. La noticia sacudi\u00f3 al mundo del espect\u00e1culo y, entre cientos de [&hellip;]<\/p>\n","protected":false},"author":1,"featured_media":3710,"comment_status":"open","ping_status":"open","sticky":false,"template":"","format":"standard","meta":{"rop_custom_images_group":[],"rop_custom_messages_group":[],"rop_publish_now":"initial","rop_publish_now_accounts":[],"rop_publish_now_history":[],"rop_publish_now_status":"pending","footnotes":"","jetpack_publicize_message":"","jetpack_publicize_feature_enabled":true,"jetpack_social_post_already_shared":true,"jetpack_social_options":{"image_generator_settings":{"template":"highway","enabled":false},"version":2}},"categories":[12],"tags":[],"class_list":{"0":"post-3707","1":"post","2":"type-post","3":"status-publish","4":"format-standard","5":"has-post-thumbnail","7":"category-espectaculos"},"jetpack_publicize_connections":[],"yoast_head":"<!-- This site is optimized with the Yoast SEO plugin v27.3 - https:\/\/yoast.com\/product\/yoast-seo-wordpress\/ -->\n<title>El desgarrador posteo de Nicol\u00e1s V\u00e1zquez tras la muerte de Mila Yankelevich: \u201cDuele hasta el alma\u201d - CLAN ESPECTACULOS<\/title>\n<meta name=\"robots\" content=\"index, follow, max-snippet:-1, max-image-preview:large, max-video-preview:-1\" \/>\n<link rel=\"canonical\" href=\"https:\/\/radioclanfm.com\/clanespectaculos\/el-desgarrador-posteo-de-nicolas-vazquez-tras-la-muerte-de-mila-yankelevich-duele-hasta-el-alma\/\" \/>\n<meta property=\"og:locale\" content=\"es_ES\" \/>\n<meta property=\"og:type\" content=\"article\" \/>\n<meta property=\"og:title\" content=\"El desgarrador posteo de Nicol\u00e1s V\u00e1zquez tras la muerte de Mila Yankelevich: \u201cDuele hasta el alma\u201d - CLAN ESPECTACULOS\" \/>\n<meta property=\"og:description\" content=\"El actor es amigo y socio de Gustavo Yankelevich, abuelo de la nena de siete a\u00f1os que muri\u00f3 en un tr\u00e1gico accidente naval en Miami. Mila Yankelevich,\u00a0la hija de\u00a0Tom\u00e1s Yankelevich\u00a0y nieta de\u00a0Cris Morena, muri\u00f3 a los 7 a\u00f1os en un\u00a0tr\u00e1gico accidente naval en Miami. La noticia sacudi\u00f3 al mundo del espect\u00e1culo y, entre cientos de [&hellip;]\" \/>\n<meta property=\"og:url\" content=\"https:\/\/radioclanfm.com\/clanespectaculos\/el-desgarrador-posteo-de-nicolas-vazquez-tras-la-muerte-de-mila-yankelevich-duele-hasta-el-alma\/\" \/>\n<meta property=\"og:site_name\" content=\"CLAN ESPECTACULOS\" \/>\n<meta property=\"article:publisher\" content=\"https:\/\/www.facebook.com\/clanespectaculos\/\" \/>\n<meta property=\"article:published_time\" content=\"2025-07-29T21:20:46+00:00\" \/>\n<meta property=\"og:image\" content=\"https:\/\/radioclanfm.com\/clanespectaculos\/wp-content\/uploads\/sites\/2\/2025\/07\/CL7zQWuv.jpg\" \/>\n\t<meta property=\"og:image:width\" content=\"900\" \/>\n\t<meta property=\"og:image:height\" content=\"505\" \/>\n\t<meta property=\"og:image:type\" content=\"image\/jpeg\" \/>\n<meta name=\"author\" content=\"E-GRUPOCLAN\" \/>\n<meta name=\"twitter:card\" content=\"summary_large_image\" \/>\n<meta name=\"twitter:creator\" content=\"@clanespectok\" \/>\n<meta name=\"twitter:site\" content=\"@clanespectok\" \/>\n<meta name=\"twitter:label1\" content=\"Escrito por\" \/>\n\t<meta name=\"twitter:data1\" content=\"E-GRUPOCLAN\" \/>\n\t<meta name=\"twitter:label2\" content=\"Tiempo de lectura\" \/>\n\t<meta name=\"twitter:data2\" content=\"3 minutos\" \/>\n<script type=\"application\/ld+json\" class=\"yoast-schema-graph\">{\"@context\":\"https:\\\/\\\/schema.org\",\"@graph\":[{\"@type\":\"Article\",\"@id\":\"https:\\\/\\\/radioclanfm.com\\\/clanespectaculos\\\/el-desgarrador-posteo-de-nicolas-vazquez-tras-la-muerte-de-mila-yankelevich-duele-hasta-el-alma\\\/#article\",\"isPartOf\":{\"@id\":\"https:\\\/\\\/radioclanfm.com\\\/clanespectaculos\\\/el-desgarrador-posteo-de-nicolas-vazquez-tras-la-muerte-de-mila-yankelevich-duele-hasta-el-alma\\\/\"},\"author\":{\"name\":\"E-GRUPOCLAN\",\"@id\":\"https:\\\/\\\/radioclanfm.com\\\/clanespectaculos\\\/#\\\/schema\\\/person\\\/9734813083303230f3ad84d99171b20c\"},\"headline\":\"El desgarrador posteo de Nicol\u00e1s V\u00e1zquez tras la muerte de Mila Yankelevich: \u201cDuele hasta el alma\u201d\",\"datePublished\":\"2025-07-29T21:20:46+00:00\",\"mainEntityOfPage\":{\"@id\":\"https:\\\/\\\/radioclanfm.com\\\/clanespectaculos\\\/el-desgarrador-posteo-de-nicolas-vazquez-tras-la-muerte-de-mila-yankelevich-duele-hasta-el-alma\\\/\"},\"wordCount\":593,\"commentCount\":0,\"publisher\":{\"@id\":\"https:\\\/\\\/radioclanfm.com\\\/clanespectaculos\\\/#organization\"},\"image\":{\"@id\":\"https:\\\/\\\/radioclanfm.com\\\/clanespectaculos\\\/el-desgarrador-posteo-de-nicolas-vazquez-tras-la-muerte-de-mila-yankelevich-duele-hasta-el-alma\\\/#primaryimage\"},\"thumbnailUrl\":\"https:\\\/\\\/radioclanfm.com\\\/clanespectaculos\\\/wp-content\\\/uploads\\\/sites\\\/2\\\/2025\\\/07\\\/CL7zQWuv.jpg\",\"articleSection\":[\"Espectaculos\"],\"inLanguage\":\"es-AR\",\"potentialAction\":[{\"@type\":\"CommentAction\",\"name\":\"Comment\",\"target\":[\"https:\\\/\\\/radioclanfm.com\\\/clanespectaculos\\\/el-desgarrador-posteo-de-nicolas-vazquez-tras-la-muerte-de-mila-yankelevich-duele-hasta-el-alma\\\/#respond\"]}]},{\"@type\":\"WebPage\",\"@id\":\"https:\\\/\\\/radioclanfm.com\\\/clanespectaculos\\\/el-desgarrador-posteo-de-nicolas-vazquez-tras-la-muerte-de-mila-yankelevich-duele-hasta-el-alma\\\/\",\"url\":\"https:\\\/\\\/radioclanfm.com\\\/clanespectaculos\\\/el-desgarrador-posteo-de-nicolas-vazquez-tras-la-muerte-de-mila-yankelevich-duele-hasta-el-alma\\\/\",\"name\":\"El desgarrador posteo de Nicol\u00e1s V\u00e1zquez tras la muerte de Mila Yankelevich: \u201cDuele hasta el alma\u201d - CLAN ESPECTACULOS\",\"isPartOf\":{\"@id\":\"https:\\\/\\\/radioclanfm.com\\\/clanespectaculos\\\/#website\"},\"primaryImageOfPage\":{\"@id\":\"https:\\\/\\\/radioclanfm.com\\\/clanespectaculos\\\/el-desgarrador-posteo-de-nicolas-vazquez-tras-la-muerte-de-mila-yankelevich-duele-hasta-el-alma\\\/#primaryimage\"},\"image\":{\"@id\":\"https:\\\/\\\/radioclanfm.com\\\/clanespectaculos\\\/el-desgarrador-posteo-de-nicolas-vazquez-tras-la-muerte-de-mila-yankelevich-duele-hasta-el-alma\\\/#primaryimage\"},\"thumbnailUrl\":\"https:\\\/\\\/radioclanfm.com\\\/clanespectaculos\\\/wp-content\\\/uploads\\\/sites\\\/2\\\/2025\\\/07\\\/CL7zQWuv.jpg\",\"datePublished\":\"2025-07-29T21:20:46+00:00\",\"breadcrumb\":{\"@id\":\"https:\\\/\\\/radioclanfm.com\\\/clanespectaculos\\\/el-desgarrador-posteo-de-nicolas-vazquez-tras-la-muerte-de-mila-yankelevich-duele-hasta-el-alma\\\/#breadcrumb\"},\"inLanguage\":\"es-AR\",\"potentialAction\":[{\"@type\":\"ReadAction\",\"target\":[\"https:\\\/\\\/radioclanfm.com\\\/clanespectaculos\\\/el-desgarrador-posteo-de-nicolas-vazquez-tras-la-muerte-de-mila-yankelevich-duele-hasta-el-alma\\\/\"]}]},{\"@type\":\"ImageObject\",\"inLanguage\":\"es-AR\",\"@id\":\"https:\\\/\\\/radioclanfm.com\\\/clanespectaculos\\\/el-desgarrador-posteo-de-nicolas-vazquez-tras-la-muerte-de-mila-yankelevich-duele-hasta-el-alma\\\/#primaryimage\",\"url\":\"https:\\\/\\\/radioclanfm.com\\\/clanespectaculos\\\/wp-content\\\/uploads\\\/sites\\\/2\\\/2025\\\/07\\\/CL7zQWuv.jpg\",\"contentUrl\":\"https:\\\/\\\/radioclanfm.com\\\/clanespectaculos\\\/wp-content\\\/uploads\\\/sites\\\/2\\\/2025\\\/07\\\/CL7zQWuv.jpg\",\"width\":900,\"height\":505},{\"@type\":\"BreadcrumbList\",\"@id\":\"https:\\\/\\\/radioclanfm.com\\\/clanespectaculos\\\/el-desgarrador-posteo-de-nicolas-vazquez-tras-la-muerte-de-mila-yankelevich-duele-hasta-el-alma\\\/#breadcrumb\",\"itemListElement\":[{\"@type\":\"ListItem\",\"position\":1,\"name\":\"Inicio\",\"item\":\"https:\\\/\\\/radioclanfm.com\\\/clanespectaculos\\\/\"},{\"@type\":\"ListItem\",\"position\":2,\"name\":\"El desgarrador posteo de Nicol\u00e1s V\u00e1zquez tras la muerte de Mila Yankelevich: \u201cDuele hasta el alma\u201d\"}]},{\"@type\":\"WebSite\",\"@id\":\"https:\\\/\\\/radioclanfm.com\\\/clanespectaculos\\\/#website\",\"url\":\"https:\\\/\\\/radioclanfm.com\\\/clanespectaculos\\\/\",\"name\":\"CLAN ESPECTACULOS\",\"description\":\"\",\"publisher\":{\"@id\":\"https:\\\/\\\/radioclanfm.com\\\/clanespectaculos\\\/#organization\"},\"potentialAction\":[{\"@type\":\"SearchAction\",\"target\":{\"@type\":\"EntryPoint\",\"urlTemplate\":\"https:\\\/\\\/radioclanfm.com\\\/clanespectaculos\\\/?s={search_term_string}\"},\"query-input\":{\"@type\":\"PropertyValueSpecification\",\"valueRequired\":true,\"valueName\":\"search_term_string\"}}],\"inLanguage\":\"es-AR\"},{\"@type\":\"Organization\",\"@id\":\"https:\\\/\\\/radioclanfm.com\\\/clanespectaculos\\\/#organization\",\"name\":\"CLAN ESPECTACULOS\",\"url\":\"https:\\\/\\\/radioclanfm.com\\\/clanespectaculos\\\/\",\"logo\":{\"@type\":\"ImageObject\",\"inLanguage\":\"es-AR\",\"@id\":\"https:\\\/\\\/radioclanfm.com\\\/clanespectaculos\\\/#\\\/schema\\\/logo\\\/image\\\/\",\"url\":\"https:\\\/\\\/radioclanfm.com\\\/clanespectaculos\\\/wp-content\\\/uploads\\\/sites\\\/2\\\/2026\\\/04\\\/ChatGPT-Image-23-mar-2026-10_09_00.png\",\"contentUrl\":\"https:\\\/\\\/radioclanfm.com\\\/clanespectaculos\\\/wp-content\\\/uploads\\\/sites\\\/2\\\/2026\\\/04\\\/ChatGPT-Image-23-mar-2026-10_09_00.png\",\"width\":1024,\"height\":1024,\"caption\":\"CLAN ESPECTACULOS\"},\"image\":{\"@id\":\"https:\\\/\\\/radioclanfm.com\\\/clanespectaculos\\\/#\\\/schema\\\/logo\\\/image\\\/\"},\"sameAs\":[\"https:\\\/\\\/www.facebook.com\\\/clanespectaculos\\\/\",\"https:\\\/\\\/x.com\\\/clanespectok\"]},{\"@type\":\"Person\",\"@id\":\"https:\\\/\\\/radioclanfm.com\\\/clanespectaculos\\\/#\\\/schema\\\/person\\\/9734813083303230f3ad84d99171b20c\",\"name\":\"E-GRUPOCLAN\",\"image\":{\"@type\":\"ImageObject\",\"inLanguage\":\"es-AR\",\"@id\":\"https:\\\/\\\/secure.gravatar.com\\\/avatar\\\/af6e19837c3d6a212034a48c7b3818d2ac1826f6025df0155da5a186ad321d79?s=96&d=mm&r=g\",\"url\":\"https:\\\/\\\/secure.gravatar.com\\\/avatar\\\/af6e19837c3d6a212034a48c7b3818d2ac1826f6025df0155da5a186ad321d79?s=96&d=mm&r=g\",\"contentUrl\":\"https:\\\/\\\/secure.gravatar.com\\\/avatar\\\/af6e19837c3d6a212034a48c7b3818d2ac1826f6025df0155da5a186ad321d79?s=96&d=mm&r=g\",\"caption\":\"E-GRUPOCLAN\"},\"sameAs\":[\"https:\\\/\\\/radioclanfm.com\"],\"url\":\"https:\\\/\\\/radioclanfm.com\\\/clanespectaculos\\\/author\\\/admin\\\/\"}]}<\/script>\n<!-- \/ Yoast SEO plugin. -->","yoast_head_json":{"title":"El desgarrador posteo de Nicol\u00e1s V\u00e1zquez tras la muerte de Mila Yankelevich: \u201cDuele hasta el alma\u201d - CLAN ESPECTACULOS","robots":{"index":"index","follow":"follow","max-snippet":"max-snippet:-1","max-image-preview":"max-image-preview:large","max-video-preview":"max-video-preview:-1"},"canonical":"https:\/\/radioclanfm.com\/clanespectaculos\/el-desgarrador-posteo-de-nicolas-vazquez-tras-la-muerte-de-mila-yankelevich-duele-hasta-el-alma\/","og_locale":"es_ES","og_type":"article","og_title":"El desgarrador posteo de Nicol\u00e1s V\u00e1zquez tras la muerte de Mila Yankelevich: \u201cDuele hasta el alma\u201d - CLAN ESPECTACULOS","og_description":"El actor es amigo y socio de Gustavo Yankelevich, abuelo de la nena de siete a\u00f1os que muri\u00f3 en un tr\u00e1gico accidente naval en Miami. Mila Yankelevich,\u00a0la hija de\u00a0Tom\u00e1s Yankelevich\u00a0y nieta de\u00a0Cris Morena, muri\u00f3 a los 7 a\u00f1os en un\u00a0tr\u00e1gico accidente naval en Miami. La noticia sacudi\u00f3 al mundo del espect\u00e1culo y, entre cientos de [&hellip;]","og_url":"https:\/\/radioclanfm.com\/clanespectaculos\/el-desgarrador-posteo-de-nicolas-vazquez-tras-la-muerte-de-mila-yankelevich-duele-hasta-el-alma\/","og_site_name":"CLAN ESPECTACULOS","article_publisher":"https:\/\/www.facebook.com\/clanespectaculos\/","article_published_time":"2025-07-29T21:20:46+00:00","og_image":[{"width":900,"height":505,"url":"https:\/\/radioclanfm.com\/clanespectaculos\/wp-content\/uploads\/sites\/2\/2025\/07\/CL7zQWuv.jpg","type":"image\/jpeg"}],"author":"E-GRUPOCLAN","twitter_card":"summary_large_image","twitter_creator":"@clanespectok","twitter_site":"@clanespectok","twitter_misc":{"Escrito por":"E-GRUPOCLAN","Tiempo de lectura":"3 minutos"},"schema":{"@context":"https:\/\/schema.org","@graph":[{"@type":"Article","@id":"https:\/\/radioclanfm.com\/clanespectaculos\/el-desgarrador-posteo-de-nicolas-vazquez-tras-la-muerte-de-mila-yankelevich-duele-hasta-el-alma\/#article","isPartOf":{"@id":"https:\/\/radioclanfm.com\/clanespectaculos\/el-desgarrador-posteo-de-nicolas-vazquez-tras-la-muerte-de-mila-yankelevich-duele-hasta-el-alma\/"},"author":{"name":"E-GRUPOCLAN","@id":"https:\/\/radioclanfm.com\/clanespectaculos\/#\/schema\/person\/9734813083303230f3ad84d99171b20c"},"headline":"El desgarrador posteo de Nicol\u00e1s V\u00e1zquez tras la muerte de Mila Yankelevich: \u201cDuele hasta el alma\u201d","datePublished":"2025-07-29T21:20:46+00:00","mainEntityOfPage":{"@id":"https:\/\/radioclanfm.com\/clanespectaculos\/el-desgarrador-posteo-de-nicolas-vazquez-tras-la-muerte-de-mila-yankelevich-duele-hasta-el-alma\/"},"wordCount":593,"commentCount":0,"publisher":{"@id":"https:\/\/radioclanfm.com\/clanespectaculos\/#organization"},"image":{"@id":"https:\/\/radioclanfm.com\/clanespectaculos\/el-desgarrador-posteo-de-nicolas-vazquez-tras-la-muerte-de-mila-yankelevich-duele-hasta-el-alma\/#primaryimage"},"thumbnailUrl":"https:\/\/radioclanfm.com\/clanespectaculos\/wp-content\/uploads\/sites\/2\/2025\/07\/CL7zQWuv.jpg","articleSection":["Espectaculos"],"inLanguage":"es-AR","potentialAction":[{"@type":"CommentAction","name":"Comment","target":["https:\/\/radioclanfm.com\/clanespectaculos\/el-desgarrador-posteo-de-nicolas-vazquez-tras-la-muerte-de-mila-yankelevich-duele-hasta-el-alma\/#respond"]}]},{"@type":"WebPage","@id":"https:\/\/radioclanfm.com\/clanespectaculos\/el-desgarrador-posteo-de-nicolas-vazquez-tras-la-muerte-de-mila-yankelevich-duele-hasta-el-alma\/","url":"https:\/\/radioclanfm.com\/clanespectaculos\/el-desgarrador-posteo-de-nicolas-vazquez-tras-la-muerte-de-mila-yankelevich-duele-hasta-el-alma\/","name":"El desgarrador posteo de Nicol\u00e1s V\u00e1zquez tras la muerte de Mila Yankelevich: \u201cDuele hasta el alma\u201d - CLAN ESPECTACULOS","isPartOf":{"@id":"https:\/\/radioclanfm.com\/clanespectaculos\/#website"},"primaryImageOfPage":{"@id":"https:\/\/radioclanfm.com\/clanespectaculos\/el-desgarrador-posteo-de-nicolas-vazquez-tras-la-muerte-de-mila-yankelevich-duele-hasta-el-alma\/#primaryimage"},"image":{"@id":"https:\/\/radioclanfm.com\/clanespectaculos\/el-desgarrador-posteo-de-nicolas-vazquez-tras-la-muerte-de-mila-yankelevich-duele-hasta-el-alma\/#primaryimage"},"thumbnailUrl":"https:\/\/radioclanfm.com\/clanespectaculos\/wp-content\/uploads\/sites\/2\/2025\/07\/CL7zQWuv.jpg","datePublished":"2025-07-29T21:20:46+00:00","breadcrumb":{"@id":"https:\/\/radioclanfm.com\/clanespectaculos\/el-desgarrador-posteo-de-nicolas-vazquez-tras-la-muerte-de-mila-yankelevich-duele-hasta-el-alma\/#breadcrumb"},"inLanguage":"es-AR","potentialAction":[{"@type":"ReadAction","target":["https:\/\/radioclanfm.com\/clanespectaculos\/el-desgarrador-posteo-de-nicolas-vazquez-tras-la-muerte-de-mila-yankelevich-duele-hasta-el-alma\/"]}]},{"@type":"ImageObject","inLanguage":"es-AR","@id":"https:\/\/radioclanfm.com\/clanespectaculos\/el-desgarrador-posteo-de-nicolas-vazquez-tras-la-muerte-de-mila-yankelevich-duele-hasta-el-alma\/#primaryimage","url":"https:\/\/radioclanfm.com\/clanespectaculos\/wp-content\/uploads\/sites\/2\/2025\/07\/CL7zQWuv.jpg","contentUrl":"https:\/\/radioclanfm.com\/clanespectaculos\/wp-content\/uploads\/sites\/2\/2025\/07\/CL7zQWuv.jpg","width":900,"height":505},{"@type":"BreadcrumbList","@id":"https:\/\/radioclanfm.com\/clanespectaculos\/el-desgarrador-posteo-de-nicolas-vazquez-tras-la-muerte-de-mila-yankelevich-duele-hasta-el-alma\/#breadcrumb","itemListElement":[{"@type":"ListItem","position":1,"name":"Inicio","item":"https:\/\/radioclanfm.com\/clanespectaculos\/"},{"@type":"ListItem","position":2,"name":"El desgarrador posteo de Nicol\u00e1s V\u00e1zquez tras la muerte de Mila Yankelevich: \u201cDuele hasta el alma\u201d"}]},{"@type":"WebSite","@id":"https:\/\/radioclanfm.com\/clanespectaculos\/#website","url":"https:\/\/radioclanfm.com\/clanespectaculos\/","name":"CLAN ESPECTACULOS","description":"","publisher":{"@id":"https:\/\/radioclanfm.com\/clanespectaculos\/#organization"},"potentialAction":[{"@type":"SearchAction","target":{"@type":"EntryPoint","urlTemplate":"https:\/\/radioclanfm.com\/clanespectaculos\/?s={search_term_string}"},"query-input":{"@type":"PropertyValueSpecification","valueRequired":true,"valueName":"search_term_string"}}],"inLanguage":"es-AR"},{"@type":"Organization","@id":"https:\/\/radioclanfm.com\/clanespectaculos\/#organization","name":"CLAN ESPECTACULOS","url":"https:\/\/radioclanfm.com\/clanespectaculos\/","logo":{"@type":"ImageObject","inLanguage":"es-AR","@id":"https:\/\/radioclanfm.com\/clanespectaculos\/#\/schema\/logo\/image\/","url":"https:\/\/radioclanfm.com\/clanespectaculos\/wp-content\/uploads\/sites\/2\/2026\/04\/ChatGPT-Image-23-mar-2026-10_09_00.png","contentUrl":"https:\/\/radioclanfm.com\/clanespectaculos\/wp-content\/uploads\/sites\/2\/2026\/04\/ChatGPT-Image-23-mar-2026-10_09_00.png","width":1024,"height":1024,"caption":"CLAN ESPECTACULOS"},"image":{"@id":"https:\/\/radioclanfm.com\/clanespectaculos\/#\/schema\/logo\/image\/"},"sameAs":["https:\/\/www.facebook.com\/clanespectaculos\/","https:\/\/x.com\/clanespectok"]},{"@type":"Person","@id":"https:\/\/radioclanfm.com\/clanespectaculos\/#\/schema\/person\/9734813083303230f3ad84d99171b20c","name":"E-GRUPOCLAN","image":{"@type":"ImageObject","inLanguage":"es-AR","@id":"https:\/\/secure.gravatar.com\/avatar\/af6e19837c3d6a212034a48c7b3818d2ac1826f6025df0155da5a186ad321d79?s=96&d=mm&r=g","url":"https:\/\/secure.gravatar.com\/avatar\/af6e19837c3d6a212034a48c7b3818d2ac1826f6025df0155da5a186ad321d79?s=96&d=mm&r=g","contentUrl":"https:\/\/secure.gravatar.com\/avatar\/af6e19837c3d6a212034a48c7b3818d2ac1826f6025df0155da5a186ad321d79?s=96&d=mm&r=g","caption":"E-GRUPOCLAN"},"sameAs":["https:\/\/radioclanfm.com"],"url":"https:\/\/radioclanfm.com\/clanespectaculos\/author\/admin\/"}]}},"_links":{"self":[{"href":"https:\/\/radioclanfm.com\/clanespectaculos\/wp-json\/wp\/v2\/posts\/3707","targetHints":{"allow":["GET"]}}],"collection":[{"href":"https:\/\/radioclanfm.com\/clanespectaculos\/wp-json\/wp\/v2\/posts"}],"about":[{"href":"https:\/\/radioclanfm.com\/clanespectaculos\/wp-json\/wp\/v2\/types\/post"}],"author":[{"embeddable":true,"href":"https:\/\/radioclanfm.com\/clanespectaculos\/wp-json\/wp\/v2\/users\/1"}],"replies":[{"embeddable":true,"href":"https:\/\/radioclanfm.com\/clanespectaculos\/wp-json\/wp\/v2\/comments?post=3707"}],"version-history":[{"count":1,"href":"https:\/\/radioclanfm.com\/clanespectaculos\/wp-json\/wp\/v2\/posts\/3707\/revisions"}],"predecessor-version":[{"id":3711,"href":"https:\/\/radioclanfm.com\/clanespectaculos\/wp-json\/wp\/v2\/posts\/3707\/revisions\/3711"}],"wp:featuredmedia":[{"embeddable":true,"href":"https:\/\/radioclanfm.com\/clanespectaculos\/wp-json\/wp\/v2\/media\/3710"}],"wp:attachment":[{"href":"https:\/\/radioclanfm.com\/clanespectaculos\/wp-json\/wp\/v2\/media?parent=3707"}],"wp:term":[{"taxonomy":"category","embeddable":true,"href":"https:\/\/radioclanfm.com\/clanespectaculos\/wp-json\/wp\/v2\/categories?post=3707"},{"taxonomy":"post_tag","embeddable":true,"href":"https:\/\/radioclanfm.com\/clanespectaculos\/wp-json\/wp\/v2\/tags?post=3707"}],"curies":[{"name":"wp","href":"https:\/\/api.w.org\/{rel}","templated":true}]}}