{"id":3687,"date":"2025-07-29T18:08:43","date_gmt":"2025-07-29T21:08:43","guid":{"rendered":"https:\/\/radioclanfm.com\/clanespectaculos\/?p=3687"},"modified":"2025-07-29T18:08:43","modified_gmt":"2025-07-29T21:08:43","slug":"quien-es-sofia-reca-la-esposa-de-tomas-yankelevich-y-mama-de-mila-de-trabajar-en-disney-al-bajo-perfil","status":"publish","type":"post","link":"https:\/\/radioclanfm.com\/clanespectaculos\/quien-es-sofia-reca-la-esposa-de-tomas-yankelevich-y-mama-de-mila-de-trabajar-en-disney-al-bajo-perfil\/","title":{"rendered":"Qui\u00e9n es Sof\u00eda Reca, la esposa de Tom\u00e1s Yankelevich y mam\u00e1 de Mila: de trabajar en Disney al bajo perfil"},"content":{"rendered":"<p>La actriz se cas\u00f3 en el a\u00f1o 2008 con el productor televisivo y luego del nacimiento de sus hijos se mantuvo un poco m\u00e1s alejada de los medios<\/p>\n<div class=\"visual__image image-initial-width\"><picture><img loading=\"lazy\" decoding=\"async\" class=\"global-image\" src=\"https:\/\/www.infobae.com\/resizer\/v2\/3C4BYITIORC2DLYGNP3VBWZCF4.jpg?auth=43c3cb53156c15b55f4f6ea2be412b3c5d8a7545cd6dca2c7caff83df68b3b20&amp;smart=true&amp;width=350&amp;height=350&amp;quality=85\" alt=\"Qui\u00e9n es Sof\u00eda Reca, la\" width=\"1080\" height=\"1080\" \/><\/picture>Qui\u00e9n es Sof\u00eda Reca, la esposa de Tom\u00e1s Yankelevich y nuera de Cris Morena: de trabajar en Disney al bajo perfil (Foto: Instagram)<\/div>\n<p class=\"paragraph\" data-mrf-recirculation=\"Links inline\">El pa\u00eds completo y la ciudad de Miami se vieron conmocionados luego de que se confirmara\u00a0la muerte de la peque\u00f1a\u00a0<b>Mila Yankelevich<\/b>, la hija de\u00a0<b>Tom\u00e1s Yankelevich\u00a0<\/b>y\u00a0<b>Sof\u00eda Reca<\/b>, nieta de<b>\u00a0Cris Morena<\/b>\u00a0y\u00a0<b>Gustavo Yankelevich<\/b>.\u00a0La peque\u00f1a de siete a\u00f1os\u00a0fue una de las v\u00edctimas mortales del\u00a0accidente ente un velero y una barcaza\u00a0en la costa de la ciudad estadounidense que era su hogar. El productor y la actriz se casaron en el a\u00f1o 2008 y poco a poco, ella bajo el perfil.<\/p>\n<div class=\"news-module\" data-mrf-recirculation=\"IL_Ct0zZTd2RqSjHGMXsLzz7w\" data-testid=\"text-html\" data-mrf-experience=\"IL_Ct0zZTd2RqSjHGMXsLzz7w\">\n<div class=\"recommended-card__image-container\"><\/div>\n<\/div>\n<p class=\"paragraph\" data-mrf-recirculation=\"Links inline\">Reca naci\u00f3 el 31 de marzo de 1984 en Luj\u00e1n, provincia de Buenos Aires, en el seno de una familia con fuertes conexiones empresariales. Sin embargo, Sof\u00eda eligi\u00f3 desde joven un rumbo distinto y se volc\u00f3 al mundo art\u00edstico, canalizando su pasi\u00f3n por la televisi\u00f3n y la actuaci\u00f3n que defini\u00f3 el inicio de su vida profesional.<\/p>\n<div class=\"inline ad-wrapper\">\n<div class=\"dfpAd ad-inline\"><\/div>\n<\/div>\n<p class=\"paragraph\" data-mrf-recirculation=\"Links inline\">Sof\u00eda construy\u00f3 una carrera multifac\u00e9tica en la televisi\u00f3n a lo largo de m\u00e1s de dos d\u00e9cadas, destac\u00e1ndose tanto en Argentina como en el extranjero. Su irrupci\u00f3n en el medio se dio oficialmente en 2001 como presentadora en Disney Channel con el ciclo<i>\u00a0Disney Magical Moments<\/i>, donde encarn\u00f3 el rol de conductora juvenil. Esa experiencia fundacional se tradujo en nuevas oportunidades vinculadas al universo Disney, una constante a lo largo de su recorrido profesional. Entre 2007 y 2008 volvi\u00f3 al canal para conducir\u00a0<i>Playhouse Disney<\/i>, y en 2009 y 2010 interpret\u00f3 a Luz Fuentes en la tira juvenil\u00a0<i>Jake &amp; Blake<\/i>.<\/p>\n<div class=\"news-module\" data-mrf-recirculation=\"IL_RjJ8XQ94SCCdND4VX9YvyQ\" data-testid=\"text-html\" data-mrf-experience=\"IL_RjJ8XQ94SCCdND4VX9YvyQ\">\n<div class=\"recommended-card__image-container\"><\/div>\n<\/div>\n<div class=\"visual__image\"><picture><source srcset=\"https:\/\/www.infobae.com\/resizer\/v2\/2WRY3CQISNC7VIGXUFCIN3BVEQ.jpg?auth=9d9265db0e48821f3fa9b4e895cd0c6c8d2367a56d58bd3a3b447b56680d07d8&amp;smart=true&amp;width=992&amp;height=1489&amp;quality=85\" media=\"(min-width: 1000px)\" \/><source srcset=\"https:\/\/www.infobae.com\/resizer\/v2\/2WRY3CQISNC7VIGXUFCIN3BVEQ.jpg?auth=9d9265db0e48821f3fa9b4e895cd0c6c8d2367a56d58bd3a3b447b56680d07d8&amp;smart=true&amp;width=768&amp;height=1152&amp;quality=85\" media=\"(min-width: 768px)\" \/><source srcset=\"https:\/\/www.infobae.com\/resizer\/v2\/2WRY3CQISNC7VIGXUFCIN3BVEQ.jpg?auth=9d9265db0e48821f3fa9b4e895cd0c6c8d2367a56d58bd3a3b447b56680d07d8&amp;smart=true&amp;width=577&amp;height=866&amp;quality=85\" media=\"(min-width: 580px)\" \/><source srcset=\"https:\/\/www.infobae.com\/resizer\/v2\/2WRY3CQISNC7VIGXUFCIN3BVEQ.jpg?auth=9d9265db0e48821f3fa9b4e895cd0c6c8d2367a56d58bd3a3b447b56680d07d8&amp;smart=true&amp;width=420&amp;height=630&amp;quality=85\" media=\"(min-width: 350px)\" \/><source srcset=\"https:\/\/www.infobae.com\/resizer\/v2\/2WRY3CQISNC7VIGXUFCIN3BVEQ.jpg?auth=9d9265db0e48821f3fa9b4e895cd0c6c8d2367a56d58bd3a3b447b56680d07d8&amp;smart=true&amp;width=350&amp;height=525&amp;quality=85\" media=\"(min-width: 80px)\" \/><img loading=\"lazy\" decoding=\"async\" class=\"global-image\" src=\"https:\/\/www.infobae.com\/resizer\/v2\/2WRY3CQISNC7VIGXUFCIN3BVEQ.jpg?auth=9d9265db0e48821f3fa9b4e895cd0c6c8d2367a56d58bd3a3b447b56680d07d8&amp;smart=true&amp;width=350&amp;height=525&amp;quality=85\" alt=\"Tom\u00e1s y Sof\u00eda se casaron\" width=\"1920\" height=\"2881\" \/><\/picture>Tom\u00e1s y Sof\u00eda se casaron en 2008<\/div>\n<p class=\"paragraph\" data-mrf-recirculation=\"Links inline\">Su paso a la ficci\u00f3n no tard\u00f3 en llegar y pronto consolid\u00f3 una presencia constante para distintas generaciones de televidentes. En 2004, Reca integr\u00f3 el elenco de la popular serie\u00a0<i>Los Rold\u00e1n<\/i>, emitida primero por Telefe y luego por Canal 9. Su papel como Sof\u00eda la posicion\u00f3 en el prime time de la televisi\u00f3n nacional, permiti\u00e9ndole afianzar su lugar entre las actrices j\u00f3venes m\u00e1s visibles del momento. En la misma etapa, tambi\u00e9n particip\u00f3 de\u00a0<i>Para\u00edso rock<\/i>\u00a0como Alma (Canal 9, 2005) y de\u00a0<i>El refugio\u00a0<\/i>como Roc\u00edo \u201cRochi\u201d D\u00edaz (El Trece, 2006).<\/p>\n<div class=\"inline_2_DSK ad-wrapper ad-desktop\">\n<div class=\"dfpAd ad-inline\"><\/div>\n<\/div>\n<p class=\"paragraph\" data-mrf-recirculation=\"Links inline\">A lo largo de los a\u00f1os, su portfolio se ampli\u00f3 con participaciones en<i>\u00a0Sos mi vida<\/i>\u2014uno de los grandes \u00e9xitos televisivos del prime time, junto a\u00a0<b>Natalia Oreiro<\/b>\u00a0y\u00a0<b>Facundo Arana<\/b>\u2014y en obras teatrales infantiles. En 2006, interpret\u00f3 a Berta en la puesta\u00a0<i>100 a\u00f1os de magia<\/i>, demostrando su versatilidad en formatos esc\u00e9nicos y reforzando su perfil ligado al universo Disney. Luego, en 2008, ampli\u00f3 su horizonte internacional con una participaci\u00f3n en la norteamericana\u00a0<i>The Young and the Restless<\/i>\u00a0(CBS).<\/p>\n<div class=\"news-module\" data-mrf-recirculation=\"IL_wPVu_IE4S76a5Gsl0lX8mA\" data-testid=\"text-html\" data-mrf-experience=\"IL_wPVu_IE4S76a5Gsl0lX8mA\">\n<div class=\"recommended-card__image-container\"><\/div>\n<\/div>\n<p class=\"paragraph\" data-mrf-recirculation=\"Links inline\">Durante 2008 y 2009 condujo la versi\u00f3n latinoamericana de\u00a0<i>Playhouse Disney<\/i>\u00a0junto a\u00a0<b>Diego Topa<\/b>, consolidando su imagen como referente del entretenimiento para ni\u00f1os y reafirmando la importancia de los contenidos familiares en su recorrido profesional. Su talento y carisma la llevaron a protagonizar otros espect\u00e1culos teatrales y a destacarse tanto en la pantalla chica como sobre el escenario, gan\u00e1ndose el reconocimiento de sus colegas y del p\u00fablico.<\/p>\n<div class=\"visual__image\"><picture><source srcset=\"https:\/\/www.infobae.com\/resizer\/v2\/N2R4MGURH5DXDCHYAMZY3ZHGDE.PNG?auth=0fca9610cb2aeec9b9c1f4e1592730d9af6d44efb50c101cad5787a0557530fd&amp;smart=true&amp;width=992&amp;height=1150&amp;quality=85\" media=\"(min-width: 1000px)\" \/><source srcset=\"https:\/\/www.infobae.com\/resizer\/v2\/N2R4MGURH5DXDCHYAMZY3ZHGDE.PNG?auth=0fca9610cb2aeec9b9c1f4e1592730d9af6d44efb50c101cad5787a0557530fd&amp;smart=true&amp;width=768&amp;height=891&amp;quality=85\" media=\"(min-width: 768px)\" \/><source srcset=\"https:\/\/www.infobae.com\/resizer\/v2\/N2R4MGURH5DXDCHYAMZY3ZHGDE.PNG?auth=0fca9610cb2aeec9b9c1f4e1592730d9af6d44efb50c101cad5787a0557530fd&amp;smart=true&amp;width=577&amp;height=669&amp;quality=85\" media=\"(min-width: 580px)\" \/><source srcset=\"https:\/\/www.infobae.com\/resizer\/v2\/N2R4MGURH5DXDCHYAMZY3ZHGDE.PNG?auth=0fca9610cb2aeec9b9c1f4e1592730d9af6d44efb50c101cad5787a0557530fd&amp;smart=true&amp;width=420&amp;height=487&amp;quality=85\" media=\"(min-width: 350px)\" \/><source srcset=\"https:\/\/www.infobae.com\/resizer\/v2\/N2R4MGURH5DXDCHYAMZY3ZHGDE.PNG?auth=0fca9610cb2aeec9b9c1f4e1592730d9af6d44efb50c101cad5787a0557530fd&amp;smart=true&amp;width=350&amp;height=406&amp;quality=85\" media=\"(min-width: 80px)\" \/><img loading=\"lazy\" decoding=\"async\" class=\"global-image\" src=\"https:\/\/www.infobae.com\/resizer\/v2\/N2R4MGURH5DXDCHYAMZY3ZHGDE.PNG?auth=0fca9610cb2aeec9b9c1f4e1592730d9af6d44efb50c101cad5787a0557530fd&amp;smart=true&amp;width=350&amp;height=406&amp;quality=85\" alt=\"Sof\u00eda junto a una Mila\" width=\"451\" height=\"523\" \/><\/picture>Sof\u00eda junto a una Mila de pocos meses<\/div>\n<p class=\"paragraph\" data-mrf-recirculation=\"Links inline\">El rango musical y de talentos de Reca tambi\u00e9n se vio reflejado en su aparici\u00f3n en 2014 en<i>\u00a0Tu cara me suena 2<\/i>, donde caracteriz\u00f3 a Joss Stone en una gala especial. En 2015 aport\u00f3 su talento al mercado latino de Estados Unidos con su papel de Renata Sandoval en\u00a0<i>\u00bfQui\u00e9n es qui\u00e9n?<\/i>, una coproducci\u00f3n de la cadena Telemundo. Finalmente, en 2019 particip\u00f3 en la exitosa telenovela\u00a0<i>Betty en Nueva York<\/i>, donde interpret\u00f3 a Romina, sumando as\u00ed un nuevo eslab\u00f3n a su proyecci\u00f3n internacional.<\/p>\n<p class=\"paragraph\" data-mrf-recirculation=\"Links inline\">En 2008, la pareja celebr\u00f3 su casamiento con una gran fiesta en el Sal\u00f3n Parque N\u00e1utico San Fernando, hecho que atrajo la atenci\u00f3n medi\u00e1tica tanto por la magnitud del evento como por el linaje art\u00edstico de los novios. Dos a\u00f1os despu\u00e9s, en 2010, anunciaron la llegada de su primer hijo, Inti. El nacimiento del ni\u00f1o signific\u00f3 para ambos una nueva etapa, en la que Reca empez\u00f3 a priorizar su rol de madre, aunque sin dejar de lado sus proyectos profesionales. En 2018, la familia se ampli\u00f3 con la llegada de Mila, la ni\u00f1a que se convertir\u00eda en el centro de su universo afectivo y a quien le dedicar\u00edan los a\u00f1os siguientes.<\/p>\n<p class=\"paragraph\" data-mrf-recirculation=\"Links inline\">Con el tiempo, y en parte por compromisos laborales tanto propios como de su esposo, Reca se radic\u00f3 en Estados Unidos. Inicialmente la distancia fue un desaf\u00edo, ya que por per\u00edodos, las agendas dividieron a la familia entre Argentina y Norteam\u00e9rica. Sin embargo, terminaron estableci\u00e9ndose en Surfside, Miami, donde afrontaron juntos nuevas oportunidades y desaf\u00edos. Durante este per\u00edodo, Sof\u00eda decidi\u00f3 bajar su perfil radicalmente, enfocada en proyectos compatibles con la crianza de sus hijos.<\/p>\n<div class=\"second-saved-buttons\">\n<div class=\"body-share-note\"><\/div>\n<\/div>\n","protected":false},"excerpt":{"rendered":"<p>La actriz se cas\u00f3 en el a\u00f1o 2008 con el productor televisivo y luego del nacimiento de sus hijos se mantuvo un poco m\u00e1s alejada de los medios Qui\u00e9n es Sof\u00eda Reca, la esposa de Tom\u00e1s Yankelevich y nuera de Cris Morena: de trabajar en Disney al bajo perfil (Foto: Instagram) El pa\u00eds completo y [&hellip;]<\/p>\n","protected":false},"author":1,"featured_media":3690,"comment_status":"open","ping_status":"open","sticky":false,"template":"","format":"standard","meta":{"rop_custom_images_group":[],"rop_custom_messages_group":[],"rop_publish_now":"initial","rop_publish_now_accounts":[],"rop_publish_now_history":[],"rop_publish_now_status":"pending","footnotes":"","jetpack_publicize_message":"","jetpack_publicize_feature_enabled":true,"jetpack_social_post_already_shared":true,"jetpack_social_options":{"image_generator_settings":{"template":"highway","enabled":false},"version":2}},"categories":[12],"tags":[],"class_list":{"0":"post-3687","1":"post","2":"type-post","3":"status-publish","4":"format-standard","5":"has-post-thumbnail","7":"category-espectaculos"},"jetpack_publicize_connections":[],"yoast_head":"<!-- This site is optimized with the Yoast SEO plugin v27.3 - https:\/\/yoast.com\/product\/yoast-seo-wordpress\/ -->\n<title>Qui\u00e9n es Sof\u00eda Reca, la esposa de Tom\u00e1s Yankelevich y mam\u00e1 de Mila: de trabajar en Disney al bajo perfil - CLAN ESPECTACULOS<\/title>\n<meta name=\"robots\" content=\"index, follow, max-snippet:-1, max-image-preview:large, max-video-preview:-1\" \/>\n<link rel=\"canonical\" href=\"https:\/\/radioclanfm.com\/clanespectaculos\/quien-es-sofia-reca-la-esposa-de-tomas-yankelevich-y-mama-de-mila-de-trabajar-en-disney-al-bajo-perfil\/\" \/>\n<meta property=\"og:locale\" content=\"es_ES\" \/>\n<meta property=\"og:type\" content=\"article\" \/>\n<meta property=\"og:title\" content=\"Qui\u00e9n es Sof\u00eda Reca, la esposa de Tom\u00e1s Yankelevich y mam\u00e1 de Mila: de trabajar en Disney al bajo perfil - CLAN ESPECTACULOS\" \/>\n<meta property=\"og:description\" content=\"La actriz se cas\u00f3 en el a\u00f1o 2008 con el productor televisivo y luego del nacimiento de sus hijos se mantuvo un poco m\u00e1s alejada de los medios Qui\u00e9n es Sof\u00eda Reca, la esposa de Tom\u00e1s Yankelevich y nuera de Cris Morena: de trabajar en Disney al bajo perfil (Foto: Instagram) El pa\u00eds completo y [&hellip;]\" \/>\n<meta property=\"og:url\" content=\"https:\/\/radioclanfm.com\/clanespectaculos\/quien-es-sofia-reca-la-esposa-de-tomas-yankelevich-y-mama-de-mila-de-trabajar-en-disney-al-bajo-perfil\/\" \/>\n<meta property=\"og:site_name\" content=\"CLAN ESPECTACULOS\" \/>\n<meta property=\"article:publisher\" content=\"https:\/\/www.facebook.com\/clanespectaculos\/\" \/>\n<meta property=\"article:published_time\" content=\"2025-07-29T21:08:43+00:00\" \/>\n<meta property=\"og:image\" content=\"https:\/\/radioclanfm.com\/clanespectaculos\/wp-content\/uploads\/sites\/2\/2025\/07\/6-SCvaRN.jpg\" \/>\n\t<meta property=\"og:image:width\" content=\"900\" \/>\n\t<meta property=\"og:image:height\" content=\"450\" \/>\n\t<meta property=\"og:image:type\" content=\"image\/jpeg\" \/>\n<meta name=\"author\" content=\"E-GRUPOCLAN\" \/>\n<meta name=\"twitter:card\" content=\"summary_large_image\" \/>\n<meta name=\"twitter:creator\" content=\"@clanespectok\" \/>\n<meta name=\"twitter:site\" content=\"@clanespectok\" \/>\n<meta name=\"twitter:label1\" content=\"Escrito por\" \/>\n\t<meta name=\"twitter:data1\" content=\"E-GRUPOCLAN\" \/>\n\t<meta name=\"twitter:label2\" content=\"Tiempo de lectura\" \/>\n\t<meta name=\"twitter:data2\" content=\"4 minutos\" \/>\n<script type=\"application\/ld+json\" class=\"yoast-schema-graph\">{\"@context\":\"https:\\\/\\\/schema.org\",\"@graph\":[{\"@type\":\"Article\",\"@id\":\"https:\\\/\\\/radioclanfm.com\\\/clanespectaculos\\\/quien-es-sofia-reca-la-esposa-de-tomas-yankelevich-y-mama-de-mila-de-trabajar-en-disney-al-bajo-perfil\\\/#article\",\"isPartOf\":{\"@id\":\"https:\\\/\\\/radioclanfm.com\\\/clanespectaculos\\\/quien-es-sofia-reca-la-esposa-de-tomas-yankelevich-y-mama-de-mila-de-trabajar-en-disney-al-bajo-perfil\\\/\"},\"author\":{\"name\":\"E-GRUPOCLAN\",\"@id\":\"https:\\\/\\\/radioclanfm.com\\\/clanespectaculos\\\/#\\\/schema\\\/person\\\/9734813083303230f3ad84d99171b20c\"},\"headline\":\"Qui\u00e9n es Sof\u00eda Reca, la esposa de Tom\u00e1s Yankelevich y mam\u00e1 de Mila: de trabajar en Disney al bajo perfil\",\"datePublished\":\"2025-07-29T21:08:43+00:00\",\"mainEntityOfPage\":{\"@id\":\"https:\\\/\\\/radioclanfm.com\\\/clanespectaculos\\\/quien-es-sofia-reca-la-esposa-de-tomas-yankelevich-y-mama-de-mila-de-trabajar-en-disney-al-bajo-perfil\\\/\"},\"wordCount\":891,\"commentCount\":0,\"publisher\":{\"@id\":\"https:\\\/\\\/radioclanfm.com\\\/clanespectaculos\\\/#organization\"},\"image\":{\"@id\":\"https:\\\/\\\/radioclanfm.com\\\/clanespectaculos\\\/quien-es-sofia-reca-la-esposa-de-tomas-yankelevich-y-mama-de-mila-de-trabajar-en-disney-al-bajo-perfil\\\/#primaryimage\"},\"thumbnailUrl\":\"https:\\\/\\\/radioclanfm.com\\\/clanespectaculos\\\/wp-content\\\/uploads\\\/sites\\\/2\\\/2025\\\/07\\\/6-SCvaRN.jpg\",\"articleSection\":[\"Espectaculos\"],\"inLanguage\":\"es-AR\",\"potentialAction\":[{\"@type\":\"CommentAction\",\"name\":\"Comment\",\"target\":[\"https:\\\/\\\/radioclanfm.com\\\/clanespectaculos\\\/quien-es-sofia-reca-la-esposa-de-tomas-yankelevich-y-mama-de-mila-de-trabajar-en-disney-al-bajo-perfil\\\/#respond\"]}]},{\"@type\":\"WebPage\",\"@id\":\"https:\\\/\\\/radioclanfm.com\\\/clanespectaculos\\\/quien-es-sofia-reca-la-esposa-de-tomas-yankelevich-y-mama-de-mila-de-trabajar-en-disney-al-bajo-perfil\\\/\",\"url\":\"https:\\\/\\\/radioclanfm.com\\\/clanespectaculos\\\/quien-es-sofia-reca-la-esposa-de-tomas-yankelevich-y-mama-de-mila-de-trabajar-en-disney-al-bajo-perfil\\\/\",\"name\":\"Qui\u00e9n es Sof\u00eda Reca, la esposa de Tom\u00e1s Yankelevich y mam\u00e1 de Mila: de trabajar en Disney al bajo perfil - CLAN ESPECTACULOS\",\"isPartOf\":{\"@id\":\"https:\\\/\\\/radioclanfm.com\\\/clanespectaculos\\\/#website\"},\"primaryImageOfPage\":{\"@id\":\"https:\\\/\\\/radioclanfm.com\\\/clanespectaculos\\\/quien-es-sofia-reca-la-esposa-de-tomas-yankelevich-y-mama-de-mila-de-trabajar-en-disney-al-bajo-perfil\\\/#primaryimage\"},\"image\":{\"@id\":\"https:\\\/\\\/radioclanfm.com\\\/clanespectaculos\\\/quien-es-sofia-reca-la-esposa-de-tomas-yankelevich-y-mama-de-mila-de-trabajar-en-disney-al-bajo-perfil\\\/#primaryimage\"},\"thumbnailUrl\":\"https:\\\/\\\/radioclanfm.com\\\/clanespectaculos\\\/wp-content\\\/uploads\\\/sites\\\/2\\\/2025\\\/07\\\/6-SCvaRN.jpg\",\"datePublished\":\"2025-07-29T21:08:43+00:00\",\"breadcrumb\":{\"@id\":\"https:\\\/\\\/radioclanfm.com\\\/clanespectaculos\\\/quien-es-sofia-reca-la-esposa-de-tomas-yankelevich-y-mama-de-mila-de-trabajar-en-disney-al-bajo-perfil\\\/#breadcrumb\"},\"inLanguage\":\"es-AR\",\"potentialAction\":[{\"@type\":\"ReadAction\",\"target\":[\"https:\\\/\\\/radioclanfm.com\\\/clanespectaculos\\\/quien-es-sofia-reca-la-esposa-de-tomas-yankelevich-y-mama-de-mila-de-trabajar-en-disney-al-bajo-perfil\\\/\"]}]},{\"@type\":\"ImageObject\",\"inLanguage\":\"es-AR\",\"@id\":\"https:\\\/\\\/radioclanfm.com\\\/clanespectaculos\\\/quien-es-sofia-reca-la-esposa-de-tomas-yankelevich-y-mama-de-mila-de-trabajar-en-disney-al-bajo-perfil\\\/#primaryimage\",\"url\":\"https:\\\/\\\/radioclanfm.com\\\/clanespectaculos\\\/wp-content\\\/uploads\\\/sites\\\/2\\\/2025\\\/07\\\/6-SCvaRN.jpg\",\"contentUrl\":\"https:\\\/\\\/radioclanfm.com\\\/clanespectaculos\\\/wp-content\\\/uploads\\\/sites\\\/2\\\/2025\\\/07\\\/6-SCvaRN.jpg\",\"width\":900,\"height\":450},{\"@type\":\"BreadcrumbList\",\"@id\":\"https:\\\/\\\/radioclanfm.com\\\/clanespectaculos\\\/quien-es-sofia-reca-la-esposa-de-tomas-yankelevich-y-mama-de-mila-de-trabajar-en-disney-al-bajo-perfil\\\/#breadcrumb\",\"itemListElement\":[{\"@type\":\"ListItem\",\"position\":1,\"name\":\"Inicio\",\"item\":\"https:\\\/\\\/radioclanfm.com\\\/clanespectaculos\\\/\"},{\"@type\":\"ListItem\",\"position\":2,\"name\":\"Qui\u00e9n es Sof\u00eda Reca, la esposa de Tom\u00e1s Yankelevich y mam\u00e1 de Mila: de trabajar en Disney al bajo perfil\"}]},{\"@type\":\"WebSite\",\"@id\":\"https:\\\/\\\/radioclanfm.com\\\/clanespectaculos\\\/#website\",\"url\":\"https:\\\/\\\/radioclanfm.com\\\/clanespectaculos\\\/\",\"name\":\"CLAN ESPECTACULOS\",\"description\":\"\",\"publisher\":{\"@id\":\"https:\\\/\\\/radioclanfm.com\\\/clanespectaculos\\\/#organization\"},\"potentialAction\":[{\"@type\":\"SearchAction\",\"target\":{\"@type\":\"EntryPoint\",\"urlTemplate\":\"https:\\\/\\\/radioclanfm.com\\\/clanespectaculos\\\/?s={search_term_string}\"},\"query-input\":{\"@type\":\"PropertyValueSpecification\",\"valueRequired\":true,\"valueName\":\"search_term_string\"}}],\"inLanguage\":\"es-AR\"},{\"@type\":\"Organization\",\"@id\":\"https:\\\/\\\/radioclanfm.com\\\/clanespectaculos\\\/#organization\",\"name\":\"CLAN ESPECTACULOS\",\"url\":\"https:\\\/\\\/radioclanfm.com\\\/clanespectaculos\\\/\",\"logo\":{\"@type\":\"ImageObject\",\"inLanguage\":\"es-AR\",\"@id\":\"https:\\\/\\\/radioclanfm.com\\\/clanespectaculos\\\/#\\\/schema\\\/logo\\\/image\\\/\",\"url\":\"https:\\\/\\\/radioclanfm.com\\\/clanespectaculos\\\/wp-content\\\/uploads\\\/sites\\\/2\\\/2026\\\/04\\\/ChatGPT-Image-23-mar-2026-10_09_00.png\",\"contentUrl\":\"https:\\\/\\\/radioclanfm.com\\\/clanespectaculos\\\/wp-content\\\/uploads\\\/sites\\\/2\\\/2026\\\/04\\\/ChatGPT-Image-23-mar-2026-10_09_00.png\",\"width\":1024,\"height\":1024,\"caption\":\"CLAN ESPECTACULOS\"},\"image\":{\"@id\":\"https:\\\/\\\/radioclanfm.com\\\/clanespectaculos\\\/#\\\/schema\\\/logo\\\/image\\\/\"},\"sameAs\":[\"https:\\\/\\\/www.facebook.com\\\/clanespectaculos\\\/\",\"https:\\\/\\\/x.com\\\/clanespectok\"]},{\"@type\":\"Person\",\"@id\":\"https:\\\/\\\/radioclanfm.com\\\/clanespectaculos\\\/#\\\/schema\\\/person\\\/9734813083303230f3ad84d99171b20c\",\"name\":\"E-GRUPOCLAN\",\"image\":{\"@type\":\"ImageObject\",\"inLanguage\":\"es-AR\",\"@id\":\"https:\\\/\\\/secure.gravatar.com\\\/avatar\\\/af6e19837c3d6a212034a48c7b3818d2ac1826f6025df0155da5a186ad321d79?s=96&d=mm&r=g\",\"url\":\"https:\\\/\\\/secure.gravatar.com\\\/avatar\\\/af6e19837c3d6a212034a48c7b3818d2ac1826f6025df0155da5a186ad321d79?s=96&d=mm&r=g\",\"contentUrl\":\"https:\\\/\\\/secure.gravatar.com\\\/avatar\\\/af6e19837c3d6a212034a48c7b3818d2ac1826f6025df0155da5a186ad321d79?s=96&d=mm&r=g\",\"caption\":\"E-GRUPOCLAN\"},\"sameAs\":[\"https:\\\/\\\/radioclanfm.com\"],\"url\":\"https:\\\/\\\/radioclanfm.com\\\/clanespectaculos\\\/author\\\/admin\\\/\"}]}<\/script>\n<!-- \/ Yoast SEO plugin. -->","yoast_head_json":{"title":"Qui\u00e9n es Sof\u00eda Reca, la esposa de Tom\u00e1s Yankelevich y mam\u00e1 de Mila: de trabajar en Disney al bajo perfil - CLAN ESPECTACULOS","robots":{"index":"index","follow":"follow","max-snippet":"max-snippet:-1","max-image-preview":"max-image-preview:large","max-video-preview":"max-video-preview:-1"},"canonical":"https:\/\/radioclanfm.com\/clanespectaculos\/quien-es-sofia-reca-la-esposa-de-tomas-yankelevich-y-mama-de-mila-de-trabajar-en-disney-al-bajo-perfil\/","og_locale":"es_ES","og_type":"article","og_title":"Qui\u00e9n es Sof\u00eda Reca, la esposa de Tom\u00e1s Yankelevich y mam\u00e1 de Mila: de trabajar en Disney al bajo perfil - CLAN ESPECTACULOS","og_description":"La actriz se cas\u00f3 en el a\u00f1o 2008 con el productor televisivo y luego del nacimiento de sus hijos se mantuvo un poco m\u00e1s alejada de los medios Qui\u00e9n es Sof\u00eda Reca, la esposa de Tom\u00e1s Yankelevich y nuera de Cris Morena: de trabajar en Disney al bajo perfil (Foto: Instagram) El pa\u00eds completo y [&hellip;]","og_url":"https:\/\/radioclanfm.com\/clanespectaculos\/quien-es-sofia-reca-la-esposa-de-tomas-yankelevich-y-mama-de-mila-de-trabajar-en-disney-al-bajo-perfil\/","og_site_name":"CLAN ESPECTACULOS","article_publisher":"https:\/\/www.facebook.com\/clanespectaculos\/","article_published_time":"2025-07-29T21:08:43+00:00","og_image":[{"width":900,"height":450,"url":"https:\/\/radioclanfm.com\/clanespectaculos\/wp-content\/uploads\/sites\/2\/2025\/07\/6-SCvaRN.jpg","type":"image\/jpeg"}],"author":"E-GRUPOCLAN","twitter_card":"summary_large_image","twitter_creator":"@clanespectok","twitter_site":"@clanespectok","twitter_misc":{"Escrito por":"E-GRUPOCLAN","Tiempo de lectura":"4 minutos"},"schema":{"@context":"https:\/\/schema.org","@graph":[{"@type":"Article","@id":"https:\/\/radioclanfm.com\/clanespectaculos\/quien-es-sofia-reca-la-esposa-de-tomas-yankelevich-y-mama-de-mila-de-trabajar-en-disney-al-bajo-perfil\/#article","isPartOf":{"@id":"https:\/\/radioclanfm.com\/clanespectaculos\/quien-es-sofia-reca-la-esposa-de-tomas-yankelevich-y-mama-de-mila-de-trabajar-en-disney-al-bajo-perfil\/"},"author":{"name":"E-GRUPOCLAN","@id":"https:\/\/radioclanfm.com\/clanespectaculos\/#\/schema\/person\/9734813083303230f3ad84d99171b20c"},"headline":"Qui\u00e9n es Sof\u00eda Reca, la esposa de Tom\u00e1s Yankelevich y mam\u00e1 de Mila: de trabajar en Disney al bajo perfil","datePublished":"2025-07-29T21:08:43+00:00","mainEntityOfPage":{"@id":"https:\/\/radioclanfm.com\/clanespectaculos\/quien-es-sofia-reca-la-esposa-de-tomas-yankelevich-y-mama-de-mila-de-trabajar-en-disney-al-bajo-perfil\/"},"wordCount":891,"commentCount":0,"publisher":{"@id":"https:\/\/radioclanfm.com\/clanespectaculos\/#organization"},"image":{"@id":"https:\/\/radioclanfm.com\/clanespectaculos\/quien-es-sofia-reca-la-esposa-de-tomas-yankelevich-y-mama-de-mila-de-trabajar-en-disney-al-bajo-perfil\/#primaryimage"},"thumbnailUrl":"https:\/\/radioclanfm.com\/clanespectaculos\/wp-content\/uploads\/sites\/2\/2025\/07\/6-SCvaRN.jpg","articleSection":["Espectaculos"],"inLanguage":"es-AR","potentialAction":[{"@type":"CommentAction","name":"Comment","target":["https:\/\/radioclanfm.com\/clanespectaculos\/quien-es-sofia-reca-la-esposa-de-tomas-yankelevich-y-mama-de-mila-de-trabajar-en-disney-al-bajo-perfil\/#respond"]}]},{"@type":"WebPage","@id":"https:\/\/radioclanfm.com\/clanespectaculos\/quien-es-sofia-reca-la-esposa-de-tomas-yankelevich-y-mama-de-mila-de-trabajar-en-disney-al-bajo-perfil\/","url":"https:\/\/radioclanfm.com\/clanespectaculos\/quien-es-sofia-reca-la-esposa-de-tomas-yankelevich-y-mama-de-mila-de-trabajar-en-disney-al-bajo-perfil\/","name":"Qui\u00e9n es Sof\u00eda Reca, la esposa de Tom\u00e1s Yankelevich y mam\u00e1 de Mila: de trabajar en Disney al bajo perfil - CLAN ESPECTACULOS","isPartOf":{"@id":"https:\/\/radioclanfm.com\/clanespectaculos\/#website"},"primaryImageOfPage":{"@id":"https:\/\/radioclanfm.com\/clanespectaculos\/quien-es-sofia-reca-la-esposa-de-tomas-yankelevich-y-mama-de-mila-de-trabajar-en-disney-al-bajo-perfil\/#primaryimage"},"image":{"@id":"https:\/\/radioclanfm.com\/clanespectaculos\/quien-es-sofia-reca-la-esposa-de-tomas-yankelevich-y-mama-de-mila-de-trabajar-en-disney-al-bajo-perfil\/#primaryimage"},"thumbnailUrl":"https:\/\/radioclanfm.com\/clanespectaculos\/wp-content\/uploads\/sites\/2\/2025\/07\/6-SCvaRN.jpg","datePublished":"2025-07-29T21:08:43+00:00","breadcrumb":{"@id":"https:\/\/radioclanfm.com\/clanespectaculos\/quien-es-sofia-reca-la-esposa-de-tomas-yankelevich-y-mama-de-mila-de-trabajar-en-disney-al-bajo-perfil\/#breadcrumb"},"inLanguage":"es-AR","potentialAction":[{"@type":"ReadAction","target":["https:\/\/radioclanfm.com\/clanespectaculos\/quien-es-sofia-reca-la-esposa-de-tomas-yankelevich-y-mama-de-mila-de-trabajar-en-disney-al-bajo-perfil\/"]}]},{"@type":"ImageObject","inLanguage":"es-AR","@id":"https:\/\/radioclanfm.com\/clanespectaculos\/quien-es-sofia-reca-la-esposa-de-tomas-yankelevich-y-mama-de-mila-de-trabajar-en-disney-al-bajo-perfil\/#primaryimage","url":"https:\/\/radioclanfm.com\/clanespectaculos\/wp-content\/uploads\/sites\/2\/2025\/07\/6-SCvaRN.jpg","contentUrl":"https:\/\/radioclanfm.com\/clanespectaculos\/wp-content\/uploads\/sites\/2\/2025\/07\/6-SCvaRN.jpg","width":900,"height":450},{"@type":"BreadcrumbList","@id":"https:\/\/radioclanfm.com\/clanespectaculos\/quien-es-sofia-reca-la-esposa-de-tomas-yankelevich-y-mama-de-mila-de-trabajar-en-disney-al-bajo-perfil\/#breadcrumb","itemListElement":[{"@type":"ListItem","position":1,"name":"Inicio","item":"https:\/\/radioclanfm.com\/clanespectaculos\/"},{"@type":"ListItem","position":2,"name":"Qui\u00e9n es Sof\u00eda Reca, la esposa de Tom\u00e1s Yankelevich y mam\u00e1 de Mila: de trabajar en Disney al bajo perfil"}]},{"@type":"WebSite","@id":"https:\/\/radioclanfm.com\/clanespectaculos\/#website","url":"https:\/\/radioclanfm.com\/clanespectaculos\/","name":"CLAN ESPECTACULOS","description":"","publisher":{"@id":"https:\/\/radioclanfm.com\/clanespectaculos\/#organization"},"potentialAction":[{"@type":"SearchAction","target":{"@type":"EntryPoint","urlTemplate":"https:\/\/radioclanfm.com\/clanespectaculos\/?s={search_term_string}"},"query-input":{"@type":"PropertyValueSpecification","valueRequired":true,"valueName":"search_term_string"}}],"inLanguage":"es-AR"},{"@type":"Organization","@id":"https:\/\/radioclanfm.com\/clanespectaculos\/#organization","name":"CLAN ESPECTACULOS","url":"https:\/\/radioclanfm.com\/clanespectaculos\/","logo":{"@type":"ImageObject","inLanguage":"es-AR","@id":"https:\/\/radioclanfm.com\/clanespectaculos\/#\/schema\/logo\/image\/","url":"https:\/\/radioclanfm.com\/clanespectaculos\/wp-content\/uploads\/sites\/2\/2026\/04\/ChatGPT-Image-23-mar-2026-10_09_00.png","contentUrl":"https:\/\/radioclanfm.com\/clanespectaculos\/wp-content\/uploads\/sites\/2\/2026\/04\/ChatGPT-Image-23-mar-2026-10_09_00.png","width":1024,"height":1024,"caption":"CLAN ESPECTACULOS"},"image":{"@id":"https:\/\/radioclanfm.com\/clanespectaculos\/#\/schema\/logo\/image\/"},"sameAs":["https:\/\/www.facebook.com\/clanespectaculos\/","https:\/\/x.com\/clanespectok"]},{"@type":"Person","@id":"https:\/\/radioclanfm.com\/clanespectaculos\/#\/schema\/person\/9734813083303230f3ad84d99171b20c","name":"E-GRUPOCLAN","image":{"@type":"ImageObject","inLanguage":"es-AR","@id":"https:\/\/secure.gravatar.com\/avatar\/af6e19837c3d6a212034a48c7b3818d2ac1826f6025df0155da5a186ad321d79?s=96&d=mm&r=g","url":"https:\/\/secure.gravatar.com\/avatar\/af6e19837c3d6a212034a48c7b3818d2ac1826f6025df0155da5a186ad321d79?s=96&d=mm&r=g","contentUrl":"https:\/\/secure.gravatar.com\/avatar\/af6e19837c3d6a212034a48c7b3818d2ac1826f6025df0155da5a186ad321d79?s=96&d=mm&r=g","caption":"E-GRUPOCLAN"},"sameAs":["https:\/\/radioclanfm.com"],"url":"https:\/\/radioclanfm.com\/clanespectaculos\/author\/admin\/"}]}},"_links":{"self":[{"href":"https:\/\/radioclanfm.com\/clanespectaculos\/wp-json\/wp\/v2\/posts\/3687","targetHints":{"allow":["GET"]}}],"collection":[{"href":"https:\/\/radioclanfm.com\/clanespectaculos\/wp-json\/wp\/v2\/posts"}],"about":[{"href":"https:\/\/radioclanfm.com\/clanespectaculos\/wp-json\/wp\/v2\/types\/post"}],"author":[{"embeddable":true,"href":"https:\/\/radioclanfm.com\/clanespectaculos\/wp-json\/wp\/v2\/users\/1"}],"replies":[{"embeddable":true,"href":"https:\/\/radioclanfm.com\/clanespectaculos\/wp-json\/wp\/v2\/comments?post=3687"}],"version-history":[{"count":1,"href":"https:\/\/radioclanfm.com\/clanespectaculos\/wp-json\/wp\/v2\/posts\/3687\/revisions"}],"predecessor-version":[{"id":3691,"href":"https:\/\/radioclanfm.com\/clanespectaculos\/wp-json\/wp\/v2\/posts\/3687\/revisions\/3691"}],"wp:featuredmedia":[{"embeddable":true,"href":"https:\/\/radioclanfm.com\/clanespectaculos\/wp-json\/wp\/v2\/media\/3690"}],"wp:attachment":[{"href":"https:\/\/radioclanfm.com\/clanespectaculos\/wp-json\/wp\/v2\/media?parent=3687"}],"wp:term":[{"taxonomy":"category","embeddable":true,"href":"https:\/\/radioclanfm.com\/clanespectaculos\/wp-json\/wp\/v2\/categories?post=3687"},{"taxonomy":"post_tag","embeddable":true,"href":"https:\/\/radioclanfm.com\/clanespectaculos\/wp-json\/wp\/v2\/tags?post=3687"}],"curies":[{"name":"wp","href":"https:\/\/api.w.org\/{rel}","templated":true}]}}