{"id":3677,"date":"2025-07-29T18:04:55","date_gmt":"2025-07-29T21:04:55","guid":{"rendered":"https:\/\/radioclanfm.com\/clanespectaculos\/?p=3677"},"modified":"2025-07-29T18:04:55","modified_gmt":"2025-07-29T21:04:55","slug":"mauro-icardi-blanqueo-el-apodo-que-le-puso-al-hijo-de-la-china-suarez-y-wanda-nara-exploto","status":"publish","type":"post","link":"https:\/\/radioclanfm.com\/clanespectaculos\/mauro-icardi-blanqueo-el-apodo-que-le-puso-al-hijo-de-la-china-suarez-y-wanda-nara-exploto\/","title":{"rendered":"Mauro Icardi blanque\u00f3 el apodo que le puso al hijo de la China Su\u00e1rez y Wanda Nara explot\u00f3"},"content":{"rendered":"<p>El jugador salud\u00f3 a Amancio Vicu\u00f1a por su cumplea\u00f1os y la foto le cay\u00f3 p\u00e9simo a la medi\u00e1tica, que destil\u00f3 bronca en las redes.<\/p>\n<div class=\"col-content\"><main class=\"col-content\"><\/p>\n<div class=\"default-article-color article__body article__article\">\n<p class=\"paragraph font__body-regular\"><b>Mauro Icardi salud\u00f3 a Amancio Vicu\u00f1a por su cumplea\u00f1os<\/b>\u00a0y\u00a0<b>a Wanda Nara le cay\u00f3 p\u00e9simo<\/b>. Todo se desencaden\u00f3 por la publicaci\u00f3n de una foto donde se lo ve con el nene a upa, a quien le dedic\u00f3 dulces palabras y le puso un simp\u00e1tico apodo: \u201cTerminando un d\u00eda divino.\u00a0<b>Feliz cumple, Amanshuli.<\/b>\u00a0Que seas siempre muy feliz\u201d.<\/p>\n<div class=\"AV67f93cf033780503b00636a7\">\n<div id=\"aniBox\">\n<div id=\"aniplayer_AV67f93cf033780503b00636a7-1753822982267\">\n<div id=\"aniplayer_AV67f93cf033780503b00636a7-1753822982267gui\">\n<div id=\"av-caption\">\n<div id=\"av-close-btn-overlay\" class=\"av-pos-top-left\"><\/div>\n<\/div>\n<\/div>\n<\/div>\n<\/div>\n<\/div>\n<div id=\"ad-slot-infeed\" class=\"infeed-container ad-slot-infeed ad-slot\" data-adtype=\"infeed\" data-google-query-id=\"CPXJsPX74o4DFQ1YuAQdmPEm1Q\">\n<div id=\"google_ads_iframe_\/113951150\/tn-arc\/nota\/infeed_0__container__\"><\/div>\n<\/div>\n<p class=\"paragraph font__body-regular\">Mientras<b>\u00a0la China Su\u00e1rez\u00a0<\/b>mor\u00eda de amor con ese tierno mensaje, la empresaria despotric\u00f3 en X, donde retuite\u00f3 un comentario que hac\u00eda \u00e9nfasis en c\u00f3mo el jugador \u201cjuega al pap\u00e1\u201d con hijos \u201cprestados\u201d. \u201cMis hijos por suerte tienen mi familia y a mi\u201d, lanz\u00f3 indignada.<\/p>\n<p class=\"paragraph font__body-regular\">Las cr\u00edticas no se hicieron esperar y varios usuarios le remarcaron que dej\u00f3 a sus chicos en la Argentina para irse de fiesta con L-Gante por Europa. Tambi\u00e9n volvieron a acusarla de \u201csucia\u201d, ya que en varias im\u00e1genes apareci\u00f3 con el pelo desprolijo y la misma ropa durante dos d\u00edas seguidos.<\/p>\n<figure class=\"\" data-testid=\"figure-testid\">\n<div class=\"aspect_ratio__container\"><picture class=\"responsive-image\"><source srcset=\"https:\/\/tn.com.ar\/resizer\/v2\/mauro-icardi-junto-a-amancio-foto-instagram-mauroicardi-WVLC4KQASJGT7LKJI7GG2EH3DU.png?auth=529b28d98657e0739c7b9d341602f9d92373b56bda503d936579a6a3333022a4&amp;width=767\" type=\"image\/jpg\" media=\"(max-width: 728px)\" \/><source srcset=\"https:\/\/tn.com.ar\/resizer\/v2\/mauro-icardi-junto-a-amancio-foto-instagram-mauroicardi-WVLC4KQASJGT7LKJI7GG2EH3DU.png?auth=529b28d98657e0739c7b9d341602f9d92373b56bda503d936579a6a3333022a4&amp;width=1023\" type=\"image\/jpg\" media=\"(max-width: 1023px)\" \/><source srcset=\"https:\/\/tn.com.ar\/resizer\/v2\/mauro-icardi-junto-a-amancio-foto-instagram-mauroicardi-WVLC4KQASJGT7LKJI7GG2EH3DU.png?auth=529b28d98657e0739c7b9d341602f9d92373b56bda503d936579a6a3333022a4&amp;width=1440\" type=\"image\/jpg\" \/><img loading=\"lazy\" decoding=\"async\" class=\"image content-image image_placeholder\" src=\"https:\/\/tn.com.ar\/resizer\/v2\/mauro-icardi-junto-a-amancio-foto-instagram-mauroicardi-WVLC4KQASJGT7LKJI7GG2EH3DU.png?auth=529b28d98657e0739c7b9d341602f9d92373b56bda503d936579a6a3333022a4&amp;width=767\" alt=\"Mauro Icardi junto a Amancio (Foto: Instagram \/mauroicardi)\" width=\"767\" height=\"1363\" data-testid=\"loading-testid\" \/><\/picture><\/div><figcaption class=\"caption_image\" data-testid=\"figcaption-testid\">\n<div class=\"image_caption \">Mauro Icardi junto a Amancio (Foto: Instagram \/mauroicardi)<\/div>\n<\/figcaption><\/figure>\n<p class=\"paragraph font__body-regular\">\u201cMejor ocupate de tu vida\u201d, \u201cDej\u00e1 a Icardi en paz\u201d, \u201cSos insoportable\u201d, \u201cFlor de envidiosa resultaste\u201d, \u201cPat\u00e9tica es poco\u201d, \u201cTodo el da\u00f1o que hiciste lo vas a pagar\u201d, fueron tan solo algunas de las opiniones que se leyeron en su contra.<\/p>\n<figure class=\"\" data-testid=\"figure-testid\">\n<div class=\"aspect_ratio__container\"><picture class=\"responsive-image\"><source srcset=\"https:\/\/tn.com.ar\/resizer\/v2\/wanda-nara-otra-vez-contra-mauro-icardi-foto-xwanditanara-D4J523O3VJC2RPJBFC4PPV4ARA.JPG?auth=d3a9d3da3eccdcae958c8eb981eccb22e9ec476e2d4dc7482a1bf04d79ce298f&amp;width=767\" type=\"image\/jpg\" media=\"(max-width: 728px)\" \/><source srcset=\"https:\/\/tn.com.ar\/resizer\/v2\/wanda-nara-otra-vez-contra-mauro-icardi-foto-xwanditanara-D4J523O3VJC2RPJBFC4PPV4ARA.JPG?auth=d3a9d3da3eccdcae958c8eb981eccb22e9ec476e2d4dc7482a1bf04d79ce298f&amp;width=1023\" type=\"image\/jpg\" media=\"(max-width: 1023px)\" \/><source srcset=\"https:\/\/tn.com.ar\/resizer\/v2\/wanda-nara-otra-vez-contra-mauro-icardi-foto-xwanditanara-D4J523O3VJC2RPJBFC4PPV4ARA.JPG?auth=d3a9d3da3eccdcae958c8eb981eccb22e9ec476e2d4dc7482a1bf04d79ce298f&amp;width=1440\" type=\"image\/jpg\" \/><img loading=\"lazy\" decoding=\"async\" class=\"image content-image image_placeholder\" src=\"https:\/\/tn.com.ar\/resizer\/v2\/wanda-nara-otra-vez-contra-mauro-icardi-foto-xwanditanara-D4J523O3VJC2RPJBFC4PPV4ARA.JPG?auth=d3a9d3da3eccdcae958c8eb981eccb22e9ec476e2d4dc7482a1bf04d79ce298f&amp;width=767\" alt=\"Wanda Nara, otra vez contra Mauro Icardi. (Foto: X\/wanditanara)\" width=\"767\" height=\"289\" data-testid=\"loading-testid\" \/><\/picture><\/div><figcaption class=\"caption_image\" data-testid=\"figcaption-testid\">\n<div class=\"image_caption \">Wanda Nara, otra vez contra Mauro Icardi. (Foto: X\/wanditanara)<\/div>\n<\/figcaption><\/figure>\n<h2 class=\"font--primary font__display\">Wanda Nara destroz\u00f3 a la China Su\u00e1rez<\/h2>\n<p class=\"paragraph font__body-regular\"><b>Wanda Nara sigue furiosa con la China Su\u00e1rez<\/b>, que en un chat con Graciela Alfano la acus\u00f3 de haber difundido\u00a0<b>el video \u00edntimo de Mauro Icardi toc\u00e1ndose<\/b><b>.\u00a0<\/b>En medio del viaje de la actriz a Turqu\u00eda, donde la espera el jugador,\u00a0<b>decidi\u00f3 fulminarla con un mensaje pol\u00e9mico\u00a0<\/b>que retuite\u00f3 en X, donde se suele expresar sin filtros.<\/p>\n<p class=\"paragraph font__body-regular\">\u201cLa Alfano y la China salieron a decir que Wanda era la culpable. jajajaja, \u00a1qu\u00e9 fondo de olla estas dos!\u00a0<b>Tan pat\u00e9ticas.\u00a0<\/b>Una queriendo joder a Susana y la otra a Wanda&#8221;, fue el comentario que replic\u00f3 para que vieran sus casi 3 millones de seguidores.<\/p>\n<figure class=\"\" data-testid=\"figure-testid\">\n<div class=\"aspect_ratio__container\"><picture class=\"responsive-image\"><source srcset=\"https:\/\/tn.com.ar\/resizer\/v2\/wanda-nara-volvio-a-apuntar-contra-la-china-suarez-y-tambien-la-ligo-graciela-alfano-foto-xwanditanara-NHOXVJA7I5BW3H4M6FUTDAVRTE.JPG?auth=7748c4e3609fc643ced31f979382903406c3f07d110759994f585ce2d96151f4&amp;width=767\" type=\"image\/jpg\" media=\"(max-width: 728px)\" \/><source srcset=\"https:\/\/tn.com.ar\/resizer\/v2\/wanda-nara-volvio-a-apuntar-contra-la-china-suarez-y-tambien-la-ligo-graciela-alfano-foto-xwanditanara-NHOXVJA7I5BW3H4M6FUTDAVRTE.JPG?auth=7748c4e3609fc643ced31f979382903406c3f07d110759994f585ce2d96151f4&amp;width=1023\" type=\"image\/jpg\" media=\"(max-width: 1023px)\" \/><source srcset=\"https:\/\/tn.com.ar\/resizer\/v2\/wanda-nara-volvio-a-apuntar-contra-la-china-suarez-y-tambien-la-ligo-graciela-alfano-foto-xwanditanara-NHOXVJA7I5BW3H4M6FUTDAVRTE.JPG?auth=7748c4e3609fc643ced31f979382903406c3f07d110759994f585ce2d96151f4&amp;width=1440\" type=\"image\/jpg\" \/><img loading=\"lazy\" decoding=\"async\" class=\"image content-image image_placeholder\" src=\"https:\/\/tn.com.ar\/resizer\/v2\/wanda-nara-volvio-a-apuntar-contra-la-china-suarez-y-tambien-la-ligo-graciela-alfano-foto-xwanditanara-NHOXVJA7I5BW3H4M6FUTDAVRTE.JPG?auth=7748c4e3609fc643ced31f979382903406c3f07d110759994f585ce2d96151f4&amp;width=767\" alt=\"Wanda Nara volvi\u00f3 a apuntar contra la China Su\u00e1rez y tambi\u00e9n la lig\u00f3 Graciela Alfano. (Foto: X\/wanditanara)\" width=\"767\" height=\"216\" data-testid=\"loading-testid\" \/><\/picture><\/div><figcaption class=\"caption_image\" data-testid=\"figcaption-testid\">\n<div class=\"image_caption \">Wanda Nara volvi\u00f3 a apuntar contra la China Su\u00e1rez y tambi\u00e9n la lig\u00f3 Graciela Alfano. (Foto: X\/wanditanara)<\/div>\n<\/figcaption><\/figure>\n<p class=\"paragraph font__body-regular\">Si bien algunos usuarios insisten con que la rubia est\u00e1 obsesionada con la ex\u00a0<i>Casi \u00e1ngeles\u00a0<\/i>y no parar\u00e1 hasta verla separada del jugador, se conoci\u00f3 que ahora volvi\u00f3 a apostar al amor con L-Gante, a quien viaj\u00f3 a ver a Espa\u00f1a y con quien disfruta del verano europeo.<\/p>\n<\/div>\n<p><\/main><\/div>\n<aside class=\"col-right-rail right-rail\">\n<div id=\"parent-ad-slot-caja\" class=\"ad-container caja_ad \">\n<div class=\"ad-content\">\n<div id=\"ad-slot-caja\" class=\"ad-slot-caja ad-slot\" data-adtype=\"caja\" data-google-query-id=\"CP360PT74o4DFZhQuAQd0zUw4Q\"><\/div>\n<\/div>\n<\/div>\n<\/aside>\n","protected":false},"excerpt":{"rendered":"<p>El jugador salud\u00f3 a Amancio Vicu\u00f1a por su cumplea\u00f1os y la foto le cay\u00f3 p\u00e9simo a la medi\u00e1tica, que destil\u00f3 bronca en las redes. Mauro Icardi salud\u00f3 a Amancio Vicu\u00f1a por su cumplea\u00f1os\u00a0y\u00a0a Wanda Nara le cay\u00f3 p\u00e9simo. Todo se desencaden\u00f3 por la publicaci\u00f3n de una foto donde se lo ve con el nene a [&hellip;]<\/p>\n","protected":false},"author":1,"featured_media":3680,"comment_status":"open","ping_status":"open","sticky":false,"template":"","format":"standard","meta":{"rop_custom_images_group":[],"rop_custom_messages_group":[],"rop_publish_now":"initial","rop_publish_now_accounts":[],"rop_publish_now_history":[],"rop_publish_now_status":"pending","footnotes":"","jetpack_publicize_message":"","jetpack_publicize_feature_enabled":true,"jetpack_social_post_already_shared":true,"jetpack_social_options":{"image_generator_settings":{"template":"highway","enabled":false},"version":2}},"categories":[12],"tags":[],"class_list":{"0":"post-3677","1":"post","2":"type-post","3":"status-publish","4":"format-standard","5":"has-post-thumbnail","7":"category-espectaculos"},"jetpack_publicize_connections":[],"yoast_head":"<!-- This site is optimized with the Yoast SEO plugin v27.3 - https:\/\/yoast.com\/product\/yoast-seo-wordpress\/ -->\n<title>Mauro Icardi blanque\u00f3 el apodo que le puso al hijo de la China Su\u00e1rez y Wanda Nara explot\u00f3 - CLAN ESPECTACULOS<\/title>\n<meta name=\"robots\" content=\"index, follow, max-snippet:-1, max-image-preview:large, max-video-preview:-1\" \/>\n<link rel=\"canonical\" href=\"https:\/\/radioclanfm.com\/clanespectaculos\/mauro-icardi-blanqueo-el-apodo-que-le-puso-al-hijo-de-la-china-suarez-y-wanda-nara-exploto\/\" \/>\n<meta property=\"og:locale\" content=\"es_ES\" \/>\n<meta property=\"og:type\" content=\"article\" \/>\n<meta property=\"og:title\" content=\"Mauro Icardi blanque\u00f3 el apodo que le puso al hijo de la China Su\u00e1rez y Wanda Nara explot\u00f3 - CLAN ESPECTACULOS\" \/>\n<meta property=\"og:description\" content=\"El jugador salud\u00f3 a Amancio Vicu\u00f1a por su cumplea\u00f1os y la foto le cay\u00f3 p\u00e9simo a la medi\u00e1tica, que destil\u00f3 bronca en las redes. Mauro Icardi salud\u00f3 a Amancio Vicu\u00f1a por su cumplea\u00f1os\u00a0y\u00a0a Wanda Nara le cay\u00f3 p\u00e9simo. Todo se desencaden\u00f3 por la publicaci\u00f3n de una foto donde se lo ve con el nene a [&hellip;]\" \/>\n<meta property=\"og:url\" content=\"https:\/\/radioclanfm.com\/clanespectaculos\/mauro-icardi-blanqueo-el-apodo-que-le-puso-al-hijo-de-la-china-suarez-y-wanda-nara-exploto\/\" \/>\n<meta property=\"og:site_name\" content=\"CLAN ESPECTACULOS\" \/>\n<meta property=\"article:publisher\" content=\"https:\/\/www.facebook.com\/clanespectaculos\/\" \/>\n<meta property=\"article:published_time\" content=\"2025-07-29T21:04:55+00:00\" \/>\n<meta property=\"og:image\" content=\"https:\/\/radioclanfm.com\/clanespectaculos\/wp-content\/uploads\/sites\/2\/2025\/07\/V8AWlUf-1.jpg\" \/>\n\t<meta property=\"og:image:width\" content=\"900\" \/>\n\t<meta property=\"og:image:height\" content=\"504\" \/>\n\t<meta property=\"og:image:type\" content=\"image\/jpeg\" \/>\n<meta name=\"author\" content=\"E-GRUPOCLAN\" \/>\n<meta name=\"twitter:card\" content=\"summary_large_image\" \/>\n<meta name=\"twitter:creator\" content=\"@clanespectok\" \/>\n<meta name=\"twitter:site\" content=\"@clanespectok\" \/>\n<meta name=\"twitter:label1\" content=\"Escrito por\" \/>\n\t<meta name=\"twitter:data1\" content=\"E-GRUPOCLAN\" \/>\n\t<meta name=\"twitter:label2\" content=\"Tiempo de lectura\" \/>\n\t<meta name=\"twitter:data2\" content=\"2 minutos\" \/>\n<script type=\"application\/ld+json\" class=\"yoast-schema-graph\">{\"@context\":\"https:\\\/\\\/schema.org\",\"@graph\":[{\"@type\":\"Article\",\"@id\":\"https:\\\/\\\/radioclanfm.com\\\/clanespectaculos\\\/mauro-icardi-blanqueo-el-apodo-que-le-puso-al-hijo-de-la-china-suarez-y-wanda-nara-exploto\\\/#article\",\"isPartOf\":{\"@id\":\"https:\\\/\\\/radioclanfm.com\\\/clanespectaculos\\\/mauro-icardi-blanqueo-el-apodo-que-le-puso-al-hijo-de-la-china-suarez-y-wanda-nara-exploto\\\/\"},\"author\":{\"name\":\"E-GRUPOCLAN\",\"@id\":\"https:\\\/\\\/radioclanfm.com\\\/clanespectaculos\\\/#\\\/schema\\\/person\\\/9734813083303230f3ad84d99171b20c\"},\"headline\":\"Mauro Icardi blanque\u00f3 el apodo que le puso al hijo de la China Su\u00e1rez y Wanda Nara explot\u00f3\",\"datePublished\":\"2025-07-29T21:04:55+00:00\",\"mainEntityOfPage\":{\"@id\":\"https:\\\/\\\/radioclanfm.com\\\/clanespectaculos\\\/mauro-icardi-blanqueo-el-apodo-que-le-puso-al-hijo-de-la-china-suarez-y-wanda-nara-exploto\\\/\"},\"wordCount\":461,\"commentCount\":0,\"publisher\":{\"@id\":\"https:\\\/\\\/radioclanfm.com\\\/clanespectaculos\\\/#organization\"},\"image\":{\"@id\":\"https:\\\/\\\/radioclanfm.com\\\/clanespectaculos\\\/mauro-icardi-blanqueo-el-apodo-que-le-puso-al-hijo-de-la-china-suarez-y-wanda-nara-exploto\\\/#primaryimage\"},\"thumbnailUrl\":\"https:\\\/\\\/radioclanfm.com\\\/clanespectaculos\\\/wp-content\\\/uploads\\\/sites\\\/2\\\/2025\\\/07\\\/V8AWlUf-1.jpg\",\"articleSection\":[\"Espectaculos\"],\"inLanguage\":\"es-AR\",\"potentialAction\":[{\"@type\":\"CommentAction\",\"name\":\"Comment\",\"target\":[\"https:\\\/\\\/radioclanfm.com\\\/clanespectaculos\\\/mauro-icardi-blanqueo-el-apodo-que-le-puso-al-hijo-de-la-china-suarez-y-wanda-nara-exploto\\\/#respond\"]}]},{\"@type\":\"WebPage\",\"@id\":\"https:\\\/\\\/radioclanfm.com\\\/clanespectaculos\\\/mauro-icardi-blanqueo-el-apodo-que-le-puso-al-hijo-de-la-china-suarez-y-wanda-nara-exploto\\\/\",\"url\":\"https:\\\/\\\/radioclanfm.com\\\/clanespectaculos\\\/mauro-icardi-blanqueo-el-apodo-que-le-puso-al-hijo-de-la-china-suarez-y-wanda-nara-exploto\\\/\",\"name\":\"Mauro Icardi blanque\u00f3 el apodo que le puso al hijo de la China Su\u00e1rez y Wanda Nara explot\u00f3 - CLAN ESPECTACULOS\",\"isPartOf\":{\"@id\":\"https:\\\/\\\/radioclanfm.com\\\/clanespectaculos\\\/#website\"},\"primaryImageOfPage\":{\"@id\":\"https:\\\/\\\/radioclanfm.com\\\/clanespectaculos\\\/mauro-icardi-blanqueo-el-apodo-que-le-puso-al-hijo-de-la-china-suarez-y-wanda-nara-exploto\\\/#primaryimage\"},\"image\":{\"@id\":\"https:\\\/\\\/radioclanfm.com\\\/clanespectaculos\\\/mauro-icardi-blanqueo-el-apodo-que-le-puso-al-hijo-de-la-china-suarez-y-wanda-nara-exploto\\\/#primaryimage\"},\"thumbnailUrl\":\"https:\\\/\\\/radioclanfm.com\\\/clanespectaculos\\\/wp-content\\\/uploads\\\/sites\\\/2\\\/2025\\\/07\\\/V8AWlUf-1.jpg\",\"datePublished\":\"2025-07-29T21:04:55+00:00\",\"breadcrumb\":{\"@id\":\"https:\\\/\\\/radioclanfm.com\\\/clanespectaculos\\\/mauro-icardi-blanqueo-el-apodo-que-le-puso-al-hijo-de-la-china-suarez-y-wanda-nara-exploto\\\/#breadcrumb\"},\"inLanguage\":\"es-AR\",\"potentialAction\":[{\"@type\":\"ReadAction\",\"target\":[\"https:\\\/\\\/radioclanfm.com\\\/clanespectaculos\\\/mauro-icardi-blanqueo-el-apodo-que-le-puso-al-hijo-de-la-china-suarez-y-wanda-nara-exploto\\\/\"]}]},{\"@type\":\"ImageObject\",\"inLanguage\":\"es-AR\",\"@id\":\"https:\\\/\\\/radioclanfm.com\\\/clanespectaculos\\\/mauro-icardi-blanqueo-el-apodo-que-le-puso-al-hijo-de-la-china-suarez-y-wanda-nara-exploto\\\/#primaryimage\",\"url\":\"https:\\\/\\\/radioclanfm.com\\\/clanespectaculos\\\/wp-content\\\/uploads\\\/sites\\\/2\\\/2025\\\/07\\\/V8AWlUf-1.jpg\",\"contentUrl\":\"https:\\\/\\\/radioclanfm.com\\\/clanespectaculos\\\/wp-content\\\/uploads\\\/sites\\\/2\\\/2025\\\/07\\\/V8AWlUf-1.jpg\",\"width\":900,\"height\":504},{\"@type\":\"BreadcrumbList\",\"@id\":\"https:\\\/\\\/radioclanfm.com\\\/clanespectaculos\\\/mauro-icardi-blanqueo-el-apodo-que-le-puso-al-hijo-de-la-china-suarez-y-wanda-nara-exploto\\\/#breadcrumb\",\"itemListElement\":[{\"@type\":\"ListItem\",\"position\":1,\"name\":\"Inicio\",\"item\":\"https:\\\/\\\/radioclanfm.com\\\/clanespectaculos\\\/\"},{\"@type\":\"ListItem\",\"position\":2,\"name\":\"Mauro Icardi blanque\u00f3 el apodo que le puso al hijo de la China Su\u00e1rez y Wanda Nara explot\u00f3\"}]},{\"@type\":\"WebSite\",\"@id\":\"https:\\\/\\\/radioclanfm.com\\\/clanespectaculos\\\/#website\",\"url\":\"https:\\\/\\\/radioclanfm.com\\\/clanespectaculos\\\/\",\"name\":\"CLAN ESPECTACULOS\",\"description\":\"\",\"publisher\":{\"@id\":\"https:\\\/\\\/radioclanfm.com\\\/clanespectaculos\\\/#organization\"},\"potentialAction\":[{\"@type\":\"SearchAction\",\"target\":{\"@type\":\"EntryPoint\",\"urlTemplate\":\"https:\\\/\\\/radioclanfm.com\\\/clanespectaculos\\\/?s={search_term_string}\"},\"query-input\":{\"@type\":\"PropertyValueSpecification\",\"valueRequired\":true,\"valueName\":\"search_term_string\"}}],\"inLanguage\":\"es-AR\"},{\"@type\":\"Organization\",\"@id\":\"https:\\\/\\\/radioclanfm.com\\\/clanespectaculos\\\/#organization\",\"name\":\"CLAN ESPECTACULOS\",\"url\":\"https:\\\/\\\/radioclanfm.com\\\/clanespectaculos\\\/\",\"logo\":{\"@type\":\"ImageObject\",\"inLanguage\":\"es-AR\",\"@id\":\"https:\\\/\\\/radioclanfm.com\\\/clanespectaculos\\\/#\\\/schema\\\/logo\\\/image\\\/\",\"url\":\"https:\\\/\\\/radioclanfm.com\\\/clanespectaculos\\\/wp-content\\\/uploads\\\/sites\\\/2\\\/2026\\\/04\\\/ChatGPT-Image-23-mar-2026-10_09_00.png\",\"contentUrl\":\"https:\\\/\\\/radioclanfm.com\\\/clanespectaculos\\\/wp-content\\\/uploads\\\/sites\\\/2\\\/2026\\\/04\\\/ChatGPT-Image-23-mar-2026-10_09_00.png\",\"width\":1024,\"height\":1024,\"caption\":\"CLAN ESPECTACULOS\"},\"image\":{\"@id\":\"https:\\\/\\\/radioclanfm.com\\\/clanespectaculos\\\/#\\\/schema\\\/logo\\\/image\\\/\"},\"sameAs\":[\"https:\\\/\\\/www.facebook.com\\\/clanespectaculos\\\/\",\"https:\\\/\\\/x.com\\\/clanespectok\"]},{\"@type\":\"Person\",\"@id\":\"https:\\\/\\\/radioclanfm.com\\\/clanespectaculos\\\/#\\\/schema\\\/person\\\/9734813083303230f3ad84d99171b20c\",\"name\":\"E-GRUPOCLAN\",\"image\":{\"@type\":\"ImageObject\",\"inLanguage\":\"es-AR\",\"@id\":\"https:\\\/\\\/secure.gravatar.com\\\/avatar\\\/af6e19837c3d6a212034a48c7b3818d2ac1826f6025df0155da5a186ad321d79?s=96&d=mm&r=g\",\"url\":\"https:\\\/\\\/secure.gravatar.com\\\/avatar\\\/af6e19837c3d6a212034a48c7b3818d2ac1826f6025df0155da5a186ad321d79?s=96&d=mm&r=g\",\"contentUrl\":\"https:\\\/\\\/secure.gravatar.com\\\/avatar\\\/af6e19837c3d6a212034a48c7b3818d2ac1826f6025df0155da5a186ad321d79?s=96&d=mm&r=g\",\"caption\":\"E-GRUPOCLAN\"},\"sameAs\":[\"https:\\\/\\\/radioclanfm.com\"],\"url\":\"https:\\\/\\\/radioclanfm.com\\\/clanespectaculos\\\/author\\\/admin\\\/\"}]}<\/script>\n<!-- \/ Yoast SEO plugin. -->","yoast_head_json":{"title":"Mauro Icardi blanque\u00f3 el apodo que le puso al hijo de la China Su\u00e1rez y Wanda Nara explot\u00f3 - CLAN ESPECTACULOS","robots":{"index":"index","follow":"follow","max-snippet":"max-snippet:-1","max-image-preview":"max-image-preview:large","max-video-preview":"max-video-preview:-1"},"canonical":"https:\/\/radioclanfm.com\/clanespectaculos\/mauro-icardi-blanqueo-el-apodo-que-le-puso-al-hijo-de-la-china-suarez-y-wanda-nara-exploto\/","og_locale":"es_ES","og_type":"article","og_title":"Mauro Icardi blanque\u00f3 el apodo que le puso al hijo de la China Su\u00e1rez y Wanda Nara explot\u00f3 - CLAN ESPECTACULOS","og_description":"El jugador salud\u00f3 a Amancio Vicu\u00f1a por su cumplea\u00f1os y la foto le cay\u00f3 p\u00e9simo a la medi\u00e1tica, que destil\u00f3 bronca en las redes. Mauro Icardi salud\u00f3 a Amancio Vicu\u00f1a por su cumplea\u00f1os\u00a0y\u00a0a Wanda Nara le cay\u00f3 p\u00e9simo. Todo se desencaden\u00f3 por la publicaci\u00f3n de una foto donde se lo ve con el nene a [&hellip;]","og_url":"https:\/\/radioclanfm.com\/clanespectaculos\/mauro-icardi-blanqueo-el-apodo-que-le-puso-al-hijo-de-la-china-suarez-y-wanda-nara-exploto\/","og_site_name":"CLAN ESPECTACULOS","article_publisher":"https:\/\/www.facebook.com\/clanespectaculos\/","article_published_time":"2025-07-29T21:04:55+00:00","og_image":[{"width":900,"height":504,"url":"https:\/\/radioclanfm.com\/clanespectaculos\/wp-content\/uploads\/sites\/2\/2025\/07\/V8AWlUf-1.jpg","type":"image\/jpeg"}],"author":"E-GRUPOCLAN","twitter_card":"summary_large_image","twitter_creator":"@clanespectok","twitter_site":"@clanespectok","twitter_misc":{"Escrito por":"E-GRUPOCLAN","Tiempo de lectura":"2 minutos"},"schema":{"@context":"https:\/\/schema.org","@graph":[{"@type":"Article","@id":"https:\/\/radioclanfm.com\/clanespectaculos\/mauro-icardi-blanqueo-el-apodo-que-le-puso-al-hijo-de-la-china-suarez-y-wanda-nara-exploto\/#article","isPartOf":{"@id":"https:\/\/radioclanfm.com\/clanespectaculos\/mauro-icardi-blanqueo-el-apodo-que-le-puso-al-hijo-de-la-china-suarez-y-wanda-nara-exploto\/"},"author":{"name":"E-GRUPOCLAN","@id":"https:\/\/radioclanfm.com\/clanespectaculos\/#\/schema\/person\/9734813083303230f3ad84d99171b20c"},"headline":"Mauro Icardi blanque\u00f3 el apodo que le puso al hijo de la China Su\u00e1rez y Wanda Nara explot\u00f3","datePublished":"2025-07-29T21:04:55+00:00","mainEntityOfPage":{"@id":"https:\/\/radioclanfm.com\/clanespectaculos\/mauro-icardi-blanqueo-el-apodo-que-le-puso-al-hijo-de-la-china-suarez-y-wanda-nara-exploto\/"},"wordCount":461,"commentCount":0,"publisher":{"@id":"https:\/\/radioclanfm.com\/clanespectaculos\/#organization"},"image":{"@id":"https:\/\/radioclanfm.com\/clanespectaculos\/mauro-icardi-blanqueo-el-apodo-que-le-puso-al-hijo-de-la-china-suarez-y-wanda-nara-exploto\/#primaryimage"},"thumbnailUrl":"https:\/\/radioclanfm.com\/clanespectaculos\/wp-content\/uploads\/sites\/2\/2025\/07\/V8AWlUf-1.jpg","articleSection":["Espectaculos"],"inLanguage":"es-AR","potentialAction":[{"@type":"CommentAction","name":"Comment","target":["https:\/\/radioclanfm.com\/clanespectaculos\/mauro-icardi-blanqueo-el-apodo-que-le-puso-al-hijo-de-la-china-suarez-y-wanda-nara-exploto\/#respond"]}]},{"@type":"WebPage","@id":"https:\/\/radioclanfm.com\/clanespectaculos\/mauro-icardi-blanqueo-el-apodo-que-le-puso-al-hijo-de-la-china-suarez-y-wanda-nara-exploto\/","url":"https:\/\/radioclanfm.com\/clanespectaculos\/mauro-icardi-blanqueo-el-apodo-que-le-puso-al-hijo-de-la-china-suarez-y-wanda-nara-exploto\/","name":"Mauro Icardi blanque\u00f3 el apodo que le puso al hijo de la China Su\u00e1rez y Wanda Nara explot\u00f3 - CLAN ESPECTACULOS","isPartOf":{"@id":"https:\/\/radioclanfm.com\/clanespectaculos\/#website"},"primaryImageOfPage":{"@id":"https:\/\/radioclanfm.com\/clanespectaculos\/mauro-icardi-blanqueo-el-apodo-que-le-puso-al-hijo-de-la-china-suarez-y-wanda-nara-exploto\/#primaryimage"},"image":{"@id":"https:\/\/radioclanfm.com\/clanespectaculos\/mauro-icardi-blanqueo-el-apodo-que-le-puso-al-hijo-de-la-china-suarez-y-wanda-nara-exploto\/#primaryimage"},"thumbnailUrl":"https:\/\/radioclanfm.com\/clanespectaculos\/wp-content\/uploads\/sites\/2\/2025\/07\/V8AWlUf-1.jpg","datePublished":"2025-07-29T21:04:55+00:00","breadcrumb":{"@id":"https:\/\/radioclanfm.com\/clanespectaculos\/mauro-icardi-blanqueo-el-apodo-que-le-puso-al-hijo-de-la-china-suarez-y-wanda-nara-exploto\/#breadcrumb"},"inLanguage":"es-AR","potentialAction":[{"@type":"ReadAction","target":["https:\/\/radioclanfm.com\/clanespectaculos\/mauro-icardi-blanqueo-el-apodo-que-le-puso-al-hijo-de-la-china-suarez-y-wanda-nara-exploto\/"]}]},{"@type":"ImageObject","inLanguage":"es-AR","@id":"https:\/\/radioclanfm.com\/clanespectaculos\/mauro-icardi-blanqueo-el-apodo-que-le-puso-al-hijo-de-la-china-suarez-y-wanda-nara-exploto\/#primaryimage","url":"https:\/\/radioclanfm.com\/clanespectaculos\/wp-content\/uploads\/sites\/2\/2025\/07\/V8AWlUf-1.jpg","contentUrl":"https:\/\/radioclanfm.com\/clanespectaculos\/wp-content\/uploads\/sites\/2\/2025\/07\/V8AWlUf-1.jpg","width":900,"height":504},{"@type":"BreadcrumbList","@id":"https:\/\/radioclanfm.com\/clanespectaculos\/mauro-icardi-blanqueo-el-apodo-que-le-puso-al-hijo-de-la-china-suarez-y-wanda-nara-exploto\/#breadcrumb","itemListElement":[{"@type":"ListItem","position":1,"name":"Inicio","item":"https:\/\/radioclanfm.com\/clanespectaculos\/"},{"@type":"ListItem","position":2,"name":"Mauro Icardi blanque\u00f3 el apodo que le puso al hijo de la China Su\u00e1rez y Wanda Nara explot\u00f3"}]},{"@type":"WebSite","@id":"https:\/\/radioclanfm.com\/clanespectaculos\/#website","url":"https:\/\/radioclanfm.com\/clanespectaculos\/","name":"CLAN ESPECTACULOS","description":"","publisher":{"@id":"https:\/\/radioclanfm.com\/clanespectaculos\/#organization"},"potentialAction":[{"@type":"SearchAction","target":{"@type":"EntryPoint","urlTemplate":"https:\/\/radioclanfm.com\/clanespectaculos\/?s={search_term_string}"},"query-input":{"@type":"PropertyValueSpecification","valueRequired":true,"valueName":"search_term_string"}}],"inLanguage":"es-AR"},{"@type":"Organization","@id":"https:\/\/radioclanfm.com\/clanespectaculos\/#organization","name":"CLAN ESPECTACULOS","url":"https:\/\/radioclanfm.com\/clanespectaculos\/","logo":{"@type":"ImageObject","inLanguage":"es-AR","@id":"https:\/\/radioclanfm.com\/clanespectaculos\/#\/schema\/logo\/image\/","url":"https:\/\/radioclanfm.com\/clanespectaculos\/wp-content\/uploads\/sites\/2\/2026\/04\/ChatGPT-Image-23-mar-2026-10_09_00.png","contentUrl":"https:\/\/radioclanfm.com\/clanespectaculos\/wp-content\/uploads\/sites\/2\/2026\/04\/ChatGPT-Image-23-mar-2026-10_09_00.png","width":1024,"height":1024,"caption":"CLAN ESPECTACULOS"},"image":{"@id":"https:\/\/radioclanfm.com\/clanespectaculos\/#\/schema\/logo\/image\/"},"sameAs":["https:\/\/www.facebook.com\/clanespectaculos\/","https:\/\/x.com\/clanespectok"]},{"@type":"Person","@id":"https:\/\/radioclanfm.com\/clanespectaculos\/#\/schema\/person\/9734813083303230f3ad84d99171b20c","name":"E-GRUPOCLAN","image":{"@type":"ImageObject","inLanguage":"es-AR","@id":"https:\/\/secure.gravatar.com\/avatar\/af6e19837c3d6a212034a48c7b3818d2ac1826f6025df0155da5a186ad321d79?s=96&d=mm&r=g","url":"https:\/\/secure.gravatar.com\/avatar\/af6e19837c3d6a212034a48c7b3818d2ac1826f6025df0155da5a186ad321d79?s=96&d=mm&r=g","contentUrl":"https:\/\/secure.gravatar.com\/avatar\/af6e19837c3d6a212034a48c7b3818d2ac1826f6025df0155da5a186ad321d79?s=96&d=mm&r=g","caption":"E-GRUPOCLAN"},"sameAs":["https:\/\/radioclanfm.com"],"url":"https:\/\/radioclanfm.com\/clanespectaculos\/author\/admin\/"}]}},"_links":{"self":[{"href":"https:\/\/radioclanfm.com\/clanespectaculos\/wp-json\/wp\/v2\/posts\/3677","targetHints":{"allow":["GET"]}}],"collection":[{"href":"https:\/\/radioclanfm.com\/clanespectaculos\/wp-json\/wp\/v2\/posts"}],"about":[{"href":"https:\/\/radioclanfm.com\/clanespectaculos\/wp-json\/wp\/v2\/types\/post"}],"author":[{"embeddable":true,"href":"https:\/\/radioclanfm.com\/clanespectaculos\/wp-json\/wp\/v2\/users\/1"}],"replies":[{"embeddable":true,"href":"https:\/\/radioclanfm.com\/clanespectaculos\/wp-json\/wp\/v2\/comments?post=3677"}],"version-history":[{"count":1,"href":"https:\/\/radioclanfm.com\/clanespectaculos\/wp-json\/wp\/v2\/posts\/3677\/revisions"}],"predecessor-version":[{"id":3681,"href":"https:\/\/radioclanfm.com\/clanespectaculos\/wp-json\/wp\/v2\/posts\/3677\/revisions\/3681"}],"wp:featuredmedia":[{"embeddable":true,"href":"https:\/\/radioclanfm.com\/clanespectaculos\/wp-json\/wp\/v2\/media\/3680"}],"wp:attachment":[{"href":"https:\/\/radioclanfm.com\/clanespectaculos\/wp-json\/wp\/v2\/media?parent=3677"}],"wp:term":[{"taxonomy":"category","embeddable":true,"href":"https:\/\/radioclanfm.com\/clanespectaculos\/wp-json\/wp\/v2\/categories?post=3677"},{"taxonomy":"post_tag","embeddable":true,"href":"https:\/\/radioclanfm.com\/clanespectaculos\/wp-json\/wp\/v2\/tags?post=3677"}],"curies":[{"name":"wp","href":"https:\/\/api.w.org\/{rel}","templated":true}]}}