{"id":3672,"date":"2025-07-29T18:02:45","date_gmt":"2025-07-29T21:02:45","guid":{"rendered":"https:\/\/radioclanfm.com\/clanespectaculos\/?p=3672"},"modified":"2025-07-29T18:02:45","modified_gmt":"2025-07-29T21:02:45","slug":"les-pido-respeto-juana-repetto-conto-de-que-vive-y-como-hizo-para-comprarse-una-casa-en-un-barrio-privado","status":"publish","type":"post","link":"https:\/\/radioclanfm.com\/clanespectaculos\/les-pido-respeto-juana-repetto-conto-de-que-vive-y-como-hizo-para-comprarse-una-casa-en-un-barrio-privado\/","title":{"rendered":"\u201cLes pido respeto\u201d: Juana Repetto cont\u00f3 de qu\u00e9 vive y c\u00f3mo hizo para comprarse una casa en un barrio privado"},"content":{"rendered":"<p>La hija de Reina Reech se hart\u00f3 de que la tilden de \u201cmantenida\u201d y public\u00f3 un fuerte descargo en medio de sus vacaciones.<\/p>\n<div class=\"col-content\"><main class=\"col-content\"><\/p>\n<div class=\"default-article-color article__body article__article\">\n<p class=\"paragraph font__body-regular\"><b>Juana Repetto<\/b>\u00a0se hizo un tiempo en medio de sus vacaciones para publicar un<b>\u00a0fuerte descargo\u00a0<\/b>luego de que en las redes sociales la tildaran de<b>\u00a0\u201cmantenida\u201d<\/b>.<\/p>\n<div class=\"AV67f93cf033780503b00636a7\">\n<div id=\"aniBox\">\n<div id=\"aniplayer_AV67f93cf033780503b00636a7-1753822856961\">\n<div id=\"aniplayer_AV67f93cf033780503b00636a7-1753822856961gui\">\n<div id=\"av-caption\">\n<div id=\"av-close-btn-overlay\" class=\"av-pos-top-left\"><\/div>\n<\/div>\n<\/div>\n<div id=\"anibid\"><\/div>\n<\/div>\n<\/div>\n<\/div>\n<p class=\"paragraph font__body-regular\">La hija de Reina Reech us\u00f3 sus historias de Instagram para comunicarse con los usuarios y\u00a0<b>pedir \u201crespeto\u201d<\/b>\u00a0ya que asegur\u00f3 que le llegaron muchos \u201ccomentarios violentos\u201d.<\/p>\n<p class=\"paragraph font__body-regular\">\u201cEs muy agresivo el nivel de maldad y la intenci\u00f3n de herirme cuando hablan de mi situaci\u00f3n laboral o mi situaci\u00f3n econ\u00f3mica en general.\u00a0<b>No me mantienen, laburo desde los 15 a\u00f1os<\/b>\u201d, lanz\u00f3 Juana en uno de los videos que subi\u00f3 en las \u00faltimas horas.<\/p>\n<figure class=\"\" data-testid=\"figure-testid\">\n<div class=\"aspect_ratio__container\"><picture class=\"responsive-image\"><source srcset=\"https:\/\/tn.com.ar\/resizer\/v2\/juana-repetto-publico-un-descargo-en-sus-redes-sociales-luego-de-que-la-tildaran-de-mantenida-foto-captura-instagramjuanarepettook-7PREVAMKUBGPDM4EDUH3CDCOIQ.jpg?auth=6bd78c86281c4a24c7ea85d55c9897131b228bde47221feb58c705619d377fe0&amp;width=767\" type=\"image\/jpg\" media=\"(max-width: 728px)\" \/><source srcset=\"https:\/\/tn.com.ar\/resizer\/v2\/juana-repetto-publico-un-descargo-en-sus-redes-sociales-luego-de-que-la-tildaran-de-mantenida-foto-captura-instagramjuanarepettook-7PREVAMKUBGPDM4EDUH3CDCOIQ.jpg?auth=6bd78c86281c4a24c7ea85d55c9897131b228bde47221feb58c705619d377fe0&amp;width=1023\" type=\"image\/jpg\" media=\"(max-width: 1023px)\" \/><source srcset=\"https:\/\/tn.com.ar\/resizer\/v2\/juana-repetto-publico-un-descargo-en-sus-redes-sociales-luego-de-que-la-tildaran-de-mantenida-foto-captura-instagramjuanarepettook-7PREVAMKUBGPDM4EDUH3CDCOIQ.jpg?auth=6bd78c86281c4a24c7ea85d55c9897131b228bde47221feb58c705619d377fe0&amp;width=1440\" type=\"image\/jpg\" \/><img loading=\"lazy\" decoding=\"async\" class=\"image content-image image_placeholder\" src=\"https:\/\/tn.com.ar\/resizer\/v2\/juana-repetto-publico-un-descargo-en-sus-redes-sociales-luego-de-que-la-tildaran-de-mantenida-foto-captura-instagramjuanarepettook-7PREVAMKUBGPDM4EDUH3CDCOIQ.jpg?auth=6bd78c86281c4a24c7ea85d55c9897131b228bde47221feb58c705619d377fe0&amp;width=767\" alt=\"Juana Repetto public\u00f3 un descargo en sus redes sociales luego de que la tildaran de &quot;mantenida&quot;. (Foto: captura Instagram\/juanarepettook)\" width=\"767\" height=\"1255\" data-testid=\"loading-testid\" \/><\/picture><\/div><figcaption class=\"caption_image\" data-testid=\"figcaption-testid\">\n<div class=\"image_caption \">Juana Repetto public\u00f3 un descargo en sus redes sociales luego de que la tildaran de &#8220;mantenida&#8221;. (Foto: captura Instagram\/juanarepettook)<\/div>\n<\/figcaption><\/figure>\n<p class=\"paragraph font__body-regular\">El debate se instal\u00f3 luego de una entrevista en la que la influencer cont\u00f3 que una de sus principales fuentes de ingreso es\u00a0<b>su cuenta de Instagram<\/b>, la cual asegur\u00f3 que\u00a0<b>maneja ella sola<\/b>: desde pactar las publicidades con las marcas, hasta la edici\u00f3n y la elecci\u00f3n de los looks para los videos.<\/p>\n<p class=\"paragraph font__body-regular\">\u201cMucha gente piensa que me mantiene mi mam\u00e1, Sebasti\u00e1n o mi pap\u00e1.\u00a0<b>Vend\u00ed el PH y ped\u00ed prestado para pagarme la casa<\/b>\u201d, cont\u00f3 en una nota con\u00a0<i>Infobae\u00a0<\/i>mientras relataba de qu\u00e9 vive y c\u00f3mo logr\u00f3 construir su propiedad en un barrio privado.<\/p>\n<h2 class=\"font--primary font__display\">El descargo de Juana Repetto tras las cr\u00edticas<\/h2>\n<p class=\"paragraph font__body-regular\">Luego de esas declaraciones, la hija de Nicol\u00e1s Repetto se grab\u00f3 en medio de sus vacaciones para contarles a sus seguidores<b>\u00a0el hostigamiento<\/b>\u00a0que est\u00e1 sufriendo en estos d\u00edas.<\/p>\n<p class=\"paragraph font__body-regular\">\u201cCuando no estuve en los medios labur\u00e9 en las escuelas de mi vieja atendiendo los tel\u00e9fonos o de vestuarista&#8230; Podr\u00eda seguir,\u00a0<b>labur\u00e9 de todo lo que se les ocurra<\/b>. Y no porque mis viejos no me puedan mantener. Me pone muy inc\u00f3moda pedir guita prestada\u201d, expres\u00f3 Juana en su descargo.<\/p>\n<p class=\"paragraph font__body-regular\">Adem\u00e1s, para hacerles frente a las cr\u00edticas de quienes la tildaron de mantenida o de no trabajar, Repetto revel\u00f3: \u201c<b>Tengo una empresa<\/b>\u00a0de la cual vivo hace diez a\u00f1os. No voy a contar de qu\u00e9 se trata. Es mi entrada de guita principal, es algo que<b>\u00a0funciona muy bien<\/b>. Contrat\u00e9 a la gente, arm\u00e9 el equipo, creci\u00f3 un mont\u00f3n. No tiene nada que ver con los medios, no tengo por qu\u00e9 compartirlo&#8221;.<\/p>\n<figure class=\"\" data-testid=\"figure-testid\">\n<div class=\"aspect_ratio__container\"><picture class=\"responsive-image\"><source srcset=\"https:\/\/tn.com.ar\/resizer\/v2\/juana-repetto-comparte-en-sus-redes-sociales-los-avances-de-su-casa-foto-instagramjuanarepettook-OXZLV45HXNFL3BVNHTHQPPGS6E.jpeg?auth=be2dd46bd58fca77b5dfb38733cdbe618cef6d8d64f7fdf15a0edd5a987a3b0a&amp;width=767\" type=\"image\/jpg\" media=\"(max-width: 728px)\" \/><source srcset=\"https:\/\/tn.com.ar\/resizer\/v2\/juana-repetto-comparte-en-sus-redes-sociales-los-avances-de-su-casa-foto-instagramjuanarepettook-OXZLV45HXNFL3BVNHTHQPPGS6E.jpeg?auth=be2dd46bd58fca77b5dfb38733cdbe618cef6d8d64f7fdf15a0edd5a987a3b0a&amp;width=1023\" type=\"image\/jpg\" media=\"(max-width: 1023px)\" \/><source srcset=\"https:\/\/tn.com.ar\/resizer\/v2\/juana-repetto-comparte-en-sus-redes-sociales-los-avances-de-su-casa-foto-instagramjuanarepettook-OXZLV45HXNFL3BVNHTHQPPGS6E.jpeg?auth=be2dd46bd58fca77b5dfb38733cdbe618cef6d8d64f7fdf15a0edd5a987a3b0a&amp;width=1440\" type=\"image\/jpg\" \/><img loading=\"lazy\" decoding=\"async\" class=\"image content-image image_placeholder\" src=\"https:\/\/tn.com.ar\/resizer\/v2\/juana-repetto-comparte-en-sus-redes-sociales-los-avances-de-su-casa-foto-instagramjuanarepettook-OXZLV45HXNFL3BVNHTHQPPGS6E.jpeg?auth=be2dd46bd58fca77b5dfb38733cdbe618cef6d8d64f7fdf15a0edd5a987a3b0a&amp;width=767\" alt=\"Juana Repetto comparte en sus redes sociales los avances de su casa. (Foto: Instagram\/juanarepettook)\" width=\"767\" height=\"800\" data-testid=\"loading-testid\" \/><\/picture><\/div><figcaption class=\"caption_image\" data-testid=\"figcaption-testid\">\n<div class=\"image_caption \">Juana Repetto comparte en sus redes sociales los avances de su casa. (Foto: Instagram\/juanarepettook)<\/div>\n<\/figcaption><\/figure>\n<p class=\"paragraph font__body-regular\">\u201cEl nivel de violencia no da porque no saben mi situaci\u00f3n. Me rompo el ort&#8230; laburando, para hacerme la casa que tengo, me endeud\u00e9 con plata que voy a devolver. Mis viejos me ayudaron en momentos que necesit\u00e9, y eso me da tranquilidad. Pero les juro por Dios que laburo en mi casa, me ocupo de mis hijos y adem\u00e1s genero mi propio dinero.\u00a0<b>Vivo de guita que genero con mi trabajo<\/b>\u201d, lanz\u00f3 con firmeza.<\/p>\n<p class=\"paragraph font__body-regular\">Luego de dar toda esa informaci\u00f3n, Juana rog\u00f3: \u201cLes pido que dejen de ser tan agresivos porque ustedes no saben si yo estoy con una depresi\u00f3n galopante.\u00a0<b>Les pido un poquito m\u00e1s de respeto, un l\u00edmite<\/b>. Me dicen que yo no trabajo y lo hacen desde un lugar muy chot&#8230;, me dicen mantenida, que la gasto en terapia\u201d.<\/p>\n<p class=\"paragraph font__body-regular\">Por \u00faltimo, remarc\u00f3: \u201cY si fuera mantenida, \u00bfqu\u00e9? No es el caso porque no lo soporto,<b>\u00a0no soporto pedir plata prestada<\/b>. Estoy estresad\u00edsima con la guita que tengo que devolver. Opinen de lo que quieran, pero sin intenci\u00f3n de lastimar&#8221;.<\/p>\n<\/div>\n<p><\/main><\/div>\n<aside class=\"col-right-rail right-rail\">\n<div id=\"parent-ad-slot-caja\" class=\"ad-container caja_ad \">\n<div class=\"ad-content\">\n<div id=\"ad-slot-caja\" class=\"ad-slot-caja ad-slot\" data-adtype=\"caja\" data-google-query-id=\"CLGYvbj74o4DFX1c3QIdheYQ5A\"><\/div>\n<\/div>\n<\/div>\n<\/aside>\n","protected":false},"excerpt":{"rendered":"<p>La hija de Reina Reech se hart\u00f3 de que la tilden de \u201cmantenida\u201d y public\u00f3 un fuerte descargo en medio de sus vacaciones. Juana Repetto\u00a0se hizo un tiempo en medio de sus vacaciones para publicar un\u00a0fuerte descargo\u00a0luego de que en las redes sociales la tildaran de\u00a0\u201cmantenida\u201d. La hija de Reina Reech us\u00f3 sus historias de [&hellip;]<\/p>\n","protected":false},"author":1,"featured_media":3675,"comment_status":"open","ping_status":"open","sticky":false,"template":"","format":"standard","meta":{"rop_custom_images_group":[],"rop_custom_messages_group":[],"rop_publish_now":"initial","rop_publish_now_accounts":[],"rop_publish_now_history":[],"rop_publish_now_status":"pending","footnotes":"","jetpack_publicize_message":"","jetpack_publicize_feature_enabled":true,"jetpack_social_post_already_shared":true,"jetpack_social_options":{"image_generator_settings":{"template":"highway","enabled":false},"version":2}},"categories":[12],"tags":[],"class_list":{"0":"post-3672","1":"post","2":"type-post","3":"status-publish","4":"format-standard","5":"has-post-thumbnail","7":"category-espectaculos"},"jetpack_publicize_connections":[],"yoast_head":"<!-- This site is optimized with the Yoast SEO plugin v27.3 - https:\/\/yoast.com\/product\/yoast-seo-wordpress\/ -->\n<title>\u201cLes pido respeto\u201d: Juana Repetto cont\u00f3 de qu\u00e9 vive y c\u00f3mo hizo para comprarse una casa en un barrio privado - CLAN ESPECTACULOS<\/title>\n<meta name=\"robots\" content=\"index, follow, max-snippet:-1, max-image-preview:large, max-video-preview:-1\" \/>\n<link rel=\"canonical\" href=\"https:\/\/radioclanfm.com\/clanespectaculos\/les-pido-respeto-juana-repetto-conto-de-que-vive-y-como-hizo-para-comprarse-una-casa-en-un-barrio-privado\/\" \/>\n<meta property=\"og:locale\" content=\"es_ES\" \/>\n<meta property=\"og:type\" content=\"article\" \/>\n<meta property=\"og:title\" content=\"\u201cLes pido respeto\u201d: Juana Repetto cont\u00f3 de qu\u00e9 vive y c\u00f3mo hizo para comprarse una casa en un barrio privado - CLAN ESPECTACULOS\" \/>\n<meta property=\"og:description\" content=\"La hija de Reina Reech se hart\u00f3 de que la tilden de \u201cmantenida\u201d y public\u00f3 un fuerte descargo en medio de sus vacaciones. Juana Repetto\u00a0se hizo un tiempo en medio de sus vacaciones para publicar un\u00a0fuerte descargo\u00a0luego de que en las redes sociales la tildaran de\u00a0\u201cmantenida\u201d. La hija de Reina Reech us\u00f3 sus historias de [&hellip;]\" \/>\n<meta property=\"og:url\" content=\"https:\/\/radioclanfm.com\/clanespectaculos\/les-pido-respeto-juana-repetto-conto-de-que-vive-y-como-hizo-para-comprarse-una-casa-en-un-barrio-privado\/\" \/>\n<meta property=\"og:site_name\" content=\"CLAN ESPECTACULOS\" \/>\n<meta property=\"article:publisher\" content=\"https:\/\/www.facebook.com\/clanespectaculos\/\" \/>\n<meta property=\"article:published_time\" content=\"2025-07-29T21:02:45+00:00\" \/>\n<meta property=\"og:image\" content=\"https:\/\/radioclanfm.com\/clanespectaculos\/wp-content\/uploads\/sites\/2\/2025\/07\/AyNFlRRJ.jpg\" \/>\n\t<meta property=\"og:image:width\" content=\"900\" \/>\n\t<meta property=\"og:image:height\" content=\"504\" \/>\n\t<meta property=\"og:image:type\" content=\"image\/jpeg\" \/>\n<meta name=\"author\" content=\"E-GRUPOCLAN\" \/>\n<meta name=\"twitter:card\" content=\"summary_large_image\" \/>\n<meta name=\"twitter:creator\" content=\"@clanespectok\" \/>\n<meta name=\"twitter:site\" content=\"@clanespectok\" \/>\n<meta name=\"twitter:label1\" content=\"Escrito por\" \/>\n\t<meta name=\"twitter:data1\" content=\"E-GRUPOCLAN\" \/>\n\t<meta name=\"twitter:label2\" content=\"Tiempo de lectura\" \/>\n\t<meta name=\"twitter:data2\" content=\"3 minutos\" \/>\n<script type=\"application\/ld+json\" class=\"yoast-schema-graph\">{\"@context\":\"https:\\\/\\\/schema.org\",\"@graph\":[{\"@type\":\"Article\",\"@id\":\"https:\\\/\\\/radioclanfm.com\\\/clanespectaculos\\\/les-pido-respeto-juana-repetto-conto-de-que-vive-y-como-hizo-para-comprarse-una-casa-en-un-barrio-privado\\\/#article\",\"isPartOf\":{\"@id\":\"https:\\\/\\\/radioclanfm.com\\\/clanespectaculos\\\/les-pido-respeto-juana-repetto-conto-de-que-vive-y-como-hizo-para-comprarse-una-casa-en-un-barrio-privado\\\/\"},\"author\":{\"name\":\"E-GRUPOCLAN\",\"@id\":\"https:\\\/\\\/radioclanfm.com\\\/clanespectaculos\\\/#\\\/schema\\\/person\\\/9734813083303230f3ad84d99171b20c\"},\"headline\":\"\u201cLes pido respeto\u201d: Juana Repetto cont\u00f3 de qu\u00e9 vive y c\u00f3mo hizo para comprarse una casa en un barrio privado\",\"datePublished\":\"2025-07-29T21:02:45+00:00\",\"mainEntityOfPage\":{\"@id\":\"https:\\\/\\\/radioclanfm.com\\\/clanespectaculos\\\/les-pido-respeto-juana-repetto-conto-de-que-vive-y-como-hizo-para-comprarse-una-casa-en-un-barrio-privado\\\/\"},\"wordCount\":632,\"commentCount\":0,\"publisher\":{\"@id\":\"https:\\\/\\\/radioclanfm.com\\\/clanespectaculos\\\/#organization\"},\"image\":{\"@id\":\"https:\\\/\\\/radioclanfm.com\\\/clanespectaculos\\\/les-pido-respeto-juana-repetto-conto-de-que-vive-y-como-hizo-para-comprarse-una-casa-en-un-barrio-privado\\\/#primaryimage\"},\"thumbnailUrl\":\"https:\\\/\\\/radioclanfm.com\\\/clanespectaculos\\\/wp-content\\\/uploads\\\/sites\\\/2\\\/2025\\\/07\\\/AyNFlRRJ.jpg\",\"articleSection\":[\"Espectaculos\"],\"inLanguage\":\"es-AR\",\"potentialAction\":[{\"@type\":\"CommentAction\",\"name\":\"Comment\",\"target\":[\"https:\\\/\\\/radioclanfm.com\\\/clanespectaculos\\\/les-pido-respeto-juana-repetto-conto-de-que-vive-y-como-hizo-para-comprarse-una-casa-en-un-barrio-privado\\\/#respond\"]}]},{\"@type\":\"WebPage\",\"@id\":\"https:\\\/\\\/radioclanfm.com\\\/clanespectaculos\\\/les-pido-respeto-juana-repetto-conto-de-que-vive-y-como-hizo-para-comprarse-una-casa-en-un-barrio-privado\\\/\",\"url\":\"https:\\\/\\\/radioclanfm.com\\\/clanespectaculos\\\/les-pido-respeto-juana-repetto-conto-de-que-vive-y-como-hizo-para-comprarse-una-casa-en-un-barrio-privado\\\/\",\"name\":\"\u201cLes pido respeto\u201d: Juana Repetto cont\u00f3 de qu\u00e9 vive y c\u00f3mo hizo para comprarse una casa en un barrio privado - CLAN ESPECTACULOS\",\"isPartOf\":{\"@id\":\"https:\\\/\\\/radioclanfm.com\\\/clanespectaculos\\\/#website\"},\"primaryImageOfPage\":{\"@id\":\"https:\\\/\\\/radioclanfm.com\\\/clanespectaculos\\\/les-pido-respeto-juana-repetto-conto-de-que-vive-y-como-hizo-para-comprarse-una-casa-en-un-barrio-privado\\\/#primaryimage\"},\"image\":{\"@id\":\"https:\\\/\\\/radioclanfm.com\\\/clanespectaculos\\\/les-pido-respeto-juana-repetto-conto-de-que-vive-y-como-hizo-para-comprarse-una-casa-en-un-barrio-privado\\\/#primaryimage\"},\"thumbnailUrl\":\"https:\\\/\\\/radioclanfm.com\\\/clanespectaculos\\\/wp-content\\\/uploads\\\/sites\\\/2\\\/2025\\\/07\\\/AyNFlRRJ.jpg\",\"datePublished\":\"2025-07-29T21:02:45+00:00\",\"breadcrumb\":{\"@id\":\"https:\\\/\\\/radioclanfm.com\\\/clanespectaculos\\\/les-pido-respeto-juana-repetto-conto-de-que-vive-y-como-hizo-para-comprarse-una-casa-en-un-barrio-privado\\\/#breadcrumb\"},\"inLanguage\":\"es-AR\",\"potentialAction\":[{\"@type\":\"ReadAction\",\"target\":[\"https:\\\/\\\/radioclanfm.com\\\/clanespectaculos\\\/les-pido-respeto-juana-repetto-conto-de-que-vive-y-como-hizo-para-comprarse-una-casa-en-un-barrio-privado\\\/\"]}]},{\"@type\":\"ImageObject\",\"inLanguage\":\"es-AR\",\"@id\":\"https:\\\/\\\/radioclanfm.com\\\/clanespectaculos\\\/les-pido-respeto-juana-repetto-conto-de-que-vive-y-como-hizo-para-comprarse-una-casa-en-un-barrio-privado\\\/#primaryimage\",\"url\":\"https:\\\/\\\/radioclanfm.com\\\/clanespectaculos\\\/wp-content\\\/uploads\\\/sites\\\/2\\\/2025\\\/07\\\/AyNFlRRJ.jpg\",\"contentUrl\":\"https:\\\/\\\/radioclanfm.com\\\/clanespectaculos\\\/wp-content\\\/uploads\\\/sites\\\/2\\\/2025\\\/07\\\/AyNFlRRJ.jpg\",\"width\":900,\"height\":504},{\"@type\":\"BreadcrumbList\",\"@id\":\"https:\\\/\\\/radioclanfm.com\\\/clanespectaculos\\\/les-pido-respeto-juana-repetto-conto-de-que-vive-y-como-hizo-para-comprarse-una-casa-en-un-barrio-privado\\\/#breadcrumb\",\"itemListElement\":[{\"@type\":\"ListItem\",\"position\":1,\"name\":\"Inicio\",\"item\":\"https:\\\/\\\/radioclanfm.com\\\/clanespectaculos\\\/\"},{\"@type\":\"ListItem\",\"position\":2,\"name\":\"\u201cLes pido respeto\u201d: Juana Repetto cont\u00f3 de qu\u00e9 vive y c\u00f3mo hizo para comprarse una casa en un barrio privado\"}]},{\"@type\":\"WebSite\",\"@id\":\"https:\\\/\\\/radioclanfm.com\\\/clanespectaculos\\\/#website\",\"url\":\"https:\\\/\\\/radioclanfm.com\\\/clanespectaculos\\\/\",\"name\":\"CLAN ESPECTACULOS\",\"description\":\"\",\"publisher\":{\"@id\":\"https:\\\/\\\/radioclanfm.com\\\/clanespectaculos\\\/#organization\"},\"potentialAction\":[{\"@type\":\"SearchAction\",\"target\":{\"@type\":\"EntryPoint\",\"urlTemplate\":\"https:\\\/\\\/radioclanfm.com\\\/clanespectaculos\\\/?s={search_term_string}\"},\"query-input\":{\"@type\":\"PropertyValueSpecification\",\"valueRequired\":true,\"valueName\":\"search_term_string\"}}],\"inLanguage\":\"es-AR\"},{\"@type\":\"Organization\",\"@id\":\"https:\\\/\\\/radioclanfm.com\\\/clanespectaculos\\\/#organization\",\"name\":\"CLAN ESPECTACULOS\",\"url\":\"https:\\\/\\\/radioclanfm.com\\\/clanespectaculos\\\/\",\"logo\":{\"@type\":\"ImageObject\",\"inLanguage\":\"es-AR\",\"@id\":\"https:\\\/\\\/radioclanfm.com\\\/clanespectaculos\\\/#\\\/schema\\\/logo\\\/image\\\/\",\"url\":\"https:\\\/\\\/radioclanfm.com\\\/clanespectaculos\\\/wp-content\\\/uploads\\\/sites\\\/2\\\/2026\\\/04\\\/ChatGPT-Image-23-mar-2026-10_09_00.png\",\"contentUrl\":\"https:\\\/\\\/radioclanfm.com\\\/clanespectaculos\\\/wp-content\\\/uploads\\\/sites\\\/2\\\/2026\\\/04\\\/ChatGPT-Image-23-mar-2026-10_09_00.png\",\"width\":1024,\"height\":1024,\"caption\":\"CLAN ESPECTACULOS\"},\"image\":{\"@id\":\"https:\\\/\\\/radioclanfm.com\\\/clanespectaculos\\\/#\\\/schema\\\/logo\\\/image\\\/\"},\"sameAs\":[\"https:\\\/\\\/www.facebook.com\\\/clanespectaculos\\\/\",\"https:\\\/\\\/x.com\\\/clanespectok\"]},{\"@type\":\"Person\",\"@id\":\"https:\\\/\\\/radioclanfm.com\\\/clanespectaculos\\\/#\\\/schema\\\/person\\\/9734813083303230f3ad84d99171b20c\",\"name\":\"E-GRUPOCLAN\",\"image\":{\"@type\":\"ImageObject\",\"inLanguage\":\"es-AR\",\"@id\":\"https:\\\/\\\/secure.gravatar.com\\\/avatar\\\/af6e19837c3d6a212034a48c7b3818d2ac1826f6025df0155da5a186ad321d79?s=96&d=mm&r=g\",\"url\":\"https:\\\/\\\/secure.gravatar.com\\\/avatar\\\/af6e19837c3d6a212034a48c7b3818d2ac1826f6025df0155da5a186ad321d79?s=96&d=mm&r=g\",\"contentUrl\":\"https:\\\/\\\/secure.gravatar.com\\\/avatar\\\/af6e19837c3d6a212034a48c7b3818d2ac1826f6025df0155da5a186ad321d79?s=96&d=mm&r=g\",\"caption\":\"E-GRUPOCLAN\"},\"sameAs\":[\"https:\\\/\\\/radioclanfm.com\"],\"url\":\"https:\\\/\\\/radioclanfm.com\\\/clanespectaculos\\\/author\\\/admin\\\/\"}]}<\/script>\n<!-- \/ Yoast SEO plugin. -->","yoast_head_json":{"title":"\u201cLes pido respeto\u201d: Juana Repetto cont\u00f3 de qu\u00e9 vive y c\u00f3mo hizo para comprarse una casa en un barrio privado - CLAN ESPECTACULOS","robots":{"index":"index","follow":"follow","max-snippet":"max-snippet:-1","max-image-preview":"max-image-preview:large","max-video-preview":"max-video-preview:-1"},"canonical":"https:\/\/radioclanfm.com\/clanespectaculos\/les-pido-respeto-juana-repetto-conto-de-que-vive-y-como-hizo-para-comprarse-una-casa-en-un-barrio-privado\/","og_locale":"es_ES","og_type":"article","og_title":"\u201cLes pido respeto\u201d: Juana Repetto cont\u00f3 de qu\u00e9 vive y c\u00f3mo hizo para comprarse una casa en un barrio privado - CLAN ESPECTACULOS","og_description":"La hija de Reina Reech se hart\u00f3 de que la tilden de \u201cmantenida\u201d y public\u00f3 un fuerte descargo en medio de sus vacaciones. Juana Repetto\u00a0se hizo un tiempo en medio de sus vacaciones para publicar un\u00a0fuerte descargo\u00a0luego de que en las redes sociales la tildaran de\u00a0\u201cmantenida\u201d. La hija de Reina Reech us\u00f3 sus historias de [&hellip;]","og_url":"https:\/\/radioclanfm.com\/clanespectaculos\/les-pido-respeto-juana-repetto-conto-de-que-vive-y-como-hizo-para-comprarse-una-casa-en-un-barrio-privado\/","og_site_name":"CLAN ESPECTACULOS","article_publisher":"https:\/\/www.facebook.com\/clanespectaculos\/","article_published_time":"2025-07-29T21:02:45+00:00","og_image":[{"width":900,"height":504,"url":"https:\/\/radioclanfm.com\/clanespectaculos\/wp-content\/uploads\/sites\/2\/2025\/07\/AyNFlRRJ.jpg","type":"image\/jpeg"}],"author":"E-GRUPOCLAN","twitter_card":"summary_large_image","twitter_creator":"@clanespectok","twitter_site":"@clanespectok","twitter_misc":{"Escrito por":"E-GRUPOCLAN","Tiempo de lectura":"3 minutos"},"schema":{"@context":"https:\/\/schema.org","@graph":[{"@type":"Article","@id":"https:\/\/radioclanfm.com\/clanespectaculos\/les-pido-respeto-juana-repetto-conto-de-que-vive-y-como-hizo-para-comprarse-una-casa-en-un-barrio-privado\/#article","isPartOf":{"@id":"https:\/\/radioclanfm.com\/clanespectaculos\/les-pido-respeto-juana-repetto-conto-de-que-vive-y-como-hizo-para-comprarse-una-casa-en-un-barrio-privado\/"},"author":{"name":"E-GRUPOCLAN","@id":"https:\/\/radioclanfm.com\/clanespectaculos\/#\/schema\/person\/9734813083303230f3ad84d99171b20c"},"headline":"\u201cLes pido respeto\u201d: Juana Repetto cont\u00f3 de qu\u00e9 vive y c\u00f3mo hizo para comprarse una casa en un barrio privado","datePublished":"2025-07-29T21:02:45+00:00","mainEntityOfPage":{"@id":"https:\/\/radioclanfm.com\/clanespectaculos\/les-pido-respeto-juana-repetto-conto-de-que-vive-y-como-hizo-para-comprarse-una-casa-en-un-barrio-privado\/"},"wordCount":632,"commentCount":0,"publisher":{"@id":"https:\/\/radioclanfm.com\/clanespectaculos\/#organization"},"image":{"@id":"https:\/\/radioclanfm.com\/clanespectaculos\/les-pido-respeto-juana-repetto-conto-de-que-vive-y-como-hizo-para-comprarse-una-casa-en-un-barrio-privado\/#primaryimage"},"thumbnailUrl":"https:\/\/radioclanfm.com\/clanespectaculos\/wp-content\/uploads\/sites\/2\/2025\/07\/AyNFlRRJ.jpg","articleSection":["Espectaculos"],"inLanguage":"es-AR","potentialAction":[{"@type":"CommentAction","name":"Comment","target":["https:\/\/radioclanfm.com\/clanespectaculos\/les-pido-respeto-juana-repetto-conto-de-que-vive-y-como-hizo-para-comprarse-una-casa-en-un-barrio-privado\/#respond"]}]},{"@type":"WebPage","@id":"https:\/\/radioclanfm.com\/clanespectaculos\/les-pido-respeto-juana-repetto-conto-de-que-vive-y-como-hizo-para-comprarse-una-casa-en-un-barrio-privado\/","url":"https:\/\/radioclanfm.com\/clanespectaculos\/les-pido-respeto-juana-repetto-conto-de-que-vive-y-como-hizo-para-comprarse-una-casa-en-un-barrio-privado\/","name":"\u201cLes pido respeto\u201d: Juana Repetto cont\u00f3 de qu\u00e9 vive y c\u00f3mo hizo para comprarse una casa en un barrio privado - CLAN ESPECTACULOS","isPartOf":{"@id":"https:\/\/radioclanfm.com\/clanespectaculos\/#website"},"primaryImageOfPage":{"@id":"https:\/\/radioclanfm.com\/clanespectaculos\/les-pido-respeto-juana-repetto-conto-de-que-vive-y-como-hizo-para-comprarse-una-casa-en-un-barrio-privado\/#primaryimage"},"image":{"@id":"https:\/\/radioclanfm.com\/clanespectaculos\/les-pido-respeto-juana-repetto-conto-de-que-vive-y-como-hizo-para-comprarse-una-casa-en-un-barrio-privado\/#primaryimage"},"thumbnailUrl":"https:\/\/radioclanfm.com\/clanespectaculos\/wp-content\/uploads\/sites\/2\/2025\/07\/AyNFlRRJ.jpg","datePublished":"2025-07-29T21:02:45+00:00","breadcrumb":{"@id":"https:\/\/radioclanfm.com\/clanespectaculos\/les-pido-respeto-juana-repetto-conto-de-que-vive-y-como-hizo-para-comprarse-una-casa-en-un-barrio-privado\/#breadcrumb"},"inLanguage":"es-AR","potentialAction":[{"@type":"ReadAction","target":["https:\/\/radioclanfm.com\/clanespectaculos\/les-pido-respeto-juana-repetto-conto-de-que-vive-y-como-hizo-para-comprarse-una-casa-en-un-barrio-privado\/"]}]},{"@type":"ImageObject","inLanguage":"es-AR","@id":"https:\/\/radioclanfm.com\/clanespectaculos\/les-pido-respeto-juana-repetto-conto-de-que-vive-y-como-hizo-para-comprarse-una-casa-en-un-barrio-privado\/#primaryimage","url":"https:\/\/radioclanfm.com\/clanespectaculos\/wp-content\/uploads\/sites\/2\/2025\/07\/AyNFlRRJ.jpg","contentUrl":"https:\/\/radioclanfm.com\/clanespectaculos\/wp-content\/uploads\/sites\/2\/2025\/07\/AyNFlRRJ.jpg","width":900,"height":504},{"@type":"BreadcrumbList","@id":"https:\/\/radioclanfm.com\/clanespectaculos\/les-pido-respeto-juana-repetto-conto-de-que-vive-y-como-hizo-para-comprarse-una-casa-en-un-barrio-privado\/#breadcrumb","itemListElement":[{"@type":"ListItem","position":1,"name":"Inicio","item":"https:\/\/radioclanfm.com\/clanespectaculos\/"},{"@type":"ListItem","position":2,"name":"\u201cLes pido respeto\u201d: Juana Repetto cont\u00f3 de qu\u00e9 vive y c\u00f3mo hizo para comprarse una casa en un barrio privado"}]},{"@type":"WebSite","@id":"https:\/\/radioclanfm.com\/clanespectaculos\/#website","url":"https:\/\/radioclanfm.com\/clanespectaculos\/","name":"CLAN ESPECTACULOS","description":"","publisher":{"@id":"https:\/\/radioclanfm.com\/clanespectaculos\/#organization"},"potentialAction":[{"@type":"SearchAction","target":{"@type":"EntryPoint","urlTemplate":"https:\/\/radioclanfm.com\/clanespectaculos\/?s={search_term_string}"},"query-input":{"@type":"PropertyValueSpecification","valueRequired":true,"valueName":"search_term_string"}}],"inLanguage":"es-AR"},{"@type":"Organization","@id":"https:\/\/radioclanfm.com\/clanespectaculos\/#organization","name":"CLAN ESPECTACULOS","url":"https:\/\/radioclanfm.com\/clanespectaculos\/","logo":{"@type":"ImageObject","inLanguage":"es-AR","@id":"https:\/\/radioclanfm.com\/clanespectaculos\/#\/schema\/logo\/image\/","url":"https:\/\/radioclanfm.com\/clanespectaculos\/wp-content\/uploads\/sites\/2\/2026\/04\/ChatGPT-Image-23-mar-2026-10_09_00.png","contentUrl":"https:\/\/radioclanfm.com\/clanespectaculos\/wp-content\/uploads\/sites\/2\/2026\/04\/ChatGPT-Image-23-mar-2026-10_09_00.png","width":1024,"height":1024,"caption":"CLAN ESPECTACULOS"},"image":{"@id":"https:\/\/radioclanfm.com\/clanespectaculos\/#\/schema\/logo\/image\/"},"sameAs":["https:\/\/www.facebook.com\/clanespectaculos\/","https:\/\/x.com\/clanespectok"]},{"@type":"Person","@id":"https:\/\/radioclanfm.com\/clanespectaculos\/#\/schema\/person\/9734813083303230f3ad84d99171b20c","name":"E-GRUPOCLAN","image":{"@type":"ImageObject","inLanguage":"es-AR","@id":"https:\/\/secure.gravatar.com\/avatar\/af6e19837c3d6a212034a48c7b3818d2ac1826f6025df0155da5a186ad321d79?s=96&d=mm&r=g","url":"https:\/\/secure.gravatar.com\/avatar\/af6e19837c3d6a212034a48c7b3818d2ac1826f6025df0155da5a186ad321d79?s=96&d=mm&r=g","contentUrl":"https:\/\/secure.gravatar.com\/avatar\/af6e19837c3d6a212034a48c7b3818d2ac1826f6025df0155da5a186ad321d79?s=96&d=mm&r=g","caption":"E-GRUPOCLAN"},"sameAs":["https:\/\/radioclanfm.com"],"url":"https:\/\/radioclanfm.com\/clanespectaculos\/author\/admin\/"}]}},"_links":{"self":[{"href":"https:\/\/radioclanfm.com\/clanespectaculos\/wp-json\/wp\/v2\/posts\/3672","targetHints":{"allow":["GET"]}}],"collection":[{"href":"https:\/\/radioclanfm.com\/clanespectaculos\/wp-json\/wp\/v2\/posts"}],"about":[{"href":"https:\/\/radioclanfm.com\/clanespectaculos\/wp-json\/wp\/v2\/types\/post"}],"author":[{"embeddable":true,"href":"https:\/\/radioclanfm.com\/clanespectaculos\/wp-json\/wp\/v2\/users\/1"}],"replies":[{"embeddable":true,"href":"https:\/\/radioclanfm.com\/clanespectaculos\/wp-json\/wp\/v2\/comments?post=3672"}],"version-history":[{"count":1,"href":"https:\/\/radioclanfm.com\/clanespectaculos\/wp-json\/wp\/v2\/posts\/3672\/revisions"}],"predecessor-version":[{"id":3676,"href":"https:\/\/radioclanfm.com\/clanespectaculos\/wp-json\/wp\/v2\/posts\/3672\/revisions\/3676"}],"wp:featuredmedia":[{"embeddable":true,"href":"https:\/\/radioclanfm.com\/clanespectaculos\/wp-json\/wp\/v2\/media\/3675"}],"wp:attachment":[{"href":"https:\/\/radioclanfm.com\/clanespectaculos\/wp-json\/wp\/v2\/media?parent=3672"}],"wp:term":[{"taxonomy":"category","embeddable":true,"href":"https:\/\/radioclanfm.com\/clanespectaculos\/wp-json\/wp\/v2\/categories?post=3672"},{"taxonomy":"post_tag","embeddable":true,"href":"https:\/\/radioclanfm.com\/clanespectaculos\/wp-json\/wp\/v2\/tags?post=3672"}],"curies":[{"name":"wp","href":"https:\/\/api.w.org\/{rel}","templated":true}]}}