{"id":3647,"date":"2025-07-29T17:54:43","date_gmt":"2025-07-29T20:54:43","guid":{"rendered":"https:\/\/radioclanfm.com\/clanespectaculos\/?p=3647"},"modified":"2025-07-29T17:54:43","modified_gmt":"2025-07-29T20:54:43","slug":"tragedia-en-miami-el-ultimo-cumpleanos-de-cris-morena-y-la-sorpresa-que-le-habia-preparado-su-nieta-mila","status":"publish","type":"post","link":"https:\/\/radioclanfm.com\/clanespectaculos\/tragedia-en-miami-el-ultimo-cumpleanos-de-cris-morena-y-la-sorpresa-que-le-habia-preparado-su-nieta-mila\/","title":{"rendered":"Tragedia en Miami: el \u00faltimo cumplea\u00f1os de Cris Morena y la sorpresa que le hab\u00eda preparado su nieta Mila"},"content":{"rendered":"<p>La nena de 7 a\u00f1os muri\u00f3 durante un choque de barcos mientras se encontraba en una colonia de vacaciones.<\/p>\n<div class=\"col-content\"><main class=\"col-content\"><\/p>\n<div class=\"default-article-color article__body article__article\">\n<p class=\"paragraph font__body-regular\">En agosto del a\u00f1o pasado,\u00a0<b>Mila Yankelevich<\/b><b>\u00a0hab\u00eda sorprendido a su abuela\u00a0<\/b>Cris Morena en su cumplea\u00f1os. La nena de 7 a\u00f1os, que muri\u00f3 en las \u00faltimas horas en un\u00a0<b>tr\u00e1gico accidente de barcos en Miami<\/b><b>,\u00a0<\/b>hab\u00eda llegado al pa\u00eds para compartir el tierno momento junto a su familia.<\/p>\n<div class=\"AV67f93cf033780503b00636a7\">\n<div id=\"aniBox\">\n<div id=\"aniplayer_AV67f93cf033780503b00636a7-1753822393635\">\n<div id=\"aniplayer_AV67f93cf033780503b00636a7-1753822393635gui\">\n<div id=\"av-caption\">\n<div id=\"av-close-btn-overlay\" class=\"av-pos-top-left\"><\/div>\n<\/div>\n<\/div>\n<div id=\"anibid\"><\/div>\n<\/div>\n<\/div>\n<\/div>\n<p class=\"paragraph font__body-regular\">\u201cGracias, gracias, gracias a todo el maravilloso equipo y artistas de<i>\u00a0Otro Mundo\u00a0<\/i>por esta sorpresa tan linda en el lugar que m\u00e1s amo y feliz me hace en el mundo. Los amo\u201d, hab\u00eda escrito la reconocida productora en sus redes.<\/p>\n<p class=\"paragraph font__body-regular\">Junto a ese texto, comparti\u00f3 videos de la celebraci\u00f3n<b>\u00a0junto a Mila<\/b>, recibiendo un ramo de flores y rodeada de los actores de\u00a0<i>Margarita<\/i>.<\/p>\n<p class=\"paragraph font__body-regular\">La peque\u00f1a iba siempre agarrada de la mano de su abuela, acompa\u00f1\u00e1ndola en cada momento del festejo. Poco despu\u00e9s, se sum\u00f3 a cantar el\u00a0<i>\u201cfeliz cumplea\u00f1os<\/i>\u201d, sobre el regazo de Tom\u00e1s, su pap\u00e1.<\/p>\n<figure class=\"\" data-testid=\"figure-testid\">\n<div class=\"aspect_ratio__container\"><picture class=\"responsive-image\"><source srcset=\"https:\/\/tn.com.ar\/resizer\/v2\/mila-era-hija-de-tomas-yankelevich-y-la-nieta-menor-de-cris-morena-foto-instagram-crismorena-OIL4LNSXXBBTLOXWCVRDHAGDPA.jpg?auth=d03d5de1a7b3e249ed4f14d9ee27f3305ea3fe38165b022000760b3f221652bf&amp;width=767\" type=\"image\/jpg\" media=\"(max-width: 728px)\" \/><source srcset=\"https:\/\/tn.com.ar\/resizer\/v2\/mila-era-hija-de-tomas-yankelevich-y-la-nieta-menor-de-cris-morena-foto-instagram-crismorena-OIL4LNSXXBBTLOXWCVRDHAGDPA.jpg?auth=d03d5de1a7b3e249ed4f14d9ee27f3305ea3fe38165b022000760b3f221652bf&amp;width=1023\" type=\"image\/jpg\" media=\"(max-width: 1023px)\" \/><source srcset=\"https:\/\/tn.com.ar\/resizer\/v2\/mila-era-hija-de-tomas-yankelevich-y-la-nieta-menor-de-cris-morena-foto-instagram-crismorena-OIL4LNSXXBBTLOXWCVRDHAGDPA.jpg?auth=d03d5de1a7b3e249ed4f14d9ee27f3305ea3fe38165b022000760b3f221652bf&amp;width=1440\" type=\"image\/jpg\" \/><img loading=\"lazy\" decoding=\"async\" class=\"image content-image image_placeholder\" src=\"https:\/\/tn.com.ar\/resizer\/v2\/mila-era-hija-de-tomas-yankelevich-y-la-nieta-menor-de-cris-morena-foto-instagram-crismorena-OIL4LNSXXBBTLOXWCVRDHAGDPA.jpg?auth=d03d5de1a7b3e249ed4f14d9ee27f3305ea3fe38165b022000760b3f221652bf&amp;width=767\" alt=\"Mila era hija de Tom\u00e1s Yankelevich y la nieta menor de Cris Morena (Foto: Instagram \/ crismorena)\" width=\"767\" height=\"430\" data-testid=\"loading-testid\" \/><\/picture><\/div><figcaption class=\"caption_image\" data-testid=\"figcaption-testid\">\n<div class=\"image_caption \">Mila era hija de Tom\u00e1s Yankelevich y la nieta menor de Cris Morena (Foto: Instagram \/ crismorena)<\/div>\n<\/figcaption><\/figure>\n<p class=\"paragraph font__body-regular\">Mila viv\u00eda en Miami junto a su familia. En febrero, la chiquita cumpli\u00f3 7 a\u00f1os y su abuela Cris le dedic\u00f3 un tierno posteo.<\/p>\n<p class=\"paragraph font__body-regular\">\u201cMila, mi ni\u00f1a con alas, mi hadita feliz y libre, acuariana so\u00f1ada y tan esperada&#8230; Nuestros momentos juntas llenos de bailes, canciones, inventando en la playa las formas de las nubes, tus preguntas incre\u00edbles&#8230; Sos sol, libertad, abrazos, bella, inquieta, dulce ni\u00f1a amada, especial, brillante, nietita querida!!! Feliz d\u00eda! Feliz vida. Feliz cumplea\u00f1os. Te amo siempre!\u201d, escribi\u00f3 la productora junto a distintas fotos.<\/p>\n<h2 class=\"font--primary font__display\">C\u00f3mo fue el choque en el que muri\u00f3 la nieta de Cris Morena<\/h2>\n<p class=\"paragraph font__body-regular\">El tr\u00e1gico accidente ocurri\u00f3 el lunes por la ma\u00f1ana, cerca de las 11:15, frente a Hibiscus Island, en la Bah\u00eda de Biscayne. Seg\u00fan informaron las autoridades locales, una barcaza impact\u00f3 de lleno contra un velero en el que<b>\u00a0viajaban cinco chicos<\/b>\u00a0de entre 7 y 13 a\u00f1os y un adulto. A ra\u00edz del fuerte choque, todos los ocupantes cayeron al agua.<\/p>\n<p class=\"paragraph font__body-regular\">Mila y otra nena, de 13 a\u00f1os, fueron trasladadas de urgencia al\u00a0<b>Jackson Memorial Hospital<\/b>, donde lamentablemente<b>\u00a0fueron declaradas muertas<\/b>. Otras dos chicas, de 8 y 11 a\u00f1os, contin\u00faan internadas en estado cr\u00edtico. El resto de los sobrevivientes, incluido el adulto, fueron asistidos tras ser llevados al Miami Yacht Club.<\/p>\n<figure class=\"\" data-testid=\"figure-testid\">\n<div class=\"aspect_ratio__container\"><picture class=\"responsive-image\"><source srcset=\"https:\/\/tn.com.ar\/resizer\/v2\/una-barcaza-hundio-un-velero-que-llevaba-un-grupo-de-ninos-y-un-adulto-en-miami-foto-apwsvn-tv-ML3HPZ5PJ5D7LM5XJ7DDBIIDQ4?auth=a5d3c19ba6b0291010d4f8c5c290afd3a24641df8b6fb4578daec1f8ecc93260&amp;width=767\" type=\"image\/jpg\" media=\"(max-width: 728px)\" \/><source srcset=\"https:\/\/tn.com.ar\/resizer\/v2\/una-barcaza-hundio-un-velero-que-llevaba-un-grupo-de-ninos-y-un-adulto-en-miami-foto-apwsvn-tv-ML3HPZ5PJ5D7LM5XJ7DDBIIDQ4?auth=a5d3c19ba6b0291010d4f8c5c290afd3a24641df8b6fb4578daec1f8ecc93260&amp;width=1023\" type=\"image\/jpg\" media=\"(max-width: 1023px)\" \/><source srcset=\"https:\/\/tn.com.ar\/resizer\/v2\/una-barcaza-hundio-un-velero-que-llevaba-un-grupo-de-ninos-y-un-adulto-en-miami-foto-apwsvn-tv-ML3HPZ5PJ5D7LM5XJ7DDBIIDQ4?auth=a5d3c19ba6b0291010d4f8c5c290afd3a24641df8b6fb4578daec1f8ecc93260&amp;width=1440\" type=\"image\/jpg\" \/><img loading=\"lazy\" decoding=\"async\" class=\"image content-image image_placeholder\" src=\"https:\/\/tn.com.ar\/resizer\/v2\/una-barcaza-hundio-un-velero-que-llevaba-un-grupo-de-ninos-y-un-adulto-en-miami-foto-apwsvn-tv-ML3HPZ5PJ5D7LM5XJ7DDBIIDQ4?auth=a5d3c19ba6b0291010d4f8c5c290afd3a24641df8b6fb4578daec1f8ecc93260&amp;width=767\" alt=\"Una barcaza hundi\u00f3 un velero que llevaba un grupo de ni\u00f1os y un adulto en Miami. (Foto: AP\/WSVN-TV).\" width=\"767\" height=\"431\" data-testid=\"loading-testid\" \/><\/picture><\/div><figcaption class=\"caption_image\" data-testid=\"figcaption-testid\">\n<div class=\"image_caption \">Una barcaza hundi\u00f3 un velero que llevaba un grupo de ni\u00f1os y un adulto en Miami. (Foto: AP\/WSVN-TV).<\/div>\n<\/figcaption><\/figure>\n<p class=\"paragraph font__body-regular\">\u201cFue\u00a0<b>una escena sumamente ca\u00f3tica<\/b>, como pueden imaginarse, especialmente trat\u00e1ndose de ni\u00f1os\u201d, expres\u00f3 el teniente Pete S\u00e1nchez, vocero del Departamento de Bomberos y Rescate de Miami.<\/p>\n<p class=\"paragraph font__body-regular\">El choque entre la barcaza y el velero gener\u00f3 una\u00a0<b>enorme movilizaci\u00f3n<\/b>\u00a0de equipos de emergencia: participaron buzos, rescatistas, bomberos y agentes de la Polic\u00eda mientras familiares y compa\u00f1eros de los chicos aguardaban noticias con profunda angustia.<\/p>\n<\/div>\n<p><\/main><\/div>\n<aside class=\"col-right-rail right-rail\">\n<div id=\"parent-ad-slot-caja\" class=\"ad-container caja_ad \">\n<div class=\"ad-content\">\n<div id=\"ad-slot-caja\" class=\"ad-slot-caja ad-slot\" data-adtype=\"caja\" data-google-query-id=\"CIma0dv54o4DFUBc3QIdrHMcLA\"><\/div>\n<\/div>\n<\/div>\n<\/aside>\n","protected":false},"excerpt":{"rendered":"<p>La nena de 7 a\u00f1os muri\u00f3 durante un choque de barcos mientras se encontraba en una colonia de vacaciones. En agosto del a\u00f1o pasado,\u00a0Mila Yankelevich\u00a0hab\u00eda sorprendido a su abuela\u00a0Cris Morena en su cumplea\u00f1os. La nena de 7 a\u00f1os, que muri\u00f3 en las \u00faltimas horas en un\u00a0tr\u00e1gico accidente de barcos en Miami,\u00a0hab\u00eda llegado al pa\u00eds para [&hellip;]<\/p>\n","protected":false},"author":1,"featured_media":3650,"comment_status":"open","ping_status":"open","sticky":false,"template":"","format":"standard","meta":{"rop_custom_images_group":[],"rop_custom_messages_group":[],"rop_publish_now":"initial","rop_publish_now_accounts":[],"rop_publish_now_history":[],"rop_publish_now_status":"pending","footnotes":"","jetpack_publicize_message":"","jetpack_publicize_feature_enabled":true,"jetpack_social_post_already_shared":true,"jetpack_social_options":{"image_generator_settings":{"template":"highway","enabled":false},"version":2}},"categories":[12],"tags":[],"class_list":{"0":"post-3647","1":"post","2":"type-post","3":"status-publish","4":"format-standard","5":"has-post-thumbnail","7":"category-espectaculos"},"jetpack_publicize_connections":[],"yoast_head":"<!-- This site is optimized with the Yoast SEO plugin v27.3 - https:\/\/yoast.com\/product\/yoast-seo-wordpress\/ -->\n<title>Tragedia en Miami: el \u00faltimo cumplea\u00f1os de Cris Morena y la sorpresa que le hab\u00eda preparado su nieta Mila - CLAN ESPECTACULOS<\/title>\n<meta name=\"robots\" content=\"index, follow, max-snippet:-1, max-image-preview:large, max-video-preview:-1\" \/>\n<link rel=\"canonical\" href=\"https:\/\/radioclanfm.com\/clanespectaculos\/tragedia-en-miami-el-ultimo-cumpleanos-de-cris-morena-y-la-sorpresa-que-le-habia-preparado-su-nieta-mila\/\" \/>\n<meta property=\"og:locale\" content=\"es_ES\" \/>\n<meta property=\"og:type\" content=\"article\" \/>\n<meta property=\"og:title\" content=\"Tragedia en Miami: el \u00faltimo cumplea\u00f1os de Cris Morena y la sorpresa que le hab\u00eda preparado su nieta Mila - CLAN ESPECTACULOS\" \/>\n<meta property=\"og:description\" content=\"La nena de 7 a\u00f1os muri\u00f3 durante un choque de barcos mientras se encontraba en una colonia de vacaciones. En agosto del a\u00f1o pasado,\u00a0Mila Yankelevich\u00a0hab\u00eda sorprendido a su abuela\u00a0Cris Morena en su cumplea\u00f1os. La nena de 7 a\u00f1os, que muri\u00f3 en las \u00faltimas horas en un\u00a0tr\u00e1gico accidente de barcos en Miami,\u00a0hab\u00eda llegado al pa\u00eds para [&hellip;]\" \/>\n<meta property=\"og:url\" content=\"https:\/\/radioclanfm.com\/clanespectaculos\/tragedia-en-miami-el-ultimo-cumpleanos-de-cris-morena-y-la-sorpresa-que-le-habia-preparado-su-nieta-mila\/\" \/>\n<meta property=\"og:site_name\" content=\"CLAN ESPECTACULOS\" \/>\n<meta property=\"article:publisher\" content=\"https:\/\/www.facebook.com\/clanespectaculos\/\" \/>\n<meta property=\"article:published_time\" content=\"2025-07-29T20:54:43+00:00\" \/>\n<meta property=\"og:image\" content=\"https:\/\/radioclanfm.com\/clanespectaculos\/wp-content\/uploads\/sites\/2\/2025\/07\/8uXz9rAq.jpg\" \/>\n\t<meta property=\"og:image:width\" content=\"900\" \/>\n\t<meta property=\"og:image:height\" content=\"504\" \/>\n\t<meta property=\"og:image:type\" content=\"image\/jpeg\" \/>\n<meta name=\"author\" content=\"E-GRUPOCLAN\" \/>\n<meta name=\"twitter:card\" content=\"summary_large_image\" \/>\n<meta name=\"twitter:creator\" content=\"@clanespectok\" \/>\n<meta name=\"twitter:site\" content=\"@clanespectok\" \/>\n<meta name=\"twitter:label1\" content=\"Escrito por\" \/>\n\t<meta name=\"twitter:data1\" content=\"E-GRUPOCLAN\" \/>\n\t<meta name=\"twitter:label2\" content=\"Tiempo de lectura\" \/>\n\t<meta name=\"twitter:data2\" content=\"3 minutos\" \/>\n<script type=\"application\/ld+json\" class=\"yoast-schema-graph\">{\"@context\":\"https:\\\/\\\/schema.org\",\"@graph\":[{\"@type\":\"Article\",\"@id\":\"https:\\\/\\\/radioclanfm.com\\\/clanespectaculos\\\/tragedia-en-miami-el-ultimo-cumpleanos-de-cris-morena-y-la-sorpresa-que-le-habia-preparado-su-nieta-mila\\\/#article\",\"isPartOf\":{\"@id\":\"https:\\\/\\\/radioclanfm.com\\\/clanespectaculos\\\/tragedia-en-miami-el-ultimo-cumpleanos-de-cris-morena-y-la-sorpresa-que-le-habia-preparado-su-nieta-mila\\\/\"},\"author\":{\"name\":\"E-GRUPOCLAN\",\"@id\":\"https:\\\/\\\/radioclanfm.com\\\/clanespectaculos\\\/#\\\/schema\\\/person\\\/9734813083303230f3ad84d99171b20c\"},\"headline\":\"Tragedia en Miami: el \u00faltimo cumplea\u00f1os de Cris Morena y la sorpresa que le hab\u00eda preparado su nieta Mila\",\"datePublished\":\"2025-07-29T20:54:43+00:00\",\"mainEntityOfPage\":{\"@id\":\"https:\\\/\\\/radioclanfm.com\\\/clanespectaculos\\\/tragedia-en-miami-el-ultimo-cumpleanos-de-cris-morena-y-la-sorpresa-que-le-habia-preparado-su-nieta-mila\\\/\"},\"wordCount\":531,\"commentCount\":0,\"publisher\":{\"@id\":\"https:\\\/\\\/radioclanfm.com\\\/clanespectaculos\\\/#organization\"},\"image\":{\"@id\":\"https:\\\/\\\/radioclanfm.com\\\/clanespectaculos\\\/tragedia-en-miami-el-ultimo-cumpleanos-de-cris-morena-y-la-sorpresa-que-le-habia-preparado-su-nieta-mila\\\/#primaryimage\"},\"thumbnailUrl\":\"https:\\\/\\\/radioclanfm.com\\\/clanespectaculos\\\/wp-content\\\/uploads\\\/sites\\\/2\\\/2025\\\/07\\\/8uXz9rAq.jpg\",\"articleSection\":[\"Espectaculos\"],\"inLanguage\":\"es-AR\",\"potentialAction\":[{\"@type\":\"CommentAction\",\"name\":\"Comment\",\"target\":[\"https:\\\/\\\/radioclanfm.com\\\/clanespectaculos\\\/tragedia-en-miami-el-ultimo-cumpleanos-de-cris-morena-y-la-sorpresa-que-le-habia-preparado-su-nieta-mila\\\/#respond\"]}]},{\"@type\":\"WebPage\",\"@id\":\"https:\\\/\\\/radioclanfm.com\\\/clanespectaculos\\\/tragedia-en-miami-el-ultimo-cumpleanos-de-cris-morena-y-la-sorpresa-que-le-habia-preparado-su-nieta-mila\\\/\",\"url\":\"https:\\\/\\\/radioclanfm.com\\\/clanespectaculos\\\/tragedia-en-miami-el-ultimo-cumpleanos-de-cris-morena-y-la-sorpresa-que-le-habia-preparado-su-nieta-mila\\\/\",\"name\":\"Tragedia en Miami: el \u00faltimo cumplea\u00f1os de Cris Morena y la sorpresa que le hab\u00eda preparado su nieta Mila - CLAN ESPECTACULOS\",\"isPartOf\":{\"@id\":\"https:\\\/\\\/radioclanfm.com\\\/clanespectaculos\\\/#website\"},\"primaryImageOfPage\":{\"@id\":\"https:\\\/\\\/radioclanfm.com\\\/clanespectaculos\\\/tragedia-en-miami-el-ultimo-cumpleanos-de-cris-morena-y-la-sorpresa-que-le-habia-preparado-su-nieta-mila\\\/#primaryimage\"},\"image\":{\"@id\":\"https:\\\/\\\/radioclanfm.com\\\/clanespectaculos\\\/tragedia-en-miami-el-ultimo-cumpleanos-de-cris-morena-y-la-sorpresa-que-le-habia-preparado-su-nieta-mila\\\/#primaryimage\"},\"thumbnailUrl\":\"https:\\\/\\\/radioclanfm.com\\\/clanespectaculos\\\/wp-content\\\/uploads\\\/sites\\\/2\\\/2025\\\/07\\\/8uXz9rAq.jpg\",\"datePublished\":\"2025-07-29T20:54:43+00:00\",\"breadcrumb\":{\"@id\":\"https:\\\/\\\/radioclanfm.com\\\/clanespectaculos\\\/tragedia-en-miami-el-ultimo-cumpleanos-de-cris-morena-y-la-sorpresa-que-le-habia-preparado-su-nieta-mila\\\/#breadcrumb\"},\"inLanguage\":\"es-AR\",\"potentialAction\":[{\"@type\":\"ReadAction\",\"target\":[\"https:\\\/\\\/radioclanfm.com\\\/clanespectaculos\\\/tragedia-en-miami-el-ultimo-cumpleanos-de-cris-morena-y-la-sorpresa-que-le-habia-preparado-su-nieta-mila\\\/\"]}]},{\"@type\":\"ImageObject\",\"inLanguage\":\"es-AR\",\"@id\":\"https:\\\/\\\/radioclanfm.com\\\/clanespectaculos\\\/tragedia-en-miami-el-ultimo-cumpleanos-de-cris-morena-y-la-sorpresa-que-le-habia-preparado-su-nieta-mila\\\/#primaryimage\",\"url\":\"https:\\\/\\\/radioclanfm.com\\\/clanespectaculos\\\/wp-content\\\/uploads\\\/sites\\\/2\\\/2025\\\/07\\\/8uXz9rAq.jpg\",\"contentUrl\":\"https:\\\/\\\/radioclanfm.com\\\/clanespectaculos\\\/wp-content\\\/uploads\\\/sites\\\/2\\\/2025\\\/07\\\/8uXz9rAq.jpg\",\"width\":900,\"height\":504},{\"@type\":\"BreadcrumbList\",\"@id\":\"https:\\\/\\\/radioclanfm.com\\\/clanespectaculos\\\/tragedia-en-miami-el-ultimo-cumpleanos-de-cris-morena-y-la-sorpresa-que-le-habia-preparado-su-nieta-mila\\\/#breadcrumb\",\"itemListElement\":[{\"@type\":\"ListItem\",\"position\":1,\"name\":\"Inicio\",\"item\":\"https:\\\/\\\/radioclanfm.com\\\/clanespectaculos\\\/\"},{\"@type\":\"ListItem\",\"position\":2,\"name\":\"Tragedia en Miami: el \u00faltimo cumplea\u00f1os de Cris Morena y la sorpresa que le hab\u00eda preparado su nieta Mila\"}]},{\"@type\":\"WebSite\",\"@id\":\"https:\\\/\\\/radioclanfm.com\\\/clanespectaculos\\\/#website\",\"url\":\"https:\\\/\\\/radioclanfm.com\\\/clanespectaculos\\\/\",\"name\":\"CLAN ESPECTACULOS\",\"description\":\"\",\"publisher\":{\"@id\":\"https:\\\/\\\/radioclanfm.com\\\/clanespectaculos\\\/#organization\"},\"potentialAction\":[{\"@type\":\"SearchAction\",\"target\":{\"@type\":\"EntryPoint\",\"urlTemplate\":\"https:\\\/\\\/radioclanfm.com\\\/clanespectaculos\\\/?s={search_term_string}\"},\"query-input\":{\"@type\":\"PropertyValueSpecification\",\"valueRequired\":true,\"valueName\":\"search_term_string\"}}],\"inLanguage\":\"es-AR\"},{\"@type\":\"Organization\",\"@id\":\"https:\\\/\\\/radioclanfm.com\\\/clanespectaculos\\\/#organization\",\"name\":\"CLAN ESPECTACULOS\",\"url\":\"https:\\\/\\\/radioclanfm.com\\\/clanespectaculos\\\/\",\"logo\":{\"@type\":\"ImageObject\",\"inLanguage\":\"es-AR\",\"@id\":\"https:\\\/\\\/radioclanfm.com\\\/clanespectaculos\\\/#\\\/schema\\\/logo\\\/image\\\/\",\"url\":\"https:\\\/\\\/radioclanfm.com\\\/clanespectaculos\\\/wp-content\\\/uploads\\\/sites\\\/2\\\/2026\\\/04\\\/ChatGPT-Image-23-mar-2026-10_09_00.png\",\"contentUrl\":\"https:\\\/\\\/radioclanfm.com\\\/clanespectaculos\\\/wp-content\\\/uploads\\\/sites\\\/2\\\/2026\\\/04\\\/ChatGPT-Image-23-mar-2026-10_09_00.png\",\"width\":1024,\"height\":1024,\"caption\":\"CLAN ESPECTACULOS\"},\"image\":{\"@id\":\"https:\\\/\\\/radioclanfm.com\\\/clanespectaculos\\\/#\\\/schema\\\/logo\\\/image\\\/\"},\"sameAs\":[\"https:\\\/\\\/www.facebook.com\\\/clanespectaculos\\\/\",\"https:\\\/\\\/x.com\\\/clanespectok\"]},{\"@type\":\"Person\",\"@id\":\"https:\\\/\\\/radioclanfm.com\\\/clanespectaculos\\\/#\\\/schema\\\/person\\\/9734813083303230f3ad84d99171b20c\",\"name\":\"E-GRUPOCLAN\",\"image\":{\"@type\":\"ImageObject\",\"inLanguage\":\"es-AR\",\"@id\":\"https:\\\/\\\/secure.gravatar.com\\\/avatar\\\/af6e19837c3d6a212034a48c7b3818d2ac1826f6025df0155da5a186ad321d79?s=96&d=mm&r=g\",\"url\":\"https:\\\/\\\/secure.gravatar.com\\\/avatar\\\/af6e19837c3d6a212034a48c7b3818d2ac1826f6025df0155da5a186ad321d79?s=96&d=mm&r=g\",\"contentUrl\":\"https:\\\/\\\/secure.gravatar.com\\\/avatar\\\/af6e19837c3d6a212034a48c7b3818d2ac1826f6025df0155da5a186ad321d79?s=96&d=mm&r=g\",\"caption\":\"E-GRUPOCLAN\"},\"sameAs\":[\"https:\\\/\\\/radioclanfm.com\"],\"url\":\"https:\\\/\\\/radioclanfm.com\\\/clanespectaculos\\\/author\\\/admin\\\/\"}]}<\/script>\n<!-- \/ Yoast SEO plugin. -->","yoast_head_json":{"title":"Tragedia en Miami: el \u00faltimo cumplea\u00f1os de Cris Morena y la sorpresa que le hab\u00eda preparado su nieta Mila - CLAN ESPECTACULOS","robots":{"index":"index","follow":"follow","max-snippet":"max-snippet:-1","max-image-preview":"max-image-preview:large","max-video-preview":"max-video-preview:-1"},"canonical":"https:\/\/radioclanfm.com\/clanespectaculos\/tragedia-en-miami-el-ultimo-cumpleanos-de-cris-morena-y-la-sorpresa-que-le-habia-preparado-su-nieta-mila\/","og_locale":"es_ES","og_type":"article","og_title":"Tragedia en Miami: el \u00faltimo cumplea\u00f1os de Cris Morena y la sorpresa que le hab\u00eda preparado su nieta Mila - CLAN ESPECTACULOS","og_description":"La nena de 7 a\u00f1os muri\u00f3 durante un choque de barcos mientras se encontraba en una colonia de vacaciones. En agosto del a\u00f1o pasado,\u00a0Mila Yankelevich\u00a0hab\u00eda sorprendido a su abuela\u00a0Cris Morena en su cumplea\u00f1os. La nena de 7 a\u00f1os, que muri\u00f3 en las \u00faltimas horas en un\u00a0tr\u00e1gico accidente de barcos en Miami,\u00a0hab\u00eda llegado al pa\u00eds para [&hellip;]","og_url":"https:\/\/radioclanfm.com\/clanespectaculos\/tragedia-en-miami-el-ultimo-cumpleanos-de-cris-morena-y-la-sorpresa-que-le-habia-preparado-su-nieta-mila\/","og_site_name":"CLAN ESPECTACULOS","article_publisher":"https:\/\/www.facebook.com\/clanespectaculos\/","article_published_time":"2025-07-29T20:54:43+00:00","og_image":[{"width":900,"height":504,"url":"https:\/\/radioclanfm.com\/clanespectaculos\/wp-content\/uploads\/sites\/2\/2025\/07\/8uXz9rAq.jpg","type":"image\/jpeg"}],"author":"E-GRUPOCLAN","twitter_card":"summary_large_image","twitter_creator":"@clanespectok","twitter_site":"@clanespectok","twitter_misc":{"Escrito por":"E-GRUPOCLAN","Tiempo de lectura":"3 minutos"},"schema":{"@context":"https:\/\/schema.org","@graph":[{"@type":"Article","@id":"https:\/\/radioclanfm.com\/clanespectaculos\/tragedia-en-miami-el-ultimo-cumpleanos-de-cris-morena-y-la-sorpresa-que-le-habia-preparado-su-nieta-mila\/#article","isPartOf":{"@id":"https:\/\/radioclanfm.com\/clanespectaculos\/tragedia-en-miami-el-ultimo-cumpleanos-de-cris-morena-y-la-sorpresa-que-le-habia-preparado-su-nieta-mila\/"},"author":{"name":"E-GRUPOCLAN","@id":"https:\/\/radioclanfm.com\/clanespectaculos\/#\/schema\/person\/9734813083303230f3ad84d99171b20c"},"headline":"Tragedia en Miami: el \u00faltimo cumplea\u00f1os de Cris Morena y la sorpresa que le hab\u00eda preparado su nieta Mila","datePublished":"2025-07-29T20:54:43+00:00","mainEntityOfPage":{"@id":"https:\/\/radioclanfm.com\/clanespectaculos\/tragedia-en-miami-el-ultimo-cumpleanos-de-cris-morena-y-la-sorpresa-que-le-habia-preparado-su-nieta-mila\/"},"wordCount":531,"commentCount":0,"publisher":{"@id":"https:\/\/radioclanfm.com\/clanespectaculos\/#organization"},"image":{"@id":"https:\/\/radioclanfm.com\/clanespectaculos\/tragedia-en-miami-el-ultimo-cumpleanos-de-cris-morena-y-la-sorpresa-que-le-habia-preparado-su-nieta-mila\/#primaryimage"},"thumbnailUrl":"https:\/\/radioclanfm.com\/clanespectaculos\/wp-content\/uploads\/sites\/2\/2025\/07\/8uXz9rAq.jpg","articleSection":["Espectaculos"],"inLanguage":"es-AR","potentialAction":[{"@type":"CommentAction","name":"Comment","target":["https:\/\/radioclanfm.com\/clanespectaculos\/tragedia-en-miami-el-ultimo-cumpleanos-de-cris-morena-y-la-sorpresa-que-le-habia-preparado-su-nieta-mila\/#respond"]}]},{"@type":"WebPage","@id":"https:\/\/radioclanfm.com\/clanespectaculos\/tragedia-en-miami-el-ultimo-cumpleanos-de-cris-morena-y-la-sorpresa-que-le-habia-preparado-su-nieta-mila\/","url":"https:\/\/radioclanfm.com\/clanespectaculos\/tragedia-en-miami-el-ultimo-cumpleanos-de-cris-morena-y-la-sorpresa-que-le-habia-preparado-su-nieta-mila\/","name":"Tragedia en Miami: el \u00faltimo cumplea\u00f1os de Cris Morena y la sorpresa que le hab\u00eda preparado su nieta Mila - CLAN ESPECTACULOS","isPartOf":{"@id":"https:\/\/radioclanfm.com\/clanespectaculos\/#website"},"primaryImageOfPage":{"@id":"https:\/\/radioclanfm.com\/clanespectaculos\/tragedia-en-miami-el-ultimo-cumpleanos-de-cris-morena-y-la-sorpresa-que-le-habia-preparado-su-nieta-mila\/#primaryimage"},"image":{"@id":"https:\/\/radioclanfm.com\/clanespectaculos\/tragedia-en-miami-el-ultimo-cumpleanos-de-cris-morena-y-la-sorpresa-que-le-habia-preparado-su-nieta-mila\/#primaryimage"},"thumbnailUrl":"https:\/\/radioclanfm.com\/clanespectaculos\/wp-content\/uploads\/sites\/2\/2025\/07\/8uXz9rAq.jpg","datePublished":"2025-07-29T20:54:43+00:00","breadcrumb":{"@id":"https:\/\/radioclanfm.com\/clanespectaculos\/tragedia-en-miami-el-ultimo-cumpleanos-de-cris-morena-y-la-sorpresa-que-le-habia-preparado-su-nieta-mila\/#breadcrumb"},"inLanguage":"es-AR","potentialAction":[{"@type":"ReadAction","target":["https:\/\/radioclanfm.com\/clanespectaculos\/tragedia-en-miami-el-ultimo-cumpleanos-de-cris-morena-y-la-sorpresa-que-le-habia-preparado-su-nieta-mila\/"]}]},{"@type":"ImageObject","inLanguage":"es-AR","@id":"https:\/\/radioclanfm.com\/clanespectaculos\/tragedia-en-miami-el-ultimo-cumpleanos-de-cris-morena-y-la-sorpresa-que-le-habia-preparado-su-nieta-mila\/#primaryimage","url":"https:\/\/radioclanfm.com\/clanespectaculos\/wp-content\/uploads\/sites\/2\/2025\/07\/8uXz9rAq.jpg","contentUrl":"https:\/\/radioclanfm.com\/clanespectaculos\/wp-content\/uploads\/sites\/2\/2025\/07\/8uXz9rAq.jpg","width":900,"height":504},{"@type":"BreadcrumbList","@id":"https:\/\/radioclanfm.com\/clanespectaculos\/tragedia-en-miami-el-ultimo-cumpleanos-de-cris-morena-y-la-sorpresa-que-le-habia-preparado-su-nieta-mila\/#breadcrumb","itemListElement":[{"@type":"ListItem","position":1,"name":"Inicio","item":"https:\/\/radioclanfm.com\/clanespectaculos\/"},{"@type":"ListItem","position":2,"name":"Tragedia en Miami: el \u00faltimo cumplea\u00f1os de Cris Morena y la sorpresa que le hab\u00eda preparado su nieta Mila"}]},{"@type":"WebSite","@id":"https:\/\/radioclanfm.com\/clanespectaculos\/#website","url":"https:\/\/radioclanfm.com\/clanespectaculos\/","name":"CLAN ESPECTACULOS","description":"","publisher":{"@id":"https:\/\/radioclanfm.com\/clanespectaculos\/#organization"},"potentialAction":[{"@type":"SearchAction","target":{"@type":"EntryPoint","urlTemplate":"https:\/\/radioclanfm.com\/clanespectaculos\/?s={search_term_string}"},"query-input":{"@type":"PropertyValueSpecification","valueRequired":true,"valueName":"search_term_string"}}],"inLanguage":"es-AR"},{"@type":"Organization","@id":"https:\/\/radioclanfm.com\/clanespectaculos\/#organization","name":"CLAN ESPECTACULOS","url":"https:\/\/radioclanfm.com\/clanespectaculos\/","logo":{"@type":"ImageObject","inLanguage":"es-AR","@id":"https:\/\/radioclanfm.com\/clanespectaculos\/#\/schema\/logo\/image\/","url":"https:\/\/radioclanfm.com\/clanespectaculos\/wp-content\/uploads\/sites\/2\/2026\/04\/ChatGPT-Image-23-mar-2026-10_09_00.png","contentUrl":"https:\/\/radioclanfm.com\/clanespectaculos\/wp-content\/uploads\/sites\/2\/2026\/04\/ChatGPT-Image-23-mar-2026-10_09_00.png","width":1024,"height":1024,"caption":"CLAN ESPECTACULOS"},"image":{"@id":"https:\/\/radioclanfm.com\/clanespectaculos\/#\/schema\/logo\/image\/"},"sameAs":["https:\/\/www.facebook.com\/clanespectaculos\/","https:\/\/x.com\/clanespectok"]},{"@type":"Person","@id":"https:\/\/radioclanfm.com\/clanespectaculos\/#\/schema\/person\/9734813083303230f3ad84d99171b20c","name":"E-GRUPOCLAN","image":{"@type":"ImageObject","inLanguage":"es-AR","@id":"https:\/\/secure.gravatar.com\/avatar\/af6e19837c3d6a212034a48c7b3818d2ac1826f6025df0155da5a186ad321d79?s=96&d=mm&r=g","url":"https:\/\/secure.gravatar.com\/avatar\/af6e19837c3d6a212034a48c7b3818d2ac1826f6025df0155da5a186ad321d79?s=96&d=mm&r=g","contentUrl":"https:\/\/secure.gravatar.com\/avatar\/af6e19837c3d6a212034a48c7b3818d2ac1826f6025df0155da5a186ad321d79?s=96&d=mm&r=g","caption":"E-GRUPOCLAN"},"sameAs":["https:\/\/radioclanfm.com"],"url":"https:\/\/radioclanfm.com\/clanespectaculos\/author\/admin\/"}]}},"_links":{"self":[{"href":"https:\/\/radioclanfm.com\/clanespectaculos\/wp-json\/wp\/v2\/posts\/3647","targetHints":{"allow":["GET"]}}],"collection":[{"href":"https:\/\/radioclanfm.com\/clanespectaculos\/wp-json\/wp\/v2\/posts"}],"about":[{"href":"https:\/\/radioclanfm.com\/clanespectaculos\/wp-json\/wp\/v2\/types\/post"}],"author":[{"embeddable":true,"href":"https:\/\/radioclanfm.com\/clanespectaculos\/wp-json\/wp\/v2\/users\/1"}],"replies":[{"embeddable":true,"href":"https:\/\/radioclanfm.com\/clanespectaculos\/wp-json\/wp\/v2\/comments?post=3647"}],"version-history":[{"count":1,"href":"https:\/\/radioclanfm.com\/clanespectaculos\/wp-json\/wp\/v2\/posts\/3647\/revisions"}],"predecessor-version":[{"id":3651,"href":"https:\/\/radioclanfm.com\/clanespectaculos\/wp-json\/wp\/v2\/posts\/3647\/revisions\/3651"}],"wp:featuredmedia":[{"embeddable":true,"href":"https:\/\/radioclanfm.com\/clanespectaculos\/wp-json\/wp\/v2\/media\/3650"}],"wp:attachment":[{"href":"https:\/\/radioclanfm.com\/clanespectaculos\/wp-json\/wp\/v2\/media?parent=3647"}],"wp:term":[{"taxonomy":"category","embeddable":true,"href":"https:\/\/radioclanfm.com\/clanespectaculos\/wp-json\/wp\/v2\/categories?post=3647"},{"taxonomy":"post_tag","embeddable":true,"href":"https:\/\/radioclanfm.com\/clanespectaculos\/wp-json\/wp\/v2\/tags?post=3647"}],"curies":[{"name":"wp","href":"https:\/\/api.w.org\/{rel}","templated":true}]}}