{"id":3642,"date":"2025-07-29T17:53:39","date_gmt":"2025-07-29T20:53:39","guid":{"rendered":"https:\/\/radioclanfm.com\/clanespectaculos\/?p=3642"},"modified":"2025-07-29T17:53:39","modified_gmt":"2025-07-29T20:53:39","slug":"el-dolor-de-la-familia-yankelevich-de-la-muerte-de-romina-en-2010-al-tragico-accidente-de-mila","status":"publish","type":"post","link":"https:\/\/radioclanfm.com\/clanespectaculos\/el-dolor-de-la-familia-yankelevich-de-la-muerte-de-romina-en-2010-al-tragico-accidente-de-mila\/","title":{"rendered":"El dolor de la familia Yankelevich: de la muerte de Romina en 2010 al tr\u00e1gico accidente de Mila"},"content":{"rendered":"<p>El querido productor televisivo y Cris Morena, su exmujer, vuelven a enfrentarse a una dura noticia que dej\u00f3 en shock a todos sus seguidores.<\/p>\n<div class=\"col-content\"><main class=\"col-content\"><\/p>\n<div class=\"default-article-color article__body article__article\">\n<p class=\"paragraph font__body-regular\">Una tragedia sacudi\u00f3 a\u00a0la familia Yankelevich: Mila, la hija de 7 a\u00f1os de\u00a0<b>Tom\u00e1s Yankelevich<\/b>\u00a0y la nieta menor de\u00a0<b>Cris Morena muri\u00f3 tras un choque entre dos embarcaciones en\u00a0<\/b>Miami Beach. La peque\u00f1a participaba de un campamento de vela cuando ocurri\u00f3 el accidente.<\/p>\n<div class=\"AV67f93cf033780503b00636a7\">\n<div id=\"aniBox\">\n<div id=\"aniplayer_AV67f93cf033780503b00636a7-1753822323520\">\n<div id=\"aniplayer_AV67f93cf033780503b00636a7-1753822323520gui\">\n<div id=\"av-caption\">\n<div id=\"av-close-btn-overlay\" class=\"av-pos-top-left\"><\/div>\n<\/div>\n<\/div>\n<\/div>\n<\/div>\n<\/div>\n<div id=\"ad-slot-infeed\" class=\"infeed-container ad-slot-infeed ad-slot\" data-adtype=\"infeed\" data-google-query-id=\"CL32nbv54o4DFZBN3QId5ssBfg\">\n<div id=\"google_ads_iframe_\/113951150\/tn-arc\/nota\/infeed_0__container__\"><\/div>\n<\/div>\n<p class=\"paragraph font__body-regular\">La noticia conmocion\u00f3 al mundo de la far\u00e1ndula, quien record\u00f3 la muerte de Romina Yan, un hecho que golpe\u00f3 fuertemente a la familia en 2010. La\u00a0<b>muerte sorpresiva\u00a0<\/b>de la protagonista de\u00a0<i>Chiquititas<\/i>\u00a0con apenas 36 a\u00f1os y tres hijos dej\u00f3 a los cercanos desolados.<\/p>\n<figure class=\"\" data-testid=\"figure-testid\">\n<div class=\"aspect_ratio__container\"><picture class=\"responsive-image\"><source srcset=\"https:\/\/tn.com.ar\/resizer\/v2\/cris-morena-junto-a-tomas-yankelevich-y-mila-la-nena-que-murio-en-un-choque-de-barcos-foto-instagrambycrismorena-SBNIMHHIPRFVTD7UP3XRNEPSNQ.jpg?auth=84ce0d5e1c20ecc567461024a8d99974b1b2a9c7de368b3cba749dffb3c1d354&amp;width=767\" type=\"image\/jpg\" media=\"(max-width: 728px)\" \/><source srcset=\"https:\/\/tn.com.ar\/resizer\/v2\/cris-morena-junto-a-tomas-yankelevich-y-mila-la-nena-que-murio-en-un-choque-de-barcos-foto-instagrambycrismorena-SBNIMHHIPRFVTD7UP3XRNEPSNQ.jpg?auth=84ce0d5e1c20ecc567461024a8d99974b1b2a9c7de368b3cba749dffb3c1d354&amp;width=1023\" type=\"image\/jpg\" media=\"(max-width: 1023px)\" \/><source srcset=\"https:\/\/tn.com.ar\/resizer\/v2\/cris-morena-junto-a-tomas-yankelevich-y-mila-la-nena-que-murio-en-un-choque-de-barcos-foto-instagrambycrismorena-SBNIMHHIPRFVTD7UP3XRNEPSNQ.jpg?auth=84ce0d5e1c20ecc567461024a8d99974b1b2a9c7de368b3cba749dffb3c1d354&amp;width=1440\" type=\"image\/jpg\" \/><img loading=\"lazy\" decoding=\"async\" class=\"image content-image image_placeholder\" src=\"https:\/\/tn.com.ar\/resizer\/v2\/cris-morena-junto-a-tomas-yankelevich-y-mila-la-nena-que-murio-en-un-choque-de-barcos-foto-instagrambycrismorena-SBNIMHHIPRFVTD7UP3XRNEPSNQ.jpg?auth=84ce0d5e1c20ecc567461024a8d99974b1b2a9c7de368b3cba749dffb3c1d354&amp;width=767\" alt=\"Cris Morena, junto a Tom\u00e1s Yankelevich y Mila, la nena que muri\u00f3 en un choque de barcos. (Foto: Instagram\/bycrismorena)\" width=\"767\" height=\"430\" data-testid=\"loading-testid\" \/><\/picture><\/div><figcaption class=\"caption_image\" data-testid=\"figcaption-testid\">\n<div class=\"image_caption \">Cris Morena, junto a Tom\u00e1s Yankelevich y Mila, la nena que muri\u00f3 en un choque de barcos. (Foto: Instagram\/bycrismorena)<\/div>\n<\/figcaption><\/figure>\n<p class=\"paragraph font__body-regular\"><b>El 28 de septiembre de 2010<\/b>, Romina Yan sali\u00f3 del gimnasio. En la esquina de Avenida del Libertador y Alvear, en Mart\u00ednez, empez\u00f3 a sentirse mal, se descompens\u00f3 y cay\u00f3 al piso. Entonces, un amigo la llev\u00f3 de urgencias al Hospital Central de San Isidro, donde intentaron reanimarla sin \u00e9xito durante 50 minutos.\u00a0<b>La declararon muerta a las 17.20.<\/b><\/p>\n<figure class=\"\" data-testid=\"figure-testid\">\n<div class=\"aspect_ratio__container\"><picture class=\"responsive-image\"><source srcset=\"https:\/\/tn.com.ar\/resizer\/v2\/el-dolor-de-la-familia-yankelevich-de-la-muerte-de-romina-en-2010-al-tragico-accidente-de-mila-NF4CA2DHLNCH7NL2UD7WF3X3IY.png?auth=dd6ab80e04bd79929a223c48578e2f12aa900586af0e8f3184930603241ca3ff&amp;width=767\" type=\"image\/jpg\" media=\"(max-width: 728px)\" \/><source srcset=\"https:\/\/tn.com.ar\/resizer\/v2\/el-dolor-de-la-familia-yankelevich-de-la-muerte-de-romina-en-2010-al-tragico-accidente-de-mila-NF4CA2DHLNCH7NL2UD7WF3X3IY.png?auth=dd6ab80e04bd79929a223c48578e2f12aa900586af0e8f3184930603241ca3ff&amp;width=1023\" type=\"image\/jpg\" media=\"(max-width: 1023px)\" \/><source srcset=\"https:\/\/tn.com.ar\/resizer\/v2\/el-dolor-de-la-familia-yankelevich-de-la-muerte-de-romina-en-2010-al-tragico-accidente-de-mila-NF4CA2DHLNCH7NL2UD7WF3X3IY.png?auth=dd6ab80e04bd79929a223c48578e2f12aa900586af0e8f3184930603241ca3ff&amp;width=1440\" type=\"image\/jpg\" \/><img loading=\"lazy\" decoding=\"async\" class=\"image content-image image_placeholder\" src=\"https:\/\/tn.com.ar\/resizer\/v2\/el-dolor-de-la-familia-yankelevich-de-la-muerte-de-romina-en-2010-al-tragico-accidente-de-mila-NF4CA2DHLNCH7NL2UD7WF3X3IY.png?auth=dd6ab80e04bd79929a223c48578e2f12aa900586af0e8f3184930603241ca3ff&amp;width=767\" alt=\"El dolor de la familia Yankelevich: de la muerte de Romina en 2010 al tr\u00e1gico accidente de Mila\" width=\"767\" height=\"767\" data-testid=\"loading-testid\" \/><\/picture><\/div><figcaption class=\"caption_image\" data-testid=\"figcaption-testid\">\n<div class=\"image_caption \"><\/div>\n<\/figcaption><\/figure>\n<p class=\"paragraph font__body-regular\">Por pedido de su familia,\u00a0<b>los m\u00e9dicos no emitieron un comunicado oficial<\/b>. Ante la ausencia de esa informaci\u00f3n, en los medios de comunicaci\u00f3n se comentaron diversas teor\u00edas e hip\u00f3tesis, en base a datos dispersos, y hasta comenzaron a circular versiones extraoficiales.<\/p>\n<h2 class=\"font--primary font__display\">Cris Morena record\u00f3 c\u00f3mo pudo salir adelante tras la muerte de Romina Yankelevich<\/h2>\n<p class=\"paragraph font__body-regular\">El a\u00f1o pasado, Cris Morena se refiri\u00f3 a la muerte de su hija y revel\u00f3 c\u00f3mo pudo salir adelante. \u201c<b>Fue como un golpe en el coraz\u00f3n, empezar a sentir cosas muy fuertes<\/b>. A m\u00ed la historia nazi siempre me peg\u00f3 fuerte porque estuve casada con una persona jud\u00eda y entonces estudi\u00e9 mucho ese tema. Pens\u00e1 que yo fui 8 veces a Israel, lo conozco muy bien\u201d, explic\u00f3 la creadora de\u00a0<i>Casi \u00c1ngeles\u00a0<\/i>en di\u00e1logo con\u00a0<i>Agarrate Catalina<\/i>\u00a0en\u00a0<i>La Once Diez.<\/i><\/p>\n<figure class=\"\" data-testid=\"figure-testid\">\n<div class=\"aspect_ratio__container\"><picture class=\"responsive-image\"><source srcset=\"https:\/\/tn.com.ar\/resizer\/v2\/cris-morena-recordo-a-su-hija-romina-yan-y-compartio-cual-fue-el-ultimo-mensaje-que-intercambiaron-foto-instagram-bycrismorena-HAXUW3N6WFE6HMEXKXE7JKZU3I.jpg?auth=02828a95dacdf2e42d540f8acd79fd5d1a6b7b8972a3062bd4695c54e78f577e&amp;width=767\" type=\"image\/jpg\" media=\"(max-width: 728px)\" \/><source srcset=\"https:\/\/tn.com.ar\/resizer\/v2\/cris-morena-recordo-a-su-hija-romina-yan-y-compartio-cual-fue-el-ultimo-mensaje-que-intercambiaron-foto-instagram-bycrismorena-HAXUW3N6WFE6HMEXKXE7JKZU3I.jpg?auth=02828a95dacdf2e42d540f8acd79fd5d1a6b7b8972a3062bd4695c54e78f577e&amp;width=1023\" type=\"image\/jpg\" media=\"(max-width: 1023px)\" \/><source srcset=\"https:\/\/tn.com.ar\/resizer\/v2\/cris-morena-recordo-a-su-hija-romina-yan-y-compartio-cual-fue-el-ultimo-mensaje-que-intercambiaron-foto-instagram-bycrismorena-HAXUW3N6WFE6HMEXKXE7JKZU3I.jpg?auth=02828a95dacdf2e42d540f8acd79fd5d1a6b7b8972a3062bd4695c54e78f577e&amp;width=1440\" type=\"image\/jpg\" \/><img loading=\"lazy\" decoding=\"async\" class=\"image content-image image_placeholder\" src=\"https:\/\/tn.com.ar\/resizer\/v2\/cris-morena-recordo-a-su-hija-romina-yan-y-compartio-cual-fue-el-ultimo-mensaje-que-intercambiaron-foto-instagram-bycrismorena-HAXUW3N6WFE6HMEXKXE7JKZU3I.jpg?auth=02828a95dacdf2e42d540f8acd79fd5d1a6b7b8972a3062bd4695c54e78f577e&amp;width=767\" alt=\"Cris Morena record\u00f3 a su hija Romina Yan y  comparti\u00f3 cual fue el \u00faltimo mensaje que intercambiaron (Foto: Instagram \/ bycrismorena)\" width=\"767\" height=\"431\" data-testid=\"loading-testid\" \/><\/picture><\/div><figcaption class=\"caption_image\" data-testid=\"figcaption-testid\">\n<div class=\"image_caption \">Cris Morena record\u00f3 a su hija Romina Yan y comparti\u00f3 cual fue el \u00faltimo mensaje que intercambiaron (Foto: Instagram \/ bycrismorena)<\/div>\n<\/figcaption><\/figure>\n<p class=\"paragraph font__body-regular\">Durante la entrevista cont\u00f3\u00a0<b>qu\u00e9 la hizo \u201crenacer\u201d tras el fallecimiento de Romina<\/b>\u00a0y c\u00f3mo la ciudad de Berl\u00edn la ayud\u00f3 durante el duelo: \u201cCuando pas\u00f3 lo de Ro, Sof\u00eda, mi nuera, con un beb\u00e9 de ocho meses me dijo<b>\u2018nos vamos a Berl\u00edn y Praga\u2019<\/b>. Yo casi no hablaba. Ella me llevaba por todos lados, con Inti, estaba con el beb\u00e9 todo el tiempo\u201d.<\/p>\n<p class=\"paragraph font__body-regular\">\u201c<b>Fue como una cosa muy amorosa<\/b>. Ella y mi otra cu\u00f1ada, la mujer de mi hermano, me ayudaron un mont\u00f3n en eso y Berl\u00edn es una ciudad tan esplendorosa, tan joven. Tiene una energ\u00eda tan poderosa&#8230; es una de las ciudades m\u00e1s creativas del mundo\u201d, record\u00f3 Cris Morena.<\/p>\n<p class=\"paragraph font__body-regular\">Para cerrar, reflexion\u00f3 sobre el viaje: \u201c<b>Sent\u00ed que ten\u00eda que renacer como el \u00e1guila<\/b>, que se tiene que sacar todas sus plumas, sus garras y su pico para poder seguir volando, si no se muere.\u00a0<b>Yo me morir\u00eda seguro, pero no me mor\u00ed<\/b>\u201d.<\/p>\n<\/div>\n<p><\/main><\/div>\n<aside class=\"col-right-rail right-rail\">\n<div id=\"parent-ad-slot-caja\" class=\"ad-container caja_ad \">\n<div class=\"ad-content\">\n<div id=\"ad-slot-caja\" class=\"ad-slot-caja ad-slot\" data-adtype=\"caja\" data-google-query-id=\"CK_cq7r54o4DFYRU3QIdKuMpzw\"><\/div>\n<\/div>\n<\/div>\n<\/aside>\n","protected":false},"excerpt":{"rendered":"<p>El querido productor televisivo y Cris Morena, su exmujer, vuelven a enfrentarse a una dura noticia que dej\u00f3 en shock a todos sus seguidores. Una tragedia sacudi\u00f3 a\u00a0la familia Yankelevich: Mila, la hija de 7 a\u00f1os de\u00a0Tom\u00e1s Yankelevich\u00a0y la nieta menor de\u00a0Cris Morena muri\u00f3 tras un choque entre dos embarcaciones en\u00a0Miami Beach. La peque\u00f1a participaba [&hellip;]<\/p>\n","protected":false},"author":1,"featured_media":3645,"comment_status":"open","ping_status":"open","sticky":false,"template":"","format":"standard","meta":{"rop_custom_images_group":[],"rop_custom_messages_group":[],"rop_publish_now":"initial","rop_publish_now_accounts":[],"rop_publish_now_history":[],"rop_publish_now_status":"pending","footnotes":"","jetpack_publicize_message":"","jetpack_publicize_feature_enabled":true,"jetpack_social_post_already_shared":true,"jetpack_social_options":{"image_generator_settings":{"template":"highway","enabled":false},"version":2}},"categories":[12],"tags":[],"class_list":{"0":"post-3642","1":"post","2":"type-post","3":"status-publish","4":"format-standard","5":"has-post-thumbnail","7":"category-espectaculos"},"jetpack_publicize_connections":[],"yoast_head":"<!-- This site is optimized with the Yoast SEO plugin v27.3 - https:\/\/yoast.com\/product\/yoast-seo-wordpress\/ -->\n<title>El dolor de la familia Yankelevich: de la muerte de Romina en 2010 al tr\u00e1gico accidente de Mila - CLAN ESPECTACULOS<\/title>\n<meta name=\"robots\" content=\"index, follow, max-snippet:-1, max-image-preview:large, max-video-preview:-1\" \/>\n<link rel=\"canonical\" href=\"https:\/\/radioclanfm.com\/clanespectaculos\/el-dolor-de-la-familia-yankelevich-de-la-muerte-de-romina-en-2010-al-tragico-accidente-de-mila\/\" \/>\n<meta property=\"og:locale\" content=\"es_ES\" \/>\n<meta property=\"og:type\" content=\"article\" \/>\n<meta property=\"og:title\" content=\"El dolor de la familia Yankelevich: de la muerte de Romina en 2010 al tr\u00e1gico accidente de Mila - CLAN ESPECTACULOS\" \/>\n<meta property=\"og:description\" content=\"El querido productor televisivo y Cris Morena, su exmujer, vuelven a enfrentarse a una dura noticia que dej\u00f3 en shock a todos sus seguidores. Una tragedia sacudi\u00f3 a\u00a0la familia Yankelevich: Mila, la hija de 7 a\u00f1os de\u00a0Tom\u00e1s Yankelevich\u00a0y la nieta menor de\u00a0Cris Morena muri\u00f3 tras un choque entre dos embarcaciones en\u00a0Miami Beach. La peque\u00f1a participaba [&hellip;]\" \/>\n<meta property=\"og:url\" content=\"https:\/\/radioclanfm.com\/clanespectaculos\/el-dolor-de-la-familia-yankelevich-de-la-muerte-de-romina-en-2010-al-tragico-accidente-de-mila\/\" \/>\n<meta property=\"og:site_name\" content=\"CLAN ESPECTACULOS\" \/>\n<meta property=\"article:publisher\" content=\"https:\/\/www.facebook.com\/clanespectaculos\/\" \/>\n<meta property=\"article:published_time\" content=\"2025-07-29T20:53:39+00:00\" \/>\n<meta property=\"og:image\" content=\"https:\/\/radioclanfm.com\/clanespectaculos\/wp-content\/uploads\/sites\/2\/2025\/07\/cj5RKhe-.jpg\" \/>\n\t<meta property=\"og:image:width\" content=\"900\" \/>\n\t<meta property=\"og:image:height\" content=\"504\" \/>\n\t<meta property=\"og:image:type\" content=\"image\/jpeg\" \/>\n<meta name=\"author\" content=\"E-GRUPOCLAN\" \/>\n<meta name=\"twitter:card\" content=\"summary_large_image\" \/>\n<meta name=\"twitter:creator\" content=\"@clanespectok\" \/>\n<meta name=\"twitter:site\" content=\"@clanespectok\" \/>\n<meta name=\"twitter:label1\" content=\"Escrito por\" \/>\n\t<meta name=\"twitter:data1\" content=\"E-GRUPOCLAN\" \/>\n\t<meta name=\"twitter:label2\" content=\"Tiempo de lectura\" \/>\n\t<meta name=\"twitter:data2\" content=\"3 minutos\" \/>\n<script type=\"application\/ld+json\" class=\"yoast-schema-graph\">{\"@context\":\"https:\\\/\\\/schema.org\",\"@graph\":[{\"@type\":\"Article\",\"@id\":\"https:\\\/\\\/radioclanfm.com\\\/clanespectaculos\\\/el-dolor-de-la-familia-yankelevich-de-la-muerte-de-romina-en-2010-al-tragico-accidente-de-mila\\\/#article\",\"isPartOf\":{\"@id\":\"https:\\\/\\\/radioclanfm.com\\\/clanespectaculos\\\/el-dolor-de-la-familia-yankelevich-de-la-muerte-de-romina-en-2010-al-tragico-accidente-de-mila\\\/\"},\"author\":{\"name\":\"E-GRUPOCLAN\",\"@id\":\"https:\\\/\\\/radioclanfm.com\\\/clanespectaculos\\\/#\\\/schema\\\/person\\\/9734813083303230f3ad84d99171b20c\"},\"headline\":\"El dolor de la familia Yankelevich: de la muerte de Romina en 2010 al tr\u00e1gico accidente de Mila\",\"datePublished\":\"2025-07-29T20:53:39+00:00\",\"mainEntityOfPage\":{\"@id\":\"https:\\\/\\\/radioclanfm.com\\\/clanespectaculos\\\/el-dolor-de-la-familia-yankelevich-de-la-muerte-de-romina-en-2010-al-tragico-accidente-de-mila\\\/\"},\"wordCount\":543,\"commentCount\":0,\"publisher\":{\"@id\":\"https:\\\/\\\/radioclanfm.com\\\/clanespectaculos\\\/#organization\"},\"image\":{\"@id\":\"https:\\\/\\\/radioclanfm.com\\\/clanespectaculos\\\/el-dolor-de-la-familia-yankelevich-de-la-muerte-de-romina-en-2010-al-tragico-accidente-de-mila\\\/#primaryimage\"},\"thumbnailUrl\":\"https:\\\/\\\/radioclanfm.com\\\/clanespectaculos\\\/wp-content\\\/uploads\\\/sites\\\/2\\\/2025\\\/07\\\/cj5RKhe-.jpg\",\"articleSection\":[\"Espectaculos\"],\"inLanguage\":\"es-AR\",\"potentialAction\":[{\"@type\":\"CommentAction\",\"name\":\"Comment\",\"target\":[\"https:\\\/\\\/radioclanfm.com\\\/clanespectaculos\\\/el-dolor-de-la-familia-yankelevich-de-la-muerte-de-romina-en-2010-al-tragico-accidente-de-mila\\\/#respond\"]}]},{\"@type\":\"WebPage\",\"@id\":\"https:\\\/\\\/radioclanfm.com\\\/clanespectaculos\\\/el-dolor-de-la-familia-yankelevich-de-la-muerte-de-romina-en-2010-al-tragico-accidente-de-mila\\\/\",\"url\":\"https:\\\/\\\/radioclanfm.com\\\/clanespectaculos\\\/el-dolor-de-la-familia-yankelevich-de-la-muerte-de-romina-en-2010-al-tragico-accidente-de-mila\\\/\",\"name\":\"El dolor de la familia Yankelevich: de la muerte de Romina en 2010 al tr\u00e1gico accidente de Mila - CLAN ESPECTACULOS\",\"isPartOf\":{\"@id\":\"https:\\\/\\\/radioclanfm.com\\\/clanespectaculos\\\/#website\"},\"primaryImageOfPage\":{\"@id\":\"https:\\\/\\\/radioclanfm.com\\\/clanespectaculos\\\/el-dolor-de-la-familia-yankelevich-de-la-muerte-de-romina-en-2010-al-tragico-accidente-de-mila\\\/#primaryimage\"},\"image\":{\"@id\":\"https:\\\/\\\/radioclanfm.com\\\/clanespectaculos\\\/el-dolor-de-la-familia-yankelevich-de-la-muerte-de-romina-en-2010-al-tragico-accidente-de-mila\\\/#primaryimage\"},\"thumbnailUrl\":\"https:\\\/\\\/radioclanfm.com\\\/clanespectaculos\\\/wp-content\\\/uploads\\\/sites\\\/2\\\/2025\\\/07\\\/cj5RKhe-.jpg\",\"datePublished\":\"2025-07-29T20:53:39+00:00\",\"breadcrumb\":{\"@id\":\"https:\\\/\\\/radioclanfm.com\\\/clanespectaculos\\\/el-dolor-de-la-familia-yankelevich-de-la-muerte-de-romina-en-2010-al-tragico-accidente-de-mila\\\/#breadcrumb\"},\"inLanguage\":\"es-AR\",\"potentialAction\":[{\"@type\":\"ReadAction\",\"target\":[\"https:\\\/\\\/radioclanfm.com\\\/clanespectaculos\\\/el-dolor-de-la-familia-yankelevich-de-la-muerte-de-romina-en-2010-al-tragico-accidente-de-mila\\\/\"]}]},{\"@type\":\"ImageObject\",\"inLanguage\":\"es-AR\",\"@id\":\"https:\\\/\\\/radioclanfm.com\\\/clanespectaculos\\\/el-dolor-de-la-familia-yankelevich-de-la-muerte-de-romina-en-2010-al-tragico-accidente-de-mila\\\/#primaryimage\",\"url\":\"https:\\\/\\\/radioclanfm.com\\\/clanespectaculos\\\/wp-content\\\/uploads\\\/sites\\\/2\\\/2025\\\/07\\\/cj5RKhe-.jpg\",\"contentUrl\":\"https:\\\/\\\/radioclanfm.com\\\/clanespectaculos\\\/wp-content\\\/uploads\\\/sites\\\/2\\\/2025\\\/07\\\/cj5RKhe-.jpg\",\"width\":900,\"height\":504},{\"@type\":\"BreadcrumbList\",\"@id\":\"https:\\\/\\\/radioclanfm.com\\\/clanespectaculos\\\/el-dolor-de-la-familia-yankelevich-de-la-muerte-de-romina-en-2010-al-tragico-accidente-de-mila\\\/#breadcrumb\",\"itemListElement\":[{\"@type\":\"ListItem\",\"position\":1,\"name\":\"Inicio\",\"item\":\"https:\\\/\\\/radioclanfm.com\\\/clanespectaculos\\\/\"},{\"@type\":\"ListItem\",\"position\":2,\"name\":\"El dolor de la familia Yankelevich: de la muerte de Romina en 2010 al tr\u00e1gico accidente de Mila\"}]},{\"@type\":\"WebSite\",\"@id\":\"https:\\\/\\\/radioclanfm.com\\\/clanespectaculos\\\/#website\",\"url\":\"https:\\\/\\\/radioclanfm.com\\\/clanespectaculos\\\/\",\"name\":\"CLAN ESPECTACULOS\",\"description\":\"\",\"publisher\":{\"@id\":\"https:\\\/\\\/radioclanfm.com\\\/clanespectaculos\\\/#organization\"},\"potentialAction\":[{\"@type\":\"SearchAction\",\"target\":{\"@type\":\"EntryPoint\",\"urlTemplate\":\"https:\\\/\\\/radioclanfm.com\\\/clanespectaculos\\\/?s={search_term_string}\"},\"query-input\":{\"@type\":\"PropertyValueSpecification\",\"valueRequired\":true,\"valueName\":\"search_term_string\"}}],\"inLanguage\":\"es-AR\"},{\"@type\":\"Organization\",\"@id\":\"https:\\\/\\\/radioclanfm.com\\\/clanespectaculos\\\/#organization\",\"name\":\"CLAN ESPECTACULOS\",\"url\":\"https:\\\/\\\/radioclanfm.com\\\/clanespectaculos\\\/\",\"logo\":{\"@type\":\"ImageObject\",\"inLanguage\":\"es-AR\",\"@id\":\"https:\\\/\\\/radioclanfm.com\\\/clanespectaculos\\\/#\\\/schema\\\/logo\\\/image\\\/\",\"url\":\"https:\\\/\\\/radioclanfm.com\\\/clanespectaculos\\\/wp-content\\\/uploads\\\/sites\\\/2\\\/2026\\\/04\\\/ChatGPT-Image-23-mar-2026-10_09_00.png\",\"contentUrl\":\"https:\\\/\\\/radioclanfm.com\\\/clanespectaculos\\\/wp-content\\\/uploads\\\/sites\\\/2\\\/2026\\\/04\\\/ChatGPT-Image-23-mar-2026-10_09_00.png\",\"width\":1024,\"height\":1024,\"caption\":\"CLAN ESPECTACULOS\"},\"image\":{\"@id\":\"https:\\\/\\\/radioclanfm.com\\\/clanespectaculos\\\/#\\\/schema\\\/logo\\\/image\\\/\"},\"sameAs\":[\"https:\\\/\\\/www.facebook.com\\\/clanespectaculos\\\/\",\"https:\\\/\\\/x.com\\\/clanespectok\"]},{\"@type\":\"Person\",\"@id\":\"https:\\\/\\\/radioclanfm.com\\\/clanespectaculos\\\/#\\\/schema\\\/person\\\/9734813083303230f3ad84d99171b20c\",\"name\":\"E-GRUPOCLAN\",\"image\":{\"@type\":\"ImageObject\",\"inLanguage\":\"es-AR\",\"@id\":\"https:\\\/\\\/secure.gravatar.com\\\/avatar\\\/af6e19837c3d6a212034a48c7b3818d2ac1826f6025df0155da5a186ad321d79?s=96&d=mm&r=g\",\"url\":\"https:\\\/\\\/secure.gravatar.com\\\/avatar\\\/af6e19837c3d6a212034a48c7b3818d2ac1826f6025df0155da5a186ad321d79?s=96&d=mm&r=g\",\"contentUrl\":\"https:\\\/\\\/secure.gravatar.com\\\/avatar\\\/af6e19837c3d6a212034a48c7b3818d2ac1826f6025df0155da5a186ad321d79?s=96&d=mm&r=g\",\"caption\":\"E-GRUPOCLAN\"},\"sameAs\":[\"https:\\\/\\\/radioclanfm.com\"],\"url\":\"https:\\\/\\\/radioclanfm.com\\\/clanespectaculos\\\/author\\\/admin\\\/\"}]}<\/script>\n<!-- \/ Yoast SEO plugin. -->","yoast_head_json":{"title":"El dolor de la familia Yankelevich: de la muerte de Romina en 2010 al tr\u00e1gico accidente de Mila - CLAN ESPECTACULOS","robots":{"index":"index","follow":"follow","max-snippet":"max-snippet:-1","max-image-preview":"max-image-preview:large","max-video-preview":"max-video-preview:-1"},"canonical":"https:\/\/radioclanfm.com\/clanespectaculos\/el-dolor-de-la-familia-yankelevich-de-la-muerte-de-romina-en-2010-al-tragico-accidente-de-mila\/","og_locale":"es_ES","og_type":"article","og_title":"El dolor de la familia Yankelevich: de la muerte de Romina en 2010 al tr\u00e1gico accidente de Mila - CLAN ESPECTACULOS","og_description":"El querido productor televisivo y Cris Morena, su exmujer, vuelven a enfrentarse a una dura noticia que dej\u00f3 en shock a todos sus seguidores. Una tragedia sacudi\u00f3 a\u00a0la familia Yankelevich: Mila, la hija de 7 a\u00f1os de\u00a0Tom\u00e1s Yankelevich\u00a0y la nieta menor de\u00a0Cris Morena muri\u00f3 tras un choque entre dos embarcaciones en\u00a0Miami Beach. La peque\u00f1a participaba [&hellip;]","og_url":"https:\/\/radioclanfm.com\/clanespectaculos\/el-dolor-de-la-familia-yankelevich-de-la-muerte-de-romina-en-2010-al-tragico-accidente-de-mila\/","og_site_name":"CLAN ESPECTACULOS","article_publisher":"https:\/\/www.facebook.com\/clanespectaculos\/","article_published_time":"2025-07-29T20:53:39+00:00","og_image":[{"width":900,"height":504,"url":"https:\/\/radioclanfm.com\/clanespectaculos\/wp-content\/uploads\/sites\/2\/2025\/07\/cj5RKhe-.jpg","type":"image\/jpeg"}],"author":"E-GRUPOCLAN","twitter_card":"summary_large_image","twitter_creator":"@clanespectok","twitter_site":"@clanespectok","twitter_misc":{"Escrito por":"E-GRUPOCLAN","Tiempo de lectura":"3 minutos"},"schema":{"@context":"https:\/\/schema.org","@graph":[{"@type":"Article","@id":"https:\/\/radioclanfm.com\/clanespectaculos\/el-dolor-de-la-familia-yankelevich-de-la-muerte-de-romina-en-2010-al-tragico-accidente-de-mila\/#article","isPartOf":{"@id":"https:\/\/radioclanfm.com\/clanespectaculos\/el-dolor-de-la-familia-yankelevich-de-la-muerte-de-romina-en-2010-al-tragico-accidente-de-mila\/"},"author":{"name":"E-GRUPOCLAN","@id":"https:\/\/radioclanfm.com\/clanespectaculos\/#\/schema\/person\/9734813083303230f3ad84d99171b20c"},"headline":"El dolor de la familia Yankelevich: de la muerte de Romina en 2010 al tr\u00e1gico accidente de Mila","datePublished":"2025-07-29T20:53:39+00:00","mainEntityOfPage":{"@id":"https:\/\/radioclanfm.com\/clanespectaculos\/el-dolor-de-la-familia-yankelevich-de-la-muerte-de-romina-en-2010-al-tragico-accidente-de-mila\/"},"wordCount":543,"commentCount":0,"publisher":{"@id":"https:\/\/radioclanfm.com\/clanespectaculos\/#organization"},"image":{"@id":"https:\/\/radioclanfm.com\/clanespectaculos\/el-dolor-de-la-familia-yankelevich-de-la-muerte-de-romina-en-2010-al-tragico-accidente-de-mila\/#primaryimage"},"thumbnailUrl":"https:\/\/radioclanfm.com\/clanespectaculos\/wp-content\/uploads\/sites\/2\/2025\/07\/cj5RKhe-.jpg","articleSection":["Espectaculos"],"inLanguage":"es-AR","potentialAction":[{"@type":"CommentAction","name":"Comment","target":["https:\/\/radioclanfm.com\/clanespectaculos\/el-dolor-de-la-familia-yankelevich-de-la-muerte-de-romina-en-2010-al-tragico-accidente-de-mila\/#respond"]}]},{"@type":"WebPage","@id":"https:\/\/radioclanfm.com\/clanespectaculos\/el-dolor-de-la-familia-yankelevich-de-la-muerte-de-romina-en-2010-al-tragico-accidente-de-mila\/","url":"https:\/\/radioclanfm.com\/clanespectaculos\/el-dolor-de-la-familia-yankelevich-de-la-muerte-de-romina-en-2010-al-tragico-accidente-de-mila\/","name":"El dolor de la familia Yankelevich: de la muerte de Romina en 2010 al tr\u00e1gico accidente de Mila - CLAN ESPECTACULOS","isPartOf":{"@id":"https:\/\/radioclanfm.com\/clanespectaculos\/#website"},"primaryImageOfPage":{"@id":"https:\/\/radioclanfm.com\/clanespectaculos\/el-dolor-de-la-familia-yankelevich-de-la-muerte-de-romina-en-2010-al-tragico-accidente-de-mila\/#primaryimage"},"image":{"@id":"https:\/\/radioclanfm.com\/clanespectaculos\/el-dolor-de-la-familia-yankelevich-de-la-muerte-de-romina-en-2010-al-tragico-accidente-de-mila\/#primaryimage"},"thumbnailUrl":"https:\/\/radioclanfm.com\/clanespectaculos\/wp-content\/uploads\/sites\/2\/2025\/07\/cj5RKhe-.jpg","datePublished":"2025-07-29T20:53:39+00:00","breadcrumb":{"@id":"https:\/\/radioclanfm.com\/clanespectaculos\/el-dolor-de-la-familia-yankelevich-de-la-muerte-de-romina-en-2010-al-tragico-accidente-de-mila\/#breadcrumb"},"inLanguage":"es-AR","potentialAction":[{"@type":"ReadAction","target":["https:\/\/radioclanfm.com\/clanespectaculos\/el-dolor-de-la-familia-yankelevich-de-la-muerte-de-romina-en-2010-al-tragico-accidente-de-mila\/"]}]},{"@type":"ImageObject","inLanguage":"es-AR","@id":"https:\/\/radioclanfm.com\/clanespectaculos\/el-dolor-de-la-familia-yankelevich-de-la-muerte-de-romina-en-2010-al-tragico-accidente-de-mila\/#primaryimage","url":"https:\/\/radioclanfm.com\/clanespectaculos\/wp-content\/uploads\/sites\/2\/2025\/07\/cj5RKhe-.jpg","contentUrl":"https:\/\/radioclanfm.com\/clanespectaculos\/wp-content\/uploads\/sites\/2\/2025\/07\/cj5RKhe-.jpg","width":900,"height":504},{"@type":"BreadcrumbList","@id":"https:\/\/radioclanfm.com\/clanespectaculos\/el-dolor-de-la-familia-yankelevich-de-la-muerte-de-romina-en-2010-al-tragico-accidente-de-mila\/#breadcrumb","itemListElement":[{"@type":"ListItem","position":1,"name":"Inicio","item":"https:\/\/radioclanfm.com\/clanespectaculos\/"},{"@type":"ListItem","position":2,"name":"El dolor de la familia Yankelevich: de la muerte de Romina en 2010 al tr\u00e1gico accidente de Mila"}]},{"@type":"WebSite","@id":"https:\/\/radioclanfm.com\/clanespectaculos\/#website","url":"https:\/\/radioclanfm.com\/clanespectaculos\/","name":"CLAN ESPECTACULOS","description":"","publisher":{"@id":"https:\/\/radioclanfm.com\/clanespectaculos\/#organization"},"potentialAction":[{"@type":"SearchAction","target":{"@type":"EntryPoint","urlTemplate":"https:\/\/radioclanfm.com\/clanespectaculos\/?s={search_term_string}"},"query-input":{"@type":"PropertyValueSpecification","valueRequired":true,"valueName":"search_term_string"}}],"inLanguage":"es-AR"},{"@type":"Organization","@id":"https:\/\/radioclanfm.com\/clanespectaculos\/#organization","name":"CLAN ESPECTACULOS","url":"https:\/\/radioclanfm.com\/clanespectaculos\/","logo":{"@type":"ImageObject","inLanguage":"es-AR","@id":"https:\/\/radioclanfm.com\/clanespectaculos\/#\/schema\/logo\/image\/","url":"https:\/\/radioclanfm.com\/clanespectaculos\/wp-content\/uploads\/sites\/2\/2026\/04\/ChatGPT-Image-23-mar-2026-10_09_00.png","contentUrl":"https:\/\/radioclanfm.com\/clanespectaculos\/wp-content\/uploads\/sites\/2\/2026\/04\/ChatGPT-Image-23-mar-2026-10_09_00.png","width":1024,"height":1024,"caption":"CLAN ESPECTACULOS"},"image":{"@id":"https:\/\/radioclanfm.com\/clanespectaculos\/#\/schema\/logo\/image\/"},"sameAs":["https:\/\/www.facebook.com\/clanespectaculos\/","https:\/\/x.com\/clanespectok"]},{"@type":"Person","@id":"https:\/\/radioclanfm.com\/clanespectaculos\/#\/schema\/person\/9734813083303230f3ad84d99171b20c","name":"E-GRUPOCLAN","image":{"@type":"ImageObject","inLanguage":"es-AR","@id":"https:\/\/secure.gravatar.com\/avatar\/af6e19837c3d6a212034a48c7b3818d2ac1826f6025df0155da5a186ad321d79?s=96&d=mm&r=g","url":"https:\/\/secure.gravatar.com\/avatar\/af6e19837c3d6a212034a48c7b3818d2ac1826f6025df0155da5a186ad321d79?s=96&d=mm&r=g","contentUrl":"https:\/\/secure.gravatar.com\/avatar\/af6e19837c3d6a212034a48c7b3818d2ac1826f6025df0155da5a186ad321d79?s=96&d=mm&r=g","caption":"E-GRUPOCLAN"},"sameAs":["https:\/\/radioclanfm.com"],"url":"https:\/\/radioclanfm.com\/clanespectaculos\/author\/admin\/"}]}},"_links":{"self":[{"href":"https:\/\/radioclanfm.com\/clanespectaculos\/wp-json\/wp\/v2\/posts\/3642","targetHints":{"allow":["GET"]}}],"collection":[{"href":"https:\/\/radioclanfm.com\/clanespectaculos\/wp-json\/wp\/v2\/posts"}],"about":[{"href":"https:\/\/radioclanfm.com\/clanespectaculos\/wp-json\/wp\/v2\/types\/post"}],"author":[{"embeddable":true,"href":"https:\/\/radioclanfm.com\/clanespectaculos\/wp-json\/wp\/v2\/users\/1"}],"replies":[{"embeddable":true,"href":"https:\/\/radioclanfm.com\/clanespectaculos\/wp-json\/wp\/v2\/comments?post=3642"}],"version-history":[{"count":1,"href":"https:\/\/radioclanfm.com\/clanespectaculos\/wp-json\/wp\/v2\/posts\/3642\/revisions"}],"predecessor-version":[{"id":3646,"href":"https:\/\/radioclanfm.com\/clanespectaculos\/wp-json\/wp\/v2\/posts\/3642\/revisions\/3646"}],"wp:featuredmedia":[{"embeddable":true,"href":"https:\/\/radioclanfm.com\/clanespectaculos\/wp-json\/wp\/v2\/media\/3645"}],"wp:attachment":[{"href":"https:\/\/radioclanfm.com\/clanespectaculos\/wp-json\/wp\/v2\/media?parent=3642"}],"wp:term":[{"taxonomy":"category","embeddable":true,"href":"https:\/\/radioclanfm.com\/clanespectaculos\/wp-json\/wp\/v2\/categories?post=3642"},{"taxonomy":"post_tag","embeddable":true,"href":"https:\/\/radioclanfm.com\/clanespectaculos\/wp-json\/wp\/v2\/tags?post=3642"}],"curies":[{"name":"wp","href":"https:\/\/api.w.org\/{rel}","templated":true}]}}