{"id":3627,"date":"2025-07-29T17:49:29","date_gmt":"2025-07-29T20:49:29","guid":{"rendered":"https:\/\/radioclanfm.com\/clanespectaculos\/?p=3627"},"modified":"2025-07-29T17:49:29","modified_gmt":"2025-07-29T20:49:29","slug":"la-reaccion-de-los-famosos-ante-la-muerte-de-mila-yankelevich-la-nieta-de-cris-morena","status":"publish","type":"post","link":"https:\/\/radioclanfm.com\/clanespectaculos\/la-reaccion-de-los-famosos-ante-la-muerte-de-mila-yankelevich-la-nieta-de-cris-morena\/","title":{"rendered":"La reacci\u00f3n de los famosos ante la muerte de Mila Yankelevich, la nieta de Cris Morena"},"content":{"rendered":"<p>Las figuras del espect\u00e1culo expresaron sus condolencias a la familia de la productora tras la tr\u00e1gica noticia.<\/p>\n<div class=\"col-content\"><main class=\"col-content\"><\/p>\n<div class=\"default-article-color article__body article__article\">\n<p class=\"paragraph font__body-regular\">A los 7 a\u00f1os muri\u00f3 Mila,\u00a0<b>la hija de\u00a0<\/b><b>Tom\u00e1s Yankelevich<\/b><b>\u00a0y nieta menor de la reconocida productora Cris Morena<\/b>, en el choque entre una barcaza y un velero en Miami. El mundo del espect\u00e1culo qued\u00f3 conmovido por la triste noticia.<\/p>\n<div class=\"AV67f93cf033780503b00636a7\">\n<div id=\"aniBox\">\n<div id=\"aniplayer_AV67f93cf033780503b00636a7-1753822072657\">\n<div id=\"aniplayer_AV67f93cf033780503b00636a7-1753822072657gui\">\n<div id=\"av-caption\">\n<div id=\"av-close-btn-overlay\" class=\"av-pos-top-left\"><\/div>\n<\/div>\n<\/div>\n<div id=\"anibid\"><\/div>\n<\/div>\n<\/div>\n<\/div>\n<div id=\"ad-slot-infeed\" class=\"infeed-container ad-slot-infeed ad-slot\" data-adtype=\"infeed\" data-google-query-id=\"CIKIx8P44o4DFXRK3QIdHukxGg\">\n<div id=\"google_ads_iframe_\/113951150\/tn-arc\/nota\/infeed_0__container__\"><iframe id=\"google_ads_iframe_\/113951150\/tn-arc\/nota\/infeed_0\" tabindex=\"0\" title=\"3rd party ad content\" name=\"google_ads_iframe_\/113951150\/tn-arc\/nota\/infeed_0\" width=\"1\" height=\"1\" frameborder=\"0\" marginwidth=\"0\" marginheight=\"0\" scrolling=\"no\" aria-label=\"Advertisement\" data-google-container-id=\"a\" data-load-complete=\"true\" data-mce-fragment=\"1\"><\/iframe><\/div>\n<\/div>\n<p class=\"paragraph font__body-regular\"><b>\u201cEstoy destruido. No lo puedo creer\u201d<\/b>, escribi\u00f3 Marcelo Tinelli en su cuenta de X. \u201cMi amor inmenso a toda la familia, que forma parte de mi vida. No lo entiendo\u201d, sum\u00f3, y agreg\u00f3 varios emojis de corazones rotos y uno negro.<\/p>\n<figure class=\"\" data-testid=\"figure-testid\">\n<div class=\"aspect_ratio__container\"><picture class=\"responsive-image\"><source srcset=\"https:\/\/tn.com.ar\/resizer\/v2\/el-mensaje-de-marcelo-tinelli-tras-la-muerte-de-mila-la-nieta-de-cris-morena-foto-captura-x-cuervotinelli-RO4GCM62URDGDJ4OS2TBZ3FHQE.JPG?auth=1ad0e93d795df2d7df61a256548e38d172785f68e948be7f7c89cef74cd4def0&amp;width=767\" type=\"image\/jpg\" media=\"(max-width: 728px)\" \/><source srcset=\"https:\/\/tn.com.ar\/resizer\/v2\/el-mensaje-de-marcelo-tinelli-tras-la-muerte-de-mila-la-nieta-de-cris-morena-foto-captura-x-cuervotinelli-RO4GCM62URDGDJ4OS2TBZ3FHQE.JPG?auth=1ad0e93d795df2d7df61a256548e38d172785f68e948be7f7c89cef74cd4def0&amp;width=1023\" type=\"image\/jpg\" media=\"(max-width: 1023px)\" \/><source srcset=\"https:\/\/tn.com.ar\/resizer\/v2\/el-mensaje-de-marcelo-tinelli-tras-la-muerte-de-mila-la-nieta-de-cris-morena-foto-captura-x-cuervotinelli-RO4GCM62URDGDJ4OS2TBZ3FHQE.JPG?auth=1ad0e93d795df2d7df61a256548e38d172785f68e948be7f7c89cef74cd4def0&amp;width=1440\" type=\"image\/jpg\" \/><img loading=\"lazy\" decoding=\"async\" class=\"image content-image image_placeholder\" src=\"https:\/\/tn.com.ar\/resizer\/v2\/el-mensaje-de-marcelo-tinelli-tras-la-muerte-de-mila-la-nieta-de-cris-morena-foto-captura-x-cuervotinelli-RO4GCM62URDGDJ4OS2TBZ3FHQE.JPG?auth=1ad0e93d795df2d7df61a256548e38d172785f68e948be7f7c89cef74cd4def0&amp;width=767\" alt=\"El mensaje de Marcelo Tinelli tras la muerte de Mila, la nieta de Cris Morena (Foto: Captura X \/ cuervotinelli)\" width=\"767\" height=\"196\" data-testid=\"loading-testid\" \/><\/picture><\/div><figcaption class=\"caption_image\" data-testid=\"figcaption-testid\">\n<div class=\"image_caption \">El mensaje de Marcelo Tinelli tras la muerte de Mila, la nieta de Cris Morena (Foto: Captura X \/ cuervotinelli)<\/div>\n<\/figcaption><\/figure>\n<p class=\"paragraph font__body-regular\"><b>Luciana Salazar tambi\u00e9n us\u00f3 sus redes para compartir su angustia:\u00a0<\/b>\u201cNoticias que destruyen el alma. Esta vida nunca se entiende. Qu\u00e9 injusto\u201d.<\/p>\n<figure class=\"\" data-testid=\"figure-testid\">\n<div class=\"aspect_ratio__container\"><picture class=\"responsive-image\"><source srcset=\"https:\/\/tn.com.ar\/resizer\/v2\/el-mensaje-de-luciana-salazar-tras-la-muerte-de-mila-foto-captura-x-lulipop07-XXZAFVEKCZEQ3JN5EUH64WKDTE.JPG?auth=063492be90b68ae69eb18c297f387594099c93fbe1e329800f0bf8a667e1a18e&amp;width=767\" type=\"image\/jpg\" media=\"(max-width: 728px)\" \/><source srcset=\"https:\/\/tn.com.ar\/resizer\/v2\/el-mensaje-de-luciana-salazar-tras-la-muerte-de-mila-foto-captura-x-lulipop07-XXZAFVEKCZEQ3JN5EUH64WKDTE.JPG?auth=063492be90b68ae69eb18c297f387594099c93fbe1e329800f0bf8a667e1a18e&amp;width=1023\" type=\"image\/jpg\" media=\"(max-width: 1023px)\" \/><source srcset=\"https:\/\/tn.com.ar\/resizer\/v2\/el-mensaje-de-luciana-salazar-tras-la-muerte-de-mila-foto-captura-x-lulipop07-XXZAFVEKCZEQ3JN5EUH64WKDTE.JPG?auth=063492be90b68ae69eb18c297f387594099c93fbe1e329800f0bf8a667e1a18e&amp;width=1440\" type=\"image\/jpg\" \/><img loading=\"lazy\" decoding=\"async\" class=\"image content-image image_placeholder\" src=\"https:\/\/tn.com.ar\/resizer\/v2\/el-mensaje-de-luciana-salazar-tras-la-muerte-de-mila-foto-captura-x-lulipop07-XXZAFVEKCZEQ3JN5EUH64WKDTE.JPG?auth=063492be90b68ae69eb18c297f387594099c93fbe1e329800f0bf8a667e1a18e&amp;width=767\" alt=\"El mensaje de Luciana Salazar tras la muerte de Mila (Foto: Captura X \/ lulipop07)\" width=\"767\" height=\"158\" data-testid=\"loading-testid\" \/><\/picture><\/div><figcaption class=\"caption_image\" data-testid=\"figcaption-testid\">\n<div class=\"image_caption \">El mensaje de Luciana Salazar tras la muerte de Mila (Foto: Captura X \/ lulipop07)<\/div>\n<\/figcaption><\/figure>\n<p class=\"paragraph font__body-regular\"><b>Wanda Nara y Benjam\u00edn Vicu\u00f1a usaron sus cuentas de Instagram, para expresar su dolor.\u00a0<\/b>\u201cNo existen palabras. Cris, te abrazo muy fuerte a vos y a toda la familia Yankelevich. QEPD Mila\u201d, escribi\u00f3 la medi\u00e1tica.<\/p>\n<p class=\"paragraph font__body-regular\">Por su parte, el actor, que perdi\u00f3 a su hija Blanca en 2008, comparti\u00f3:\u00a0<b>\u201cEn una fr\u00eda ma\u00f1ana donde el dolor de una familia es el dolor de un pueblo, de una comunidad absorta frente a la tragedia, nos hacemos preguntas que jam\u00e1s tendr\u00e1n respuesta\u201d.<\/b><\/p>\n<figure class=\"\" data-testid=\"figure-testid\">\n<div class=\"aspect_ratio__container\"><picture class=\"responsive-image\"><source srcset=\"https:\/\/tn.com.ar\/resizer\/v2\/wanda-y-vicuna-compartieron-un-mensaje-para-mila-foto-instagram-wandanara-benjavicunamoriok-CBNROLZNRZG3TP5ZFHVCYPQCGU.JPG?auth=303faf3fe8bff89f60b7ccd5229006aab7a760d15b8e36ebcbffd1df5746ed42&amp;width=767\" type=\"image\/jpg\" media=\"(max-width: 728px)\" \/><source srcset=\"https:\/\/tn.com.ar\/resizer\/v2\/wanda-y-vicuna-compartieron-un-mensaje-para-mila-foto-instagram-wandanara-benjavicunamoriok-CBNROLZNRZG3TP5ZFHVCYPQCGU.JPG?auth=303faf3fe8bff89f60b7ccd5229006aab7a760d15b8e36ebcbffd1df5746ed42&amp;width=1023\" type=\"image\/jpg\" media=\"(max-width: 1023px)\" \/><source srcset=\"https:\/\/tn.com.ar\/resizer\/v2\/wanda-y-vicuna-compartieron-un-mensaje-para-mila-foto-instagram-wandanara-benjavicunamoriok-CBNROLZNRZG3TP5ZFHVCYPQCGU.JPG?auth=303faf3fe8bff89f60b7ccd5229006aab7a760d15b8e36ebcbffd1df5746ed42&amp;width=1440\" type=\"image\/jpg\" \/><img loading=\"lazy\" decoding=\"async\" class=\"image content-image image_placeholder\" src=\"https:\/\/tn.com.ar\/resizer\/v2\/wanda-y-vicuna-compartieron-un-mensaje-para-mila-foto-instagram-wandanara-benjavicunamoriok-CBNROLZNRZG3TP5ZFHVCYPQCGU.JPG?auth=303faf3fe8bff89f60b7ccd5229006aab7a760d15b8e36ebcbffd1df5746ed42&amp;width=767\" alt=\"Wanda y Vicu\u00f1a compartieron un mensaje para Mila (Foto: Instagram \/ wanda_nara - benjavicunamoriok)\" width=\"767\" height=\"611\" data-testid=\"loading-testid\" \/><\/picture><\/div><figcaption class=\"caption_image\" data-testid=\"figcaption-testid\">\n<div class=\"image_caption \">Wanda y Vicu\u00f1a compartieron un mensaje para Mila (Foto: Instagram \/ wanda_nara &#8211; benjavicunamoriok)<\/div>\n<\/figcaption><\/figure>\n<p class=\"paragraph font__body-regular\"><b>\u201cSomos esa familia, somos la naturaleza que estalla, que erupciona y cambia. Que se abraza. Mi coraz\u00f3n est\u00e1 con ustedes, familia Yankelevich\u201d<\/b>, cerr\u00f3.<\/p>\n<p class=\"paragraph font__body-regular\">Pampita tambi\u00e9n lament\u00f3 la muerte de Mila y coment\u00f3 con el emoji de un coraz\u00f3n rojo algunos de los posteos en las redes sociales de distintos medios que dieron a conocer lo ocurrido.<\/p>\n<figure class=\"\" data-testid=\"figure-testid\">\n<div class=\"aspect_ratio__container\"><picture class=\"responsive-image\"><source srcset=\"https:\/\/tn.com.ar\/resizer\/v2\/la-reaccion-de-pampita-ante-la-muerte-de-mila-foto-captura-instagram-ZC323CVM4NGV7KRWGLS4ZYTE4M.JPG?auth=5b47a74dcaa521cea54d97442a880bc3a67ad9df328351137fcf06c8f3603ecb&amp;width=767\" type=\"image\/jpg\" media=\"(max-width: 728px)\" \/><source srcset=\"https:\/\/tn.com.ar\/resizer\/v2\/la-reaccion-de-pampita-ante-la-muerte-de-mila-foto-captura-instagram-ZC323CVM4NGV7KRWGLS4ZYTE4M.JPG?auth=5b47a74dcaa521cea54d97442a880bc3a67ad9df328351137fcf06c8f3603ecb&amp;width=1023\" type=\"image\/jpg\" media=\"(max-width: 1023px)\" \/><source srcset=\"https:\/\/tn.com.ar\/resizer\/v2\/la-reaccion-de-pampita-ante-la-muerte-de-mila-foto-captura-instagram-ZC323CVM4NGV7KRWGLS4ZYTE4M.JPG?auth=5b47a74dcaa521cea54d97442a880bc3a67ad9df328351137fcf06c8f3603ecb&amp;width=1440\" type=\"image\/jpg\" \/><img loading=\"lazy\" decoding=\"async\" class=\"image content-image image_placeholder\" src=\"https:\/\/tn.com.ar\/resizer\/v2\/la-reaccion-de-pampita-ante-la-muerte-de-mila-foto-captura-instagram-ZC323CVM4NGV7KRWGLS4ZYTE4M.JPG?auth=5b47a74dcaa521cea54d97442a880bc3a67ad9df328351137fcf06c8f3603ecb&amp;width=767\" alt=\"La reacci\u00f3n de Pampita ante la muerte de Mila (Foto: Captura Instagram)\" width=\"767\" height=\"352\" data-testid=\"loading-testid\" \/><\/picture><\/div><figcaption class=\"caption_image\" data-testid=\"figcaption-testid\">\n<div class=\"image_caption \">La reacci\u00f3n de Pampita ante la muerte de Mila (Foto: Captura Instagram)<\/div>\n<\/figcaption><\/figure>\n<p class=\"paragraph font__body-regular\">Otro de los famosos que enviaron su p\u00e9same a la familia de Mila fue\u00a0<b>Sebasti\u00e1n Francini, el ex\u00a0<\/b><i><b>Chiquititas<\/b><\/i>. \u201cFuerza, luz y mucho amor en este momento tan pero tan duro para toda la familia Yankelevich. Mi m\u00e1s sentido p\u00e9same a Gustavo, Cris y Tom\u00e1s\u201d, public\u00f3 en sus historias.<\/p>\n<p class=\"paragraph font__body-regular\">Minutos despu\u00e9s de que se conociera la triste noticia,\u00a0<b>Nicol\u00e1s V\u00e1zquez<\/b><b>, amigo y socio de\u00a0<\/b><b>Gustavo Yankelevich<\/b><i>,\u00a0<\/i>poste\u00f3 una historia de Instagram donde se pod\u00eda ver el nombre de Mila junto a un emoji de coraz\u00f3n partido.<\/p>\n<figure class=\"\" data-testid=\"figure-testid\">\n<div class=\"aspect_ratio__container\"><picture class=\"responsive-image\"><source srcset=\"https:\/\/tn.com.ar\/resizer\/v2\/el-desgarrador-mensaje-de-nicolas-vazquez-tras-la-muerte-de-mila-yankelevich-foto-instagram-nicovazquezok-ES6VB3WBBNA4BOGSYBP3BOKAKQ.png?auth=aa86c036c556b15ffad9bf6a6f8e1af4b17fd4b2e222ec2d03dc5778bc625c70&amp;width=767\" type=\"image\/jpg\" media=\"(max-width: 728px)\" \/><source srcset=\"https:\/\/tn.com.ar\/resizer\/v2\/el-desgarrador-mensaje-de-nicolas-vazquez-tras-la-muerte-de-mila-yankelevich-foto-instagram-nicovazquezok-ES6VB3WBBNA4BOGSYBP3BOKAKQ.png?auth=aa86c036c556b15ffad9bf6a6f8e1af4b17fd4b2e222ec2d03dc5778bc625c70&amp;width=1023\" type=\"image\/jpg\" media=\"(max-width: 1023px)\" \/><source srcset=\"https:\/\/tn.com.ar\/resizer\/v2\/el-desgarrador-mensaje-de-nicolas-vazquez-tras-la-muerte-de-mila-yankelevich-foto-instagram-nicovazquezok-ES6VB3WBBNA4BOGSYBP3BOKAKQ.png?auth=aa86c036c556b15ffad9bf6a6f8e1af4b17fd4b2e222ec2d03dc5778bc625c70&amp;width=1440\" type=\"image\/jpg\" \/><img loading=\"lazy\" decoding=\"async\" class=\"image content-image image_placeholder\" src=\"https:\/\/tn.com.ar\/resizer\/v2\/el-desgarrador-mensaje-de-nicolas-vazquez-tras-la-muerte-de-mila-yankelevich-foto-instagram-nicovazquezok-ES6VB3WBBNA4BOGSYBP3BOKAKQ.png?auth=aa86c036c556b15ffad9bf6a6f8e1af4b17fd4b2e222ec2d03dc5778bc625c70&amp;width=767\" alt=\"El desgarrador mensaje de Nicol\u00e1s V\u00e1zquez tras la muerte de Mila Yankelevich (Foto: Instagram \/nicovazquezok)\" width=\"767\" height=\"1403\" data-testid=\"loading-testid\" \/><\/picture><\/div><figcaption class=\"caption_image\" data-testid=\"figcaption-testid\">\n<div class=\"image_caption \">El desgarrador mensaje de Nicol\u00e1s V\u00e1zquez tras la muerte de Mila Yankelevich (Foto: Instagram \/nicovazquezok)<\/div>\n<\/figcaption><\/figure>\n<p class=\"paragraph font__body-regular\">Sin embargo, a las horas volvi\u00f3 a expresarse con unas sentidas palabras. \u201cHay momentos que ning\u00fan coraz\u00f3n est\u00e1 preparado para atravesar. Situaciones que nos sacuden de ra\u00edz, que no tienen explicaci\u00f3n, ni l\u00f3gica, ni consuelo posible.\u00a0<b>La partida de Mila es una de esas tragedias que duelen hasta el alma. Y m\u00e1s a\u00fan cuando la vida golpea por segunda vez a una misma familia.<\/b>\u00a0No hay por qu\u00e9, no hay para qu\u00e9. Solo el dolor y el amor latiendo al mismo tiempo&#8221;, escribi\u00f3.<\/p>\n<p class=\"paragraph font__body-regular\">Consternado, el artista expres\u00f3: \u201cHoy no hay respuestas, pero s\u00ed hay abrazos, oraciones, manos que se tienden y corazones que se unen.\u00a0<b>Porque aunque no seamos familia de sangre, lo que sentimos nos hermana&#8221;.<\/b>\u00a0\u201cQue todo el amor del mundo los rodee, que la fuerza de quienes los aman los sostenga, y que el tiempo, ese aliado silencioso, les ayude a respirar de nuevo. Pido a Dios que los abrace, que les de la templanza y el consuelo que necesitan para seguir unidos, para seguir caminando\u201d, asegur\u00f3.<\/p>\n<\/div>\n<p><\/main><\/div>\n<aside class=\"col-right-rail right-rail\">\n<div id=\"parent-ad-slot-caja\" class=\"ad-container caja_ad \">\n<div class=\"ad-content\">\n<div id=\"ad-slot-caja\" class=\"ad-slot-caja ad-slot\" data-adtype=\"caja\" data-google-query-id=\"CLr5-8L44o4DFWZM3QIdmMAHxw\"><\/div>\n<\/div>\n<\/div>\n<\/aside>\n","protected":false},"excerpt":{"rendered":"<p>Las figuras del espect\u00e1culo expresaron sus condolencias a la familia de la productora tras la tr\u00e1gica noticia. A los 7 a\u00f1os muri\u00f3 Mila,\u00a0la hija de\u00a0Tom\u00e1s Yankelevich\u00a0y nieta menor de la reconocida productora Cris Morena, en el choque entre una barcaza y un velero en Miami. El mundo del espect\u00e1culo qued\u00f3 conmovido por la triste noticia. [&hellip;]<\/p>\n","protected":false},"author":1,"featured_media":3630,"comment_status":"open","ping_status":"open","sticky":false,"template":"","format":"standard","meta":{"rop_custom_images_group":[],"rop_custom_messages_group":[],"rop_publish_now":"initial","rop_publish_now_accounts":[],"rop_publish_now_history":[],"rop_publish_now_status":"pending","footnotes":"","jetpack_publicize_message":"","jetpack_publicize_feature_enabled":true,"jetpack_social_post_already_shared":true,"jetpack_social_options":{"image_generator_settings":{"template":"highway","enabled":false},"version":2}},"categories":[12],"tags":[],"class_list":{"0":"post-3627","1":"post","2":"type-post","3":"status-publish","4":"format-standard","5":"has-post-thumbnail","7":"category-espectaculos"},"jetpack_publicize_connections":[],"yoast_head":"<!-- This site is optimized with the Yoast SEO plugin v27.3 - https:\/\/yoast.com\/product\/yoast-seo-wordpress\/ -->\n<title>La reacci\u00f3n de los famosos ante la muerte de Mila Yankelevich, la nieta de Cris Morena - CLAN ESPECTACULOS<\/title>\n<meta name=\"robots\" content=\"index, follow, max-snippet:-1, max-image-preview:large, max-video-preview:-1\" \/>\n<link rel=\"canonical\" href=\"https:\/\/radioclanfm.com\/clanespectaculos\/la-reaccion-de-los-famosos-ante-la-muerte-de-mila-yankelevich-la-nieta-de-cris-morena\/\" \/>\n<meta property=\"og:locale\" content=\"es_ES\" \/>\n<meta property=\"og:type\" content=\"article\" \/>\n<meta property=\"og:title\" content=\"La reacci\u00f3n de los famosos ante la muerte de Mila Yankelevich, la nieta de Cris Morena - CLAN ESPECTACULOS\" \/>\n<meta property=\"og:description\" content=\"Las figuras del espect\u00e1culo expresaron sus condolencias a la familia de la productora tras la tr\u00e1gica noticia. A los 7 a\u00f1os muri\u00f3 Mila,\u00a0la hija de\u00a0Tom\u00e1s Yankelevich\u00a0y nieta menor de la reconocida productora Cris Morena, en el choque entre una barcaza y un velero en Miami. El mundo del espect\u00e1culo qued\u00f3 conmovido por la triste noticia. [&hellip;]\" \/>\n<meta property=\"og:url\" content=\"https:\/\/radioclanfm.com\/clanespectaculos\/la-reaccion-de-los-famosos-ante-la-muerte-de-mila-yankelevich-la-nieta-de-cris-morena\/\" \/>\n<meta property=\"og:site_name\" content=\"CLAN ESPECTACULOS\" \/>\n<meta property=\"article:publisher\" content=\"https:\/\/www.facebook.com\/clanespectaculos\/\" \/>\n<meta property=\"article:published_time\" content=\"2025-07-29T20:49:29+00:00\" \/>\n<meta property=\"og:image\" content=\"https:\/\/radioclanfm.com\/clanespectaculos\/wp-content\/uploads\/sites\/2\/2025\/07\/xt1nzXOw.jpg\" \/>\n\t<meta property=\"og:image:width\" content=\"900\" \/>\n\t<meta property=\"og:image:height\" content=\"504\" \/>\n\t<meta property=\"og:image:type\" content=\"image\/jpeg\" \/>\n<meta name=\"author\" content=\"E-GRUPOCLAN\" \/>\n<meta name=\"twitter:card\" content=\"summary_large_image\" \/>\n<meta name=\"twitter:creator\" content=\"@clanespectok\" \/>\n<meta name=\"twitter:site\" content=\"@clanespectok\" \/>\n<meta name=\"twitter:label1\" content=\"Escrito por\" \/>\n\t<meta name=\"twitter:data1\" content=\"E-GRUPOCLAN\" \/>\n\t<meta name=\"twitter:label2\" content=\"Tiempo de lectura\" \/>\n\t<meta name=\"twitter:data2\" content=\"3 minutos\" \/>\n<script type=\"application\/ld+json\" class=\"yoast-schema-graph\">{\"@context\":\"https:\\\/\\\/schema.org\",\"@graph\":[{\"@type\":\"Article\",\"@id\":\"https:\\\/\\\/radioclanfm.com\\\/clanespectaculos\\\/la-reaccion-de-los-famosos-ante-la-muerte-de-mila-yankelevich-la-nieta-de-cris-morena\\\/#article\",\"isPartOf\":{\"@id\":\"https:\\\/\\\/radioclanfm.com\\\/clanespectaculos\\\/la-reaccion-de-los-famosos-ante-la-muerte-de-mila-yankelevich-la-nieta-de-cris-morena\\\/\"},\"author\":{\"name\":\"E-GRUPOCLAN\",\"@id\":\"https:\\\/\\\/radioclanfm.com\\\/clanespectaculos\\\/#\\\/schema\\\/person\\\/9734813083303230f3ad84d99171b20c\"},\"headline\":\"La reacci\u00f3n de los famosos ante la muerte de Mila Yankelevich, la nieta de Cris Morena\",\"datePublished\":\"2025-07-29T20:49:29+00:00\",\"mainEntityOfPage\":{\"@id\":\"https:\\\/\\\/radioclanfm.com\\\/clanespectaculos\\\/la-reaccion-de-los-famosos-ante-la-muerte-de-mila-yankelevich-la-nieta-de-cris-morena\\\/\"},\"wordCount\":639,\"commentCount\":0,\"publisher\":{\"@id\":\"https:\\\/\\\/radioclanfm.com\\\/clanespectaculos\\\/#organization\"},\"image\":{\"@id\":\"https:\\\/\\\/radioclanfm.com\\\/clanespectaculos\\\/la-reaccion-de-los-famosos-ante-la-muerte-de-mila-yankelevich-la-nieta-de-cris-morena\\\/#primaryimage\"},\"thumbnailUrl\":\"https:\\\/\\\/radioclanfm.com\\\/clanespectaculos\\\/wp-content\\\/uploads\\\/sites\\\/2\\\/2025\\\/07\\\/xt1nzXOw.jpg\",\"articleSection\":[\"Espectaculos\"],\"inLanguage\":\"es-AR\",\"potentialAction\":[{\"@type\":\"CommentAction\",\"name\":\"Comment\",\"target\":[\"https:\\\/\\\/radioclanfm.com\\\/clanespectaculos\\\/la-reaccion-de-los-famosos-ante-la-muerte-de-mila-yankelevich-la-nieta-de-cris-morena\\\/#respond\"]}]},{\"@type\":\"WebPage\",\"@id\":\"https:\\\/\\\/radioclanfm.com\\\/clanespectaculos\\\/la-reaccion-de-los-famosos-ante-la-muerte-de-mila-yankelevich-la-nieta-de-cris-morena\\\/\",\"url\":\"https:\\\/\\\/radioclanfm.com\\\/clanespectaculos\\\/la-reaccion-de-los-famosos-ante-la-muerte-de-mila-yankelevich-la-nieta-de-cris-morena\\\/\",\"name\":\"La reacci\u00f3n de los famosos ante la muerte de Mila Yankelevich, la nieta de Cris Morena - CLAN ESPECTACULOS\",\"isPartOf\":{\"@id\":\"https:\\\/\\\/radioclanfm.com\\\/clanespectaculos\\\/#website\"},\"primaryImageOfPage\":{\"@id\":\"https:\\\/\\\/radioclanfm.com\\\/clanespectaculos\\\/la-reaccion-de-los-famosos-ante-la-muerte-de-mila-yankelevich-la-nieta-de-cris-morena\\\/#primaryimage\"},\"image\":{\"@id\":\"https:\\\/\\\/radioclanfm.com\\\/clanespectaculos\\\/la-reaccion-de-los-famosos-ante-la-muerte-de-mila-yankelevich-la-nieta-de-cris-morena\\\/#primaryimage\"},\"thumbnailUrl\":\"https:\\\/\\\/radioclanfm.com\\\/clanespectaculos\\\/wp-content\\\/uploads\\\/sites\\\/2\\\/2025\\\/07\\\/xt1nzXOw.jpg\",\"datePublished\":\"2025-07-29T20:49:29+00:00\",\"breadcrumb\":{\"@id\":\"https:\\\/\\\/radioclanfm.com\\\/clanespectaculos\\\/la-reaccion-de-los-famosos-ante-la-muerte-de-mila-yankelevich-la-nieta-de-cris-morena\\\/#breadcrumb\"},\"inLanguage\":\"es-AR\",\"potentialAction\":[{\"@type\":\"ReadAction\",\"target\":[\"https:\\\/\\\/radioclanfm.com\\\/clanespectaculos\\\/la-reaccion-de-los-famosos-ante-la-muerte-de-mila-yankelevich-la-nieta-de-cris-morena\\\/\"]}]},{\"@type\":\"ImageObject\",\"inLanguage\":\"es-AR\",\"@id\":\"https:\\\/\\\/radioclanfm.com\\\/clanespectaculos\\\/la-reaccion-de-los-famosos-ante-la-muerte-de-mila-yankelevich-la-nieta-de-cris-morena\\\/#primaryimage\",\"url\":\"https:\\\/\\\/radioclanfm.com\\\/clanespectaculos\\\/wp-content\\\/uploads\\\/sites\\\/2\\\/2025\\\/07\\\/xt1nzXOw.jpg\",\"contentUrl\":\"https:\\\/\\\/radioclanfm.com\\\/clanespectaculos\\\/wp-content\\\/uploads\\\/sites\\\/2\\\/2025\\\/07\\\/xt1nzXOw.jpg\",\"width\":900,\"height\":504},{\"@type\":\"BreadcrumbList\",\"@id\":\"https:\\\/\\\/radioclanfm.com\\\/clanespectaculos\\\/la-reaccion-de-los-famosos-ante-la-muerte-de-mila-yankelevich-la-nieta-de-cris-morena\\\/#breadcrumb\",\"itemListElement\":[{\"@type\":\"ListItem\",\"position\":1,\"name\":\"Inicio\",\"item\":\"https:\\\/\\\/radioclanfm.com\\\/clanespectaculos\\\/\"},{\"@type\":\"ListItem\",\"position\":2,\"name\":\"La reacci\u00f3n de los famosos ante la muerte de Mila Yankelevich, la nieta de Cris Morena\"}]},{\"@type\":\"WebSite\",\"@id\":\"https:\\\/\\\/radioclanfm.com\\\/clanespectaculos\\\/#website\",\"url\":\"https:\\\/\\\/radioclanfm.com\\\/clanespectaculos\\\/\",\"name\":\"CLAN ESPECTACULOS\",\"description\":\"\",\"publisher\":{\"@id\":\"https:\\\/\\\/radioclanfm.com\\\/clanespectaculos\\\/#organization\"},\"potentialAction\":[{\"@type\":\"SearchAction\",\"target\":{\"@type\":\"EntryPoint\",\"urlTemplate\":\"https:\\\/\\\/radioclanfm.com\\\/clanespectaculos\\\/?s={search_term_string}\"},\"query-input\":{\"@type\":\"PropertyValueSpecification\",\"valueRequired\":true,\"valueName\":\"search_term_string\"}}],\"inLanguage\":\"es-AR\"},{\"@type\":\"Organization\",\"@id\":\"https:\\\/\\\/radioclanfm.com\\\/clanespectaculos\\\/#organization\",\"name\":\"CLAN ESPECTACULOS\",\"url\":\"https:\\\/\\\/radioclanfm.com\\\/clanespectaculos\\\/\",\"logo\":{\"@type\":\"ImageObject\",\"inLanguage\":\"es-AR\",\"@id\":\"https:\\\/\\\/radioclanfm.com\\\/clanespectaculos\\\/#\\\/schema\\\/logo\\\/image\\\/\",\"url\":\"https:\\\/\\\/radioclanfm.com\\\/clanespectaculos\\\/wp-content\\\/uploads\\\/sites\\\/2\\\/2026\\\/04\\\/ChatGPT-Image-23-mar-2026-10_09_00.png\",\"contentUrl\":\"https:\\\/\\\/radioclanfm.com\\\/clanespectaculos\\\/wp-content\\\/uploads\\\/sites\\\/2\\\/2026\\\/04\\\/ChatGPT-Image-23-mar-2026-10_09_00.png\",\"width\":1024,\"height\":1024,\"caption\":\"CLAN ESPECTACULOS\"},\"image\":{\"@id\":\"https:\\\/\\\/radioclanfm.com\\\/clanespectaculos\\\/#\\\/schema\\\/logo\\\/image\\\/\"},\"sameAs\":[\"https:\\\/\\\/www.facebook.com\\\/clanespectaculos\\\/\",\"https:\\\/\\\/x.com\\\/clanespectok\"]},{\"@type\":\"Person\",\"@id\":\"https:\\\/\\\/radioclanfm.com\\\/clanespectaculos\\\/#\\\/schema\\\/person\\\/9734813083303230f3ad84d99171b20c\",\"name\":\"E-GRUPOCLAN\",\"image\":{\"@type\":\"ImageObject\",\"inLanguage\":\"es-AR\",\"@id\":\"https:\\\/\\\/secure.gravatar.com\\\/avatar\\\/af6e19837c3d6a212034a48c7b3818d2ac1826f6025df0155da5a186ad321d79?s=96&d=mm&r=g\",\"url\":\"https:\\\/\\\/secure.gravatar.com\\\/avatar\\\/af6e19837c3d6a212034a48c7b3818d2ac1826f6025df0155da5a186ad321d79?s=96&d=mm&r=g\",\"contentUrl\":\"https:\\\/\\\/secure.gravatar.com\\\/avatar\\\/af6e19837c3d6a212034a48c7b3818d2ac1826f6025df0155da5a186ad321d79?s=96&d=mm&r=g\",\"caption\":\"E-GRUPOCLAN\"},\"sameAs\":[\"https:\\\/\\\/radioclanfm.com\"],\"url\":\"https:\\\/\\\/radioclanfm.com\\\/clanespectaculos\\\/author\\\/admin\\\/\"}]}<\/script>\n<!-- \/ Yoast SEO plugin. -->","yoast_head_json":{"title":"La reacci\u00f3n de los famosos ante la muerte de Mila Yankelevich, la nieta de Cris Morena - CLAN ESPECTACULOS","robots":{"index":"index","follow":"follow","max-snippet":"max-snippet:-1","max-image-preview":"max-image-preview:large","max-video-preview":"max-video-preview:-1"},"canonical":"https:\/\/radioclanfm.com\/clanespectaculos\/la-reaccion-de-los-famosos-ante-la-muerte-de-mila-yankelevich-la-nieta-de-cris-morena\/","og_locale":"es_ES","og_type":"article","og_title":"La reacci\u00f3n de los famosos ante la muerte de Mila Yankelevich, la nieta de Cris Morena - CLAN ESPECTACULOS","og_description":"Las figuras del espect\u00e1culo expresaron sus condolencias a la familia de la productora tras la tr\u00e1gica noticia. A los 7 a\u00f1os muri\u00f3 Mila,\u00a0la hija de\u00a0Tom\u00e1s Yankelevich\u00a0y nieta menor de la reconocida productora Cris Morena, en el choque entre una barcaza y un velero en Miami. El mundo del espect\u00e1culo qued\u00f3 conmovido por la triste noticia. [&hellip;]","og_url":"https:\/\/radioclanfm.com\/clanespectaculos\/la-reaccion-de-los-famosos-ante-la-muerte-de-mila-yankelevich-la-nieta-de-cris-morena\/","og_site_name":"CLAN ESPECTACULOS","article_publisher":"https:\/\/www.facebook.com\/clanespectaculos\/","article_published_time":"2025-07-29T20:49:29+00:00","og_image":[{"width":900,"height":504,"url":"https:\/\/radioclanfm.com\/clanespectaculos\/wp-content\/uploads\/sites\/2\/2025\/07\/xt1nzXOw.jpg","type":"image\/jpeg"}],"author":"E-GRUPOCLAN","twitter_card":"summary_large_image","twitter_creator":"@clanespectok","twitter_site":"@clanespectok","twitter_misc":{"Escrito por":"E-GRUPOCLAN","Tiempo de lectura":"3 minutos"},"schema":{"@context":"https:\/\/schema.org","@graph":[{"@type":"Article","@id":"https:\/\/radioclanfm.com\/clanespectaculos\/la-reaccion-de-los-famosos-ante-la-muerte-de-mila-yankelevich-la-nieta-de-cris-morena\/#article","isPartOf":{"@id":"https:\/\/radioclanfm.com\/clanespectaculos\/la-reaccion-de-los-famosos-ante-la-muerte-de-mila-yankelevich-la-nieta-de-cris-morena\/"},"author":{"name":"E-GRUPOCLAN","@id":"https:\/\/radioclanfm.com\/clanespectaculos\/#\/schema\/person\/9734813083303230f3ad84d99171b20c"},"headline":"La reacci\u00f3n de los famosos ante la muerte de Mila Yankelevich, la nieta de Cris Morena","datePublished":"2025-07-29T20:49:29+00:00","mainEntityOfPage":{"@id":"https:\/\/radioclanfm.com\/clanespectaculos\/la-reaccion-de-los-famosos-ante-la-muerte-de-mila-yankelevich-la-nieta-de-cris-morena\/"},"wordCount":639,"commentCount":0,"publisher":{"@id":"https:\/\/radioclanfm.com\/clanespectaculos\/#organization"},"image":{"@id":"https:\/\/radioclanfm.com\/clanespectaculos\/la-reaccion-de-los-famosos-ante-la-muerte-de-mila-yankelevich-la-nieta-de-cris-morena\/#primaryimage"},"thumbnailUrl":"https:\/\/radioclanfm.com\/clanespectaculos\/wp-content\/uploads\/sites\/2\/2025\/07\/xt1nzXOw.jpg","articleSection":["Espectaculos"],"inLanguage":"es-AR","potentialAction":[{"@type":"CommentAction","name":"Comment","target":["https:\/\/radioclanfm.com\/clanespectaculos\/la-reaccion-de-los-famosos-ante-la-muerte-de-mila-yankelevich-la-nieta-de-cris-morena\/#respond"]}]},{"@type":"WebPage","@id":"https:\/\/radioclanfm.com\/clanespectaculos\/la-reaccion-de-los-famosos-ante-la-muerte-de-mila-yankelevich-la-nieta-de-cris-morena\/","url":"https:\/\/radioclanfm.com\/clanespectaculos\/la-reaccion-de-los-famosos-ante-la-muerte-de-mila-yankelevich-la-nieta-de-cris-morena\/","name":"La reacci\u00f3n de los famosos ante la muerte de Mila Yankelevich, la nieta de Cris Morena - CLAN ESPECTACULOS","isPartOf":{"@id":"https:\/\/radioclanfm.com\/clanespectaculos\/#website"},"primaryImageOfPage":{"@id":"https:\/\/radioclanfm.com\/clanespectaculos\/la-reaccion-de-los-famosos-ante-la-muerte-de-mila-yankelevich-la-nieta-de-cris-morena\/#primaryimage"},"image":{"@id":"https:\/\/radioclanfm.com\/clanespectaculos\/la-reaccion-de-los-famosos-ante-la-muerte-de-mila-yankelevich-la-nieta-de-cris-morena\/#primaryimage"},"thumbnailUrl":"https:\/\/radioclanfm.com\/clanespectaculos\/wp-content\/uploads\/sites\/2\/2025\/07\/xt1nzXOw.jpg","datePublished":"2025-07-29T20:49:29+00:00","breadcrumb":{"@id":"https:\/\/radioclanfm.com\/clanespectaculos\/la-reaccion-de-los-famosos-ante-la-muerte-de-mila-yankelevich-la-nieta-de-cris-morena\/#breadcrumb"},"inLanguage":"es-AR","potentialAction":[{"@type":"ReadAction","target":["https:\/\/radioclanfm.com\/clanespectaculos\/la-reaccion-de-los-famosos-ante-la-muerte-de-mila-yankelevich-la-nieta-de-cris-morena\/"]}]},{"@type":"ImageObject","inLanguage":"es-AR","@id":"https:\/\/radioclanfm.com\/clanespectaculos\/la-reaccion-de-los-famosos-ante-la-muerte-de-mila-yankelevich-la-nieta-de-cris-morena\/#primaryimage","url":"https:\/\/radioclanfm.com\/clanespectaculos\/wp-content\/uploads\/sites\/2\/2025\/07\/xt1nzXOw.jpg","contentUrl":"https:\/\/radioclanfm.com\/clanespectaculos\/wp-content\/uploads\/sites\/2\/2025\/07\/xt1nzXOw.jpg","width":900,"height":504},{"@type":"BreadcrumbList","@id":"https:\/\/radioclanfm.com\/clanespectaculos\/la-reaccion-de-los-famosos-ante-la-muerte-de-mila-yankelevich-la-nieta-de-cris-morena\/#breadcrumb","itemListElement":[{"@type":"ListItem","position":1,"name":"Inicio","item":"https:\/\/radioclanfm.com\/clanespectaculos\/"},{"@type":"ListItem","position":2,"name":"La reacci\u00f3n de los famosos ante la muerte de Mila Yankelevich, la nieta de Cris Morena"}]},{"@type":"WebSite","@id":"https:\/\/radioclanfm.com\/clanespectaculos\/#website","url":"https:\/\/radioclanfm.com\/clanespectaculos\/","name":"CLAN ESPECTACULOS","description":"","publisher":{"@id":"https:\/\/radioclanfm.com\/clanespectaculos\/#organization"},"potentialAction":[{"@type":"SearchAction","target":{"@type":"EntryPoint","urlTemplate":"https:\/\/radioclanfm.com\/clanespectaculos\/?s={search_term_string}"},"query-input":{"@type":"PropertyValueSpecification","valueRequired":true,"valueName":"search_term_string"}}],"inLanguage":"es-AR"},{"@type":"Organization","@id":"https:\/\/radioclanfm.com\/clanespectaculos\/#organization","name":"CLAN ESPECTACULOS","url":"https:\/\/radioclanfm.com\/clanespectaculos\/","logo":{"@type":"ImageObject","inLanguage":"es-AR","@id":"https:\/\/radioclanfm.com\/clanespectaculos\/#\/schema\/logo\/image\/","url":"https:\/\/radioclanfm.com\/clanespectaculos\/wp-content\/uploads\/sites\/2\/2026\/04\/ChatGPT-Image-23-mar-2026-10_09_00.png","contentUrl":"https:\/\/radioclanfm.com\/clanespectaculos\/wp-content\/uploads\/sites\/2\/2026\/04\/ChatGPT-Image-23-mar-2026-10_09_00.png","width":1024,"height":1024,"caption":"CLAN ESPECTACULOS"},"image":{"@id":"https:\/\/radioclanfm.com\/clanespectaculos\/#\/schema\/logo\/image\/"},"sameAs":["https:\/\/www.facebook.com\/clanespectaculos\/","https:\/\/x.com\/clanespectok"]},{"@type":"Person","@id":"https:\/\/radioclanfm.com\/clanespectaculos\/#\/schema\/person\/9734813083303230f3ad84d99171b20c","name":"E-GRUPOCLAN","image":{"@type":"ImageObject","inLanguage":"es-AR","@id":"https:\/\/secure.gravatar.com\/avatar\/af6e19837c3d6a212034a48c7b3818d2ac1826f6025df0155da5a186ad321d79?s=96&d=mm&r=g","url":"https:\/\/secure.gravatar.com\/avatar\/af6e19837c3d6a212034a48c7b3818d2ac1826f6025df0155da5a186ad321d79?s=96&d=mm&r=g","contentUrl":"https:\/\/secure.gravatar.com\/avatar\/af6e19837c3d6a212034a48c7b3818d2ac1826f6025df0155da5a186ad321d79?s=96&d=mm&r=g","caption":"E-GRUPOCLAN"},"sameAs":["https:\/\/radioclanfm.com"],"url":"https:\/\/radioclanfm.com\/clanespectaculos\/author\/admin\/"}]}},"_links":{"self":[{"href":"https:\/\/radioclanfm.com\/clanespectaculos\/wp-json\/wp\/v2\/posts\/3627","targetHints":{"allow":["GET"]}}],"collection":[{"href":"https:\/\/radioclanfm.com\/clanespectaculos\/wp-json\/wp\/v2\/posts"}],"about":[{"href":"https:\/\/radioclanfm.com\/clanespectaculos\/wp-json\/wp\/v2\/types\/post"}],"author":[{"embeddable":true,"href":"https:\/\/radioclanfm.com\/clanespectaculos\/wp-json\/wp\/v2\/users\/1"}],"replies":[{"embeddable":true,"href":"https:\/\/radioclanfm.com\/clanespectaculos\/wp-json\/wp\/v2\/comments?post=3627"}],"version-history":[{"count":1,"href":"https:\/\/radioclanfm.com\/clanespectaculos\/wp-json\/wp\/v2\/posts\/3627\/revisions"}],"predecessor-version":[{"id":3631,"href":"https:\/\/radioclanfm.com\/clanespectaculos\/wp-json\/wp\/v2\/posts\/3627\/revisions\/3631"}],"wp:featuredmedia":[{"embeddable":true,"href":"https:\/\/radioclanfm.com\/clanespectaculos\/wp-json\/wp\/v2\/media\/3630"}],"wp:attachment":[{"href":"https:\/\/radioclanfm.com\/clanespectaculos\/wp-json\/wp\/v2\/media?parent=3627"}],"wp:term":[{"taxonomy":"category","embeddable":true,"href":"https:\/\/radioclanfm.com\/clanespectaculos\/wp-json\/wp\/v2\/categories?post=3627"},{"taxonomy":"post_tag","embeddable":true,"href":"https:\/\/radioclanfm.com\/clanespectaculos\/wp-json\/wp\/v2\/tags?post=3627"}],"curies":[{"name":"wp","href":"https:\/\/api.w.org\/{rel}","templated":true}]}}