{"id":3622,"date":"2025-07-29T17:47:26","date_gmt":"2025-07-29T20:47:26","guid":{"rendered":"https:\/\/radioclanfm.com\/clanespectaculos\/?p=3622"},"modified":"2025-07-29T17:47:26","modified_gmt":"2025-07-29T20:47:26","slug":"la-cancion-que-cris-morena-le-dedico-a-su-nieta-mila-yankelevich-y-conmociono-a-todos-tras-la-muerte-de-la-nena","status":"publish","type":"post","link":"https:\/\/radioclanfm.com\/clanespectaculos\/la-cancion-que-cris-morena-le-dedico-a-su-nieta-mila-yankelevich-y-conmociono-a-todos-tras-la-muerte-de-la-nena\/","title":{"rendered":"La canci\u00f3n que Cris Morena le dedic\u00f3 a su nieta Mila Yankelevich y conmocion\u00f3 a todos tras la muerte de la nena"},"content":{"rendered":"<p>La ex de Gustavo Yankelevich sent\u00eda un profundo amor por la peque\u00f1a de 7 a\u00f1os, quien perdi\u00f3 la vida en Miami tras el choque del velero en el que viajaba.<\/p>\n<div class=\"col-content\"><main class=\"col-content\"><\/p>\n<div class=\"default-article-color article__body article__article\">\n<p class=\"paragraph font__body-regular\"><b>Mila Yankelevich<\/b>, la nieta menor de\u00a0<b>Cris Morena<\/b>, muri\u00f3 en\u00a0<b>Miami\u00a0<\/b>luego de que el velero en el que viajaba chocara contra una barcaza.<\/p>\n<div class=\"AV67f93cf033780503b00636a7\">\n<div id=\"aniBox\">\n<div id=\"aniplayer_AV67f93cf033780503b00636a7-1753821929503\">\n<div id=\"aniplayer_AV67f93cf033780503b00636a7-1753821929503gui\">\n<div id=\"av-caption\">\n<div id=\"av-close-btn-overlay\" class=\"av-pos-top-left\"><\/div>\n<\/div>\n<\/div>\n<\/div>\n<\/div>\n<\/div>\n<div id=\"ad-slot-infeed\" class=\"infeed-container ad-slot-infeed ad-slot\" data-adtype=\"infeed\" data-google-query-id=\"CM_jr__34o4DFTRY3QIdh7AQ2g\">\n<div id=\"google_ads_iframe_\/113951150\/tn-arc\/nota\/infeed_0__container__\"><\/div>\n<\/div>\n<p class=\"paragraph font__body-regular\">La tr\u00e1gica noticia gener\u00f3 una\u00a0<b>gran conmoci\u00f3n\u00a0<\/b>y miles de fan\u00e1ticos se volcaron a las redes sociales de la exitosa productora para enviarle sus condolencias.<\/p>\n<p class=\"paragraph font__body-regular\">Una de las publicaciones que m\u00e1s dej\u00f3 en shock al p\u00fablico fue el posteo que Cris hab\u00eda hecho para la peque\u00f1a Mila, en el que le\u00a0<b>dedicaba una canci\u00f3n<\/b>\u00a0muy especial:\u00a0<b>\u201cTodo todo\u201d<\/b>\u00a0de la novela\u00a0<i>Chiquititas<\/i>.<\/p>\n<figure class=\"\" data-testid=\"figure-testid\">\n<div class=\"aspect_ratio__container\"><picture class=\"responsive-image\"><source srcset=\"https:\/\/tn.com.ar\/resizer\/v2\/los-fans-se-conmocionaron-al-encontrar-la-cancion-que-cris-morena-le-habia-dedicado-a-mila-yankelevich-su-nieta-menor-foto-captura-instagrambycrismorena-L2OV32F7OFGYJP2UXI5GG6BS54.JPG?auth=c35f002e19b18a1feff415d4faa5468675999e11d6d5d9a7b687522563a3ff71&amp;width=767\" type=\"image\/jpg\" media=\"(max-width: 728px)\" \/><source srcset=\"https:\/\/tn.com.ar\/resizer\/v2\/los-fans-se-conmocionaron-al-encontrar-la-cancion-que-cris-morena-le-habia-dedicado-a-mila-yankelevich-su-nieta-menor-foto-captura-instagrambycrismorena-L2OV32F7OFGYJP2UXI5GG6BS54.JPG?auth=c35f002e19b18a1feff415d4faa5468675999e11d6d5d9a7b687522563a3ff71&amp;width=1023\" type=\"image\/jpg\" media=\"(max-width: 1023px)\" \/><source srcset=\"https:\/\/tn.com.ar\/resizer\/v2\/los-fans-se-conmocionaron-al-encontrar-la-cancion-que-cris-morena-le-habia-dedicado-a-mila-yankelevich-su-nieta-menor-foto-captura-instagrambycrismorena-L2OV32F7OFGYJP2UXI5GG6BS54.JPG?auth=c35f002e19b18a1feff415d4faa5468675999e11d6d5d9a7b687522563a3ff71&amp;width=1440\" type=\"image\/jpg\" \/><img loading=\"lazy\" decoding=\"async\" class=\"image content-image image_placeholder\" src=\"https:\/\/tn.com.ar\/resizer\/v2\/los-fans-se-conmocionaron-al-encontrar-la-cancion-que-cris-morena-le-habia-dedicado-a-mila-yankelevich-su-nieta-menor-foto-captura-instagrambycrismorena-L2OV32F7OFGYJP2UXI5GG6BS54.JPG?auth=c35f002e19b18a1feff415d4faa5468675999e11d6d5d9a7b687522563a3ff71&amp;width=767\" alt=\"Los fans se conmocionaron al encontrar la canci\u00f3n que Cris Morena le hab\u00eda dedicado a Mila Yankelevich, su nieta menor. (Foto: captura Instagram\/bycrismorena)\" width=\"767\" height=\"408\" data-testid=\"loading-testid\" \/><\/picture><\/div><figcaption class=\"caption_image\" data-testid=\"figcaption-testid\">\n<div class=\"image_caption \">Los fans se conmocionaron al encontrar la canci\u00f3n que Cris Morena le hab\u00eda dedicado a Mila Yankelevich, su nieta menor. (Foto: captura Instagram\/bycrismorena)<\/div>\n<\/figcaption><\/figure>\n<p class=\"paragraph font__body-regular\">Para eso, la productora hab\u00eda armado un video en el que recopilaba fotos de la peque\u00f1a mientras de fondo sonaba este tema y su voz en off. \u201cLo eleg\u00ed porque yo creo que<b>\u00a0todo lo que desees con tu coraz\u00f3n<\/b>\u00a0lo vas a poder tener porque sale de tu coraz\u00f3n\u201d, hab\u00eda dicho.<\/p>\n<p class=\"paragraph font__body-regular\">\u201cSiempre con una sonrisa y con esa carita iluminada mirando la vida, la vida te va a devolver mucha luz y amor\u201d, le dec\u00eda Cris a la hija de<b>\u00a0Tom\u00e1s Yankelevich<\/b>. \u201cTe amo con toda mi alma, te deseo todos los abrazos del mundo y todo el amor que se pueda. Siempre ri\u00e9ndote y libre. Abu Tit\u00ed\u201d, se lee en la publicaci\u00f3n.<\/p>\n<p class=\"paragraph font__body-regular\">\u201cTodo, todo, todo es tuyo si quer\u00e9s, \u00bfquer\u00e9s?<b>\u00a0Con una sonrisa mir\u00e1 qu\u00e9 f\u00e1cil es<\/b>\u201c, dice parte de la letra de esta canci\u00f3n que la productora hab\u00eda elegido para dedicarle a su nieta menor.<\/p>\n<p class=\"paragraph font__body-regular\">Si bien Cris Morena hab\u00eda subido el posteo en febrero del 2024 por el cumplea\u00f1os de su nieta menor, sus fan\u00e1ticos lo encontraron este martes al enterarse de que Mila muri\u00f3 en Miami.\u00a0<b>\u201cTe abrazamos Cris\u201d<\/b>, \u201cMuchas fuerzas\u201d y \u201cQue en paz descanse\u201d, son algunos de los comentarios que se pueden leer.<\/p>\n<h2 class=\"font--primary font__display\">Qui\u00e9n era Mila Yankelevich<\/h2>\n<p class=\"paragraph font__body-regular\">La familia de<b>\u00a0Cris Morena<\/b>\u00a0atraviesa otra inmensa tragedia.\u00a0<b>Mila<\/b>, la nieta menor de la reconocida productora,\u00a0<b>muri\u00f3 en Miami<\/b>\u00a0tras el choque entre una barcaza y un velero.<\/p>\n<p class=\"paragraph font__body-regular\">La nena<b>\u00a0ten\u00eda 7 a\u00f1os<\/b>\u00a0y era fruto de la relaci\u00f3n de\u00a0<b>Tom\u00e1s Yankelevich<\/b>\u00a0-hermano de Romina- y<b>\u00a0Sof\u00eda Reca<\/b>.<\/p>\n<figure class=\"\" data-testid=\"figure-testid\">\n<div class=\"aspect_ratio__container\"><picture class=\"responsive-image\"><source srcset=\"https:\/\/tn.com.ar\/resizer\/v2\/cris-morena-con-su-hijo-tomas-y-su-nieta-mila-foto-instagrambycrismorena-U6W2HJ7AEFH5FEMVK66KM2YZEM.jpg?auth=b5ac01b292d41f0d288b3bee9fc4389bdccfbd7256aaa8d02104a039fa1e3cfd&amp;width=767\" type=\"image\/jpg\" media=\"(max-width: 728px)\" \/><source srcset=\"https:\/\/tn.com.ar\/resizer\/v2\/cris-morena-con-su-hijo-tomas-y-su-nieta-mila-foto-instagrambycrismorena-U6W2HJ7AEFH5FEMVK66KM2YZEM.jpg?auth=b5ac01b292d41f0d288b3bee9fc4389bdccfbd7256aaa8d02104a039fa1e3cfd&amp;width=1023\" type=\"image\/jpg\" media=\"(max-width: 1023px)\" \/><source srcset=\"https:\/\/tn.com.ar\/resizer\/v2\/cris-morena-con-su-hijo-tomas-y-su-nieta-mila-foto-instagrambycrismorena-U6W2HJ7AEFH5FEMVK66KM2YZEM.jpg?auth=b5ac01b292d41f0d288b3bee9fc4389bdccfbd7256aaa8d02104a039fa1e3cfd&amp;width=1440\" type=\"image\/jpg\" \/><img loading=\"lazy\" decoding=\"async\" class=\"image content-image image_placeholder\" src=\"https:\/\/tn.com.ar\/resizer\/v2\/cris-morena-con-su-hijo-tomas-y-su-nieta-mila-foto-instagrambycrismorena-U6W2HJ7AEFH5FEMVK66KM2YZEM.jpg?auth=b5ac01b292d41f0d288b3bee9fc4389bdccfbd7256aaa8d02104a039fa1e3cfd&amp;width=767\" alt=\"Cris Morena con su hijo Tom\u00e1s y su nieta Mila. (Foto: Instagram\/bycrismorena)\" width=\"767\" height=\"430\" data-testid=\"loading-testid\" \/><\/picture><\/div><figcaption class=\"caption_image\" data-testid=\"figcaption-testid\">\n<div class=\"image_caption \">Cris Morena con su hijo Tom\u00e1s y su nieta Mila. (Foto: Instagram\/bycrismorena)<\/div>\n<\/figcaption><\/figure>\n<p class=\"paragraph font__body-regular\">Mila hab\u00eda nacido el 13 de febrero de\u00a0<b>2018<\/b>\u00a0y Cris siempre compart\u00eda en sus redes sociales\u00a0<b>emotivas palabras<\/b>\u00a0para la peque\u00f1a con fotos donde se la ve\u00eda rodeada de sus seres queridos.<\/p>\n<p class=\"paragraph font__body-regular\">Antes de la llegada de la peque\u00f1a, Tom\u00e1s y Sof\u00eda hab\u00edan tenido a Inti, su primog\u00e9nito, que lleg\u00f3 al mundo el 24 de julio del 2010.<\/p>\n<p class=\"paragraph font__body-regular\">El hermano de\u00a0<b>Romina Yan<\/b>\u00a0conoci\u00f3 a su pareja en una fiesta y se casaron en diciembre del 2008 luego de un a\u00f1o de noviazgo.<\/p>\n<\/div>\n<p><\/main><\/div>\n<aside class=\"col-right-rail right-rail\">\n<div id=\"parent-ad-slot-caja\" class=\"ad-container caja_ad \">\n<div class=\"ad-content\">\n<div id=\"ad-slot-caja\" class=\"ad-slot-caja ad-slot\" data-adtype=\"caja\" data-google-query-id=\"CKrEtP734o4DFTdc3QIdi_8AaA\"><\/div>\n<\/div>\n<\/div>\n<\/aside>\n","protected":false},"excerpt":{"rendered":"<p>La ex de Gustavo Yankelevich sent\u00eda un profundo amor por la peque\u00f1a de 7 a\u00f1os, quien perdi\u00f3 la vida en Miami tras el choque del velero en el que viajaba. Mila Yankelevich, la nieta menor de\u00a0Cris Morena, muri\u00f3 en\u00a0Miami\u00a0luego de que el velero en el que viajaba chocara contra una barcaza. La tr\u00e1gica noticia gener\u00f3 [&hellip;]<\/p>\n","protected":false},"author":1,"featured_media":3625,"comment_status":"open","ping_status":"open","sticky":false,"template":"","format":"standard","meta":{"rop_custom_images_group":[],"rop_custom_messages_group":[],"rop_publish_now":"initial","rop_publish_now_accounts":[],"rop_publish_now_history":[],"rop_publish_now_status":"pending","footnotes":"","jetpack_publicize_message":"","jetpack_publicize_feature_enabled":true,"jetpack_social_post_already_shared":true,"jetpack_social_options":{"image_generator_settings":{"template":"highway","enabled":false},"version":2}},"categories":[12],"tags":[],"class_list":{"0":"post-3622","1":"post","2":"type-post","3":"status-publish","4":"format-standard","5":"has-post-thumbnail","7":"category-espectaculos"},"jetpack_publicize_connections":[],"yoast_head":"<!-- This site is optimized with the Yoast SEO plugin v27.3 - https:\/\/yoast.com\/product\/yoast-seo-wordpress\/ -->\n<title>La canci\u00f3n que Cris Morena le dedic\u00f3 a su nieta Mila Yankelevich y conmocion\u00f3 a todos tras la muerte de la nena - CLAN ESPECTACULOS<\/title>\n<meta name=\"robots\" content=\"index, follow, max-snippet:-1, max-image-preview:large, max-video-preview:-1\" \/>\n<link rel=\"canonical\" href=\"https:\/\/radioclanfm.com\/clanespectaculos\/la-cancion-que-cris-morena-le-dedico-a-su-nieta-mila-yankelevich-y-conmociono-a-todos-tras-la-muerte-de-la-nena\/\" \/>\n<meta property=\"og:locale\" content=\"es_ES\" \/>\n<meta property=\"og:type\" content=\"article\" \/>\n<meta property=\"og:title\" content=\"La canci\u00f3n que Cris Morena le dedic\u00f3 a su nieta Mila Yankelevich y conmocion\u00f3 a todos tras la muerte de la nena - CLAN ESPECTACULOS\" \/>\n<meta property=\"og:description\" content=\"La ex de Gustavo Yankelevich sent\u00eda un profundo amor por la peque\u00f1a de 7 a\u00f1os, quien perdi\u00f3 la vida en Miami tras el choque del velero en el que viajaba. Mila Yankelevich, la nieta menor de\u00a0Cris Morena, muri\u00f3 en\u00a0Miami\u00a0luego de que el velero en el que viajaba chocara contra una barcaza. La tr\u00e1gica noticia gener\u00f3 [&hellip;]\" \/>\n<meta property=\"og:url\" content=\"https:\/\/radioclanfm.com\/clanespectaculos\/la-cancion-que-cris-morena-le-dedico-a-su-nieta-mila-yankelevich-y-conmociono-a-todos-tras-la-muerte-de-la-nena\/\" \/>\n<meta property=\"og:site_name\" content=\"CLAN ESPECTACULOS\" \/>\n<meta property=\"article:publisher\" content=\"https:\/\/www.facebook.com\/clanespectaculos\/\" \/>\n<meta property=\"article:published_time\" content=\"2025-07-29T20:47:26+00:00\" \/>\n<meta property=\"og:image\" content=\"https:\/\/radioclanfm.com\/clanespectaculos\/wp-content\/uploads\/sites\/2\/2025\/07\/1xoC5E-p.jpg\" \/>\n\t<meta property=\"og:image:width\" content=\"900\" \/>\n\t<meta property=\"og:image:height\" content=\"504\" \/>\n\t<meta property=\"og:image:type\" content=\"image\/jpeg\" \/>\n<meta name=\"author\" content=\"E-GRUPOCLAN\" \/>\n<meta name=\"twitter:card\" content=\"summary_large_image\" \/>\n<meta name=\"twitter:creator\" content=\"@clanespectok\" \/>\n<meta name=\"twitter:site\" content=\"@clanespectok\" \/>\n<meta name=\"twitter:label1\" content=\"Escrito por\" \/>\n\t<meta name=\"twitter:data1\" content=\"E-GRUPOCLAN\" \/>\n\t<meta name=\"twitter:label2\" content=\"Tiempo de lectura\" \/>\n\t<meta name=\"twitter:data2\" content=\"3 minutos\" \/>\n<script type=\"application\/ld+json\" class=\"yoast-schema-graph\">{\"@context\":\"https:\\\/\\\/schema.org\",\"@graph\":[{\"@type\":\"Article\",\"@id\":\"https:\\\/\\\/radioclanfm.com\\\/clanespectaculos\\\/la-cancion-que-cris-morena-le-dedico-a-su-nieta-mila-yankelevich-y-conmociono-a-todos-tras-la-muerte-de-la-nena\\\/#article\",\"isPartOf\":{\"@id\":\"https:\\\/\\\/radioclanfm.com\\\/clanespectaculos\\\/la-cancion-que-cris-morena-le-dedico-a-su-nieta-mila-yankelevich-y-conmociono-a-todos-tras-la-muerte-de-la-nena\\\/\"},\"author\":{\"name\":\"E-GRUPOCLAN\",\"@id\":\"https:\\\/\\\/radioclanfm.com\\\/clanespectaculos\\\/#\\\/schema\\\/person\\\/9734813083303230f3ad84d99171b20c\"},\"headline\":\"La canci\u00f3n que Cris Morena le dedic\u00f3 a su nieta Mila Yankelevich y conmocion\u00f3 a todos tras la muerte de la nena\",\"datePublished\":\"2025-07-29T20:47:26+00:00\",\"mainEntityOfPage\":{\"@id\":\"https:\\\/\\\/radioclanfm.com\\\/clanespectaculos\\\/la-cancion-que-cris-morena-le-dedico-a-su-nieta-mila-yankelevich-y-conmociono-a-todos-tras-la-muerte-de-la-nena\\\/\"},\"wordCount\":552,\"commentCount\":0,\"publisher\":{\"@id\":\"https:\\\/\\\/radioclanfm.com\\\/clanespectaculos\\\/#organization\"},\"image\":{\"@id\":\"https:\\\/\\\/radioclanfm.com\\\/clanespectaculos\\\/la-cancion-que-cris-morena-le-dedico-a-su-nieta-mila-yankelevich-y-conmociono-a-todos-tras-la-muerte-de-la-nena\\\/#primaryimage\"},\"thumbnailUrl\":\"https:\\\/\\\/radioclanfm.com\\\/clanespectaculos\\\/wp-content\\\/uploads\\\/sites\\\/2\\\/2025\\\/07\\\/1xoC5E-p.jpg\",\"articleSection\":[\"Espectaculos\"],\"inLanguage\":\"es-AR\",\"potentialAction\":[{\"@type\":\"CommentAction\",\"name\":\"Comment\",\"target\":[\"https:\\\/\\\/radioclanfm.com\\\/clanespectaculos\\\/la-cancion-que-cris-morena-le-dedico-a-su-nieta-mila-yankelevich-y-conmociono-a-todos-tras-la-muerte-de-la-nena\\\/#respond\"]}]},{\"@type\":\"WebPage\",\"@id\":\"https:\\\/\\\/radioclanfm.com\\\/clanespectaculos\\\/la-cancion-que-cris-morena-le-dedico-a-su-nieta-mila-yankelevich-y-conmociono-a-todos-tras-la-muerte-de-la-nena\\\/\",\"url\":\"https:\\\/\\\/radioclanfm.com\\\/clanespectaculos\\\/la-cancion-que-cris-morena-le-dedico-a-su-nieta-mila-yankelevich-y-conmociono-a-todos-tras-la-muerte-de-la-nena\\\/\",\"name\":\"La canci\u00f3n que Cris Morena le dedic\u00f3 a su nieta Mila Yankelevich y conmocion\u00f3 a todos tras la muerte de la nena - CLAN ESPECTACULOS\",\"isPartOf\":{\"@id\":\"https:\\\/\\\/radioclanfm.com\\\/clanespectaculos\\\/#website\"},\"primaryImageOfPage\":{\"@id\":\"https:\\\/\\\/radioclanfm.com\\\/clanespectaculos\\\/la-cancion-que-cris-morena-le-dedico-a-su-nieta-mila-yankelevich-y-conmociono-a-todos-tras-la-muerte-de-la-nena\\\/#primaryimage\"},\"image\":{\"@id\":\"https:\\\/\\\/radioclanfm.com\\\/clanespectaculos\\\/la-cancion-que-cris-morena-le-dedico-a-su-nieta-mila-yankelevich-y-conmociono-a-todos-tras-la-muerte-de-la-nena\\\/#primaryimage\"},\"thumbnailUrl\":\"https:\\\/\\\/radioclanfm.com\\\/clanespectaculos\\\/wp-content\\\/uploads\\\/sites\\\/2\\\/2025\\\/07\\\/1xoC5E-p.jpg\",\"datePublished\":\"2025-07-29T20:47:26+00:00\",\"breadcrumb\":{\"@id\":\"https:\\\/\\\/radioclanfm.com\\\/clanespectaculos\\\/la-cancion-que-cris-morena-le-dedico-a-su-nieta-mila-yankelevich-y-conmociono-a-todos-tras-la-muerte-de-la-nena\\\/#breadcrumb\"},\"inLanguage\":\"es-AR\",\"potentialAction\":[{\"@type\":\"ReadAction\",\"target\":[\"https:\\\/\\\/radioclanfm.com\\\/clanespectaculos\\\/la-cancion-que-cris-morena-le-dedico-a-su-nieta-mila-yankelevich-y-conmociono-a-todos-tras-la-muerte-de-la-nena\\\/\"]}]},{\"@type\":\"ImageObject\",\"inLanguage\":\"es-AR\",\"@id\":\"https:\\\/\\\/radioclanfm.com\\\/clanespectaculos\\\/la-cancion-que-cris-morena-le-dedico-a-su-nieta-mila-yankelevich-y-conmociono-a-todos-tras-la-muerte-de-la-nena\\\/#primaryimage\",\"url\":\"https:\\\/\\\/radioclanfm.com\\\/clanespectaculos\\\/wp-content\\\/uploads\\\/sites\\\/2\\\/2025\\\/07\\\/1xoC5E-p.jpg\",\"contentUrl\":\"https:\\\/\\\/radioclanfm.com\\\/clanespectaculos\\\/wp-content\\\/uploads\\\/sites\\\/2\\\/2025\\\/07\\\/1xoC5E-p.jpg\",\"width\":900,\"height\":504},{\"@type\":\"BreadcrumbList\",\"@id\":\"https:\\\/\\\/radioclanfm.com\\\/clanespectaculos\\\/la-cancion-que-cris-morena-le-dedico-a-su-nieta-mila-yankelevich-y-conmociono-a-todos-tras-la-muerte-de-la-nena\\\/#breadcrumb\",\"itemListElement\":[{\"@type\":\"ListItem\",\"position\":1,\"name\":\"Inicio\",\"item\":\"https:\\\/\\\/radioclanfm.com\\\/clanespectaculos\\\/\"},{\"@type\":\"ListItem\",\"position\":2,\"name\":\"La canci\u00f3n que Cris Morena le dedic\u00f3 a su nieta Mila Yankelevich y conmocion\u00f3 a todos tras la muerte de la nena\"}]},{\"@type\":\"WebSite\",\"@id\":\"https:\\\/\\\/radioclanfm.com\\\/clanespectaculos\\\/#website\",\"url\":\"https:\\\/\\\/radioclanfm.com\\\/clanespectaculos\\\/\",\"name\":\"CLAN ESPECTACULOS\",\"description\":\"\",\"publisher\":{\"@id\":\"https:\\\/\\\/radioclanfm.com\\\/clanespectaculos\\\/#organization\"},\"potentialAction\":[{\"@type\":\"SearchAction\",\"target\":{\"@type\":\"EntryPoint\",\"urlTemplate\":\"https:\\\/\\\/radioclanfm.com\\\/clanespectaculos\\\/?s={search_term_string}\"},\"query-input\":{\"@type\":\"PropertyValueSpecification\",\"valueRequired\":true,\"valueName\":\"search_term_string\"}}],\"inLanguage\":\"es-AR\"},{\"@type\":\"Organization\",\"@id\":\"https:\\\/\\\/radioclanfm.com\\\/clanespectaculos\\\/#organization\",\"name\":\"CLAN ESPECTACULOS\",\"url\":\"https:\\\/\\\/radioclanfm.com\\\/clanespectaculos\\\/\",\"logo\":{\"@type\":\"ImageObject\",\"inLanguage\":\"es-AR\",\"@id\":\"https:\\\/\\\/radioclanfm.com\\\/clanespectaculos\\\/#\\\/schema\\\/logo\\\/image\\\/\",\"url\":\"https:\\\/\\\/radioclanfm.com\\\/clanespectaculos\\\/wp-content\\\/uploads\\\/sites\\\/2\\\/2026\\\/04\\\/ChatGPT-Image-23-mar-2026-10_09_00.png\",\"contentUrl\":\"https:\\\/\\\/radioclanfm.com\\\/clanespectaculos\\\/wp-content\\\/uploads\\\/sites\\\/2\\\/2026\\\/04\\\/ChatGPT-Image-23-mar-2026-10_09_00.png\",\"width\":1024,\"height\":1024,\"caption\":\"CLAN ESPECTACULOS\"},\"image\":{\"@id\":\"https:\\\/\\\/radioclanfm.com\\\/clanespectaculos\\\/#\\\/schema\\\/logo\\\/image\\\/\"},\"sameAs\":[\"https:\\\/\\\/www.facebook.com\\\/clanespectaculos\\\/\",\"https:\\\/\\\/x.com\\\/clanespectok\"]},{\"@type\":\"Person\",\"@id\":\"https:\\\/\\\/radioclanfm.com\\\/clanespectaculos\\\/#\\\/schema\\\/person\\\/9734813083303230f3ad84d99171b20c\",\"name\":\"E-GRUPOCLAN\",\"image\":{\"@type\":\"ImageObject\",\"inLanguage\":\"es-AR\",\"@id\":\"https:\\\/\\\/secure.gravatar.com\\\/avatar\\\/af6e19837c3d6a212034a48c7b3818d2ac1826f6025df0155da5a186ad321d79?s=96&d=mm&r=g\",\"url\":\"https:\\\/\\\/secure.gravatar.com\\\/avatar\\\/af6e19837c3d6a212034a48c7b3818d2ac1826f6025df0155da5a186ad321d79?s=96&d=mm&r=g\",\"contentUrl\":\"https:\\\/\\\/secure.gravatar.com\\\/avatar\\\/af6e19837c3d6a212034a48c7b3818d2ac1826f6025df0155da5a186ad321d79?s=96&d=mm&r=g\",\"caption\":\"E-GRUPOCLAN\"},\"sameAs\":[\"https:\\\/\\\/radioclanfm.com\"],\"url\":\"https:\\\/\\\/radioclanfm.com\\\/clanespectaculos\\\/author\\\/admin\\\/\"}]}<\/script>\n<!-- \/ Yoast SEO plugin. -->","yoast_head_json":{"title":"La canci\u00f3n que Cris Morena le dedic\u00f3 a su nieta Mila Yankelevich y conmocion\u00f3 a todos tras la muerte de la nena - CLAN ESPECTACULOS","robots":{"index":"index","follow":"follow","max-snippet":"max-snippet:-1","max-image-preview":"max-image-preview:large","max-video-preview":"max-video-preview:-1"},"canonical":"https:\/\/radioclanfm.com\/clanespectaculos\/la-cancion-que-cris-morena-le-dedico-a-su-nieta-mila-yankelevich-y-conmociono-a-todos-tras-la-muerte-de-la-nena\/","og_locale":"es_ES","og_type":"article","og_title":"La canci\u00f3n que Cris Morena le dedic\u00f3 a su nieta Mila Yankelevich y conmocion\u00f3 a todos tras la muerte de la nena - CLAN ESPECTACULOS","og_description":"La ex de Gustavo Yankelevich sent\u00eda un profundo amor por la peque\u00f1a de 7 a\u00f1os, quien perdi\u00f3 la vida en Miami tras el choque del velero en el que viajaba. Mila Yankelevich, la nieta menor de\u00a0Cris Morena, muri\u00f3 en\u00a0Miami\u00a0luego de que el velero en el que viajaba chocara contra una barcaza. La tr\u00e1gica noticia gener\u00f3 [&hellip;]","og_url":"https:\/\/radioclanfm.com\/clanespectaculos\/la-cancion-que-cris-morena-le-dedico-a-su-nieta-mila-yankelevich-y-conmociono-a-todos-tras-la-muerte-de-la-nena\/","og_site_name":"CLAN ESPECTACULOS","article_publisher":"https:\/\/www.facebook.com\/clanespectaculos\/","article_published_time":"2025-07-29T20:47:26+00:00","og_image":[{"width":900,"height":504,"url":"https:\/\/radioclanfm.com\/clanespectaculos\/wp-content\/uploads\/sites\/2\/2025\/07\/1xoC5E-p.jpg","type":"image\/jpeg"}],"author":"E-GRUPOCLAN","twitter_card":"summary_large_image","twitter_creator":"@clanespectok","twitter_site":"@clanespectok","twitter_misc":{"Escrito por":"E-GRUPOCLAN","Tiempo de lectura":"3 minutos"},"schema":{"@context":"https:\/\/schema.org","@graph":[{"@type":"Article","@id":"https:\/\/radioclanfm.com\/clanespectaculos\/la-cancion-que-cris-morena-le-dedico-a-su-nieta-mila-yankelevich-y-conmociono-a-todos-tras-la-muerte-de-la-nena\/#article","isPartOf":{"@id":"https:\/\/radioclanfm.com\/clanespectaculos\/la-cancion-que-cris-morena-le-dedico-a-su-nieta-mila-yankelevich-y-conmociono-a-todos-tras-la-muerte-de-la-nena\/"},"author":{"name":"E-GRUPOCLAN","@id":"https:\/\/radioclanfm.com\/clanespectaculos\/#\/schema\/person\/9734813083303230f3ad84d99171b20c"},"headline":"La canci\u00f3n que Cris Morena le dedic\u00f3 a su nieta Mila Yankelevich y conmocion\u00f3 a todos tras la muerte de la nena","datePublished":"2025-07-29T20:47:26+00:00","mainEntityOfPage":{"@id":"https:\/\/radioclanfm.com\/clanespectaculos\/la-cancion-que-cris-morena-le-dedico-a-su-nieta-mila-yankelevich-y-conmociono-a-todos-tras-la-muerte-de-la-nena\/"},"wordCount":552,"commentCount":0,"publisher":{"@id":"https:\/\/radioclanfm.com\/clanespectaculos\/#organization"},"image":{"@id":"https:\/\/radioclanfm.com\/clanespectaculos\/la-cancion-que-cris-morena-le-dedico-a-su-nieta-mila-yankelevich-y-conmociono-a-todos-tras-la-muerte-de-la-nena\/#primaryimage"},"thumbnailUrl":"https:\/\/radioclanfm.com\/clanespectaculos\/wp-content\/uploads\/sites\/2\/2025\/07\/1xoC5E-p.jpg","articleSection":["Espectaculos"],"inLanguage":"es-AR","potentialAction":[{"@type":"CommentAction","name":"Comment","target":["https:\/\/radioclanfm.com\/clanespectaculos\/la-cancion-que-cris-morena-le-dedico-a-su-nieta-mila-yankelevich-y-conmociono-a-todos-tras-la-muerte-de-la-nena\/#respond"]}]},{"@type":"WebPage","@id":"https:\/\/radioclanfm.com\/clanespectaculos\/la-cancion-que-cris-morena-le-dedico-a-su-nieta-mila-yankelevich-y-conmociono-a-todos-tras-la-muerte-de-la-nena\/","url":"https:\/\/radioclanfm.com\/clanespectaculos\/la-cancion-que-cris-morena-le-dedico-a-su-nieta-mila-yankelevich-y-conmociono-a-todos-tras-la-muerte-de-la-nena\/","name":"La canci\u00f3n que Cris Morena le dedic\u00f3 a su nieta Mila Yankelevich y conmocion\u00f3 a todos tras la muerte de la nena - CLAN ESPECTACULOS","isPartOf":{"@id":"https:\/\/radioclanfm.com\/clanespectaculos\/#website"},"primaryImageOfPage":{"@id":"https:\/\/radioclanfm.com\/clanespectaculos\/la-cancion-que-cris-morena-le-dedico-a-su-nieta-mila-yankelevich-y-conmociono-a-todos-tras-la-muerte-de-la-nena\/#primaryimage"},"image":{"@id":"https:\/\/radioclanfm.com\/clanespectaculos\/la-cancion-que-cris-morena-le-dedico-a-su-nieta-mila-yankelevich-y-conmociono-a-todos-tras-la-muerte-de-la-nena\/#primaryimage"},"thumbnailUrl":"https:\/\/radioclanfm.com\/clanespectaculos\/wp-content\/uploads\/sites\/2\/2025\/07\/1xoC5E-p.jpg","datePublished":"2025-07-29T20:47:26+00:00","breadcrumb":{"@id":"https:\/\/radioclanfm.com\/clanespectaculos\/la-cancion-que-cris-morena-le-dedico-a-su-nieta-mila-yankelevich-y-conmociono-a-todos-tras-la-muerte-de-la-nena\/#breadcrumb"},"inLanguage":"es-AR","potentialAction":[{"@type":"ReadAction","target":["https:\/\/radioclanfm.com\/clanespectaculos\/la-cancion-que-cris-morena-le-dedico-a-su-nieta-mila-yankelevich-y-conmociono-a-todos-tras-la-muerte-de-la-nena\/"]}]},{"@type":"ImageObject","inLanguage":"es-AR","@id":"https:\/\/radioclanfm.com\/clanespectaculos\/la-cancion-que-cris-morena-le-dedico-a-su-nieta-mila-yankelevich-y-conmociono-a-todos-tras-la-muerte-de-la-nena\/#primaryimage","url":"https:\/\/radioclanfm.com\/clanespectaculos\/wp-content\/uploads\/sites\/2\/2025\/07\/1xoC5E-p.jpg","contentUrl":"https:\/\/radioclanfm.com\/clanespectaculos\/wp-content\/uploads\/sites\/2\/2025\/07\/1xoC5E-p.jpg","width":900,"height":504},{"@type":"BreadcrumbList","@id":"https:\/\/radioclanfm.com\/clanespectaculos\/la-cancion-que-cris-morena-le-dedico-a-su-nieta-mila-yankelevich-y-conmociono-a-todos-tras-la-muerte-de-la-nena\/#breadcrumb","itemListElement":[{"@type":"ListItem","position":1,"name":"Inicio","item":"https:\/\/radioclanfm.com\/clanespectaculos\/"},{"@type":"ListItem","position":2,"name":"La canci\u00f3n que Cris Morena le dedic\u00f3 a su nieta Mila Yankelevich y conmocion\u00f3 a todos tras la muerte de la nena"}]},{"@type":"WebSite","@id":"https:\/\/radioclanfm.com\/clanespectaculos\/#website","url":"https:\/\/radioclanfm.com\/clanespectaculos\/","name":"CLAN ESPECTACULOS","description":"","publisher":{"@id":"https:\/\/radioclanfm.com\/clanespectaculos\/#organization"},"potentialAction":[{"@type":"SearchAction","target":{"@type":"EntryPoint","urlTemplate":"https:\/\/radioclanfm.com\/clanespectaculos\/?s={search_term_string}"},"query-input":{"@type":"PropertyValueSpecification","valueRequired":true,"valueName":"search_term_string"}}],"inLanguage":"es-AR"},{"@type":"Organization","@id":"https:\/\/radioclanfm.com\/clanespectaculos\/#organization","name":"CLAN ESPECTACULOS","url":"https:\/\/radioclanfm.com\/clanespectaculos\/","logo":{"@type":"ImageObject","inLanguage":"es-AR","@id":"https:\/\/radioclanfm.com\/clanespectaculos\/#\/schema\/logo\/image\/","url":"https:\/\/radioclanfm.com\/clanespectaculos\/wp-content\/uploads\/sites\/2\/2026\/04\/ChatGPT-Image-23-mar-2026-10_09_00.png","contentUrl":"https:\/\/radioclanfm.com\/clanespectaculos\/wp-content\/uploads\/sites\/2\/2026\/04\/ChatGPT-Image-23-mar-2026-10_09_00.png","width":1024,"height":1024,"caption":"CLAN ESPECTACULOS"},"image":{"@id":"https:\/\/radioclanfm.com\/clanespectaculos\/#\/schema\/logo\/image\/"},"sameAs":["https:\/\/www.facebook.com\/clanespectaculos\/","https:\/\/x.com\/clanespectok"]},{"@type":"Person","@id":"https:\/\/radioclanfm.com\/clanespectaculos\/#\/schema\/person\/9734813083303230f3ad84d99171b20c","name":"E-GRUPOCLAN","image":{"@type":"ImageObject","inLanguage":"es-AR","@id":"https:\/\/secure.gravatar.com\/avatar\/af6e19837c3d6a212034a48c7b3818d2ac1826f6025df0155da5a186ad321d79?s=96&d=mm&r=g","url":"https:\/\/secure.gravatar.com\/avatar\/af6e19837c3d6a212034a48c7b3818d2ac1826f6025df0155da5a186ad321d79?s=96&d=mm&r=g","contentUrl":"https:\/\/secure.gravatar.com\/avatar\/af6e19837c3d6a212034a48c7b3818d2ac1826f6025df0155da5a186ad321d79?s=96&d=mm&r=g","caption":"E-GRUPOCLAN"},"sameAs":["https:\/\/radioclanfm.com"],"url":"https:\/\/radioclanfm.com\/clanespectaculos\/author\/admin\/"}]}},"_links":{"self":[{"href":"https:\/\/radioclanfm.com\/clanespectaculos\/wp-json\/wp\/v2\/posts\/3622","targetHints":{"allow":["GET"]}}],"collection":[{"href":"https:\/\/radioclanfm.com\/clanespectaculos\/wp-json\/wp\/v2\/posts"}],"about":[{"href":"https:\/\/radioclanfm.com\/clanespectaculos\/wp-json\/wp\/v2\/types\/post"}],"author":[{"embeddable":true,"href":"https:\/\/radioclanfm.com\/clanespectaculos\/wp-json\/wp\/v2\/users\/1"}],"replies":[{"embeddable":true,"href":"https:\/\/radioclanfm.com\/clanespectaculos\/wp-json\/wp\/v2\/comments?post=3622"}],"version-history":[{"count":1,"href":"https:\/\/radioclanfm.com\/clanespectaculos\/wp-json\/wp\/v2\/posts\/3622\/revisions"}],"predecessor-version":[{"id":3626,"href":"https:\/\/radioclanfm.com\/clanespectaculos\/wp-json\/wp\/v2\/posts\/3622\/revisions\/3626"}],"wp:featuredmedia":[{"embeddable":true,"href":"https:\/\/radioclanfm.com\/clanespectaculos\/wp-json\/wp\/v2\/media\/3625"}],"wp:attachment":[{"href":"https:\/\/radioclanfm.com\/clanespectaculos\/wp-json\/wp\/v2\/media?parent=3622"}],"wp:term":[{"taxonomy":"category","embeddable":true,"href":"https:\/\/radioclanfm.com\/clanespectaculos\/wp-json\/wp\/v2\/categories?post=3622"},{"taxonomy":"post_tag","embeddable":true,"href":"https:\/\/radioclanfm.com\/clanespectaculos\/wp-json\/wp\/v2\/tags?post=3622"}],"curies":[{"name":"wp","href":"https:\/\/api.w.org\/{rel}","templated":true}]}}