{"id":3612,"date":"2025-07-29T17:44:10","date_gmt":"2025-07-29T20:44:10","guid":{"rendered":"https:\/\/radioclanfm.com\/clanespectaculos\/?p=3612"},"modified":"2025-07-29T17:44:10","modified_gmt":"2025-07-29T20:44:10","slug":"la-conmovedora-reaccion-de-pampita-al-enterarse-de-la-muerte-de-mila-la-nieta-de-cris-morena","status":"publish","type":"post","link":"https:\/\/radioclanfm.com\/clanespectaculos\/la-conmovedora-reaccion-de-pampita-al-enterarse-de-la-muerte-de-mila-la-nieta-de-cris-morena\/","title":{"rendered":"La conmovedora reacci\u00f3n de Pampita al enterarse de la muerte de Mila, la nieta de Cris Morena"},"content":{"rendered":"<p>La modelo no se mostr\u00f3 indiferente ante la tragedia que envuelve a la familia Yankelevich.<\/p>\n<div class=\"col-content\"><main class=\"col-content\"><\/p>\n<div class=\"default-article-color article__body article__article\">\n<p class=\"paragraph font__body-regular\"><b>Mila Yankelevich<\/b>, la hija de\u00a0<b>Tom\u00e1s Yankelevich<\/b>\u00a0y nieta de\u00a0<b>Cris Morena<\/b>, muri\u00f3 a los 7 a\u00f1os en un\u00a0<b>tr\u00e1gico accidente naval en Miami<\/b>. La noticia sacudi\u00f3 al mundo del espect\u00e1culo y, entre cientos de mensajes, se destac\u00f3 la reacci\u00f3n de\u00a0<b>Pampita Ardohain<\/b>.<\/p>\n<div class=\"AV67f93cf033780503b00636a7\">\n<div id=\"aniBox\">\n<div id=\"aniplayer_AV67f93cf033780503b00636a7-1753821745440\">\n<div id=\"aniplayer_AV67f93cf033780503b00636a7-1753821745440gui\">\n<div id=\"av-caption\">\n<div id=\"av-close-btn-overlay\" class=\"av-pos-top-left\"><\/div>\n<\/div>\n<\/div>\n<div id=\"anibid\"><\/div>\n<\/div>\n<\/div>\n<\/div>\n<p class=\"paragraph font__body-regular\">Pese a estar disfrutando de unas merecidas vacaciones en Europa, la modelo se muestra muy activa en redes sociales y superconectada con lo que ocurre en el pa\u00eds.<\/p>\n<p class=\"paragraph font__body-regular\">Al enterarse de la tragedia que envuelve a la familia Yankelevich, la top no ocult\u00f3 su dolor y<b>\u00a0reaccion\u00f3 con un emoji de un coraz\u00f3n partido.<\/b><\/p>\n<figure class=\"\" data-testid=\"figure-testid\">\n<div class=\"aspect_ratio__container\"><picture class=\"responsive-image\"><source srcset=\"https:\/\/tn.com.ar\/resizer\/v2\/la-conmovedora-reaccion-de-pampita-al-enterarse-de-la-muerte-de-mila-la-nieta-de-cris-morena-foto-captura-instagram-tn-6TSRSLOVBJEMJORXPXTHDMLG6Y.png?auth=a7db33ffe472f75cd2a9a5e2b3905eeb95c08f2c18ebc45b25c88974c64eece7&amp;width=767\" type=\"image\/jpg\" media=\"(max-width: 728px)\" \/><source srcset=\"https:\/\/tn.com.ar\/resizer\/v2\/la-conmovedora-reaccion-de-pampita-al-enterarse-de-la-muerte-de-mila-la-nieta-de-cris-morena-foto-captura-instagram-tn-6TSRSLOVBJEMJORXPXTHDMLG6Y.png?auth=a7db33ffe472f75cd2a9a5e2b3905eeb95c08f2c18ebc45b25c88974c64eece7&amp;width=1023\" type=\"image\/jpg\" media=\"(max-width: 1023px)\" \/><source srcset=\"https:\/\/tn.com.ar\/resizer\/v2\/la-conmovedora-reaccion-de-pampita-al-enterarse-de-la-muerte-de-mila-la-nieta-de-cris-morena-foto-captura-instagram-tn-6TSRSLOVBJEMJORXPXTHDMLG6Y.png?auth=a7db33ffe472f75cd2a9a5e2b3905eeb95c08f2c18ebc45b25c88974c64eece7&amp;width=1440\" type=\"image\/jpg\" \/><img loading=\"lazy\" decoding=\"async\" class=\"image content-image image_placeholder\" src=\"https:\/\/tn.com.ar\/resizer\/v2\/la-conmovedora-reaccion-de-pampita-al-enterarse-de-la-muerte-de-mila-la-nieta-de-cris-morena-foto-captura-instagram-tn-6TSRSLOVBJEMJORXPXTHDMLG6Y.png?auth=a7db33ffe472f75cd2a9a5e2b3905eeb95c08f2c18ebc45b25c88974c64eece7&amp;width=767\" alt=\"La conmovedora reacci\u00f3n de Pampita al enterarse de la muerte de Mila, la nieta de Cris Morena (Foto: Captura Instagram TN)\" width=\"767\" height=\"485\" data-testid=\"loading-testid\" \/><\/picture><\/div><figcaption class=\"caption_image\" data-testid=\"figcaption-testid\">\n<div class=\"image_caption \">La conmovedora reacci\u00f3n de Pampita al enterarse de la muerte de Mila, la nieta de Cris Morena (Foto: Captura Instagram TN)<\/div>\n<\/figcaption><\/figure>\n<p class=\"paragraph font__body-regular\">El hecho la toca de cerca, ya que el 8 de septiembre de 2012,\u00a0<b>Blanca<\/b>, su hija fruto de la relaci\u00f3n con\u00a0<b>Benjam\u00edn Vicu\u00f1a<\/b>, muri\u00f3 a los 6 a\u00f1os, despu\u00e9s de haber estado nueve d\u00edas internada en la Cl\u00ednica Las Condes de Santiago de Chile a ra\u00edz de una neumon\u00eda hemorr\u00e1gica.<\/p>\n<h2 class=\"font--primary font__display\">El conmovedor posteo de Benjam\u00edn Vicu\u00f1a tras la muerte de la nieta de Cris Morena: \u201cSomos esa familia\u201d<\/h2>\n<p class=\"paragraph font__body-regular\">Minutos despu\u00e9s de que se conociera la triste noticia de la muerte de Mila Yankelevich, Benjam\u00edn Vicu\u00f1a sorprendi\u00f3 con un conmovedor posteo en sus redes sociales.<\/p>\n<p class=\"paragraph font__body-regular\">\u201cEn una fr\u00eda ma\u00f1ana donde e<b>l dolor de una familia es el dolor de un pueblo<\/b>, de una comunidad absorta frente a la tragedia,\u00a0<b>nos hacemos preguntas que jam\u00e1s tendr\u00e1n respuesta<\/b>\u201c, escribi\u00f3 en una historia de Instagram.<\/p>\n<figure class=\"\" data-testid=\"figure-testid\">\n<div class=\"aspect_ratio__container\"><picture class=\"responsive-image\"><source srcset=\"https:\/\/tn.com.ar\/resizer\/v2\/el-conmovedor-posteo-de-benjamin-vicuna-tras-la-muerte-de-la-nieta-de-cris-morena-somos-esa-familia-foto-instagram-benjaminvicunaok-67Q4EAPLPFB4FL5XFG6MATWPYA.png?auth=565b4ec9ba98cbb3e4e9dcd6efd1a9e50b665ddd7461068a9e55747ede535b66&amp;width=767\" type=\"image\/jpg\" media=\"(max-width: 728px)\" \/><source srcset=\"https:\/\/tn.com.ar\/resizer\/v2\/el-conmovedor-posteo-de-benjamin-vicuna-tras-la-muerte-de-la-nieta-de-cris-morena-somos-esa-familia-foto-instagram-benjaminvicunaok-67Q4EAPLPFB4FL5XFG6MATWPYA.png?auth=565b4ec9ba98cbb3e4e9dcd6efd1a9e50b665ddd7461068a9e55747ede535b66&amp;width=1023\" type=\"image\/jpg\" media=\"(max-width: 1023px)\" \/><source srcset=\"https:\/\/tn.com.ar\/resizer\/v2\/el-conmovedor-posteo-de-benjamin-vicuna-tras-la-muerte-de-la-nieta-de-cris-morena-somos-esa-familia-foto-instagram-benjaminvicunaok-67Q4EAPLPFB4FL5XFG6MATWPYA.png?auth=565b4ec9ba98cbb3e4e9dcd6efd1a9e50b665ddd7461068a9e55747ede535b66&amp;width=1440\" type=\"image\/jpg\" \/><img loading=\"lazy\" decoding=\"async\" class=\"image content-image image_placeholder\" src=\"https:\/\/tn.com.ar\/resizer\/v2\/el-conmovedor-posteo-de-benjamin-vicuna-tras-la-muerte-de-la-nieta-de-cris-morena-somos-esa-familia-foto-instagram-benjaminvicunaok-67Q4EAPLPFB4FL5XFG6MATWPYA.png?auth=565b4ec9ba98cbb3e4e9dcd6efd1a9e50b665ddd7461068a9e55747ede535b66&amp;width=767\" alt=\"El conmovedor posteo de Benjam\u00edn Vicu\u00f1a tras la muerte de la nieta de Cris Morena: \u201cSomos esa familia\u201d (Foto: Instagram \/benjaminvicuna.ok)\" width=\"767\" height=\"1364\" data-testid=\"loading-testid\" \/><\/picture><\/div><figcaption class=\"caption_image\" data-testid=\"figcaption-testid\">\n<div class=\"image_caption \">El conmovedor posteo de Benjam\u00edn Vicu\u00f1a tras la muerte de la nieta de Cris Morena: \u201cSomos esa familia\u201d (Foto: Instagram \/benjaminvicuna.ok)<\/div>\n<\/figcaption><\/figure>\n<p class=\"paragraph font__body-regular\">Acto seguido, asegur\u00f3: \u201c<b>Somos esa familia<\/b>, somos la naturaleza que estalla, que erupciona y cambia. Que se abraza\u201d. \u201c<b>Mi coraz\u00f3n est\u00e1 con ustedes, familia Yankelevich\u201d<\/b>, concluy\u00f3.<\/p>\n<h2 class=\"font--primary font__display\">Qu\u00e9 le pas\u00f3 a Mila, la hija de Tom\u00e1s Yankelevich<\/h2>\n<p class=\"paragraph font__body-regular\"><b>Mila Yankelevich<\/b>, la hija de Tom\u00e1s Yankelevich y Sof\u00eda Reca, es una de las\u00a0<b>dos nenas argentinas<\/b>\u00a0que murieron en el tr\u00e1gico choque de una barcaza contra un velero que llevaba a chicos que participaban de una colonia de vacaciones en\u00a0<b>Miami Beach<\/b>.<\/p>\n<p class=\"paragraph font__body-regular\">La\u00a0<b>nieta de Cris Morena<\/b>\u00a0ten\u00eda\u00a0<b>7 a\u00f1os<\/b>\u00a0y participaba de una colonia de vacaciones de la\u00a0<b>Miami Youth Sailing Foundation,\u00a0<\/b>una organizaci\u00f3n -ligada a\u00a0<b>Miami Yacht Club-<\/b>\u00a0dedicada a la ense\u00f1anza de navegaci\u00f3n para chicos.<\/p>\n<figure class=\"\" data-testid=\"figure-testid\">\n<div class=\"aspect_ratio__container\"><picture class=\"responsive-image\"><source srcset=\"https:\/\/tn.com.ar\/resizer\/v2\/mila-era-la-nieta-menor-de-cris-morena-y-gustavo-yankelevich-foto-instagramprincesamilayan-ENWK5YZ2HBHVVDZWLPGYCEON6U.jpg?auth=81fe397dea4cb1ef697295ec93107927774d52a61d3ad875ef0648cd59d74378&amp;width=767\" type=\"image\/jpg\" media=\"(max-width: 728px)\" \/><source srcset=\"https:\/\/tn.com.ar\/resizer\/v2\/mila-era-la-nieta-menor-de-cris-morena-y-gustavo-yankelevich-foto-instagramprincesamilayan-ENWK5YZ2HBHVVDZWLPGYCEON6U.jpg?auth=81fe397dea4cb1ef697295ec93107927774d52a61d3ad875ef0648cd59d74378&amp;width=1023\" type=\"image\/jpg\" media=\"(max-width: 1023px)\" \/><source srcset=\"https:\/\/tn.com.ar\/resizer\/v2\/mila-era-la-nieta-menor-de-cris-morena-y-gustavo-yankelevich-foto-instagramprincesamilayan-ENWK5YZ2HBHVVDZWLPGYCEON6U.jpg?auth=81fe397dea4cb1ef697295ec93107927774d52a61d3ad875ef0648cd59d74378&amp;width=1440\" type=\"image\/jpg\" \/><img loading=\"lazy\" decoding=\"async\" class=\"image content-image image_placeholder\" src=\"https:\/\/tn.com.ar\/resizer\/v2\/mila-era-la-nieta-menor-de-cris-morena-y-gustavo-yankelevich-foto-instagramprincesamilayan-ENWK5YZ2HBHVVDZWLPGYCEON6U.jpg?auth=81fe397dea4cb1ef697295ec93107927774d52a61d3ad875ef0648cd59d74378&amp;width=767\" alt=\"Mila era la nieta menor de Cris Morena y Gustavo Yankelevich. (Foto: Instagram\/princesamilayan)\" width=\"767\" height=\"430\" data-testid=\"loading-testid\" \/><\/picture><\/div><figcaption class=\"caption_image\" data-testid=\"figcaption-testid\">\n<div class=\"image_caption \">Mila era la nieta menor de Cris Morena y Gustavo Yankelevich. (Foto: Instagram\/princesamilayan)<\/div>\n<\/figcaption><\/figure>\n<p class=\"paragraph font__body-regular\">Los pap\u00e1s de Mila, Tom\u00e1s y Sof\u00eda, se conocieron en una fiesta y luego de un a\u00f1o de noviazgo se casaron en 20 de diciembre de 2008. Dos a\u00f1os despu\u00e9s naci\u00f3 su primer hijo, Inti, y en febrero de 2018, naci\u00f3 Mila.<\/p>\n<p class=\"paragraph font__body-regular\">Tras renunciar a su cargo en Telefe y mudarse a Miami, Tom\u00e1s Yankelevich asumi\u00f3 el cargo de vicepresidente ejecutivo de contenidos generales de entretenimiento de Turner Latinoam\u00e9rica.<\/p>\n<p class=\"paragraph font__body-regular\">La familia vive en una lujosa casa de cinco pisos y cuatro dormitorios ubicada en la playa Ocean 7 en Surfside, por la que habr\u00edan pagado\u00a0<b>5,7 millones de d\u00f3lares<\/b>\u00a0seg\u00fan\u00a0<i>The Real Deal<\/i>.<\/p>\n<\/div>\n<p><\/main><\/div>\n<aside class=\"col-right-rail right-rail\">\n<div id=\"parent-ad-slot-caja\" class=\"ad-container caja_ad \">\n<div class=\"ad-content\">\n<div id=\"ad-slot-caja\" class=\"ad-slot-caja ad-slot\" data-adtype=\"caja\" data-google-query-id=\"CO_Ywqb34o4DFSiMYQYd8rEkcQ\"><\/div>\n<\/div>\n<\/div>\n<\/aside>\n","protected":false},"excerpt":{"rendered":"<p>La modelo no se mostr\u00f3 indiferente ante la tragedia que envuelve a la familia Yankelevich. Mila Yankelevich, la hija de\u00a0Tom\u00e1s Yankelevich\u00a0y nieta de\u00a0Cris Morena, muri\u00f3 a los 7 a\u00f1os en un\u00a0tr\u00e1gico accidente naval en Miami. La noticia sacudi\u00f3 al mundo del espect\u00e1culo y, entre cientos de mensajes, se destac\u00f3 la reacci\u00f3n de\u00a0Pampita Ardohain. Pese a [&hellip;]<\/p>\n","protected":false},"author":1,"featured_media":3615,"comment_status":"open","ping_status":"open","sticky":false,"template":"","format":"standard","meta":{"rop_custom_images_group":[],"rop_custom_messages_group":[],"rop_publish_now":"initial","rop_publish_now_accounts":[],"rop_publish_now_history":[],"rop_publish_now_status":"pending","footnotes":"","jetpack_publicize_message":"","jetpack_publicize_feature_enabled":true,"jetpack_social_post_already_shared":true,"jetpack_social_options":{"image_generator_settings":{"template":"highway","enabled":false},"version":2}},"categories":[12],"tags":[],"class_list":{"0":"post-3612","1":"post","2":"type-post","3":"status-publish","4":"format-standard","5":"has-post-thumbnail","7":"category-espectaculos"},"jetpack_publicize_connections":[],"yoast_head":"<!-- This site is optimized with the Yoast SEO plugin v27.3 - https:\/\/yoast.com\/product\/yoast-seo-wordpress\/ -->\n<title>La conmovedora reacci\u00f3n de Pampita al enterarse de la muerte de Mila, la nieta de Cris Morena - CLAN ESPECTACULOS<\/title>\n<meta name=\"robots\" content=\"index, follow, max-snippet:-1, max-image-preview:large, max-video-preview:-1\" \/>\n<link rel=\"canonical\" href=\"https:\/\/radioclanfm.com\/clanespectaculos\/la-conmovedora-reaccion-de-pampita-al-enterarse-de-la-muerte-de-mila-la-nieta-de-cris-morena\/\" \/>\n<meta property=\"og:locale\" content=\"es_ES\" \/>\n<meta property=\"og:type\" content=\"article\" \/>\n<meta property=\"og:title\" content=\"La conmovedora reacci\u00f3n de Pampita al enterarse de la muerte de Mila, la nieta de Cris Morena - CLAN ESPECTACULOS\" \/>\n<meta property=\"og:description\" content=\"La modelo no se mostr\u00f3 indiferente ante la tragedia que envuelve a la familia Yankelevich. Mila Yankelevich, la hija de\u00a0Tom\u00e1s Yankelevich\u00a0y nieta de\u00a0Cris Morena, muri\u00f3 a los 7 a\u00f1os en un\u00a0tr\u00e1gico accidente naval en Miami. La noticia sacudi\u00f3 al mundo del espect\u00e1culo y, entre cientos de mensajes, se destac\u00f3 la reacci\u00f3n de\u00a0Pampita Ardohain. Pese a [&hellip;]\" \/>\n<meta property=\"og:url\" content=\"https:\/\/radioclanfm.com\/clanespectaculos\/la-conmovedora-reaccion-de-pampita-al-enterarse-de-la-muerte-de-mila-la-nieta-de-cris-morena\/\" \/>\n<meta property=\"og:site_name\" content=\"CLAN ESPECTACULOS\" \/>\n<meta property=\"article:publisher\" content=\"https:\/\/www.facebook.com\/clanespectaculos\/\" \/>\n<meta property=\"article:published_time\" content=\"2025-07-29T20:44:10+00:00\" \/>\n<meta property=\"og:image\" content=\"https:\/\/radioclanfm.com\/clanespectaculos\/wp-content\/uploads\/sites\/2\/2025\/07\/V-enwsKH.jpg\" \/>\n\t<meta property=\"og:image:width\" content=\"900\" \/>\n\t<meta property=\"og:image:height\" content=\"504\" \/>\n\t<meta property=\"og:image:type\" content=\"image\/jpeg\" \/>\n<meta name=\"author\" content=\"E-GRUPOCLAN\" \/>\n<meta name=\"twitter:card\" content=\"summary_large_image\" \/>\n<meta name=\"twitter:creator\" content=\"@clanespectok\" \/>\n<meta name=\"twitter:site\" content=\"@clanespectok\" \/>\n<meta name=\"twitter:label1\" content=\"Escrito por\" \/>\n\t<meta name=\"twitter:data1\" content=\"E-GRUPOCLAN\" \/>\n\t<meta name=\"twitter:label2\" content=\"Tiempo de lectura\" \/>\n\t<meta name=\"twitter:data2\" content=\"3 minutos\" \/>\n<script type=\"application\/ld+json\" class=\"yoast-schema-graph\">{\"@context\":\"https:\\\/\\\/schema.org\",\"@graph\":[{\"@type\":\"Article\",\"@id\":\"https:\\\/\\\/radioclanfm.com\\\/clanespectaculos\\\/la-conmovedora-reaccion-de-pampita-al-enterarse-de-la-muerte-de-mila-la-nieta-de-cris-morena\\\/#article\",\"isPartOf\":{\"@id\":\"https:\\\/\\\/radioclanfm.com\\\/clanespectaculos\\\/la-conmovedora-reaccion-de-pampita-al-enterarse-de-la-muerte-de-mila-la-nieta-de-cris-morena\\\/\"},\"author\":{\"name\":\"E-GRUPOCLAN\",\"@id\":\"https:\\\/\\\/radioclanfm.com\\\/clanespectaculos\\\/#\\\/schema\\\/person\\\/9734813083303230f3ad84d99171b20c\"},\"headline\":\"La conmovedora reacci\u00f3n de Pampita al enterarse de la muerte de Mila, la nieta de Cris Morena\",\"datePublished\":\"2025-07-29T20:44:10+00:00\",\"mainEntityOfPage\":{\"@id\":\"https:\\\/\\\/radioclanfm.com\\\/clanespectaculos\\\/la-conmovedora-reaccion-de-pampita-al-enterarse-de-la-muerte-de-mila-la-nieta-de-cris-morena\\\/\"},\"wordCount\":577,\"commentCount\":0,\"publisher\":{\"@id\":\"https:\\\/\\\/radioclanfm.com\\\/clanespectaculos\\\/#organization\"},\"image\":{\"@id\":\"https:\\\/\\\/radioclanfm.com\\\/clanespectaculos\\\/la-conmovedora-reaccion-de-pampita-al-enterarse-de-la-muerte-de-mila-la-nieta-de-cris-morena\\\/#primaryimage\"},\"thumbnailUrl\":\"https:\\\/\\\/radioclanfm.com\\\/clanespectaculos\\\/wp-content\\\/uploads\\\/sites\\\/2\\\/2025\\\/07\\\/V-enwsKH.jpg\",\"articleSection\":[\"Espectaculos\"],\"inLanguage\":\"es-AR\",\"potentialAction\":[{\"@type\":\"CommentAction\",\"name\":\"Comment\",\"target\":[\"https:\\\/\\\/radioclanfm.com\\\/clanespectaculos\\\/la-conmovedora-reaccion-de-pampita-al-enterarse-de-la-muerte-de-mila-la-nieta-de-cris-morena\\\/#respond\"]}]},{\"@type\":\"WebPage\",\"@id\":\"https:\\\/\\\/radioclanfm.com\\\/clanespectaculos\\\/la-conmovedora-reaccion-de-pampita-al-enterarse-de-la-muerte-de-mila-la-nieta-de-cris-morena\\\/\",\"url\":\"https:\\\/\\\/radioclanfm.com\\\/clanespectaculos\\\/la-conmovedora-reaccion-de-pampita-al-enterarse-de-la-muerte-de-mila-la-nieta-de-cris-morena\\\/\",\"name\":\"La conmovedora reacci\u00f3n de Pampita al enterarse de la muerte de Mila, la nieta de Cris Morena - CLAN ESPECTACULOS\",\"isPartOf\":{\"@id\":\"https:\\\/\\\/radioclanfm.com\\\/clanespectaculos\\\/#website\"},\"primaryImageOfPage\":{\"@id\":\"https:\\\/\\\/radioclanfm.com\\\/clanespectaculos\\\/la-conmovedora-reaccion-de-pampita-al-enterarse-de-la-muerte-de-mila-la-nieta-de-cris-morena\\\/#primaryimage\"},\"image\":{\"@id\":\"https:\\\/\\\/radioclanfm.com\\\/clanespectaculos\\\/la-conmovedora-reaccion-de-pampita-al-enterarse-de-la-muerte-de-mila-la-nieta-de-cris-morena\\\/#primaryimage\"},\"thumbnailUrl\":\"https:\\\/\\\/radioclanfm.com\\\/clanespectaculos\\\/wp-content\\\/uploads\\\/sites\\\/2\\\/2025\\\/07\\\/V-enwsKH.jpg\",\"datePublished\":\"2025-07-29T20:44:10+00:00\",\"breadcrumb\":{\"@id\":\"https:\\\/\\\/radioclanfm.com\\\/clanespectaculos\\\/la-conmovedora-reaccion-de-pampita-al-enterarse-de-la-muerte-de-mila-la-nieta-de-cris-morena\\\/#breadcrumb\"},\"inLanguage\":\"es-AR\",\"potentialAction\":[{\"@type\":\"ReadAction\",\"target\":[\"https:\\\/\\\/radioclanfm.com\\\/clanespectaculos\\\/la-conmovedora-reaccion-de-pampita-al-enterarse-de-la-muerte-de-mila-la-nieta-de-cris-morena\\\/\"]}]},{\"@type\":\"ImageObject\",\"inLanguage\":\"es-AR\",\"@id\":\"https:\\\/\\\/radioclanfm.com\\\/clanespectaculos\\\/la-conmovedora-reaccion-de-pampita-al-enterarse-de-la-muerte-de-mila-la-nieta-de-cris-morena\\\/#primaryimage\",\"url\":\"https:\\\/\\\/radioclanfm.com\\\/clanespectaculos\\\/wp-content\\\/uploads\\\/sites\\\/2\\\/2025\\\/07\\\/V-enwsKH.jpg\",\"contentUrl\":\"https:\\\/\\\/radioclanfm.com\\\/clanespectaculos\\\/wp-content\\\/uploads\\\/sites\\\/2\\\/2025\\\/07\\\/V-enwsKH.jpg\",\"width\":900,\"height\":504},{\"@type\":\"BreadcrumbList\",\"@id\":\"https:\\\/\\\/radioclanfm.com\\\/clanespectaculos\\\/la-conmovedora-reaccion-de-pampita-al-enterarse-de-la-muerte-de-mila-la-nieta-de-cris-morena\\\/#breadcrumb\",\"itemListElement\":[{\"@type\":\"ListItem\",\"position\":1,\"name\":\"Inicio\",\"item\":\"https:\\\/\\\/radioclanfm.com\\\/clanespectaculos\\\/\"},{\"@type\":\"ListItem\",\"position\":2,\"name\":\"La conmovedora reacci\u00f3n de Pampita al enterarse de la muerte de Mila, la nieta de Cris Morena\"}]},{\"@type\":\"WebSite\",\"@id\":\"https:\\\/\\\/radioclanfm.com\\\/clanespectaculos\\\/#website\",\"url\":\"https:\\\/\\\/radioclanfm.com\\\/clanespectaculos\\\/\",\"name\":\"CLAN ESPECTACULOS\",\"description\":\"\",\"publisher\":{\"@id\":\"https:\\\/\\\/radioclanfm.com\\\/clanespectaculos\\\/#organization\"},\"potentialAction\":[{\"@type\":\"SearchAction\",\"target\":{\"@type\":\"EntryPoint\",\"urlTemplate\":\"https:\\\/\\\/radioclanfm.com\\\/clanespectaculos\\\/?s={search_term_string}\"},\"query-input\":{\"@type\":\"PropertyValueSpecification\",\"valueRequired\":true,\"valueName\":\"search_term_string\"}}],\"inLanguage\":\"es-AR\"},{\"@type\":\"Organization\",\"@id\":\"https:\\\/\\\/radioclanfm.com\\\/clanespectaculos\\\/#organization\",\"name\":\"CLAN ESPECTACULOS\",\"url\":\"https:\\\/\\\/radioclanfm.com\\\/clanespectaculos\\\/\",\"logo\":{\"@type\":\"ImageObject\",\"inLanguage\":\"es-AR\",\"@id\":\"https:\\\/\\\/radioclanfm.com\\\/clanespectaculos\\\/#\\\/schema\\\/logo\\\/image\\\/\",\"url\":\"https:\\\/\\\/radioclanfm.com\\\/clanespectaculos\\\/wp-content\\\/uploads\\\/sites\\\/2\\\/2026\\\/04\\\/ChatGPT-Image-23-mar-2026-10_09_00.png\",\"contentUrl\":\"https:\\\/\\\/radioclanfm.com\\\/clanespectaculos\\\/wp-content\\\/uploads\\\/sites\\\/2\\\/2026\\\/04\\\/ChatGPT-Image-23-mar-2026-10_09_00.png\",\"width\":1024,\"height\":1024,\"caption\":\"CLAN ESPECTACULOS\"},\"image\":{\"@id\":\"https:\\\/\\\/radioclanfm.com\\\/clanespectaculos\\\/#\\\/schema\\\/logo\\\/image\\\/\"},\"sameAs\":[\"https:\\\/\\\/www.facebook.com\\\/clanespectaculos\\\/\",\"https:\\\/\\\/x.com\\\/clanespectok\"]},{\"@type\":\"Person\",\"@id\":\"https:\\\/\\\/radioclanfm.com\\\/clanespectaculos\\\/#\\\/schema\\\/person\\\/9734813083303230f3ad84d99171b20c\",\"name\":\"E-GRUPOCLAN\",\"image\":{\"@type\":\"ImageObject\",\"inLanguage\":\"es-AR\",\"@id\":\"https:\\\/\\\/secure.gravatar.com\\\/avatar\\\/af6e19837c3d6a212034a48c7b3818d2ac1826f6025df0155da5a186ad321d79?s=96&d=mm&r=g\",\"url\":\"https:\\\/\\\/secure.gravatar.com\\\/avatar\\\/af6e19837c3d6a212034a48c7b3818d2ac1826f6025df0155da5a186ad321d79?s=96&d=mm&r=g\",\"contentUrl\":\"https:\\\/\\\/secure.gravatar.com\\\/avatar\\\/af6e19837c3d6a212034a48c7b3818d2ac1826f6025df0155da5a186ad321d79?s=96&d=mm&r=g\",\"caption\":\"E-GRUPOCLAN\"},\"sameAs\":[\"https:\\\/\\\/radioclanfm.com\"],\"url\":\"https:\\\/\\\/radioclanfm.com\\\/clanespectaculos\\\/author\\\/admin\\\/\"}]}<\/script>\n<!-- \/ Yoast SEO plugin. -->","yoast_head_json":{"title":"La conmovedora reacci\u00f3n de Pampita al enterarse de la muerte de Mila, la nieta de Cris Morena - CLAN ESPECTACULOS","robots":{"index":"index","follow":"follow","max-snippet":"max-snippet:-1","max-image-preview":"max-image-preview:large","max-video-preview":"max-video-preview:-1"},"canonical":"https:\/\/radioclanfm.com\/clanespectaculos\/la-conmovedora-reaccion-de-pampita-al-enterarse-de-la-muerte-de-mila-la-nieta-de-cris-morena\/","og_locale":"es_ES","og_type":"article","og_title":"La conmovedora reacci\u00f3n de Pampita al enterarse de la muerte de Mila, la nieta de Cris Morena - CLAN ESPECTACULOS","og_description":"La modelo no se mostr\u00f3 indiferente ante la tragedia que envuelve a la familia Yankelevich. Mila Yankelevich, la hija de\u00a0Tom\u00e1s Yankelevich\u00a0y nieta de\u00a0Cris Morena, muri\u00f3 a los 7 a\u00f1os en un\u00a0tr\u00e1gico accidente naval en Miami. La noticia sacudi\u00f3 al mundo del espect\u00e1culo y, entre cientos de mensajes, se destac\u00f3 la reacci\u00f3n de\u00a0Pampita Ardohain. Pese a [&hellip;]","og_url":"https:\/\/radioclanfm.com\/clanespectaculos\/la-conmovedora-reaccion-de-pampita-al-enterarse-de-la-muerte-de-mila-la-nieta-de-cris-morena\/","og_site_name":"CLAN ESPECTACULOS","article_publisher":"https:\/\/www.facebook.com\/clanespectaculos\/","article_published_time":"2025-07-29T20:44:10+00:00","og_image":[{"width":900,"height":504,"url":"https:\/\/radioclanfm.com\/clanespectaculos\/wp-content\/uploads\/sites\/2\/2025\/07\/V-enwsKH.jpg","type":"image\/jpeg"}],"author":"E-GRUPOCLAN","twitter_card":"summary_large_image","twitter_creator":"@clanespectok","twitter_site":"@clanespectok","twitter_misc":{"Escrito por":"E-GRUPOCLAN","Tiempo de lectura":"3 minutos"},"schema":{"@context":"https:\/\/schema.org","@graph":[{"@type":"Article","@id":"https:\/\/radioclanfm.com\/clanespectaculos\/la-conmovedora-reaccion-de-pampita-al-enterarse-de-la-muerte-de-mila-la-nieta-de-cris-morena\/#article","isPartOf":{"@id":"https:\/\/radioclanfm.com\/clanespectaculos\/la-conmovedora-reaccion-de-pampita-al-enterarse-de-la-muerte-de-mila-la-nieta-de-cris-morena\/"},"author":{"name":"E-GRUPOCLAN","@id":"https:\/\/radioclanfm.com\/clanespectaculos\/#\/schema\/person\/9734813083303230f3ad84d99171b20c"},"headline":"La conmovedora reacci\u00f3n de Pampita al enterarse de la muerte de Mila, la nieta de Cris Morena","datePublished":"2025-07-29T20:44:10+00:00","mainEntityOfPage":{"@id":"https:\/\/radioclanfm.com\/clanespectaculos\/la-conmovedora-reaccion-de-pampita-al-enterarse-de-la-muerte-de-mila-la-nieta-de-cris-morena\/"},"wordCount":577,"commentCount":0,"publisher":{"@id":"https:\/\/radioclanfm.com\/clanespectaculos\/#organization"},"image":{"@id":"https:\/\/radioclanfm.com\/clanespectaculos\/la-conmovedora-reaccion-de-pampita-al-enterarse-de-la-muerte-de-mila-la-nieta-de-cris-morena\/#primaryimage"},"thumbnailUrl":"https:\/\/radioclanfm.com\/clanespectaculos\/wp-content\/uploads\/sites\/2\/2025\/07\/V-enwsKH.jpg","articleSection":["Espectaculos"],"inLanguage":"es-AR","potentialAction":[{"@type":"CommentAction","name":"Comment","target":["https:\/\/radioclanfm.com\/clanespectaculos\/la-conmovedora-reaccion-de-pampita-al-enterarse-de-la-muerte-de-mila-la-nieta-de-cris-morena\/#respond"]}]},{"@type":"WebPage","@id":"https:\/\/radioclanfm.com\/clanespectaculos\/la-conmovedora-reaccion-de-pampita-al-enterarse-de-la-muerte-de-mila-la-nieta-de-cris-morena\/","url":"https:\/\/radioclanfm.com\/clanespectaculos\/la-conmovedora-reaccion-de-pampita-al-enterarse-de-la-muerte-de-mila-la-nieta-de-cris-morena\/","name":"La conmovedora reacci\u00f3n de Pampita al enterarse de la muerte de Mila, la nieta de Cris Morena - CLAN ESPECTACULOS","isPartOf":{"@id":"https:\/\/radioclanfm.com\/clanespectaculos\/#website"},"primaryImageOfPage":{"@id":"https:\/\/radioclanfm.com\/clanespectaculos\/la-conmovedora-reaccion-de-pampita-al-enterarse-de-la-muerte-de-mila-la-nieta-de-cris-morena\/#primaryimage"},"image":{"@id":"https:\/\/radioclanfm.com\/clanespectaculos\/la-conmovedora-reaccion-de-pampita-al-enterarse-de-la-muerte-de-mila-la-nieta-de-cris-morena\/#primaryimage"},"thumbnailUrl":"https:\/\/radioclanfm.com\/clanespectaculos\/wp-content\/uploads\/sites\/2\/2025\/07\/V-enwsKH.jpg","datePublished":"2025-07-29T20:44:10+00:00","breadcrumb":{"@id":"https:\/\/radioclanfm.com\/clanespectaculos\/la-conmovedora-reaccion-de-pampita-al-enterarse-de-la-muerte-de-mila-la-nieta-de-cris-morena\/#breadcrumb"},"inLanguage":"es-AR","potentialAction":[{"@type":"ReadAction","target":["https:\/\/radioclanfm.com\/clanespectaculos\/la-conmovedora-reaccion-de-pampita-al-enterarse-de-la-muerte-de-mila-la-nieta-de-cris-morena\/"]}]},{"@type":"ImageObject","inLanguage":"es-AR","@id":"https:\/\/radioclanfm.com\/clanespectaculos\/la-conmovedora-reaccion-de-pampita-al-enterarse-de-la-muerte-de-mila-la-nieta-de-cris-morena\/#primaryimage","url":"https:\/\/radioclanfm.com\/clanespectaculos\/wp-content\/uploads\/sites\/2\/2025\/07\/V-enwsKH.jpg","contentUrl":"https:\/\/radioclanfm.com\/clanespectaculos\/wp-content\/uploads\/sites\/2\/2025\/07\/V-enwsKH.jpg","width":900,"height":504},{"@type":"BreadcrumbList","@id":"https:\/\/radioclanfm.com\/clanespectaculos\/la-conmovedora-reaccion-de-pampita-al-enterarse-de-la-muerte-de-mila-la-nieta-de-cris-morena\/#breadcrumb","itemListElement":[{"@type":"ListItem","position":1,"name":"Inicio","item":"https:\/\/radioclanfm.com\/clanespectaculos\/"},{"@type":"ListItem","position":2,"name":"La conmovedora reacci\u00f3n de Pampita al enterarse de la muerte de Mila, la nieta de Cris Morena"}]},{"@type":"WebSite","@id":"https:\/\/radioclanfm.com\/clanespectaculos\/#website","url":"https:\/\/radioclanfm.com\/clanespectaculos\/","name":"CLAN ESPECTACULOS","description":"","publisher":{"@id":"https:\/\/radioclanfm.com\/clanespectaculos\/#organization"},"potentialAction":[{"@type":"SearchAction","target":{"@type":"EntryPoint","urlTemplate":"https:\/\/radioclanfm.com\/clanespectaculos\/?s={search_term_string}"},"query-input":{"@type":"PropertyValueSpecification","valueRequired":true,"valueName":"search_term_string"}}],"inLanguage":"es-AR"},{"@type":"Organization","@id":"https:\/\/radioclanfm.com\/clanespectaculos\/#organization","name":"CLAN ESPECTACULOS","url":"https:\/\/radioclanfm.com\/clanespectaculos\/","logo":{"@type":"ImageObject","inLanguage":"es-AR","@id":"https:\/\/radioclanfm.com\/clanespectaculos\/#\/schema\/logo\/image\/","url":"https:\/\/radioclanfm.com\/clanespectaculos\/wp-content\/uploads\/sites\/2\/2026\/04\/ChatGPT-Image-23-mar-2026-10_09_00.png","contentUrl":"https:\/\/radioclanfm.com\/clanespectaculos\/wp-content\/uploads\/sites\/2\/2026\/04\/ChatGPT-Image-23-mar-2026-10_09_00.png","width":1024,"height":1024,"caption":"CLAN ESPECTACULOS"},"image":{"@id":"https:\/\/radioclanfm.com\/clanespectaculos\/#\/schema\/logo\/image\/"},"sameAs":["https:\/\/www.facebook.com\/clanespectaculos\/","https:\/\/x.com\/clanespectok"]},{"@type":"Person","@id":"https:\/\/radioclanfm.com\/clanespectaculos\/#\/schema\/person\/9734813083303230f3ad84d99171b20c","name":"E-GRUPOCLAN","image":{"@type":"ImageObject","inLanguage":"es-AR","@id":"https:\/\/secure.gravatar.com\/avatar\/af6e19837c3d6a212034a48c7b3818d2ac1826f6025df0155da5a186ad321d79?s=96&d=mm&r=g","url":"https:\/\/secure.gravatar.com\/avatar\/af6e19837c3d6a212034a48c7b3818d2ac1826f6025df0155da5a186ad321d79?s=96&d=mm&r=g","contentUrl":"https:\/\/secure.gravatar.com\/avatar\/af6e19837c3d6a212034a48c7b3818d2ac1826f6025df0155da5a186ad321d79?s=96&d=mm&r=g","caption":"E-GRUPOCLAN"},"sameAs":["https:\/\/radioclanfm.com"],"url":"https:\/\/radioclanfm.com\/clanespectaculos\/author\/admin\/"}]}},"_links":{"self":[{"href":"https:\/\/radioclanfm.com\/clanespectaculos\/wp-json\/wp\/v2\/posts\/3612","targetHints":{"allow":["GET"]}}],"collection":[{"href":"https:\/\/radioclanfm.com\/clanespectaculos\/wp-json\/wp\/v2\/posts"}],"about":[{"href":"https:\/\/radioclanfm.com\/clanespectaculos\/wp-json\/wp\/v2\/types\/post"}],"author":[{"embeddable":true,"href":"https:\/\/radioclanfm.com\/clanespectaculos\/wp-json\/wp\/v2\/users\/1"}],"replies":[{"embeddable":true,"href":"https:\/\/radioclanfm.com\/clanespectaculos\/wp-json\/wp\/v2\/comments?post=3612"}],"version-history":[{"count":1,"href":"https:\/\/radioclanfm.com\/clanespectaculos\/wp-json\/wp\/v2\/posts\/3612\/revisions"}],"predecessor-version":[{"id":3616,"href":"https:\/\/radioclanfm.com\/clanespectaculos\/wp-json\/wp\/v2\/posts\/3612\/revisions\/3616"}],"wp:featuredmedia":[{"embeddable":true,"href":"https:\/\/radioclanfm.com\/clanespectaculos\/wp-json\/wp\/v2\/media\/3615"}],"wp:attachment":[{"href":"https:\/\/radioclanfm.com\/clanespectaculos\/wp-json\/wp\/v2\/media?parent=3612"}],"wp:term":[{"taxonomy":"category","embeddable":true,"href":"https:\/\/radioclanfm.com\/clanespectaculos\/wp-json\/wp\/v2\/categories?post=3612"},{"taxonomy":"post_tag","embeddable":true,"href":"https:\/\/radioclanfm.com\/clanespectaculos\/wp-json\/wp\/v2\/tags?post=3612"}],"curies":[{"name":"wp","href":"https:\/\/api.w.org\/{rel}","templated":true}]}}