{"id":3601,"date":"2025-07-29T17:36:09","date_gmt":"2025-07-29T20:36:09","guid":{"rendered":"https:\/\/radioclanfm.com\/clanespectaculos\/?p=3601"},"modified":"2025-07-29T17:36:09","modified_gmt":"2025-07-29T20:36:09","slug":"las-fotos-de-mila-yankelevich-la-nieta-de-cris-morena-que-murio-en-un-accidente-en-miami","status":"publish","type":"post","link":"https:\/\/radioclanfm.com\/clanespectaculos\/las-fotos-de-mila-yankelevich-la-nieta-de-cris-morena-que-murio-en-un-accidente-en-miami\/","title":{"rendered":"Las fotos de Mila Yankelevich, la nieta de Cris Morena que muri\u00f3 en un accidente en Miami"},"content":{"rendered":"<div class=\"col-content\"><main class=\"col-content\"><\/p>\n<div class=\"default-article-color article__body article__article\">\n<p class=\"paragraph font__body-regular\">La muerte de\u00a0<b>Mila Yankelevich<\/b>, la nieta de 7 a\u00f1os de\u00a0<b>Cris Morena<\/b>\u00a0y Gustavo Yankelevich, mantiene conmocionado al pa\u00eds y al mundo del espect\u00e1culo.<\/p>\n<div class=\"AV67f93cf033780503b00636a7\">\n<div id=\"aniBox\">\n<div id=\"aniplayer_AV67f93cf033780503b00636a7-1753821220496\">\n<div id=\"aniplayer_AV67f93cf033780503b00636a7-1753821220496gui\">\n<div id=\"av-caption\">\n<div id=\"av-close-btn-overlay\" class=\"av-pos-top-left\"><\/div>\n<\/div>\n<\/div>\n<div id=\"anibid\"><img loading=\"lazy\" decoding=\"async\" class=\"alignnone wp-image-3602 size-full\" src=\"https:\/\/radioclanfm.com\/clanespectaculos\/wp-content\/uploads\/sites\/2\/2025\/07\/GxC_oE8XEAAZ-wj.jpg\" alt=\"\" width=\"1274\" height=\"1282\" srcset=\"https:\/\/radioclanfm.com\/clanespectaculos\/wp-content\/uploads\/sites\/2\/2025\/07\/GxC_oE8XEAAZ-wj.jpg 1274w, https:\/\/radioclanfm.com\/clanespectaculos\/wp-content\/uploads\/sites\/2\/2025\/07\/GxC_oE8XEAAZ-wj-298x300.jpg 298w, https:\/\/radioclanfm.com\/clanespectaculos\/wp-content\/uploads\/sites\/2\/2025\/07\/GxC_oE8XEAAZ-wj-1018x1024.jpg 1018w, https:\/\/radioclanfm.com\/clanespectaculos\/wp-content\/uploads\/sites\/2\/2025\/07\/GxC_oE8XEAAZ-wj-150x151.jpg 150w, https:\/\/radioclanfm.com\/clanespectaculos\/wp-content\/uploads\/sites\/2\/2025\/07\/GxC_oE8XEAAZ-wj-768x773.jpg 768w, https:\/\/radioclanfm.com\/clanespectaculos\/wp-content\/uploads\/sites\/2\/2025\/07\/GxC_oE8XEAAZ-wj-300x302.jpg 300w, https:\/\/radioclanfm.com\/clanespectaculos\/wp-content\/uploads\/sites\/2\/2025\/07\/GxC_oE8XEAAZ-wj-696x700.jpg 696w, https:\/\/radioclanfm.com\/clanespectaculos\/wp-content\/uploads\/sites\/2\/2025\/07\/GxC_oE8XEAAZ-wj-1068x1075.jpg 1068w\" sizes=\"auto, (max-width: 1274px) 100vw, 1274px\" \/><\/div>\n<\/div>\n<\/div>\n<\/div>\n<p class=\"paragraph font__body-regular\">El deceso ocurri\u00f3 este lunes, cuando la peque\u00f1a\u00a0<b>participaba en un campamento n\u00e1utico y el velero en el que viajaba colision\u00f3 contra una barcaza.<\/b><\/p>\n<p class=\"paragraph font__body-regular\">Mila naci\u00f3 fruto del amor entre Tom\u00e1s Yankelevich y de la actriz Sof\u00eda Reca. La nena<b>\u00a0era la menor de los cinco nietos de la empresaria.<\/b><\/p>\n<figure class=\"\" data-testid=\"figure-testid\">\n<div class=\"aspect_ratio__container\"><picture class=\"responsive-image\"><source srcset=\"https:\/\/tn.com.ar\/resizer\/v2\/mila-yankelevich-era-la-nieta-menor-de-cris-morena-foto-instagram-bycrismorena-RQRAJH3HPZFFPFNJP5NPH6B5RA.jpg?auth=01f03e2789613f1a2d934d7febbf7c0acb68e865864a1772804477a9bbce096b&amp;width=767\" type=\"image\/jpg\" media=\"(max-width: 728px)\" \/><source srcset=\"https:\/\/tn.com.ar\/resizer\/v2\/mila-yankelevich-era-la-nieta-menor-de-cris-morena-foto-instagram-bycrismorena-RQRAJH3HPZFFPFNJP5NPH6B5RA.jpg?auth=01f03e2789613f1a2d934d7febbf7c0acb68e865864a1772804477a9bbce096b&amp;width=1023\" type=\"image\/jpg\" media=\"(max-width: 1023px)\" \/><source srcset=\"https:\/\/tn.com.ar\/resizer\/v2\/mila-yankelevich-era-la-nieta-menor-de-cris-morena-foto-instagram-bycrismorena-RQRAJH3HPZFFPFNJP5NPH6B5RA.jpg?auth=01f03e2789613f1a2d934d7febbf7c0acb68e865864a1772804477a9bbce096b&amp;width=1440\" type=\"image\/jpg\" \/><img loading=\"lazy\" decoding=\"async\" class=\"image content-image image_placeholder\" src=\"https:\/\/tn.com.ar\/resizer\/v2\/mila-yankelevich-era-la-nieta-menor-de-cris-morena-foto-instagram-bycrismorena-RQRAJH3HPZFFPFNJP5NPH6B5RA.jpg?auth=01f03e2789613f1a2d934d7febbf7c0acb68e865864a1772804477a9bbce096b&amp;width=767\" alt=\"Mila Yankelevich era la nieta menor de Cris Morena. (Foto: Instagram \/ bycrismorena)\" width=\"767\" height=\"430\" data-testid=\"loading-testid\" \/><\/picture><\/div><figcaption class=\"caption_image\" data-testid=\"figcaption-testid\">\n<div class=\"image_caption \">Mila Yankelevich era la nieta menor de Cris Morena. (Foto: Instagram \/ bycrismorena)<\/div>\n<\/figcaption><\/figure>\n<p class=\"paragraph font__body-regular\">Entre Cris y Mila siempre hubo un v\u00ednculo especial y la renombrada productora siempre se mostr\u00f3 orgullosa de ella. En algunos posteos en sus redes,\u00a0<b>se refer\u00eda a su nieta como \u201cMi todo\u201d y \u201cMi hadita feliz\u201c<\/b>, en alusi\u00f3n a su personalidad despierta, feliz y amorosa de la nena.<\/p>\n<figure class=\"\" data-testid=\"figure-testid\">\n<div class=\"aspect_ratio__container\"><picture class=\"responsive-image\"><source srcset=\"https:\/\/tn.com.ar\/resizer\/v2\/con-mila-cris-morena-tenia-un-vinculo-muy-especial-foto-instagram-bycrismorena-73I6BPGZ6JD4JBO7UMMAFIXROA.jpg?auth=17b81052121d2783e605252d9a8d1e8a4845d98bdc55bbdb6d6090812b342d5f&amp;width=767\" type=\"image\/jpg\" media=\"(max-width: 728px)\" \/><source srcset=\"https:\/\/tn.com.ar\/resizer\/v2\/con-mila-cris-morena-tenia-un-vinculo-muy-especial-foto-instagram-bycrismorena-73I6BPGZ6JD4JBO7UMMAFIXROA.jpg?auth=17b81052121d2783e605252d9a8d1e8a4845d98bdc55bbdb6d6090812b342d5f&amp;width=1023\" type=\"image\/jpg\" media=\"(max-width: 1023px)\" \/><source srcset=\"https:\/\/tn.com.ar\/resizer\/v2\/con-mila-cris-morena-tenia-un-vinculo-muy-especial-foto-instagram-bycrismorena-73I6BPGZ6JD4JBO7UMMAFIXROA.jpg?auth=17b81052121d2783e605252d9a8d1e8a4845d98bdc55bbdb6d6090812b342d5f&amp;width=1440\" type=\"image\/jpg\" \/><img loading=\"lazy\" decoding=\"async\" class=\"image content-image image_placeholder\" src=\"https:\/\/tn.com.ar\/resizer\/v2\/con-mila-cris-morena-tenia-un-vinculo-muy-especial-foto-instagram-bycrismorena-73I6BPGZ6JD4JBO7UMMAFIXROA.jpg?auth=17b81052121d2783e605252d9a8d1e8a4845d98bdc55bbdb6d6090812b342d5f&amp;width=767\" alt=\"Con Mila, Cris Morena ten\u00eda un v\u00ednculo muy especial. (Foto: Instagram \/ bycrismorena)\" width=\"767\" height=\"430\" data-testid=\"loading-testid\" \/><\/picture><\/div><figcaption class=\"caption_image\" data-testid=\"figcaption-testid\">\n<div class=\"image_caption \">Con Mila, Cris Morena ten\u00eda un v\u00ednculo muy especial. (Foto: Instagram \/ bycrismorena)<\/div>\n<\/figcaption><\/figure>\n<p class=\"paragraph font__body-regular\">Tal como sucede con muchos de los nenes nacidos entre familias vinculadas al mundo de la far\u00e1ndula, Mila causaba gran curiosidad entre los fans de Cris.<\/p>\n<p class=\"paragraph font__body-regular\">Aunque sus padres decidieron mantener la vida de la peque\u00f1a a cierta distancia de las c\u00e1maras, era su abuela quien en ocasiones\u00a0<b>mostraba las postales m\u00e1s tiernas de Mila, siempre en momentos familiares, rodeada de amor y momentos \u00fanicos.<\/b><\/p>\n<figure class=\"\" data-testid=\"figure-testid\">\n<div class=\"aspect_ratio__container\"><picture class=\"responsive-image\"><source srcset=\"https:\/\/tn.com.ar\/resizer\/v2\/mila-era-hija-de-tomas-yankelevich-y-la-actriz-sofia-reca-foto-instagram-bycrismorena-KDHSQWZS2FAAZLNHXJWNPBUDBI.jpg?auth=858f9ab75b19e8962f64d0f19b0b002f42638eee2e7dfaf2536847d01500564a&amp;width=767\" type=\"image\/jpg\" media=\"(max-width: 728px)\" \/><source srcset=\"https:\/\/tn.com.ar\/resizer\/v2\/mila-era-hija-de-tomas-yankelevich-y-la-actriz-sofia-reca-foto-instagram-bycrismorena-KDHSQWZS2FAAZLNHXJWNPBUDBI.jpg?auth=858f9ab75b19e8962f64d0f19b0b002f42638eee2e7dfaf2536847d01500564a&amp;width=1023\" type=\"image\/jpg\" media=\"(max-width: 1023px)\" \/><source srcset=\"https:\/\/tn.com.ar\/resizer\/v2\/mila-era-hija-de-tomas-yankelevich-y-la-actriz-sofia-reca-foto-instagram-bycrismorena-KDHSQWZS2FAAZLNHXJWNPBUDBI.jpg?auth=858f9ab75b19e8962f64d0f19b0b002f42638eee2e7dfaf2536847d01500564a&amp;width=1440\" type=\"image\/jpg\" \/><img loading=\"lazy\" decoding=\"async\" class=\"image content-image image_placeholder\" src=\"https:\/\/tn.com.ar\/resizer\/v2\/mila-era-hija-de-tomas-yankelevich-y-la-actriz-sofia-reca-foto-instagram-bycrismorena-KDHSQWZS2FAAZLNHXJWNPBUDBI.jpg?auth=858f9ab75b19e8962f64d0f19b0b002f42638eee2e7dfaf2536847d01500564a&amp;width=767\" alt=\"Mila, era hija de Tom\u00e1s Yankelevich y la actriz Sof\u00eda Reca (Foto: Instagram \/ bycrismorena)\" width=\"767\" height=\"430\" data-testid=\"loading-testid\" \/><\/picture><\/div><figcaption class=\"caption_image\" data-testid=\"figcaption-testid\">\n<div class=\"image_caption \">Mila, era hija de Tom\u00e1s Yankelevich y la actriz Sof\u00eda Reca (Foto: Instagram \/ bycrismorena)<\/div>\n<\/figcaption><\/figure>\n<h2 class=\"font--primary font__display\">Tragedia en Miami: c\u00f3mo era el d\u00eda a d\u00eda de Mila Yankelevich, la nieta de Cris Morena<\/h2>\n<p class=\"paragraph font__body-regular\">Los pap\u00e1s de Mila, Tom\u00e1s y Sof\u00eda, se conocieron en una fiesta y luego de un a\u00f1o de noviazgo se casaron en 20 de diciembre de 2008. Dos a\u00f1os despu\u00e9s naci\u00f3 su primer hijo, Inti, y en febrero de 2018, naci\u00f3 Mila.<\/p>\n<p class=\"paragraph font__body-regular\">Tras renunciar a su cargo en\u00a0<i>Telefe\u00a0<\/i>y mudarse a Miami, Tom\u00e1s Yankelevich asumi\u00f3 el cargo de vicepresidente ejecutivo de contenidos generales de entretenimiento de Turner Latinoam\u00e9rica.<\/p>\n<figure class=\"\" data-testid=\"figure-testid\">\n<div class=\"aspect_ratio__container\"><picture class=\"responsive-image\"><source srcset=\"https:\/\/tn.com.ar\/resizer\/v2\/mila-nacio-el-13-de-febrero-de-2018-foto-instagram-princesamilayan-YTCTW7DST5FG7DLI3QX363OMLM.JPG?auth=2b87b20395d38d1b4d92decbf187bfd2a057e5c9cff25851cd5e2f53066caca8&amp;width=767\" type=\"image\/jpg\" media=\"(max-width: 728px)\" \/><source srcset=\"https:\/\/tn.com.ar\/resizer\/v2\/mila-nacio-el-13-de-febrero-de-2018-foto-instagram-princesamilayan-YTCTW7DST5FG7DLI3QX363OMLM.JPG?auth=2b87b20395d38d1b4d92decbf187bfd2a057e5c9cff25851cd5e2f53066caca8&amp;width=1023\" type=\"image\/jpg\" media=\"(max-width: 1023px)\" \/><source srcset=\"https:\/\/tn.com.ar\/resizer\/v2\/mila-nacio-el-13-de-febrero-de-2018-foto-instagram-princesamilayan-YTCTW7DST5FG7DLI3QX363OMLM.JPG?auth=2b87b20395d38d1b4d92decbf187bfd2a057e5c9cff25851cd5e2f53066caca8&amp;width=1440\" type=\"image\/jpg\" \/><img loading=\"lazy\" decoding=\"async\" class=\"image content-image image_placeholder\" src=\"https:\/\/tn.com.ar\/resizer\/v2\/mila-nacio-el-13-de-febrero-de-2018-foto-instagram-princesamilayan-YTCTW7DST5FG7DLI3QX363OMLM.JPG?auth=2b87b20395d38d1b4d92decbf187bfd2a057e5c9cff25851cd5e2f53066caca8&amp;width=767\" alt=\"Mila naci\u00f3 el 13 de febrero de 2018 (Foto: Instagram \/ princesamilayan)\" width=\"767\" height=\"873\" data-testid=\"loading-testid\" \/><\/picture><\/div><figcaption class=\"caption_image\" data-testid=\"figcaption-testid\">\n<div class=\"image_caption \">Mila naci\u00f3 el 13 de febrero de 2018 (Foto: Instagram \/ princesamilayan)<\/div>\n<\/figcaption><\/figure>\n<p class=\"paragraph font__body-regular\">La familia vive en una lujosa casa de cinco pisos y cuatro dormitorios ubicada en la playa Ocean 7 en Surfside, por la que habr\u00edan pagado\u00a0<b>5,7 millones de d\u00f3lares<\/b>\u00a0seg\u00fan\u00a0<i>The Real Deal<\/i>.<\/p>\n<p class=\"paragraph font__body-regular\">La casa posee adem\u00e1s una pileta y una terraza con sauna y cocina de verano. Tambi\u00e9n cuenta con suelos de m\u00e1rmol y hasta un ascensor.<\/p>\n<figure class=\"\" data-testid=\"figure-testid\">\n<div class=\"aspect_ratio__container\"><picture class=\"responsive-image\"><source srcset=\"https:\/\/tn.com.ar\/resizer\/v2\/asi-es-la-casa-en-la-que-vive-tomas-yankelevitch-con-su-familia-en-miami-foto-gentileza-the-real-deal-V25YFIVWWJFNPDDIHW5FBYVT6U.jpg?auth=04e527f28457ee084dbf002ba5bdc539eb56b9a8111a5955805119a571cfd3cb&amp;width=767\" type=\"image\/jpg\" media=\"(max-width: 728px)\" \/><source srcset=\"https:\/\/tn.com.ar\/resizer\/v2\/asi-es-la-casa-en-la-que-vive-tomas-yankelevitch-con-su-familia-en-miami-foto-gentileza-the-real-deal-V25YFIVWWJFNPDDIHW5FBYVT6U.jpg?auth=04e527f28457ee084dbf002ba5bdc539eb56b9a8111a5955805119a571cfd3cb&amp;width=1023\" type=\"image\/jpg\" media=\"(max-width: 1023px)\" \/><source srcset=\"https:\/\/tn.com.ar\/resizer\/v2\/asi-es-la-casa-en-la-que-vive-tomas-yankelevitch-con-su-familia-en-miami-foto-gentileza-the-real-deal-V25YFIVWWJFNPDDIHW5FBYVT6U.jpg?auth=04e527f28457ee084dbf002ba5bdc539eb56b9a8111a5955805119a571cfd3cb&amp;width=1440\" type=\"image\/jpg\" \/><img loading=\"lazy\" decoding=\"async\" class=\"image content-image image_placeholder\" src=\"https:\/\/tn.com.ar\/resizer\/v2\/asi-es-la-casa-en-la-que-vive-tomas-yankelevitch-con-su-familia-en-miami-foto-gentileza-the-real-deal-V25YFIVWWJFNPDDIHW5FBYVT6U.jpg?auth=04e527f28457ee084dbf002ba5bdc539eb56b9a8111a5955805119a571cfd3cb&amp;width=767\" alt=\"As\u00ed es la casa en la que vive Tom\u00e1s Yankelevitch con su familia en Miami. (Foto: gentileza The Real Deal).\" width=\"767\" height=\"430\" data-testid=\"loading-testid\" \/><\/picture><\/div><figcaption class=\"caption_image\" data-testid=\"figcaption-testid\">\n<div class=\"image_caption \">As\u00ed es la casa en la que vive Tom\u00e1s Yankelevitch con su familia en Miami. (Foto: gentileza The Real Deal).<\/div>\n<\/figcaption><\/figure>\n<p class=\"paragraph font__body-regular\">En las redes sociales hay fotos de la nena en sus cumplea\u00f1os, disfrazada de hada y junto a su familia. &#8220;<b>Mila. Mi chiquitita m\u00e1s linda del mundo<\/b>&#8230; Mi coraz\u00f3n rojo, mi todo todo\u2026 Eleg\u00ed esta canci\u00f3n que se llama \u2018Todo Todo\u2019 porque yo creo que todo lo que desees con tu coraz\u00f3n rojo lo vas a poder tener porque sale de tu coraz\u00f3n\u2026\u201c, le dedic\u00f3 un posteo su orgullosa abuela el a\u00f1o pasado.<\/p>\n<figure class=\"\" data-testid=\"figure-testid\">\n<div class=\"aspect_ratio__container\"><picture class=\"responsive-image\"><source srcset=\"https:\/\/tn.com.ar\/resizer\/v2\/mila-era-hija-de-tomas-yankelevich-y-la-nieta-menor-de-cris-morena-foto-instagram-crismorena-OIL4LNSXXBBTLOXWCVRDHAGDPA.jpg?auth=d03d5de1a7b3e249ed4f14d9ee27f3305ea3fe38165b022000760b3f221652bf&amp;width=767\" type=\"image\/jpg\" media=\"(max-width: 728px)\" \/><source srcset=\"https:\/\/tn.com.ar\/resizer\/v2\/mila-era-hija-de-tomas-yankelevich-y-la-nieta-menor-de-cris-morena-foto-instagram-crismorena-OIL4LNSXXBBTLOXWCVRDHAGDPA.jpg?auth=d03d5de1a7b3e249ed4f14d9ee27f3305ea3fe38165b022000760b3f221652bf&amp;width=1023\" type=\"image\/jpg\" media=\"(max-width: 1023px)\" \/><source srcset=\"https:\/\/tn.com.ar\/resizer\/v2\/mila-era-hija-de-tomas-yankelevich-y-la-nieta-menor-de-cris-morena-foto-instagram-crismorena-OIL4LNSXXBBTLOXWCVRDHAGDPA.jpg?auth=d03d5de1a7b3e249ed4f14d9ee27f3305ea3fe38165b022000760b3f221652bf&amp;width=1440\" type=\"image\/jpg\" \/><img loading=\"lazy\" decoding=\"async\" class=\"image content-image image_placeholder\" src=\"https:\/\/tn.com.ar\/resizer\/v2\/mila-era-hija-de-tomas-yankelevich-y-la-nieta-menor-de-cris-morena-foto-instagram-crismorena-OIL4LNSXXBBTLOXWCVRDHAGDPA.jpg?auth=d03d5de1a7b3e249ed4f14d9ee27f3305ea3fe38165b022000760b3f221652bf&amp;width=767\" alt=\"Mila era hija de Tom\u00e1s Yankelevich y la nieta menor de Cris Morena (Foto: Instagram \/ crismorena)\" width=\"767\" height=\"430\" data-testid=\"loading-testid\" \/><\/picture><\/div><figcaption class=\"caption_image\" data-testid=\"figcaption-testid\">\n<div class=\"image_caption \">Mila era hija de Tom\u00e1s Yankelevich y la nieta menor de Cris Morena (Foto: Instagram \/ crismorena)<\/div>\n<\/figcaption><\/figure>\n<p class=\"paragraph font__body-regular\">\n<\/div>\n<p><\/main><\/div>\n<aside class=\"col-right-rail right-rail\">\n<div id=\"parent-ad-slot-caja\" class=\"ad-container caja_ad \">\n<div class=\"ad-content\">\n<div id=\"ad-slot-caja\" class=\"ad-slot-caja ad-slot\" data-adtype=\"caja\" data-google-query-id=\"CL6Vsaz14o4DFd8W4AMdv7IdeQ\"><\/div>\n<\/div>\n<\/div>\n<\/aside>\n","protected":false},"excerpt":{"rendered":"<p>La muerte de\u00a0Mila Yankelevich, la nieta de 7 a\u00f1os de\u00a0Cris Morena\u00a0y Gustavo Yankelevich, mantiene conmocionado al pa\u00eds y al mundo del espect\u00e1culo. El deceso ocurri\u00f3 este lunes, cuando la peque\u00f1a\u00a0participaba en un campamento n\u00e1utico y el velero en el que viajaba colision\u00f3 contra una barcaza. Mila naci\u00f3 fruto del amor entre Tom\u00e1s Yankelevich y de [&hellip;]<\/p>\n","protected":false},"author":1,"featured_media":3602,"comment_status":"open","ping_status":"open","sticky":false,"template":"","format":"standard","meta":{"rop_custom_images_group":[],"rop_custom_messages_group":[],"rop_publish_now":"initial","rop_publish_now_accounts":[],"rop_publish_now_history":[],"rop_publish_now_status":"pending","footnotes":"","jetpack_publicize_message":"","jetpack_publicize_feature_enabled":true,"jetpack_social_post_already_shared":true,"jetpack_social_options":{"image_generator_settings":{"template":"highway","enabled":false},"version":2}},"categories":[12],"tags":[],"class_list":{"0":"post-3601","1":"post","2":"type-post","3":"status-publish","4":"format-standard","5":"has-post-thumbnail","7":"category-espectaculos"},"jetpack_publicize_connections":[],"yoast_head":"<!-- This site is optimized with the Yoast SEO plugin v27.3 - https:\/\/yoast.com\/product\/yoast-seo-wordpress\/ -->\n<title>Las fotos de Mila Yankelevich, la nieta de Cris Morena que muri\u00f3 en un accidente en Miami - CLAN ESPECTACULOS<\/title>\n<meta name=\"robots\" content=\"index, follow, max-snippet:-1, max-image-preview:large, max-video-preview:-1\" \/>\n<link rel=\"canonical\" href=\"https:\/\/radioclanfm.com\/clanespectaculos\/las-fotos-de-mila-yankelevich-la-nieta-de-cris-morena-que-murio-en-un-accidente-en-miami\/\" \/>\n<meta property=\"og:locale\" content=\"es_ES\" \/>\n<meta property=\"og:type\" content=\"article\" \/>\n<meta property=\"og:title\" content=\"Las fotos de Mila Yankelevich, la nieta de Cris Morena que muri\u00f3 en un accidente en Miami - CLAN ESPECTACULOS\" \/>\n<meta property=\"og:description\" content=\"La muerte de\u00a0Mila Yankelevich, la nieta de 7 a\u00f1os de\u00a0Cris Morena\u00a0y Gustavo Yankelevich, mantiene conmocionado al pa\u00eds y al mundo del espect\u00e1culo. El deceso ocurri\u00f3 este lunes, cuando la peque\u00f1a\u00a0participaba en un campamento n\u00e1utico y el velero en el que viajaba colision\u00f3 contra una barcaza. Mila naci\u00f3 fruto del amor entre Tom\u00e1s Yankelevich y de [&hellip;]\" \/>\n<meta property=\"og:url\" content=\"https:\/\/radioclanfm.com\/clanespectaculos\/las-fotos-de-mila-yankelevich-la-nieta-de-cris-morena-que-murio-en-un-accidente-en-miami\/\" \/>\n<meta property=\"og:site_name\" content=\"CLAN ESPECTACULOS\" \/>\n<meta property=\"article:publisher\" content=\"https:\/\/www.facebook.com\/clanespectaculos\/\" \/>\n<meta property=\"article:published_time\" content=\"2025-07-29T20:36:09+00:00\" \/>\n<meta property=\"og:image\" content=\"https:\/\/radioclanfm.com\/clanespectaculos\/wp-content\/uploads\/sites\/2\/2025\/07\/GxC_oE8XEAAZ-wj.jpg\" \/>\n\t<meta property=\"og:image:width\" content=\"1274\" \/>\n\t<meta property=\"og:image:height\" content=\"1282\" \/>\n\t<meta property=\"og:image:type\" content=\"image\/jpeg\" \/>\n<meta name=\"author\" content=\"E-GRUPOCLAN\" \/>\n<meta name=\"twitter:card\" content=\"summary_large_image\" \/>\n<meta name=\"twitter:creator\" content=\"@clanespectok\" \/>\n<meta name=\"twitter:site\" content=\"@clanespectok\" \/>\n<meta name=\"twitter:label1\" content=\"Escrito por\" \/>\n\t<meta name=\"twitter:data1\" content=\"E-GRUPOCLAN\" \/>\n\t<meta name=\"twitter:label2\" content=\"Tiempo de lectura\" \/>\n\t<meta name=\"twitter:data2\" content=\"3 minutos\" \/>\n<script type=\"application\/ld+json\" class=\"yoast-schema-graph\">{\"@context\":\"https:\\\/\\\/schema.org\",\"@graph\":[{\"@type\":\"Article\",\"@id\":\"https:\\\/\\\/radioclanfm.com\\\/clanespectaculos\\\/las-fotos-de-mila-yankelevich-la-nieta-de-cris-morena-que-murio-en-un-accidente-en-miami\\\/#article\",\"isPartOf\":{\"@id\":\"https:\\\/\\\/radioclanfm.com\\\/clanespectaculos\\\/las-fotos-de-mila-yankelevich-la-nieta-de-cris-morena-que-murio-en-un-accidente-en-miami\\\/\"},\"author\":{\"name\":\"E-GRUPOCLAN\",\"@id\":\"https:\\\/\\\/radioclanfm.com\\\/clanespectaculos\\\/#\\\/schema\\\/person\\\/9734813083303230f3ad84d99171b20c\"},\"headline\":\"Las fotos de Mila Yankelevich, la nieta de Cris Morena que muri\u00f3 en un accidente en Miami\",\"datePublished\":\"2025-07-29T20:36:09+00:00\",\"mainEntityOfPage\":{\"@id\":\"https:\\\/\\\/radioclanfm.com\\\/clanespectaculos\\\/las-fotos-de-mila-yankelevich-la-nieta-de-cris-morena-que-murio-en-un-accidente-en-miami\\\/\"},\"wordCount\":545,\"commentCount\":0,\"publisher\":{\"@id\":\"https:\\\/\\\/radioclanfm.com\\\/clanespectaculos\\\/#organization\"},\"image\":{\"@id\":\"https:\\\/\\\/radioclanfm.com\\\/clanespectaculos\\\/las-fotos-de-mila-yankelevich-la-nieta-de-cris-morena-que-murio-en-un-accidente-en-miami\\\/#primaryimage\"},\"thumbnailUrl\":\"https:\\\/\\\/radioclanfm.com\\\/clanespectaculos\\\/wp-content\\\/uploads\\\/sites\\\/2\\\/2025\\\/07\\\/GxC_oE8XEAAZ-wj.jpg\",\"articleSection\":[\"Espectaculos\"],\"inLanguage\":\"es-AR\",\"potentialAction\":[{\"@type\":\"CommentAction\",\"name\":\"Comment\",\"target\":[\"https:\\\/\\\/radioclanfm.com\\\/clanespectaculos\\\/las-fotos-de-mila-yankelevich-la-nieta-de-cris-morena-que-murio-en-un-accidente-en-miami\\\/#respond\"]}]},{\"@type\":\"WebPage\",\"@id\":\"https:\\\/\\\/radioclanfm.com\\\/clanespectaculos\\\/las-fotos-de-mila-yankelevich-la-nieta-de-cris-morena-que-murio-en-un-accidente-en-miami\\\/\",\"url\":\"https:\\\/\\\/radioclanfm.com\\\/clanespectaculos\\\/las-fotos-de-mila-yankelevich-la-nieta-de-cris-morena-que-murio-en-un-accidente-en-miami\\\/\",\"name\":\"Las fotos de Mila Yankelevich, la nieta de Cris Morena que muri\u00f3 en un accidente en Miami - CLAN ESPECTACULOS\",\"isPartOf\":{\"@id\":\"https:\\\/\\\/radioclanfm.com\\\/clanespectaculos\\\/#website\"},\"primaryImageOfPage\":{\"@id\":\"https:\\\/\\\/radioclanfm.com\\\/clanespectaculos\\\/las-fotos-de-mila-yankelevich-la-nieta-de-cris-morena-que-murio-en-un-accidente-en-miami\\\/#primaryimage\"},\"image\":{\"@id\":\"https:\\\/\\\/radioclanfm.com\\\/clanespectaculos\\\/las-fotos-de-mila-yankelevich-la-nieta-de-cris-morena-que-murio-en-un-accidente-en-miami\\\/#primaryimage\"},\"thumbnailUrl\":\"https:\\\/\\\/radioclanfm.com\\\/clanespectaculos\\\/wp-content\\\/uploads\\\/sites\\\/2\\\/2025\\\/07\\\/GxC_oE8XEAAZ-wj.jpg\",\"datePublished\":\"2025-07-29T20:36:09+00:00\",\"breadcrumb\":{\"@id\":\"https:\\\/\\\/radioclanfm.com\\\/clanespectaculos\\\/las-fotos-de-mila-yankelevich-la-nieta-de-cris-morena-que-murio-en-un-accidente-en-miami\\\/#breadcrumb\"},\"inLanguage\":\"es-AR\",\"potentialAction\":[{\"@type\":\"ReadAction\",\"target\":[\"https:\\\/\\\/radioclanfm.com\\\/clanespectaculos\\\/las-fotos-de-mila-yankelevich-la-nieta-de-cris-morena-que-murio-en-un-accidente-en-miami\\\/\"]}]},{\"@type\":\"ImageObject\",\"inLanguage\":\"es-AR\",\"@id\":\"https:\\\/\\\/radioclanfm.com\\\/clanespectaculos\\\/las-fotos-de-mila-yankelevich-la-nieta-de-cris-morena-que-murio-en-un-accidente-en-miami\\\/#primaryimage\",\"url\":\"https:\\\/\\\/radioclanfm.com\\\/clanespectaculos\\\/wp-content\\\/uploads\\\/sites\\\/2\\\/2025\\\/07\\\/GxC_oE8XEAAZ-wj.jpg\",\"contentUrl\":\"https:\\\/\\\/radioclanfm.com\\\/clanespectaculos\\\/wp-content\\\/uploads\\\/sites\\\/2\\\/2025\\\/07\\\/GxC_oE8XEAAZ-wj.jpg\",\"width\":1274,\"height\":1282},{\"@type\":\"BreadcrumbList\",\"@id\":\"https:\\\/\\\/radioclanfm.com\\\/clanespectaculos\\\/las-fotos-de-mila-yankelevich-la-nieta-de-cris-morena-que-murio-en-un-accidente-en-miami\\\/#breadcrumb\",\"itemListElement\":[{\"@type\":\"ListItem\",\"position\":1,\"name\":\"Inicio\",\"item\":\"https:\\\/\\\/radioclanfm.com\\\/clanespectaculos\\\/\"},{\"@type\":\"ListItem\",\"position\":2,\"name\":\"Las fotos de Mila Yankelevich, la nieta de Cris Morena que muri\u00f3 en un accidente en Miami\"}]},{\"@type\":\"WebSite\",\"@id\":\"https:\\\/\\\/radioclanfm.com\\\/clanespectaculos\\\/#website\",\"url\":\"https:\\\/\\\/radioclanfm.com\\\/clanespectaculos\\\/\",\"name\":\"CLAN ESPECTACULOS\",\"description\":\"\",\"publisher\":{\"@id\":\"https:\\\/\\\/radioclanfm.com\\\/clanespectaculos\\\/#organization\"},\"potentialAction\":[{\"@type\":\"SearchAction\",\"target\":{\"@type\":\"EntryPoint\",\"urlTemplate\":\"https:\\\/\\\/radioclanfm.com\\\/clanespectaculos\\\/?s={search_term_string}\"},\"query-input\":{\"@type\":\"PropertyValueSpecification\",\"valueRequired\":true,\"valueName\":\"search_term_string\"}}],\"inLanguage\":\"es-AR\"},{\"@type\":\"Organization\",\"@id\":\"https:\\\/\\\/radioclanfm.com\\\/clanespectaculos\\\/#organization\",\"name\":\"CLAN ESPECTACULOS\",\"url\":\"https:\\\/\\\/radioclanfm.com\\\/clanespectaculos\\\/\",\"logo\":{\"@type\":\"ImageObject\",\"inLanguage\":\"es-AR\",\"@id\":\"https:\\\/\\\/radioclanfm.com\\\/clanespectaculos\\\/#\\\/schema\\\/logo\\\/image\\\/\",\"url\":\"https:\\\/\\\/radioclanfm.com\\\/clanespectaculos\\\/wp-content\\\/uploads\\\/sites\\\/2\\\/2026\\\/04\\\/ChatGPT-Image-23-mar-2026-10_09_00.png\",\"contentUrl\":\"https:\\\/\\\/radioclanfm.com\\\/clanespectaculos\\\/wp-content\\\/uploads\\\/sites\\\/2\\\/2026\\\/04\\\/ChatGPT-Image-23-mar-2026-10_09_00.png\",\"width\":1024,\"height\":1024,\"caption\":\"CLAN ESPECTACULOS\"},\"image\":{\"@id\":\"https:\\\/\\\/radioclanfm.com\\\/clanespectaculos\\\/#\\\/schema\\\/logo\\\/image\\\/\"},\"sameAs\":[\"https:\\\/\\\/www.facebook.com\\\/clanespectaculos\\\/\",\"https:\\\/\\\/x.com\\\/clanespectok\"]},{\"@type\":\"Person\",\"@id\":\"https:\\\/\\\/radioclanfm.com\\\/clanespectaculos\\\/#\\\/schema\\\/person\\\/9734813083303230f3ad84d99171b20c\",\"name\":\"E-GRUPOCLAN\",\"image\":{\"@type\":\"ImageObject\",\"inLanguage\":\"es-AR\",\"@id\":\"https:\\\/\\\/secure.gravatar.com\\\/avatar\\\/af6e19837c3d6a212034a48c7b3818d2ac1826f6025df0155da5a186ad321d79?s=96&d=mm&r=g\",\"url\":\"https:\\\/\\\/secure.gravatar.com\\\/avatar\\\/af6e19837c3d6a212034a48c7b3818d2ac1826f6025df0155da5a186ad321d79?s=96&d=mm&r=g\",\"contentUrl\":\"https:\\\/\\\/secure.gravatar.com\\\/avatar\\\/af6e19837c3d6a212034a48c7b3818d2ac1826f6025df0155da5a186ad321d79?s=96&d=mm&r=g\",\"caption\":\"E-GRUPOCLAN\"},\"sameAs\":[\"https:\\\/\\\/radioclanfm.com\"],\"url\":\"https:\\\/\\\/radioclanfm.com\\\/clanespectaculos\\\/author\\\/admin\\\/\"}]}<\/script>\n<!-- \/ Yoast SEO plugin. -->","yoast_head_json":{"title":"Las fotos de Mila Yankelevich, la nieta de Cris Morena que muri\u00f3 en un accidente en Miami - CLAN ESPECTACULOS","robots":{"index":"index","follow":"follow","max-snippet":"max-snippet:-1","max-image-preview":"max-image-preview:large","max-video-preview":"max-video-preview:-1"},"canonical":"https:\/\/radioclanfm.com\/clanespectaculos\/las-fotos-de-mila-yankelevich-la-nieta-de-cris-morena-que-murio-en-un-accidente-en-miami\/","og_locale":"es_ES","og_type":"article","og_title":"Las fotos de Mila Yankelevich, la nieta de Cris Morena que muri\u00f3 en un accidente en Miami - CLAN ESPECTACULOS","og_description":"La muerte de\u00a0Mila Yankelevich, la nieta de 7 a\u00f1os de\u00a0Cris Morena\u00a0y Gustavo Yankelevich, mantiene conmocionado al pa\u00eds y al mundo del espect\u00e1culo. El deceso ocurri\u00f3 este lunes, cuando la peque\u00f1a\u00a0participaba en un campamento n\u00e1utico y el velero en el que viajaba colision\u00f3 contra una barcaza. Mila naci\u00f3 fruto del amor entre Tom\u00e1s Yankelevich y de [&hellip;]","og_url":"https:\/\/radioclanfm.com\/clanespectaculos\/las-fotos-de-mila-yankelevich-la-nieta-de-cris-morena-que-murio-en-un-accidente-en-miami\/","og_site_name":"CLAN ESPECTACULOS","article_publisher":"https:\/\/www.facebook.com\/clanespectaculos\/","article_published_time":"2025-07-29T20:36:09+00:00","og_image":[{"width":1274,"height":1282,"url":"https:\/\/radioclanfm.com\/clanespectaculos\/wp-content\/uploads\/sites\/2\/2025\/07\/GxC_oE8XEAAZ-wj.jpg","type":"image\/jpeg"}],"author":"E-GRUPOCLAN","twitter_card":"summary_large_image","twitter_creator":"@clanespectok","twitter_site":"@clanespectok","twitter_misc":{"Escrito por":"E-GRUPOCLAN","Tiempo de lectura":"3 minutos"},"schema":{"@context":"https:\/\/schema.org","@graph":[{"@type":"Article","@id":"https:\/\/radioclanfm.com\/clanespectaculos\/las-fotos-de-mila-yankelevich-la-nieta-de-cris-morena-que-murio-en-un-accidente-en-miami\/#article","isPartOf":{"@id":"https:\/\/radioclanfm.com\/clanespectaculos\/las-fotos-de-mila-yankelevich-la-nieta-de-cris-morena-que-murio-en-un-accidente-en-miami\/"},"author":{"name":"E-GRUPOCLAN","@id":"https:\/\/radioclanfm.com\/clanespectaculos\/#\/schema\/person\/9734813083303230f3ad84d99171b20c"},"headline":"Las fotos de Mila Yankelevich, la nieta de Cris Morena que muri\u00f3 en un accidente en Miami","datePublished":"2025-07-29T20:36:09+00:00","mainEntityOfPage":{"@id":"https:\/\/radioclanfm.com\/clanespectaculos\/las-fotos-de-mila-yankelevich-la-nieta-de-cris-morena-que-murio-en-un-accidente-en-miami\/"},"wordCount":545,"commentCount":0,"publisher":{"@id":"https:\/\/radioclanfm.com\/clanespectaculos\/#organization"},"image":{"@id":"https:\/\/radioclanfm.com\/clanespectaculos\/las-fotos-de-mila-yankelevich-la-nieta-de-cris-morena-que-murio-en-un-accidente-en-miami\/#primaryimage"},"thumbnailUrl":"https:\/\/radioclanfm.com\/clanespectaculos\/wp-content\/uploads\/sites\/2\/2025\/07\/GxC_oE8XEAAZ-wj.jpg","articleSection":["Espectaculos"],"inLanguage":"es-AR","potentialAction":[{"@type":"CommentAction","name":"Comment","target":["https:\/\/radioclanfm.com\/clanespectaculos\/las-fotos-de-mila-yankelevich-la-nieta-de-cris-morena-que-murio-en-un-accidente-en-miami\/#respond"]}]},{"@type":"WebPage","@id":"https:\/\/radioclanfm.com\/clanespectaculos\/las-fotos-de-mila-yankelevich-la-nieta-de-cris-morena-que-murio-en-un-accidente-en-miami\/","url":"https:\/\/radioclanfm.com\/clanespectaculos\/las-fotos-de-mila-yankelevich-la-nieta-de-cris-morena-que-murio-en-un-accidente-en-miami\/","name":"Las fotos de Mila Yankelevich, la nieta de Cris Morena que muri\u00f3 en un accidente en Miami - CLAN ESPECTACULOS","isPartOf":{"@id":"https:\/\/radioclanfm.com\/clanespectaculos\/#website"},"primaryImageOfPage":{"@id":"https:\/\/radioclanfm.com\/clanespectaculos\/las-fotos-de-mila-yankelevich-la-nieta-de-cris-morena-que-murio-en-un-accidente-en-miami\/#primaryimage"},"image":{"@id":"https:\/\/radioclanfm.com\/clanespectaculos\/las-fotos-de-mila-yankelevich-la-nieta-de-cris-morena-que-murio-en-un-accidente-en-miami\/#primaryimage"},"thumbnailUrl":"https:\/\/radioclanfm.com\/clanespectaculos\/wp-content\/uploads\/sites\/2\/2025\/07\/GxC_oE8XEAAZ-wj.jpg","datePublished":"2025-07-29T20:36:09+00:00","breadcrumb":{"@id":"https:\/\/radioclanfm.com\/clanespectaculos\/las-fotos-de-mila-yankelevich-la-nieta-de-cris-morena-que-murio-en-un-accidente-en-miami\/#breadcrumb"},"inLanguage":"es-AR","potentialAction":[{"@type":"ReadAction","target":["https:\/\/radioclanfm.com\/clanespectaculos\/las-fotos-de-mila-yankelevich-la-nieta-de-cris-morena-que-murio-en-un-accidente-en-miami\/"]}]},{"@type":"ImageObject","inLanguage":"es-AR","@id":"https:\/\/radioclanfm.com\/clanespectaculos\/las-fotos-de-mila-yankelevich-la-nieta-de-cris-morena-que-murio-en-un-accidente-en-miami\/#primaryimage","url":"https:\/\/radioclanfm.com\/clanespectaculos\/wp-content\/uploads\/sites\/2\/2025\/07\/GxC_oE8XEAAZ-wj.jpg","contentUrl":"https:\/\/radioclanfm.com\/clanespectaculos\/wp-content\/uploads\/sites\/2\/2025\/07\/GxC_oE8XEAAZ-wj.jpg","width":1274,"height":1282},{"@type":"BreadcrumbList","@id":"https:\/\/radioclanfm.com\/clanespectaculos\/las-fotos-de-mila-yankelevich-la-nieta-de-cris-morena-que-murio-en-un-accidente-en-miami\/#breadcrumb","itemListElement":[{"@type":"ListItem","position":1,"name":"Inicio","item":"https:\/\/radioclanfm.com\/clanespectaculos\/"},{"@type":"ListItem","position":2,"name":"Las fotos de Mila Yankelevich, la nieta de Cris Morena que muri\u00f3 en un accidente en Miami"}]},{"@type":"WebSite","@id":"https:\/\/radioclanfm.com\/clanespectaculos\/#website","url":"https:\/\/radioclanfm.com\/clanespectaculos\/","name":"CLAN ESPECTACULOS","description":"","publisher":{"@id":"https:\/\/radioclanfm.com\/clanespectaculos\/#organization"},"potentialAction":[{"@type":"SearchAction","target":{"@type":"EntryPoint","urlTemplate":"https:\/\/radioclanfm.com\/clanespectaculos\/?s={search_term_string}"},"query-input":{"@type":"PropertyValueSpecification","valueRequired":true,"valueName":"search_term_string"}}],"inLanguage":"es-AR"},{"@type":"Organization","@id":"https:\/\/radioclanfm.com\/clanespectaculos\/#organization","name":"CLAN ESPECTACULOS","url":"https:\/\/radioclanfm.com\/clanespectaculos\/","logo":{"@type":"ImageObject","inLanguage":"es-AR","@id":"https:\/\/radioclanfm.com\/clanespectaculos\/#\/schema\/logo\/image\/","url":"https:\/\/radioclanfm.com\/clanespectaculos\/wp-content\/uploads\/sites\/2\/2026\/04\/ChatGPT-Image-23-mar-2026-10_09_00.png","contentUrl":"https:\/\/radioclanfm.com\/clanespectaculos\/wp-content\/uploads\/sites\/2\/2026\/04\/ChatGPT-Image-23-mar-2026-10_09_00.png","width":1024,"height":1024,"caption":"CLAN ESPECTACULOS"},"image":{"@id":"https:\/\/radioclanfm.com\/clanespectaculos\/#\/schema\/logo\/image\/"},"sameAs":["https:\/\/www.facebook.com\/clanespectaculos\/","https:\/\/x.com\/clanespectok"]},{"@type":"Person","@id":"https:\/\/radioclanfm.com\/clanespectaculos\/#\/schema\/person\/9734813083303230f3ad84d99171b20c","name":"E-GRUPOCLAN","image":{"@type":"ImageObject","inLanguage":"es-AR","@id":"https:\/\/secure.gravatar.com\/avatar\/af6e19837c3d6a212034a48c7b3818d2ac1826f6025df0155da5a186ad321d79?s=96&d=mm&r=g","url":"https:\/\/secure.gravatar.com\/avatar\/af6e19837c3d6a212034a48c7b3818d2ac1826f6025df0155da5a186ad321d79?s=96&d=mm&r=g","contentUrl":"https:\/\/secure.gravatar.com\/avatar\/af6e19837c3d6a212034a48c7b3818d2ac1826f6025df0155da5a186ad321d79?s=96&d=mm&r=g","caption":"E-GRUPOCLAN"},"sameAs":["https:\/\/radioclanfm.com"],"url":"https:\/\/radioclanfm.com\/clanespectaculos\/author\/admin\/"}]}},"_links":{"self":[{"href":"https:\/\/radioclanfm.com\/clanespectaculos\/wp-json\/wp\/v2\/posts\/3601","targetHints":{"allow":["GET"]}}],"collection":[{"href":"https:\/\/radioclanfm.com\/clanespectaculos\/wp-json\/wp\/v2\/posts"}],"about":[{"href":"https:\/\/radioclanfm.com\/clanespectaculos\/wp-json\/wp\/v2\/types\/post"}],"author":[{"embeddable":true,"href":"https:\/\/radioclanfm.com\/clanespectaculos\/wp-json\/wp\/v2\/users\/1"}],"replies":[{"embeddable":true,"href":"https:\/\/radioclanfm.com\/clanespectaculos\/wp-json\/wp\/v2\/comments?post=3601"}],"version-history":[{"count":1,"href":"https:\/\/radioclanfm.com\/clanespectaculos\/wp-json\/wp\/v2\/posts\/3601\/revisions"}],"predecessor-version":[{"id":3603,"href":"https:\/\/radioclanfm.com\/clanespectaculos\/wp-json\/wp\/v2\/posts\/3601\/revisions\/3603"}],"wp:featuredmedia":[{"embeddable":true,"href":"https:\/\/radioclanfm.com\/clanespectaculos\/wp-json\/wp\/v2\/media\/3602"}],"wp:attachment":[{"href":"https:\/\/radioclanfm.com\/clanespectaculos\/wp-json\/wp\/v2\/media?parent=3601"}],"wp:term":[{"taxonomy":"category","embeddable":true,"href":"https:\/\/radioclanfm.com\/clanespectaculos\/wp-json\/wp\/v2\/categories?post=3601"},{"taxonomy":"post_tag","embeddable":true,"href":"https:\/\/radioclanfm.com\/clanespectaculos\/wp-json\/wp\/v2\/tags?post=3601"}],"curies":[{"name":"wp","href":"https:\/\/api.w.org\/{rel}","templated":true}]}}