{"id":3557,"date":"2025-07-28T20:25:54","date_gmt":"2025-07-28T23:25:54","guid":{"rendered":"https:\/\/radioclanfm.com\/clanespectaculos\/?p=3557"},"modified":"2025-07-28T20:25:54","modified_gmt":"2025-07-28T23:25:54","slug":"la-china-suarez-festejo-el-cumpleanos-de-amancio-vicuna-minilook-a-juego-y-trajes-de-bano","status":"publish","type":"post","link":"https:\/\/radioclanfm.com\/clanespectaculos\/la-china-suarez-festejo-el-cumpleanos-de-amancio-vicuna-minilook-a-juego-y-trajes-de-bano\/","title":{"rendered":"La China Su\u00e1rez festej\u00f3 el cumplea\u00f1os de Amancio Vicu\u00f1a: minilook a juego y trajes de ba\u00f1o"},"content":{"rendered":"<p>El menor de sus hijos celebr\u00f3 sus 5 a\u00f1os y su mam\u00e1 lo fotografi\u00f3 con un conjunto de camisa beige de lino y bermuda.<\/p>\n<p class=\"paragraph font__body-regular\"><b>Amancio Vicu\u00f1a<\/b>\u00a0cumpli\u00f3 5 a\u00f1os y la<b>\u00a0China Su\u00e1rez\u00a0<\/b>comparti\u00f3 con sus seguidores de Instagram im\u00e1genes del festejo junto a sus tres hijos en Turqu\u00eda, que finalmente viajaron con ella luego de las pol\u00e9micas por la revocaci\u00f3n del permiso de sus respectivos padres.<\/p>\n<div class=\"AV6543bedcd858799fe90b5c47\">\n<div id=\"aniBox\">\n<div id=\"aniplayer_AV6543bedcd858799fe90b5c47-1753745061518\">\n<div id=\"aniplayer_AV6543bedcd858799fe90b5c47-1753745061518gui\">\n<div id=\"av-caption\">\n<div id=\"av-close-btn-overlay\" class=\"av-pos-top-left\"><\/div>\n<\/div>\n<\/div>\n<\/div>\n<\/div>\n<\/div>\n<p class=\"paragraph font__body-regular\">A trav\u00e9s de sus historias, la actriz dej\u00f3 ver los\u00a0<i>minilooks<\/i>\u00a0a juego, en\u00a0<b>blanco y\u00a0<\/b><i><b>off white.<\/b><\/i><b>\u00a0<\/b>El homenajeado llev\u00f3 una remera blanca cl\u00e1sica de cuello redondo con una\u00a0<b>camisa de lino beige.<\/b>\u00a0Combin\u00f3 las prendas superpuestas con una\u00a0<b>bermuda negra<\/b>\u00a0con estampada de tiburones.<\/p>\n<figure class=\"\" data-testid=\"figure-testid\">\n<div class=\"aspect_ratio__container\"><picture class=\"responsive-image\"><source srcset=\"https:\/\/tn.com.ar\/resizer\/v2\/los-minilooks-en-el-cumpleanos-de-amancio-vicuna-foto-instagramsangrejaponesa-NE7GXFLNLVDZ7LT6M5FOTX3VFY.png?auth=afe92cda063b8f535e505810d840c535c903236b4e1d100d9c3e35aa8b7ce085&amp;width=767\" type=\"image\/jpg\" media=\"(max-width: 728px)\" \/><source srcset=\"https:\/\/tn.com.ar\/resizer\/v2\/los-minilooks-en-el-cumpleanos-de-amancio-vicuna-foto-instagramsangrejaponesa-NE7GXFLNLVDZ7LT6M5FOTX3VFY.png?auth=afe92cda063b8f535e505810d840c535c903236b4e1d100d9c3e35aa8b7ce085&amp;width=1023\" type=\"image\/jpg\" media=\"(max-width: 1023px)\" \/><source srcset=\"https:\/\/tn.com.ar\/resizer\/v2\/los-minilooks-en-el-cumpleanos-de-amancio-vicuna-foto-instagramsangrejaponesa-NE7GXFLNLVDZ7LT6M5FOTX3VFY.png?auth=afe92cda063b8f535e505810d840c535c903236b4e1d100d9c3e35aa8b7ce085&amp;width=1440\" type=\"image\/jpg\" \/><img loading=\"lazy\" decoding=\"async\" class=\"image content-image image_placeholder\" src=\"https:\/\/tn.com.ar\/resizer\/v2\/los-minilooks-en-el-cumpleanos-de-amancio-vicuna-foto-instagramsangrejaponesa-NE7GXFLNLVDZ7LT6M5FOTX3VFY.png?auth=afe92cda063b8f535e505810d840c535c903236b4e1d100d9c3e35aa8b7ce085&amp;width=767\" alt=\"Los minilooks en el cumplea\u00f1os de Amancio Vicu\u00f1a. (Foto: Instagram\/@sangrejaponesa)\" width=\"767\" height=\"1405\" data-testid=\"loading-testid\" \/><\/picture><\/div><figcaption class=\"caption_image\" data-testid=\"figcaption-testid\">\n<div class=\"image_caption \">Los minilooks en el cumplea\u00f1os de Amancio Vicu\u00f1a. (Foto: Instagram\/@sangrejaponesa)<\/div>\n<\/figcaption><\/figure>\n<p class=\"paragraph font__body-regular\">Las dos nenas de la familia se vistieron a juego con el mismo\u00a0<b>vestido\u00a0<\/b><i><b>off white<\/b><\/i><b>\u00a0<\/b>de\u00a0<b>escote irregular\u00a0<\/b>con un hombro al descubierto adornados flores de microtul, a juego con el estampado en todo el talle del mismo motivo, con volumen en la zona del ruedo.<\/p>\n<p class=\"paragraph font__body-regular\"><b>\u201cFelices 5 a\u00f1os, pr\u00edncipe de mi vida. Te mereces todo porque sos el m\u00e1s bueno y dulce del mundo. Te amamos\u201d,\u00a0<\/b>fue el mensaje que le dedic\u00f3 la actriz en la imagen que comparti\u00f3 con sus fan\u00e1ticos.<\/p>\n<p class=\"paragraph font__body-regular\">A continuaci\u00f3n, la novia de Mauro Icardi subi\u00f3 una selfie junto a sus dos hijas mujeres, disfrutando del verano europeo. Ella us\u00f3 una<b>\u00a0microbikini negra cl\u00e1sica<\/b>, de corpi\u00f1o triangular con breteles finos, uno de sus \u00edtems de moda infaltables.<\/p>\n<figure class=\"\" data-testid=\"figure-testid\">\n<div class=\"aspect_ratio__container\"><picture class=\"responsive-image\"><source srcset=\"https:\/\/tn.com.ar\/resizer\/v2\/la-china-suarez-en-microbikini-junto-a-sus-hijas-foto-instagramsangrejaponesa-IKTL6OV46ZB6HCTLLE5CRSZ54U.png?auth=c913e7b14b57df87563d18ff0852b5c538299de363a448f57de2c7f76aef0dd6&amp;width=767\" type=\"image\/jpg\" media=\"(max-width: 728px)\" \/><source srcset=\"https:\/\/tn.com.ar\/resizer\/v2\/la-china-suarez-en-microbikini-junto-a-sus-hijas-foto-instagramsangrejaponesa-IKTL6OV46ZB6HCTLLE5CRSZ54U.png?auth=c913e7b14b57df87563d18ff0852b5c538299de363a448f57de2c7f76aef0dd6&amp;width=1023\" type=\"image\/jpg\" media=\"(max-width: 1023px)\" \/><source srcset=\"https:\/\/tn.com.ar\/resizer\/v2\/la-china-suarez-en-microbikini-junto-a-sus-hijas-foto-instagramsangrejaponesa-IKTL6OV46ZB6HCTLLE5CRSZ54U.png?auth=c913e7b14b57df87563d18ff0852b5c538299de363a448f57de2c7f76aef0dd6&amp;width=1440\" type=\"image\/jpg\" \/><img loading=\"lazy\" decoding=\"async\" class=\"image content-image image_placeholder\" src=\"https:\/\/tn.com.ar\/resizer\/v2\/la-china-suarez-en-microbikini-junto-a-sus-hijas-foto-instagramsangrejaponesa-IKTL6OV46ZB6HCTLLE5CRSZ54U.png?auth=c913e7b14b57df87563d18ff0852b5c538299de363a448f57de2c7f76aef0dd6&amp;width=767\" alt=\"La China Su\u00e1rez en microbikini junto a sus hijas. (Foto: Instagram\/@sangrejaponesa)\" width=\"767\" height=\"1378\" data-testid=\"loading-testid\" \/><\/picture><\/div><figcaption class=\"caption_image\" data-testid=\"figcaption-testid\">\n<div class=\"image_caption \">La China Su\u00e1rez en microbikini junto a sus hijas. (Foto: Instagram\/@sangrejaponesa)<\/div>\n<\/figcaption><\/figure>\n<p class=\"paragraph font__body-regular\">En una pr\u00f3xima historia, mostr\u00f3 el traje de ba\u00f1o que eligi\u00f3<b>\u00a0Rufina Cabr\u00e9<\/b>\u00a0para disfrutar del sol: un modelo de\u00a0<b>dos piezas<\/b>\u00a0rosa Barbie con\u00a0<b>corpi\u00f1o deportivo<\/b>. Canchera y fashionista, sum\u00f3 una<b>\u00a0cap negra con visera,<\/b>\u00a0con un bordado blanco de letras.<\/p>\n<figure class=\"\" data-testid=\"figure-testid\">\n<div class=\"aspect_ratio__container\"><picture class=\"responsive-image\"><source srcset=\"https:\/\/tn.com.ar\/resizer\/v2\/rufina-cabre-poso-en-bikini-rosa-y-cap-para-su-mama-foto-instagramsangrejaponesa-XGWZHI5P7VEUTLBVD4UII7YEIY.png?auth=521e6c0ce3d77134e997108e21835b958bde834abd655c6dff8d5864a67e2b42&amp;width=767\" type=\"image\/jpg\" media=\"(max-width: 728px)\" \/><source srcset=\"https:\/\/tn.com.ar\/resizer\/v2\/rufina-cabre-poso-en-bikini-rosa-y-cap-para-su-mama-foto-instagramsangrejaponesa-XGWZHI5P7VEUTLBVD4UII7YEIY.png?auth=521e6c0ce3d77134e997108e21835b958bde834abd655c6dff8d5864a67e2b42&amp;width=1023\" type=\"image\/jpg\" media=\"(max-width: 1023px)\" \/><source srcset=\"https:\/\/tn.com.ar\/resizer\/v2\/rufina-cabre-poso-en-bikini-rosa-y-cap-para-su-mama-foto-instagramsangrejaponesa-XGWZHI5P7VEUTLBVD4UII7YEIY.png?auth=521e6c0ce3d77134e997108e21835b958bde834abd655c6dff8d5864a67e2b42&amp;width=1440\" type=\"image\/jpg\" \/><img loading=\"lazy\" decoding=\"async\" class=\"image content-image image_placeholder\" src=\"https:\/\/tn.com.ar\/resizer\/v2\/rufina-cabre-poso-en-bikini-rosa-y-cap-para-su-mama-foto-instagramsangrejaponesa-XGWZHI5P7VEUTLBVD4UII7YEIY.png?auth=521e6c0ce3d77134e997108e21835b958bde834abd655c6dff8d5864a67e2b42&amp;width=767\" alt=\"Rufina Cabr\u00e9 pos\u00f3 en bikini rosa y cap para su mam\u00e1. (Foto: Instagram\/@sangrejaponesa)\" width=\"767\" height=\"1388\" data-testid=\"loading-testid\" \/><\/picture><\/div><figcaption class=\"caption_image\" data-testid=\"figcaption-testid\">\n<div class=\"image_caption \">Rufina Cabr\u00e9 pos\u00f3 en bikini rosa y cap para su mam\u00e1. (Foto: Instagram\/@sangrejaponesa)<\/div>\n<\/figcaption><\/figure>\n<p class=\"paragraph font__body-regular\">Fashionistas del primero al \u00faltimo, los herederos de la China Su\u00e1rez sin dudas siguen sus pasos como amantes de la moda.<\/p>\n","protected":false},"excerpt":{"rendered":"<p>El menor de sus hijos celebr\u00f3 sus 5 a\u00f1os y su mam\u00e1 lo fotografi\u00f3 con un conjunto de camisa beige de lino y bermuda. Amancio Vicu\u00f1a\u00a0cumpli\u00f3 5 a\u00f1os y la\u00a0China Su\u00e1rez\u00a0comparti\u00f3 con sus seguidores de Instagram im\u00e1genes del festejo junto a sus tres hijos en Turqu\u00eda, que finalmente viajaron con ella luego de las pol\u00e9micas [&hellip;]<\/p>\n","protected":false},"author":1,"featured_media":3558,"comment_status":"open","ping_status":"open","sticky":false,"template":"","format":"standard","meta":{"rop_custom_images_group":[],"rop_custom_messages_group":[],"rop_publish_now":"initial","rop_publish_now_accounts":[],"rop_publish_now_history":[],"rop_publish_now_status":"pending","footnotes":"","jetpack_publicize_message":"","jetpack_publicize_feature_enabled":true,"jetpack_social_post_already_shared":true,"jetpack_social_options":{"image_generator_settings":{"template":"highway","enabled":false},"version":2}},"categories":[12],"tags":[],"class_list":{"0":"post-3557","1":"post","2":"type-post","3":"status-publish","4":"format-standard","5":"has-post-thumbnail","7":"category-espectaculos"},"jetpack_publicize_connections":[],"yoast_head":"<!-- This site is optimized with the Yoast SEO plugin v27.3 - https:\/\/yoast.com\/product\/yoast-seo-wordpress\/ -->\n<title>La China Su\u00e1rez festej\u00f3 el cumplea\u00f1os de Amancio Vicu\u00f1a: minilook a juego y trajes de ba\u00f1o - CLAN ESPECTACULOS<\/title>\n<meta name=\"robots\" content=\"index, follow, max-snippet:-1, max-image-preview:large, max-video-preview:-1\" \/>\n<link rel=\"canonical\" href=\"https:\/\/radioclanfm.com\/clanespectaculos\/la-china-suarez-festejo-el-cumpleanos-de-amancio-vicuna-minilook-a-juego-y-trajes-de-bano\/\" \/>\n<meta property=\"og:locale\" content=\"es_ES\" \/>\n<meta property=\"og:type\" content=\"article\" \/>\n<meta property=\"og:title\" content=\"La China Su\u00e1rez festej\u00f3 el cumplea\u00f1os de Amancio Vicu\u00f1a: minilook a juego y trajes de ba\u00f1o - CLAN ESPECTACULOS\" \/>\n<meta property=\"og:description\" content=\"El menor de sus hijos celebr\u00f3 sus 5 a\u00f1os y su mam\u00e1 lo fotografi\u00f3 con un conjunto de camisa beige de lino y bermuda. Amancio Vicu\u00f1a\u00a0cumpli\u00f3 5 a\u00f1os y la\u00a0China Su\u00e1rez\u00a0comparti\u00f3 con sus seguidores de Instagram im\u00e1genes del festejo junto a sus tres hijos en Turqu\u00eda, que finalmente viajaron con ella luego de las pol\u00e9micas [&hellip;]\" \/>\n<meta property=\"og:url\" content=\"https:\/\/radioclanfm.com\/clanespectaculos\/la-china-suarez-festejo-el-cumpleanos-de-amancio-vicuna-minilook-a-juego-y-trajes-de-bano\/\" \/>\n<meta property=\"og:site_name\" content=\"CLAN ESPECTACULOS\" \/>\n<meta property=\"article:publisher\" content=\"https:\/\/www.facebook.com\/clanespectaculos\/\" \/>\n<meta property=\"article:published_time\" content=\"2025-07-28T23:25:54+00:00\" \/>\n<meta property=\"og:image\" content=\"https:\/\/radioclanfm.com\/clanespectaculos\/wp-content\/uploads\/sites\/2\/2025\/07\/Gw8-ymjboAAMDzl.jpg\" \/>\n\t<meta property=\"og:image:width\" content=\"1023\" \/>\n\t<meta property=\"og:image:height\" content=\"573\" \/>\n\t<meta property=\"og:image:type\" content=\"image\/jpeg\" \/>\n<meta name=\"author\" content=\"E-GRUPOCLAN\" \/>\n<meta name=\"twitter:card\" content=\"summary_large_image\" \/>\n<meta name=\"twitter:creator\" content=\"@clanespectok\" \/>\n<meta name=\"twitter:site\" content=\"@clanespectok\" \/>\n<meta name=\"twitter:label1\" content=\"Escrito por\" \/>\n\t<meta name=\"twitter:data1\" content=\"E-GRUPOCLAN\" \/>\n\t<meta name=\"twitter:label2\" content=\"Tiempo de lectura\" \/>\n\t<meta name=\"twitter:data2\" content=\"2 minutos\" \/>\n<script type=\"application\/ld+json\" class=\"yoast-schema-graph\">{\"@context\":\"https:\\\/\\\/schema.org\",\"@graph\":[{\"@type\":\"Article\",\"@id\":\"https:\\\/\\\/radioclanfm.com\\\/clanespectaculos\\\/la-china-suarez-festejo-el-cumpleanos-de-amancio-vicuna-minilook-a-juego-y-trajes-de-bano\\\/#article\",\"isPartOf\":{\"@id\":\"https:\\\/\\\/radioclanfm.com\\\/clanespectaculos\\\/la-china-suarez-festejo-el-cumpleanos-de-amancio-vicuna-minilook-a-juego-y-trajes-de-bano\\\/\"},\"author\":{\"name\":\"E-GRUPOCLAN\",\"@id\":\"https:\\\/\\\/radioclanfm.com\\\/clanespectaculos\\\/#\\\/schema\\\/person\\\/9734813083303230f3ad84d99171b20c\"},\"headline\":\"La China Su\u00e1rez festej\u00f3 el cumplea\u00f1os de Amancio Vicu\u00f1a: minilook a juego y trajes de ba\u00f1o\",\"datePublished\":\"2025-07-28T23:25:54+00:00\",\"mainEntityOfPage\":{\"@id\":\"https:\\\/\\\/radioclanfm.com\\\/clanespectaculos\\\/la-china-suarez-festejo-el-cumpleanos-de-amancio-vicuna-minilook-a-juego-y-trajes-de-bano\\\/\"},\"wordCount\":377,\"commentCount\":0,\"publisher\":{\"@id\":\"https:\\\/\\\/radioclanfm.com\\\/clanespectaculos\\\/#organization\"},\"image\":{\"@id\":\"https:\\\/\\\/radioclanfm.com\\\/clanespectaculos\\\/la-china-suarez-festejo-el-cumpleanos-de-amancio-vicuna-minilook-a-juego-y-trajes-de-bano\\\/#primaryimage\"},\"thumbnailUrl\":\"https:\\\/\\\/radioclanfm.com\\\/clanespectaculos\\\/wp-content\\\/uploads\\\/sites\\\/2\\\/2025\\\/07\\\/Gw8-ymjboAAMDzl.jpg\",\"articleSection\":[\"Espectaculos\"],\"inLanguage\":\"es-AR\",\"potentialAction\":[{\"@type\":\"CommentAction\",\"name\":\"Comment\",\"target\":[\"https:\\\/\\\/radioclanfm.com\\\/clanespectaculos\\\/la-china-suarez-festejo-el-cumpleanos-de-amancio-vicuna-minilook-a-juego-y-trajes-de-bano\\\/#respond\"]}]},{\"@type\":\"WebPage\",\"@id\":\"https:\\\/\\\/radioclanfm.com\\\/clanespectaculos\\\/la-china-suarez-festejo-el-cumpleanos-de-amancio-vicuna-minilook-a-juego-y-trajes-de-bano\\\/\",\"url\":\"https:\\\/\\\/radioclanfm.com\\\/clanespectaculos\\\/la-china-suarez-festejo-el-cumpleanos-de-amancio-vicuna-minilook-a-juego-y-trajes-de-bano\\\/\",\"name\":\"La China Su\u00e1rez festej\u00f3 el cumplea\u00f1os de Amancio Vicu\u00f1a: minilook a juego y trajes de ba\u00f1o - CLAN ESPECTACULOS\",\"isPartOf\":{\"@id\":\"https:\\\/\\\/radioclanfm.com\\\/clanespectaculos\\\/#website\"},\"primaryImageOfPage\":{\"@id\":\"https:\\\/\\\/radioclanfm.com\\\/clanespectaculos\\\/la-china-suarez-festejo-el-cumpleanos-de-amancio-vicuna-minilook-a-juego-y-trajes-de-bano\\\/#primaryimage\"},\"image\":{\"@id\":\"https:\\\/\\\/radioclanfm.com\\\/clanespectaculos\\\/la-china-suarez-festejo-el-cumpleanos-de-amancio-vicuna-minilook-a-juego-y-trajes-de-bano\\\/#primaryimage\"},\"thumbnailUrl\":\"https:\\\/\\\/radioclanfm.com\\\/clanespectaculos\\\/wp-content\\\/uploads\\\/sites\\\/2\\\/2025\\\/07\\\/Gw8-ymjboAAMDzl.jpg\",\"datePublished\":\"2025-07-28T23:25:54+00:00\",\"breadcrumb\":{\"@id\":\"https:\\\/\\\/radioclanfm.com\\\/clanespectaculos\\\/la-china-suarez-festejo-el-cumpleanos-de-amancio-vicuna-minilook-a-juego-y-trajes-de-bano\\\/#breadcrumb\"},\"inLanguage\":\"es-AR\",\"potentialAction\":[{\"@type\":\"ReadAction\",\"target\":[\"https:\\\/\\\/radioclanfm.com\\\/clanespectaculos\\\/la-china-suarez-festejo-el-cumpleanos-de-amancio-vicuna-minilook-a-juego-y-trajes-de-bano\\\/\"]}]},{\"@type\":\"ImageObject\",\"inLanguage\":\"es-AR\",\"@id\":\"https:\\\/\\\/radioclanfm.com\\\/clanespectaculos\\\/la-china-suarez-festejo-el-cumpleanos-de-amancio-vicuna-minilook-a-juego-y-trajes-de-bano\\\/#primaryimage\",\"url\":\"https:\\\/\\\/radioclanfm.com\\\/clanespectaculos\\\/wp-content\\\/uploads\\\/sites\\\/2\\\/2025\\\/07\\\/Gw8-ymjboAAMDzl.jpg\",\"contentUrl\":\"https:\\\/\\\/radioclanfm.com\\\/clanespectaculos\\\/wp-content\\\/uploads\\\/sites\\\/2\\\/2025\\\/07\\\/Gw8-ymjboAAMDzl.jpg\",\"width\":1023,\"height\":573},{\"@type\":\"BreadcrumbList\",\"@id\":\"https:\\\/\\\/radioclanfm.com\\\/clanespectaculos\\\/la-china-suarez-festejo-el-cumpleanos-de-amancio-vicuna-minilook-a-juego-y-trajes-de-bano\\\/#breadcrumb\",\"itemListElement\":[{\"@type\":\"ListItem\",\"position\":1,\"name\":\"Inicio\",\"item\":\"https:\\\/\\\/radioclanfm.com\\\/clanespectaculos\\\/\"},{\"@type\":\"ListItem\",\"position\":2,\"name\":\"La China Su\u00e1rez festej\u00f3 el cumplea\u00f1os de Amancio Vicu\u00f1a: minilook a juego y trajes de ba\u00f1o\"}]},{\"@type\":\"WebSite\",\"@id\":\"https:\\\/\\\/radioclanfm.com\\\/clanespectaculos\\\/#website\",\"url\":\"https:\\\/\\\/radioclanfm.com\\\/clanespectaculos\\\/\",\"name\":\"CLAN ESPECTACULOS\",\"description\":\"\",\"publisher\":{\"@id\":\"https:\\\/\\\/radioclanfm.com\\\/clanespectaculos\\\/#organization\"},\"potentialAction\":[{\"@type\":\"SearchAction\",\"target\":{\"@type\":\"EntryPoint\",\"urlTemplate\":\"https:\\\/\\\/radioclanfm.com\\\/clanespectaculos\\\/?s={search_term_string}\"},\"query-input\":{\"@type\":\"PropertyValueSpecification\",\"valueRequired\":true,\"valueName\":\"search_term_string\"}}],\"inLanguage\":\"es-AR\"},{\"@type\":\"Organization\",\"@id\":\"https:\\\/\\\/radioclanfm.com\\\/clanespectaculos\\\/#organization\",\"name\":\"CLAN ESPECTACULOS\",\"url\":\"https:\\\/\\\/radioclanfm.com\\\/clanespectaculos\\\/\",\"logo\":{\"@type\":\"ImageObject\",\"inLanguage\":\"es-AR\",\"@id\":\"https:\\\/\\\/radioclanfm.com\\\/clanespectaculos\\\/#\\\/schema\\\/logo\\\/image\\\/\",\"url\":\"https:\\\/\\\/radioclanfm.com\\\/clanespectaculos\\\/wp-content\\\/uploads\\\/sites\\\/2\\\/2026\\\/04\\\/ChatGPT-Image-23-mar-2026-10_09_00.png\",\"contentUrl\":\"https:\\\/\\\/radioclanfm.com\\\/clanespectaculos\\\/wp-content\\\/uploads\\\/sites\\\/2\\\/2026\\\/04\\\/ChatGPT-Image-23-mar-2026-10_09_00.png\",\"width\":1024,\"height\":1024,\"caption\":\"CLAN ESPECTACULOS\"},\"image\":{\"@id\":\"https:\\\/\\\/radioclanfm.com\\\/clanespectaculos\\\/#\\\/schema\\\/logo\\\/image\\\/\"},\"sameAs\":[\"https:\\\/\\\/www.facebook.com\\\/clanespectaculos\\\/\",\"https:\\\/\\\/x.com\\\/clanespectok\"]},{\"@type\":\"Person\",\"@id\":\"https:\\\/\\\/radioclanfm.com\\\/clanespectaculos\\\/#\\\/schema\\\/person\\\/9734813083303230f3ad84d99171b20c\",\"name\":\"E-GRUPOCLAN\",\"image\":{\"@type\":\"ImageObject\",\"inLanguage\":\"es-AR\",\"@id\":\"https:\\\/\\\/secure.gravatar.com\\\/avatar\\\/af6e19837c3d6a212034a48c7b3818d2ac1826f6025df0155da5a186ad321d79?s=96&d=mm&r=g\",\"url\":\"https:\\\/\\\/secure.gravatar.com\\\/avatar\\\/af6e19837c3d6a212034a48c7b3818d2ac1826f6025df0155da5a186ad321d79?s=96&d=mm&r=g\",\"contentUrl\":\"https:\\\/\\\/secure.gravatar.com\\\/avatar\\\/af6e19837c3d6a212034a48c7b3818d2ac1826f6025df0155da5a186ad321d79?s=96&d=mm&r=g\",\"caption\":\"E-GRUPOCLAN\"},\"sameAs\":[\"https:\\\/\\\/radioclanfm.com\"],\"url\":\"https:\\\/\\\/radioclanfm.com\\\/clanespectaculos\\\/author\\\/admin\\\/\"}]}<\/script>\n<!-- \/ Yoast SEO plugin. -->","yoast_head_json":{"title":"La China Su\u00e1rez festej\u00f3 el cumplea\u00f1os de Amancio Vicu\u00f1a: minilook a juego y trajes de ba\u00f1o - CLAN ESPECTACULOS","robots":{"index":"index","follow":"follow","max-snippet":"max-snippet:-1","max-image-preview":"max-image-preview:large","max-video-preview":"max-video-preview:-1"},"canonical":"https:\/\/radioclanfm.com\/clanespectaculos\/la-china-suarez-festejo-el-cumpleanos-de-amancio-vicuna-minilook-a-juego-y-trajes-de-bano\/","og_locale":"es_ES","og_type":"article","og_title":"La China Su\u00e1rez festej\u00f3 el cumplea\u00f1os de Amancio Vicu\u00f1a: minilook a juego y trajes de ba\u00f1o - CLAN ESPECTACULOS","og_description":"El menor de sus hijos celebr\u00f3 sus 5 a\u00f1os y su mam\u00e1 lo fotografi\u00f3 con un conjunto de camisa beige de lino y bermuda. Amancio Vicu\u00f1a\u00a0cumpli\u00f3 5 a\u00f1os y la\u00a0China Su\u00e1rez\u00a0comparti\u00f3 con sus seguidores de Instagram im\u00e1genes del festejo junto a sus tres hijos en Turqu\u00eda, que finalmente viajaron con ella luego de las pol\u00e9micas [&hellip;]","og_url":"https:\/\/radioclanfm.com\/clanespectaculos\/la-china-suarez-festejo-el-cumpleanos-de-amancio-vicuna-minilook-a-juego-y-trajes-de-bano\/","og_site_name":"CLAN ESPECTACULOS","article_publisher":"https:\/\/www.facebook.com\/clanespectaculos\/","article_published_time":"2025-07-28T23:25:54+00:00","og_image":[{"width":1023,"height":573,"url":"https:\/\/radioclanfm.com\/clanespectaculos\/wp-content\/uploads\/sites\/2\/2025\/07\/Gw8-ymjboAAMDzl.jpg","type":"image\/jpeg"}],"author":"E-GRUPOCLAN","twitter_card":"summary_large_image","twitter_creator":"@clanespectok","twitter_site":"@clanespectok","twitter_misc":{"Escrito por":"E-GRUPOCLAN","Tiempo de lectura":"2 minutos"},"schema":{"@context":"https:\/\/schema.org","@graph":[{"@type":"Article","@id":"https:\/\/radioclanfm.com\/clanespectaculos\/la-china-suarez-festejo-el-cumpleanos-de-amancio-vicuna-minilook-a-juego-y-trajes-de-bano\/#article","isPartOf":{"@id":"https:\/\/radioclanfm.com\/clanespectaculos\/la-china-suarez-festejo-el-cumpleanos-de-amancio-vicuna-minilook-a-juego-y-trajes-de-bano\/"},"author":{"name":"E-GRUPOCLAN","@id":"https:\/\/radioclanfm.com\/clanespectaculos\/#\/schema\/person\/9734813083303230f3ad84d99171b20c"},"headline":"La China Su\u00e1rez festej\u00f3 el cumplea\u00f1os de Amancio Vicu\u00f1a: minilook a juego y trajes de ba\u00f1o","datePublished":"2025-07-28T23:25:54+00:00","mainEntityOfPage":{"@id":"https:\/\/radioclanfm.com\/clanespectaculos\/la-china-suarez-festejo-el-cumpleanos-de-amancio-vicuna-minilook-a-juego-y-trajes-de-bano\/"},"wordCount":377,"commentCount":0,"publisher":{"@id":"https:\/\/radioclanfm.com\/clanespectaculos\/#organization"},"image":{"@id":"https:\/\/radioclanfm.com\/clanespectaculos\/la-china-suarez-festejo-el-cumpleanos-de-amancio-vicuna-minilook-a-juego-y-trajes-de-bano\/#primaryimage"},"thumbnailUrl":"https:\/\/radioclanfm.com\/clanespectaculos\/wp-content\/uploads\/sites\/2\/2025\/07\/Gw8-ymjboAAMDzl.jpg","articleSection":["Espectaculos"],"inLanguage":"es-AR","potentialAction":[{"@type":"CommentAction","name":"Comment","target":["https:\/\/radioclanfm.com\/clanespectaculos\/la-china-suarez-festejo-el-cumpleanos-de-amancio-vicuna-minilook-a-juego-y-trajes-de-bano\/#respond"]}]},{"@type":"WebPage","@id":"https:\/\/radioclanfm.com\/clanespectaculos\/la-china-suarez-festejo-el-cumpleanos-de-amancio-vicuna-minilook-a-juego-y-trajes-de-bano\/","url":"https:\/\/radioclanfm.com\/clanespectaculos\/la-china-suarez-festejo-el-cumpleanos-de-amancio-vicuna-minilook-a-juego-y-trajes-de-bano\/","name":"La China Su\u00e1rez festej\u00f3 el cumplea\u00f1os de Amancio Vicu\u00f1a: minilook a juego y trajes de ba\u00f1o - CLAN ESPECTACULOS","isPartOf":{"@id":"https:\/\/radioclanfm.com\/clanespectaculos\/#website"},"primaryImageOfPage":{"@id":"https:\/\/radioclanfm.com\/clanespectaculos\/la-china-suarez-festejo-el-cumpleanos-de-amancio-vicuna-minilook-a-juego-y-trajes-de-bano\/#primaryimage"},"image":{"@id":"https:\/\/radioclanfm.com\/clanespectaculos\/la-china-suarez-festejo-el-cumpleanos-de-amancio-vicuna-minilook-a-juego-y-trajes-de-bano\/#primaryimage"},"thumbnailUrl":"https:\/\/radioclanfm.com\/clanespectaculos\/wp-content\/uploads\/sites\/2\/2025\/07\/Gw8-ymjboAAMDzl.jpg","datePublished":"2025-07-28T23:25:54+00:00","breadcrumb":{"@id":"https:\/\/radioclanfm.com\/clanespectaculos\/la-china-suarez-festejo-el-cumpleanos-de-amancio-vicuna-minilook-a-juego-y-trajes-de-bano\/#breadcrumb"},"inLanguage":"es-AR","potentialAction":[{"@type":"ReadAction","target":["https:\/\/radioclanfm.com\/clanespectaculos\/la-china-suarez-festejo-el-cumpleanos-de-amancio-vicuna-minilook-a-juego-y-trajes-de-bano\/"]}]},{"@type":"ImageObject","inLanguage":"es-AR","@id":"https:\/\/radioclanfm.com\/clanespectaculos\/la-china-suarez-festejo-el-cumpleanos-de-amancio-vicuna-minilook-a-juego-y-trajes-de-bano\/#primaryimage","url":"https:\/\/radioclanfm.com\/clanespectaculos\/wp-content\/uploads\/sites\/2\/2025\/07\/Gw8-ymjboAAMDzl.jpg","contentUrl":"https:\/\/radioclanfm.com\/clanespectaculos\/wp-content\/uploads\/sites\/2\/2025\/07\/Gw8-ymjboAAMDzl.jpg","width":1023,"height":573},{"@type":"BreadcrumbList","@id":"https:\/\/radioclanfm.com\/clanespectaculos\/la-china-suarez-festejo-el-cumpleanos-de-amancio-vicuna-minilook-a-juego-y-trajes-de-bano\/#breadcrumb","itemListElement":[{"@type":"ListItem","position":1,"name":"Inicio","item":"https:\/\/radioclanfm.com\/clanespectaculos\/"},{"@type":"ListItem","position":2,"name":"La China Su\u00e1rez festej\u00f3 el cumplea\u00f1os de Amancio Vicu\u00f1a: minilook a juego y trajes de ba\u00f1o"}]},{"@type":"WebSite","@id":"https:\/\/radioclanfm.com\/clanespectaculos\/#website","url":"https:\/\/radioclanfm.com\/clanespectaculos\/","name":"CLAN ESPECTACULOS","description":"","publisher":{"@id":"https:\/\/radioclanfm.com\/clanespectaculos\/#organization"},"potentialAction":[{"@type":"SearchAction","target":{"@type":"EntryPoint","urlTemplate":"https:\/\/radioclanfm.com\/clanespectaculos\/?s={search_term_string}"},"query-input":{"@type":"PropertyValueSpecification","valueRequired":true,"valueName":"search_term_string"}}],"inLanguage":"es-AR"},{"@type":"Organization","@id":"https:\/\/radioclanfm.com\/clanespectaculos\/#organization","name":"CLAN ESPECTACULOS","url":"https:\/\/radioclanfm.com\/clanespectaculos\/","logo":{"@type":"ImageObject","inLanguage":"es-AR","@id":"https:\/\/radioclanfm.com\/clanespectaculos\/#\/schema\/logo\/image\/","url":"https:\/\/radioclanfm.com\/clanespectaculos\/wp-content\/uploads\/sites\/2\/2026\/04\/ChatGPT-Image-23-mar-2026-10_09_00.png","contentUrl":"https:\/\/radioclanfm.com\/clanespectaculos\/wp-content\/uploads\/sites\/2\/2026\/04\/ChatGPT-Image-23-mar-2026-10_09_00.png","width":1024,"height":1024,"caption":"CLAN ESPECTACULOS"},"image":{"@id":"https:\/\/radioclanfm.com\/clanespectaculos\/#\/schema\/logo\/image\/"},"sameAs":["https:\/\/www.facebook.com\/clanespectaculos\/","https:\/\/x.com\/clanespectok"]},{"@type":"Person","@id":"https:\/\/radioclanfm.com\/clanespectaculos\/#\/schema\/person\/9734813083303230f3ad84d99171b20c","name":"E-GRUPOCLAN","image":{"@type":"ImageObject","inLanguage":"es-AR","@id":"https:\/\/secure.gravatar.com\/avatar\/af6e19837c3d6a212034a48c7b3818d2ac1826f6025df0155da5a186ad321d79?s=96&d=mm&r=g","url":"https:\/\/secure.gravatar.com\/avatar\/af6e19837c3d6a212034a48c7b3818d2ac1826f6025df0155da5a186ad321d79?s=96&d=mm&r=g","contentUrl":"https:\/\/secure.gravatar.com\/avatar\/af6e19837c3d6a212034a48c7b3818d2ac1826f6025df0155da5a186ad321d79?s=96&d=mm&r=g","caption":"E-GRUPOCLAN"},"sameAs":["https:\/\/radioclanfm.com"],"url":"https:\/\/radioclanfm.com\/clanespectaculos\/author\/admin\/"}]}},"_links":{"self":[{"href":"https:\/\/radioclanfm.com\/clanespectaculos\/wp-json\/wp\/v2\/posts\/3557","targetHints":{"allow":["GET"]}}],"collection":[{"href":"https:\/\/radioclanfm.com\/clanespectaculos\/wp-json\/wp\/v2\/posts"}],"about":[{"href":"https:\/\/radioclanfm.com\/clanespectaculos\/wp-json\/wp\/v2\/types\/post"}],"author":[{"embeddable":true,"href":"https:\/\/radioclanfm.com\/clanespectaculos\/wp-json\/wp\/v2\/users\/1"}],"replies":[{"embeddable":true,"href":"https:\/\/radioclanfm.com\/clanespectaculos\/wp-json\/wp\/v2\/comments?post=3557"}],"version-history":[{"count":1,"href":"https:\/\/radioclanfm.com\/clanespectaculos\/wp-json\/wp\/v2\/posts\/3557\/revisions"}],"predecessor-version":[{"id":3559,"href":"https:\/\/radioclanfm.com\/clanespectaculos\/wp-json\/wp\/v2\/posts\/3557\/revisions\/3559"}],"wp:featuredmedia":[{"embeddable":true,"href":"https:\/\/radioclanfm.com\/clanespectaculos\/wp-json\/wp\/v2\/media\/3558"}],"wp:attachment":[{"href":"https:\/\/radioclanfm.com\/clanespectaculos\/wp-json\/wp\/v2\/media?parent=3557"}],"wp:term":[{"taxonomy":"category","embeddable":true,"href":"https:\/\/radioclanfm.com\/clanespectaculos\/wp-json\/wp\/v2\/categories?post=3557"},{"taxonomy":"post_tag","embeddable":true,"href":"https:\/\/radioclanfm.com\/clanespectaculos\/wp-json\/wp\/v2\/tags?post=3557"}],"curies":[{"name":"wp","href":"https:\/\/api.w.org\/{rel}","templated":true}]}}