{"id":3548,"date":"2025-07-28T20:21:15","date_gmt":"2025-07-28T23:21:15","guid":{"rendered":"https:\/\/radioclanfm.com\/clanespectaculos\/?p=3548"},"modified":"2025-07-28T20:21:15","modified_gmt":"2025-07-28T23:21:15","slug":"murio-a-los-47-anos-alejandra-locomotora-oliveras-campeona-mundial-e-icono-del-boxeo-argentino","status":"publish","type":"post","link":"https:\/\/radioclanfm.com\/clanespectaculos\/murio-a-los-47-anos-alejandra-locomotora-oliveras-campeona-mundial-e-icono-del-boxeo-argentino\/","title":{"rendered":"Muri\u00f3 a los 47 a\u00f1os Alejandra \u201cLocomotora\u201d Oliveras, campeona mundial e \u00edcono del boxeo argentino"},"content":{"rendered":"<p>La juje\u00f1a hab\u00eda sufrido un ACV y permanec\u00eda internada hace dos semanas en el hospital Jos\u00e9 Mar\u00eda Cullen de Santa Fe. Tras su retiro deportivo, se hab\u00eda destacado como influencer y tambi\u00e9n hab\u00eda incursionado en la pol\u00edtica.<\/p>\n<div class=\"col-content\"><main class=\"col-content\"><\/p>\n<div class=\"default-article-color article__body article__article\">\n<p class=\"paragraph font__body-regular\">Este lunes muri\u00f3\u00a0<b>Alejandra \u201cLocomotora\u201d Oliveras<\/b>, figura destacada del boxeo argentino. Ten\u00eda 47 a\u00f1os y dos semanas atr\u00e1s hab\u00eda sufrido un ACV, por el que hab\u00eda quedado internada en terapia intensiva del hospital Jos\u00e9 Mar\u00eda Cullen de Santa Fe.<\/p>\n<div class=\"AV6543bedcd858799fe90b5c47\">\n<div id=\"aniBox\">\n<div id=\"aniplayer_AV6543bedcd858799fe90b5c47-1753744777552\">\n<div id=\"aniplayer_AV6543bedcd858799fe90b5c47-1753744777552gui\">\n<div id=\"av-caption\">\n<div id=\"av-close-btn-overlay\" class=\"av-pos-top-left\"><\/div>\n<\/div>\n<\/div>\n<\/div>\n<\/div>\n<\/div>\n<p class=\"paragraph font__body-regular\">Nacida en Jujuy, Oliveras fue\u00a0<b>uno de los nombres m\u00e1s importantes del boxeo femenino argentino<\/b>. Campeona mundial en seis ocasiones, durante su carrera deportiva protagoniz\u00f3 38 peleas y logr\u00f3 un r\u00e9cord de 33 victorias, tres derrotas y dos empates.<\/p>\n<p class=\"paragraph font__body-regular\">\u201cYo les gan\u00e9 a las mejores. Las quiero y las respeto a las boxeadoras argentinas, pero<b>\u00a0la mejor soy yo<\/b>\u201d, hab\u00eda dicho tiempo atr\u00e1s en una entrevista con\u00a0<b>TN<\/b>.<\/p>\n<p class=\"paragraph font__body-regular\">Sus comienzos en el boxeo hab\u00edan sido en C\u00f3rdoba, provincia a la que se hab\u00eda mudado con su familia de chiquita. Ten\u00eda 20 a\u00f1os y ya era mam\u00e1 de dos varones. Antes de ir a un gimnasio a entrenar, hab\u00eda participado de una pelea improvisada en una plaza de su barrio.<\/p>\n<p class=\"paragraph font__body-regular\">Sobre aquel episodio, relataba: \u201cMe acuerdo de que preguntaron qui\u00e9n quer\u00eda boxear y una chica levant\u00f3 la mano. El \u00e1rbitro fue el carnicero del pueblo.\u00a0<b>Hubo ring, hubo guantes, hubo apuestas. Y me sent\u00ed boxeadora<\/b>\u201c.<\/p>\n<figure class=\"\" data-testid=\"figure-testid\">\n<div class=\"aspect_ratio__container\"><picture class=\"responsive-image\"><source srcset=\"https:\/\/tn.com.ar\/resizer\/v2\/oliveras-tenia-47-anos-foto-fb-alejandra-locomotora-oliveras-TJAY76OCGJHW7NJVWDUN4GSU3E.jpg?auth=b0ab4ccadc3c3de569921a4d7feb1112ec38e4f4b75c919fa5d277966dbbea1d&amp;width=767\" type=\"image\/jpg\" media=\"(max-width: 728px)\" \/><source srcset=\"https:\/\/tn.com.ar\/resizer\/v2\/oliveras-tenia-47-anos-foto-fb-alejandra-locomotora-oliveras-TJAY76OCGJHW7NJVWDUN4GSU3E.jpg?auth=b0ab4ccadc3c3de569921a4d7feb1112ec38e4f4b75c919fa5d277966dbbea1d&amp;width=1023\" type=\"image\/jpg\" media=\"(max-width: 1023px)\" \/><source srcset=\"https:\/\/tn.com.ar\/resizer\/v2\/oliveras-tenia-47-anos-foto-fb-alejandra-locomotora-oliveras-TJAY76OCGJHW7NJVWDUN4GSU3E.jpg?auth=b0ab4ccadc3c3de569921a4d7feb1112ec38e4f4b75c919fa5d277966dbbea1d&amp;width=1440\" type=\"image\/jpg\" \/><img loading=\"lazy\" decoding=\"async\" class=\"image content-image image_placeholder\" src=\"https:\/\/tn.com.ar\/resizer\/v2\/oliveras-tenia-47-anos-foto-fb-alejandra-locomotora-oliveras-TJAY76OCGJHW7NJVWDUN4GSU3E.jpg?auth=b0ab4ccadc3c3de569921a4d7feb1112ec38e4f4b75c919fa5d277966dbbea1d&amp;width=767\" alt=\"Oliveras ten\u00eda 47 a\u00f1os (Foto: FB Alejandra &quot;Locomotora&quot; Oliveras)\" width=\"767\" height=\"432\" data-testid=\"loading-testid\" \/><\/picture><\/div><figcaption class=\"caption_image\" data-testid=\"figcaption-testid\">\n<div class=\"image_caption \">Oliveras ten\u00eda 47 a\u00f1os (Foto: FB Alejandra &#8220;Locomotora&#8221; Oliveras)<\/div>\n<\/figcaption><\/figure>\n<p class=\"paragraph font__body-regular\">La\u00a0<b>victoria m\u00e1s importante de su carrera<\/b>\u00a0fue el 20 de mayo de 2006 ante la mexicana\u00a0<b>Jackie Nava\u00a0<\/b>en Tijuana. Aquel d\u00eda se impuso por nocaut y consigui\u00f3 el primer triunfo para una boxeadora argentina en el exterior.<\/p>\n<p class=\"paragraph font__body-regular\">Sin embargo, su\u00a0<b>derrota m\u00e1s dolorosa<\/b>, y la que nunca pudo superar, fue en territorio nacional ante\u00a0<b>Marcela \u201cLa Tigresa\u201d Acu\u00f1a<\/b>. Aquel combate en 2008 en el Luna Park fue ic\u00f3nico para el boxeo femenino.<\/p>\n<p class=\"paragraph font__body-regular\">Tras su retiro como profesional en 2017, \u201cLocomotora\u201d\u00a0<b>se convirti\u00f3 en una influencer\u00a0<\/b>que, a trav\u00e9s de sus<b>\u00a0videos de ejercicios y frases motivacionales<\/b>, conquist\u00f3 el coraz\u00f3n de cientos de miles de seguidores. En su faceta art\u00edstica tambi\u00e9n tuvo un paso la televisi\u00f3n con su participaci\u00f3n en\u00a0<i>Bailando por un Sue\u00f1o 2007<\/i>.<\/p>\n<p class=\"paragraph font__body-regular\">En los \u00faltimos tiempos, ya radicada en la provincia de Santa Fe,\u00a0<b>se hab\u00eda vinculado fuertemente con la pol\u00edtica<\/b>. En 2021 hab\u00eda sido candidata a diputada nacional. Y en 2024 fue nombrada por la ministra Patricia Bullrich dentro de la Direcci\u00f3n Nacional de Seguridad en Eventos Deportivos, que depende del Ministerio de Seguridad.<\/p>\n<figure class=\"\" data-testid=\"figure-testid\">\n<div class=\"aspect_ratio__container\"><picture class=\"responsive-image\"><source srcset=\"https:\/\/tn.com.ar\/resizer\/v2\/alejandra-locomotora-oliveras-debia-asumir-en-la-convencion-de-la-reforma-de-la-constitucion-de-santa-fe-foto-captura-video-ig-locomotoraok-Q7ZCPNYGK5C7HGISIHLU3IU5GE.PNG?auth=53a0db63086fd4589eb35ad952201a45972829b365cbf318f7987a586ccfcb8a&amp;width=767\" type=\"image\/jpg\" media=\"(max-width: 728px)\" \/><source srcset=\"https:\/\/tn.com.ar\/resizer\/v2\/alejandra-locomotora-oliveras-debia-asumir-en-la-convencion-de-la-reforma-de-la-constitucion-de-santa-fe-foto-captura-video-ig-locomotoraok-Q7ZCPNYGK5C7HGISIHLU3IU5GE.PNG?auth=53a0db63086fd4589eb35ad952201a45972829b365cbf318f7987a586ccfcb8a&amp;width=1023\" type=\"image\/jpg\" media=\"(max-width: 1023px)\" \/><source srcset=\"https:\/\/tn.com.ar\/resizer\/v2\/alejandra-locomotora-oliveras-debia-asumir-en-la-convencion-de-la-reforma-de-la-constitucion-de-santa-fe-foto-captura-video-ig-locomotoraok-Q7ZCPNYGK5C7HGISIHLU3IU5GE.PNG?auth=53a0db63086fd4589eb35ad952201a45972829b365cbf318f7987a586ccfcb8a&amp;width=1440\" type=\"image\/jpg\" \/><img loading=\"lazy\" decoding=\"async\" class=\"image content-image image_placeholder\" src=\"https:\/\/tn.com.ar\/resizer\/v2\/alejandra-locomotora-oliveras-debia-asumir-en-la-convencion-de-la-reforma-de-la-constitucion-de-santa-fe-foto-captura-video-ig-locomotoraok-Q7ZCPNYGK5C7HGISIHLU3IU5GE.PNG?auth=53a0db63086fd4589eb35ad952201a45972829b365cbf318f7987a586ccfcb8a&amp;width=767\" alt=\"Alejandra \u201cLocomotora\u201d Oliveras deb\u00eda asumir en la convenci\u00f3n de la reforma de la Constituci\u00f3n de Santa Fe (Foto: captura video IG @locomotoraok)\" width=\"767\" height=\"681\" data-testid=\"loading-testid\" \/><\/picture><\/div><figcaption class=\"caption_image\" data-testid=\"figcaption-testid\">\n<div class=\"image_caption \">Alejandra \u201cLocomotora\u201d Oliveras deb\u00eda asumir en la convenci\u00f3n de la reforma de la Constituci\u00f3n de Santa Fe (Foto: captura video IG @locomotoraok)<\/div>\n<\/figcaption><\/figure>\n<p class=\"paragraph font__body-regular\">Adem\u00e1s, hab\u00eda sido electa<b>\u00a0<\/b>por la lista Frente de la Esperanza para integrar la convenci\u00f3n para la reforma de la Constituci\u00f3n de Santa Fe, que empez\u00f3 a sesionar el lunes 14 de julio. Ese mismo d\u00eda, Alejandra tuvo el ACV.<\/p>\n<p class=\"paragraph font__body-regular\">Due\u00f1a de un gran carisma y de una personalidad arrolladora, tuvo un duro camino: naci\u00f3 en la pobreza, fue mam\u00e1 adolescente, sufri\u00f3 violencia de g\u00e9nero y el boxeo le permiti\u00f3 conseguir un mejor pasar.<\/p>\n<p class=\"paragraph font__body-regular\">Tiempo atr\u00e1s, en una entrevista con\u00a0<b>TN<\/b>, Alejandra dijo que no entend\u00eda por qu\u00e9 ninguna plataforma de contenidos se hab\u00eda interesado en hacer una serie o pel\u00edcula de su vida. \u201cSer\u00eda una historia espectacular.<b>\u00a0Soy una Rocky mujer, pero de verdad<\/b>\u201d, afirmaba.<\/p>\n<p class=\"paragraph font__body-regular\">Y no le faltaba raz\u00f3n.<\/p>\n<\/div>\n<p><\/main><\/div>\n<aside class=\"col-right-rail right-rail\">\n<div id=\"parent-ad-slot-caja\" class=\"ad-container caja_ad \">\n<div class=\"ad-content\">\n<div id=\"ad-slot-caja\" class=\"ad-slot-caja ad-slot\" data-adtype=\"caja\" data-google-query-id=\"CJbb38jY4I4DFcFcuAQdcIQykw\"><\/div>\n<\/div>\n<\/div>\n<\/aside>\n","protected":false},"excerpt":{"rendered":"<p>La juje\u00f1a hab\u00eda sufrido un ACV y permanec\u00eda internada hace dos semanas en el hospital Jos\u00e9 Mar\u00eda Cullen de Santa Fe. Tras su retiro deportivo, se hab\u00eda destacado como influencer y tambi\u00e9n hab\u00eda incursionado en la pol\u00edtica. Este lunes muri\u00f3\u00a0Alejandra \u201cLocomotora\u201d Oliveras, figura destacada del boxeo argentino. Ten\u00eda 47 a\u00f1os y dos semanas atr\u00e1s hab\u00eda [&hellip;]<\/p>\n","protected":false},"author":1,"featured_media":3549,"comment_status":"open","ping_status":"open","sticky":false,"template":"","format":"standard","meta":{"rop_custom_images_group":[],"rop_custom_messages_group":[],"rop_publish_now":"initial","rop_publish_now_accounts":[],"rop_publish_now_history":[],"rop_publish_now_status":"pending","footnotes":"","jetpack_publicize_message":"","jetpack_publicize_feature_enabled":true,"jetpack_social_post_already_shared":true,"jetpack_social_options":{"image_generator_settings":{"template":"highway","enabled":false},"version":2}},"categories":[12],"tags":[],"class_list":{"0":"post-3548","1":"post","2":"type-post","3":"status-publish","4":"format-standard","5":"has-post-thumbnail","7":"category-espectaculos"},"jetpack_publicize_connections":[],"yoast_head":"<!-- This site is optimized with the Yoast SEO plugin v27.3 - https:\/\/yoast.com\/product\/yoast-seo-wordpress\/ -->\n<title>Muri\u00f3 a los 47 a\u00f1os Alejandra \u201cLocomotora\u201d Oliveras, campeona mundial e \u00edcono del boxeo argentino - CLAN ESPECTACULOS<\/title>\n<meta name=\"robots\" content=\"index, follow, max-snippet:-1, max-image-preview:large, max-video-preview:-1\" \/>\n<link rel=\"canonical\" href=\"https:\/\/radioclanfm.com\/clanespectaculos\/murio-a-los-47-anos-alejandra-locomotora-oliveras-campeona-mundial-e-icono-del-boxeo-argentino\/\" \/>\n<meta property=\"og:locale\" content=\"es_ES\" \/>\n<meta property=\"og:type\" content=\"article\" \/>\n<meta property=\"og:title\" content=\"Muri\u00f3 a los 47 a\u00f1os Alejandra \u201cLocomotora\u201d Oliveras, campeona mundial e \u00edcono del boxeo argentino - CLAN ESPECTACULOS\" \/>\n<meta property=\"og:description\" content=\"La juje\u00f1a hab\u00eda sufrido un ACV y permanec\u00eda internada hace dos semanas en el hospital Jos\u00e9 Mar\u00eda Cullen de Santa Fe. Tras su retiro deportivo, se hab\u00eda destacado como influencer y tambi\u00e9n hab\u00eda incursionado en la pol\u00edtica. Este lunes muri\u00f3\u00a0Alejandra \u201cLocomotora\u201d Oliveras, figura destacada del boxeo argentino. Ten\u00eda 47 a\u00f1os y dos semanas atr\u00e1s hab\u00eda [&hellip;]\" \/>\n<meta property=\"og:url\" content=\"https:\/\/radioclanfm.com\/clanespectaculos\/murio-a-los-47-anos-alejandra-locomotora-oliveras-campeona-mundial-e-icono-del-boxeo-argentino\/\" \/>\n<meta property=\"og:site_name\" content=\"CLAN ESPECTACULOS\" \/>\n<meta property=\"article:publisher\" content=\"https:\/\/www.facebook.com\/clanespectaculos\/\" \/>\n<meta property=\"article:published_time\" content=\"2025-07-28T23:21:15+00:00\" \/>\n<meta property=\"og:image\" content=\"https:\/\/radioclanfm.com\/clanespectaculos\/wp-content\/uploads\/sites\/2\/2025\/07\/k3QGKlgd.jpg\" \/>\n\t<meta property=\"og:image:width\" content=\"900\" \/>\n\t<meta property=\"og:image:height\" content=\"504\" \/>\n\t<meta property=\"og:image:type\" content=\"image\/jpeg\" \/>\n<meta name=\"author\" content=\"E-GRUPOCLAN\" \/>\n<meta name=\"twitter:card\" content=\"summary_large_image\" \/>\n<meta name=\"twitter:creator\" content=\"@clanespectok\" \/>\n<meta name=\"twitter:site\" content=\"@clanespectok\" \/>\n<meta name=\"twitter:label1\" content=\"Escrito por\" \/>\n\t<meta name=\"twitter:data1\" content=\"E-GRUPOCLAN\" \/>\n\t<meta name=\"twitter:label2\" content=\"Tiempo de lectura\" \/>\n\t<meta name=\"twitter:data2\" content=\"3 minutos\" \/>\n<script type=\"application\/ld+json\" class=\"yoast-schema-graph\">{\"@context\":\"https:\\\/\\\/schema.org\",\"@graph\":[{\"@type\":\"Article\",\"@id\":\"https:\\\/\\\/radioclanfm.com\\\/clanespectaculos\\\/murio-a-los-47-anos-alejandra-locomotora-oliveras-campeona-mundial-e-icono-del-boxeo-argentino\\\/#article\",\"isPartOf\":{\"@id\":\"https:\\\/\\\/radioclanfm.com\\\/clanespectaculos\\\/murio-a-los-47-anos-alejandra-locomotora-oliveras-campeona-mundial-e-icono-del-boxeo-argentino\\\/\"},\"author\":{\"name\":\"E-GRUPOCLAN\",\"@id\":\"https:\\\/\\\/radioclanfm.com\\\/clanespectaculos\\\/#\\\/schema\\\/person\\\/9734813083303230f3ad84d99171b20c\"},\"headline\":\"Muri\u00f3 a los 47 a\u00f1os Alejandra \u201cLocomotora\u201d Oliveras, campeona mundial e \u00edcono del boxeo argentino\",\"datePublished\":\"2025-07-28T23:21:15+00:00\",\"mainEntityOfPage\":{\"@id\":\"https:\\\/\\\/radioclanfm.com\\\/clanespectaculos\\\/murio-a-los-47-anos-alejandra-locomotora-oliveras-campeona-mundial-e-icono-del-boxeo-argentino\\\/\"},\"wordCount\":623,\"commentCount\":0,\"publisher\":{\"@id\":\"https:\\\/\\\/radioclanfm.com\\\/clanespectaculos\\\/#organization\"},\"image\":{\"@id\":\"https:\\\/\\\/radioclanfm.com\\\/clanespectaculos\\\/murio-a-los-47-anos-alejandra-locomotora-oliveras-campeona-mundial-e-icono-del-boxeo-argentino\\\/#primaryimage\"},\"thumbnailUrl\":\"https:\\\/\\\/radioclanfm.com\\\/clanespectaculos\\\/wp-content\\\/uploads\\\/sites\\\/2\\\/2025\\\/07\\\/k3QGKlgd.jpg\",\"articleSection\":[\"Espectaculos\"],\"inLanguage\":\"es-AR\",\"potentialAction\":[{\"@type\":\"CommentAction\",\"name\":\"Comment\",\"target\":[\"https:\\\/\\\/radioclanfm.com\\\/clanespectaculos\\\/murio-a-los-47-anos-alejandra-locomotora-oliveras-campeona-mundial-e-icono-del-boxeo-argentino\\\/#respond\"]}]},{\"@type\":\"WebPage\",\"@id\":\"https:\\\/\\\/radioclanfm.com\\\/clanespectaculos\\\/murio-a-los-47-anos-alejandra-locomotora-oliveras-campeona-mundial-e-icono-del-boxeo-argentino\\\/\",\"url\":\"https:\\\/\\\/radioclanfm.com\\\/clanespectaculos\\\/murio-a-los-47-anos-alejandra-locomotora-oliveras-campeona-mundial-e-icono-del-boxeo-argentino\\\/\",\"name\":\"Muri\u00f3 a los 47 a\u00f1os Alejandra \u201cLocomotora\u201d Oliveras, campeona mundial e \u00edcono del boxeo argentino - CLAN ESPECTACULOS\",\"isPartOf\":{\"@id\":\"https:\\\/\\\/radioclanfm.com\\\/clanespectaculos\\\/#website\"},\"primaryImageOfPage\":{\"@id\":\"https:\\\/\\\/radioclanfm.com\\\/clanespectaculos\\\/murio-a-los-47-anos-alejandra-locomotora-oliveras-campeona-mundial-e-icono-del-boxeo-argentino\\\/#primaryimage\"},\"image\":{\"@id\":\"https:\\\/\\\/radioclanfm.com\\\/clanespectaculos\\\/murio-a-los-47-anos-alejandra-locomotora-oliveras-campeona-mundial-e-icono-del-boxeo-argentino\\\/#primaryimage\"},\"thumbnailUrl\":\"https:\\\/\\\/radioclanfm.com\\\/clanespectaculos\\\/wp-content\\\/uploads\\\/sites\\\/2\\\/2025\\\/07\\\/k3QGKlgd.jpg\",\"datePublished\":\"2025-07-28T23:21:15+00:00\",\"breadcrumb\":{\"@id\":\"https:\\\/\\\/radioclanfm.com\\\/clanespectaculos\\\/murio-a-los-47-anos-alejandra-locomotora-oliveras-campeona-mundial-e-icono-del-boxeo-argentino\\\/#breadcrumb\"},\"inLanguage\":\"es-AR\",\"potentialAction\":[{\"@type\":\"ReadAction\",\"target\":[\"https:\\\/\\\/radioclanfm.com\\\/clanespectaculos\\\/murio-a-los-47-anos-alejandra-locomotora-oliveras-campeona-mundial-e-icono-del-boxeo-argentino\\\/\"]}]},{\"@type\":\"ImageObject\",\"inLanguage\":\"es-AR\",\"@id\":\"https:\\\/\\\/radioclanfm.com\\\/clanespectaculos\\\/murio-a-los-47-anos-alejandra-locomotora-oliveras-campeona-mundial-e-icono-del-boxeo-argentino\\\/#primaryimage\",\"url\":\"https:\\\/\\\/radioclanfm.com\\\/clanespectaculos\\\/wp-content\\\/uploads\\\/sites\\\/2\\\/2025\\\/07\\\/k3QGKlgd.jpg\",\"contentUrl\":\"https:\\\/\\\/radioclanfm.com\\\/clanespectaculos\\\/wp-content\\\/uploads\\\/sites\\\/2\\\/2025\\\/07\\\/k3QGKlgd.jpg\",\"width\":900,\"height\":504},{\"@type\":\"BreadcrumbList\",\"@id\":\"https:\\\/\\\/radioclanfm.com\\\/clanespectaculos\\\/murio-a-los-47-anos-alejandra-locomotora-oliveras-campeona-mundial-e-icono-del-boxeo-argentino\\\/#breadcrumb\",\"itemListElement\":[{\"@type\":\"ListItem\",\"position\":1,\"name\":\"Inicio\",\"item\":\"https:\\\/\\\/radioclanfm.com\\\/clanespectaculos\\\/\"},{\"@type\":\"ListItem\",\"position\":2,\"name\":\"Muri\u00f3 a los 47 a\u00f1os Alejandra \u201cLocomotora\u201d Oliveras, campeona mundial e \u00edcono del boxeo argentino\"}]},{\"@type\":\"WebSite\",\"@id\":\"https:\\\/\\\/radioclanfm.com\\\/clanespectaculos\\\/#website\",\"url\":\"https:\\\/\\\/radioclanfm.com\\\/clanespectaculos\\\/\",\"name\":\"CLAN ESPECTACULOS\",\"description\":\"\",\"publisher\":{\"@id\":\"https:\\\/\\\/radioclanfm.com\\\/clanespectaculos\\\/#organization\"},\"potentialAction\":[{\"@type\":\"SearchAction\",\"target\":{\"@type\":\"EntryPoint\",\"urlTemplate\":\"https:\\\/\\\/radioclanfm.com\\\/clanespectaculos\\\/?s={search_term_string}\"},\"query-input\":{\"@type\":\"PropertyValueSpecification\",\"valueRequired\":true,\"valueName\":\"search_term_string\"}}],\"inLanguage\":\"es-AR\"},{\"@type\":\"Organization\",\"@id\":\"https:\\\/\\\/radioclanfm.com\\\/clanespectaculos\\\/#organization\",\"name\":\"CLAN ESPECTACULOS\",\"url\":\"https:\\\/\\\/radioclanfm.com\\\/clanespectaculos\\\/\",\"logo\":{\"@type\":\"ImageObject\",\"inLanguage\":\"es-AR\",\"@id\":\"https:\\\/\\\/radioclanfm.com\\\/clanespectaculos\\\/#\\\/schema\\\/logo\\\/image\\\/\",\"url\":\"https:\\\/\\\/radioclanfm.com\\\/clanespectaculos\\\/wp-content\\\/uploads\\\/sites\\\/2\\\/2026\\\/04\\\/ChatGPT-Image-23-mar-2026-10_09_00.png\",\"contentUrl\":\"https:\\\/\\\/radioclanfm.com\\\/clanespectaculos\\\/wp-content\\\/uploads\\\/sites\\\/2\\\/2026\\\/04\\\/ChatGPT-Image-23-mar-2026-10_09_00.png\",\"width\":1024,\"height\":1024,\"caption\":\"CLAN ESPECTACULOS\"},\"image\":{\"@id\":\"https:\\\/\\\/radioclanfm.com\\\/clanespectaculos\\\/#\\\/schema\\\/logo\\\/image\\\/\"},\"sameAs\":[\"https:\\\/\\\/www.facebook.com\\\/clanespectaculos\\\/\",\"https:\\\/\\\/x.com\\\/clanespectok\"]},{\"@type\":\"Person\",\"@id\":\"https:\\\/\\\/radioclanfm.com\\\/clanespectaculos\\\/#\\\/schema\\\/person\\\/9734813083303230f3ad84d99171b20c\",\"name\":\"E-GRUPOCLAN\",\"image\":{\"@type\":\"ImageObject\",\"inLanguage\":\"es-AR\",\"@id\":\"https:\\\/\\\/secure.gravatar.com\\\/avatar\\\/af6e19837c3d6a212034a48c7b3818d2ac1826f6025df0155da5a186ad321d79?s=96&d=mm&r=g\",\"url\":\"https:\\\/\\\/secure.gravatar.com\\\/avatar\\\/af6e19837c3d6a212034a48c7b3818d2ac1826f6025df0155da5a186ad321d79?s=96&d=mm&r=g\",\"contentUrl\":\"https:\\\/\\\/secure.gravatar.com\\\/avatar\\\/af6e19837c3d6a212034a48c7b3818d2ac1826f6025df0155da5a186ad321d79?s=96&d=mm&r=g\",\"caption\":\"E-GRUPOCLAN\"},\"sameAs\":[\"https:\\\/\\\/radioclanfm.com\"],\"url\":\"https:\\\/\\\/radioclanfm.com\\\/clanespectaculos\\\/author\\\/admin\\\/\"}]}<\/script>\n<!-- \/ Yoast SEO plugin. -->","yoast_head_json":{"title":"Muri\u00f3 a los 47 a\u00f1os Alejandra \u201cLocomotora\u201d Oliveras, campeona mundial e \u00edcono del boxeo argentino - CLAN ESPECTACULOS","robots":{"index":"index","follow":"follow","max-snippet":"max-snippet:-1","max-image-preview":"max-image-preview:large","max-video-preview":"max-video-preview:-1"},"canonical":"https:\/\/radioclanfm.com\/clanespectaculos\/murio-a-los-47-anos-alejandra-locomotora-oliveras-campeona-mundial-e-icono-del-boxeo-argentino\/","og_locale":"es_ES","og_type":"article","og_title":"Muri\u00f3 a los 47 a\u00f1os Alejandra \u201cLocomotora\u201d Oliveras, campeona mundial e \u00edcono del boxeo argentino - CLAN ESPECTACULOS","og_description":"La juje\u00f1a hab\u00eda sufrido un ACV y permanec\u00eda internada hace dos semanas en el hospital Jos\u00e9 Mar\u00eda Cullen de Santa Fe. Tras su retiro deportivo, se hab\u00eda destacado como influencer y tambi\u00e9n hab\u00eda incursionado en la pol\u00edtica. Este lunes muri\u00f3\u00a0Alejandra \u201cLocomotora\u201d Oliveras, figura destacada del boxeo argentino. Ten\u00eda 47 a\u00f1os y dos semanas atr\u00e1s hab\u00eda [&hellip;]","og_url":"https:\/\/radioclanfm.com\/clanespectaculos\/murio-a-los-47-anos-alejandra-locomotora-oliveras-campeona-mundial-e-icono-del-boxeo-argentino\/","og_site_name":"CLAN ESPECTACULOS","article_publisher":"https:\/\/www.facebook.com\/clanespectaculos\/","article_published_time":"2025-07-28T23:21:15+00:00","og_image":[{"width":900,"height":504,"url":"https:\/\/radioclanfm.com\/clanespectaculos\/wp-content\/uploads\/sites\/2\/2025\/07\/k3QGKlgd.jpg","type":"image\/jpeg"}],"author":"E-GRUPOCLAN","twitter_card":"summary_large_image","twitter_creator":"@clanespectok","twitter_site":"@clanespectok","twitter_misc":{"Escrito por":"E-GRUPOCLAN","Tiempo de lectura":"3 minutos"},"schema":{"@context":"https:\/\/schema.org","@graph":[{"@type":"Article","@id":"https:\/\/radioclanfm.com\/clanespectaculos\/murio-a-los-47-anos-alejandra-locomotora-oliveras-campeona-mundial-e-icono-del-boxeo-argentino\/#article","isPartOf":{"@id":"https:\/\/radioclanfm.com\/clanespectaculos\/murio-a-los-47-anos-alejandra-locomotora-oliveras-campeona-mundial-e-icono-del-boxeo-argentino\/"},"author":{"name":"E-GRUPOCLAN","@id":"https:\/\/radioclanfm.com\/clanespectaculos\/#\/schema\/person\/9734813083303230f3ad84d99171b20c"},"headline":"Muri\u00f3 a los 47 a\u00f1os Alejandra \u201cLocomotora\u201d Oliveras, campeona mundial e \u00edcono del boxeo argentino","datePublished":"2025-07-28T23:21:15+00:00","mainEntityOfPage":{"@id":"https:\/\/radioclanfm.com\/clanespectaculos\/murio-a-los-47-anos-alejandra-locomotora-oliveras-campeona-mundial-e-icono-del-boxeo-argentino\/"},"wordCount":623,"commentCount":0,"publisher":{"@id":"https:\/\/radioclanfm.com\/clanespectaculos\/#organization"},"image":{"@id":"https:\/\/radioclanfm.com\/clanespectaculos\/murio-a-los-47-anos-alejandra-locomotora-oliveras-campeona-mundial-e-icono-del-boxeo-argentino\/#primaryimage"},"thumbnailUrl":"https:\/\/radioclanfm.com\/clanespectaculos\/wp-content\/uploads\/sites\/2\/2025\/07\/k3QGKlgd.jpg","articleSection":["Espectaculos"],"inLanguage":"es-AR","potentialAction":[{"@type":"CommentAction","name":"Comment","target":["https:\/\/radioclanfm.com\/clanespectaculos\/murio-a-los-47-anos-alejandra-locomotora-oliveras-campeona-mundial-e-icono-del-boxeo-argentino\/#respond"]}]},{"@type":"WebPage","@id":"https:\/\/radioclanfm.com\/clanespectaculos\/murio-a-los-47-anos-alejandra-locomotora-oliveras-campeona-mundial-e-icono-del-boxeo-argentino\/","url":"https:\/\/radioclanfm.com\/clanespectaculos\/murio-a-los-47-anos-alejandra-locomotora-oliveras-campeona-mundial-e-icono-del-boxeo-argentino\/","name":"Muri\u00f3 a los 47 a\u00f1os Alejandra \u201cLocomotora\u201d Oliveras, campeona mundial e \u00edcono del boxeo argentino - CLAN ESPECTACULOS","isPartOf":{"@id":"https:\/\/radioclanfm.com\/clanespectaculos\/#website"},"primaryImageOfPage":{"@id":"https:\/\/radioclanfm.com\/clanespectaculos\/murio-a-los-47-anos-alejandra-locomotora-oliveras-campeona-mundial-e-icono-del-boxeo-argentino\/#primaryimage"},"image":{"@id":"https:\/\/radioclanfm.com\/clanespectaculos\/murio-a-los-47-anos-alejandra-locomotora-oliveras-campeona-mundial-e-icono-del-boxeo-argentino\/#primaryimage"},"thumbnailUrl":"https:\/\/radioclanfm.com\/clanespectaculos\/wp-content\/uploads\/sites\/2\/2025\/07\/k3QGKlgd.jpg","datePublished":"2025-07-28T23:21:15+00:00","breadcrumb":{"@id":"https:\/\/radioclanfm.com\/clanespectaculos\/murio-a-los-47-anos-alejandra-locomotora-oliveras-campeona-mundial-e-icono-del-boxeo-argentino\/#breadcrumb"},"inLanguage":"es-AR","potentialAction":[{"@type":"ReadAction","target":["https:\/\/radioclanfm.com\/clanespectaculos\/murio-a-los-47-anos-alejandra-locomotora-oliveras-campeona-mundial-e-icono-del-boxeo-argentino\/"]}]},{"@type":"ImageObject","inLanguage":"es-AR","@id":"https:\/\/radioclanfm.com\/clanespectaculos\/murio-a-los-47-anos-alejandra-locomotora-oliveras-campeona-mundial-e-icono-del-boxeo-argentino\/#primaryimage","url":"https:\/\/radioclanfm.com\/clanespectaculos\/wp-content\/uploads\/sites\/2\/2025\/07\/k3QGKlgd.jpg","contentUrl":"https:\/\/radioclanfm.com\/clanespectaculos\/wp-content\/uploads\/sites\/2\/2025\/07\/k3QGKlgd.jpg","width":900,"height":504},{"@type":"BreadcrumbList","@id":"https:\/\/radioclanfm.com\/clanespectaculos\/murio-a-los-47-anos-alejandra-locomotora-oliveras-campeona-mundial-e-icono-del-boxeo-argentino\/#breadcrumb","itemListElement":[{"@type":"ListItem","position":1,"name":"Inicio","item":"https:\/\/radioclanfm.com\/clanespectaculos\/"},{"@type":"ListItem","position":2,"name":"Muri\u00f3 a los 47 a\u00f1os Alejandra \u201cLocomotora\u201d Oliveras, campeona mundial e \u00edcono del boxeo argentino"}]},{"@type":"WebSite","@id":"https:\/\/radioclanfm.com\/clanespectaculos\/#website","url":"https:\/\/radioclanfm.com\/clanespectaculos\/","name":"CLAN ESPECTACULOS","description":"","publisher":{"@id":"https:\/\/radioclanfm.com\/clanespectaculos\/#organization"},"potentialAction":[{"@type":"SearchAction","target":{"@type":"EntryPoint","urlTemplate":"https:\/\/radioclanfm.com\/clanespectaculos\/?s={search_term_string}"},"query-input":{"@type":"PropertyValueSpecification","valueRequired":true,"valueName":"search_term_string"}}],"inLanguage":"es-AR"},{"@type":"Organization","@id":"https:\/\/radioclanfm.com\/clanespectaculos\/#organization","name":"CLAN ESPECTACULOS","url":"https:\/\/radioclanfm.com\/clanespectaculos\/","logo":{"@type":"ImageObject","inLanguage":"es-AR","@id":"https:\/\/radioclanfm.com\/clanespectaculos\/#\/schema\/logo\/image\/","url":"https:\/\/radioclanfm.com\/clanespectaculos\/wp-content\/uploads\/sites\/2\/2026\/04\/ChatGPT-Image-23-mar-2026-10_09_00.png","contentUrl":"https:\/\/radioclanfm.com\/clanespectaculos\/wp-content\/uploads\/sites\/2\/2026\/04\/ChatGPT-Image-23-mar-2026-10_09_00.png","width":1024,"height":1024,"caption":"CLAN ESPECTACULOS"},"image":{"@id":"https:\/\/radioclanfm.com\/clanespectaculos\/#\/schema\/logo\/image\/"},"sameAs":["https:\/\/www.facebook.com\/clanespectaculos\/","https:\/\/x.com\/clanespectok"]},{"@type":"Person","@id":"https:\/\/radioclanfm.com\/clanespectaculos\/#\/schema\/person\/9734813083303230f3ad84d99171b20c","name":"E-GRUPOCLAN","image":{"@type":"ImageObject","inLanguage":"es-AR","@id":"https:\/\/secure.gravatar.com\/avatar\/af6e19837c3d6a212034a48c7b3818d2ac1826f6025df0155da5a186ad321d79?s=96&d=mm&r=g","url":"https:\/\/secure.gravatar.com\/avatar\/af6e19837c3d6a212034a48c7b3818d2ac1826f6025df0155da5a186ad321d79?s=96&d=mm&r=g","contentUrl":"https:\/\/secure.gravatar.com\/avatar\/af6e19837c3d6a212034a48c7b3818d2ac1826f6025df0155da5a186ad321d79?s=96&d=mm&r=g","caption":"E-GRUPOCLAN"},"sameAs":["https:\/\/radioclanfm.com"],"url":"https:\/\/radioclanfm.com\/clanespectaculos\/author\/admin\/"}]}},"_links":{"self":[{"href":"https:\/\/radioclanfm.com\/clanespectaculos\/wp-json\/wp\/v2\/posts\/3548","targetHints":{"allow":["GET"]}}],"collection":[{"href":"https:\/\/radioclanfm.com\/clanespectaculos\/wp-json\/wp\/v2\/posts"}],"about":[{"href":"https:\/\/radioclanfm.com\/clanespectaculos\/wp-json\/wp\/v2\/types\/post"}],"author":[{"embeddable":true,"href":"https:\/\/radioclanfm.com\/clanespectaculos\/wp-json\/wp\/v2\/users\/1"}],"replies":[{"embeddable":true,"href":"https:\/\/radioclanfm.com\/clanespectaculos\/wp-json\/wp\/v2\/comments?post=3548"}],"version-history":[{"count":1,"href":"https:\/\/radioclanfm.com\/clanespectaculos\/wp-json\/wp\/v2\/posts\/3548\/revisions"}],"predecessor-version":[{"id":3550,"href":"https:\/\/radioclanfm.com\/clanespectaculos\/wp-json\/wp\/v2\/posts\/3548\/revisions\/3550"}],"wp:featuredmedia":[{"embeddable":true,"href":"https:\/\/radioclanfm.com\/clanespectaculos\/wp-json\/wp\/v2\/media\/3549"}],"wp:attachment":[{"href":"https:\/\/radioclanfm.com\/clanespectaculos\/wp-json\/wp\/v2\/media?parent=3548"}],"wp:term":[{"taxonomy":"category","embeddable":true,"href":"https:\/\/radioclanfm.com\/clanespectaculos\/wp-json\/wp\/v2\/categories?post=3548"},{"taxonomy":"post_tag","embeddable":true,"href":"https:\/\/radioclanfm.com\/clanespectaculos\/wp-json\/wp\/v2\/tags?post=3548"}],"curies":[{"name":"wp","href":"https:\/\/api.w.org\/{rel}","templated":true}]}}