{"id":3545,"date":"2025-07-28T20:18:13","date_gmt":"2025-07-28T23:18:13","guid":{"rendered":"https:\/\/radioclanfm.com\/clanespectaculos\/?p=3545"},"modified":"2025-07-28T20:18:13","modified_gmt":"2025-07-28T23:18:13","slug":"hernan-drago-se-largo-a-llorar-en-vivo-al-enterarse-de-la-muerte-de-la-locomotora-oliveras-no-puedo-creerlo","status":"publish","type":"post","link":"https:\/\/radioclanfm.com\/clanespectaculos\/hernan-drago-se-largo-a-llorar-en-vivo-al-enterarse-de-la-muerte-de-la-locomotora-oliveras-no-puedo-creerlo\/","title":{"rendered":"Hern\u00e1n Drago se larg\u00f3 a llorar en vivo al enterarse de la muerte de la Locomotora Oliveras: \u201cNo puedo creerlo\u201d"},"content":{"rendered":"<p>El modelo era muy amigo de la boxeadora, con quien comparti\u00f3 trabajos en radio y televisi\u00f3n.<\/p>\n<div class=\"col-content\"><main class=\"col-content\"><\/p>\n<div class=\"default-article-color article__body article__article\">\n<p class=\"paragraph font__body-regular\"><b>Hern\u00e1n Drago<\/b>\u00a0rompi\u00f3 en llanto al enterarse en vivo de la muerte de la\u00a0<b>Locomotora Oliveras<\/b>. El modelo estaba en el piso de<i>\u00a0Cort\u00e1 por Lozano\u00a0<\/i>(<i>Telefe<\/i>) cuando dieron la noticia.<\/p>\n<div class=\"AV67f93cf033780503b00636a7\">\n<div id=\"aniBox\">\n<div id=\"aniplayer_AV67f93cf033780503b00636a7-1753744598460\">\n<div id=\"aniplayer_AV67f93cf033780503b00636a7-1753744598460gui\">\n<div id=\"av-caption\">\n<div id=\"av-close-btn-overlay\" class=\"av-pos-top-left\"><\/div>\n<\/div>\n<\/div>\n<div id=\"anibid\"><\/div>\n<\/div>\n<\/div>\n<\/div>\n<p class=\"paragraph font__body-regular\"><b>\u201cNo lo puedo creer. No lo puedo creer\u201d<\/b>, expres\u00f3 entre l\u00e1grimas. Y record\u00f3: \u201cFuimos compa\u00f1eros&#8230;\u00a0<b>No me lo esperaba ni loco\u201d.<\/b><\/p>\n<p class=\"paragraph font__body-regular\">A coraz\u00f3n abierto, cont\u00f3: \u201cFuimos compa\u00f1eros un par de a\u00f1os. Yo hablaba seguido con ella, tuvimos un par de proyectos. Hemos hecho radio juntos tambi\u00e9n\u201d. \u201cPero m\u00e1s all\u00e1 de las cosas televisivas,\u00a0<b>hemos compartido charlas en camarines y cosas comunes\u201d<\/b>, asegur\u00f3.<\/p>\n<figure class=\"\" data-testid=\"figure-testid\">\n<div class=\"aspect_ratio__container\"><picture class=\"responsive-image\"><source srcset=\"https:\/\/tn.com.ar\/resizer\/v2\/la-locomotora-perdio-por-primera-vez-en-bienvenidos-a-bordo-TJAY76OCGJHW7NJVWDUN4GSU3E.jpg?auth=b0ab4ccadc3c3de569921a4d7feb1112ec38e4f4b75c919fa5d277966dbbea1d&amp;width=767\" type=\"image\/jpg\" media=\"(max-width: 728px)\" \/><source srcset=\"https:\/\/tn.com.ar\/resizer\/v2\/la-locomotora-perdio-por-primera-vez-en-bienvenidos-a-bordo-TJAY76OCGJHW7NJVWDUN4GSU3E.jpg?auth=b0ab4ccadc3c3de569921a4d7feb1112ec38e4f4b75c919fa5d277966dbbea1d&amp;width=1023\" type=\"image\/jpg\" media=\"(max-width: 1023px)\" \/><source srcset=\"https:\/\/tn.com.ar\/resizer\/v2\/la-locomotora-perdio-por-primera-vez-en-bienvenidos-a-bordo-TJAY76OCGJHW7NJVWDUN4GSU3E.jpg?auth=b0ab4ccadc3c3de569921a4d7feb1112ec38e4f4b75c919fa5d277966dbbea1d&amp;width=1440\" type=\"image\/jpg\" \/><img loading=\"lazy\" decoding=\"async\" class=\"image content-image image_placeholder\" src=\"https:\/\/tn.com.ar\/resizer\/v2\/la-locomotora-perdio-por-primera-vez-en-bienvenidos-a-bordo-TJAY76OCGJHW7NJVWDUN4GSU3E.jpg?auth=b0ab4ccadc3c3de569921a4d7feb1112ec38e4f4b75c919fa5d277966dbbea1d&amp;width=767\" alt=\"La Locomotora perdi\u00f3 por primera vez en Bienvenidos a Bordo.\" width=\"767\" height=\"432\" data-testid=\"loading-testid\" \/><\/picture><\/div><figcaption class=\"caption_image\" data-testid=\"figcaption-testid\">\n<div class=\"image_caption \">La Locomotora perdi\u00f3 por primera vez en Bienvenidos a Bordo.<\/div>\n<\/figcaption><\/figure>\n<p class=\"paragraph font__body-regular\">Acto seguido, se\u00f1al\u00f3 que pese a que estuvo una semana en terapia intensiva, \u00e9l ten\u00eda fe de que iba a salir adelante. \u201c<b>Esta semana le estuve mandando mensajes a su WhatsApp dici\u00e9ndole que era cuesti\u00f3n de tiempo que ella respondiera, que sepa que no estaba sola\u201d<\/b>, sostuvo.<\/p>\n<p class=\"paragraph font__body-regular\">A modo de cierre, revel\u00f3: \u201cAyer le mand\u00e9 un mensaje porque hab\u00eda escuchado a sus hijos hablando en la televisi\u00f3n con tanto amor, con tanto respeto, dando una buena noticia, que ten\u00eda alg\u00fan reflejo, que hab\u00eda abierto los ojos&#8230; Que eso hablaba de la excelente madre que hab\u00eda atr\u00e1s\u201d.<\/p>\n<p class=\"paragraph font__body-regular\">\u201cLa verdad que lo \u00faltimo que supe de ella fue eso, esta ma\u00f1ana tambi\u00e9n, porque vivo buscando las noticias, hab\u00eda escuchado tambi\u00e9n eso, que ten\u00eda una mejor\u00eda.\u00a0<b>No lo esperaba ni loco. Me mat\u00f3. Me mat\u00f3 porque fue realmente injusto, inmerecido, inesperado.\u00a0<\/b>Le mando un beso grande a la familia\u201d, cerr\u00f3.<\/p>\n<h2 class=\"font--primary font__display\">Muri\u00f3 Alejandra \u201cLocomotora\u201d Oliveras<\/h2>\n<p class=\"paragraph font__body-regular\">Este lunes muri\u00f3\u00a0<b>Alejandra \u201cLocomotora\u201d Oliveras<\/b>, figura destacada del boxeo argentino. Ten\u00eda 47 a\u00f1os y dos semanas atr\u00e1s hab\u00eda sufrido un ACV, por el que hab\u00eda quedado internada en terapia intensiva del hospital Jos\u00e9 Mar\u00eda Cullen de Santa Fe.<\/p>\n<p class=\"paragraph font__body-regular\">Nacida en Jujuy, Oliveras fue\u00a0<b>uno de los nombres m\u00e1s importantes del boxeo femenino argentino<\/b>. Campeona mundial en seis ocasiones, durante su carrera deportiva protagoniz\u00f3 38 peleas y logr\u00f3 un r\u00e9cord de 33 victorias, tres derrotas y dos empates.<\/p>\n<p class=\"paragraph font__body-regular\">\u201cYo les gan\u00e9 a las mejores. Las quiero y las respeto a las boxeadoras argentinas, pero<b>\u00a0la mejor soy yo<\/b>\u201d, hab\u00eda dicho tiempo atr\u00e1s en una entrevista con\u00a0<b>TN<\/b>.<\/p>\n<p class=\"paragraph font__body-regular\">Sus comienzos en el boxeo hab\u00edan sido en C\u00f3rdoba, provincia a la que se hab\u00eda mudado con su familia de chiquita. Ten\u00eda 20 a\u00f1os y ya era mam\u00e1 de dos varones. Antes de ir a un gimnasio a entrenar, hab\u00eda participado de una pelea improvisada en una plaza de su barrio.<\/p>\n<\/div>\n<p><\/main><\/div>\n<aside class=\"col-right-rail right-rail\">\n<div id=\"parent-ad-slot-caja\" class=\"ad-container caja_ad \">\n<div class=\"ad-content\">\n<div id=\"ad-slot-caja\" class=\"ad-slot-caja ad-slot\" data-adtype=\"caja\" data-google-query-id=\"CMXC8_LX4I4DFadV3QIdSkoHfA\"><\/div>\n<\/div>\n<\/div>\n<\/aside>\n","protected":false},"excerpt":{"rendered":"<p>El modelo era muy amigo de la boxeadora, con quien comparti\u00f3 trabajos en radio y televisi\u00f3n. Hern\u00e1n Drago\u00a0rompi\u00f3 en llanto al enterarse en vivo de la muerte de la\u00a0Locomotora Oliveras. El modelo estaba en el piso de\u00a0Cort\u00e1 por Lozano\u00a0(Telefe) cuando dieron la noticia. \u201cNo lo puedo creer. No lo puedo creer\u201d, expres\u00f3 entre l\u00e1grimas. Y [&hellip;]<\/p>\n","protected":false},"author":1,"featured_media":3546,"comment_status":"open","ping_status":"open","sticky":false,"template":"","format":"standard","meta":{"rop_custom_images_group":[],"rop_custom_messages_group":[],"rop_publish_now":"initial","rop_publish_now_accounts":[],"rop_publish_now_history":[],"rop_publish_now_status":"pending","footnotes":"","jetpack_publicize_message":"","jetpack_publicize_feature_enabled":true,"jetpack_social_post_already_shared":true,"jetpack_social_options":{"image_generator_settings":{"template":"highway","enabled":false},"version":2}},"categories":[12],"tags":[],"class_list":{"0":"post-3545","1":"post","2":"type-post","3":"status-publish","4":"format-standard","5":"has-post-thumbnail","7":"category-espectaculos"},"jetpack_publicize_connections":[],"yoast_head":"<!-- This site is optimized with the Yoast SEO plugin v27.3 - https:\/\/yoast.com\/product\/yoast-seo-wordpress\/ -->\n<title>Hern\u00e1n Drago se larg\u00f3 a llorar en vivo al enterarse de la muerte de la Locomotora Oliveras: \u201cNo puedo creerlo\u201d - CLAN ESPECTACULOS<\/title>\n<meta name=\"robots\" content=\"index, follow, max-snippet:-1, max-image-preview:large, max-video-preview:-1\" \/>\n<link rel=\"canonical\" href=\"https:\/\/radioclanfm.com\/clanespectaculos\/hernan-drago-se-largo-a-llorar-en-vivo-al-enterarse-de-la-muerte-de-la-locomotora-oliveras-no-puedo-creerlo\/\" \/>\n<meta property=\"og:locale\" content=\"es_ES\" \/>\n<meta property=\"og:type\" content=\"article\" \/>\n<meta property=\"og:title\" content=\"Hern\u00e1n Drago se larg\u00f3 a llorar en vivo al enterarse de la muerte de la Locomotora Oliveras: \u201cNo puedo creerlo\u201d - CLAN ESPECTACULOS\" \/>\n<meta property=\"og:description\" content=\"El modelo era muy amigo de la boxeadora, con quien comparti\u00f3 trabajos en radio y televisi\u00f3n. Hern\u00e1n Drago\u00a0rompi\u00f3 en llanto al enterarse en vivo de la muerte de la\u00a0Locomotora Oliveras. El modelo estaba en el piso de\u00a0Cort\u00e1 por Lozano\u00a0(Telefe) cuando dieron la noticia. \u201cNo lo puedo creer. No lo puedo creer\u201d, expres\u00f3 entre l\u00e1grimas. Y [&hellip;]\" \/>\n<meta property=\"og:url\" content=\"https:\/\/radioclanfm.com\/clanespectaculos\/hernan-drago-se-largo-a-llorar-en-vivo-al-enterarse-de-la-muerte-de-la-locomotora-oliveras-no-puedo-creerlo\/\" \/>\n<meta property=\"og:site_name\" content=\"CLAN ESPECTACULOS\" \/>\n<meta property=\"article:publisher\" content=\"https:\/\/www.facebook.com\/clanespectaculos\/\" \/>\n<meta property=\"article:published_time\" content=\"2025-07-28T23:18:13+00:00\" \/>\n<meta property=\"og:image\" content=\"https:\/\/radioclanfm.com\/clanespectaculos\/wp-content\/uploads\/sites\/2\/2025\/07\/fl9D764C.jpg\" \/>\n\t<meta property=\"og:image:width\" content=\"900\" \/>\n\t<meta property=\"og:image:height\" content=\"512\" \/>\n\t<meta property=\"og:image:type\" content=\"image\/jpeg\" \/>\n<meta name=\"author\" content=\"E-GRUPOCLAN\" \/>\n<meta name=\"twitter:card\" content=\"summary_large_image\" \/>\n<meta name=\"twitter:creator\" content=\"@clanespectok\" \/>\n<meta name=\"twitter:site\" content=\"@clanespectok\" \/>\n<meta name=\"twitter:label1\" content=\"Escrito por\" \/>\n\t<meta name=\"twitter:data1\" content=\"E-GRUPOCLAN\" \/>\n\t<meta name=\"twitter:label2\" content=\"Tiempo de lectura\" \/>\n\t<meta name=\"twitter:data2\" content=\"2 minutos\" \/>\n<script type=\"application\/ld+json\" class=\"yoast-schema-graph\">{\"@context\":\"https:\\\/\\\/schema.org\",\"@graph\":[{\"@type\":\"Article\",\"@id\":\"https:\\\/\\\/radioclanfm.com\\\/clanespectaculos\\\/hernan-drago-se-largo-a-llorar-en-vivo-al-enterarse-de-la-muerte-de-la-locomotora-oliveras-no-puedo-creerlo\\\/#article\",\"isPartOf\":{\"@id\":\"https:\\\/\\\/radioclanfm.com\\\/clanespectaculos\\\/hernan-drago-se-largo-a-llorar-en-vivo-al-enterarse-de-la-muerte-de-la-locomotora-oliveras-no-puedo-creerlo\\\/\"},\"author\":{\"name\":\"E-GRUPOCLAN\",\"@id\":\"https:\\\/\\\/radioclanfm.com\\\/clanespectaculos\\\/#\\\/schema\\\/person\\\/9734813083303230f3ad84d99171b20c\"},\"headline\":\"Hern\u00e1n Drago se larg\u00f3 a llorar en vivo al enterarse de la muerte de la Locomotora Oliveras: \u201cNo puedo creerlo\u201d\",\"datePublished\":\"2025-07-28T23:18:13+00:00\",\"mainEntityOfPage\":{\"@id\":\"https:\\\/\\\/radioclanfm.com\\\/clanespectaculos\\\/hernan-drago-se-largo-a-llorar-en-vivo-al-enterarse-de-la-muerte-de-la-locomotora-oliveras-no-puedo-creerlo\\\/\"},\"wordCount\":487,\"commentCount\":0,\"publisher\":{\"@id\":\"https:\\\/\\\/radioclanfm.com\\\/clanespectaculos\\\/#organization\"},\"image\":{\"@id\":\"https:\\\/\\\/radioclanfm.com\\\/clanespectaculos\\\/hernan-drago-se-largo-a-llorar-en-vivo-al-enterarse-de-la-muerte-de-la-locomotora-oliveras-no-puedo-creerlo\\\/#primaryimage\"},\"thumbnailUrl\":\"https:\\\/\\\/radioclanfm.com\\\/clanespectaculos\\\/wp-content\\\/uploads\\\/sites\\\/2\\\/2025\\\/07\\\/fl9D764C.jpg\",\"articleSection\":[\"Espectaculos\"],\"inLanguage\":\"es-AR\",\"potentialAction\":[{\"@type\":\"CommentAction\",\"name\":\"Comment\",\"target\":[\"https:\\\/\\\/radioclanfm.com\\\/clanespectaculos\\\/hernan-drago-se-largo-a-llorar-en-vivo-al-enterarse-de-la-muerte-de-la-locomotora-oliveras-no-puedo-creerlo\\\/#respond\"]}]},{\"@type\":\"WebPage\",\"@id\":\"https:\\\/\\\/radioclanfm.com\\\/clanespectaculos\\\/hernan-drago-se-largo-a-llorar-en-vivo-al-enterarse-de-la-muerte-de-la-locomotora-oliveras-no-puedo-creerlo\\\/\",\"url\":\"https:\\\/\\\/radioclanfm.com\\\/clanespectaculos\\\/hernan-drago-se-largo-a-llorar-en-vivo-al-enterarse-de-la-muerte-de-la-locomotora-oliveras-no-puedo-creerlo\\\/\",\"name\":\"Hern\u00e1n Drago se larg\u00f3 a llorar en vivo al enterarse de la muerte de la Locomotora Oliveras: \u201cNo puedo creerlo\u201d - CLAN ESPECTACULOS\",\"isPartOf\":{\"@id\":\"https:\\\/\\\/radioclanfm.com\\\/clanespectaculos\\\/#website\"},\"primaryImageOfPage\":{\"@id\":\"https:\\\/\\\/radioclanfm.com\\\/clanespectaculos\\\/hernan-drago-se-largo-a-llorar-en-vivo-al-enterarse-de-la-muerte-de-la-locomotora-oliveras-no-puedo-creerlo\\\/#primaryimage\"},\"image\":{\"@id\":\"https:\\\/\\\/radioclanfm.com\\\/clanespectaculos\\\/hernan-drago-se-largo-a-llorar-en-vivo-al-enterarse-de-la-muerte-de-la-locomotora-oliveras-no-puedo-creerlo\\\/#primaryimage\"},\"thumbnailUrl\":\"https:\\\/\\\/radioclanfm.com\\\/clanespectaculos\\\/wp-content\\\/uploads\\\/sites\\\/2\\\/2025\\\/07\\\/fl9D764C.jpg\",\"datePublished\":\"2025-07-28T23:18:13+00:00\",\"breadcrumb\":{\"@id\":\"https:\\\/\\\/radioclanfm.com\\\/clanespectaculos\\\/hernan-drago-se-largo-a-llorar-en-vivo-al-enterarse-de-la-muerte-de-la-locomotora-oliveras-no-puedo-creerlo\\\/#breadcrumb\"},\"inLanguage\":\"es-AR\",\"potentialAction\":[{\"@type\":\"ReadAction\",\"target\":[\"https:\\\/\\\/radioclanfm.com\\\/clanespectaculos\\\/hernan-drago-se-largo-a-llorar-en-vivo-al-enterarse-de-la-muerte-de-la-locomotora-oliveras-no-puedo-creerlo\\\/\"]}]},{\"@type\":\"ImageObject\",\"inLanguage\":\"es-AR\",\"@id\":\"https:\\\/\\\/radioclanfm.com\\\/clanespectaculos\\\/hernan-drago-se-largo-a-llorar-en-vivo-al-enterarse-de-la-muerte-de-la-locomotora-oliveras-no-puedo-creerlo\\\/#primaryimage\",\"url\":\"https:\\\/\\\/radioclanfm.com\\\/clanespectaculos\\\/wp-content\\\/uploads\\\/sites\\\/2\\\/2025\\\/07\\\/fl9D764C.jpg\",\"contentUrl\":\"https:\\\/\\\/radioclanfm.com\\\/clanespectaculos\\\/wp-content\\\/uploads\\\/sites\\\/2\\\/2025\\\/07\\\/fl9D764C.jpg\",\"width\":900,\"height\":512},{\"@type\":\"BreadcrumbList\",\"@id\":\"https:\\\/\\\/radioclanfm.com\\\/clanespectaculos\\\/hernan-drago-se-largo-a-llorar-en-vivo-al-enterarse-de-la-muerte-de-la-locomotora-oliveras-no-puedo-creerlo\\\/#breadcrumb\",\"itemListElement\":[{\"@type\":\"ListItem\",\"position\":1,\"name\":\"Inicio\",\"item\":\"https:\\\/\\\/radioclanfm.com\\\/clanespectaculos\\\/\"},{\"@type\":\"ListItem\",\"position\":2,\"name\":\"Hern\u00e1n Drago se larg\u00f3 a llorar en vivo al enterarse de la muerte de la Locomotora Oliveras: \u201cNo puedo creerlo\u201d\"}]},{\"@type\":\"WebSite\",\"@id\":\"https:\\\/\\\/radioclanfm.com\\\/clanespectaculos\\\/#website\",\"url\":\"https:\\\/\\\/radioclanfm.com\\\/clanespectaculos\\\/\",\"name\":\"CLAN ESPECTACULOS\",\"description\":\"\",\"publisher\":{\"@id\":\"https:\\\/\\\/radioclanfm.com\\\/clanespectaculos\\\/#organization\"},\"potentialAction\":[{\"@type\":\"SearchAction\",\"target\":{\"@type\":\"EntryPoint\",\"urlTemplate\":\"https:\\\/\\\/radioclanfm.com\\\/clanespectaculos\\\/?s={search_term_string}\"},\"query-input\":{\"@type\":\"PropertyValueSpecification\",\"valueRequired\":true,\"valueName\":\"search_term_string\"}}],\"inLanguage\":\"es-AR\"},{\"@type\":\"Organization\",\"@id\":\"https:\\\/\\\/radioclanfm.com\\\/clanespectaculos\\\/#organization\",\"name\":\"CLAN ESPECTACULOS\",\"url\":\"https:\\\/\\\/radioclanfm.com\\\/clanespectaculos\\\/\",\"logo\":{\"@type\":\"ImageObject\",\"inLanguage\":\"es-AR\",\"@id\":\"https:\\\/\\\/radioclanfm.com\\\/clanespectaculos\\\/#\\\/schema\\\/logo\\\/image\\\/\",\"url\":\"https:\\\/\\\/radioclanfm.com\\\/clanespectaculos\\\/wp-content\\\/uploads\\\/sites\\\/2\\\/2026\\\/04\\\/ChatGPT-Image-23-mar-2026-10_09_00.png\",\"contentUrl\":\"https:\\\/\\\/radioclanfm.com\\\/clanespectaculos\\\/wp-content\\\/uploads\\\/sites\\\/2\\\/2026\\\/04\\\/ChatGPT-Image-23-mar-2026-10_09_00.png\",\"width\":1024,\"height\":1024,\"caption\":\"CLAN ESPECTACULOS\"},\"image\":{\"@id\":\"https:\\\/\\\/radioclanfm.com\\\/clanespectaculos\\\/#\\\/schema\\\/logo\\\/image\\\/\"},\"sameAs\":[\"https:\\\/\\\/www.facebook.com\\\/clanespectaculos\\\/\",\"https:\\\/\\\/x.com\\\/clanespectok\"]},{\"@type\":\"Person\",\"@id\":\"https:\\\/\\\/radioclanfm.com\\\/clanespectaculos\\\/#\\\/schema\\\/person\\\/9734813083303230f3ad84d99171b20c\",\"name\":\"E-GRUPOCLAN\",\"image\":{\"@type\":\"ImageObject\",\"inLanguage\":\"es-AR\",\"@id\":\"https:\\\/\\\/secure.gravatar.com\\\/avatar\\\/af6e19837c3d6a212034a48c7b3818d2ac1826f6025df0155da5a186ad321d79?s=96&d=mm&r=g\",\"url\":\"https:\\\/\\\/secure.gravatar.com\\\/avatar\\\/af6e19837c3d6a212034a48c7b3818d2ac1826f6025df0155da5a186ad321d79?s=96&d=mm&r=g\",\"contentUrl\":\"https:\\\/\\\/secure.gravatar.com\\\/avatar\\\/af6e19837c3d6a212034a48c7b3818d2ac1826f6025df0155da5a186ad321d79?s=96&d=mm&r=g\",\"caption\":\"E-GRUPOCLAN\"},\"sameAs\":[\"https:\\\/\\\/radioclanfm.com\"],\"url\":\"https:\\\/\\\/radioclanfm.com\\\/clanespectaculos\\\/author\\\/admin\\\/\"}]}<\/script>\n<!-- \/ Yoast SEO plugin. -->","yoast_head_json":{"title":"Hern\u00e1n Drago se larg\u00f3 a llorar en vivo al enterarse de la muerte de la Locomotora Oliveras: \u201cNo puedo creerlo\u201d - CLAN ESPECTACULOS","robots":{"index":"index","follow":"follow","max-snippet":"max-snippet:-1","max-image-preview":"max-image-preview:large","max-video-preview":"max-video-preview:-1"},"canonical":"https:\/\/radioclanfm.com\/clanespectaculos\/hernan-drago-se-largo-a-llorar-en-vivo-al-enterarse-de-la-muerte-de-la-locomotora-oliveras-no-puedo-creerlo\/","og_locale":"es_ES","og_type":"article","og_title":"Hern\u00e1n Drago se larg\u00f3 a llorar en vivo al enterarse de la muerte de la Locomotora Oliveras: \u201cNo puedo creerlo\u201d - CLAN ESPECTACULOS","og_description":"El modelo era muy amigo de la boxeadora, con quien comparti\u00f3 trabajos en radio y televisi\u00f3n. Hern\u00e1n Drago\u00a0rompi\u00f3 en llanto al enterarse en vivo de la muerte de la\u00a0Locomotora Oliveras. El modelo estaba en el piso de\u00a0Cort\u00e1 por Lozano\u00a0(Telefe) cuando dieron la noticia. \u201cNo lo puedo creer. No lo puedo creer\u201d, expres\u00f3 entre l\u00e1grimas. Y [&hellip;]","og_url":"https:\/\/radioclanfm.com\/clanespectaculos\/hernan-drago-se-largo-a-llorar-en-vivo-al-enterarse-de-la-muerte-de-la-locomotora-oliveras-no-puedo-creerlo\/","og_site_name":"CLAN ESPECTACULOS","article_publisher":"https:\/\/www.facebook.com\/clanespectaculos\/","article_published_time":"2025-07-28T23:18:13+00:00","og_image":[{"width":900,"height":512,"url":"https:\/\/radioclanfm.com\/clanespectaculos\/wp-content\/uploads\/sites\/2\/2025\/07\/fl9D764C.jpg","type":"image\/jpeg"}],"author":"E-GRUPOCLAN","twitter_card":"summary_large_image","twitter_creator":"@clanespectok","twitter_site":"@clanespectok","twitter_misc":{"Escrito por":"E-GRUPOCLAN","Tiempo de lectura":"2 minutos"},"schema":{"@context":"https:\/\/schema.org","@graph":[{"@type":"Article","@id":"https:\/\/radioclanfm.com\/clanespectaculos\/hernan-drago-se-largo-a-llorar-en-vivo-al-enterarse-de-la-muerte-de-la-locomotora-oliveras-no-puedo-creerlo\/#article","isPartOf":{"@id":"https:\/\/radioclanfm.com\/clanespectaculos\/hernan-drago-se-largo-a-llorar-en-vivo-al-enterarse-de-la-muerte-de-la-locomotora-oliveras-no-puedo-creerlo\/"},"author":{"name":"E-GRUPOCLAN","@id":"https:\/\/radioclanfm.com\/clanespectaculos\/#\/schema\/person\/9734813083303230f3ad84d99171b20c"},"headline":"Hern\u00e1n Drago se larg\u00f3 a llorar en vivo al enterarse de la muerte de la Locomotora Oliveras: \u201cNo puedo creerlo\u201d","datePublished":"2025-07-28T23:18:13+00:00","mainEntityOfPage":{"@id":"https:\/\/radioclanfm.com\/clanespectaculos\/hernan-drago-se-largo-a-llorar-en-vivo-al-enterarse-de-la-muerte-de-la-locomotora-oliveras-no-puedo-creerlo\/"},"wordCount":487,"commentCount":0,"publisher":{"@id":"https:\/\/radioclanfm.com\/clanespectaculos\/#organization"},"image":{"@id":"https:\/\/radioclanfm.com\/clanespectaculos\/hernan-drago-se-largo-a-llorar-en-vivo-al-enterarse-de-la-muerte-de-la-locomotora-oliveras-no-puedo-creerlo\/#primaryimage"},"thumbnailUrl":"https:\/\/radioclanfm.com\/clanespectaculos\/wp-content\/uploads\/sites\/2\/2025\/07\/fl9D764C.jpg","articleSection":["Espectaculos"],"inLanguage":"es-AR","potentialAction":[{"@type":"CommentAction","name":"Comment","target":["https:\/\/radioclanfm.com\/clanespectaculos\/hernan-drago-se-largo-a-llorar-en-vivo-al-enterarse-de-la-muerte-de-la-locomotora-oliveras-no-puedo-creerlo\/#respond"]}]},{"@type":"WebPage","@id":"https:\/\/radioclanfm.com\/clanespectaculos\/hernan-drago-se-largo-a-llorar-en-vivo-al-enterarse-de-la-muerte-de-la-locomotora-oliveras-no-puedo-creerlo\/","url":"https:\/\/radioclanfm.com\/clanespectaculos\/hernan-drago-se-largo-a-llorar-en-vivo-al-enterarse-de-la-muerte-de-la-locomotora-oliveras-no-puedo-creerlo\/","name":"Hern\u00e1n Drago se larg\u00f3 a llorar en vivo al enterarse de la muerte de la Locomotora Oliveras: \u201cNo puedo creerlo\u201d - CLAN ESPECTACULOS","isPartOf":{"@id":"https:\/\/radioclanfm.com\/clanespectaculos\/#website"},"primaryImageOfPage":{"@id":"https:\/\/radioclanfm.com\/clanespectaculos\/hernan-drago-se-largo-a-llorar-en-vivo-al-enterarse-de-la-muerte-de-la-locomotora-oliveras-no-puedo-creerlo\/#primaryimage"},"image":{"@id":"https:\/\/radioclanfm.com\/clanespectaculos\/hernan-drago-se-largo-a-llorar-en-vivo-al-enterarse-de-la-muerte-de-la-locomotora-oliveras-no-puedo-creerlo\/#primaryimage"},"thumbnailUrl":"https:\/\/radioclanfm.com\/clanespectaculos\/wp-content\/uploads\/sites\/2\/2025\/07\/fl9D764C.jpg","datePublished":"2025-07-28T23:18:13+00:00","breadcrumb":{"@id":"https:\/\/radioclanfm.com\/clanespectaculos\/hernan-drago-se-largo-a-llorar-en-vivo-al-enterarse-de-la-muerte-de-la-locomotora-oliveras-no-puedo-creerlo\/#breadcrumb"},"inLanguage":"es-AR","potentialAction":[{"@type":"ReadAction","target":["https:\/\/radioclanfm.com\/clanespectaculos\/hernan-drago-se-largo-a-llorar-en-vivo-al-enterarse-de-la-muerte-de-la-locomotora-oliveras-no-puedo-creerlo\/"]}]},{"@type":"ImageObject","inLanguage":"es-AR","@id":"https:\/\/radioclanfm.com\/clanespectaculos\/hernan-drago-se-largo-a-llorar-en-vivo-al-enterarse-de-la-muerte-de-la-locomotora-oliveras-no-puedo-creerlo\/#primaryimage","url":"https:\/\/radioclanfm.com\/clanespectaculos\/wp-content\/uploads\/sites\/2\/2025\/07\/fl9D764C.jpg","contentUrl":"https:\/\/radioclanfm.com\/clanespectaculos\/wp-content\/uploads\/sites\/2\/2025\/07\/fl9D764C.jpg","width":900,"height":512},{"@type":"BreadcrumbList","@id":"https:\/\/radioclanfm.com\/clanespectaculos\/hernan-drago-se-largo-a-llorar-en-vivo-al-enterarse-de-la-muerte-de-la-locomotora-oliveras-no-puedo-creerlo\/#breadcrumb","itemListElement":[{"@type":"ListItem","position":1,"name":"Inicio","item":"https:\/\/radioclanfm.com\/clanespectaculos\/"},{"@type":"ListItem","position":2,"name":"Hern\u00e1n Drago se larg\u00f3 a llorar en vivo al enterarse de la muerte de la Locomotora Oliveras: \u201cNo puedo creerlo\u201d"}]},{"@type":"WebSite","@id":"https:\/\/radioclanfm.com\/clanespectaculos\/#website","url":"https:\/\/radioclanfm.com\/clanespectaculos\/","name":"CLAN ESPECTACULOS","description":"","publisher":{"@id":"https:\/\/radioclanfm.com\/clanespectaculos\/#organization"},"potentialAction":[{"@type":"SearchAction","target":{"@type":"EntryPoint","urlTemplate":"https:\/\/radioclanfm.com\/clanespectaculos\/?s={search_term_string}"},"query-input":{"@type":"PropertyValueSpecification","valueRequired":true,"valueName":"search_term_string"}}],"inLanguage":"es-AR"},{"@type":"Organization","@id":"https:\/\/radioclanfm.com\/clanespectaculos\/#organization","name":"CLAN ESPECTACULOS","url":"https:\/\/radioclanfm.com\/clanespectaculos\/","logo":{"@type":"ImageObject","inLanguage":"es-AR","@id":"https:\/\/radioclanfm.com\/clanespectaculos\/#\/schema\/logo\/image\/","url":"https:\/\/radioclanfm.com\/clanespectaculos\/wp-content\/uploads\/sites\/2\/2026\/04\/ChatGPT-Image-23-mar-2026-10_09_00.png","contentUrl":"https:\/\/radioclanfm.com\/clanespectaculos\/wp-content\/uploads\/sites\/2\/2026\/04\/ChatGPT-Image-23-mar-2026-10_09_00.png","width":1024,"height":1024,"caption":"CLAN ESPECTACULOS"},"image":{"@id":"https:\/\/radioclanfm.com\/clanespectaculos\/#\/schema\/logo\/image\/"},"sameAs":["https:\/\/www.facebook.com\/clanespectaculos\/","https:\/\/x.com\/clanespectok"]},{"@type":"Person","@id":"https:\/\/radioclanfm.com\/clanespectaculos\/#\/schema\/person\/9734813083303230f3ad84d99171b20c","name":"E-GRUPOCLAN","image":{"@type":"ImageObject","inLanguage":"es-AR","@id":"https:\/\/secure.gravatar.com\/avatar\/af6e19837c3d6a212034a48c7b3818d2ac1826f6025df0155da5a186ad321d79?s=96&d=mm&r=g","url":"https:\/\/secure.gravatar.com\/avatar\/af6e19837c3d6a212034a48c7b3818d2ac1826f6025df0155da5a186ad321d79?s=96&d=mm&r=g","contentUrl":"https:\/\/secure.gravatar.com\/avatar\/af6e19837c3d6a212034a48c7b3818d2ac1826f6025df0155da5a186ad321d79?s=96&d=mm&r=g","caption":"E-GRUPOCLAN"},"sameAs":["https:\/\/radioclanfm.com"],"url":"https:\/\/radioclanfm.com\/clanespectaculos\/author\/admin\/"}]}},"_links":{"self":[{"href":"https:\/\/radioclanfm.com\/clanespectaculos\/wp-json\/wp\/v2\/posts\/3545","targetHints":{"allow":["GET"]}}],"collection":[{"href":"https:\/\/radioclanfm.com\/clanespectaculos\/wp-json\/wp\/v2\/posts"}],"about":[{"href":"https:\/\/radioclanfm.com\/clanespectaculos\/wp-json\/wp\/v2\/types\/post"}],"author":[{"embeddable":true,"href":"https:\/\/radioclanfm.com\/clanespectaculos\/wp-json\/wp\/v2\/users\/1"}],"replies":[{"embeddable":true,"href":"https:\/\/radioclanfm.com\/clanespectaculos\/wp-json\/wp\/v2\/comments?post=3545"}],"version-history":[{"count":1,"href":"https:\/\/radioclanfm.com\/clanespectaculos\/wp-json\/wp\/v2\/posts\/3545\/revisions"}],"predecessor-version":[{"id":3547,"href":"https:\/\/radioclanfm.com\/clanespectaculos\/wp-json\/wp\/v2\/posts\/3545\/revisions\/3547"}],"wp:featuredmedia":[{"embeddable":true,"href":"https:\/\/radioclanfm.com\/clanespectaculos\/wp-json\/wp\/v2\/media\/3546"}],"wp:attachment":[{"href":"https:\/\/radioclanfm.com\/clanespectaculos\/wp-json\/wp\/v2\/media?parent=3545"}],"wp:term":[{"taxonomy":"category","embeddable":true,"href":"https:\/\/radioclanfm.com\/clanespectaculos\/wp-json\/wp\/v2\/categories?post=3545"},{"taxonomy":"post_tag","embeddable":true,"href":"https:\/\/radioclanfm.com\/clanespectaculos\/wp-json\/wp\/v2\/tags?post=3545"}],"curies":[{"name":"wp","href":"https:\/\/api.w.org\/{rel}","templated":true}]}}