{"id":3542,"date":"2025-07-28T20:17:00","date_gmt":"2025-07-28T23:17:00","guid":{"rendered":"https:\/\/radioclanfm.com\/clanespectaculos\/?p=3542"},"modified":"2025-07-28T20:17:00","modified_gmt":"2025-07-28T23:17:00","slug":"la-decision-que-tomo-familia-de-la-locomotora-oliveras-tras-su-muerte","status":"publish","type":"post","link":"https:\/\/radioclanfm.com\/clanespectaculos\/la-decision-que-tomo-familia-de-la-locomotora-oliveras-tras-su-muerte\/","title":{"rendered":"La decisi\u00f3n que tom\u00f3 familia de la \u201cLocomotora\u201d Oliveras tras su muerte"},"content":{"rendered":"<p>La exboxeadora ten\u00eda 47 a\u00f1os y hab\u00eda sufrido un ACV hace dos semanas. Sus seres queridos la acompa\u00f1aron en su internaci\u00f3n en Santa Fe.<\/p>\n<div class=\"col-content\"><main class=\"col-content\"><\/p>\n<div class=\"default-article-color article__body article__article\">\n<p class=\"paragraph font__body-regular\"><b>Alejandra \u201cLocomotora\u201d Oliveras muri\u00f3 este lunes<\/b>\u00a0en el hospital Jos\u00e9 Mar\u00eda Cullen de Santa Fe tras haber sufrido un<b>\u00a0accidente cerebrovascular<\/b>\u00a0(ACV) dos semanas atr\u00e1s. La triste noticia fue confirmada por los m\u00e9dicos Bruno Moroni y N\u00e9stor Carrizo en una conferencia de prensa que les brindaron a los medios de comunicaci\u00f3n.<\/p>\n<div class=\"AV6543bedcd858799fe90b5c47\">\n<div id=\"aniBox\">\n<div id=\"aniplayer_AV6543bedcd858799fe90b5c47-1753744531811\">\n<div id=\"aniplayer_AV6543bedcd858799fe90b5c47-1753744531811gui\">\n<div id=\"av-caption\">\n<div id=\"av-close-btn-overlay\" class=\"av-pos-top-left\"><\/div>\n<\/div>\n<\/div>\n<\/div>\n<\/div>\n<\/div>\n<p class=\"paragraph font__body-regular\">Seg\u00fan pudo confirmar\u00a0<b>TN<\/b>, la familia de la exboxeadora e \u00edcono del deporte argentino decidi\u00f3 que\u00a0<b>no har\u00e1 velatorio ni capilla ardiente.<\/b>\u00a0Su cuerpo ser\u00e1 cremado con fecha y sede a confirmar.<\/p>\n<figure class=\"\" data-testid=\"figure-testid\">\n<div class=\"aspect_ratio__container\"><picture class=\"responsive-image\"><source srcset=\"https:\/\/tn.com.ar\/resizer\/v2\/murio-la-locomotora-oliveras-foto-igreginacosmetics-TUGKCB6WHNHNHKBJX7PTZ5VZTM.jpg?auth=b868fbebdd5b033312ec4974b6ed4b0bdf30b732c626aef38ef0e20d916d0715&amp;width=767\" type=\"image\/jpg\" media=\"(max-width: 728px)\" \/><source srcset=\"https:\/\/tn.com.ar\/resizer\/v2\/murio-la-locomotora-oliveras-foto-igreginacosmetics-TUGKCB6WHNHNHKBJX7PTZ5VZTM.jpg?auth=b868fbebdd5b033312ec4974b6ed4b0bdf30b732c626aef38ef0e20d916d0715&amp;width=1023\" type=\"image\/jpg\" media=\"(max-width: 1023px)\" \/><source srcset=\"https:\/\/tn.com.ar\/resizer\/v2\/murio-la-locomotora-oliveras-foto-igreginacosmetics-TUGKCB6WHNHNHKBJX7PTZ5VZTM.jpg?auth=b868fbebdd5b033312ec4974b6ed4b0bdf30b732c626aef38ef0e20d916d0715&amp;width=1440\" type=\"image\/jpg\" \/><img loading=\"lazy\" decoding=\"async\" class=\"image content-image image_placeholder\" src=\"https:\/\/tn.com.ar\/resizer\/v2\/murio-la-locomotora-oliveras-foto-igreginacosmetics-TUGKCB6WHNHNHKBJX7PTZ5VZTM.jpg?auth=b868fbebdd5b033312ec4974b6ed4b0bdf30b732c626aef38ef0e20d916d0715&amp;width=767\" alt=\"Muri\u00f3 la &quot;Locomotora&quot; Oliveras. (Foto: IG\/@regina_cosmetics)\" width=\"767\" height=\"430\" data-testid=\"loading-testid\" \/><\/picture><\/div><figcaption class=\"caption_image\" data-testid=\"figcaption-testid\">\n<div class=\"image_caption \">Muri\u00f3 la &#8220;Locomotora&#8221; Oliveras. (Foto: IG\/@regina_cosmetics)<\/div>\n<\/figcaption><\/figure>\n<p class=\"paragraph font__body-regular\">Por otro lado,\u00a0<b>el Gobierno de la provincia de Santa Fe decretar\u00e1 tres d\u00edas de duelo\u00a0<\/b>por el fallecimiento de la \u201cLocomotora\u201d. La exdeportista de 47 a\u00f1os hab\u00eda accedido a una banca en la convenci\u00f3n que iba a reformar la Constituci\u00f3n provincial, pero nunca pudo asumir por haber sufrido el ACV.<\/p>\n<p class=\"paragraph font__body-regular\">Alejandra Oliveras naci\u00f3 en Jujuy, fue mam\u00e1 adolescente y encontr\u00f3 en el boxeo una salida a la pobreza y la violencia. Se retir\u00f3 en 2017, pero nunca se alej\u00f3 del ojo p\u00fablico. De carisma arrollador y personalidad imparable, dej\u00f3 una huella imborrable en el deporte argentino. Ella misma lo dec\u00eda sin vueltas:<b>\u00a0\u201cSoy una Rocky mujer, pero de verdad\u201d.<\/b><\/p>\n<\/div>\n<p><\/main><\/div>\n<aside class=\"col-right-rail right-rail\">\n<div id=\"parent-ad-slot-caja\" class=\"ad-container caja_ad \">\n<div class=\"ad-content\">\n<div id=\"ad-slot-caja\" class=\"ad-slot-caja ad-slot\" data-adtype=\"caja\" data-google-query-id=\"CKjKh9PX4I4DFZIW4AMdFHYEpQ\"><\/div>\n<\/div>\n<\/div>\n<\/aside>\n","protected":false},"excerpt":{"rendered":"<p>La exboxeadora ten\u00eda 47 a\u00f1os y hab\u00eda sufrido un ACV hace dos semanas. Sus seres queridos la acompa\u00f1aron en su internaci\u00f3n en Santa Fe. Alejandra \u201cLocomotora\u201d Oliveras muri\u00f3 este lunes\u00a0en el hospital Jos\u00e9 Mar\u00eda Cullen de Santa Fe tras haber sufrido un\u00a0accidente cerebrovascular\u00a0(ACV) dos semanas atr\u00e1s. La triste noticia fue confirmada por los m\u00e9dicos Bruno [&hellip;]<\/p>\n","protected":false},"author":1,"featured_media":3543,"comment_status":"open","ping_status":"open","sticky":false,"template":"","format":"standard","meta":{"rop_custom_images_group":[],"rop_custom_messages_group":[],"rop_publish_now":"initial","rop_publish_now_accounts":[],"rop_publish_now_history":[],"rop_publish_now_status":"pending","footnotes":"","jetpack_publicize_message":"","jetpack_publicize_feature_enabled":true,"jetpack_social_post_already_shared":true,"jetpack_social_options":{"image_generator_settings":{"template":"highway","enabled":false},"version":2}},"categories":[12],"tags":[],"class_list":{"0":"post-3542","1":"post","2":"type-post","3":"status-publish","4":"format-standard","5":"has-post-thumbnail","7":"category-espectaculos"},"jetpack_publicize_connections":[],"yoast_head":"<!-- This site is optimized with the Yoast SEO plugin v27.3 - https:\/\/yoast.com\/product\/yoast-seo-wordpress\/ -->\n<title>La decisi\u00f3n que tom\u00f3 familia de la \u201cLocomotora\u201d Oliveras tras su muerte - CLAN ESPECTACULOS<\/title>\n<meta name=\"robots\" content=\"index, follow, max-snippet:-1, max-image-preview:large, max-video-preview:-1\" \/>\n<link rel=\"canonical\" href=\"https:\/\/radioclanfm.com\/clanespectaculos\/la-decision-que-tomo-familia-de-la-locomotora-oliveras-tras-su-muerte\/\" \/>\n<meta property=\"og:locale\" content=\"es_ES\" \/>\n<meta property=\"og:type\" content=\"article\" \/>\n<meta property=\"og:title\" content=\"La decisi\u00f3n que tom\u00f3 familia de la \u201cLocomotora\u201d Oliveras tras su muerte - CLAN ESPECTACULOS\" \/>\n<meta property=\"og:description\" content=\"La exboxeadora ten\u00eda 47 a\u00f1os y hab\u00eda sufrido un ACV hace dos semanas. Sus seres queridos la acompa\u00f1aron en su internaci\u00f3n en Santa Fe. Alejandra \u201cLocomotora\u201d Oliveras muri\u00f3 este lunes\u00a0en el hospital Jos\u00e9 Mar\u00eda Cullen de Santa Fe tras haber sufrido un\u00a0accidente cerebrovascular\u00a0(ACV) dos semanas atr\u00e1s. La triste noticia fue confirmada por los m\u00e9dicos Bruno [&hellip;]\" \/>\n<meta property=\"og:url\" content=\"https:\/\/radioclanfm.com\/clanespectaculos\/la-decision-que-tomo-familia-de-la-locomotora-oliveras-tras-su-muerte\/\" \/>\n<meta property=\"og:site_name\" content=\"CLAN ESPECTACULOS\" \/>\n<meta property=\"article:publisher\" content=\"https:\/\/www.facebook.com\/clanespectaculos\/\" \/>\n<meta property=\"article:published_time\" content=\"2025-07-28T23:17:00+00:00\" \/>\n<meta property=\"og:image\" content=\"https:\/\/radioclanfm.com\/clanespectaculos\/wp-content\/uploads\/sites\/2\/2025\/07\/Kb3fePXa.jpg\" \/>\n\t<meta property=\"og:image:width\" content=\"900\" \/>\n\t<meta property=\"og:image:height\" content=\"504\" \/>\n\t<meta property=\"og:image:type\" content=\"image\/jpeg\" \/>\n<meta name=\"author\" content=\"E-GRUPOCLAN\" \/>\n<meta name=\"twitter:card\" content=\"summary_large_image\" \/>\n<meta name=\"twitter:creator\" content=\"@clanespectok\" \/>\n<meta name=\"twitter:site\" content=\"@clanespectok\" \/>\n<meta name=\"twitter:label1\" content=\"Escrito por\" \/>\n\t<meta name=\"twitter:data1\" content=\"E-GRUPOCLAN\" \/>\n\t<meta name=\"twitter:label2\" content=\"Tiempo de lectura\" \/>\n\t<meta name=\"twitter:data2\" content=\"1 minuto\" \/>\n<script type=\"application\/ld+json\" class=\"yoast-schema-graph\">{\"@context\":\"https:\\\/\\\/schema.org\",\"@graph\":[{\"@type\":\"Article\",\"@id\":\"https:\\\/\\\/radioclanfm.com\\\/clanespectaculos\\\/la-decision-que-tomo-familia-de-la-locomotora-oliveras-tras-su-muerte\\\/#article\",\"isPartOf\":{\"@id\":\"https:\\\/\\\/radioclanfm.com\\\/clanespectaculos\\\/la-decision-que-tomo-familia-de-la-locomotora-oliveras-tras-su-muerte\\\/\"},\"author\":{\"name\":\"E-GRUPOCLAN\",\"@id\":\"https:\\\/\\\/radioclanfm.com\\\/clanespectaculos\\\/#\\\/schema\\\/person\\\/9734813083303230f3ad84d99171b20c\"},\"headline\":\"La decisi\u00f3n que tom\u00f3 familia de la \u201cLocomotora\u201d Oliveras tras su muerte\",\"datePublished\":\"2025-07-28T23:17:00+00:00\",\"mainEntityOfPage\":{\"@id\":\"https:\\\/\\\/radioclanfm.com\\\/clanespectaculos\\\/la-decision-que-tomo-familia-de-la-locomotora-oliveras-tras-su-muerte\\\/\"},\"wordCount\":253,\"commentCount\":0,\"publisher\":{\"@id\":\"https:\\\/\\\/radioclanfm.com\\\/clanespectaculos\\\/#organization\"},\"image\":{\"@id\":\"https:\\\/\\\/radioclanfm.com\\\/clanespectaculos\\\/la-decision-que-tomo-familia-de-la-locomotora-oliveras-tras-su-muerte\\\/#primaryimage\"},\"thumbnailUrl\":\"https:\\\/\\\/radioclanfm.com\\\/clanespectaculos\\\/wp-content\\\/uploads\\\/sites\\\/2\\\/2025\\\/07\\\/Kb3fePXa.jpg\",\"articleSection\":[\"Espectaculos\"],\"inLanguage\":\"es-AR\",\"potentialAction\":[{\"@type\":\"CommentAction\",\"name\":\"Comment\",\"target\":[\"https:\\\/\\\/radioclanfm.com\\\/clanespectaculos\\\/la-decision-que-tomo-familia-de-la-locomotora-oliveras-tras-su-muerte\\\/#respond\"]}]},{\"@type\":\"WebPage\",\"@id\":\"https:\\\/\\\/radioclanfm.com\\\/clanespectaculos\\\/la-decision-que-tomo-familia-de-la-locomotora-oliveras-tras-su-muerte\\\/\",\"url\":\"https:\\\/\\\/radioclanfm.com\\\/clanespectaculos\\\/la-decision-que-tomo-familia-de-la-locomotora-oliveras-tras-su-muerte\\\/\",\"name\":\"La decisi\u00f3n que tom\u00f3 familia de la \u201cLocomotora\u201d Oliveras tras su muerte - CLAN ESPECTACULOS\",\"isPartOf\":{\"@id\":\"https:\\\/\\\/radioclanfm.com\\\/clanespectaculos\\\/#website\"},\"primaryImageOfPage\":{\"@id\":\"https:\\\/\\\/radioclanfm.com\\\/clanespectaculos\\\/la-decision-que-tomo-familia-de-la-locomotora-oliveras-tras-su-muerte\\\/#primaryimage\"},\"image\":{\"@id\":\"https:\\\/\\\/radioclanfm.com\\\/clanespectaculos\\\/la-decision-que-tomo-familia-de-la-locomotora-oliveras-tras-su-muerte\\\/#primaryimage\"},\"thumbnailUrl\":\"https:\\\/\\\/radioclanfm.com\\\/clanespectaculos\\\/wp-content\\\/uploads\\\/sites\\\/2\\\/2025\\\/07\\\/Kb3fePXa.jpg\",\"datePublished\":\"2025-07-28T23:17:00+00:00\",\"breadcrumb\":{\"@id\":\"https:\\\/\\\/radioclanfm.com\\\/clanespectaculos\\\/la-decision-que-tomo-familia-de-la-locomotora-oliveras-tras-su-muerte\\\/#breadcrumb\"},\"inLanguage\":\"es-AR\",\"potentialAction\":[{\"@type\":\"ReadAction\",\"target\":[\"https:\\\/\\\/radioclanfm.com\\\/clanespectaculos\\\/la-decision-que-tomo-familia-de-la-locomotora-oliveras-tras-su-muerte\\\/\"]}]},{\"@type\":\"ImageObject\",\"inLanguage\":\"es-AR\",\"@id\":\"https:\\\/\\\/radioclanfm.com\\\/clanespectaculos\\\/la-decision-que-tomo-familia-de-la-locomotora-oliveras-tras-su-muerte\\\/#primaryimage\",\"url\":\"https:\\\/\\\/radioclanfm.com\\\/clanespectaculos\\\/wp-content\\\/uploads\\\/sites\\\/2\\\/2025\\\/07\\\/Kb3fePXa.jpg\",\"contentUrl\":\"https:\\\/\\\/radioclanfm.com\\\/clanespectaculos\\\/wp-content\\\/uploads\\\/sites\\\/2\\\/2025\\\/07\\\/Kb3fePXa.jpg\",\"width\":900,\"height\":504},{\"@type\":\"BreadcrumbList\",\"@id\":\"https:\\\/\\\/radioclanfm.com\\\/clanespectaculos\\\/la-decision-que-tomo-familia-de-la-locomotora-oliveras-tras-su-muerte\\\/#breadcrumb\",\"itemListElement\":[{\"@type\":\"ListItem\",\"position\":1,\"name\":\"Inicio\",\"item\":\"https:\\\/\\\/radioclanfm.com\\\/clanespectaculos\\\/\"},{\"@type\":\"ListItem\",\"position\":2,\"name\":\"La decisi\u00f3n que tom\u00f3 familia de la \u201cLocomotora\u201d Oliveras tras su muerte\"}]},{\"@type\":\"WebSite\",\"@id\":\"https:\\\/\\\/radioclanfm.com\\\/clanespectaculos\\\/#website\",\"url\":\"https:\\\/\\\/radioclanfm.com\\\/clanespectaculos\\\/\",\"name\":\"CLAN ESPECTACULOS\",\"description\":\"\",\"publisher\":{\"@id\":\"https:\\\/\\\/radioclanfm.com\\\/clanespectaculos\\\/#organization\"},\"potentialAction\":[{\"@type\":\"SearchAction\",\"target\":{\"@type\":\"EntryPoint\",\"urlTemplate\":\"https:\\\/\\\/radioclanfm.com\\\/clanespectaculos\\\/?s={search_term_string}\"},\"query-input\":{\"@type\":\"PropertyValueSpecification\",\"valueRequired\":true,\"valueName\":\"search_term_string\"}}],\"inLanguage\":\"es-AR\"},{\"@type\":\"Organization\",\"@id\":\"https:\\\/\\\/radioclanfm.com\\\/clanespectaculos\\\/#organization\",\"name\":\"CLAN ESPECTACULOS\",\"url\":\"https:\\\/\\\/radioclanfm.com\\\/clanespectaculos\\\/\",\"logo\":{\"@type\":\"ImageObject\",\"inLanguage\":\"es-AR\",\"@id\":\"https:\\\/\\\/radioclanfm.com\\\/clanespectaculos\\\/#\\\/schema\\\/logo\\\/image\\\/\",\"url\":\"https:\\\/\\\/radioclanfm.com\\\/clanespectaculos\\\/wp-content\\\/uploads\\\/sites\\\/2\\\/2026\\\/04\\\/ChatGPT-Image-23-mar-2026-10_09_00.png\",\"contentUrl\":\"https:\\\/\\\/radioclanfm.com\\\/clanespectaculos\\\/wp-content\\\/uploads\\\/sites\\\/2\\\/2026\\\/04\\\/ChatGPT-Image-23-mar-2026-10_09_00.png\",\"width\":1024,\"height\":1024,\"caption\":\"CLAN ESPECTACULOS\"},\"image\":{\"@id\":\"https:\\\/\\\/radioclanfm.com\\\/clanespectaculos\\\/#\\\/schema\\\/logo\\\/image\\\/\"},\"sameAs\":[\"https:\\\/\\\/www.facebook.com\\\/clanespectaculos\\\/\",\"https:\\\/\\\/x.com\\\/clanespectok\"]},{\"@type\":\"Person\",\"@id\":\"https:\\\/\\\/radioclanfm.com\\\/clanespectaculos\\\/#\\\/schema\\\/person\\\/9734813083303230f3ad84d99171b20c\",\"name\":\"E-GRUPOCLAN\",\"image\":{\"@type\":\"ImageObject\",\"inLanguage\":\"es-AR\",\"@id\":\"https:\\\/\\\/secure.gravatar.com\\\/avatar\\\/af6e19837c3d6a212034a48c7b3818d2ac1826f6025df0155da5a186ad321d79?s=96&d=mm&r=g\",\"url\":\"https:\\\/\\\/secure.gravatar.com\\\/avatar\\\/af6e19837c3d6a212034a48c7b3818d2ac1826f6025df0155da5a186ad321d79?s=96&d=mm&r=g\",\"contentUrl\":\"https:\\\/\\\/secure.gravatar.com\\\/avatar\\\/af6e19837c3d6a212034a48c7b3818d2ac1826f6025df0155da5a186ad321d79?s=96&d=mm&r=g\",\"caption\":\"E-GRUPOCLAN\"},\"sameAs\":[\"https:\\\/\\\/radioclanfm.com\"],\"url\":\"https:\\\/\\\/radioclanfm.com\\\/clanespectaculos\\\/author\\\/admin\\\/\"}]}<\/script>\n<!-- \/ Yoast SEO plugin. -->","yoast_head_json":{"title":"La decisi\u00f3n que tom\u00f3 familia de la \u201cLocomotora\u201d Oliveras tras su muerte - CLAN ESPECTACULOS","robots":{"index":"index","follow":"follow","max-snippet":"max-snippet:-1","max-image-preview":"max-image-preview:large","max-video-preview":"max-video-preview:-1"},"canonical":"https:\/\/radioclanfm.com\/clanespectaculos\/la-decision-que-tomo-familia-de-la-locomotora-oliveras-tras-su-muerte\/","og_locale":"es_ES","og_type":"article","og_title":"La decisi\u00f3n que tom\u00f3 familia de la \u201cLocomotora\u201d Oliveras tras su muerte - CLAN ESPECTACULOS","og_description":"La exboxeadora ten\u00eda 47 a\u00f1os y hab\u00eda sufrido un ACV hace dos semanas. Sus seres queridos la acompa\u00f1aron en su internaci\u00f3n en Santa Fe. Alejandra \u201cLocomotora\u201d Oliveras muri\u00f3 este lunes\u00a0en el hospital Jos\u00e9 Mar\u00eda Cullen de Santa Fe tras haber sufrido un\u00a0accidente cerebrovascular\u00a0(ACV) dos semanas atr\u00e1s. La triste noticia fue confirmada por los m\u00e9dicos Bruno [&hellip;]","og_url":"https:\/\/radioclanfm.com\/clanespectaculos\/la-decision-que-tomo-familia-de-la-locomotora-oliveras-tras-su-muerte\/","og_site_name":"CLAN ESPECTACULOS","article_publisher":"https:\/\/www.facebook.com\/clanespectaculos\/","article_published_time":"2025-07-28T23:17:00+00:00","og_image":[{"width":900,"height":504,"url":"https:\/\/radioclanfm.com\/clanespectaculos\/wp-content\/uploads\/sites\/2\/2025\/07\/Kb3fePXa.jpg","type":"image\/jpeg"}],"author":"E-GRUPOCLAN","twitter_card":"summary_large_image","twitter_creator":"@clanespectok","twitter_site":"@clanespectok","twitter_misc":{"Escrito por":"E-GRUPOCLAN","Tiempo de lectura":"1 minuto"},"schema":{"@context":"https:\/\/schema.org","@graph":[{"@type":"Article","@id":"https:\/\/radioclanfm.com\/clanespectaculos\/la-decision-que-tomo-familia-de-la-locomotora-oliveras-tras-su-muerte\/#article","isPartOf":{"@id":"https:\/\/radioclanfm.com\/clanespectaculos\/la-decision-que-tomo-familia-de-la-locomotora-oliveras-tras-su-muerte\/"},"author":{"name":"E-GRUPOCLAN","@id":"https:\/\/radioclanfm.com\/clanespectaculos\/#\/schema\/person\/9734813083303230f3ad84d99171b20c"},"headline":"La decisi\u00f3n que tom\u00f3 familia de la \u201cLocomotora\u201d Oliveras tras su muerte","datePublished":"2025-07-28T23:17:00+00:00","mainEntityOfPage":{"@id":"https:\/\/radioclanfm.com\/clanespectaculos\/la-decision-que-tomo-familia-de-la-locomotora-oliveras-tras-su-muerte\/"},"wordCount":253,"commentCount":0,"publisher":{"@id":"https:\/\/radioclanfm.com\/clanespectaculos\/#organization"},"image":{"@id":"https:\/\/radioclanfm.com\/clanespectaculos\/la-decision-que-tomo-familia-de-la-locomotora-oliveras-tras-su-muerte\/#primaryimage"},"thumbnailUrl":"https:\/\/radioclanfm.com\/clanespectaculos\/wp-content\/uploads\/sites\/2\/2025\/07\/Kb3fePXa.jpg","articleSection":["Espectaculos"],"inLanguage":"es-AR","potentialAction":[{"@type":"CommentAction","name":"Comment","target":["https:\/\/radioclanfm.com\/clanespectaculos\/la-decision-que-tomo-familia-de-la-locomotora-oliveras-tras-su-muerte\/#respond"]}]},{"@type":"WebPage","@id":"https:\/\/radioclanfm.com\/clanespectaculos\/la-decision-que-tomo-familia-de-la-locomotora-oliveras-tras-su-muerte\/","url":"https:\/\/radioclanfm.com\/clanespectaculos\/la-decision-que-tomo-familia-de-la-locomotora-oliveras-tras-su-muerte\/","name":"La decisi\u00f3n que tom\u00f3 familia de la \u201cLocomotora\u201d Oliveras tras su muerte - CLAN ESPECTACULOS","isPartOf":{"@id":"https:\/\/radioclanfm.com\/clanespectaculos\/#website"},"primaryImageOfPage":{"@id":"https:\/\/radioclanfm.com\/clanespectaculos\/la-decision-que-tomo-familia-de-la-locomotora-oliveras-tras-su-muerte\/#primaryimage"},"image":{"@id":"https:\/\/radioclanfm.com\/clanespectaculos\/la-decision-que-tomo-familia-de-la-locomotora-oliveras-tras-su-muerte\/#primaryimage"},"thumbnailUrl":"https:\/\/radioclanfm.com\/clanespectaculos\/wp-content\/uploads\/sites\/2\/2025\/07\/Kb3fePXa.jpg","datePublished":"2025-07-28T23:17:00+00:00","breadcrumb":{"@id":"https:\/\/radioclanfm.com\/clanespectaculos\/la-decision-que-tomo-familia-de-la-locomotora-oliveras-tras-su-muerte\/#breadcrumb"},"inLanguage":"es-AR","potentialAction":[{"@type":"ReadAction","target":["https:\/\/radioclanfm.com\/clanespectaculos\/la-decision-que-tomo-familia-de-la-locomotora-oliveras-tras-su-muerte\/"]}]},{"@type":"ImageObject","inLanguage":"es-AR","@id":"https:\/\/radioclanfm.com\/clanespectaculos\/la-decision-que-tomo-familia-de-la-locomotora-oliveras-tras-su-muerte\/#primaryimage","url":"https:\/\/radioclanfm.com\/clanespectaculos\/wp-content\/uploads\/sites\/2\/2025\/07\/Kb3fePXa.jpg","contentUrl":"https:\/\/radioclanfm.com\/clanespectaculos\/wp-content\/uploads\/sites\/2\/2025\/07\/Kb3fePXa.jpg","width":900,"height":504},{"@type":"BreadcrumbList","@id":"https:\/\/radioclanfm.com\/clanespectaculos\/la-decision-que-tomo-familia-de-la-locomotora-oliveras-tras-su-muerte\/#breadcrumb","itemListElement":[{"@type":"ListItem","position":1,"name":"Inicio","item":"https:\/\/radioclanfm.com\/clanespectaculos\/"},{"@type":"ListItem","position":2,"name":"La decisi\u00f3n que tom\u00f3 familia de la \u201cLocomotora\u201d Oliveras tras su muerte"}]},{"@type":"WebSite","@id":"https:\/\/radioclanfm.com\/clanespectaculos\/#website","url":"https:\/\/radioclanfm.com\/clanespectaculos\/","name":"CLAN ESPECTACULOS","description":"","publisher":{"@id":"https:\/\/radioclanfm.com\/clanespectaculos\/#organization"},"potentialAction":[{"@type":"SearchAction","target":{"@type":"EntryPoint","urlTemplate":"https:\/\/radioclanfm.com\/clanespectaculos\/?s={search_term_string}"},"query-input":{"@type":"PropertyValueSpecification","valueRequired":true,"valueName":"search_term_string"}}],"inLanguage":"es-AR"},{"@type":"Organization","@id":"https:\/\/radioclanfm.com\/clanespectaculos\/#organization","name":"CLAN ESPECTACULOS","url":"https:\/\/radioclanfm.com\/clanespectaculos\/","logo":{"@type":"ImageObject","inLanguage":"es-AR","@id":"https:\/\/radioclanfm.com\/clanespectaculos\/#\/schema\/logo\/image\/","url":"https:\/\/radioclanfm.com\/clanespectaculos\/wp-content\/uploads\/sites\/2\/2026\/04\/ChatGPT-Image-23-mar-2026-10_09_00.png","contentUrl":"https:\/\/radioclanfm.com\/clanespectaculos\/wp-content\/uploads\/sites\/2\/2026\/04\/ChatGPT-Image-23-mar-2026-10_09_00.png","width":1024,"height":1024,"caption":"CLAN ESPECTACULOS"},"image":{"@id":"https:\/\/radioclanfm.com\/clanespectaculos\/#\/schema\/logo\/image\/"},"sameAs":["https:\/\/www.facebook.com\/clanespectaculos\/","https:\/\/x.com\/clanespectok"]},{"@type":"Person","@id":"https:\/\/radioclanfm.com\/clanespectaculos\/#\/schema\/person\/9734813083303230f3ad84d99171b20c","name":"E-GRUPOCLAN","image":{"@type":"ImageObject","inLanguage":"es-AR","@id":"https:\/\/secure.gravatar.com\/avatar\/af6e19837c3d6a212034a48c7b3818d2ac1826f6025df0155da5a186ad321d79?s=96&d=mm&r=g","url":"https:\/\/secure.gravatar.com\/avatar\/af6e19837c3d6a212034a48c7b3818d2ac1826f6025df0155da5a186ad321d79?s=96&d=mm&r=g","contentUrl":"https:\/\/secure.gravatar.com\/avatar\/af6e19837c3d6a212034a48c7b3818d2ac1826f6025df0155da5a186ad321d79?s=96&d=mm&r=g","caption":"E-GRUPOCLAN"},"sameAs":["https:\/\/radioclanfm.com"],"url":"https:\/\/radioclanfm.com\/clanespectaculos\/author\/admin\/"}]}},"_links":{"self":[{"href":"https:\/\/radioclanfm.com\/clanespectaculos\/wp-json\/wp\/v2\/posts\/3542","targetHints":{"allow":["GET"]}}],"collection":[{"href":"https:\/\/radioclanfm.com\/clanespectaculos\/wp-json\/wp\/v2\/posts"}],"about":[{"href":"https:\/\/radioclanfm.com\/clanespectaculos\/wp-json\/wp\/v2\/types\/post"}],"author":[{"embeddable":true,"href":"https:\/\/radioclanfm.com\/clanespectaculos\/wp-json\/wp\/v2\/users\/1"}],"replies":[{"embeddable":true,"href":"https:\/\/radioclanfm.com\/clanespectaculos\/wp-json\/wp\/v2\/comments?post=3542"}],"version-history":[{"count":1,"href":"https:\/\/radioclanfm.com\/clanespectaculos\/wp-json\/wp\/v2\/posts\/3542\/revisions"}],"predecessor-version":[{"id":3544,"href":"https:\/\/radioclanfm.com\/clanespectaculos\/wp-json\/wp\/v2\/posts\/3542\/revisions\/3544"}],"wp:featuredmedia":[{"embeddable":true,"href":"https:\/\/radioclanfm.com\/clanespectaculos\/wp-json\/wp\/v2\/media\/3543"}],"wp:attachment":[{"href":"https:\/\/radioclanfm.com\/clanespectaculos\/wp-json\/wp\/v2\/media?parent=3542"}],"wp:term":[{"taxonomy":"category","embeddable":true,"href":"https:\/\/radioclanfm.com\/clanespectaculos\/wp-json\/wp\/v2\/categories?post=3542"},{"taxonomy":"post_tag","embeddable":true,"href":"https:\/\/radioclanfm.com\/clanespectaculos\/wp-json\/wp\/v2\/tags?post=3542"}],"curies":[{"name":"wp","href":"https:\/\/api.w.org\/{rel}","templated":true}]}}