{"id":3526,"date":"2025-07-28T20:10:31","date_gmt":"2025-07-28T23:10:31","guid":{"rendered":"https:\/\/radioclanfm.com\/clanespectaculos\/?p=3526"},"modified":"2025-07-28T20:10:31","modified_gmt":"2025-07-28T23:10:31","slug":"julieta-poggio-festejo-su-primer-ano-de-novia-con-una-impresionante-fiesta-y-dejo-a-todos-en-shock","status":"publish","type":"post","link":"https:\/\/radioclanfm.com\/clanespectaculos\/julieta-poggio-festejo-su-primer-ano-de-novia-con-una-impresionante-fiesta-y-dejo-a-todos-en-shock\/","title":{"rendered":"Julieta Poggio festej\u00f3 su primer a\u00f1o de novia con una impresionante fiesta y dej\u00f3 a todos en shock"},"content":{"rendered":"<div class=\"col-content\"><main class=\"col-content\"><\/p>\n<div class=\"default-article-color article__body article__article\">\n<p class=\"paragraph font__body-regular\">No hay dudas de que\u00a0<b>Julieta Poggio<\/b>\u00a0es una de las m\u00e1ximas estrellas que dio en los \u00faltimos a\u00f1os el reality\u00a0<i>Gran Hermano\u00a0<\/i>(<i>Telefe<\/i>). Eso queda demostrado cada vez que participa de un evento, una obra o da una nota.<b>\u00a0Este fin de semana, la medi\u00e1tica se dio un lujo.<\/b><\/p>\n<div class=\"AV67f93cf033780503b00636a7\">\n<div id=\"aniBox\">\n<div id=\"aniplayer_AV67f93cf033780503b00636a7-1753744141492\">\n<div id=\"aniplayer_AV67f93cf033780503b00636a7-1753744141492gui\">\n<div id=\"av-caption\">\n<div id=\"av-close-btn-overlay\" class=\"av-pos-top-left\"><\/div>\n<\/div>\n<\/div>\n<\/div>\n<\/div>\n<\/div>\n<div id=\"ad-slot-infeed\" class=\"infeed-container ad-slot-infeed ad-slot\" data-adtype=\"infeed\" data-google-query-id=\"CPz6iZrW4I4DFfaDYQYdy_EpFA\">\n<div id=\"google_ads_iframe_\/113951150\/tn-arc\/nota\/infeed_0__container__\"><\/div>\n<\/div>\n<p class=\"paragraph font__body-regular\">A trav\u00e9s de su cuenta de Instagram comparti\u00f3 fotos y videos de la impresionante fiesta que organiz\u00f3 en el SUM de su departamento con el objetivo de celebrar algo muy particular:\u00a0<b>su primer a\u00f1o de noviazgo.<\/b><\/p>\n<p class=\"paragraph font__body-regular\"><b>Julieta Poggio<\/b>\u00a0est\u00e1 saliendo desde 2024 con<b>\u00a0Fabrizio Maida<\/b>, que tambi\u00e9n es modelo y con el que se conoce desde hace muchos a\u00f1os. \u201c<b>Un a\u00f1o de novia con mi mejor amigo<\/b>. Te amo Fabrizio. Siempre as\u00ed de loquitos y juntos\u201d, escribi\u00f3 la joven en uno de los posteos que subi\u00f3 a sus redes.<\/p>\n<figure class=\"\" data-testid=\"figure-testid\">\n<div class=\"aspect_ratio__container\"><picture class=\"responsive-image\"><source srcset=\"https:\/\/tn.com.ar\/resizer\/v2\/julieta-poggio-y-su-novio-fabrizio-foto-instagrampoggiojulieta-B7ZOOZQFFVG2BPGCWKQ7MS6DEQ.JPG?auth=600156acdd9a9a9776f435a433ff585e029abec517567655780a73111a374720&amp;width=767\" type=\"image\/jpg\" media=\"(max-width: 728px)\" \/><source srcset=\"https:\/\/tn.com.ar\/resizer\/v2\/julieta-poggio-y-su-novio-fabrizio-foto-instagrampoggiojulieta-B7ZOOZQFFVG2BPGCWKQ7MS6DEQ.JPG?auth=600156acdd9a9a9776f435a433ff585e029abec517567655780a73111a374720&amp;width=1023\" type=\"image\/jpg\" media=\"(max-width: 1023px)\" \/><source srcset=\"https:\/\/tn.com.ar\/resizer\/v2\/julieta-poggio-y-su-novio-fabrizio-foto-instagrampoggiojulieta-B7ZOOZQFFVG2BPGCWKQ7MS6DEQ.JPG?auth=600156acdd9a9a9776f435a433ff585e029abec517567655780a73111a374720&amp;width=1440\" type=\"image\/jpg\" \/><img loading=\"lazy\" decoding=\"async\" class=\"image content-image image_placeholder\" src=\"https:\/\/tn.com.ar\/resizer\/v2\/julieta-poggio-y-su-novio-fabrizio-foto-instagrampoggiojulieta-B7ZOOZQFFVG2BPGCWKQ7MS6DEQ.JPG?auth=600156acdd9a9a9776f435a433ff585e029abec517567655780a73111a374720&amp;width=767\" alt=\"Julieta Poggio y su novio Fabrizio. (Foto: Instagram\/poggiojulieta)\" width=\"767\" height=\"1067\" data-testid=\"loading-testid\" \/><\/picture><\/div><figcaption class=\"caption_image\" data-testid=\"figcaption-testid\">\n<div class=\"image_caption \">Julieta Poggio y su novio Fabrizio. (Foto: Instagram\/poggiojulieta)<\/div>\n<\/figcaption><\/figure>\n<p class=\"paragraph font__body-regular\">Junto a esa publicaci\u00f3n, la chica salida de\u00a0<i>Gran Hermano<\/i>\u00a0mostr\u00f3 varias fotos de la fenomenal fiesta que hizo con cada uno de los canjes que consigui\u00f3.<\/p>\n<figure class=\"\" data-testid=\"figure-testid\">\n<div class=\"aspect_ratio__container\"><picture class=\"responsive-image\"><source srcset=\"https:\/\/tn.com.ar\/resizer\/v2\/julieta-poggio-y-su-novio-dandose-un-beso-en-la-fiesta-que-armaron-por-el-festejo-de-su-primer-ano-de-relacion-foto-instagrampoggiojulieta-F5L7UK2XCVBR5L62HHWSVWC2FI.jpg?auth=6524a03a5c47cb8a4792f23eb3e0813d38e0833b68b47a2633b57f0f3d1a4394&amp;width=767\" type=\"image\/jpg\" media=\"(max-width: 728px)\" \/><source srcset=\"https:\/\/tn.com.ar\/resizer\/v2\/julieta-poggio-y-su-novio-dandose-un-beso-en-la-fiesta-que-armaron-por-el-festejo-de-su-primer-ano-de-relacion-foto-instagrampoggiojulieta-F5L7UK2XCVBR5L62HHWSVWC2FI.jpg?auth=6524a03a5c47cb8a4792f23eb3e0813d38e0833b68b47a2633b57f0f3d1a4394&amp;width=1023\" type=\"image\/jpg\" media=\"(max-width: 1023px)\" \/><source srcset=\"https:\/\/tn.com.ar\/resizer\/v2\/julieta-poggio-y-su-novio-dandose-un-beso-en-la-fiesta-que-armaron-por-el-festejo-de-su-primer-ano-de-relacion-foto-instagrampoggiojulieta-F5L7UK2XCVBR5L62HHWSVWC2FI.jpg?auth=6524a03a5c47cb8a4792f23eb3e0813d38e0833b68b47a2633b57f0f3d1a4394&amp;width=1440\" type=\"image\/jpg\" \/><img loading=\"lazy\" decoding=\"async\" class=\"image content-image image_placeholder\" src=\"https:\/\/tn.com.ar\/resizer\/v2\/julieta-poggio-y-su-novio-dandose-un-beso-en-la-fiesta-que-armaron-por-el-festejo-de-su-primer-ano-de-relacion-foto-instagrampoggiojulieta-F5L7UK2XCVBR5L62HHWSVWC2FI.jpg?auth=6524a03a5c47cb8a4792f23eb3e0813d38e0833b68b47a2633b57f0f3d1a4394&amp;width=767\" alt=\"Julieta Poggio y su novio d\u00e1ndose un beso en la fiesta que armaron por el festejo de su primer a\u00f1o de relaci\u00f3n. (Foto: Instagram\/poggiojulieta)\" width=\"767\" height=\"1023\" data-testid=\"loading-testid\" \/><\/picture><\/div><figcaption class=\"caption_image\" data-testid=\"figcaption-testid\">\n<div class=\"image_caption \">Julieta Poggio y su novio d\u00e1ndose un beso en la fiesta que armaron por el festejo de su primer a\u00f1o de relaci\u00f3n. (Foto: Instagram\/poggiojulieta)<\/div>\n<\/figcaption><\/figure>\n<p class=\"paragraph font__body-regular\">Entre otras particularidades, la fiesta tuvo una torta de dos pisos de color negro, pizza party, DJ y m\u00fasica, barra de tragos, un carrito con dulces y hasta consiguieron a alguien a que haga tatuajes durante toda la noche.<\/p>\n<figure class=\"\" data-testid=\"figure-testid\">\n<div class=\"aspect_ratio__container\"><picture class=\"responsive-image\"><source srcset=\"https:\/\/tn.com.ar\/resizer\/v2\/julieta-poggio-posa-para-las-camaras-junto-a-su-novio-foto-instagrampoggiojulieta-5OAUZZY5N5HF7A7WQWJKUIQTAM.jpg?auth=3fa09a268f2fed405f9333155470bb3915d0548619c770c386ed9eca025aa9a1&amp;width=767\" type=\"image\/jpg\" media=\"(max-width: 728px)\" \/><source srcset=\"https:\/\/tn.com.ar\/resizer\/v2\/julieta-poggio-posa-para-las-camaras-junto-a-su-novio-foto-instagrampoggiojulieta-5OAUZZY5N5HF7A7WQWJKUIQTAM.jpg?auth=3fa09a268f2fed405f9333155470bb3915d0548619c770c386ed9eca025aa9a1&amp;width=1023\" type=\"image\/jpg\" media=\"(max-width: 1023px)\" \/><source srcset=\"https:\/\/tn.com.ar\/resizer\/v2\/julieta-poggio-posa-para-las-camaras-junto-a-su-novio-foto-instagrampoggiojulieta-5OAUZZY5N5HF7A7WQWJKUIQTAM.jpg?auth=3fa09a268f2fed405f9333155470bb3915d0548619c770c386ed9eca025aa9a1&amp;width=1440\" type=\"image\/jpg\" \/><img loading=\"lazy\" decoding=\"async\" class=\"image content-image image_placeholder\" src=\"https:\/\/tn.com.ar\/resizer\/v2\/julieta-poggio-posa-para-las-camaras-junto-a-su-novio-foto-instagrampoggiojulieta-5OAUZZY5N5HF7A7WQWJKUIQTAM.jpg?auth=3fa09a268f2fed405f9333155470bb3915d0548619c770c386ed9eca025aa9a1&amp;width=767\" alt=\"Julieta Poggio posa para las c\u00e1maras junto a su novio. (Foto: Instagram\/poggiojulieta)\" width=\"767\" height=\"1023\" data-testid=\"loading-testid\" \/><\/picture><\/div><figcaption class=\"caption_image\" data-testid=\"figcaption-testid\">\n<div class=\"image_caption \">Julieta Poggio posa para las c\u00e1maras junto a su novio. (Foto: Instagram\/poggiojulieta)<\/div>\n<\/figcaption><\/figure>\n<h2 class=\"font--primary font__display\">El distanciamiento entre Romina Uhrig y Julieta Poggio<\/h2>\n<p class=\"paragraph font__body-regular\">Hace algunas semanas, surgi\u00f3 un distanciamiento inesperado entre dos medi\u00e1ticas. Se trata de la pelea que tuvieron\u00a0<b>Romina Uhrig<\/b>\u00a0y Julieta Poggio. La exdiputada no pudo evitar quebrase al hablar del tema en su programa de streaming.<\/p>\n<p class=\"paragraph font__body-regular\">Tras haber sido grandes amigas desde su participaci\u00f3n en\u00a0<i>Gran Hermano (Telefe)<\/i>, la modelo critic\u00f3 a la exdiputada despu\u00e9s de filtrarse en redes un pol\u00e9mico video en el que se la ve<b>\u00a0metida en una ba\u00f1era junto a Lucca Bardelli, su exnovio.<\/b><\/p>\n<div class=\"genoa_video raw relative\">\n<div class=\"video_placeholder\">\n<div class=\"aspect_ratio__container\"><picture class=\"responsive-image\"><source srcset=\"https:\/\/tn.com.ar\/resizer\/v2\/https%3A%2F%2Fthumbs.vodgc.net%2F1-14-F53aCF1751409249519-1751413973.jpg?auth=d19ae71e8db4f80c809ce2e19343c3fc6143ca842f08a96376bb444e17299deb&amp;width=767\" type=\"image\/jpg\" media=\"(max-width: 728px)\" \/><source srcset=\"https:\/\/tn.com.ar\/resizer\/v2\/https%3A%2F%2Fthumbs.vodgc.net%2F1-14-F53aCF1751409249519-1751413973.jpg?auth=d19ae71e8db4f80c809ce2e19343c3fc6143ca842f08a96376bb444e17299deb&amp;width=1023\" type=\"image\/jpg\" media=\"(max-width: 1023px)\" \/><source srcset=\"https:\/\/tn.com.ar\/resizer\/v2\/https%3A%2F%2Fthumbs.vodgc.net%2F1-14-F53aCF1751409249519-1751413973.jpg?auth=d19ae71e8db4f80c809ce2e19343c3fc6143ca842f08a96376bb444e17299deb&amp;width=1440\" type=\"image\/jpg\" \/><\/picture><\/div>\n<p><button type=\"button\" data-testid=\"video-placeholder-button\"><\/button><\/div>\n<\/div>\n<div class=\"genoa_description font__body-regular\">La exdiputada se sincer\u00f3 en una entrevista y se mostr\u00f3 dolida por la desconfianza de la modelo, tras filtrarse un pol\u00e9mico video. (Foto. Instagram \/ rominauhrig, poggiojulieta)<\/div>\n<p class=\"paragraph font__body-regular\">En medio de la inc\u00f3moda situaci\u00f3n, Juli recibi\u00f3 este material y pidi\u00f3 explicaciones a su amiga.<b>\u00a0<\/b>No pareci\u00f3 conforme con la respuesta, ya que\u00a0<b>d\u00edas despu\u00e9s apareci\u00f3 junto a Daniela Celis en el programa stream de Mart\u00edn Cirio y la critic\u00f3 duramente por lo sucedido.<\/b><\/p>\n<p class=\"paragraph font__body-regular\">Tras el esc\u00e1ndalo, la morocha se refiri\u00f3 a los dichos de Poggio en el ciclo\u00a0<i>Se pic\u00f3 (Rep\u00fablica Z).<\/i>\u00a0\u201cMe sorprendi\u00f3 un mont\u00f3n.\u00a0<b>Me puse muy mal, estoy muy mal. Lo habl\u00e9 con ella, no es que me junto con su ex. \u00c9l sale con alguien de mi grupo.\u00a0<\/b>No est\u00e1bamos abrazados. No puedo no juntarme con mi amiga porque sale con \u00e9l. Es tema de ellos.<b>\u00a0No soy su amiga, no lo sigo, no tengo su tel\u00e9fono\u201d<\/b>, explic\u00f3.<\/p>\n<p class=\"paragraph font__body-regular\">Respecto a la controversial escena que dio vueltas en redes, Romi cont\u00f3 su versi\u00f3n de los hechos: \u201cEra en la terraza, hab\u00eda pileta, hidro. Nos metimos todos.\u00a0<b>\u00c9l hizo un video que yo ni idea, est\u00e1bamos todos pas\u00e1ndola bien&#8221;.<\/b><\/p>\n<\/div>\n<p><\/main><\/div>\n<aside class=\"col-right-rail right-rail\">\n<div id=\"parent-ad-slot-caja\" class=\"ad-container caja_ad \">\n<div class=\"ad-content\">\n<div id=\"ad-slot-caja\" class=\"ad-slot-caja ad-slot\" data-adtype=\"caja\" data-google-query-id=\"CJzv7pjW4I4DFfwmuQYdIeILgQ\"><\/div>\n<\/div>\n<\/div>\n<\/aside>\n","protected":false},"excerpt":{"rendered":"<p>No hay dudas de que\u00a0Julieta Poggio\u00a0es una de las m\u00e1ximas estrellas que dio en los \u00faltimos a\u00f1os el reality\u00a0Gran Hermano\u00a0(Telefe). Eso queda demostrado cada vez que participa de un evento, una obra o da una nota.\u00a0Este fin de semana, la medi\u00e1tica se dio un lujo. A trav\u00e9s de su cuenta de Instagram comparti\u00f3 fotos y [&hellip;]<\/p>\n","protected":false},"author":1,"featured_media":3527,"comment_status":"open","ping_status":"open","sticky":false,"template":"","format":"standard","meta":{"rop_custom_images_group":[],"rop_custom_messages_group":[],"rop_publish_now":"initial","rop_publish_now_accounts":[],"rop_publish_now_history":[],"rop_publish_now_status":"pending","footnotes":"","jetpack_publicize_message":"","jetpack_publicize_feature_enabled":true,"jetpack_social_post_already_shared":true,"jetpack_social_options":{"image_generator_settings":{"template":"highway","enabled":false},"version":2}},"categories":[12],"tags":[],"class_list":{"0":"post-3526","1":"post","2":"type-post","3":"status-publish","4":"format-standard","5":"has-post-thumbnail","7":"category-espectaculos"},"jetpack_publicize_connections":[],"yoast_head":"<!-- This site is optimized with the Yoast SEO plugin v27.3 - https:\/\/yoast.com\/product\/yoast-seo-wordpress\/ -->\n<title>Julieta Poggio festej\u00f3 su primer a\u00f1o de novia con una impresionante fiesta y dej\u00f3 a todos en shock - CLAN ESPECTACULOS<\/title>\n<meta name=\"robots\" content=\"index, follow, max-snippet:-1, max-image-preview:large, max-video-preview:-1\" \/>\n<link rel=\"canonical\" href=\"https:\/\/radioclanfm.com\/clanespectaculos\/julieta-poggio-festejo-su-primer-ano-de-novia-con-una-impresionante-fiesta-y-dejo-a-todos-en-shock\/\" \/>\n<meta property=\"og:locale\" content=\"es_ES\" \/>\n<meta property=\"og:type\" content=\"article\" \/>\n<meta property=\"og:title\" content=\"Julieta Poggio festej\u00f3 su primer a\u00f1o de novia con una impresionante fiesta y dej\u00f3 a todos en shock - CLAN ESPECTACULOS\" \/>\n<meta property=\"og:description\" content=\"No hay dudas de que\u00a0Julieta Poggio\u00a0es una de las m\u00e1ximas estrellas que dio en los \u00faltimos a\u00f1os el reality\u00a0Gran Hermano\u00a0(Telefe). Eso queda demostrado cada vez que participa de un evento, una obra o da una nota.\u00a0Este fin de semana, la medi\u00e1tica se dio un lujo. A trav\u00e9s de su cuenta de Instagram comparti\u00f3 fotos y [&hellip;]\" \/>\n<meta property=\"og:url\" content=\"https:\/\/radioclanfm.com\/clanespectaculos\/julieta-poggio-festejo-su-primer-ano-de-novia-con-una-impresionante-fiesta-y-dejo-a-todos-en-shock\/\" \/>\n<meta property=\"og:site_name\" content=\"CLAN ESPECTACULOS\" \/>\n<meta property=\"article:publisher\" content=\"https:\/\/www.facebook.com\/clanespectaculos\/\" \/>\n<meta property=\"article:published_time\" content=\"2025-07-28T23:10:31+00:00\" \/>\n<meta property=\"og:image\" content=\"https:\/\/radioclanfm.com\/clanespectaculos\/wp-content\/uploads\/sites\/2\/2025\/07\/mJj21p6f.jpg\" \/>\n\t<meta property=\"og:image:width\" content=\"900\" \/>\n\t<meta property=\"og:image:height\" content=\"504\" \/>\n\t<meta property=\"og:image:type\" content=\"image\/jpeg\" \/>\n<meta name=\"author\" content=\"E-GRUPOCLAN\" \/>\n<meta name=\"twitter:card\" content=\"summary_large_image\" \/>\n<meta name=\"twitter:creator\" content=\"@clanespectok\" \/>\n<meta name=\"twitter:site\" content=\"@clanespectok\" \/>\n<meta name=\"twitter:label1\" content=\"Escrito por\" \/>\n\t<meta name=\"twitter:data1\" content=\"E-GRUPOCLAN\" \/>\n\t<meta name=\"twitter:label2\" content=\"Tiempo de lectura\" \/>\n\t<meta name=\"twitter:data2\" content=\"3 minutos\" \/>\n<script type=\"application\/ld+json\" class=\"yoast-schema-graph\">{\"@context\":\"https:\\\/\\\/schema.org\",\"@graph\":[{\"@type\":\"Article\",\"@id\":\"https:\\\/\\\/radioclanfm.com\\\/clanespectaculos\\\/julieta-poggio-festejo-su-primer-ano-de-novia-con-una-impresionante-fiesta-y-dejo-a-todos-en-shock\\\/#article\",\"isPartOf\":{\"@id\":\"https:\\\/\\\/radioclanfm.com\\\/clanespectaculos\\\/julieta-poggio-festejo-su-primer-ano-de-novia-con-una-impresionante-fiesta-y-dejo-a-todos-en-shock\\\/\"},\"author\":{\"name\":\"E-GRUPOCLAN\",\"@id\":\"https:\\\/\\\/radioclanfm.com\\\/clanespectaculos\\\/#\\\/schema\\\/person\\\/9734813083303230f3ad84d99171b20c\"},\"headline\":\"Julieta Poggio festej\u00f3 su primer a\u00f1o de novia con una impresionante fiesta y dej\u00f3 a todos en shock\",\"datePublished\":\"2025-07-28T23:10:31+00:00\",\"mainEntityOfPage\":{\"@id\":\"https:\\\/\\\/radioclanfm.com\\\/clanespectaculos\\\/julieta-poggio-festejo-su-primer-ano-de-novia-con-una-impresionante-fiesta-y-dejo-a-todos-en-shock\\\/\"},\"wordCount\":580,\"commentCount\":0,\"publisher\":{\"@id\":\"https:\\\/\\\/radioclanfm.com\\\/clanespectaculos\\\/#organization\"},\"image\":{\"@id\":\"https:\\\/\\\/radioclanfm.com\\\/clanespectaculos\\\/julieta-poggio-festejo-su-primer-ano-de-novia-con-una-impresionante-fiesta-y-dejo-a-todos-en-shock\\\/#primaryimage\"},\"thumbnailUrl\":\"https:\\\/\\\/radioclanfm.com\\\/clanespectaculos\\\/wp-content\\\/uploads\\\/sites\\\/2\\\/2025\\\/07\\\/mJj21p6f.jpg\",\"articleSection\":[\"Espectaculos\"],\"inLanguage\":\"es-AR\",\"potentialAction\":[{\"@type\":\"CommentAction\",\"name\":\"Comment\",\"target\":[\"https:\\\/\\\/radioclanfm.com\\\/clanespectaculos\\\/julieta-poggio-festejo-su-primer-ano-de-novia-con-una-impresionante-fiesta-y-dejo-a-todos-en-shock\\\/#respond\"]}]},{\"@type\":\"WebPage\",\"@id\":\"https:\\\/\\\/radioclanfm.com\\\/clanespectaculos\\\/julieta-poggio-festejo-su-primer-ano-de-novia-con-una-impresionante-fiesta-y-dejo-a-todos-en-shock\\\/\",\"url\":\"https:\\\/\\\/radioclanfm.com\\\/clanespectaculos\\\/julieta-poggio-festejo-su-primer-ano-de-novia-con-una-impresionante-fiesta-y-dejo-a-todos-en-shock\\\/\",\"name\":\"Julieta Poggio festej\u00f3 su primer a\u00f1o de novia con una impresionante fiesta y dej\u00f3 a todos en shock - CLAN ESPECTACULOS\",\"isPartOf\":{\"@id\":\"https:\\\/\\\/radioclanfm.com\\\/clanespectaculos\\\/#website\"},\"primaryImageOfPage\":{\"@id\":\"https:\\\/\\\/radioclanfm.com\\\/clanespectaculos\\\/julieta-poggio-festejo-su-primer-ano-de-novia-con-una-impresionante-fiesta-y-dejo-a-todos-en-shock\\\/#primaryimage\"},\"image\":{\"@id\":\"https:\\\/\\\/radioclanfm.com\\\/clanespectaculos\\\/julieta-poggio-festejo-su-primer-ano-de-novia-con-una-impresionante-fiesta-y-dejo-a-todos-en-shock\\\/#primaryimage\"},\"thumbnailUrl\":\"https:\\\/\\\/radioclanfm.com\\\/clanespectaculos\\\/wp-content\\\/uploads\\\/sites\\\/2\\\/2025\\\/07\\\/mJj21p6f.jpg\",\"datePublished\":\"2025-07-28T23:10:31+00:00\",\"breadcrumb\":{\"@id\":\"https:\\\/\\\/radioclanfm.com\\\/clanespectaculos\\\/julieta-poggio-festejo-su-primer-ano-de-novia-con-una-impresionante-fiesta-y-dejo-a-todos-en-shock\\\/#breadcrumb\"},\"inLanguage\":\"es-AR\",\"potentialAction\":[{\"@type\":\"ReadAction\",\"target\":[\"https:\\\/\\\/radioclanfm.com\\\/clanespectaculos\\\/julieta-poggio-festejo-su-primer-ano-de-novia-con-una-impresionante-fiesta-y-dejo-a-todos-en-shock\\\/\"]}]},{\"@type\":\"ImageObject\",\"inLanguage\":\"es-AR\",\"@id\":\"https:\\\/\\\/radioclanfm.com\\\/clanespectaculos\\\/julieta-poggio-festejo-su-primer-ano-de-novia-con-una-impresionante-fiesta-y-dejo-a-todos-en-shock\\\/#primaryimage\",\"url\":\"https:\\\/\\\/radioclanfm.com\\\/clanespectaculos\\\/wp-content\\\/uploads\\\/sites\\\/2\\\/2025\\\/07\\\/mJj21p6f.jpg\",\"contentUrl\":\"https:\\\/\\\/radioclanfm.com\\\/clanespectaculos\\\/wp-content\\\/uploads\\\/sites\\\/2\\\/2025\\\/07\\\/mJj21p6f.jpg\",\"width\":900,\"height\":504},{\"@type\":\"BreadcrumbList\",\"@id\":\"https:\\\/\\\/radioclanfm.com\\\/clanespectaculos\\\/julieta-poggio-festejo-su-primer-ano-de-novia-con-una-impresionante-fiesta-y-dejo-a-todos-en-shock\\\/#breadcrumb\",\"itemListElement\":[{\"@type\":\"ListItem\",\"position\":1,\"name\":\"Inicio\",\"item\":\"https:\\\/\\\/radioclanfm.com\\\/clanespectaculos\\\/\"},{\"@type\":\"ListItem\",\"position\":2,\"name\":\"Julieta Poggio festej\u00f3 su primer a\u00f1o de novia con una impresionante fiesta y dej\u00f3 a todos en shock\"}]},{\"@type\":\"WebSite\",\"@id\":\"https:\\\/\\\/radioclanfm.com\\\/clanespectaculos\\\/#website\",\"url\":\"https:\\\/\\\/radioclanfm.com\\\/clanespectaculos\\\/\",\"name\":\"CLAN ESPECTACULOS\",\"description\":\"\",\"publisher\":{\"@id\":\"https:\\\/\\\/radioclanfm.com\\\/clanespectaculos\\\/#organization\"},\"potentialAction\":[{\"@type\":\"SearchAction\",\"target\":{\"@type\":\"EntryPoint\",\"urlTemplate\":\"https:\\\/\\\/radioclanfm.com\\\/clanespectaculos\\\/?s={search_term_string}\"},\"query-input\":{\"@type\":\"PropertyValueSpecification\",\"valueRequired\":true,\"valueName\":\"search_term_string\"}}],\"inLanguage\":\"es-AR\"},{\"@type\":\"Organization\",\"@id\":\"https:\\\/\\\/radioclanfm.com\\\/clanespectaculos\\\/#organization\",\"name\":\"CLAN ESPECTACULOS\",\"url\":\"https:\\\/\\\/radioclanfm.com\\\/clanespectaculos\\\/\",\"logo\":{\"@type\":\"ImageObject\",\"inLanguage\":\"es-AR\",\"@id\":\"https:\\\/\\\/radioclanfm.com\\\/clanespectaculos\\\/#\\\/schema\\\/logo\\\/image\\\/\",\"url\":\"https:\\\/\\\/radioclanfm.com\\\/clanespectaculos\\\/wp-content\\\/uploads\\\/sites\\\/2\\\/2026\\\/04\\\/ChatGPT-Image-23-mar-2026-10_09_00.png\",\"contentUrl\":\"https:\\\/\\\/radioclanfm.com\\\/clanespectaculos\\\/wp-content\\\/uploads\\\/sites\\\/2\\\/2026\\\/04\\\/ChatGPT-Image-23-mar-2026-10_09_00.png\",\"width\":1024,\"height\":1024,\"caption\":\"CLAN ESPECTACULOS\"},\"image\":{\"@id\":\"https:\\\/\\\/radioclanfm.com\\\/clanespectaculos\\\/#\\\/schema\\\/logo\\\/image\\\/\"},\"sameAs\":[\"https:\\\/\\\/www.facebook.com\\\/clanespectaculos\\\/\",\"https:\\\/\\\/x.com\\\/clanespectok\"]},{\"@type\":\"Person\",\"@id\":\"https:\\\/\\\/radioclanfm.com\\\/clanespectaculos\\\/#\\\/schema\\\/person\\\/9734813083303230f3ad84d99171b20c\",\"name\":\"E-GRUPOCLAN\",\"image\":{\"@type\":\"ImageObject\",\"inLanguage\":\"es-AR\",\"@id\":\"https:\\\/\\\/secure.gravatar.com\\\/avatar\\\/af6e19837c3d6a212034a48c7b3818d2ac1826f6025df0155da5a186ad321d79?s=96&d=mm&r=g\",\"url\":\"https:\\\/\\\/secure.gravatar.com\\\/avatar\\\/af6e19837c3d6a212034a48c7b3818d2ac1826f6025df0155da5a186ad321d79?s=96&d=mm&r=g\",\"contentUrl\":\"https:\\\/\\\/secure.gravatar.com\\\/avatar\\\/af6e19837c3d6a212034a48c7b3818d2ac1826f6025df0155da5a186ad321d79?s=96&d=mm&r=g\",\"caption\":\"E-GRUPOCLAN\"},\"sameAs\":[\"https:\\\/\\\/radioclanfm.com\"],\"url\":\"https:\\\/\\\/radioclanfm.com\\\/clanespectaculos\\\/author\\\/admin\\\/\"}]}<\/script>\n<!-- \/ Yoast SEO plugin. -->","yoast_head_json":{"title":"Julieta Poggio festej\u00f3 su primer a\u00f1o de novia con una impresionante fiesta y dej\u00f3 a todos en shock - CLAN ESPECTACULOS","robots":{"index":"index","follow":"follow","max-snippet":"max-snippet:-1","max-image-preview":"max-image-preview:large","max-video-preview":"max-video-preview:-1"},"canonical":"https:\/\/radioclanfm.com\/clanespectaculos\/julieta-poggio-festejo-su-primer-ano-de-novia-con-una-impresionante-fiesta-y-dejo-a-todos-en-shock\/","og_locale":"es_ES","og_type":"article","og_title":"Julieta Poggio festej\u00f3 su primer a\u00f1o de novia con una impresionante fiesta y dej\u00f3 a todos en shock - CLAN ESPECTACULOS","og_description":"No hay dudas de que\u00a0Julieta Poggio\u00a0es una de las m\u00e1ximas estrellas que dio en los \u00faltimos a\u00f1os el reality\u00a0Gran Hermano\u00a0(Telefe). Eso queda demostrado cada vez que participa de un evento, una obra o da una nota.\u00a0Este fin de semana, la medi\u00e1tica se dio un lujo. A trav\u00e9s de su cuenta de Instagram comparti\u00f3 fotos y [&hellip;]","og_url":"https:\/\/radioclanfm.com\/clanespectaculos\/julieta-poggio-festejo-su-primer-ano-de-novia-con-una-impresionante-fiesta-y-dejo-a-todos-en-shock\/","og_site_name":"CLAN ESPECTACULOS","article_publisher":"https:\/\/www.facebook.com\/clanespectaculos\/","article_published_time":"2025-07-28T23:10:31+00:00","og_image":[{"width":900,"height":504,"url":"https:\/\/radioclanfm.com\/clanespectaculos\/wp-content\/uploads\/sites\/2\/2025\/07\/mJj21p6f.jpg","type":"image\/jpeg"}],"author":"E-GRUPOCLAN","twitter_card":"summary_large_image","twitter_creator":"@clanespectok","twitter_site":"@clanespectok","twitter_misc":{"Escrito por":"E-GRUPOCLAN","Tiempo de lectura":"3 minutos"},"schema":{"@context":"https:\/\/schema.org","@graph":[{"@type":"Article","@id":"https:\/\/radioclanfm.com\/clanespectaculos\/julieta-poggio-festejo-su-primer-ano-de-novia-con-una-impresionante-fiesta-y-dejo-a-todos-en-shock\/#article","isPartOf":{"@id":"https:\/\/radioclanfm.com\/clanespectaculos\/julieta-poggio-festejo-su-primer-ano-de-novia-con-una-impresionante-fiesta-y-dejo-a-todos-en-shock\/"},"author":{"name":"E-GRUPOCLAN","@id":"https:\/\/radioclanfm.com\/clanespectaculos\/#\/schema\/person\/9734813083303230f3ad84d99171b20c"},"headline":"Julieta Poggio festej\u00f3 su primer a\u00f1o de novia con una impresionante fiesta y dej\u00f3 a todos en shock","datePublished":"2025-07-28T23:10:31+00:00","mainEntityOfPage":{"@id":"https:\/\/radioclanfm.com\/clanespectaculos\/julieta-poggio-festejo-su-primer-ano-de-novia-con-una-impresionante-fiesta-y-dejo-a-todos-en-shock\/"},"wordCount":580,"commentCount":0,"publisher":{"@id":"https:\/\/radioclanfm.com\/clanespectaculos\/#organization"},"image":{"@id":"https:\/\/radioclanfm.com\/clanespectaculos\/julieta-poggio-festejo-su-primer-ano-de-novia-con-una-impresionante-fiesta-y-dejo-a-todos-en-shock\/#primaryimage"},"thumbnailUrl":"https:\/\/radioclanfm.com\/clanespectaculos\/wp-content\/uploads\/sites\/2\/2025\/07\/mJj21p6f.jpg","articleSection":["Espectaculos"],"inLanguage":"es-AR","potentialAction":[{"@type":"CommentAction","name":"Comment","target":["https:\/\/radioclanfm.com\/clanespectaculos\/julieta-poggio-festejo-su-primer-ano-de-novia-con-una-impresionante-fiesta-y-dejo-a-todos-en-shock\/#respond"]}]},{"@type":"WebPage","@id":"https:\/\/radioclanfm.com\/clanespectaculos\/julieta-poggio-festejo-su-primer-ano-de-novia-con-una-impresionante-fiesta-y-dejo-a-todos-en-shock\/","url":"https:\/\/radioclanfm.com\/clanespectaculos\/julieta-poggio-festejo-su-primer-ano-de-novia-con-una-impresionante-fiesta-y-dejo-a-todos-en-shock\/","name":"Julieta Poggio festej\u00f3 su primer a\u00f1o de novia con una impresionante fiesta y dej\u00f3 a todos en shock - CLAN ESPECTACULOS","isPartOf":{"@id":"https:\/\/radioclanfm.com\/clanespectaculos\/#website"},"primaryImageOfPage":{"@id":"https:\/\/radioclanfm.com\/clanespectaculos\/julieta-poggio-festejo-su-primer-ano-de-novia-con-una-impresionante-fiesta-y-dejo-a-todos-en-shock\/#primaryimage"},"image":{"@id":"https:\/\/radioclanfm.com\/clanespectaculos\/julieta-poggio-festejo-su-primer-ano-de-novia-con-una-impresionante-fiesta-y-dejo-a-todos-en-shock\/#primaryimage"},"thumbnailUrl":"https:\/\/radioclanfm.com\/clanespectaculos\/wp-content\/uploads\/sites\/2\/2025\/07\/mJj21p6f.jpg","datePublished":"2025-07-28T23:10:31+00:00","breadcrumb":{"@id":"https:\/\/radioclanfm.com\/clanespectaculos\/julieta-poggio-festejo-su-primer-ano-de-novia-con-una-impresionante-fiesta-y-dejo-a-todos-en-shock\/#breadcrumb"},"inLanguage":"es-AR","potentialAction":[{"@type":"ReadAction","target":["https:\/\/radioclanfm.com\/clanespectaculos\/julieta-poggio-festejo-su-primer-ano-de-novia-con-una-impresionante-fiesta-y-dejo-a-todos-en-shock\/"]}]},{"@type":"ImageObject","inLanguage":"es-AR","@id":"https:\/\/radioclanfm.com\/clanespectaculos\/julieta-poggio-festejo-su-primer-ano-de-novia-con-una-impresionante-fiesta-y-dejo-a-todos-en-shock\/#primaryimage","url":"https:\/\/radioclanfm.com\/clanespectaculos\/wp-content\/uploads\/sites\/2\/2025\/07\/mJj21p6f.jpg","contentUrl":"https:\/\/radioclanfm.com\/clanespectaculos\/wp-content\/uploads\/sites\/2\/2025\/07\/mJj21p6f.jpg","width":900,"height":504},{"@type":"BreadcrumbList","@id":"https:\/\/radioclanfm.com\/clanespectaculos\/julieta-poggio-festejo-su-primer-ano-de-novia-con-una-impresionante-fiesta-y-dejo-a-todos-en-shock\/#breadcrumb","itemListElement":[{"@type":"ListItem","position":1,"name":"Inicio","item":"https:\/\/radioclanfm.com\/clanespectaculos\/"},{"@type":"ListItem","position":2,"name":"Julieta Poggio festej\u00f3 su primer a\u00f1o de novia con una impresionante fiesta y dej\u00f3 a todos en shock"}]},{"@type":"WebSite","@id":"https:\/\/radioclanfm.com\/clanespectaculos\/#website","url":"https:\/\/radioclanfm.com\/clanespectaculos\/","name":"CLAN ESPECTACULOS","description":"","publisher":{"@id":"https:\/\/radioclanfm.com\/clanespectaculos\/#organization"},"potentialAction":[{"@type":"SearchAction","target":{"@type":"EntryPoint","urlTemplate":"https:\/\/radioclanfm.com\/clanespectaculos\/?s={search_term_string}"},"query-input":{"@type":"PropertyValueSpecification","valueRequired":true,"valueName":"search_term_string"}}],"inLanguage":"es-AR"},{"@type":"Organization","@id":"https:\/\/radioclanfm.com\/clanespectaculos\/#organization","name":"CLAN ESPECTACULOS","url":"https:\/\/radioclanfm.com\/clanespectaculos\/","logo":{"@type":"ImageObject","inLanguage":"es-AR","@id":"https:\/\/radioclanfm.com\/clanespectaculos\/#\/schema\/logo\/image\/","url":"https:\/\/radioclanfm.com\/clanespectaculos\/wp-content\/uploads\/sites\/2\/2026\/04\/ChatGPT-Image-23-mar-2026-10_09_00.png","contentUrl":"https:\/\/radioclanfm.com\/clanespectaculos\/wp-content\/uploads\/sites\/2\/2026\/04\/ChatGPT-Image-23-mar-2026-10_09_00.png","width":1024,"height":1024,"caption":"CLAN ESPECTACULOS"},"image":{"@id":"https:\/\/radioclanfm.com\/clanespectaculos\/#\/schema\/logo\/image\/"},"sameAs":["https:\/\/www.facebook.com\/clanespectaculos\/","https:\/\/x.com\/clanespectok"]},{"@type":"Person","@id":"https:\/\/radioclanfm.com\/clanespectaculos\/#\/schema\/person\/9734813083303230f3ad84d99171b20c","name":"E-GRUPOCLAN","image":{"@type":"ImageObject","inLanguage":"es-AR","@id":"https:\/\/secure.gravatar.com\/avatar\/af6e19837c3d6a212034a48c7b3818d2ac1826f6025df0155da5a186ad321d79?s=96&d=mm&r=g","url":"https:\/\/secure.gravatar.com\/avatar\/af6e19837c3d6a212034a48c7b3818d2ac1826f6025df0155da5a186ad321d79?s=96&d=mm&r=g","contentUrl":"https:\/\/secure.gravatar.com\/avatar\/af6e19837c3d6a212034a48c7b3818d2ac1826f6025df0155da5a186ad321d79?s=96&d=mm&r=g","caption":"E-GRUPOCLAN"},"sameAs":["https:\/\/radioclanfm.com"],"url":"https:\/\/radioclanfm.com\/clanespectaculos\/author\/admin\/"}]}},"_links":{"self":[{"href":"https:\/\/radioclanfm.com\/clanespectaculos\/wp-json\/wp\/v2\/posts\/3526","targetHints":{"allow":["GET"]}}],"collection":[{"href":"https:\/\/radioclanfm.com\/clanespectaculos\/wp-json\/wp\/v2\/posts"}],"about":[{"href":"https:\/\/radioclanfm.com\/clanespectaculos\/wp-json\/wp\/v2\/types\/post"}],"author":[{"embeddable":true,"href":"https:\/\/radioclanfm.com\/clanespectaculos\/wp-json\/wp\/v2\/users\/1"}],"replies":[{"embeddable":true,"href":"https:\/\/radioclanfm.com\/clanespectaculos\/wp-json\/wp\/v2\/comments?post=3526"}],"version-history":[{"count":1,"href":"https:\/\/radioclanfm.com\/clanespectaculos\/wp-json\/wp\/v2\/posts\/3526\/revisions"}],"predecessor-version":[{"id":3528,"href":"https:\/\/radioclanfm.com\/clanespectaculos\/wp-json\/wp\/v2\/posts\/3526\/revisions\/3528"}],"wp:featuredmedia":[{"embeddable":true,"href":"https:\/\/radioclanfm.com\/clanespectaculos\/wp-json\/wp\/v2\/media\/3527"}],"wp:attachment":[{"href":"https:\/\/radioclanfm.com\/clanespectaculos\/wp-json\/wp\/v2\/media?parent=3526"}],"wp:term":[{"taxonomy":"category","embeddable":true,"href":"https:\/\/radioclanfm.com\/clanespectaculos\/wp-json\/wp\/v2\/categories?post=3526"},{"taxonomy":"post_tag","embeddable":true,"href":"https:\/\/radioclanfm.com\/clanespectaculos\/wp-json\/wp\/v2\/tags?post=3526"}],"curies":[{"name":"wp","href":"https:\/\/api.w.org\/{rel}","templated":true}]}}