{"id":3505,"date":"2025-07-26T22:31:03","date_gmt":"2025-07-27T01:31:03","guid":{"rendered":"https:\/\/radioclanfm.com\/clanespectaculos\/?p=3505"},"modified":"2025-07-26T22:31:03","modified_gmt":"2025-07-27T01:31:03","slug":"sofia-zamolo-compartio-un-video-en-lenceria-colaless-de-encaje-rosa","status":"publish","type":"post","link":"https:\/\/radioclanfm.com\/clanespectaculos\/sofia-zamolo-compartio-un-video-en-lenceria-colaless-de-encaje-rosa\/","title":{"rendered":"Sof\u00eda Z\u00e1molo comparti\u00f3 un video en lencer\u00eda colaless de encaje rosa"},"content":{"rendered":"<p>Con un audaz conjunto escotado y cavado, encandil\u00f3 a sus seguidores. \u201cQu\u00e9 hermosa que sos\u201d.<\/p>\n<p class=\"paragraph font__body-regular\">Referente fashionista en su perfil de Instagram, donde comparte looks urbanos del d\u00eda a d\u00eda y producciones de moda,\u00a0<b>Sof\u00eda Z\u00e1molo<\/b>\u00a0acaba de hacer una de sus publicaciones m\u00e1s audaces. Fue en el contexto de una sesi\u00f3n de fotos en\u00a0<b>lencer\u00eda<\/b>, donde aprovech\u00f3 para grabarse frente a un espejo en el\u00a0<i>backstage<\/i>.<\/p>\n<div class=\"AV6543bedcd858799fe90b5c47\">\n<div id=\"aniBox\">\n<div id=\"aniplayer_AV6543bedcd858799fe90b5c47-1753579747191\">\n<div id=\"aniplayer_AV6543bedcd858799fe90b5c47-1753579747191gui\">\n<div id=\"av-caption\">\n<div id=\"av-close-btn-overlay\" class=\"av-pos-top-left\"><\/div>\n<\/div>\n<\/div>\n<\/div>\n<\/div>\n<\/div>\n<p class=\"paragraph font__body-regular\">\u00bfLos detalles? Se luci\u00f3 con un conjunto rom\u00e1ntico y audaz en partes iguales, de\u00a0<b>encaje floral rosa<\/b>, formado por un<b>\u00a0corpi\u00f1o con tasa y detalles de puntilla\u00a0<\/b>y una bombacha\u00a0<i><b>colaless<\/b><\/i>\u00a0con tiritas regulables en los laterales. De frente y de perfil, se encarg\u00f3 de mostrar a fondo el jugado set de lencer\u00eda.<\/p>\n<figure class=\"\" data-testid=\"figure-testid\">\n<div class=\"aspect_ratio__container\"><picture class=\"responsive-image\"><source srcset=\"https:\/\/tn.com.ar\/resizer\/v2\/sofia-zamolo-deslumbro-con-su-video-en-ropa-interior-foto-instagramsofiazamolo-BNMF4JRESVEWFM4FXERCSFAUJE.png?auth=9ec7c23017308e63cc0175dd0c5f3b98b3b117dac2a96c6ce847bc6c597d3f44&amp;width=767\" type=\"image\/jpg\" media=\"(max-width: 728px)\" \/><source srcset=\"https:\/\/tn.com.ar\/resizer\/v2\/sofia-zamolo-deslumbro-con-su-video-en-ropa-interior-foto-instagramsofiazamolo-BNMF4JRESVEWFM4FXERCSFAUJE.png?auth=9ec7c23017308e63cc0175dd0c5f3b98b3b117dac2a96c6ce847bc6c597d3f44&amp;width=1023\" type=\"image\/jpg\" media=\"(max-width: 1023px)\" \/><source srcset=\"https:\/\/tn.com.ar\/resizer\/v2\/sofia-zamolo-deslumbro-con-su-video-en-ropa-interior-foto-instagramsofiazamolo-BNMF4JRESVEWFM4FXERCSFAUJE.png?auth=9ec7c23017308e63cc0175dd0c5f3b98b3b117dac2a96c6ce847bc6c597d3f44&amp;width=1440\" type=\"image\/jpg\" \/><img loading=\"lazy\" decoding=\"async\" class=\"image content-image image_placeholder\" src=\"https:\/\/tn.com.ar\/resizer\/v2\/sofia-zamolo-deslumbro-con-su-video-en-ropa-interior-foto-instagramsofiazamolo-BNMF4JRESVEWFM4FXERCSFAUJE.png?auth=9ec7c23017308e63cc0175dd0c5f3b98b3b117dac2a96c6ce847bc6c597d3f44&amp;width=767\" alt=\"Sof\u00eda Z\u00e1molo deslumbr\u00f3 con su video en ropa interior. (Foto: Instagram\/@sofiazamolo)\" width=\"767\" height=\"1300\" data-testid=\"loading-testid\" \/><\/picture><\/div><figcaption class=\"caption_image\" data-testid=\"figcaption-testid\">\n<div class=\"image_caption \">Sof\u00eda Z\u00e1molo deslumbr\u00f3 con su video en ropa interior. (Foto: Instagram\/@sofiazamolo)<\/div>\n<\/figcaption><\/figure>\n<p class=\"paragraph font__body-regular\">En cuanto el\u00a0<i>beauty look<\/i>, llev\u00f3<b>\u00a0el pelo suelto peinado con ondas<\/b>\u00a0y raya al medio y una apuesta de<b>\u00a0maquillaje con delineado y sombras en la mirada<\/b>, contorno en las mejillas y labios\u00a0<i>nude<\/i>.<\/p>\n<figure class=\"\" data-testid=\"figure-testid\">\n<div class=\"aspect_ratio__container\"><picture class=\"responsive-image\"><source srcset=\"https:\/\/tn.com.ar\/resizer\/v2\/sofia-zamolo-en-lenceria-de-encaje-floral-rosa-foto-instagramsofiazamolo-NRDF7X7SNJAARCHEMAOLJ4EH4I.jpg?auth=661c5a69738ae8e766c336a9084fe8050fd2a8effa4a741452c8fe8f709891f5&amp;width=767\" type=\"image\/jpg\" media=\"(max-width: 728px)\" \/><source srcset=\"https:\/\/tn.com.ar\/resizer\/v2\/sofia-zamolo-en-lenceria-de-encaje-floral-rosa-foto-instagramsofiazamolo-NRDF7X7SNJAARCHEMAOLJ4EH4I.jpg?auth=661c5a69738ae8e766c336a9084fe8050fd2a8effa4a741452c8fe8f709891f5&amp;width=1023\" type=\"image\/jpg\" media=\"(max-width: 1023px)\" \/><source srcset=\"https:\/\/tn.com.ar\/resizer\/v2\/sofia-zamolo-en-lenceria-de-encaje-floral-rosa-foto-instagramsofiazamolo-NRDF7X7SNJAARCHEMAOLJ4EH4I.jpg?auth=661c5a69738ae8e766c336a9084fe8050fd2a8effa4a741452c8fe8f709891f5&amp;width=1440\" type=\"image\/jpg\" \/><img loading=\"lazy\" decoding=\"async\" class=\"image content-image image_placeholder\" src=\"https:\/\/tn.com.ar\/resizer\/v2\/sofia-zamolo-en-lenceria-de-encaje-floral-rosa-foto-instagramsofiazamolo-NRDF7X7SNJAARCHEMAOLJ4EH4I.jpg?auth=661c5a69738ae8e766c336a9084fe8050fd2a8effa4a741452c8fe8f709891f5&amp;width=767\" alt=\"Sof\u00eda Z\u00e1molo en lencer\u00eda de encaje floral rosa. (Foto: Instagram\/@sofiazamolo)\" width=\"767\" height=\"1364\" data-testid=\"loading-testid\" \/><\/picture><\/div><figcaption class=\"caption_image\" data-testid=\"figcaption-testid\">\n<div class=\"image_caption \">Sof\u00eda Z\u00e1molo en lencer\u00eda de encaje floral rosa. (Foto: Instagram\/@sofiazamolo)<\/div>\n<\/figcaption><\/figure>\n<p class=\"paragraph font__body-regular\">El video alcanz\u00f3<b>\u00a0casi 100 mil reproducciones en medio d\u00eda<\/b>\u00a0y los elogios de sus seguidores no se hicieron esperar.<b>\u00a0\u201cQu\u00e9 hermosa que sos\u201d, \u201cBelleza total\u201d, \u201cBell\u00edsima la lencer\u00eda\u201d y \u201cDios tambi\u00e9n existe\u201d,<\/b>\u00a0la piropearon sus fan\u00e1ticos.<\/p>\n<h2 class=\"font--primary font__display\">Sof\u00eda Z\u00e1molo con look de encaje en un evento nocturno<\/h2>\n<p class=\"paragraph font__body-regular\">Recientemente, Sof\u00eda Z\u00e1molo confirm\u00f3 su fanat\u00edsmo por el encaje al elegirlo para un\u00a0<i><b>total look\u00a0<\/b><\/i><b>nocturno<\/b>\u00a0en el marco de un evento de una marca\u00a0<i>beauty<\/i>. En este caso, opt\u00f3 por un\u00a0<b>vestido negro transl\u00facido con motivo floral\u00a0<\/b>y un conjunto de\u00a0<b>corpi\u00f1o y\u00a0<\/b><i><b>culotte<\/b><\/i>\u00a0al tono debajo para evitar la censura.<\/p>\n<figure class=\"\" data-testid=\"figure-testid\">\n<div class=\"aspect_ratio__container\"><picture class=\"responsive-image\"><source srcset=\"https:\/\/tn.com.ar\/resizer\/v2\/el-look-de-noche-de-sofia-zamolo-con-encaje-foto-instagramsofiazamolo-CDAEQVW4Y5BMPJFJ4FHQJFL6P4.jpg?auth=4392c98e08f97e057df2b9df37cbf68e3bc725906658b9e85269f8b68a1438f5&amp;width=767\" type=\"image\/jpg\" media=\"(max-width: 728px)\" \/><source srcset=\"https:\/\/tn.com.ar\/resizer\/v2\/el-look-de-noche-de-sofia-zamolo-con-encaje-foto-instagramsofiazamolo-CDAEQVW4Y5BMPJFJ4FHQJFL6P4.jpg?auth=4392c98e08f97e057df2b9df37cbf68e3bc725906658b9e85269f8b68a1438f5&amp;width=1023\" type=\"image\/jpg\" media=\"(max-width: 1023px)\" \/><source srcset=\"https:\/\/tn.com.ar\/resizer\/v2\/el-look-de-noche-de-sofia-zamolo-con-encaje-foto-instagramsofiazamolo-CDAEQVW4Y5BMPJFJ4FHQJFL6P4.jpg?auth=4392c98e08f97e057df2b9df37cbf68e3bc725906658b9e85269f8b68a1438f5&amp;width=1440\" type=\"image\/jpg\" \/><img loading=\"lazy\" decoding=\"async\" class=\"image content-image image_placeholder\" src=\"https:\/\/tn.com.ar\/resizer\/v2\/el-look-de-noche-de-sofia-zamolo-con-encaje-foto-instagramsofiazamolo-CDAEQVW4Y5BMPJFJ4FHQJFL6P4.jpg?auth=4392c98e08f97e057df2b9df37cbf68e3bc725906658b9e85269f8b68a1438f5&amp;width=767\" alt=\"El look de noche de Sof\u00eda Z\u00e1molo con encaje. (Foto: Instagram\/@sofiazamolo)\" width=\"767\" height=\"1023\" data-testid=\"loading-testid\" \/><\/picture><\/div><figcaption class=\"caption_image\" data-testid=\"figcaption-testid\">\n<div class=\"image_caption \">El look de noche de Sof\u00eda Z\u00e1molo con encaje. (Foto: Instagram\/@sofiazamolo)<\/div>\n<\/figcaption><\/figure>\n<p class=\"paragraph font__body-regular\">Fue por m\u00e1s y lo combin\u00f3 con un\u00a0<b>abrigo de eco cuero negro<\/b>, estilo\u00a0<i>trench<\/i>, y una cartera a juego firmada por\u00a0<b>Chanel<\/b>\u00a0de cuero matelaseado y correa met\u00e1lica, complementos que elevaron la apuesta.<\/p>\n<figure class=\"\" data-testid=\"figure-testid\">\n<div class=\"aspect_ratio__container\"><picture class=\"responsive-image\"><source srcset=\"https:\/\/tn.com.ar\/resizer\/v2\/sofia-zamolo-con-look-de-encaje-negro-foto-instagramsofiazamolo-JIU2RQEULFBSRHRFZGIEFEUOJM.jpg?auth=1f354ec3dc60ee24b15353cb286d11d9707b14b13a4706524f73d73f7d3091f1&amp;width=767\" type=\"image\/jpg\" media=\"(max-width: 728px)\" \/><source srcset=\"https:\/\/tn.com.ar\/resizer\/v2\/sofia-zamolo-con-look-de-encaje-negro-foto-instagramsofiazamolo-JIU2RQEULFBSRHRFZGIEFEUOJM.jpg?auth=1f354ec3dc60ee24b15353cb286d11d9707b14b13a4706524f73d73f7d3091f1&amp;width=1023\" type=\"image\/jpg\" media=\"(max-width: 1023px)\" \/><source srcset=\"https:\/\/tn.com.ar\/resizer\/v2\/sofia-zamolo-con-look-de-encaje-negro-foto-instagramsofiazamolo-JIU2RQEULFBSRHRFZGIEFEUOJM.jpg?auth=1f354ec3dc60ee24b15353cb286d11d9707b14b13a4706524f73d73f7d3091f1&amp;width=1440\" type=\"image\/jpg\" \/><img loading=\"lazy\" decoding=\"async\" class=\"image content-image image_placeholder\" src=\"https:\/\/tn.com.ar\/resizer\/v2\/sofia-zamolo-con-look-de-encaje-negro-foto-instagramsofiazamolo-JIU2RQEULFBSRHRFZGIEFEUOJM.jpg?auth=1f354ec3dc60ee24b15353cb286d11d9707b14b13a4706524f73d73f7d3091f1&amp;width=767\" alt=\"Sof\u00eda Z\u00e1molo con look de encaje negro. (Foto: Instagram\/@sofiazamolo)\" width=\"767\" height=\"1023\" data-testid=\"loading-testid\" \/><\/picture><\/div><figcaption class=\"caption_image\" data-testid=\"figcaption-testid\">\n<div class=\"image_caption \">Sof\u00eda Z\u00e1molo con look de encaje negro. (Foto: Instagram\/@sofiazamolo)<\/div>\n<\/figcaption><\/figure>\n","protected":false},"excerpt":{"rendered":"<p>Con un audaz conjunto escotado y cavado, encandil\u00f3 a sus seguidores. \u201cQu\u00e9 hermosa que sos\u201d. Referente fashionista en su perfil de Instagram, donde comparte looks urbanos del d\u00eda a d\u00eda y producciones de moda,\u00a0Sof\u00eda Z\u00e1molo\u00a0acaba de hacer una de sus publicaciones m\u00e1s audaces. Fue en el contexto de una sesi\u00f3n de fotos en\u00a0lencer\u00eda, donde aprovech\u00f3 [&hellip;]<\/p>\n","protected":false},"author":1,"featured_media":3506,"comment_status":"open","ping_status":"open","sticky":false,"template":"","format":"standard","meta":{"rop_custom_images_group":[],"rop_custom_messages_group":[],"rop_publish_now":"initial","rop_publish_now_accounts":[],"rop_publish_now_history":[],"rop_publish_now_status":"pending","footnotes":"","jetpack_publicize_message":"","jetpack_publicize_feature_enabled":true,"jetpack_social_post_already_shared":true,"jetpack_social_options":{"image_generator_settings":{"template":"highway","enabled":false},"version":2}},"categories":[14],"tags":[],"class_list":{"0":"post-3505","1":"post","2":"type-post","3":"status-publish","4":"format-standard","5":"has-post-thumbnail","7":"category-chica-hot"},"jetpack_publicize_connections":[],"yoast_head":"<!-- This site is optimized with the Yoast SEO plugin v27.3 - https:\/\/yoast.com\/product\/yoast-seo-wordpress\/ -->\n<title>Sof\u00eda Z\u00e1molo comparti\u00f3 un video en lencer\u00eda colaless de encaje rosa - CLAN ESPECTACULOS<\/title>\n<meta name=\"robots\" content=\"index, follow, max-snippet:-1, max-image-preview:large, max-video-preview:-1\" \/>\n<link rel=\"canonical\" href=\"https:\/\/radioclanfm.com\/clanespectaculos\/sofia-zamolo-compartio-un-video-en-lenceria-colaless-de-encaje-rosa\/\" \/>\n<meta property=\"og:locale\" content=\"es_ES\" \/>\n<meta property=\"og:type\" content=\"article\" \/>\n<meta property=\"og:title\" content=\"Sof\u00eda Z\u00e1molo comparti\u00f3 un video en lencer\u00eda colaless de encaje rosa - CLAN ESPECTACULOS\" \/>\n<meta property=\"og:description\" content=\"Con un audaz conjunto escotado y cavado, encandil\u00f3 a sus seguidores. \u201cQu\u00e9 hermosa que sos\u201d. Referente fashionista en su perfil de Instagram, donde comparte looks urbanos del d\u00eda a d\u00eda y producciones de moda,\u00a0Sof\u00eda Z\u00e1molo\u00a0acaba de hacer una de sus publicaciones m\u00e1s audaces. Fue en el contexto de una sesi\u00f3n de fotos en\u00a0lencer\u00eda, donde aprovech\u00f3 [&hellip;]\" \/>\n<meta property=\"og:url\" content=\"https:\/\/radioclanfm.com\/clanespectaculos\/sofia-zamolo-compartio-un-video-en-lenceria-colaless-de-encaje-rosa\/\" \/>\n<meta property=\"og:site_name\" content=\"CLAN ESPECTACULOS\" \/>\n<meta property=\"article:publisher\" content=\"https:\/\/www.facebook.com\/clanespectaculos\/\" \/>\n<meta property=\"article:published_time\" content=\"2025-07-27T01:31:03+00:00\" \/>\n<meta property=\"og:image\" content=\"https:\/\/radioclanfm.com\/clanespectaculos\/wp-content\/uploads\/sites\/2\/2025\/07\/GwtdGfubgAUfoOC.jpg\" \/>\n\t<meta property=\"og:image:width\" content=\"1023\" \/>\n\t<meta property=\"og:image:height\" content=\"576\" \/>\n\t<meta property=\"og:image:type\" content=\"image\/jpeg\" \/>\n<meta name=\"author\" content=\"E-GRUPOCLAN\" \/>\n<meta name=\"twitter:card\" content=\"summary_large_image\" \/>\n<meta name=\"twitter:creator\" content=\"@clanespectok\" \/>\n<meta name=\"twitter:site\" content=\"@clanespectok\" \/>\n<meta name=\"twitter:label1\" content=\"Escrito por\" \/>\n\t<meta name=\"twitter:data1\" content=\"E-GRUPOCLAN\" \/>\n\t<meta name=\"twitter:label2\" content=\"Tiempo de lectura\" \/>\n\t<meta name=\"twitter:data2\" content=\"2 minutos\" \/>\n<script type=\"application\/ld+json\" class=\"yoast-schema-graph\">{\"@context\":\"https:\\\/\\\/schema.org\",\"@graph\":[{\"@type\":\"Article\",\"@id\":\"https:\\\/\\\/radioclanfm.com\\\/clanespectaculos\\\/sofia-zamolo-compartio-un-video-en-lenceria-colaless-de-encaje-rosa\\\/#article\",\"isPartOf\":{\"@id\":\"https:\\\/\\\/radioclanfm.com\\\/clanespectaculos\\\/sofia-zamolo-compartio-un-video-en-lenceria-colaless-de-encaje-rosa\\\/\"},\"author\":{\"name\":\"E-GRUPOCLAN\",\"@id\":\"https:\\\/\\\/radioclanfm.com\\\/clanespectaculos\\\/#\\\/schema\\\/person\\\/9734813083303230f3ad84d99171b20c\"},\"headline\":\"Sof\u00eda Z\u00e1molo comparti\u00f3 un video en lencer\u00eda colaless de encaje rosa\",\"datePublished\":\"2025-07-27T01:31:03+00:00\",\"mainEntityOfPage\":{\"@id\":\"https:\\\/\\\/radioclanfm.com\\\/clanespectaculos\\\/sofia-zamolo-compartio-un-video-en-lenceria-colaless-de-encaje-rosa\\\/\"},\"wordCount\":379,\"commentCount\":0,\"publisher\":{\"@id\":\"https:\\\/\\\/radioclanfm.com\\\/clanespectaculos\\\/#organization\"},\"image\":{\"@id\":\"https:\\\/\\\/radioclanfm.com\\\/clanespectaculos\\\/sofia-zamolo-compartio-un-video-en-lenceria-colaless-de-encaje-rosa\\\/#primaryimage\"},\"thumbnailUrl\":\"https:\\\/\\\/radioclanfm.com\\\/clanespectaculos\\\/wp-content\\\/uploads\\\/sites\\\/2\\\/2025\\\/07\\\/GwtdGfubgAUfoOC.jpg\",\"articleSection\":[\"CHICA HOT\"],\"inLanguage\":\"es-AR\",\"potentialAction\":[{\"@type\":\"CommentAction\",\"name\":\"Comment\",\"target\":[\"https:\\\/\\\/radioclanfm.com\\\/clanespectaculos\\\/sofia-zamolo-compartio-un-video-en-lenceria-colaless-de-encaje-rosa\\\/#respond\"]}]},{\"@type\":\"WebPage\",\"@id\":\"https:\\\/\\\/radioclanfm.com\\\/clanespectaculos\\\/sofia-zamolo-compartio-un-video-en-lenceria-colaless-de-encaje-rosa\\\/\",\"url\":\"https:\\\/\\\/radioclanfm.com\\\/clanespectaculos\\\/sofia-zamolo-compartio-un-video-en-lenceria-colaless-de-encaje-rosa\\\/\",\"name\":\"Sof\u00eda Z\u00e1molo comparti\u00f3 un video en lencer\u00eda colaless de encaje rosa - CLAN ESPECTACULOS\",\"isPartOf\":{\"@id\":\"https:\\\/\\\/radioclanfm.com\\\/clanespectaculos\\\/#website\"},\"primaryImageOfPage\":{\"@id\":\"https:\\\/\\\/radioclanfm.com\\\/clanespectaculos\\\/sofia-zamolo-compartio-un-video-en-lenceria-colaless-de-encaje-rosa\\\/#primaryimage\"},\"image\":{\"@id\":\"https:\\\/\\\/radioclanfm.com\\\/clanespectaculos\\\/sofia-zamolo-compartio-un-video-en-lenceria-colaless-de-encaje-rosa\\\/#primaryimage\"},\"thumbnailUrl\":\"https:\\\/\\\/radioclanfm.com\\\/clanespectaculos\\\/wp-content\\\/uploads\\\/sites\\\/2\\\/2025\\\/07\\\/GwtdGfubgAUfoOC.jpg\",\"datePublished\":\"2025-07-27T01:31:03+00:00\",\"breadcrumb\":{\"@id\":\"https:\\\/\\\/radioclanfm.com\\\/clanespectaculos\\\/sofia-zamolo-compartio-un-video-en-lenceria-colaless-de-encaje-rosa\\\/#breadcrumb\"},\"inLanguage\":\"es-AR\",\"potentialAction\":[{\"@type\":\"ReadAction\",\"target\":[\"https:\\\/\\\/radioclanfm.com\\\/clanespectaculos\\\/sofia-zamolo-compartio-un-video-en-lenceria-colaless-de-encaje-rosa\\\/\"]}]},{\"@type\":\"ImageObject\",\"inLanguage\":\"es-AR\",\"@id\":\"https:\\\/\\\/radioclanfm.com\\\/clanespectaculos\\\/sofia-zamolo-compartio-un-video-en-lenceria-colaless-de-encaje-rosa\\\/#primaryimage\",\"url\":\"https:\\\/\\\/radioclanfm.com\\\/clanespectaculos\\\/wp-content\\\/uploads\\\/sites\\\/2\\\/2025\\\/07\\\/GwtdGfubgAUfoOC.jpg\",\"contentUrl\":\"https:\\\/\\\/radioclanfm.com\\\/clanespectaculos\\\/wp-content\\\/uploads\\\/sites\\\/2\\\/2025\\\/07\\\/GwtdGfubgAUfoOC.jpg\",\"width\":1023,\"height\":576},{\"@type\":\"BreadcrumbList\",\"@id\":\"https:\\\/\\\/radioclanfm.com\\\/clanespectaculos\\\/sofia-zamolo-compartio-un-video-en-lenceria-colaless-de-encaje-rosa\\\/#breadcrumb\",\"itemListElement\":[{\"@type\":\"ListItem\",\"position\":1,\"name\":\"Inicio\",\"item\":\"https:\\\/\\\/radioclanfm.com\\\/clanespectaculos\\\/\"},{\"@type\":\"ListItem\",\"position\":2,\"name\":\"Sof\u00eda Z\u00e1molo comparti\u00f3 un video en lencer\u00eda colaless de encaje rosa\"}]},{\"@type\":\"WebSite\",\"@id\":\"https:\\\/\\\/radioclanfm.com\\\/clanespectaculos\\\/#website\",\"url\":\"https:\\\/\\\/radioclanfm.com\\\/clanespectaculos\\\/\",\"name\":\"CLAN ESPECTACULOS\",\"description\":\"\",\"publisher\":{\"@id\":\"https:\\\/\\\/radioclanfm.com\\\/clanespectaculos\\\/#organization\"},\"potentialAction\":[{\"@type\":\"SearchAction\",\"target\":{\"@type\":\"EntryPoint\",\"urlTemplate\":\"https:\\\/\\\/radioclanfm.com\\\/clanespectaculos\\\/?s={search_term_string}\"},\"query-input\":{\"@type\":\"PropertyValueSpecification\",\"valueRequired\":true,\"valueName\":\"search_term_string\"}}],\"inLanguage\":\"es-AR\"},{\"@type\":\"Organization\",\"@id\":\"https:\\\/\\\/radioclanfm.com\\\/clanespectaculos\\\/#organization\",\"name\":\"CLAN ESPECTACULOS\",\"url\":\"https:\\\/\\\/radioclanfm.com\\\/clanespectaculos\\\/\",\"logo\":{\"@type\":\"ImageObject\",\"inLanguage\":\"es-AR\",\"@id\":\"https:\\\/\\\/radioclanfm.com\\\/clanespectaculos\\\/#\\\/schema\\\/logo\\\/image\\\/\",\"url\":\"https:\\\/\\\/radioclanfm.com\\\/clanespectaculos\\\/wp-content\\\/uploads\\\/sites\\\/2\\\/2026\\\/04\\\/ChatGPT-Image-23-mar-2026-10_09_00.png\",\"contentUrl\":\"https:\\\/\\\/radioclanfm.com\\\/clanespectaculos\\\/wp-content\\\/uploads\\\/sites\\\/2\\\/2026\\\/04\\\/ChatGPT-Image-23-mar-2026-10_09_00.png\",\"width\":1024,\"height\":1024,\"caption\":\"CLAN ESPECTACULOS\"},\"image\":{\"@id\":\"https:\\\/\\\/radioclanfm.com\\\/clanespectaculos\\\/#\\\/schema\\\/logo\\\/image\\\/\"},\"sameAs\":[\"https:\\\/\\\/www.facebook.com\\\/clanespectaculos\\\/\",\"https:\\\/\\\/x.com\\\/clanespectok\"]},{\"@type\":\"Person\",\"@id\":\"https:\\\/\\\/radioclanfm.com\\\/clanespectaculos\\\/#\\\/schema\\\/person\\\/9734813083303230f3ad84d99171b20c\",\"name\":\"E-GRUPOCLAN\",\"image\":{\"@type\":\"ImageObject\",\"inLanguage\":\"es-AR\",\"@id\":\"https:\\\/\\\/secure.gravatar.com\\\/avatar\\\/af6e19837c3d6a212034a48c7b3818d2ac1826f6025df0155da5a186ad321d79?s=96&d=mm&r=g\",\"url\":\"https:\\\/\\\/secure.gravatar.com\\\/avatar\\\/af6e19837c3d6a212034a48c7b3818d2ac1826f6025df0155da5a186ad321d79?s=96&d=mm&r=g\",\"contentUrl\":\"https:\\\/\\\/secure.gravatar.com\\\/avatar\\\/af6e19837c3d6a212034a48c7b3818d2ac1826f6025df0155da5a186ad321d79?s=96&d=mm&r=g\",\"caption\":\"E-GRUPOCLAN\"},\"sameAs\":[\"https:\\\/\\\/radioclanfm.com\"],\"url\":\"https:\\\/\\\/radioclanfm.com\\\/clanespectaculos\\\/author\\\/admin\\\/\"}]}<\/script>\n<!-- \/ Yoast SEO plugin. -->","yoast_head_json":{"title":"Sof\u00eda Z\u00e1molo comparti\u00f3 un video en lencer\u00eda colaless de encaje rosa - CLAN ESPECTACULOS","robots":{"index":"index","follow":"follow","max-snippet":"max-snippet:-1","max-image-preview":"max-image-preview:large","max-video-preview":"max-video-preview:-1"},"canonical":"https:\/\/radioclanfm.com\/clanespectaculos\/sofia-zamolo-compartio-un-video-en-lenceria-colaless-de-encaje-rosa\/","og_locale":"es_ES","og_type":"article","og_title":"Sof\u00eda Z\u00e1molo comparti\u00f3 un video en lencer\u00eda colaless de encaje rosa - CLAN ESPECTACULOS","og_description":"Con un audaz conjunto escotado y cavado, encandil\u00f3 a sus seguidores. \u201cQu\u00e9 hermosa que sos\u201d. Referente fashionista en su perfil de Instagram, donde comparte looks urbanos del d\u00eda a d\u00eda y producciones de moda,\u00a0Sof\u00eda Z\u00e1molo\u00a0acaba de hacer una de sus publicaciones m\u00e1s audaces. Fue en el contexto de una sesi\u00f3n de fotos en\u00a0lencer\u00eda, donde aprovech\u00f3 [&hellip;]","og_url":"https:\/\/radioclanfm.com\/clanespectaculos\/sofia-zamolo-compartio-un-video-en-lenceria-colaless-de-encaje-rosa\/","og_site_name":"CLAN ESPECTACULOS","article_publisher":"https:\/\/www.facebook.com\/clanespectaculos\/","article_published_time":"2025-07-27T01:31:03+00:00","og_image":[{"width":1023,"height":576,"url":"https:\/\/radioclanfm.com\/clanespectaculos\/wp-content\/uploads\/sites\/2\/2025\/07\/GwtdGfubgAUfoOC.jpg","type":"image\/jpeg"}],"author":"E-GRUPOCLAN","twitter_card":"summary_large_image","twitter_creator":"@clanespectok","twitter_site":"@clanespectok","twitter_misc":{"Escrito por":"E-GRUPOCLAN","Tiempo de lectura":"2 minutos"},"schema":{"@context":"https:\/\/schema.org","@graph":[{"@type":"Article","@id":"https:\/\/radioclanfm.com\/clanespectaculos\/sofia-zamolo-compartio-un-video-en-lenceria-colaless-de-encaje-rosa\/#article","isPartOf":{"@id":"https:\/\/radioclanfm.com\/clanespectaculos\/sofia-zamolo-compartio-un-video-en-lenceria-colaless-de-encaje-rosa\/"},"author":{"name":"E-GRUPOCLAN","@id":"https:\/\/radioclanfm.com\/clanespectaculos\/#\/schema\/person\/9734813083303230f3ad84d99171b20c"},"headline":"Sof\u00eda Z\u00e1molo comparti\u00f3 un video en lencer\u00eda colaless de encaje rosa","datePublished":"2025-07-27T01:31:03+00:00","mainEntityOfPage":{"@id":"https:\/\/radioclanfm.com\/clanespectaculos\/sofia-zamolo-compartio-un-video-en-lenceria-colaless-de-encaje-rosa\/"},"wordCount":379,"commentCount":0,"publisher":{"@id":"https:\/\/radioclanfm.com\/clanespectaculos\/#organization"},"image":{"@id":"https:\/\/radioclanfm.com\/clanespectaculos\/sofia-zamolo-compartio-un-video-en-lenceria-colaless-de-encaje-rosa\/#primaryimage"},"thumbnailUrl":"https:\/\/radioclanfm.com\/clanespectaculos\/wp-content\/uploads\/sites\/2\/2025\/07\/GwtdGfubgAUfoOC.jpg","articleSection":["CHICA HOT"],"inLanguage":"es-AR","potentialAction":[{"@type":"CommentAction","name":"Comment","target":["https:\/\/radioclanfm.com\/clanespectaculos\/sofia-zamolo-compartio-un-video-en-lenceria-colaless-de-encaje-rosa\/#respond"]}]},{"@type":"WebPage","@id":"https:\/\/radioclanfm.com\/clanespectaculos\/sofia-zamolo-compartio-un-video-en-lenceria-colaless-de-encaje-rosa\/","url":"https:\/\/radioclanfm.com\/clanespectaculos\/sofia-zamolo-compartio-un-video-en-lenceria-colaless-de-encaje-rosa\/","name":"Sof\u00eda Z\u00e1molo comparti\u00f3 un video en lencer\u00eda colaless de encaje rosa - CLAN ESPECTACULOS","isPartOf":{"@id":"https:\/\/radioclanfm.com\/clanespectaculos\/#website"},"primaryImageOfPage":{"@id":"https:\/\/radioclanfm.com\/clanespectaculos\/sofia-zamolo-compartio-un-video-en-lenceria-colaless-de-encaje-rosa\/#primaryimage"},"image":{"@id":"https:\/\/radioclanfm.com\/clanespectaculos\/sofia-zamolo-compartio-un-video-en-lenceria-colaless-de-encaje-rosa\/#primaryimage"},"thumbnailUrl":"https:\/\/radioclanfm.com\/clanespectaculos\/wp-content\/uploads\/sites\/2\/2025\/07\/GwtdGfubgAUfoOC.jpg","datePublished":"2025-07-27T01:31:03+00:00","breadcrumb":{"@id":"https:\/\/radioclanfm.com\/clanespectaculos\/sofia-zamolo-compartio-un-video-en-lenceria-colaless-de-encaje-rosa\/#breadcrumb"},"inLanguage":"es-AR","potentialAction":[{"@type":"ReadAction","target":["https:\/\/radioclanfm.com\/clanespectaculos\/sofia-zamolo-compartio-un-video-en-lenceria-colaless-de-encaje-rosa\/"]}]},{"@type":"ImageObject","inLanguage":"es-AR","@id":"https:\/\/radioclanfm.com\/clanespectaculos\/sofia-zamolo-compartio-un-video-en-lenceria-colaless-de-encaje-rosa\/#primaryimage","url":"https:\/\/radioclanfm.com\/clanespectaculos\/wp-content\/uploads\/sites\/2\/2025\/07\/GwtdGfubgAUfoOC.jpg","contentUrl":"https:\/\/radioclanfm.com\/clanespectaculos\/wp-content\/uploads\/sites\/2\/2025\/07\/GwtdGfubgAUfoOC.jpg","width":1023,"height":576},{"@type":"BreadcrumbList","@id":"https:\/\/radioclanfm.com\/clanespectaculos\/sofia-zamolo-compartio-un-video-en-lenceria-colaless-de-encaje-rosa\/#breadcrumb","itemListElement":[{"@type":"ListItem","position":1,"name":"Inicio","item":"https:\/\/radioclanfm.com\/clanespectaculos\/"},{"@type":"ListItem","position":2,"name":"Sof\u00eda Z\u00e1molo comparti\u00f3 un video en lencer\u00eda colaless de encaje rosa"}]},{"@type":"WebSite","@id":"https:\/\/radioclanfm.com\/clanespectaculos\/#website","url":"https:\/\/radioclanfm.com\/clanespectaculos\/","name":"CLAN ESPECTACULOS","description":"","publisher":{"@id":"https:\/\/radioclanfm.com\/clanespectaculos\/#organization"},"potentialAction":[{"@type":"SearchAction","target":{"@type":"EntryPoint","urlTemplate":"https:\/\/radioclanfm.com\/clanespectaculos\/?s={search_term_string}"},"query-input":{"@type":"PropertyValueSpecification","valueRequired":true,"valueName":"search_term_string"}}],"inLanguage":"es-AR"},{"@type":"Organization","@id":"https:\/\/radioclanfm.com\/clanespectaculos\/#organization","name":"CLAN ESPECTACULOS","url":"https:\/\/radioclanfm.com\/clanespectaculos\/","logo":{"@type":"ImageObject","inLanguage":"es-AR","@id":"https:\/\/radioclanfm.com\/clanespectaculos\/#\/schema\/logo\/image\/","url":"https:\/\/radioclanfm.com\/clanespectaculos\/wp-content\/uploads\/sites\/2\/2026\/04\/ChatGPT-Image-23-mar-2026-10_09_00.png","contentUrl":"https:\/\/radioclanfm.com\/clanespectaculos\/wp-content\/uploads\/sites\/2\/2026\/04\/ChatGPT-Image-23-mar-2026-10_09_00.png","width":1024,"height":1024,"caption":"CLAN ESPECTACULOS"},"image":{"@id":"https:\/\/radioclanfm.com\/clanespectaculos\/#\/schema\/logo\/image\/"},"sameAs":["https:\/\/www.facebook.com\/clanespectaculos\/","https:\/\/x.com\/clanespectok"]},{"@type":"Person","@id":"https:\/\/radioclanfm.com\/clanespectaculos\/#\/schema\/person\/9734813083303230f3ad84d99171b20c","name":"E-GRUPOCLAN","image":{"@type":"ImageObject","inLanguage":"es-AR","@id":"https:\/\/secure.gravatar.com\/avatar\/af6e19837c3d6a212034a48c7b3818d2ac1826f6025df0155da5a186ad321d79?s=96&d=mm&r=g","url":"https:\/\/secure.gravatar.com\/avatar\/af6e19837c3d6a212034a48c7b3818d2ac1826f6025df0155da5a186ad321d79?s=96&d=mm&r=g","contentUrl":"https:\/\/secure.gravatar.com\/avatar\/af6e19837c3d6a212034a48c7b3818d2ac1826f6025df0155da5a186ad321d79?s=96&d=mm&r=g","caption":"E-GRUPOCLAN"},"sameAs":["https:\/\/radioclanfm.com"],"url":"https:\/\/radioclanfm.com\/clanespectaculos\/author\/admin\/"}]}},"_links":{"self":[{"href":"https:\/\/radioclanfm.com\/clanespectaculos\/wp-json\/wp\/v2\/posts\/3505","targetHints":{"allow":["GET"]}}],"collection":[{"href":"https:\/\/radioclanfm.com\/clanespectaculos\/wp-json\/wp\/v2\/posts"}],"about":[{"href":"https:\/\/radioclanfm.com\/clanespectaculos\/wp-json\/wp\/v2\/types\/post"}],"author":[{"embeddable":true,"href":"https:\/\/radioclanfm.com\/clanespectaculos\/wp-json\/wp\/v2\/users\/1"}],"replies":[{"embeddable":true,"href":"https:\/\/radioclanfm.com\/clanespectaculos\/wp-json\/wp\/v2\/comments?post=3505"}],"version-history":[{"count":1,"href":"https:\/\/radioclanfm.com\/clanespectaculos\/wp-json\/wp\/v2\/posts\/3505\/revisions"}],"predecessor-version":[{"id":3507,"href":"https:\/\/radioclanfm.com\/clanespectaculos\/wp-json\/wp\/v2\/posts\/3505\/revisions\/3507"}],"wp:featuredmedia":[{"embeddable":true,"href":"https:\/\/radioclanfm.com\/clanespectaculos\/wp-json\/wp\/v2\/media\/3506"}],"wp:attachment":[{"href":"https:\/\/radioclanfm.com\/clanespectaculos\/wp-json\/wp\/v2\/media?parent=3505"}],"wp:term":[{"taxonomy":"category","embeddable":true,"href":"https:\/\/radioclanfm.com\/clanespectaculos\/wp-json\/wp\/v2\/categories?post=3505"},{"taxonomy":"post_tag","embeddable":true,"href":"https:\/\/radioclanfm.com\/clanespectaculos\/wp-json\/wp\/v2\/tags?post=3505"}],"curies":[{"name":"wp","href":"https:\/\/api.w.org\/{rel}","templated":true}]}}