{"id":3460,"date":"2025-07-26T22:03:38","date_gmt":"2025-07-27T01:03:38","guid":{"rendered":"https:\/\/radioclanfm.com\/clanespectaculos\/?p=3460"},"modified":"2025-07-26T22:03:38","modified_gmt":"2025-07-27T01:03:38","slug":"filtraron-una-foto-de-mauro-icardi-despues-de-los-videos-intimos-y-su-aspecto-llamo-la-atencion","status":"publish","type":"post","link":"https:\/\/radioclanfm.com\/clanespectaculos\/filtraron-una-foto-de-mauro-icardi-despues-de-los-videos-intimos-y-su-aspecto-llamo-la-atencion\/","title":{"rendered":"Filtraron una foto de Mauro Icardi despu\u00e9s de los videos \u00edntimos y su aspecto llam\u00f3 la atenci\u00f3n"},"content":{"rendered":"<p>En las \u00faltimas horas se viraliz\u00f3 una imagen del futbolista en la tribuna del estadio del Galatasaray y su f\u00edsico caus\u00f3 debate en las redes.<\/p>\n<div class=\"col-content\"><main class=\"col-content\"><\/p>\n<div class=\"default-article-color article__body article__article\">\n<p class=\"paragraph font__body-regular\">Durante la semana estall\u00f3 una verdadera bomba despu\u00e9s de que la vedette uruguaya Natasha Rey difundiera un video \u00edntimo que\u00a0<b>Mauro Icardi<\/b>\u00a0le habr\u00eda mandado mientras se masturbaba. Tras la viralizaci\u00f3n del clip, el futbolista se mantuvo\u00a0<b>bastante alejado de las redes<\/b>: solo subi\u00f3 una historia desmintiendo la veracidad de las im\u00e1genes y luego guard\u00f3 silencio.<\/p>\n<div class=\"AV67f93cf033780503b00636a7\">\n<div id=\"aniBox\">\n<div id=\"aniplayer_AV67f93cf033780503b00636a7-1753578133305\">\n<div id=\"aniplayer_AV67f93cf033780503b00636a7-1753578133305gui\">\n<div id=\"av-caption\">\n<div id=\"av-close-btn-overlay\" class=\"av-pos-top-left\"><\/div>\n<\/div>\n<\/div>\n<\/div>\n<\/div>\n<\/div>\n<div id=\"ad-slot-infeed\" class=\"infeed-container ad-slot-infeed ad-slot\" data-adtype=\"infeed\" data-google-query-id=\"COivgeHr244DFSZI3QId_DwjeQ\">\n<div id=\"google_ads_iframe_\/113951150\/tn-arc\/nota\/infeed_0__container__\"><\/div>\n<\/div>\n<p class=\"paragraph font__body-regular\">Ahora,\u00a0<b>aparecieron im\u00e1genes del futbolista en la tribuna del estadio del Galatasaray<\/b>\u00a0en la victoria contra Racing de Estrasburgo, en un partido amistoso.<\/p>\n<p class=\"paragraph font__body-regular\">\u201cMauro ahora\u201d, escribieron desde la cuenta de X (Ex Twitter) del @ejercitodelam. El posteo se viraliz\u00f3 y\u00a0<b>el aspecto f\u00edsico del rosarino gener\u00f3 debate en las redes.<\/b><\/p>\n<figure class=\"\" data-testid=\"figure-testid\">\n<div class=\"aspect_ratio__container\"><picture class=\"responsive-image\"><source srcset=\"https:\/\/tn.com.ar\/resizer\/v2\/la-foto-de-mauro-icardi-que-genero-debate-en-las-redes-foto-captura-xelejercitodelam-FMC7IGZMBBE3JAFEX7JIPJRK7M.PNG?auth=39ded820111fa3d06dd34b1c11ca753029bc7d33702e55482c8d91f4a83038a8&amp;width=767\" type=\"image\/jpg\" media=\"(max-width: 728px)\" \/><source srcset=\"https:\/\/tn.com.ar\/resizer\/v2\/la-foto-de-mauro-icardi-que-genero-debate-en-las-redes-foto-captura-xelejercitodelam-FMC7IGZMBBE3JAFEX7JIPJRK7M.PNG?auth=39ded820111fa3d06dd34b1c11ca753029bc7d33702e55482c8d91f4a83038a8&amp;width=1023\" type=\"image\/jpg\" media=\"(max-width: 1023px)\" \/><source srcset=\"https:\/\/tn.com.ar\/resizer\/v2\/la-foto-de-mauro-icardi-que-genero-debate-en-las-redes-foto-captura-xelejercitodelam-FMC7IGZMBBE3JAFEX7JIPJRK7M.PNG?auth=39ded820111fa3d06dd34b1c11ca753029bc7d33702e55482c8d91f4a83038a8&amp;width=1440\" type=\"image\/jpg\" \/><img loading=\"lazy\" decoding=\"async\" class=\"image content-image image_placeholder\" src=\"https:\/\/tn.com.ar\/resizer\/v2\/la-foto-de-mauro-icardi-que-genero-debate-en-las-redes-foto-captura-xelejercitodelam-FMC7IGZMBBE3JAFEX7JIPJRK7M.PNG?auth=39ded820111fa3d06dd34b1c11ca753029bc7d33702e55482c8d91f4a83038a8&amp;width=767\" alt=\"La foto de Mauro Icardi que gener\u00f3 debate en las redes (Foto: captura X\/elejercitodelam)\" width=\"767\" height=\"952\" data-testid=\"loading-testid\" \/><\/picture><\/div><figcaption class=\"caption_image\" data-testid=\"figcaption-testid\">\n<div class=\"image_caption \">La foto de Mauro Icardi que gener\u00f3 debate en las redes (Foto: captura X\/elejercitodelam)<\/div>\n<\/figcaption><\/figure>\n<p class=\"paragraph font__body-regular\">Los usuarios comentaron. \u201cTiene una cara diferente,\u00a0<b>ojos hinchados y la cara m\u00e1s grande<\/b>&#8230; se ve que le est\u00e1 volviendo todo lo malo que ha generado\u201d, \u201cArruinado en todos los sentidos posibles\u201d, \u201cNi ganas de sonre\u00edr le qued\u00f3\u201d, \u201cEst\u00e1 en el peor momento: gordo y feo\u201d, \u201cLe entraron todas las balas\u201d, \u201cLuce acabado\u201d y \u201c\u00bfQu\u00e9 se hizo? Est\u00e1 tieso&#8221; fueron algunos de los mensajes que dejaron los internautas.<\/p>\n<h2 class=\"font--primary font__display\">Mauro Icardi demandar\u00e1 a Wanda Nara por la filtraci\u00f3n de su video \u00edntimo bajo cargo de \u201cporno extorsi\u00f3n\u201d<\/h2>\n<p class=\"paragraph font__body-regular\">Las repercusiones de la filtraci\u00f3n del video \u00edntimo de\u00a0<b>Mauro Icardi<\/b>\u00a0no parecen terminar con el pasar de los d\u00edas y el futbolista<b>\u00a0inici\u00f3 acciones legales contra\u00a0<\/b><b>Wanda Nara<\/b><b>.<\/b><\/p>\n<p class=\"paragraph font__body-regular\">En conversaci\u00f3n con\u00a0<b>TN Show<\/b>, Lara Piro, una de las abogadas del futbolista, corrobor\u00f3 que atendieron a la solicitud de su cliente y el proceso legal ya inici\u00f3:\u00a0<b>\u201cDijimos que s\u00ed, Wanda ya est\u00e1 denunciada por porno extorsi\u00f3n\u201d.<\/b><\/p>\n<p class=\"paragraph font__body-regular\">Incluso, se maneja que\u00a0<b>Mauro introducir\u00e1 estas querellas en Argentina y en Italia<\/b>, donde contin\u00faa su proceso de divorcio.<\/p>\n<figure class=\"\" data-testid=\"figure-testid\">\n<div class=\"aspect_ratio__container\"><picture class=\"responsive-image\"><source srcset=\"https:\/\/tn.com.ar\/resizer\/v2\/lara-piro-la-abogada-del-futbolista-confirmo-a-tn-show-que-su-cliente-acusara-formalmente-a-la-empresaria-por-ser-la-autora-del-escandalo-foto-instagram-mauroicardi-wandanara-HERSJFRZCBFNFLRRKLT7JGCZ2A.jpg?auth=6b8c451f36c51863dab86e110509d067ce31c1d3a6d6aca51666a724937d65d3&amp;width=767\" type=\"image\/jpg\" media=\"(max-width: 728px)\" \/><source srcset=\"https:\/\/tn.com.ar\/resizer\/v2\/lara-piro-la-abogada-del-futbolista-confirmo-a-tn-show-que-su-cliente-acusara-formalmente-a-la-empresaria-por-ser-la-autora-del-escandalo-foto-instagram-mauroicardi-wandanara-HERSJFRZCBFNFLRRKLT7JGCZ2A.jpg?auth=6b8c451f36c51863dab86e110509d067ce31c1d3a6d6aca51666a724937d65d3&amp;width=1023\" type=\"image\/jpg\" media=\"(max-width: 1023px)\" \/><source srcset=\"https:\/\/tn.com.ar\/resizer\/v2\/lara-piro-la-abogada-del-futbolista-confirmo-a-tn-show-que-su-cliente-acusara-formalmente-a-la-empresaria-por-ser-la-autora-del-escandalo-foto-instagram-mauroicardi-wandanara-HERSJFRZCBFNFLRRKLT7JGCZ2A.jpg?auth=6b8c451f36c51863dab86e110509d067ce31c1d3a6d6aca51666a724937d65d3&amp;width=1440\" type=\"image\/jpg\" \/><img loading=\"lazy\" decoding=\"async\" class=\"image content-image image_placeholder\" src=\"https:\/\/tn.com.ar\/resizer\/v2\/lara-piro-la-abogada-del-futbolista-confirmo-a-tn-show-que-su-cliente-acusara-formalmente-a-la-empresaria-por-ser-la-autora-del-escandalo-foto-instagram-mauroicardi-wandanara-HERSJFRZCBFNFLRRKLT7JGCZ2A.jpg?auth=6b8c451f36c51863dab86e110509d067ce31c1d3a6d6aca51666a724937d65d3&amp;width=767\" alt=\"Lara Piro, la abogada del futbolista confirm\u00f3 a TN Show que su cliente acusar\u00e1 formalmente a la empresaria por ser la autora del esc\u00e1ndalo. (Foto: Instagram \/ mauroicardi, wanda_nara)\" width=\"767\" height=\"430\" data-testid=\"loading-testid\" \/><\/picture><\/div><figcaption class=\"caption_image\" data-testid=\"figcaption-testid\">\n<div class=\"image_caption \">Lara Piro, la abogada del futbolista confirm\u00f3 a TN Show que su cliente acusar\u00e1 formalmente a la empresaria por ser la autora del esc\u00e1ndalo. (Foto: Instagram \/ mauroicardi, wanda_nara)<\/div>\n<\/figcaption><\/figure>\n<p class=\"paragraph font__body-regular\">Aunque en su primera reacci\u00f3n el futbolista se\u00f1al\u00f3 que el tape estaba \u201cmal editado\u201d, su pareja, la\u00a0<a title=\"https:\/\/tn.com.ar\/show\/famosos\/2025\/07\/24\/wanda-nara-demandara-a-graciela-alfano-por-acusarla-de-filtrar-el-video-intimo-de-mauro-icardi\/\" href=\"https:\/\/tn.com.ar\/show\/famosos\/2025\/07\/24\/wanda-nara-demandara-a-graciela-alfano-por-acusarla-de-filtrar-el-video-intimo-de-mauro-icardi\/\" rel=\"\">China Su\u00e1rez, habl\u00f3 con Graciela Alfano<\/a>\u00a0este jueves y explic\u00f3 que este material es de vieja data:\u00a0<b>se lo envi\u00f3 el deportista a la empresaria en 2023, como parte de una din\u00e1mica privada entre pareja.<\/b><\/p>\n<p class=\"paragraph font__body-regular\">Por ende, Icardi infiere que\u00a0<b>Wanda facilit\u00f3 este material a Natasha<\/b>, con el \u00e1nimo de humillarlo p\u00fablicamente y perjudicar su actual relaci\u00f3n con la int\u00e9rprete de\u00a0<i>Linda<\/i>.<\/p>\n<p class=\"paragraph font__body-regular\">En suelo patrio la pena por este delito es de 3 a 10 a\u00f1os de prisi\u00f3n. En el pa\u00eds europeo, contempla\u00a0<b>de 1 a 6 a\u00f1os de c\u00e1rcel, pero puede aumentar si entre los involucrados hubo v\u00ednculo sentimental<\/b>, lo cual ser\u00eda procedente en este caso si se efect\u00faa.<\/p>\n<\/div>\n<p><\/main><\/div>\n<aside class=\"col-right-rail right-rail\">\n<div id=\"parent-ad-slot-caja\" class=\"ad-container caja_ad \">\n<div class=\"ad-content\">\n<div id=\"ad-slot-caja\" class=\"ad-slot-caja ad-slot\" data-adtype=\"caja\" data-google-query-id=\"CPG__9_r244DFYJU3QIdTRgvjA\"><\/div>\n<\/div>\n<\/div>\n<\/aside>\n","protected":false},"excerpt":{"rendered":"<p>En las \u00faltimas horas se viraliz\u00f3 una imagen del futbolista en la tribuna del estadio del Galatasaray y su f\u00edsico caus\u00f3 debate en las redes. Durante la semana estall\u00f3 una verdadera bomba despu\u00e9s de que la vedette uruguaya Natasha Rey difundiera un video \u00edntimo que\u00a0Mauro Icardi\u00a0le habr\u00eda mandado mientras se masturbaba. Tras la viralizaci\u00f3n del [&hellip;]<\/p>\n","protected":false},"author":1,"featured_media":3461,"comment_status":"open","ping_status":"open","sticky":false,"template":"","format":"standard","meta":{"rop_custom_images_group":[],"rop_custom_messages_group":[],"rop_publish_now":"initial","rop_publish_now_accounts":[],"rop_publish_now_history":[],"rop_publish_now_status":"pending","footnotes":"","jetpack_publicize_message":"","jetpack_publicize_feature_enabled":true,"jetpack_social_post_already_shared":true,"jetpack_social_options":{"image_generator_settings":{"template":"highway","enabled":false},"version":2}},"categories":[12],"tags":[],"class_list":{"0":"post-3460","1":"post","2":"type-post","3":"status-publish","4":"format-standard","5":"has-post-thumbnail","7":"category-espectaculos"},"jetpack_publicize_connections":[],"yoast_head":"<!-- This site is optimized with the Yoast SEO plugin v27.3 - https:\/\/yoast.com\/product\/yoast-seo-wordpress\/ -->\n<title>Filtraron una foto de Mauro Icardi despu\u00e9s de los videos \u00edntimos y su aspecto llam\u00f3 la atenci\u00f3n - CLAN ESPECTACULOS<\/title>\n<meta name=\"robots\" content=\"index, follow, max-snippet:-1, max-image-preview:large, max-video-preview:-1\" \/>\n<link rel=\"canonical\" href=\"https:\/\/radioclanfm.com\/clanespectaculos\/filtraron-una-foto-de-mauro-icardi-despues-de-los-videos-intimos-y-su-aspecto-llamo-la-atencion\/\" \/>\n<meta property=\"og:locale\" content=\"es_ES\" \/>\n<meta property=\"og:type\" content=\"article\" \/>\n<meta property=\"og:title\" content=\"Filtraron una foto de Mauro Icardi despu\u00e9s de los videos \u00edntimos y su aspecto llam\u00f3 la atenci\u00f3n - CLAN ESPECTACULOS\" \/>\n<meta property=\"og:description\" content=\"En las \u00faltimas horas se viraliz\u00f3 una imagen del futbolista en la tribuna del estadio del Galatasaray y su f\u00edsico caus\u00f3 debate en las redes. Durante la semana estall\u00f3 una verdadera bomba despu\u00e9s de que la vedette uruguaya Natasha Rey difundiera un video \u00edntimo que\u00a0Mauro Icardi\u00a0le habr\u00eda mandado mientras se masturbaba. Tras la viralizaci\u00f3n del [&hellip;]\" \/>\n<meta property=\"og:url\" content=\"https:\/\/radioclanfm.com\/clanespectaculos\/filtraron-una-foto-de-mauro-icardi-despues-de-los-videos-intimos-y-su-aspecto-llamo-la-atencion\/\" \/>\n<meta property=\"og:site_name\" content=\"CLAN ESPECTACULOS\" \/>\n<meta property=\"article:publisher\" content=\"https:\/\/www.facebook.com\/clanespectaculos\/\" \/>\n<meta property=\"article:published_time\" content=\"2025-07-27T01:03:38+00:00\" \/>\n<meta property=\"og:image\" content=\"https:\/\/radioclanfm.com\/clanespectaculos\/wp-content\/uploads\/sites\/2\/2025\/07\/jEW-7W39.jpg\" \/>\n\t<meta property=\"og:image:width\" content=\"900\" \/>\n\t<meta property=\"og:image:height\" content=\"504\" \/>\n\t<meta property=\"og:image:type\" content=\"image\/jpeg\" \/>\n<meta name=\"author\" content=\"E-GRUPOCLAN\" \/>\n<meta name=\"twitter:card\" content=\"summary_large_image\" \/>\n<meta name=\"twitter:creator\" content=\"@clanespectok\" \/>\n<meta name=\"twitter:site\" content=\"@clanespectok\" \/>\n<meta name=\"twitter:label1\" content=\"Escrito por\" \/>\n\t<meta name=\"twitter:data1\" content=\"E-GRUPOCLAN\" \/>\n\t<meta name=\"twitter:label2\" content=\"Tiempo de lectura\" \/>\n\t<meta name=\"twitter:data2\" content=\"3 minutos\" \/>\n<script type=\"application\/ld+json\" class=\"yoast-schema-graph\">{\"@context\":\"https:\\\/\\\/schema.org\",\"@graph\":[{\"@type\":\"Article\",\"@id\":\"https:\\\/\\\/radioclanfm.com\\\/clanespectaculos\\\/filtraron-una-foto-de-mauro-icardi-despues-de-los-videos-intimos-y-su-aspecto-llamo-la-atencion\\\/#article\",\"isPartOf\":{\"@id\":\"https:\\\/\\\/radioclanfm.com\\\/clanespectaculos\\\/filtraron-una-foto-de-mauro-icardi-despues-de-los-videos-intimos-y-su-aspecto-llamo-la-atencion\\\/\"},\"author\":{\"name\":\"E-GRUPOCLAN\",\"@id\":\"https:\\\/\\\/radioclanfm.com\\\/clanespectaculos\\\/#\\\/schema\\\/person\\\/9734813083303230f3ad84d99171b20c\"},\"headline\":\"Filtraron una foto de Mauro Icardi despu\u00e9s de los videos \u00edntimos y su aspecto llam\u00f3 la atenci\u00f3n\",\"datePublished\":\"2025-07-27T01:03:38+00:00\",\"mainEntityOfPage\":{\"@id\":\"https:\\\/\\\/radioclanfm.com\\\/clanespectaculos\\\/filtraron-una-foto-de-mauro-icardi-despues-de-los-videos-intimos-y-su-aspecto-llamo-la-atencion\\\/\"},\"wordCount\":520,\"commentCount\":0,\"publisher\":{\"@id\":\"https:\\\/\\\/radioclanfm.com\\\/clanespectaculos\\\/#organization\"},\"image\":{\"@id\":\"https:\\\/\\\/radioclanfm.com\\\/clanespectaculos\\\/filtraron-una-foto-de-mauro-icardi-despues-de-los-videos-intimos-y-su-aspecto-llamo-la-atencion\\\/#primaryimage\"},\"thumbnailUrl\":\"https:\\\/\\\/radioclanfm.com\\\/clanespectaculos\\\/wp-content\\\/uploads\\\/sites\\\/2\\\/2025\\\/07\\\/jEW-7W39.jpg\",\"articleSection\":[\"Espectaculos\"],\"inLanguage\":\"es-AR\",\"potentialAction\":[{\"@type\":\"CommentAction\",\"name\":\"Comment\",\"target\":[\"https:\\\/\\\/radioclanfm.com\\\/clanespectaculos\\\/filtraron-una-foto-de-mauro-icardi-despues-de-los-videos-intimos-y-su-aspecto-llamo-la-atencion\\\/#respond\"]}]},{\"@type\":\"WebPage\",\"@id\":\"https:\\\/\\\/radioclanfm.com\\\/clanespectaculos\\\/filtraron-una-foto-de-mauro-icardi-despues-de-los-videos-intimos-y-su-aspecto-llamo-la-atencion\\\/\",\"url\":\"https:\\\/\\\/radioclanfm.com\\\/clanespectaculos\\\/filtraron-una-foto-de-mauro-icardi-despues-de-los-videos-intimos-y-su-aspecto-llamo-la-atencion\\\/\",\"name\":\"Filtraron una foto de Mauro Icardi despu\u00e9s de los videos \u00edntimos y su aspecto llam\u00f3 la atenci\u00f3n - CLAN ESPECTACULOS\",\"isPartOf\":{\"@id\":\"https:\\\/\\\/radioclanfm.com\\\/clanespectaculos\\\/#website\"},\"primaryImageOfPage\":{\"@id\":\"https:\\\/\\\/radioclanfm.com\\\/clanespectaculos\\\/filtraron-una-foto-de-mauro-icardi-despues-de-los-videos-intimos-y-su-aspecto-llamo-la-atencion\\\/#primaryimage\"},\"image\":{\"@id\":\"https:\\\/\\\/radioclanfm.com\\\/clanespectaculos\\\/filtraron-una-foto-de-mauro-icardi-despues-de-los-videos-intimos-y-su-aspecto-llamo-la-atencion\\\/#primaryimage\"},\"thumbnailUrl\":\"https:\\\/\\\/radioclanfm.com\\\/clanespectaculos\\\/wp-content\\\/uploads\\\/sites\\\/2\\\/2025\\\/07\\\/jEW-7W39.jpg\",\"datePublished\":\"2025-07-27T01:03:38+00:00\",\"breadcrumb\":{\"@id\":\"https:\\\/\\\/radioclanfm.com\\\/clanespectaculos\\\/filtraron-una-foto-de-mauro-icardi-despues-de-los-videos-intimos-y-su-aspecto-llamo-la-atencion\\\/#breadcrumb\"},\"inLanguage\":\"es-AR\",\"potentialAction\":[{\"@type\":\"ReadAction\",\"target\":[\"https:\\\/\\\/radioclanfm.com\\\/clanespectaculos\\\/filtraron-una-foto-de-mauro-icardi-despues-de-los-videos-intimos-y-su-aspecto-llamo-la-atencion\\\/\"]}]},{\"@type\":\"ImageObject\",\"inLanguage\":\"es-AR\",\"@id\":\"https:\\\/\\\/radioclanfm.com\\\/clanespectaculos\\\/filtraron-una-foto-de-mauro-icardi-despues-de-los-videos-intimos-y-su-aspecto-llamo-la-atencion\\\/#primaryimage\",\"url\":\"https:\\\/\\\/radioclanfm.com\\\/clanespectaculos\\\/wp-content\\\/uploads\\\/sites\\\/2\\\/2025\\\/07\\\/jEW-7W39.jpg\",\"contentUrl\":\"https:\\\/\\\/radioclanfm.com\\\/clanespectaculos\\\/wp-content\\\/uploads\\\/sites\\\/2\\\/2025\\\/07\\\/jEW-7W39.jpg\",\"width\":900,\"height\":504},{\"@type\":\"BreadcrumbList\",\"@id\":\"https:\\\/\\\/radioclanfm.com\\\/clanespectaculos\\\/filtraron-una-foto-de-mauro-icardi-despues-de-los-videos-intimos-y-su-aspecto-llamo-la-atencion\\\/#breadcrumb\",\"itemListElement\":[{\"@type\":\"ListItem\",\"position\":1,\"name\":\"Inicio\",\"item\":\"https:\\\/\\\/radioclanfm.com\\\/clanespectaculos\\\/\"},{\"@type\":\"ListItem\",\"position\":2,\"name\":\"Filtraron una foto de Mauro Icardi despu\u00e9s de los videos \u00edntimos y su aspecto llam\u00f3 la atenci\u00f3n\"}]},{\"@type\":\"WebSite\",\"@id\":\"https:\\\/\\\/radioclanfm.com\\\/clanespectaculos\\\/#website\",\"url\":\"https:\\\/\\\/radioclanfm.com\\\/clanespectaculos\\\/\",\"name\":\"CLAN ESPECTACULOS\",\"description\":\"\",\"publisher\":{\"@id\":\"https:\\\/\\\/radioclanfm.com\\\/clanespectaculos\\\/#organization\"},\"potentialAction\":[{\"@type\":\"SearchAction\",\"target\":{\"@type\":\"EntryPoint\",\"urlTemplate\":\"https:\\\/\\\/radioclanfm.com\\\/clanespectaculos\\\/?s={search_term_string}\"},\"query-input\":{\"@type\":\"PropertyValueSpecification\",\"valueRequired\":true,\"valueName\":\"search_term_string\"}}],\"inLanguage\":\"es-AR\"},{\"@type\":\"Organization\",\"@id\":\"https:\\\/\\\/radioclanfm.com\\\/clanespectaculos\\\/#organization\",\"name\":\"CLAN ESPECTACULOS\",\"url\":\"https:\\\/\\\/radioclanfm.com\\\/clanespectaculos\\\/\",\"logo\":{\"@type\":\"ImageObject\",\"inLanguage\":\"es-AR\",\"@id\":\"https:\\\/\\\/radioclanfm.com\\\/clanespectaculos\\\/#\\\/schema\\\/logo\\\/image\\\/\",\"url\":\"https:\\\/\\\/radioclanfm.com\\\/clanespectaculos\\\/wp-content\\\/uploads\\\/sites\\\/2\\\/2026\\\/04\\\/ChatGPT-Image-23-mar-2026-10_09_00.png\",\"contentUrl\":\"https:\\\/\\\/radioclanfm.com\\\/clanespectaculos\\\/wp-content\\\/uploads\\\/sites\\\/2\\\/2026\\\/04\\\/ChatGPT-Image-23-mar-2026-10_09_00.png\",\"width\":1024,\"height\":1024,\"caption\":\"CLAN ESPECTACULOS\"},\"image\":{\"@id\":\"https:\\\/\\\/radioclanfm.com\\\/clanespectaculos\\\/#\\\/schema\\\/logo\\\/image\\\/\"},\"sameAs\":[\"https:\\\/\\\/www.facebook.com\\\/clanespectaculos\\\/\",\"https:\\\/\\\/x.com\\\/clanespectok\"]},{\"@type\":\"Person\",\"@id\":\"https:\\\/\\\/radioclanfm.com\\\/clanespectaculos\\\/#\\\/schema\\\/person\\\/9734813083303230f3ad84d99171b20c\",\"name\":\"E-GRUPOCLAN\",\"image\":{\"@type\":\"ImageObject\",\"inLanguage\":\"es-AR\",\"@id\":\"https:\\\/\\\/secure.gravatar.com\\\/avatar\\\/af6e19837c3d6a212034a48c7b3818d2ac1826f6025df0155da5a186ad321d79?s=96&d=mm&r=g\",\"url\":\"https:\\\/\\\/secure.gravatar.com\\\/avatar\\\/af6e19837c3d6a212034a48c7b3818d2ac1826f6025df0155da5a186ad321d79?s=96&d=mm&r=g\",\"contentUrl\":\"https:\\\/\\\/secure.gravatar.com\\\/avatar\\\/af6e19837c3d6a212034a48c7b3818d2ac1826f6025df0155da5a186ad321d79?s=96&d=mm&r=g\",\"caption\":\"E-GRUPOCLAN\"},\"sameAs\":[\"https:\\\/\\\/radioclanfm.com\"],\"url\":\"https:\\\/\\\/radioclanfm.com\\\/clanespectaculos\\\/author\\\/admin\\\/\"}]}<\/script>\n<!-- \/ Yoast SEO plugin. -->","yoast_head_json":{"title":"Filtraron una foto de Mauro Icardi despu\u00e9s de los videos \u00edntimos y su aspecto llam\u00f3 la atenci\u00f3n - CLAN ESPECTACULOS","robots":{"index":"index","follow":"follow","max-snippet":"max-snippet:-1","max-image-preview":"max-image-preview:large","max-video-preview":"max-video-preview:-1"},"canonical":"https:\/\/radioclanfm.com\/clanespectaculos\/filtraron-una-foto-de-mauro-icardi-despues-de-los-videos-intimos-y-su-aspecto-llamo-la-atencion\/","og_locale":"es_ES","og_type":"article","og_title":"Filtraron una foto de Mauro Icardi despu\u00e9s de los videos \u00edntimos y su aspecto llam\u00f3 la atenci\u00f3n - CLAN ESPECTACULOS","og_description":"En las \u00faltimas horas se viraliz\u00f3 una imagen del futbolista en la tribuna del estadio del Galatasaray y su f\u00edsico caus\u00f3 debate en las redes. Durante la semana estall\u00f3 una verdadera bomba despu\u00e9s de que la vedette uruguaya Natasha Rey difundiera un video \u00edntimo que\u00a0Mauro Icardi\u00a0le habr\u00eda mandado mientras se masturbaba. Tras la viralizaci\u00f3n del [&hellip;]","og_url":"https:\/\/radioclanfm.com\/clanespectaculos\/filtraron-una-foto-de-mauro-icardi-despues-de-los-videos-intimos-y-su-aspecto-llamo-la-atencion\/","og_site_name":"CLAN ESPECTACULOS","article_publisher":"https:\/\/www.facebook.com\/clanespectaculos\/","article_published_time":"2025-07-27T01:03:38+00:00","og_image":[{"width":900,"height":504,"url":"https:\/\/radioclanfm.com\/clanespectaculos\/wp-content\/uploads\/sites\/2\/2025\/07\/jEW-7W39.jpg","type":"image\/jpeg"}],"author":"E-GRUPOCLAN","twitter_card":"summary_large_image","twitter_creator":"@clanespectok","twitter_site":"@clanespectok","twitter_misc":{"Escrito por":"E-GRUPOCLAN","Tiempo de lectura":"3 minutos"},"schema":{"@context":"https:\/\/schema.org","@graph":[{"@type":"Article","@id":"https:\/\/radioclanfm.com\/clanespectaculos\/filtraron-una-foto-de-mauro-icardi-despues-de-los-videos-intimos-y-su-aspecto-llamo-la-atencion\/#article","isPartOf":{"@id":"https:\/\/radioclanfm.com\/clanespectaculos\/filtraron-una-foto-de-mauro-icardi-despues-de-los-videos-intimos-y-su-aspecto-llamo-la-atencion\/"},"author":{"name":"E-GRUPOCLAN","@id":"https:\/\/radioclanfm.com\/clanespectaculos\/#\/schema\/person\/9734813083303230f3ad84d99171b20c"},"headline":"Filtraron una foto de Mauro Icardi despu\u00e9s de los videos \u00edntimos y su aspecto llam\u00f3 la atenci\u00f3n","datePublished":"2025-07-27T01:03:38+00:00","mainEntityOfPage":{"@id":"https:\/\/radioclanfm.com\/clanespectaculos\/filtraron-una-foto-de-mauro-icardi-despues-de-los-videos-intimos-y-su-aspecto-llamo-la-atencion\/"},"wordCount":520,"commentCount":0,"publisher":{"@id":"https:\/\/radioclanfm.com\/clanespectaculos\/#organization"},"image":{"@id":"https:\/\/radioclanfm.com\/clanespectaculos\/filtraron-una-foto-de-mauro-icardi-despues-de-los-videos-intimos-y-su-aspecto-llamo-la-atencion\/#primaryimage"},"thumbnailUrl":"https:\/\/radioclanfm.com\/clanespectaculos\/wp-content\/uploads\/sites\/2\/2025\/07\/jEW-7W39.jpg","articleSection":["Espectaculos"],"inLanguage":"es-AR","potentialAction":[{"@type":"CommentAction","name":"Comment","target":["https:\/\/radioclanfm.com\/clanespectaculos\/filtraron-una-foto-de-mauro-icardi-despues-de-los-videos-intimos-y-su-aspecto-llamo-la-atencion\/#respond"]}]},{"@type":"WebPage","@id":"https:\/\/radioclanfm.com\/clanespectaculos\/filtraron-una-foto-de-mauro-icardi-despues-de-los-videos-intimos-y-su-aspecto-llamo-la-atencion\/","url":"https:\/\/radioclanfm.com\/clanespectaculos\/filtraron-una-foto-de-mauro-icardi-despues-de-los-videos-intimos-y-su-aspecto-llamo-la-atencion\/","name":"Filtraron una foto de Mauro Icardi despu\u00e9s de los videos \u00edntimos y su aspecto llam\u00f3 la atenci\u00f3n - CLAN ESPECTACULOS","isPartOf":{"@id":"https:\/\/radioclanfm.com\/clanespectaculos\/#website"},"primaryImageOfPage":{"@id":"https:\/\/radioclanfm.com\/clanespectaculos\/filtraron-una-foto-de-mauro-icardi-despues-de-los-videos-intimos-y-su-aspecto-llamo-la-atencion\/#primaryimage"},"image":{"@id":"https:\/\/radioclanfm.com\/clanespectaculos\/filtraron-una-foto-de-mauro-icardi-despues-de-los-videos-intimos-y-su-aspecto-llamo-la-atencion\/#primaryimage"},"thumbnailUrl":"https:\/\/radioclanfm.com\/clanespectaculos\/wp-content\/uploads\/sites\/2\/2025\/07\/jEW-7W39.jpg","datePublished":"2025-07-27T01:03:38+00:00","breadcrumb":{"@id":"https:\/\/radioclanfm.com\/clanespectaculos\/filtraron-una-foto-de-mauro-icardi-despues-de-los-videos-intimos-y-su-aspecto-llamo-la-atencion\/#breadcrumb"},"inLanguage":"es-AR","potentialAction":[{"@type":"ReadAction","target":["https:\/\/radioclanfm.com\/clanespectaculos\/filtraron-una-foto-de-mauro-icardi-despues-de-los-videos-intimos-y-su-aspecto-llamo-la-atencion\/"]}]},{"@type":"ImageObject","inLanguage":"es-AR","@id":"https:\/\/radioclanfm.com\/clanespectaculos\/filtraron-una-foto-de-mauro-icardi-despues-de-los-videos-intimos-y-su-aspecto-llamo-la-atencion\/#primaryimage","url":"https:\/\/radioclanfm.com\/clanespectaculos\/wp-content\/uploads\/sites\/2\/2025\/07\/jEW-7W39.jpg","contentUrl":"https:\/\/radioclanfm.com\/clanespectaculos\/wp-content\/uploads\/sites\/2\/2025\/07\/jEW-7W39.jpg","width":900,"height":504},{"@type":"BreadcrumbList","@id":"https:\/\/radioclanfm.com\/clanespectaculos\/filtraron-una-foto-de-mauro-icardi-despues-de-los-videos-intimos-y-su-aspecto-llamo-la-atencion\/#breadcrumb","itemListElement":[{"@type":"ListItem","position":1,"name":"Inicio","item":"https:\/\/radioclanfm.com\/clanespectaculos\/"},{"@type":"ListItem","position":2,"name":"Filtraron una foto de Mauro Icardi despu\u00e9s de los videos \u00edntimos y su aspecto llam\u00f3 la atenci\u00f3n"}]},{"@type":"WebSite","@id":"https:\/\/radioclanfm.com\/clanespectaculos\/#website","url":"https:\/\/radioclanfm.com\/clanespectaculos\/","name":"CLAN ESPECTACULOS","description":"","publisher":{"@id":"https:\/\/radioclanfm.com\/clanespectaculos\/#organization"},"potentialAction":[{"@type":"SearchAction","target":{"@type":"EntryPoint","urlTemplate":"https:\/\/radioclanfm.com\/clanespectaculos\/?s={search_term_string}"},"query-input":{"@type":"PropertyValueSpecification","valueRequired":true,"valueName":"search_term_string"}}],"inLanguage":"es-AR"},{"@type":"Organization","@id":"https:\/\/radioclanfm.com\/clanespectaculos\/#organization","name":"CLAN ESPECTACULOS","url":"https:\/\/radioclanfm.com\/clanespectaculos\/","logo":{"@type":"ImageObject","inLanguage":"es-AR","@id":"https:\/\/radioclanfm.com\/clanespectaculos\/#\/schema\/logo\/image\/","url":"https:\/\/radioclanfm.com\/clanespectaculos\/wp-content\/uploads\/sites\/2\/2026\/04\/ChatGPT-Image-23-mar-2026-10_09_00.png","contentUrl":"https:\/\/radioclanfm.com\/clanespectaculos\/wp-content\/uploads\/sites\/2\/2026\/04\/ChatGPT-Image-23-mar-2026-10_09_00.png","width":1024,"height":1024,"caption":"CLAN ESPECTACULOS"},"image":{"@id":"https:\/\/radioclanfm.com\/clanespectaculos\/#\/schema\/logo\/image\/"},"sameAs":["https:\/\/www.facebook.com\/clanespectaculos\/","https:\/\/x.com\/clanespectok"]},{"@type":"Person","@id":"https:\/\/radioclanfm.com\/clanespectaculos\/#\/schema\/person\/9734813083303230f3ad84d99171b20c","name":"E-GRUPOCLAN","image":{"@type":"ImageObject","inLanguage":"es-AR","@id":"https:\/\/secure.gravatar.com\/avatar\/af6e19837c3d6a212034a48c7b3818d2ac1826f6025df0155da5a186ad321d79?s=96&d=mm&r=g","url":"https:\/\/secure.gravatar.com\/avatar\/af6e19837c3d6a212034a48c7b3818d2ac1826f6025df0155da5a186ad321d79?s=96&d=mm&r=g","contentUrl":"https:\/\/secure.gravatar.com\/avatar\/af6e19837c3d6a212034a48c7b3818d2ac1826f6025df0155da5a186ad321d79?s=96&d=mm&r=g","caption":"E-GRUPOCLAN"},"sameAs":["https:\/\/radioclanfm.com"],"url":"https:\/\/radioclanfm.com\/clanespectaculos\/author\/admin\/"}]}},"_links":{"self":[{"href":"https:\/\/radioclanfm.com\/clanespectaculos\/wp-json\/wp\/v2\/posts\/3460","targetHints":{"allow":["GET"]}}],"collection":[{"href":"https:\/\/radioclanfm.com\/clanespectaculos\/wp-json\/wp\/v2\/posts"}],"about":[{"href":"https:\/\/radioclanfm.com\/clanespectaculos\/wp-json\/wp\/v2\/types\/post"}],"author":[{"embeddable":true,"href":"https:\/\/radioclanfm.com\/clanespectaculos\/wp-json\/wp\/v2\/users\/1"}],"replies":[{"embeddable":true,"href":"https:\/\/radioclanfm.com\/clanespectaculos\/wp-json\/wp\/v2\/comments?post=3460"}],"version-history":[{"count":1,"href":"https:\/\/radioclanfm.com\/clanespectaculos\/wp-json\/wp\/v2\/posts\/3460\/revisions"}],"predecessor-version":[{"id":3462,"href":"https:\/\/radioclanfm.com\/clanespectaculos\/wp-json\/wp\/v2\/posts\/3460\/revisions\/3462"}],"wp:featuredmedia":[{"embeddable":true,"href":"https:\/\/radioclanfm.com\/clanespectaculos\/wp-json\/wp\/v2\/media\/3461"}],"wp:attachment":[{"href":"https:\/\/radioclanfm.com\/clanespectaculos\/wp-json\/wp\/v2\/media?parent=3460"}],"wp:term":[{"taxonomy":"category","embeddable":true,"href":"https:\/\/radioclanfm.com\/clanespectaculos\/wp-json\/wp\/v2\/categories?post=3460"},{"taxonomy":"post_tag","embeddable":true,"href":"https:\/\/radioclanfm.com\/clanespectaculos\/wp-json\/wp\/v2\/tags?post=3460"}],"curies":[{"name":"wp","href":"https:\/\/api.w.org\/{rel}","templated":true}]}}