{"id":3453,"date":"2025-07-25T09:44:20","date_gmt":"2025-07-25T12:44:20","guid":{"rendered":"https:\/\/radioclanfm.com\/clanespectaculos\/?p=3453"},"modified":"2025-07-25T09:44:20","modified_gmt":"2025-07-25T12:44:20","slug":"asi-reaccionaron-los-medios-turcos-a-la-filtracion-de-un-supuesto-video-explicito-de-mauro-icardi","status":"publish","type":"post","link":"https:\/\/radioclanfm.com\/clanespectaculos\/asi-reaccionaron-los-medios-turcos-a-la-filtracion-de-un-supuesto-video-explicito-de-mauro-icardi\/","title":{"rendered":"As\u00ed reaccionaron los medios turcos a la filtraci\u00f3n de un supuesto video expl\u00edcito de Mauro Icardi"},"content":{"rendered":"<p>El delantero del Galatasaray qued\u00f3 en medio del foco medi\u00e1tico por im\u00e1genes expl\u00edcitas con una supuesta amante.<\/p>\n<div class=\"col-content\"><main class=\"col-content\"><\/p>\n<div class=\"default-article-color article__body article__article\">\n<p class=\"paragraph font__body-regular\"><b>Mauro Icardi<\/b>\u00a0qued\u00f3 comprometido en las redes luego de que una influencer filtrara un video en el que supuestamente se lo ve en una<b>\u00a0pose sexualmente expl\u00edcita.<\/b><\/p>\n<div id=\"ad-slot-infeed\" class=\"infeed-container ad-slot-infeed ad-slot\" data-adtype=\"infeed\" data-google-query-id=\"CIOH_s6E2I4DFeaDYQYd9ns8lA\">\n<div id=\"google_ads_iframe_\/113951150\/tn-arc\/nota\/infeed_0__container__\"><\/div>\n<\/div>\n<p class=\"paragraph font__body-regular\">A partir de la repercusi\u00f3n de las im\u00e1genes, los medios de\u00a0<b>Turqu\u00eda<\/b>, el pa\u00eds donde vive y juega para el Galatasaray,\u00a0<b>reaccionaron con algunas cr\u00edticas.<\/b><\/p>\n<p class=\"paragraph font__body-regular\"><b>\u201cNervios a flor de piel\u201d<\/b>, expuso el medio\u00a0<i>Onedio<\/i>, que ubic\u00f3 al tema de Mauro Icardi entre sus principales noticias de la home principal.<\/p>\n<p class=\"paragraph font__body-regular\">Otro de los diarios m\u00e1s le\u00eddos de Turqu\u00eda, el\u00a0<i>Haber Gazete<\/i>, tambi\u00e9n desliz\u00f3 su opini\u00f3n acerca de la situaci\u00f3n del delantero.<b>\u00a0\u201c\u00a1Icardi est\u00e1 en problemas con las mujeres otra vez!\u201c<\/b>, exclam\u00f3, en la nota en la que habl\u00f3 del video.<\/p>\n<figure class=\"\" data-testid=\"figure-testid\">\n<div class=\"aspect_ratio__container\"><picture class=\"responsive-image\"><source srcset=\"https:\/\/tn.com.ar\/resizer\/v2\/los-medios-turcos-estan-al-dia-con-el-escandalo-mediatico-de-mauro-icardi-foto-captura-de-la-web-de-haber-gazete-GLXUSUWXSVEABMR5TYCAGTHXKM.JPG?auth=25695e114093db5940fb695e6712b41a99059e9cf0c07d62ec5d32be310d9897&amp;width=767\" type=\"image\/jpg\" media=\"(max-width: 728px)\" \/><source srcset=\"https:\/\/tn.com.ar\/resizer\/v2\/los-medios-turcos-estan-al-dia-con-el-escandalo-mediatico-de-mauro-icardi-foto-captura-de-la-web-de-haber-gazete-GLXUSUWXSVEABMR5TYCAGTHXKM.JPG?auth=25695e114093db5940fb695e6712b41a99059e9cf0c07d62ec5d32be310d9897&amp;width=1023\" type=\"image\/jpg\" media=\"(max-width: 1023px)\" \/><source srcset=\"https:\/\/tn.com.ar\/resizer\/v2\/los-medios-turcos-estan-al-dia-con-el-escandalo-mediatico-de-mauro-icardi-foto-captura-de-la-web-de-haber-gazete-GLXUSUWXSVEABMR5TYCAGTHXKM.JPG?auth=25695e114093db5940fb695e6712b41a99059e9cf0c07d62ec5d32be310d9897&amp;width=1440\" type=\"image\/jpg\" \/><img loading=\"lazy\" decoding=\"async\" class=\"image content-image image_placeholder\" src=\"https:\/\/tn.com.ar\/resizer\/v2\/los-medios-turcos-estan-al-dia-con-el-escandalo-mediatico-de-mauro-icardi-foto-captura-de-la-web-de-haber-gazete-GLXUSUWXSVEABMR5TYCAGTHXKM.JPG?auth=25695e114093db5940fb695e6712b41a99059e9cf0c07d62ec5d32be310d9897&amp;width=767\" alt=\"Los medios turcos est\u00e1n al d\u00eda con el esc\u00e1ndalo medi\u00e1tico de Mauro Icardi. (Foto: captura de la web de Haber Gazete)\" width=\"767\" height=\"1069\" data-testid=\"loading-testid\" \/><\/picture><\/div><figcaption class=\"caption_image\" data-testid=\"figcaption-testid\">\n<div class=\"image_caption \">Los medios turcos est\u00e1n al d\u00eda con el esc\u00e1ndalo medi\u00e1tico de Mauro Icardi. (Foto: captura de la web de Haber Gazete)<\/div>\n<\/figcaption><\/figure>\n<p class=\"paragraph font__body-regular\">Adem\u00e1s, los principales medios deportivos tambi\u00e9n quedaron revolucionados por la publicaci\u00f3n de Icardi<b>\u00a0en el que se burl\u00f3 de las cr\u00edticas por su peso.<\/b><\/p>\n<p class=\"paragraph font__body-regular\">El tema hab\u00eda salido del debate que se gener\u00f3 a trav\u00e9s de los diarios y la respuesta del delantero\u00a0<b>no cay\u00f3 tan bien\u00a0<\/b>entre los periodistas,<b>\u00a0a pesar del cari\u00f1o que recibe el futbolista<\/b>\u00a0entre los hinchas.<\/p>\n<h2 class=\"font--primary font__display\">La reacci\u00f3n de Mauro Icardi ante la publicaci\u00f3n de un video expl\u00edcito<\/h2>\n<p class=\"paragraph font__body-regular\"><b>Mauro Icardi<\/b>\u00a0apareci\u00f3 este jueves por la ma\u00f1ana en sus redes sociales luego de que\u00a0<b>Natasha Rey<\/b>\u00a0difundiera un supuesto video \u00edntimo que le habr\u00eda enviado el futbolista.<\/p>\n<p class=\"paragraph font__body-regular\">\u201cSi van a editar y filtrar por lo menos editen y<b>\u00a0h\u00e1ganlo m\u00e1s cre\u00edble<\/b>. Tranquilos que no me ofende\u201d, escribi\u00f3 en la historia de Instagram que comparti\u00f3.<\/p>\n<figure class=\"\" data-testid=\"figure-testid\">\n<div class=\"aspect_ratio__container\"><picture class=\"responsive-image\"><source srcset=\"https:\/\/tn.com.ar\/resizer\/v2\/la-foto-explicita-que-publico-mauro-icardi-foto-instagrammauroicardi-JM3JSS2UUZD3LGEGQ2ZZFI5IPY.jpeg?auth=4e660146e42d3ab98347e4b58a75c8211600bceb3a587fe5a36a44507390883a&amp;width=767\" type=\"image\/jpg\" media=\"(max-width: 728px)\" \/><source srcset=\"https:\/\/tn.com.ar\/resizer\/v2\/la-foto-explicita-que-publico-mauro-icardi-foto-instagrammauroicardi-JM3JSS2UUZD3LGEGQ2ZZFI5IPY.jpeg?auth=4e660146e42d3ab98347e4b58a75c8211600bceb3a587fe5a36a44507390883a&amp;width=1023\" type=\"image\/jpg\" media=\"(max-width: 1023px)\" \/><source srcset=\"https:\/\/tn.com.ar\/resizer\/v2\/la-foto-explicita-que-publico-mauro-icardi-foto-instagrammauroicardi-JM3JSS2UUZD3LGEGQ2ZZFI5IPY.jpeg?auth=4e660146e42d3ab98347e4b58a75c8211600bceb3a587fe5a36a44507390883a&amp;width=1440\" type=\"image\/jpg\" \/><img loading=\"lazy\" decoding=\"async\" class=\"image content-image image_placeholder\" src=\"https:\/\/tn.com.ar\/resizer\/v2\/la-foto-explicita-que-publico-mauro-icardi-foto-instagrammauroicardi-JM3JSS2UUZD3LGEGQ2ZZFI5IPY.jpeg?auth=4e660146e42d3ab98347e4b58a75c8211600bceb3a587fe5a36a44507390883a&amp;width=767\" alt=\"La foto expl\u00edcita que public\u00f3 Mauro Icardi. (Foto: Instagram\/mauroicardi)\" width=\"767\" height=\"1361\" data-testid=\"loading-testid\" \/><\/picture><\/div><figcaption class=\"caption_image\" data-testid=\"figcaption-testid\">\n<div class=\"image_caption \">La foto expl\u00edcita que public\u00f3 Mauro Icardi. (Foto: Instagram\/mauroicardi)<\/div>\n<\/figcaption><\/figure>\n<p class=\"paragraph font__body-regular\"><b>\u201cSean competentes, no baratitos\u201d<\/b>, lanz\u00f3 Mauro sin filtros junto a una imagen expl\u00edcita con la que presumi\u00f3 su zona \u00edntima luego de las burlas que recibi\u00f3 en las redes.<\/p>\n<p class=\"paragraph font__body-regular\">Adem\u00e1s, para\u00a0<b>bajarle el tono<\/b>\u00a0a la sugerente foto, Icardi cerr\u00f3 su posteo haciendo referencia a uno de los partidos que gan\u00f3 con el Galatasaray. \u201cQu\u00e9 victoria en Old Trafford, Manchester\u201d, expres\u00f3.<\/p>\n<figure class=\"\" data-testid=\"figure-testid\">\n<div class=\"aspect_ratio__container\"><picture class=\"responsive-image\"><source srcset=\"https:\/\/tn.com.ar\/resizer\/v2\/mauro-icardi-dio-vuelta-a-las-acusaciones-de-natasha-rey-con-un-sorprendente-posteo-en-sus-redes-foto-instagram-mauroicardi-I4F4KP7RDVC47G7LV4MX6OXQQU.png?auth=0e5378cf8352e65154dfaa4de94f05bf308953418a770de338b1133c0bab654d&amp;width=767\" type=\"image\/jpg\" media=\"(max-width: 728px)\" \/><source srcset=\"https:\/\/tn.com.ar\/resizer\/v2\/mauro-icardi-dio-vuelta-a-las-acusaciones-de-natasha-rey-con-un-sorprendente-posteo-en-sus-redes-foto-instagram-mauroicardi-I4F4KP7RDVC47G7LV4MX6OXQQU.png?auth=0e5378cf8352e65154dfaa4de94f05bf308953418a770de338b1133c0bab654d&amp;width=1023\" type=\"image\/jpg\" media=\"(max-width: 1023px)\" \/><source srcset=\"https:\/\/tn.com.ar\/resizer\/v2\/mauro-icardi-dio-vuelta-a-las-acusaciones-de-natasha-rey-con-un-sorprendente-posteo-en-sus-redes-foto-instagram-mauroicardi-I4F4KP7RDVC47G7LV4MX6OXQQU.png?auth=0e5378cf8352e65154dfaa4de94f05bf308953418a770de338b1133c0bab654d&amp;width=1440\" type=\"image\/jpg\" \/><img loading=\"lazy\" decoding=\"async\" class=\"image content-image image_placeholder\" src=\"https:\/\/tn.com.ar\/resizer\/v2\/mauro-icardi-dio-vuelta-a-las-acusaciones-de-natasha-rey-con-un-sorprendente-posteo-en-sus-redes-foto-instagram-mauroicardi-I4F4KP7RDVC47G7LV4MX6OXQQU.png?auth=0e5378cf8352e65154dfaa4de94f05bf308953418a770de338b1133c0bab654d&amp;width=767\" alt=\"Mauro Icardi dio vuelta a las acusaciones de Natasha Rey con un sorprendente posteo en sus redes. (Foto: Instagram \/ mauroicardi)\" width=\"767\" height=\"1361\" data-testid=\"loading-testid\" \/><\/picture><\/div><figcaption class=\"caption_image\" data-testid=\"figcaption-testid\">\n<div class=\"image_caption \">Mauro Icardi dio vuelta a las acusaciones de Natasha Rey con un sorprendente posteo en sus redes. (Foto: Instagram \/ mauroicardi)<\/div>\n<\/figcaption><\/figure>\n<p class=\"paragraph font__body-regular\">De esa manera, Mauro eligi\u00f3 no quedarse callado ante los\u00a0<b>repudiables comentarios\u00a0<\/b>que circularon en las redes sociales donde hac\u00edan referencia al tama\u00f1o de sus partes \u00edntimas.<\/p>\n<p class=\"paragraph font__body-regular\">El\u00a0<b>video que se difundi\u00f3<\/b>\u00a0expone presuntamente al delantero practicando la autosatisfacci\u00f3n. Natasha Rey, la encargada de difundirlo, recrimin\u00f3 que \u00e9l ten\u00eda \u201cun micro pene\u201d y por eso se desencadenaron las burlas.<\/p>\n<\/div>\n<p><\/main><\/div>\n<aside class=\"col-right-rail right-rail\">\n<div id=\"parent-ad-slot-caja\" class=\"ad-container caja_ad \">\n<div class=\"ad-content\">\n<div id=\"ad-slot-caja\" class=\"ad-slot-caja ad-slot\" data-adtype=\"caja\" data-google-query-id=\"CNz_982E2I4DFVaFYQYdt4IIZQ\"><\/div>\n<\/div>\n<\/div>\n<\/aside>\n","protected":false},"excerpt":{"rendered":"<p>El delantero del Galatasaray qued\u00f3 en medio del foco medi\u00e1tico por im\u00e1genes expl\u00edcitas con una supuesta amante. Mauro Icardi\u00a0qued\u00f3 comprometido en las redes luego de que una influencer filtrara un video en el que supuestamente se lo ve en una\u00a0pose sexualmente expl\u00edcita. A partir de la repercusi\u00f3n de las im\u00e1genes, los medios de\u00a0Turqu\u00eda, el pa\u00eds [&hellip;]<\/p>\n","protected":false},"author":1,"featured_media":3454,"comment_status":"open","ping_status":"open","sticky":false,"template":"","format":"standard","meta":{"rop_custom_images_group":[],"rop_custom_messages_group":[],"rop_publish_now":"initial","rop_publish_now_accounts":[],"rop_publish_now_history":[],"rop_publish_now_status":"pending","footnotes":"","jetpack_publicize_message":"","jetpack_publicize_feature_enabled":true,"jetpack_social_post_already_shared":true,"jetpack_social_options":{"image_generator_settings":{"template":"highway","enabled":false},"version":2}},"categories":[12],"tags":[],"class_list":{"0":"post-3453","1":"post","2":"type-post","3":"status-publish","4":"format-standard","5":"has-post-thumbnail","7":"category-espectaculos"},"jetpack_publicize_connections":[],"yoast_head":"<!-- This site is optimized with the Yoast SEO plugin v27.3 - https:\/\/yoast.com\/product\/yoast-seo-wordpress\/ -->\n<title>As\u00ed reaccionaron los medios turcos a la filtraci\u00f3n de un supuesto video expl\u00edcito de Mauro Icardi - CLAN ESPECTACULOS<\/title>\n<meta name=\"robots\" content=\"index, follow, max-snippet:-1, max-image-preview:large, max-video-preview:-1\" \/>\n<link rel=\"canonical\" href=\"https:\/\/radioclanfm.com\/clanespectaculos\/asi-reaccionaron-los-medios-turcos-a-la-filtracion-de-un-supuesto-video-explicito-de-mauro-icardi\/\" \/>\n<meta property=\"og:locale\" content=\"es_ES\" \/>\n<meta property=\"og:type\" content=\"article\" \/>\n<meta property=\"og:title\" content=\"As\u00ed reaccionaron los medios turcos a la filtraci\u00f3n de un supuesto video expl\u00edcito de Mauro Icardi - CLAN ESPECTACULOS\" \/>\n<meta property=\"og:description\" content=\"El delantero del Galatasaray qued\u00f3 en medio del foco medi\u00e1tico por im\u00e1genes expl\u00edcitas con una supuesta amante. Mauro Icardi\u00a0qued\u00f3 comprometido en las redes luego de que una influencer filtrara un video en el que supuestamente se lo ve en una\u00a0pose sexualmente expl\u00edcita. A partir de la repercusi\u00f3n de las im\u00e1genes, los medios de\u00a0Turqu\u00eda, el pa\u00eds [&hellip;]\" \/>\n<meta property=\"og:url\" content=\"https:\/\/radioclanfm.com\/clanespectaculos\/asi-reaccionaron-los-medios-turcos-a-la-filtracion-de-un-supuesto-video-explicito-de-mauro-icardi\/\" \/>\n<meta property=\"og:site_name\" content=\"CLAN ESPECTACULOS\" \/>\n<meta property=\"article:publisher\" content=\"https:\/\/www.facebook.com\/clanespectaculos\/\" \/>\n<meta property=\"article:published_time\" content=\"2025-07-25T12:44:20+00:00\" \/>\n<meta property=\"og:image\" content=\"https:\/\/radioclanfm.com\/clanespectaculos\/wp-content\/uploads\/sites\/2\/2025\/07\/zdu-fiG5.jpg\" \/>\n\t<meta property=\"og:image:width\" content=\"900\" \/>\n\t<meta property=\"og:image:height\" content=\"504\" \/>\n\t<meta property=\"og:image:type\" content=\"image\/jpeg\" \/>\n<meta name=\"author\" content=\"E-GRUPOCLAN\" \/>\n<meta name=\"twitter:card\" content=\"summary_large_image\" \/>\n<meta name=\"twitter:creator\" content=\"@clanespectok\" \/>\n<meta name=\"twitter:site\" content=\"@clanespectok\" \/>\n<meta name=\"twitter:label1\" content=\"Escrito por\" \/>\n\t<meta name=\"twitter:data1\" content=\"E-GRUPOCLAN\" \/>\n\t<meta name=\"twitter:label2\" content=\"Tiempo de lectura\" \/>\n\t<meta name=\"twitter:data2\" content=\"2 minutos\" \/>\n<script type=\"application\/ld+json\" class=\"yoast-schema-graph\">{\"@context\":\"https:\\\/\\\/schema.org\",\"@graph\":[{\"@type\":\"Article\",\"@id\":\"https:\\\/\\\/radioclanfm.com\\\/clanespectaculos\\\/asi-reaccionaron-los-medios-turcos-a-la-filtracion-de-un-supuesto-video-explicito-de-mauro-icardi\\\/#article\",\"isPartOf\":{\"@id\":\"https:\\\/\\\/radioclanfm.com\\\/clanespectaculos\\\/asi-reaccionaron-los-medios-turcos-a-la-filtracion-de-un-supuesto-video-explicito-de-mauro-icardi\\\/\"},\"author\":{\"name\":\"E-GRUPOCLAN\",\"@id\":\"https:\\\/\\\/radioclanfm.com\\\/clanespectaculos\\\/#\\\/schema\\\/person\\\/9734813083303230f3ad84d99171b20c\"},\"headline\":\"As\u00ed reaccionaron los medios turcos a la filtraci\u00f3n de un supuesto video expl\u00edcito de Mauro Icardi\",\"datePublished\":\"2025-07-25T12:44:20+00:00\",\"mainEntityOfPage\":{\"@id\":\"https:\\\/\\\/radioclanfm.com\\\/clanespectaculos\\\/asi-reaccionaron-los-medios-turcos-a-la-filtracion-de-un-supuesto-video-explicito-de-mauro-icardi\\\/\"},\"wordCount\":491,\"commentCount\":0,\"publisher\":{\"@id\":\"https:\\\/\\\/radioclanfm.com\\\/clanespectaculos\\\/#organization\"},\"image\":{\"@id\":\"https:\\\/\\\/radioclanfm.com\\\/clanespectaculos\\\/asi-reaccionaron-los-medios-turcos-a-la-filtracion-de-un-supuesto-video-explicito-de-mauro-icardi\\\/#primaryimage\"},\"thumbnailUrl\":\"https:\\\/\\\/radioclanfm.com\\\/clanespectaculos\\\/wp-content\\\/uploads\\\/sites\\\/2\\\/2025\\\/07\\\/zdu-fiG5.jpg\",\"articleSection\":[\"Espectaculos\"],\"inLanguage\":\"es-AR\",\"potentialAction\":[{\"@type\":\"CommentAction\",\"name\":\"Comment\",\"target\":[\"https:\\\/\\\/radioclanfm.com\\\/clanespectaculos\\\/asi-reaccionaron-los-medios-turcos-a-la-filtracion-de-un-supuesto-video-explicito-de-mauro-icardi\\\/#respond\"]}]},{\"@type\":\"WebPage\",\"@id\":\"https:\\\/\\\/radioclanfm.com\\\/clanespectaculos\\\/asi-reaccionaron-los-medios-turcos-a-la-filtracion-de-un-supuesto-video-explicito-de-mauro-icardi\\\/\",\"url\":\"https:\\\/\\\/radioclanfm.com\\\/clanespectaculos\\\/asi-reaccionaron-los-medios-turcos-a-la-filtracion-de-un-supuesto-video-explicito-de-mauro-icardi\\\/\",\"name\":\"As\u00ed reaccionaron los medios turcos a la filtraci\u00f3n de un supuesto video expl\u00edcito de Mauro Icardi - CLAN ESPECTACULOS\",\"isPartOf\":{\"@id\":\"https:\\\/\\\/radioclanfm.com\\\/clanespectaculos\\\/#website\"},\"primaryImageOfPage\":{\"@id\":\"https:\\\/\\\/radioclanfm.com\\\/clanespectaculos\\\/asi-reaccionaron-los-medios-turcos-a-la-filtracion-de-un-supuesto-video-explicito-de-mauro-icardi\\\/#primaryimage\"},\"image\":{\"@id\":\"https:\\\/\\\/radioclanfm.com\\\/clanespectaculos\\\/asi-reaccionaron-los-medios-turcos-a-la-filtracion-de-un-supuesto-video-explicito-de-mauro-icardi\\\/#primaryimage\"},\"thumbnailUrl\":\"https:\\\/\\\/radioclanfm.com\\\/clanespectaculos\\\/wp-content\\\/uploads\\\/sites\\\/2\\\/2025\\\/07\\\/zdu-fiG5.jpg\",\"datePublished\":\"2025-07-25T12:44:20+00:00\",\"breadcrumb\":{\"@id\":\"https:\\\/\\\/radioclanfm.com\\\/clanespectaculos\\\/asi-reaccionaron-los-medios-turcos-a-la-filtracion-de-un-supuesto-video-explicito-de-mauro-icardi\\\/#breadcrumb\"},\"inLanguage\":\"es-AR\",\"potentialAction\":[{\"@type\":\"ReadAction\",\"target\":[\"https:\\\/\\\/radioclanfm.com\\\/clanespectaculos\\\/asi-reaccionaron-los-medios-turcos-a-la-filtracion-de-un-supuesto-video-explicito-de-mauro-icardi\\\/\"]}]},{\"@type\":\"ImageObject\",\"inLanguage\":\"es-AR\",\"@id\":\"https:\\\/\\\/radioclanfm.com\\\/clanespectaculos\\\/asi-reaccionaron-los-medios-turcos-a-la-filtracion-de-un-supuesto-video-explicito-de-mauro-icardi\\\/#primaryimage\",\"url\":\"https:\\\/\\\/radioclanfm.com\\\/clanespectaculos\\\/wp-content\\\/uploads\\\/sites\\\/2\\\/2025\\\/07\\\/zdu-fiG5.jpg\",\"contentUrl\":\"https:\\\/\\\/radioclanfm.com\\\/clanespectaculos\\\/wp-content\\\/uploads\\\/sites\\\/2\\\/2025\\\/07\\\/zdu-fiG5.jpg\",\"width\":900,\"height\":504},{\"@type\":\"BreadcrumbList\",\"@id\":\"https:\\\/\\\/radioclanfm.com\\\/clanespectaculos\\\/asi-reaccionaron-los-medios-turcos-a-la-filtracion-de-un-supuesto-video-explicito-de-mauro-icardi\\\/#breadcrumb\",\"itemListElement\":[{\"@type\":\"ListItem\",\"position\":1,\"name\":\"Inicio\",\"item\":\"https:\\\/\\\/radioclanfm.com\\\/clanespectaculos\\\/\"},{\"@type\":\"ListItem\",\"position\":2,\"name\":\"As\u00ed reaccionaron los medios turcos a la filtraci\u00f3n de un supuesto video expl\u00edcito de Mauro Icardi\"}]},{\"@type\":\"WebSite\",\"@id\":\"https:\\\/\\\/radioclanfm.com\\\/clanespectaculos\\\/#website\",\"url\":\"https:\\\/\\\/radioclanfm.com\\\/clanespectaculos\\\/\",\"name\":\"CLAN ESPECTACULOS\",\"description\":\"\",\"publisher\":{\"@id\":\"https:\\\/\\\/radioclanfm.com\\\/clanespectaculos\\\/#organization\"},\"potentialAction\":[{\"@type\":\"SearchAction\",\"target\":{\"@type\":\"EntryPoint\",\"urlTemplate\":\"https:\\\/\\\/radioclanfm.com\\\/clanespectaculos\\\/?s={search_term_string}\"},\"query-input\":{\"@type\":\"PropertyValueSpecification\",\"valueRequired\":true,\"valueName\":\"search_term_string\"}}],\"inLanguage\":\"es-AR\"},{\"@type\":\"Organization\",\"@id\":\"https:\\\/\\\/radioclanfm.com\\\/clanespectaculos\\\/#organization\",\"name\":\"CLAN ESPECTACULOS\",\"url\":\"https:\\\/\\\/radioclanfm.com\\\/clanespectaculos\\\/\",\"logo\":{\"@type\":\"ImageObject\",\"inLanguage\":\"es-AR\",\"@id\":\"https:\\\/\\\/radioclanfm.com\\\/clanespectaculos\\\/#\\\/schema\\\/logo\\\/image\\\/\",\"url\":\"https:\\\/\\\/radioclanfm.com\\\/clanespectaculos\\\/wp-content\\\/uploads\\\/sites\\\/2\\\/2026\\\/04\\\/ChatGPT-Image-23-mar-2026-10_09_00.png\",\"contentUrl\":\"https:\\\/\\\/radioclanfm.com\\\/clanespectaculos\\\/wp-content\\\/uploads\\\/sites\\\/2\\\/2026\\\/04\\\/ChatGPT-Image-23-mar-2026-10_09_00.png\",\"width\":1024,\"height\":1024,\"caption\":\"CLAN ESPECTACULOS\"},\"image\":{\"@id\":\"https:\\\/\\\/radioclanfm.com\\\/clanespectaculos\\\/#\\\/schema\\\/logo\\\/image\\\/\"},\"sameAs\":[\"https:\\\/\\\/www.facebook.com\\\/clanespectaculos\\\/\",\"https:\\\/\\\/x.com\\\/clanespectok\"]},{\"@type\":\"Person\",\"@id\":\"https:\\\/\\\/radioclanfm.com\\\/clanespectaculos\\\/#\\\/schema\\\/person\\\/9734813083303230f3ad84d99171b20c\",\"name\":\"E-GRUPOCLAN\",\"image\":{\"@type\":\"ImageObject\",\"inLanguage\":\"es-AR\",\"@id\":\"https:\\\/\\\/secure.gravatar.com\\\/avatar\\\/af6e19837c3d6a212034a48c7b3818d2ac1826f6025df0155da5a186ad321d79?s=96&d=mm&r=g\",\"url\":\"https:\\\/\\\/secure.gravatar.com\\\/avatar\\\/af6e19837c3d6a212034a48c7b3818d2ac1826f6025df0155da5a186ad321d79?s=96&d=mm&r=g\",\"contentUrl\":\"https:\\\/\\\/secure.gravatar.com\\\/avatar\\\/af6e19837c3d6a212034a48c7b3818d2ac1826f6025df0155da5a186ad321d79?s=96&d=mm&r=g\",\"caption\":\"E-GRUPOCLAN\"},\"sameAs\":[\"https:\\\/\\\/radioclanfm.com\"],\"url\":\"https:\\\/\\\/radioclanfm.com\\\/clanespectaculos\\\/author\\\/admin\\\/\"}]}<\/script>\n<!-- \/ Yoast SEO plugin. -->","yoast_head_json":{"title":"As\u00ed reaccionaron los medios turcos a la filtraci\u00f3n de un supuesto video expl\u00edcito de Mauro Icardi - CLAN ESPECTACULOS","robots":{"index":"index","follow":"follow","max-snippet":"max-snippet:-1","max-image-preview":"max-image-preview:large","max-video-preview":"max-video-preview:-1"},"canonical":"https:\/\/radioclanfm.com\/clanespectaculos\/asi-reaccionaron-los-medios-turcos-a-la-filtracion-de-un-supuesto-video-explicito-de-mauro-icardi\/","og_locale":"es_ES","og_type":"article","og_title":"As\u00ed reaccionaron los medios turcos a la filtraci\u00f3n de un supuesto video expl\u00edcito de Mauro Icardi - CLAN ESPECTACULOS","og_description":"El delantero del Galatasaray qued\u00f3 en medio del foco medi\u00e1tico por im\u00e1genes expl\u00edcitas con una supuesta amante. Mauro Icardi\u00a0qued\u00f3 comprometido en las redes luego de que una influencer filtrara un video en el que supuestamente se lo ve en una\u00a0pose sexualmente expl\u00edcita. A partir de la repercusi\u00f3n de las im\u00e1genes, los medios de\u00a0Turqu\u00eda, el pa\u00eds [&hellip;]","og_url":"https:\/\/radioclanfm.com\/clanespectaculos\/asi-reaccionaron-los-medios-turcos-a-la-filtracion-de-un-supuesto-video-explicito-de-mauro-icardi\/","og_site_name":"CLAN ESPECTACULOS","article_publisher":"https:\/\/www.facebook.com\/clanespectaculos\/","article_published_time":"2025-07-25T12:44:20+00:00","og_image":[{"width":900,"height":504,"url":"https:\/\/radioclanfm.com\/clanespectaculos\/wp-content\/uploads\/sites\/2\/2025\/07\/zdu-fiG5.jpg","type":"image\/jpeg"}],"author":"E-GRUPOCLAN","twitter_card":"summary_large_image","twitter_creator":"@clanespectok","twitter_site":"@clanespectok","twitter_misc":{"Escrito por":"E-GRUPOCLAN","Tiempo de lectura":"2 minutos"},"schema":{"@context":"https:\/\/schema.org","@graph":[{"@type":"Article","@id":"https:\/\/radioclanfm.com\/clanespectaculos\/asi-reaccionaron-los-medios-turcos-a-la-filtracion-de-un-supuesto-video-explicito-de-mauro-icardi\/#article","isPartOf":{"@id":"https:\/\/radioclanfm.com\/clanespectaculos\/asi-reaccionaron-los-medios-turcos-a-la-filtracion-de-un-supuesto-video-explicito-de-mauro-icardi\/"},"author":{"name":"E-GRUPOCLAN","@id":"https:\/\/radioclanfm.com\/clanespectaculos\/#\/schema\/person\/9734813083303230f3ad84d99171b20c"},"headline":"As\u00ed reaccionaron los medios turcos a la filtraci\u00f3n de un supuesto video expl\u00edcito de Mauro Icardi","datePublished":"2025-07-25T12:44:20+00:00","mainEntityOfPage":{"@id":"https:\/\/radioclanfm.com\/clanespectaculos\/asi-reaccionaron-los-medios-turcos-a-la-filtracion-de-un-supuesto-video-explicito-de-mauro-icardi\/"},"wordCount":491,"commentCount":0,"publisher":{"@id":"https:\/\/radioclanfm.com\/clanespectaculos\/#organization"},"image":{"@id":"https:\/\/radioclanfm.com\/clanespectaculos\/asi-reaccionaron-los-medios-turcos-a-la-filtracion-de-un-supuesto-video-explicito-de-mauro-icardi\/#primaryimage"},"thumbnailUrl":"https:\/\/radioclanfm.com\/clanespectaculos\/wp-content\/uploads\/sites\/2\/2025\/07\/zdu-fiG5.jpg","articleSection":["Espectaculos"],"inLanguage":"es-AR","potentialAction":[{"@type":"CommentAction","name":"Comment","target":["https:\/\/radioclanfm.com\/clanespectaculos\/asi-reaccionaron-los-medios-turcos-a-la-filtracion-de-un-supuesto-video-explicito-de-mauro-icardi\/#respond"]}]},{"@type":"WebPage","@id":"https:\/\/radioclanfm.com\/clanespectaculos\/asi-reaccionaron-los-medios-turcos-a-la-filtracion-de-un-supuesto-video-explicito-de-mauro-icardi\/","url":"https:\/\/radioclanfm.com\/clanespectaculos\/asi-reaccionaron-los-medios-turcos-a-la-filtracion-de-un-supuesto-video-explicito-de-mauro-icardi\/","name":"As\u00ed reaccionaron los medios turcos a la filtraci\u00f3n de un supuesto video expl\u00edcito de Mauro Icardi - CLAN ESPECTACULOS","isPartOf":{"@id":"https:\/\/radioclanfm.com\/clanespectaculos\/#website"},"primaryImageOfPage":{"@id":"https:\/\/radioclanfm.com\/clanespectaculos\/asi-reaccionaron-los-medios-turcos-a-la-filtracion-de-un-supuesto-video-explicito-de-mauro-icardi\/#primaryimage"},"image":{"@id":"https:\/\/radioclanfm.com\/clanespectaculos\/asi-reaccionaron-los-medios-turcos-a-la-filtracion-de-un-supuesto-video-explicito-de-mauro-icardi\/#primaryimage"},"thumbnailUrl":"https:\/\/radioclanfm.com\/clanespectaculos\/wp-content\/uploads\/sites\/2\/2025\/07\/zdu-fiG5.jpg","datePublished":"2025-07-25T12:44:20+00:00","breadcrumb":{"@id":"https:\/\/radioclanfm.com\/clanespectaculos\/asi-reaccionaron-los-medios-turcos-a-la-filtracion-de-un-supuesto-video-explicito-de-mauro-icardi\/#breadcrumb"},"inLanguage":"es-AR","potentialAction":[{"@type":"ReadAction","target":["https:\/\/radioclanfm.com\/clanespectaculos\/asi-reaccionaron-los-medios-turcos-a-la-filtracion-de-un-supuesto-video-explicito-de-mauro-icardi\/"]}]},{"@type":"ImageObject","inLanguage":"es-AR","@id":"https:\/\/radioclanfm.com\/clanespectaculos\/asi-reaccionaron-los-medios-turcos-a-la-filtracion-de-un-supuesto-video-explicito-de-mauro-icardi\/#primaryimage","url":"https:\/\/radioclanfm.com\/clanespectaculos\/wp-content\/uploads\/sites\/2\/2025\/07\/zdu-fiG5.jpg","contentUrl":"https:\/\/radioclanfm.com\/clanespectaculos\/wp-content\/uploads\/sites\/2\/2025\/07\/zdu-fiG5.jpg","width":900,"height":504},{"@type":"BreadcrumbList","@id":"https:\/\/radioclanfm.com\/clanespectaculos\/asi-reaccionaron-los-medios-turcos-a-la-filtracion-de-un-supuesto-video-explicito-de-mauro-icardi\/#breadcrumb","itemListElement":[{"@type":"ListItem","position":1,"name":"Inicio","item":"https:\/\/radioclanfm.com\/clanespectaculos\/"},{"@type":"ListItem","position":2,"name":"As\u00ed reaccionaron los medios turcos a la filtraci\u00f3n de un supuesto video expl\u00edcito de Mauro Icardi"}]},{"@type":"WebSite","@id":"https:\/\/radioclanfm.com\/clanespectaculos\/#website","url":"https:\/\/radioclanfm.com\/clanespectaculos\/","name":"CLAN ESPECTACULOS","description":"","publisher":{"@id":"https:\/\/radioclanfm.com\/clanespectaculos\/#organization"},"potentialAction":[{"@type":"SearchAction","target":{"@type":"EntryPoint","urlTemplate":"https:\/\/radioclanfm.com\/clanespectaculos\/?s={search_term_string}"},"query-input":{"@type":"PropertyValueSpecification","valueRequired":true,"valueName":"search_term_string"}}],"inLanguage":"es-AR"},{"@type":"Organization","@id":"https:\/\/radioclanfm.com\/clanespectaculos\/#organization","name":"CLAN ESPECTACULOS","url":"https:\/\/radioclanfm.com\/clanespectaculos\/","logo":{"@type":"ImageObject","inLanguage":"es-AR","@id":"https:\/\/radioclanfm.com\/clanespectaculos\/#\/schema\/logo\/image\/","url":"https:\/\/radioclanfm.com\/clanespectaculos\/wp-content\/uploads\/sites\/2\/2026\/04\/ChatGPT-Image-23-mar-2026-10_09_00.png","contentUrl":"https:\/\/radioclanfm.com\/clanespectaculos\/wp-content\/uploads\/sites\/2\/2026\/04\/ChatGPT-Image-23-mar-2026-10_09_00.png","width":1024,"height":1024,"caption":"CLAN ESPECTACULOS"},"image":{"@id":"https:\/\/radioclanfm.com\/clanespectaculos\/#\/schema\/logo\/image\/"},"sameAs":["https:\/\/www.facebook.com\/clanespectaculos\/","https:\/\/x.com\/clanespectok"]},{"@type":"Person","@id":"https:\/\/radioclanfm.com\/clanespectaculos\/#\/schema\/person\/9734813083303230f3ad84d99171b20c","name":"E-GRUPOCLAN","image":{"@type":"ImageObject","inLanguage":"es-AR","@id":"https:\/\/secure.gravatar.com\/avatar\/af6e19837c3d6a212034a48c7b3818d2ac1826f6025df0155da5a186ad321d79?s=96&d=mm&r=g","url":"https:\/\/secure.gravatar.com\/avatar\/af6e19837c3d6a212034a48c7b3818d2ac1826f6025df0155da5a186ad321d79?s=96&d=mm&r=g","contentUrl":"https:\/\/secure.gravatar.com\/avatar\/af6e19837c3d6a212034a48c7b3818d2ac1826f6025df0155da5a186ad321d79?s=96&d=mm&r=g","caption":"E-GRUPOCLAN"},"sameAs":["https:\/\/radioclanfm.com"],"url":"https:\/\/radioclanfm.com\/clanespectaculos\/author\/admin\/"}]}},"_links":{"self":[{"href":"https:\/\/radioclanfm.com\/clanespectaculos\/wp-json\/wp\/v2\/posts\/3453","targetHints":{"allow":["GET"]}}],"collection":[{"href":"https:\/\/radioclanfm.com\/clanespectaculos\/wp-json\/wp\/v2\/posts"}],"about":[{"href":"https:\/\/radioclanfm.com\/clanespectaculos\/wp-json\/wp\/v2\/types\/post"}],"author":[{"embeddable":true,"href":"https:\/\/radioclanfm.com\/clanespectaculos\/wp-json\/wp\/v2\/users\/1"}],"replies":[{"embeddable":true,"href":"https:\/\/radioclanfm.com\/clanespectaculos\/wp-json\/wp\/v2\/comments?post=3453"}],"version-history":[{"count":1,"href":"https:\/\/radioclanfm.com\/clanespectaculos\/wp-json\/wp\/v2\/posts\/3453\/revisions"}],"predecessor-version":[{"id":3455,"href":"https:\/\/radioclanfm.com\/clanespectaculos\/wp-json\/wp\/v2\/posts\/3453\/revisions\/3455"}],"wp:featuredmedia":[{"embeddable":true,"href":"https:\/\/radioclanfm.com\/clanespectaculos\/wp-json\/wp\/v2\/media\/3454"}],"wp:attachment":[{"href":"https:\/\/radioclanfm.com\/clanespectaculos\/wp-json\/wp\/v2\/media?parent=3453"}],"wp:term":[{"taxonomy":"category","embeddable":true,"href":"https:\/\/radioclanfm.com\/clanespectaculos\/wp-json\/wp\/v2\/categories?post=3453"},{"taxonomy":"post_tag","embeddable":true,"href":"https:\/\/radioclanfm.com\/clanespectaculos\/wp-json\/wp\/v2\/tags?post=3453"}],"curies":[{"name":"wp","href":"https:\/\/api.w.org\/{rel}","templated":true}]}}