{"id":3426,"date":"2025-07-25T09:32:57","date_gmt":"2025-07-25T12:32:57","guid":{"rendered":"https:\/\/radioclanfm.com\/clanespectaculos\/?p=3426"},"modified":"2025-07-25T09:32:57","modified_gmt":"2025-07-25T12:32:57","slug":"julieta-nair-calvo-mostro-sus-microbikinis-preferidas-desde-rio-de-janeiro","status":"publish","type":"post","link":"https:\/\/radioclanfm.com\/clanespectaculos\/julieta-nair-calvo-mostro-sus-microbikinis-preferidas-desde-rio-de-janeiro\/","title":{"rendered":"Julieta Nair Calvo mostr\u00f3 sus microbikinis preferidas desde R\u00edo de Janeiro"},"content":{"rendered":"<p>Con modelos estampados en diferentes colores y pos\u00f3 junto a sus hijos Valentino e Isabella.<\/p>\n<p class=\"paragraph font__body-regular\">Desde las playas de\u00a0<b>Brasil<\/b>,\u00a0<b>Julieta Nair Calvo<\/b><b>\u00a0<\/b>comparti\u00f3 una serie de fotos en microbikini y se sum\u00f3 a la ola de celebridades que eligen modelos peque\u00f1os,\u00a0<b>estampados\u00a0<\/b>y de\u00a0<b>colores vibrantes\u00a0<\/b>para estas vacaciones de invierno. En cada aparici\u00f3n, mostr\u00f3 dise\u00f1os innovadores y sum\u00f3 accesorios para completar sus looks de playa.<\/p>\n<div id=\"ad-slot-infeed\" class=\"infeed-container ad-slot-infeed ad-slot\" data-adtype=\"infeed\" data-google-query-id=\"CM_6h46C2I4DFaGDYQYdWxEQdg\">\n<div id=\"google_ads_iframe_\/113951150\/tn-arc\/nota\/infeed_0__container__\"><\/div>\n<\/div>\n<p class=\"paragraph font__body-regular\">En una de las im\u00e1genes, la actriz pos\u00f3 frente al espejo con una<b>\u00a0microbikini con corpi\u00f1o triangular<\/b>\u00a0y<b>\u00a0bombacha cavada<\/b>\u00a0de\u00a0<b>base verde con estampa escocesa en blanco<\/b>. El dise\u00f1o de tiras finas se ata en el cuello y la cadera. Complet\u00f3 el look con un\u00a0<b>pa\u00f1uelo satinado multicolor\u00a0<\/b>en la cabeza, anudado al mejor estilo pirata.<\/p>\n<p>&nbsp;<\/p>\n<figure class=\"\" data-testid=\"figure-testid\">\n<div class=\"aspect_ratio__container\"><picture class=\"responsive-image\"><source srcset=\"https:\/\/tn.com.ar\/resizer\/v2\/julieta-nair-calvo-en-microbikini-estampada-foto-instagramjulietanaircalvo-FB7LSITQLBEOTA3JDB5E5N4PK4.jpg?auth=c0d2a2599e6c6261704e87c84c8acc9b68fc6591d408d23fe7a6f485ec7df762&amp;width=767\" type=\"image\/jpg\" media=\"(max-width: 728px)\" \/><source srcset=\"https:\/\/tn.com.ar\/resizer\/v2\/julieta-nair-calvo-en-microbikini-estampada-foto-instagramjulietanaircalvo-FB7LSITQLBEOTA3JDB5E5N4PK4.jpg?auth=c0d2a2599e6c6261704e87c84c8acc9b68fc6591d408d23fe7a6f485ec7df762&amp;width=1023\" type=\"image\/jpg\" media=\"(max-width: 1023px)\" \/><source srcset=\"https:\/\/tn.com.ar\/resizer\/v2\/julieta-nair-calvo-en-microbikini-estampada-foto-instagramjulietanaircalvo-FB7LSITQLBEOTA3JDB5E5N4PK4.jpg?auth=c0d2a2599e6c6261704e87c84c8acc9b68fc6591d408d23fe7a6f485ec7df762&amp;width=1440\" type=\"image\/jpg\" \/><img loading=\"lazy\" decoding=\"async\" class=\"image content-image image_placeholder\" src=\"https:\/\/tn.com.ar\/resizer\/v2\/julieta-nair-calvo-en-microbikini-estampada-foto-instagramjulietanaircalvo-FB7LSITQLBEOTA3JDB5E5N4PK4.jpg?auth=c0d2a2599e6c6261704e87c84c8acc9b68fc6591d408d23fe7a6f485ec7df762&amp;width=767\" alt=\"Julieta Nair Calvo en microbikini estampada. (Foto: Instagram\/@julietanaircalvo).\" width=\"767\" height=\"1022\" data-testid=\"loading-testid\" \/><\/picture><\/div><figcaption class=\"caption_image\" data-testid=\"figcaption-testid\">\n<div class=\"image_caption \">Julieta Nair Calvo en microbikini estampada. (Foto: Instagram\/@julietanaircalvo).<\/div>\n<\/figcaption><\/figure>\n<p class=\"paragraph font__body-regular\">En otra de las postales que public\u00f3 en su cuenta de Instagram (donde la siguen casi 3 millones de personas), la<i>\u00a0influencer<\/i>\u00a0se luci\u00f3 con un<b>\u00a0conjunto bicolor\u00a0<\/b>con\u00a0<b>estampado psicod\u00e9lico en fucsia, blanco y bord\u00f3<\/b>.<\/p>\n<p class=\"paragraph font__body-regular\">El\u00a0<i>top\u00a0<\/i>es de\u00a0<b>molder\u00eda rectangular<\/b>, con\u00a0<b>breteles rosas<\/b>\u00a0que se atan alrededor del cuello, y la parte inferior es<i>\u00a0<\/i><i><b>colaless\u00a0<\/b><\/i><b>con tiritas de ajuste\u00a0<\/b>a ambos lados de las caderas que se atan en forma de mo\u00f1o. Encima, llev\u00f3 una\u00a0<b>camisa negra con estampa blanca tipo pa\u00f1uelo<\/b>, abierta y con las mangas largas.<\/p>\n<figure class=\"\" data-testid=\"figure-testid\">\n<div class=\"aspect_ratio__container\"><picture class=\"responsive-image\"><source srcset=\"https:\/\/tn.com.ar\/resizer\/v2\/julieta-nair-calvo-en-microbikini-estampada-fucsia-foto-instagramjulietanaircalvo-R32JIUI3DZC3LJJDULV4IZHTVM.jpg?auth=9d5a603fcb41b29c5a6d23fb1c641e71ad70383ccf875808c9f564e36a135927&amp;width=767\" type=\"image\/jpg\" media=\"(max-width: 728px)\" \/><source srcset=\"https:\/\/tn.com.ar\/resizer\/v2\/julieta-nair-calvo-en-microbikini-estampada-fucsia-foto-instagramjulietanaircalvo-R32JIUI3DZC3LJJDULV4IZHTVM.jpg?auth=9d5a603fcb41b29c5a6d23fb1c641e71ad70383ccf875808c9f564e36a135927&amp;width=1023\" type=\"image\/jpg\" media=\"(max-width: 1023px)\" \/><source srcset=\"https:\/\/tn.com.ar\/resizer\/v2\/julieta-nair-calvo-en-microbikini-estampada-fucsia-foto-instagramjulietanaircalvo-R32JIUI3DZC3LJJDULV4IZHTVM.jpg?auth=9d5a603fcb41b29c5a6d23fb1c641e71ad70383ccf875808c9f564e36a135927&amp;width=1440\" type=\"image\/jpg\" \/><img loading=\"lazy\" decoding=\"async\" class=\"image content-image image_placeholder\" src=\"https:\/\/tn.com.ar\/resizer\/v2\/julieta-nair-calvo-en-microbikini-estampada-fucsia-foto-instagramjulietanaircalvo-R32JIUI3DZC3LJJDULV4IZHTVM.jpg?auth=9d5a603fcb41b29c5a6d23fb1c641e71ad70383ccf875808c9f564e36a135927&amp;width=767\" alt=\"Julieta Nair Calvo en microbikini estampada fucsia. (Foto: Instagram\/@julietanaircalvo).\" width=\"767\" height=\"1023\" data-testid=\"loading-testid\" \/><\/picture><\/div><figcaption class=\"caption_image\" data-testid=\"figcaption-testid\">\n<div class=\"image_caption \">Julieta Nair Calvo en microbikini estampada fucsia. (Foto: Instagram\/@julietanaircalvo).<\/div>\n<\/figcaption><\/figure>\n<p class=\"paragraph font__body-regular\">Sum\u00f3<b>\u00a0collares de cuentas<\/b>\u00a0con formas florales y un par de<b>\u00a0lentes de sol negros XL\u00a0<\/b>con marco cuadrado al tono.<\/p>\n<p class=\"paragraph font__body-regular\">En el mismo carrusel, comparti\u00f3 una tierna imagen junto a sus hijos\u00a0<b>Valentino e<\/b>\u00a0<b>Isabella Rolando<\/b>\u00a0y enterneci\u00f3 a todos los internautas.<\/p>\n<figure class=\"\" data-testid=\"figure-testid\">\n<div class=\"aspect_ratio__container\"><picture class=\"responsive-image\"><source srcset=\"https:\/\/tn.com.ar\/resizer\/v2\/julieta-nair-calvo-junto-a-sus-hijios-foto-instagramjulietanaircalvo-57JJRBI3AFF3BNOG323RZHUOHM.jpg?auth=dc0c62d2dbbc96e15a59b0f46c6452807b6078ed4acbf21f4ee4eb3a9e28ded6&amp;width=767\" type=\"image\/jpg\" media=\"(max-width: 728px)\" \/><source srcset=\"https:\/\/tn.com.ar\/resizer\/v2\/julieta-nair-calvo-junto-a-sus-hijios-foto-instagramjulietanaircalvo-57JJRBI3AFF3BNOG323RZHUOHM.jpg?auth=dc0c62d2dbbc96e15a59b0f46c6452807b6078ed4acbf21f4ee4eb3a9e28ded6&amp;width=1023\" type=\"image\/jpg\" media=\"(max-width: 1023px)\" \/><source srcset=\"https:\/\/tn.com.ar\/resizer\/v2\/julieta-nair-calvo-junto-a-sus-hijios-foto-instagramjulietanaircalvo-57JJRBI3AFF3BNOG323RZHUOHM.jpg?auth=dc0c62d2dbbc96e15a59b0f46c6452807b6078ed4acbf21f4ee4eb3a9e28ded6&amp;width=1440\" type=\"image\/jpg\" \/><img loading=\"lazy\" decoding=\"async\" class=\"image content-image image_placeholder\" src=\"https:\/\/tn.com.ar\/resizer\/v2\/julieta-nair-calvo-junto-a-sus-hijios-foto-instagramjulietanaircalvo-57JJRBI3AFF3BNOG323RZHUOHM.jpg?auth=dc0c62d2dbbc96e15a59b0f46c6452807b6078ed4acbf21f4ee4eb3a9e28ded6&amp;width=767\" alt=\"Julieta Nair Calvo junto a sus hijios. (Foto: Instagram\/@julietanaircalvo).\" width=\"767\" height=\"1022\" data-testid=\"loading-testid\" \/><\/picture><\/div><figcaption class=\"caption_image\" data-testid=\"figcaption-testid\">\n<div class=\"image_caption \">Julieta Nair Calvo junto a sus hijios. (Foto: Instagram\/@julietanaircalvo).<\/div>\n<\/figcaption><\/figure>\n<p class=\"paragraph font__body-regular\">Finalmente, desde la orilla del mar en R\u00edo de Janeiro, se mostr\u00f3 con un<b>\u00a0dise\u00f1o liso\u00a0<\/b>en color<b>\u00a0marr\u00f3n chocolate<\/b>\u00a0(sum\u00e1ndose nuevamente al boom por el\u00a0<i>mocha mousse<\/i>).<\/p>\n<p class=\"paragraph font__body-regular\">El corpi\u00f1o es<b>\u00a0cl\u00e1sico<\/b>, con<b>\u00a0aro en el centro del escote<\/b>, y la bombacha tiene<b>\u00a0tiras regulables en los laterales<\/b>\u00a0que se atan en forma de mo\u00f1o. Esta vez, la<i>\u00a0it girl\u00a0<\/i>opt\u00f3 por un estilo m\u00e1s despojado, sin accesorios, con el\u00a0<b>pelo suelto y al viento\u00a0<\/b>y un coco en la mano como \u00fanico protagonista de la escena.<\/p>\n<figure class=\"\" data-testid=\"figure-testid\">\n<div class=\"aspect_ratio__container\"><picture class=\"responsive-image\"><source srcset=\"https:\/\/tn.com.ar\/resizer\/v2\/julieta-nair-calvo-en-microbikini-mocha-mousse-foto-instagramjulietanaircalvo-TYPWGSQQD5FINGUNN2BA5MHRZI.jpg?auth=782b5064dca2193064e2aa9f432125250fc30c2266c7ccef8380e6bef161c636&amp;width=767\" type=\"image\/jpg\" media=\"(max-width: 728px)\" \/><source srcset=\"https:\/\/tn.com.ar\/resizer\/v2\/julieta-nair-calvo-en-microbikini-mocha-mousse-foto-instagramjulietanaircalvo-TYPWGSQQD5FINGUNN2BA5MHRZI.jpg?auth=782b5064dca2193064e2aa9f432125250fc30c2266c7ccef8380e6bef161c636&amp;width=1023\" type=\"image\/jpg\" media=\"(max-width: 1023px)\" \/><source srcset=\"https:\/\/tn.com.ar\/resizer\/v2\/julieta-nair-calvo-en-microbikini-mocha-mousse-foto-instagramjulietanaircalvo-TYPWGSQQD5FINGUNN2BA5MHRZI.jpg?auth=782b5064dca2193064e2aa9f432125250fc30c2266c7ccef8380e6bef161c636&amp;width=1440\" type=\"image\/jpg\" \/><img loading=\"lazy\" decoding=\"async\" class=\"image content-image image_placeholder\" src=\"https:\/\/tn.com.ar\/resizer\/v2\/julieta-nair-calvo-en-microbikini-mocha-mousse-foto-instagramjulietanaircalvo-TYPWGSQQD5FINGUNN2BA5MHRZI.jpg?auth=782b5064dca2193064e2aa9f432125250fc30c2266c7ccef8380e6bef161c636&amp;width=767\" alt=\"Julieta Nair Calvo en microbikini mocha mousse. (Foto: Instagram\/@julietanaircalvo).\" width=\"767\" height=\"1022\" data-testid=\"loading-testid\" \/><\/picture><\/div><figcaption class=\"caption_image\" data-testid=\"figcaption-testid\">\n<div class=\"image_caption \">Julieta Nair Calvo en microbikini mocha mousse. (Foto: Instagram\/@julietanaircalvo).<\/div>\n<\/figcaption><\/figure>\n<p class=\"paragraph font__body-regular\">En todas las fotos, Julieta llev\u00f3 un<b>\u00a0<\/b><i><b>make up<\/b><\/i><b>\u00a0100% al natural\u00a0<\/b>o directamente se mostr\u00f3\u00a0<b>sin maquillaje<\/b>. Apost\u00f3 por una piel sin base ni sombras marcadas, y dej\u00f3 que el bronceado y las pecas sean parte del look playero.<\/p>\n","protected":false},"excerpt":{"rendered":"<p>Con modelos estampados en diferentes colores y pos\u00f3 junto a sus hijos Valentino e Isabella. Desde las playas de\u00a0Brasil,\u00a0Julieta Nair Calvo\u00a0comparti\u00f3 una serie de fotos en microbikini y se sum\u00f3 a la ola de celebridades que eligen modelos peque\u00f1os,\u00a0estampados\u00a0y de\u00a0colores vibrantes\u00a0para estas vacaciones de invierno. En cada aparici\u00f3n, mostr\u00f3 dise\u00f1os innovadores y sum\u00f3 accesorios para [&hellip;]<\/p>\n","protected":false},"author":1,"featured_media":3427,"comment_status":"open","ping_status":"open","sticky":false,"template":"","format":"standard","meta":{"rop_custom_images_group":[],"rop_custom_messages_group":[],"rop_publish_now":"initial","rop_publish_now_accounts":[],"rop_publish_now_history":[],"rop_publish_now_status":"pending","footnotes":"","jetpack_publicize_message":"","jetpack_publicize_feature_enabled":true,"jetpack_social_post_already_shared":true,"jetpack_social_options":{"image_generator_settings":{"template":"highway","enabled":false},"version":2}},"categories":[14],"tags":[],"class_list":{"0":"post-3426","1":"post","2":"type-post","3":"status-publish","4":"format-standard","5":"has-post-thumbnail","7":"category-chica-hot"},"jetpack_publicize_connections":[],"yoast_head":"<!-- This site is optimized with the Yoast SEO plugin v27.3 - https:\/\/yoast.com\/product\/yoast-seo-wordpress\/ -->\n<title>Julieta Nair Calvo mostr\u00f3 sus microbikinis preferidas desde R\u00edo de Janeiro - CLAN ESPECTACULOS<\/title>\n<meta name=\"robots\" content=\"index, follow, max-snippet:-1, max-image-preview:large, max-video-preview:-1\" \/>\n<link rel=\"canonical\" href=\"https:\/\/radioclanfm.com\/clanespectaculos\/julieta-nair-calvo-mostro-sus-microbikinis-preferidas-desde-rio-de-janeiro\/\" \/>\n<meta property=\"og:locale\" content=\"es_ES\" \/>\n<meta property=\"og:type\" content=\"article\" \/>\n<meta property=\"og:title\" content=\"Julieta Nair Calvo mostr\u00f3 sus microbikinis preferidas desde R\u00edo de Janeiro - CLAN ESPECTACULOS\" \/>\n<meta property=\"og:description\" content=\"Con modelos estampados en diferentes colores y pos\u00f3 junto a sus hijos Valentino e Isabella. Desde las playas de\u00a0Brasil,\u00a0Julieta Nair Calvo\u00a0comparti\u00f3 una serie de fotos en microbikini y se sum\u00f3 a la ola de celebridades que eligen modelos peque\u00f1os,\u00a0estampados\u00a0y de\u00a0colores vibrantes\u00a0para estas vacaciones de invierno. En cada aparici\u00f3n, mostr\u00f3 dise\u00f1os innovadores y sum\u00f3 accesorios para [&hellip;]\" \/>\n<meta property=\"og:url\" content=\"https:\/\/radioclanfm.com\/clanespectaculos\/julieta-nair-calvo-mostro-sus-microbikinis-preferidas-desde-rio-de-janeiro\/\" \/>\n<meta property=\"og:site_name\" content=\"CLAN ESPECTACULOS\" \/>\n<meta property=\"article:publisher\" content=\"https:\/\/www.facebook.com\/clanespectaculos\/\" \/>\n<meta property=\"article:published_time\" content=\"2025-07-25T12:32:57+00:00\" \/>\n<meta property=\"og:image\" content=\"https:\/\/radioclanfm.com\/clanespectaculos\/wp-content\/uploads\/sites\/2\/2025\/07\/ZOy6tGEP.jpg\" \/>\n\t<meta property=\"og:image:width\" content=\"900\" \/>\n\t<meta property=\"og:image:height\" content=\"506\" \/>\n\t<meta property=\"og:image:type\" content=\"image\/jpeg\" \/>\n<meta name=\"author\" content=\"E-GRUPOCLAN\" \/>\n<meta name=\"twitter:card\" content=\"summary_large_image\" \/>\n<meta name=\"twitter:creator\" content=\"@clanespectok\" \/>\n<meta name=\"twitter:site\" content=\"@clanespectok\" \/>\n<meta name=\"twitter:label1\" content=\"Escrito por\" \/>\n\t<meta name=\"twitter:data1\" content=\"E-GRUPOCLAN\" \/>\n\t<meta name=\"twitter:label2\" content=\"Tiempo de lectura\" \/>\n\t<meta name=\"twitter:data2\" content=\"2 minutos\" \/>\n<script type=\"application\/ld+json\" class=\"yoast-schema-graph\">{\"@context\":\"https:\\\/\\\/schema.org\",\"@graph\":[{\"@type\":\"Article\",\"@id\":\"https:\\\/\\\/radioclanfm.com\\\/clanespectaculos\\\/julieta-nair-calvo-mostro-sus-microbikinis-preferidas-desde-rio-de-janeiro\\\/#article\",\"isPartOf\":{\"@id\":\"https:\\\/\\\/radioclanfm.com\\\/clanespectaculos\\\/julieta-nair-calvo-mostro-sus-microbikinis-preferidas-desde-rio-de-janeiro\\\/\"},\"author\":{\"name\":\"E-GRUPOCLAN\",\"@id\":\"https:\\\/\\\/radioclanfm.com\\\/clanespectaculos\\\/#\\\/schema\\\/person\\\/9734813083303230f3ad84d99171b20c\"},\"headline\":\"Julieta Nair Calvo mostr\u00f3 sus microbikinis preferidas desde R\u00edo de Janeiro\",\"datePublished\":\"2025-07-25T12:32:57+00:00\",\"mainEntityOfPage\":{\"@id\":\"https:\\\/\\\/radioclanfm.com\\\/clanespectaculos\\\/julieta-nair-calvo-mostro-sus-microbikinis-preferidas-desde-rio-de-janeiro\\\/\"},\"wordCount\":453,\"commentCount\":0,\"publisher\":{\"@id\":\"https:\\\/\\\/radioclanfm.com\\\/clanespectaculos\\\/#organization\"},\"image\":{\"@id\":\"https:\\\/\\\/radioclanfm.com\\\/clanespectaculos\\\/julieta-nair-calvo-mostro-sus-microbikinis-preferidas-desde-rio-de-janeiro\\\/#primaryimage\"},\"thumbnailUrl\":\"https:\\\/\\\/radioclanfm.com\\\/clanespectaculos\\\/wp-content\\\/uploads\\\/sites\\\/2\\\/2025\\\/07\\\/ZOy6tGEP.jpg\",\"articleSection\":[\"CHICA HOT\"],\"inLanguage\":\"es-AR\",\"potentialAction\":[{\"@type\":\"CommentAction\",\"name\":\"Comment\",\"target\":[\"https:\\\/\\\/radioclanfm.com\\\/clanespectaculos\\\/julieta-nair-calvo-mostro-sus-microbikinis-preferidas-desde-rio-de-janeiro\\\/#respond\"]}]},{\"@type\":\"WebPage\",\"@id\":\"https:\\\/\\\/radioclanfm.com\\\/clanespectaculos\\\/julieta-nair-calvo-mostro-sus-microbikinis-preferidas-desde-rio-de-janeiro\\\/\",\"url\":\"https:\\\/\\\/radioclanfm.com\\\/clanespectaculos\\\/julieta-nair-calvo-mostro-sus-microbikinis-preferidas-desde-rio-de-janeiro\\\/\",\"name\":\"Julieta Nair Calvo mostr\u00f3 sus microbikinis preferidas desde R\u00edo de Janeiro - CLAN ESPECTACULOS\",\"isPartOf\":{\"@id\":\"https:\\\/\\\/radioclanfm.com\\\/clanespectaculos\\\/#website\"},\"primaryImageOfPage\":{\"@id\":\"https:\\\/\\\/radioclanfm.com\\\/clanespectaculos\\\/julieta-nair-calvo-mostro-sus-microbikinis-preferidas-desde-rio-de-janeiro\\\/#primaryimage\"},\"image\":{\"@id\":\"https:\\\/\\\/radioclanfm.com\\\/clanespectaculos\\\/julieta-nair-calvo-mostro-sus-microbikinis-preferidas-desde-rio-de-janeiro\\\/#primaryimage\"},\"thumbnailUrl\":\"https:\\\/\\\/radioclanfm.com\\\/clanespectaculos\\\/wp-content\\\/uploads\\\/sites\\\/2\\\/2025\\\/07\\\/ZOy6tGEP.jpg\",\"datePublished\":\"2025-07-25T12:32:57+00:00\",\"breadcrumb\":{\"@id\":\"https:\\\/\\\/radioclanfm.com\\\/clanespectaculos\\\/julieta-nair-calvo-mostro-sus-microbikinis-preferidas-desde-rio-de-janeiro\\\/#breadcrumb\"},\"inLanguage\":\"es-AR\",\"potentialAction\":[{\"@type\":\"ReadAction\",\"target\":[\"https:\\\/\\\/radioclanfm.com\\\/clanespectaculos\\\/julieta-nair-calvo-mostro-sus-microbikinis-preferidas-desde-rio-de-janeiro\\\/\"]}]},{\"@type\":\"ImageObject\",\"inLanguage\":\"es-AR\",\"@id\":\"https:\\\/\\\/radioclanfm.com\\\/clanespectaculos\\\/julieta-nair-calvo-mostro-sus-microbikinis-preferidas-desde-rio-de-janeiro\\\/#primaryimage\",\"url\":\"https:\\\/\\\/radioclanfm.com\\\/clanespectaculos\\\/wp-content\\\/uploads\\\/sites\\\/2\\\/2025\\\/07\\\/ZOy6tGEP.jpg\",\"contentUrl\":\"https:\\\/\\\/radioclanfm.com\\\/clanespectaculos\\\/wp-content\\\/uploads\\\/sites\\\/2\\\/2025\\\/07\\\/ZOy6tGEP.jpg\",\"width\":900,\"height\":506},{\"@type\":\"BreadcrumbList\",\"@id\":\"https:\\\/\\\/radioclanfm.com\\\/clanespectaculos\\\/julieta-nair-calvo-mostro-sus-microbikinis-preferidas-desde-rio-de-janeiro\\\/#breadcrumb\",\"itemListElement\":[{\"@type\":\"ListItem\",\"position\":1,\"name\":\"Inicio\",\"item\":\"https:\\\/\\\/radioclanfm.com\\\/clanespectaculos\\\/\"},{\"@type\":\"ListItem\",\"position\":2,\"name\":\"Julieta Nair Calvo mostr\u00f3 sus microbikinis preferidas desde R\u00edo de Janeiro\"}]},{\"@type\":\"WebSite\",\"@id\":\"https:\\\/\\\/radioclanfm.com\\\/clanespectaculos\\\/#website\",\"url\":\"https:\\\/\\\/radioclanfm.com\\\/clanespectaculos\\\/\",\"name\":\"CLAN ESPECTACULOS\",\"description\":\"\",\"publisher\":{\"@id\":\"https:\\\/\\\/radioclanfm.com\\\/clanespectaculos\\\/#organization\"},\"potentialAction\":[{\"@type\":\"SearchAction\",\"target\":{\"@type\":\"EntryPoint\",\"urlTemplate\":\"https:\\\/\\\/radioclanfm.com\\\/clanespectaculos\\\/?s={search_term_string}\"},\"query-input\":{\"@type\":\"PropertyValueSpecification\",\"valueRequired\":true,\"valueName\":\"search_term_string\"}}],\"inLanguage\":\"es-AR\"},{\"@type\":\"Organization\",\"@id\":\"https:\\\/\\\/radioclanfm.com\\\/clanespectaculos\\\/#organization\",\"name\":\"CLAN ESPECTACULOS\",\"url\":\"https:\\\/\\\/radioclanfm.com\\\/clanespectaculos\\\/\",\"logo\":{\"@type\":\"ImageObject\",\"inLanguage\":\"es-AR\",\"@id\":\"https:\\\/\\\/radioclanfm.com\\\/clanespectaculos\\\/#\\\/schema\\\/logo\\\/image\\\/\",\"url\":\"https:\\\/\\\/radioclanfm.com\\\/clanespectaculos\\\/wp-content\\\/uploads\\\/sites\\\/2\\\/2026\\\/04\\\/ChatGPT-Image-23-mar-2026-10_09_00.png\",\"contentUrl\":\"https:\\\/\\\/radioclanfm.com\\\/clanespectaculos\\\/wp-content\\\/uploads\\\/sites\\\/2\\\/2026\\\/04\\\/ChatGPT-Image-23-mar-2026-10_09_00.png\",\"width\":1024,\"height\":1024,\"caption\":\"CLAN ESPECTACULOS\"},\"image\":{\"@id\":\"https:\\\/\\\/radioclanfm.com\\\/clanespectaculos\\\/#\\\/schema\\\/logo\\\/image\\\/\"},\"sameAs\":[\"https:\\\/\\\/www.facebook.com\\\/clanespectaculos\\\/\",\"https:\\\/\\\/x.com\\\/clanespectok\"]},{\"@type\":\"Person\",\"@id\":\"https:\\\/\\\/radioclanfm.com\\\/clanespectaculos\\\/#\\\/schema\\\/person\\\/9734813083303230f3ad84d99171b20c\",\"name\":\"E-GRUPOCLAN\",\"image\":{\"@type\":\"ImageObject\",\"inLanguage\":\"es-AR\",\"@id\":\"https:\\\/\\\/secure.gravatar.com\\\/avatar\\\/af6e19837c3d6a212034a48c7b3818d2ac1826f6025df0155da5a186ad321d79?s=96&d=mm&r=g\",\"url\":\"https:\\\/\\\/secure.gravatar.com\\\/avatar\\\/af6e19837c3d6a212034a48c7b3818d2ac1826f6025df0155da5a186ad321d79?s=96&d=mm&r=g\",\"contentUrl\":\"https:\\\/\\\/secure.gravatar.com\\\/avatar\\\/af6e19837c3d6a212034a48c7b3818d2ac1826f6025df0155da5a186ad321d79?s=96&d=mm&r=g\",\"caption\":\"E-GRUPOCLAN\"},\"sameAs\":[\"https:\\\/\\\/radioclanfm.com\"],\"url\":\"https:\\\/\\\/radioclanfm.com\\\/clanespectaculos\\\/author\\\/admin\\\/\"}]}<\/script>\n<!-- \/ Yoast SEO plugin. -->","yoast_head_json":{"title":"Julieta Nair Calvo mostr\u00f3 sus microbikinis preferidas desde R\u00edo de Janeiro - CLAN ESPECTACULOS","robots":{"index":"index","follow":"follow","max-snippet":"max-snippet:-1","max-image-preview":"max-image-preview:large","max-video-preview":"max-video-preview:-1"},"canonical":"https:\/\/radioclanfm.com\/clanespectaculos\/julieta-nair-calvo-mostro-sus-microbikinis-preferidas-desde-rio-de-janeiro\/","og_locale":"es_ES","og_type":"article","og_title":"Julieta Nair Calvo mostr\u00f3 sus microbikinis preferidas desde R\u00edo de Janeiro - CLAN ESPECTACULOS","og_description":"Con modelos estampados en diferentes colores y pos\u00f3 junto a sus hijos Valentino e Isabella. Desde las playas de\u00a0Brasil,\u00a0Julieta Nair Calvo\u00a0comparti\u00f3 una serie de fotos en microbikini y se sum\u00f3 a la ola de celebridades que eligen modelos peque\u00f1os,\u00a0estampados\u00a0y de\u00a0colores vibrantes\u00a0para estas vacaciones de invierno. En cada aparici\u00f3n, mostr\u00f3 dise\u00f1os innovadores y sum\u00f3 accesorios para [&hellip;]","og_url":"https:\/\/radioclanfm.com\/clanespectaculos\/julieta-nair-calvo-mostro-sus-microbikinis-preferidas-desde-rio-de-janeiro\/","og_site_name":"CLAN ESPECTACULOS","article_publisher":"https:\/\/www.facebook.com\/clanespectaculos\/","article_published_time":"2025-07-25T12:32:57+00:00","og_image":[{"width":900,"height":506,"url":"https:\/\/radioclanfm.com\/clanespectaculos\/wp-content\/uploads\/sites\/2\/2025\/07\/ZOy6tGEP.jpg","type":"image\/jpeg"}],"author":"E-GRUPOCLAN","twitter_card":"summary_large_image","twitter_creator":"@clanespectok","twitter_site":"@clanespectok","twitter_misc":{"Escrito por":"E-GRUPOCLAN","Tiempo de lectura":"2 minutos"},"schema":{"@context":"https:\/\/schema.org","@graph":[{"@type":"Article","@id":"https:\/\/radioclanfm.com\/clanespectaculos\/julieta-nair-calvo-mostro-sus-microbikinis-preferidas-desde-rio-de-janeiro\/#article","isPartOf":{"@id":"https:\/\/radioclanfm.com\/clanespectaculos\/julieta-nair-calvo-mostro-sus-microbikinis-preferidas-desde-rio-de-janeiro\/"},"author":{"name":"E-GRUPOCLAN","@id":"https:\/\/radioclanfm.com\/clanespectaculos\/#\/schema\/person\/9734813083303230f3ad84d99171b20c"},"headline":"Julieta Nair Calvo mostr\u00f3 sus microbikinis preferidas desde R\u00edo de Janeiro","datePublished":"2025-07-25T12:32:57+00:00","mainEntityOfPage":{"@id":"https:\/\/radioclanfm.com\/clanespectaculos\/julieta-nair-calvo-mostro-sus-microbikinis-preferidas-desde-rio-de-janeiro\/"},"wordCount":453,"commentCount":0,"publisher":{"@id":"https:\/\/radioclanfm.com\/clanespectaculos\/#organization"},"image":{"@id":"https:\/\/radioclanfm.com\/clanespectaculos\/julieta-nair-calvo-mostro-sus-microbikinis-preferidas-desde-rio-de-janeiro\/#primaryimage"},"thumbnailUrl":"https:\/\/radioclanfm.com\/clanespectaculos\/wp-content\/uploads\/sites\/2\/2025\/07\/ZOy6tGEP.jpg","articleSection":["CHICA HOT"],"inLanguage":"es-AR","potentialAction":[{"@type":"CommentAction","name":"Comment","target":["https:\/\/radioclanfm.com\/clanespectaculos\/julieta-nair-calvo-mostro-sus-microbikinis-preferidas-desde-rio-de-janeiro\/#respond"]}]},{"@type":"WebPage","@id":"https:\/\/radioclanfm.com\/clanespectaculos\/julieta-nair-calvo-mostro-sus-microbikinis-preferidas-desde-rio-de-janeiro\/","url":"https:\/\/radioclanfm.com\/clanespectaculos\/julieta-nair-calvo-mostro-sus-microbikinis-preferidas-desde-rio-de-janeiro\/","name":"Julieta Nair Calvo mostr\u00f3 sus microbikinis preferidas desde R\u00edo de Janeiro - CLAN ESPECTACULOS","isPartOf":{"@id":"https:\/\/radioclanfm.com\/clanespectaculos\/#website"},"primaryImageOfPage":{"@id":"https:\/\/radioclanfm.com\/clanespectaculos\/julieta-nair-calvo-mostro-sus-microbikinis-preferidas-desde-rio-de-janeiro\/#primaryimage"},"image":{"@id":"https:\/\/radioclanfm.com\/clanespectaculos\/julieta-nair-calvo-mostro-sus-microbikinis-preferidas-desde-rio-de-janeiro\/#primaryimage"},"thumbnailUrl":"https:\/\/radioclanfm.com\/clanespectaculos\/wp-content\/uploads\/sites\/2\/2025\/07\/ZOy6tGEP.jpg","datePublished":"2025-07-25T12:32:57+00:00","breadcrumb":{"@id":"https:\/\/radioclanfm.com\/clanespectaculos\/julieta-nair-calvo-mostro-sus-microbikinis-preferidas-desde-rio-de-janeiro\/#breadcrumb"},"inLanguage":"es-AR","potentialAction":[{"@type":"ReadAction","target":["https:\/\/radioclanfm.com\/clanespectaculos\/julieta-nair-calvo-mostro-sus-microbikinis-preferidas-desde-rio-de-janeiro\/"]}]},{"@type":"ImageObject","inLanguage":"es-AR","@id":"https:\/\/radioclanfm.com\/clanespectaculos\/julieta-nair-calvo-mostro-sus-microbikinis-preferidas-desde-rio-de-janeiro\/#primaryimage","url":"https:\/\/radioclanfm.com\/clanespectaculos\/wp-content\/uploads\/sites\/2\/2025\/07\/ZOy6tGEP.jpg","contentUrl":"https:\/\/radioclanfm.com\/clanespectaculos\/wp-content\/uploads\/sites\/2\/2025\/07\/ZOy6tGEP.jpg","width":900,"height":506},{"@type":"BreadcrumbList","@id":"https:\/\/radioclanfm.com\/clanespectaculos\/julieta-nair-calvo-mostro-sus-microbikinis-preferidas-desde-rio-de-janeiro\/#breadcrumb","itemListElement":[{"@type":"ListItem","position":1,"name":"Inicio","item":"https:\/\/radioclanfm.com\/clanespectaculos\/"},{"@type":"ListItem","position":2,"name":"Julieta Nair Calvo mostr\u00f3 sus microbikinis preferidas desde R\u00edo de Janeiro"}]},{"@type":"WebSite","@id":"https:\/\/radioclanfm.com\/clanespectaculos\/#website","url":"https:\/\/radioclanfm.com\/clanespectaculos\/","name":"CLAN ESPECTACULOS","description":"","publisher":{"@id":"https:\/\/radioclanfm.com\/clanespectaculos\/#organization"},"potentialAction":[{"@type":"SearchAction","target":{"@type":"EntryPoint","urlTemplate":"https:\/\/radioclanfm.com\/clanespectaculos\/?s={search_term_string}"},"query-input":{"@type":"PropertyValueSpecification","valueRequired":true,"valueName":"search_term_string"}}],"inLanguage":"es-AR"},{"@type":"Organization","@id":"https:\/\/radioclanfm.com\/clanespectaculos\/#organization","name":"CLAN ESPECTACULOS","url":"https:\/\/radioclanfm.com\/clanespectaculos\/","logo":{"@type":"ImageObject","inLanguage":"es-AR","@id":"https:\/\/radioclanfm.com\/clanespectaculos\/#\/schema\/logo\/image\/","url":"https:\/\/radioclanfm.com\/clanespectaculos\/wp-content\/uploads\/sites\/2\/2026\/04\/ChatGPT-Image-23-mar-2026-10_09_00.png","contentUrl":"https:\/\/radioclanfm.com\/clanespectaculos\/wp-content\/uploads\/sites\/2\/2026\/04\/ChatGPT-Image-23-mar-2026-10_09_00.png","width":1024,"height":1024,"caption":"CLAN ESPECTACULOS"},"image":{"@id":"https:\/\/radioclanfm.com\/clanespectaculos\/#\/schema\/logo\/image\/"},"sameAs":["https:\/\/www.facebook.com\/clanespectaculos\/","https:\/\/x.com\/clanespectok"]},{"@type":"Person","@id":"https:\/\/radioclanfm.com\/clanespectaculos\/#\/schema\/person\/9734813083303230f3ad84d99171b20c","name":"E-GRUPOCLAN","image":{"@type":"ImageObject","inLanguage":"es-AR","@id":"https:\/\/secure.gravatar.com\/avatar\/af6e19837c3d6a212034a48c7b3818d2ac1826f6025df0155da5a186ad321d79?s=96&d=mm&r=g","url":"https:\/\/secure.gravatar.com\/avatar\/af6e19837c3d6a212034a48c7b3818d2ac1826f6025df0155da5a186ad321d79?s=96&d=mm&r=g","contentUrl":"https:\/\/secure.gravatar.com\/avatar\/af6e19837c3d6a212034a48c7b3818d2ac1826f6025df0155da5a186ad321d79?s=96&d=mm&r=g","caption":"E-GRUPOCLAN"},"sameAs":["https:\/\/radioclanfm.com"],"url":"https:\/\/radioclanfm.com\/clanespectaculos\/author\/admin\/"}]}},"_links":{"self":[{"href":"https:\/\/radioclanfm.com\/clanespectaculos\/wp-json\/wp\/v2\/posts\/3426","targetHints":{"allow":["GET"]}}],"collection":[{"href":"https:\/\/radioclanfm.com\/clanespectaculos\/wp-json\/wp\/v2\/posts"}],"about":[{"href":"https:\/\/radioclanfm.com\/clanespectaculos\/wp-json\/wp\/v2\/types\/post"}],"author":[{"embeddable":true,"href":"https:\/\/radioclanfm.com\/clanespectaculos\/wp-json\/wp\/v2\/users\/1"}],"replies":[{"embeddable":true,"href":"https:\/\/radioclanfm.com\/clanespectaculos\/wp-json\/wp\/v2\/comments?post=3426"}],"version-history":[{"count":1,"href":"https:\/\/radioclanfm.com\/clanespectaculos\/wp-json\/wp\/v2\/posts\/3426\/revisions"}],"predecessor-version":[{"id":3428,"href":"https:\/\/radioclanfm.com\/clanespectaculos\/wp-json\/wp\/v2\/posts\/3426\/revisions\/3428"}],"wp:featuredmedia":[{"embeddable":true,"href":"https:\/\/radioclanfm.com\/clanespectaculos\/wp-json\/wp\/v2\/media\/3427"}],"wp:attachment":[{"href":"https:\/\/radioclanfm.com\/clanespectaculos\/wp-json\/wp\/v2\/media?parent=3426"}],"wp:term":[{"taxonomy":"category","embeddable":true,"href":"https:\/\/radioclanfm.com\/clanespectaculos\/wp-json\/wp\/v2\/categories?post=3426"},{"taxonomy":"post_tag","embeddable":true,"href":"https:\/\/radioclanfm.com\/clanespectaculos\/wp-json\/wp\/v2\/tags?post=3426"}],"curies":[{"name":"wp","href":"https:\/\/api.w.org\/{rel}","templated":true}]}}