{"id":3423,"date":"2025-07-25T09:31:53","date_gmt":"2025-07-25T12:31:53","guid":{"rendered":"https:\/\/radioclanfm.com\/clanespectaculos\/?p=3423"},"modified":"2025-07-25T09:31:53","modified_gmt":"2025-07-25T12:31:53","slug":"wanda-nara-se-pasea-con-transparencias-y-marcas-de-lujo-con-l-gante-sin-hacer-caso-al-video-de-mauro-icardi","status":"publish","type":"post","link":"https:\/\/radioclanfm.com\/clanespectaculos\/wanda-nara-se-pasea-con-transparencias-y-marcas-de-lujo-con-l-gante-sin-hacer-caso-al-video-de-mauro-icardi\/","title":{"rendered":"Wanda Nara se pasea con transparencias y marcas de lujo con L-Gante, sin hacer caso al video de Mauro Icardi"},"content":{"rendered":"<p>A trav\u00e9s de sus historias, mostr\u00f3 un audaz look de playa que complement\u00f3 con sandalias Herm\u00e8s de piel de cabra.<\/p>\n<p class=\"paragraph font__body-regular\">Despu\u00e9s de pasar unos d\u00edas en el sur argentino junto a sus hijos, donde sorprendi\u00f3 con los m\u00e1s audaces looks de nieve,\u00a0<b>Wanda Nara<\/b>\u00a0aterriz\u00f3 en Espa\u00f1a para disfrutar del verano europeo con todo el estilo y el lujo que la caracteriza.<\/p>\n<div id=\"ad-slot-infeed\" class=\"infeed-container ad-slot-infeed ad-slot\" data-adtype=\"infeed\" data-google-query-id=\"CPDdpuuB2I4DFSw8uQYdPAIGnQ\">\n<div id=\"google_ads_iframe_\/113951150\/tn-arc\/nota\/infeed_0__container__\"><\/div>\n<\/div>\n<p class=\"paragraph font__body-regular\">Instalada en\u00a0<b>Mallorca<\/b>, mientras crece el revuelo por la publicaci\u00f3n de un\u00a0supuesto video \u00edntimo de Mauro Icardi,\u00a0Wanda se mostr\u00f3 divertida en la playa\u00a0<b>junto a\u00a0<\/b><b>L-Gante<\/b>, reavivando rumores de una reconciliaci\u00f3n.<\/p>\n<p class=\"paragraph font__body-regular\">Ahora, la rubia volvi\u00f3 a aparecer en sus historias, esta vez sin el cantante pero con una look de playa muy audaz: una<b>\u00a0microbikini negra lisa, cl\u00e1sica\u00a0<\/b>y de bombacha\u00a0<i><b>colaless<\/b><\/i>\u00a0que us\u00f3 por debajo de una<b>\u00a0t\u00fanica transl\u00facida al tono<\/b>\u00a0con mangas largas, el aliado perfecto para un d\u00eda de sol y arena.<\/p>\n<figure class=\"\" data-testid=\"figure-testid\">\n<div class=\"aspect_ratio__container\"><picture class=\"responsive-image\"><source srcset=\"https:\/\/tn.com.ar\/resizer\/v2\/wanda-nara-en-microbikini-y-tunica-translucida-foto-instagramwandanara-EOMACFPHJJBSJD64TKGY7J7UYM.jpg?auth=a988b9532201d0e35c34d082289e76e177099ca1543f122705fd9b1be8655edf&amp;width=767\" type=\"image\/jpg\" media=\"(max-width: 728px)\" \/><source srcset=\"https:\/\/tn.com.ar\/resizer\/v2\/wanda-nara-en-microbikini-y-tunica-translucida-foto-instagramwandanara-EOMACFPHJJBSJD64TKGY7J7UYM.jpg?auth=a988b9532201d0e35c34d082289e76e177099ca1543f122705fd9b1be8655edf&amp;width=1023\" type=\"image\/jpg\" media=\"(max-width: 1023px)\" \/><source srcset=\"https:\/\/tn.com.ar\/resizer\/v2\/wanda-nara-en-microbikini-y-tunica-translucida-foto-instagramwandanara-EOMACFPHJJBSJD64TKGY7J7UYM.jpg?auth=a988b9532201d0e35c34d082289e76e177099ca1543f122705fd9b1be8655edf&amp;width=1440\" type=\"image\/jpg\" \/><img loading=\"lazy\" decoding=\"async\" class=\"image content-image image_placeholder\" src=\"https:\/\/tn.com.ar\/resizer\/v2\/wanda-nara-en-microbikini-y-tunica-translucida-foto-instagramwandanara-EOMACFPHJJBSJD64TKGY7J7UYM.jpg?auth=a988b9532201d0e35c34d082289e76e177099ca1543f122705fd9b1be8655edf&amp;width=767\" alt=\"Wanda Nara en microbikini y t\u00fanica transl\u00facida. (Foto: Instagram\/@wanda_nara)\" width=\"767\" height=\"1363\" data-testid=\"loading-testid\" \/><\/picture><\/div><figcaption class=\"caption_image\" data-testid=\"figcaption-testid\">\n<div class=\"image_caption \">Wanda Nara en microbikini y t\u00fanica transl\u00facida. (Foto: Instagram\/@wanda_nara)<\/div>\n<\/figcaption><\/figure>\n<p class=\"paragraph font__body-regular\">Como de costumbre, los complementos de lujo elevaron la apuesta y Wanda se encarg\u00f3 de fotografiarlos en detalle. Fan\u00e1tica de los bolsos, en este caso eligi\u00f3 un modelo\u00a0<i><b>tote<\/b><\/i>\u00a0tejido al\u00a0<b>crochet<\/b>\u00a0en\u00a0<b>rafia<\/b>\u00a0de color beige. El dise\u00f1o, firmado por\u00a0<b>Prada<\/b>\u00a0y con un bordado negro de la marca, tiene un valor de<b>\u00a02.050 d\u00f3lares.<\/b><\/p>\n<figure class=\"\" data-testid=\"figure-testid\">\n<div class=\"aspect_ratio__container\"><picture class=\"responsive-image\"><source srcset=\"https:\/\/tn.com.ar\/resizer\/v2\/wanda-nara-mostro-en-detalle-sus-complementos-de-playa-foto-instagramwandanara-NIM4RBKFBNC6HGBAABES4ULRXI.jpg?auth=e5e7f8f7cb40bfbc7447369b439b55777ca05c8e93858d564ed9561013396a17&amp;width=767\" type=\"image\/jpg\" media=\"(max-width: 728px)\" \/><source srcset=\"https:\/\/tn.com.ar\/resizer\/v2\/wanda-nara-mostro-en-detalle-sus-complementos-de-playa-foto-instagramwandanara-NIM4RBKFBNC6HGBAABES4ULRXI.jpg?auth=e5e7f8f7cb40bfbc7447369b439b55777ca05c8e93858d564ed9561013396a17&amp;width=1023\" type=\"image\/jpg\" media=\"(max-width: 1023px)\" \/><source srcset=\"https:\/\/tn.com.ar\/resizer\/v2\/wanda-nara-mostro-en-detalle-sus-complementos-de-playa-foto-instagramwandanara-NIM4RBKFBNC6HGBAABES4ULRXI.jpg?auth=e5e7f8f7cb40bfbc7447369b439b55777ca05c8e93858d564ed9561013396a17&amp;width=1440\" type=\"image\/jpg\" \/><img loading=\"lazy\" decoding=\"async\" class=\"image content-image image_placeholder\" src=\"https:\/\/tn.com.ar\/resizer\/v2\/wanda-nara-mostro-en-detalle-sus-complementos-de-playa-foto-instagramwandanara-NIM4RBKFBNC6HGBAABES4ULRXI.jpg?auth=e5e7f8f7cb40bfbc7447369b439b55777ca05c8e93858d564ed9561013396a17&amp;width=767\" alt=\"Wanda Nara mostr\u00f3 en detalle sus complementos de playa. (Foto: Instagram\/@wanda_nara)\" width=\"767\" height=\"1363\" data-testid=\"loading-testid\" \/><\/picture><\/div><figcaption class=\"caption_image\" data-testid=\"figcaption-testid\">\n<div class=\"image_caption \">Wanda Nara mostr\u00f3 en detalle sus complementos de playa. (Foto: Instagram\/@wanda_nara)<\/div>\n<\/figcaption><\/figure>\n<p class=\"paragraph font__body-regular\">Pero esto no fue todo y remat\u00f3 la apuesta con un par de<b>\u00a0sandalias de playa<\/b>\u00a0igual de lujosas. Se trata del modelo\u00a0<b>Genius de Herm\u00e8s<\/b>, confeccionado en\u00a0<b>piel de cabra<\/b>, que la empresaria eligi\u00f3 en un tono vis\u00f3n y tiene un valor de<b>\u00a01.100 d\u00f3lares<\/b>\u00a0seg\u00fan el sitio web de la casa de moda francesa.<\/p>\n<figure class=\"\" data-testid=\"figure-testid\">\n<div class=\"aspect_ratio__container\"><picture class=\"responsive-image\"><source srcset=\"https:\/\/tn.com.ar\/resizer\/v2\/los-complementos-de-lujo-de-wanda-nara-en-mallorca-foto-instagramwandanara-Y4I6AVHZ5VDDHC6S4S6OFZC3QM.jpg?auth=42ab97d3e26d0a8e266e08153b1a27ca20bdc354bbace1dad3853ae6a98f61e3&amp;width=767\" type=\"image\/jpg\" media=\"(max-width: 728px)\" \/><source srcset=\"https:\/\/tn.com.ar\/resizer\/v2\/los-complementos-de-lujo-de-wanda-nara-en-mallorca-foto-instagramwandanara-Y4I6AVHZ5VDDHC6S4S6OFZC3QM.jpg?auth=42ab97d3e26d0a8e266e08153b1a27ca20bdc354bbace1dad3853ae6a98f61e3&amp;width=1023\" type=\"image\/jpg\" media=\"(max-width: 1023px)\" \/><source srcset=\"https:\/\/tn.com.ar\/resizer\/v2\/los-complementos-de-lujo-de-wanda-nara-en-mallorca-foto-instagramwandanara-Y4I6AVHZ5VDDHC6S4S6OFZC3QM.jpg?auth=42ab97d3e26d0a8e266e08153b1a27ca20bdc354bbace1dad3853ae6a98f61e3&amp;width=1440\" type=\"image\/jpg\" \/><img loading=\"lazy\" decoding=\"async\" class=\"image content-image image_placeholder\" src=\"https:\/\/tn.com.ar\/resizer\/v2\/los-complementos-de-lujo-de-wanda-nara-en-mallorca-foto-instagramwandanara-Y4I6AVHZ5VDDHC6S4S6OFZC3QM.jpg?auth=42ab97d3e26d0a8e266e08153b1a27ca20bdc354bbace1dad3853ae6a98f61e3&amp;width=767\" alt=\"Los complementos de lujo de Wanda Nara en Mallorca. (Foto: Instagram\/@wanda_nara)\" width=\"767\" height=\"1363\" data-testid=\"loading-testid\" \/><\/picture><\/div><figcaption class=\"caption_image\" data-testid=\"figcaption-testid\">\n<div class=\"image_caption \">Los complementos de lujo de Wanda Nara en Mallorca. (Foto: Instagram\/@wanda_nara)<\/div>\n<\/figcaption><\/figure>\n<h2 class=\"font--primary font__display\">Wanda Nara con enterizo rojo junto a L-Gante<\/h2>\n<p class=\"paragraph font__body-regular\">Algunas horas antes, l<i>a ex\u00a0<\/i>de Mauro Icardi se mostr\u00f3 en redes junto a L-Gante, disfrutando de las olas y el sol. Lo hizo con una<b>\u00a0enteriza cavada en color rojo vibrante<\/b>\u00a0con\u00a0<b>breteles finos<\/b>\u00a0y<b>\u00a0espalda al descubierto<\/b>. La parte trasera, en formato<i><b>\u00a0colaless<\/b><\/i>, marc\u00f3 la silueta y dej\u00f3 al descubierto su piel bronceada.<\/p>\n<figure class=\"\" data-testid=\"figure-testid\">\n<div class=\"aspect_ratio__container\"><picture class=\"responsive-image\"><source srcset=\"https:\/\/tn.com.ar\/resizer\/v2\/wanda-nara-en-enteriza-roja-foto-instagramwandanara-SEIFMYW7XZGYLBDSLDWOZ2VNVQ.jpg?auth=4d4b2a71f9cc572aba01257ff9aa881d94d4ad17f73c544934744eef2202fbff&amp;width=767\" type=\"image\/jpg\" media=\"(max-width: 728px)\" \/><source srcset=\"https:\/\/tn.com.ar\/resizer\/v2\/wanda-nara-en-enteriza-roja-foto-instagramwandanara-SEIFMYW7XZGYLBDSLDWOZ2VNVQ.jpg?auth=4d4b2a71f9cc572aba01257ff9aa881d94d4ad17f73c544934744eef2202fbff&amp;width=1023\" type=\"image\/jpg\" media=\"(max-width: 1023px)\" \/><source srcset=\"https:\/\/tn.com.ar\/resizer\/v2\/wanda-nara-en-enteriza-roja-foto-instagramwandanara-SEIFMYW7XZGYLBDSLDWOZ2VNVQ.jpg?auth=4d4b2a71f9cc572aba01257ff9aa881d94d4ad17f73c544934744eef2202fbff&amp;width=1440\" type=\"image\/jpg\" \/><img loading=\"lazy\" decoding=\"async\" class=\"image content-image image_placeholder\" src=\"https:\/\/tn.com.ar\/resizer\/v2\/wanda-nara-en-enteriza-roja-foto-instagramwandanara-SEIFMYW7XZGYLBDSLDWOZ2VNVQ.jpg?auth=4d4b2a71f9cc572aba01257ff9aa881d94d4ad17f73c544934744eef2202fbff&amp;width=767\" alt=\"Wanda Nara en enteriza roja. (Foto: Instagram\/@wanda_nara).\" width=\"767\" height=\"1323\" data-testid=\"loading-testid\" \/><\/picture><\/div><figcaption class=\"caption_image\" data-testid=\"figcaption-testid\">\n<div class=\"image_caption \">Wanda Nara en enteriza roja. (Foto: Instagram\/@wanda_nara).<\/div>\n<\/figcaption><\/figure>\n<p class=\"paragraph font__body-regular\">Sobre el traje de ba\u00f1o, sum\u00f3 un\u00a0<b>pareo tejido blanco<\/b>, de corte largo y calado, que dej\u00f3 entrever el traje de ba\u00f1o rojo fuego por debajo. Complet\u00f3 el estilismo con un\u00a0<b>pa\u00f1uelo de seda con logo de Gucci en blanco y gris,\u00a0<\/b>que llev\u00f3 atado sobre la cabeza, y unas\u00a0<b>gafas de sol negras rectangulares<\/b>. Al hombro, sum\u00f3 un bolso de lona\u00a0<b>Dior Tote\u00a0<\/b>con monograma y detalles en tonos marr\u00f3n, crudo y negro.<\/p>\n<figure class=\"\" data-testid=\"figure-testid\">\n<div class=\"aspect_ratio__container\"><picture class=\"responsive-image\"><source srcset=\"https:\/\/tn.com.ar\/resizer\/v2\/wanda-nara-en-mallorca-foto-instagramwandanara-4FY67PRACRE3FI765TCXQ2TJ6U.jpg?auth=2944721f29a769889c1645181c380333c2f48fb79add549be7931352265ab18f&amp;width=767\" type=\"image\/jpg\" media=\"(max-width: 728px)\" \/><source srcset=\"https:\/\/tn.com.ar\/resizer\/v2\/wanda-nara-en-mallorca-foto-instagramwandanara-4FY67PRACRE3FI765TCXQ2TJ6U.jpg?auth=2944721f29a769889c1645181c380333c2f48fb79add549be7931352265ab18f&amp;width=1023\" type=\"image\/jpg\" media=\"(max-width: 1023px)\" \/><source srcset=\"https:\/\/tn.com.ar\/resizer\/v2\/wanda-nara-en-mallorca-foto-instagramwandanara-4FY67PRACRE3FI765TCXQ2TJ6U.jpg?auth=2944721f29a769889c1645181c380333c2f48fb79add549be7931352265ab18f&amp;width=1440\" type=\"image\/jpg\" \/><img loading=\"lazy\" decoding=\"async\" class=\"image content-image image_placeholder\" src=\"https:\/\/tn.com.ar\/resizer\/v2\/wanda-nara-en-mallorca-foto-instagramwandanara-4FY67PRACRE3FI765TCXQ2TJ6U.jpg?auth=2944721f29a769889c1645181c380333c2f48fb79add549be7931352265ab18f&amp;width=767\" alt=\"Wanda Nara en Mallorca. (Foto: Instagram\/@wanda_nara).\" width=\"767\" height=\"1177\" data-testid=\"loading-testid\" \/><\/picture><\/div><figcaption class=\"caption_image\" data-testid=\"figcaption-testid\">\n<div class=\"image_caption \">Wanda Nara en Mallorca. (Foto: Instagram\/@wanda_nara).<\/div>\n<\/figcaption><\/figure>\n","protected":false},"excerpt":{"rendered":"<p>A trav\u00e9s de sus historias, mostr\u00f3 un audaz look de playa que complement\u00f3 con sandalias Herm\u00e8s de piel de cabra. Despu\u00e9s de pasar unos d\u00edas en el sur argentino junto a sus hijos, donde sorprendi\u00f3 con los m\u00e1s audaces looks de nieve,\u00a0Wanda Nara\u00a0aterriz\u00f3 en Espa\u00f1a para disfrutar del verano europeo con todo el estilo y [&hellip;]<\/p>\n","protected":false},"author":1,"featured_media":3424,"comment_status":"open","ping_status":"open","sticky":false,"template":"","format":"standard","meta":{"rop_custom_images_group":[],"rop_custom_messages_group":[],"rop_publish_now":"initial","rop_publish_now_accounts":[],"rop_publish_now_history":[],"rop_publish_now_status":"pending","footnotes":"","jetpack_publicize_message":"","jetpack_publicize_feature_enabled":true,"jetpack_social_post_already_shared":true,"jetpack_social_options":{"image_generator_settings":{"template":"highway","enabled":false},"version":2}},"categories":[14],"tags":[],"class_list":{"0":"post-3423","1":"post","2":"type-post","3":"status-publish","4":"format-standard","5":"has-post-thumbnail","7":"category-chica-hot"},"jetpack_publicize_connections":[],"yoast_head":"<!-- This site is optimized with the Yoast SEO plugin v27.3 - https:\/\/yoast.com\/product\/yoast-seo-wordpress\/ -->\n<title>Wanda Nara se pasea con transparencias y marcas de lujo con L-Gante, sin hacer caso al video de Mauro Icardi - CLAN ESPECTACULOS<\/title>\n<meta name=\"robots\" content=\"index, follow, max-snippet:-1, max-image-preview:large, max-video-preview:-1\" \/>\n<link rel=\"canonical\" href=\"https:\/\/radioclanfm.com\/clanespectaculos\/wanda-nara-se-pasea-con-transparencias-y-marcas-de-lujo-con-l-gante-sin-hacer-caso-al-video-de-mauro-icardi\/\" \/>\n<meta property=\"og:locale\" content=\"es_ES\" \/>\n<meta property=\"og:type\" content=\"article\" \/>\n<meta property=\"og:title\" content=\"Wanda Nara se pasea con transparencias y marcas de lujo con L-Gante, sin hacer caso al video de Mauro Icardi - CLAN ESPECTACULOS\" \/>\n<meta property=\"og:description\" content=\"A trav\u00e9s de sus historias, mostr\u00f3 un audaz look de playa que complement\u00f3 con sandalias Herm\u00e8s de piel de cabra. Despu\u00e9s de pasar unos d\u00edas en el sur argentino junto a sus hijos, donde sorprendi\u00f3 con los m\u00e1s audaces looks de nieve,\u00a0Wanda Nara\u00a0aterriz\u00f3 en Espa\u00f1a para disfrutar del verano europeo con todo el estilo y [&hellip;]\" \/>\n<meta property=\"og:url\" content=\"https:\/\/radioclanfm.com\/clanespectaculos\/wanda-nara-se-pasea-con-transparencias-y-marcas-de-lujo-con-l-gante-sin-hacer-caso-al-video-de-mauro-icardi\/\" \/>\n<meta property=\"og:site_name\" content=\"CLAN ESPECTACULOS\" \/>\n<meta property=\"article:publisher\" content=\"https:\/\/www.facebook.com\/clanespectaculos\/\" \/>\n<meta property=\"article:published_time\" content=\"2025-07-25T12:31:53+00:00\" \/>\n<meta property=\"og:image\" content=\"https:\/\/radioclanfm.com\/clanespectaculos\/wp-content\/uploads\/sites\/2\/2025\/07\/87atWm6z.jpg\" \/>\n\t<meta property=\"og:image:width\" content=\"900\" \/>\n\t<meta property=\"og:image:height\" content=\"505\" \/>\n\t<meta property=\"og:image:type\" content=\"image\/jpeg\" \/>\n<meta name=\"author\" content=\"E-GRUPOCLAN\" \/>\n<meta name=\"twitter:card\" content=\"summary_large_image\" \/>\n<meta name=\"twitter:creator\" content=\"@clanespectok\" \/>\n<meta name=\"twitter:site\" content=\"@clanespectok\" \/>\n<meta name=\"twitter:label1\" content=\"Escrito por\" \/>\n\t<meta name=\"twitter:data1\" content=\"E-GRUPOCLAN\" \/>\n\t<meta name=\"twitter:label2\" content=\"Tiempo de lectura\" \/>\n\t<meta name=\"twitter:data2\" content=\"2 minutos\" \/>\n<script type=\"application\/ld+json\" class=\"yoast-schema-graph\">{\"@context\":\"https:\\\/\\\/schema.org\",\"@graph\":[{\"@type\":\"Article\",\"@id\":\"https:\\\/\\\/radioclanfm.com\\\/clanespectaculos\\\/wanda-nara-se-pasea-con-transparencias-y-marcas-de-lujo-con-l-gante-sin-hacer-caso-al-video-de-mauro-icardi\\\/#article\",\"isPartOf\":{\"@id\":\"https:\\\/\\\/radioclanfm.com\\\/clanespectaculos\\\/wanda-nara-se-pasea-con-transparencias-y-marcas-de-lujo-con-l-gante-sin-hacer-caso-al-video-de-mauro-icardi\\\/\"},\"author\":{\"name\":\"E-GRUPOCLAN\",\"@id\":\"https:\\\/\\\/radioclanfm.com\\\/clanespectaculos\\\/#\\\/schema\\\/person\\\/9734813083303230f3ad84d99171b20c\"},\"headline\":\"Wanda Nara se pasea con transparencias y marcas de lujo con L-Gante, sin hacer caso al video de Mauro Icardi\",\"datePublished\":\"2025-07-25T12:31:53+00:00\",\"mainEntityOfPage\":{\"@id\":\"https:\\\/\\\/radioclanfm.com\\\/clanespectaculos\\\/wanda-nara-se-pasea-con-transparencias-y-marcas-de-lujo-con-l-gante-sin-hacer-caso-al-video-de-mauro-icardi\\\/\"},\"wordCount\":495,\"commentCount\":0,\"publisher\":{\"@id\":\"https:\\\/\\\/radioclanfm.com\\\/clanespectaculos\\\/#organization\"},\"image\":{\"@id\":\"https:\\\/\\\/radioclanfm.com\\\/clanespectaculos\\\/wanda-nara-se-pasea-con-transparencias-y-marcas-de-lujo-con-l-gante-sin-hacer-caso-al-video-de-mauro-icardi\\\/#primaryimage\"},\"thumbnailUrl\":\"https:\\\/\\\/radioclanfm.com\\\/clanespectaculos\\\/wp-content\\\/uploads\\\/sites\\\/2\\\/2025\\\/07\\\/87atWm6z.jpg\",\"articleSection\":[\"CHICA HOT\"],\"inLanguage\":\"es-AR\",\"potentialAction\":[{\"@type\":\"CommentAction\",\"name\":\"Comment\",\"target\":[\"https:\\\/\\\/radioclanfm.com\\\/clanespectaculos\\\/wanda-nara-se-pasea-con-transparencias-y-marcas-de-lujo-con-l-gante-sin-hacer-caso-al-video-de-mauro-icardi\\\/#respond\"]}]},{\"@type\":\"WebPage\",\"@id\":\"https:\\\/\\\/radioclanfm.com\\\/clanespectaculos\\\/wanda-nara-se-pasea-con-transparencias-y-marcas-de-lujo-con-l-gante-sin-hacer-caso-al-video-de-mauro-icardi\\\/\",\"url\":\"https:\\\/\\\/radioclanfm.com\\\/clanespectaculos\\\/wanda-nara-se-pasea-con-transparencias-y-marcas-de-lujo-con-l-gante-sin-hacer-caso-al-video-de-mauro-icardi\\\/\",\"name\":\"Wanda Nara se pasea con transparencias y marcas de lujo con L-Gante, sin hacer caso al video de Mauro Icardi - CLAN ESPECTACULOS\",\"isPartOf\":{\"@id\":\"https:\\\/\\\/radioclanfm.com\\\/clanespectaculos\\\/#website\"},\"primaryImageOfPage\":{\"@id\":\"https:\\\/\\\/radioclanfm.com\\\/clanespectaculos\\\/wanda-nara-se-pasea-con-transparencias-y-marcas-de-lujo-con-l-gante-sin-hacer-caso-al-video-de-mauro-icardi\\\/#primaryimage\"},\"image\":{\"@id\":\"https:\\\/\\\/radioclanfm.com\\\/clanespectaculos\\\/wanda-nara-se-pasea-con-transparencias-y-marcas-de-lujo-con-l-gante-sin-hacer-caso-al-video-de-mauro-icardi\\\/#primaryimage\"},\"thumbnailUrl\":\"https:\\\/\\\/radioclanfm.com\\\/clanespectaculos\\\/wp-content\\\/uploads\\\/sites\\\/2\\\/2025\\\/07\\\/87atWm6z.jpg\",\"datePublished\":\"2025-07-25T12:31:53+00:00\",\"breadcrumb\":{\"@id\":\"https:\\\/\\\/radioclanfm.com\\\/clanespectaculos\\\/wanda-nara-se-pasea-con-transparencias-y-marcas-de-lujo-con-l-gante-sin-hacer-caso-al-video-de-mauro-icardi\\\/#breadcrumb\"},\"inLanguage\":\"es-AR\",\"potentialAction\":[{\"@type\":\"ReadAction\",\"target\":[\"https:\\\/\\\/radioclanfm.com\\\/clanespectaculos\\\/wanda-nara-se-pasea-con-transparencias-y-marcas-de-lujo-con-l-gante-sin-hacer-caso-al-video-de-mauro-icardi\\\/\"]}]},{\"@type\":\"ImageObject\",\"inLanguage\":\"es-AR\",\"@id\":\"https:\\\/\\\/radioclanfm.com\\\/clanespectaculos\\\/wanda-nara-se-pasea-con-transparencias-y-marcas-de-lujo-con-l-gante-sin-hacer-caso-al-video-de-mauro-icardi\\\/#primaryimage\",\"url\":\"https:\\\/\\\/radioclanfm.com\\\/clanespectaculos\\\/wp-content\\\/uploads\\\/sites\\\/2\\\/2025\\\/07\\\/87atWm6z.jpg\",\"contentUrl\":\"https:\\\/\\\/radioclanfm.com\\\/clanespectaculos\\\/wp-content\\\/uploads\\\/sites\\\/2\\\/2025\\\/07\\\/87atWm6z.jpg\",\"width\":900,\"height\":505},{\"@type\":\"BreadcrumbList\",\"@id\":\"https:\\\/\\\/radioclanfm.com\\\/clanespectaculos\\\/wanda-nara-se-pasea-con-transparencias-y-marcas-de-lujo-con-l-gante-sin-hacer-caso-al-video-de-mauro-icardi\\\/#breadcrumb\",\"itemListElement\":[{\"@type\":\"ListItem\",\"position\":1,\"name\":\"Inicio\",\"item\":\"https:\\\/\\\/radioclanfm.com\\\/clanespectaculos\\\/\"},{\"@type\":\"ListItem\",\"position\":2,\"name\":\"Wanda Nara se pasea con transparencias y marcas de lujo con L-Gante, sin hacer caso al video de Mauro Icardi\"}]},{\"@type\":\"WebSite\",\"@id\":\"https:\\\/\\\/radioclanfm.com\\\/clanespectaculos\\\/#website\",\"url\":\"https:\\\/\\\/radioclanfm.com\\\/clanespectaculos\\\/\",\"name\":\"CLAN ESPECTACULOS\",\"description\":\"\",\"publisher\":{\"@id\":\"https:\\\/\\\/radioclanfm.com\\\/clanespectaculos\\\/#organization\"},\"potentialAction\":[{\"@type\":\"SearchAction\",\"target\":{\"@type\":\"EntryPoint\",\"urlTemplate\":\"https:\\\/\\\/radioclanfm.com\\\/clanespectaculos\\\/?s={search_term_string}\"},\"query-input\":{\"@type\":\"PropertyValueSpecification\",\"valueRequired\":true,\"valueName\":\"search_term_string\"}}],\"inLanguage\":\"es-AR\"},{\"@type\":\"Organization\",\"@id\":\"https:\\\/\\\/radioclanfm.com\\\/clanespectaculos\\\/#organization\",\"name\":\"CLAN ESPECTACULOS\",\"url\":\"https:\\\/\\\/radioclanfm.com\\\/clanespectaculos\\\/\",\"logo\":{\"@type\":\"ImageObject\",\"inLanguage\":\"es-AR\",\"@id\":\"https:\\\/\\\/radioclanfm.com\\\/clanespectaculos\\\/#\\\/schema\\\/logo\\\/image\\\/\",\"url\":\"https:\\\/\\\/radioclanfm.com\\\/clanespectaculos\\\/wp-content\\\/uploads\\\/sites\\\/2\\\/2026\\\/04\\\/ChatGPT-Image-23-mar-2026-10_09_00.png\",\"contentUrl\":\"https:\\\/\\\/radioclanfm.com\\\/clanespectaculos\\\/wp-content\\\/uploads\\\/sites\\\/2\\\/2026\\\/04\\\/ChatGPT-Image-23-mar-2026-10_09_00.png\",\"width\":1024,\"height\":1024,\"caption\":\"CLAN ESPECTACULOS\"},\"image\":{\"@id\":\"https:\\\/\\\/radioclanfm.com\\\/clanespectaculos\\\/#\\\/schema\\\/logo\\\/image\\\/\"},\"sameAs\":[\"https:\\\/\\\/www.facebook.com\\\/clanespectaculos\\\/\",\"https:\\\/\\\/x.com\\\/clanespectok\"]},{\"@type\":\"Person\",\"@id\":\"https:\\\/\\\/radioclanfm.com\\\/clanespectaculos\\\/#\\\/schema\\\/person\\\/9734813083303230f3ad84d99171b20c\",\"name\":\"E-GRUPOCLAN\",\"image\":{\"@type\":\"ImageObject\",\"inLanguage\":\"es-AR\",\"@id\":\"https:\\\/\\\/secure.gravatar.com\\\/avatar\\\/af6e19837c3d6a212034a48c7b3818d2ac1826f6025df0155da5a186ad321d79?s=96&d=mm&r=g\",\"url\":\"https:\\\/\\\/secure.gravatar.com\\\/avatar\\\/af6e19837c3d6a212034a48c7b3818d2ac1826f6025df0155da5a186ad321d79?s=96&d=mm&r=g\",\"contentUrl\":\"https:\\\/\\\/secure.gravatar.com\\\/avatar\\\/af6e19837c3d6a212034a48c7b3818d2ac1826f6025df0155da5a186ad321d79?s=96&d=mm&r=g\",\"caption\":\"E-GRUPOCLAN\"},\"sameAs\":[\"https:\\\/\\\/radioclanfm.com\"],\"url\":\"https:\\\/\\\/radioclanfm.com\\\/clanespectaculos\\\/author\\\/admin\\\/\"}]}<\/script>\n<!-- \/ Yoast SEO plugin. -->","yoast_head_json":{"title":"Wanda Nara se pasea con transparencias y marcas de lujo con L-Gante, sin hacer caso al video de Mauro Icardi - CLAN ESPECTACULOS","robots":{"index":"index","follow":"follow","max-snippet":"max-snippet:-1","max-image-preview":"max-image-preview:large","max-video-preview":"max-video-preview:-1"},"canonical":"https:\/\/radioclanfm.com\/clanespectaculos\/wanda-nara-se-pasea-con-transparencias-y-marcas-de-lujo-con-l-gante-sin-hacer-caso-al-video-de-mauro-icardi\/","og_locale":"es_ES","og_type":"article","og_title":"Wanda Nara se pasea con transparencias y marcas de lujo con L-Gante, sin hacer caso al video de Mauro Icardi - CLAN ESPECTACULOS","og_description":"A trav\u00e9s de sus historias, mostr\u00f3 un audaz look de playa que complement\u00f3 con sandalias Herm\u00e8s de piel de cabra. Despu\u00e9s de pasar unos d\u00edas en el sur argentino junto a sus hijos, donde sorprendi\u00f3 con los m\u00e1s audaces looks de nieve,\u00a0Wanda Nara\u00a0aterriz\u00f3 en Espa\u00f1a para disfrutar del verano europeo con todo el estilo y [&hellip;]","og_url":"https:\/\/radioclanfm.com\/clanespectaculos\/wanda-nara-se-pasea-con-transparencias-y-marcas-de-lujo-con-l-gante-sin-hacer-caso-al-video-de-mauro-icardi\/","og_site_name":"CLAN ESPECTACULOS","article_publisher":"https:\/\/www.facebook.com\/clanespectaculos\/","article_published_time":"2025-07-25T12:31:53+00:00","og_image":[{"width":900,"height":505,"url":"https:\/\/radioclanfm.com\/clanespectaculos\/wp-content\/uploads\/sites\/2\/2025\/07\/87atWm6z.jpg","type":"image\/jpeg"}],"author":"E-GRUPOCLAN","twitter_card":"summary_large_image","twitter_creator":"@clanespectok","twitter_site":"@clanespectok","twitter_misc":{"Escrito por":"E-GRUPOCLAN","Tiempo de lectura":"2 minutos"},"schema":{"@context":"https:\/\/schema.org","@graph":[{"@type":"Article","@id":"https:\/\/radioclanfm.com\/clanespectaculos\/wanda-nara-se-pasea-con-transparencias-y-marcas-de-lujo-con-l-gante-sin-hacer-caso-al-video-de-mauro-icardi\/#article","isPartOf":{"@id":"https:\/\/radioclanfm.com\/clanespectaculos\/wanda-nara-se-pasea-con-transparencias-y-marcas-de-lujo-con-l-gante-sin-hacer-caso-al-video-de-mauro-icardi\/"},"author":{"name":"E-GRUPOCLAN","@id":"https:\/\/radioclanfm.com\/clanespectaculos\/#\/schema\/person\/9734813083303230f3ad84d99171b20c"},"headline":"Wanda Nara se pasea con transparencias y marcas de lujo con L-Gante, sin hacer caso al video de Mauro Icardi","datePublished":"2025-07-25T12:31:53+00:00","mainEntityOfPage":{"@id":"https:\/\/radioclanfm.com\/clanespectaculos\/wanda-nara-se-pasea-con-transparencias-y-marcas-de-lujo-con-l-gante-sin-hacer-caso-al-video-de-mauro-icardi\/"},"wordCount":495,"commentCount":0,"publisher":{"@id":"https:\/\/radioclanfm.com\/clanespectaculos\/#organization"},"image":{"@id":"https:\/\/radioclanfm.com\/clanespectaculos\/wanda-nara-se-pasea-con-transparencias-y-marcas-de-lujo-con-l-gante-sin-hacer-caso-al-video-de-mauro-icardi\/#primaryimage"},"thumbnailUrl":"https:\/\/radioclanfm.com\/clanespectaculos\/wp-content\/uploads\/sites\/2\/2025\/07\/87atWm6z.jpg","articleSection":["CHICA HOT"],"inLanguage":"es-AR","potentialAction":[{"@type":"CommentAction","name":"Comment","target":["https:\/\/radioclanfm.com\/clanespectaculos\/wanda-nara-se-pasea-con-transparencias-y-marcas-de-lujo-con-l-gante-sin-hacer-caso-al-video-de-mauro-icardi\/#respond"]}]},{"@type":"WebPage","@id":"https:\/\/radioclanfm.com\/clanespectaculos\/wanda-nara-se-pasea-con-transparencias-y-marcas-de-lujo-con-l-gante-sin-hacer-caso-al-video-de-mauro-icardi\/","url":"https:\/\/radioclanfm.com\/clanespectaculos\/wanda-nara-se-pasea-con-transparencias-y-marcas-de-lujo-con-l-gante-sin-hacer-caso-al-video-de-mauro-icardi\/","name":"Wanda Nara se pasea con transparencias y marcas de lujo con L-Gante, sin hacer caso al video de Mauro Icardi - CLAN ESPECTACULOS","isPartOf":{"@id":"https:\/\/radioclanfm.com\/clanespectaculos\/#website"},"primaryImageOfPage":{"@id":"https:\/\/radioclanfm.com\/clanespectaculos\/wanda-nara-se-pasea-con-transparencias-y-marcas-de-lujo-con-l-gante-sin-hacer-caso-al-video-de-mauro-icardi\/#primaryimage"},"image":{"@id":"https:\/\/radioclanfm.com\/clanespectaculos\/wanda-nara-se-pasea-con-transparencias-y-marcas-de-lujo-con-l-gante-sin-hacer-caso-al-video-de-mauro-icardi\/#primaryimage"},"thumbnailUrl":"https:\/\/radioclanfm.com\/clanespectaculos\/wp-content\/uploads\/sites\/2\/2025\/07\/87atWm6z.jpg","datePublished":"2025-07-25T12:31:53+00:00","breadcrumb":{"@id":"https:\/\/radioclanfm.com\/clanespectaculos\/wanda-nara-se-pasea-con-transparencias-y-marcas-de-lujo-con-l-gante-sin-hacer-caso-al-video-de-mauro-icardi\/#breadcrumb"},"inLanguage":"es-AR","potentialAction":[{"@type":"ReadAction","target":["https:\/\/radioclanfm.com\/clanespectaculos\/wanda-nara-se-pasea-con-transparencias-y-marcas-de-lujo-con-l-gante-sin-hacer-caso-al-video-de-mauro-icardi\/"]}]},{"@type":"ImageObject","inLanguage":"es-AR","@id":"https:\/\/radioclanfm.com\/clanespectaculos\/wanda-nara-se-pasea-con-transparencias-y-marcas-de-lujo-con-l-gante-sin-hacer-caso-al-video-de-mauro-icardi\/#primaryimage","url":"https:\/\/radioclanfm.com\/clanespectaculos\/wp-content\/uploads\/sites\/2\/2025\/07\/87atWm6z.jpg","contentUrl":"https:\/\/radioclanfm.com\/clanespectaculos\/wp-content\/uploads\/sites\/2\/2025\/07\/87atWm6z.jpg","width":900,"height":505},{"@type":"BreadcrumbList","@id":"https:\/\/radioclanfm.com\/clanespectaculos\/wanda-nara-se-pasea-con-transparencias-y-marcas-de-lujo-con-l-gante-sin-hacer-caso-al-video-de-mauro-icardi\/#breadcrumb","itemListElement":[{"@type":"ListItem","position":1,"name":"Inicio","item":"https:\/\/radioclanfm.com\/clanespectaculos\/"},{"@type":"ListItem","position":2,"name":"Wanda Nara se pasea con transparencias y marcas de lujo con L-Gante, sin hacer caso al video de Mauro Icardi"}]},{"@type":"WebSite","@id":"https:\/\/radioclanfm.com\/clanespectaculos\/#website","url":"https:\/\/radioclanfm.com\/clanespectaculos\/","name":"CLAN ESPECTACULOS","description":"","publisher":{"@id":"https:\/\/radioclanfm.com\/clanespectaculos\/#organization"},"potentialAction":[{"@type":"SearchAction","target":{"@type":"EntryPoint","urlTemplate":"https:\/\/radioclanfm.com\/clanespectaculos\/?s={search_term_string}"},"query-input":{"@type":"PropertyValueSpecification","valueRequired":true,"valueName":"search_term_string"}}],"inLanguage":"es-AR"},{"@type":"Organization","@id":"https:\/\/radioclanfm.com\/clanespectaculos\/#organization","name":"CLAN ESPECTACULOS","url":"https:\/\/radioclanfm.com\/clanespectaculos\/","logo":{"@type":"ImageObject","inLanguage":"es-AR","@id":"https:\/\/radioclanfm.com\/clanespectaculos\/#\/schema\/logo\/image\/","url":"https:\/\/radioclanfm.com\/clanespectaculos\/wp-content\/uploads\/sites\/2\/2026\/04\/ChatGPT-Image-23-mar-2026-10_09_00.png","contentUrl":"https:\/\/radioclanfm.com\/clanespectaculos\/wp-content\/uploads\/sites\/2\/2026\/04\/ChatGPT-Image-23-mar-2026-10_09_00.png","width":1024,"height":1024,"caption":"CLAN ESPECTACULOS"},"image":{"@id":"https:\/\/radioclanfm.com\/clanespectaculos\/#\/schema\/logo\/image\/"},"sameAs":["https:\/\/www.facebook.com\/clanespectaculos\/","https:\/\/x.com\/clanespectok"]},{"@type":"Person","@id":"https:\/\/radioclanfm.com\/clanespectaculos\/#\/schema\/person\/9734813083303230f3ad84d99171b20c","name":"E-GRUPOCLAN","image":{"@type":"ImageObject","inLanguage":"es-AR","@id":"https:\/\/secure.gravatar.com\/avatar\/af6e19837c3d6a212034a48c7b3818d2ac1826f6025df0155da5a186ad321d79?s=96&d=mm&r=g","url":"https:\/\/secure.gravatar.com\/avatar\/af6e19837c3d6a212034a48c7b3818d2ac1826f6025df0155da5a186ad321d79?s=96&d=mm&r=g","contentUrl":"https:\/\/secure.gravatar.com\/avatar\/af6e19837c3d6a212034a48c7b3818d2ac1826f6025df0155da5a186ad321d79?s=96&d=mm&r=g","caption":"E-GRUPOCLAN"},"sameAs":["https:\/\/radioclanfm.com"],"url":"https:\/\/radioclanfm.com\/clanespectaculos\/author\/admin\/"}]}},"_links":{"self":[{"href":"https:\/\/radioclanfm.com\/clanespectaculos\/wp-json\/wp\/v2\/posts\/3423","targetHints":{"allow":["GET"]}}],"collection":[{"href":"https:\/\/radioclanfm.com\/clanespectaculos\/wp-json\/wp\/v2\/posts"}],"about":[{"href":"https:\/\/radioclanfm.com\/clanespectaculos\/wp-json\/wp\/v2\/types\/post"}],"author":[{"embeddable":true,"href":"https:\/\/radioclanfm.com\/clanespectaculos\/wp-json\/wp\/v2\/users\/1"}],"replies":[{"embeddable":true,"href":"https:\/\/radioclanfm.com\/clanespectaculos\/wp-json\/wp\/v2\/comments?post=3423"}],"version-history":[{"count":1,"href":"https:\/\/radioclanfm.com\/clanespectaculos\/wp-json\/wp\/v2\/posts\/3423\/revisions"}],"predecessor-version":[{"id":3425,"href":"https:\/\/radioclanfm.com\/clanespectaculos\/wp-json\/wp\/v2\/posts\/3423\/revisions\/3425"}],"wp:featuredmedia":[{"embeddable":true,"href":"https:\/\/radioclanfm.com\/clanespectaculos\/wp-json\/wp\/v2\/media\/3424"}],"wp:attachment":[{"href":"https:\/\/radioclanfm.com\/clanespectaculos\/wp-json\/wp\/v2\/media?parent=3423"}],"wp:term":[{"taxonomy":"category","embeddable":true,"href":"https:\/\/radioclanfm.com\/clanespectaculos\/wp-json\/wp\/v2\/categories?post=3423"},{"taxonomy":"post_tag","embeddable":true,"href":"https:\/\/radioclanfm.com\/clanespectaculos\/wp-json\/wp\/v2\/tags?post=3423"}],"curies":[{"name":"wp","href":"https:\/\/api.w.org\/{rel}","templated":true}]}}