{"id":3411,"date":"2025-07-25T09:26:36","date_gmt":"2025-07-25T12:26:36","guid":{"rendered":"https:\/\/radioclanfm.com\/clanespectaculos\/?p=3411"},"modified":"2025-07-25T09:26:36","modified_gmt":"2025-07-25T12:26:36","slug":"decile-adios-al-total-black-el-color-que-domina-todos-los-looks-de-noche-este-ano","status":"publish","type":"post","link":"https:\/\/radioclanfm.com\/clanespectaculos\/decile-adios-al-total-black-el-color-que-domina-todos-los-looks-de-noche-este-ano\/","title":{"rendered":"Decile adi\u00f3s al total black: el color que domina todos los looks de noche este a\u00f1o"},"content":{"rendered":"<p>Una tonalidad c\u00e1lida, sofisticada y vers\u00e1til se impone en las salidas nocturnas.<\/p>\n<p class=\"paragraph font__body-regular\">Durante a\u00f1os, el negro fue sin\u00f3nimo de elegancia para la noche. Infalible, atemporal y favorecedor, supo ocupar el centro de la escena en fiestas, eventos y cenas. Pero en este 2025, una nueva alternativa gana terreno y se corona como la gran protagonista de los estilismos after\u00a0<i>dark<\/i>:\u00a0<b>el\u00a0<\/b><i><b>mocha mousse<\/b><\/i><b>, un marr\u00f3n suave con matices c\u00e1lidos\u00a0<\/b>que aporta profundidad sin recurrir al contraste extremo.<\/p>\n<div id=\"ad-slot-infeed\" class=\"infeed-container ad-slot-infeed ad-slot\" data-adtype=\"infeed\" data-google-query-id=\"CKaYytWA2I4DFehK3QIdJ8I2lw\">\n<div id=\"google_ads_iframe_\/113951150\/tn-arc\/nota\/infeed_0__container__\"><\/div>\n<\/div>\n<p class=\"paragraph font__body-regular\">Lejos de los tonos vibrantes o los neones, el\u00a0<i>mocha mousse<\/i>\u00a0propone una forma m\u00e1s\u00a0<b>sutil y refinada<\/b>\u00a0de destacar. La clave de su \u00e9xito est\u00e1 en su\u00a0<b>equilibrio<\/b>: no es ni demasiado oscuro ni demasiado claro, lo que lo convierte en una opci\u00f3n ideal para vestidos lenceros, conjuntos sastreros, pantalones amplios y blusas al cuerpo. Adem\u00e1s, combina con dorado, plateado, cobre, blanco, nude, vino y hasta denim, lo que lo vuelve un comod\u00edn adaptable a cualquier estilo.<\/p>\n<p>&nbsp;<\/p>\n<figure class=\"\" data-testid=\"figure-testid\">\n<div class=\"aspect_ratio__container\"><picture class=\"responsive-image\"><source srcset=\"https:\/\/tn.com.ar\/resizer\/v2\/julieta-nair-calvo-en-mocha-mousse-foto-instagramjulietanaircalvo-ATFTT2GYSVCOZAQMXW4ZDIMPAQ.jpg?auth=7a8468bcb85a5e200a6e4ef9e66ede1e8b62364542b720f1c45f7ee1d3a2c25b&amp;width=767\" type=\"image\/jpg\" media=\"(max-width: 728px)\" \/><source srcset=\"https:\/\/tn.com.ar\/resizer\/v2\/julieta-nair-calvo-en-mocha-mousse-foto-instagramjulietanaircalvo-ATFTT2GYSVCOZAQMXW4ZDIMPAQ.jpg?auth=7a8468bcb85a5e200a6e4ef9e66ede1e8b62364542b720f1c45f7ee1d3a2c25b&amp;width=1023\" type=\"image\/jpg\" media=\"(max-width: 1023px)\" \/><source srcset=\"https:\/\/tn.com.ar\/resizer\/v2\/julieta-nair-calvo-en-mocha-mousse-foto-instagramjulietanaircalvo-ATFTT2GYSVCOZAQMXW4ZDIMPAQ.jpg?auth=7a8468bcb85a5e200a6e4ef9e66ede1e8b62364542b720f1c45f7ee1d3a2c25b&amp;width=1440\" type=\"image\/jpg\" \/><img loading=\"lazy\" decoding=\"async\" class=\"image content-image image_placeholder\" src=\"https:\/\/tn.com.ar\/resizer\/v2\/julieta-nair-calvo-en-mocha-mousse-foto-instagramjulietanaircalvo-ATFTT2GYSVCOZAQMXW4ZDIMPAQ.jpg?auth=7a8468bcb85a5e200a6e4ef9e66ede1e8b62364542b720f1c45f7ee1d3a2c25b&amp;width=767\" alt=\"Julieta Nair Calvo en mocha mousse. (Foto: Instagram\/@julietanaircalvo).\" width=\"767\" height=\"1022\" data-testid=\"loading-testid\" \/><\/picture><\/div><figcaption class=\"caption_image\" data-testid=\"figcaption-testid\">\n<div class=\"image_caption \">Julieta Nair Calvo en mocha mousse. (Foto: Instagram\/@julietanaircalvo).<\/div>\n<\/figcaption><\/figure>\n<p class=\"paragraph font__body-regular\">En las pasarelas de Mil\u00e1n y Par\u00eds, este tono fue elegido por dise\u00f1adores de renombre para crear<i><b>\u00a0outfits\u00a0<\/b><\/i><b>monocrom\u00e1ticos<\/b>\u00a0con impacto visual, pero sin estridencias. La tendencia tambi\u00e9n se traslad\u00f3 a celebridades, que comenzaron a adoptar el\u00a0<i>mocha mousse<\/i>\u00a0en\u00a0<i>red carpets<\/i>\u00a0y producciones de moda. Incluso se extiende al\u00a0<b>mundo\u00a0<\/b><i><b>beauty<\/b><\/i>, con sombras, esmaltes y labiales en gamas similares.<\/p>\n<figure class=\"\" data-testid=\"figure-testid\">\n<div class=\"aspect_ratio__container\"><picture class=\"responsive-image\"><source srcset=\"https:\/\/tn.com.ar\/resizer\/v2\/moria-casan-en-mocha-mousse-foto-movilpress-BVXKONGZFRFEFNCQ7QDE6LE4KE.JPG?auth=a31ad882912d77fe06e90902688aac4d7cb4eb3329b38a9bce8f0b29caf7b316&amp;width=767\" type=\"image\/jpg\" media=\"(max-width: 728px)\" \/><source srcset=\"https:\/\/tn.com.ar\/resizer\/v2\/moria-casan-en-mocha-mousse-foto-movilpress-BVXKONGZFRFEFNCQ7QDE6LE4KE.JPG?auth=a31ad882912d77fe06e90902688aac4d7cb4eb3329b38a9bce8f0b29caf7b316&amp;width=1023\" type=\"image\/jpg\" media=\"(max-width: 1023px)\" \/><source srcset=\"https:\/\/tn.com.ar\/resizer\/v2\/moria-casan-en-mocha-mousse-foto-movilpress-BVXKONGZFRFEFNCQ7QDE6LE4KE.JPG?auth=a31ad882912d77fe06e90902688aac4d7cb4eb3329b38a9bce8f0b29caf7b316&amp;width=1440\" type=\"image\/jpg\" \/><img loading=\"lazy\" decoding=\"async\" class=\"image content-image image_placeholder\" src=\"https:\/\/tn.com.ar\/resizer\/v2\/moria-casan-en-mocha-mousse-foto-movilpress-BVXKONGZFRFEFNCQ7QDE6LE4KE.JPG?auth=a31ad882912d77fe06e90902688aac4d7cb4eb3329b38a9bce8f0b29caf7b316&amp;width=767\" alt=\"Moria Cas\u00e1n en mocha mousse. (Foto: Movilpress).\" width=\"767\" height=\"1151\" data-testid=\"loading-testid\" \/><\/picture><\/div><figcaption class=\"caption_image\" data-testid=\"figcaption-testid\">\n<div class=\"image_caption \">Moria Cas\u00e1n en mocha mousse. (Foto: Movilpress).<\/div>\n<\/figcaption><\/figure>\n<p class=\"paragraph font__body-regular\">Una de las claves para llevarlo este a\u00f1o es optar por\u00a0<b>prendas de textura satinada\u00a0<\/b>o materiales como la seda, el terciopelo y el cuero ecol\u00f3gico, que realzan el color y suman dimensi\u00f3n al look. Otra opci\u00f3n es usarlo en v<b>ersi\u00f3n total look<\/b>, pero jugando con diferentes tejidos y cortes. Tambi\u00e9n funciona muy bien en piezas\u00a0<i>oversized\u00a0<\/i>o minimalistas, lo que lo hace apto tanto para estilos cl\u00e1sicos como urbanos.<\/p>\n<figure class=\"\" data-testid=\"figure-testid\">\n<div class=\"aspect_ratio__container\"><picture class=\"responsive-image\"><source srcset=\"https:\/\/tn.com.ar\/resizer\/v2\/oriana-sabatini-con-vestido-mocha-mousse-y-paulo-dybala-con-sastreria-y-mono-foto-reutersjuan-medina-UVKR6N5EPBBH5HYJTIPRXLKY2Y.JPG?auth=d5b43dc32be69cb029d63169b7d74bccaac34ac60e1d6e087b0dd94ac5280812&amp;width=767\" type=\"image\/jpg\" media=\"(max-width: 728px)\" \/><source srcset=\"https:\/\/tn.com.ar\/resizer\/v2\/oriana-sabatini-con-vestido-mocha-mousse-y-paulo-dybala-con-sastreria-y-mono-foto-reutersjuan-medina-UVKR6N5EPBBH5HYJTIPRXLKY2Y.JPG?auth=d5b43dc32be69cb029d63169b7d74bccaac34ac60e1d6e087b0dd94ac5280812&amp;width=1023\" type=\"image\/jpg\" media=\"(max-width: 1023px)\" \/><source srcset=\"https:\/\/tn.com.ar\/resizer\/v2\/oriana-sabatini-con-vestido-mocha-mousse-y-paulo-dybala-con-sastreria-y-mono-foto-reutersjuan-medina-UVKR6N5EPBBH5HYJTIPRXLKY2Y.JPG?auth=d5b43dc32be69cb029d63169b7d74bccaac34ac60e1d6e087b0dd94ac5280812&amp;width=1440\" type=\"image\/jpg\" \/><img loading=\"lazy\" decoding=\"async\" class=\"image content-image image_placeholder\" src=\"https:\/\/tn.com.ar\/resizer\/v2\/oriana-sabatini-con-vestido-mocha-mousse-y-paulo-dybala-con-sastreria-y-mono-foto-reutersjuan-medina-UVKR6N5EPBBH5HYJTIPRXLKY2Y.JPG?auth=d5b43dc32be69cb029d63169b7d74bccaac34ac60e1d6e087b0dd94ac5280812&amp;width=767\" alt=\"Oriana Sabatini con vestido mocha mousse y Paulo Dybala con sastrer\u00eda y mo\u00f1o. (Foto: REUTERS\/Juan Medina)\" width=\"767\" height=\"1092\" data-testid=\"loading-testid\" \/><\/picture><\/div><figcaption class=\"caption_image\" data-testid=\"figcaption-testid\">\n<div class=\"image_caption \">Oriana Sabatini con vestido mocha mousse y Paulo Dybala con sastrer\u00eda y mo\u00f1o. (Foto: REUTERS\/Juan Medina)<\/div>\n<\/figcaption><\/figure>\n<p class=\"paragraph font__body-regular\">Para quienes buscan salir del negro sin perder elegancia, el\u00a0<i>mocha mousse<\/i>\u00a0es la respuesta. Se lleva de noche, pero tambi\u00e9n puede adaptarse al d\u00eda con las combinaciones adecuadas. Y aunque reci\u00e9n comienza a instalarse, todo indica que ser\u00e1 mucho m\u00e1s que una moda pasajera:\u00a0<b>es el nuevo neutro del 2025<\/b>.<\/p>\n<figure class=\"\" data-testid=\"figure-testid\">\n<div class=\"aspect_ratio__container\"><picture class=\"responsive-image\"><source srcset=\"https:\/\/tn.com.ar\/resizer\/v2\/flor-de-la-v-lucio-un-vestido-mocha-mousse-foto-instagramflordelave-MVUHBR3QOZHSVCA6SSVUC3LZJA.jpg?auth=edf89dffabcc896d881bb40d2ea108bf8be6db0bfbe41a4191b2167a8fb36f3e&amp;width=767\" type=\"image\/jpg\" media=\"(max-width: 728px)\" \/><source srcset=\"https:\/\/tn.com.ar\/resizer\/v2\/flor-de-la-v-lucio-un-vestido-mocha-mousse-foto-instagramflordelave-MVUHBR3QOZHSVCA6SSVUC3LZJA.jpg?auth=edf89dffabcc896d881bb40d2ea108bf8be6db0bfbe41a4191b2167a8fb36f3e&amp;width=1023\" type=\"image\/jpg\" media=\"(max-width: 1023px)\" \/><source srcset=\"https:\/\/tn.com.ar\/resizer\/v2\/flor-de-la-v-lucio-un-vestido-mocha-mousse-foto-instagramflordelave-MVUHBR3QOZHSVCA6SSVUC3LZJA.jpg?auth=edf89dffabcc896d881bb40d2ea108bf8be6db0bfbe41a4191b2167a8fb36f3e&amp;width=1440\" type=\"image\/jpg\" \/><img loading=\"lazy\" decoding=\"async\" class=\"image content-image image_placeholder\" src=\"https:\/\/tn.com.ar\/resizer\/v2\/flor-de-la-v-lucio-un-vestido-mocha-mousse-foto-instagramflordelave-MVUHBR3QOZHSVCA6SSVUC3LZJA.jpg?auth=edf89dffabcc896d881bb40d2ea108bf8be6db0bfbe41a4191b2167a8fb36f3e&amp;width=767\" alt=\"Flor de la V luci\u00f3 un vestido mocha mousse. (Foto: Instagram\/@flordelave).\" width=\"767\" height=\"958\" data-testid=\"loading-testid\" \/><\/picture><\/div><figcaption class=\"caption_image\" data-testid=\"figcaption-testid\">\n<div class=\"image_caption \">Flor de la V luci\u00f3 un vestido mocha mousse. (Foto: Instagram\/@flordelave).<\/div>\n<\/figcaption><\/figure>\n","protected":false},"excerpt":{"rendered":"<p>Una tonalidad c\u00e1lida, sofisticada y vers\u00e1til se impone en las salidas nocturnas. Durante a\u00f1os, el negro fue sin\u00f3nimo de elegancia para la noche. Infalible, atemporal y favorecedor, supo ocupar el centro de la escena en fiestas, eventos y cenas. Pero en este 2025, una nueva alternativa gana terreno y se corona como la gran protagonista [&hellip;]<\/p>\n","protected":false},"author":1,"featured_media":3412,"comment_status":"open","ping_status":"open","sticky":false,"template":"","format":"standard","meta":{"rop_custom_images_group":[],"rop_custom_messages_group":[],"rop_publish_now":"initial","rop_publish_now_accounts":[],"rop_publish_now_history":[],"rop_publish_now_status":"pending","footnotes":"","jetpack_publicize_message":"","jetpack_publicize_feature_enabled":true,"jetpack_social_post_already_shared":true,"jetpack_social_options":{"image_generator_settings":{"template":"highway","enabled":false},"version":2}},"categories":[15],"tags":[],"class_list":{"0":"post-3411","1":"post","2":"type-post","3":"status-publish","4":"format-standard","5":"has-post-thumbnail","7":"category-moda"},"jetpack_publicize_connections":[],"yoast_head":"<!-- This site is optimized with the Yoast SEO plugin v27.3 - https:\/\/yoast.com\/product\/yoast-seo-wordpress\/ -->\n<title>Decile adi\u00f3s al total black: el color que domina todos los looks de noche este a\u00f1o - CLAN ESPECTACULOS<\/title>\n<meta name=\"robots\" content=\"index, follow, max-snippet:-1, max-image-preview:large, max-video-preview:-1\" \/>\n<link rel=\"canonical\" href=\"https:\/\/radioclanfm.com\/clanespectaculos\/decile-adios-al-total-black-el-color-que-domina-todos-los-looks-de-noche-este-ano\/\" \/>\n<meta property=\"og:locale\" content=\"es_ES\" \/>\n<meta property=\"og:type\" content=\"article\" \/>\n<meta property=\"og:title\" content=\"Decile adi\u00f3s al total black: el color que domina todos los looks de noche este a\u00f1o - CLAN ESPECTACULOS\" \/>\n<meta property=\"og:description\" content=\"Una tonalidad c\u00e1lida, sofisticada y vers\u00e1til se impone en las salidas nocturnas. Durante a\u00f1os, el negro fue sin\u00f3nimo de elegancia para la noche. Infalible, atemporal y favorecedor, supo ocupar el centro de la escena en fiestas, eventos y cenas. Pero en este 2025, una nueva alternativa gana terreno y se corona como la gran protagonista [&hellip;]\" \/>\n<meta property=\"og:url\" content=\"https:\/\/radioclanfm.com\/clanespectaculos\/decile-adios-al-total-black-el-color-que-domina-todos-los-looks-de-noche-este-ano\/\" \/>\n<meta property=\"og:site_name\" content=\"CLAN ESPECTACULOS\" \/>\n<meta property=\"article:publisher\" content=\"https:\/\/www.facebook.com\/clanespectaculos\/\" \/>\n<meta property=\"article:published_time\" content=\"2025-07-25T12:26:36+00:00\" \/>\n<meta property=\"og:image\" content=\"https:\/\/radioclanfm.com\/clanespectaculos\/wp-content\/uploads\/sites\/2\/2025\/07\/GwqBBMvbkAAb0OE.jpg\" \/>\n\t<meta property=\"og:image:width\" content=\"1023\" \/>\n\t<meta property=\"og:image:height\" content=\"575\" \/>\n\t<meta property=\"og:image:type\" content=\"image\/jpeg\" \/>\n<meta name=\"author\" content=\"E-GRUPOCLAN\" \/>\n<meta name=\"twitter:card\" content=\"summary_large_image\" \/>\n<meta name=\"twitter:creator\" content=\"@clanespectok\" \/>\n<meta name=\"twitter:site\" content=\"@clanespectok\" \/>\n<meta name=\"twitter:label1\" content=\"Escrito por\" \/>\n\t<meta name=\"twitter:data1\" content=\"E-GRUPOCLAN\" \/>\n\t<meta name=\"twitter:label2\" content=\"Tiempo de lectura\" \/>\n\t<meta name=\"twitter:data2\" content=\"2 minutos\" \/>\n<script type=\"application\/ld+json\" class=\"yoast-schema-graph\">{\"@context\":\"https:\\\/\\\/schema.org\",\"@graph\":[{\"@type\":\"Article\",\"@id\":\"https:\\\/\\\/radioclanfm.com\\\/clanespectaculos\\\/decile-adios-al-total-black-el-color-que-domina-todos-los-looks-de-noche-este-ano\\\/#article\",\"isPartOf\":{\"@id\":\"https:\\\/\\\/radioclanfm.com\\\/clanespectaculos\\\/decile-adios-al-total-black-el-color-que-domina-todos-los-looks-de-noche-este-ano\\\/\"},\"author\":{\"name\":\"E-GRUPOCLAN\",\"@id\":\"https:\\\/\\\/radioclanfm.com\\\/clanespectaculos\\\/#\\\/schema\\\/person\\\/9734813083303230f3ad84d99171b20c\"},\"headline\":\"Decile adi\u00f3s al total black: el color que domina todos los looks de noche este a\u00f1o\",\"datePublished\":\"2025-07-25T12:26:36+00:00\",\"mainEntityOfPage\":{\"@id\":\"https:\\\/\\\/radioclanfm.com\\\/clanespectaculos\\\/decile-adios-al-total-black-el-color-que-domina-todos-los-looks-de-noche-este-ano\\\/\"},\"wordCount\":427,\"commentCount\":0,\"publisher\":{\"@id\":\"https:\\\/\\\/radioclanfm.com\\\/clanespectaculos\\\/#organization\"},\"image\":{\"@id\":\"https:\\\/\\\/radioclanfm.com\\\/clanespectaculos\\\/decile-adios-al-total-black-el-color-que-domina-todos-los-looks-de-noche-este-ano\\\/#primaryimage\"},\"thumbnailUrl\":\"https:\\\/\\\/radioclanfm.com\\\/clanespectaculos\\\/wp-content\\\/uploads\\\/sites\\\/2\\\/2025\\\/07\\\/GwqBBMvbkAAb0OE.jpg\",\"articleSection\":[\"MODA\"],\"inLanguage\":\"es-AR\",\"potentialAction\":[{\"@type\":\"CommentAction\",\"name\":\"Comment\",\"target\":[\"https:\\\/\\\/radioclanfm.com\\\/clanespectaculos\\\/decile-adios-al-total-black-el-color-que-domina-todos-los-looks-de-noche-este-ano\\\/#respond\"]}]},{\"@type\":\"WebPage\",\"@id\":\"https:\\\/\\\/radioclanfm.com\\\/clanespectaculos\\\/decile-adios-al-total-black-el-color-que-domina-todos-los-looks-de-noche-este-ano\\\/\",\"url\":\"https:\\\/\\\/radioclanfm.com\\\/clanespectaculos\\\/decile-adios-al-total-black-el-color-que-domina-todos-los-looks-de-noche-este-ano\\\/\",\"name\":\"Decile adi\u00f3s al total black: el color que domina todos los looks de noche este a\u00f1o - CLAN ESPECTACULOS\",\"isPartOf\":{\"@id\":\"https:\\\/\\\/radioclanfm.com\\\/clanespectaculos\\\/#website\"},\"primaryImageOfPage\":{\"@id\":\"https:\\\/\\\/radioclanfm.com\\\/clanespectaculos\\\/decile-adios-al-total-black-el-color-que-domina-todos-los-looks-de-noche-este-ano\\\/#primaryimage\"},\"image\":{\"@id\":\"https:\\\/\\\/radioclanfm.com\\\/clanespectaculos\\\/decile-adios-al-total-black-el-color-que-domina-todos-los-looks-de-noche-este-ano\\\/#primaryimage\"},\"thumbnailUrl\":\"https:\\\/\\\/radioclanfm.com\\\/clanespectaculos\\\/wp-content\\\/uploads\\\/sites\\\/2\\\/2025\\\/07\\\/GwqBBMvbkAAb0OE.jpg\",\"datePublished\":\"2025-07-25T12:26:36+00:00\",\"breadcrumb\":{\"@id\":\"https:\\\/\\\/radioclanfm.com\\\/clanespectaculos\\\/decile-adios-al-total-black-el-color-que-domina-todos-los-looks-de-noche-este-ano\\\/#breadcrumb\"},\"inLanguage\":\"es-AR\",\"potentialAction\":[{\"@type\":\"ReadAction\",\"target\":[\"https:\\\/\\\/radioclanfm.com\\\/clanespectaculos\\\/decile-adios-al-total-black-el-color-que-domina-todos-los-looks-de-noche-este-ano\\\/\"]}]},{\"@type\":\"ImageObject\",\"inLanguage\":\"es-AR\",\"@id\":\"https:\\\/\\\/radioclanfm.com\\\/clanespectaculos\\\/decile-adios-al-total-black-el-color-que-domina-todos-los-looks-de-noche-este-ano\\\/#primaryimage\",\"url\":\"https:\\\/\\\/radioclanfm.com\\\/clanespectaculos\\\/wp-content\\\/uploads\\\/sites\\\/2\\\/2025\\\/07\\\/GwqBBMvbkAAb0OE.jpg\",\"contentUrl\":\"https:\\\/\\\/radioclanfm.com\\\/clanespectaculos\\\/wp-content\\\/uploads\\\/sites\\\/2\\\/2025\\\/07\\\/GwqBBMvbkAAb0OE.jpg\",\"width\":1023,\"height\":575},{\"@type\":\"BreadcrumbList\",\"@id\":\"https:\\\/\\\/radioclanfm.com\\\/clanespectaculos\\\/decile-adios-al-total-black-el-color-que-domina-todos-los-looks-de-noche-este-ano\\\/#breadcrumb\",\"itemListElement\":[{\"@type\":\"ListItem\",\"position\":1,\"name\":\"Inicio\",\"item\":\"https:\\\/\\\/radioclanfm.com\\\/clanespectaculos\\\/\"},{\"@type\":\"ListItem\",\"position\":2,\"name\":\"Decile adi\u00f3s al total black: el color que domina todos los looks de noche este a\u00f1o\"}]},{\"@type\":\"WebSite\",\"@id\":\"https:\\\/\\\/radioclanfm.com\\\/clanespectaculos\\\/#website\",\"url\":\"https:\\\/\\\/radioclanfm.com\\\/clanespectaculos\\\/\",\"name\":\"CLAN ESPECTACULOS\",\"description\":\"\",\"publisher\":{\"@id\":\"https:\\\/\\\/radioclanfm.com\\\/clanespectaculos\\\/#organization\"},\"potentialAction\":[{\"@type\":\"SearchAction\",\"target\":{\"@type\":\"EntryPoint\",\"urlTemplate\":\"https:\\\/\\\/radioclanfm.com\\\/clanespectaculos\\\/?s={search_term_string}\"},\"query-input\":{\"@type\":\"PropertyValueSpecification\",\"valueRequired\":true,\"valueName\":\"search_term_string\"}}],\"inLanguage\":\"es-AR\"},{\"@type\":\"Organization\",\"@id\":\"https:\\\/\\\/radioclanfm.com\\\/clanespectaculos\\\/#organization\",\"name\":\"CLAN ESPECTACULOS\",\"url\":\"https:\\\/\\\/radioclanfm.com\\\/clanespectaculos\\\/\",\"logo\":{\"@type\":\"ImageObject\",\"inLanguage\":\"es-AR\",\"@id\":\"https:\\\/\\\/radioclanfm.com\\\/clanespectaculos\\\/#\\\/schema\\\/logo\\\/image\\\/\",\"url\":\"https:\\\/\\\/radioclanfm.com\\\/clanespectaculos\\\/wp-content\\\/uploads\\\/sites\\\/2\\\/2026\\\/04\\\/ChatGPT-Image-23-mar-2026-10_09_00.png\",\"contentUrl\":\"https:\\\/\\\/radioclanfm.com\\\/clanespectaculos\\\/wp-content\\\/uploads\\\/sites\\\/2\\\/2026\\\/04\\\/ChatGPT-Image-23-mar-2026-10_09_00.png\",\"width\":1024,\"height\":1024,\"caption\":\"CLAN ESPECTACULOS\"},\"image\":{\"@id\":\"https:\\\/\\\/radioclanfm.com\\\/clanespectaculos\\\/#\\\/schema\\\/logo\\\/image\\\/\"},\"sameAs\":[\"https:\\\/\\\/www.facebook.com\\\/clanespectaculos\\\/\",\"https:\\\/\\\/x.com\\\/clanespectok\"]},{\"@type\":\"Person\",\"@id\":\"https:\\\/\\\/radioclanfm.com\\\/clanespectaculos\\\/#\\\/schema\\\/person\\\/9734813083303230f3ad84d99171b20c\",\"name\":\"E-GRUPOCLAN\",\"image\":{\"@type\":\"ImageObject\",\"inLanguage\":\"es-AR\",\"@id\":\"https:\\\/\\\/secure.gravatar.com\\\/avatar\\\/af6e19837c3d6a212034a48c7b3818d2ac1826f6025df0155da5a186ad321d79?s=96&d=mm&r=g\",\"url\":\"https:\\\/\\\/secure.gravatar.com\\\/avatar\\\/af6e19837c3d6a212034a48c7b3818d2ac1826f6025df0155da5a186ad321d79?s=96&d=mm&r=g\",\"contentUrl\":\"https:\\\/\\\/secure.gravatar.com\\\/avatar\\\/af6e19837c3d6a212034a48c7b3818d2ac1826f6025df0155da5a186ad321d79?s=96&d=mm&r=g\",\"caption\":\"E-GRUPOCLAN\"},\"sameAs\":[\"https:\\\/\\\/radioclanfm.com\"],\"url\":\"https:\\\/\\\/radioclanfm.com\\\/clanespectaculos\\\/author\\\/admin\\\/\"}]}<\/script>\n<!-- \/ Yoast SEO plugin. -->","yoast_head_json":{"title":"Decile adi\u00f3s al total black: el color que domina todos los looks de noche este a\u00f1o - CLAN ESPECTACULOS","robots":{"index":"index","follow":"follow","max-snippet":"max-snippet:-1","max-image-preview":"max-image-preview:large","max-video-preview":"max-video-preview:-1"},"canonical":"https:\/\/radioclanfm.com\/clanespectaculos\/decile-adios-al-total-black-el-color-que-domina-todos-los-looks-de-noche-este-ano\/","og_locale":"es_ES","og_type":"article","og_title":"Decile adi\u00f3s al total black: el color que domina todos los looks de noche este a\u00f1o - CLAN ESPECTACULOS","og_description":"Una tonalidad c\u00e1lida, sofisticada y vers\u00e1til se impone en las salidas nocturnas. Durante a\u00f1os, el negro fue sin\u00f3nimo de elegancia para la noche. Infalible, atemporal y favorecedor, supo ocupar el centro de la escena en fiestas, eventos y cenas. Pero en este 2025, una nueva alternativa gana terreno y se corona como la gran protagonista [&hellip;]","og_url":"https:\/\/radioclanfm.com\/clanespectaculos\/decile-adios-al-total-black-el-color-que-domina-todos-los-looks-de-noche-este-ano\/","og_site_name":"CLAN ESPECTACULOS","article_publisher":"https:\/\/www.facebook.com\/clanespectaculos\/","article_published_time":"2025-07-25T12:26:36+00:00","og_image":[{"width":1023,"height":575,"url":"https:\/\/radioclanfm.com\/clanespectaculos\/wp-content\/uploads\/sites\/2\/2025\/07\/GwqBBMvbkAAb0OE.jpg","type":"image\/jpeg"}],"author":"E-GRUPOCLAN","twitter_card":"summary_large_image","twitter_creator":"@clanespectok","twitter_site":"@clanespectok","twitter_misc":{"Escrito por":"E-GRUPOCLAN","Tiempo de lectura":"2 minutos"},"schema":{"@context":"https:\/\/schema.org","@graph":[{"@type":"Article","@id":"https:\/\/radioclanfm.com\/clanespectaculos\/decile-adios-al-total-black-el-color-que-domina-todos-los-looks-de-noche-este-ano\/#article","isPartOf":{"@id":"https:\/\/radioclanfm.com\/clanespectaculos\/decile-adios-al-total-black-el-color-que-domina-todos-los-looks-de-noche-este-ano\/"},"author":{"name":"E-GRUPOCLAN","@id":"https:\/\/radioclanfm.com\/clanespectaculos\/#\/schema\/person\/9734813083303230f3ad84d99171b20c"},"headline":"Decile adi\u00f3s al total black: el color que domina todos los looks de noche este a\u00f1o","datePublished":"2025-07-25T12:26:36+00:00","mainEntityOfPage":{"@id":"https:\/\/radioclanfm.com\/clanespectaculos\/decile-adios-al-total-black-el-color-que-domina-todos-los-looks-de-noche-este-ano\/"},"wordCount":427,"commentCount":0,"publisher":{"@id":"https:\/\/radioclanfm.com\/clanespectaculos\/#organization"},"image":{"@id":"https:\/\/radioclanfm.com\/clanespectaculos\/decile-adios-al-total-black-el-color-que-domina-todos-los-looks-de-noche-este-ano\/#primaryimage"},"thumbnailUrl":"https:\/\/radioclanfm.com\/clanespectaculos\/wp-content\/uploads\/sites\/2\/2025\/07\/GwqBBMvbkAAb0OE.jpg","articleSection":["MODA"],"inLanguage":"es-AR","potentialAction":[{"@type":"CommentAction","name":"Comment","target":["https:\/\/radioclanfm.com\/clanespectaculos\/decile-adios-al-total-black-el-color-que-domina-todos-los-looks-de-noche-este-ano\/#respond"]}]},{"@type":"WebPage","@id":"https:\/\/radioclanfm.com\/clanespectaculos\/decile-adios-al-total-black-el-color-que-domina-todos-los-looks-de-noche-este-ano\/","url":"https:\/\/radioclanfm.com\/clanespectaculos\/decile-adios-al-total-black-el-color-que-domina-todos-los-looks-de-noche-este-ano\/","name":"Decile adi\u00f3s al total black: el color que domina todos los looks de noche este a\u00f1o - CLAN ESPECTACULOS","isPartOf":{"@id":"https:\/\/radioclanfm.com\/clanespectaculos\/#website"},"primaryImageOfPage":{"@id":"https:\/\/radioclanfm.com\/clanespectaculos\/decile-adios-al-total-black-el-color-que-domina-todos-los-looks-de-noche-este-ano\/#primaryimage"},"image":{"@id":"https:\/\/radioclanfm.com\/clanespectaculos\/decile-adios-al-total-black-el-color-que-domina-todos-los-looks-de-noche-este-ano\/#primaryimage"},"thumbnailUrl":"https:\/\/radioclanfm.com\/clanespectaculos\/wp-content\/uploads\/sites\/2\/2025\/07\/GwqBBMvbkAAb0OE.jpg","datePublished":"2025-07-25T12:26:36+00:00","breadcrumb":{"@id":"https:\/\/radioclanfm.com\/clanespectaculos\/decile-adios-al-total-black-el-color-que-domina-todos-los-looks-de-noche-este-ano\/#breadcrumb"},"inLanguage":"es-AR","potentialAction":[{"@type":"ReadAction","target":["https:\/\/radioclanfm.com\/clanespectaculos\/decile-adios-al-total-black-el-color-que-domina-todos-los-looks-de-noche-este-ano\/"]}]},{"@type":"ImageObject","inLanguage":"es-AR","@id":"https:\/\/radioclanfm.com\/clanespectaculos\/decile-adios-al-total-black-el-color-que-domina-todos-los-looks-de-noche-este-ano\/#primaryimage","url":"https:\/\/radioclanfm.com\/clanespectaculos\/wp-content\/uploads\/sites\/2\/2025\/07\/GwqBBMvbkAAb0OE.jpg","contentUrl":"https:\/\/radioclanfm.com\/clanespectaculos\/wp-content\/uploads\/sites\/2\/2025\/07\/GwqBBMvbkAAb0OE.jpg","width":1023,"height":575},{"@type":"BreadcrumbList","@id":"https:\/\/radioclanfm.com\/clanespectaculos\/decile-adios-al-total-black-el-color-que-domina-todos-los-looks-de-noche-este-ano\/#breadcrumb","itemListElement":[{"@type":"ListItem","position":1,"name":"Inicio","item":"https:\/\/radioclanfm.com\/clanespectaculos\/"},{"@type":"ListItem","position":2,"name":"Decile adi\u00f3s al total black: el color que domina todos los looks de noche este a\u00f1o"}]},{"@type":"WebSite","@id":"https:\/\/radioclanfm.com\/clanespectaculos\/#website","url":"https:\/\/radioclanfm.com\/clanespectaculos\/","name":"CLAN ESPECTACULOS","description":"","publisher":{"@id":"https:\/\/radioclanfm.com\/clanespectaculos\/#organization"},"potentialAction":[{"@type":"SearchAction","target":{"@type":"EntryPoint","urlTemplate":"https:\/\/radioclanfm.com\/clanespectaculos\/?s={search_term_string}"},"query-input":{"@type":"PropertyValueSpecification","valueRequired":true,"valueName":"search_term_string"}}],"inLanguage":"es-AR"},{"@type":"Organization","@id":"https:\/\/radioclanfm.com\/clanespectaculos\/#organization","name":"CLAN ESPECTACULOS","url":"https:\/\/radioclanfm.com\/clanespectaculos\/","logo":{"@type":"ImageObject","inLanguage":"es-AR","@id":"https:\/\/radioclanfm.com\/clanespectaculos\/#\/schema\/logo\/image\/","url":"https:\/\/radioclanfm.com\/clanespectaculos\/wp-content\/uploads\/sites\/2\/2026\/04\/ChatGPT-Image-23-mar-2026-10_09_00.png","contentUrl":"https:\/\/radioclanfm.com\/clanespectaculos\/wp-content\/uploads\/sites\/2\/2026\/04\/ChatGPT-Image-23-mar-2026-10_09_00.png","width":1024,"height":1024,"caption":"CLAN ESPECTACULOS"},"image":{"@id":"https:\/\/radioclanfm.com\/clanespectaculos\/#\/schema\/logo\/image\/"},"sameAs":["https:\/\/www.facebook.com\/clanespectaculos\/","https:\/\/x.com\/clanespectok"]},{"@type":"Person","@id":"https:\/\/radioclanfm.com\/clanespectaculos\/#\/schema\/person\/9734813083303230f3ad84d99171b20c","name":"E-GRUPOCLAN","image":{"@type":"ImageObject","inLanguage":"es-AR","@id":"https:\/\/secure.gravatar.com\/avatar\/af6e19837c3d6a212034a48c7b3818d2ac1826f6025df0155da5a186ad321d79?s=96&d=mm&r=g","url":"https:\/\/secure.gravatar.com\/avatar\/af6e19837c3d6a212034a48c7b3818d2ac1826f6025df0155da5a186ad321d79?s=96&d=mm&r=g","contentUrl":"https:\/\/secure.gravatar.com\/avatar\/af6e19837c3d6a212034a48c7b3818d2ac1826f6025df0155da5a186ad321d79?s=96&d=mm&r=g","caption":"E-GRUPOCLAN"},"sameAs":["https:\/\/radioclanfm.com"],"url":"https:\/\/radioclanfm.com\/clanespectaculos\/author\/admin\/"}]}},"_links":{"self":[{"href":"https:\/\/radioclanfm.com\/clanespectaculos\/wp-json\/wp\/v2\/posts\/3411","targetHints":{"allow":["GET"]}}],"collection":[{"href":"https:\/\/radioclanfm.com\/clanespectaculos\/wp-json\/wp\/v2\/posts"}],"about":[{"href":"https:\/\/radioclanfm.com\/clanespectaculos\/wp-json\/wp\/v2\/types\/post"}],"author":[{"embeddable":true,"href":"https:\/\/radioclanfm.com\/clanespectaculos\/wp-json\/wp\/v2\/users\/1"}],"replies":[{"embeddable":true,"href":"https:\/\/radioclanfm.com\/clanespectaculos\/wp-json\/wp\/v2\/comments?post=3411"}],"version-history":[{"count":1,"href":"https:\/\/radioclanfm.com\/clanespectaculos\/wp-json\/wp\/v2\/posts\/3411\/revisions"}],"predecessor-version":[{"id":3413,"href":"https:\/\/radioclanfm.com\/clanespectaculos\/wp-json\/wp\/v2\/posts\/3411\/revisions\/3413"}],"wp:featuredmedia":[{"embeddable":true,"href":"https:\/\/radioclanfm.com\/clanespectaculos\/wp-json\/wp\/v2\/media\/3412"}],"wp:attachment":[{"href":"https:\/\/radioclanfm.com\/clanespectaculos\/wp-json\/wp\/v2\/media?parent=3411"}],"wp:term":[{"taxonomy":"category","embeddable":true,"href":"https:\/\/radioclanfm.com\/clanespectaculos\/wp-json\/wp\/v2\/categories?post=3411"},{"taxonomy":"post_tag","embeddable":true,"href":"https:\/\/radioclanfm.com\/clanespectaculos\/wp-json\/wp\/v2\/tags?post=3411"}],"curies":[{"name":"wp","href":"https:\/\/api.w.org\/{rel}","templated":true}]}}