{"id":3402,"date":"2025-07-25T09:22:56","date_gmt":"2025-07-25T12:22:56","guid":{"rendered":"https:\/\/radioclanfm.com\/clanespectaculos\/?p=3402"},"modified":"2025-07-25T09:22:56","modified_gmt":"2025-07-25T12:22:56","slug":"florencia-de-la-v-volvio-a-apostar-por-el-mocha-mousse-con-un-vestido-larguisimo-con-volados","status":"publish","type":"post","link":"https:\/\/radioclanfm.com\/clanespectaculos\/florencia-de-la-v-volvio-a-apostar-por-el-mocha-mousse-con-un-vestido-larguisimo-con-volados\/","title":{"rendered":"Florencia de la V volvi\u00f3 a apostar por el mocha mousse con un vestido largu\u00edsimo con volados"},"content":{"rendered":"<p>Eligi\u00f3 un dise\u00f1o en marr\u00f3n chocolate con detalles bien marcados y complementos a tono.<\/p>\n<p class=\"paragraph font__body-regular\"><b>Florencia de la V<\/b><b>\u00a0<\/b>volvi\u00f3 a marcar tendencia en las redes sociales con un<b>\u00a0look dram\u00e1tico y monocrom\u00e1tico<\/b>\u00a0en uno de los colores m\u00e1s elegidos del invierno 2025: el\u00a0<i><b>mocha mousse<\/b><\/i>.<\/p>\n<div id=\"ad-slot-infeed\" class=\"infeed-container ad-slot-infeed ad-slot\" data-adtype=\"infeed\" data-google-query-id=\"COau-OX_144DFXqEYQYdp8Y9Rw\">\n<div id=\"google_ads_iframe_\/113951150\/tn-arc\/nota\/infeed_0__container__\"><\/div>\n<\/div>\n<p class=\"paragraph font__body-regular\">En esta oportunidad, la conductora pos\u00f3 para las fotos con un\u00a0<b>vestido camisero largo hasta los pies<\/b>, de\u00a0<b>falda voluminosa con volados y lazo<\/b>\u00a0incluido que ci\u00f1e la cintura. El modelo, de\u00a0<b>mangas largas<\/b>\u00a0y<b>\u00a0cuello solapa<\/b>, se destaca por su estructura liviana pero armada, ideal para lucir con movimiento en fotos y exteriores.<\/p>\n<p>&nbsp;<\/p>\n<figure class=\"\" data-testid=\"figure-testid\">\n<div class=\"aspect_ratio__container\"><picture class=\"responsive-image\"><source srcset=\"https:\/\/tn.com.ar\/resizer\/v2\/florencia-de-la-v-se-sumo-al-hit-de-moda-foto-instagramflordelave-2Q4YKXLU7RFBHMTIX3O5LKEXRQ.jpg?auth=cc8598e0a1962045e0aa1e1451244ee611e8b03b39cedd4c9cbc29a9172a8b27&amp;width=767\" type=\"image\/jpg\" media=\"(max-width: 728px)\" \/><source srcset=\"https:\/\/tn.com.ar\/resizer\/v2\/florencia-de-la-v-se-sumo-al-hit-de-moda-foto-instagramflordelave-2Q4YKXLU7RFBHMTIX3O5LKEXRQ.jpg?auth=cc8598e0a1962045e0aa1e1451244ee611e8b03b39cedd4c9cbc29a9172a8b27&amp;width=1023\" type=\"image\/jpg\" media=\"(max-width: 1023px)\" \/><source srcset=\"https:\/\/tn.com.ar\/resizer\/v2\/florencia-de-la-v-se-sumo-al-hit-de-moda-foto-instagramflordelave-2Q4YKXLU7RFBHMTIX3O5LKEXRQ.jpg?auth=cc8598e0a1962045e0aa1e1451244ee611e8b03b39cedd4c9cbc29a9172a8b27&amp;width=1440\" type=\"image\/jpg\" \/><img loading=\"lazy\" decoding=\"async\" class=\"image content-image image_placeholder\" src=\"https:\/\/tn.com.ar\/resizer\/v2\/florencia-de-la-v-se-sumo-al-hit-de-moda-foto-instagramflordelave-2Q4YKXLU7RFBHMTIX3O5LKEXRQ.jpg?auth=cc8598e0a1962045e0aa1e1451244ee611e8b03b39cedd4c9cbc29a9172a8b27&amp;width=767\" alt=\"Florencia de la V se sum\u00f3 al hit de moda. (Foto: Instagram\/@flordelave).\" width=\"767\" height=\"954\" data-testid=\"loading-testid\" \/><\/picture><\/div><figcaption class=\"caption_image\" data-testid=\"figcaption-testid\">\n<div class=\"image_caption \">Florencia de la V se sum\u00f3 al hit de moda. (Foto: Instagram\/@flordelave).<\/div>\n<\/figcaption><\/figure>\n<p class=\"paragraph font__body-regular\">Combin\u00f3 la prenda estrella con<b>\u00a0sandalias de taco medio y plataforma\u00a0<\/b>en una gama de marrones y crudo, con tiras cruzadas y cordones que se atan al tobillo.<\/p>\n<figure class=\"\" data-testid=\"figure-testid\">\n<div class=\"aspect_ratio__container\"><picture class=\"responsive-image\"><source srcset=\"https:\/\/tn.com.ar\/resizer\/v2\/florencia-de-la-v-en-vestido-mocha-mousse-foto-instagramflordelave-5YPHAQ576FG3PO323XAZL44NAE.jpg?auth=6cc386ebb773c796dd439f84c5b1dd1658c3a7e2b806de530914969f577af07e&amp;width=767\" type=\"image\/jpg\" media=\"(max-width: 728px)\" \/><source srcset=\"https:\/\/tn.com.ar\/resizer\/v2\/florencia-de-la-v-en-vestido-mocha-mousse-foto-instagramflordelave-5YPHAQ576FG3PO323XAZL44NAE.jpg?auth=6cc386ebb773c796dd439f84c5b1dd1658c3a7e2b806de530914969f577af07e&amp;width=1023\" type=\"image\/jpg\" media=\"(max-width: 1023px)\" \/><source srcset=\"https:\/\/tn.com.ar\/resizer\/v2\/florencia-de-la-v-en-vestido-mocha-mousse-foto-instagramflordelave-5YPHAQ576FG3PO323XAZL44NAE.jpg?auth=6cc386ebb773c796dd439f84c5b1dd1658c3a7e2b806de530914969f577af07e&amp;width=1440\" type=\"image\/jpg\" \/><img loading=\"lazy\" decoding=\"async\" class=\"image content-image image_placeholder\" src=\"https:\/\/tn.com.ar\/resizer\/v2\/florencia-de-la-v-en-vestido-mocha-mousse-foto-instagramflordelave-5YPHAQ576FG3PO323XAZL44NAE.jpg?auth=6cc386ebb773c796dd439f84c5b1dd1658c3a7e2b806de530914969f577af07e&amp;width=767\" alt=\"Florencia de la V en vestido mocha mousse. (Foto: Instagram\/@flordelave).\" width=\"767\" height=\"959\" data-testid=\"loading-testid\" \/><\/picture><\/div><figcaption class=\"caption_image\" data-testid=\"figcaption-testid\">\n<div class=\"image_caption \">Florencia de la V en vestido mocha mousse. (Foto: Instagram\/@flordelave).<\/div>\n<\/figcaption><\/figure>\n<p class=\"paragraph font__body-regular\">En cuanto a los accesorios, eligi\u00f3 un conjunto de\u00a0<b>pulseras r\u00edgidas XL<\/b>\u00a0que ocupan casi todo el antebrazo: son de\u00a0<b>madera, pl\u00e1stico y metal<\/b>, en tonos chocolate, cobre, bord\u00f3 y negro, con algunas texturas tramadas.<\/p>\n<figure class=\"\" data-testid=\"figure-testid\">\n<div class=\"aspect_ratio__container\"><picture class=\"responsive-image\"><source srcset=\"https:\/\/tn.com.ar\/resizer\/v2\/florencia-de-la-v-en-vestido-xl-foto-instagramflordelave-74MFPP4CFVCMXK7RVW2TMJA4PE.jpg?auth=e8f91362dd0048a7a587ae404e84f5c85b160579c993e799d3058943f796dee5&amp;width=767\" type=\"image\/jpg\" media=\"(max-width: 728px)\" \/><source srcset=\"https:\/\/tn.com.ar\/resizer\/v2\/florencia-de-la-v-en-vestido-xl-foto-instagramflordelave-74MFPP4CFVCMXK7RVW2TMJA4PE.jpg?auth=e8f91362dd0048a7a587ae404e84f5c85b160579c993e799d3058943f796dee5&amp;width=1023\" type=\"image\/jpg\" media=\"(max-width: 1023px)\" \/><source srcset=\"https:\/\/tn.com.ar\/resizer\/v2\/florencia-de-la-v-en-vestido-xl-foto-instagramflordelave-74MFPP4CFVCMXK7RVW2TMJA4PE.jpg?auth=e8f91362dd0048a7a587ae404e84f5c85b160579c993e799d3058943f796dee5&amp;width=1440\" type=\"image\/jpg\" \/><img loading=\"lazy\" decoding=\"async\" class=\"image content-image image_placeholder\" src=\"https:\/\/tn.com.ar\/resizer\/v2\/florencia-de-la-v-en-vestido-xl-foto-instagramflordelave-74MFPP4CFVCMXK7RVW2TMJA4PE.jpg?auth=e8f91362dd0048a7a587ae404e84f5c85b160579c993e799d3058943f796dee5&amp;width=767\" alt=\"Florencia de la V en vestido XL. (Foto: Instagram\/@flordelave).\" width=\"767\" height=\"954\" data-testid=\"loading-testid\" \/><\/picture><\/div><figcaption class=\"caption_image\" data-testid=\"figcaption-testid\">\n<div class=\"image_caption \">Florencia de la V en vestido XL. (Foto: Instagram\/@flordelave).<\/div>\n<\/figcaption><\/figure>\n<p class=\"paragraph font__body-regular\">El\u00a0<i>beauty look<\/i>\u00a0mantuvo la misma paleta\u00a0<b>c\u00e1lida y sobria<\/b>. Llev\u00f3 el pelo peinado con\u00a0<b>raya al medio, lacio y prolijo<\/b>, recogido hacia atr\u00e1s en una\u00a0<i>ponytail<\/i>\u00a0baja con mucho gel.<\/p>\n<p class=\"paragraph font__body-regular\">El\u00a0<i>make up<\/i>, de acabado<i>\u00a0glam<\/i>, incluy\u00f3\u00a0<b>ojos delineados con efecto<\/b><i><b>\u00a0cat eye<\/b><\/i>, sombra en tonos tierra, cejas marcadas, pesta\u00f1as bien cargadas,\u00a0<b>labios nude con\u00a0<\/b><i><b>gloss\u00a0<\/b><\/i>y<b>\u00a0rubor suave<\/b>. Como \u00fanico complemento\u00a0<i>beauty<\/i>, sum\u00f3<b>\u00a0aros XXL\u00a0<\/b>en negro y dorado.<\/p>\n<figure class=\"\" data-testid=\"figure-testid\">\n<div class=\"aspect_ratio__container\"><picture class=\"responsive-image\"><source srcset=\"https:\/\/tn.com.ar\/resizer\/v2\/florencia-de-la-v-aposto-al-marron-foto-instagramflordelave-D337RVFL2ZB5JCLF4M5XAZZ6EA.jpg?auth=85461fec85e585805d7ad641d5be3867fea0d300c499e654e5b549889eb9ce94&amp;width=767\" type=\"image\/jpg\" media=\"(max-width: 728px)\" \/><source srcset=\"https:\/\/tn.com.ar\/resizer\/v2\/florencia-de-la-v-aposto-al-marron-foto-instagramflordelave-D337RVFL2ZB5JCLF4M5XAZZ6EA.jpg?auth=85461fec85e585805d7ad641d5be3867fea0d300c499e654e5b549889eb9ce94&amp;width=1023\" type=\"image\/jpg\" media=\"(max-width: 1023px)\" \/><source srcset=\"https:\/\/tn.com.ar\/resizer\/v2\/florencia-de-la-v-aposto-al-marron-foto-instagramflordelave-D337RVFL2ZB5JCLF4M5XAZZ6EA.jpg?auth=85461fec85e585805d7ad641d5be3867fea0d300c499e654e5b549889eb9ce94&amp;width=1440\" type=\"image\/jpg\" \/><img loading=\"lazy\" decoding=\"async\" class=\"image content-image image_placeholder\" src=\"https:\/\/tn.com.ar\/resizer\/v2\/florencia-de-la-v-aposto-al-marron-foto-instagramflordelave-D337RVFL2ZB5JCLF4M5XAZZ6EA.jpg?auth=85461fec85e585805d7ad641d5be3867fea0d300c499e654e5b549889eb9ce94&amp;width=767\" alt=\"Florencia de la V apost\u00f3 al marr\u00f3n. (Foto: Instagram\/@flordelave).\" width=\"767\" height=\"959\" data-testid=\"loading-testid\" \/><\/picture><\/div><figcaption class=\"caption_image\" data-testid=\"figcaption-testid\">\n<div class=\"image_caption \">Florencia de la V apost\u00f3 al marr\u00f3n. (Foto: Instagram\/@flordelave).<\/div>\n<\/figcaption><\/figure>\n<p class=\"paragraph font__body-regular\"><i><b>Le\u00e9 tambi\u00e9n:\u00a0<\/b><\/i><a title=\"https:\/\/tn.com.ar\/estilo\/celebridades\/2025\/07\/24\/julieta-nair-calvo-mostro-sus-microbikinis-preferidas-desde-rio-de-janeiro\/\" href=\"https:\/\/tn.com.ar\/estilo\/celebridades\/2025\/07\/24\/julieta-nair-calvo-mostro-sus-microbikinis-preferidas-desde-rio-de-janeiro\/\" target=\"_blank\" rel=\"noopener noreferrer\"><i><b>Julieta Nair Calvo mostr\u00f3 sus microbikinis preferidas desde R\u00edo de Janeiro<\/b><\/i><\/a><\/p>\n<h2 class=\"font--primary font__display\">Florencia con un sofisticado look de invierno<\/h2>\n<p class=\"paragraph font__body-regular\">Recientemente, en su rol de conductora de\u00a0<i>Los Profesionales de Siempre,\u00a0<\/i>Flor de la V se luci\u00f3 con un\u00a0<b>minivestido de encaje floral negro<\/b>, de silueta ajustada y con\u00a0<b>transparencias<\/b>\u00a0en la zona del escote y el ruedo.<\/p>\n<figure class=\"\" data-testid=\"figure-testid\">\n<div class=\"aspect_ratio__container\"><picture class=\"responsive-image\"><source srcset=\"https:\/\/tn.com.ar\/resizer\/v2\/florencia-de-la-v-en-minivestido-de-encaje-y-tapado-de-piel-foto-instagramflordelave-M75M4WXH7REKDNPRQNDPOBAEHU.jpg?auth=11e50f30972a4b651a30285ff29fc19e4fe6e078a7b1afd95318cc3aa65b805d&amp;width=767\" type=\"image\/jpg\" media=\"(max-width: 728px)\" \/><source srcset=\"https:\/\/tn.com.ar\/resizer\/v2\/florencia-de-la-v-en-minivestido-de-encaje-y-tapado-de-piel-foto-instagramflordelave-M75M4WXH7REKDNPRQNDPOBAEHU.jpg?auth=11e50f30972a4b651a30285ff29fc19e4fe6e078a7b1afd95318cc3aa65b805d&amp;width=1023\" type=\"image\/jpg\" media=\"(max-width: 1023px)\" \/><source srcset=\"https:\/\/tn.com.ar\/resizer\/v2\/florencia-de-la-v-en-minivestido-de-encaje-y-tapado-de-piel-foto-instagramflordelave-M75M4WXH7REKDNPRQNDPOBAEHU.jpg?auth=11e50f30972a4b651a30285ff29fc19e4fe6e078a7b1afd95318cc3aa65b805d&amp;width=1440\" type=\"image\/jpg\" \/><img loading=\"lazy\" decoding=\"async\" class=\"image content-image image_placeholder\" src=\"https:\/\/tn.com.ar\/resizer\/v2\/florencia-de-la-v-en-minivestido-de-encaje-y-tapado-de-piel-foto-instagramflordelave-M75M4WXH7REKDNPRQNDPOBAEHU.jpg?auth=11e50f30972a4b651a30285ff29fc19e4fe6e078a7b1afd95318cc3aa65b805d&amp;width=767\" alt=\"Florencia de la V en minivestido de encaje y tapado de piel. (Foto: Instagram\/@flordelave)\" width=\"767\" height=\"959\" data-testid=\"loading-testid\" \/><\/picture><\/div><figcaption class=\"caption_image\" data-testid=\"figcaption-testid\">\n<div class=\"image_caption \">Florencia de la V en minivestido de encaje y tapado de piel. (Foto: Instagram\/@flordelave)<\/div>\n<\/figcaption><\/figure>\n<p class=\"paragraph font__body-regular\">Tal como dej\u00f3 ver tambi\u00e9n en su perfil de Instagram, elev\u00f3 el look con un llamativo\u00a0<b>tapado de piel rosa<\/b>, muy voluminoso y largo hasta las rodillas. Y como si esto fuera poco, remat\u00f3 con\u00a0<b>medias de red\u00a0<\/b>y unas\u00a0<b>sandalias negras con plumas\u00a0<\/b>a juego en la tobillera.<\/p>\n<figure class=\"\" data-testid=\"figure-testid\">\n<div class=\"aspect_ratio__container\"><picture class=\"responsive-image\"><source srcset=\"https:\/\/tn.com.ar\/resizer\/v2\/florencia-de-la-v-deslumbro-con-su-look-para-la-tv-foto-instagramflordelave-YXTCGB4EVFG75ACG7QPMTZRSFA.jpg?auth=f1c7d223a1a8092afe5469e9a22e57ea19f567a20e59535113a46a4be94dbe2b&amp;width=767\" type=\"image\/jpg\" media=\"(max-width: 728px)\" \/><source srcset=\"https:\/\/tn.com.ar\/resizer\/v2\/florencia-de-la-v-deslumbro-con-su-look-para-la-tv-foto-instagramflordelave-YXTCGB4EVFG75ACG7QPMTZRSFA.jpg?auth=f1c7d223a1a8092afe5469e9a22e57ea19f567a20e59535113a46a4be94dbe2b&amp;width=1023\" type=\"image\/jpg\" media=\"(max-width: 1023px)\" \/><source srcset=\"https:\/\/tn.com.ar\/resizer\/v2\/florencia-de-la-v-deslumbro-con-su-look-para-la-tv-foto-instagramflordelave-YXTCGB4EVFG75ACG7QPMTZRSFA.jpg?auth=f1c7d223a1a8092afe5469e9a22e57ea19f567a20e59535113a46a4be94dbe2b&amp;width=1440\" type=\"image\/jpg\" \/><img loading=\"lazy\" decoding=\"async\" class=\"image content-image image_placeholder\" src=\"https:\/\/tn.com.ar\/resizer\/v2\/florencia-de-la-v-deslumbro-con-su-look-para-la-tv-foto-instagramflordelave-YXTCGB4EVFG75ACG7QPMTZRSFA.jpg?auth=f1c7d223a1a8092afe5469e9a22e57ea19f567a20e59535113a46a4be94dbe2b&amp;width=767\" alt=\"Florencia de la V deslumbr\u00f3 con su look para la TV. (Foto: Instagram\/@flordelave)\" width=\"767\" height=\"959\" data-testid=\"loading-testid\" \/><\/picture><\/div><figcaption class=\"caption_image\" data-testid=\"figcaption-testid\">\n<div class=\"image_caption \">Florencia de la V deslumbr\u00f3 con su look para la TV. (Foto: Instagram\/@flordelave)<\/div>\n<\/figcaption><\/figure>\n<p class=\"paragraph font__body-regular\">\u00bfLos complementos finales? Un par de\u00a0<b>aros colgantes\u00a0<\/b>maximalistas formados por piedras blancas y detalles met\u00e1licos dorados, que quedaron al descubierto gracias al\u00a0<b>peinado recogido\u00a0<\/b>tirante en una cola de caballo.<\/p>\n<p class=\"paragraph font__body-regular\">Por \u00faltimo, luci\u00f3 un\u00a0<i>make up\u00a0<\/i>con delineado en la mirada, sombras amarronadas, contorno en las mejillas y labial\u00a0<i>nude<\/i>.<\/p>\n<figure class=\"\" data-testid=\"figure-testid\">\n<div class=\"aspect_ratio__container\"><picture class=\"responsive-image\"><source srcset=\"https:\/\/tn.com.ar\/resizer\/v2\/florencia-de-la-v-mostro-el-look-de-invierno-mas-audaz-foto-instagramflordelave-6JNV2UZQUVFKVB7DUNMGYAYM7U.jpg?auth=aef09943cab3028145a0db830bd00148f58fd7df03214c3cfd001c17c46060d2&amp;width=767\" type=\"image\/jpg\" media=\"(max-width: 728px)\" \/><source srcset=\"https:\/\/tn.com.ar\/resizer\/v2\/florencia-de-la-v-mostro-el-look-de-invierno-mas-audaz-foto-instagramflordelave-6JNV2UZQUVFKVB7DUNMGYAYM7U.jpg?auth=aef09943cab3028145a0db830bd00148f58fd7df03214c3cfd001c17c46060d2&amp;width=1023\" type=\"image\/jpg\" media=\"(max-width: 1023px)\" \/><source srcset=\"https:\/\/tn.com.ar\/resizer\/v2\/florencia-de-la-v-mostro-el-look-de-invierno-mas-audaz-foto-instagramflordelave-6JNV2UZQUVFKVB7DUNMGYAYM7U.jpg?auth=aef09943cab3028145a0db830bd00148f58fd7df03214c3cfd001c17c46060d2&amp;width=1440\" type=\"image\/jpg\" \/><img loading=\"lazy\" decoding=\"async\" class=\"image content-image image_placeholder\" src=\"https:\/\/tn.com.ar\/resizer\/v2\/florencia-de-la-v-mostro-el-look-de-invierno-mas-audaz-foto-instagramflordelave-6JNV2UZQUVFKVB7DUNMGYAYM7U.jpg?auth=aef09943cab3028145a0db830bd00148f58fd7df03214c3cfd001c17c46060d2&amp;width=767\" alt=\"Florencia de la V mostr\u00f3 el look de invierno m\u00e1s audaz. (Foto: Instagram\/@flordelave)\" width=\"767\" height=\"959\" data-testid=\"loading-testid\" \/><\/picture><\/div><figcaption class=\"caption_image\" data-testid=\"figcaption-testid\">\n<div class=\"image_caption \">Florencia de la V mostr\u00f3 el look de invierno m\u00e1s audaz. (Foto: Instagram\/@flordelave)<\/div>\n<\/figcaption><\/figure>\n","protected":false},"excerpt":{"rendered":"<p>Eligi\u00f3 un dise\u00f1o en marr\u00f3n chocolate con detalles bien marcados y complementos a tono. Florencia de la V\u00a0volvi\u00f3 a marcar tendencia en las redes sociales con un\u00a0look dram\u00e1tico y monocrom\u00e1tico\u00a0en uno de los colores m\u00e1s elegidos del invierno 2025: el\u00a0mocha mousse. En esta oportunidad, la conductora pos\u00f3 para las fotos con un\u00a0vestido camisero largo hasta [&hellip;]<\/p>\n","protected":false},"author":1,"featured_media":3403,"comment_status":"open","ping_status":"open","sticky":false,"template":"","format":"standard","meta":{"rop_custom_images_group":[],"rop_custom_messages_group":[],"rop_publish_now":"initial","rop_publish_now_accounts":[],"rop_publish_now_history":[],"rop_publish_now_status":"pending","footnotes":"","jetpack_publicize_message":"","jetpack_publicize_feature_enabled":true,"jetpack_social_post_already_shared":true,"jetpack_social_options":{"image_generator_settings":{"template":"highway","enabled":false},"version":2}},"categories":[15],"tags":[],"class_list":{"0":"post-3402","1":"post","2":"type-post","3":"status-publish","4":"format-standard","5":"has-post-thumbnail","7":"category-moda"},"jetpack_publicize_connections":[],"yoast_head":"<!-- This site is optimized with the Yoast SEO plugin v27.3 - https:\/\/yoast.com\/product\/yoast-seo-wordpress\/ -->\n<title>Florencia de la V volvi\u00f3 a apostar por el mocha mousse con un vestido largu\u00edsimo con volados - CLAN ESPECTACULOS<\/title>\n<meta name=\"robots\" content=\"index, follow, max-snippet:-1, max-image-preview:large, max-video-preview:-1\" \/>\n<link rel=\"canonical\" href=\"https:\/\/radioclanfm.com\/clanespectaculos\/florencia-de-la-v-volvio-a-apostar-por-el-mocha-mousse-con-un-vestido-larguisimo-con-volados\/\" \/>\n<meta property=\"og:locale\" content=\"es_ES\" \/>\n<meta property=\"og:type\" content=\"article\" \/>\n<meta property=\"og:title\" content=\"Florencia de la V volvi\u00f3 a apostar por el mocha mousse con un vestido largu\u00edsimo con volados - CLAN ESPECTACULOS\" \/>\n<meta property=\"og:description\" content=\"Eligi\u00f3 un dise\u00f1o en marr\u00f3n chocolate con detalles bien marcados y complementos a tono. Florencia de la V\u00a0volvi\u00f3 a marcar tendencia en las redes sociales con un\u00a0look dram\u00e1tico y monocrom\u00e1tico\u00a0en uno de los colores m\u00e1s elegidos del invierno 2025: el\u00a0mocha mousse. En esta oportunidad, la conductora pos\u00f3 para las fotos con un\u00a0vestido camisero largo hasta [&hellip;]\" \/>\n<meta property=\"og:url\" content=\"https:\/\/radioclanfm.com\/clanespectaculos\/florencia-de-la-v-volvio-a-apostar-por-el-mocha-mousse-con-un-vestido-larguisimo-con-volados\/\" \/>\n<meta property=\"og:site_name\" content=\"CLAN ESPECTACULOS\" \/>\n<meta property=\"article:publisher\" content=\"https:\/\/www.facebook.com\/clanespectaculos\/\" \/>\n<meta property=\"article:published_time\" content=\"2025-07-25T12:22:56+00:00\" \/>\n<meta property=\"og:image\" content=\"https:\/\/radioclanfm.com\/clanespectaculos\/wp-content\/uploads\/sites\/2\/2025\/07\/GwssdL8bgAAbOcZ.jpg\" \/>\n\t<meta property=\"og:image:width\" content=\"1023\" \/>\n\t<meta property=\"og:image:height\" content=\"575\" \/>\n\t<meta property=\"og:image:type\" content=\"image\/jpeg\" \/>\n<meta name=\"author\" content=\"E-GRUPOCLAN\" \/>\n<meta name=\"twitter:card\" content=\"summary_large_image\" \/>\n<meta name=\"twitter:creator\" content=\"@clanespectok\" \/>\n<meta name=\"twitter:site\" content=\"@clanespectok\" \/>\n<meta name=\"twitter:label1\" content=\"Escrito por\" \/>\n\t<meta name=\"twitter:data1\" content=\"E-GRUPOCLAN\" \/>\n\t<meta name=\"twitter:label2\" content=\"Tiempo de lectura\" \/>\n\t<meta name=\"twitter:data2\" content=\"2 minutos\" \/>\n<script type=\"application\/ld+json\" class=\"yoast-schema-graph\">{\"@context\":\"https:\\\/\\\/schema.org\",\"@graph\":[{\"@type\":\"Article\",\"@id\":\"https:\\\/\\\/radioclanfm.com\\\/clanespectaculos\\\/florencia-de-la-v-volvio-a-apostar-por-el-mocha-mousse-con-un-vestido-larguisimo-con-volados\\\/#article\",\"isPartOf\":{\"@id\":\"https:\\\/\\\/radioclanfm.com\\\/clanespectaculos\\\/florencia-de-la-v-volvio-a-apostar-por-el-mocha-mousse-con-un-vestido-larguisimo-con-volados\\\/\"},\"author\":{\"name\":\"E-GRUPOCLAN\",\"@id\":\"https:\\\/\\\/radioclanfm.com\\\/clanespectaculos\\\/#\\\/schema\\\/person\\\/9734813083303230f3ad84d99171b20c\"},\"headline\":\"Florencia de la V volvi\u00f3 a apostar por el mocha mousse con un vestido largu\u00edsimo con volados\",\"datePublished\":\"2025-07-25T12:22:56+00:00\",\"mainEntityOfPage\":{\"@id\":\"https:\\\/\\\/radioclanfm.com\\\/clanespectaculos\\\/florencia-de-la-v-volvio-a-apostar-por-el-mocha-mousse-con-un-vestido-larguisimo-con-volados\\\/\"},\"wordCount\":513,\"commentCount\":0,\"publisher\":{\"@id\":\"https:\\\/\\\/radioclanfm.com\\\/clanespectaculos\\\/#organization\"},\"image\":{\"@id\":\"https:\\\/\\\/radioclanfm.com\\\/clanespectaculos\\\/florencia-de-la-v-volvio-a-apostar-por-el-mocha-mousse-con-un-vestido-larguisimo-con-volados\\\/#primaryimage\"},\"thumbnailUrl\":\"https:\\\/\\\/radioclanfm.com\\\/clanespectaculos\\\/wp-content\\\/uploads\\\/sites\\\/2\\\/2025\\\/07\\\/GwssdL8bgAAbOcZ.jpg\",\"articleSection\":[\"MODA\"],\"inLanguage\":\"es-AR\",\"potentialAction\":[{\"@type\":\"CommentAction\",\"name\":\"Comment\",\"target\":[\"https:\\\/\\\/radioclanfm.com\\\/clanespectaculos\\\/florencia-de-la-v-volvio-a-apostar-por-el-mocha-mousse-con-un-vestido-larguisimo-con-volados\\\/#respond\"]}]},{\"@type\":\"WebPage\",\"@id\":\"https:\\\/\\\/radioclanfm.com\\\/clanespectaculos\\\/florencia-de-la-v-volvio-a-apostar-por-el-mocha-mousse-con-un-vestido-larguisimo-con-volados\\\/\",\"url\":\"https:\\\/\\\/radioclanfm.com\\\/clanespectaculos\\\/florencia-de-la-v-volvio-a-apostar-por-el-mocha-mousse-con-un-vestido-larguisimo-con-volados\\\/\",\"name\":\"Florencia de la V volvi\u00f3 a apostar por el mocha mousse con un vestido largu\u00edsimo con volados - CLAN ESPECTACULOS\",\"isPartOf\":{\"@id\":\"https:\\\/\\\/radioclanfm.com\\\/clanespectaculos\\\/#website\"},\"primaryImageOfPage\":{\"@id\":\"https:\\\/\\\/radioclanfm.com\\\/clanespectaculos\\\/florencia-de-la-v-volvio-a-apostar-por-el-mocha-mousse-con-un-vestido-larguisimo-con-volados\\\/#primaryimage\"},\"image\":{\"@id\":\"https:\\\/\\\/radioclanfm.com\\\/clanespectaculos\\\/florencia-de-la-v-volvio-a-apostar-por-el-mocha-mousse-con-un-vestido-larguisimo-con-volados\\\/#primaryimage\"},\"thumbnailUrl\":\"https:\\\/\\\/radioclanfm.com\\\/clanespectaculos\\\/wp-content\\\/uploads\\\/sites\\\/2\\\/2025\\\/07\\\/GwssdL8bgAAbOcZ.jpg\",\"datePublished\":\"2025-07-25T12:22:56+00:00\",\"breadcrumb\":{\"@id\":\"https:\\\/\\\/radioclanfm.com\\\/clanespectaculos\\\/florencia-de-la-v-volvio-a-apostar-por-el-mocha-mousse-con-un-vestido-larguisimo-con-volados\\\/#breadcrumb\"},\"inLanguage\":\"es-AR\",\"potentialAction\":[{\"@type\":\"ReadAction\",\"target\":[\"https:\\\/\\\/radioclanfm.com\\\/clanespectaculos\\\/florencia-de-la-v-volvio-a-apostar-por-el-mocha-mousse-con-un-vestido-larguisimo-con-volados\\\/\"]}]},{\"@type\":\"ImageObject\",\"inLanguage\":\"es-AR\",\"@id\":\"https:\\\/\\\/radioclanfm.com\\\/clanespectaculos\\\/florencia-de-la-v-volvio-a-apostar-por-el-mocha-mousse-con-un-vestido-larguisimo-con-volados\\\/#primaryimage\",\"url\":\"https:\\\/\\\/radioclanfm.com\\\/clanespectaculos\\\/wp-content\\\/uploads\\\/sites\\\/2\\\/2025\\\/07\\\/GwssdL8bgAAbOcZ.jpg\",\"contentUrl\":\"https:\\\/\\\/radioclanfm.com\\\/clanespectaculos\\\/wp-content\\\/uploads\\\/sites\\\/2\\\/2025\\\/07\\\/GwssdL8bgAAbOcZ.jpg\",\"width\":1023,\"height\":575},{\"@type\":\"BreadcrumbList\",\"@id\":\"https:\\\/\\\/radioclanfm.com\\\/clanespectaculos\\\/florencia-de-la-v-volvio-a-apostar-por-el-mocha-mousse-con-un-vestido-larguisimo-con-volados\\\/#breadcrumb\",\"itemListElement\":[{\"@type\":\"ListItem\",\"position\":1,\"name\":\"Inicio\",\"item\":\"https:\\\/\\\/radioclanfm.com\\\/clanespectaculos\\\/\"},{\"@type\":\"ListItem\",\"position\":2,\"name\":\"Florencia de la V volvi\u00f3 a apostar por el mocha mousse con un vestido largu\u00edsimo con volados\"}]},{\"@type\":\"WebSite\",\"@id\":\"https:\\\/\\\/radioclanfm.com\\\/clanespectaculos\\\/#website\",\"url\":\"https:\\\/\\\/radioclanfm.com\\\/clanespectaculos\\\/\",\"name\":\"CLAN ESPECTACULOS\",\"description\":\"\",\"publisher\":{\"@id\":\"https:\\\/\\\/radioclanfm.com\\\/clanespectaculos\\\/#organization\"},\"potentialAction\":[{\"@type\":\"SearchAction\",\"target\":{\"@type\":\"EntryPoint\",\"urlTemplate\":\"https:\\\/\\\/radioclanfm.com\\\/clanespectaculos\\\/?s={search_term_string}\"},\"query-input\":{\"@type\":\"PropertyValueSpecification\",\"valueRequired\":true,\"valueName\":\"search_term_string\"}}],\"inLanguage\":\"es-AR\"},{\"@type\":\"Organization\",\"@id\":\"https:\\\/\\\/radioclanfm.com\\\/clanespectaculos\\\/#organization\",\"name\":\"CLAN ESPECTACULOS\",\"url\":\"https:\\\/\\\/radioclanfm.com\\\/clanespectaculos\\\/\",\"logo\":{\"@type\":\"ImageObject\",\"inLanguage\":\"es-AR\",\"@id\":\"https:\\\/\\\/radioclanfm.com\\\/clanespectaculos\\\/#\\\/schema\\\/logo\\\/image\\\/\",\"url\":\"https:\\\/\\\/radioclanfm.com\\\/clanespectaculos\\\/wp-content\\\/uploads\\\/sites\\\/2\\\/2026\\\/04\\\/ChatGPT-Image-23-mar-2026-10_09_00.png\",\"contentUrl\":\"https:\\\/\\\/radioclanfm.com\\\/clanespectaculos\\\/wp-content\\\/uploads\\\/sites\\\/2\\\/2026\\\/04\\\/ChatGPT-Image-23-mar-2026-10_09_00.png\",\"width\":1024,\"height\":1024,\"caption\":\"CLAN ESPECTACULOS\"},\"image\":{\"@id\":\"https:\\\/\\\/radioclanfm.com\\\/clanespectaculos\\\/#\\\/schema\\\/logo\\\/image\\\/\"},\"sameAs\":[\"https:\\\/\\\/www.facebook.com\\\/clanespectaculos\\\/\",\"https:\\\/\\\/x.com\\\/clanespectok\"]},{\"@type\":\"Person\",\"@id\":\"https:\\\/\\\/radioclanfm.com\\\/clanespectaculos\\\/#\\\/schema\\\/person\\\/9734813083303230f3ad84d99171b20c\",\"name\":\"E-GRUPOCLAN\",\"image\":{\"@type\":\"ImageObject\",\"inLanguage\":\"es-AR\",\"@id\":\"https:\\\/\\\/secure.gravatar.com\\\/avatar\\\/af6e19837c3d6a212034a48c7b3818d2ac1826f6025df0155da5a186ad321d79?s=96&d=mm&r=g\",\"url\":\"https:\\\/\\\/secure.gravatar.com\\\/avatar\\\/af6e19837c3d6a212034a48c7b3818d2ac1826f6025df0155da5a186ad321d79?s=96&d=mm&r=g\",\"contentUrl\":\"https:\\\/\\\/secure.gravatar.com\\\/avatar\\\/af6e19837c3d6a212034a48c7b3818d2ac1826f6025df0155da5a186ad321d79?s=96&d=mm&r=g\",\"caption\":\"E-GRUPOCLAN\"},\"sameAs\":[\"https:\\\/\\\/radioclanfm.com\"],\"url\":\"https:\\\/\\\/radioclanfm.com\\\/clanespectaculos\\\/author\\\/admin\\\/\"}]}<\/script>\n<!-- \/ Yoast SEO plugin. -->","yoast_head_json":{"title":"Florencia de la V volvi\u00f3 a apostar por el mocha mousse con un vestido largu\u00edsimo con volados - CLAN ESPECTACULOS","robots":{"index":"index","follow":"follow","max-snippet":"max-snippet:-1","max-image-preview":"max-image-preview:large","max-video-preview":"max-video-preview:-1"},"canonical":"https:\/\/radioclanfm.com\/clanespectaculos\/florencia-de-la-v-volvio-a-apostar-por-el-mocha-mousse-con-un-vestido-larguisimo-con-volados\/","og_locale":"es_ES","og_type":"article","og_title":"Florencia de la V volvi\u00f3 a apostar por el mocha mousse con un vestido largu\u00edsimo con volados - CLAN ESPECTACULOS","og_description":"Eligi\u00f3 un dise\u00f1o en marr\u00f3n chocolate con detalles bien marcados y complementos a tono. Florencia de la V\u00a0volvi\u00f3 a marcar tendencia en las redes sociales con un\u00a0look dram\u00e1tico y monocrom\u00e1tico\u00a0en uno de los colores m\u00e1s elegidos del invierno 2025: el\u00a0mocha mousse. En esta oportunidad, la conductora pos\u00f3 para las fotos con un\u00a0vestido camisero largo hasta [&hellip;]","og_url":"https:\/\/radioclanfm.com\/clanespectaculos\/florencia-de-la-v-volvio-a-apostar-por-el-mocha-mousse-con-un-vestido-larguisimo-con-volados\/","og_site_name":"CLAN ESPECTACULOS","article_publisher":"https:\/\/www.facebook.com\/clanespectaculos\/","article_published_time":"2025-07-25T12:22:56+00:00","og_image":[{"width":1023,"height":575,"url":"https:\/\/radioclanfm.com\/clanespectaculos\/wp-content\/uploads\/sites\/2\/2025\/07\/GwssdL8bgAAbOcZ.jpg","type":"image\/jpeg"}],"author":"E-GRUPOCLAN","twitter_card":"summary_large_image","twitter_creator":"@clanespectok","twitter_site":"@clanespectok","twitter_misc":{"Escrito por":"E-GRUPOCLAN","Tiempo de lectura":"2 minutos"},"schema":{"@context":"https:\/\/schema.org","@graph":[{"@type":"Article","@id":"https:\/\/radioclanfm.com\/clanespectaculos\/florencia-de-la-v-volvio-a-apostar-por-el-mocha-mousse-con-un-vestido-larguisimo-con-volados\/#article","isPartOf":{"@id":"https:\/\/radioclanfm.com\/clanespectaculos\/florencia-de-la-v-volvio-a-apostar-por-el-mocha-mousse-con-un-vestido-larguisimo-con-volados\/"},"author":{"name":"E-GRUPOCLAN","@id":"https:\/\/radioclanfm.com\/clanespectaculos\/#\/schema\/person\/9734813083303230f3ad84d99171b20c"},"headline":"Florencia de la V volvi\u00f3 a apostar por el mocha mousse con un vestido largu\u00edsimo con volados","datePublished":"2025-07-25T12:22:56+00:00","mainEntityOfPage":{"@id":"https:\/\/radioclanfm.com\/clanespectaculos\/florencia-de-la-v-volvio-a-apostar-por-el-mocha-mousse-con-un-vestido-larguisimo-con-volados\/"},"wordCount":513,"commentCount":0,"publisher":{"@id":"https:\/\/radioclanfm.com\/clanespectaculos\/#organization"},"image":{"@id":"https:\/\/radioclanfm.com\/clanespectaculos\/florencia-de-la-v-volvio-a-apostar-por-el-mocha-mousse-con-un-vestido-larguisimo-con-volados\/#primaryimage"},"thumbnailUrl":"https:\/\/radioclanfm.com\/clanespectaculos\/wp-content\/uploads\/sites\/2\/2025\/07\/GwssdL8bgAAbOcZ.jpg","articleSection":["MODA"],"inLanguage":"es-AR","potentialAction":[{"@type":"CommentAction","name":"Comment","target":["https:\/\/radioclanfm.com\/clanespectaculos\/florencia-de-la-v-volvio-a-apostar-por-el-mocha-mousse-con-un-vestido-larguisimo-con-volados\/#respond"]}]},{"@type":"WebPage","@id":"https:\/\/radioclanfm.com\/clanespectaculos\/florencia-de-la-v-volvio-a-apostar-por-el-mocha-mousse-con-un-vestido-larguisimo-con-volados\/","url":"https:\/\/radioclanfm.com\/clanespectaculos\/florencia-de-la-v-volvio-a-apostar-por-el-mocha-mousse-con-un-vestido-larguisimo-con-volados\/","name":"Florencia de la V volvi\u00f3 a apostar por el mocha mousse con un vestido largu\u00edsimo con volados - CLAN ESPECTACULOS","isPartOf":{"@id":"https:\/\/radioclanfm.com\/clanespectaculos\/#website"},"primaryImageOfPage":{"@id":"https:\/\/radioclanfm.com\/clanespectaculos\/florencia-de-la-v-volvio-a-apostar-por-el-mocha-mousse-con-un-vestido-larguisimo-con-volados\/#primaryimage"},"image":{"@id":"https:\/\/radioclanfm.com\/clanespectaculos\/florencia-de-la-v-volvio-a-apostar-por-el-mocha-mousse-con-un-vestido-larguisimo-con-volados\/#primaryimage"},"thumbnailUrl":"https:\/\/radioclanfm.com\/clanespectaculos\/wp-content\/uploads\/sites\/2\/2025\/07\/GwssdL8bgAAbOcZ.jpg","datePublished":"2025-07-25T12:22:56+00:00","breadcrumb":{"@id":"https:\/\/radioclanfm.com\/clanespectaculos\/florencia-de-la-v-volvio-a-apostar-por-el-mocha-mousse-con-un-vestido-larguisimo-con-volados\/#breadcrumb"},"inLanguage":"es-AR","potentialAction":[{"@type":"ReadAction","target":["https:\/\/radioclanfm.com\/clanespectaculos\/florencia-de-la-v-volvio-a-apostar-por-el-mocha-mousse-con-un-vestido-larguisimo-con-volados\/"]}]},{"@type":"ImageObject","inLanguage":"es-AR","@id":"https:\/\/radioclanfm.com\/clanespectaculos\/florencia-de-la-v-volvio-a-apostar-por-el-mocha-mousse-con-un-vestido-larguisimo-con-volados\/#primaryimage","url":"https:\/\/radioclanfm.com\/clanespectaculos\/wp-content\/uploads\/sites\/2\/2025\/07\/GwssdL8bgAAbOcZ.jpg","contentUrl":"https:\/\/radioclanfm.com\/clanespectaculos\/wp-content\/uploads\/sites\/2\/2025\/07\/GwssdL8bgAAbOcZ.jpg","width":1023,"height":575},{"@type":"BreadcrumbList","@id":"https:\/\/radioclanfm.com\/clanespectaculos\/florencia-de-la-v-volvio-a-apostar-por-el-mocha-mousse-con-un-vestido-larguisimo-con-volados\/#breadcrumb","itemListElement":[{"@type":"ListItem","position":1,"name":"Inicio","item":"https:\/\/radioclanfm.com\/clanespectaculos\/"},{"@type":"ListItem","position":2,"name":"Florencia de la V volvi\u00f3 a apostar por el mocha mousse con un vestido largu\u00edsimo con volados"}]},{"@type":"WebSite","@id":"https:\/\/radioclanfm.com\/clanespectaculos\/#website","url":"https:\/\/radioclanfm.com\/clanespectaculos\/","name":"CLAN ESPECTACULOS","description":"","publisher":{"@id":"https:\/\/radioclanfm.com\/clanespectaculos\/#organization"},"potentialAction":[{"@type":"SearchAction","target":{"@type":"EntryPoint","urlTemplate":"https:\/\/radioclanfm.com\/clanespectaculos\/?s={search_term_string}"},"query-input":{"@type":"PropertyValueSpecification","valueRequired":true,"valueName":"search_term_string"}}],"inLanguage":"es-AR"},{"@type":"Organization","@id":"https:\/\/radioclanfm.com\/clanespectaculos\/#organization","name":"CLAN ESPECTACULOS","url":"https:\/\/radioclanfm.com\/clanespectaculos\/","logo":{"@type":"ImageObject","inLanguage":"es-AR","@id":"https:\/\/radioclanfm.com\/clanespectaculos\/#\/schema\/logo\/image\/","url":"https:\/\/radioclanfm.com\/clanespectaculos\/wp-content\/uploads\/sites\/2\/2026\/04\/ChatGPT-Image-23-mar-2026-10_09_00.png","contentUrl":"https:\/\/radioclanfm.com\/clanespectaculos\/wp-content\/uploads\/sites\/2\/2026\/04\/ChatGPT-Image-23-mar-2026-10_09_00.png","width":1024,"height":1024,"caption":"CLAN ESPECTACULOS"},"image":{"@id":"https:\/\/radioclanfm.com\/clanespectaculos\/#\/schema\/logo\/image\/"},"sameAs":["https:\/\/www.facebook.com\/clanespectaculos\/","https:\/\/x.com\/clanespectok"]},{"@type":"Person","@id":"https:\/\/radioclanfm.com\/clanespectaculos\/#\/schema\/person\/9734813083303230f3ad84d99171b20c","name":"E-GRUPOCLAN","image":{"@type":"ImageObject","inLanguage":"es-AR","@id":"https:\/\/secure.gravatar.com\/avatar\/af6e19837c3d6a212034a48c7b3818d2ac1826f6025df0155da5a186ad321d79?s=96&d=mm&r=g","url":"https:\/\/secure.gravatar.com\/avatar\/af6e19837c3d6a212034a48c7b3818d2ac1826f6025df0155da5a186ad321d79?s=96&d=mm&r=g","contentUrl":"https:\/\/secure.gravatar.com\/avatar\/af6e19837c3d6a212034a48c7b3818d2ac1826f6025df0155da5a186ad321d79?s=96&d=mm&r=g","caption":"E-GRUPOCLAN"},"sameAs":["https:\/\/radioclanfm.com"],"url":"https:\/\/radioclanfm.com\/clanespectaculos\/author\/admin\/"}]}},"_links":{"self":[{"href":"https:\/\/radioclanfm.com\/clanespectaculos\/wp-json\/wp\/v2\/posts\/3402","targetHints":{"allow":["GET"]}}],"collection":[{"href":"https:\/\/radioclanfm.com\/clanespectaculos\/wp-json\/wp\/v2\/posts"}],"about":[{"href":"https:\/\/radioclanfm.com\/clanespectaculos\/wp-json\/wp\/v2\/types\/post"}],"author":[{"embeddable":true,"href":"https:\/\/radioclanfm.com\/clanespectaculos\/wp-json\/wp\/v2\/users\/1"}],"replies":[{"embeddable":true,"href":"https:\/\/radioclanfm.com\/clanespectaculos\/wp-json\/wp\/v2\/comments?post=3402"}],"version-history":[{"count":1,"href":"https:\/\/radioclanfm.com\/clanespectaculos\/wp-json\/wp\/v2\/posts\/3402\/revisions"}],"predecessor-version":[{"id":3404,"href":"https:\/\/radioclanfm.com\/clanespectaculos\/wp-json\/wp\/v2\/posts\/3402\/revisions\/3404"}],"wp:featuredmedia":[{"embeddable":true,"href":"https:\/\/radioclanfm.com\/clanespectaculos\/wp-json\/wp\/v2\/media\/3403"}],"wp:attachment":[{"href":"https:\/\/radioclanfm.com\/clanespectaculos\/wp-json\/wp\/v2\/media?parent=3402"}],"wp:term":[{"taxonomy":"category","embeddable":true,"href":"https:\/\/radioclanfm.com\/clanespectaculos\/wp-json\/wp\/v2\/categories?post=3402"},{"taxonomy":"post_tag","embeddable":true,"href":"https:\/\/radioclanfm.com\/clanespectaculos\/wp-json\/wp\/v2\/tags?post=3402"}],"curies":[{"name":"wp","href":"https:\/\/api.w.org\/{rel}","templated":true}]}}