{"id":3390,"date":"2025-07-22T22:52:57","date_gmt":"2025-07-23T01:52:57","guid":{"rendered":"https:\/\/radioclanfm.com\/clanespectaculos\/?p=3390"},"modified":"2025-07-22T22:52:57","modified_gmt":"2025-07-23T01:52:57","slug":"laurita-fernandez-recordo-sus-dias-en-maldivas-con-una-foto-en-microbikini-damero-mentalmente-aca","status":"publish","type":"post","link":"https:\/\/radioclanfm.com\/clanespectaculos\/laurita-fernandez-recordo-sus-dias-en-maldivas-con-una-foto-en-microbikini-damero-mentalmente-aca\/","title":{"rendered":"Laurita Fern\u00e1ndez record\u00f3 sus d\u00edas en Maldivas con una foto en microbikini damero: \u201cMentalmente ac\u00e1\u201d"},"content":{"rendered":"<p>Comparti\u00f3 fotos de sus \u00faltimas vacaciones donde se luci\u00f3 con un modelo a cuadros en celeste y azul.<\/p>\n<p class=\"paragraph font__body-regular\">Protagonizando con La cena de los tontos la temporada de teatro en Buenos Aires,\u00a0<b>Laurita Fern\u00e1ndez<\/b><b>\u00a0<\/b>se tom\u00f3 un tiempo para recordar sus\u00a0<b>\u00faltimas vacaciones en una playa paradis\u00edaca.<\/b><\/p>\n<div class=\"AV6543bedcd858799fe90b5c47\">\n<div id=\"aniBox\">\n<div id=\"aniplayer_AV6543bedcd858799fe90b5c47-1753235486416\">\n<div id=\"aniplayer_AV6543bedcd858799fe90b5c47-1753235486416gui\">\n<div id=\"av-caption\">\n<div id=\"av-close-btn-overlay\" class=\"av-pos-top-left\"><\/div>\n<\/div>\n<\/div>\n<div id=\"anibid\"><\/div>\n<\/div>\n<\/div>\n<\/div>\n<p class=\"paragraph font__body-regular\">Y as\u00ed fue que<b>\u00a0<\/b>comparti\u00f3 postales de su escapada a las<b>\u00a0Islas Maldivas<\/b>\u00a0deslumbrando a sus seguidores de<b>\u00a0Instagram<\/b>\u00a0con las microbikinis en tonos azules que eligi\u00f3 para disfrutar de la playa y el mar esos d\u00edas.<\/p>\n<p class=\"paragraph font__body-regular\">En una de las fotos se la ve de pie en medio del mar turquesa, luciendo una\u00a0<b>microbikini\u00a0<\/b>en tonos\u00a0<b>celeste y azul intenso<\/b>, con\u00a0<b>estampado damero<\/b>, uno de los\u00a0<i>prints<\/i>\u00a0m\u00e1s elegidos del \u00faltimo verano.<\/p>\n<p>&nbsp;<\/p>\n<figure class=\"\" data-testid=\"figure-testid\">\n<div class=\"aspect_ratio__container\"><picture class=\"responsive-image\"><source srcset=\"https:\/\/tn.com.ar\/resizer\/v2\/laurita-fernandez-en-las-maldivas-foto-instagramholasoylaurita-AWY6XBYGAJFV7EKVRYHN3ZDT5A.jpg?auth=266a00b36029afc0d8a0bdb55a6774c0e091c6d02fd8390f852481918e823080&amp;width=767\" type=\"image\/jpg\" media=\"(max-width: 728px)\" \/><source srcset=\"https:\/\/tn.com.ar\/resizer\/v2\/laurita-fernandez-en-las-maldivas-foto-instagramholasoylaurita-AWY6XBYGAJFV7EKVRYHN3ZDT5A.jpg?auth=266a00b36029afc0d8a0bdb55a6774c0e091c6d02fd8390f852481918e823080&amp;width=1023\" type=\"image\/jpg\" media=\"(max-width: 1023px)\" \/><source srcset=\"https:\/\/tn.com.ar\/resizer\/v2\/laurita-fernandez-en-las-maldivas-foto-instagramholasoylaurita-AWY6XBYGAJFV7EKVRYHN3ZDT5A.jpg?auth=266a00b36029afc0d8a0bdb55a6774c0e091c6d02fd8390f852481918e823080&amp;width=1440\" type=\"image\/jpg\" \/><img loading=\"lazy\" decoding=\"async\" class=\"image content-image image_placeholder\" src=\"https:\/\/tn.com.ar\/resizer\/v2\/laurita-fernandez-en-las-maldivas-foto-instagramholasoylaurita-AWY6XBYGAJFV7EKVRYHN3ZDT5A.jpg?auth=266a00b36029afc0d8a0bdb55a6774c0e091c6d02fd8390f852481918e823080&amp;width=767\" alt=\"Laurita Fern\u00e1ndez en las Maldivas. (Foto: Instagram\/@holasoylaurita).\" width=\"767\" height=\"838\" data-testid=\"loading-testid\" \/><\/picture><\/div><figcaption class=\"caption_image\" data-testid=\"figcaption-testid\">\n<div class=\"image_caption \">Laurita Fern\u00e1ndez en las Maldivas. (Foto: Instagram\/@holasoylaurita).<\/div>\n<\/figcaption><\/figure>\n<p class=\"paragraph font__body-regular\">El\u00a0<b>corpi\u00f1o tiene aro\u00a0<\/b>y<b>\u00a0breteles finos regulables\u00a0<\/b>y la\u00a0<b>bombacha es\u00a0<\/b><i><b>colaless<\/b><\/i>\u00a0de tiro bien bajo con tiritas de ajuste bien finas a ambos lados de las caderas, todo en la misma paleta vibrante.<\/p>\n<figure class=\"\" data-testid=\"figure-testid\">\n<div class=\"aspect_ratio__container\"><picture class=\"responsive-image\"><source srcset=\"https:\/\/tn.com.ar\/resizer\/v2\/laurita-fernandez-de-espaldas-foto-instagramholasoylaurita-IHX2LPBFLZDURKXTL6AHBHUF5I.jpg?auth=7b23495b11e81dec913bc877d09e4e84968d6befe1cd1f60659585d078af04f6&amp;width=767\" type=\"image\/jpg\" media=\"(max-width: 728px)\" \/><source srcset=\"https:\/\/tn.com.ar\/resizer\/v2\/laurita-fernandez-de-espaldas-foto-instagramholasoylaurita-IHX2LPBFLZDURKXTL6AHBHUF5I.jpg?auth=7b23495b11e81dec913bc877d09e4e84968d6befe1cd1f60659585d078af04f6&amp;width=1023\" type=\"image\/jpg\" media=\"(max-width: 1023px)\" \/><source srcset=\"https:\/\/tn.com.ar\/resizer\/v2\/laurita-fernandez-de-espaldas-foto-instagramholasoylaurita-IHX2LPBFLZDURKXTL6AHBHUF5I.jpg?auth=7b23495b11e81dec913bc877d09e4e84968d6befe1cd1f60659585d078af04f6&amp;width=1440\" type=\"image\/jpg\" \/><img loading=\"lazy\" decoding=\"async\" class=\"image content-image image_placeholder\" src=\"https:\/\/tn.com.ar\/resizer\/v2\/laurita-fernandez-de-espaldas-foto-instagramholasoylaurita-IHX2LPBFLZDURKXTL6AHBHUF5I.jpg?auth=7b23495b11e81dec913bc877d09e4e84968d6befe1cd1f60659585d078af04f6&amp;width=767\" alt=\"Laurita Fern\u00e1ndez de espaldas. (Foto: Instagram\/@holasoylaurita).\" width=\"767\" height=\"959\" data-testid=\"loading-testid\" \/><\/picture><\/div><figcaption class=\"caption_image\" data-testid=\"figcaption-testid\">\n<div class=\"image_caption \">Laurita Fern\u00e1ndez de espaldas. (Foto: Instagram\/@holasoylaurita).<\/div>\n<\/figcaption><\/figure>\n<p class=\"paragraph font__body-regular\">La bailarina eligi\u00f3 para la ocasi\u00f3n un\u00a0<b>sombrero tipo\u00a0<\/b><i><b>bucket<\/b><\/i><b>\u00a0de jean<\/b>\u00a0con\u00a0<b>terminaci\u00f3n desflecada<\/b>, que suma un aire relajado al conjunto playero. Sin maquillaje ni accesorios a la vista, apost\u00f3 por una est\u00e9tica 100% al natural, ideal para un d\u00eda de playa.<\/p>\n<figure class=\"\" data-testid=\"figure-testid\">\n<div class=\"aspect_ratio__container\"><picture class=\"responsive-image\"><source srcset=\"https:\/\/tn.com.ar\/resizer\/v2\/laurita-fernandez-de-primer-plano-foto-instagramholasoylaurita-7ITVH43D3VG5LHSOSGS72BVWMA.jpg?auth=5c93c7a2ab8c7609d77dad866858530471d4308f188e1e3a47a0451c737d131b&amp;width=767\" type=\"image\/jpg\" media=\"(max-width: 728px)\" \/><source srcset=\"https:\/\/tn.com.ar\/resizer\/v2\/laurita-fernandez-de-primer-plano-foto-instagramholasoylaurita-7ITVH43D3VG5LHSOSGS72BVWMA.jpg?auth=5c93c7a2ab8c7609d77dad866858530471d4308f188e1e3a47a0451c737d131b&amp;width=1023\" type=\"image\/jpg\" media=\"(max-width: 1023px)\" \/><source srcset=\"https:\/\/tn.com.ar\/resizer\/v2\/laurita-fernandez-de-primer-plano-foto-instagramholasoylaurita-7ITVH43D3VG5LHSOSGS72BVWMA.jpg?auth=5c93c7a2ab8c7609d77dad866858530471d4308f188e1e3a47a0451c737d131b&amp;width=1440\" type=\"image\/jpg\" \/><img loading=\"lazy\" decoding=\"async\" class=\"image content-image image_placeholder\" src=\"https:\/\/tn.com.ar\/resizer\/v2\/laurita-fernandez-de-primer-plano-foto-instagramholasoylaurita-7ITVH43D3VG5LHSOSGS72BVWMA.jpg?auth=5c93c7a2ab8c7609d77dad866858530471d4308f188e1e3a47a0451c737d131b&amp;width=767\" alt=\"Laurita Fern\u00e1ndez de primer plano. (Foto: Instagram\/@holasoylaurita).\" width=\"767\" height=\"841\" data-testid=\"loading-testid\" \/><\/picture><\/div><figcaption class=\"caption_image\" data-testid=\"figcaption-testid\">\n<div class=\"image_caption \">Laurita Fern\u00e1ndez de primer plano. (Foto: Instagram\/@holasoylaurita).<\/div>\n<\/figcaption><\/figure>\n<p class=\"paragraph font__body-regular\">En el pie de foto de la publicaci\u00f3n, al\u00a0<i>it girl\u00a0<\/i>escribi\u00f3: &#8220;<b>Sale un toque el sol y yo ya mentalmente ac\u00e1&#8230;\u00a0<\/b>\u00bfAs\u00ed dicen no?\u201c, seguido de un divertido emoji.<\/p>\n<figure class=\"\" data-testid=\"figure-testid\">\n<div class=\"aspect_ratio__container\"><picture class=\"responsive-image\"><source srcset=\"https:\/\/tn.com.ar\/resizer\/v2\/laurita-fernandez-en-la-playa-foto-instagramholasoylaurita-4ULAB2V6VRBLHPEH4GS74EAFBI.jpg?auth=5dd596ca11ce04ca852f1f50b6e6f79b82ebe04d0a3fa01d0bc4755309f2d5d0&amp;width=767\" type=\"image\/jpg\" media=\"(max-width: 728px)\" \/><source srcset=\"https:\/\/tn.com.ar\/resizer\/v2\/laurita-fernandez-en-la-playa-foto-instagramholasoylaurita-4ULAB2V6VRBLHPEH4GS74EAFBI.jpg?auth=5dd596ca11ce04ca852f1f50b6e6f79b82ebe04d0a3fa01d0bc4755309f2d5d0&amp;width=1023\" type=\"image\/jpg\" media=\"(max-width: 1023px)\" \/><source srcset=\"https:\/\/tn.com.ar\/resizer\/v2\/laurita-fernandez-en-la-playa-foto-instagramholasoylaurita-4ULAB2V6VRBLHPEH4GS74EAFBI.jpg?auth=5dd596ca11ce04ca852f1f50b6e6f79b82ebe04d0a3fa01d0bc4755309f2d5d0&amp;width=1440\" type=\"image\/jpg\" \/><img loading=\"lazy\" decoding=\"async\" class=\"image content-image image_placeholder\" src=\"https:\/\/tn.com.ar\/resizer\/v2\/laurita-fernandez-en-la-playa-foto-instagramholasoylaurita-4ULAB2V6VRBLHPEH4GS74EAFBI.jpg?auth=5dd596ca11ce04ca852f1f50b6e6f79b82ebe04d0a3fa01d0bc4755309f2d5d0&amp;width=767\" alt=\"Laurita Fern\u00e1ndez en la playa. (Foto: Instagram\/@holasoylaurita).\" width=\"767\" height=\"959\" data-testid=\"loading-testid\" \/><\/picture><\/div><figcaption class=\"caption_image\" data-testid=\"figcaption-testid\">\n<div class=\"image_caption \">Laurita Fern\u00e1ndez en la playa. (Foto: Instagram\/@holasoylaurita).<\/div>\n<\/figcaption><\/figure>\n<p class=\"paragraph font__body-regular\">La publicaci\u00f3n sum\u00f3\u00a0<b>miles de<\/b><i><b>\u00a0likes<\/b><\/i><b>\u00a0<\/b>y<b>\u00a0cientos de lindos comentarios<\/b>\u00a0que elogiaron su traje de ba\u00f1o, pero que tambi\u00e9n le reprochan que se haya separado. \u201cEs una pena\u201d.<\/p>\n<figure class=\"\" data-testid=\"figure-testid\">\n<div class=\"aspect_ratio__container\"><picture class=\"responsive-image\"><source srcset=\"https:\/\/tn.com.ar\/resizer\/v2\/laurita-fernandez-de-microbikini-con-estampa-damero-foto-instagramholasoylaurita-SXREGI73ZNG2FOXD55M4KGVKMA.jpg?auth=3324eb552639ae5e7a284109e3fb608495c421639de9cf7a4fefd638a3715cc1&amp;width=767\" type=\"image\/jpg\" media=\"(max-width: 728px)\" \/><source srcset=\"https:\/\/tn.com.ar\/resizer\/v2\/laurita-fernandez-de-microbikini-con-estampa-damero-foto-instagramholasoylaurita-SXREGI73ZNG2FOXD55M4KGVKMA.jpg?auth=3324eb552639ae5e7a284109e3fb608495c421639de9cf7a4fefd638a3715cc1&amp;width=1023\" type=\"image\/jpg\" media=\"(max-width: 1023px)\" \/><source srcset=\"https:\/\/tn.com.ar\/resizer\/v2\/laurita-fernandez-de-microbikini-con-estampa-damero-foto-instagramholasoylaurita-SXREGI73ZNG2FOXD55M4KGVKMA.jpg?auth=3324eb552639ae5e7a284109e3fb608495c421639de9cf7a4fefd638a3715cc1&amp;width=1440\" type=\"image\/jpg\" \/><img loading=\"lazy\" decoding=\"async\" class=\"image content-image image_placeholder\" src=\"https:\/\/tn.com.ar\/resizer\/v2\/laurita-fernandez-de-microbikini-con-estampa-damero-foto-instagramholasoylaurita-SXREGI73ZNG2FOXD55M4KGVKMA.jpg?auth=3324eb552639ae5e7a284109e3fb608495c421639de9cf7a4fefd638a3715cc1&amp;width=767\" alt=\"Laurita Fern\u00e1ndez de microbikini con estampa damero. (Foto: Instagram\/@holasoylaurita).\" width=\"767\" height=\"841\" data-testid=\"loading-testid\" \/><\/picture><\/div><figcaption class=\"caption_image\" data-testid=\"figcaption-testid\">\n<div class=\"image_caption \">Laurita Fern\u00e1ndez de microbikini con estampa damero. (Foto: Instagram\/@holasoylaurita).<\/div>\n<\/figcaption><\/figure>\n<h2 class=\"font--primary font__display\">Laurita Fern\u00e1ndez eligi\u00f3 un maxivestido tejido como b\u00e1sico del invierno<\/h2>\n<p class=\"paragraph font__body-regular\">Fan\u00e1tica de la moda y las tendencias como pocas, recientemente\u00a0<a title=\"https:\/\/tn.com.ar\/estilo\/celebridades\/2025\/05\/25\/mini-de-tweed-y-sweater-escotado-en-v-el-look-black-and-white-de-laurita-fernandez\/\" href=\"https:\/\/tn.com.ar\/estilo\/celebridades\/2025\/05\/25\/mini-de-tweed-y-sweater-escotado-en-v-el-look-black-and-white-de-laurita-fernandez\/\" rel=\"\"><b>Laurita Fern\u00e1ndez<\/b><\/a>\u00a0volvi\u00f3 a causar sensaci\u00f3n en las redes sociales con un canchero look de alto invierno.<\/p>\n<p class=\"paragraph font__body-regular\">La conductora apost\u00f3 por un\u00a0<b>look monocrom\u00e1tico\u00a0<\/b><i><b>off white\u00a0<\/b><\/i>en una serie de fotos tomadas en interiores, en las que se mostr\u00f3 con un\u00a0<b>dise\u00f1o de inspiraci\u00f3n invernal\u00a0<\/b>con detalles bien marcados. La prenda elegida fue un\u00a0<b>maxivestido tejido blanco<\/b>, con silueta\u00a0<b>al cuerpo<\/b>,\u00a0<b>cuello redondo\u00a0<\/b>y\u00a0<b>botones plateados a presi\u00f3n\u00a0<\/b>en todo el frente.<\/p>\n<figure class=\"\" data-testid=\"figure-testid\">\n<div class=\"aspect_ratio__container\"><picture class=\"responsive-image\"><source srcset=\"https:\/\/tn.com.ar\/resizer\/v2\/laurita-fernandez-arraso-con-su-look-foto-instagramholasoylaurita-RWYCRUUYHVDYHHPBPOPBP36KIM.jpg?auth=60c0750e7aa23c8f3a16fdaadd4a7ccb8a48444e70ce2cddafaaf28cf280a89d&amp;width=767\" type=\"image\/jpg\" media=\"(max-width: 728px)\" \/><source srcset=\"https:\/\/tn.com.ar\/resizer\/v2\/laurita-fernandez-arraso-con-su-look-foto-instagramholasoylaurita-RWYCRUUYHVDYHHPBPOPBP36KIM.jpg?auth=60c0750e7aa23c8f3a16fdaadd4a7ccb8a48444e70ce2cddafaaf28cf280a89d&amp;width=1023\" type=\"image\/jpg\" media=\"(max-width: 1023px)\" \/><source srcset=\"https:\/\/tn.com.ar\/resizer\/v2\/laurita-fernandez-arraso-con-su-look-foto-instagramholasoylaurita-RWYCRUUYHVDYHHPBPOPBP36KIM.jpg?auth=60c0750e7aa23c8f3a16fdaadd4a7ccb8a48444e70ce2cddafaaf28cf280a89d&amp;width=1440\" type=\"image\/jpg\" \/><img loading=\"lazy\" decoding=\"async\" class=\"image content-image image_placeholder\" src=\"https:\/\/tn.com.ar\/resizer\/v2\/laurita-fernandez-arraso-con-su-look-foto-instagramholasoylaurita-RWYCRUUYHVDYHHPBPOPBP36KIM.jpg?auth=60c0750e7aa23c8f3a16fdaadd4a7ccb8a48444e70ce2cddafaaf28cf280a89d&amp;width=767\" alt=\"Laurita Fern\u00e1ndez arras\u00f3 con su look. (Foto: Instagram\/@holasoylaurita).\" width=\"767\" height=\"767\" data-testid=\"loading-testid\" \/><\/picture><\/div><figcaption class=\"caption_image\" data-testid=\"figcaption-testid\">\n<div class=\"image_caption \">Laurita Fern\u00e1ndez arras\u00f3 con su look. (Foto: Instagram\/@holasoylaurita).<\/div>\n<\/figcaption><\/figure>\n<p class=\"paragraph font__body-regular\">El modelo tiene\u00a0<b>textura acanalada vertical\u00a0<\/b>y la bailarina lo us\u00f3 desabrochado en la falda generando un tajo extremo. Las mangas son\u00a0<b>largas y amplias<\/b>, con pu\u00f1os que cubren las manos.<\/p>\n<figure class=\"\" data-testid=\"figure-testid\">\n<div class=\"aspect_ratio__container\"><picture class=\"responsive-image\"><source srcset=\"https:\/\/tn.com.ar\/resizer\/v2\/laurita-fernandez-con-vestido-tejido-foto-instagramholasoylaurita-LBOM2PR43FAHFAFO2LTHV3WRH4.jpg?auth=7f5526ce4c391c1a3b5e044e4f9fcef1c697986dfb87a4212bf23998cbdd8e68&amp;width=767\" type=\"image\/jpg\" media=\"(max-width: 728px)\" \/><source srcset=\"https:\/\/tn.com.ar\/resizer\/v2\/laurita-fernandez-con-vestido-tejido-foto-instagramholasoylaurita-LBOM2PR43FAHFAFO2LTHV3WRH4.jpg?auth=7f5526ce4c391c1a3b5e044e4f9fcef1c697986dfb87a4212bf23998cbdd8e68&amp;width=1023\" type=\"image\/jpg\" media=\"(max-width: 1023px)\" \/><source srcset=\"https:\/\/tn.com.ar\/resizer\/v2\/laurita-fernandez-con-vestido-tejido-foto-instagramholasoylaurita-LBOM2PR43FAHFAFO2LTHV3WRH4.jpg?auth=7f5526ce4c391c1a3b5e044e4f9fcef1c697986dfb87a4212bf23998cbdd8e68&amp;width=1440\" type=\"image\/jpg\" \/><img loading=\"lazy\" decoding=\"async\" class=\"image content-image image_placeholder\" src=\"https:\/\/tn.com.ar\/resizer\/v2\/laurita-fernandez-con-vestido-tejido-foto-instagramholasoylaurita-LBOM2PR43FAHFAFO2LTHV3WRH4.jpg?auth=7f5526ce4c391c1a3b5e044e4f9fcef1c697986dfb87a4212bf23998cbdd8e68&amp;width=767\" alt=\"Laurita Fern\u00e1ndez con vestido tejido. (Foto: Instagram\/@holasoylaurita).\" width=\"767\" height=\"766\" data-testid=\"loading-testid\" \/><\/picture><\/div><figcaption class=\"caption_image\" data-testid=\"figcaption-testid\">\n<div class=\"image_caption \">Laurita Fern\u00e1ndez con vestido tejido. (Foto: Instagram\/@holasoylaurita).<\/div>\n<\/figcaption><\/figure>\n<p class=\"paragraph font__body-regular\">Complet\u00f3 el\u00a0<i>outfit\u00a0<\/i>con\u00a0<b>botas de ca\u00f1a alta al tono\u00a0<\/b>con punta redondeada, que se asoman por debajo del vestido.<\/p>\n<figure class=\"\" data-testid=\"figure-testid\">\n<div class=\"aspect_ratio__container\"><picture class=\"responsive-image\"><source srcset=\"https:\/\/tn.com.ar\/resizer\/v2\/el-look-de-laurita-fernandez-en-detalle-foto-instagramholasoylaurita-HWYIIDF6YJFIRNOJUCLTCZMJBQ.jpg?auth=217e8ec709922ad0e8e8ca78940db43165603293310680d46aceaa09803f73e2&amp;width=767\" type=\"image\/jpg\" media=\"(max-width: 728px)\" \/><source srcset=\"https:\/\/tn.com.ar\/resizer\/v2\/el-look-de-laurita-fernandez-en-detalle-foto-instagramholasoylaurita-HWYIIDF6YJFIRNOJUCLTCZMJBQ.jpg?auth=217e8ec709922ad0e8e8ca78940db43165603293310680d46aceaa09803f73e2&amp;width=1023\" type=\"image\/jpg\" media=\"(max-width: 1023px)\" \/><source srcset=\"https:\/\/tn.com.ar\/resizer\/v2\/el-look-de-laurita-fernandez-en-detalle-foto-instagramholasoylaurita-HWYIIDF6YJFIRNOJUCLTCZMJBQ.jpg?auth=217e8ec709922ad0e8e8ca78940db43165603293310680d46aceaa09803f73e2&amp;width=1440\" type=\"image\/jpg\" \/><img loading=\"lazy\" decoding=\"async\" class=\"image content-image image_placeholder\" src=\"https:\/\/tn.com.ar\/resizer\/v2\/el-look-de-laurita-fernandez-en-detalle-foto-instagramholasoylaurita-HWYIIDF6YJFIRNOJUCLTCZMJBQ.jpg?auth=217e8ec709922ad0e8e8ca78940db43165603293310680d46aceaa09803f73e2&amp;width=767\" alt=\"El look de Laurita Fern\u00e1ndez en detalle. (Foto: Instagram\/@holasoylaurita).\" width=\"767\" height=\"767\" data-testid=\"loading-testid\" \/><\/picture><\/div><figcaption class=\"caption_image\" data-testid=\"figcaption-testid\">\n<div class=\"image_caption \">El look de Laurita Fern\u00e1ndez en detalle. (Foto: Instagram\/@holasoylaurita).<\/div>\n<\/figcaption><\/figure>\n<p class=\"paragraph font__body-regular\">En cuanto al\u00a0<i>beauty look<\/i>, opt\u00f3 por llevar el\u00a0<b>pelo suelto con ondas descontracturadas\u00a0<\/b>y su nuevo\u00a0<b>flequillo recto desmechado<\/b>. El\u00a0<i>make up\u00a0<\/i>fue cl\u00e1sico, pero impactante, con\u00a0<b>labios rojo intenso\u00a0<\/b>y\u00a0<b>delineado negro\u00a0<\/b>en los ojos.<\/p>\n<figure class=\"\" data-testid=\"figure-testid\">\n<div class=\"aspect_ratio__container\"><picture class=\"responsive-image\"><source srcset=\"https:\/\/tn.com.ar\/resizer\/v2\/laurita-fernandez-con-look-off-white-foto-instagramholasoylaurita-66WAQU4AH5C5NCHU6ZC6JREAJU.jpg?auth=8e6a7324150828ed3aae06663bd678d4c906e6201f9cd3b401cfc24e753eb0c9&amp;width=767\" type=\"image\/jpg\" media=\"(max-width: 728px)\" \/><source srcset=\"https:\/\/tn.com.ar\/resizer\/v2\/laurita-fernandez-con-look-off-white-foto-instagramholasoylaurita-66WAQU4AH5C5NCHU6ZC6JREAJU.jpg?auth=8e6a7324150828ed3aae06663bd678d4c906e6201f9cd3b401cfc24e753eb0c9&amp;width=1023\" type=\"image\/jpg\" media=\"(max-width: 1023px)\" \/><source srcset=\"https:\/\/tn.com.ar\/resizer\/v2\/laurita-fernandez-con-look-off-white-foto-instagramholasoylaurita-66WAQU4AH5C5NCHU6ZC6JREAJU.jpg?auth=8e6a7324150828ed3aae06663bd678d4c906e6201f9cd3b401cfc24e753eb0c9&amp;width=1440\" type=\"image\/jpg\" \/><img loading=\"lazy\" decoding=\"async\" class=\"image content-image image_placeholder\" src=\"https:\/\/tn.com.ar\/resizer\/v2\/laurita-fernandez-con-look-off-white-foto-instagramholasoylaurita-66WAQU4AH5C5NCHU6ZC6JREAJU.jpg?auth=8e6a7324150828ed3aae06663bd678d4c906e6201f9cd3b401cfc24e753eb0c9&amp;width=767\" alt=\"Laurita Fern\u00e1ndez con look off white. (Foto: Instagram\/@holasoylaurita).\" width=\"767\" height=\"767\" data-testid=\"loading-testid\" \/><\/picture><\/div><figcaption class=\"caption_image\" data-testid=\"figcaption-testid\">\n<div class=\"image_caption \">Laurita Fern\u00e1ndez con look off white. (Foto: Instagram\/@holasoylaurita).<\/div>\n<\/figcaption><\/figure>\n","protected":false},"excerpt":{"rendered":"<p>Comparti\u00f3 fotos de sus \u00faltimas vacaciones donde se luci\u00f3 con un modelo a cuadros en celeste y azul. Protagonizando con La cena de los tontos la temporada de teatro en Buenos Aires,\u00a0Laurita Fern\u00e1ndez\u00a0se tom\u00f3 un tiempo para recordar sus\u00a0\u00faltimas vacaciones en una playa paradis\u00edaca. Y as\u00ed fue que\u00a0comparti\u00f3 postales de su escapada a las\u00a0Islas Maldivas\u00a0deslumbrando [&hellip;]<\/p>\n","protected":false},"author":1,"featured_media":3391,"comment_status":"open","ping_status":"open","sticky":false,"template":"","format":"standard","meta":{"rop_custom_images_group":[],"rop_custom_messages_group":[],"rop_publish_now":"initial","rop_publish_now_accounts":[],"rop_publish_now_history":[],"rop_publish_now_status":"pending","footnotes":"","jetpack_publicize_message":"","jetpack_publicize_feature_enabled":true,"jetpack_social_post_already_shared":true,"jetpack_social_options":{"image_generator_settings":{"template":"highway","enabled":false},"version":2}},"categories":[14],"tags":[],"class_list":{"0":"post-3390","1":"post","2":"type-post","3":"status-publish","4":"format-standard","5":"has-post-thumbnail","7":"category-chica-hot"},"jetpack_publicize_connections":[],"yoast_head":"<!-- This site is optimized with the Yoast SEO plugin v27.3 - https:\/\/yoast.com\/product\/yoast-seo-wordpress\/ -->\n<title>Laurita Fern\u00e1ndez record\u00f3 sus d\u00edas en Maldivas con una foto en microbikini damero: \u201cMentalmente ac\u00e1\u201d - CLAN ESPECTACULOS<\/title>\n<meta name=\"robots\" content=\"index, follow, max-snippet:-1, max-image-preview:large, max-video-preview:-1\" \/>\n<link rel=\"canonical\" href=\"https:\/\/radioclanfm.com\/clanespectaculos\/laurita-fernandez-recordo-sus-dias-en-maldivas-con-una-foto-en-microbikini-damero-mentalmente-aca\/\" \/>\n<meta property=\"og:locale\" content=\"es_ES\" \/>\n<meta property=\"og:type\" content=\"article\" \/>\n<meta property=\"og:title\" content=\"Laurita Fern\u00e1ndez record\u00f3 sus d\u00edas en Maldivas con una foto en microbikini damero: \u201cMentalmente ac\u00e1\u201d - CLAN ESPECTACULOS\" \/>\n<meta property=\"og:description\" content=\"Comparti\u00f3 fotos de sus \u00faltimas vacaciones donde se luci\u00f3 con un modelo a cuadros en celeste y azul. Protagonizando con La cena de los tontos la temporada de teatro en Buenos Aires,\u00a0Laurita Fern\u00e1ndez\u00a0se tom\u00f3 un tiempo para recordar sus\u00a0\u00faltimas vacaciones en una playa paradis\u00edaca. Y as\u00ed fue que\u00a0comparti\u00f3 postales de su escapada a las\u00a0Islas Maldivas\u00a0deslumbrando [&hellip;]\" \/>\n<meta property=\"og:url\" content=\"https:\/\/radioclanfm.com\/clanespectaculos\/laurita-fernandez-recordo-sus-dias-en-maldivas-con-una-foto-en-microbikini-damero-mentalmente-aca\/\" \/>\n<meta property=\"og:site_name\" content=\"CLAN ESPECTACULOS\" \/>\n<meta property=\"article:publisher\" content=\"https:\/\/www.facebook.com\/clanespectaculos\/\" \/>\n<meta property=\"article:published_time\" content=\"2025-07-23T01:52:57+00:00\" \/>\n<meta property=\"og:image\" content=\"https:\/\/radioclanfm.com\/clanespectaculos\/wp-content\/uploads\/sites\/2\/2025\/07\/2rNx899g.jpg\" \/>\n\t<meta property=\"og:image:width\" content=\"900\" \/>\n\t<meta property=\"og:image:height\" content=\"506\" \/>\n\t<meta property=\"og:image:type\" content=\"image\/jpeg\" \/>\n<meta name=\"author\" content=\"E-GRUPOCLAN\" \/>\n<meta name=\"twitter:card\" content=\"summary_large_image\" \/>\n<meta name=\"twitter:creator\" content=\"@clanespectok\" \/>\n<meta name=\"twitter:site\" content=\"@clanespectok\" \/>\n<meta name=\"twitter:label1\" content=\"Escrito por\" \/>\n\t<meta name=\"twitter:data1\" content=\"E-GRUPOCLAN\" \/>\n\t<meta name=\"twitter:label2\" content=\"Tiempo de lectura\" \/>\n\t<meta name=\"twitter:data2\" content=\"3 minutos\" \/>\n<script type=\"application\/ld+json\" class=\"yoast-schema-graph\">{\"@context\":\"https:\\\/\\\/schema.org\",\"@graph\":[{\"@type\":\"Article\",\"@id\":\"https:\\\/\\\/radioclanfm.com\\\/clanespectaculos\\\/laurita-fernandez-recordo-sus-dias-en-maldivas-con-una-foto-en-microbikini-damero-mentalmente-aca\\\/#article\",\"isPartOf\":{\"@id\":\"https:\\\/\\\/radioclanfm.com\\\/clanespectaculos\\\/laurita-fernandez-recordo-sus-dias-en-maldivas-con-una-foto-en-microbikini-damero-mentalmente-aca\\\/\"},\"author\":{\"name\":\"E-GRUPOCLAN\",\"@id\":\"https:\\\/\\\/radioclanfm.com\\\/clanespectaculos\\\/#\\\/schema\\\/person\\\/9734813083303230f3ad84d99171b20c\"},\"headline\":\"Laurita Fern\u00e1ndez record\u00f3 sus d\u00edas en Maldivas con una foto en microbikini damero: \u201cMentalmente ac\u00e1\u201d\",\"datePublished\":\"2025-07-23T01:52:57+00:00\",\"mainEntityOfPage\":{\"@id\":\"https:\\\/\\\/radioclanfm.com\\\/clanespectaculos\\\/laurita-fernandez-recordo-sus-dias-en-maldivas-con-una-foto-en-microbikini-damero-mentalmente-aca\\\/\"},\"wordCount\":565,\"commentCount\":0,\"publisher\":{\"@id\":\"https:\\\/\\\/radioclanfm.com\\\/clanespectaculos\\\/#organization\"},\"image\":{\"@id\":\"https:\\\/\\\/radioclanfm.com\\\/clanespectaculos\\\/laurita-fernandez-recordo-sus-dias-en-maldivas-con-una-foto-en-microbikini-damero-mentalmente-aca\\\/#primaryimage\"},\"thumbnailUrl\":\"https:\\\/\\\/radioclanfm.com\\\/clanespectaculos\\\/wp-content\\\/uploads\\\/sites\\\/2\\\/2025\\\/07\\\/2rNx899g.jpg\",\"articleSection\":[\"CHICA HOT\"],\"inLanguage\":\"es-AR\",\"potentialAction\":[{\"@type\":\"CommentAction\",\"name\":\"Comment\",\"target\":[\"https:\\\/\\\/radioclanfm.com\\\/clanespectaculos\\\/laurita-fernandez-recordo-sus-dias-en-maldivas-con-una-foto-en-microbikini-damero-mentalmente-aca\\\/#respond\"]}]},{\"@type\":\"WebPage\",\"@id\":\"https:\\\/\\\/radioclanfm.com\\\/clanespectaculos\\\/laurita-fernandez-recordo-sus-dias-en-maldivas-con-una-foto-en-microbikini-damero-mentalmente-aca\\\/\",\"url\":\"https:\\\/\\\/radioclanfm.com\\\/clanespectaculos\\\/laurita-fernandez-recordo-sus-dias-en-maldivas-con-una-foto-en-microbikini-damero-mentalmente-aca\\\/\",\"name\":\"Laurita Fern\u00e1ndez record\u00f3 sus d\u00edas en Maldivas con una foto en microbikini damero: \u201cMentalmente ac\u00e1\u201d - CLAN ESPECTACULOS\",\"isPartOf\":{\"@id\":\"https:\\\/\\\/radioclanfm.com\\\/clanespectaculos\\\/#website\"},\"primaryImageOfPage\":{\"@id\":\"https:\\\/\\\/radioclanfm.com\\\/clanespectaculos\\\/laurita-fernandez-recordo-sus-dias-en-maldivas-con-una-foto-en-microbikini-damero-mentalmente-aca\\\/#primaryimage\"},\"image\":{\"@id\":\"https:\\\/\\\/radioclanfm.com\\\/clanespectaculos\\\/laurita-fernandez-recordo-sus-dias-en-maldivas-con-una-foto-en-microbikini-damero-mentalmente-aca\\\/#primaryimage\"},\"thumbnailUrl\":\"https:\\\/\\\/radioclanfm.com\\\/clanespectaculos\\\/wp-content\\\/uploads\\\/sites\\\/2\\\/2025\\\/07\\\/2rNx899g.jpg\",\"datePublished\":\"2025-07-23T01:52:57+00:00\",\"breadcrumb\":{\"@id\":\"https:\\\/\\\/radioclanfm.com\\\/clanespectaculos\\\/laurita-fernandez-recordo-sus-dias-en-maldivas-con-una-foto-en-microbikini-damero-mentalmente-aca\\\/#breadcrumb\"},\"inLanguage\":\"es-AR\",\"potentialAction\":[{\"@type\":\"ReadAction\",\"target\":[\"https:\\\/\\\/radioclanfm.com\\\/clanespectaculos\\\/laurita-fernandez-recordo-sus-dias-en-maldivas-con-una-foto-en-microbikini-damero-mentalmente-aca\\\/\"]}]},{\"@type\":\"ImageObject\",\"inLanguage\":\"es-AR\",\"@id\":\"https:\\\/\\\/radioclanfm.com\\\/clanespectaculos\\\/laurita-fernandez-recordo-sus-dias-en-maldivas-con-una-foto-en-microbikini-damero-mentalmente-aca\\\/#primaryimage\",\"url\":\"https:\\\/\\\/radioclanfm.com\\\/clanespectaculos\\\/wp-content\\\/uploads\\\/sites\\\/2\\\/2025\\\/07\\\/2rNx899g.jpg\",\"contentUrl\":\"https:\\\/\\\/radioclanfm.com\\\/clanespectaculos\\\/wp-content\\\/uploads\\\/sites\\\/2\\\/2025\\\/07\\\/2rNx899g.jpg\",\"width\":900,\"height\":506},{\"@type\":\"BreadcrumbList\",\"@id\":\"https:\\\/\\\/radioclanfm.com\\\/clanespectaculos\\\/laurita-fernandez-recordo-sus-dias-en-maldivas-con-una-foto-en-microbikini-damero-mentalmente-aca\\\/#breadcrumb\",\"itemListElement\":[{\"@type\":\"ListItem\",\"position\":1,\"name\":\"Inicio\",\"item\":\"https:\\\/\\\/radioclanfm.com\\\/clanespectaculos\\\/\"},{\"@type\":\"ListItem\",\"position\":2,\"name\":\"Laurita Fern\u00e1ndez record\u00f3 sus d\u00edas en Maldivas con una foto en microbikini damero: \u201cMentalmente ac\u00e1\u201d\"}]},{\"@type\":\"WebSite\",\"@id\":\"https:\\\/\\\/radioclanfm.com\\\/clanespectaculos\\\/#website\",\"url\":\"https:\\\/\\\/radioclanfm.com\\\/clanespectaculos\\\/\",\"name\":\"CLAN ESPECTACULOS\",\"description\":\"\",\"publisher\":{\"@id\":\"https:\\\/\\\/radioclanfm.com\\\/clanespectaculos\\\/#organization\"},\"potentialAction\":[{\"@type\":\"SearchAction\",\"target\":{\"@type\":\"EntryPoint\",\"urlTemplate\":\"https:\\\/\\\/radioclanfm.com\\\/clanespectaculos\\\/?s={search_term_string}\"},\"query-input\":{\"@type\":\"PropertyValueSpecification\",\"valueRequired\":true,\"valueName\":\"search_term_string\"}}],\"inLanguage\":\"es-AR\"},{\"@type\":\"Organization\",\"@id\":\"https:\\\/\\\/radioclanfm.com\\\/clanespectaculos\\\/#organization\",\"name\":\"CLAN ESPECTACULOS\",\"url\":\"https:\\\/\\\/radioclanfm.com\\\/clanespectaculos\\\/\",\"logo\":{\"@type\":\"ImageObject\",\"inLanguage\":\"es-AR\",\"@id\":\"https:\\\/\\\/radioclanfm.com\\\/clanespectaculos\\\/#\\\/schema\\\/logo\\\/image\\\/\",\"url\":\"https:\\\/\\\/radioclanfm.com\\\/clanespectaculos\\\/wp-content\\\/uploads\\\/sites\\\/2\\\/2026\\\/04\\\/ChatGPT-Image-23-mar-2026-10_09_00.png\",\"contentUrl\":\"https:\\\/\\\/radioclanfm.com\\\/clanespectaculos\\\/wp-content\\\/uploads\\\/sites\\\/2\\\/2026\\\/04\\\/ChatGPT-Image-23-mar-2026-10_09_00.png\",\"width\":1024,\"height\":1024,\"caption\":\"CLAN ESPECTACULOS\"},\"image\":{\"@id\":\"https:\\\/\\\/radioclanfm.com\\\/clanespectaculos\\\/#\\\/schema\\\/logo\\\/image\\\/\"},\"sameAs\":[\"https:\\\/\\\/www.facebook.com\\\/clanespectaculos\\\/\",\"https:\\\/\\\/x.com\\\/clanespectok\"]},{\"@type\":\"Person\",\"@id\":\"https:\\\/\\\/radioclanfm.com\\\/clanespectaculos\\\/#\\\/schema\\\/person\\\/9734813083303230f3ad84d99171b20c\",\"name\":\"E-GRUPOCLAN\",\"image\":{\"@type\":\"ImageObject\",\"inLanguage\":\"es-AR\",\"@id\":\"https:\\\/\\\/secure.gravatar.com\\\/avatar\\\/af6e19837c3d6a212034a48c7b3818d2ac1826f6025df0155da5a186ad321d79?s=96&d=mm&r=g\",\"url\":\"https:\\\/\\\/secure.gravatar.com\\\/avatar\\\/af6e19837c3d6a212034a48c7b3818d2ac1826f6025df0155da5a186ad321d79?s=96&d=mm&r=g\",\"contentUrl\":\"https:\\\/\\\/secure.gravatar.com\\\/avatar\\\/af6e19837c3d6a212034a48c7b3818d2ac1826f6025df0155da5a186ad321d79?s=96&d=mm&r=g\",\"caption\":\"E-GRUPOCLAN\"},\"sameAs\":[\"https:\\\/\\\/radioclanfm.com\"],\"url\":\"https:\\\/\\\/radioclanfm.com\\\/clanespectaculos\\\/author\\\/admin\\\/\"}]}<\/script>\n<!-- \/ Yoast SEO plugin. -->","yoast_head_json":{"title":"Laurita Fern\u00e1ndez record\u00f3 sus d\u00edas en Maldivas con una foto en microbikini damero: \u201cMentalmente ac\u00e1\u201d - CLAN ESPECTACULOS","robots":{"index":"index","follow":"follow","max-snippet":"max-snippet:-1","max-image-preview":"max-image-preview:large","max-video-preview":"max-video-preview:-1"},"canonical":"https:\/\/radioclanfm.com\/clanespectaculos\/laurita-fernandez-recordo-sus-dias-en-maldivas-con-una-foto-en-microbikini-damero-mentalmente-aca\/","og_locale":"es_ES","og_type":"article","og_title":"Laurita Fern\u00e1ndez record\u00f3 sus d\u00edas en Maldivas con una foto en microbikini damero: \u201cMentalmente ac\u00e1\u201d - CLAN ESPECTACULOS","og_description":"Comparti\u00f3 fotos de sus \u00faltimas vacaciones donde se luci\u00f3 con un modelo a cuadros en celeste y azul. Protagonizando con La cena de los tontos la temporada de teatro en Buenos Aires,\u00a0Laurita Fern\u00e1ndez\u00a0se tom\u00f3 un tiempo para recordar sus\u00a0\u00faltimas vacaciones en una playa paradis\u00edaca. Y as\u00ed fue que\u00a0comparti\u00f3 postales de su escapada a las\u00a0Islas Maldivas\u00a0deslumbrando [&hellip;]","og_url":"https:\/\/radioclanfm.com\/clanespectaculos\/laurita-fernandez-recordo-sus-dias-en-maldivas-con-una-foto-en-microbikini-damero-mentalmente-aca\/","og_site_name":"CLAN ESPECTACULOS","article_publisher":"https:\/\/www.facebook.com\/clanespectaculos\/","article_published_time":"2025-07-23T01:52:57+00:00","og_image":[{"width":900,"height":506,"url":"https:\/\/radioclanfm.com\/clanespectaculos\/wp-content\/uploads\/sites\/2\/2025\/07\/2rNx899g.jpg","type":"image\/jpeg"}],"author":"E-GRUPOCLAN","twitter_card":"summary_large_image","twitter_creator":"@clanespectok","twitter_site":"@clanespectok","twitter_misc":{"Escrito por":"E-GRUPOCLAN","Tiempo de lectura":"3 minutos"},"schema":{"@context":"https:\/\/schema.org","@graph":[{"@type":"Article","@id":"https:\/\/radioclanfm.com\/clanespectaculos\/laurita-fernandez-recordo-sus-dias-en-maldivas-con-una-foto-en-microbikini-damero-mentalmente-aca\/#article","isPartOf":{"@id":"https:\/\/radioclanfm.com\/clanespectaculos\/laurita-fernandez-recordo-sus-dias-en-maldivas-con-una-foto-en-microbikini-damero-mentalmente-aca\/"},"author":{"name":"E-GRUPOCLAN","@id":"https:\/\/radioclanfm.com\/clanespectaculos\/#\/schema\/person\/9734813083303230f3ad84d99171b20c"},"headline":"Laurita Fern\u00e1ndez record\u00f3 sus d\u00edas en Maldivas con una foto en microbikini damero: \u201cMentalmente ac\u00e1\u201d","datePublished":"2025-07-23T01:52:57+00:00","mainEntityOfPage":{"@id":"https:\/\/radioclanfm.com\/clanespectaculos\/laurita-fernandez-recordo-sus-dias-en-maldivas-con-una-foto-en-microbikini-damero-mentalmente-aca\/"},"wordCount":565,"commentCount":0,"publisher":{"@id":"https:\/\/radioclanfm.com\/clanespectaculos\/#organization"},"image":{"@id":"https:\/\/radioclanfm.com\/clanespectaculos\/laurita-fernandez-recordo-sus-dias-en-maldivas-con-una-foto-en-microbikini-damero-mentalmente-aca\/#primaryimage"},"thumbnailUrl":"https:\/\/radioclanfm.com\/clanespectaculos\/wp-content\/uploads\/sites\/2\/2025\/07\/2rNx899g.jpg","articleSection":["CHICA HOT"],"inLanguage":"es-AR","potentialAction":[{"@type":"CommentAction","name":"Comment","target":["https:\/\/radioclanfm.com\/clanespectaculos\/laurita-fernandez-recordo-sus-dias-en-maldivas-con-una-foto-en-microbikini-damero-mentalmente-aca\/#respond"]}]},{"@type":"WebPage","@id":"https:\/\/radioclanfm.com\/clanespectaculos\/laurita-fernandez-recordo-sus-dias-en-maldivas-con-una-foto-en-microbikini-damero-mentalmente-aca\/","url":"https:\/\/radioclanfm.com\/clanespectaculos\/laurita-fernandez-recordo-sus-dias-en-maldivas-con-una-foto-en-microbikini-damero-mentalmente-aca\/","name":"Laurita Fern\u00e1ndez record\u00f3 sus d\u00edas en Maldivas con una foto en microbikini damero: \u201cMentalmente ac\u00e1\u201d - CLAN ESPECTACULOS","isPartOf":{"@id":"https:\/\/radioclanfm.com\/clanespectaculos\/#website"},"primaryImageOfPage":{"@id":"https:\/\/radioclanfm.com\/clanespectaculos\/laurita-fernandez-recordo-sus-dias-en-maldivas-con-una-foto-en-microbikini-damero-mentalmente-aca\/#primaryimage"},"image":{"@id":"https:\/\/radioclanfm.com\/clanespectaculos\/laurita-fernandez-recordo-sus-dias-en-maldivas-con-una-foto-en-microbikini-damero-mentalmente-aca\/#primaryimage"},"thumbnailUrl":"https:\/\/radioclanfm.com\/clanespectaculos\/wp-content\/uploads\/sites\/2\/2025\/07\/2rNx899g.jpg","datePublished":"2025-07-23T01:52:57+00:00","breadcrumb":{"@id":"https:\/\/radioclanfm.com\/clanespectaculos\/laurita-fernandez-recordo-sus-dias-en-maldivas-con-una-foto-en-microbikini-damero-mentalmente-aca\/#breadcrumb"},"inLanguage":"es-AR","potentialAction":[{"@type":"ReadAction","target":["https:\/\/radioclanfm.com\/clanespectaculos\/laurita-fernandez-recordo-sus-dias-en-maldivas-con-una-foto-en-microbikini-damero-mentalmente-aca\/"]}]},{"@type":"ImageObject","inLanguage":"es-AR","@id":"https:\/\/radioclanfm.com\/clanespectaculos\/laurita-fernandez-recordo-sus-dias-en-maldivas-con-una-foto-en-microbikini-damero-mentalmente-aca\/#primaryimage","url":"https:\/\/radioclanfm.com\/clanespectaculos\/wp-content\/uploads\/sites\/2\/2025\/07\/2rNx899g.jpg","contentUrl":"https:\/\/radioclanfm.com\/clanespectaculos\/wp-content\/uploads\/sites\/2\/2025\/07\/2rNx899g.jpg","width":900,"height":506},{"@type":"BreadcrumbList","@id":"https:\/\/radioclanfm.com\/clanespectaculos\/laurita-fernandez-recordo-sus-dias-en-maldivas-con-una-foto-en-microbikini-damero-mentalmente-aca\/#breadcrumb","itemListElement":[{"@type":"ListItem","position":1,"name":"Inicio","item":"https:\/\/radioclanfm.com\/clanespectaculos\/"},{"@type":"ListItem","position":2,"name":"Laurita Fern\u00e1ndez record\u00f3 sus d\u00edas en Maldivas con una foto en microbikini damero: \u201cMentalmente ac\u00e1\u201d"}]},{"@type":"WebSite","@id":"https:\/\/radioclanfm.com\/clanespectaculos\/#website","url":"https:\/\/radioclanfm.com\/clanespectaculos\/","name":"CLAN ESPECTACULOS","description":"","publisher":{"@id":"https:\/\/radioclanfm.com\/clanespectaculos\/#organization"},"potentialAction":[{"@type":"SearchAction","target":{"@type":"EntryPoint","urlTemplate":"https:\/\/radioclanfm.com\/clanespectaculos\/?s={search_term_string}"},"query-input":{"@type":"PropertyValueSpecification","valueRequired":true,"valueName":"search_term_string"}}],"inLanguage":"es-AR"},{"@type":"Organization","@id":"https:\/\/radioclanfm.com\/clanespectaculos\/#organization","name":"CLAN ESPECTACULOS","url":"https:\/\/radioclanfm.com\/clanespectaculos\/","logo":{"@type":"ImageObject","inLanguage":"es-AR","@id":"https:\/\/radioclanfm.com\/clanespectaculos\/#\/schema\/logo\/image\/","url":"https:\/\/radioclanfm.com\/clanespectaculos\/wp-content\/uploads\/sites\/2\/2026\/04\/ChatGPT-Image-23-mar-2026-10_09_00.png","contentUrl":"https:\/\/radioclanfm.com\/clanespectaculos\/wp-content\/uploads\/sites\/2\/2026\/04\/ChatGPT-Image-23-mar-2026-10_09_00.png","width":1024,"height":1024,"caption":"CLAN ESPECTACULOS"},"image":{"@id":"https:\/\/radioclanfm.com\/clanespectaculos\/#\/schema\/logo\/image\/"},"sameAs":["https:\/\/www.facebook.com\/clanespectaculos\/","https:\/\/x.com\/clanespectok"]},{"@type":"Person","@id":"https:\/\/radioclanfm.com\/clanespectaculos\/#\/schema\/person\/9734813083303230f3ad84d99171b20c","name":"E-GRUPOCLAN","image":{"@type":"ImageObject","inLanguage":"es-AR","@id":"https:\/\/secure.gravatar.com\/avatar\/af6e19837c3d6a212034a48c7b3818d2ac1826f6025df0155da5a186ad321d79?s=96&d=mm&r=g","url":"https:\/\/secure.gravatar.com\/avatar\/af6e19837c3d6a212034a48c7b3818d2ac1826f6025df0155da5a186ad321d79?s=96&d=mm&r=g","contentUrl":"https:\/\/secure.gravatar.com\/avatar\/af6e19837c3d6a212034a48c7b3818d2ac1826f6025df0155da5a186ad321d79?s=96&d=mm&r=g","caption":"E-GRUPOCLAN"},"sameAs":["https:\/\/radioclanfm.com"],"url":"https:\/\/radioclanfm.com\/clanespectaculos\/author\/admin\/"}]}},"_links":{"self":[{"href":"https:\/\/radioclanfm.com\/clanespectaculos\/wp-json\/wp\/v2\/posts\/3390","targetHints":{"allow":["GET"]}}],"collection":[{"href":"https:\/\/radioclanfm.com\/clanespectaculos\/wp-json\/wp\/v2\/posts"}],"about":[{"href":"https:\/\/radioclanfm.com\/clanespectaculos\/wp-json\/wp\/v2\/types\/post"}],"author":[{"embeddable":true,"href":"https:\/\/radioclanfm.com\/clanespectaculos\/wp-json\/wp\/v2\/users\/1"}],"replies":[{"embeddable":true,"href":"https:\/\/radioclanfm.com\/clanespectaculos\/wp-json\/wp\/v2\/comments?post=3390"}],"version-history":[{"count":1,"href":"https:\/\/radioclanfm.com\/clanespectaculos\/wp-json\/wp\/v2\/posts\/3390\/revisions"}],"predecessor-version":[{"id":3392,"href":"https:\/\/radioclanfm.com\/clanespectaculos\/wp-json\/wp\/v2\/posts\/3390\/revisions\/3392"}],"wp:featuredmedia":[{"embeddable":true,"href":"https:\/\/radioclanfm.com\/clanespectaculos\/wp-json\/wp\/v2\/media\/3391"}],"wp:attachment":[{"href":"https:\/\/radioclanfm.com\/clanespectaculos\/wp-json\/wp\/v2\/media?parent=3390"}],"wp:term":[{"taxonomy":"category","embeddable":true,"href":"https:\/\/radioclanfm.com\/clanespectaculos\/wp-json\/wp\/v2\/categories?post=3390"},{"taxonomy":"post_tag","embeddable":true,"href":"https:\/\/radioclanfm.com\/clanespectaculos\/wp-json\/wp\/v2\/tags?post=3390"}],"curies":[{"name":"wp","href":"https:\/\/api.w.org\/{rel}","templated":true}]}}