{"id":3387,"date":"2025-07-22T22:51:33","date_gmt":"2025-07-23T01:51:33","guid":{"rendered":"https:\/\/radioclanfm.com\/clanespectaculos\/?p=3387"},"modified":"2025-07-22T22:51:33","modified_gmt":"2025-07-23T01:51:33","slug":"duelo-de-estilos-en-la-nieve-pampita-y-wanda-nara-se-mostraron-con-el-mismo-modelo-de-enterito","status":"publish","type":"post","link":"https:\/\/radioclanfm.com\/clanespectaculos\/duelo-de-estilos-en-la-nieve-pampita-y-wanda-nara-se-mostraron-con-el-mismo-modelo-de-enterito\/","title":{"rendered":"Duelo de estilos en la nieve: Pampita y Wanda Nara se mostraron con el mismo modelo de enterito"},"content":{"rendered":"<p>No solo coincidieron en el look sino tambi\u00e9n en el mismo destino y fin de semana. Llevaron modelos en blanco y azul navy.<\/p>\n<p class=\"paragraph font__body-regular\">Es temporada de alto invierno y las famosas argentinas son referentes de moda con sus looks bajo cero. Tanto\u00a0<b>Pampita<\/b>\u00a0como\u00a0<b>Wanda Nara\u00a0<\/b>estuvieron en el sur argentino con sus hijos y durante el fin de semana se mostraron con\u00a0<b>el mismo look\u00a0<\/b>en el mismo lugar:\u00a0<b>Cerro Bayo, en Villa La Angostura.<\/b><\/p>\n<div class=\"AV6543bedcd858799fe90b5c47\">\n<div id=\"aniBox\">\n<div id=\"aniplayer_AV6543bedcd858799fe90b5c47-1753235409929\">\n<div id=\"aniplayer_AV6543bedcd858799fe90b5c47-1753235409929gui\">\n<div id=\"av-caption\">\n<div id=\"av-close-btn-overlay\" class=\"av-pos-top-left\"><\/div>\n<\/div>\n<\/div>\n<\/div>\n<\/div>\n<\/div>\n<p class=\"paragraph font__body-regular\">\n<h2 class=\"font--primary font__display\">Pampita con enterito blanco y gorro a juego<\/h2>\n<p class=\"paragraph font__body-regular\">Pampita public\u00f3 un carrusel de fotos en Instagram, donde mostr\u00f3 su d\u00eda de esqu\u00ed en familia. Eligi\u00f3 como prenda principal un\u00a0<b>enterito blanco con tiradores\u00a0<\/b>de\u00a0<b>estampado \u00e9tnico\u00a0<\/b>en negro y blanco.<\/p>\n<figure class=\"\" data-testid=\"figure-testid\">\n<div class=\"aspect_ratio__container\"><picture class=\"responsive-image\"><source srcset=\"https:\/\/tn.com.ar\/resizer\/v2\/el-look-de-nieve-de-pampita-foto-instagrampampitaoficial-AW2JESO2JJEDDM2SA5E6VPEWGU.jpg?auth=e90c8d15ca84d47ee3c88f5ee82784d02f843c6a6d0767a1c592d6e0a8661867&amp;width=767\" type=\"image\/jpg\" media=\"(max-width: 728px)\" \/><source srcset=\"https:\/\/tn.com.ar\/resizer\/v2\/el-look-de-nieve-de-pampita-foto-instagrampampitaoficial-AW2JESO2JJEDDM2SA5E6VPEWGU.jpg?auth=e90c8d15ca84d47ee3c88f5ee82784d02f843c6a6d0767a1c592d6e0a8661867&amp;width=1023\" type=\"image\/jpg\" media=\"(max-width: 1023px)\" \/><source srcset=\"https:\/\/tn.com.ar\/resizer\/v2\/el-look-de-nieve-de-pampita-foto-instagrampampitaoficial-AW2JESO2JJEDDM2SA5E6VPEWGU.jpg?auth=e90c8d15ca84d47ee3c88f5ee82784d02f843c6a6d0767a1c592d6e0a8661867&amp;width=1440\" type=\"image\/jpg\" \/><img loading=\"lazy\" decoding=\"async\" class=\"image content-image image_placeholder\" src=\"https:\/\/tn.com.ar\/resizer\/v2\/el-look-de-nieve-de-pampita-foto-instagrampampitaoficial-AW2JESO2JJEDDM2SA5E6VPEWGU.jpg?auth=e90c8d15ca84d47ee3c88f5ee82784d02f843c6a6d0767a1c592d6e0a8661867&amp;width=767\" alt=\"El look de nieve de Pampita. (Foto: Instagram\/@pampitaoficial)\" width=\"767\" height=\"1023\" data-testid=\"loading-testid\" \/><\/picture><\/div><figcaption class=\"caption_image\" data-testid=\"figcaption-testid\">\n<div class=\"image_caption \">El look de nieve de Pampita. (Foto: Instagram\/@pampitaoficial)<\/div>\n<\/figcaption><\/figure>\n<p class=\"paragraph font__body-regular\">Por debajo us\u00f3 un\u00a0<b>buzo canguro negro<\/b>\u00a0y complement\u00f3 la apuesta con\u00a0<b>botas de nieve color beige<\/b>\u00a0y un\u00a0<b>gorro tejido en color blanco<\/b>. Sonriente y con el pelo al viento, recibi\u00f3 los elogios de sus seguidores, desde\u00a0<b>\u201cDiosa\u201d hasta \u201cHermosas fotos\u201d.\u00a0<\/b>Una usuaria agreg\u00f3: \u201cNo, nos alcanz\u00f3 con qu\u00e9 Wanda est\u00e9 derritiendo la nieve, que lleg\u00f3 Pampita para hacer agua\u201c.<\/p>\n<figure class=\"\" data-testid=\"figure-testid\">\n<div class=\"aspect_ratio__container\"><picture class=\"responsive-image\"><source srcset=\"https:\/\/tn.com.ar\/resizer\/v2\/pampita-poso-con-un-enterito-blanco-y-un-gorro-tejido-al-tono-foto-instagrampampitaoficial-WO6SEJYOJNH3FMX63TXR6PEJIA.jpg?auth=4c0bdd40e19630010ac51c354074e880f2fd1da068e4c92ad21cb57b89a59fa3&amp;width=767\" type=\"image\/jpg\" media=\"(max-width: 728px)\" \/><source srcset=\"https:\/\/tn.com.ar\/resizer\/v2\/pampita-poso-con-un-enterito-blanco-y-un-gorro-tejido-al-tono-foto-instagrampampitaoficial-WO6SEJYOJNH3FMX63TXR6PEJIA.jpg?auth=4c0bdd40e19630010ac51c354074e880f2fd1da068e4c92ad21cb57b89a59fa3&amp;width=1023\" type=\"image\/jpg\" media=\"(max-width: 1023px)\" \/><source srcset=\"https:\/\/tn.com.ar\/resizer\/v2\/pampita-poso-con-un-enterito-blanco-y-un-gorro-tejido-al-tono-foto-instagrampampitaoficial-WO6SEJYOJNH3FMX63TXR6PEJIA.jpg?auth=4c0bdd40e19630010ac51c354074e880f2fd1da068e4c92ad21cb57b89a59fa3&amp;width=1440\" type=\"image\/jpg\" \/><img loading=\"lazy\" decoding=\"async\" class=\"image content-image image_placeholder\" src=\"https:\/\/tn.com.ar\/resizer\/v2\/pampita-poso-con-un-enterito-blanco-y-un-gorro-tejido-al-tono-foto-instagrampampitaoficial-WO6SEJYOJNH3FMX63TXR6PEJIA.jpg?auth=4c0bdd40e19630010ac51c354074e880f2fd1da068e4c92ad21cb57b89a59fa3&amp;width=767\" alt=\"Pampita pos\u00f3 con un enterito blanco y un gorro tejido al tono. (Foto: Instagram\/@pampitaoficial)\" width=\"767\" height=\"1023\" data-testid=\"loading-testid\" \/><\/picture><\/div><figcaption class=\"caption_image\" data-testid=\"figcaption-testid\">\n<div class=\"image_caption \">Pampita pos\u00f3 con un enterito blanco y un gorro tejido al tono. (Foto: Instagram\/@pampitaoficial)<\/div>\n<\/figcaption><\/figure>\n<h2 class=\"font--primary font__display\">Wanda Nara en enterito Chanel y gorro tejido<\/h2>\n<p class=\"paragraph font__body-regular\">Despu\u00e9s de sorprender a sus seguidores de Instagram con audaces fotos en\u00a0<i>catsuits<\/i>\u00a0escotados y complementos de lujo en la nieve,\u00a0<b>Wanda Nara<\/b>\u00a0volvi\u00f3 a posar en el Cerro Bayo con otra apuesta de alto impacto.<\/p>\n<figure class=\"\" data-testid=\"figure-testid\">\n<div class=\"aspect_ratio__container\"><picture class=\"responsive-image\"><source srcset=\"https:\/\/tn.com.ar\/resizer\/v2\/wanda-nara-con-un-look-de-viene-a-puro-lujo-foto-instagramwandanara-WZ2VGKBXF5AJVL5WHQGZWKYXXM.jpg?auth=3c8ddec58d3c1eb35d05be328a5d44492990f69aa35da1fbc7698880ce646ecf&amp;width=767\" type=\"image\/jpg\" media=\"(max-width: 728px)\" \/><source srcset=\"https:\/\/tn.com.ar\/resizer\/v2\/wanda-nara-con-un-look-de-viene-a-puro-lujo-foto-instagramwandanara-WZ2VGKBXF5AJVL5WHQGZWKYXXM.jpg?auth=3c8ddec58d3c1eb35d05be328a5d44492990f69aa35da1fbc7698880ce646ecf&amp;width=1023\" type=\"image\/jpg\" media=\"(max-width: 1023px)\" \/><source srcset=\"https:\/\/tn.com.ar\/resizer\/v2\/wanda-nara-con-un-look-de-viene-a-puro-lujo-foto-instagramwandanara-WZ2VGKBXF5AJVL5WHQGZWKYXXM.jpg?auth=3c8ddec58d3c1eb35d05be328a5d44492990f69aa35da1fbc7698880ce646ecf&amp;width=1440\" type=\"image\/jpg\" \/><img loading=\"lazy\" decoding=\"async\" class=\"image content-image image_placeholder\" src=\"https:\/\/tn.com.ar\/resizer\/v2\/wanda-nara-con-un-look-de-viene-a-puro-lujo-foto-instagramwandanara-WZ2VGKBXF5AJVL5WHQGZWKYXXM.jpg?auth=3c8ddec58d3c1eb35d05be328a5d44492990f69aa35da1fbc7698880ce646ecf&amp;width=767\" alt=\"Wanda Nara con un look de viene a puro lujo. (Foto: Instagram\/@wanda_nara)\" width=\"767\" height=\"1363\" data-testid=\"loading-testid\" \/><\/picture><\/div><figcaption class=\"caption_image\" data-testid=\"figcaption-testid\">\n<div class=\"image_caption \">Wanda Nara con un look de viene a puro lujo. (Foto: Instagram\/@wanda_nara)<\/div>\n<\/figcaption><\/figure>\n<p class=\"paragraph font__body-regular\">Siempre dispuesta a demostrar su fanatismo por el lujo, eligi\u00f3 un<b>\u00a0enterito firmado por Chanel,<\/b>\u00a0en color azul oscuro y de estilo utilitario, estampado con el\u00a0<b>logo de la casa francesa en rojo.<\/b><\/p>\n<figure class=\"\" data-testid=\"figure-testid\">\n<div class=\"aspect_ratio__container\"><picture class=\"responsive-image\"><source srcset=\"https:\/\/tn.com.ar\/resizer\/v2\/wanda-nara-en-enterito-y-gorro-chanel-foto-instagramwandanara-TP57ELWKPJGXXJY3ZL6CWEJSME.jpg?auth=67ec2db7f1445131bd14d168f095482b9b655b28382b46f13bec6dccf982790d&amp;width=767\" type=\"image\/jpg\" media=\"(max-width: 728px)\" \/><source srcset=\"https:\/\/tn.com.ar\/resizer\/v2\/wanda-nara-en-enterito-y-gorro-chanel-foto-instagramwandanara-TP57ELWKPJGXXJY3ZL6CWEJSME.jpg?auth=67ec2db7f1445131bd14d168f095482b9b655b28382b46f13bec6dccf982790d&amp;width=1023\" type=\"image\/jpg\" media=\"(max-width: 1023px)\" \/><source srcset=\"https:\/\/tn.com.ar\/resizer\/v2\/wanda-nara-en-enterito-y-gorro-chanel-foto-instagramwandanara-TP57ELWKPJGXXJY3ZL6CWEJSME.jpg?auth=67ec2db7f1445131bd14d168f095482b9b655b28382b46f13bec6dccf982790d&amp;width=1440\" type=\"image\/jpg\" \/><img loading=\"lazy\" decoding=\"async\" class=\"image content-image image_placeholder\" src=\"https:\/\/tn.com.ar\/resizer\/v2\/wanda-nara-en-enterito-y-gorro-chanel-foto-instagramwandanara-TP57ELWKPJGXXJY3ZL6CWEJSME.jpg?auth=67ec2db7f1445131bd14d168f095482b9b655b28382b46f13bec6dccf982790d&amp;width=767\" alt=\"Wanda Nara en enterito y gorro Chanel. (Foto: Instagram\/@wanda_nara)\" width=\"767\" height=\"839\" data-testid=\"loading-testid\" \/><\/picture><\/div><figcaption class=\"caption_image\" data-testid=\"figcaption-testid\">\n<div class=\"image_caption \">Wanda Nara en enterito y gorro Chanel. (Foto: Instagram\/@wanda_nara)<\/div>\n<\/figcaption><\/figure>\n<p class=\"paragraph font__body-regular\">Lo combin\u00f3 con una remera de mangas largas ajustada al cuerpo, botas de nieve a juego y\u00a0<b>anteojos de sol con marco dorado brillante.\u00a0<\/b>En uno de los carruseles de im\u00e1genes que public\u00f3 sum\u00f3 al look un<b>\u00a0gorro tejido de Chanel<\/b>, el toque de lujo extra infaltable en sus apuestas de moda.<\/p>\n<p class=\"paragraph font__body-regular\">\u00bfQu\u00e9 look te gust\u00f3 m\u00e1s?<\/p>\n","protected":false},"excerpt":{"rendered":"<p>No solo coincidieron en el look sino tambi\u00e9n en el mismo destino y fin de semana. Llevaron modelos en blanco y azul navy. Es temporada de alto invierno y las famosas argentinas son referentes de moda con sus looks bajo cero. Tanto\u00a0Pampita\u00a0como\u00a0Wanda Nara\u00a0estuvieron en el sur argentino con sus hijos y durante el fin de [&hellip;]<\/p>\n","protected":false},"author":1,"featured_media":3388,"comment_status":"open","ping_status":"open","sticky":false,"template":"","format":"standard","meta":{"rop_custom_images_group":[],"rop_custom_messages_group":[],"rop_publish_now":"initial","rop_publish_now_accounts":[],"rop_publish_now_history":[],"rop_publish_now_status":"pending","footnotes":"","jetpack_publicize_message":"","jetpack_publicize_feature_enabled":true,"jetpack_social_post_already_shared":true,"jetpack_social_options":{"image_generator_settings":{"template":"highway","enabled":false},"version":2}},"categories":[15],"tags":[],"class_list":{"0":"post-3387","1":"post","2":"type-post","3":"status-publish","4":"format-standard","5":"has-post-thumbnail","7":"category-moda"},"jetpack_publicize_connections":[],"yoast_head":"<!-- This site is optimized with the Yoast SEO plugin v27.3 - https:\/\/yoast.com\/product\/yoast-seo-wordpress\/ -->\n<title>Duelo de estilos en la nieve: Pampita y Wanda Nara se mostraron con el mismo modelo de enterito - CLAN ESPECTACULOS<\/title>\n<meta name=\"robots\" content=\"index, follow, max-snippet:-1, max-image-preview:large, max-video-preview:-1\" \/>\n<link rel=\"canonical\" href=\"https:\/\/radioclanfm.com\/clanespectaculos\/duelo-de-estilos-en-la-nieve-pampita-y-wanda-nara-se-mostraron-con-el-mismo-modelo-de-enterito\/\" \/>\n<meta property=\"og:locale\" content=\"es_ES\" \/>\n<meta property=\"og:type\" content=\"article\" \/>\n<meta property=\"og:title\" content=\"Duelo de estilos en la nieve: Pampita y Wanda Nara se mostraron con el mismo modelo de enterito - CLAN ESPECTACULOS\" \/>\n<meta property=\"og:description\" content=\"No solo coincidieron en el look sino tambi\u00e9n en el mismo destino y fin de semana. Llevaron modelos en blanco y azul navy. Es temporada de alto invierno y las famosas argentinas son referentes de moda con sus looks bajo cero. Tanto\u00a0Pampita\u00a0como\u00a0Wanda Nara\u00a0estuvieron en el sur argentino con sus hijos y durante el fin de [&hellip;]\" \/>\n<meta property=\"og:url\" content=\"https:\/\/radioclanfm.com\/clanespectaculos\/duelo-de-estilos-en-la-nieve-pampita-y-wanda-nara-se-mostraron-con-el-mismo-modelo-de-enterito\/\" \/>\n<meta property=\"og:site_name\" content=\"CLAN ESPECTACULOS\" \/>\n<meta property=\"article:publisher\" content=\"https:\/\/www.facebook.com\/clanespectaculos\/\" \/>\n<meta property=\"article:published_time\" content=\"2025-07-23T01:51:33+00:00\" \/>\n<meta property=\"og:image\" content=\"https:\/\/radioclanfm.com\/clanespectaculos\/wp-content\/uploads\/sites\/2\/2025\/07\/PKYw5wid.jpg\" \/>\n\t<meta property=\"og:image:width\" content=\"900\" \/>\n\t<meta property=\"og:image:height\" content=\"507\" \/>\n\t<meta property=\"og:image:type\" content=\"image\/jpeg\" \/>\n<meta name=\"author\" content=\"E-GRUPOCLAN\" \/>\n<meta name=\"twitter:card\" content=\"summary_large_image\" \/>\n<meta name=\"twitter:creator\" content=\"@clanespectok\" \/>\n<meta name=\"twitter:site\" content=\"@clanespectok\" \/>\n<meta name=\"twitter:label1\" content=\"Escrito por\" \/>\n\t<meta name=\"twitter:data1\" content=\"E-GRUPOCLAN\" \/>\n\t<meta name=\"twitter:label2\" content=\"Tiempo de lectura\" \/>\n\t<meta name=\"twitter:data2\" content=\"2 minutos\" \/>\n<script type=\"application\/ld+json\" class=\"yoast-schema-graph\">{\"@context\":\"https:\\\/\\\/schema.org\",\"@graph\":[{\"@type\":\"Article\",\"@id\":\"https:\\\/\\\/radioclanfm.com\\\/clanespectaculos\\\/duelo-de-estilos-en-la-nieve-pampita-y-wanda-nara-se-mostraron-con-el-mismo-modelo-de-enterito\\\/#article\",\"isPartOf\":{\"@id\":\"https:\\\/\\\/radioclanfm.com\\\/clanespectaculos\\\/duelo-de-estilos-en-la-nieve-pampita-y-wanda-nara-se-mostraron-con-el-mismo-modelo-de-enterito\\\/\"},\"author\":{\"name\":\"E-GRUPOCLAN\",\"@id\":\"https:\\\/\\\/radioclanfm.com\\\/clanespectaculos\\\/#\\\/schema\\\/person\\\/9734813083303230f3ad84d99171b20c\"},\"headline\":\"Duelo de estilos en la nieve: Pampita y Wanda Nara se mostraron con el mismo modelo de enterito\",\"datePublished\":\"2025-07-23T01:51:33+00:00\",\"mainEntityOfPage\":{\"@id\":\"https:\\\/\\\/radioclanfm.com\\\/clanespectaculos\\\/duelo-de-estilos-en-la-nieve-pampita-y-wanda-nara-se-mostraron-con-el-mismo-modelo-de-enterito\\\/\"},\"wordCount\":383,\"commentCount\":0,\"publisher\":{\"@id\":\"https:\\\/\\\/radioclanfm.com\\\/clanespectaculos\\\/#organization\"},\"image\":{\"@id\":\"https:\\\/\\\/radioclanfm.com\\\/clanespectaculos\\\/duelo-de-estilos-en-la-nieve-pampita-y-wanda-nara-se-mostraron-con-el-mismo-modelo-de-enterito\\\/#primaryimage\"},\"thumbnailUrl\":\"https:\\\/\\\/radioclanfm.com\\\/clanespectaculos\\\/wp-content\\\/uploads\\\/sites\\\/2\\\/2025\\\/07\\\/PKYw5wid.jpg\",\"articleSection\":[\"MODA\"],\"inLanguage\":\"es-AR\",\"potentialAction\":[{\"@type\":\"CommentAction\",\"name\":\"Comment\",\"target\":[\"https:\\\/\\\/radioclanfm.com\\\/clanespectaculos\\\/duelo-de-estilos-en-la-nieve-pampita-y-wanda-nara-se-mostraron-con-el-mismo-modelo-de-enterito\\\/#respond\"]}]},{\"@type\":\"WebPage\",\"@id\":\"https:\\\/\\\/radioclanfm.com\\\/clanespectaculos\\\/duelo-de-estilos-en-la-nieve-pampita-y-wanda-nara-se-mostraron-con-el-mismo-modelo-de-enterito\\\/\",\"url\":\"https:\\\/\\\/radioclanfm.com\\\/clanespectaculos\\\/duelo-de-estilos-en-la-nieve-pampita-y-wanda-nara-se-mostraron-con-el-mismo-modelo-de-enterito\\\/\",\"name\":\"Duelo de estilos en la nieve: Pampita y Wanda Nara se mostraron con el mismo modelo de enterito - CLAN ESPECTACULOS\",\"isPartOf\":{\"@id\":\"https:\\\/\\\/radioclanfm.com\\\/clanespectaculos\\\/#website\"},\"primaryImageOfPage\":{\"@id\":\"https:\\\/\\\/radioclanfm.com\\\/clanespectaculos\\\/duelo-de-estilos-en-la-nieve-pampita-y-wanda-nara-se-mostraron-con-el-mismo-modelo-de-enterito\\\/#primaryimage\"},\"image\":{\"@id\":\"https:\\\/\\\/radioclanfm.com\\\/clanespectaculos\\\/duelo-de-estilos-en-la-nieve-pampita-y-wanda-nara-se-mostraron-con-el-mismo-modelo-de-enterito\\\/#primaryimage\"},\"thumbnailUrl\":\"https:\\\/\\\/radioclanfm.com\\\/clanespectaculos\\\/wp-content\\\/uploads\\\/sites\\\/2\\\/2025\\\/07\\\/PKYw5wid.jpg\",\"datePublished\":\"2025-07-23T01:51:33+00:00\",\"breadcrumb\":{\"@id\":\"https:\\\/\\\/radioclanfm.com\\\/clanespectaculos\\\/duelo-de-estilos-en-la-nieve-pampita-y-wanda-nara-se-mostraron-con-el-mismo-modelo-de-enterito\\\/#breadcrumb\"},\"inLanguage\":\"es-AR\",\"potentialAction\":[{\"@type\":\"ReadAction\",\"target\":[\"https:\\\/\\\/radioclanfm.com\\\/clanespectaculos\\\/duelo-de-estilos-en-la-nieve-pampita-y-wanda-nara-se-mostraron-con-el-mismo-modelo-de-enterito\\\/\"]}]},{\"@type\":\"ImageObject\",\"inLanguage\":\"es-AR\",\"@id\":\"https:\\\/\\\/radioclanfm.com\\\/clanespectaculos\\\/duelo-de-estilos-en-la-nieve-pampita-y-wanda-nara-se-mostraron-con-el-mismo-modelo-de-enterito\\\/#primaryimage\",\"url\":\"https:\\\/\\\/radioclanfm.com\\\/clanespectaculos\\\/wp-content\\\/uploads\\\/sites\\\/2\\\/2025\\\/07\\\/PKYw5wid.jpg\",\"contentUrl\":\"https:\\\/\\\/radioclanfm.com\\\/clanespectaculos\\\/wp-content\\\/uploads\\\/sites\\\/2\\\/2025\\\/07\\\/PKYw5wid.jpg\",\"width\":900,\"height\":507},{\"@type\":\"BreadcrumbList\",\"@id\":\"https:\\\/\\\/radioclanfm.com\\\/clanespectaculos\\\/duelo-de-estilos-en-la-nieve-pampita-y-wanda-nara-se-mostraron-con-el-mismo-modelo-de-enterito\\\/#breadcrumb\",\"itemListElement\":[{\"@type\":\"ListItem\",\"position\":1,\"name\":\"Inicio\",\"item\":\"https:\\\/\\\/radioclanfm.com\\\/clanespectaculos\\\/\"},{\"@type\":\"ListItem\",\"position\":2,\"name\":\"Duelo de estilos en la nieve: Pampita y Wanda Nara se mostraron con el mismo modelo de enterito\"}]},{\"@type\":\"WebSite\",\"@id\":\"https:\\\/\\\/radioclanfm.com\\\/clanespectaculos\\\/#website\",\"url\":\"https:\\\/\\\/radioclanfm.com\\\/clanespectaculos\\\/\",\"name\":\"CLAN ESPECTACULOS\",\"description\":\"\",\"publisher\":{\"@id\":\"https:\\\/\\\/radioclanfm.com\\\/clanespectaculos\\\/#organization\"},\"potentialAction\":[{\"@type\":\"SearchAction\",\"target\":{\"@type\":\"EntryPoint\",\"urlTemplate\":\"https:\\\/\\\/radioclanfm.com\\\/clanespectaculos\\\/?s={search_term_string}\"},\"query-input\":{\"@type\":\"PropertyValueSpecification\",\"valueRequired\":true,\"valueName\":\"search_term_string\"}}],\"inLanguage\":\"es-AR\"},{\"@type\":\"Organization\",\"@id\":\"https:\\\/\\\/radioclanfm.com\\\/clanespectaculos\\\/#organization\",\"name\":\"CLAN ESPECTACULOS\",\"url\":\"https:\\\/\\\/radioclanfm.com\\\/clanespectaculos\\\/\",\"logo\":{\"@type\":\"ImageObject\",\"inLanguage\":\"es-AR\",\"@id\":\"https:\\\/\\\/radioclanfm.com\\\/clanespectaculos\\\/#\\\/schema\\\/logo\\\/image\\\/\",\"url\":\"https:\\\/\\\/radioclanfm.com\\\/clanespectaculos\\\/wp-content\\\/uploads\\\/sites\\\/2\\\/2026\\\/04\\\/ChatGPT-Image-23-mar-2026-10_09_00.png\",\"contentUrl\":\"https:\\\/\\\/radioclanfm.com\\\/clanespectaculos\\\/wp-content\\\/uploads\\\/sites\\\/2\\\/2026\\\/04\\\/ChatGPT-Image-23-mar-2026-10_09_00.png\",\"width\":1024,\"height\":1024,\"caption\":\"CLAN ESPECTACULOS\"},\"image\":{\"@id\":\"https:\\\/\\\/radioclanfm.com\\\/clanespectaculos\\\/#\\\/schema\\\/logo\\\/image\\\/\"},\"sameAs\":[\"https:\\\/\\\/www.facebook.com\\\/clanespectaculos\\\/\",\"https:\\\/\\\/x.com\\\/clanespectok\"]},{\"@type\":\"Person\",\"@id\":\"https:\\\/\\\/radioclanfm.com\\\/clanespectaculos\\\/#\\\/schema\\\/person\\\/9734813083303230f3ad84d99171b20c\",\"name\":\"E-GRUPOCLAN\",\"image\":{\"@type\":\"ImageObject\",\"inLanguage\":\"es-AR\",\"@id\":\"https:\\\/\\\/secure.gravatar.com\\\/avatar\\\/af6e19837c3d6a212034a48c7b3818d2ac1826f6025df0155da5a186ad321d79?s=96&d=mm&r=g\",\"url\":\"https:\\\/\\\/secure.gravatar.com\\\/avatar\\\/af6e19837c3d6a212034a48c7b3818d2ac1826f6025df0155da5a186ad321d79?s=96&d=mm&r=g\",\"contentUrl\":\"https:\\\/\\\/secure.gravatar.com\\\/avatar\\\/af6e19837c3d6a212034a48c7b3818d2ac1826f6025df0155da5a186ad321d79?s=96&d=mm&r=g\",\"caption\":\"E-GRUPOCLAN\"},\"sameAs\":[\"https:\\\/\\\/radioclanfm.com\"],\"url\":\"https:\\\/\\\/radioclanfm.com\\\/clanespectaculos\\\/author\\\/admin\\\/\"}]}<\/script>\n<!-- \/ Yoast SEO plugin. -->","yoast_head_json":{"title":"Duelo de estilos en la nieve: Pampita y Wanda Nara se mostraron con el mismo modelo de enterito - CLAN ESPECTACULOS","robots":{"index":"index","follow":"follow","max-snippet":"max-snippet:-1","max-image-preview":"max-image-preview:large","max-video-preview":"max-video-preview:-1"},"canonical":"https:\/\/radioclanfm.com\/clanespectaculos\/duelo-de-estilos-en-la-nieve-pampita-y-wanda-nara-se-mostraron-con-el-mismo-modelo-de-enterito\/","og_locale":"es_ES","og_type":"article","og_title":"Duelo de estilos en la nieve: Pampita y Wanda Nara se mostraron con el mismo modelo de enterito - CLAN ESPECTACULOS","og_description":"No solo coincidieron en el look sino tambi\u00e9n en el mismo destino y fin de semana. Llevaron modelos en blanco y azul navy. Es temporada de alto invierno y las famosas argentinas son referentes de moda con sus looks bajo cero. Tanto\u00a0Pampita\u00a0como\u00a0Wanda Nara\u00a0estuvieron en el sur argentino con sus hijos y durante el fin de [&hellip;]","og_url":"https:\/\/radioclanfm.com\/clanespectaculos\/duelo-de-estilos-en-la-nieve-pampita-y-wanda-nara-se-mostraron-con-el-mismo-modelo-de-enterito\/","og_site_name":"CLAN ESPECTACULOS","article_publisher":"https:\/\/www.facebook.com\/clanespectaculos\/","article_published_time":"2025-07-23T01:51:33+00:00","og_image":[{"width":900,"height":507,"url":"https:\/\/radioclanfm.com\/clanespectaculos\/wp-content\/uploads\/sites\/2\/2025\/07\/PKYw5wid.jpg","type":"image\/jpeg"}],"author":"E-GRUPOCLAN","twitter_card":"summary_large_image","twitter_creator":"@clanespectok","twitter_site":"@clanespectok","twitter_misc":{"Escrito por":"E-GRUPOCLAN","Tiempo de lectura":"2 minutos"},"schema":{"@context":"https:\/\/schema.org","@graph":[{"@type":"Article","@id":"https:\/\/radioclanfm.com\/clanespectaculos\/duelo-de-estilos-en-la-nieve-pampita-y-wanda-nara-se-mostraron-con-el-mismo-modelo-de-enterito\/#article","isPartOf":{"@id":"https:\/\/radioclanfm.com\/clanespectaculos\/duelo-de-estilos-en-la-nieve-pampita-y-wanda-nara-se-mostraron-con-el-mismo-modelo-de-enterito\/"},"author":{"name":"E-GRUPOCLAN","@id":"https:\/\/radioclanfm.com\/clanespectaculos\/#\/schema\/person\/9734813083303230f3ad84d99171b20c"},"headline":"Duelo de estilos en la nieve: Pampita y Wanda Nara se mostraron con el mismo modelo de enterito","datePublished":"2025-07-23T01:51:33+00:00","mainEntityOfPage":{"@id":"https:\/\/radioclanfm.com\/clanespectaculos\/duelo-de-estilos-en-la-nieve-pampita-y-wanda-nara-se-mostraron-con-el-mismo-modelo-de-enterito\/"},"wordCount":383,"commentCount":0,"publisher":{"@id":"https:\/\/radioclanfm.com\/clanespectaculos\/#organization"},"image":{"@id":"https:\/\/radioclanfm.com\/clanespectaculos\/duelo-de-estilos-en-la-nieve-pampita-y-wanda-nara-se-mostraron-con-el-mismo-modelo-de-enterito\/#primaryimage"},"thumbnailUrl":"https:\/\/radioclanfm.com\/clanespectaculos\/wp-content\/uploads\/sites\/2\/2025\/07\/PKYw5wid.jpg","articleSection":["MODA"],"inLanguage":"es-AR","potentialAction":[{"@type":"CommentAction","name":"Comment","target":["https:\/\/radioclanfm.com\/clanespectaculos\/duelo-de-estilos-en-la-nieve-pampita-y-wanda-nara-se-mostraron-con-el-mismo-modelo-de-enterito\/#respond"]}]},{"@type":"WebPage","@id":"https:\/\/radioclanfm.com\/clanespectaculos\/duelo-de-estilos-en-la-nieve-pampita-y-wanda-nara-se-mostraron-con-el-mismo-modelo-de-enterito\/","url":"https:\/\/radioclanfm.com\/clanespectaculos\/duelo-de-estilos-en-la-nieve-pampita-y-wanda-nara-se-mostraron-con-el-mismo-modelo-de-enterito\/","name":"Duelo de estilos en la nieve: Pampita y Wanda Nara se mostraron con el mismo modelo de enterito - CLAN ESPECTACULOS","isPartOf":{"@id":"https:\/\/radioclanfm.com\/clanespectaculos\/#website"},"primaryImageOfPage":{"@id":"https:\/\/radioclanfm.com\/clanespectaculos\/duelo-de-estilos-en-la-nieve-pampita-y-wanda-nara-se-mostraron-con-el-mismo-modelo-de-enterito\/#primaryimage"},"image":{"@id":"https:\/\/radioclanfm.com\/clanespectaculos\/duelo-de-estilos-en-la-nieve-pampita-y-wanda-nara-se-mostraron-con-el-mismo-modelo-de-enterito\/#primaryimage"},"thumbnailUrl":"https:\/\/radioclanfm.com\/clanespectaculos\/wp-content\/uploads\/sites\/2\/2025\/07\/PKYw5wid.jpg","datePublished":"2025-07-23T01:51:33+00:00","breadcrumb":{"@id":"https:\/\/radioclanfm.com\/clanespectaculos\/duelo-de-estilos-en-la-nieve-pampita-y-wanda-nara-se-mostraron-con-el-mismo-modelo-de-enterito\/#breadcrumb"},"inLanguage":"es-AR","potentialAction":[{"@type":"ReadAction","target":["https:\/\/radioclanfm.com\/clanespectaculos\/duelo-de-estilos-en-la-nieve-pampita-y-wanda-nara-se-mostraron-con-el-mismo-modelo-de-enterito\/"]}]},{"@type":"ImageObject","inLanguage":"es-AR","@id":"https:\/\/radioclanfm.com\/clanespectaculos\/duelo-de-estilos-en-la-nieve-pampita-y-wanda-nara-se-mostraron-con-el-mismo-modelo-de-enterito\/#primaryimage","url":"https:\/\/radioclanfm.com\/clanespectaculos\/wp-content\/uploads\/sites\/2\/2025\/07\/PKYw5wid.jpg","contentUrl":"https:\/\/radioclanfm.com\/clanespectaculos\/wp-content\/uploads\/sites\/2\/2025\/07\/PKYw5wid.jpg","width":900,"height":507},{"@type":"BreadcrumbList","@id":"https:\/\/radioclanfm.com\/clanespectaculos\/duelo-de-estilos-en-la-nieve-pampita-y-wanda-nara-se-mostraron-con-el-mismo-modelo-de-enterito\/#breadcrumb","itemListElement":[{"@type":"ListItem","position":1,"name":"Inicio","item":"https:\/\/radioclanfm.com\/clanespectaculos\/"},{"@type":"ListItem","position":2,"name":"Duelo de estilos en la nieve: Pampita y Wanda Nara se mostraron con el mismo modelo de enterito"}]},{"@type":"WebSite","@id":"https:\/\/radioclanfm.com\/clanespectaculos\/#website","url":"https:\/\/radioclanfm.com\/clanespectaculos\/","name":"CLAN ESPECTACULOS","description":"","publisher":{"@id":"https:\/\/radioclanfm.com\/clanespectaculos\/#organization"},"potentialAction":[{"@type":"SearchAction","target":{"@type":"EntryPoint","urlTemplate":"https:\/\/radioclanfm.com\/clanespectaculos\/?s={search_term_string}"},"query-input":{"@type":"PropertyValueSpecification","valueRequired":true,"valueName":"search_term_string"}}],"inLanguage":"es-AR"},{"@type":"Organization","@id":"https:\/\/radioclanfm.com\/clanespectaculos\/#organization","name":"CLAN ESPECTACULOS","url":"https:\/\/radioclanfm.com\/clanespectaculos\/","logo":{"@type":"ImageObject","inLanguage":"es-AR","@id":"https:\/\/radioclanfm.com\/clanespectaculos\/#\/schema\/logo\/image\/","url":"https:\/\/radioclanfm.com\/clanespectaculos\/wp-content\/uploads\/sites\/2\/2026\/04\/ChatGPT-Image-23-mar-2026-10_09_00.png","contentUrl":"https:\/\/radioclanfm.com\/clanespectaculos\/wp-content\/uploads\/sites\/2\/2026\/04\/ChatGPT-Image-23-mar-2026-10_09_00.png","width":1024,"height":1024,"caption":"CLAN ESPECTACULOS"},"image":{"@id":"https:\/\/radioclanfm.com\/clanespectaculos\/#\/schema\/logo\/image\/"},"sameAs":["https:\/\/www.facebook.com\/clanespectaculos\/","https:\/\/x.com\/clanespectok"]},{"@type":"Person","@id":"https:\/\/radioclanfm.com\/clanespectaculos\/#\/schema\/person\/9734813083303230f3ad84d99171b20c","name":"E-GRUPOCLAN","image":{"@type":"ImageObject","inLanguage":"es-AR","@id":"https:\/\/secure.gravatar.com\/avatar\/af6e19837c3d6a212034a48c7b3818d2ac1826f6025df0155da5a186ad321d79?s=96&d=mm&r=g","url":"https:\/\/secure.gravatar.com\/avatar\/af6e19837c3d6a212034a48c7b3818d2ac1826f6025df0155da5a186ad321d79?s=96&d=mm&r=g","contentUrl":"https:\/\/secure.gravatar.com\/avatar\/af6e19837c3d6a212034a48c7b3818d2ac1826f6025df0155da5a186ad321d79?s=96&d=mm&r=g","caption":"E-GRUPOCLAN"},"sameAs":["https:\/\/radioclanfm.com"],"url":"https:\/\/radioclanfm.com\/clanespectaculos\/author\/admin\/"}]}},"_links":{"self":[{"href":"https:\/\/radioclanfm.com\/clanespectaculos\/wp-json\/wp\/v2\/posts\/3387","targetHints":{"allow":["GET"]}}],"collection":[{"href":"https:\/\/radioclanfm.com\/clanespectaculos\/wp-json\/wp\/v2\/posts"}],"about":[{"href":"https:\/\/radioclanfm.com\/clanespectaculos\/wp-json\/wp\/v2\/types\/post"}],"author":[{"embeddable":true,"href":"https:\/\/radioclanfm.com\/clanespectaculos\/wp-json\/wp\/v2\/users\/1"}],"replies":[{"embeddable":true,"href":"https:\/\/radioclanfm.com\/clanespectaculos\/wp-json\/wp\/v2\/comments?post=3387"}],"version-history":[{"count":1,"href":"https:\/\/radioclanfm.com\/clanespectaculos\/wp-json\/wp\/v2\/posts\/3387\/revisions"}],"predecessor-version":[{"id":3389,"href":"https:\/\/radioclanfm.com\/clanespectaculos\/wp-json\/wp\/v2\/posts\/3387\/revisions\/3389"}],"wp:featuredmedia":[{"embeddable":true,"href":"https:\/\/radioclanfm.com\/clanespectaculos\/wp-json\/wp\/v2\/media\/3388"}],"wp:attachment":[{"href":"https:\/\/radioclanfm.com\/clanespectaculos\/wp-json\/wp\/v2\/media?parent=3387"}],"wp:term":[{"taxonomy":"category","embeddable":true,"href":"https:\/\/radioclanfm.com\/clanespectaculos\/wp-json\/wp\/v2\/categories?post=3387"},{"taxonomy":"post_tag","embeddable":true,"href":"https:\/\/radioclanfm.com\/clanespectaculos\/wp-json\/wp\/v2\/tags?post=3387"}],"curies":[{"name":"wp","href":"https:\/\/api.w.org\/{rel}","templated":true}]}}