{"id":3363,"date":"2025-07-22T22:39:48","date_gmt":"2025-07-23T01:39:48","guid":{"rendered":"https:\/\/radioclanfm.com\/clanespectaculos\/?p=3363"},"modified":"2025-07-22T22:39:48","modified_gmt":"2025-07-23T01:39:48","slug":"marta-fort-disfruta-grecia-como-una-diva-microbikini-verde-brillante-y-anteojos-de-sol-miu-miu","status":"publish","type":"post","link":"https:\/\/radioclanfm.com\/clanespectaculos\/marta-fort-disfruta-grecia-como-una-diva-microbikini-verde-brillante-y-anteojos-de-sol-miu-miu\/","title":{"rendered":"Marta Fort disfruta Grecia como una diva: microbikini verde brillante y anteojos de sol Miu Miu"},"content":{"rendered":"<p>Pos\u00f3 al borde de una pileta desde Mykonos.<\/p>\n<p class=\"paragraph font__body-regular\">De vacaciones por las paradis\u00edacas playas de Mykonos en Grecia,\u00a0<b>Marta Fort\u00a0<\/b>comparti\u00f3 una serie de fotos desde un exclusivo parador junto al mar y dej\u00f3 ver en detalle su look de alto verano. Fiel a su estilo relajado, pero<i>\u00a0trendy<\/i>, pos\u00f3 sobre un camastro frente a una pileta, con una\u00a0<b>microbikini verde azulado<\/b>\u00a0que no pas\u00f3 desapercibida.<\/p>\n<div class=\"AV6543bedcd858799fe90b5c47\">\n<div id=\"aniBox\">\n<div id=\"aniplayer_AV6543bedcd858799fe90b5c47-1753234696021\">\n<div id=\"aniplayer_AV6543bedcd858799fe90b5c47-1753234696021gui\">\n<div id=\"av-caption\">\n<div id=\"av-close-btn-overlay\" class=\"av-pos-top-left\"><\/div>\n<\/div>\n<\/div>\n<div id=\"anibid\"><\/div>\n<\/div>\n<\/div>\n<\/div>\n<p class=\"paragraph font__body-regular\">El modelo es de lycra de l\u00edneas\u00a0<b>cl\u00e1sicas<\/b>. El corpi\u00f1o es de\u00a0<b>formato triangular<\/b>, con<b>\u00a0breteles finos\u00a0<\/b>que se atan al cuello y a la espalda.<\/p>\n<p>&nbsp;<\/p>\n<figure class=\"\" data-testid=\"figure-testid\">\n<div class=\"aspect_ratio__container\"><picture class=\"responsive-image\"><source srcset=\"https:\/\/tn.com.ar\/resizer\/v2\/marta-fort-en-microbikini-turquesa-foto-instagrammartacfort-WM4SJE3KSNBVVA767LXNYEFA4Y.jpg?auth=07a8b3a942dd2256f18100e9dcbda010bcf136675de934d4a564389d3fa83e1c&amp;width=767\" type=\"image\/jpg\" media=\"(max-width: 728px)\" \/><source srcset=\"https:\/\/tn.com.ar\/resizer\/v2\/marta-fort-en-microbikini-turquesa-foto-instagrammartacfort-WM4SJE3KSNBVVA767LXNYEFA4Y.jpg?auth=07a8b3a942dd2256f18100e9dcbda010bcf136675de934d4a564389d3fa83e1c&amp;width=1023\" type=\"image\/jpg\" media=\"(max-width: 1023px)\" \/><source srcset=\"https:\/\/tn.com.ar\/resizer\/v2\/marta-fort-en-microbikini-turquesa-foto-instagrammartacfort-WM4SJE3KSNBVVA767LXNYEFA4Y.jpg?auth=07a8b3a942dd2256f18100e9dcbda010bcf136675de934d4a564389d3fa83e1c&amp;width=1440\" type=\"image\/jpg\" \/><img loading=\"lazy\" decoding=\"async\" class=\"image content-image image_placeholder\" src=\"https:\/\/tn.com.ar\/resizer\/v2\/marta-fort-en-microbikini-turquesa-foto-instagrammartacfort-WM4SJE3KSNBVVA767LXNYEFA4Y.jpg?auth=07a8b3a942dd2256f18100e9dcbda010bcf136675de934d4a564389d3fa83e1c&amp;width=767\" alt=\"Marta Fort en microbikini turquesa. (Foto: Instagram\/@martacfort).\" width=\"767\" height=\"1023\" data-testid=\"loading-testid\" \/><\/picture><\/div><figcaption class=\"caption_image\" data-testid=\"figcaption-testid\">\n<div class=\"image_caption \">Marta Fort en microbikini turquesa. (Foto: Instagram\/@martacfort).<\/div>\n<\/figcaption><\/figure>\n<p class=\"paragraph font__body-regular\">La\u00a0<b>bombacha es<\/b><i><b>\u00a0colaless<\/b><\/i><b>\u00a0de tiro medio<\/b>\u00a0con terminaciones simples y un\u00a0<b>detalle met\u00e1lico de argolla dorada<\/b>\u00a0en uno de los laterales.<\/p>\n<figure class=\"\" data-testid=\"figure-testid\">\n<div class=\"aspect_ratio__container\"><picture class=\"responsive-image\"><source srcset=\"https:\/\/tn.com.ar\/resizer\/v2\/marta-fort-en-grecia-foto-instagrammartacfort-MOQE64IXNNGX7GWW5BY5N5GRCE.jpg?auth=7a9d96b9d059906910e2997c73122e061209a4b1c6bc1de8481f9c265da6c358&amp;width=767\" type=\"image\/jpg\" media=\"(max-width: 728px)\" \/><source srcset=\"https:\/\/tn.com.ar\/resizer\/v2\/marta-fort-en-grecia-foto-instagrammartacfort-MOQE64IXNNGX7GWW5BY5N5GRCE.jpg?auth=7a9d96b9d059906910e2997c73122e061209a4b1c6bc1de8481f9c265da6c358&amp;width=1023\" type=\"image\/jpg\" media=\"(max-width: 1023px)\" \/><source srcset=\"https:\/\/tn.com.ar\/resizer\/v2\/marta-fort-en-grecia-foto-instagrammartacfort-MOQE64IXNNGX7GWW5BY5N5GRCE.jpg?auth=7a9d96b9d059906910e2997c73122e061209a4b1c6bc1de8481f9c265da6c358&amp;width=1440\" type=\"image\/jpg\" \/><img loading=\"lazy\" decoding=\"async\" class=\"image content-image image_placeholder\" src=\"https:\/\/tn.com.ar\/resizer\/v2\/marta-fort-en-grecia-foto-instagrammartacfort-MOQE64IXNNGX7GWW5BY5N5GRCE.jpg?auth=7a9d96b9d059906910e2997c73122e061209a4b1c6bc1de8481f9c265da6c358&amp;width=767\" alt=\"Marta Fort en Grecia. (Foto: Instagram\/@martacfort).\" width=\"767\" height=\"1023\" data-testid=\"loading-testid\" \/><\/picture><\/div><figcaption class=\"caption_image\" data-testid=\"figcaption-testid\">\n<div class=\"image_caption \">Marta Fort en Grecia. (Foto: Instagram\/@martacfort).<\/div>\n<\/figcaption><\/figure>\n<p class=\"paragraph font__body-regular\">Para completar el look, la modelo sum\u00f3 accesorios que se destacaron:\u00a0<b>anteojos de sol rectangulares de la marca italiana Miu Miu<\/b>, con marco marr\u00f3n y vidrio oscuro, y patillas anchas con el logo de la firma en dorado. Tambi\u00e9n luci\u00f3 varios<b>\u00a0collares dorados\u00a0<\/b>superpuestos de distintos largos con dijes de cruces y medallas.<\/p>\n<p class=\"paragraph font__body-regular\">Completa la bijou un prendedor de estrella de mar con strass que lleva en el corpi\u00f1o.<\/p>\n<figure class=\"\" data-testid=\"figure-testid\">\n<div class=\"aspect_ratio__container\"><picture class=\"responsive-image\"><source srcset=\"https:\/\/tn.com.ar\/resizer\/v2\/marta-fort-al-borde-de-la-pileta-foto-instagrammartacfort-XKCYM4ZTZRBXPPC2KJZIYLUUHI.jpg?auth=3af7e8cba37defa2cd06c266750054eef27eb10b15395be697dbb03893ee9023&amp;width=767\" type=\"image\/jpg\" media=\"(max-width: 728px)\" \/><source srcset=\"https:\/\/tn.com.ar\/resizer\/v2\/marta-fort-al-borde-de-la-pileta-foto-instagrammartacfort-XKCYM4ZTZRBXPPC2KJZIYLUUHI.jpg?auth=3af7e8cba37defa2cd06c266750054eef27eb10b15395be697dbb03893ee9023&amp;width=1023\" type=\"image\/jpg\" media=\"(max-width: 1023px)\" \/><source srcset=\"https:\/\/tn.com.ar\/resizer\/v2\/marta-fort-al-borde-de-la-pileta-foto-instagrammartacfort-XKCYM4ZTZRBXPPC2KJZIYLUUHI.jpg?auth=3af7e8cba37defa2cd06c266750054eef27eb10b15395be697dbb03893ee9023&amp;width=1440\" type=\"image\/jpg\" \/><img loading=\"lazy\" decoding=\"async\" class=\"image content-image image_placeholder\" src=\"https:\/\/tn.com.ar\/resizer\/v2\/marta-fort-al-borde-de-la-pileta-foto-instagrammartacfort-XKCYM4ZTZRBXPPC2KJZIYLUUHI.jpg?auth=3af7e8cba37defa2cd06c266750054eef27eb10b15395be697dbb03893ee9023&amp;width=767\" alt=\"Marta Fort al borde de la pileta. (Foto: Instagram\/@martacfort).\" width=\"767\" height=\"1023\" data-testid=\"loading-testid\" \/><\/picture><\/div><figcaption class=\"caption_image\" data-testid=\"figcaption-testid\">\n<div class=\"image_caption \">Marta Fort al borde de la pileta. (Foto: Instagram\/@martacfort).<\/div>\n<\/figcaption><\/figure>\n<p class=\"paragraph font__body-regular\">Opt\u00f3 por llevar el pelo recogido en un<b>\u00a0rodete bajo algo despeinado<\/b>, con\u00a0<b>mechones sueltos<\/b>\u00a0que caen a ambos lados de la cara, y un estilo 100% al natural,\u00a0<b>sin\u00a0<\/b><i><b>make up<\/b><\/i><b>\u00a0visible<\/b>, ideal para un d\u00eda de pileta o playa.<\/p>\n<figure class=\"\" data-testid=\"figure-testid\">\n<div class=\"aspect_ratio__container\"><picture class=\"responsive-image\"><source srcset=\"https:\/\/tn.com.ar\/resizer\/v2\/marta-fort-arraso-con-su-look-en-las-redes-foto-instagrammartacfort-GJUC3JCNM5BZBGQG5IIPHUYP44.jpg?auth=786706c84387707c66e1a92fa7daea23fcd9a7cce1bd1c3ffd22a4a58f079475&amp;width=767\" type=\"image\/jpg\" media=\"(max-width: 728px)\" \/><source srcset=\"https:\/\/tn.com.ar\/resizer\/v2\/marta-fort-arraso-con-su-look-en-las-redes-foto-instagrammartacfort-GJUC3JCNM5BZBGQG5IIPHUYP44.jpg?auth=786706c84387707c66e1a92fa7daea23fcd9a7cce1bd1c3ffd22a4a58f079475&amp;width=1023\" type=\"image\/jpg\" media=\"(max-width: 1023px)\" \/><source srcset=\"https:\/\/tn.com.ar\/resizer\/v2\/marta-fort-arraso-con-su-look-en-las-redes-foto-instagrammartacfort-GJUC3JCNM5BZBGQG5IIPHUYP44.jpg?auth=786706c84387707c66e1a92fa7daea23fcd9a7cce1bd1c3ffd22a4a58f079475&amp;width=1440\" type=\"image\/jpg\" \/><img loading=\"lazy\" decoding=\"async\" class=\"image content-image image_placeholder\" src=\"https:\/\/tn.com.ar\/resizer\/v2\/marta-fort-arraso-con-su-look-en-las-redes-foto-instagrammartacfort-GJUC3JCNM5BZBGQG5IIPHUYP44.jpg?auth=786706c84387707c66e1a92fa7daea23fcd9a7cce1bd1c3ffd22a4a58f079475&amp;width=767\" alt=\"Marta Fort arras\u00f3 con su look en las redes. (Foto: Instagram\/@martacfort).\" width=\"767\" height=\"1023\" data-testid=\"loading-testid\" \/><\/picture><\/div><figcaption class=\"caption_image\" data-testid=\"figcaption-testid\">\n<div class=\"image_caption \">Marta Fort arras\u00f3 con su look en las redes. (Foto: Instagram\/@martacfort).<\/div>\n<\/figcaption><\/figure>\n<h2 class=\"font--primary font__display\">Marta Fort en microbikini con cadenas<\/h2>\n<p class=\"paragraph font__body-regular\">El d\u00eda anterior, la heredera de\u00a0<b>Ricardo Fort<\/b>\u00a0se mostr\u00f3 desde Ibiza con una\u00a0<b>microbikini negra\u00a0<\/b>que ya luci\u00f3 en varias oportunidades y efectivamente se convirti\u00f3 en una de sus favoritas.<\/p>\n<p class=\"paragraph font__body-regular\">Desde un exclusivo parador en<b>\u00a0<\/b>la playa espa\u00f1ola, la hija del comandante pos\u00f3 sobre reposeras con estampado animal print y mostr\u00f3 el conjunto elegido: un\u00a0<b>traje de ba\u00f1o de dos piezas total\u00a0<\/b><i><b>black<\/b><\/i>, con\u00a0<b>corpi\u00f1o triangular simple on breteles met\u00e1licos\u00a0<\/b>y\u00a0<b>bombacha cavada<\/b>, a la que le sum\u00f3 como detalle una\u00a0<b>cadena dorada\u00a0<\/b>rodeando la cadera, a modo de cintur\u00f3n.<\/p>\n<figure class=\"\" data-testid=\"figure-testid\">\n<div class=\"aspect_ratio__container\"><picture class=\"responsive-image\"><source srcset=\"https:\/\/tn.com.ar\/resizer\/v2\/marta-fort-en-ibiza-foto-instagrammartacfort-XAI3GMBKFNA4JDB3LK5B6TMV6M.jpg?auth=dfb18cb6c849f3bfd365e932659d53df8a19097c352751ed6c2fd338c7866eb9&amp;width=767\" type=\"image\/jpg\" media=\"(max-width: 728px)\" \/><source srcset=\"https:\/\/tn.com.ar\/resizer\/v2\/marta-fort-en-ibiza-foto-instagrammartacfort-XAI3GMBKFNA4JDB3LK5B6TMV6M.jpg?auth=dfb18cb6c849f3bfd365e932659d53df8a19097c352751ed6c2fd338c7866eb9&amp;width=1023\" type=\"image\/jpg\" media=\"(max-width: 1023px)\" \/><source srcset=\"https:\/\/tn.com.ar\/resizer\/v2\/marta-fort-en-ibiza-foto-instagrammartacfort-XAI3GMBKFNA4JDB3LK5B6TMV6M.jpg?auth=dfb18cb6c849f3bfd365e932659d53df8a19097c352751ed6c2fd338c7866eb9&amp;width=1440\" type=\"image\/jpg\" \/><img loading=\"lazy\" decoding=\"async\" class=\"image content-image image_placeholder\" src=\"https:\/\/tn.com.ar\/resizer\/v2\/marta-fort-en-ibiza-foto-instagrammartacfort-XAI3GMBKFNA4JDB3LK5B6TMV6M.jpg?auth=dfb18cb6c849f3bfd365e932659d53df8a19097c352751ed6c2fd338c7866eb9&amp;width=767\" alt=\"Marta Fort en Ibiza. (Foto: Instagram\/@martacfort).\" width=\"767\" height=\"511\" data-testid=\"loading-testid\" \/><\/picture><\/div><figcaption class=\"caption_image\" data-testid=\"figcaption-testid\">\n<div class=\"image_caption \">Marta Fort en Ibiza. (Foto: Instagram\/@martacfort).<\/div>\n<\/figcaption><\/figure>\n<p class=\"paragraph font__body-regular\">Complet\u00f3 el look con\u00a0<b>lentes de sol\u00a0<\/b><i><b>cat eye\u00a0<\/b><\/i><b>en blanco y negro\u00a0<\/b>con cristales oscuros, y un collar r\u00edgido tambi\u00e9n dorado, en sinton\u00eda con el accesorio met\u00e1lico de la bikini.<\/p>\n<figure class=\"\" data-testid=\"figure-testid\">\n<div class=\"aspect_ratio__container\"><picture class=\"responsive-image\"><source srcset=\"https:\/\/tn.com.ar\/resizer\/v2\/marta-fort-en-la-playa-foto-instagrammartacfort-LZCHUJBLDVDMLJIBLQS2II6K6I.jpg?auth=76b2c7d9452c36b94905dc7119c3ec4193ba2902e066f37ed683cada71d13937&amp;width=767\" type=\"image\/jpg\" media=\"(max-width: 728px)\" \/><source srcset=\"https:\/\/tn.com.ar\/resizer\/v2\/marta-fort-en-la-playa-foto-instagrammartacfort-LZCHUJBLDVDMLJIBLQS2II6K6I.jpg?auth=76b2c7d9452c36b94905dc7119c3ec4193ba2902e066f37ed683cada71d13937&amp;width=1023\" type=\"image\/jpg\" media=\"(max-width: 1023px)\" \/><source srcset=\"https:\/\/tn.com.ar\/resizer\/v2\/marta-fort-en-la-playa-foto-instagrammartacfort-LZCHUJBLDVDMLJIBLQS2II6K6I.jpg?auth=76b2c7d9452c36b94905dc7119c3ec4193ba2902e066f37ed683cada71d13937&amp;width=1440\" type=\"image\/jpg\" \/><img loading=\"lazy\" decoding=\"async\" class=\"image content-image image_placeholder\" src=\"https:\/\/tn.com.ar\/resizer\/v2\/marta-fort-en-la-playa-foto-instagrammartacfort-LZCHUJBLDVDMLJIBLQS2II6K6I.jpg?auth=76b2c7d9452c36b94905dc7119c3ec4193ba2902e066f37ed683cada71d13937&amp;width=767\" alt=\"Marta Fort en la playa. (Foto: Instagram\/@martacfort).\" width=\"767\" height=\"511\" data-testid=\"loading-testid\" \/><\/picture><\/div><figcaption class=\"caption_image\" data-testid=\"figcaption-testid\">\n<div class=\"image_caption \">Marta Fort en la playa. (Foto: Instagram\/@martacfort).<\/div>\n<\/figcaption><\/figure>\n<p class=\"paragraph font__body-regular\">Adem\u00e1s, dej\u00f3 suelta su melena rubia con\u00a0<b>ondas relajadas\u00a0<\/b>y llev\u00f3 un\u00a0<i>beauty look\u00a0<\/i>100% al natural, con\u00a0<b>labios rosa\u00a0<\/b>y cejas marcadas.<\/p>\n<figure class=\"\" data-testid=\"figure-testid\">\n<div class=\"aspect_ratio__container\"><picture class=\"responsive-image\"><source srcset=\"https:\/\/tn.com.ar\/resizer\/v2\/marta-fort-en-primer-plano-foto-instagrammartacfort-A32GPS7S3ZH37MZQWEJOOFL53U.jpg?auth=1055b6e8d8464a1bd17c2bdc927a98da5bd09c7b3e8e61bfe7c52721c48afdd3&amp;width=767\" type=\"image\/jpg\" media=\"(max-width: 728px)\" \/><source srcset=\"https:\/\/tn.com.ar\/resizer\/v2\/marta-fort-en-primer-plano-foto-instagrammartacfort-A32GPS7S3ZH37MZQWEJOOFL53U.jpg?auth=1055b6e8d8464a1bd17c2bdc927a98da5bd09c7b3e8e61bfe7c52721c48afdd3&amp;width=1023\" type=\"image\/jpg\" media=\"(max-width: 1023px)\" \/><source srcset=\"https:\/\/tn.com.ar\/resizer\/v2\/marta-fort-en-primer-plano-foto-instagrammartacfort-A32GPS7S3ZH37MZQWEJOOFL53U.jpg?auth=1055b6e8d8464a1bd17c2bdc927a98da5bd09c7b3e8e61bfe7c52721c48afdd3&amp;width=1440\" type=\"image\/jpg\" \/><img loading=\"lazy\" decoding=\"async\" class=\"image content-image image_placeholder\" src=\"https:\/\/tn.com.ar\/resizer\/v2\/marta-fort-en-primer-plano-foto-instagrammartacfort-A32GPS7S3ZH37MZQWEJOOFL53U.jpg?auth=1055b6e8d8464a1bd17c2bdc927a98da5bd09c7b3e8e61bfe7c52721c48afdd3&amp;width=767\" alt=\"Marta Fort en primer plano. (Foto: Instagram\/@martacfort).\" width=\"767\" height=\"511\" data-testid=\"loading-testid\" \/><\/picture><\/div><figcaption class=\"caption_image\" data-testid=\"figcaption-testid\">\n<div class=\"image_caption \">Marta Fort en primer plano. (Foto: Instagram\/@martacfort).<\/div>\n<\/figcaption><\/figure>\n","protected":false},"excerpt":{"rendered":"<p>Pos\u00f3 al borde de una pileta desde Mykonos. De vacaciones por las paradis\u00edacas playas de Mykonos en Grecia,\u00a0Marta Fort\u00a0comparti\u00f3 una serie de fotos desde un exclusivo parador junto al mar y dej\u00f3 ver en detalle su look de alto verano. Fiel a su estilo relajado, pero\u00a0trendy, pos\u00f3 sobre un camastro frente a una pileta, con [&hellip;]<\/p>\n","protected":false},"author":1,"featured_media":3364,"comment_status":"open","ping_status":"open","sticky":false,"template":"","format":"standard","meta":{"rop_custom_images_group":[],"rop_custom_messages_group":[],"rop_publish_now":"initial","rop_publish_now_accounts":[],"rop_publish_now_history":[],"rop_publish_now_status":"pending","footnotes":"","jetpack_publicize_message":"","jetpack_publicize_feature_enabled":true,"jetpack_social_post_already_shared":true,"jetpack_social_options":{"image_generator_settings":{"template":"highway","enabled":false},"version":2}},"categories":[14],"tags":[],"class_list":{"0":"post-3363","1":"post","2":"type-post","3":"status-publish","4":"format-standard","5":"has-post-thumbnail","7":"category-chica-hot"},"jetpack_publicize_connections":[],"yoast_head":"<!-- This site is optimized with the Yoast SEO plugin v27.3 - https:\/\/yoast.com\/product\/yoast-seo-wordpress\/ -->\n<title>Marta Fort disfruta Grecia como una diva: microbikini verde brillante y anteojos de sol Miu Miu - CLAN ESPECTACULOS<\/title>\n<meta name=\"robots\" content=\"index, follow, max-snippet:-1, max-image-preview:large, max-video-preview:-1\" \/>\n<link rel=\"canonical\" href=\"https:\/\/radioclanfm.com\/clanespectaculos\/marta-fort-disfruta-grecia-como-una-diva-microbikini-verde-brillante-y-anteojos-de-sol-miu-miu\/\" \/>\n<meta property=\"og:locale\" content=\"es_ES\" \/>\n<meta property=\"og:type\" content=\"article\" \/>\n<meta property=\"og:title\" content=\"Marta Fort disfruta Grecia como una diva: microbikini verde brillante y anteojos de sol Miu Miu - CLAN ESPECTACULOS\" \/>\n<meta property=\"og:description\" content=\"Pos\u00f3 al borde de una pileta desde Mykonos. De vacaciones por las paradis\u00edacas playas de Mykonos en Grecia,\u00a0Marta Fort\u00a0comparti\u00f3 una serie de fotos desde un exclusivo parador junto al mar y dej\u00f3 ver en detalle su look de alto verano. Fiel a su estilo relajado, pero\u00a0trendy, pos\u00f3 sobre un camastro frente a una pileta, con [&hellip;]\" \/>\n<meta property=\"og:url\" content=\"https:\/\/radioclanfm.com\/clanespectaculos\/marta-fort-disfruta-grecia-como-una-diva-microbikini-verde-brillante-y-anteojos-de-sol-miu-miu\/\" \/>\n<meta property=\"og:site_name\" content=\"CLAN ESPECTACULOS\" \/>\n<meta property=\"article:publisher\" content=\"https:\/\/www.facebook.com\/clanespectaculos\/\" \/>\n<meta property=\"article:published_time\" content=\"2025-07-23T01:39:48+00:00\" \/>\n<meta property=\"og:image\" content=\"https:\/\/radioclanfm.com\/clanespectaculos\/wp-content\/uploads\/sites\/2\/2025\/07\/mR-RDG7O.jpg\" \/>\n\t<meta property=\"og:image:width\" content=\"900\" \/>\n\t<meta property=\"og:image:height\" content=\"506\" \/>\n\t<meta property=\"og:image:type\" content=\"image\/jpeg\" \/>\n<meta name=\"author\" content=\"E-GRUPOCLAN\" \/>\n<meta name=\"twitter:card\" content=\"summary_large_image\" \/>\n<meta name=\"twitter:creator\" content=\"@clanespectok\" \/>\n<meta name=\"twitter:site\" content=\"@clanespectok\" \/>\n<meta name=\"twitter:label1\" content=\"Escrito por\" \/>\n\t<meta name=\"twitter:data1\" content=\"E-GRUPOCLAN\" \/>\n\t<meta name=\"twitter:label2\" content=\"Tiempo de lectura\" \/>\n\t<meta name=\"twitter:data2\" content=\"2 minutos\" \/>\n<script type=\"application\/ld+json\" class=\"yoast-schema-graph\">{\"@context\":\"https:\\\/\\\/schema.org\",\"@graph\":[{\"@type\":\"Article\",\"@id\":\"https:\\\/\\\/radioclanfm.com\\\/clanespectaculos\\\/marta-fort-disfruta-grecia-como-una-diva-microbikini-verde-brillante-y-anteojos-de-sol-miu-miu\\\/#article\",\"isPartOf\":{\"@id\":\"https:\\\/\\\/radioclanfm.com\\\/clanespectaculos\\\/marta-fort-disfruta-grecia-como-una-diva-microbikini-verde-brillante-y-anteojos-de-sol-miu-miu\\\/\"},\"author\":{\"name\":\"E-GRUPOCLAN\",\"@id\":\"https:\\\/\\\/radioclanfm.com\\\/clanespectaculos\\\/#\\\/schema\\\/person\\\/9734813083303230f3ad84d99171b20c\"},\"headline\":\"Marta Fort disfruta Grecia como una diva: microbikini verde brillante y anteojos de sol Miu Miu\",\"datePublished\":\"2025-07-23T01:39:48+00:00\",\"mainEntityOfPage\":{\"@id\":\"https:\\\/\\\/radioclanfm.com\\\/clanespectaculos\\\/marta-fort-disfruta-grecia-como-una-diva-microbikini-verde-brillante-y-anteojos-de-sol-miu-miu\\\/\"},\"wordCount\":470,\"commentCount\":0,\"publisher\":{\"@id\":\"https:\\\/\\\/radioclanfm.com\\\/clanespectaculos\\\/#organization\"},\"image\":{\"@id\":\"https:\\\/\\\/radioclanfm.com\\\/clanespectaculos\\\/marta-fort-disfruta-grecia-como-una-diva-microbikini-verde-brillante-y-anteojos-de-sol-miu-miu\\\/#primaryimage\"},\"thumbnailUrl\":\"https:\\\/\\\/radioclanfm.com\\\/clanespectaculos\\\/wp-content\\\/uploads\\\/sites\\\/2\\\/2025\\\/07\\\/mR-RDG7O.jpg\",\"articleSection\":[\"CHICA HOT\"],\"inLanguage\":\"es-AR\",\"potentialAction\":[{\"@type\":\"CommentAction\",\"name\":\"Comment\",\"target\":[\"https:\\\/\\\/radioclanfm.com\\\/clanespectaculos\\\/marta-fort-disfruta-grecia-como-una-diva-microbikini-verde-brillante-y-anteojos-de-sol-miu-miu\\\/#respond\"]}]},{\"@type\":\"WebPage\",\"@id\":\"https:\\\/\\\/radioclanfm.com\\\/clanespectaculos\\\/marta-fort-disfruta-grecia-como-una-diva-microbikini-verde-brillante-y-anteojos-de-sol-miu-miu\\\/\",\"url\":\"https:\\\/\\\/radioclanfm.com\\\/clanespectaculos\\\/marta-fort-disfruta-grecia-como-una-diva-microbikini-verde-brillante-y-anteojos-de-sol-miu-miu\\\/\",\"name\":\"Marta Fort disfruta Grecia como una diva: microbikini verde brillante y anteojos de sol Miu Miu - CLAN ESPECTACULOS\",\"isPartOf\":{\"@id\":\"https:\\\/\\\/radioclanfm.com\\\/clanespectaculos\\\/#website\"},\"primaryImageOfPage\":{\"@id\":\"https:\\\/\\\/radioclanfm.com\\\/clanespectaculos\\\/marta-fort-disfruta-grecia-como-una-diva-microbikini-verde-brillante-y-anteojos-de-sol-miu-miu\\\/#primaryimage\"},\"image\":{\"@id\":\"https:\\\/\\\/radioclanfm.com\\\/clanespectaculos\\\/marta-fort-disfruta-grecia-como-una-diva-microbikini-verde-brillante-y-anteojos-de-sol-miu-miu\\\/#primaryimage\"},\"thumbnailUrl\":\"https:\\\/\\\/radioclanfm.com\\\/clanespectaculos\\\/wp-content\\\/uploads\\\/sites\\\/2\\\/2025\\\/07\\\/mR-RDG7O.jpg\",\"datePublished\":\"2025-07-23T01:39:48+00:00\",\"breadcrumb\":{\"@id\":\"https:\\\/\\\/radioclanfm.com\\\/clanespectaculos\\\/marta-fort-disfruta-grecia-como-una-diva-microbikini-verde-brillante-y-anteojos-de-sol-miu-miu\\\/#breadcrumb\"},\"inLanguage\":\"es-AR\",\"potentialAction\":[{\"@type\":\"ReadAction\",\"target\":[\"https:\\\/\\\/radioclanfm.com\\\/clanespectaculos\\\/marta-fort-disfruta-grecia-como-una-diva-microbikini-verde-brillante-y-anteojos-de-sol-miu-miu\\\/\"]}]},{\"@type\":\"ImageObject\",\"inLanguage\":\"es-AR\",\"@id\":\"https:\\\/\\\/radioclanfm.com\\\/clanespectaculos\\\/marta-fort-disfruta-grecia-como-una-diva-microbikini-verde-brillante-y-anteojos-de-sol-miu-miu\\\/#primaryimage\",\"url\":\"https:\\\/\\\/radioclanfm.com\\\/clanespectaculos\\\/wp-content\\\/uploads\\\/sites\\\/2\\\/2025\\\/07\\\/mR-RDG7O.jpg\",\"contentUrl\":\"https:\\\/\\\/radioclanfm.com\\\/clanespectaculos\\\/wp-content\\\/uploads\\\/sites\\\/2\\\/2025\\\/07\\\/mR-RDG7O.jpg\",\"width\":900,\"height\":506},{\"@type\":\"BreadcrumbList\",\"@id\":\"https:\\\/\\\/radioclanfm.com\\\/clanespectaculos\\\/marta-fort-disfruta-grecia-como-una-diva-microbikini-verde-brillante-y-anteojos-de-sol-miu-miu\\\/#breadcrumb\",\"itemListElement\":[{\"@type\":\"ListItem\",\"position\":1,\"name\":\"Inicio\",\"item\":\"https:\\\/\\\/radioclanfm.com\\\/clanespectaculos\\\/\"},{\"@type\":\"ListItem\",\"position\":2,\"name\":\"Marta Fort disfruta Grecia como una diva: microbikini verde brillante y anteojos de sol Miu Miu\"}]},{\"@type\":\"WebSite\",\"@id\":\"https:\\\/\\\/radioclanfm.com\\\/clanespectaculos\\\/#website\",\"url\":\"https:\\\/\\\/radioclanfm.com\\\/clanespectaculos\\\/\",\"name\":\"CLAN ESPECTACULOS\",\"description\":\"\",\"publisher\":{\"@id\":\"https:\\\/\\\/radioclanfm.com\\\/clanespectaculos\\\/#organization\"},\"potentialAction\":[{\"@type\":\"SearchAction\",\"target\":{\"@type\":\"EntryPoint\",\"urlTemplate\":\"https:\\\/\\\/radioclanfm.com\\\/clanespectaculos\\\/?s={search_term_string}\"},\"query-input\":{\"@type\":\"PropertyValueSpecification\",\"valueRequired\":true,\"valueName\":\"search_term_string\"}}],\"inLanguage\":\"es-AR\"},{\"@type\":\"Organization\",\"@id\":\"https:\\\/\\\/radioclanfm.com\\\/clanespectaculos\\\/#organization\",\"name\":\"CLAN ESPECTACULOS\",\"url\":\"https:\\\/\\\/radioclanfm.com\\\/clanespectaculos\\\/\",\"logo\":{\"@type\":\"ImageObject\",\"inLanguage\":\"es-AR\",\"@id\":\"https:\\\/\\\/radioclanfm.com\\\/clanespectaculos\\\/#\\\/schema\\\/logo\\\/image\\\/\",\"url\":\"https:\\\/\\\/radioclanfm.com\\\/clanespectaculos\\\/wp-content\\\/uploads\\\/sites\\\/2\\\/2026\\\/04\\\/ChatGPT-Image-23-mar-2026-10_09_00.png\",\"contentUrl\":\"https:\\\/\\\/radioclanfm.com\\\/clanespectaculos\\\/wp-content\\\/uploads\\\/sites\\\/2\\\/2026\\\/04\\\/ChatGPT-Image-23-mar-2026-10_09_00.png\",\"width\":1024,\"height\":1024,\"caption\":\"CLAN ESPECTACULOS\"},\"image\":{\"@id\":\"https:\\\/\\\/radioclanfm.com\\\/clanespectaculos\\\/#\\\/schema\\\/logo\\\/image\\\/\"},\"sameAs\":[\"https:\\\/\\\/www.facebook.com\\\/clanespectaculos\\\/\",\"https:\\\/\\\/x.com\\\/clanespectok\"]},{\"@type\":\"Person\",\"@id\":\"https:\\\/\\\/radioclanfm.com\\\/clanespectaculos\\\/#\\\/schema\\\/person\\\/9734813083303230f3ad84d99171b20c\",\"name\":\"E-GRUPOCLAN\",\"image\":{\"@type\":\"ImageObject\",\"inLanguage\":\"es-AR\",\"@id\":\"https:\\\/\\\/secure.gravatar.com\\\/avatar\\\/af6e19837c3d6a212034a48c7b3818d2ac1826f6025df0155da5a186ad321d79?s=96&d=mm&r=g\",\"url\":\"https:\\\/\\\/secure.gravatar.com\\\/avatar\\\/af6e19837c3d6a212034a48c7b3818d2ac1826f6025df0155da5a186ad321d79?s=96&d=mm&r=g\",\"contentUrl\":\"https:\\\/\\\/secure.gravatar.com\\\/avatar\\\/af6e19837c3d6a212034a48c7b3818d2ac1826f6025df0155da5a186ad321d79?s=96&d=mm&r=g\",\"caption\":\"E-GRUPOCLAN\"},\"sameAs\":[\"https:\\\/\\\/radioclanfm.com\"],\"url\":\"https:\\\/\\\/radioclanfm.com\\\/clanespectaculos\\\/author\\\/admin\\\/\"}]}<\/script>\n<!-- \/ Yoast SEO plugin. -->","yoast_head_json":{"title":"Marta Fort disfruta Grecia como una diva: microbikini verde brillante y anteojos de sol Miu Miu - CLAN ESPECTACULOS","robots":{"index":"index","follow":"follow","max-snippet":"max-snippet:-1","max-image-preview":"max-image-preview:large","max-video-preview":"max-video-preview:-1"},"canonical":"https:\/\/radioclanfm.com\/clanespectaculos\/marta-fort-disfruta-grecia-como-una-diva-microbikini-verde-brillante-y-anteojos-de-sol-miu-miu\/","og_locale":"es_ES","og_type":"article","og_title":"Marta Fort disfruta Grecia como una diva: microbikini verde brillante y anteojos de sol Miu Miu - CLAN ESPECTACULOS","og_description":"Pos\u00f3 al borde de una pileta desde Mykonos. De vacaciones por las paradis\u00edacas playas de Mykonos en Grecia,\u00a0Marta Fort\u00a0comparti\u00f3 una serie de fotos desde un exclusivo parador junto al mar y dej\u00f3 ver en detalle su look de alto verano. Fiel a su estilo relajado, pero\u00a0trendy, pos\u00f3 sobre un camastro frente a una pileta, con [&hellip;]","og_url":"https:\/\/radioclanfm.com\/clanespectaculos\/marta-fort-disfruta-grecia-como-una-diva-microbikini-verde-brillante-y-anteojos-de-sol-miu-miu\/","og_site_name":"CLAN ESPECTACULOS","article_publisher":"https:\/\/www.facebook.com\/clanespectaculos\/","article_published_time":"2025-07-23T01:39:48+00:00","og_image":[{"width":900,"height":506,"url":"https:\/\/radioclanfm.com\/clanespectaculos\/wp-content\/uploads\/sites\/2\/2025\/07\/mR-RDG7O.jpg","type":"image\/jpeg"}],"author":"E-GRUPOCLAN","twitter_card":"summary_large_image","twitter_creator":"@clanespectok","twitter_site":"@clanespectok","twitter_misc":{"Escrito por":"E-GRUPOCLAN","Tiempo de lectura":"2 minutos"},"schema":{"@context":"https:\/\/schema.org","@graph":[{"@type":"Article","@id":"https:\/\/radioclanfm.com\/clanespectaculos\/marta-fort-disfruta-grecia-como-una-diva-microbikini-verde-brillante-y-anteojos-de-sol-miu-miu\/#article","isPartOf":{"@id":"https:\/\/radioclanfm.com\/clanespectaculos\/marta-fort-disfruta-grecia-como-una-diva-microbikini-verde-brillante-y-anteojos-de-sol-miu-miu\/"},"author":{"name":"E-GRUPOCLAN","@id":"https:\/\/radioclanfm.com\/clanespectaculos\/#\/schema\/person\/9734813083303230f3ad84d99171b20c"},"headline":"Marta Fort disfruta Grecia como una diva: microbikini verde brillante y anteojos de sol Miu Miu","datePublished":"2025-07-23T01:39:48+00:00","mainEntityOfPage":{"@id":"https:\/\/radioclanfm.com\/clanespectaculos\/marta-fort-disfruta-grecia-como-una-diva-microbikini-verde-brillante-y-anteojos-de-sol-miu-miu\/"},"wordCount":470,"commentCount":0,"publisher":{"@id":"https:\/\/radioclanfm.com\/clanespectaculos\/#organization"},"image":{"@id":"https:\/\/radioclanfm.com\/clanespectaculos\/marta-fort-disfruta-grecia-como-una-diva-microbikini-verde-brillante-y-anteojos-de-sol-miu-miu\/#primaryimage"},"thumbnailUrl":"https:\/\/radioclanfm.com\/clanespectaculos\/wp-content\/uploads\/sites\/2\/2025\/07\/mR-RDG7O.jpg","articleSection":["CHICA HOT"],"inLanguage":"es-AR","potentialAction":[{"@type":"CommentAction","name":"Comment","target":["https:\/\/radioclanfm.com\/clanespectaculos\/marta-fort-disfruta-grecia-como-una-diva-microbikini-verde-brillante-y-anteojos-de-sol-miu-miu\/#respond"]}]},{"@type":"WebPage","@id":"https:\/\/radioclanfm.com\/clanespectaculos\/marta-fort-disfruta-grecia-como-una-diva-microbikini-verde-brillante-y-anteojos-de-sol-miu-miu\/","url":"https:\/\/radioclanfm.com\/clanespectaculos\/marta-fort-disfruta-grecia-como-una-diva-microbikini-verde-brillante-y-anteojos-de-sol-miu-miu\/","name":"Marta Fort disfruta Grecia como una diva: microbikini verde brillante y anteojos de sol Miu Miu - CLAN ESPECTACULOS","isPartOf":{"@id":"https:\/\/radioclanfm.com\/clanespectaculos\/#website"},"primaryImageOfPage":{"@id":"https:\/\/radioclanfm.com\/clanespectaculos\/marta-fort-disfruta-grecia-como-una-diva-microbikini-verde-brillante-y-anteojos-de-sol-miu-miu\/#primaryimage"},"image":{"@id":"https:\/\/radioclanfm.com\/clanespectaculos\/marta-fort-disfruta-grecia-como-una-diva-microbikini-verde-brillante-y-anteojos-de-sol-miu-miu\/#primaryimage"},"thumbnailUrl":"https:\/\/radioclanfm.com\/clanespectaculos\/wp-content\/uploads\/sites\/2\/2025\/07\/mR-RDG7O.jpg","datePublished":"2025-07-23T01:39:48+00:00","breadcrumb":{"@id":"https:\/\/radioclanfm.com\/clanespectaculos\/marta-fort-disfruta-grecia-como-una-diva-microbikini-verde-brillante-y-anteojos-de-sol-miu-miu\/#breadcrumb"},"inLanguage":"es-AR","potentialAction":[{"@type":"ReadAction","target":["https:\/\/radioclanfm.com\/clanespectaculos\/marta-fort-disfruta-grecia-como-una-diva-microbikini-verde-brillante-y-anteojos-de-sol-miu-miu\/"]}]},{"@type":"ImageObject","inLanguage":"es-AR","@id":"https:\/\/radioclanfm.com\/clanespectaculos\/marta-fort-disfruta-grecia-como-una-diva-microbikini-verde-brillante-y-anteojos-de-sol-miu-miu\/#primaryimage","url":"https:\/\/radioclanfm.com\/clanespectaculos\/wp-content\/uploads\/sites\/2\/2025\/07\/mR-RDG7O.jpg","contentUrl":"https:\/\/radioclanfm.com\/clanespectaculos\/wp-content\/uploads\/sites\/2\/2025\/07\/mR-RDG7O.jpg","width":900,"height":506},{"@type":"BreadcrumbList","@id":"https:\/\/radioclanfm.com\/clanespectaculos\/marta-fort-disfruta-grecia-como-una-diva-microbikini-verde-brillante-y-anteojos-de-sol-miu-miu\/#breadcrumb","itemListElement":[{"@type":"ListItem","position":1,"name":"Inicio","item":"https:\/\/radioclanfm.com\/clanespectaculos\/"},{"@type":"ListItem","position":2,"name":"Marta Fort disfruta Grecia como una diva: microbikini verde brillante y anteojos de sol Miu Miu"}]},{"@type":"WebSite","@id":"https:\/\/radioclanfm.com\/clanespectaculos\/#website","url":"https:\/\/radioclanfm.com\/clanespectaculos\/","name":"CLAN ESPECTACULOS","description":"","publisher":{"@id":"https:\/\/radioclanfm.com\/clanespectaculos\/#organization"},"potentialAction":[{"@type":"SearchAction","target":{"@type":"EntryPoint","urlTemplate":"https:\/\/radioclanfm.com\/clanespectaculos\/?s={search_term_string}"},"query-input":{"@type":"PropertyValueSpecification","valueRequired":true,"valueName":"search_term_string"}}],"inLanguage":"es-AR"},{"@type":"Organization","@id":"https:\/\/radioclanfm.com\/clanespectaculos\/#organization","name":"CLAN ESPECTACULOS","url":"https:\/\/radioclanfm.com\/clanespectaculos\/","logo":{"@type":"ImageObject","inLanguage":"es-AR","@id":"https:\/\/radioclanfm.com\/clanespectaculos\/#\/schema\/logo\/image\/","url":"https:\/\/radioclanfm.com\/clanespectaculos\/wp-content\/uploads\/sites\/2\/2026\/04\/ChatGPT-Image-23-mar-2026-10_09_00.png","contentUrl":"https:\/\/radioclanfm.com\/clanespectaculos\/wp-content\/uploads\/sites\/2\/2026\/04\/ChatGPT-Image-23-mar-2026-10_09_00.png","width":1024,"height":1024,"caption":"CLAN ESPECTACULOS"},"image":{"@id":"https:\/\/radioclanfm.com\/clanespectaculos\/#\/schema\/logo\/image\/"},"sameAs":["https:\/\/www.facebook.com\/clanespectaculos\/","https:\/\/x.com\/clanespectok"]},{"@type":"Person","@id":"https:\/\/radioclanfm.com\/clanespectaculos\/#\/schema\/person\/9734813083303230f3ad84d99171b20c","name":"E-GRUPOCLAN","image":{"@type":"ImageObject","inLanguage":"es-AR","@id":"https:\/\/secure.gravatar.com\/avatar\/af6e19837c3d6a212034a48c7b3818d2ac1826f6025df0155da5a186ad321d79?s=96&d=mm&r=g","url":"https:\/\/secure.gravatar.com\/avatar\/af6e19837c3d6a212034a48c7b3818d2ac1826f6025df0155da5a186ad321d79?s=96&d=mm&r=g","contentUrl":"https:\/\/secure.gravatar.com\/avatar\/af6e19837c3d6a212034a48c7b3818d2ac1826f6025df0155da5a186ad321d79?s=96&d=mm&r=g","caption":"E-GRUPOCLAN"},"sameAs":["https:\/\/radioclanfm.com"],"url":"https:\/\/radioclanfm.com\/clanespectaculos\/author\/admin\/"}]}},"_links":{"self":[{"href":"https:\/\/radioclanfm.com\/clanespectaculos\/wp-json\/wp\/v2\/posts\/3363","targetHints":{"allow":["GET"]}}],"collection":[{"href":"https:\/\/radioclanfm.com\/clanespectaculos\/wp-json\/wp\/v2\/posts"}],"about":[{"href":"https:\/\/radioclanfm.com\/clanespectaculos\/wp-json\/wp\/v2\/types\/post"}],"author":[{"embeddable":true,"href":"https:\/\/radioclanfm.com\/clanespectaculos\/wp-json\/wp\/v2\/users\/1"}],"replies":[{"embeddable":true,"href":"https:\/\/radioclanfm.com\/clanespectaculos\/wp-json\/wp\/v2\/comments?post=3363"}],"version-history":[{"count":1,"href":"https:\/\/radioclanfm.com\/clanespectaculos\/wp-json\/wp\/v2\/posts\/3363\/revisions"}],"predecessor-version":[{"id":3365,"href":"https:\/\/radioclanfm.com\/clanespectaculos\/wp-json\/wp\/v2\/posts\/3363\/revisions\/3365"}],"wp:featuredmedia":[{"embeddable":true,"href":"https:\/\/radioclanfm.com\/clanespectaculos\/wp-json\/wp\/v2\/media\/3364"}],"wp:attachment":[{"href":"https:\/\/radioclanfm.com\/clanespectaculos\/wp-json\/wp\/v2\/media?parent=3363"}],"wp:term":[{"taxonomy":"category","embeddable":true,"href":"https:\/\/radioclanfm.com\/clanespectaculos\/wp-json\/wp\/v2\/categories?post=3363"},{"taxonomy":"post_tag","embeddable":true,"href":"https:\/\/radioclanfm.com\/clanespectaculos\/wp-json\/wp\/v2\/tags?post=3363"}],"curies":[{"name":"wp","href":"https:\/\/api.w.org\/{rel}","templated":true}]}}