{"id":3333,"date":"2025-07-22T22:24:11","date_gmt":"2025-07-23T01:24:11","guid":{"rendered":"https:\/\/radioclanfm.com\/clanespectaculos\/?p=3333"},"modified":"2025-07-22T22:24:11","modified_gmt":"2025-07-23T01:24:11","slug":"emiliano-pinson-en-medio-de-su-tratamiento-contra-el-parkinson-anuncio-la-aparicion-de-su-primer-libro","status":"publish","type":"post","link":"https:\/\/radioclanfm.com\/clanespectaculos\/emiliano-pinson-en-medio-de-su-tratamiento-contra-el-parkinson-anuncio-la-aparicion-de-su-primer-libro\/","title":{"rendered":"Emiliano Pins\u00f3n, en medio de su tratamiento contra el Parkinson, anunci\u00f3 la aparici\u00f3n de su primer libro"},"content":{"rendered":"<p>El periodista, que este mes comenz\u00f3 un tratamiento experimental contra la enfermedad en Espa\u00f1a, dio la noticia en sus redes sociales<\/p>\n<p class=\"paragraph\" data-mrf-recirculation=\"Links inline\">Mientras sigue adelante con su tratamiento contra el Parkinson en Espa\u00f1a,\u00a0<b>Emiliano Pins\u00f3n\u00a0<\/b>comparti\u00f3 una noticia que lo llen\u00f3 de entusiasmo: \u201cEstoy muy contento porque<b>\u00a0acabo de recibir lo que ser\u00e1 en agosto el lanzamiento de mi primer libro \u2018Toda la vida es ahora\u2019. Digo mi primer libro, no se asombren, porque estoy escribiendo el segundo ya ac\u00e1\u201d<\/b>. El periodista, conocido por su estilo directo y transparente, no dud\u00f3 en contar a sus seguidores su alegr\u00eda ante este nuevo proyecto.<\/p>\n<div class=\"news-module\" data-mrf-recirculation=\"IL_Ct0zZTd2RqSjHGMXsLzz7w\" data-testid=\"text-html\" data-mrf-experience=\"IL_Ct0zZTd2RqSjHGMXsLzz7w\">\n<div class=\"recommended-card__image-container\"><\/div>\n<\/div>\n<p class=\"paragraph\" data-mrf-recirculation=\"Links inline\">El camino de Pins\u00f3n en su lucha contra la enfermedad comenz\u00f3 con un golpe inesperado hace cuatro a\u00f1os.\u00a0<b>Lo supo el 4 de febrero de 2021 en el FLENI,\u00a0<\/b>donde acudi\u00f3 luego de tener algunos problemas de movilidad. Aquella consulta result\u00f3 en un diagn\u00f3stico que cambiar\u00eda todo:\u00a0<b>atrofia multisist\u00e9mica.<\/b>\u00a0Este tipo de Parkinson, a diferencia de otras presentaciones de la enfermedad, afecta varias funciones del organismo y es conocida por su avance r\u00e1pido.<\/p>\n<div class=\"inline ad-wrapper\">\n<div class=\"dfpAd ad-inline\">\n<div id=\"infobae\/teleshow\/nota\/inline\" class=\"infobae\/teleshow\/nota\/inline arcad\" data-google-query-id=\"CNfyhfTo0Y4DFTtYuAQdW60cgg\">\n<div id=\"google_ads_iframe_\/1058609\/infobae\/teleshow\/nota\/inline_0__container__\"><\/div>\n<\/div>\n<\/div>\n<\/div>\n<p class=\"paragraph\" data-mrf-recirculation=\"Links inline\">A principios de este a\u00f1o,\u00a0<b>el periodista anunci\u00f3 que hab\u00eda sido elegido para ser parte de un protocolo experimental destinado a pacientes con Parkinson at\u00edpico. El tratamiento experimental se lleva a cabo en un hospital de Osasuna, ubicado en Navarra,\u00a0<\/b>reconocido por su trabajo en terapias innovadoras para afecciones neurol\u00f3gicas complejas.<\/p>\n<div class=\"news-module\" data-mrf-recirculation=\"IL_RjJ8XQ94SCCdND4VX9YvyQ\" data-testid=\"text-html\" data-mrf-experience=\"IL_RjJ8XQ94SCCdND4VX9YvyQ\">\n<div class=\"recommended-card__image-container\"><\/div>\n<\/div>\n<p class=\"paragraph\" data-mrf-recirculation=\"Links inline\">El 4 de julio hace casi tres semanas, Pins\u00f3n arranc\u00f3 un cap\u00edtulo clave en su vida: el primer d\u00eda de su tratamiento experimental. \u00c9l mismo lo cont\u00f3, c\u00e1mara en mano:<b>\u00a0\u201c4 de julio de 2025. Es el d\u00eda en que comienzo con las diez pastillas que les quiero mostrar.\u00a0<\/b>Tengo que tomarlas en menos de media hora. Yo normalmente estas c\u00e1psulas las tomo mucho antes, con menos tiempo. Bueno. Sirvo agua. \u00bfQu\u00e9 habr\u00e1 ac\u00e1, no? \u00bfHabr\u00e1 medicaci\u00f3n o placebo? Bueno, como dicen en Argentina es plata o mierda, hasta ac\u00e1 llegu\u00e9. Ahora ya es cuesti\u00f3n no se si de suerte.<b>\u00a0Pero bueno, el t\u00edtulo es ese, plata o mierda, Vamos\u201d.\u00a0<\/b>Y en el video se lo ve tragando las pastillas una detr\u00e1s de la otra.<\/p>\n<div class=\"jwplayer-ctn\">\n<div>\n<div id=\"67KB57XX7FBNPCCVUFZ2M3OA5Q-custom_embed5\" class=\"jwplayer jw-reset jw-state-idle jw-stretch-uniform jw-flag-aspect-mode jw-floating-dismissible jw-keep-thumbnail jw-flag-user-inactive jw-flag-cast-available jw-breakpoint-5\" tabindex=\"0\" role=\"application\" aria-label=\"Video Player - Emiliano Pins\u00f3n comenz\u00f3 el tratamiento contra el Parkinson\" aria-describedby=\"jw-67KB57XX7FBNPCCVUFZ2M3OA5Q-custom_embed5-shortcuts-tooltip-explanation\" data-compass-listening=\"true\">\n<div class=\"jw-wrapper jw-reset\">\n<div class=\"jw-controls jw-reset\">\n<div class=\"jw-controlbar jw-reset\">\n<div class=\"jw-reset jw-button-container\">\n<div class=\"jw-icon jw-icon-inline jw-button-color jw-reset jw-icon-cast\" tabindex=\"0\" role=\"button\" aria-label=\"Chromecast\"><\/div>\n<\/div>\n<\/div>\n<\/div>\n<\/div>\n<\/div>\n<\/div>\n<p>Emiliano Pins\u00f3n anunci\u00f3 la salida de su libro en pleno tratamiento experimental contra el Parkinson en Espa\u00f1a<\/p><\/div>\n<div class=\"inline_2_DSK ad-wrapper ad-desktop\">\n<div class=\"dfpAd ad-inline\"><\/div>\n<\/div>\n<p class=\"paragraph\" data-mrf-recirculation=\"Links inline\">Sin perder el humor y fiel a su estilo, narr\u00f3 c\u00f3mo vivi\u00f3 ese momento frente a quienes lo siguen: \u201cNo son dif\u00edciles de tragar. Ahora\u2026 capaz que en dos horas exploto. Bueno, entonces ma\u00f1ana a las diez y 25. Esto lo tengo que repetir todos los d\u00edas. M\u00e1s o menos a la misma hora y con agua, tomar las pastillas. Unas diez c\u00e1psulas en unos 30 minutos\u201d. Tambi\u00e9n comparti\u00f3 un detalle pr\u00e1ctico que le piden cumplir por protocolo: \u201cLo hacen para la gente que tiene problemas de degluci\u00f3n. Por suerte, no lo tengo. Entonces puedo tragar bien. Aqu\u00ed est\u00e1. Las primeras diez adentro\u201d.<\/p>\n<div class=\"news-module\" data-mrf-recirculation=\"IL_wPVu_IE4S76a5Gsl0lX8mA\" data-testid=\"text-html\" data-mrf-experience=\"IL_wPVu_IE4S76a5Gsl0lX8mA\">\n<div class=\"recommended-card__image-container\"><\/div>\n<\/div>\n<p class=\"paragraph\" data-mrf-recirculation=\"Links inline\">Ahora, ya con el tratamiento en marcha, recibi\u00f3 la noticia de la salida del libro de Editorial Planeta, que estar\u00e1 a la venta en agosto: \u201c<b>Ahora prontito va a estar en todas las librer\u00edas, as\u00ed que a ustedes espero que les guste\u201d<\/b>, se\u00f1al\u00f3. Pins\u00f3n aclar\u00f3 que no se trata de un libro exclusivamente sobre su enfermedad, sino de algo mucho m\u00e1s personal y diverso:<b>\u00a0\u201cNo es un libro sobre el Parkinson solamente, es un libro de la vida, de mi vida, contada con muchos detalles en algunas cosas y con algo que yo creo claramente es que nosotros tenemos el poder de resilientes\u201d.<\/b><\/p>\n<p class=\"paragraph\" data-mrf-recirculation=\"Links inline\">En su mensaje, Emiliano tambi\u00e9n dedic\u00f3 un momento a la reflexi\u00f3n sobre la resiliencia, un concepto al que da mucha importancia en su relato: \u201cCuando antes te dec\u00edan para cualquier cosa que hagas, eh acordate cuando vos hiciste tal cosa, bueno, eso ahora se llama resiliencia y es la que tenemos todos nosotros.\u00a0<b>Ante cualquier adversidad podemos recordar o hacer fuerza y sin ejercicio ni nada de lo que pasabas vos en otro momento de tu vida\u201d<\/b>. Se\u00f1al\u00f3 que la obra re\u00fane experiencias que le toc\u00f3 vivir o que le contaron, y que escribi\u00f3 en primera persona:\u00a0<b>\u201cVoy a relatar algunas cosas que he vivido, que me han tocado vivir, que me han contado. Es s\u00faper primera persona y me agrad\u00f3 mucho hacerlo y contarlo y dec\u00edrselo a ustedes\u201d.<\/b><\/p>\n<p class=\"paragraph\" data-mrf-recirculation=\"Links inline\">Por \u00faltimo, mostr\u00f3 su entusiasmo mostr\u00e1ndole la tapa a sus seguidores: \u201cAh\u00ed est\u00e1 la tapa, ya la pueden ver. Estoy yo rompi\u00e9ndola, as\u00ed que espero que que les guste, que lo compren, que me va a hacer muy bien que lo compren\u201d.<\/p>\n<div class=\"second-saved-buttons\">\n<div class=\"body-share-note\"><\/div>\n<\/div>\n","protected":false},"excerpt":{"rendered":"<p>El periodista, que este mes comenz\u00f3 un tratamiento experimental contra la enfermedad en Espa\u00f1a, dio la noticia en sus redes sociales Mientras sigue adelante con su tratamiento contra el Parkinson en Espa\u00f1a,\u00a0Emiliano Pins\u00f3n\u00a0comparti\u00f3 una noticia que lo llen\u00f3 de entusiasmo: \u201cEstoy muy contento porque\u00a0acabo de recibir lo que ser\u00e1 en agosto el lanzamiento de mi [&hellip;]<\/p>\n","protected":false},"author":1,"featured_media":3334,"comment_status":"open","ping_status":"open","sticky":false,"template":"","format":"standard","meta":{"rop_custom_images_group":[],"rop_custom_messages_group":[],"rop_publish_now":"initial","rop_publish_now_accounts":[],"rop_publish_now_history":[],"rop_publish_now_status":"pending","footnotes":"","jetpack_publicize_message":"","jetpack_publicize_feature_enabled":true,"jetpack_social_post_already_shared":true,"jetpack_social_options":{"image_generator_settings":{"template":"highway","enabled":false},"version":2}},"categories":[12],"tags":[],"class_list":{"0":"post-3333","1":"post","2":"type-post","3":"status-publish","4":"format-standard","5":"has-post-thumbnail","7":"category-espectaculos"},"jetpack_publicize_connections":[],"yoast_head":"<!-- This site is optimized with the Yoast SEO plugin v27.3 - https:\/\/yoast.com\/product\/yoast-seo-wordpress\/ -->\n<title>Emiliano Pins\u00f3n, en medio de su tratamiento contra el Parkinson, anunci\u00f3 la aparici\u00f3n de su primer libro - CLAN ESPECTACULOS<\/title>\n<meta name=\"robots\" content=\"index, follow, max-snippet:-1, max-image-preview:large, max-video-preview:-1\" \/>\n<link rel=\"canonical\" href=\"https:\/\/radioclanfm.com\/clanespectaculos\/emiliano-pinson-en-medio-de-su-tratamiento-contra-el-parkinson-anuncio-la-aparicion-de-su-primer-libro\/\" \/>\n<meta property=\"og:locale\" content=\"es_ES\" \/>\n<meta property=\"og:type\" content=\"article\" \/>\n<meta property=\"og:title\" content=\"Emiliano Pins\u00f3n, en medio de su tratamiento contra el Parkinson, anunci\u00f3 la aparici\u00f3n de su primer libro - CLAN ESPECTACULOS\" \/>\n<meta property=\"og:description\" content=\"El periodista, que este mes comenz\u00f3 un tratamiento experimental contra la enfermedad en Espa\u00f1a, dio la noticia en sus redes sociales Mientras sigue adelante con su tratamiento contra el Parkinson en Espa\u00f1a,\u00a0Emiliano Pins\u00f3n\u00a0comparti\u00f3 una noticia que lo llen\u00f3 de entusiasmo: \u201cEstoy muy contento porque\u00a0acabo de recibir lo que ser\u00e1 en agosto el lanzamiento de mi [&hellip;]\" \/>\n<meta property=\"og:url\" content=\"https:\/\/radioclanfm.com\/clanespectaculos\/emiliano-pinson-en-medio-de-su-tratamiento-contra-el-parkinson-anuncio-la-aparicion-de-su-primer-libro\/\" \/>\n<meta property=\"og:site_name\" content=\"CLAN ESPECTACULOS\" \/>\n<meta property=\"article:publisher\" content=\"https:\/\/www.facebook.com\/clanespectaculos\/\" \/>\n<meta property=\"article:published_time\" content=\"2025-07-23T01:24:11+00:00\" \/>\n<meta property=\"og:image\" content=\"https:\/\/radioclanfm.com\/clanespectaculos\/wp-content\/uploads\/sites\/2\/2025\/07\/M8LcCxYQ.jpg\" \/>\n\t<meta property=\"og:image:width\" content=\"900\" \/>\n\t<meta property=\"og:image:height\" content=\"450\" \/>\n\t<meta property=\"og:image:type\" content=\"image\/jpeg\" \/>\n<meta name=\"author\" content=\"E-GRUPOCLAN\" \/>\n<meta name=\"twitter:card\" content=\"summary_large_image\" \/>\n<meta name=\"twitter:creator\" content=\"@clanespectok\" \/>\n<meta name=\"twitter:site\" content=\"@clanespectok\" \/>\n<meta name=\"twitter:label1\" content=\"Escrito por\" \/>\n\t<meta name=\"twitter:data1\" content=\"E-GRUPOCLAN\" \/>\n\t<meta name=\"twitter:label2\" content=\"Tiempo de lectura\" \/>\n\t<meta name=\"twitter:data2\" content=\"4 minutos\" \/>\n<script type=\"application\/ld+json\" class=\"yoast-schema-graph\">{\"@context\":\"https:\\\/\\\/schema.org\",\"@graph\":[{\"@type\":\"Article\",\"@id\":\"https:\\\/\\\/radioclanfm.com\\\/clanespectaculos\\\/emiliano-pinson-en-medio-de-su-tratamiento-contra-el-parkinson-anuncio-la-aparicion-de-su-primer-libro\\\/#article\",\"isPartOf\":{\"@id\":\"https:\\\/\\\/radioclanfm.com\\\/clanespectaculos\\\/emiliano-pinson-en-medio-de-su-tratamiento-contra-el-parkinson-anuncio-la-aparicion-de-su-primer-libro\\\/\"},\"author\":{\"name\":\"E-GRUPOCLAN\",\"@id\":\"https:\\\/\\\/radioclanfm.com\\\/clanespectaculos\\\/#\\\/schema\\\/person\\\/9734813083303230f3ad84d99171b20c\"},\"headline\":\"Emiliano Pins\u00f3n, en medio de su tratamiento contra el Parkinson, anunci\u00f3 la aparici\u00f3n de su primer libro\",\"datePublished\":\"2025-07-23T01:24:11+00:00\",\"mainEntityOfPage\":{\"@id\":\"https:\\\/\\\/radioclanfm.com\\\/clanespectaculos\\\/emiliano-pinson-en-medio-de-su-tratamiento-contra-el-parkinson-anuncio-la-aparicion-de-su-primer-libro\\\/\"},\"wordCount\":804,\"commentCount\":0,\"publisher\":{\"@id\":\"https:\\\/\\\/radioclanfm.com\\\/clanespectaculos\\\/#organization\"},\"image\":{\"@id\":\"https:\\\/\\\/radioclanfm.com\\\/clanespectaculos\\\/emiliano-pinson-en-medio-de-su-tratamiento-contra-el-parkinson-anuncio-la-aparicion-de-su-primer-libro\\\/#primaryimage\"},\"thumbnailUrl\":\"https:\\\/\\\/radioclanfm.com\\\/clanespectaculos\\\/wp-content\\\/uploads\\\/sites\\\/2\\\/2025\\\/07\\\/M8LcCxYQ.jpg\",\"articleSection\":[\"Espectaculos\"],\"inLanguage\":\"es-AR\",\"potentialAction\":[{\"@type\":\"CommentAction\",\"name\":\"Comment\",\"target\":[\"https:\\\/\\\/radioclanfm.com\\\/clanespectaculos\\\/emiliano-pinson-en-medio-de-su-tratamiento-contra-el-parkinson-anuncio-la-aparicion-de-su-primer-libro\\\/#respond\"]}]},{\"@type\":\"WebPage\",\"@id\":\"https:\\\/\\\/radioclanfm.com\\\/clanespectaculos\\\/emiliano-pinson-en-medio-de-su-tratamiento-contra-el-parkinson-anuncio-la-aparicion-de-su-primer-libro\\\/\",\"url\":\"https:\\\/\\\/radioclanfm.com\\\/clanespectaculos\\\/emiliano-pinson-en-medio-de-su-tratamiento-contra-el-parkinson-anuncio-la-aparicion-de-su-primer-libro\\\/\",\"name\":\"Emiliano Pins\u00f3n, en medio de su tratamiento contra el Parkinson, anunci\u00f3 la aparici\u00f3n de su primer libro - CLAN ESPECTACULOS\",\"isPartOf\":{\"@id\":\"https:\\\/\\\/radioclanfm.com\\\/clanespectaculos\\\/#website\"},\"primaryImageOfPage\":{\"@id\":\"https:\\\/\\\/radioclanfm.com\\\/clanespectaculos\\\/emiliano-pinson-en-medio-de-su-tratamiento-contra-el-parkinson-anuncio-la-aparicion-de-su-primer-libro\\\/#primaryimage\"},\"image\":{\"@id\":\"https:\\\/\\\/radioclanfm.com\\\/clanespectaculos\\\/emiliano-pinson-en-medio-de-su-tratamiento-contra-el-parkinson-anuncio-la-aparicion-de-su-primer-libro\\\/#primaryimage\"},\"thumbnailUrl\":\"https:\\\/\\\/radioclanfm.com\\\/clanespectaculos\\\/wp-content\\\/uploads\\\/sites\\\/2\\\/2025\\\/07\\\/M8LcCxYQ.jpg\",\"datePublished\":\"2025-07-23T01:24:11+00:00\",\"breadcrumb\":{\"@id\":\"https:\\\/\\\/radioclanfm.com\\\/clanespectaculos\\\/emiliano-pinson-en-medio-de-su-tratamiento-contra-el-parkinson-anuncio-la-aparicion-de-su-primer-libro\\\/#breadcrumb\"},\"inLanguage\":\"es-AR\",\"potentialAction\":[{\"@type\":\"ReadAction\",\"target\":[\"https:\\\/\\\/radioclanfm.com\\\/clanespectaculos\\\/emiliano-pinson-en-medio-de-su-tratamiento-contra-el-parkinson-anuncio-la-aparicion-de-su-primer-libro\\\/\"]}]},{\"@type\":\"ImageObject\",\"inLanguage\":\"es-AR\",\"@id\":\"https:\\\/\\\/radioclanfm.com\\\/clanespectaculos\\\/emiliano-pinson-en-medio-de-su-tratamiento-contra-el-parkinson-anuncio-la-aparicion-de-su-primer-libro\\\/#primaryimage\",\"url\":\"https:\\\/\\\/radioclanfm.com\\\/clanespectaculos\\\/wp-content\\\/uploads\\\/sites\\\/2\\\/2025\\\/07\\\/M8LcCxYQ.jpg\",\"contentUrl\":\"https:\\\/\\\/radioclanfm.com\\\/clanespectaculos\\\/wp-content\\\/uploads\\\/sites\\\/2\\\/2025\\\/07\\\/M8LcCxYQ.jpg\",\"width\":900,\"height\":450},{\"@type\":\"BreadcrumbList\",\"@id\":\"https:\\\/\\\/radioclanfm.com\\\/clanespectaculos\\\/emiliano-pinson-en-medio-de-su-tratamiento-contra-el-parkinson-anuncio-la-aparicion-de-su-primer-libro\\\/#breadcrumb\",\"itemListElement\":[{\"@type\":\"ListItem\",\"position\":1,\"name\":\"Inicio\",\"item\":\"https:\\\/\\\/radioclanfm.com\\\/clanespectaculos\\\/\"},{\"@type\":\"ListItem\",\"position\":2,\"name\":\"Emiliano Pins\u00f3n, en medio de su tratamiento contra el Parkinson, anunci\u00f3 la aparici\u00f3n de su primer libro\"}]},{\"@type\":\"WebSite\",\"@id\":\"https:\\\/\\\/radioclanfm.com\\\/clanespectaculos\\\/#website\",\"url\":\"https:\\\/\\\/radioclanfm.com\\\/clanespectaculos\\\/\",\"name\":\"CLAN ESPECTACULOS\",\"description\":\"\",\"publisher\":{\"@id\":\"https:\\\/\\\/radioclanfm.com\\\/clanespectaculos\\\/#organization\"},\"potentialAction\":[{\"@type\":\"SearchAction\",\"target\":{\"@type\":\"EntryPoint\",\"urlTemplate\":\"https:\\\/\\\/radioclanfm.com\\\/clanespectaculos\\\/?s={search_term_string}\"},\"query-input\":{\"@type\":\"PropertyValueSpecification\",\"valueRequired\":true,\"valueName\":\"search_term_string\"}}],\"inLanguage\":\"es-AR\"},{\"@type\":\"Organization\",\"@id\":\"https:\\\/\\\/radioclanfm.com\\\/clanespectaculos\\\/#organization\",\"name\":\"CLAN ESPECTACULOS\",\"url\":\"https:\\\/\\\/radioclanfm.com\\\/clanespectaculos\\\/\",\"logo\":{\"@type\":\"ImageObject\",\"inLanguage\":\"es-AR\",\"@id\":\"https:\\\/\\\/radioclanfm.com\\\/clanespectaculos\\\/#\\\/schema\\\/logo\\\/image\\\/\",\"url\":\"https:\\\/\\\/radioclanfm.com\\\/clanespectaculos\\\/wp-content\\\/uploads\\\/sites\\\/2\\\/2026\\\/04\\\/ChatGPT-Image-23-mar-2026-10_09_00.png\",\"contentUrl\":\"https:\\\/\\\/radioclanfm.com\\\/clanespectaculos\\\/wp-content\\\/uploads\\\/sites\\\/2\\\/2026\\\/04\\\/ChatGPT-Image-23-mar-2026-10_09_00.png\",\"width\":1024,\"height\":1024,\"caption\":\"CLAN ESPECTACULOS\"},\"image\":{\"@id\":\"https:\\\/\\\/radioclanfm.com\\\/clanespectaculos\\\/#\\\/schema\\\/logo\\\/image\\\/\"},\"sameAs\":[\"https:\\\/\\\/www.facebook.com\\\/clanespectaculos\\\/\",\"https:\\\/\\\/x.com\\\/clanespectok\"]},{\"@type\":\"Person\",\"@id\":\"https:\\\/\\\/radioclanfm.com\\\/clanespectaculos\\\/#\\\/schema\\\/person\\\/9734813083303230f3ad84d99171b20c\",\"name\":\"E-GRUPOCLAN\",\"image\":{\"@type\":\"ImageObject\",\"inLanguage\":\"es-AR\",\"@id\":\"https:\\\/\\\/secure.gravatar.com\\\/avatar\\\/af6e19837c3d6a212034a48c7b3818d2ac1826f6025df0155da5a186ad321d79?s=96&d=mm&r=g\",\"url\":\"https:\\\/\\\/secure.gravatar.com\\\/avatar\\\/af6e19837c3d6a212034a48c7b3818d2ac1826f6025df0155da5a186ad321d79?s=96&d=mm&r=g\",\"contentUrl\":\"https:\\\/\\\/secure.gravatar.com\\\/avatar\\\/af6e19837c3d6a212034a48c7b3818d2ac1826f6025df0155da5a186ad321d79?s=96&d=mm&r=g\",\"caption\":\"E-GRUPOCLAN\"},\"sameAs\":[\"https:\\\/\\\/radioclanfm.com\"],\"url\":\"https:\\\/\\\/radioclanfm.com\\\/clanespectaculos\\\/author\\\/admin\\\/\"}]}<\/script>\n<!-- \/ Yoast SEO plugin. -->","yoast_head_json":{"title":"Emiliano Pins\u00f3n, en medio de su tratamiento contra el Parkinson, anunci\u00f3 la aparici\u00f3n de su primer libro - CLAN ESPECTACULOS","robots":{"index":"index","follow":"follow","max-snippet":"max-snippet:-1","max-image-preview":"max-image-preview:large","max-video-preview":"max-video-preview:-1"},"canonical":"https:\/\/radioclanfm.com\/clanespectaculos\/emiliano-pinson-en-medio-de-su-tratamiento-contra-el-parkinson-anuncio-la-aparicion-de-su-primer-libro\/","og_locale":"es_ES","og_type":"article","og_title":"Emiliano Pins\u00f3n, en medio de su tratamiento contra el Parkinson, anunci\u00f3 la aparici\u00f3n de su primer libro - CLAN ESPECTACULOS","og_description":"El periodista, que este mes comenz\u00f3 un tratamiento experimental contra la enfermedad en Espa\u00f1a, dio la noticia en sus redes sociales Mientras sigue adelante con su tratamiento contra el Parkinson en Espa\u00f1a,\u00a0Emiliano Pins\u00f3n\u00a0comparti\u00f3 una noticia que lo llen\u00f3 de entusiasmo: \u201cEstoy muy contento porque\u00a0acabo de recibir lo que ser\u00e1 en agosto el lanzamiento de mi [&hellip;]","og_url":"https:\/\/radioclanfm.com\/clanespectaculos\/emiliano-pinson-en-medio-de-su-tratamiento-contra-el-parkinson-anuncio-la-aparicion-de-su-primer-libro\/","og_site_name":"CLAN ESPECTACULOS","article_publisher":"https:\/\/www.facebook.com\/clanespectaculos\/","article_published_time":"2025-07-23T01:24:11+00:00","og_image":[{"width":900,"height":450,"url":"https:\/\/radioclanfm.com\/clanespectaculos\/wp-content\/uploads\/sites\/2\/2025\/07\/M8LcCxYQ.jpg","type":"image\/jpeg"}],"author":"E-GRUPOCLAN","twitter_card":"summary_large_image","twitter_creator":"@clanespectok","twitter_site":"@clanespectok","twitter_misc":{"Escrito por":"E-GRUPOCLAN","Tiempo de lectura":"4 minutos"},"schema":{"@context":"https:\/\/schema.org","@graph":[{"@type":"Article","@id":"https:\/\/radioclanfm.com\/clanespectaculos\/emiliano-pinson-en-medio-de-su-tratamiento-contra-el-parkinson-anuncio-la-aparicion-de-su-primer-libro\/#article","isPartOf":{"@id":"https:\/\/radioclanfm.com\/clanespectaculos\/emiliano-pinson-en-medio-de-su-tratamiento-contra-el-parkinson-anuncio-la-aparicion-de-su-primer-libro\/"},"author":{"name":"E-GRUPOCLAN","@id":"https:\/\/radioclanfm.com\/clanespectaculos\/#\/schema\/person\/9734813083303230f3ad84d99171b20c"},"headline":"Emiliano Pins\u00f3n, en medio de su tratamiento contra el Parkinson, anunci\u00f3 la aparici\u00f3n de su primer libro","datePublished":"2025-07-23T01:24:11+00:00","mainEntityOfPage":{"@id":"https:\/\/radioclanfm.com\/clanespectaculos\/emiliano-pinson-en-medio-de-su-tratamiento-contra-el-parkinson-anuncio-la-aparicion-de-su-primer-libro\/"},"wordCount":804,"commentCount":0,"publisher":{"@id":"https:\/\/radioclanfm.com\/clanespectaculos\/#organization"},"image":{"@id":"https:\/\/radioclanfm.com\/clanespectaculos\/emiliano-pinson-en-medio-de-su-tratamiento-contra-el-parkinson-anuncio-la-aparicion-de-su-primer-libro\/#primaryimage"},"thumbnailUrl":"https:\/\/radioclanfm.com\/clanespectaculos\/wp-content\/uploads\/sites\/2\/2025\/07\/M8LcCxYQ.jpg","articleSection":["Espectaculos"],"inLanguage":"es-AR","potentialAction":[{"@type":"CommentAction","name":"Comment","target":["https:\/\/radioclanfm.com\/clanespectaculos\/emiliano-pinson-en-medio-de-su-tratamiento-contra-el-parkinson-anuncio-la-aparicion-de-su-primer-libro\/#respond"]}]},{"@type":"WebPage","@id":"https:\/\/radioclanfm.com\/clanespectaculos\/emiliano-pinson-en-medio-de-su-tratamiento-contra-el-parkinson-anuncio-la-aparicion-de-su-primer-libro\/","url":"https:\/\/radioclanfm.com\/clanespectaculos\/emiliano-pinson-en-medio-de-su-tratamiento-contra-el-parkinson-anuncio-la-aparicion-de-su-primer-libro\/","name":"Emiliano Pins\u00f3n, en medio de su tratamiento contra el Parkinson, anunci\u00f3 la aparici\u00f3n de su primer libro - CLAN ESPECTACULOS","isPartOf":{"@id":"https:\/\/radioclanfm.com\/clanespectaculos\/#website"},"primaryImageOfPage":{"@id":"https:\/\/radioclanfm.com\/clanespectaculos\/emiliano-pinson-en-medio-de-su-tratamiento-contra-el-parkinson-anuncio-la-aparicion-de-su-primer-libro\/#primaryimage"},"image":{"@id":"https:\/\/radioclanfm.com\/clanespectaculos\/emiliano-pinson-en-medio-de-su-tratamiento-contra-el-parkinson-anuncio-la-aparicion-de-su-primer-libro\/#primaryimage"},"thumbnailUrl":"https:\/\/radioclanfm.com\/clanespectaculos\/wp-content\/uploads\/sites\/2\/2025\/07\/M8LcCxYQ.jpg","datePublished":"2025-07-23T01:24:11+00:00","breadcrumb":{"@id":"https:\/\/radioclanfm.com\/clanespectaculos\/emiliano-pinson-en-medio-de-su-tratamiento-contra-el-parkinson-anuncio-la-aparicion-de-su-primer-libro\/#breadcrumb"},"inLanguage":"es-AR","potentialAction":[{"@type":"ReadAction","target":["https:\/\/radioclanfm.com\/clanespectaculos\/emiliano-pinson-en-medio-de-su-tratamiento-contra-el-parkinson-anuncio-la-aparicion-de-su-primer-libro\/"]}]},{"@type":"ImageObject","inLanguage":"es-AR","@id":"https:\/\/radioclanfm.com\/clanespectaculos\/emiliano-pinson-en-medio-de-su-tratamiento-contra-el-parkinson-anuncio-la-aparicion-de-su-primer-libro\/#primaryimage","url":"https:\/\/radioclanfm.com\/clanespectaculos\/wp-content\/uploads\/sites\/2\/2025\/07\/M8LcCxYQ.jpg","contentUrl":"https:\/\/radioclanfm.com\/clanespectaculos\/wp-content\/uploads\/sites\/2\/2025\/07\/M8LcCxYQ.jpg","width":900,"height":450},{"@type":"BreadcrumbList","@id":"https:\/\/radioclanfm.com\/clanespectaculos\/emiliano-pinson-en-medio-de-su-tratamiento-contra-el-parkinson-anuncio-la-aparicion-de-su-primer-libro\/#breadcrumb","itemListElement":[{"@type":"ListItem","position":1,"name":"Inicio","item":"https:\/\/radioclanfm.com\/clanespectaculos\/"},{"@type":"ListItem","position":2,"name":"Emiliano Pins\u00f3n, en medio de su tratamiento contra el Parkinson, anunci\u00f3 la aparici\u00f3n de su primer libro"}]},{"@type":"WebSite","@id":"https:\/\/radioclanfm.com\/clanespectaculos\/#website","url":"https:\/\/radioclanfm.com\/clanespectaculos\/","name":"CLAN ESPECTACULOS","description":"","publisher":{"@id":"https:\/\/radioclanfm.com\/clanespectaculos\/#organization"},"potentialAction":[{"@type":"SearchAction","target":{"@type":"EntryPoint","urlTemplate":"https:\/\/radioclanfm.com\/clanespectaculos\/?s={search_term_string}"},"query-input":{"@type":"PropertyValueSpecification","valueRequired":true,"valueName":"search_term_string"}}],"inLanguage":"es-AR"},{"@type":"Organization","@id":"https:\/\/radioclanfm.com\/clanespectaculos\/#organization","name":"CLAN ESPECTACULOS","url":"https:\/\/radioclanfm.com\/clanespectaculos\/","logo":{"@type":"ImageObject","inLanguage":"es-AR","@id":"https:\/\/radioclanfm.com\/clanespectaculos\/#\/schema\/logo\/image\/","url":"https:\/\/radioclanfm.com\/clanespectaculos\/wp-content\/uploads\/sites\/2\/2026\/04\/ChatGPT-Image-23-mar-2026-10_09_00.png","contentUrl":"https:\/\/radioclanfm.com\/clanespectaculos\/wp-content\/uploads\/sites\/2\/2026\/04\/ChatGPT-Image-23-mar-2026-10_09_00.png","width":1024,"height":1024,"caption":"CLAN ESPECTACULOS"},"image":{"@id":"https:\/\/radioclanfm.com\/clanespectaculos\/#\/schema\/logo\/image\/"},"sameAs":["https:\/\/www.facebook.com\/clanespectaculos\/","https:\/\/x.com\/clanespectok"]},{"@type":"Person","@id":"https:\/\/radioclanfm.com\/clanespectaculos\/#\/schema\/person\/9734813083303230f3ad84d99171b20c","name":"E-GRUPOCLAN","image":{"@type":"ImageObject","inLanguage":"es-AR","@id":"https:\/\/secure.gravatar.com\/avatar\/af6e19837c3d6a212034a48c7b3818d2ac1826f6025df0155da5a186ad321d79?s=96&d=mm&r=g","url":"https:\/\/secure.gravatar.com\/avatar\/af6e19837c3d6a212034a48c7b3818d2ac1826f6025df0155da5a186ad321d79?s=96&d=mm&r=g","contentUrl":"https:\/\/secure.gravatar.com\/avatar\/af6e19837c3d6a212034a48c7b3818d2ac1826f6025df0155da5a186ad321d79?s=96&d=mm&r=g","caption":"E-GRUPOCLAN"},"sameAs":["https:\/\/radioclanfm.com"],"url":"https:\/\/radioclanfm.com\/clanespectaculos\/author\/admin\/"}]}},"_links":{"self":[{"href":"https:\/\/radioclanfm.com\/clanespectaculos\/wp-json\/wp\/v2\/posts\/3333","targetHints":{"allow":["GET"]}}],"collection":[{"href":"https:\/\/radioclanfm.com\/clanespectaculos\/wp-json\/wp\/v2\/posts"}],"about":[{"href":"https:\/\/radioclanfm.com\/clanespectaculos\/wp-json\/wp\/v2\/types\/post"}],"author":[{"embeddable":true,"href":"https:\/\/radioclanfm.com\/clanespectaculos\/wp-json\/wp\/v2\/users\/1"}],"replies":[{"embeddable":true,"href":"https:\/\/radioclanfm.com\/clanespectaculos\/wp-json\/wp\/v2\/comments?post=3333"}],"version-history":[{"count":1,"href":"https:\/\/radioclanfm.com\/clanespectaculos\/wp-json\/wp\/v2\/posts\/3333\/revisions"}],"predecessor-version":[{"id":3335,"href":"https:\/\/radioclanfm.com\/clanespectaculos\/wp-json\/wp\/v2\/posts\/3333\/revisions\/3335"}],"wp:featuredmedia":[{"embeddable":true,"href":"https:\/\/radioclanfm.com\/clanespectaculos\/wp-json\/wp\/v2\/media\/3334"}],"wp:attachment":[{"href":"https:\/\/radioclanfm.com\/clanespectaculos\/wp-json\/wp\/v2\/media?parent=3333"}],"wp:term":[{"taxonomy":"category","embeddable":true,"href":"https:\/\/radioclanfm.com\/clanespectaculos\/wp-json\/wp\/v2\/categories?post=3333"},{"taxonomy":"post_tag","embeddable":true,"href":"https:\/\/radioclanfm.com\/clanespectaculos\/wp-json\/wp\/v2\/tags?post=3333"}],"curies":[{"name":"wp","href":"https:\/\/api.w.org\/{rel}","templated":true}]}}