{"id":3330,"date":"2025-07-22T22:23:03","date_gmt":"2025-07-23T01:23:03","guid":{"rendered":"https:\/\/radioclanfm.com\/clanespectaculos\/?p=3330"},"modified":"2025-07-22T22:23:03","modified_gmt":"2025-07-23T01:23:03","slug":"gimena-accardi-regreso-a-buenos-aires-despues-de-su-viaje-a-europa","status":"publish","type":"post","link":"https:\/\/radioclanfm.com\/clanespectaculos\/gimena-accardi-regreso-a-buenos-aires-despues-de-su-viaje-a-europa\/","title":{"rendered":"Gimena Accardi regres\u00f3 a Buenos Aires despu\u00e9s de su viaje a Europa"},"content":{"rendered":"<p>La actriz volvi\u00f3 al pa\u00eds luego de dos semanas en el extranjero, tras su separaci\u00f3n de Nicol\u00e1s V\u00e1zquez, y anunci\u00f3 su participaci\u00f3n en un programa de streaming<\/p>\n<p class=\"paragraph\" data-mrf-recirculation=\"Links inline\">Luego de casi dos semanas en el extranjero,\u00a0<i><b>Gimena Accardi<\/b><\/i>\u00a0volvi\u00f3 a instalarse en Buenos Aires. La actriz, que hab\u00eda viajado a Espa\u00f1a tras su separaci\u00f3n de\u00a0<i><b>Nicol\u00e1s V\u00e1zquez<\/b><\/i>, confirm\u00f3 su regreso con una historia en su cuenta de Instagram. Desde la ventanilla de un avi\u00f3n y con una postal a\u00e9rea del anochecer porte\u00f1o, escribi\u00f3:\u00a0<b>\u201cYa estoy en Buenos Aires, y ma\u00f1ana nos vemos en OLGA a las 10am\u201d<\/b>. As\u00ed, tambi\u00e9n anunci\u00f3 su participaci\u00f3n en el programa que conduce\u00a0<b>Migue Granados<\/b>,\u00a0<i>So\u00f1\u00e9 que volaba<\/i>, donde compartir\u00e1 mesa con\u00a0<b>Lucas Fridman<\/b>\u00a0y\u00a0<b>Benjam\u00edn Amadeo<\/b>.<\/p>\n<div class=\"news-module\" data-mrf-recirculation=\"IL_Ct0zZTd2RqSjHGMXsLzz7w\" data-testid=\"text-html\" data-mrf-experience=\"IL_Ct0zZTd2RqSjHGMXsLzz7w\">\n<div class=\"recommended-card__image-container\"><\/div>\n<\/div>\n<p class=\"paragraph\" data-mrf-recirculation=\"Links inline\">Durante su estad\u00eda en Europa, Accardi busc\u00f3 refugio en el anonimato madrile\u00f1o. El viaje coincidi\u00f3 con el cierre de un ciclo personal de 18 a\u00f1os. \u201cTodav\u00eda lo estamos asimilando, obviamente, estamos en pleno proceso\u201d, hab\u00eda declarado la actriz a su paso por el Aeropuerto de Ezeiza, en una entrevista con\u00a0<i>Intrusos<\/i>\u00a0(Am\u00e9rica TV). En ese momento, y pese a la presi\u00f3n medi\u00e1tica, confirm\u00f3 que manten\u00eda una relaci\u00f3n de di\u00e1logo y respeto con su expareja.\u00a0<b>\u201cVi\u00e9ndonos, hablando todos los d\u00edas, en total comunicaci\u00f3n&#8230; llam\u00e1ndonos como lo que somos y lo que fuimos. Siempre una pareja hermosa, con respeto y amor\u201d<\/b>, se\u00f1al\u00f3.<\/p>\n<div class=\"visual__image\"><picture><source srcset=\"https:\/\/www.infobae.com\/resizer\/v2\/DY5MJCXONRGNBPJNDS6JSGWQUA.png?auth=7dc99adbdb6d24874dc1705f5772035c277c8f293e75a97f8a4242e02774d267&amp;smart=true&amp;width=992&amp;height=1767&amp;quality=85\" media=\"(min-width: 1000px)\" \/><source srcset=\"https:\/\/www.infobae.com\/resizer\/v2\/DY5MJCXONRGNBPJNDS6JSGWQUA.png?auth=7dc99adbdb6d24874dc1705f5772035c277c8f293e75a97f8a4242e02774d267&amp;smart=true&amp;width=768&amp;height=1368&amp;quality=85\" media=\"(min-width: 768px)\" \/><source srcset=\"https:\/\/www.infobae.com\/resizer\/v2\/DY5MJCXONRGNBPJNDS6JSGWQUA.png?auth=7dc99adbdb6d24874dc1705f5772035c277c8f293e75a97f8a4242e02774d267&amp;smart=true&amp;width=577&amp;height=1028&amp;quality=85\" media=\"(min-width: 580px)\" \/><source srcset=\"https:\/\/www.infobae.com\/resizer\/v2\/DY5MJCXONRGNBPJNDS6JSGWQUA.png?auth=7dc99adbdb6d24874dc1705f5772035c277c8f293e75a97f8a4242e02774d267&amp;smart=true&amp;width=420&amp;height=748&amp;quality=85\" media=\"(min-width: 350px)\" \/><source srcset=\"https:\/\/www.infobae.com\/resizer\/v2\/DY5MJCXONRGNBPJNDS6JSGWQUA.png?auth=7dc99adbdb6d24874dc1705f5772035c277c8f293e75a97f8a4242e02774d267&amp;smart=true&amp;width=350&amp;height=624&amp;quality=85\" media=\"(min-width: 80px)\" \/><img loading=\"lazy\" decoding=\"async\" class=\"global-image\" src=\"https:\/\/www.infobae.com\/resizer\/v2\/DY5MJCXONRGNBPJNDS6JSGWQUA.png?auth=7dc99adbdb6d24874dc1705f5772035c277c8f293e75a97f8a4242e02774d267&amp;smart=true&amp;width=350&amp;height=624&amp;quality=85\" alt=\"Tras su viaje por Europa\" width=\"476\" height=\"848\" \/><\/picture>Tras su viaje por Europa y en medio de un proceso personal, la actriz confirm\u00f3 su regreso y sorprendi\u00f3 a sus seguidores con la noticia de su participaci\u00f3n en el ciclo &#8220;So\u00f1\u00e9 que volaba&#8221; junto a Migue Granados<\/div>\n<div class=\"inline ad-wrapper\">\n<div class=\"dfpAd ad-inline\">\n<div id=\"infobae\/teleshow\/nota\/inline\" class=\"infobae\/teleshow\/nota\/inline arcad\" data-google-query-id=\"CODtstbo0Y4DFTFU3QId1CgqMA\">\n<div id=\"google_ads_iframe_\/1058609\/infobae\/teleshow\/nota\/inline_0__container__\"><\/div>\n<\/div>\n<\/div>\n<\/div>\n<p class=\"paragraph\" data-mrf-recirculation=\"Links inline\"><b>Madrid<\/b>\u00a0fue la primera parada. All\u00ed, se dej\u00f3 ver en el barrio de\u00a0<b>Chueca<\/b>, donde disfrut\u00f3 de la gastronom\u00eda local y se retrat\u00f3 con una ensalada de tomates, pepino, mango, palta, cebolla morada y aderezo de oliva con hierbas. Tambi\u00e9n comparti\u00f3 una selfie frente al espejo luciendo una musculosa marr\u00f3n y mostr\u00f3 su recorrido por la\u00a0<b>Gran V\u00eda<\/b>, uno de los principales paseos comerciales de la ciudad. En la terraza de un bar boutique, se tom\u00f3 una fotograf\u00eda mientras le\u00eda un libro y tomaba vino blanco, escapando de las c\u00e1maras y los rumores.<\/p>\n<div class=\"news-module\" data-mrf-recirculation=\"IL_RjJ8XQ94SCCdND4VX9YvyQ\" data-testid=\"text-html\" data-mrf-experience=\"IL_RjJ8XQ94SCCdND4VX9YvyQ\">\n<div class=\"recommended-card__image-container\"><\/div>\n<\/div>\n<p class=\"paragraph\" data-mrf-recirculation=\"Links inline\">D\u00edas m\u00e1s tarde, asisti\u00f3 al reencuentro de\u00a0<b>Erreway<\/b>, el grupo musical nacido de la tira\u00a0<i>Rebelde Way<\/i>, en su show en Madrid. La actriz, que comparti\u00f3 elenco con los integrantes del grupo en distintas etapas, public\u00f3 un video desde el p\u00fablico cantando a todo pulm\u00f3n los cl\u00e1sicos del cuarteto.\u00a0<b>\u201cQu\u00e9 emoci\u00f3n verlos volver\u201d<\/b>, escribi\u00f3. Luego agreg\u00f3: \u201cMe pone tan feliz por ustedes, es tan lindo verlos juntos disfrutando algo tan \u00e9pico, los quiero mucho\u201d.<\/p>\n<div class=\"visual__image\"><picture><source srcset=\"https:\/\/www.infobae.com\/resizer\/v2\/45U67RQX7RELDE3F5BNPOGZTKU.jpg?auth=fb9ce6c4f015549429b7bd09a579acb63d26379ef6b2d8e05a4474ad47cd921c&amp;smart=true&amp;width=992&amp;height=1763&amp;quality=85\" media=\"(min-width: 1000px)\" \/><source srcset=\"https:\/\/www.infobae.com\/resizer\/v2\/45U67RQX7RELDE3F5BNPOGZTKU.jpg?auth=fb9ce6c4f015549429b7bd09a579acb63d26379ef6b2d8e05a4474ad47cd921c&amp;smart=true&amp;width=768&amp;height=1365&amp;quality=85\" media=\"(min-width: 768px)\" \/><source srcset=\"https:\/\/www.infobae.com\/resizer\/v2\/45U67RQX7RELDE3F5BNPOGZTKU.jpg?auth=fb9ce6c4f015549429b7bd09a579acb63d26379ef6b2d8e05a4474ad47cd921c&amp;smart=true&amp;width=577&amp;height=1025&amp;quality=85\" media=\"(min-width: 580px)\" \/><source srcset=\"https:\/\/www.infobae.com\/resizer\/v2\/45U67RQX7RELDE3F5BNPOGZTKU.jpg?auth=fb9ce6c4f015549429b7bd09a579acb63d26379ef6b2d8e05a4474ad47cd921c&amp;smart=true&amp;width=420&amp;height=746&amp;quality=85\" media=\"(min-width: 350px)\" \/><source srcset=\"https:\/\/www.infobae.com\/resizer\/v2\/45U67RQX7RELDE3F5BNPOGZTKU.jpg?auth=fb9ce6c4f015549429b7bd09a579acb63d26379ef6b2d8e05a4474ad47cd921c&amp;smart=true&amp;width=350&amp;height=622&amp;quality=85\" media=\"(min-width: 80px)\" \/><img loading=\"lazy\" decoding=\"async\" class=\"global-image\" src=\"https:\/\/www.infobae.com\/resizer\/v2\/45U67RQX7RELDE3F5BNPOGZTKU.jpg?auth=fb9ce6c4f015549429b7bd09a579acb63d26379ef6b2d8e05a4474ad47cd921c&amp;smart=true&amp;width=350&amp;height=622&amp;quality=85\" alt=\"La actriz comparti\u00f3 detalles de\" width=\"1320\" height=\"2346\" \/><\/picture>La actriz comparti\u00f3 detalles de su estad\u00eda en Madrid y Marbella, donde busc\u00f3 privacidad tras su separaci\u00f3n de Nicol\u00e1s V\u00e1zquez (Instagram)<\/div>\n<div class=\"inline_2_DSK ad-wrapper ad-desktop\">\n<div class=\"dfpAd ad-inline\"><\/div>\n<\/div>\n<p class=\"paragraph\" data-mrf-recirculation=\"Links inline\">En esa misma publicaci\u00f3n, se la vio emocionada, de pie entre los asistentes, grabando cada momento con su celular. Horas m\u00e1s tarde,\u00a0<b>Benjam\u00edn Rojas<\/b>\u00a0\u2014uno de los protagonistas del show\u2014 le respondi\u00f3 en Instagram: \u201cQu\u00e9 lindo cruzarnos Gime, gracias por tus palabras\u201d, acompa\u00f1ando el mensaje con un emoji de beso con coraz\u00f3n. La noche cerr\u00f3 con un layout de fotos que Accardi subi\u00f3 a sus redes, en las que pos\u00f3 sonriente junto a\u00a0<b>Camila Bordonaba<\/b>,\u00a0<b>Felipe Colombo<\/b>\u00a0y el propio Rojas.<\/p>\n<div class=\"news-module\" data-mrf-recirculation=\"IL_wPVu_IE4S76a5Gsl0lX8mA\" data-testid=\"text-html\" data-mrf-experience=\"IL_wPVu_IE4S76a5Gsl0lX8mA\">\n<div class=\"recommended-card__image-container\"><\/div>\n<\/div>\n<p class=\"paragraph\" data-mrf-recirculation=\"Links inline\">Despu\u00e9s del recital, Accardi se traslad\u00f3 al sur del pa\u00eds. En\u00a0<b>Marbella<\/b>, comparti\u00f3 postales recorriendo las calles adoquinadas, con paredes blancas, \u00e1rboles y rejas en las ventanas. All\u00ed visti\u00f3 un vestido corto de tirantes marr\u00f3n oscuro y una camisa con estampado geom\u00e9trico en tonos beige. Tambi\u00e9n luci\u00f3 una mochila negra, peque\u00f1os broches en el cabello y mostr\u00f3 algunos de sus tatuajes, como la media luna cerca del codo y el dise\u00f1o floral en la parte superior del brazo.<\/p>\n<div class=\"visual__image\"><picture><source srcset=\"https:\/\/www.infobae.com\/resizer\/v2\/RY2FP7ZMEBG6DHXY4FS4LMVQXM.jpg?auth=5554872c29f61f6c301b3fbf9b43e5a67a997169181a62bacd6dc4ad93ae40ed&amp;smart=true&amp;width=992&amp;height=1763&amp;quality=85\" media=\"(min-width: 1000px)\" \/><source srcset=\"https:\/\/www.infobae.com\/resizer\/v2\/RY2FP7ZMEBG6DHXY4FS4LMVQXM.jpg?auth=5554872c29f61f6c301b3fbf9b43e5a67a997169181a62bacd6dc4ad93ae40ed&amp;smart=true&amp;width=768&amp;height=1365&amp;quality=85\" media=\"(min-width: 768px)\" \/><source srcset=\"https:\/\/www.infobae.com\/resizer\/v2\/RY2FP7ZMEBG6DHXY4FS4LMVQXM.jpg?auth=5554872c29f61f6c301b3fbf9b43e5a67a997169181a62bacd6dc4ad93ae40ed&amp;smart=true&amp;width=577&amp;height=1025&amp;quality=85\" media=\"(min-width: 580px)\" \/><source srcset=\"https:\/\/www.infobae.com\/resizer\/v2\/RY2FP7ZMEBG6DHXY4FS4LMVQXM.jpg?auth=5554872c29f61f6c301b3fbf9b43e5a67a997169181a62bacd6dc4ad93ae40ed&amp;smart=true&amp;width=420&amp;height=746&amp;quality=85\" media=\"(min-width: 350px)\" \/><source srcset=\"https:\/\/www.infobae.com\/resizer\/v2\/RY2FP7ZMEBG6DHXY4FS4LMVQXM.jpg?auth=5554872c29f61f6c301b3fbf9b43e5a67a997169181a62bacd6dc4ad93ae40ed&amp;smart=true&amp;width=350&amp;height=622&amp;quality=85\" media=\"(min-width: 80px)\" \/><img loading=\"lazy\" decoding=\"async\" class=\"global-image\" src=\"https:\/\/www.infobae.com\/resizer\/v2\/RY2FP7ZMEBG6DHXY4FS4LMVQXM.jpg?auth=5554872c29f61f6c301b3fbf9b43e5a67a997169181a62bacd6dc4ad93ae40ed&amp;smart=true&amp;width=350&amp;height=622&amp;quality=85\" alt=\"Durante su viaje, la actriz\" width=\"1320\" height=\"2346\" \/><\/picture>Durante su viaje, la actriz particip\u00f3 en la festividad de la Virgen del Carmen en M\u00e1laga y comparti\u00f3 su experiencia en redes sociales<\/div>\n<p class=\"paragraph\" data-mrf-recirculation=\"Links inline\">En otro tramo de su viaje, la actriz particip\u00f3 de una de las festividades religiosas m\u00e1s tradicionales de la regi\u00f3n: el\u00a0<b>D\u00eda de la Virgen del Carmen<\/b>, celebrado en\u00a0<b>M\u00e1laga<\/b>. A trav\u00e9s de una serie de im\u00e1genes y videos, mostr\u00f3 su cercan\u00eda con la comunidad local y su inter\u00e9s por las costumbres del lugar. Estuvo presente en la procesi\u00f3n y document\u00f3 la emotiva escena en la que la imagen de la Virgen fue paseada por la bah\u00eda en una barca decorada, un gesto que emocion\u00f3 a muchos de los presentes y a la propia actriz.<\/p>\n<div class=\"second-saved-buttons\">\n<div class=\"body-share-note\"><\/div>\n<\/div>\n","protected":false},"excerpt":{"rendered":"<p>La actriz volvi\u00f3 al pa\u00eds luego de dos semanas en el extranjero, tras su separaci\u00f3n de Nicol\u00e1s V\u00e1zquez, y anunci\u00f3 su participaci\u00f3n en un programa de streaming Luego de casi dos semanas en el extranjero,\u00a0Gimena Accardi\u00a0volvi\u00f3 a instalarse en Buenos Aires. La actriz, que hab\u00eda viajado a Espa\u00f1a tras su separaci\u00f3n de\u00a0Nicol\u00e1s V\u00e1zquez, confirm\u00f3 su [&hellip;]<\/p>\n","protected":false},"author":1,"featured_media":3331,"comment_status":"open","ping_status":"open","sticky":false,"template":"","format":"standard","meta":{"rop_custom_images_group":[],"rop_custom_messages_group":[],"rop_publish_now":"initial","rop_publish_now_accounts":[],"rop_publish_now_history":[],"rop_publish_now_status":"pending","footnotes":"","jetpack_publicize_message":"","jetpack_publicize_feature_enabled":true,"jetpack_social_post_already_shared":true,"jetpack_social_options":{"image_generator_settings":{"template":"highway","enabled":false},"version":2}},"categories":[12],"tags":[],"class_list":{"0":"post-3330","1":"post","2":"type-post","3":"status-publish","4":"format-standard","5":"has-post-thumbnail","7":"category-espectaculos"},"jetpack_publicize_connections":[],"yoast_head":"<!-- This site is optimized with the Yoast SEO plugin v27.3 - https:\/\/yoast.com\/product\/yoast-seo-wordpress\/ -->\n<title>Gimena Accardi regres\u00f3 a Buenos Aires despu\u00e9s de su viaje a Europa - CLAN ESPECTACULOS<\/title>\n<meta name=\"robots\" content=\"index, follow, max-snippet:-1, max-image-preview:large, max-video-preview:-1\" \/>\n<link rel=\"canonical\" href=\"https:\/\/radioclanfm.com\/clanespectaculos\/gimena-accardi-regreso-a-buenos-aires-despues-de-su-viaje-a-europa\/\" \/>\n<meta property=\"og:locale\" content=\"es_ES\" \/>\n<meta property=\"og:type\" content=\"article\" \/>\n<meta property=\"og:title\" content=\"Gimena Accardi regres\u00f3 a Buenos Aires despu\u00e9s de su viaje a Europa - CLAN ESPECTACULOS\" \/>\n<meta property=\"og:description\" content=\"La actriz volvi\u00f3 al pa\u00eds luego de dos semanas en el extranjero, tras su separaci\u00f3n de Nicol\u00e1s V\u00e1zquez, y anunci\u00f3 su participaci\u00f3n en un programa de streaming Luego de casi dos semanas en el extranjero,\u00a0Gimena Accardi\u00a0volvi\u00f3 a instalarse en Buenos Aires. La actriz, que hab\u00eda viajado a Espa\u00f1a tras su separaci\u00f3n de\u00a0Nicol\u00e1s V\u00e1zquez, confirm\u00f3 su [&hellip;]\" \/>\n<meta property=\"og:url\" content=\"https:\/\/radioclanfm.com\/clanespectaculos\/gimena-accardi-regreso-a-buenos-aires-despues-de-su-viaje-a-europa\/\" \/>\n<meta property=\"og:site_name\" content=\"CLAN ESPECTACULOS\" \/>\n<meta property=\"article:publisher\" content=\"https:\/\/www.facebook.com\/clanespectaculos\/\" \/>\n<meta property=\"article:published_time\" content=\"2025-07-23T01:23:03+00:00\" \/>\n<meta property=\"og:image\" content=\"https:\/\/radioclanfm.com\/clanespectaculos\/wp-content\/uploads\/sites\/2\/2025\/07\/9XDQHO6P.jpg\" \/>\n\t<meta property=\"og:image:width\" content=\"900\" \/>\n\t<meta property=\"og:image:height\" content=\"450\" \/>\n\t<meta property=\"og:image:type\" content=\"image\/jpeg\" \/>\n<meta name=\"author\" content=\"E-GRUPOCLAN\" \/>\n<meta name=\"twitter:card\" content=\"summary_large_image\" \/>\n<meta name=\"twitter:creator\" content=\"@clanespectok\" \/>\n<meta name=\"twitter:site\" content=\"@clanespectok\" \/>\n<meta name=\"twitter:label1\" content=\"Escrito por\" \/>\n\t<meta name=\"twitter:data1\" content=\"E-GRUPOCLAN\" \/>\n\t<meta name=\"twitter:label2\" content=\"Tiempo de lectura\" \/>\n\t<meta name=\"twitter:data2\" content=\"4 minutos\" \/>\n<script type=\"application\/ld+json\" class=\"yoast-schema-graph\">{\"@context\":\"https:\\\/\\\/schema.org\",\"@graph\":[{\"@type\":\"Article\",\"@id\":\"https:\\\/\\\/radioclanfm.com\\\/clanespectaculos\\\/gimena-accardi-regreso-a-buenos-aires-despues-de-su-viaje-a-europa\\\/#article\",\"isPartOf\":{\"@id\":\"https:\\\/\\\/radioclanfm.com\\\/clanespectaculos\\\/gimena-accardi-regreso-a-buenos-aires-despues-de-su-viaje-a-europa\\\/\"},\"author\":{\"name\":\"E-GRUPOCLAN\",\"@id\":\"https:\\\/\\\/radioclanfm.com\\\/clanespectaculos\\\/#\\\/schema\\\/person\\\/9734813083303230f3ad84d99171b20c\"},\"headline\":\"Gimena Accardi regres\u00f3 a Buenos Aires despu\u00e9s de su viaje a Europa\",\"datePublished\":\"2025-07-23T01:23:03+00:00\",\"mainEntityOfPage\":{\"@id\":\"https:\\\/\\\/radioclanfm.com\\\/clanespectaculos\\\/gimena-accardi-regreso-a-buenos-aires-despues-de-su-viaje-a-europa\\\/\"},\"wordCount\":809,\"commentCount\":0,\"publisher\":{\"@id\":\"https:\\\/\\\/radioclanfm.com\\\/clanespectaculos\\\/#organization\"},\"image\":{\"@id\":\"https:\\\/\\\/radioclanfm.com\\\/clanespectaculos\\\/gimena-accardi-regreso-a-buenos-aires-despues-de-su-viaje-a-europa\\\/#primaryimage\"},\"thumbnailUrl\":\"https:\\\/\\\/radioclanfm.com\\\/clanespectaculos\\\/wp-content\\\/uploads\\\/sites\\\/2\\\/2025\\\/07\\\/9XDQHO6P.jpg\",\"articleSection\":[\"Espectaculos\"],\"inLanguage\":\"es-AR\",\"potentialAction\":[{\"@type\":\"CommentAction\",\"name\":\"Comment\",\"target\":[\"https:\\\/\\\/radioclanfm.com\\\/clanespectaculos\\\/gimena-accardi-regreso-a-buenos-aires-despues-de-su-viaje-a-europa\\\/#respond\"]}]},{\"@type\":\"WebPage\",\"@id\":\"https:\\\/\\\/radioclanfm.com\\\/clanespectaculos\\\/gimena-accardi-regreso-a-buenos-aires-despues-de-su-viaje-a-europa\\\/\",\"url\":\"https:\\\/\\\/radioclanfm.com\\\/clanespectaculos\\\/gimena-accardi-regreso-a-buenos-aires-despues-de-su-viaje-a-europa\\\/\",\"name\":\"Gimena Accardi regres\u00f3 a Buenos Aires despu\u00e9s de su viaje a Europa - CLAN ESPECTACULOS\",\"isPartOf\":{\"@id\":\"https:\\\/\\\/radioclanfm.com\\\/clanespectaculos\\\/#website\"},\"primaryImageOfPage\":{\"@id\":\"https:\\\/\\\/radioclanfm.com\\\/clanespectaculos\\\/gimena-accardi-regreso-a-buenos-aires-despues-de-su-viaje-a-europa\\\/#primaryimage\"},\"image\":{\"@id\":\"https:\\\/\\\/radioclanfm.com\\\/clanespectaculos\\\/gimena-accardi-regreso-a-buenos-aires-despues-de-su-viaje-a-europa\\\/#primaryimage\"},\"thumbnailUrl\":\"https:\\\/\\\/radioclanfm.com\\\/clanespectaculos\\\/wp-content\\\/uploads\\\/sites\\\/2\\\/2025\\\/07\\\/9XDQHO6P.jpg\",\"datePublished\":\"2025-07-23T01:23:03+00:00\",\"breadcrumb\":{\"@id\":\"https:\\\/\\\/radioclanfm.com\\\/clanespectaculos\\\/gimena-accardi-regreso-a-buenos-aires-despues-de-su-viaje-a-europa\\\/#breadcrumb\"},\"inLanguage\":\"es-AR\",\"potentialAction\":[{\"@type\":\"ReadAction\",\"target\":[\"https:\\\/\\\/radioclanfm.com\\\/clanespectaculos\\\/gimena-accardi-regreso-a-buenos-aires-despues-de-su-viaje-a-europa\\\/\"]}]},{\"@type\":\"ImageObject\",\"inLanguage\":\"es-AR\",\"@id\":\"https:\\\/\\\/radioclanfm.com\\\/clanespectaculos\\\/gimena-accardi-regreso-a-buenos-aires-despues-de-su-viaje-a-europa\\\/#primaryimage\",\"url\":\"https:\\\/\\\/radioclanfm.com\\\/clanespectaculos\\\/wp-content\\\/uploads\\\/sites\\\/2\\\/2025\\\/07\\\/9XDQHO6P.jpg\",\"contentUrl\":\"https:\\\/\\\/radioclanfm.com\\\/clanespectaculos\\\/wp-content\\\/uploads\\\/sites\\\/2\\\/2025\\\/07\\\/9XDQHO6P.jpg\",\"width\":900,\"height\":450},{\"@type\":\"BreadcrumbList\",\"@id\":\"https:\\\/\\\/radioclanfm.com\\\/clanespectaculos\\\/gimena-accardi-regreso-a-buenos-aires-despues-de-su-viaje-a-europa\\\/#breadcrumb\",\"itemListElement\":[{\"@type\":\"ListItem\",\"position\":1,\"name\":\"Inicio\",\"item\":\"https:\\\/\\\/radioclanfm.com\\\/clanespectaculos\\\/\"},{\"@type\":\"ListItem\",\"position\":2,\"name\":\"Gimena Accardi regres\u00f3 a Buenos Aires despu\u00e9s de su viaje a Europa\"}]},{\"@type\":\"WebSite\",\"@id\":\"https:\\\/\\\/radioclanfm.com\\\/clanespectaculos\\\/#website\",\"url\":\"https:\\\/\\\/radioclanfm.com\\\/clanespectaculos\\\/\",\"name\":\"CLAN ESPECTACULOS\",\"description\":\"\",\"publisher\":{\"@id\":\"https:\\\/\\\/radioclanfm.com\\\/clanespectaculos\\\/#organization\"},\"potentialAction\":[{\"@type\":\"SearchAction\",\"target\":{\"@type\":\"EntryPoint\",\"urlTemplate\":\"https:\\\/\\\/radioclanfm.com\\\/clanespectaculos\\\/?s={search_term_string}\"},\"query-input\":{\"@type\":\"PropertyValueSpecification\",\"valueRequired\":true,\"valueName\":\"search_term_string\"}}],\"inLanguage\":\"es-AR\"},{\"@type\":\"Organization\",\"@id\":\"https:\\\/\\\/radioclanfm.com\\\/clanespectaculos\\\/#organization\",\"name\":\"CLAN ESPECTACULOS\",\"url\":\"https:\\\/\\\/radioclanfm.com\\\/clanespectaculos\\\/\",\"logo\":{\"@type\":\"ImageObject\",\"inLanguage\":\"es-AR\",\"@id\":\"https:\\\/\\\/radioclanfm.com\\\/clanespectaculos\\\/#\\\/schema\\\/logo\\\/image\\\/\",\"url\":\"https:\\\/\\\/radioclanfm.com\\\/clanespectaculos\\\/wp-content\\\/uploads\\\/sites\\\/2\\\/2026\\\/04\\\/ChatGPT-Image-23-mar-2026-10_09_00.png\",\"contentUrl\":\"https:\\\/\\\/radioclanfm.com\\\/clanespectaculos\\\/wp-content\\\/uploads\\\/sites\\\/2\\\/2026\\\/04\\\/ChatGPT-Image-23-mar-2026-10_09_00.png\",\"width\":1024,\"height\":1024,\"caption\":\"CLAN ESPECTACULOS\"},\"image\":{\"@id\":\"https:\\\/\\\/radioclanfm.com\\\/clanespectaculos\\\/#\\\/schema\\\/logo\\\/image\\\/\"},\"sameAs\":[\"https:\\\/\\\/www.facebook.com\\\/clanespectaculos\\\/\",\"https:\\\/\\\/x.com\\\/clanespectok\"]},{\"@type\":\"Person\",\"@id\":\"https:\\\/\\\/radioclanfm.com\\\/clanespectaculos\\\/#\\\/schema\\\/person\\\/9734813083303230f3ad84d99171b20c\",\"name\":\"E-GRUPOCLAN\",\"image\":{\"@type\":\"ImageObject\",\"inLanguage\":\"es-AR\",\"@id\":\"https:\\\/\\\/secure.gravatar.com\\\/avatar\\\/af6e19837c3d6a212034a48c7b3818d2ac1826f6025df0155da5a186ad321d79?s=96&d=mm&r=g\",\"url\":\"https:\\\/\\\/secure.gravatar.com\\\/avatar\\\/af6e19837c3d6a212034a48c7b3818d2ac1826f6025df0155da5a186ad321d79?s=96&d=mm&r=g\",\"contentUrl\":\"https:\\\/\\\/secure.gravatar.com\\\/avatar\\\/af6e19837c3d6a212034a48c7b3818d2ac1826f6025df0155da5a186ad321d79?s=96&d=mm&r=g\",\"caption\":\"E-GRUPOCLAN\"},\"sameAs\":[\"https:\\\/\\\/radioclanfm.com\"],\"url\":\"https:\\\/\\\/radioclanfm.com\\\/clanespectaculos\\\/author\\\/admin\\\/\"}]}<\/script>\n<!-- \/ Yoast SEO plugin. -->","yoast_head_json":{"title":"Gimena Accardi regres\u00f3 a Buenos Aires despu\u00e9s de su viaje a Europa - CLAN ESPECTACULOS","robots":{"index":"index","follow":"follow","max-snippet":"max-snippet:-1","max-image-preview":"max-image-preview:large","max-video-preview":"max-video-preview:-1"},"canonical":"https:\/\/radioclanfm.com\/clanespectaculos\/gimena-accardi-regreso-a-buenos-aires-despues-de-su-viaje-a-europa\/","og_locale":"es_ES","og_type":"article","og_title":"Gimena Accardi regres\u00f3 a Buenos Aires despu\u00e9s de su viaje a Europa - CLAN ESPECTACULOS","og_description":"La actriz volvi\u00f3 al pa\u00eds luego de dos semanas en el extranjero, tras su separaci\u00f3n de Nicol\u00e1s V\u00e1zquez, y anunci\u00f3 su participaci\u00f3n en un programa de streaming Luego de casi dos semanas en el extranjero,\u00a0Gimena Accardi\u00a0volvi\u00f3 a instalarse en Buenos Aires. La actriz, que hab\u00eda viajado a Espa\u00f1a tras su separaci\u00f3n de\u00a0Nicol\u00e1s V\u00e1zquez, confirm\u00f3 su [&hellip;]","og_url":"https:\/\/radioclanfm.com\/clanespectaculos\/gimena-accardi-regreso-a-buenos-aires-despues-de-su-viaje-a-europa\/","og_site_name":"CLAN ESPECTACULOS","article_publisher":"https:\/\/www.facebook.com\/clanespectaculos\/","article_published_time":"2025-07-23T01:23:03+00:00","og_image":[{"width":900,"height":450,"url":"https:\/\/radioclanfm.com\/clanespectaculos\/wp-content\/uploads\/sites\/2\/2025\/07\/9XDQHO6P.jpg","type":"image\/jpeg"}],"author":"E-GRUPOCLAN","twitter_card":"summary_large_image","twitter_creator":"@clanespectok","twitter_site":"@clanespectok","twitter_misc":{"Escrito por":"E-GRUPOCLAN","Tiempo de lectura":"4 minutos"},"schema":{"@context":"https:\/\/schema.org","@graph":[{"@type":"Article","@id":"https:\/\/radioclanfm.com\/clanespectaculos\/gimena-accardi-regreso-a-buenos-aires-despues-de-su-viaje-a-europa\/#article","isPartOf":{"@id":"https:\/\/radioclanfm.com\/clanespectaculos\/gimena-accardi-regreso-a-buenos-aires-despues-de-su-viaje-a-europa\/"},"author":{"name":"E-GRUPOCLAN","@id":"https:\/\/radioclanfm.com\/clanespectaculos\/#\/schema\/person\/9734813083303230f3ad84d99171b20c"},"headline":"Gimena Accardi regres\u00f3 a Buenos Aires despu\u00e9s de su viaje a Europa","datePublished":"2025-07-23T01:23:03+00:00","mainEntityOfPage":{"@id":"https:\/\/radioclanfm.com\/clanespectaculos\/gimena-accardi-regreso-a-buenos-aires-despues-de-su-viaje-a-europa\/"},"wordCount":809,"commentCount":0,"publisher":{"@id":"https:\/\/radioclanfm.com\/clanespectaculos\/#organization"},"image":{"@id":"https:\/\/radioclanfm.com\/clanespectaculos\/gimena-accardi-regreso-a-buenos-aires-despues-de-su-viaje-a-europa\/#primaryimage"},"thumbnailUrl":"https:\/\/radioclanfm.com\/clanespectaculos\/wp-content\/uploads\/sites\/2\/2025\/07\/9XDQHO6P.jpg","articleSection":["Espectaculos"],"inLanguage":"es-AR","potentialAction":[{"@type":"CommentAction","name":"Comment","target":["https:\/\/radioclanfm.com\/clanespectaculos\/gimena-accardi-regreso-a-buenos-aires-despues-de-su-viaje-a-europa\/#respond"]}]},{"@type":"WebPage","@id":"https:\/\/radioclanfm.com\/clanespectaculos\/gimena-accardi-regreso-a-buenos-aires-despues-de-su-viaje-a-europa\/","url":"https:\/\/radioclanfm.com\/clanespectaculos\/gimena-accardi-regreso-a-buenos-aires-despues-de-su-viaje-a-europa\/","name":"Gimena Accardi regres\u00f3 a Buenos Aires despu\u00e9s de su viaje a Europa - CLAN ESPECTACULOS","isPartOf":{"@id":"https:\/\/radioclanfm.com\/clanespectaculos\/#website"},"primaryImageOfPage":{"@id":"https:\/\/radioclanfm.com\/clanespectaculos\/gimena-accardi-regreso-a-buenos-aires-despues-de-su-viaje-a-europa\/#primaryimage"},"image":{"@id":"https:\/\/radioclanfm.com\/clanespectaculos\/gimena-accardi-regreso-a-buenos-aires-despues-de-su-viaje-a-europa\/#primaryimage"},"thumbnailUrl":"https:\/\/radioclanfm.com\/clanespectaculos\/wp-content\/uploads\/sites\/2\/2025\/07\/9XDQHO6P.jpg","datePublished":"2025-07-23T01:23:03+00:00","breadcrumb":{"@id":"https:\/\/radioclanfm.com\/clanespectaculos\/gimena-accardi-regreso-a-buenos-aires-despues-de-su-viaje-a-europa\/#breadcrumb"},"inLanguage":"es-AR","potentialAction":[{"@type":"ReadAction","target":["https:\/\/radioclanfm.com\/clanespectaculos\/gimena-accardi-regreso-a-buenos-aires-despues-de-su-viaje-a-europa\/"]}]},{"@type":"ImageObject","inLanguage":"es-AR","@id":"https:\/\/radioclanfm.com\/clanespectaculos\/gimena-accardi-regreso-a-buenos-aires-despues-de-su-viaje-a-europa\/#primaryimage","url":"https:\/\/radioclanfm.com\/clanespectaculos\/wp-content\/uploads\/sites\/2\/2025\/07\/9XDQHO6P.jpg","contentUrl":"https:\/\/radioclanfm.com\/clanespectaculos\/wp-content\/uploads\/sites\/2\/2025\/07\/9XDQHO6P.jpg","width":900,"height":450},{"@type":"BreadcrumbList","@id":"https:\/\/radioclanfm.com\/clanespectaculos\/gimena-accardi-regreso-a-buenos-aires-despues-de-su-viaje-a-europa\/#breadcrumb","itemListElement":[{"@type":"ListItem","position":1,"name":"Inicio","item":"https:\/\/radioclanfm.com\/clanespectaculos\/"},{"@type":"ListItem","position":2,"name":"Gimena Accardi regres\u00f3 a Buenos Aires despu\u00e9s de su viaje a Europa"}]},{"@type":"WebSite","@id":"https:\/\/radioclanfm.com\/clanespectaculos\/#website","url":"https:\/\/radioclanfm.com\/clanespectaculos\/","name":"CLAN ESPECTACULOS","description":"","publisher":{"@id":"https:\/\/radioclanfm.com\/clanespectaculos\/#organization"},"potentialAction":[{"@type":"SearchAction","target":{"@type":"EntryPoint","urlTemplate":"https:\/\/radioclanfm.com\/clanespectaculos\/?s={search_term_string}"},"query-input":{"@type":"PropertyValueSpecification","valueRequired":true,"valueName":"search_term_string"}}],"inLanguage":"es-AR"},{"@type":"Organization","@id":"https:\/\/radioclanfm.com\/clanespectaculos\/#organization","name":"CLAN ESPECTACULOS","url":"https:\/\/radioclanfm.com\/clanespectaculos\/","logo":{"@type":"ImageObject","inLanguage":"es-AR","@id":"https:\/\/radioclanfm.com\/clanespectaculos\/#\/schema\/logo\/image\/","url":"https:\/\/radioclanfm.com\/clanespectaculos\/wp-content\/uploads\/sites\/2\/2026\/04\/ChatGPT-Image-23-mar-2026-10_09_00.png","contentUrl":"https:\/\/radioclanfm.com\/clanespectaculos\/wp-content\/uploads\/sites\/2\/2026\/04\/ChatGPT-Image-23-mar-2026-10_09_00.png","width":1024,"height":1024,"caption":"CLAN ESPECTACULOS"},"image":{"@id":"https:\/\/radioclanfm.com\/clanespectaculos\/#\/schema\/logo\/image\/"},"sameAs":["https:\/\/www.facebook.com\/clanespectaculos\/","https:\/\/x.com\/clanespectok"]},{"@type":"Person","@id":"https:\/\/radioclanfm.com\/clanespectaculos\/#\/schema\/person\/9734813083303230f3ad84d99171b20c","name":"E-GRUPOCLAN","image":{"@type":"ImageObject","inLanguage":"es-AR","@id":"https:\/\/secure.gravatar.com\/avatar\/af6e19837c3d6a212034a48c7b3818d2ac1826f6025df0155da5a186ad321d79?s=96&d=mm&r=g","url":"https:\/\/secure.gravatar.com\/avatar\/af6e19837c3d6a212034a48c7b3818d2ac1826f6025df0155da5a186ad321d79?s=96&d=mm&r=g","contentUrl":"https:\/\/secure.gravatar.com\/avatar\/af6e19837c3d6a212034a48c7b3818d2ac1826f6025df0155da5a186ad321d79?s=96&d=mm&r=g","caption":"E-GRUPOCLAN"},"sameAs":["https:\/\/radioclanfm.com"],"url":"https:\/\/radioclanfm.com\/clanespectaculos\/author\/admin\/"}]}},"_links":{"self":[{"href":"https:\/\/radioclanfm.com\/clanespectaculos\/wp-json\/wp\/v2\/posts\/3330","targetHints":{"allow":["GET"]}}],"collection":[{"href":"https:\/\/radioclanfm.com\/clanespectaculos\/wp-json\/wp\/v2\/posts"}],"about":[{"href":"https:\/\/radioclanfm.com\/clanespectaculos\/wp-json\/wp\/v2\/types\/post"}],"author":[{"embeddable":true,"href":"https:\/\/radioclanfm.com\/clanespectaculos\/wp-json\/wp\/v2\/users\/1"}],"replies":[{"embeddable":true,"href":"https:\/\/radioclanfm.com\/clanespectaculos\/wp-json\/wp\/v2\/comments?post=3330"}],"version-history":[{"count":1,"href":"https:\/\/radioclanfm.com\/clanespectaculos\/wp-json\/wp\/v2\/posts\/3330\/revisions"}],"predecessor-version":[{"id":3332,"href":"https:\/\/radioclanfm.com\/clanespectaculos\/wp-json\/wp\/v2\/posts\/3330\/revisions\/3332"}],"wp:featuredmedia":[{"embeddable":true,"href":"https:\/\/radioclanfm.com\/clanespectaculos\/wp-json\/wp\/v2\/media\/3331"}],"wp:attachment":[{"href":"https:\/\/radioclanfm.com\/clanespectaculos\/wp-json\/wp\/v2\/media?parent=3330"}],"wp:term":[{"taxonomy":"category","embeddable":true,"href":"https:\/\/radioclanfm.com\/clanespectaculos\/wp-json\/wp\/v2\/categories?post=3330"},{"taxonomy":"post_tag","embeddable":true,"href":"https:\/\/radioclanfm.com\/clanespectaculos\/wp-json\/wp\/v2\/tags?post=3330"}],"curies":[{"name":"wp","href":"https:\/\/api.w.org\/{rel}","templated":true}]}}