{"id":3318,"date":"2025-07-19T21:12:39","date_gmt":"2025-07-20T00:12:39","guid":{"rendered":"https:\/\/radioclanfm.com\/clanespectaculos\/?p=3318"},"modified":"2025-07-19T21:12:39","modified_gmt":"2025-07-20T00:12:39","slug":"mirtha-legrand-y-moria-casan-superaron-las-peleas-del-pasado-y-tuvieron-un-calido-reencuentro-fue-una-mesa-muy-agradable","status":"publish","type":"post","link":"https:\/\/radioclanfm.com\/clanespectaculos\/mirtha-legrand-y-moria-casan-superaron-las-peleas-del-pasado-y-tuvieron-un-calido-reencuentro-fue-una-mesa-muy-agradable\/","title":{"rendered":"Mirtha Legrand y Moria Cas\u00e1n superaron las peleas del pasado y tuvieron un c\u00e1lido reencuentro: \u201cFue una mesa muy agradable\u201d"},"content":{"rendered":"<p>El regreso de la vedette a la mesa m\u00e1s famosa del pa\u00eds luego de a\u00f1os de distanciamiento gener\u00f3 expectativa. Teleshow convers\u00f3 con la actriz de \u201cCuesti\u00f3n de G\u00e9nero\u201d para conocer detalles de la reuni\u00f3n, que se ver\u00e1 hoy por la noche<\/p>\n<p class=\"paragraph\" data-mrf-recirculation=\"Links inline\">Tomadas de la mano,\u00a0<b>Moria Cas\u00e1n<\/b>\u00a0y\u00a0<a title=\"https:\/\/www.infobae.com\/teleshow\/2025\/07\/10\/la-palabra-de-mirtha-legrand-luego-de-asistir-a-la-obra-de-moria-casan-sos-una-actriz-exquisita\/\" href=\"https:\/\/www.infobae.com\/teleshow\/2025\/07\/10\/la-palabra-de-mirtha-legrand-luego-de-asistir-a-la-obra-de-moria-casan-sos-una-actriz-exquisita\/\" target=\"_blank\" rel=\"noopener noreferrer\" data-mrf-link=\"https:\/\/www.infobae.com\/teleshow\/2025\/07\/10\/la-palabra-de-mirtha-legrand-luego-de-asistir-a-la-obra-de-moria-casan-sos-una-actriz-exquisita\/\"><b>Mirtha Legrand<\/b><\/a>\u00a0sorprendieron al p\u00fablico con su reconciliaci\u00f3n. Este gesto, tras a\u00f1os de declaraciones cruzadas y distanciamiento, marc\u00f3 un nuevo cap\u00edtulo en la relaci\u00f3n entre dos de las figuras m\u00e1s emblem\u00e1ticas de la televisi\u00f3n argentina.<\/p>\n<div class=\"news-module\" data-mrf-recirculation=\"IL_Ct0zZTd2RqSjHGMXsLzz7w\" data-testid=\"text-html\" data-mrf-experience=\"IL_Ct0zZTd2RqSjHGMXsLzz7w\">\n<div class=\"recommended-card__image-container\"><\/div>\n<\/div>\n<p class=\"paragraph\" data-mrf-recirculation=\"Links inline\">Moria particip\u00f3 como invitada especial en el programa de<b>\u00a0<\/b>Mirtha Legrand, que fue grabado ayer viernes y se ver\u00e1 este s\u00e1bado por la noche en otra edici\u00f3n de la cl\u00e1sica\u00a0<b>mesaza,<\/b>\u00a0y en exclusiva para\u00a0<b>Teleshow<\/b>\u00a0nos adelanto algunas impresiones del encuentro.<\/p>\n<div class=\"jwplayer-ctn\">\n<div>\n<div id=\"2QGGS5XNQBB6NJCITE6A5NDWFE-custom_embed3\" class=\"jwplayer jw-reset jw-state-idle jw-stretch-uniform jw-flag-aspect-mode jw-floating-dismissible jw-keep-thumbnail jw-breakpoint-5 jw-flag-user-inactive\" tabindex=\"0\" role=\"application\" aria-label=\"Video Player - Las palabras de elogio de Mirtha Legrand a Moria Cas\u00e1n\" aria-describedby=\"jw-2QGGS5XNQBB6NJCITE6A5NDWFE-custom_embed3-shortcuts-tooltip-explanation\" data-compass-listening=\"true\">\n<div class=\"jw-wrapper jw-reset\">\n<div class=\"jw-media jw-reset\"><\/div>\n<div class=\"jw-title jw-reset-text\" dir=\"auto\"><\/div>\n<div class=\"jw-overlays jw-reset\">\n<div id=\"2QGGS5XNQBB6NJCITE6A5NDWFE-custom_embed3_googima\" class=\"jw-plugin jw-reset jw-plugin-googima\">\n<div id=\"2QGGS5XNQBB6NJCITE6A5NDWFE-custom_embed3_ad\" class=\"jw-ads-view\">\n<div><\/div>\n<\/div>\n<\/div>\n<\/div>\n<div class=\"jw-controls jw-reset\">\n<div class=\"jw-display jw-reset\">\n<div class=\"jw-display-container jw-reset\">\n<div class=\"jw-display-controls jw-reset\">\n<div class=\"jw-display-icon-container jw-display-icon-display jw-reset\">\n<div class=\"jw-icon jw-icon-display jw-button-color jw-reset\" tabindex=\"0\" role=\"button\" aria-label=\"Reproducir\"><\/div>\n<\/div>\n<\/div>\n<\/div>\n<\/div>\n<\/div>\n<\/div>\n<\/div>\n<\/div>\n<p>Las palabras de elogio de Mirtha Legrand a Moria Cas\u00e1n y Jorge Marrale en la obra &#8220;Cuesti\u00f3n De G\u00e9nero&#8221;<\/p><\/div>\n<div class=\"inline ad-wrapper\">\n<div class=\"dfpAd ad-inline\">\n<div id=\"infobae\/teleshow\/nota\/inline\" class=\"infobae\/teleshow\/nota\/inline arcad\" data-google-query-id=\"CJ-72pmTyo4DFb05uQYdmDYZhQ\">\n<div id=\"google_ads_iframe_\/1058609\/infobae\/teleshow\/nota\/inline_0__container__\"><\/div>\n<\/div>\n<\/div>\n<\/div>\n<p class=\"paragraph\" data-mrf-recirculation=\"Links inline\">La previa entre ambas artistas se produjo en el circo Rodas, donde compartieron el espect\u00e1culo sentadas y de la mano. Hace unos d\u00edas tambi\u00e9n hubo otro encuentro en el\u00a0<b>Teatro Metropolitan<\/b>, donde la diva de los almuerzos asisti\u00f3 como espectadora de lujo a la funci\u00f3n de \u201c<i><b>Cuesti\u00f3n de G\u00e9nero<\/b><\/i>\u201d, protagonizada por Moria y\u00a0<b>Jorge Marrale<\/b>.<\/p>\n<div class=\"news-module\" data-mrf-recirculation=\"IL_RjJ8XQ94SCCdND4VX9YvyQ\" data-testid=\"text-html\" data-mrf-experience=\"IL_RjJ8XQ94SCCdND4VX9YvyQ\">\n<div class=\"recommended-card__image-container\"><\/div>\n<\/div>\n<p class=\"paragraph\" data-mrf-recirculation=\"Links inline\"><b>La presencia de\u00a0<\/b><b>Mirtha Legrand<\/b><b>\u00a0en la sala porte\u00f1a transform\u00f3 la funci\u00f3n en un evento especial<\/b>. Vestida con un llamativo vestido dorado y un abrigo animal print, la conductora de 98 a\u00f1os ocup\u00f3 una de las butacas centrales y fue recibida con una ovaci\u00f3n al finalizar la obra.<\/p>\n<div class=\"visual__image\"><picture><source srcset=\"https:\/\/www.infobae.com\/resizer\/v2\/K5UDM56LJRE65MBZJPOZM7LOZ4.jpg?auth=d0ed0388d5e09b3250249b56aaf724560df39e73439725055b677c96d5e9d71c&amp;smart=true&amp;width=992&amp;height=558&amp;quality=85\" media=\"(min-width: 1000px)\" \/><source srcset=\"https:\/\/www.infobae.com\/resizer\/v2\/K5UDM56LJRE65MBZJPOZM7LOZ4.jpg?auth=d0ed0388d5e09b3250249b56aaf724560df39e73439725055b677c96d5e9d71c&amp;smart=true&amp;width=768&amp;height=432&amp;quality=85\" media=\"(min-width: 768px)\" \/><source srcset=\"https:\/\/www.infobae.com\/resizer\/v2\/K5UDM56LJRE65MBZJPOZM7LOZ4.jpg?auth=d0ed0388d5e09b3250249b56aaf724560df39e73439725055b677c96d5e9d71c&amp;smart=true&amp;width=577&amp;height=325&amp;quality=85\" media=\"(min-width: 580px)\" \/><source srcset=\"https:\/\/www.infobae.com\/resizer\/v2\/K5UDM56LJRE65MBZJPOZM7LOZ4.jpg?auth=d0ed0388d5e09b3250249b56aaf724560df39e73439725055b677c96d5e9d71c&amp;smart=true&amp;width=420&amp;height=236&amp;quality=85\" media=\"(min-width: 350px)\" \/><source srcset=\"https:\/\/www.infobae.com\/resizer\/v2\/K5UDM56LJRE65MBZJPOZM7LOZ4.jpg?auth=d0ed0388d5e09b3250249b56aaf724560df39e73439725055b677c96d5e9d71c&amp;smart=true&amp;width=350&amp;height=197&amp;quality=85\" media=\"(min-width: 80px)\" \/><img loading=\"lazy\" decoding=\"async\" class=\"global-image\" src=\"https:\/\/www.infobae.com\/resizer\/v2\/K5UDM56LJRE65MBZJPOZM7LOZ4.jpg?auth=d0ed0388d5e09b3250249b56aaf724560df39e73439725055b677c96d5e9d71c&amp;smart=true&amp;width=350&amp;height=197&amp;quality=85\" alt=\"El reencuentro entre Moria Cas\u00e1n\" width=\"1920\" height=\"1080\" \/><\/picture>El reencuentro entre Moria Cas\u00e1n y Mirtha Legrand marca un nuevo cap\u00edtulo en su relaci\u00f3n<\/div>\n<div class=\"inline_2_DSK ad-wrapper ad-desktop\">\n<div class=\"dfpAd ad-inline\">\n<div id=\"infobae\/teleshow\/nota\/inline_2_DSK\" class=\"infobae\/teleshow\/nota\/inline_2_DSK arcad\" data-google-query-id=\"CPDp3ZqTyo4DFceDYQYd664l3A\">\n<div id=\"google_ads_iframe_\/1058609\/infobae\/teleshow\/nota\/inline_2_DSK_0__container__\"><\/div>\n<\/div>\n<\/div>\n<\/div>\n<p class=\"paragraph\" data-mrf-recirculation=\"Links inline\">Sobre el escenario,\u00a0<b>Ana Mar\u00eda Casanova<\/b>\u00a0\u2014nombre real de Moria Cas\u00e1n\u2014 agradeci\u00f3 p\u00fablicamente la visita de la leyenda televisiva y la present\u00f3 ante el p\u00fablico con una serie de elogios: \u201cNo hay calificativos para esta se\u00f1ora del espect\u00e1culo, esta leyenda, que es un ejemplo de vida, de actitud, de profesionalismo, de entrega, \u00fanica es, el r\u00e9cord Guinness se rompe con ella, no hay nadie como ella, das vuelta el mapamundi y no existe\u201d.<\/p>\n<div class=\"news-module\" data-mrf-recirculation=\"IL_wPVu_IE4S76a5Gsl0lX8mA\" data-testid=\"text-html\" data-mrf-experience=\"IL_wPVu_IE4S76a5Gsl0lX8mA\">\n<div class=\"recommended-card__image-container\"><\/div>\n<\/div>\n<p class=\"paragraph\" data-mrf-recirculation=\"Links inline\">La respuesta de Mirtha Legrand no se hizo esperar. De pie, la conductora expres\u00f3:\u00a0<b>\u201cGracias, he pasado una noche maravillosa e inolvidable, cuando voy al teatro y me gusta mucho una obra, digo que es altamente recomendable y esta es alt\u00edsima\u201d<\/b>. Adem\u00e1s, dedic\u00f3 palabras al elenco: \u201c<b>Excelente, despu\u00e9s de\u00a0<\/b><i><b>Brujas<\/b><\/i><b>, es una consagraci\u00f3n para Moria hacer esta comedia, que no es f\u00e1cil<\/b>; Marrale, sos un actorazo; los chicos (Paula Kohan y Ariel P\u00e9rez de Mar\u00eda) son maravillosos tambi\u00e9n, una revelaci\u00f3n\u201d.<\/p>\n<div class=\"jwplayer-ctn\">\n<div>\n<div id=\"P4WVDUCE4FC5VCWKNGXUS4TP7M-custom_embed9\" class=\"jwplayer jw-reset jw-state-idle jw-stretch-uniform jw-flag-aspect-mode jw-floating-dismissible jw-keep-thumbnail jw-breakpoint-5 jw-flag-user-inactive\" tabindex=\"0\" role=\"application\" aria-label=\"Video Player - Mirtha Legrand y Moria Cas\u00e1n\" aria-describedby=\"jw-P4WVDUCE4FC5VCWKNGXUS4TP7M-custom_embed9-shortcuts-tooltip-explanation\" data-compass-listening=\"true\">\n<div class=\"jw-wrapper jw-reset\">\n<div class=\"jw-controls jw-reset\">\n<div class=\"jw-display jw-reset\">\n<div class=\"jw-display-container jw-reset\">\n<div class=\"jw-display-controls jw-reset\">\n<div class=\"jw-display-icon-container jw-display-icon-display jw-reset\">\n<div class=\"jw-icon jw-icon-display jw-button-color jw-reset\" tabindex=\"0\" role=\"button\" aria-label=\"Reproducir\"><\/div>\n<\/div>\n<\/div>\n<\/div>\n<\/div>\n<\/div>\n<\/div>\n<\/div>\n<\/div>\n<p>Las tensiones hist\u00f3ricas entre Moria Cas\u00e1n y Mirtha Legrand incluyeron cr\u00edticas p\u00fablicas y episodios de distanciamiento<\/p><\/div>\n<div><\/div>\n<p class=\"paragraph\" data-mrf-recirculation=\"Links inline\">Para cerrar su intervenci\u00f3n, Legrand elogi\u00f3 a la protagonista:\u00a0<b>\u201cMoria, sos una actriz exquisita, fabulosa, te mov\u00e9s de una manera sensacional, sos una estrella, sos la n\u00famero uno, sos LA ONE\u201d<\/b>.<\/p>\n<p class=\"paragraph\" data-mrf-recirculation=\"Links inline\">La historia de la rivalidad entre\u00a0<b>Moria Cas\u00e1n<\/b>\u00a0y\u00a0<b>Mirtha Legrand<\/b>\u00a0ha estado marcada por altibajos, con momentos de tensi\u00f3n y acercamientos p\u00fablicos.\u00a0<b>Durante a\u00f1os, se especul\u00f3 sobre la existencia de una competencia entre ambas, alimentada por declaraciones y gestos en sus respectivos programas<\/b>. Moria Cas\u00e1n expres\u00f3 en reiteradas ocasiones su percepci\u00f3n de falta de reciprocidad en la relaci\u00f3n, se\u00f1alando que siempre era ella quien compart\u00eda detalles personales en las entrevistas con Mirtha Legrand, sin recibir la misma apertura a cambio.<\/p>\n<div class=\"jwplayer-ctn\">\n<div>\n<div id=\"CIO344RL3VFVLOC6TSNGXJSTEU-custom_embed12\" class=\"jwplayer jw-reset jw-state-idle jw-stretch-uniform jw-flag-aspect-mode jw-floating-dismissible jw-keep-thumbnail jw-flag-user-inactive jw-breakpoint-5\" tabindex=\"0\" role=\"application\" aria-label=\"Video Player - Mirtha Legrand y Moria Cas\u00e1n\" aria-describedby=\"jw-CIO344RL3VFVLOC6TSNGXJSTEU-custom_embed12-shortcuts-tooltip-explanation\" data-compass-listening=\"true\">\n<div class=\"jw-wrapper jw-reset\">\n<div class=\"jw-controls jw-reset\">\n<div class=\"jw-display jw-reset\">\n<div class=\"jw-display-container jw-reset\">\n<div class=\"jw-display-controls jw-reset\">\n<div class=\"jw-display-icon-container jw-display-icon-display jw-reset\">\n<div class=\"jw-icon jw-icon-display jw-button-color jw-reset\" tabindex=\"0\" role=\"button\" aria-label=\"Reproducir\"><\/div>\n<\/div>\n<\/div>\n<\/div>\n<\/div>\n<\/div>\n<\/div>\n<\/div>\n<\/div>\n<p>El v\u00ednculo entre Moria Cas\u00e1n y Mirtha Legrand oscila entre la confrontaci\u00f3n y la cordialidad a lo largo de los a\u00f1os<\/p><\/div>\n<div><\/div>\n<p class=\"paragraph\" data-mrf-recirculation=\"Links inline\">En una de sus declaraciones m\u00e1s resonantes, Moria Cas\u00e1n afirm\u00f3:\u00a0<b>\u201cpara m\u00ed, estos ciclos se cumplieron\u201d<\/b>, frase que muchos interpretaron como una se\u00f1al de distanciamiento definitivo. Moria Cas\u00e1n sostuvo:<b>\u00a0\u201cFui tantas veces a lo de Mirtha que ya no tengo m\u00e1s que contarle. Me tiene que contar ella a m\u00ed\u2026 Y como ella no me cuenta, no voy m\u00e1s\u201d<\/b>. El episodio m\u00e1s reciente de tensi\u00f3n medi\u00e1tica se produjo poco m\u00e1s de un mes antes del reencuentro en el Metropolitan.<\/p>\n<p class=\"paragraph\" data-mrf-recirculation=\"Links inline\">Fue cuando, tras la pol\u00e9mica por los comentarios de\u00a0<b>Ricardo Dar\u00edn<\/b>\u00a0sobre el precio de las empanadas. El actor fue consultado sobre las pol\u00edticas econ\u00f3micas impulsadas por\u00a0<b>Luis Caputo<\/b>\u00a0y la propuesta de \u201csacar los d\u00f3lares del colch\u00f3n\u201d. Dar\u00edn respondi\u00f3 con iron\u00eda: \u201cLa verdad es que no entiendo nada. Me llama un poco la atenci\u00f3n eso de sacar los d\u00f3lares del colch\u00f3n. \u00bfDe qui\u00e9n est\u00e1n hablando en ese sentido?\u00a0<b>No s\u00e9, una docena de empanadas vale 48.000 pesos<\/b>.<\/p>\n<div class=\"jwplayer-ctn\">\n<div>\n<div id=\"RFG7BMQXKBGSFFBWBCQ6HWC4BA-custom_embed15\" class=\"jwplayer jw-reset jw-state-idle jw-stretch-uniform jw-flag-aspect-mode jw-floating-dismissible jw-keep-thumbnail jw-breakpoint-5 jw-flag-user-inactive\" tabindex=\"0\" role=\"application\" aria-label=\"Video Player - Mirtha Legrand y Moria Cas\u00e1n\" aria-describedby=\"jw-RFG7BMQXKBGSFFBWBCQ6HWC4BA-custom_embed15-shortcuts-tooltip-explanation\" data-compass-listening=\"true\">\n<div class=\"jw-wrapper jw-reset\">\n<div class=\"jw-controls jw-reset\">\n<div class=\"jw-display jw-reset\">\n<div class=\"jw-display-container jw-reset\">\n<div class=\"jw-display-controls jw-reset\">\n<div class=\"jw-display-icon-container jw-display-icon-display jw-reset\">\n<div class=\"jw-icon jw-icon-display jw-button-color jw-reset\" tabindex=\"0\" role=\"button\" aria-label=\"Reproducir\"><\/div>\n<\/div>\n<\/div>\n<\/div>\n<\/div>\n<\/div>\n<\/div>\n<\/div>\n<\/div>\n<p>Mirtha Legrand y Moria Cas\u00e1n, el \u00faltimo cruce<\/p><\/div>\n<div><\/div>\n<p class=\"paragraph\" data-mrf-recirculation=\"Links inline\">Luego del esc\u00e1ndalo medi\u00e1tico y pol\u00edtico que ocasionaron esas declaraciones, Moria Cas\u00e1n aprovech\u00f3 ese contexto,<b>\u00a0<\/b>respald\u00f3 a Dar\u00edn y cuestion\u00f3 la din\u00e1mica del ciclo televisivo de<b>\u00a0Legrand<\/b>. La actriz manifest\u00f3: \u201c<b>En conclusi\u00f3n, no hay que ir a la mesa de Mirtha Legrand porque te hace pasarla mal<\/b>\u201d.<\/p>\n<p class=\"paragraph\" data-mrf-recirculation=\"Links inline\">Adem\u00e1s, revel\u00f3 que tanto ella como Jorge Marrale hab\u00edan sido invitados al programa, pero decidieron rechazar la propuesta: \u201c<b>Yo no voy, chau. Nosotros no vamos a ir<\/b>\u201d.<\/p>\n<div class=\"visual__image\"><picture><source srcset=\"https:\/\/www.infobae.com\/resizer\/v2\/2SD4TB74PBBPHFYJC54OAITU5Q.jpg?auth=cf7c8584abca35a9b1b8a15784bb7296ad34855d01600c5e41ff2e0ccb1ff1ce&amp;smart=true&amp;width=992&amp;height=558&amp;quality=85\" media=\"(min-width: 1000px)\" \/><source srcset=\"https:\/\/www.infobae.com\/resizer\/v2\/2SD4TB74PBBPHFYJC54OAITU5Q.jpg?auth=cf7c8584abca35a9b1b8a15784bb7296ad34855d01600c5e41ff2e0ccb1ff1ce&amp;smart=true&amp;width=768&amp;height=432&amp;quality=85\" media=\"(min-width: 768px)\" \/><source srcset=\"https:\/\/www.infobae.com\/resizer\/v2\/2SD4TB74PBBPHFYJC54OAITU5Q.jpg?auth=cf7c8584abca35a9b1b8a15784bb7296ad34855d01600c5e41ff2e0ccb1ff1ce&amp;smart=true&amp;width=577&amp;height=325&amp;quality=85\" media=\"(min-width: 580px)\" \/><source srcset=\"https:\/\/www.infobae.com\/resizer\/v2\/2SD4TB74PBBPHFYJC54OAITU5Q.jpg?auth=cf7c8584abca35a9b1b8a15784bb7296ad34855d01600c5e41ff2e0ccb1ff1ce&amp;smart=true&amp;width=420&amp;height=236&amp;quality=85\" media=\"(min-width: 350px)\" \/><source srcset=\"https:\/\/www.infobae.com\/resizer\/v2\/2SD4TB74PBBPHFYJC54OAITU5Q.jpg?auth=cf7c8584abca35a9b1b8a15784bb7296ad34855d01600c5e41ff2e0ccb1ff1ce&amp;smart=true&amp;width=350&amp;height=197&amp;quality=85\" media=\"(min-width: 80px)\" \/><img loading=\"lazy\" decoding=\"async\" class=\"global-image\" src=\"https:\/\/www.infobae.com\/resizer\/v2\/2SD4TB74PBBPHFYJC54OAITU5Q.jpg?auth=cf7c8584abca35a9b1b8a15784bb7296ad34855d01600c5e41ff2e0ccb1ff1ce&amp;smart=true&amp;width=350&amp;height=197&amp;quality=85\" alt=\"Moria Cas\u00e1n agradece p\u00fablicamente a\" width=\"2042\" height=\"1149\" \/><\/picture>Moria Cas\u00e1n agradece p\u00fablicamente a Mirtha Legrand por su apoyo al teatro argentino<\/div>\n<p class=\"paragraph\" data-mrf-recirculation=\"Links inline\">El v\u00ednculo entre ambas figuras atraves\u00f3 otros momentos de tensi\u00f3n. En el a\u00f1o 2013, Moria Cas\u00e1n despleg\u00f3 su iron\u00eda para responder a Mirtha Legrand, quien hab\u00eda declarado que no asistir\u00eda a la obra Escandalosas en\u00a0<b>Mar del Plata<\/b>.\u00a0<b>\u201cEn la parte que yo salgo de Carmen, es un minutito, se puede quedar porque no le van a dar las piernas ni la cadera para llegar al final\u201d<\/b>, lanz\u00f3 Cas\u00e1n.<\/p>\n<p class=\"paragraph\" data-mrf-recirculation=\"Links inline\">La reacci\u00f3n inicial fue moderada, considerando que Legrand se perder\u00eda la oportunidad de ver a\u00a0<b>Carmen Barbieri<\/b> y sosteniendo que, por respeto a su colega, deber\u00eda asistir a la funci\u00f3n, aunque ella misma estuviera en el elenco. \u201cSe la pierde. Si la quiere ver a Carmen y estoy yo, me parece que por respeto a Carmen deber\u00eda venir porque es la obra que dirige ella. Que haga de cuenta que no me ve a m\u00ed. Me parece una provocaci\u00f3n innecesaria hacia mi persona y una falta de respeto hacia Carmen\u201d, expres\u00f3 Cas\u00e1n.<\/p>\n<div class=\"jwplayer-ctn\">\n<div>\n<div id=\"OXRBDKDURVEADL3E3PBSBFVAOI-custom_embed21\" class=\"jwplayer jw-reset jw-state-idle jw-stretch-uniform jw-flag-aspect-mode jw-floating-dismissible jw-keep-thumbnail jw-breakpoint-5 jw-flag-user-inactive\" tabindex=\"0\" role=\"application\" aria-label=\"Video Player - Mirtha Legrand y Moria Cas\u00e1n\" aria-describedby=\"jw-OXRBDKDURVEADL3E3PBSBFVAOI-custom_embed21-shortcuts-tooltip-explanation\" data-compass-listening=\"true\">\n<div class=\"jw-wrapper jw-reset\">\n<div class=\"jw-controls jw-reset\">\n<div class=\"jw-display jw-reset\">\n<div class=\"jw-display-container jw-reset\">\n<div class=\"jw-display-controls jw-reset\">\n<div class=\"jw-display-icon-container jw-display-icon-display jw-reset\">\n<div class=\"jw-icon jw-icon-display jw-button-color jw-reset\" tabindex=\"0\" role=\"button\" aria-label=\"Reproducir\"><\/div>\n<\/div>\n<\/div>\n<\/div>\n<\/div>\n<\/div>\n<\/div>\n<\/div>\n<\/div>\n<p>Mirtha Legrand y Moria Cas\u00e1n juntas compartieron almuerzos y cenas durante a\u00f1os<\/p><\/div>\n<p class=\"paragraph\" data-mrf-recirculation=\"Links inline\">La capoc\u00f3mica pronto dej\u00f3 de lado la mesura y arremeti\u00f3 con su caracter\u00edstico sarcasmo. Sugiri\u00f3 que Legrand podr\u00eda abandonar la sala durante sus intervenciones: \u201cQue en las partes que estoy yo, que se levante y se vaya. Tiene tres partes para levantarse e irse. Que aproveche a bajar la caderita que la tiene importante. En mi mon\u00f3logo se puede ir\u201d.<\/p>\n<p class=\"paragraph\" data-mrf-recirculation=\"Links inline\">Adem\u00e1s, ironiz\u00f3 sobre la ubicaci\u00f3n de Legrand en la sala, aludiendo a la cantidad de p\u00fablico: \u201c<b>Como est\u00e1 muy lleno de gente seguramente la van a sentar en la fila de adelante<\/b>\u201d. La tensi\u00f3n escal\u00f3 cuando Cas\u00e1n cuestion\u00f3 el estatus de<b>\u00a0<\/b>Legrand en el ambiente art\u00edstico. \u201cSi se quiere perder lo antol\u00f3gico, que son las dos viejitas del final, que lo vea desde el fondo o se lo den en video.\u00a0<b>Estamos enojadas, pero que me ignore, como yo la ignoro a ella<\/b>. Aunque est\u00e9n los m\u00e1ximos exponentes del teatro argentino, \u00bfse va a perder la obra n\u00famero uno de la ciudad n\u00famero uno? Viene a Mar del Plata a comer e ir a eventos y no viene a\u00a0<i>Escandalosas<\/i>. Quiere decir que ya no es la n\u00famero uno\u201d, sentenci\u00f3.<\/p>\n<div class=\"visual__image\"><picture><source srcset=\"https:\/\/www.infobae.com\/resizer\/v2\/X2NTDOWMABELTB6KQENJT7CZYQ.jpg?auth=8abf7ddb7518f1f0987af60c1dd410a551e182b064820aad60cfee55ece66e6b&amp;smart=true&amp;width=992&amp;height=558&amp;quality=85\" media=\"(min-width: 1000px)\" \/><source srcset=\"https:\/\/www.infobae.com\/resizer\/v2\/X2NTDOWMABELTB6KQENJT7CZYQ.jpg?auth=8abf7ddb7518f1f0987af60c1dd410a551e182b064820aad60cfee55ece66e6b&amp;smart=true&amp;width=768&amp;height=432&amp;quality=85\" media=\"(min-width: 768px)\" \/><source srcset=\"https:\/\/www.infobae.com\/resizer\/v2\/X2NTDOWMABELTB6KQENJT7CZYQ.jpg?auth=8abf7ddb7518f1f0987af60c1dd410a551e182b064820aad60cfee55ece66e6b&amp;smart=true&amp;width=577&amp;height=325&amp;quality=85\" media=\"(min-width: 580px)\" \/><source srcset=\"https:\/\/www.infobae.com\/resizer\/v2\/X2NTDOWMABELTB6KQENJT7CZYQ.jpg?auth=8abf7ddb7518f1f0987af60c1dd410a551e182b064820aad60cfee55ece66e6b&amp;smart=true&amp;width=420&amp;height=236&amp;quality=85\" media=\"(min-width: 350px)\" \/><source srcset=\"https:\/\/www.infobae.com\/resizer\/v2\/X2NTDOWMABELTB6KQENJT7CZYQ.jpg?auth=8abf7ddb7518f1f0987af60c1dd410a551e182b064820aad60cfee55ece66e6b&amp;smart=true&amp;width=350&amp;height=197&amp;quality=85\" media=\"(min-width: 80px)\" \/><img loading=\"lazy\" decoding=\"async\" class=\"global-image\" src=\"https:\/\/www.infobae.com\/resizer\/v2\/X2NTDOWMABELTB6KQENJT7CZYQ.jpg?auth=8abf7ddb7518f1f0987af60c1dd410a551e182b064820aad60cfee55ece66e6b&amp;smart=true&amp;width=350&amp;height=197&amp;quality=85\" alt=\"Mirtha Legrand y Moria Casan\" width=\"1920\" height=\"1080\" \/><\/picture>Mirtha Legrand y Moria Casan y el reencuentro tan esperado<\/div>\n<div class=\"undefined ad-wrapper\">\n<div class=\"dfpAd \">\n<div id=\"infobae\/teleshow\/nota\/undefined\" class=\"infobae\/teleshow\/nota\/undefined arcad\"><\/div>\n<\/div>\n<\/div>\n<p class=\"paragraph\" data-mrf-recirculation=\"Links inline\">Sin embargo, luego de la visita de Mirtha al teatro, las aguas se calmaron. Moria Cas\u00e1n le agradeci\u00f3su apoyo al teatro porte\u00f1o: \u201c<b>Es fundamental esto que hac\u00e9s de ir a ver obras porque ayud\u00e1s mucho, porque tu presencia y tu difusi\u00f3n nos ayudan a todos y al teatro a seguir creciendo<\/b>\u201d.<\/p>\n<p class=\"paragraph\" data-mrf-recirculation=\"Links inline\">La funci\u00f3n de \u201c<i>Cuesti\u00f3n de G\u00e9nero<\/i>\u201d se convirti\u00f3 as\u00ed en el escenario de una reconciliaci\u00f3n celebrada tanto por el p\u00fablico como por el elenco, con la presencia de dos referentes indiscutidas del espect\u00e1culo nacional.<\/p>\n<div class=\"jwplayer-ctn\">\n<div>\n<div id=\"QM45VEX2WRDPLOWKKRKUVPCEXY-custom_embed27\" class=\"jwplayer jw-reset jw-state-idle jw-stretch-uniform jw-flag-aspect-mode jw-floating-dismissible jw-keep-thumbnail jw-flag-user-inactive jw-breakpoint-5\" tabindex=\"0\" role=\"application\" aria-label=\"Video Player - Mirtha Legrand y Moria Cas\u00e1n\" aria-describedby=\"jw-QM45VEX2WRDPLOWKKRKUVPCEXY-custom_embed27-shortcuts-tooltip-explanation\" data-compass-listening=\"true\">\n<div class=\"jw-wrapper jw-reset\">\n<div class=\"jw-controls jw-reset\">\n<div class=\"jw-display jw-reset\">\n<div class=\"jw-display-container jw-reset\">\n<div class=\"jw-display-controls jw-reset\">\n<div class=\"jw-display-icon-container jw-display-icon-display jw-reset\">\n<div class=\"jw-icon jw-icon-display jw-button-color jw-reset\" tabindex=\"0\" role=\"button\" aria-label=\"Reproducir\"><\/div>\n<\/div>\n<\/div>\n<\/div>\n<\/div>\n<\/div>\n<\/div>\n<\/div>\n<\/div>\n<p>La rivalidad entre Moria Cas\u00e1n y Mirtha Legrand ha estado marcada por altibajos y declaraciones cruzadas<\/p><\/div>\n<p class=\"paragraph\" data-mrf-recirculation=\"Links inline\">A lo largo de los a\u00f1os, la din\u00e1mica entre Moria Cas\u00e1n y Mirtha Legrand ha oscilado entre la confrontaci\u00f3n y la cordialidad, con episodios de tensi\u00f3n, declaraciones contundentes y gestos de acercamiento.<\/p>\n<div class=\"second-saved-buttons\">\n<div class=\"body-share-note\"><\/div>\n<\/div>\n","protected":false},"excerpt":{"rendered":"<p>El regreso de la vedette a la mesa m\u00e1s famosa del pa\u00eds luego de a\u00f1os de distanciamiento gener\u00f3 expectativa. Teleshow convers\u00f3 con la actriz de \u201cCuesti\u00f3n de G\u00e9nero\u201d para conocer detalles de la reuni\u00f3n, que se ver\u00e1 hoy por la noche Tomadas de la mano,\u00a0Moria Cas\u00e1n\u00a0y\u00a0Mirtha Legrand\u00a0sorprendieron al p\u00fablico con su reconciliaci\u00f3n. Este gesto, tras [&hellip;]<\/p>\n","protected":false},"author":1,"featured_media":3319,"comment_status":"open","ping_status":"open","sticky":false,"template":"","format":"standard","meta":{"rop_custom_images_group":[],"rop_custom_messages_group":[],"rop_publish_now":"initial","rop_publish_now_accounts":[],"rop_publish_now_history":[],"rop_publish_now_status":"pending","footnotes":"","jetpack_publicize_message":"","jetpack_publicize_feature_enabled":true,"jetpack_social_post_already_shared":true,"jetpack_social_options":{"image_generator_settings":{"template":"highway","enabled":false},"version":2}},"categories":[12],"tags":[],"class_list":{"0":"post-3318","1":"post","2":"type-post","3":"status-publish","4":"format-standard","5":"has-post-thumbnail","7":"category-espectaculos"},"jetpack_publicize_connections":[],"yoast_head":"<!-- This site is optimized with the Yoast SEO plugin v27.3 - https:\/\/yoast.com\/product\/yoast-seo-wordpress\/ -->\n<title>Mirtha Legrand y Moria Cas\u00e1n superaron las peleas del pasado y tuvieron un c\u00e1lido reencuentro: \u201cFue una mesa muy agradable\u201d - CLAN ESPECTACULOS<\/title>\n<meta name=\"robots\" content=\"index, follow, max-snippet:-1, max-image-preview:large, max-video-preview:-1\" \/>\n<link rel=\"canonical\" href=\"https:\/\/radioclanfm.com\/clanespectaculos\/mirtha-legrand-y-moria-casan-superaron-las-peleas-del-pasado-y-tuvieron-un-calido-reencuentro-fue-una-mesa-muy-agradable\/\" \/>\n<meta property=\"og:locale\" content=\"es_ES\" \/>\n<meta property=\"og:type\" content=\"article\" \/>\n<meta property=\"og:title\" content=\"Mirtha Legrand y Moria Cas\u00e1n superaron las peleas del pasado y tuvieron un c\u00e1lido reencuentro: \u201cFue una mesa muy agradable\u201d - CLAN ESPECTACULOS\" \/>\n<meta property=\"og:description\" content=\"El regreso de la vedette a la mesa m\u00e1s famosa del pa\u00eds luego de a\u00f1os de distanciamiento gener\u00f3 expectativa. Teleshow convers\u00f3 con la actriz de \u201cCuesti\u00f3n de G\u00e9nero\u201d para conocer detalles de la reuni\u00f3n, que se ver\u00e1 hoy por la noche Tomadas de la mano,\u00a0Moria Cas\u00e1n\u00a0y\u00a0Mirtha Legrand\u00a0sorprendieron al p\u00fablico con su reconciliaci\u00f3n. Este gesto, tras [&hellip;]\" \/>\n<meta property=\"og:url\" content=\"https:\/\/radioclanfm.com\/clanespectaculos\/mirtha-legrand-y-moria-casan-superaron-las-peleas-del-pasado-y-tuvieron-un-calido-reencuentro-fue-una-mesa-muy-agradable\/\" \/>\n<meta property=\"og:site_name\" content=\"CLAN ESPECTACULOS\" \/>\n<meta property=\"article:publisher\" content=\"https:\/\/www.facebook.com\/clanespectaculos\/\" \/>\n<meta property=\"article:published_time\" content=\"2025-07-20T00:12:39+00:00\" \/>\n<meta property=\"og:image\" content=\"https:\/\/radioclanfm.com\/clanespectaculos\/wp-content\/uploads\/sites\/2\/2025\/07\/I5WccGHr.jpg\" \/>\n\t<meta property=\"og:image:width\" content=\"900\" \/>\n\t<meta property=\"og:image:height\" content=\"450\" \/>\n\t<meta property=\"og:image:type\" content=\"image\/jpeg\" \/>\n<meta name=\"author\" content=\"E-GRUPOCLAN\" \/>\n<meta name=\"twitter:card\" content=\"summary_large_image\" \/>\n<meta name=\"twitter:creator\" content=\"@clanespectok\" \/>\n<meta name=\"twitter:site\" content=\"@clanespectok\" \/>\n<meta name=\"twitter:label1\" content=\"Escrito por\" \/>\n\t<meta name=\"twitter:data1\" content=\"E-GRUPOCLAN\" \/>\n\t<meta name=\"twitter:label2\" content=\"Tiempo de lectura\" \/>\n\t<meta name=\"twitter:data2\" content=\"7 minutos\" \/>\n<script type=\"application\/ld+json\" class=\"yoast-schema-graph\">{\"@context\":\"https:\\\/\\\/schema.org\",\"@graph\":[{\"@type\":\"Article\",\"@id\":\"https:\\\/\\\/radioclanfm.com\\\/clanespectaculos\\\/mirtha-legrand-y-moria-casan-superaron-las-peleas-del-pasado-y-tuvieron-un-calido-reencuentro-fue-una-mesa-muy-agradable\\\/#article\",\"isPartOf\":{\"@id\":\"https:\\\/\\\/radioclanfm.com\\\/clanespectaculos\\\/mirtha-legrand-y-moria-casan-superaron-las-peleas-del-pasado-y-tuvieron-un-calido-reencuentro-fue-una-mesa-muy-agradable\\\/\"},\"author\":{\"name\":\"E-GRUPOCLAN\",\"@id\":\"https:\\\/\\\/radioclanfm.com\\\/clanespectaculos\\\/#\\\/schema\\\/person\\\/9734813083303230f3ad84d99171b20c\"},\"headline\":\"Mirtha Legrand y Moria Cas\u00e1n superaron las peleas del pasado y tuvieron un c\u00e1lido reencuentro: \u201cFue una mesa muy agradable\u201d\",\"datePublished\":\"2025-07-20T00:12:39+00:00\",\"mainEntityOfPage\":{\"@id\":\"https:\\\/\\\/radioclanfm.com\\\/clanespectaculos\\\/mirtha-legrand-y-moria-casan-superaron-las-peleas-del-pasado-y-tuvieron-un-calido-reencuentro-fue-una-mesa-muy-agradable\\\/\"},\"wordCount\":1497,\"commentCount\":0,\"publisher\":{\"@id\":\"https:\\\/\\\/radioclanfm.com\\\/clanespectaculos\\\/#organization\"},\"image\":{\"@id\":\"https:\\\/\\\/radioclanfm.com\\\/clanespectaculos\\\/mirtha-legrand-y-moria-casan-superaron-las-peleas-del-pasado-y-tuvieron-un-calido-reencuentro-fue-una-mesa-muy-agradable\\\/#primaryimage\"},\"thumbnailUrl\":\"https:\\\/\\\/radioclanfm.com\\\/clanespectaculos\\\/wp-content\\\/uploads\\\/sites\\\/2\\\/2025\\\/07\\\/I5WccGHr.jpg\",\"articleSection\":[\"Espectaculos\"],\"inLanguage\":\"es-AR\",\"potentialAction\":[{\"@type\":\"CommentAction\",\"name\":\"Comment\",\"target\":[\"https:\\\/\\\/radioclanfm.com\\\/clanespectaculos\\\/mirtha-legrand-y-moria-casan-superaron-las-peleas-del-pasado-y-tuvieron-un-calido-reencuentro-fue-una-mesa-muy-agradable\\\/#respond\"]}]},{\"@type\":\"WebPage\",\"@id\":\"https:\\\/\\\/radioclanfm.com\\\/clanespectaculos\\\/mirtha-legrand-y-moria-casan-superaron-las-peleas-del-pasado-y-tuvieron-un-calido-reencuentro-fue-una-mesa-muy-agradable\\\/\",\"url\":\"https:\\\/\\\/radioclanfm.com\\\/clanespectaculos\\\/mirtha-legrand-y-moria-casan-superaron-las-peleas-del-pasado-y-tuvieron-un-calido-reencuentro-fue-una-mesa-muy-agradable\\\/\",\"name\":\"Mirtha Legrand y Moria Cas\u00e1n superaron las peleas del pasado y tuvieron un c\u00e1lido reencuentro: \u201cFue una mesa muy agradable\u201d - CLAN ESPECTACULOS\",\"isPartOf\":{\"@id\":\"https:\\\/\\\/radioclanfm.com\\\/clanespectaculos\\\/#website\"},\"primaryImageOfPage\":{\"@id\":\"https:\\\/\\\/radioclanfm.com\\\/clanespectaculos\\\/mirtha-legrand-y-moria-casan-superaron-las-peleas-del-pasado-y-tuvieron-un-calido-reencuentro-fue-una-mesa-muy-agradable\\\/#primaryimage\"},\"image\":{\"@id\":\"https:\\\/\\\/radioclanfm.com\\\/clanespectaculos\\\/mirtha-legrand-y-moria-casan-superaron-las-peleas-del-pasado-y-tuvieron-un-calido-reencuentro-fue-una-mesa-muy-agradable\\\/#primaryimage\"},\"thumbnailUrl\":\"https:\\\/\\\/radioclanfm.com\\\/clanespectaculos\\\/wp-content\\\/uploads\\\/sites\\\/2\\\/2025\\\/07\\\/I5WccGHr.jpg\",\"datePublished\":\"2025-07-20T00:12:39+00:00\",\"breadcrumb\":{\"@id\":\"https:\\\/\\\/radioclanfm.com\\\/clanespectaculos\\\/mirtha-legrand-y-moria-casan-superaron-las-peleas-del-pasado-y-tuvieron-un-calido-reencuentro-fue-una-mesa-muy-agradable\\\/#breadcrumb\"},\"inLanguage\":\"es-AR\",\"potentialAction\":[{\"@type\":\"ReadAction\",\"target\":[\"https:\\\/\\\/radioclanfm.com\\\/clanespectaculos\\\/mirtha-legrand-y-moria-casan-superaron-las-peleas-del-pasado-y-tuvieron-un-calido-reencuentro-fue-una-mesa-muy-agradable\\\/\"]}]},{\"@type\":\"ImageObject\",\"inLanguage\":\"es-AR\",\"@id\":\"https:\\\/\\\/radioclanfm.com\\\/clanespectaculos\\\/mirtha-legrand-y-moria-casan-superaron-las-peleas-del-pasado-y-tuvieron-un-calido-reencuentro-fue-una-mesa-muy-agradable\\\/#primaryimage\",\"url\":\"https:\\\/\\\/radioclanfm.com\\\/clanespectaculos\\\/wp-content\\\/uploads\\\/sites\\\/2\\\/2025\\\/07\\\/I5WccGHr.jpg\",\"contentUrl\":\"https:\\\/\\\/radioclanfm.com\\\/clanespectaculos\\\/wp-content\\\/uploads\\\/sites\\\/2\\\/2025\\\/07\\\/I5WccGHr.jpg\",\"width\":900,\"height\":450},{\"@type\":\"BreadcrumbList\",\"@id\":\"https:\\\/\\\/radioclanfm.com\\\/clanespectaculos\\\/mirtha-legrand-y-moria-casan-superaron-las-peleas-del-pasado-y-tuvieron-un-calido-reencuentro-fue-una-mesa-muy-agradable\\\/#breadcrumb\",\"itemListElement\":[{\"@type\":\"ListItem\",\"position\":1,\"name\":\"Inicio\",\"item\":\"https:\\\/\\\/radioclanfm.com\\\/clanespectaculos\\\/\"},{\"@type\":\"ListItem\",\"position\":2,\"name\":\"Mirtha Legrand y Moria Cas\u00e1n superaron las peleas del pasado y tuvieron un c\u00e1lido reencuentro: \u201cFue una mesa muy agradable\u201d\"}]},{\"@type\":\"WebSite\",\"@id\":\"https:\\\/\\\/radioclanfm.com\\\/clanespectaculos\\\/#website\",\"url\":\"https:\\\/\\\/radioclanfm.com\\\/clanespectaculos\\\/\",\"name\":\"CLAN ESPECTACULOS\",\"description\":\"\",\"publisher\":{\"@id\":\"https:\\\/\\\/radioclanfm.com\\\/clanespectaculos\\\/#organization\"},\"potentialAction\":[{\"@type\":\"SearchAction\",\"target\":{\"@type\":\"EntryPoint\",\"urlTemplate\":\"https:\\\/\\\/radioclanfm.com\\\/clanespectaculos\\\/?s={search_term_string}\"},\"query-input\":{\"@type\":\"PropertyValueSpecification\",\"valueRequired\":true,\"valueName\":\"search_term_string\"}}],\"inLanguage\":\"es-AR\"},{\"@type\":\"Organization\",\"@id\":\"https:\\\/\\\/radioclanfm.com\\\/clanespectaculos\\\/#organization\",\"name\":\"CLAN ESPECTACULOS\",\"url\":\"https:\\\/\\\/radioclanfm.com\\\/clanespectaculos\\\/\",\"logo\":{\"@type\":\"ImageObject\",\"inLanguage\":\"es-AR\",\"@id\":\"https:\\\/\\\/radioclanfm.com\\\/clanespectaculos\\\/#\\\/schema\\\/logo\\\/image\\\/\",\"url\":\"https:\\\/\\\/radioclanfm.com\\\/clanespectaculos\\\/wp-content\\\/uploads\\\/sites\\\/2\\\/2026\\\/04\\\/ChatGPT-Image-23-mar-2026-10_09_00.png\",\"contentUrl\":\"https:\\\/\\\/radioclanfm.com\\\/clanespectaculos\\\/wp-content\\\/uploads\\\/sites\\\/2\\\/2026\\\/04\\\/ChatGPT-Image-23-mar-2026-10_09_00.png\",\"width\":1024,\"height\":1024,\"caption\":\"CLAN ESPECTACULOS\"},\"image\":{\"@id\":\"https:\\\/\\\/radioclanfm.com\\\/clanespectaculos\\\/#\\\/schema\\\/logo\\\/image\\\/\"},\"sameAs\":[\"https:\\\/\\\/www.facebook.com\\\/clanespectaculos\\\/\",\"https:\\\/\\\/x.com\\\/clanespectok\"]},{\"@type\":\"Person\",\"@id\":\"https:\\\/\\\/radioclanfm.com\\\/clanespectaculos\\\/#\\\/schema\\\/person\\\/9734813083303230f3ad84d99171b20c\",\"name\":\"E-GRUPOCLAN\",\"image\":{\"@type\":\"ImageObject\",\"inLanguage\":\"es-AR\",\"@id\":\"https:\\\/\\\/secure.gravatar.com\\\/avatar\\\/af6e19837c3d6a212034a48c7b3818d2ac1826f6025df0155da5a186ad321d79?s=96&d=mm&r=g\",\"url\":\"https:\\\/\\\/secure.gravatar.com\\\/avatar\\\/af6e19837c3d6a212034a48c7b3818d2ac1826f6025df0155da5a186ad321d79?s=96&d=mm&r=g\",\"contentUrl\":\"https:\\\/\\\/secure.gravatar.com\\\/avatar\\\/af6e19837c3d6a212034a48c7b3818d2ac1826f6025df0155da5a186ad321d79?s=96&d=mm&r=g\",\"caption\":\"E-GRUPOCLAN\"},\"sameAs\":[\"https:\\\/\\\/radioclanfm.com\"],\"url\":\"https:\\\/\\\/radioclanfm.com\\\/clanespectaculos\\\/author\\\/admin\\\/\"}]}<\/script>\n<!-- \/ Yoast SEO plugin. -->","yoast_head_json":{"title":"Mirtha Legrand y Moria Cas\u00e1n superaron las peleas del pasado y tuvieron un c\u00e1lido reencuentro: \u201cFue una mesa muy agradable\u201d - CLAN ESPECTACULOS","robots":{"index":"index","follow":"follow","max-snippet":"max-snippet:-1","max-image-preview":"max-image-preview:large","max-video-preview":"max-video-preview:-1"},"canonical":"https:\/\/radioclanfm.com\/clanespectaculos\/mirtha-legrand-y-moria-casan-superaron-las-peleas-del-pasado-y-tuvieron-un-calido-reencuentro-fue-una-mesa-muy-agradable\/","og_locale":"es_ES","og_type":"article","og_title":"Mirtha Legrand y Moria Cas\u00e1n superaron las peleas del pasado y tuvieron un c\u00e1lido reencuentro: \u201cFue una mesa muy agradable\u201d - CLAN ESPECTACULOS","og_description":"El regreso de la vedette a la mesa m\u00e1s famosa del pa\u00eds luego de a\u00f1os de distanciamiento gener\u00f3 expectativa. Teleshow convers\u00f3 con la actriz de \u201cCuesti\u00f3n de G\u00e9nero\u201d para conocer detalles de la reuni\u00f3n, que se ver\u00e1 hoy por la noche Tomadas de la mano,\u00a0Moria Cas\u00e1n\u00a0y\u00a0Mirtha Legrand\u00a0sorprendieron al p\u00fablico con su reconciliaci\u00f3n. Este gesto, tras [&hellip;]","og_url":"https:\/\/radioclanfm.com\/clanespectaculos\/mirtha-legrand-y-moria-casan-superaron-las-peleas-del-pasado-y-tuvieron-un-calido-reencuentro-fue-una-mesa-muy-agradable\/","og_site_name":"CLAN ESPECTACULOS","article_publisher":"https:\/\/www.facebook.com\/clanespectaculos\/","article_published_time":"2025-07-20T00:12:39+00:00","og_image":[{"width":900,"height":450,"url":"https:\/\/radioclanfm.com\/clanespectaculos\/wp-content\/uploads\/sites\/2\/2025\/07\/I5WccGHr.jpg","type":"image\/jpeg"}],"author":"E-GRUPOCLAN","twitter_card":"summary_large_image","twitter_creator":"@clanespectok","twitter_site":"@clanespectok","twitter_misc":{"Escrito por":"E-GRUPOCLAN","Tiempo de lectura":"7 minutos"},"schema":{"@context":"https:\/\/schema.org","@graph":[{"@type":"Article","@id":"https:\/\/radioclanfm.com\/clanespectaculos\/mirtha-legrand-y-moria-casan-superaron-las-peleas-del-pasado-y-tuvieron-un-calido-reencuentro-fue-una-mesa-muy-agradable\/#article","isPartOf":{"@id":"https:\/\/radioclanfm.com\/clanespectaculos\/mirtha-legrand-y-moria-casan-superaron-las-peleas-del-pasado-y-tuvieron-un-calido-reencuentro-fue-una-mesa-muy-agradable\/"},"author":{"name":"E-GRUPOCLAN","@id":"https:\/\/radioclanfm.com\/clanespectaculos\/#\/schema\/person\/9734813083303230f3ad84d99171b20c"},"headline":"Mirtha Legrand y Moria Cas\u00e1n superaron las peleas del pasado y tuvieron un c\u00e1lido reencuentro: \u201cFue una mesa muy agradable\u201d","datePublished":"2025-07-20T00:12:39+00:00","mainEntityOfPage":{"@id":"https:\/\/radioclanfm.com\/clanespectaculos\/mirtha-legrand-y-moria-casan-superaron-las-peleas-del-pasado-y-tuvieron-un-calido-reencuentro-fue-una-mesa-muy-agradable\/"},"wordCount":1497,"commentCount":0,"publisher":{"@id":"https:\/\/radioclanfm.com\/clanespectaculos\/#organization"},"image":{"@id":"https:\/\/radioclanfm.com\/clanespectaculos\/mirtha-legrand-y-moria-casan-superaron-las-peleas-del-pasado-y-tuvieron-un-calido-reencuentro-fue-una-mesa-muy-agradable\/#primaryimage"},"thumbnailUrl":"https:\/\/radioclanfm.com\/clanespectaculos\/wp-content\/uploads\/sites\/2\/2025\/07\/I5WccGHr.jpg","articleSection":["Espectaculos"],"inLanguage":"es-AR","potentialAction":[{"@type":"CommentAction","name":"Comment","target":["https:\/\/radioclanfm.com\/clanespectaculos\/mirtha-legrand-y-moria-casan-superaron-las-peleas-del-pasado-y-tuvieron-un-calido-reencuentro-fue-una-mesa-muy-agradable\/#respond"]}]},{"@type":"WebPage","@id":"https:\/\/radioclanfm.com\/clanespectaculos\/mirtha-legrand-y-moria-casan-superaron-las-peleas-del-pasado-y-tuvieron-un-calido-reencuentro-fue-una-mesa-muy-agradable\/","url":"https:\/\/radioclanfm.com\/clanespectaculos\/mirtha-legrand-y-moria-casan-superaron-las-peleas-del-pasado-y-tuvieron-un-calido-reencuentro-fue-una-mesa-muy-agradable\/","name":"Mirtha Legrand y Moria Cas\u00e1n superaron las peleas del pasado y tuvieron un c\u00e1lido reencuentro: \u201cFue una mesa muy agradable\u201d - CLAN ESPECTACULOS","isPartOf":{"@id":"https:\/\/radioclanfm.com\/clanespectaculos\/#website"},"primaryImageOfPage":{"@id":"https:\/\/radioclanfm.com\/clanespectaculos\/mirtha-legrand-y-moria-casan-superaron-las-peleas-del-pasado-y-tuvieron-un-calido-reencuentro-fue-una-mesa-muy-agradable\/#primaryimage"},"image":{"@id":"https:\/\/radioclanfm.com\/clanespectaculos\/mirtha-legrand-y-moria-casan-superaron-las-peleas-del-pasado-y-tuvieron-un-calido-reencuentro-fue-una-mesa-muy-agradable\/#primaryimage"},"thumbnailUrl":"https:\/\/radioclanfm.com\/clanespectaculos\/wp-content\/uploads\/sites\/2\/2025\/07\/I5WccGHr.jpg","datePublished":"2025-07-20T00:12:39+00:00","breadcrumb":{"@id":"https:\/\/radioclanfm.com\/clanespectaculos\/mirtha-legrand-y-moria-casan-superaron-las-peleas-del-pasado-y-tuvieron-un-calido-reencuentro-fue-una-mesa-muy-agradable\/#breadcrumb"},"inLanguage":"es-AR","potentialAction":[{"@type":"ReadAction","target":["https:\/\/radioclanfm.com\/clanespectaculos\/mirtha-legrand-y-moria-casan-superaron-las-peleas-del-pasado-y-tuvieron-un-calido-reencuentro-fue-una-mesa-muy-agradable\/"]}]},{"@type":"ImageObject","inLanguage":"es-AR","@id":"https:\/\/radioclanfm.com\/clanespectaculos\/mirtha-legrand-y-moria-casan-superaron-las-peleas-del-pasado-y-tuvieron-un-calido-reencuentro-fue-una-mesa-muy-agradable\/#primaryimage","url":"https:\/\/radioclanfm.com\/clanespectaculos\/wp-content\/uploads\/sites\/2\/2025\/07\/I5WccGHr.jpg","contentUrl":"https:\/\/radioclanfm.com\/clanespectaculos\/wp-content\/uploads\/sites\/2\/2025\/07\/I5WccGHr.jpg","width":900,"height":450},{"@type":"BreadcrumbList","@id":"https:\/\/radioclanfm.com\/clanespectaculos\/mirtha-legrand-y-moria-casan-superaron-las-peleas-del-pasado-y-tuvieron-un-calido-reencuentro-fue-una-mesa-muy-agradable\/#breadcrumb","itemListElement":[{"@type":"ListItem","position":1,"name":"Inicio","item":"https:\/\/radioclanfm.com\/clanespectaculos\/"},{"@type":"ListItem","position":2,"name":"Mirtha Legrand y Moria Cas\u00e1n superaron las peleas del pasado y tuvieron un c\u00e1lido reencuentro: \u201cFue una mesa muy agradable\u201d"}]},{"@type":"WebSite","@id":"https:\/\/radioclanfm.com\/clanespectaculos\/#website","url":"https:\/\/radioclanfm.com\/clanespectaculos\/","name":"CLAN ESPECTACULOS","description":"","publisher":{"@id":"https:\/\/radioclanfm.com\/clanespectaculos\/#organization"},"potentialAction":[{"@type":"SearchAction","target":{"@type":"EntryPoint","urlTemplate":"https:\/\/radioclanfm.com\/clanespectaculos\/?s={search_term_string}"},"query-input":{"@type":"PropertyValueSpecification","valueRequired":true,"valueName":"search_term_string"}}],"inLanguage":"es-AR"},{"@type":"Organization","@id":"https:\/\/radioclanfm.com\/clanespectaculos\/#organization","name":"CLAN ESPECTACULOS","url":"https:\/\/radioclanfm.com\/clanespectaculos\/","logo":{"@type":"ImageObject","inLanguage":"es-AR","@id":"https:\/\/radioclanfm.com\/clanespectaculos\/#\/schema\/logo\/image\/","url":"https:\/\/radioclanfm.com\/clanespectaculos\/wp-content\/uploads\/sites\/2\/2026\/04\/ChatGPT-Image-23-mar-2026-10_09_00.png","contentUrl":"https:\/\/radioclanfm.com\/clanespectaculos\/wp-content\/uploads\/sites\/2\/2026\/04\/ChatGPT-Image-23-mar-2026-10_09_00.png","width":1024,"height":1024,"caption":"CLAN ESPECTACULOS"},"image":{"@id":"https:\/\/radioclanfm.com\/clanespectaculos\/#\/schema\/logo\/image\/"},"sameAs":["https:\/\/www.facebook.com\/clanespectaculos\/","https:\/\/x.com\/clanespectok"]},{"@type":"Person","@id":"https:\/\/radioclanfm.com\/clanespectaculos\/#\/schema\/person\/9734813083303230f3ad84d99171b20c","name":"E-GRUPOCLAN","image":{"@type":"ImageObject","inLanguage":"es-AR","@id":"https:\/\/secure.gravatar.com\/avatar\/af6e19837c3d6a212034a48c7b3818d2ac1826f6025df0155da5a186ad321d79?s=96&d=mm&r=g","url":"https:\/\/secure.gravatar.com\/avatar\/af6e19837c3d6a212034a48c7b3818d2ac1826f6025df0155da5a186ad321d79?s=96&d=mm&r=g","contentUrl":"https:\/\/secure.gravatar.com\/avatar\/af6e19837c3d6a212034a48c7b3818d2ac1826f6025df0155da5a186ad321d79?s=96&d=mm&r=g","caption":"E-GRUPOCLAN"},"sameAs":["https:\/\/radioclanfm.com"],"url":"https:\/\/radioclanfm.com\/clanespectaculos\/author\/admin\/"}]}},"_links":{"self":[{"href":"https:\/\/radioclanfm.com\/clanespectaculos\/wp-json\/wp\/v2\/posts\/3318","targetHints":{"allow":["GET"]}}],"collection":[{"href":"https:\/\/radioclanfm.com\/clanespectaculos\/wp-json\/wp\/v2\/posts"}],"about":[{"href":"https:\/\/radioclanfm.com\/clanespectaculos\/wp-json\/wp\/v2\/types\/post"}],"author":[{"embeddable":true,"href":"https:\/\/radioclanfm.com\/clanespectaculos\/wp-json\/wp\/v2\/users\/1"}],"replies":[{"embeddable":true,"href":"https:\/\/radioclanfm.com\/clanespectaculos\/wp-json\/wp\/v2\/comments?post=3318"}],"version-history":[{"count":1,"href":"https:\/\/radioclanfm.com\/clanespectaculos\/wp-json\/wp\/v2\/posts\/3318\/revisions"}],"predecessor-version":[{"id":3320,"href":"https:\/\/radioclanfm.com\/clanespectaculos\/wp-json\/wp\/v2\/posts\/3318\/revisions\/3320"}],"wp:featuredmedia":[{"embeddable":true,"href":"https:\/\/radioclanfm.com\/clanespectaculos\/wp-json\/wp\/v2\/media\/3319"}],"wp:attachment":[{"href":"https:\/\/radioclanfm.com\/clanespectaculos\/wp-json\/wp\/v2\/media?parent=3318"}],"wp:term":[{"taxonomy":"category","embeddable":true,"href":"https:\/\/radioclanfm.com\/clanespectaculos\/wp-json\/wp\/v2\/categories?post=3318"},{"taxonomy":"post_tag","embeddable":true,"href":"https:\/\/radioclanfm.com\/clanespectaculos\/wp-json\/wp\/v2\/tags?post=3318"}],"curies":[{"name":"wp","href":"https:\/\/api.w.org\/{rel}","templated":true}]}}