{"id":3314,"date":"2025-07-19T21:08:40","date_gmt":"2025-07-20T00:08:40","guid":{"rendered":"https:\/\/radioclanfm.com\/clanespectaculos\/?p=3314"},"modified":"2025-07-19T21:08:40","modified_gmt":"2025-07-20T00:08:40","slug":"wanda-nara-toco-fondo-y-trato-de-sanguijuelas-a-los-hijos-de-la-china-suarez-el-terrible-mensaje","status":"publish","type":"post","link":"https:\/\/radioclanfm.com\/clanespectaculos\/wanda-nara-toco-fondo-y-trato-de-sanguijuelas-a-los-hijos-de-la-china-suarez-el-terrible-mensaje\/","title":{"rendered":"Wanda Nara toc\u00f3 fondo y trat\u00f3 de \u201csanguijuelas\u201d a los hijos de la China Su\u00e1rez: el terrible mensaje"},"content":{"rendered":"<p>La medi\u00e1tica cruz\u00f3 un l\u00edmite y recibi\u00f3 comentarios lapidarios en las redes sociales. Estall\u00f3 luego de ver que Mauro Icardi puso sus iniciales en sus nuevos botines.<\/p>\n<div class=\"col-content\"><main class=\"col-content\"><\/p>\n<div class=\"default-article-color article__body article__article\">\n<p class=\"paragraph font__body-regular\"><b>Wanda Nara se sac\u00f3 de quicio al ver que Mauro Icardi puso las iniciales de los hijos de la China Su\u00e1rez en sus nuevos botines<\/b>, con los que piensa hacer muchos goles en el Galatasaray. Fuera de s\u00ed, retuite\u00f3 el mensaje de una seguidora que\u00a0<b>trat\u00f3 a Rufina, Magnolia y Amancio de sanguijuelas<\/b>\u00a0y ardi\u00f3 Troya.<\/p>\n<div class=\"AV67f93cf033780503b00636a7\">\n<div id=\"aniBox\">\n<div id=\"aniplayer_AV67f93cf033780503b00636a7-1752969996843\">\n<div id=\"aniplayer_AV67f93cf033780503b00636a7-1752969996843gui\">\n<div id=\"av-caption\">\n<div id=\"av-close-btn-overlay\" class=\"av-pos-top-left\"><\/div>\n<\/div>\n<\/div>\n<\/div>\n<\/div>\n<\/div>\n<div id=\"ad-slot-infeed\" class=\"infeed-container ad-slot-infeed ad-slot\" data-adtype=\"infeed\" data-google-query-id=\"CMbgw56Syo4DFXE9uQYdc9I0Fw\">\n<div id=\"google_ads_iframe_\/113951150\/tn-arc\/nota\/infeed_0__container__\"><\/div>\n<\/div>\n<p class=\"paragraph font__body-regular\">\u201cQu\u00e9 insulto poner a tus propios hijos a la misma altura de las tres sanguijuelas de tu amante. Qu\u00e9 verg\u00fcenza das como padre Icardi, otra vez la sangremoncha usando a sus tres cuotas alimentarias para sacarle plata a otro macho\u201d, fue el comentario que comparti\u00f3 este viernes por la tarde.<\/p>\n<p class=\"paragraph font__body-regular\"><i><b>Las cr\u00edticas sobre su accionar no tardaron en aparecer. &#8220;<\/b><\/i>Decirle \u2018sanguijuela\u2019 a unos nenes que no tienen nada que ver describe muy bien a quien escribe el tuit y a quien retuitea&#8221;, \u201c\u00bfTan min\u00fasculo cerebro ten\u00e9s que la \u00fanica manera de atacar a la China es tratando as\u00ed a esos hermosos ni\u00f1os?\u201c, \u201d\u00bfY es mejor mostrar las tet*s estando de vacaciones con tus hijos? Naaa, \u00a1si es un ejemplo esta mina! Lo mejor que les puede pasar es que est\u00e9n con su padre&#8221;, \u201cLa nefasta de Wanda dando RT a insultos contra ni\u00f1os. \u00a1\u00a1No se puede caer m\u00e1s bajo por despecho!! Superalo como la mujer de casi 40 a\u00f1os que sos, no te agarres con unos nenes como las psic\u00f3patas de tus fans&#8221;, fueron algunos de los mensajes que se leyeron.<\/p>\n<figure class=\"\" data-testid=\"figure-testid\">\n<div class=\"aspect_ratio__container\"><picture class=\"responsive-image\"><source srcset=\"https:\/\/tn.com.ar\/resizer\/v2\/wanda-nara-avalo-un-tuit-donde-les-decian-sanguijuelas-a-los-hijos-de-la-china-suarez-foto-xwanditanara-XQBUSI23ONAG5PITN2GZZYUHSI.JPG?auth=79f740a7d44c8431ba6d469510738181ff52cb8ca44fb96e495e390362e4e621&amp;width=767\" type=\"image\/jpg\" media=\"(max-width: 728px)\" \/><source srcset=\"https:\/\/tn.com.ar\/resizer\/v2\/wanda-nara-avalo-un-tuit-donde-les-decian-sanguijuelas-a-los-hijos-de-la-china-suarez-foto-xwanditanara-XQBUSI23ONAG5PITN2GZZYUHSI.JPG?auth=79f740a7d44c8431ba6d469510738181ff52cb8ca44fb96e495e390362e4e621&amp;width=1023\" type=\"image\/jpg\" media=\"(max-width: 1023px)\" \/><source srcset=\"https:\/\/tn.com.ar\/resizer\/v2\/wanda-nara-avalo-un-tuit-donde-les-decian-sanguijuelas-a-los-hijos-de-la-china-suarez-foto-xwanditanara-XQBUSI23ONAG5PITN2GZZYUHSI.JPG?auth=79f740a7d44c8431ba6d469510738181ff52cb8ca44fb96e495e390362e4e621&amp;width=1440\" type=\"image\/jpg\" \/><img loading=\"lazy\" decoding=\"async\" class=\"image content-image image_placeholder\" src=\"https:\/\/tn.com.ar\/resizer\/v2\/wanda-nara-avalo-un-tuit-donde-les-decian-sanguijuelas-a-los-hijos-de-la-china-suarez-foto-xwanditanara-XQBUSI23ONAG5PITN2GZZYUHSI.JPG?auth=79f740a7d44c8431ba6d469510738181ff52cb8ca44fb96e495e390362e4e621&amp;width=767\" alt=\"Wanda Nara aval\u00f3 un tuit donde les dec\u00edan sanguijuelas a los hijos de la China Su\u00e1rez. (Foto: X\/wanditanara)\" width=\"767\" height=\"595\" data-testid=\"loading-testid\" \/><\/picture><\/div><figcaption class=\"caption_image\" data-testid=\"figcaption-testid\">\n<div class=\"image_caption \">Wanda Nara aval\u00f3 un tuit donde les dec\u00edan sanguijuelas a los hijos de la China Su\u00e1rez. (Foto: X\/wanditanara)<\/div>\n<\/figcaption><\/figure>\n<h2 class=\"font--primary font__display\">Wanda Nara cont\u00f3 el verdadero motivo por el que se separ\u00f3 de Mauro Icardi<\/h2>\n<h2 class=\"font--primary font__display\"><\/h2>\n<p class=\"paragraph font__body-regular\"><b>Wanda Nara<\/b>\u00a0viaj\u00f3 a Cerro Bayo con sus hijos y desde all\u00ed se anim\u00f3 a una superproducci\u00f3n en la nieve para hablar de su nueva vida\u00a0y lo quiere en el futuro. Tambi\u00e9n se refiri\u00f3 a\u00a0<b>Mauro Icardi,\u00a0<\/b>y a casi un a\u00f1o de la separaci\u00f3n\u00a0<b>ventil\u00f3 el verdadero motivo por el que todo se termin\u00f3\u00a0<\/b>tras una d\u00e9cada de matrimonio.<\/p>\n<p class=\"paragraph font__body-regular\">\u201cA \u00e9l le cost\u00f3 mucho la separaci\u00f3n. Yo hice el duelo estando a su lado. Lo hablamos muchas veces y \u00e9l siempre sinti\u00f3 que iba a poder recuperar a la familia o recuperarme.\u00a0<b>Tres a\u00f1os intent\u00e9 recuperar la confianza en \u00e9l, pero no pude<\/b>. No me arrepiento, porque si no me hubiera dado esa oportunidad, me hubiera quedado la duda. La familia que ten\u00edamos merec\u00eda una y mil oportunidades m\u00e1s, pero no se dio&#8221;, explic\u00f3 ante la revista<i>\u00a0\u00a1Hola!<\/i><\/p>\n<figure class=\"\" data-testid=\"figure-testid\">\n<div class=\"aspect_ratio__container\"><picture class=\"responsive-image\"><source srcset=\"https:\/\/tn.com.ar\/resizer\/v2\/wanda-nara-y-mauro-icardi-estuvieron-10-anos-en-pareja-foto-instagramwandanara-6GR273GV7BBLNDJKOKJYAESGEM.jpg?auth=0697712172fa52643519b5d950b0d6f78220c84d9a3494305e9b440d0d336159&amp;width=767\" type=\"image\/jpg\" media=\"(max-width: 728px)\" \/><source srcset=\"https:\/\/tn.com.ar\/resizer\/v2\/wanda-nara-y-mauro-icardi-estuvieron-10-anos-en-pareja-foto-instagramwandanara-6GR273GV7BBLNDJKOKJYAESGEM.jpg?auth=0697712172fa52643519b5d950b0d6f78220c84d9a3494305e9b440d0d336159&amp;width=1023\" type=\"image\/jpg\" media=\"(max-width: 1023px)\" \/><source srcset=\"https:\/\/tn.com.ar\/resizer\/v2\/wanda-nara-y-mauro-icardi-estuvieron-10-anos-en-pareja-foto-instagramwandanara-6GR273GV7BBLNDJKOKJYAESGEM.jpg?auth=0697712172fa52643519b5d950b0d6f78220c84d9a3494305e9b440d0d336159&amp;width=1440\" type=\"image\/jpg\" \/><img loading=\"lazy\" decoding=\"async\" class=\"image content-image image_placeholder\" src=\"https:\/\/tn.com.ar\/resizer\/v2\/wanda-nara-y-mauro-icardi-estuvieron-10-anos-en-pareja-foto-instagramwandanara-6GR273GV7BBLNDJKOKJYAESGEM.jpg?auth=0697712172fa52643519b5d950b0d6f78220c84d9a3494305e9b440d0d336159&amp;width=767\" alt=\"Wanda Nara y Mauro Icardi estuvieron 10 a\u00f1os en pareja. (Foto: instagram\/wanda_nara)\" width=\"767\" height=\"430\" data-testid=\"loading-testid\" \/><\/picture><\/div><figcaption class=\"caption_image\" data-testid=\"figcaption-testid\">\n<div class=\"image_caption \">Wanda Nara y Mauro Icardi estuvieron 10 a\u00f1os en pareja. (Foto: instagram\/wanda_nara)<\/div>\n<\/figcaption><\/figure>\n<p class=\"paragraph font__body-regular\">Al ser consultada sobre si cree que en alg\u00fan momento podr\u00e1 llevarse bien con el jugador, fue contundente: \u201cUna buena relaci\u00f3n llega cuando las dos partes pueden soltar de verdad.\u00a0<b>\u00c9l se va a calmar cuando pueda entender que estamos realmente separados<\/b>.<b>\u00a0<\/b>Nosotros ten\u00edamos una historia muy fuerte juntos, muchos proyectos que cumplimos y muchos por cumplir, pero si la separaci\u00f3n no la trabaj\u00e1s con alguien o no te das el tiempo para el duelo, la herida se hace cada vez m\u00e1s grande y se transforma en enojo. Creo que ese enojo esconde tristeza&#8221;.<\/p>\n<\/div>\n<p><\/main><\/div>\n<aside class=\"col-right-rail right-rail\">\n<div id=\"parent-ad-slot-caja\" class=\"ad-container caja_ad \">\n<div class=\"ad-content\"><\/div>\n<\/div>\n<\/aside>\n<p>&nbsp;<\/p>\n","protected":false},"excerpt":{"rendered":"<p>La medi\u00e1tica cruz\u00f3 un l\u00edmite y recibi\u00f3 comentarios lapidarios en las redes sociales. Estall\u00f3 luego de ver que Mauro Icardi puso sus iniciales en sus nuevos botines. Wanda Nara se sac\u00f3 de quicio al ver que Mauro Icardi puso las iniciales de los hijos de la China Su\u00e1rez en sus nuevos botines, con los que [&hellip;]<\/p>\n","protected":false},"author":1,"featured_media":3316,"comment_status":"open","ping_status":"open","sticky":false,"template":"","format":"standard","meta":{"rop_custom_images_group":[],"rop_custom_messages_group":[],"rop_publish_now":"initial","rop_publish_now_accounts":[],"rop_publish_now_history":[],"rop_publish_now_status":"pending","footnotes":"","jetpack_publicize_message":"","jetpack_publicize_feature_enabled":true,"jetpack_social_post_already_shared":true,"jetpack_social_options":{"image_generator_settings":{"template":"highway","enabled":false},"version":2}},"categories":[12],"tags":[],"class_list":{"0":"post-3314","1":"post","2":"type-post","3":"status-publish","4":"format-standard","5":"has-post-thumbnail","7":"category-espectaculos"},"jetpack_publicize_connections":[],"yoast_head":"<!-- This site is optimized with the Yoast SEO plugin v27.3 - https:\/\/yoast.com\/product\/yoast-seo-wordpress\/ -->\n<title>Wanda Nara toc\u00f3 fondo y trat\u00f3 de \u201csanguijuelas\u201d a los hijos de la China Su\u00e1rez: el terrible mensaje - CLAN ESPECTACULOS<\/title>\n<meta name=\"robots\" content=\"index, follow, max-snippet:-1, max-image-preview:large, max-video-preview:-1\" \/>\n<link rel=\"canonical\" href=\"https:\/\/radioclanfm.com\/clanespectaculos\/wanda-nara-toco-fondo-y-trato-de-sanguijuelas-a-los-hijos-de-la-china-suarez-el-terrible-mensaje\/\" \/>\n<meta property=\"og:locale\" content=\"es_ES\" \/>\n<meta property=\"og:type\" content=\"article\" \/>\n<meta property=\"og:title\" content=\"Wanda Nara toc\u00f3 fondo y trat\u00f3 de \u201csanguijuelas\u201d a los hijos de la China Su\u00e1rez: el terrible mensaje - CLAN ESPECTACULOS\" \/>\n<meta property=\"og:description\" content=\"La medi\u00e1tica cruz\u00f3 un l\u00edmite y recibi\u00f3 comentarios lapidarios en las redes sociales. Estall\u00f3 luego de ver que Mauro Icardi puso sus iniciales en sus nuevos botines. Wanda Nara se sac\u00f3 de quicio al ver que Mauro Icardi puso las iniciales de los hijos de la China Su\u00e1rez en sus nuevos botines, con los que [&hellip;]\" \/>\n<meta property=\"og:url\" content=\"https:\/\/radioclanfm.com\/clanespectaculos\/wanda-nara-toco-fondo-y-trato-de-sanguijuelas-a-los-hijos-de-la-china-suarez-el-terrible-mensaje\/\" \/>\n<meta property=\"og:site_name\" content=\"CLAN ESPECTACULOS\" \/>\n<meta property=\"article:publisher\" content=\"https:\/\/www.facebook.com\/clanespectaculos\/\" \/>\n<meta property=\"article:published_time\" content=\"2025-07-20T00:08:40+00:00\" \/>\n<meta property=\"og:image\" content=\"https:\/\/radioclanfm.com\/clanespectaculos\/wp-content\/uploads\/sites\/2\/2025\/07\/SnaIwaNw.jpg\" \/>\n\t<meta property=\"og:image:width\" content=\"900\" \/>\n\t<meta property=\"og:image:height\" content=\"504\" \/>\n\t<meta property=\"og:image:type\" content=\"image\/jpeg\" \/>\n<meta name=\"author\" content=\"E-GRUPOCLAN\" \/>\n<meta name=\"twitter:card\" content=\"summary_large_image\" \/>\n<meta name=\"twitter:creator\" content=\"@clanespectok\" \/>\n<meta name=\"twitter:site\" content=\"@clanespectok\" \/>\n<meta name=\"twitter:label1\" content=\"Escrito por\" \/>\n\t<meta name=\"twitter:data1\" content=\"E-GRUPOCLAN\" \/>\n\t<meta name=\"twitter:label2\" content=\"Tiempo de lectura\" \/>\n\t<meta name=\"twitter:data2\" content=\"3 minutos\" \/>\n<script type=\"application\/ld+json\" class=\"yoast-schema-graph\">{\"@context\":\"https:\\\/\\\/schema.org\",\"@graph\":[{\"@type\":\"Article\",\"@id\":\"https:\\\/\\\/radioclanfm.com\\\/clanespectaculos\\\/wanda-nara-toco-fondo-y-trato-de-sanguijuelas-a-los-hijos-de-la-china-suarez-el-terrible-mensaje\\\/#article\",\"isPartOf\":{\"@id\":\"https:\\\/\\\/radioclanfm.com\\\/clanespectaculos\\\/wanda-nara-toco-fondo-y-trato-de-sanguijuelas-a-los-hijos-de-la-china-suarez-el-terrible-mensaje\\\/\"},\"author\":{\"name\":\"E-GRUPOCLAN\",\"@id\":\"https:\\\/\\\/radioclanfm.com\\\/clanespectaculos\\\/#\\\/schema\\\/person\\\/9734813083303230f3ad84d99171b20c\"},\"headline\":\"Wanda Nara toc\u00f3 fondo y trat\u00f3 de \u201csanguijuelas\u201d a los hijos de la China Su\u00e1rez: el terrible mensaje\",\"datePublished\":\"2025-07-20T00:08:40+00:00\",\"mainEntityOfPage\":{\"@id\":\"https:\\\/\\\/radioclanfm.com\\\/clanespectaculos\\\/wanda-nara-toco-fondo-y-trato-de-sanguijuelas-a-los-hijos-de-la-china-suarez-el-terrible-mensaje\\\/\"},\"wordCount\":596,\"commentCount\":0,\"publisher\":{\"@id\":\"https:\\\/\\\/radioclanfm.com\\\/clanespectaculos\\\/#organization\"},\"image\":{\"@id\":\"https:\\\/\\\/radioclanfm.com\\\/clanespectaculos\\\/wanda-nara-toco-fondo-y-trato-de-sanguijuelas-a-los-hijos-de-la-china-suarez-el-terrible-mensaje\\\/#primaryimage\"},\"thumbnailUrl\":\"https:\\\/\\\/radioclanfm.com\\\/clanespectaculos\\\/wp-content\\\/uploads\\\/sites\\\/2\\\/2025\\\/07\\\/SnaIwaNw.jpg\",\"articleSection\":[\"Espectaculos\"],\"inLanguage\":\"es-AR\",\"potentialAction\":[{\"@type\":\"CommentAction\",\"name\":\"Comment\",\"target\":[\"https:\\\/\\\/radioclanfm.com\\\/clanespectaculos\\\/wanda-nara-toco-fondo-y-trato-de-sanguijuelas-a-los-hijos-de-la-china-suarez-el-terrible-mensaje\\\/#respond\"]}]},{\"@type\":\"WebPage\",\"@id\":\"https:\\\/\\\/radioclanfm.com\\\/clanespectaculos\\\/wanda-nara-toco-fondo-y-trato-de-sanguijuelas-a-los-hijos-de-la-china-suarez-el-terrible-mensaje\\\/\",\"url\":\"https:\\\/\\\/radioclanfm.com\\\/clanespectaculos\\\/wanda-nara-toco-fondo-y-trato-de-sanguijuelas-a-los-hijos-de-la-china-suarez-el-terrible-mensaje\\\/\",\"name\":\"Wanda Nara toc\u00f3 fondo y trat\u00f3 de \u201csanguijuelas\u201d a los hijos de la China Su\u00e1rez: el terrible mensaje - CLAN ESPECTACULOS\",\"isPartOf\":{\"@id\":\"https:\\\/\\\/radioclanfm.com\\\/clanespectaculos\\\/#website\"},\"primaryImageOfPage\":{\"@id\":\"https:\\\/\\\/radioclanfm.com\\\/clanespectaculos\\\/wanda-nara-toco-fondo-y-trato-de-sanguijuelas-a-los-hijos-de-la-china-suarez-el-terrible-mensaje\\\/#primaryimage\"},\"image\":{\"@id\":\"https:\\\/\\\/radioclanfm.com\\\/clanespectaculos\\\/wanda-nara-toco-fondo-y-trato-de-sanguijuelas-a-los-hijos-de-la-china-suarez-el-terrible-mensaje\\\/#primaryimage\"},\"thumbnailUrl\":\"https:\\\/\\\/radioclanfm.com\\\/clanespectaculos\\\/wp-content\\\/uploads\\\/sites\\\/2\\\/2025\\\/07\\\/SnaIwaNw.jpg\",\"datePublished\":\"2025-07-20T00:08:40+00:00\",\"breadcrumb\":{\"@id\":\"https:\\\/\\\/radioclanfm.com\\\/clanespectaculos\\\/wanda-nara-toco-fondo-y-trato-de-sanguijuelas-a-los-hijos-de-la-china-suarez-el-terrible-mensaje\\\/#breadcrumb\"},\"inLanguage\":\"es-AR\",\"potentialAction\":[{\"@type\":\"ReadAction\",\"target\":[\"https:\\\/\\\/radioclanfm.com\\\/clanespectaculos\\\/wanda-nara-toco-fondo-y-trato-de-sanguijuelas-a-los-hijos-de-la-china-suarez-el-terrible-mensaje\\\/\"]}]},{\"@type\":\"ImageObject\",\"inLanguage\":\"es-AR\",\"@id\":\"https:\\\/\\\/radioclanfm.com\\\/clanespectaculos\\\/wanda-nara-toco-fondo-y-trato-de-sanguijuelas-a-los-hijos-de-la-china-suarez-el-terrible-mensaje\\\/#primaryimage\",\"url\":\"https:\\\/\\\/radioclanfm.com\\\/clanespectaculos\\\/wp-content\\\/uploads\\\/sites\\\/2\\\/2025\\\/07\\\/SnaIwaNw.jpg\",\"contentUrl\":\"https:\\\/\\\/radioclanfm.com\\\/clanespectaculos\\\/wp-content\\\/uploads\\\/sites\\\/2\\\/2025\\\/07\\\/SnaIwaNw.jpg\",\"width\":900,\"height\":504},{\"@type\":\"BreadcrumbList\",\"@id\":\"https:\\\/\\\/radioclanfm.com\\\/clanespectaculos\\\/wanda-nara-toco-fondo-y-trato-de-sanguijuelas-a-los-hijos-de-la-china-suarez-el-terrible-mensaje\\\/#breadcrumb\",\"itemListElement\":[{\"@type\":\"ListItem\",\"position\":1,\"name\":\"Inicio\",\"item\":\"https:\\\/\\\/radioclanfm.com\\\/clanespectaculos\\\/\"},{\"@type\":\"ListItem\",\"position\":2,\"name\":\"Wanda Nara toc\u00f3 fondo y trat\u00f3 de \u201csanguijuelas\u201d a los hijos de la China Su\u00e1rez: el terrible mensaje\"}]},{\"@type\":\"WebSite\",\"@id\":\"https:\\\/\\\/radioclanfm.com\\\/clanespectaculos\\\/#website\",\"url\":\"https:\\\/\\\/radioclanfm.com\\\/clanespectaculos\\\/\",\"name\":\"CLAN ESPECTACULOS\",\"description\":\"\",\"publisher\":{\"@id\":\"https:\\\/\\\/radioclanfm.com\\\/clanespectaculos\\\/#organization\"},\"potentialAction\":[{\"@type\":\"SearchAction\",\"target\":{\"@type\":\"EntryPoint\",\"urlTemplate\":\"https:\\\/\\\/radioclanfm.com\\\/clanespectaculos\\\/?s={search_term_string}\"},\"query-input\":{\"@type\":\"PropertyValueSpecification\",\"valueRequired\":true,\"valueName\":\"search_term_string\"}}],\"inLanguage\":\"es-AR\"},{\"@type\":\"Organization\",\"@id\":\"https:\\\/\\\/radioclanfm.com\\\/clanespectaculos\\\/#organization\",\"name\":\"CLAN ESPECTACULOS\",\"url\":\"https:\\\/\\\/radioclanfm.com\\\/clanespectaculos\\\/\",\"logo\":{\"@type\":\"ImageObject\",\"inLanguage\":\"es-AR\",\"@id\":\"https:\\\/\\\/radioclanfm.com\\\/clanespectaculos\\\/#\\\/schema\\\/logo\\\/image\\\/\",\"url\":\"https:\\\/\\\/radioclanfm.com\\\/clanespectaculos\\\/wp-content\\\/uploads\\\/sites\\\/2\\\/2026\\\/04\\\/ChatGPT-Image-23-mar-2026-10_09_00.png\",\"contentUrl\":\"https:\\\/\\\/radioclanfm.com\\\/clanespectaculos\\\/wp-content\\\/uploads\\\/sites\\\/2\\\/2026\\\/04\\\/ChatGPT-Image-23-mar-2026-10_09_00.png\",\"width\":1024,\"height\":1024,\"caption\":\"CLAN ESPECTACULOS\"},\"image\":{\"@id\":\"https:\\\/\\\/radioclanfm.com\\\/clanespectaculos\\\/#\\\/schema\\\/logo\\\/image\\\/\"},\"sameAs\":[\"https:\\\/\\\/www.facebook.com\\\/clanespectaculos\\\/\",\"https:\\\/\\\/x.com\\\/clanespectok\"]},{\"@type\":\"Person\",\"@id\":\"https:\\\/\\\/radioclanfm.com\\\/clanespectaculos\\\/#\\\/schema\\\/person\\\/9734813083303230f3ad84d99171b20c\",\"name\":\"E-GRUPOCLAN\",\"image\":{\"@type\":\"ImageObject\",\"inLanguage\":\"es-AR\",\"@id\":\"https:\\\/\\\/secure.gravatar.com\\\/avatar\\\/af6e19837c3d6a212034a48c7b3818d2ac1826f6025df0155da5a186ad321d79?s=96&d=mm&r=g\",\"url\":\"https:\\\/\\\/secure.gravatar.com\\\/avatar\\\/af6e19837c3d6a212034a48c7b3818d2ac1826f6025df0155da5a186ad321d79?s=96&d=mm&r=g\",\"contentUrl\":\"https:\\\/\\\/secure.gravatar.com\\\/avatar\\\/af6e19837c3d6a212034a48c7b3818d2ac1826f6025df0155da5a186ad321d79?s=96&d=mm&r=g\",\"caption\":\"E-GRUPOCLAN\"},\"sameAs\":[\"https:\\\/\\\/radioclanfm.com\"],\"url\":\"https:\\\/\\\/radioclanfm.com\\\/clanespectaculos\\\/author\\\/admin\\\/\"}]}<\/script>\n<!-- \/ Yoast SEO plugin. -->","yoast_head_json":{"title":"Wanda Nara toc\u00f3 fondo y trat\u00f3 de \u201csanguijuelas\u201d a los hijos de la China Su\u00e1rez: el terrible mensaje - CLAN ESPECTACULOS","robots":{"index":"index","follow":"follow","max-snippet":"max-snippet:-1","max-image-preview":"max-image-preview:large","max-video-preview":"max-video-preview:-1"},"canonical":"https:\/\/radioclanfm.com\/clanespectaculos\/wanda-nara-toco-fondo-y-trato-de-sanguijuelas-a-los-hijos-de-la-china-suarez-el-terrible-mensaje\/","og_locale":"es_ES","og_type":"article","og_title":"Wanda Nara toc\u00f3 fondo y trat\u00f3 de \u201csanguijuelas\u201d a los hijos de la China Su\u00e1rez: el terrible mensaje - CLAN ESPECTACULOS","og_description":"La medi\u00e1tica cruz\u00f3 un l\u00edmite y recibi\u00f3 comentarios lapidarios en las redes sociales. Estall\u00f3 luego de ver que Mauro Icardi puso sus iniciales en sus nuevos botines. Wanda Nara se sac\u00f3 de quicio al ver que Mauro Icardi puso las iniciales de los hijos de la China Su\u00e1rez en sus nuevos botines, con los que [&hellip;]","og_url":"https:\/\/radioclanfm.com\/clanespectaculos\/wanda-nara-toco-fondo-y-trato-de-sanguijuelas-a-los-hijos-de-la-china-suarez-el-terrible-mensaje\/","og_site_name":"CLAN ESPECTACULOS","article_publisher":"https:\/\/www.facebook.com\/clanespectaculos\/","article_published_time":"2025-07-20T00:08:40+00:00","og_image":[{"width":900,"height":504,"url":"https:\/\/radioclanfm.com\/clanespectaculos\/wp-content\/uploads\/sites\/2\/2025\/07\/SnaIwaNw.jpg","type":"image\/jpeg"}],"author":"E-GRUPOCLAN","twitter_card":"summary_large_image","twitter_creator":"@clanespectok","twitter_site":"@clanespectok","twitter_misc":{"Escrito por":"E-GRUPOCLAN","Tiempo de lectura":"3 minutos"},"schema":{"@context":"https:\/\/schema.org","@graph":[{"@type":"Article","@id":"https:\/\/radioclanfm.com\/clanespectaculos\/wanda-nara-toco-fondo-y-trato-de-sanguijuelas-a-los-hijos-de-la-china-suarez-el-terrible-mensaje\/#article","isPartOf":{"@id":"https:\/\/radioclanfm.com\/clanespectaculos\/wanda-nara-toco-fondo-y-trato-de-sanguijuelas-a-los-hijos-de-la-china-suarez-el-terrible-mensaje\/"},"author":{"name":"E-GRUPOCLAN","@id":"https:\/\/radioclanfm.com\/clanespectaculos\/#\/schema\/person\/9734813083303230f3ad84d99171b20c"},"headline":"Wanda Nara toc\u00f3 fondo y trat\u00f3 de \u201csanguijuelas\u201d a los hijos de la China Su\u00e1rez: el terrible mensaje","datePublished":"2025-07-20T00:08:40+00:00","mainEntityOfPage":{"@id":"https:\/\/radioclanfm.com\/clanespectaculos\/wanda-nara-toco-fondo-y-trato-de-sanguijuelas-a-los-hijos-de-la-china-suarez-el-terrible-mensaje\/"},"wordCount":596,"commentCount":0,"publisher":{"@id":"https:\/\/radioclanfm.com\/clanespectaculos\/#organization"},"image":{"@id":"https:\/\/radioclanfm.com\/clanespectaculos\/wanda-nara-toco-fondo-y-trato-de-sanguijuelas-a-los-hijos-de-la-china-suarez-el-terrible-mensaje\/#primaryimage"},"thumbnailUrl":"https:\/\/radioclanfm.com\/clanespectaculos\/wp-content\/uploads\/sites\/2\/2025\/07\/SnaIwaNw.jpg","articleSection":["Espectaculos"],"inLanguage":"es-AR","potentialAction":[{"@type":"CommentAction","name":"Comment","target":["https:\/\/radioclanfm.com\/clanespectaculos\/wanda-nara-toco-fondo-y-trato-de-sanguijuelas-a-los-hijos-de-la-china-suarez-el-terrible-mensaje\/#respond"]}]},{"@type":"WebPage","@id":"https:\/\/radioclanfm.com\/clanespectaculos\/wanda-nara-toco-fondo-y-trato-de-sanguijuelas-a-los-hijos-de-la-china-suarez-el-terrible-mensaje\/","url":"https:\/\/radioclanfm.com\/clanespectaculos\/wanda-nara-toco-fondo-y-trato-de-sanguijuelas-a-los-hijos-de-la-china-suarez-el-terrible-mensaje\/","name":"Wanda Nara toc\u00f3 fondo y trat\u00f3 de \u201csanguijuelas\u201d a los hijos de la China Su\u00e1rez: el terrible mensaje - CLAN ESPECTACULOS","isPartOf":{"@id":"https:\/\/radioclanfm.com\/clanespectaculos\/#website"},"primaryImageOfPage":{"@id":"https:\/\/radioclanfm.com\/clanespectaculos\/wanda-nara-toco-fondo-y-trato-de-sanguijuelas-a-los-hijos-de-la-china-suarez-el-terrible-mensaje\/#primaryimage"},"image":{"@id":"https:\/\/radioclanfm.com\/clanespectaculos\/wanda-nara-toco-fondo-y-trato-de-sanguijuelas-a-los-hijos-de-la-china-suarez-el-terrible-mensaje\/#primaryimage"},"thumbnailUrl":"https:\/\/radioclanfm.com\/clanespectaculos\/wp-content\/uploads\/sites\/2\/2025\/07\/SnaIwaNw.jpg","datePublished":"2025-07-20T00:08:40+00:00","breadcrumb":{"@id":"https:\/\/radioclanfm.com\/clanespectaculos\/wanda-nara-toco-fondo-y-trato-de-sanguijuelas-a-los-hijos-de-la-china-suarez-el-terrible-mensaje\/#breadcrumb"},"inLanguage":"es-AR","potentialAction":[{"@type":"ReadAction","target":["https:\/\/radioclanfm.com\/clanespectaculos\/wanda-nara-toco-fondo-y-trato-de-sanguijuelas-a-los-hijos-de-la-china-suarez-el-terrible-mensaje\/"]}]},{"@type":"ImageObject","inLanguage":"es-AR","@id":"https:\/\/radioclanfm.com\/clanespectaculos\/wanda-nara-toco-fondo-y-trato-de-sanguijuelas-a-los-hijos-de-la-china-suarez-el-terrible-mensaje\/#primaryimage","url":"https:\/\/radioclanfm.com\/clanespectaculos\/wp-content\/uploads\/sites\/2\/2025\/07\/SnaIwaNw.jpg","contentUrl":"https:\/\/radioclanfm.com\/clanespectaculos\/wp-content\/uploads\/sites\/2\/2025\/07\/SnaIwaNw.jpg","width":900,"height":504},{"@type":"BreadcrumbList","@id":"https:\/\/radioclanfm.com\/clanespectaculos\/wanda-nara-toco-fondo-y-trato-de-sanguijuelas-a-los-hijos-de-la-china-suarez-el-terrible-mensaje\/#breadcrumb","itemListElement":[{"@type":"ListItem","position":1,"name":"Inicio","item":"https:\/\/radioclanfm.com\/clanespectaculos\/"},{"@type":"ListItem","position":2,"name":"Wanda Nara toc\u00f3 fondo y trat\u00f3 de \u201csanguijuelas\u201d a los hijos de la China Su\u00e1rez: el terrible mensaje"}]},{"@type":"WebSite","@id":"https:\/\/radioclanfm.com\/clanespectaculos\/#website","url":"https:\/\/radioclanfm.com\/clanespectaculos\/","name":"CLAN ESPECTACULOS","description":"","publisher":{"@id":"https:\/\/radioclanfm.com\/clanespectaculos\/#organization"},"potentialAction":[{"@type":"SearchAction","target":{"@type":"EntryPoint","urlTemplate":"https:\/\/radioclanfm.com\/clanespectaculos\/?s={search_term_string}"},"query-input":{"@type":"PropertyValueSpecification","valueRequired":true,"valueName":"search_term_string"}}],"inLanguage":"es-AR"},{"@type":"Organization","@id":"https:\/\/radioclanfm.com\/clanespectaculos\/#organization","name":"CLAN ESPECTACULOS","url":"https:\/\/radioclanfm.com\/clanespectaculos\/","logo":{"@type":"ImageObject","inLanguage":"es-AR","@id":"https:\/\/radioclanfm.com\/clanespectaculos\/#\/schema\/logo\/image\/","url":"https:\/\/radioclanfm.com\/clanespectaculos\/wp-content\/uploads\/sites\/2\/2026\/04\/ChatGPT-Image-23-mar-2026-10_09_00.png","contentUrl":"https:\/\/radioclanfm.com\/clanespectaculos\/wp-content\/uploads\/sites\/2\/2026\/04\/ChatGPT-Image-23-mar-2026-10_09_00.png","width":1024,"height":1024,"caption":"CLAN ESPECTACULOS"},"image":{"@id":"https:\/\/radioclanfm.com\/clanespectaculos\/#\/schema\/logo\/image\/"},"sameAs":["https:\/\/www.facebook.com\/clanespectaculos\/","https:\/\/x.com\/clanespectok"]},{"@type":"Person","@id":"https:\/\/radioclanfm.com\/clanespectaculos\/#\/schema\/person\/9734813083303230f3ad84d99171b20c","name":"E-GRUPOCLAN","image":{"@type":"ImageObject","inLanguage":"es-AR","@id":"https:\/\/secure.gravatar.com\/avatar\/af6e19837c3d6a212034a48c7b3818d2ac1826f6025df0155da5a186ad321d79?s=96&d=mm&r=g","url":"https:\/\/secure.gravatar.com\/avatar\/af6e19837c3d6a212034a48c7b3818d2ac1826f6025df0155da5a186ad321d79?s=96&d=mm&r=g","contentUrl":"https:\/\/secure.gravatar.com\/avatar\/af6e19837c3d6a212034a48c7b3818d2ac1826f6025df0155da5a186ad321d79?s=96&d=mm&r=g","caption":"E-GRUPOCLAN"},"sameAs":["https:\/\/radioclanfm.com"],"url":"https:\/\/radioclanfm.com\/clanespectaculos\/author\/admin\/"}]}},"_links":{"self":[{"href":"https:\/\/radioclanfm.com\/clanespectaculos\/wp-json\/wp\/v2\/posts\/3314","targetHints":{"allow":["GET"]}}],"collection":[{"href":"https:\/\/radioclanfm.com\/clanespectaculos\/wp-json\/wp\/v2\/posts"}],"about":[{"href":"https:\/\/radioclanfm.com\/clanespectaculos\/wp-json\/wp\/v2\/types\/post"}],"author":[{"embeddable":true,"href":"https:\/\/radioclanfm.com\/clanespectaculos\/wp-json\/wp\/v2\/users\/1"}],"replies":[{"embeddable":true,"href":"https:\/\/radioclanfm.com\/clanespectaculos\/wp-json\/wp\/v2\/comments?post=3314"}],"version-history":[{"count":1,"href":"https:\/\/radioclanfm.com\/clanespectaculos\/wp-json\/wp\/v2\/posts\/3314\/revisions"}],"predecessor-version":[{"id":3317,"href":"https:\/\/radioclanfm.com\/clanespectaculos\/wp-json\/wp\/v2\/posts\/3314\/revisions\/3317"}],"wp:featuredmedia":[{"embeddable":true,"href":"https:\/\/radioclanfm.com\/clanespectaculos\/wp-json\/wp\/v2\/media\/3316"}],"wp:attachment":[{"href":"https:\/\/radioclanfm.com\/clanespectaculos\/wp-json\/wp\/v2\/media?parent=3314"}],"wp:term":[{"taxonomy":"category","embeddable":true,"href":"https:\/\/radioclanfm.com\/clanespectaculos\/wp-json\/wp\/v2\/categories?post=3314"},{"taxonomy":"post_tag","embeddable":true,"href":"https:\/\/radioclanfm.com\/clanespectaculos\/wp-json\/wp\/v2\/tags?post=3314"}],"curies":[{"name":"wp","href":"https:\/\/api.w.org\/{rel}","templated":true}]}}