{"id":3308,"date":"2025-07-19T21:01:03","date_gmt":"2025-07-20T00:01:03","guid":{"rendered":"https:\/\/radioclanfm.com\/clanespectaculos\/?p=3308"},"modified":"2025-07-19T21:01:03","modified_gmt":"2025-07-20T00:01:03","slug":"de-tini-stoessel-a-la-china-suarez-las-microbikinis-negras-son-las-favoritas-en-el-verano-europeo","status":"publish","type":"post","link":"https:\/\/radioclanfm.com\/clanespectaculos\/de-tini-stoessel-a-la-china-suarez-las-microbikinis-negras-son-las-favoritas-en-el-verano-europeo\/","title":{"rendered":"De Tini Stoessel a la China Su\u00e1rez: las microbikinis negras son las favoritas en el verano europeo"},"content":{"rendered":"<p>Las famosas argentinas se muestran en sus redes sociales con corpi\u00f1os tri\u00e1ngulos o con taza y bombachas extra small.<\/p>\n<p class=\"paragraph font__body-regular\">Un grupo de\u00a0<b>famosas argentinas<\/b>\u00a0est\u00e1 marcando el pulso del verano europeo con un cl\u00e1sico infalible que volvi\u00f3 a posicionarse en lo m\u00e1s alto del<i>\u00a0ranking\u00a0<\/i>de tendencias.<\/p>\n<div class=\"AV6543bedcd858799fe90b5c47\">\n<div id=\"aniBox\">\n<div id=\"aniplayer_AV6543bedcd858799fe90b5c47-1752969570982\">\n<div id=\"aniplayer_AV6543bedcd858799fe90b5c47-1752969570982gui\">\n<div id=\"av-caption\">\n<div id=\"av-close-btn-overlay\" class=\"av-pos-top-left\"><\/div>\n<\/div>\n<\/div>\n<\/div>\n<\/div>\n<\/div>\n<div id=\"ad-slot-infeed\" class=\"infeed-container\" data-google-query-id=\"CLvI69OQyo4DFW0OuQYdAjcUWA\">\n<div id=\"google_ads_iframe_\/113951150\/tn-arc\/nota\/infeed_0__container__\"><\/div>\n<\/div>\n<p class=\"paragraph font__body-regular\">En playas paradis\u00edacas o en yates de lujo, las\u00a0<b>microbikinis negras\u00a0<\/b>se convirtieron en el uniforme elegido por<b>\u00a0<\/b><b>Tini Stoessel<\/b><b>,\u00a0<\/b><b>Valentina Zenere<\/b>\u00a0y la China Su\u00e1rez, que apuestan por esta<b>\u00a0prenda minimalista\u00a0<\/b>para lucirse en la temporada m\u00e1s caliente del a\u00f1o.<\/p>\n<p>&nbsp;<\/p>\n<h2 class=\"font--primary font__display\">Tini Stoessel, fan\u00e1tica de las microbikinis negras<\/h2>\n<p class=\"paragraph font__body-regular\">Tini Stoessel se fotografi\u00f3 desde el verano europeo con una microbikini negra. Junto al mar, pos\u00f3 con un modelo liso de corpi\u00f1o\u00a0<b>triangular<\/b>\u00a0escotado, un collar de serpiente y un par de\u00a0<b>anteojos de sol rectangulares<\/b>.<\/p>\n<figure class=\"\" data-testid=\"figure-testid\">\n<div class=\"aspect_ratio__container\"><picture class=\"responsive-image\"><source srcset=\"https:\/\/tn.com.ar\/resizer\/v2\/tini-stoessel-en-bikini-negra-y-con-los-anteojos-de-de-paul-foto-instagramtinistoessel-BOZTXXJYGVDIJE4TSQIFTF7P2E.jpg?auth=b4e0634382e90051c572b2860421e45a07ef7746deb78779455156cd9e53f1eb&amp;width=767\" type=\"image\/jpg\" media=\"(max-width: 728px)\" \/><source srcset=\"https:\/\/tn.com.ar\/resizer\/v2\/tini-stoessel-en-bikini-negra-y-con-los-anteojos-de-de-paul-foto-instagramtinistoessel-BOZTXXJYGVDIJE4TSQIFTF7P2E.jpg?auth=b4e0634382e90051c572b2860421e45a07ef7746deb78779455156cd9e53f1eb&amp;width=1023\" type=\"image\/jpg\" media=\"(max-width: 1023px)\" \/><source srcset=\"https:\/\/tn.com.ar\/resizer\/v2\/tini-stoessel-en-bikini-negra-y-con-los-anteojos-de-de-paul-foto-instagramtinistoessel-BOZTXXJYGVDIJE4TSQIFTF7P2E.jpg?auth=b4e0634382e90051c572b2860421e45a07ef7746deb78779455156cd9e53f1eb&amp;width=1440\" type=\"image\/jpg\" \/><img loading=\"lazy\" decoding=\"async\" class=\"image content-image image_placeholder\" src=\"https:\/\/tn.com.ar\/resizer\/v2\/tini-stoessel-en-bikini-negra-y-con-los-anteojos-de-de-paul-foto-instagramtinistoessel-BOZTXXJYGVDIJE4TSQIFTF7P2E.jpg?auth=b4e0634382e90051c572b2860421e45a07ef7746deb78779455156cd9e53f1eb&amp;width=767\" alt=\"Tini Stoessel en bikini negra y con los anteojos de De Paul. (Foto: Instagram\/@tinistoessel)\" width=\"767\" height=\"945\" data-testid=\"loading-testid\" \/><\/picture><\/div><figcaption class=\"caption_image\" data-testid=\"figcaption-testid\">\n<div class=\"image_caption \">Tini Stoessel en bikini negra y con los anteojos de De Paul. (Foto: Instagram\/@tinistoessel)<\/div>\n<\/figcaption><\/figure>\n<p class=\"paragraph font__body-regular\">Luego, para un paseo en un yate, se luci\u00f3 con la bikini negra y una\u00a0<b>blusa celeste bien amplia<\/b>. En esta postal dej\u00f3 ver la pieza inferior del traje de ba\u00f1o, cavada y con\u00a0<b>arandelas plateadas en los laterales<\/b>.<\/p>\n<figure class=\"\" data-testid=\"figure-testid\">\n<div class=\"aspect_ratio__container\"><picture class=\"responsive-image\"><source srcset=\"https:\/\/tn.com.ar\/resizer\/v2\/tini-stoessel-sumo-un-tejido-a-su-bikini-foto-instagramtinistoessel-2AIHVW7SQZGX5BM7GX5UERK6M4.jpg?auth=b25e8698377d23207788812c883a3ae67d939639768d75f830c8336b0eee2447&amp;width=767\" type=\"image\/jpg\" media=\"(max-width: 728px)\" \/><source srcset=\"https:\/\/tn.com.ar\/resizer\/v2\/tini-stoessel-sumo-un-tejido-a-su-bikini-foto-instagramtinistoessel-2AIHVW7SQZGX5BM7GX5UERK6M4.jpg?auth=b25e8698377d23207788812c883a3ae67d939639768d75f830c8336b0eee2447&amp;width=1023\" type=\"image\/jpg\" media=\"(max-width: 1023px)\" \/><source srcset=\"https:\/\/tn.com.ar\/resizer\/v2\/tini-stoessel-sumo-un-tejido-a-su-bikini-foto-instagramtinistoessel-2AIHVW7SQZGX5BM7GX5UERK6M4.jpg?auth=b25e8698377d23207788812c883a3ae67d939639768d75f830c8336b0eee2447&amp;width=1440\" type=\"image\/jpg\" \/><img loading=\"lazy\" decoding=\"async\" class=\"image content-image image_placeholder\" src=\"https:\/\/tn.com.ar\/resizer\/v2\/tini-stoessel-sumo-un-tejido-a-su-bikini-foto-instagramtinistoessel-2AIHVW7SQZGX5BM7GX5UERK6M4.jpg?auth=b25e8698377d23207788812c883a3ae67d939639768d75f830c8336b0eee2447&amp;width=767\" alt=\"Tini Stoessel sum\u00f3 un tejido a su bikini. (Foto: Instagram\/@tinistoessel)\" width=\"767\" height=\"945\" data-testid=\"loading-testid\" \/><\/picture><\/div><figcaption class=\"caption_image\" data-testid=\"figcaption-testid\">\n<div class=\"image_caption \">Tini Stoessel sum\u00f3 un tejido a su bikini. (Foto: Instagram\/@tinistoessel)<\/div>\n<\/figcaption><\/figure>\n<figure class=\"\" data-testid=\"figure-testid\">\n<div class=\"aspect_ratio__container\"><picture class=\"responsive-image\"><source srcset=\"https:\/\/tn.com.ar\/resizer\/v2\/bikini-negra-lisa-otro-de-los-elegidos-de-tini-stoessel-foto-instagramtinistoessel-LPUMWXCTLFAPTOPVRABOHAXKQI.jpg?auth=9a8b2e6d85fdea380126826318497099bacd1b6549955125057df35aad058181&amp;width=767\" type=\"image\/jpg\" media=\"(max-width: 728px)\" \/><source srcset=\"https:\/\/tn.com.ar\/resizer\/v2\/bikini-negra-lisa-otro-de-los-elegidos-de-tini-stoessel-foto-instagramtinistoessel-LPUMWXCTLFAPTOPVRABOHAXKQI.jpg?auth=9a8b2e6d85fdea380126826318497099bacd1b6549955125057df35aad058181&amp;width=1023\" type=\"image\/jpg\" media=\"(max-width: 1023px)\" \/><source srcset=\"https:\/\/tn.com.ar\/resizer\/v2\/bikini-negra-lisa-otro-de-los-elegidos-de-tini-stoessel-foto-instagramtinistoessel-LPUMWXCTLFAPTOPVRABOHAXKQI.jpg?auth=9a8b2e6d85fdea380126826318497099bacd1b6549955125057df35aad058181&amp;width=1440\" type=\"image\/jpg\" \/><img loading=\"lazy\" decoding=\"async\" class=\"image content-image image_placeholder\" src=\"https:\/\/tn.com.ar\/resizer\/v2\/bikini-negra-lisa-otro-de-los-elegidos-de-tini-stoessel-foto-instagramtinistoessel-LPUMWXCTLFAPTOPVRABOHAXKQI.jpg?auth=9a8b2e6d85fdea380126826318497099bacd1b6549955125057df35aad058181&amp;width=767\" alt=\"Bikini negra lisa, otro de los elegidos de Tini Stoessel. (Foto: Instagram\/@tinistoessel)\" width=\"767\" height=\"946\" data-testid=\"loading-testid\" \/><\/picture><\/div><figcaption class=\"caption_image\" data-testid=\"figcaption-testid\">\n<div class=\"image_caption \">Bikini negra lisa, otro de los elegidos de Tini Stoessel. (Foto: Instagram\/@tinistoessel)<\/div>\n<\/figcaption><\/figure>\n<p class=\"paragraph font__body-regular\">Tambi\u00e9n en negro liso, us\u00f3 un audaz modelo de\u00a0<b>corpi\u00f1o\u00a0<\/b><i><b>strapless\u00a0<\/b><\/i>que resalta su busto con una arandela met\u00e1lica en el centro y efecto\u00a0<i><b>underboob<\/b><\/i>. Por \u00faltimo, llev\u00f3 otro dise\u00f1o negro que se destac\u00f3 por el\u00a0<b>corpi\u00f1o doble<\/b>, con un modelo gris superpuesto sobre la base negra.<\/p>\n<figure class=\"\" data-testid=\"figure-testid\">\n<div class=\"aspect_ratio__container\"><picture class=\"responsive-image\"><source srcset=\"https:\/\/tn.com.ar\/resizer\/v2\/la-bikini-underboob-de-tini-stoessel-en-sus-vacaciones-en-el-verano-europeo-foto-instagramtinistoessel-5YMDYW5HMNFA7INQKZ6YQGKBJA.jpg?auth=8fba5bbf5a3a8fdfbb27b6772adb4390001e4cee23b6258d33232bceba0b73e4&amp;width=767\" type=\"image\/jpg\" media=\"(max-width: 728px)\" \/><source srcset=\"https:\/\/tn.com.ar\/resizer\/v2\/la-bikini-underboob-de-tini-stoessel-en-sus-vacaciones-en-el-verano-europeo-foto-instagramtinistoessel-5YMDYW5HMNFA7INQKZ6YQGKBJA.jpg?auth=8fba5bbf5a3a8fdfbb27b6772adb4390001e4cee23b6258d33232bceba0b73e4&amp;width=1023\" type=\"image\/jpg\" media=\"(max-width: 1023px)\" \/><source srcset=\"https:\/\/tn.com.ar\/resizer\/v2\/la-bikini-underboob-de-tini-stoessel-en-sus-vacaciones-en-el-verano-europeo-foto-instagramtinistoessel-5YMDYW5HMNFA7INQKZ6YQGKBJA.jpg?auth=8fba5bbf5a3a8fdfbb27b6772adb4390001e4cee23b6258d33232bceba0b73e4&amp;width=1440\" type=\"image\/jpg\" \/><img loading=\"lazy\" decoding=\"async\" class=\"image content-image image_placeholder\" src=\"https:\/\/tn.com.ar\/resizer\/v2\/la-bikini-underboob-de-tini-stoessel-en-sus-vacaciones-en-el-verano-europeo-foto-instagramtinistoessel-5YMDYW5HMNFA7INQKZ6YQGKBJA.jpg?auth=8fba5bbf5a3a8fdfbb27b6772adb4390001e4cee23b6258d33232bceba0b73e4&amp;width=767\" alt=\"La bikini underboob de Tini Stoessel en sus vacaciones en el verano europeo. (Foto: Instagram\/@tinistoessel)\" width=\"767\" height=\"945\" data-testid=\"loading-testid\" \/><\/picture><\/div><figcaption class=\"caption_image\" data-testid=\"figcaption-testid\">\n<div class=\"image_caption \">La bikini underboob de Tini Stoessel en sus vacaciones en el verano europeo. (Foto: Instagram\/@tinistoessel)<\/div>\n<\/figcaption><\/figure>\n<figure class=\"\" data-testid=\"figure-testid\">\n<div class=\"aspect_ratio__container\"><picture class=\"responsive-image\"><source srcset=\"https:\/\/tn.com.ar\/resizer\/v2\/tini-stoessel-con-una-bikini-de-corpino-doble-foto-instagramtinistoessel-445OBWEKOJAC5JMEVTBWNYRHM4.jpg?auth=9a5bcb75ba8496805f1a8a05c1c82ffa4b9a0df1d94f232d6d9d7d06a6f2d5ac&amp;width=767\" type=\"image\/jpg\" media=\"(max-width: 728px)\" \/><source srcset=\"https:\/\/tn.com.ar\/resizer\/v2\/tini-stoessel-con-una-bikini-de-corpino-doble-foto-instagramtinistoessel-445OBWEKOJAC5JMEVTBWNYRHM4.jpg?auth=9a5bcb75ba8496805f1a8a05c1c82ffa4b9a0df1d94f232d6d9d7d06a6f2d5ac&amp;width=1023\" type=\"image\/jpg\" media=\"(max-width: 1023px)\" \/><source srcset=\"https:\/\/tn.com.ar\/resizer\/v2\/tini-stoessel-con-una-bikini-de-corpino-doble-foto-instagramtinistoessel-445OBWEKOJAC5JMEVTBWNYRHM4.jpg?auth=9a5bcb75ba8496805f1a8a05c1c82ffa4b9a0df1d94f232d6d9d7d06a6f2d5ac&amp;width=1440\" type=\"image\/jpg\" \/><img loading=\"lazy\" decoding=\"async\" class=\"image content-image image_placeholder\" src=\"https:\/\/tn.com.ar\/resizer\/v2\/tini-stoessel-con-una-bikini-de-corpino-doble-foto-instagramtinistoessel-445OBWEKOJAC5JMEVTBWNYRHM4.jpg?auth=9a5bcb75ba8496805f1a8a05c1c82ffa4b9a0df1d94f232d6d9d7d06a6f2d5ac&amp;width=767\" alt=\"Tini Stoessel con una bikini de corpi\u00f1o doble. (Foto: Instagram\/@tinistoessel)\" width=\"767\" height=\"945\" data-testid=\"loading-testid\" \/><\/picture><\/div><figcaption class=\"caption_image\" data-testid=\"figcaption-testid\">\n<div class=\"image_caption \">Tini Stoessel con una bikini de corpi\u00f1o doble. (Foto: Instagram\/@tinistoessel)<\/div>\n<\/figcaption><\/figure>\n<h2 class=\"font--primary font__display\">Valentina Zenere en total black<\/h2>\n<p class=\"paragraph font__body-regular\">Valentina Zenere tambi\u00e9n se sum\u00f3 al\u00a0<i>hit fashionista<\/i>. Se luci\u00f3 con un traje de ba\u00f1o de dos piezas con<b>\u00a0corpi\u00f1o con taza<\/b>\u00a0y\u00a0<b>bombacha extra small\u00a0<\/b>con tiritas de ajuste muy finas.<\/p>\n<figure class=\"\" data-testid=\"figure-testid\">\n<div class=\"aspect_ratio__container\"><picture class=\"responsive-image\"><source srcset=\"https:\/\/tn.com.ar\/resizer\/v2\/valentina-zenere-en-microbikini-total-black-foto-instagramvalentinazenere-3VNMWR4QVRD2RAI2N6PGAY4RNU.jpg?auth=dbad5cc94703fa379c0d5d1cbae6802f15c4c5c09f0ac0b99f5971ecdbb3e3ce&amp;width=767\" type=\"image\/jpg\" media=\"(max-width: 728px)\" \/><source srcset=\"https:\/\/tn.com.ar\/resizer\/v2\/valentina-zenere-en-microbikini-total-black-foto-instagramvalentinazenere-3VNMWR4QVRD2RAI2N6PGAY4RNU.jpg?auth=dbad5cc94703fa379c0d5d1cbae6802f15c4c5c09f0ac0b99f5971ecdbb3e3ce&amp;width=1023\" type=\"image\/jpg\" media=\"(max-width: 1023px)\" \/><source srcset=\"https:\/\/tn.com.ar\/resizer\/v2\/valentina-zenere-en-microbikini-total-black-foto-instagramvalentinazenere-3VNMWR4QVRD2RAI2N6PGAY4RNU.jpg?auth=dbad5cc94703fa379c0d5d1cbae6802f15c4c5c09f0ac0b99f5971ecdbb3e3ce&amp;width=1440\" type=\"image\/jpg\" \/><img loading=\"lazy\" decoding=\"async\" class=\"image content-image image_placeholder\" src=\"https:\/\/tn.com.ar\/resizer\/v2\/valentina-zenere-en-microbikini-total-black-foto-instagramvalentinazenere-3VNMWR4QVRD2RAI2N6PGAY4RNU.jpg?auth=dbad5cc94703fa379c0d5d1cbae6802f15c4c5c09f0ac0b99f5971ecdbb3e3ce&amp;width=767\" alt=\"Valentina Zenere en microbikini total black. (Foto: Instagram\/@valentinazenere).\" width=\"767\" height=\"513\" data-testid=\"loading-testid\" \/><\/picture><\/div><figcaption class=\"caption_image\" data-testid=\"figcaption-testid\">\n<div class=\"image_caption \">Valentina Zenere en microbikini total black. (Foto: Instagram\/@valentinazenere).<\/div>\n<\/figcaption><\/figure>\n<figure class=\"\" data-testid=\"figure-testid\">\n<div class=\"aspect_ratio__container\"><picture class=\"responsive-image\"><source srcset=\"https:\/\/tn.com.ar\/resizer\/v2\/valentina-zenere-en-microbikini-negra-foto-instagramvalentinazenere-CSZNPBXCARAOHPNPZ4WXLKQSUI.jpg?auth=0c4bf58300d5a907a1b0bc4cf083a06c5b6c06e5c10502cdcfd72cf6da3fe5b0&amp;width=767\" type=\"image\/jpg\" media=\"(max-width: 728px)\" \/><source srcset=\"https:\/\/tn.com.ar\/resizer\/v2\/valentina-zenere-en-microbikini-negra-foto-instagramvalentinazenere-CSZNPBXCARAOHPNPZ4WXLKQSUI.jpg?auth=0c4bf58300d5a907a1b0bc4cf083a06c5b6c06e5c10502cdcfd72cf6da3fe5b0&amp;width=1023\" type=\"image\/jpg\" media=\"(max-width: 1023px)\" \/><source srcset=\"https:\/\/tn.com.ar\/resizer\/v2\/valentina-zenere-en-microbikini-negra-foto-instagramvalentinazenere-CSZNPBXCARAOHPNPZ4WXLKQSUI.jpg?auth=0c4bf58300d5a907a1b0bc4cf083a06c5b6c06e5c10502cdcfd72cf6da3fe5b0&amp;width=1440\" type=\"image\/jpg\" \/><img loading=\"lazy\" decoding=\"async\" class=\"image content-image image_placeholder\" src=\"https:\/\/tn.com.ar\/resizer\/v2\/valentina-zenere-en-microbikini-negra-foto-instagramvalentinazenere-CSZNPBXCARAOHPNPZ4WXLKQSUI.jpg?auth=0c4bf58300d5a907a1b0bc4cf083a06c5b6c06e5c10502cdcfd72cf6da3fe5b0&amp;width=767\" alt=\"Valentina Zenere en microbikini negra. (Foto: Instagram\/@valentinazenere).\" width=\"767\" height=\"512\" data-testid=\"loading-testid\" \/><\/picture><\/div><figcaption class=\"caption_image\" data-testid=\"figcaption-testid\">\n<div class=\"image_caption \">Valentina Zenere en microbikini negra. (Foto: Instagram\/@valentinazenere).<\/div>\n<\/figcaption><\/figure>\n<h2 class=\"font--primary font__display\">Karina Jelinek en bikini negra con cadenas<\/h2>\n<p class=\"paragraph font__body-regular\"><b>Karina Jelinek<\/b>\u00a0tambi\u00e9n lo hizo. Fiel a su estilo audaz, eligi\u00f3 una\u00a0<b>microbikini en color negro\u00a0<\/b>con dise\u00f1o de\u00a0<b>tiras finas y cadenas doradas\u00a0<\/b>que se cruzan en el escote, aportando un detalle llamativo a la parte superior.<\/p>\n<p class=\"paragraph font__body-regular\">El corpi\u00f1o es de\u00a0<b>formato triangular<\/b>, con\u00a0<b>breteles finos\u00a0<\/b>que se atan al cuello y en la espalda, dejando al descubierto gran parte del torso. Las\u00a0<b>cadenas doradas\u00a0<\/b>se convierten en el foco del dise\u00f1o, recorriendo el centro del escote y aportando un\u00a0<b>toque metalizado\u00a0<\/b>que contrasta con el negro cl\u00e1sico del conjunto.<\/p>\n<figure class=\"\" data-testid=\"figure-testid\">\n<div class=\"aspect_ratio__container\"><picture class=\"responsive-image\"><source srcset=\"https:\/\/tn.com.ar\/resizer\/v2\/karina-jelinek-en-microbikini-total-black-foto-instagramkarijelinek-IL264OYFRZF5PLJ63GHLUPASKU.jpg?auth=b400dc8b885e56ed84c0606cdd3791692bdc8d7ec18a423264331f5ce3bd7a5a&amp;width=767\" type=\"image\/jpg\" media=\"(max-width: 728px)\" \/><source srcset=\"https:\/\/tn.com.ar\/resizer\/v2\/karina-jelinek-en-microbikini-total-black-foto-instagramkarijelinek-IL264OYFRZF5PLJ63GHLUPASKU.jpg?auth=b400dc8b885e56ed84c0606cdd3791692bdc8d7ec18a423264331f5ce3bd7a5a&amp;width=1023\" type=\"image\/jpg\" media=\"(max-width: 1023px)\" \/><source srcset=\"https:\/\/tn.com.ar\/resizer\/v2\/karina-jelinek-en-microbikini-total-black-foto-instagramkarijelinek-IL264OYFRZF5PLJ63GHLUPASKU.jpg?auth=b400dc8b885e56ed84c0606cdd3791692bdc8d7ec18a423264331f5ce3bd7a5a&amp;width=1440\" type=\"image\/jpg\" \/><img loading=\"lazy\" decoding=\"async\" class=\"image content-image image_placeholder\" src=\"https:\/\/tn.com.ar\/resizer\/v2\/karina-jelinek-en-microbikini-total-black-foto-instagramkarijelinek-IL264OYFRZF5PLJ63GHLUPASKU.jpg?auth=b400dc8b885e56ed84c0606cdd3791692bdc8d7ec18a423264331f5ce3bd7a5a&amp;width=767\" alt=\"Karina Jelinek en microbikini total black. (Foto: Instagram\/@karijelinek).\" width=\"767\" height=\"922\" data-testid=\"loading-testid\" \/><\/picture><\/div><figcaption class=\"caption_image\" data-testid=\"figcaption-testid\">\n<div class=\"image_caption \">Karina Jelinek en microbikini total black. (Foto: Instagram\/@karijelinek).<\/div>\n<\/figcaption><\/figure>\n<p class=\"paragraph font__body-regular\">La bombacha,\u00a0<b>diminuta y cavada<\/b>, tambi\u00e9n es de\u00a0<b>tiras ajustables\u00a0<\/b>que se anudan a los costados. El\u00a0<b>corte\u00a0<\/b><i><b>colaless\u00a0<\/b><\/i>potencia la silueta y acent\u00faa el bronceado.<\/p>\n<h2 class=\"font--primary font__display\">China Su\u00e1rez con argollas met\u00e1licas<\/h2>\n<p class=\"paragraph font__body-regular\">La<b>\u00a0China Su\u00e1rez\u00a0<\/b>fue la \u00faltima argentina que, desde el verano europeo, se sum\u00f3 a la\u00a0<b>microbikini negra<\/b>. Lo hizo desde un yate de lujo en Turqu\u00eda, junto a Mauro Icardi. El modelo elegido tiene un corpi\u00f1o que se ata en el cuello y una bombacha que tiene como detalle agollas met\u00e1licas en los laterales.<\/p>\n<figure class=\"\" data-testid=\"figure-testid\">\n<div class=\"aspect_ratio__container\"><picture class=\"responsive-image\"><source srcset=\"https:\/\/tn.com.ar\/resizer\/v2\/la-china-suarez-en-microbikini-negra-con-pequenas-arandelas-en-los-laterales-desde-un-yate-en-turquia-foto-sangrejaponesa-ABIUY4GIO5C63P5OPAAGBWFYEE.jpeg?auth=8efd65cd0979a7beab1f2964d351ab7f7951a47b6fe3342a767525aafcd8899a&amp;width=767\" type=\"image\/jpg\" media=\"(max-width: 728px)\" \/><source srcset=\"https:\/\/tn.com.ar\/resizer\/v2\/la-china-suarez-en-microbikini-negra-con-pequenas-arandelas-en-los-laterales-desde-un-yate-en-turquia-foto-sangrejaponesa-ABIUY4GIO5C63P5OPAAGBWFYEE.jpeg?auth=8efd65cd0979a7beab1f2964d351ab7f7951a47b6fe3342a767525aafcd8899a&amp;width=1023\" type=\"image\/jpg\" media=\"(max-width: 1023px)\" \/><source srcset=\"https:\/\/tn.com.ar\/resizer\/v2\/la-china-suarez-en-microbikini-negra-con-pequenas-arandelas-en-los-laterales-desde-un-yate-en-turquia-foto-sangrejaponesa-ABIUY4GIO5C63P5OPAAGBWFYEE.jpeg?auth=8efd65cd0979a7beab1f2964d351ab7f7951a47b6fe3342a767525aafcd8899a&amp;width=1440\" type=\"image\/jpg\" \/><img loading=\"lazy\" decoding=\"async\" class=\"image content-image image_placeholder\" src=\"https:\/\/tn.com.ar\/resizer\/v2\/la-china-suarez-en-microbikini-negra-con-pequenas-arandelas-en-los-laterales-desde-un-yate-en-turquia-foto-sangrejaponesa-ABIUY4GIO5C63P5OPAAGBWFYEE.jpeg?auth=8efd65cd0979a7beab1f2964d351ab7f7951a47b6fe3342a767525aafcd8899a&amp;width=767\" alt=\"La China Su\u00e1rez en microbikini negra con peque\u00f1as arandelas en los laterales desde un yate en Turqu\u00eda. (Foto: @sangrejaponesa)\" width=\"767\" height=\"937\" data-testid=\"loading-testid\" \/><\/picture><\/div><figcaption class=\"caption_image\" data-testid=\"figcaption-testid\">\n<div class=\"image_caption \">La China Su\u00e1rez en microbikini negra con peque\u00f1as arandelas en los laterales desde un yate en Turqu\u00eda. (Foto: @sangrejaponesa)<\/div>\n<\/figcaption><\/figure>\n","protected":false},"excerpt":{"rendered":"<p>Las famosas argentinas se muestran en sus redes sociales con corpi\u00f1os tri\u00e1ngulos o con taza y bombachas extra small. Un grupo de\u00a0famosas argentinas\u00a0est\u00e1 marcando el pulso del verano europeo con un cl\u00e1sico infalible que volvi\u00f3 a posicionarse en lo m\u00e1s alto del\u00a0ranking\u00a0de tendencias. En playas paradis\u00edacas o en yates de lujo, las\u00a0microbikinis negras\u00a0se convirtieron en [&hellip;]<\/p>\n","protected":false},"author":1,"featured_media":3309,"comment_status":"open","ping_status":"open","sticky":false,"template":"","format":"standard","meta":{"rop_custom_images_group":[],"rop_custom_messages_group":[],"rop_publish_now":"initial","rop_publish_now_accounts":[],"rop_publish_now_history":[],"rop_publish_now_status":"pending","footnotes":"","jetpack_publicize_message":"","jetpack_publicize_feature_enabled":true,"jetpack_social_post_already_shared":true,"jetpack_social_options":{"image_generator_settings":{"template":"highway","enabled":false},"version":2}},"categories":[14],"tags":[],"class_list":{"0":"post-3308","1":"post","2":"type-post","3":"status-publish","4":"format-standard","5":"has-post-thumbnail","7":"category-chica-hot"},"jetpack_publicize_connections":[],"yoast_head":"<!-- This site is optimized with the Yoast SEO plugin v27.3 - https:\/\/yoast.com\/product\/yoast-seo-wordpress\/ -->\n<title>De Tini Stoessel a la China Su\u00e1rez: las microbikinis negras son las favoritas en el verano europeo - CLAN ESPECTACULOS<\/title>\n<meta name=\"robots\" content=\"index, follow, max-snippet:-1, max-image-preview:large, max-video-preview:-1\" \/>\n<link rel=\"canonical\" href=\"https:\/\/radioclanfm.com\/clanespectaculos\/de-tini-stoessel-a-la-china-suarez-las-microbikinis-negras-son-las-favoritas-en-el-verano-europeo\/\" \/>\n<meta property=\"og:locale\" content=\"es_ES\" \/>\n<meta property=\"og:type\" content=\"article\" \/>\n<meta property=\"og:title\" content=\"De Tini Stoessel a la China Su\u00e1rez: las microbikinis negras son las favoritas en el verano europeo - CLAN ESPECTACULOS\" \/>\n<meta property=\"og:description\" content=\"Las famosas argentinas se muestran en sus redes sociales con corpi\u00f1os tri\u00e1ngulos o con taza y bombachas extra small. Un grupo de\u00a0famosas argentinas\u00a0est\u00e1 marcando el pulso del verano europeo con un cl\u00e1sico infalible que volvi\u00f3 a posicionarse en lo m\u00e1s alto del\u00a0ranking\u00a0de tendencias. En playas paradis\u00edacas o en yates de lujo, las\u00a0microbikinis negras\u00a0se convirtieron en [&hellip;]\" \/>\n<meta property=\"og:url\" content=\"https:\/\/radioclanfm.com\/clanespectaculos\/de-tini-stoessel-a-la-china-suarez-las-microbikinis-negras-son-las-favoritas-en-el-verano-europeo\/\" \/>\n<meta property=\"og:site_name\" content=\"CLAN ESPECTACULOS\" \/>\n<meta property=\"article:publisher\" content=\"https:\/\/www.facebook.com\/clanespectaculos\/\" \/>\n<meta property=\"article:published_time\" content=\"2025-07-20T00:01:03+00:00\" \/>\n<meta property=\"og:image\" content=\"https:\/\/radioclanfm.com\/clanespectaculos\/wp-content\/uploads\/sites\/2\/2025\/07\/hVwBiHpI.jpg\" \/>\n\t<meta property=\"og:image:width\" content=\"900\" \/>\n\t<meta property=\"og:image:height\" content=\"507\" \/>\n\t<meta property=\"og:image:type\" content=\"image\/jpeg\" \/>\n<meta name=\"author\" content=\"E-GRUPOCLAN\" \/>\n<meta name=\"twitter:card\" content=\"summary_large_image\" \/>\n<meta name=\"twitter:creator\" content=\"@clanespectok\" \/>\n<meta name=\"twitter:site\" content=\"@clanespectok\" \/>\n<meta name=\"twitter:label1\" content=\"Escrito por\" \/>\n\t<meta name=\"twitter:data1\" content=\"E-GRUPOCLAN\" \/>\n\t<meta name=\"twitter:label2\" content=\"Tiempo de lectura\" \/>\n\t<meta name=\"twitter:data2\" content=\"3 minutos\" \/>\n<script type=\"application\/ld+json\" class=\"yoast-schema-graph\">{\"@context\":\"https:\\\/\\\/schema.org\",\"@graph\":[{\"@type\":\"Article\",\"@id\":\"https:\\\/\\\/radioclanfm.com\\\/clanespectaculos\\\/de-tini-stoessel-a-la-china-suarez-las-microbikinis-negras-son-las-favoritas-en-el-verano-europeo\\\/#article\",\"isPartOf\":{\"@id\":\"https:\\\/\\\/radioclanfm.com\\\/clanespectaculos\\\/de-tini-stoessel-a-la-china-suarez-las-microbikinis-negras-son-las-favoritas-en-el-verano-europeo\\\/\"},\"author\":{\"name\":\"E-GRUPOCLAN\",\"@id\":\"https:\\\/\\\/radioclanfm.com\\\/clanespectaculos\\\/#\\\/schema\\\/person\\\/9734813083303230f3ad84d99171b20c\"},\"headline\":\"De Tini Stoessel a la China Su\u00e1rez: las microbikinis negras son las favoritas en el verano europeo\",\"datePublished\":\"2025-07-20T00:01:03+00:00\",\"mainEntityOfPage\":{\"@id\":\"https:\\\/\\\/radioclanfm.com\\\/clanespectaculos\\\/de-tini-stoessel-a-la-china-suarez-las-microbikinis-negras-son-las-favoritas-en-el-verano-europeo\\\/\"},\"wordCount\":604,\"commentCount\":0,\"publisher\":{\"@id\":\"https:\\\/\\\/radioclanfm.com\\\/clanespectaculos\\\/#organization\"},\"image\":{\"@id\":\"https:\\\/\\\/radioclanfm.com\\\/clanespectaculos\\\/de-tini-stoessel-a-la-china-suarez-las-microbikinis-negras-son-las-favoritas-en-el-verano-europeo\\\/#primaryimage\"},\"thumbnailUrl\":\"https:\\\/\\\/radioclanfm.com\\\/clanespectaculos\\\/wp-content\\\/uploads\\\/sites\\\/2\\\/2025\\\/07\\\/hVwBiHpI.jpg\",\"articleSection\":[\"CHICA HOT\"],\"inLanguage\":\"es-AR\",\"potentialAction\":[{\"@type\":\"CommentAction\",\"name\":\"Comment\",\"target\":[\"https:\\\/\\\/radioclanfm.com\\\/clanespectaculos\\\/de-tini-stoessel-a-la-china-suarez-las-microbikinis-negras-son-las-favoritas-en-el-verano-europeo\\\/#respond\"]}]},{\"@type\":\"WebPage\",\"@id\":\"https:\\\/\\\/radioclanfm.com\\\/clanespectaculos\\\/de-tini-stoessel-a-la-china-suarez-las-microbikinis-negras-son-las-favoritas-en-el-verano-europeo\\\/\",\"url\":\"https:\\\/\\\/radioclanfm.com\\\/clanespectaculos\\\/de-tini-stoessel-a-la-china-suarez-las-microbikinis-negras-son-las-favoritas-en-el-verano-europeo\\\/\",\"name\":\"De Tini Stoessel a la China Su\u00e1rez: las microbikinis negras son las favoritas en el verano europeo - CLAN ESPECTACULOS\",\"isPartOf\":{\"@id\":\"https:\\\/\\\/radioclanfm.com\\\/clanespectaculos\\\/#website\"},\"primaryImageOfPage\":{\"@id\":\"https:\\\/\\\/radioclanfm.com\\\/clanespectaculos\\\/de-tini-stoessel-a-la-china-suarez-las-microbikinis-negras-son-las-favoritas-en-el-verano-europeo\\\/#primaryimage\"},\"image\":{\"@id\":\"https:\\\/\\\/radioclanfm.com\\\/clanespectaculos\\\/de-tini-stoessel-a-la-china-suarez-las-microbikinis-negras-son-las-favoritas-en-el-verano-europeo\\\/#primaryimage\"},\"thumbnailUrl\":\"https:\\\/\\\/radioclanfm.com\\\/clanespectaculos\\\/wp-content\\\/uploads\\\/sites\\\/2\\\/2025\\\/07\\\/hVwBiHpI.jpg\",\"datePublished\":\"2025-07-20T00:01:03+00:00\",\"breadcrumb\":{\"@id\":\"https:\\\/\\\/radioclanfm.com\\\/clanespectaculos\\\/de-tini-stoessel-a-la-china-suarez-las-microbikinis-negras-son-las-favoritas-en-el-verano-europeo\\\/#breadcrumb\"},\"inLanguage\":\"es-AR\",\"potentialAction\":[{\"@type\":\"ReadAction\",\"target\":[\"https:\\\/\\\/radioclanfm.com\\\/clanespectaculos\\\/de-tini-stoessel-a-la-china-suarez-las-microbikinis-negras-son-las-favoritas-en-el-verano-europeo\\\/\"]}]},{\"@type\":\"ImageObject\",\"inLanguage\":\"es-AR\",\"@id\":\"https:\\\/\\\/radioclanfm.com\\\/clanespectaculos\\\/de-tini-stoessel-a-la-china-suarez-las-microbikinis-negras-son-las-favoritas-en-el-verano-europeo\\\/#primaryimage\",\"url\":\"https:\\\/\\\/radioclanfm.com\\\/clanespectaculos\\\/wp-content\\\/uploads\\\/sites\\\/2\\\/2025\\\/07\\\/hVwBiHpI.jpg\",\"contentUrl\":\"https:\\\/\\\/radioclanfm.com\\\/clanespectaculos\\\/wp-content\\\/uploads\\\/sites\\\/2\\\/2025\\\/07\\\/hVwBiHpI.jpg\",\"width\":900,\"height\":507},{\"@type\":\"BreadcrumbList\",\"@id\":\"https:\\\/\\\/radioclanfm.com\\\/clanespectaculos\\\/de-tini-stoessel-a-la-china-suarez-las-microbikinis-negras-son-las-favoritas-en-el-verano-europeo\\\/#breadcrumb\",\"itemListElement\":[{\"@type\":\"ListItem\",\"position\":1,\"name\":\"Inicio\",\"item\":\"https:\\\/\\\/radioclanfm.com\\\/clanespectaculos\\\/\"},{\"@type\":\"ListItem\",\"position\":2,\"name\":\"De Tini Stoessel a la China Su\u00e1rez: las microbikinis negras son las favoritas en el verano europeo\"}]},{\"@type\":\"WebSite\",\"@id\":\"https:\\\/\\\/radioclanfm.com\\\/clanespectaculos\\\/#website\",\"url\":\"https:\\\/\\\/radioclanfm.com\\\/clanespectaculos\\\/\",\"name\":\"CLAN ESPECTACULOS\",\"description\":\"\",\"publisher\":{\"@id\":\"https:\\\/\\\/radioclanfm.com\\\/clanespectaculos\\\/#organization\"},\"potentialAction\":[{\"@type\":\"SearchAction\",\"target\":{\"@type\":\"EntryPoint\",\"urlTemplate\":\"https:\\\/\\\/radioclanfm.com\\\/clanespectaculos\\\/?s={search_term_string}\"},\"query-input\":{\"@type\":\"PropertyValueSpecification\",\"valueRequired\":true,\"valueName\":\"search_term_string\"}}],\"inLanguage\":\"es-AR\"},{\"@type\":\"Organization\",\"@id\":\"https:\\\/\\\/radioclanfm.com\\\/clanespectaculos\\\/#organization\",\"name\":\"CLAN ESPECTACULOS\",\"url\":\"https:\\\/\\\/radioclanfm.com\\\/clanespectaculos\\\/\",\"logo\":{\"@type\":\"ImageObject\",\"inLanguage\":\"es-AR\",\"@id\":\"https:\\\/\\\/radioclanfm.com\\\/clanespectaculos\\\/#\\\/schema\\\/logo\\\/image\\\/\",\"url\":\"https:\\\/\\\/radioclanfm.com\\\/clanespectaculos\\\/wp-content\\\/uploads\\\/sites\\\/2\\\/2026\\\/04\\\/ChatGPT-Image-23-mar-2026-10_09_00.png\",\"contentUrl\":\"https:\\\/\\\/radioclanfm.com\\\/clanespectaculos\\\/wp-content\\\/uploads\\\/sites\\\/2\\\/2026\\\/04\\\/ChatGPT-Image-23-mar-2026-10_09_00.png\",\"width\":1024,\"height\":1024,\"caption\":\"CLAN ESPECTACULOS\"},\"image\":{\"@id\":\"https:\\\/\\\/radioclanfm.com\\\/clanespectaculos\\\/#\\\/schema\\\/logo\\\/image\\\/\"},\"sameAs\":[\"https:\\\/\\\/www.facebook.com\\\/clanespectaculos\\\/\",\"https:\\\/\\\/x.com\\\/clanespectok\"]},{\"@type\":\"Person\",\"@id\":\"https:\\\/\\\/radioclanfm.com\\\/clanespectaculos\\\/#\\\/schema\\\/person\\\/9734813083303230f3ad84d99171b20c\",\"name\":\"E-GRUPOCLAN\",\"image\":{\"@type\":\"ImageObject\",\"inLanguage\":\"es-AR\",\"@id\":\"https:\\\/\\\/secure.gravatar.com\\\/avatar\\\/af6e19837c3d6a212034a48c7b3818d2ac1826f6025df0155da5a186ad321d79?s=96&d=mm&r=g\",\"url\":\"https:\\\/\\\/secure.gravatar.com\\\/avatar\\\/af6e19837c3d6a212034a48c7b3818d2ac1826f6025df0155da5a186ad321d79?s=96&d=mm&r=g\",\"contentUrl\":\"https:\\\/\\\/secure.gravatar.com\\\/avatar\\\/af6e19837c3d6a212034a48c7b3818d2ac1826f6025df0155da5a186ad321d79?s=96&d=mm&r=g\",\"caption\":\"E-GRUPOCLAN\"},\"sameAs\":[\"https:\\\/\\\/radioclanfm.com\"],\"url\":\"https:\\\/\\\/radioclanfm.com\\\/clanespectaculos\\\/author\\\/admin\\\/\"}]}<\/script>\n<!-- \/ Yoast SEO plugin. -->","yoast_head_json":{"title":"De Tini Stoessel a la China Su\u00e1rez: las microbikinis negras son las favoritas en el verano europeo - CLAN ESPECTACULOS","robots":{"index":"index","follow":"follow","max-snippet":"max-snippet:-1","max-image-preview":"max-image-preview:large","max-video-preview":"max-video-preview:-1"},"canonical":"https:\/\/radioclanfm.com\/clanespectaculos\/de-tini-stoessel-a-la-china-suarez-las-microbikinis-negras-son-las-favoritas-en-el-verano-europeo\/","og_locale":"es_ES","og_type":"article","og_title":"De Tini Stoessel a la China Su\u00e1rez: las microbikinis negras son las favoritas en el verano europeo - CLAN ESPECTACULOS","og_description":"Las famosas argentinas se muestran en sus redes sociales con corpi\u00f1os tri\u00e1ngulos o con taza y bombachas extra small. Un grupo de\u00a0famosas argentinas\u00a0est\u00e1 marcando el pulso del verano europeo con un cl\u00e1sico infalible que volvi\u00f3 a posicionarse en lo m\u00e1s alto del\u00a0ranking\u00a0de tendencias. En playas paradis\u00edacas o en yates de lujo, las\u00a0microbikinis negras\u00a0se convirtieron en [&hellip;]","og_url":"https:\/\/radioclanfm.com\/clanespectaculos\/de-tini-stoessel-a-la-china-suarez-las-microbikinis-negras-son-las-favoritas-en-el-verano-europeo\/","og_site_name":"CLAN ESPECTACULOS","article_publisher":"https:\/\/www.facebook.com\/clanespectaculos\/","article_published_time":"2025-07-20T00:01:03+00:00","og_image":[{"width":900,"height":507,"url":"https:\/\/radioclanfm.com\/clanespectaculos\/wp-content\/uploads\/sites\/2\/2025\/07\/hVwBiHpI.jpg","type":"image\/jpeg"}],"author":"E-GRUPOCLAN","twitter_card":"summary_large_image","twitter_creator":"@clanespectok","twitter_site":"@clanespectok","twitter_misc":{"Escrito por":"E-GRUPOCLAN","Tiempo de lectura":"3 minutos"},"schema":{"@context":"https:\/\/schema.org","@graph":[{"@type":"Article","@id":"https:\/\/radioclanfm.com\/clanespectaculos\/de-tini-stoessel-a-la-china-suarez-las-microbikinis-negras-son-las-favoritas-en-el-verano-europeo\/#article","isPartOf":{"@id":"https:\/\/radioclanfm.com\/clanespectaculos\/de-tini-stoessel-a-la-china-suarez-las-microbikinis-negras-son-las-favoritas-en-el-verano-europeo\/"},"author":{"name":"E-GRUPOCLAN","@id":"https:\/\/radioclanfm.com\/clanespectaculos\/#\/schema\/person\/9734813083303230f3ad84d99171b20c"},"headline":"De Tini Stoessel a la China Su\u00e1rez: las microbikinis negras son las favoritas en el verano europeo","datePublished":"2025-07-20T00:01:03+00:00","mainEntityOfPage":{"@id":"https:\/\/radioclanfm.com\/clanespectaculos\/de-tini-stoessel-a-la-china-suarez-las-microbikinis-negras-son-las-favoritas-en-el-verano-europeo\/"},"wordCount":604,"commentCount":0,"publisher":{"@id":"https:\/\/radioclanfm.com\/clanespectaculos\/#organization"},"image":{"@id":"https:\/\/radioclanfm.com\/clanespectaculos\/de-tini-stoessel-a-la-china-suarez-las-microbikinis-negras-son-las-favoritas-en-el-verano-europeo\/#primaryimage"},"thumbnailUrl":"https:\/\/radioclanfm.com\/clanespectaculos\/wp-content\/uploads\/sites\/2\/2025\/07\/hVwBiHpI.jpg","articleSection":["CHICA HOT"],"inLanguage":"es-AR","potentialAction":[{"@type":"CommentAction","name":"Comment","target":["https:\/\/radioclanfm.com\/clanespectaculos\/de-tini-stoessel-a-la-china-suarez-las-microbikinis-negras-son-las-favoritas-en-el-verano-europeo\/#respond"]}]},{"@type":"WebPage","@id":"https:\/\/radioclanfm.com\/clanespectaculos\/de-tini-stoessel-a-la-china-suarez-las-microbikinis-negras-son-las-favoritas-en-el-verano-europeo\/","url":"https:\/\/radioclanfm.com\/clanespectaculos\/de-tini-stoessel-a-la-china-suarez-las-microbikinis-negras-son-las-favoritas-en-el-verano-europeo\/","name":"De Tini Stoessel a la China Su\u00e1rez: las microbikinis negras son las favoritas en el verano europeo - CLAN ESPECTACULOS","isPartOf":{"@id":"https:\/\/radioclanfm.com\/clanespectaculos\/#website"},"primaryImageOfPage":{"@id":"https:\/\/radioclanfm.com\/clanespectaculos\/de-tini-stoessel-a-la-china-suarez-las-microbikinis-negras-son-las-favoritas-en-el-verano-europeo\/#primaryimage"},"image":{"@id":"https:\/\/radioclanfm.com\/clanespectaculos\/de-tini-stoessel-a-la-china-suarez-las-microbikinis-negras-son-las-favoritas-en-el-verano-europeo\/#primaryimage"},"thumbnailUrl":"https:\/\/radioclanfm.com\/clanespectaculos\/wp-content\/uploads\/sites\/2\/2025\/07\/hVwBiHpI.jpg","datePublished":"2025-07-20T00:01:03+00:00","breadcrumb":{"@id":"https:\/\/radioclanfm.com\/clanespectaculos\/de-tini-stoessel-a-la-china-suarez-las-microbikinis-negras-son-las-favoritas-en-el-verano-europeo\/#breadcrumb"},"inLanguage":"es-AR","potentialAction":[{"@type":"ReadAction","target":["https:\/\/radioclanfm.com\/clanespectaculos\/de-tini-stoessel-a-la-china-suarez-las-microbikinis-negras-son-las-favoritas-en-el-verano-europeo\/"]}]},{"@type":"ImageObject","inLanguage":"es-AR","@id":"https:\/\/radioclanfm.com\/clanespectaculos\/de-tini-stoessel-a-la-china-suarez-las-microbikinis-negras-son-las-favoritas-en-el-verano-europeo\/#primaryimage","url":"https:\/\/radioclanfm.com\/clanespectaculos\/wp-content\/uploads\/sites\/2\/2025\/07\/hVwBiHpI.jpg","contentUrl":"https:\/\/radioclanfm.com\/clanespectaculos\/wp-content\/uploads\/sites\/2\/2025\/07\/hVwBiHpI.jpg","width":900,"height":507},{"@type":"BreadcrumbList","@id":"https:\/\/radioclanfm.com\/clanespectaculos\/de-tini-stoessel-a-la-china-suarez-las-microbikinis-negras-son-las-favoritas-en-el-verano-europeo\/#breadcrumb","itemListElement":[{"@type":"ListItem","position":1,"name":"Inicio","item":"https:\/\/radioclanfm.com\/clanespectaculos\/"},{"@type":"ListItem","position":2,"name":"De Tini Stoessel a la China Su\u00e1rez: las microbikinis negras son las favoritas en el verano europeo"}]},{"@type":"WebSite","@id":"https:\/\/radioclanfm.com\/clanespectaculos\/#website","url":"https:\/\/radioclanfm.com\/clanespectaculos\/","name":"CLAN ESPECTACULOS","description":"","publisher":{"@id":"https:\/\/radioclanfm.com\/clanespectaculos\/#organization"},"potentialAction":[{"@type":"SearchAction","target":{"@type":"EntryPoint","urlTemplate":"https:\/\/radioclanfm.com\/clanespectaculos\/?s={search_term_string}"},"query-input":{"@type":"PropertyValueSpecification","valueRequired":true,"valueName":"search_term_string"}}],"inLanguage":"es-AR"},{"@type":"Organization","@id":"https:\/\/radioclanfm.com\/clanespectaculos\/#organization","name":"CLAN ESPECTACULOS","url":"https:\/\/radioclanfm.com\/clanespectaculos\/","logo":{"@type":"ImageObject","inLanguage":"es-AR","@id":"https:\/\/radioclanfm.com\/clanespectaculos\/#\/schema\/logo\/image\/","url":"https:\/\/radioclanfm.com\/clanespectaculos\/wp-content\/uploads\/sites\/2\/2026\/04\/ChatGPT-Image-23-mar-2026-10_09_00.png","contentUrl":"https:\/\/radioclanfm.com\/clanespectaculos\/wp-content\/uploads\/sites\/2\/2026\/04\/ChatGPT-Image-23-mar-2026-10_09_00.png","width":1024,"height":1024,"caption":"CLAN ESPECTACULOS"},"image":{"@id":"https:\/\/radioclanfm.com\/clanespectaculos\/#\/schema\/logo\/image\/"},"sameAs":["https:\/\/www.facebook.com\/clanespectaculos\/","https:\/\/x.com\/clanespectok"]},{"@type":"Person","@id":"https:\/\/radioclanfm.com\/clanespectaculos\/#\/schema\/person\/9734813083303230f3ad84d99171b20c","name":"E-GRUPOCLAN","image":{"@type":"ImageObject","inLanguage":"es-AR","@id":"https:\/\/secure.gravatar.com\/avatar\/af6e19837c3d6a212034a48c7b3818d2ac1826f6025df0155da5a186ad321d79?s=96&d=mm&r=g","url":"https:\/\/secure.gravatar.com\/avatar\/af6e19837c3d6a212034a48c7b3818d2ac1826f6025df0155da5a186ad321d79?s=96&d=mm&r=g","contentUrl":"https:\/\/secure.gravatar.com\/avatar\/af6e19837c3d6a212034a48c7b3818d2ac1826f6025df0155da5a186ad321d79?s=96&d=mm&r=g","caption":"E-GRUPOCLAN"},"sameAs":["https:\/\/radioclanfm.com"],"url":"https:\/\/radioclanfm.com\/clanespectaculos\/author\/admin\/"}]}},"_links":{"self":[{"href":"https:\/\/radioclanfm.com\/clanespectaculos\/wp-json\/wp\/v2\/posts\/3308","targetHints":{"allow":["GET"]}}],"collection":[{"href":"https:\/\/radioclanfm.com\/clanespectaculos\/wp-json\/wp\/v2\/posts"}],"about":[{"href":"https:\/\/radioclanfm.com\/clanespectaculos\/wp-json\/wp\/v2\/types\/post"}],"author":[{"embeddable":true,"href":"https:\/\/radioclanfm.com\/clanespectaculos\/wp-json\/wp\/v2\/users\/1"}],"replies":[{"embeddable":true,"href":"https:\/\/radioclanfm.com\/clanespectaculos\/wp-json\/wp\/v2\/comments?post=3308"}],"version-history":[{"count":1,"href":"https:\/\/radioclanfm.com\/clanespectaculos\/wp-json\/wp\/v2\/posts\/3308\/revisions"}],"predecessor-version":[{"id":3310,"href":"https:\/\/radioclanfm.com\/clanespectaculos\/wp-json\/wp\/v2\/posts\/3308\/revisions\/3310"}],"wp:featuredmedia":[{"embeddable":true,"href":"https:\/\/radioclanfm.com\/clanespectaculos\/wp-json\/wp\/v2\/media\/3309"}],"wp:attachment":[{"href":"https:\/\/radioclanfm.com\/clanespectaculos\/wp-json\/wp\/v2\/media?parent=3308"}],"wp:term":[{"taxonomy":"category","embeddable":true,"href":"https:\/\/radioclanfm.com\/clanespectaculos\/wp-json\/wp\/v2\/categories?post=3308"},{"taxonomy":"post_tag","embeddable":true,"href":"https:\/\/radioclanfm.com\/clanespectaculos\/wp-json\/wp\/v2\/tags?post=3308"}],"curies":[{"name":"wp","href":"https:\/\/api.w.org\/{rel}","templated":true}]}}