{"id":3296,"date":"2025-07-19T20:54:54","date_gmt":"2025-07-19T23:54:54","guid":{"rendered":"https:\/\/radioclanfm.com\/clanespectaculos\/?p=3296"},"modified":"2025-07-19T20:54:54","modified_gmt":"2025-07-19T23:54:54","slug":"el-polemico-gesto-de-wanda-nara-contra-mauro-icardi-en-whatsapp-que-genero-indignacion-en-las-redes","status":"publish","type":"post","link":"https:\/\/radioclanfm.com\/clanespectaculos\/el-polemico-gesto-de-wanda-nara-contra-mauro-icardi-en-whatsapp-que-genero-indignacion-en-las-redes\/","title":{"rendered":"El pol\u00e9mico gesto de Wanda Nara contra Mauro Icardi en WhatsApp que gener\u00f3 indignaci\u00f3n en las redes"},"content":{"rendered":"<p>La medi\u00e1tica volvi\u00f3 a arremeter contra su exmarido y la bronca va en aumento.<\/p>\n<div class=\"col-content\"><main class=\"col-content\"><\/p>\n<div class=\"default-article-color article__body article__article\">\n<p class=\"paragraph font__body-regular\"><b>Wanda Nara<\/b>\u00a0sigue indignada con\u00a0<b>Mauro Icardi<\/b>, a quien no le perdona que haya puesto las<b>\u00a0iniciales de los tres hijos de la China Su\u00e1rez en sus botines nuevos.\u00a0<\/b>Cansada de las demostraciones de amor hacia los \u201cchicos ajenos\u201d y el incumpliento de la cuota alimentaria y obra social de sus herederas, volvi\u00f3 a burlarse de \u00e9l. Esta vez lo hizo\u00a0<b>a trav\u00e9s de su canal de WhatsApp.<\/b><\/p>\n<div class=\"AV67f93cf033780503b00636a7\">\n<div id=\"aniBox\">\n<div id=\"aniplayer_AV67f93cf033780503b00636a7-1752969200940\">\n<div id=\"aniplayer_AV67f93cf033780503b00636a7-1752969200940gui\">\n<div id=\"av-caption\">\n<div id=\"av-close-btn-overlay\" class=\"av-pos-top-left\"><\/div>\n<\/div>\n<\/div>\n<\/div>\n<\/div>\n<\/div>\n<div id=\"ad-slot-infeed\" class=\"infeed-container ad-slot-infeed ad-slot\" data-adtype=\"infeed\" data-google-query-id=\"COHAqqOPyo4DFZ5cuAQdUVgMAw\">\n<div id=\"google_ads_iframe_\/113951150\/tn-arc\/nota\/infeed_0__container__\"><\/div>\n<\/div>\n<p class=\"paragraph font__body-regular\">En medio de una noche de insomnio, Wanda les mostr\u00f3 a sus seguidores todos los stickers que tiene del jugador del Galatasay y varios de ellos son pol\u00e9micos. Esto no solo le vali\u00f3 cr\u00edticas feroces en las redes, tambi\u00e9n qued\u00f3 en evidencia que no logra soltar al deportista.<\/p>\n<p class=\"paragraph font__body-regular\">Varios usuarios sospechan que la empresaria sigue enamorada del rosarino, a quien dej\u00f3 hace 10 meses para vivir una historia con L-Gante, que dur\u00f3 lo mismo que un suspiro. \u201cTe da bronca que est\u00e9 completamente enamorado de la China, su amor plat\u00f3nico\u201d, fue uno de los comentarios que m\u00e1s se repitieron en X.<\/p>\n<figure class=\"\" data-testid=\"figure-testid\">\n<div class=\"aspect_ratio__container\"><picture class=\"responsive-image\"><source srcset=\"https:\/\/tn.com.ar\/resizer\/v2\/wanda-nara-compartio-todos-los-stickers-de-mauro-icardi-que-tiene-en-whatsapp-foto-whatsapp-wanda-nara-GF3QCRG4WFFTJCP6A7AVMZ3TZY.JPG?auth=139d8c5283573f48d4d5085a4480e8ad1203e0491e1b644fe6170eaf5f5ae759&amp;width=767\" type=\"image\/jpg\" media=\"(max-width: 728px)\" \/><source srcset=\"https:\/\/tn.com.ar\/resizer\/v2\/wanda-nara-compartio-todos-los-stickers-de-mauro-icardi-que-tiene-en-whatsapp-foto-whatsapp-wanda-nara-GF3QCRG4WFFTJCP6A7AVMZ3TZY.JPG?auth=139d8c5283573f48d4d5085a4480e8ad1203e0491e1b644fe6170eaf5f5ae759&amp;width=1023\" type=\"image\/jpg\" media=\"(max-width: 1023px)\" \/><source srcset=\"https:\/\/tn.com.ar\/resizer\/v2\/wanda-nara-compartio-todos-los-stickers-de-mauro-icardi-que-tiene-en-whatsapp-foto-whatsapp-wanda-nara-GF3QCRG4WFFTJCP6A7AVMZ3TZY.JPG?auth=139d8c5283573f48d4d5085a4480e8ad1203e0491e1b644fe6170eaf5f5ae759&amp;width=1440\" type=\"image\/jpg\" \/><img loading=\"lazy\" decoding=\"async\" class=\"image content-image image_placeholder\" src=\"https:\/\/tn.com.ar\/resizer\/v2\/wanda-nara-compartio-todos-los-stickers-de-mauro-icardi-que-tiene-en-whatsapp-foto-whatsapp-wanda-nara-GF3QCRG4WFFTJCP6A7AVMZ3TZY.JPG?auth=139d8c5283573f48d4d5085a4480e8ad1203e0491e1b644fe6170eaf5f5ae759&amp;width=767\" alt=\"Wanda Nara comparti\u00f3 todos los stickers de Mauro Icardi que tiene en WhatsApp. (Foto: WhatsApp Wanda Nara)\" width=\"767\" height=\"1506\" data-testid=\"loading-testid\" \/><\/picture><\/div><figcaption class=\"caption_image\" data-testid=\"figcaption-testid\">\n<div class=\"image_caption \">Wanda Nara comparti\u00f3 todos los stickers de Mauro Icardi que tiene en WhatsApp. (Foto: WhatsApp Wanda Nara)<\/div>\n<\/figcaption><\/figure>\n<h2 class=\"font--primary font__display\">C\u00f3mo son los nuevos botines de Mauro Icardi<\/h2>\n<p class=\"paragraph font__body-regular\"><b>Mauro Icardi ya tiene sus nuevos botines<\/b>\u00a0y est\u00e1 muy contento con el resultado, ya que mand\u00f3 a inscribirles los nombres\u00a0<b>\u201cChina, Isabella y Francesca\u201d,\u00a0<\/b>que corresponden a su amada y sus dos nenas. Tambi\u00e9n puso iniciales: en el dedicado a la actriz sum\u00f3 \u201cR.M.A\u201d, que significa Rufina, Magnolia y Amancio, y en el de sus hijas puso \u201cV.C.B\u201d, los chicos que\u00a0<b>Wanda Nara<\/b>\u00a0tuvo con Maxi L\u00f3pez y que \u00e9l crio como propios.<\/p>\n<p class=\"paragraph font__body-regular\"><b>Al verlos, la medi\u00e1tica puso el grito en el cielo y le dijo de todo v\u00eda X<\/b>, donde recibi\u00f3 cr\u00edticas lapidarias por no dejar en paz al futbolista. \u201cQue te tengan que obligar a pagar la obra social de tus propios hijos de manera urgente y alimentos es lo m\u00e1s bajo que un \u2018millonario\u2019 puede hacer\u201d, dispar\u00f3.<\/p>\n<figure class=\"\" data-testid=\"figure-testid\">\n<div class=\"aspect_ratio__container\"><picture class=\"responsive-image\"><source srcset=\"https:\/\/tn.com.ar\/resizer\/v2\/los-nuevos-botines-de-mauro-icardi-indignaron-a-wanda-nara-foto-instagrammauroicardi-UYI4TPTEUJEHVI7B3RISDIZ4MA.jpg?auth=4c787c995704b7d578884f48741d2e7fd5108bf96bf12e1758773889d0031c91&amp;width=767\" type=\"image\/jpg\" media=\"(max-width: 728px)\" \/><source srcset=\"https:\/\/tn.com.ar\/resizer\/v2\/los-nuevos-botines-de-mauro-icardi-indignaron-a-wanda-nara-foto-instagrammauroicardi-UYI4TPTEUJEHVI7B3RISDIZ4MA.jpg?auth=4c787c995704b7d578884f48741d2e7fd5108bf96bf12e1758773889d0031c91&amp;width=1023\" type=\"image\/jpg\" media=\"(max-width: 1023px)\" \/><source srcset=\"https:\/\/tn.com.ar\/resizer\/v2\/los-nuevos-botines-de-mauro-icardi-indignaron-a-wanda-nara-foto-instagrammauroicardi-UYI4TPTEUJEHVI7B3RISDIZ4MA.jpg?auth=4c787c995704b7d578884f48741d2e7fd5108bf96bf12e1758773889d0031c91&amp;width=1440\" type=\"image\/jpg\" \/><img loading=\"lazy\" decoding=\"async\" class=\"image content-image image_placeholder\" src=\"https:\/\/tn.com.ar\/resizer\/v2\/los-nuevos-botines-de-mauro-icardi-indignaron-a-wanda-nara-foto-instagrammauroicardi-UYI4TPTEUJEHVI7B3RISDIZ4MA.jpg?auth=4c787c995704b7d578884f48741d2e7fd5108bf96bf12e1758773889d0031c91&amp;width=767\" alt=\"Los nuevos botines de Mauro Icardi indignaron a Wanda Nara. (Foto: instagram\/mauroicardi)\" width=\"767\" height=\"1363\" data-testid=\"loading-testid\" \/><\/picture><\/div><figcaption class=\"caption_image\" data-testid=\"figcaption-testid\">\n<div class=\"image_caption \">Los nuevos botines de Mauro Icardi indignaron a Wanda Nara. (Foto: instagram\/mauroicardi)<\/div>\n<\/figcaption><\/figure>\n<p class=\"paragraph font__body-regular\">\u201c\u00bfQu\u00e9 letritas ni letritas? Yo no pongo las iniciales en mis tacos altos, yo me ocupo de todo lo que el despechado incumple. Pasaron ya 10 meses porque usas el dinero en\u00a0<b>retrasar el pago de las que llevas en tus botines. Rid\u00edculo&#8221;,<\/b>\u00a0sum\u00f3 luego, despertando comentarios fulminantes entre los usuarios.<\/p>\n<\/div>\n<p><\/main><\/div>\n<aside class=\"col-right-rail right-rail\">\n<div id=\"parent-ad-slot-caja\" class=\"ad-container caja_ad \">\n<div class=\"ad-content\"><\/div>\n<\/div>\n<\/aside>\n","protected":false},"excerpt":{"rendered":"<p>La medi\u00e1tica volvi\u00f3 a arremeter contra su exmarido y la bronca va en aumento. Wanda Nara\u00a0sigue indignada con\u00a0Mauro Icardi, a quien no le perdona que haya puesto las\u00a0iniciales de los tres hijos de la China Su\u00e1rez en sus botines nuevos.\u00a0Cansada de las demostraciones de amor hacia los \u201cchicos ajenos\u201d y el incumpliento de la cuota [&hellip;]<\/p>\n","protected":false},"author":1,"featured_media":3297,"comment_status":"open","ping_status":"open","sticky":false,"template":"","format":"standard","meta":{"rop_custom_images_group":[],"rop_custom_messages_group":[],"rop_publish_now":"initial","rop_publish_now_accounts":[],"rop_publish_now_history":[],"rop_publish_now_status":"pending","footnotes":"","jetpack_publicize_message":"","jetpack_publicize_feature_enabled":true,"jetpack_social_post_already_shared":true,"jetpack_social_options":{"image_generator_settings":{"template":"highway","enabled":false},"version":2}},"categories":[12],"tags":[],"class_list":{"0":"post-3296","1":"post","2":"type-post","3":"status-publish","4":"format-standard","5":"has-post-thumbnail","7":"category-espectaculos"},"jetpack_publicize_connections":[],"yoast_head":"<!-- This site is optimized with the Yoast SEO plugin v27.3 - https:\/\/yoast.com\/product\/yoast-seo-wordpress\/ -->\n<title>El pol\u00e9mico gesto de Wanda Nara contra Mauro Icardi en WhatsApp que gener\u00f3 indignaci\u00f3n en las redes - CLAN ESPECTACULOS<\/title>\n<meta name=\"robots\" content=\"index, follow, max-snippet:-1, max-image-preview:large, max-video-preview:-1\" \/>\n<link rel=\"canonical\" href=\"https:\/\/radioclanfm.com\/clanespectaculos\/el-polemico-gesto-de-wanda-nara-contra-mauro-icardi-en-whatsapp-que-genero-indignacion-en-las-redes\/\" \/>\n<meta property=\"og:locale\" content=\"es_ES\" \/>\n<meta property=\"og:type\" content=\"article\" \/>\n<meta property=\"og:title\" content=\"El pol\u00e9mico gesto de Wanda Nara contra Mauro Icardi en WhatsApp que gener\u00f3 indignaci\u00f3n en las redes - CLAN ESPECTACULOS\" \/>\n<meta property=\"og:description\" content=\"La medi\u00e1tica volvi\u00f3 a arremeter contra su exmarido y la bronca va en aumento. Wanda Nara\u00a0sigue indignada con\u00a0Mauro Icardi, a quien no le perdona que haya puesto las\u00a0iniciales de los tres hijos de la China Su\u00e1rez en sus botines nuevos.\u00a0Cansada de las demostraciones de amor hacia los \u201cchicos ajenos\u201d y el incumpliento de la cuota [&hellip;]\" \/>\n<meta property=\"og:url\" content=\"https:\/\/radioclanfm.com\/clanespectaculos\/el-polemico-gesto-de-wanda-nara-contra-mauro-icardi-en-whatsapp-que-genero-indignacion-en-las-redes\/\" \/>\n<meta property=\"og:site_name\" content=\"CLAN ESPECTACULOS\" \/>\n<meta property=\"article:publisher\" content=\"https:\/\/www.facebook.com\/clanespectaculos\/\" \/>\n<meta property=\"article:published_time\" content=\"2025-07-19T23:54:54+00:00\" \/>\n<meta property=\"og:image\" content=\"https:\/\/radioclanfm.com\/clanespectaculos\/wp-content\/uploads\/sites\/2\/2025\/07\/F_CNtHOV.jpg\" \/>\n\t<meta property=\"og:image:width\" content=\"900\" \/>\n\t<meta property=\"og:image:height\" content=\"504\" \/>\n\t<meta property=\"og:image:type\" content=\"image\/jpeg\" \/>\n<meta name=\"author\" content=\"E-GRUPOCLAN\" \/>\n<meta name=\"twitter:card\" content=\"summary_large_image\" \/>\n<meta name=\"twitter:creator\" content=\"@clanespectok\" \/>\n<meta name=\"twitter:site\" content=\"@clanespectok\" \/>\n<meta name=\"twitter:label1\" content=\"Escrito por\" \/>\n\t<meta name=\"twitter:data1\" content=\"E-GRUPOCLAN\" \/>\n\t<meta name=\"twitter:label2\" content=\"Tiempo de lectura\" \/>\n\t<meta name=\"twitter:data2\" content=\"2 minutos\" \/>\n<script type=\"application\/ld+json\" class=\"yoast-schema-graph\">{\"@context\":\"https:\\\/\\\/schema.org\",\"@graph\":[{\"@type\":\"Article\",\"@id\":\"https:\\\/\\\/radioclanfm.com\\\/clanespectaculos\\\/el-polemico-gesto-de-wanda-nara-contra-mauro-icardi-en-whatsapp-que-genero-indignacion-en-las-redes\\\/#article\",\"isPartOf\":{\"@id\":\"https:\\\/\\\/radioclanfm.com\\\/clanespectaculos\\\/el-polemico-gesto-de-wanda-nara-contra-mauro-icardi-en-whatsapp-que-genero-indignacion-en-las-redes\\\/\"},\"author\":{\"name\":\"E-GRUPOCLAN\",\"@id\":\"https:\\\/\\\/radioclanfm.com\\\/clanespectaculos\\\/#\\\/schema\\\/person\\\/9734813083303230f3ad84d99171b20c\"},\"headline\":\"El pol\u00e9mico gesto de Wanda Nara contra Mauro Icardi en WhatsApp que gener\u00f3 indignaci\u00f3n en las redes\",\"datePublished\":\"2025-07-19T23:54:54+00:00\",\"mainEntityOfPage\":{\"@id\":\"https:\\\/\\\/radioclanfm.com\\\/clanespectaculos\\\/el-polemico-gesto-de-wanda-nara-contra-mauro-icardi-en-whatsapp-que-genero-indignacion-en-las-redes\\\/\"},\"wordCount\":440,\"commentCount\":0,\"publisher\":{\"@id\":\"https:\\\/\\\/radioclanfm.com\\\/clanespectaculos\\\/#organization\"},\"image\":{\"@id\":\"https:\\\/\\\/radioclanfm.com\\\/clanespectaculos\\\/el-polemico-gesto-de-wanda-nara-contra-mauro-icardi-en-whatsapp-que-genero-indignacion-en-las-redes\\\/#primaryimage\"},\"thumbnailUrl\":\"https:\\\/\\\/radioclanfm.com\\\/clanespectaculos\\\/wp-content\\\/uploads\\\/sites\\\/2\\\/2025\\\/07\\\/F_CNtHOV.jpg\",\"articleSection\":[\"Espectaculos\"],\"inLanguage\":\"es-AR\",\"potentialAction\":[{\"@type\":\"CommentAction\",\"name\":\"Comment\",\"target\":[\"https:\\\/\\\/radioclanfm.com\\\/clanespectaculos\\\/el-polemico-gesto-de-wanda-nara-contra-mauro-icardi-en-whatsapp-que-genero-indignacion-en-las-redes\\\/#respond\"]}]},{\"@type\":\"WebPage\",\"@id\":\"https:\\\/\\\/radioclanfm.com\\\/clanespectaculos\\\/el-polemico-gesto-de-wanda-nara-contra-mauro-icardi-en-whatsapp-que-genero-indignacion-en-las-redes\\\/\",\"url\":\"https:\\\/\\\/radioclanfm.com\\\/clanespectaculos\\\/el-polemico-gesto-de-wanda-nara-contra-mauro-icardi-en-whatsapp-que-genero-indignacion-en-las-redes\\\/\",\"name\":\"El pol\u00e9mico gesto de Wanda Nara contra Mauro Icardi en WhatsApp que gener\u00f3 indignaci\u00f3n en las redes - CLAN ESPECTACULOS\",\"isPartOf\":{\"@id\":\"https:\\\/\\\/radioclanfm.com\\\/clanespectaculos\\\/#website\"},\"primaryImageOfPage\":{\"@id\":\"https:\\\/\\\/radioclanfm.com\\\/clanespectaculos\\\/el-polemico-gesto-de-wanda-nara-contra-mauro-icardi-en-whatsapp-que-genero-indignacion-en-las-redes\\\/#primaryimage\"},\"image\":{\"@id\":\"https:\\\/\\\/radioclanfm.com\\\/clanespectaculos\\\/el-polemico-gesto-de-wanda-nara-contra-mauro-icardi-en-whatsapp-que-genero-indignacion-en-las-redes\\\/#primaryimage\"},\"thumbnailUrl\":\"https:\\\/\\\/radioclanfm.com\\\/clanespectaculos\\\/wp-content\\\/uploads\\\/sites\\\/2\\\/2025\\\/07\\\/F_CNtHOV.jpg\",\"datePublished\":\"2025-07-19T23:54:54+00:00\",\"breadcrumb\":{\"@id\":\"https:\\\/\\\/radioclanfm.com\\\/clanespectaculos\\\/el-polemico-gesto-de-wanda-nara-contra-mauro-icardi-en-whatsapp-que-genero-indignacion-en-las-redes\\\/#breadcrumb\"},\"inLanguage\":\"es-AR\",\"potentialAction\":[{\"@type\":\"ReadAction\",\"target\":[\"https:\\\/\\\/radioclanfm.com\\\/clanespectaculos\\\/el-polemico-gesto-de-wanda-nara-contra-mauro-icardi-en-whatsapp-que-genero-indignacion-en-las-redes\\\/\"]}]},{\"@type\":\"ImageObject\",\"inLanguage\":\"es-AR\",\"@id\":\"https:\\\/\\\/radioclanfm.com\\\/clanespectaculos\\\/el-polemico-gesto-de-wanda-nara-contra-mauro-icardi-en-whatsapp-que-genero-indignacion-en-las-redes\\\/#primaryimage\",\"url\":\"https:\\\/\\\/radioclanfm.com\\\/clanespectaculos\\\/wp-content\\\/uploads\\\/sites\\\/2\\\/2025\\\/07\\\/F_CNtHOV.jpg\",\"contentUrl\":\"https:\\\/\\\/radioclanfm.com\\\/clanespectaculos\\\/wp-content\\\/uploads\\\/sites\\\/2\\\/2025\\\/07\\\/F_CNtHOV.jpg\",\"width\":900,\"height\":504},{\"@type\":\"BreadcrumbList\",\"@id\":\"https:\\\/\\\/radioclanfm.com\\\/clanespectaculos\\\/el-polemico-gesto-de-wanda-nara-contra-mauro-icardi-en-whatsapp-que-genero-indignacion-en-las-redes\\\/#breadcrumb\",\"itemListElement\":[{\"@type\":\"ListItem\",\"position\":1,\"name\":\"Inicio\",\"item\":\"https:\\\/\\\/radioclanfm.com\\\/clanespectaculos\\\/\"},{\"@type\":\"ListItem\",\"position\":2,\"name\":\"El pol\u00e9mico gesto de Wanda Nara contra Mauro Icardi en WhatsApp que gener\u00f3 indignaci\u00f3n en las redes\"}]},{\"@type\":\"WebSite\",\"@id\":\"https:\\\/\\\/radioclanfm.com\\\/clanespectaculos\\\/#website\",\"url\":\"https:\\\/\\\/radioclanfm.com\\\/clanespectaculos\\\/\",\"name\":\"CLAN ESPECTACULOS\",\"description\":\"\",\"publisher\":{\"@id\":\"https:\\\/\\\/radioclanfm.com\\\/clanespectaculos\\\/#organization\"},\"potentialAction\":[{\"@type\":\"SearchAction\",\"target\":{\"@type\":\"EntryPoint\",\"urlTemplate\":\"https:\\\/\\\/radioclanfm.com\\\/clanespectaculos\\\/?s={search_term_string}\"},\"query-input\":{\"@type\":\"PropertyValueSpecification\",\"valueRequired\":true,\"valueName\":\"search_term_string\"}}],\"inLanguage\":\"es-AR\"},{\"@type\":\"Organization\",\"@id\":\"https:\\\/\\\/radioclanfm.com\\\/clanespectaculos\\\/#organization\",\"name\":\"CLAN ESPECTACULOS\",\"url\":\"https:\\\/\\\/radioclanfm.com\\\/clanespectaculos\\\/\",\"logo\":{\"@type\":\"ImageObject\",\"inLanguage\":\"es-AR\",\"@id\":\"https:\\\/\\\/radioclanfm.com\\\/clanespectaculos\\\/#\\\/schema\\\/logo\\\/image\\\/\",\"url\":\"https:\\\/\\\/radioclanfm.com\\\/clanespectaculos\\\/wp-content\\\/uploads\\\/sites\\\/2\\\/2026\\\/04\\\/ChatGPT-Image-23-mar-2026-10_09_00.png\",\"contentUrl\":\"https:\\\/\\\/radioclanfm.com\\\/clanespectaculos\\\/wp-content\\\/uploads\\\/sites\\\/2\\\/2026\\\/04\\\/ChatGPT-Image-23-mar-2026-10_09_00.png\",\"width\":1024,\"height\":1024,\"caption\":\"CLAN ESPECTACULOS\"},\"image\":{\"@id\":\"https:\\\/\\\/radioclanfm.com\\\/clanespectaculos\\\/#\\\/schema\\\/logo\\\/image\\\/\"},\"sameAs\":[\"https:\\\/\\\/www.facebook.com\\\/clanespectaculos\\\/\",\"https:\\\/\\\/x.com\\\/clanespectok\"]},{\"@type\":\"Person\",\"@id\":\"https:\\\/\\\/radioclanfm.com\\\/clanespectaculos\\\/#\\\/schema\\\/person\\\/9734813083303230f3ad84d99171b20c\",\"name\":\"E-GRUPOCLAN\",\"image\":{\"@type\":\"ImageObject\",\"inLanguage\":\"es-AR\",\"@id\":\"https:\\\/\\\/secure.gravatar.com\\\/avatar\\\/af6e19837c3d6a212034a48c7b3818d2ac1826f6025df0155da5a186ad321d79?s=96&d=mm&r=g\",\"url\":\"https:\\\/\\\/secure.gravatar.com\\\/avatar\\\/af6e19837c3d6a212034a48c7b3818d2ac1826f6025df0155da5a186ad321d79?s=96&d=mm&r=g\",\"contentUrl\":\"https:\\\/\\\/secure.gravatar.com\\\/avatar\\\/af6e19837c3d6a212034a48c7b3818d2ac1826f6025df0155da5a186ad321d79?s=96&d=mm&r=g\",\"caption\":\"E-GRUPOCLAN\"},\"sameAs\":[\"https:\\\/\\\/radioclanfm.com\"],\"url\":\"https:\\\/\\\/radioclanfm.com\\\/clanespectaculos\\\/author\\\/admin\\\/\"}]}<\/script>\n<!-- \/ Yoast SEO plugin. -->","yoast_head_json":{"title":"El pol\u00e9mico gesto de Wanda Nara contra Mauro Icardi en WhatsApp que gener\u00f3 indignaci\u00f3n en las redes - CLAN ESPECTACULOS","robots":{"index":"index","follow":"follow","max-snippet":"max-snippet:-1","max-image-preview":"max-image-preview:large","max-video-preview":"max-video-preview:-1"},"canonical":"https:\/\/radioclanfm.com\/clanespectaculos\/el-polemico-gesto-de-wanda-nara-contra-mauro-icardi-en-whatsapp-que-genero-indignacion-en-las-redes\/","og_locale":"es_ES","og_type":"article","og_title":"El pol\u00e9mico gesto de Wanda Nara contra Mauro Icardi en WhatsApp que gener\u00f3 indignaci\u00f3n en las redes - CLAN ESPECTACULOS","og_description":"La medi\u00e1tica volvi\u00f3 a arremeter contra su exmarido y la bronca va en aumento. Wanda Nara\u00a0sigue indignada con\u00a0Mauro Icardi, a quien no le perdona que haya puesto las\u00a0iniciales de los tres hijos de la China Su\u00e1rez en sus botines nuevos.\u00a0Cansada de las demostraciones de amor hacia los \u201cchicos ajenos\u201d y el incumpliento de la cuota [&hellip;]","og_url":"https:\/\/radioclanfm.com\/clanespectaculos\/el-polemico-gesto-de-wanda-nara-contra-mauro-icardi-en-whatsapp-que-genero-indignacion-en-las-redes\/","og_site_name":"CLAN ESPECTACULOS","article_publisher":"https:\/\/www.facebook.com\/clanespectaculos\/","article_published_time":"2025-07-19T23:54:54+00:00","og_image":[{"width":900,"height":504,"url":"https:\/\/radioclanfm.com\/clanespectaculos\/wp-content\/uploads\/sites\/2\/2025\/07\/F_CNtHOV.jpg","type":"image\/jpeg"}],"author":"E-GRUPOCLAN","twitter_card":"summary_large_image","twitter_creator":"@clanespectok","twitter_site":"@clanespectok","twitter_misc":{"Escrito por":"E-GRUPOCLAN","Tiempo de lectura":"2 minutos"},"schema":{"@context":"https:\/\/schema.org","@graph":[{"@type":"Article","@id":"https:\/\/radioclanfm.com\/clanespectaculos\/el-polemico-gesto-de-wanda-nara-contra-mauro-icardi-en-whatsapp-que-genero-indignacion-en-las-redes\/#article","isPartOf":{"@id":"https:\/\/radioclanfm.com\/clanespectaculos\/el-polemico-gesto-de-wanda-nara-contra-mauro-icardi-en-whatsapp-que-genero-indignacion-en-las-redes\/"},"author":{"name":"E-GRUPOCLAN","@id":"https:\/\/radioclanfm.com\/clanespectaculos\/#\/schema\/person\/9734813083303230f3ad84d99171b20c"},"headline":"El pol\u00e9mico gesto de Wanda Nara contra Mauro Icardi en WhatsApp que gener\u00f3 indignaci\u00f3n en las redes","datePublished":"2025-07-19T23:54:54+00:00","mainEntityOfPage":{"@id":"https:\/\/radioclanfm.com\/clanespectaculos\/el-polemico-gesto-de-wanda-nara-contra-mauro-icardi-en-whatsapp-que-genero-indignacion-en-las-redes\/"},"wordCount":440,"commentCount":0,"publisher":{"@id":"https:\/\/radioclanfm.com\/clanespectaculos\/#organization"},"image":{"@id":"https:\/\/radioclanfm.com\/clanespectaculos\/el-polemico-gesto-de-wanda-nara-contra-mauro-icardi-en-whatsapp-que-genero-indignacion-en-las-redes\/#primaryimage"},"thumbnailUrl":"https:\/\/radioclanfm.com\/clanespectaculos\/wp-content\/uploads\/sites\/2\/2025\/07\/F_CNtHOV.jpg","articleSection":["Espectaculos"],"inLanguage":"es-AR","potentialAction":[{"@type":"CommentAction","name":"Comment","target":["https:\/\/radioclanfm.com\/clanespectaculos\/el-polemico-gesto-de-wanda-nara-contra-mauro-icardi-en-whatsapp-que-genero-indignacion-en-las-redes\/#respond"]}]},{"@type":"WebPage","@id":"https:\/\/radioclanfm.com\/clanespectaculos\/el-polemico-gesto-de-wanda-nara-contra-mauro-icardi-en-whatsapp-que-genero-indignacion-en-las-redes\/","url":"https:\/\/radioclanfm.com\/clanespectaculos\/el-polemico-gesto-de-wanda-nara-contra-mauro-icardi-en-whatsapp-que-genero-indignacion-en-las-redes\/","name":"El pol\u00e9mico gesto de Wanda Nara contra Mauro Icardi en WhatsApp que gener\u00f3 indignaci\u00f3n en las redes - CLAN ESPECTACULOS","isPartOf":{"@id":"https:\/\/radioclanfm.com\/clanespectaculos\/#website"},"primaryImageOfPage":{"@id":"https:\/\/radioclanfm.com\/clanespectaculos\/el-polemico-gesto-de-wanda-nara-contra-mauro-icardi-en-whatsapp-que-genero-indignacion-en-las-redes\/#primaryimage"},"image":{"@id":"https:\/\/radioclanfm.com\/clanespectaculos\/el-polemico-gesto-de-wanda-nara-contra-mauro-icardi-en-whatsapp-que-genero-indignacion-en-las-redes\/#primaryimage"},"thumbnailUrl":"https:\/\/radioclanfm.com\/clanespectaculos\/wp-content\/uploads\/sites\/2\/2025\/07\/F_CNtHOV.jpg","datePublished":"2025-07-19T23:54:54+00:00","breadcrumb":{"@id":"https:\/\/radioclanfm.com\/clanespectaculos\/el-polemico-gesto-de-wanda-nara-contra-mauro-icardi-en-whatsapp-que-genero-indignacion-en-las-redes\/#breadcrumb"},"inLanguage":"es-AR","potentialAction":[{"@type":"ReadAction","target":["https:\/\/radioclanfm.com\/clanespectaculos\/el-polemico-gesto-de-wanda-nara-contra-mauro-icardi-en-whatsapp-que-genero-indignacion-en-las-redes\/"]}]},{"@type":"ImageObject","inLanguage":"es-AR","@id":"https:\/\/radioclanfm.com\/clanespectaculos\/el-polemico-gesto-de-wanda-nara-contra-mauro-icardi-en-whatsapp-que-genero-indignacion-en-las-redes\/#primaryimage","url":"https:\/\/radioclanfm.com\/clanespectaculos\/wp-content\/uploads\/sites\/2\/2025\/07\/F_CNtHOV.jpg","contentUrl":"https:\/\/radioclanfm.com\/clanespectaculos\/wp-content\/uploads\/sites\/2\/2025\/07\/F_CNtHOV.jpg","width":900,"height":504},{"@type":"BreadcrumbList","@id":"https:\/\/radioclanfm.com\/clanespectaculos\/el-polemico-gesto-de-wanda-nara-contra-mauro-icardi-en-whatsapp-que-genero-indignacion-en-las-redes\/#breadcrumb","itemListElement":[{"@type":"ListItem","position":1,"name":"Inicio","item":"https:\/\/radioclanfm.com\/clanespectaculos\/"},{"@type":"ListItem","position":2,"name":"El pol\u00e9mico gesto de Wanda Nara contra Mauro Icardi en WhatsApp que gener\u00f3 indignaci\u00f3n en las redes"}]},{"@type":"WebSite","@id":"https:\/\/radioclanfm.com\/clanespectaculos\/#website","url":"https:\/\/radioclanfm.com\/clanespectaculos\/","name":"CLAN ESPECTACULOS","description":"","publisher":{"@id":"https:\/\/radioclanfm.com\/clanespectaculos\/#organization"},"potentialAction":[{"@type":"SearchAction","target":{"@type":"EntryPoint","urlTemplate":"https:\/\/radioclanfm.com\/clanespectaculos\/?s={search_term_string}"},"query-input":{"@type":"PropertyValueSpecification","valueRequired":true,"valueName":"search_term_string"}}],"inLanguage":"es-AR"},{"@type":"Organization","@id":"https:\/\/radioclanfm.com\/clanespectaculos\/#organization","name":"CLAN ESPECTACULOS","url":"https:\/\/radioclanfm.com\/clanespectaculos\/","logo":{"@type":"ImageObject","inLanguage":"es-AR","@id":"https:\/\/radioclanfm.com\/clanespectaculos\/#\/schema\/logo\/image\/","url":"https:\/\/radioclanfm.com\/clanespectaculos\/wp-content\/uploads\/sites\/2\/2026\/04\/ChatGPT-Image-23-mar-2026-10_09_00.png","contentUrl":"https:\/\/radioclanfm.com\/clanespectaculos\/wp-content\/uploads\/sites\/2\/2026\/04\/ChatGPT-Image-23-mar-2026-10_09_00.png","width":1024,"height":1024,"caption":"CLAN ESPECTACULOS"},"image":{"@id":"https:\/\/radioclanfm.com\/clanespectaculos\/#\/schema\/logo\/image\/"},"sameAs":["https:\/\/www.facebook.com\/clanespectaculos\/","https:\/\/x.com\/clanespectok"]},{"@type":"Person","@id":"https:\/\/radioclanfm.com\/clanespectaculos\/#\/schema\/person\/9734813083303230f3ad84d99171b20c","name":"E-GRUPOCLAN","image":{"@type":"ImageObject","inLanguage":"es-AR","@id":"https:\/\/secure.gravatar.com\/avatar\/af6e19837c3d6a212034a48c7b3818d2ac1826f6025df0155da5a186ad321d79?s=96&d=mm&r=g","url":"https:\/\/secure.gravatar.com\/avatar\/af6e19837c3d6a212034a48c7b3818d2ac1826f6025df0155da5a186ad321d79?s=96&d=mm&r=g","contentUrl":"https:\/\/secure.gravatar.com\/avatar\/af6e19837c3d6a212034a48c7b3818d2ac1826f6025df0155da5a186ad321d79?s=96&d=mm&r=g","caption":"E-GRUPOCLAN"},"sameAs":["https:\/\/radioclanfm.com"],"url":"https:\/\/radioclanfm.com\/clanespectaculos\/author\/admin\/"}]}},"_links":{"self":[{"href":"https:\/\/radioclanfm.com\/clanespectaculos\/wp-json\/wp\/v2\/posts\/3296","targetHints":{"allow":["GET"]}}],"collection":[{"href":"https:\/\/radioclanfm.com\/clanespectaculos\/wp-json\/wp\/v2\/posts"}],"about":[{"href":"https:\/\/radioclanfm.com\/clanespectaculos\/wp-json\/wp\/v2\/types\/post"}],"author":[{"embeddable":true,"href":"https:\/\/radioclanfm.com\/clanespectaculos\/wp-json\/wp\/v2\/users\/1"}],"replies":[{"embeddable":true,"href":"https:\/\/radioclanfm.com\/clanespectaculos\/wp-json\/wp\/v2\/comments?post=3296"}],"version-history":[{"count":1,"href":"https:\/\/radioclanfm.com\/clanespectaculos\/wp-json\/wp\/v2\/posts\/3296\/revisions"}],"predecessor-version":[{"id":3298,"href":"https:\/\/radioclanfm.com\/clanespectaculos\/wp-json\/wp\/v2\/posts\/3296\/revisions\/3298"}],"wp:featuredmedia":[{"embeddable":true,"href":"https:\/\/radioclanfm.com\/clanespectaculos\/wp-json\/wp\/v2\/media\/3297"}],"wp:attachment":[{"href":"https:\/\/radioclanfm.com\/clanespectaculos\/wp-json\/wp\/v2\/media?parent=3296"}],"wp:term":[{"taxonomy":"category","embeddable":true,"href":"https:\/\/radioclanfm.com\/clanespectaculos\/wp-json\/wp\/v2\/categories?post=3296"},{"taxonomy":"post_tag","embeddable":true,"href":"https:\/\/radioclanfm.com\/clanespectaculos\/wp-json\/wp\/v2\/tags?post=3296"}],"curies":[{"name":"wp","href":"https:\/\/api.w.org\/{rel}","templated":true}]}}