{"id":3287,"date":"2025-07-19T20:48:46","date_gmt":"2025-07-19T23:48:46","guid":{"rendered":"https:\/\/radioclanfm.com\/clanespectaculos\/?p=3287"},"modified":"2025-07-19T20:48:46","modified_gmt":"2025-07-19T23:48:46","slug":"las-fotos-del-cumpleanos-de-rufina-cabre-en-un-hotel-de-lujo-tarde-de-pileta-y-noche-de-pijamada","status":"publish","type":"post","link":"https:\/\/radioclanfm.com\/clanespectaculos\/las-fotos-del-cumpleanos-de-rufina-cabre-en-un-hotel-de-lujo-tarde-de-pileta-y-noche-de-pijamada\/","title":{"rendered":"Las fotos del cumplea\u00f1os de Rufina Cabr\u00e9 en un hotel de lujo: tarde de pileta y noche de pijamada"},"content":{"rendered":"<p>La actriz comparti\u00f3 postales de la celebraci\u00f3n de los 12 a\u00f1os de su primog\u00e9nita en uno de los hoteles m\u00e1s exclusivos del pa\u00eds.<\/p>\n<div class=\"col-content\"><main class=\"col-content\"><\/p>\n<div class=\"default-article-color article__body article__article\">\n<p class=\"paragraph font__body-regular\">Este viernes por la madrugada lleg\u00f3 la\u00a0<a title=\"https:\/\/tn.com.ar\/show\/famosos\/2025\/07\/18\/el-llamativo-accesorio-que-la-china-suarez-trajo-de-turquia-y-se-cree-que-pertenecia-a-wanda-nara\/\" href=\"https:\/\/tn.com.ar\/show\/famosos\/2025\/07\/18\/el-llamativo-accesorio-que-la-china-suarez-trajo-de-turquia-y-se-cree-que-pertenecia-a-wanda-nara\/\" target=\"_self\" rel=\"\"><b>China Su\u00e1rez<\/b><\/a><b>\u00a0<\/b>a la Argentina, despu\u00e9s de su estad\u00eda en Turqu\u00eda, para\u00a0<b>celebrar<\/b>\u00a0<b>los 12 a\u00f1os de su hija mayor<\/b>,<b>\u00a0Rufina Cabr\u00e9<\/b>.<\/p>\n<div class=\"AV67f93cf033780503b00636a7\">\n<div id=\"aniBox\">\n<div id=\"aniplayer_AV67f93cf033780503b00636a7-1752968848134\">\n<div id=\"aniplayer_AV67f93cf033780503b00636a7-1752968848134gui\">\n<div id=\"av-caption\">\n<div id=\"av-close-btn-overlay\" class=\"av-pos-top-left\"><\/div>\n<\/div>\n<\/div>\n<\/div>\n<\/div>\n<\/div>\n<div id=\"ad-slot-infeed\" class=\"infeed-container\" data-google-query-id=\"CP-sxvqNyo4DFQlIuAQdPMIJNg\">\n<div id=\"google_ads_iframe_\/113951150\/tn-arc\/nota\/infeed_0__container__\"><\/div>\n<\/div>\n<p class=\"paragraph font__body-regular\">La actriz comparti\u00f3 esta tarde en su cuenta de Instagram las fotos de lo que fue\u00a0<b>el festejo de cumplea\u00f1os<\/b>\u00a0de la hija que tuvo con Nicol\u00e1s Cabr\u00e9.<\/p>\n<p class=\"paragraph font__body-regular\">La ex\u00a0<i>Casi \u00c1ngeles<\/i>\u00a0alquil\u00f3 una suite en el Hotel Sofitel La Reserva Cardales. La habitaci\u00f3n m\u00e1s cara cuesta, tan solo una noche,<b>\u00a0m\u00e1s de medio mill\u00f3n de pesos<\/b>.<\/p>\n<figure class=\"\" data-testid=\"figure-testid\">\n<div class=\"aspect_ratio__container\"><picture class=\"responsive-image\"><source srcset=\"https:\/\/tn.com.ar\/resizer\/v2\/la-china-suarez-abrazando-a-sus-hijos-en-el-festejo-de-cumpleanos-de-rufina-foto-instagramsangrejaponesa-6FVGB4DBBFGJZJJUP4BWHKOZME.jpg?auth=083f5415c24dbee2de55ba01e888e9b62ab5573da814496307380a2d59a5f925&amp;width=767\" type=\"image\/jpg\" media=\"(max-width: 728px)\" \/><source srcset=\"https:\/\/tn.com.ar\/resizer\/v2\/la-china-suarez-abrazando-a-sus-hijos-en-el-festejo-de-cumpleanos-de-rufina-foto-instagramsangrejaponesa-6FVGB4DBBFGJZJJUP4BWHKOZME.jpg?auth=083f5415c24dbee2de55ba01e888e9b62ab5573da814496307380a2d59a5f925&amp;width=1023\" type=\"image\/jpg\" media=\"(max-width: 1023px)\" \/><source srcset=\"https:\/\/tn.com.ar\/resizer\/v2\/la-china-suarez-abrazando-a-sus-hijos-en-el-festejo-de-cumpleanos-de-rufina-foto-instagramsangrejaponesa-6FVGB4DBBFGJZJJUP4BWHKOZME.jpg?auth=083f5415c24dbee2de55ba01e888e9b62ab5573da814496307380a2d59a5f925&amp;width=1440\" type=\"image\/jpg\" \/><img loading=\"lazy\" decoding=\"async\" class=\"image content-image image_placeholder\" src=\"https:\/\/tn.com.ar\/resizer\/v2\/la-china-suarez-abrazando-a-sus-hijos-en-el-festejo-de-cumpleanos-de-rufina-foto-instagramsangrejaponesa-6FVGB4DBBFGJZJJUP4BWHKOZME.jpg?auth=083f5415c24dbee2de55ba01e888e9b62ab5573da814496307380a2d59a5f925&amp;width=767\" alt=\"La China Su\u00e1rez abrazando a sus hijos en el festejo de cumplea\u00f1os de Rufina. (Foto: Instagram\/@sangrejaponesa).\" width=\"767\" height=\"959\" data-testid=\"loading-testid\" \/><\/picture><\/div><figcaption class=\"caption_image\" data-testid=\"figcaption-testid\">\n<div class=\"image_caption \">La China Su\u00e1rez abrazando a sus hijos en el festejo de cumplea\u00f1os de Rufina. (Foto: Instagram\/@sangrejaponesa).<\/div>\n<\/figcaption><\/figure>\n<p class=\"paragraph font__body-regular\">En la descripci\u00f3n del posteo donde comparti\u00f3 detalles del \u00edntimo festejo, Su\u00e1rez escribi\u00f3: \u201c<b>Amores de mi vida. Feliz nacimiento mi Rufita<\/b>\u201d. En las im\u00e1genes se puede ver que participaron sus hermanos y dos amiguitas.<\/p>\n<p class=\"paragraph font__body-regular\">A pesar del fr\u00edo, los chicos se animaron a usar trajes de ba\u00f1o combinados y\u00a0<b>aprovecharon al m\u00e1ximo las instalaciones del lugar<\/b>. Cada aspecto de este festejo \u00edntimo fue pensado al detalle: a cada invitado le entregaron una bata, un peluche y accesorios, todos con la tem\u00e1tica de<i>\u00a0Hello Kitty<\/i>\u00a0y sus amigos. Ese personaje es tambi\u00e9n uno de los favoritos de Wanda Nara.<\/p>\n<figure class=\"\" data-testid=\"figure-testid\">\n<div class=\"aspect_ratio__container\"><picture class=\"responsive-image\"><source srcset=\"https:\/\/tn.com.ar\/resizer\/v2\/la-china-suarez-con-sus-hijos-en-el-hotel-donde-celebro-el-cumpleanos-de-rufina-foto-instagramsangrejaponesa-K6ZVX6IGBREFTIDKL5F2XCWLNY.jpg?auth=0342cad9481e0be05256a4ad2fadf4af567b7c2f8c70bcc6f1a08dfcdde857d0&amp;width=767\" type=\"image\/jpg\" media=\"(max-width: 728px)\" \/><source srcset=\"https:\/\/tn.com.ar\/resizer\/v2\/la-china-suarez-con-sus-hijos-en-el-hotel-donde-celebro-el-cumpleanos-de-rufina-foto-instagramsangrejaponesa-K6ZVX6IGBREFTIDKL5F2XCWLNY.jpg?auth=0342cad9481e0be05256a4ad2fadf4af567b7c2f8c70bcc6f1a08dfcdde857d0&amp;width=1023\" type=\"image\/jpg\" media=\"(max-width: 1023px)\" \/><source srcset=\"https:\/\/tn.com.ar\/resizer\/v2\/la-china-suarez-con-sus-hijos-en-el-hotel-donde-celebro-el-cumpleanos-de-rufina-foto-instagramsangrejaponesa-K6ZVX6IGBREFTIDKL5F2XCWLNY.jpg?auth=0342cad9481e0be05256a4ad2fadf4af567b7c2f8c70bcc6f1a08dfcdde857d0&amp;width=1440\" type=\"image\/jpg\" \/><img loading=\"lazy\" decoding=\"async\" class=\"image content-image image_placeholder\" src=\"https:\/\/tn.com.ar\/resizer\/v2\/la-china-suarez-con-sus-hijos-en-el-hotel-donde-celebro-el-cumpleanos-de-rufina-foto-instagramsangrejaponesa-K6ZVX6IGBREFTIDKL5F2XCWLNY.jpg?auth=0342cad9481e0be05256a4ad2fadf4af567b7c2f8c70bcc6f1a08dfcdde857d0&amp;width=767\" alt=\"La China Su\u00e1rez con sus hijos en el hotel donde celebr\u00f3 el cumplea\u00f1os de Rufina. (Foto: Instagram\/@sangrejaponesa).\" width=\"767\" height=\"959\" data-testid=\"loading-testid\" \/><\/picture><\/div><figcaption class=\"caption_image\" data-testid=\"figcaption-testid\">\n<div class=\"image_caption \">La China Su\u00e1rez con sus hijos en el hotel donde celebr\u00f3 el cumplea\u00f1os de Rufina. (Foto: Instagram\/@sangrejaponesa).<\/div>\n<\/figcaption><\/figure>\n<p class=\"paragraph font__body-regular\">Al momento de soplar las velitas, la habitaci\u00f3n se decor\u00f3 con\u00a0<b>globos rosas<\/b>\u00a0y\u00a0<b>Rufina eligi\u00f3 dos tortas<\/b>\u00a0\u2014una de ellas de chocolate\u2014 para celebrar un nuevo a\u00f1o de vida. La publicaci\u00f3n no tard\u00f3 en llenarse de \u201cme gusta\u201d y comentarios, entre los que se destac\u00f3 el de\u00a0<b>Icardi\u00a0<\/b>desde Estambul, quien\u00a0<b>dej\u00f3 unos emojis de carita con corazones.<\/b><\/p>\n<figure class=\"\" data-testid=\"figure-testid\">\n<div class=\"aspect_ratio__container\"><picture class=\"responsive-image\"><source srcset=\"https:\/\/tn.com.ar\/resizer\/v2\/rufina-soplo-las-velitas-cuando-llego-el-momento-de-cantar-el-feliz-cumpleanos-foto-instagramsangrejaponesa-VT3W7HY3G5ERTDS46V344VCCV4.jpg?auth=b5b687104a2eaa669c1793a4acdb4a2f37ef8f9e5cac45b21bec1f078c3ae1ae&amp;width=767\" type=\"image\/jpg\" media=\"(max-width: 728px)\" \/><source srcset=\"https:\/\/tn.com.ar\/resizer\/v2\/rufina-soplo-las-velitas-cuando-llego-el-momento-de-cantar-el-feliz-cumpleanos-foto-instagramsangrejaponesa-VT3W7HY3G5ERTDS46V344VCCV4.jpg?auth=b5b687104a2eaa669c1793a4acdb4a2f37ef8f9e5cac45b21bec1f078c3ae1ae&amp;width=1023\" type=\"image\/jpg\" media=\"(max-width: 1023px)\" \/><source srcset=\"https:\/\/tn.com.ar\/resizer\/v2\/rufina-soplo-las-velitas-cuando-llego-el-momento-de-cantar-el-feliz-cumpleanos-foto-instagramsangrejaponesa-VT3W7HY3G5ERTDS46V344VCCV4.jpg?auth=b5b687104a2eaa669c1793a4acdb4a2f37ef8f9e5cac45b21bec1f078c3ae1ae&amp;width=1440\" type=\"image\/jpg\" \/><img loading=\"lazy\" decoding=\"async\" class=\"image content-image image_placeholder\" src=\"https:\/\/tn.com.ar\/resizer\/v2\/rufina-soplo-las-velitas-cuando-llego-el-momento-de-cantar-el-feliz-cumpleanos-foto-instagramsangrejaponesa-VT3W7HY3G5ERTDS46V344VCCV4.jpg?auth=b5b687104a2eaa669c1793a4acdb4a2f37ef8f9e5cac45b21bec1f078c3ae1ae&amp;width=767\" alt=\"Rufina sopl\u00f3 las velitas cuando lleg\u00f3 el momento de cantar el feliz cumplea\u00f1os. (Foto: Instagram\/@sangrejaponesa).\" width=\"767\" height=\"959\" data-testid=\"loading-testid\" \/><\/picture><\/div><figcaption class=\"caption_image\" data-testid=\"figcaption-testid\">\n<div class=\"image_caption \">Rufina sopl\u00f3 las velitas cuando lleg\u00f3 el momento de cantar el feliz cumplea\u00f1os. (Foto: Instagram\/@sangrejaponesa).<\/div>\n<\/figcaption><\/figure>\n<h2 class=\"font--primary font__display\">Las dedicatorias de la China Su\u00e1rez y Nicol\u00e1s Cabr\u00e9 por el cumplea\u00f1os de Rufina<\/h2>\n<p class=\"paragraph font__body-regular\">En el d\u00eda en que Rufina cumpli\u00f3 a\u00f1os,\u00a0<b>sus padres la homenajearon a trav\u00e9s de sus redes sociales<\/b>. La actriz le dedic\u00f3 una serie de historias con fotos in\u00e9ditas y una emotiva declaraci\u00f3n de amor. \u201cHace 12 a\u00f1os nac\u00eda mi primer amor. Mi budita.\u00a0<b>La m\u00e1s buena del mundo<\/b>. La mejor hermana, la mejor amiga\u201d, escribi\u00f3 en su cuenta de Instagram, junto a la secuencia de im\u00e1genes \u00edntimas que reflejan momentos compartidos. \u201cTe amo como todav\u00eda no se invent\u00f3\u201d, agreg\u00f3.<\/p>\n<figure class=\"\" data-testid=\"figure-testid\">\n<div class=\"aspect_ratio__container\"><picture class=\"responsive-image\"><source srcset=\"https:\/\/tn.com.ar\/resizer\/v2\/rufina-cabre-junto-a-magnolia-vicuna-foto-instagramsangrejaponesa-WQUPEPGKEFFQ3NLOSMDAUL3AFQ.jpg?auth=8505626bdfd8a089cac361c28eac9b29a0612fe47cbd5ded8192510a4efaa800&amp;width=767\" type=\"image\/jpg\" media=\"(max-width: 728px)\" \/><source srcset=\"https:\/\/tn.com.ar\/resizer\/v2\/rufina-cabre-junto-a-magnolia-vicuna-foto-instagramsangrejaponesa-WQUPEPGKEFFQ3NLOSMDAUL3AFQ.jpg?auth=8505626bdfd8a089cac361c28eac9b29a0612fe47cbd5ded8192510a4efaa800&amp;width=1023\" type=\"image\/jpg\" media=\"(max-width: 1023px)\" \/><source srcset=\"https:\/\/tn.com.ar\/resizer\/v2\/rufina-cabre-junto-a-magnolia-vicuna-foto-instagramsangrejaponesa-WQUPEPGKEFFQ3NLOSMDAUL3AFQ.jpg?auth=8505626bdfd8a089cac361c28eac9b29a0612fe47cbd5ded8192510a4efaa800&amp;width=1440\" type=\"image\/jpg\" \/><img loading=\"lazy\" decoding=\"async\" class=\"image content-image image_placeholder\" src=\"https:\/\/tn.com.ar\/resizer\/v2\/rufina-cabre-junto-a-magnolia-vicuna-foto-instagramsangrejaponesa-WQUPEPGKEFFQ3NLOSMDAUL3AFQ.jpg?auth=8505626bdfd8a089cac361c28eac9b29a0612fe47cbd5ded8192510a4efaa800&amp;width=767\" alt=\"Rufina Cabr\u00e9 junto a Magnolia Vicu\u00f1a. (Foto: Instagram\/@sangrejaponesa).\" width=\"767\" height=\"959\" data-testid=\"loading-testid\" \/><\/picture><\/div><figcaption class=\"caption_image\" data-testid=\"figcaption-testid\">\n<div class=\"image_caption \">Rufina Cabr\u00e9 junto a Magnolia Vicu\u00f1a. (Foto: Instagram\/@sangrejaponesa).<\/div>\n<\/figcaption><\/figure>\n<p class=\"paragraph font__body-regular\">\u201c<b>Hoy hace 12 a\u00f1os me ense\u00f1aste lo que es ser feliz<\/b>\u2026 y as\u00ed todos los d\u00edas de tu vida me ense\u00f1\u00e1s cosas nuevas. Todos los d\u00edas trato de ser un mejor pap\u00e1 y as\u00ed acompa\u00f1ar tu crecimiento. Sos la nena m\u00e1s buena, dulce y linda del mundo.<b>\u00a0Me llen\u00e1s de orgullo y sonr\u00edo escribi\u00e9ndote esto<\/b>, porque de verdad ya hace 12 a\u00f1os soy el pap\u00e1 m\u00e1s afortunado por tenerte a vos de hija. Feliz cumple hermosa m\u00eda, te deseo lo mejor de lo mejor. So\u00f1\u00e1 alto, so\u00f1\u00e1 bien alto que\u00a0<b>te merec\u00e9s todo y mucho m\u00e1s<\/b>. Te amo\u201d, escribi\u00f3 el actor de\u00a0<i>Son Amores<\/i>.<\/p>\n<\/div>\n<p><\/main><\/div>\n<aside class=\"col-right-rail right-rail\">\n<div id=\"parent-ad-slot-caja\" class=\"ad-container caja_ad \">\n<div class=\"ad-content\"><\/div>\n<\/div>\n<\/aside>\n","protected":false},"excerpt":{"rendered":"<p>La actriz comparti\u00f3 postales de la celebraci\u00f3n de los 12 a\u00f1os de su primog\u00e9nita en uno de los hoteles m\u00e1s exclusivos del pa\u00eds. Este viernes por la madrugada lleg\u00f3 la\u00a0China Su\u00e1rez\u00a0a la Argentina, despu\u00e9s de su estad\u00eda en Turqu\u00eda, para\u00a0celebrar\u00a0los 12 a\u00f1os de su hija mayor,\u00a0Rufina Cabr\u00e9. La actriz comparti\u00f3 esta tarde en su cuenta [&hellip;]<\/p>\n","protected":false},"author":1,"featured_media":3288,"comment_status":"open","ping_status":"open","sticky":false,"template":"","format":"standard","meta":{"rop_custom_images_group":[],"rop_custom_messages_group":[],"rop_publish_now":"initial","rop_publish_now_accounts":[],"rop_publish_now_history":[],"rop_publish_now_status":"pending","footnotes":"","jetpack_publicize_message":"","jetpack_publicize_feature_enabled":true,"jetpack_social_post_already_shared":true,"jetpack_social_options":{"image_generator_settings":{"template":"highway","enabled":false},"version":2}},"categories":[12],"tags":[],"class_list":{"0":"post-3287","1":"post","2":"type-post","3":"status-publish","4":"format-standard","5":"has-post-thumbnail","7":"category-espectaculos"},"jetpack_publicize_connections":[],"yoast_head":"<!-- This site is optimized with the Yoast SEO plugin v27.3 - https:\/\/yoast.com\/product\/yoast-seo-wordpress\/ -->\n<title>Las fotos del cumplea\u00f1os de Rufina Cabr\u00e9 en un hotel de lujo: tarde de pileta y noche de pijamada - CLAN ESPECTACULOS<\/title>\n<meta name=\"robots\" content=\"index, follow, max-snippet:-1, max-image-preview:large, max-video-preview:-1\" \/>\n<link rel=\"canonical\" href=\"https:\/\/radioclanfm.com\/clanespectaculos\/las-fotos-del-cumpleanos-de-rufina-cabre-en-un-hotel-de-lujo-tarde-de-pileta-y-noche-de-pijamada\/\" \/>\n<meta property=\"og:locale\" content=\"es_ES\" \/>\n<meta property=\"og:type\" content=\"article\" \/>\n<meta property=\"og:title\" content=\"Las fotos del cumplea\u00f1os de Rufina Cabr\u00e9 en un hotel de lujo: tarde de pileta y noche de pijamada - CLAN ESPECTACULOS\" \/>\n<meta property=\"og:description\" content=\"La actriz comparti\u00f3 postales de la celebraci\u00f3n de los 12 a\u00f1os de su primog\u00e9nita en uno de los hoteles m\u00e1s exclusivos del pa\u00eds. Este viernes por la madrugada lleg\u00f3 la\u00a0China Su\u00e1rez\u00a0a la Argentina, despu\u00e9s de su estad\u00eda en Turqu\u00eda, para\u00a0celebrar\u00a0los 12 a\u00f1os de su hija mayor,\u00a0Rufina Cabr\u00e9. La actriz comparti\u00f3 esta tarde en su cuenta [&hellip;]\" \/>\n<meta property=\"og:url\" content=\"https:\/\/radioclanfm.com\/clanespectaculos\/las-fotos-del-cumpleanos-de-rufina-cabre-en-un-hotel-de-lujo-tarde-de-pileta-y-noche-de-pijamada\/\" \/>\n<meta property=\"og:site_name\" content=\"CLAN ESPECTACULOS\" \/>\n<meta property=\"article:publisher\" content=\"https:\/\/www.facebook.com\/clanespectaculos\/\" \/>\n<meta property=\"article:published_time\" content=\"2025-07-19T23:48:46+00:00\" \/>\n<meta property=\"og:image\" content=\"https:\/\/radioclanfm.com\/clanespectaculos\/wp-content\/uploads\/sites\/2\/2025\/07\/a61SQIO9.jpg\" \/>\n\t<meta property=\"og:image:width\" content=\"900\" \/>\n\t<meta property=\"og:image:height\" content=\"504\" \/>\n\t<meta property=\"og:image:type\" content=\"image\/jpeg\" \/>\n<meta name=\"author\" content=\"E-GRUPOCLAN\" \/>\n<meta name=\"twitter:card\" content=\"summary_large_image\" \/>\n<meta name=\"twitter:creator\" content=\"@clanespectok\" \/>\n<meta name=\"twitter:site\" content=\"@clanespectok\" \/>\n<meta name=\"twitter:label1\" content=\"Escrito por\" \/>\n\t<meta name=\"twitter:data1\" content=\"E-GRUPOCLAN\" \/>\n\t<meta name=\"twitter:label2\" content=\"Tiempo de lectura\" \/>\n\t<meta name=\"twitter:data2\" content=\"3 minutos\" \/>\n<script type=\"application\/ld+json\" class=\"yoast-schema-graph\">{\"@context\":\"https:\\\/\\\/schema.org\",\"@graph\":[{\"@type\":\"Article\",\"@id\":\"https:\\\/\\\/radioclanfm.com\\\/clanespectaculos\\\/las-fotos-del-cumpleanos-de-rufina-cabre-en-un-hotel-de-lujo-tarde-de-pileta-y-noche-de-pijamada\\\/#article\",\"isPartOf\":{\"@id\":\"https:\\\/\\\/radioclanfm.com\\\/clanespectaculos\\\/las-fotos-del-cumpleanos-de-rufina-cabre-en-un-hotel-de-lujo-tarde-de-pileta-y-noche-de-pijamada\\\/\"},\"author\":{\"name\":\"E-GRUPOCLAN\",\"@id\":\"https:\\\/\\\/radioclanfm.com\\\/clanespectaculos\\\/#\\\/schema\\\/person\\\/9734813083303230f3ad84d99171b20c\"},\"headline\":\"Las fotos del cumplea\u00f1os de Rufina Cabr\u00e9 en un hotel de lujo: tarde de pileta y noche de pijamada\",\"datePublished\":\"2025-07-19T23:48:46+00:00\",\"mainEntityOfPage\":{\"@id\":\"https:\\\/\\\/radioclanfm.com\\\/clanespectaculos\\\/las-fotos-del-cumpleanos-de-rufina-cabre-en-un-hotel-de-lujo-tarde-de-pileta-y-noche-de-pijamada\\\/\"},\"wordCount\":600,\"commentCount\":0,\"publisher\":{\"@id\":\"https:\\\/\\\/radioclanfm.com\\\/clanespectaculos\\\/#organization\"},\"image\":{\"@id\":\"https:\\\/\\\/radioclanfm.com\\\/clanespectaculos\\\/las-fotos-del-cumpleanos-de-rufina-cabre-en-un-hotel-de-lujo-tarde-de-pileta-y-noche-de-pijamada\\\/#primaryimage\"},\"thumbnailUrl\":\"https:\\\/\\\/radioclanfm.com\\\/clanespectaculos\\\/wp-content\\\/uploads\\\/sites\\\/2\\\/2025\\\/07\\\/a61SQIO9.jpg\",\"articleSection\":[\"Espectaculos\"],\"inLanguage\":\"es-AR\",\"potentialAction\":[{\"@type\":\"CommentAction\",\"name\":\"Comment\",\"target\":[\"https:\\\/\\\/radioclanfm.com\\\/clanespectaculos\\\/las-fotos-del-cumpleanos-de-rufina-cabre-en-un-hotel-de-lujo-tarde-de-pileta-y-noche-de-pijamada\\\/#respond\"]}]},{\"@type\":\"WebPage\",\"@id\":\"https:\\\/\\\/radioclanfm.com\\\/clanespectaculos\\\/las-fotos-del-cumpleanos-de-rufina-cabre-en-un-hotel-de-lujo-tarde-de-pileta-y-noche-de-pijamada\\\/\",\"url\":\"https:\\\/\\\/radioclanfm.com\\\/clanespectaculos\\\/las-fotos-del-cumpleanos-de-rufina-cabre-en-un-hotel-de-lujo-tarde-de-pileta-y-noche-de-pijamada\\\/\",\"name\":\"Las fotos del cumplea\u00f1os de Rufina Cabr\u00e9 en un hotel de lujo: tarde de pileta y noche de pijamada - CLAN ESPECTACULOS\",\"isPartOf\":{\"@id\":\"https:\\\/\\\/radioclanfm.com\\\/clanespectaculos\\\/#website\"},\"primaryImageOfPage\":{\"@id\":\"https:\\\/\\\/radioclanfm.com\\\/clanespectaculos\\\/las-fotos-del-cumpleanos-de-rufina-cabre-en-un-hotel-de-lujo-tarde-de-pileta-y-noche-de-pijamada\\\/#primaryimage\"},\"image\":{\"@id\":\"https:\\\/\\\/radioclanfm.com\\\/clanespectaculos\\\/las-fotos-del-cumpleanos-de-rufina-cabre-en-un-hotel-de-lujo-tarde-de-pileta-y-noche-de-pijamada\\\/#primaryimage\"},\"thumbnailUrl\":\"https:\\\/\\\/radioclanfm.com\\\/clanespectaculos\\\/wp-content\\\/uploads\\\/sites\\\/2\\\/2025\\\/07\\\/a61SQIO9.jpg\",\"datePublished\":\"2025-07-19T23:48:46+00:00\",\"breadcrumb\":{\"@id\":\"https:\\\/\\\/radioclanfm.com\\\/clanespectaculos\\\/las-fotos-del-cumpleanos-de-rufina-cabre-en-un-hotel-de-lujo-tarde-de-pileta-y-noche-de-pijamada\\\/#breadcrumb\"},\"inLanguage\":\"es-AR\",\"potentialAction\":[{\"@type\":\"ReadAction\",\"target\":[\"https:\\\/\\\/radioclanfm.com\\\/clanespectaculos\\\/las-fotos-del-cumpleanos-de-rufina-cabre-en-un-hotel-de-lujo-tarde-de-pileta-y-noche-de-pijamada\\\/\"]}]},{\"@type\":\"ImageObject\",\"inLanguage\":\"es-AR\",\"@id\":\"https:\\\/\\\/radioclanfm.com\\\/clanespectaculos\\\/las-fotos-del-cumpleanos-de-rufina-cabre-en-un-hotel-de-lujo-tarde-de-pileta-y-noche-de-pijamada\\\/#primaryimage\",\"url\":\"https:\\\/\\\/radioclanfm.com\\\/clanespectaculos\\\/wp-content\\\/uploads\\\/sites\\\/2\\\/2025\\\/07\\\/a61SQIO9.jpg\",\"contentUrl\":\"https:\\\/\\\/radioclanfm.com\\\/clanespectaculos\\\/wp-content\\\/uploads\\\/sites\\\/2\\\/2025\\\/07\\\/a61SQIO9.jpg\",\"width\":900,\"height\":504},{\"@type\":\"BreadcrumbList\",\"@id\":\"https:\\\/\\\/radioclanfm.com\\\/clanespectaculos\\\/las-fotos-del-cumpleanos-de-rufina-cabre-en-un-hotel-de-lujo-tarde-de-pileta-y-noche-de-pijamada\\\/#breadcrumb\",\"itemListElement\":[{\"@type\":\"ListItem\",\"position\":1,\"name\":\"Inicio\",\"item\":\"https:\\\/\\\/radioclanfm.com\\\/clanespectaculos\\\/\"},{\"@type\":\"ListItem\",\"position\":2,\"name\":\"Las fotos del cumplea\u00f1os de Rufina Cabr\u00e9 en un hotel de lujo: tarde de pileta y noche de pijamada\"}]},{\"@type\":\"WebSite\",\"@id\":\"https:\\\/\\\/radioclanfm.com\\\/clanespectaculos\\\/#website\",\"url\":\"https:\\\/\\\/radioclanfm.com\\\/clanespectaculos\\\/\",\"name\":\"CLAN ESPECTACULOS\",\"description\":\"\",\"publisher\":{\"@id\":\"https:\\\/\\\/radioclanfm.com\\\/clanespectaculos\\\/#organization\"},\"potentialAction\":[{\"@type\":\"SearchAction\",\"target\":{\"@type\":\"EntryPoint\",\"urlTemplate\":\"https:\\\/\\\/radioclanfm.com\\\/clanespectaculos\\\/?s={search_term_string}\"},\"query-input\":{\"@type\":\"PropertyValueSpecification\",\"valueRequired\":true,\"valueName\":\"search_term_string\"}}],\"inLanguage\":\"es-AR\"},{\"@type\":\"Organization\",\"@id\":\"https:\\\/\\\/radioclanfm.com\\\/clanespectaculos\\\/#organization\",\"name\":\"CLAN ESPECTACULOS\",\"url\":\"https:\\\/\\\/radioclanfm.com\\\/clanespectaculos\\\/\",\"logo\":{\"@type\":\"ImageObject\",\"inLanguage\":\"es-AR\",\"@id\":\"https:\\\/\\\/radioclanfm.com\\\/clanespectaculos\\\/#\\\/schema\\\/logo\\\/image\\\/\",\"url\":\"https:\\\/\\\/radioclanfm.com\\\/clanespectaculos\\\/wp-content\\\/uploads\\\/sites\\\/2\\\/2026\\\/04\\\/ChatGPT-Image-23-mar-2026-10_09_00.png\",\"contentUrl\":\"https:\\\/\\\/radioclanfm.com\\\/clanespectaculos\\\/wp-content\\\/uploads\\\/sites\\\/2\\\/2026\\\/04\\\/ChatGPT-Image-23-mar-2026-10_09_00.png\",\"width\":1024,\"height\":1024,\"caption\":\"CLAN ESPECTACULOS\"},\"image\":{\"@id\":\"https:\\\/\\\/radioclanfm.com\\\/clanespectaculos\\\/#\\\/schema\\\/logo\\\/image\\\/\"},\"sameAs\":[\"https:\\\/\\\/www.facebook.com\\\/clanespectaculos\\\/\",\"https:\\\/\\\/x.com\\\/clanespectok\"]},{\"@type\":\"Person\",\"@id\":\"https:\\\/\\\/radioclanfm.com\\\/clanespectaculos\\\/#\\\/schema\\\/person\\\/9734813083303230f3ad84d99171b20c\",\"name\":\"E-GRUPOCLAN\",\"image\":{\"@type\":\"ImageObject\",\"inLanguage\":\"es-AR\",\"@id\":\"https:\\\/\\\/secure.gravatar.com\\\/avatar\\\/af6e19837c3d6a212034a48c7b3818d2ac1826f6025df0155da5a186ad321d79?s=96&d=mm&r=g\",\"url\":\"https:\\\/\\\/secure.gravatar.com\\\/avatar\\\/af6e19837c3d6a212034a48c7b3818d2ac1826f6025df0155da5a186ad321d79?s=96&d=mm&r=g\",\"contentUrl\":\"https:\\\/\\\/secure.gravatar.com\\\/avatar\\\/af6e19837c3d6a212034a48c7b3818d2ac1826f6025df0155da5a186ad321d79?s=96&d=mm&r=g\",\"caption\":\"E-GRUPOCLAN\"},\"sameAs\":[\"https:\\\/\\\/radioclanfm.com\"],\"url\":\"https:\\\/\\\/radioclanfm.com\\\/clanespectaculos\\\/author\\\/admin\\\/\"}]}<\/script>\n<!-- \/ Yoast SEO plugin. -->","yoast_head_json":{"title":"Las fotos del cumplea\u00f1os de Rufina Cabr\u00e9 en un hotel de lujo: tarde de pileta y noche de pijamada - CLAN ESPECTACULOS","robots":{"index":"index","follow":"follow","max-snippet":"max-snippet:-1","max-image-preview":"max-image-preview:large","max-video-preview":"max-video-preview:-1"},"canonical":"https:\/\/radioclanfm.com\/clanespectaculos\/las-fotos-del-cumpleanos-de-rufina-cabre-en-un-hotel-de-lujo-tarde-de-pileta-y-noche-de-pijamada\/","og_locale":"es_ES","og_type":"article","og_title":"Las fotos del cumplea\u00f1os de Rufina Cabr\u00e9 en un hotel de lujo: tarde de pileta y noche de pijamada - CLAN ESPECTACULOS","og_description":"La actriz comparti\u00f3 postales de la celebraci\u00f3n de los 12 a\u00f1os de su primog\u00e9nita en uno de los hoteles m\u00e1s exclusivos del pa\u00eds. Este viernes por la madrugada lleg\u00f3 la\u00a0China Su\u00e1rez\u00a0a la Argentina, despu\u00e9s de su estad\u00eda en Turqu\u00eda, para\u00a0celebrar\u00a0los 12 a\u00f1os de su hija mayor,\u00a0Rufina Cabr\u00e9. La actriz comparti\u00f3 esta tarde en su cuenta [&hellip;]","og_url":"https:\/\/radioclanfm.com\/clanespectaculos\/las-fotos-del-cumpleanos-de-rufina-cabre-en-un-hotel-de-lujo-tarde-de-pileta-y-noche-de-pijamada\/","og_site_name":"CLAN ESPECTACULOS","article_publisher":"https:\/\/www.facebook.com\/clanespectaculos\/","article_published_time":"2025-07-19T23:48:46+00:00","og_image":[{"width":900,"height":504,"url":"https:\/\/radioclanfm.com\/clanespectaculos\/wp-content\/uploads\/sites\/2\/2025\/07\/a61SQIO9.jpg","type":"image\/jpeg"}],"author":"E-GRUPOCLAN","twitter_card":"summary_large_image","twitter_creator":"@clanespectok","twitter_site":"@clanespectok","twitter_misc":{"Escrito por":"E-GRUPOCLAN","Tiempo de lectura":"3 minutos"},"schema":{"@context":"https:\/\/schema.org","@graph":[{"@type":"Article","@id":"https:\/\/radioclanfm.com\/clanespectaculos\/las-fotos-del-cumpleanos-de-rufina-cabre-en-un-hotel-de-lujo-tarde-de-pileta-y-noche-de-pijamada\/#article","isPartOf":{"@id":"https:\/\/radioclanfm.com\/clanespectaculos\/las-fotos-del-cumpleanos-de-rufina-cabre-en-un-hotel-de-lujo-tarde-de-pileta-y-noche-de-pijamada\/"},"author":{"name":"E-GRUPOCLAN","@id":"https:\/\/radioclanfm.com\/clanespectaculos\/#\/schema\/person\/9734813083303230f3ad84d99171b20c"},"headline":"Las fotos del cumplea\u00f1os de Rufina Cabr\u00e9 en un hotel de lujo: tarde de pileta y noche de pijamada","datePublished":"2025-07-19T23:48:46+00:00","mainEntityOfPage":{"@id":"https:\/\/radioclanfm.com\/clanespectaculos\/las-fotos-del-cumpleanos-de-rufina-cabre-en-un-hotel-de-lujo-tarde-de-pileta-y-noche-de-pijamada\/"},"wordCount":600,"commentCount":0,"publisher":{"@id":"https:\/\/radioclanfm.com\/clanespectaculos\/#organization"},"image":{"@id":"https:\/\/radioclanfm.com\/clanespectaculos\/las-fotos-del-cumpleanos-de-rufina-cabre-en-un-hotel-de-lujo-tarde-de-pileta-y-noche-de-pijamada\/#primaryimage"},"thumbnailUrl":"https:\/\/radioclanfm.com\/clanespectaculos\/wp-content\/uploads\/sites\/2\/2025\/07\/a61SQIO9.jpg","articleSection":["Espectaculos"],"inLanguage":"es-AR","potentialAction":[{"@type":"CommentAction","name":"Comment","target":["https:\/\/radioclanfm.com\/clanespectaculos\/las-fotos-del-cumpleanos-de-rufina-cabre-en-un-hotel-de-lujo-tarde-de-pileta-y-noche-de-pijamada\/#respond"]}]},{"@type":"WebPage","@id":"https:\/\/radioclanfm.com\/clanespectaculos\/las-fotos-del-cumpleanos-de-rufina-cabre-en-un-hotel-de-lujo-tarde-de-pileta-y-noche-de-pijamada\/","url":"https:\/\/radioclanfm.com\/clanespectaculos\/las-fotos-del-cumpleanos-de-rufina-cabre-en-un-hotel-de-lujo-tarde-de-pileta-y-noche-de-pijamada\/","name":"Las fotos del cumplea\u00f1os de Rufina Cabr\u00e9 en un hotel de lujo: tarde de pileta y noche de pijamada - CLAN ESPECTACULOS","isPartOf":{"@id":"https:\/\/radioclanfm.com\/clanespectaculos\/#website"},"primaryImageOfPage":{"@id":"https:\/\/radioclanfm.com\/clanespectaculos\/las-fotos-del-cumpleanos-de-rufina-cabre-en-un-hotel-de-lujo-tarde-de-pileta-y-noche-de-pijamada\/#primaryimage"},"image":{"@id":"https:\/\/radioclanfm.com\/clanespectaculos\/las-fotos-del-cumpleanos-de-rufina-cabre-en-un-hotel-de-lujo-tarde-de-pileta-y-noche-de-pijamada\/#primaryimage"},"thumbnailUrl":"https:\/\/radioclanfm.com\/clanespectaculos\/wp-content\/uploads\/sites\/2\/2025\/07\/a61SQIO9.jpg","datePublished":"2025-07-19T23:48:46+00:00","breadcrumb":{"@id":"https:\/\/radioclanfm.com\/clanespectaculos\/las-fotos-del-cumpleanos-de-rufina-cabre-en-un-hotel-de-lujo-tarde-de-pileta-y-noche-de-pijamada\/#breadcrumb"},"inLanguage":"es-AR","potentialAction":[{"@type":"ReadAction","target":["https:\/\/radioclanfm.com\/clanespectaculos\/las-fotos-del-cumpleanos-de-rufina-cabre-en-un-hotel-de-lujo-tarde-de-pileta-y-noche-de-pijamada\/"]}]},{"@type":"ImageObject","inLanguage":"es-AR","@id":"https:\/\/radioclanfm.com\/clanespectaculos\/las-fotos-del-cumpleanos-de-rufina-cabre-en-un-hotel-de-lujo-tarde-de-pileta-y-noche-de-pijamada\/#primaryimage","url":"https:\/\/radioclanfm.com\/clanespectaculos\/wp-content\/uploads\/sites\/2\/2025\/07\/a61SQIO9.jpg","contentUrl":"https:\/\/radioclanfm.com\/clanespectaculos\/wp-content\/uploads\/sites\/2\/2025\/07\/a61SQIO9.jpg","width":900,"height":504},{"@type":"BreadcrumbList","@id":"https:\/\/radioclanfm.com\/clanespectaculos\/las-fotos-del-cumpleanos-de-rufina-cabre-en-un-hotel-de-lujo-tarde-de-pileta-y-noche-de-pijamada\/#breadcrumb","itemListElement":[{"@type":"ListItem","position":1,"name":"Inicio","item":"https:\/\/radioclanfm.com\/clanespectaculos\/"},{"@type":"ListItem","position":2,"name":"Las fotos del cumplea\u00f1os de Rufina Cabr\u00e9 en un hotel de lujo: tarde de pileta y noche de pijamada"}]},{"@type":"WebSite","@id":"https:\/\/radioclanfm.com\/clanespectaculos\/#website","url":"https:\/\/radioclanfm.com\/clanespectaculos\/","name":"CLAN ESPECTACULOS","description":"","publisher":{"@id":"https:\/\/radioclanfm.com\/clanespectaculos\/#organization"},"potentialAction":[{"@type":"SearchAction","target":{"@type":"EntryPoint","urlTemplate":"https:\/\/radioclanfm.com\/clanespectaculos\/?s={search_term_string}"},"query-input":{"@type":"PropertyValueSpecification","valueRequired":true,"valueName":"search_term_string"}}],"inLanguage":"es-AR"},{"@type":"Organization","@id":"https:\/\/radioclanfm.com\/clanespectaculos\/#organization","name":"CLAN ESPECTACULOS","url":"https:\/\/radioclanfm.com\/clanespectaculos\/","logo":{"@type":"ImageObject","inLanguage":"es-AR","@id":"https:\/\/radioclanfm.com\/clanespectaculos\/#\/schema\/logo\/image\/","url":"https:\/\/radioclanfm.com\/clanespectaculos\/wp-content\/uploads\/sites\/2\/2026\/04\/ChatGPT-Image-23-mar-2026-10_09_00.png","contentUrl":"https:\/\/radioclanfm.com\/clanespectaculos\/wp-content\/uploads\/sites\/2\/2026\/04\/ChatGPT-Image-23-mar-2026-10_09_00.png","width":1024,"height":1024,"caption":"CLAN ESPECTACULOS"},"image":{"@id":"https:\/\/radioclanfm.com\/clanespectaculos\/#\/schema\/logo\/image\/"},"sameAs":["https:\/\/www.facebook.com\/clanespectaculos\/","https:\/\/x.com\/clanespectok"]},{"@type":"Person","@id":"https:\/\/radioclanfm.com\/clanespectaculos\/#\/schema\/person\/9734813083303230f3ad84d99171b20c","name":"E-GRUPOCLAN","image":{"@type":"ImageObject","inLanguage":"es-AR","@id":"https:\/\/secure.gravatar.com\/avatar\/af6e19837c3d6a212034a48c7b3818d2ac1826f6025df0155da5a186ad321d79?s=96&d=mm&r=g","url":"https:\/\/secure.gravatar.com\/avatar\/af6e19837c3d6a212034a48c7b3818d2ac1826f6025df0155da5a186ad321d79?s=96&d=mm&r=g","contentUrl":"https:\/\/secure.gravatar.com\/avatar\/af6e19837c3d6a212034a48c7b3818d2ac1826f6025df0155da5a186ad321d79?s=96&d=mm&r=g","caption":"E-GRUPOCLAN"},"sameAs":["https:\/\/radioclanfm.com"],"url":"https:\/\/radioclanfm.com\/clanespectaculos\/author\/admin\/"}]}},"_links":{"self":[{"href":"https:\/\/radioclanfm.com\/clanespectaculos\/wp-json\/wp\/v2\/posts\/3287","targetHints":{"allow":["GET"]}}],"collection":[{"href":"https:\/\/radioclanfm.com\/clanespectaculos\/wp-json\/wp\/v2\/posts"}],"about":[{"href":"https:\/\/radioclanfm.com\/clanespectaculos\/wp-json\/wp\/v2\/types\/post"}],"author":[{"embeddable":true,"href":"https:\/\/radioclanfm.com\/clanespectaculos\/wp-json\/wp\/v2\/users\/1"}],"replies":[{"embeddable":true,"href":"https:\/\/radioclanfm.com\/clanespectaculos\/wp-json\/wp\/v2\/comments?post=3287"}],"version-history":[{"count":1,"href":"https:\/\/radioclanfm.com\/clanespectaculos\/wp-json\/wp\/v2\/posts\/3287\/revisions"}],"predecessor-version":[{"id":3289,"href":"https:\/\/radioclanfm.com\/clanespectaculos\/wp-json\/wp\/v2\/posts\/3287\/revisions\/3289"}],"wp:featuredmedia":[{"embeddable":true,"href":"https:\/\/radioclanfm.com\/clanespectaculos\/wp-json\/wp\/v2\/media\/3288"}],"wp:attachment":[{"href":"https:\/\/radioclanfm.com\/clanespectaculos\/wp-json\/wp\/v2\/media?parent=3287"}],"wp:term":[{"taxonomy":"category","embeddable":true,"href":"https:\/\/radioclanfm.com\/clanespectaculos\/wp-json\/wp\/v2\/categories?post=3287"},{"taxonomy":"post_tag","embeddable":true,"href":"https:\/\/radioclanfm.com\/clanespectaculos\/wp-json\/wp\/v2\/tags?post=3287"}],"curies":[{"name":"wp","href":"https:\/\/api.w.org\/{rel}","templated":true}]}}