{"id":3278,"date":"2025-07-19T20:43:24","date_gmt":"2025-07-19T23:43:24","guid":{"rendered":"https:\/\/radioclanfm.com\/clanespectaculos\/?p=3278"},"modified":"2025-07-19T20:43:24","modified_gmt":"2025-07-19T23:43:24","slug":"graciela-alfano-recordo-con-quien-tuvo-el-mejor-sexo-de-su-vida-y-describio-como-se-sintio","status":"publish","type":"post","link":"https:\/\/radioclanfm.com\/clanespectaculos\/graciela-alfano-recordo-con-quien-tuvo-el-mejor-sexo-de-su-vida-y-describio-como-se-sintio\/","title":{"rendered":"Graciela Alfano record\u00f3 con qui\u00e9n tuvo el mejor sexo de su vida y describi\u00f3 c\u00f3mo se sinti\u00f3"},"content":{"rendered":"<p>La actriz dio detalles de la noche inolvidable de pasi\u00f3n y sorprendi\u00f3 a todos.<\/p>\n<div class=\"col-content\"><main class=\"col-content\"><\/p>\n<div class=\"default-article-color article__body article__article\">\n<p class=\"paragraph font__body-regular\">El viernes,\u00a0<b>Graciela Alfano<\/b><b>\u00a0<\/b>estuvo en\u00a0<i>Puro Show (Eltrece)<\/i>, y record\u00f3 sin tapujos\u00a0<b>con quien tuvo el mejor sexo de su vida.<\/b><\/p>\n<div id=\"ad-slot-infeed\" class=\"infeed-container\"><\/div>\n<p class=\"paragraph font__body-regular\">\u201cLa mujer siente.\u00a0<b>Yo tuve el mejor sexo del planeta un d\u00eda que fui a que me hagan un masaje t\u00e1ntrico<\/b>\u201c, comenz\u00f3 contando y sorprendi\u00f3 a Mat\u00edas V\u00e1zquez y Pampito, conductores del ciclo.<\/p>\n<p class=\"paragraph font__body-regular\">Luego, cont\u00f3 qui\u00e9n fue la persona que la enloqueci\u00f3 en la cama: \u201cUn pibe que ni siquiera\u2026 yo jam\u00e1s me hubiera imaginado que pod\u00eda tener nada\u2026\u00a0<b>me empez\u00f3 a tocar los puntos<\/b>, me relaj\u00f3, me hac\u00eda soplar, me dec\u00eda \u2018larg\u00e1 el aire\u2019, y de pronto viene y el contacto ac\u00e1 (se\u00f1al\u00f3 su cabeza), yo creo que fue una mezcla de sonido y contacto,\u00a0<b>me hizo algo en el o\u00eddo y yo me prend\u00ed como una fiera<\/b>\u201c.<\/p>\n<figure class=\"\" data-testid=\"figure-testid\">\n<div class=\"aspect_ratio__container\"><picture class=\"responsive-image\"><source srcset=\"https:\/\/tn.com.ar\/resizer\/v2\/graciela-alfano-en-microbikini-con-brillos-foto-instagramiconoalfano-O7VQLFAJVRBFDAJP6DCP2XSURA.jpg?auth=34b8d4437a5b57260fa450fe144516a51de687754a791562c66ef028b8eb07e7&amp;width=767\" type=\"image\/jpg\" media=\"(max-width: 728px)\" \/><source srcset=\"https:\/\/tn.com.ar\/resizer\/v2\/graciela-alfano-en-microbikini-con-brillos-foto-instagramiconoalfano-O7VQLFAJVRBFDAJP6DCP2XSURA.jpg?auth=34b8d4437a5b57260fa450fe144516a51de687754a791562c66ef028b8eb07e7&amp;width=1023\" type=\"image\/jpg\" media=\"(max-width: 1023px)\" \/><source srcset=\"https:\/\/tn.com.ar\/resizer\/v2\/graciela-alfano-en-microbikini-con-brillos-foto-instagramiconoalfano-O7VQLFAJVRBFDAJP6DCP2XSURA.jpg?auth=34b8d4437a5b57260fa450fe144516a51de687754a791562c66ef028b8eb07e7&amp;width=1440\" type=\"image\/jpg\" \/><img loading=\"lazy\" decoding=\"async\" class=\"image content-image image_placeholder\" src=\"https:\/\/tn.com.ar\/resizer\/v2\/graciela-alfano-en-microbikini-con-brillos-foto-instagramiconoalfano-O7VQLFAJVRBFDAJP6DCP2XSURA.jpg?auth=34b8d4437a5b57260fa450fe144516a51de687754a791562c66ef028b8eb07e7&amp;width=767\" alt=\"Graciela Alfano en microbikini con brillos. (Foto: Instagram\/@iconoalfano).\" width=\"767\" height=\"1020\" data-testid=\"loading-testid\" \/><\/picture><\/div><figcaption class=\"caption_image\" data-testid=\"figcaption-testid\">\n<div class=\"image_caption \">Graciela Alfano en microbikini con brillos. (Foto: Instagram\/@iconoalfano).<\/div>\n<\/figcaption><\/figure>\n<p class=\"paragraph font__body-regular\">\u201cNo s\u00e9 qu\u00e9 me pas\u00f3, no s\u00e9 la edad que ten\u00eda, no s\u00e9 ni el sexo que ten\u00eda\u2026\u00a0<b>se llamaba Fabi\u00e1n<\/b>, lo reverencio\u201d, a\u00f1adi\u00f3 sobre la identidad del hombre.<\/p>\n<p class=\"paragraph font__body-regular\">Acto seguido, Grace sentenci\u00f3: \u201cBueno, no te puedo contar d\u00f3nde fue. Ah\u00ed termin\u00f3 el masaje que lo pagu\u00e9. Es decir, soy muy pr\u00e1ctica, pero despu\u00e9s s\u00ed:\u00a0<b>el mejor sexo de mi vida lo tuve con este muchacho que ni lo conoc\u00eda<\/b>\u201d.<\/p>\n<p class=\"paragraph font__body-regular\">Fiel a su estilo reflexivo, Alfano aprovech\u00f3 la ocasi\u00f3n para compartir una mirada m\u00e1s profunda sobre los v\u00ednculos y las emociones. \u201cEl sexo puro y el amor plat\u00f3nico, donde vos te pod\u00e9s enamorar de alguien y ni siquiera te va bien sexualmente, puede pasar. Hay un mill\u00f3n de posibilidades, entonces tengamos la oportunidad de sentir lo que tenemos ganas\u201d, expres\u00f3. Como cierre, dej\u00f3 una reflexi\u00f3n cargada de honestidad: \u201c<b>No volv\u00ed a verlo porque me pareci\u00f3 tan maravilloso lo que nos hab\u00eda pasado que algunas cosas tienen que quedar ah\u00ed<\/b>\u201d.<\/p>\n<h2 class=\"font--primary font__display\">Graciela Alfano se grab\u00f3 en topless frente al espejo y el video se volvi\u00f3 viral: \u201c\u00a1Buen d\u00eda a todos!&#8221;<\/h2>\n<p class=\"paragraph font__body-regular\"><b>Graciela Alfano<\/b>\u00a0encendi\u00f3 las redes sociales el martes por la ma\u00f1ana cuando<b>\u00a0comparti\u00f3 en su cuenta de Instagram un video donde se la ve en topless.<\/b><\/p>\n<p class=\"paragraph font__body-regular\">\u201c\u00a1Buen d\u00eda everyone!\u00a0<b>\u00a1Feliz de estar viva!<\/b>\u201c, escribi\u00f3 sobre el clip que comparti\u00f3 en Instagram y en donde\u00a0<b>aparece bailando la canci\u00f3n\u00a0<\/b><i><b>Cold heart<\/b><\/i><b>, de Elton John y Dua Lipa, muy sensual.<\/b><\/p>\n<figure class=\"\" data-testid=\"figure-testid\">\n<div class=\"aspect_ratio__container\"><picture class=\"responsive-image\"><source srcset=\"https:\/\/tn.com.ar\/resizer\/v2\/graciela-alfano-se-mostro-en-topless-foto-captura-instagramiconoalfano-L2GW3I27YRCATN6QRIEMWWSILU.png?auth=2284d3d75912b902cebb032c77b3f9cb4e11f03a841ccf97339cdc1f0173c0ad&amp;width=767\" type=\"image\/jpg\" media=\"(max-width: 728px)\" \/><source srcset=\"https:\/\/tn.com.ar\/resizer\/v2\/graciela-alfano-se-mostro-en-topless-foto-captura-instagramiconoalfano-L2GW3I27YRCATN6QRIEMWWSILU.png?auth=2284d3d75912b902cebb032c77b3f9cb4e11f03a841ccf97339cdc1f0173c0ad&amp;width=1023\" type=\"image\/jpg\" media=\"(max-width: 1023px)\" \/><source srcset=\"https:\/\/tn.com.ar\/resizer\/v2\/graciela-alfano-se-mostro-en-topless-foto-captura-instagramiconoalfano-L2GW3I27YRCATN6QRIEMWWSILU.png?auth=2284d3d75912b902cebb032c77b3f9cb4e11f03a841ccf97339cdc1f0173c0ad&amp;width=1440\" type=\"image\/jpg\" \/><img loading=\"lazy\" decoding=\"async\" class=\"image content-image image_placeholder\" src=\"https:\/\/tn.com.ar\/resizer\/v2\/graciela-alfano-se-mostro-en-topless-foto-captura-instagramiconoalfano-L2GW3I27YRCATN6QRIEMWWSILU.png?auth=2284d3d75912b902cebb032c77b3f9cb4e11f03a841ccf97339cdc1f0173c0ad&amp;width=767\" alt=\"Graciela Alfano se mostr\u00f3 en topless (Foto: captura Instagram\/iconoalfano)\" width=\"767\" height=\"1376\" data-testid=\"loading-testid\" \/><\/picture><\/div><figcaption class=\"caption_image\" data-testid=\"figcaption-testid\">\n<div class=\"image_caption \">Graciela Alfano se mostr\u00f3 en topless (Foto: captura Instagram\/iconoalfano)<\/div>\n<\/figcaption><\/figure>\n<p class=\"paragraph font__body-regular\">En las redes sociales, los usuarios elogiaron la figura de la artista de 72 a\u00f1os y el video no tard\u00f3 envovlerse viral.<\/p>\n<\/div>\n<p><\/main><\/div>\n<aside class=\"col-right-rail right-rail\">\n<div id=\"parent-ad-slot-caja\" class=\"ad-container caja_ad \">\n<div class=\"ad-content\"><\/div>\n<\/div>\n<\/aside>\n","protected":false},"excerpt":{"rendered":"<p>La actriz dio detalles de la noche inolvidable de pasi\u00f3n y sorprendi\u00f3 a todos. El viernes,\u00a0Graciela Alfano\u00a0estuvo en\u00a0Puro Show (Eltrece), y record\u00f3 sin tapujos\u00a0con quien tuvo el mejor sexo de su vida. \u201cLa mujer siente.\u00a0Yo tuve el mejor sexo del planeta un d\u00eda que fui a que me hagan un masaje t\u00e1ntrico\u201c, comenz\u00f3 contando y [&hellip;]<\/p>\n","protected":false},"author":1,"featured_media":3279,"comment_status":"open","ping_status":"open","sticky":false,"template":"","format":"standard","meta":{"rop_custom_images_group":[],"rop_custom_messages_group":[],"rop_publish_now":"initial","rop_publish_now_accounts":[],"rop_publish_now_history":[],"rop_publish_now_status":"pending","footnotes":"","jetpack_publicize_message":"","jetpack_publicize_feature_enabled":true,"jetpack_social_post_already_shared":true,"jetpack_social_options":{"image_generator_settings":{"template":"highway","enabled":false},"version":2}},"categories":[12],"tags":[],"class_list":{"0":"post-3278","1":"post","2":"type-post","3":"status-publish","4":"format-standard","5":"has-post-thumbnail","7":"category-espectaculos"},"jetpack_publicize_connections":[],"yoast_head":"<!-- This site is optimized with the Yoast SEO plugin v27.3 - https:\/\/yoast.com\/product\/yoast-seo-wordpress\/ -->\n<title>Graciela Alfano record\u00f3 con qui\u00e9n tuvo el mejor sexo de su vida y describi\u00f3 c\u00f3mo se sinti\u00f3 - CLAN ESPECTACULOS<\/title>\n<meta name=\"robots\" content=\"index, follow, max-snippet:-1, max-image-preview:large, max-video-preview:-1\" \/>\n<link rel=\"canonical\" href=\"https:\/\/radioclanfm.com\/clanespectaculos\/graciela-alfano-recordo-con-quien-tuvo-el-mejor-sexo-de-su-vida-y-describio-como-se-sintio\/\" \/>\n<meta property=\"og:locale\" content=\"es_ES\" \/>\n<meta property=\"og:type\" content=\"article\" \/>\n<meta property=\"og:title\" content=\"Graciela Alfano record\u00f3 con qui\u00e9n tuvo el mejor sexo de su vida y describi\u00f3 c\u00f3mo se sinti\u00f3 - CLAN ESPECTACULOS\" \/>\n<meta property=\"og:description\" content=\"La actriz dio detalles de la noche inolvidable de pasi\u00f3n y sorprendi\u00f3 a todos. El viernes,\u00a0Graciela Alfano\u00a0estuvo en\u00a0Puro Show (Eltrece), y record\u00f3 sin tapujos\u00a0con quien tuvo el mejor sexo de su vida. \u201cLa mujer siente.\u00a0Yo tuve el mejor sexo del planeta un d\u00eda que fui a que me hagan un masaje t\u00e1ntrico\u201c, comenz\u00f3 contando y [&hellip;]\" \/>\n<meta property=\"og:url\" content=\"https:\/\/radioclanfm.com\/clanespectaculos\/graciela-alfano-recordo-con-quien-tuvo-el-mejor-sexo-de-su-vida-y-describio-como-se-sintio\/\" \/>\n<meta property=\"og:site_name\" content=\"CLAN ESPECTACULOS\" \/>\n<meta property=\"article:publisher\" content=\"https:\/\/www.facebook.com\/clanespectaculos\/\" \/>\n<meta property=\"article:published_time\" content=\"2025-07-19T23:43:24+00:00\" \/>\n<meta property=\"og:image\" content=\"https:\/\/radioclanfm.com\/clanespectaculos\/wp-content\/uploads\/sites\/2\/2025\/07\/rlqwA1wS.jpg\" \/>\n\t<meta property=\"og:image:width\" content=\"900\" \/>\n\t<meta property=\"og:image:height\" content=\"504\" \/>\n\t<meta property=\"og:image:type\" content=\"image\/jpeg\" \/>\n<meta name=\"author\" content=\"E-GRUPOCLAN\" \/>\n<meta name=\"twitter:card\" content=\"summary_large_image\" \/>\n<meta name=\"twitter:creator\" content=\"@clanespectok\" \/>\n<meta name=\"twitter:site\" content=\"@clanespectok\" \/>\n<meta name=\"twitter:label1\" content=\"Escrito por\" \/>\n\t<meta name=\"twitter:data1\" content=\"E-GRUPOCLAN\" \/>\n\t<meta name=\"twitter:label2\" content=\"Tiempo de lectura\" \/>\n\t<meta name=\"twitter:data2\" content=\"2 minutos\" \/>\n<script type=\"application\/ld+json\" class=\"yoast-schema-graph\">{\"@context\":\"https:\\\/\\\/schema.org\",\"@graph\":[{\"@type\":\"Article\",\"@id\":\"https:\\\/\\\/radioclanfm.com\\\/clanespectaculos\\\/graciela-alfano-recordo-con-quien-tuvo-el-mejor-sexo-de-su-vida-y-describio-como-se-sintio\\\/#article\",\"isPartOf\":{\"@id\":\"https:\\\/\\\/radioclanfm.com\\\/clanespectaculos\\\/graciela-alfano-recordo-con-quien-tuvo-el-mejor-sexo-de-su-vida-y-describio-como-se-sintio\\\/\"},\"author\":{\"name\":\"E-GRUPOCLAN\",\"@id\":\"https:\\\/\\\/radioclanfm.com\\\/clanespectaculos\\\/#\\\/schema\\\/person\\\/9734813083303230f3ad84d99171b20c\"},\"headline\":\"Graciela Alfano record\u00f3 con qui\u00e9n tuvo el mejor sexo de su vida y describi\u00f3 c\u00f3mo se sinti\u00f3\",\"datePublished\":\"2025-07-19T23:43:24+00:00\",\"mainEntityOfPage\":{\"@id\":\"https:\\\/\\\/radioclanfm.com\\\/clanespectaculos\\\/graciela-alfano-recordo-con-quien-tuvo-el-mejor-sexo-de-su-vida-y-describio-como-se-sintio\\\/\"},\"wordCount\":473,\"commentCount\":0,\"publisher\":{\"@id\":\"https:\\\/\\\/radioclanfm.com\\\/clanespectaculos\\\/#organization\"},\"image\":{\"@id\":\"https:\\\/\\\/radioclanfm.com\\\/clanespectaculos\\\/graciela-alfano-recordo-con-quien-tuvo-el-mejor-sexo-de-su-vida-y-describio-como-se-sintio\\\/#primaryimage\"},\"thumbnailUrl\":\"https:\\\/\\\/radioclanfm.com\\\/clanespectaculos\\\/wp-content\\\/uploads\\\/sites\\\/2\\\/2025\\\/07\\\/rlqwA1wS.jpg\",\"articleSection\":[\"Espectaculos\"],\"inLanguage\":\"es-AR\",\"potentialAction\":[{\"@type\":\"CommentAction\",\"name\":\"Comment\",\"target\":[\"https:\\\/\\\/radioclanfm.com\\\/clanespectaculos\\\/graciela-alfano-recordo-con-quien-tuvo-el-mejor-sexo-de-su-vida-y-describio-como-se-sintio\\\/#respond\"]}]},{\"@type\":\"WebPage\",\"@id\":\"https:\\\/\\\/radioclanfm.com\\\/clanespectaculos\\\/graciela-alfano-recordo-con-quien-tuvo-el-mejor-sexo-de-su-vida-y-describio-como-se-sintio\\\/\",\"url\":\"https:\\\/\\\/radioclanfm.com\\\/clanespectaculos\\\/graciela-alfano-recordo-con-quien-tuvo-el-mejor-sexo-de-su-vida-y-describio-como-se-sintio\\\/\",\"name\":\"Graciela Alfano record\u00f3 con qui\u00e9n tuvo el mejor sexo de su vida y describi\u00f3 c\u00f3mo se sinti\u00f3 - CLAN ESPECTACULOS\",\"isPartOf\":{\"@id\":\"https:\\\/\\\/radioclanfm.com\\\/clanespectaculos\\\/#website\"},\"primaryImageOfPage\":{\"@id\":\"https:\\\/\\\/radioclanfm.com\\\/clanespectaculos\\\/graciela-alfano-recordo-con-quien-tuvo-el-mejor-sexo-de-su-vida-y-describio-como-se-sintio\\\/#primaryimage\"},\"image\":{\"@id\":\"https:\\\/\\\/radioclanfm.com\\\/clanespectaculos\\\/graciela-alfano-recordo-con-quien-tuvo-el-mejor-sexo-de-su-vida-y-describio-como-se-sintio\\\/#primaryimage\"},\"thumbnailUrl\":\"https:\\\/\\\/radioclanfm.com\\\/clanespectaculos\\\/wp-content\\\/uploads\\\/sites\\\/2\\\/2025\\\/07\\\/rlqwA1wS.jpg\",\"datePublished\":\"2025-07-19T23:43:24+00:00\",\"breadcrumb\":{\"@id\":\"https:\\\/\\\/radioclanfm.com\\\/clanespectaculos\\\/graciela-alfano-recordo-con-quien-tuvo-el-mejor-sexo-de-su-vida-y-describio-como-se-sintio\\\/#breadcrumb\"},\"inLanguage\":\"es-AR\",\"potentialAction\":[{\"@type\":\"ReadAction\",\"target\":[\"https:\\\/\\\/radioclanfm.com\\\/clanespectaculos\\\/graciela-alfano-recordo-con-quien-tuvo-el-mejor-sexo-de-su-vida-y-describio-como-se-sintio\\\/\"]}]},{\"@type\":\"ImageObject\",\"inLanguage\":\"es-AR\",\"@id\":\"https:\\\/\\\/radioclanfm.com\\\/clanespectaculos\\\/graciela-alfano-recordo-con-quien-tuvo-el-mejor-sexo-de-su-vida-y-describio-como-se-sintio\\\/#primaryimage\",\"url\":\"https:\\\/\\\/radioclanfm.com\\\/clanespectaculos\\\/wp-content\\\/uploads\\\/sites\\\/2\\\/2025\\\/07\\\/rlqwA1wS.jpg\",\"contentUrl\":\"https:\\\/\\\/radioclanfm.com\\\/clanespectaculos\\\/wp-content\\\/uploads\\\/sites\\\/2\\\/2025\\\/07\\\/rlqwA1wS.jpg\",\"width\":900,\"height\":504},{\"@type\":\"BreadcrumbList\",\"@id\":\"https:\\\/\\\/radioclanfm.com\\\/clanespectaculos\\\/graciela-alfano-recordo-con-quien-tuvo-el-mejor-sexo-de-su-vida-y-describio-como-se-sintio\\\/#breadcrumb\",\"itemListElement\":[{\"@type\":\"ListItem\",\"position\":1,\"name\":\"Inicio\",\"item\":\"https:\\\/\\\/radioclanfm.com\\\/clanespectaculos\\\/\"},{\"@type\":\"ListItem\",\"position\":2,\"name\":\"Graciela Alfano record\u00f3 con qui\u00e9n tuvo el mejor sexo de su vida y describi\u00f3 c\u00f3mo se sinti\u00f3\"}]},{\"@type\":\"WebSite\",\"@id\":\"https:\\\/\\\/radioclanfm.com\\\/clanespectaculos\\\/#website\",\"url\":\"https:\\\/\\\/radioclanfm.com\\\/clanespectaculos\\\/\",\"name\":\"CLAN ESPECTACULOS\",\"description\":\"\",\"publisher\":{\"@id\":\"https:\\\/\\\/radioclanfm.com\\\/clanespectaculos\\\/#organization\"},\"potentialAction\":[{\"@type\":\"SearchAction\",\"target\":{\"@type\":\"EntryPoint\",\"urlTemplate\":\"https:\\\/\\\/radioclanfm.com\\\/clanespectaculos\\\/?s={search_term_string}\"},\"query-input\":{\"@type\":\"PropertyValueSpecification\",\"valueRequired\":true,\"valueName\":\"search_term_string\"}}],\"inLanguage\":\"es-AR\"},{\"@type\":\"Organization\",\"@id\":\"https:\\\/\\\/radioclanfm.com\\\/clanespectaculos\\\/#organization\",\"name\":\"CLAN ESPECTACULOS\",\"url\":\"https:\\\/\\\/radioclanfm.com\\\/clanespectaculos\\\/\",\"logo\":{\"@type\":\"ImageObject\",\"inLanguage\":\"es-AR\",\"@id\":\"https:\\\/\\\/radioclanfm.com\\\/clanespectaculos\\\/#\\\/schema\\\/logo\\\/image\\\/\",\"url\":\"https:\\\/\\\/radioclanfm.com\\\/clanespectaculos\\\/wp-content\\\/uploads\\\/sites\\\/2\\\/2026\\\/04\\\/ChatGPT-Image-23-mar-2026-10_09_00.png\",\"contentUrl\":\"https:\\\/\\\/radioclanfm.com\\\/clanespectaculos\\\/wp-content\\\/uploads\\\/sites\\\/2\\\/2026\\\/04\\\/ChatGPT-Image-23-mar-2026-10_09_00.png\",\"width\":1024,\"height\":1024,\"caption\":\"CLAN ESPECTACULOS\"},\"image\":{\"@id\":\"https:\\\/\\\/radioclanfm.com\\\/clanespectaculos\\\/#\\\/schema\\\/logo\\\/image\\\/\"},\"sameAs\":[\"https:\\\/\\\/www.facebook.com\\\/clanespectaculos\\\/\",\"https:\\\/\\\/x.com\\\/clanespectok\"]},{\"@type\":\"Person\",\"@id\":\"https:\\\/\\\/radioclanfm.com\\\/clanespectaculos\\\/#\\\/schema\\\/person\\\/9734813083303230f3ad84d99171b20c\",\"name\":\"E-GRUPOCLAN\",\"image\":{\"@type\":\"ImageObject\",\"inLanguage\":\"es-AR\",\"@id\":\"https:\\\/\\\/secure.gravatar.com\\\/avatar\\\/af6e19837c3d6a212034a48c7b3818d2ac1826f6025df0155da5a186ad321d79?s=96&d=mm&r=g\",\"url\":\"https:\\\/\\\/secure.gravatar.com\\\/avatar\\\/af6e19837c3d6a212034a48c7b3818d2ac1826f6025df0155da5a186ad321d79?s=96&d=mm&r=g\",\"contentUrl\":\"https:\\\/\\\/secure.gravatar.com\\\/avatar\\\/af6e19837c3d6a212034a48c7b3818d2ac1826f6025df0155da5a186ad321d79?s=96&d=mm&r=g\",\"caption\":\"E-GRUPOCLAN\"},\"sameAs\":[\"https:\\\/\\\/radioclanfm.com\"],\"url\":\"https:\\\/\\\/radioclanfm.com\\\/clanespectaculos\\\/author\\\/admin\\\/\"}]}<\/script>\n<!-- \/ Yoast SEO plugin. -->","yoast_head_json":{"title":"Graciela Alfano record\u00f3 con qui\u00e9n tuvo el mejor sexo de su vida y describi\u00f3 c\u00f3mo se sinti\u00f3 - CLAN ESPECTACULOS","robots":{"index":"index","follow":"follow","max-snippet":"max-snippet:-1","max-image-preview":"max-image-preview:large","max-video-preview":"max-video-preview:-1"},"canonical":"https:\/\/radioclanfm.com\/clanespectaculos\/graciela-alfano-recordo-con-quien-tuvo-el-mejor-sexo-de-su-vida-y-describio-como-se-sintio\/","og_locale":"es_ES","og_type":"article","og_title":"Graciela Alfano record\u00f3 con qui\u00e9n tuvo el mejor sexo de su vida y describi\u00f3 c\u00f3mo se sinti\u00f3 - CLAN ESPECTACULOS","og_description":"La actriz dio detalles de la noche inolvidable de pasi\u00f3n y sorprendi\u00f3 a todos. El viernes,\u00a0Graciela Alfano\u00a0estuvo en\u00a0Puro Show (Eltrece), y record\u00f3 sin tapujos\u00a0con quien tuvo el mejor sexo de su vida. \u201cLa mujer siente.\u00a0Yo tuve el mejor sexo del planeta un d\u00eda que fui a que me hagan un masaje t\u00e1ntrico\u201c, comenz\u00f3 contando y [&hellip;]","og_url":"https:\/\/radioclanfm.com\/clanespectaculos\/graciela-alfano-recordo-con-quien-tuvo-el-mejor-sexo-de-su-vida-y-describio-como-se-sintio\/","og_site_name":"CLAN ESPECTACULOS","article_publisher":"https:\/\/www.facebook.com\/clanespectaculos\/","article_published_time":"2025-07-19T23:43:24+00:00","og_image":[{"width":900,"height":504,"url":"https:\/\/radioclanfm.com\/clanespectaculos\/wp-content\/uploads\/sites\/2\/2025\/07\/rlqwA1wS.jpg","type":"image\/jpeg"}],"author":"E-GRUPOCLAN","twitter_card":"summary_large_image","twitter_creator":"@clanespectok","twitter_site":"@clanespectok","twitter_misc":{"Escrito por":"E-GRUPOCLAN","Tiempo de lectura":"2 minutos"},"schema":{"@context":"https:\/\/schema.org","@graph":[{"@type":"Article","@id":"https:\/\/radioclanfm.com\/clanespectaculos\/graciela-alfano-recordo-con-quien-tuvo-el-mejor-sexo-de-su-vida-y-describio-como-se-sintio\/#article","isPartOf":{"@id":"https:\/\/radioclanfm.com\/clanespectaculos\/graciela-alfano-recordo-con-quien-tuvo-el-mejor-sexo-de-su-vida-y-describio-como-se-sintio\/"},"author":{"name":"E-GRUPOCLAN","@id":"https:\/\/radioclanfm.com\/clanespectaculos\/#\/schema\/person\/9734813083303230f3ad84d99171b20c"},"headline":"Graciela Alfano record\u00f3 con qui\u00e9n tuvo el mejor sexo de su vida y describi\u00f3 c\u00f3mo se sinti\u00f3","datePublished":"2025-07-19T23:43:24+00:00","mainEntityOfPage":{"@id":"https:\/\/radioclanfm.com\/clanespectaculos\/graciela-alfano-recordo-con-quien-tuvo-el-mejor-sexo-de-su-vida-y-describio-como-se-sintio\/"},"wordCount":473,"commentCount":0,"publisher":{"@id":"https:\/\/radioclanfm.com\/clanespectaculos\/#organization"},"image":{"@id":"https:\/\/radioclanfm.com\/clanespectaculos\/graciela-alfano-recordo-con-quien-tuvo-el-mejor-sexo-de-su-vida-y-describio-como-se-sintio\/#primaryimage"},"thumbnailUrl":"https:\/\/radioclanfm.com\/clanespectaculos\/wp-content\/uploads\/sites\/2\/2025\/07\/rlqwA1wS.jpg","articleSection":["Espectaculos"],"inLanguage":"es-AR","potentialAction":[{"@type":"CommentAction","name":"Comment","target":["https:\/\/radioclanfm.com\/clanespectaculos\/graciela-alfano-recordo-con-quien-tuvo-el-mejor-sexo-de-su-vida-y-describio-como-se-sintio\/#respond"]}]},{"@type":"WebPage","@id":"https:\/\/radioclanfm.com\/clanespectaculos\/graciela-alfano-recordo-con-quien-tuvo-el-mejor-sexo-de-su-vida-y-describio-como-se-sintio\/","url":"https:\/\/radioclanfm.com\/clanespectaculos\/graciela-alfano-recordo-con-quien-tuvo-el-mejor-sexo-de-su-vida-y-describio-como-se-sintio\/","name":"Graciela Alfano record\u00f3 con qui\u00e9n tuvo el mejor sexo de su vida y describi\u00f3 c\u00f3mo se sinti\u00f3 - CLAN ESPECTACULOS","isPartOf":{"@id":"https:\/\/radioclanfm.com\/clanespectaculos\/#website"},"primaryImageOfPage":{"@id":"https:\/\/radioclanfm.com\/clanespectaculos\/graciela-alfano-recordo-con-quien-tuvo-el-mejor-sexo-de-su-vida-y-describio-como-se-sintio\/#primaryimage"},"image":{"@id":"https:\/\/radioclanfm.com\/clanespectaculos\/graciela-alfano-recordo-con-quien-tuvo-el-mejor-sexo-de-su-vida-y-describio-como-se-sintio\/#primaryimage"},"thumbnailUrl":"https:\/\/radioclanfm.com\/clanespectaculos\/wp-content\/uploads\/sites\/2\/2025\/07\/rlqwA1wS.jpg","datePublished":"2025-07-19T23:43:24+00:00","breadcrumb":{"@id":"https:\/\/radioclanfm.com\/clanespectaculos\/graciela-alfano-recordo-con-quien-tuvo-el-mejor-sexo-de-su-vida-y-describio-como-se-sintio\/#breadcrumb"},"inLanguage":"es-AR","potentialAction":[{"@type":"ReadAction","target":["https:\/\/radioclanfm.com\/clanespectaculos\/graciela-alfano-recordo-con-quien-tuvo-el-mejor-sexo-de-su-vida-y-describio-como-se-sintio\/"]}]},{"@type":"ImageObject","inLanguage":"es-AR","@id":"https:\/\/radioclanfm.com\/clanespectaculos\/graciela-alfano-recordo-con-quien-tuvo-el-mejor-sexo-de-su-vida-y-describio-como-se-sintio\/#primaryimage","url":"https:\/\/radioclanfm.com\/clanespectaculos\/wp-content\/uploads\/sites\/2\/2025\/07\/rlqwA1wS.jpg","contentUrl":"https:\/\/radioclanfm.com\/clanespectaculos\/wp-content\/uploads\/sites\/2\/2025\/07\/rlqwA1wS.jpg","width":900,"height":504},{"@type":"BreadcrumbList","@id":"https:\/\/radioclanfm.com\/clanespectaculos\/graciela-alfano-recordo-con-quien-tuvo-el-mejor-sexo-de-su-vida-y-describio-como-se-sintio\/#breadcrumb","itemListElement":[{"@type":"ListItem","position":1,"name":"Inicio","item":"https:\/\/radioclanfm.com\/clanespectaculos\/"},{"@type":"ListItem","position":2,"name":"Graciela Alfano record\u00f3 con qui\u00e9n tuvo el mejor sexo de su vida y describi\u00f3 c\u00f3mo se sinti\u00f3"}]},{"@type":"WebSite","@id":"https:\/\/radioclanfm.com\/clanespectaculos\/#website","url":"https:\/\/radioclanfm.com\/clanespectaculos\/","name":"CLAN ESPECTACULOS","description":"","publisher":{"@id":"https:\/\/radioclanfm.com\/clanespectaculos\/#organization"},"potentialAction":[{"@type":"SearchAction","target":{"@type":"EntryPoint","urlTemplate":"https:\/\/radioclanfm.com\/clanespectaculos\/?s={search_term_string}"},"query-input":{"@type":"PropertyValueSpecification","valueRequired":true,"valueName":"search_term_string"}}],"inLanguage":"es-AR"},{"@type":"Organization","@id":"https:\/\/radioclanfm.com\/clanespectaculos\/#organization","name":"CLAN ESPECTACULOS","url":"https:\/\/radioclanfm.com\/clanespectaculos\/","logo":{"@type":"ImageObject","inLanguage":"es-AR","@id":"https:\/\/radioclanfm.com\/clanespectaculos\/#\/schema\/logo\/image\/","url":"https:\/\/radioclanfm.com\/clanespectaculos\/wp-content\/uploads\/sites\/2\/2026\/04\/ChatGPT-Image-23-mar-2026-10_09_00.png","contentUrl":"https:\/\/radioclanfm.com\/clanespectaculos\/wp-content\/uploads\/sites\/2\/2026\/04\/ChatGPT-Image-23-mar-2026-10_09_00.png","width":1024,"height":1024,"caption":"CLAN ESPECTACULOS"},"image":{"@id":"https:\/\/radioclanfm.com\/clanespectaculos\/#\/schema\/logo\/image\/"},"sameAs":["https:\/\/www.facebook.com\/clanespectaculos\/","https:\/\/x.com\/clanespectok"]},{"@type":"Person","@id":"https:\/\/radioclanfm.com\/clanespectaculos\/#\/schema\/person\/9734813083303230f3ad84d99171b20c","name":"E-GRUPOCLAN","image":{"@type":"ImageObject","inLanguage":"es-AR","@id":"https:\/\/secure.gravatar.com\/avatar\/af6e19837c3d6a212034a48c7b3818d2ac1826f6025df0155da5a186ad321d79?s=96&d=mm&r=g","url":"https:\/\/secure.gravatar.com\/avatar\/af6e19837c3d6a212034a48c7b3818d2ac1826f6025df0155da5a186ad321d79?s=96&d=mm&r=g","contentUrl":"https:\/\/secure.gravatar.com\/avatar\/af6e19837c3d6a212034a48c7b3818d2ac1826f6025df0155da5a186ad321d79?s=96&d=mm&r=g","caption":"E-GRUPOCLAN"},"sameAs":["https:\/\/radioclanfm.com"],"url":"https:\/\/radioclanfm.com\/clanespectaculos\/author\/admin\/"}]}},"_links":{"self":[{"href":"https:\/\/radioclanfm.com\/clanespectaculos\/wp-json\/wp\/v2\/posts\/3278","targetHints":{"allow":["GET"]}}],"collection":[{"href":"https:\/\/radioclanfm.com\/clanespectaculos\/wp-json\/wp\/v2\/posts"}],"about":[{"href":"https:\/\/radioclanfm.com\/clanespectaculos\/wp-json\/wp\/v2\/types\/post"}],"author":[{"embeddable":true,"href":"https:\/\/radioclanfm.com\/clanespectaculos\/wp-json\/wp\/v2\/users\/1"}],"replies":[{"embeddable":true,"href":"https:\/\/radioclanfm.com\/clanespectaculos\/wp-json\/wp\/v2\/comments?post=3278"}],"version-history":[{"count":1,"href":"https:\/\/radioclanfm.com\/clanespectaculos\/wp-json\/wp\/v2\/posts\/3278\/revisions"}],"predecessor-version":[{"id":3280,"href":"https:\/\/radioclanfm.com\/clanespectaculos\/wp-json\/wp\/v2\/posts\/3278\/revisions\/3280"}],"wp:featuredmedia":[{"embeddable":true,"href":"https:\/\/radioclanfm.com\/clanespectaculos\/wp-json\/wp\/v2\/media\/3279"}],"wp:attachment":[{"href":"https:\/\/radioclanfm.com\/clanespectaculos\/wp-json\/wp\/v2\/media?parent=3278"}],"wp:term":[{"taxonomy":"category","embeddable":true,"href":"https:\/\/radioclanfm.com\/clanespectaculos\/wp-json\/wp\/v2\/categories?post=3278"},{"taxonomy":"post_tag","embeddable":true,"href":"https:\/\/radioclanfm.com\/clanespectaculos\/wp-json\/wp\/v2\/tags?post=3278"}],"curies":[{"name":"wp","href":"https:\/\/api.w.org\/{rel}","templated":true}]}}