{"id":3269,"date":"2025-07-18T20:12:22","date_gmt":"2025-07-18T23:12:22","guid":{"rendered":"https:\/\/radioclanfm.com\/clanespectaculos\/?p=3269"},"modified":"2025-07-18T20:12:22","modified_gmt":"2025-07-18T23:12:22","slug":"valeria-mazza-superviso-su-coleccion-de-zapatos-antes-del-lanzamiento-de-temporada-lo-que-se-viene","status":"publish","type":"post","link":"https:\/\/radioclanfm.com\/clanespectaculos\/valeria-mazza-superviso-su-coleccion-de-zapatos-antes-del-lanzamiento-de-temporada-lo-que-se-viene\/","title":{"rendered":"Valeria Mazza supervis\u00f3 su colecci\u00f3n de zapatos antes del lanzamiento de temporada: lo que se viene"},"content":{"rendered":"<p>Recorri\u00f3 la f\u00e1brica de producci\u00f3n de Gravagna Group y adelant\u00f3 las tendencias para el verano 2026: animal print, colores pasteles y la rafia como material estrella.<\/p>\n<p class=\"paragraph font__body-regular\">Con mas de 100 puntos de venta en todo el pa\u00eds y espacios exclusivos en C\u00f3rdoba y Mar del Plata,\u00a0<b>Valeria Mazza Shoes &amp; Bags<\/b>\u00a0sigue afianz\u00e1ndose en la industria de la moda argentina. La top model, involucrada en cada etapa del proceso de producci\u00f3n, recorri\u00f3 la f\u00e1brica de\u00a0<b>Gravagna Shoes con la idea de supervisar cada paso del proceso creativo de su nueva colecci\u00f3n verano 2026.<\/b>\u00a0En este contexto, cont\u00f3 c\u00f3mo es su trabajo con la marca.<\/p>\n<div class=\"AV6543bedcd858799fe90b5c47\">\n<div id=\"aniBox\">\n<div id=\"aniplayer_AV6543bedcd858799fe90b5c47-1752880267690\">\n<div id=\"aniplayer_AV6543bedcd858799fe90b5c47-1752880267690gui\">\n<div id=\"av-caption\">\n<div id=\"av-close-btn-overlay\" class=\"av-pos-top-left\"><\/div>\n<\/div>\n<\/div>\n<\/div>\n<\/div>\n<\/div>\n<p class=\"paragraph font__body-regular\">\u201cCuando voy a Gravagna,\u00a0<b>primero nos juntamos con el departamento de dise\u00f1o y empezamos a ver cu\u00e1les son los materiales, las formas, los nuevos tacos\u201d<\/b>, dice Valeria de cara a la pr\u00f3xima colecci\u00f3n de verano.<\/p>\n<figure class=\"\" data-testid=\"figure-testid\">\n<div class=\"aspect_ratio__container\"><picture class=\"responsive-image\"><source srcset=\"https:\/\/tn.com.ar\/resizer\/v2\/valeria-mazza-esta-presente-en-todas-las-areas-de-diseno-de-sus-calzados-foto-valeria-mazza-shoes-bags-LGP57YPLDFA2NEI34FCKMF2ROM.jpg?auth=536411f0098633a286acd7fc58b5dab3dac7ee0bc08c67e927b7b1c842c08c52&amp;width=767\" type=\"image\/jpg\" media=\"(max-width: 728px)\" \/><source srcset=\"https:\/\/tn.com.ar\/resizer\/v2\/valeria-mazza-esta-presente-en-todas-las-areas-de-diseno-de-sus-calzados-foto-valeria-mazza-shoes-bags-LGP57YPLDFA2NEI34FCKMF2ROM.jpg?auth=536411f0098633a286acd7fc58b5dab3dac7ee0bc08c67e927b7b1c842c08c52&amp;width=1023\" type=\"image\/jpg\" media=\"(max-width: 1023px)\" \/><source srcset=\"https:\/\/tn.com.ar\/resizer\/v2\/valeria-mazza-esta-presente-en-todas-las-areas-de-diseno-de-sus-calzados-foto-valeria-mazza-shoes-bags-LGP57YPLDFA2NEI34FCKMF2ROM.jpg?auth=536411f0098633a286acd7fc58b5dab3dac7ee0bc08c67e927b7b1c842c08c52&amp;width=1440\" type=\"image\/jpg\" \/><img loading=\"lazy\" decoding=\"async\" class=\"image content-image image_placeholder\" src=\"https:\/\/tn.com.ar\/resizer\/v2\/valeria-mazza-esta-presente-en-todas-las-areas-de-diseno-de-sus-calzados-foto-valeria-mazza-shoes-bags-LGP57YPLDFA2NEI34FCKMF2ROM.jpg?auth=536411f0098633a286acd7fc58b5dab3dac7ee0bc08c67e927b7b1c842c08c52&amp;width=767\" alt=\"Valeria Mazza est\u00e1 presente en todas las \u00e1reas de dise\u00f1o de sus calzados. (Foto: Valeria Mazza Shoes &amp; Bags)\" width=\"767\" height=\"1194\" data-testid=\"loading-testid\" \/><\/picture><\/div><figcaption class=\"caption_image\" data-testid=\"figcaption-testid\">\n<div class=\"image_caption \">Valeria Mazza est\u00e1 presente en todas las \u00e1reas de dise\u00f1o de sus calzados. (Foto: Valeria Mazza Shoes &amp; Bags)<\/div>\n<\/figcaption><\/figure>\n<p class=\"paragraph font__body-regular\">\u201cTrabajamos en cada uno de lo que van a ser los zapatos,<b>\u00a0jugamos, vamos probando, me voy midiendo.\u00a0<\/b>Y despu\u00e9s me gusta mucho pasar por\u00a0<b>cada una de las \u00e1reas de producci\u00f3n<\/b>, ver desde d\u00f3nde se empieza, c\u00f3mo trabajan el cuero, c\u00f3mo se va armando ese rompecabezas que termina siendo un zapato, una sandalia\u201d.<\/p>\n<figure class=\"\" data-testid=\"figure-testid\">\n<div class=\"aspect_ratio__container\"><picture class=\"responsive-image\"><source srcset=\"https:\/\/tn.com.ar\/resizer\/v2\/lo-que-se-viene-de-la-mano-de-valeria-mazza-shoes-bags-foto-valeria-mazza-shoes-bags-ZVQEXK5UMJATTJBRZ3BLXY7HQY.jpeg?auth=9215ba792204ddecd135aaf32524ec9864b2561434b8e7e80a1015ac3283b43b&amp;width=767\" type=\"image\/jpg\" media=\"(max-width: 728px)\" \/><source srcset=\"https:\/\/tn.com.ar\/resizer\/v2\/lo-que-se-viene-de-la-mano-de-valeria-mazza-shoes-bags-foto-valeria-mazza-shoes-bags-ZVQEXK5UMJATTJBRZ3BLXY7HQY.jpeg?auth=9215ba792204ddecd135aaf32524ec9864b2561434b8e7e80a1015ac3283b43b&amp;width=1023\" type=\"image\/jpg\" media=\"(max-width: 1023px)\" \/><source srcset=\"https:\/\/tn.com.ar\/resizer\/v2\/lo-que-se-viene-de-la-mano-de-valeria-mazza-shoes-bags-foto-valeria-mazza-shoes-bags-ZVQEXK5UMJATTJBRZ3BLXY7HQY.jpeg?auth=9215ba792204ddecd135aaf32524ec9864b2561434b8e7e80a1015ac3283b43b&amp;width=1440\" type=\"image\/jpg\" \/><img loading=\"lazy\" decoding=\"async\" class=\"image content-image image_placeholder\" src=\"https:\/\/tn.com.ar\/resizer\/v2\/lo-que-se-viene-de-la-mano-de-valeria-mazza-shoes-bags-foto-valeria-mazza-shoes-bags-ZVQEXK5UMJATTJBRZ3BLXY7HQY.jpeg?auth=9215ba792204ddecd135aaf32524ec9864b2561434b8e7e80a1015ac3283b43b&amp;width=767\" alt=\"Lo que se viene de la mano de Valeria Mazza Shoes &amp; Bags. (Foto: Valeria Mazza Shoes &amp; Bags)\" width=\"767\" height=\"1023\" data-testid=\"loading-testid\" \/><\/picture><\/div><figcaption class=\"caption_image\" data-testid=\"figcaption-testid\">\n<div class=\"image_caption \">Lo que se viene de la mano de Valeria Mazza Shoes &amp; Bags. (Foto: Valeria Mazza Shoes &amp; Bags)<\/div>\n<\/figcaption><\/figure>\n<p class=\"paragraph font__body-regular\">La marca, que recientemente form\u00f3 parte de EFICA, la feria m\u00e1s importante del rubro, adelanta para la temporada de verano algunos de sus hits:\u00a0<b>sandalias<\/b>\u00a0de taco alto con detalles<i><b>\u00a0animal print<\/b><\/i>,\u00a0<b>ballerinas\u00a0<\/b>en tonos\u00a0<b>pastel<\/b>,\u00a0<b>chatas<\/b>\u00a0de\u00a0<b>rafia<\/b>\u00a0en tonos neutros y\u00a0<b>zapatillas\u00a0<\/b>de dise\u00f1o que combinan<b>\u00a0texturas y colores<\/b>\u00a0de \u00faltima tendencia.<\/p>\n<figure class=\"\" data-testid=\"figure-testid\">\n<div class=\"aspect_ratio__container\"><picture class=\"responsive-image\"><source srcset=\"https:\/\/tn.com.ar\/resizer\/v2\/valeria-mazza-en-la-fabrica-de-gravagna-group-foto-valeria-mazza-shoes-bags-74RM2E6WBJCOPGXOPNYQDV5XFA.jpg?auth=f9c38451af61745b9f08336fc33a6f55562ff1a82ae9c0953172fc5c7cc1adc9&amp;width=767\" type=\"image\/jpg\" media=\"(max-width: 728px)\" \/><source srcset=\"https:\/\/tn.com.ar\/resizer\/v2\/valeria-mazza-en-la-fabrica-de-gravagna-group-foto-valeria-mazza-shoes-bags-74RM2E6WBJCOPGXOPNYQDV5XFA.jpg?auth=f9c38451af61745b9f08336fc33a6f55562ff1a82ae9c0953172fc5c7cc1adc9&amp;width=1023\" type=\"image\/jpg\" media=\"(max-width: 1023px)\" \/><source srcset=\"https:\/\/tn.com.ar\/resizer\/v2\/valeria-mazza-en-la-fabrica-de-gravagna-group-foto-valeria-mazza-shoes-bags-74RM2E6WBJCOPGXOPNYQDV5XFA.jpg?auth=f9c38451af61745b9f08336fc33a6f55562ff1a82ae9c0953172fc5c7cc1adc9&amp;width=1440\" type=\"image\/jpg\" \/><img loading=\"lazy\" decoding=\"async\" class=\"image content-image image_placeholder\" src=\"https:\/\/tn.com.ar\/resizer\/v2\/valeria-mazza-en-la-fabrica-de-gravagna-group-foto-valeria-mazza-shoes-bags-74RM2E6WBJCOPGXOPNYQDV5XFA.jpg?auth=f9c38451af61745b9f08336fc33a6f55562ff1a82ae9c0953172fc5c7cc1adc9&amp;width=767\" alt=\"Valeria Mazza en la f\u00e1brica de Gravagna Group. (Foto: Valeria Mazza Shoes &amp; Bags)\" width=\"767\" height=\"1190\" data-testid=\"loading-testid\" \/><\/picture><\/div><figcaption class=\"caption_image\" data-testid=\"figcaption-testid\">\n<div class=\"image_caption \">Valeria Mazza en la f\u00e1brica de Gravagna Group. (Foto: Valeria Mazza Shoes &amp; Bags)<\/div>\n<\/figcaption><\/figure>\n<p class=\"paragraph font__body-regular\">\u201cMe gusta much\u00edsimo hablar con la gente que lo hace, que por lo general son\u00a0<b>personas que hace muchos a\u00f1os est\u00e1n trabajando en la f\u00e1brica<\/b>, que conocen muy bien el producto\u201d, destaca la moda.<\/p>\n<figure class=\"\" data-testid=\"figure-testid\">\n<div class=\"aspect_ratio__container\"><picture class=\"responsive-image\"><source srcset=\"https:\/\/tn.com.ar\/resizer\/v2\/valeria-mazza-shoes-bags-adelanto-lo-que-se-viene-para-el-verano-foto-valeria-mazza-shoes-bags-KANPVATWHBAZLM4QBJRP7XWRRE.png?auth=e34aa7166eae6d2e3f7f917032fe7c617dcb02f911797759568418d151d20f90&amp;width=767\" type=\"image\/jpg\" media=\"(max-width: 728px)\" \/><source srcset=\"https:\/\/tn.com.ar\/resizer\/v2\/valeria-mazza-shoes-bags-adelanto-lo-que-se-viene-para-el-verano-foto-valeria-mazza-shoes-bags-KANPVATWHBAZLM4QBJRP7XWRRE.png?auth=e34aa7166eae6d2e3f7f917032fe7c617dcb02f911797759568418d151d20f90&amp;width=1023\" type=\"image\/jpg\" media=\"(max-width: 1023px)\" \/><source srcset=\"https:\/\/tn.com.ar\/resizer\/v2\/valeria-mazza-shoes-bags-adelanto-lo-que-se-viene-para-el-verano-foto-valeria-mazza-shoes-bags-KANPVATWHBAZLM4QBJRP7XWRRE.png?auth=e34aa7166eae6d2e3f7f917032fe7c617dcb02f911797759568418d151d20f90&amp;width=1440\" type=\"image\/jpg\" \/><img loading=\"lazy\" decoding=\"async\" class=\"image content-image image_placeholder\" src=\"https:\/\/tn.com.ar\/resizer\/v2\/valeria-mazza-shoes-bags-adelanto-lo-que-se-viene-para-el-verano-foto-valeria-mazza-shoes-bags-KANPVATWHBAZLM4QBJRP7XWRRE.png?auth=e34aa7166eae6d2e3f7f917032fe7c617dcb02f911797759568418d151d20f90&amp;width=767\" alt=\"Valeria Mazza Shoes &amp; Bags adelant\u00f3 lo que se viene para el verano. (Foto: Valeria Mazza Shoes &amp; Bags)\" width=\"767\" height=\"985\" data-testid=\"loading-testid\" \/><\/picture><\/div><figcaption class=\"caption_image\" data-testid=\"figcaption-testid\">\n<div class=\"image_caption \">Valeria Mazza Shoes &amp; Bags adelant\u00f3 lo que se viene para el verano. (Foto: Valeria Mazza Shoes &amp; Bags)<\/div>\n<\/figcaption><\/figure>\n<p class=\"paragraph font__body-regular\">\u201cEs un trabajo muy\u00a0<b>artesanal<\/b>\u00a0que requiere mucha\u00a0<b>dedicaci\u00f3n<\/b>, mucha\u00a0<b>precisi\u00f3n<\/b>, mucho\u00a0<b>trabajo<\/b>. As\u00ed que me gusta ir y\u00a0<b>compartir todos estos momentos hasta ver el producto terminado.<\/b>\u00a0Y despu\u00e9s es una gran ansiedad por ver y conocer la respuesta de la gente\u201d, concluye.<\/p>\n","protected":false},"excerpt":{"rendered":"<p>Recorri\u00f3 la f\u00e1brica de producci\u00f3n de Gravagna Group y adelant\u00f3 las tendencias para el verano 2026: animal print, colores pasteles y la rafia como material estrella. Con mas de 100 puntos de venta en todo el pa\u00eds y espacios exclusivos en C\u00f3rdoba y Mar del Plata,\u00a0Valeria Mazza Shoes &amp; Bags\u00a0sigue afianz\u00e1ndose en la industria de [&hellip;]<\/p>\n","protected":false},"author":1,"featured_media":3270,"comment_status":"open","ping_status":"open","sticky":false,"template":"","format":"standard","meta":{"rop_custom_images_group":[],"rop_custom_messages_group":[],"rop_publish_now":"initial","rop_publish_now_accounts":[],"rop_publish_now_history":[],"rop_publish_now_status":"pending","footnotes":"","jetpack_publicize_message":"","jetpack_publicize_feature_enabled":true,"jetpack_social_post_already_shared":true,"jetpack_social_options":{"image_generator_settings":{"template":"highway","enabled":false},"version":2}},"categories":[15],"tags":[],"class_list":{"0":"post-3269","1":"post","2":"type-post","3":"status-publish","4":"format-standard","5":"has-post-thumbnail","7":"category-moda"},"jetpack_publicize_connections":[],"yoast_head":"<!-- This site is optimized with the Yoast SEO plugin v27.3 - https:\/\/yoast.com\/product\/yoast-seo-wordpress\/ -->\n<title>Valeria Mazza supervis\u00f3 su colecci\u00f3n de zapatos antes del lanzamiento de temporada: lo que se viene - CLAN ESPECTACULOS<\/title>\n<meta name=\"robots\" content=\"index, follow, max-snippet:-1, max-image-preview:large, max-video-preview:-1\" \/>\n<link rel=\"canonical\" href=\"https:\/\/radioclanfm.com\/clanespectaculos\/valeria-mazza-superviso-su-coleccion-de-zapatos-antes-del-lanzamiento-de-temporada-lo-que-se-viene\/\" \/>\n<meta property=\"og:locale\" content=\"es_ES\" \/>\n<meta property=\"og:type\" content=\"article\" \/>\n<meta property=\"og:title\" content=\"Valeria Mazza supervis\u00f3 su colecci\u00f3n de zapatos antes del lanzamiento de temporada: lo que se viene - CLAN ESPECTACULOS\" \/>\n<meta property=\"og:description\" content=\"Recorri\u00f3 la f\u00e1brica de producci\u00f3n de Gravagna Group y adelant\u00f3 las tendencias para el verano 2026: animal print, colores pasteles y la rafia como material estrella. Con mas de 100 puntos de venta en todo el pa\u00eds y espacios exclusivos en C\u00f3rdoba y Mar del Plata,\u00a0Valeria Mazza Shoes &amp; Bags\u00a0sigue afianz\u00e1ndose en la industria de [&hellip;]\" \/>\n<meta property=\"og:url\" content=\"https:\/\/radioclanfm.com\/clanespectaculos\/valeria-mazza-superviso-su-coleccion-de-zapatos-antes-del-lanzamiento-de-temporada-lo-que-se-viene\/\" \/>\n<meta property=\"og:site_name\" content=\"CLAN ESPECTACULOS\" \/>\n<meta property=\"article:publisher\" content=\"https:\/\/www.facebook.com\/clanespectaculos\/\" \/>\n<meta property=\"article:published_time\" content=\"2025-07-18T23:12:22+00:00\" \/>\n<meta property=\"og:image\" content=\"https:\/\/radioclanfm.com\/clanespectaculos\/wp-content\/uploads\/sites\/2\/2025\/07\/bm-Doz7D.jpg\" \/>\n\t<meta property=\"og:image:width\" content=\"900\" \/>\n\t<meta property=\"og:image:height\" content=\"507\" \/>\n\t<meta property=\"og:image:type\" content=\"image\/jpeg\" \/>\n<meta name=\"author\" content=\"E-GRUPOCLAN\" \/>\n<meta name=\"twitter:card\" content=\"summary_large_image\" \/>\n<meta name=\"twitter:creator\" content=\"@clanespectok\" \/>\n<meta name=\"twitter:site\" content=\"@clanespectok\" \/>\n<meta name=\"twitter:label1\" content=\"Escrito por\" \/>\n\t<meta name=\"twitter:data1\" content=\"E-GRUPOCLAN\" \/>\n\t<meta name=\"twitter:label2\" content=\"Tiempo de lectura\" \/>\n\t<meta name=\"twitter:data2\" content=\"2 minutos\" \/>\n<script type=\"application\/ld+json\" class=\"yoast-schema-graph\">{\"@context\":\"https:\\\/\\\/schema.org\",\"@graph\":[{\"@type\":\"Article\",\"@id\":\"https:\\\/\\\/radioclanfm.com\\\/clanespectaculos\\\/valeria-mazza-superviso-su-coleccion-de-zapatos-antes-del-lanzamiento-de-temporada-lo-que-se-viene\\\/#article\",\"isPartOf\":{\"@id\":\"https:\\\/\\\/radioclanfm.com\\\/clanespectaculos\\\/valeria-mazza-superviso-su-coleccion-de-zapatos-antes-del-lanzamiento-de-temporada-lo-que-se-viene\\\/\"},\"author\":{\"name\":\"E-GRUPOCLAN\",\"@id\":\"https:\\\/\\\/radioclanfm.com\\\/clanespectaculos\\\/#\\\/schema\\\/person\\\/9734813083303230f3ad84d99171b20c\"},\"headline\":\"Valeria Mazza supervis\u00f3 su colecci\u00f3n de zapatos antes del lanzamiento de temporada: lo que se viene\",\"datePublished\":\"2025-07-18T23:12:22+00:00\",\"mainEntityOfPage\":{\"@id\":\"https:\\\/\\\/radioclanfm.com\\\/clanespectaculos\\\/valeria-mazza-superviso-su-coleccion-de-zapatos-antes-del-lanzamiento-de-temporada-lo-que-se-viene\\\/\"},\"wordCount\":439,\"commentCount\":0,\"publisher\":{\"@id\":\"https:\\\/\\\/radioclanfm.com\\\/clanespectaculos\\\/#organization\"},\"image\":{\"@id\":\"https:\\\/\\\/radioclanfm.com\\\/clanespectaculos\\\/valeria-mazza-superviso-su-coleccion-de-zapatos-antes-del-lanzamiento-de-temporada-lo-que-se-viene\\\/#primaryimage\"},\"thumbnailUrl\":\"https:\\\/\\\/radioclanfm.com\\\/clanespectaculos\\\/wp-content\\\/uploads\\\/sites\\\/2\\\/2025\\\/07\\\/bm-Doz7D.jpg\",\"articleSection\":[\"MODA\"],\"inLanguage\":\"es-AR\",\"potentialAction\":[{\"@type\":\"CommentAction\",\"name\":\"Comment\",\"target\":[\"https:\\\/\\\/radioclanfm.com\\\/clanespectaculos\\\/valeria-mazza-superviso-su-coleccion-de-zapatos-antes-del-lanzamiento-de-temporada-lo-que-se-viene\\\/#respond\"]}]},{\"@type\":\"WebPage\",\"@id\":\"https:\\\/\\\/radioclanfm.com\\\/clanespectaculos\\\/valeria-mazza-superviso-su-coleccion-de-zapatos-antes-del-lanzamiento-de-temporada-lo-que-se-viene\\\/\",\"url\":\"https:\\\/\\\/radioclanfm.com\\\/clanespectaculos\\\/valeria-mazza-superviso-su-coleccion-de-zapatos-antes-del-lanzamiento-de-temporada-lo-que-se-viene\\\/\",\"name\":\"Valeria Mazza supervis\u00f3 su colecci\u00f3n de zapatos antes del lanzamiento de temporada: lo que se viene - CLAN ESPECTACULOS\",\"isPartOf\":{\"@id\":\"https:\\\/\\\/radioclanfm.com\\\/clanespectaculos\\\/#website\"},\"primaryImageOfPage\":{\"@id\":\"https:\\\/\\\/radioclanfm.com\\\/clanespectaculos\\\/valeria-mazza-superviso-su-coleccion-de-zapatos-antes-del-lanzamiento-de-temporada-lo-que-se-viene\\\/#primaryimage\"},\"image\":{\"@id\":\"https:\\\/\\\/radioclanfm.com\\\/clanespectaculos\\\/valeria-mazza-superviso-su-coleccion-de-zapatos-antes-del-lanzamiento-de-temporada-lo-que-se-viene\\\/#primaryimage\"},\"thumbnailUrl\":\"https:\\\/\\\/radioclanfm.com\\\/clanespectaculos\\\/wp-content\\\/uploads\\\/sites\\\/2\\\/2025\\\/07\\\/bm-Doz7D.jpg\",\"datePublished\":\"2025-07-18T23:12:22+00:00\",\"breadcrumb\":{\"@id\":\"https:\\\/\\\/radioclanfm.com\\\/clanespectaculos\\\/valeria-mazza-superviso-su-coleccion-de-zapatos-antes-del-lanzamiento-de-temporada-lo-que-se-viene\\\/#breadcrumb\"},\"inLanguage\":\"es-AR\",\"potentialAction\":[{\"@type\":\"ReadAction\",\"target\":[\"https:\\\/\\\/radioclanfm.com\\\/clanespectaculos\\\/valeria-mazza-superviso-su-coleccion-de-zapatos-antes-del-lanzamiento-de-temporada-lo-que-se-viene\\\/\"]}]},{\"@type\":\"ImageObject\",\"inLanguage\":\"es-AR\",\"@id\":\"https:\\\/\\\/radioclanfm.com\\\/clanespectaculos\\\/valeria-mazza-superviso-su-coleccion-de-zapatos-antes-del-lanzamiento-de-temporada-lo-que-se-viene\\\/#primaryimage\",\"url\":\"https:\\\/\\\/radioclanfm.com\\\/clanespectaculos\\\/wp-content\\\/uploads\\\/sites\\\/2\\\/2025\\\/07\\\/bm-Doz7D.jpg\",\"contentUrl\":\"https:\\\/\\\/radioclanfm.com\\\/clanespectaculos\\\/wp-content\\\/uploads\\\/sites\\\/2\\\/2025\\\/07\\\/bm-Doz7D.jpg\",\"width\":900,\"height\":507},{\"@type\":\"BreadcrumbList\",\"@id\":\"https:\\\/\\\/radioclanfm.com\\\/clanespectaculos\\\/valeria-mazza-superviso-su-coleccion-de-zapatos-antes-del-lanzamiento-de-temporada-lo-que-se-viene\\\/#breadcrumb\",\"itemListElement\":[{\"@type\":\"ListItem\",\"position\":1,\"name\":\"Inicio\",\"item\":\"https:\\\/\\\/radioclanfm.com\\\/clanespectaculos\\\/\"},{\"@type\":\"ListItem\",\"position\":2,\"name\":\"Valeria Mazza supervis\u00f3 su colecci\u00f3n de zapatos antes del lanzamiento de temporada: lo que se viene\"}]},{\"@type\":\"WebSite\",\"@id\":\"https:\\\/\\\/radioclanfm.com\\\/clanespectaculos\\\/#website\",\"url\":\"https:\\\/\\\/radioclanfm.com\\\/clanespectaculos\\\/\",\"name\":\"CLAN ESPECTACULOS\",\"description\":\"\",\"publisher\":{\"@id\":\"https:\\\/\\\/radioclanfm.com\\\/clanespectaculos\\\/#organization\"},\"potentialAction\":[{\"@type\":\"SearchAction\",\"target\":{\"@type\":\"EntryPoint\",\"urlTemplate\":\"https:\\\/\\\/radioclanfm.com\\\/clanespectaculos\\\/?s={search_term_string}\"},\"query-input\":{\"@type\":\"PropertyValueSpecification\",\"valueRequired\":true,\"valueName\":\"search_term_string\"}}],\"inLanguage\":\"es-AR\"},{\"@type\":\"Organization\",\"@id\":\"https:\\\/\\\/radioclanfm.com\\\/clanespectaculos\\\/#organization\",\"name\":\"CLAN ESPECTACULOS\",\"url\":\"https:\\\/\\\/radioclanfm.com\\\/clanespectaculos\\\/\",\"logo\":{\"@type\":\"ImageObject\",\"inLanguage\":\"es-AR\",\"@id\":\"https:\\\/\\\/radioclanfm.com\\\/clanespectaculos\\\/#\\\/schema\\\/logo\\\/image\\\/\",\"url\":\"https:\\\/\\\/radioclanfm.com\\\/clanespectaculos\\\/wp-content\\\/uploads\\\/sites\\\/2\\\/2026\\\/04\\\/ChatGPT-Image-23-mar-2026-10_09_00.png\",\"contentUrl\":\"https:\\\/\\\/radioclanfm.com\\\/clanespectaculos\\\/wp-content\\\/uploads\\\/sites\\\/2\\\/2026\\\/04\\\/ChatGPT-Image-23-mar-2026-10_09_00.png\",\"width\":1024,\"height\":1024,\"caption\":\"CLAN ESPECTACULOS\"},\"image\":{\"@id\":\"https:\\\/\\\/radioclanfm.com\\\/clanespectaculos\\\/#\\\/schema\\\/logo\\\/image\\\/\"},\"sameAs\":[\"https:\\\/\\\/www.facebook.com\\\/clanespectaculos\\\/\",\"https:\\\/\\\/x.com\\\/clanespectok\"]},{\"@type\":\"Person\",\"@id\":\"https:\\\/\\\/radioclanfm.com\\\/clanespectaculos\\\/#\\\/schema\\\/person\\\/9734813083303230f3ad84d99171b20c\",\"name\":\"E-GRUPOCLAN\",\"image\":{\"@type\":\"ImageObject\",\"inLanguage\":\"es-AR\",\"@id\":\"https:\\\/\\\/secure.gravatar.com\\\/avatar\\\/af6e19837c3d6a212034a48c7b3818d2ac1826f6025df0155da5a186ad321d79?s=96&d=mm&r=g\",\"url\":\"https:\\\/\\\/secure.gravatar.com\\\/avatar\\\/af6e19837c3d6a212034a48c7b3818d2ac1826f6025df0155da5a186ad321d79?s=96&d=mm&r=g\",\"contentUrl\":\"https:\\\/\\\/secure.gravatar.com\\\/avatar\\\/af6e19837c3d6a212034a48c7b3818d2ac1826f6025df0155da5a186ad321d79?s=96&d=mm&r=g\",\"caption\":\"E-GRUPOCLAN\"},\"sameAs\":[\"https:\\\/\\\/radioclanfm.com\"],\"url\":\"https:\\\/\\\/radioclanfm.com\\\/clanespectaculos\\\/author\\\/admin\\\/\"}]}<\/script>\n<!-- \/ Yoast SEO plugin. -->","yoast_head_json":{"title":"Valeria Mazza supervis\u00f3 su colecci\u00f3n de zapatos antes del lanzamiento de temporada: lo que se viene - CLAN ESPECTACULOS","robots":{"index":"index","follow":"follow","max-snippet":"max-snippet:-1","max-image-preview":"max-image-preview:large","max-video-preview":"max-video-preview:-1"},"canonical":"https:\/\/radioclanfm.com\/clanespectaculos\/valeria-mazza-superviso-su-coleccion-de-zapatos-antes-del-lanzamiento-de-temporada-lo-que-se-viene\/","og_locale":"es_ES","og_type":"article","og_title":"Valeria Mazza supervis\u00f3 su colecci\u00f3n de zapatos antes del lanzamiento de temporada: lo que se viene - CLAN ESPECTACULOS","og_description":"Recorri\u00f3 la f\u00e1brica de producci\u00f3n de Gravagna Group y adelant\u00f3 las tendencias para el verano 2026: animal print, colores pasteles y la rafia como material estrella. Con mas de 100 puntos de venta en todo el pa\u00eds y espacios exclusivos en C\u00f3rdoba y Mar del Plata,\u00a0Valeria Mazza Shoes &amp; Bags\u00a0sigue afianz\u00e1ndose en la industria de [&hellip;]","og_url":"https:\/\/radioclanfm.com\/clanespectaculos\/valeria-mazza-superviso-su-coleccion-de-zapatos-antes-del-lanzamiento-de-temporada-lo-que-se-viene\/","og_site_name":"CLAN ESPECTACULOS","article_publisher":"https:\/\/www.facebook.com\/clanespectaculos\/","article_published_time":"2025-07-18T23:12:22+00:00","og_image":[{"width":900,"height":507,"url":"https:\/\/radioclanfm.com\/clanespectaculos\/wp-content\/uploads\/sites\/2\/2025\/07\/bm-Doz7D.jpg","type":"image\/jpeg"}],"author":"E-GRUPOCLAN","twitter_card":"summary_large_image","twitter_creator":"@clanespectok","twitter_site":"@clanespectok","twitter_misc":{"Escrito por":"E-GRUPOCLAN","Tiempo de lectura":"2 minutos"},"schema":{"@context":"https:\/\/schema.org","@graph":[{"@type":"Article","@id":"https:\/\/radioclanfm.com\/clanespectaculos\/valeria-mazza-superviso-su-coleccion-de-zapatos-antes-del-lanzamiento-de-temporada-lo-que-se-viene\/#article","isPartOf":{"@id":"https:\/\/radioclanfm.com\/clanespectaculos\/valeria-mazza-superviso-su-coleccion-de-zapatos-antes-del-lanzamiento-de-temporada-lo-que-se-viene\/"},"author":{"name":"E-GRUPOCLAN","@id":"https:\/\/radioclanfm.com\/clanespectaculos\/#\/schema\/person\/9734813083303230f3ad84d99171b20c"},"headline":"Valeria Mazza supervis\u00f3 su colecci\u00f3n de zapatos antes del lanzamiento de temporada: lo que se viene","datePublished":"2025-07-18T23:12:22+00:00","mainEntityOfPage":{"@id":"https:\/\/radioclanfm.com\/clanespectaculos\/valeria-mazza-superviso-su-coleccion-de-zapatos-antes-del-lanzamiento-de-temporada-lo-que-se-viene\/"},"wordCount":439,"commentCount":0,"publisher":{"@id":"https:\/\/radioclanfm.com\/clanespectaculos\/#organization"},"image":{"@id":"https:\/\/radioclanfm.com\/clanespectaculos\/valeria-mazza-superviso-su-coleccion-de-zapatos-antes-del-lanzamiento-de-temporada-lo-que-se-viene\/#primaryimage"},"thumbnailUrl":"https:\/\/radioclanfm.com\/clanespectaculos\/wp-content\/uploads\/sites\/2\/2025\/07\/bm-Doz7D.jpg","articleSection":["MODA"],"inLanguage":"es-AR","potentialAction":[{"@type":"CommentAction","name":"Comment","target":["https:\/\/radioclanfm.com\/clanespectaculos\/valeria-mazza-superviso-su-coleccion-de-zapatos-antes-del-lanzamiento-de-temporada-lo-que-se-viene\/#respond"]}]},{"@type":"WebPage","@id":"https:\/\/radioclanfm.com\/clanespectaculos\/valeria-mazza-superviso-su-coleccion-de-zapatos-antes-del-lanzamiento-de-temporada-lo-que-se-viene\/","url":"https:\/\/radioclanfm.com\/clanespectaculos\/valeria-mazza-superviso-su-coleccion-de-zapatos-antes-del-lanzamiento-de-temporada-lo-que-se-viene\/","name":"Valeria Mazza supervis\u00f3 su colecci\u00f3n de zapatos antes del lanzamiento de temporada: lo que se viene - CLAN ESPECTACULOS","isPartOf":{"@id":"https:\/\/radioclanfm.com\/clanespectaculos\/#website"},"primaryImageOfPage":{"@id":"https:\/\/radioclanfm.com\/clanespectaculos\/valeria-mazza-superviso-su-coleccion-de-zapatos-antes-del-lanzamiento-de-temporada-lo-que-se-viene\/#primaryimage"},"image":{"@id":"https:\/\/radioclanfm.com\/clanespectaculos\/valeria-mazza-superviso-su-coleccion-de-zapatos-antes-del-lanzamiento-de-temporada-lo-que-se-viene\/#primaryimage"},"thumbnailUrl":"https:\/\/radioclanfm.com\/clanespectaculos\/wp-content\/uploads\/sites\/2\/2025\/07\/bm-Doz7D.jpg","datePublished":"2025-07-18T23:12:22+00:00","breadcrumb":{"@id":"https:\/\/radioclanfm.com\/clanespectaculos\/valeria-mazza-superviso-su-coleccion-de-zapatos-antes-del-lanzamiento-de-temporada-lo-que-se-viene\/#breadcrumb"},"inLanguage":"es-AR","potentialAction":[{"@type":"ReadAction","target":["https:\/\/radioclanfm.com\/clanespectaculos\/valeria-mazza-superviso-su-coleccion-de-zapatos-antes-del-lanzamiento-de-temporada-lo-que-se-viene\/"]}]},{"@type":"ImageObject","inLanguage":"es-AR","@id":"https:\/\/radioclanfm.com\/clanespectaculos\/valeria-mazza-superviso-su-coleccion-de-zapatos-antes-del-lanzamiento-de-temporada-lo-que-se-viene\/#primaryimage","url":"https:\/\/radioclanfm.com\/clanespectaculos\/wp-content\/uploads\/sites\/2\/2025\/07\/bm-Doz7D.jpg","contentUrl":"https:\/\/radioclanfm.com\/clanespectaculos\/wp-content\/uploads\/sites\/2\/2025\/07\/bm-Doz7D.jpg","width":900,"height":507},{"@type":"BreadcrumbList","@id":"https:\/\/radioclanfm.com\/clanespectaculos\/valeria-mazza-superviso-su-coleccion-de-zapatos-antes-del-lanzamiento-de-temporada-lo-que-se-viene\/#breadcrumb","itemListElement":[{"@type":"ListItem","position":1,"name":"Inicio","item":"https:\/\/radioclanfm.com\/clanespectaculos\/"},{"@type":"ListItem","position":2,"name":"Valeria Mazza supervis\u00f3 su colecci\u00f3n de zapatos antes del lanzamiento de temporada: lo que se viene"}]},{"@type":"WebSite","@id":"https:\/\/radioclanfm.com\/clanespectaculos\/#website","url":"https:\/\/radioclanfm.com\/clanespectaculos\/","name":"CLAN ESPECTACULOS","description":"","publisher":{"@id":"https:\/\/radioclanfm.com\/clanespectaculos\/#organization"},"potentialAction":[{"@type":"SearchAction","target":{"@type":"EntryPoint","urlTemplate":"https:\/\/radioclanfm.com\/clanespectaculos\/?s={search_term_string}"},"query-input":{"@type":"PropertyValueSpecification","valueRequired":true,"valueName":"search_term_string"}}],"inLanguage":"es-AR"},{"@type":"Organization","@id":"https:\/\/radioclanfm.com\/clanespectaculos\/#organization","name":"CLAN ESPECTACULOS","url":"https:\/\/radioclanfm.com\/clanespectaculos\/","logo":{"@type":"ImageObject","inLanguage":"es-AR","@id":"https:\/\/radioclanfm.com\/clanespectaculos\/#\/schema\/logo\/image\/","url":"https:\/\/radioclanfm.com\/clanespectaculos\/wp-content\/uploads\/sites\/2\/2026\/04\/ChatGPT-Image-23-mar-2026-10_09_00.png","contentUrl":"https:\/\/radioclanfm.com\/clanespectaculos\/wp-content\/uploads\/sites\/2\/2026\/04\/ChatGPT-Image-23-mar-2026-10_09_00.png","width":1024,"height":1024,"caption":"CLAN ESPECTACULOS"},"image":{"@id":"https:\/\/radioclanfm.com\/clanespectaculos\/#\/schema\/logo\/image\/"},"sameAs":["https:\/\/www.facebook.com\/clanespectaculos\/","https:\/\/x.com\/clanespectok"]},{"@type":"Person","@id":"https:\/\/radioclanfm.com\/clanespectaculos\/#\/schema\/person\/9734813083303230f3ad84d99171b20c","name":"E-GRUPOCLAN","image":{"@type":"ImageObject","inLanguage":"es-AR","@id":"https:\/\/secure.gravatar.com\/avatar\/af6e19837c3d6a212034a48c7b3818d2ac1826f6025df0155da5a186ad321d79?s=96&d=mm&r=g","url":"https:\/\/secure.gravatar.com\/avatar\/af6e19837c3d6a212034a48c7b3818d2ac1826f6025df0155da5a186ad321d79?s=96&d=mm&r=g","contentUrl":"https:\/\/secure.gravatar.com\/avatar\/af6e19837c3d6a212034a48c7b3818d2ac1826f6025df0155da5a186ad321d79?s=96&d=mm&r=g","caption":"E-GRUPOCLAN"},"sameAs":["https:\/\/radioclanfm.com"],"url":"https:\/\/radioclanfm.com\/clanespectaculos\/author\/admin\/"}]}},"_links":{"self":[{"href":"https:\/\/radioclanfm.com\/clanespectaculos\/wp-json\/wp\/v2\/posts\/3269","targetHints":{"allow":["GET"]}}],"collection":[{"href":"https:\/\/radioclanfm.com\/clanespectaculos\/wp-json\/wp\/v2\/posts"}],"about":[{"href":"https:\/\/radioclanfm.com\/clanespectaculos\/wp-json\/wp\/v2\/types\/post"}],"author":[{"embeddable":true,"href":"https:\/\/radioclanfm.com\/clanespectaculos\/wp-json\/wp\/v2\/users\/1"}],"replies":[{"embeddable":true,"href":"https:\/\/radioclanfm.com\/clanespectaculos\/wp-json\/wp\/v2\/comments?post=3269"}],"version-history":[{"count":1,"href":"https:\/\/radioclanfm.com\/clanespectaculos\/wp-json\/wp\/v2\/posts\/3269\/revisions"}],"predecessor-version":[{"id":3271,"href":"https:\/\/radioclanfm.com\/clanespectaculos\/wp-json\/wp\/v2\/posts\/3269\/revisions\/3271"}],"wp:featuredmedia":[{"embeddable":true,"href":"https:\/\/radioclanfm.com\/clanespectaculos\/wp-json\/wp\/v2\/media\/3270"}],"wp:attachment":[{"href":"https:\/\/radioclanfm.com\/clanespectaculos\/wp-json\/wp\/v2\/media?parent=3269"}],"wp:term":[{"taxonomy":"category","embeddable":true,"href":"https:\/\/radioclanfm.com\/clanespectaculos\/wp-json\/wp\/v2\/categories?post=3269"},{"taxonomy":"post_tag","embeddable":true,"href":"https:\/\/radioclanfm.com\/clanespectaculos\/wp-json\/wp\/v2\/tags?post=3269"}],"curies":[{"name":"wp","href":"https:\/\/api.w.org\/{rel}","templated":true}]}}