{"id":3254,"date":"2025-07-18T20:05:40","date_gmt":"2025-07-18T23:05:40","guid":{"rendered":"https:\/\/radioclanfm.com\/clanespectaculos\/?p=3254"},"modified":"2025-07-18T20:05:40","modified_gmt":"2025-07-18T23:05:40","slug":"los-paparazzis-sorprendieron-a-antonela-rocuzzo-en-minivestido-tejido-en-unas-vacaciones-secretas-en-italia","status":"publish","type":"post","link":"https:\/\/radioclanfm.com\/clanespectaculos\/los-paparazzis-sorprendieron-a-antonela-rocuzzo-en-minivestido-tejido-en-unas-vacaciones-secretas-en-italia\/","title":{"rendered":"Los paparazzis sorprendieron a Antonela Rocuzzo en minivestido tejido, en unas vacaciones secretas en Italia"},"content":{"rendered":"<p>La mujer del 10 viaj\u00f3 a Italia con su amiga Daniella F\u00e0bregas y sus hijos.<\/p>\n<p class=\"paragraph font__body-regular\">Despu\u00e9s de lucirse en el verano de Miami con microbikinis y apuestas nocturnas de alto impacto,\u00a0<b>Antonela Roccuzzo<\/b>\u00a0viaj\u00f3 con sus hijos a\u00a0<b>Italia<\/b>\u00a0-m\u00e1s espec\u00edficamente a\u00a0<b>Portofino<\/b>&#8211; para disfrutar de las playas junto a<b>\u00a0<\/b><b>Daniella Semaan F\u00e0bregas<\/b>, la esposa del exfutbolista\u00a0<b>Cesc F\u00e0bregas.<\/b><\/p>\n<div class=\"AV6543bedcd858799fe90b5c47\">\n<div id=\"aniBox\">\n<div id=\"aniplayer_AV6543bedcd858799fe90b5c47-1752879842618\">\n<div id=\"aniplayer_AV6543bedcd858799fe90b5c47-1752879842618gui\">\n<div id=\"av-caption\">\n<div id=\"av-close-btn-overlay\" class=\"av-pos-top-left\"><\/div>\n<\/div>\n<\/div>\n<\/div>\n<\/div>\n<\/div>\n<p class=\"paragraph font__body-regular\">\n<p class=\"paragraph font__body-regular\">Durante una escapada a la costa,\u00a0<i>Madame Messi<\/i>\u00a0fue fotografiada junto a su amiga (a quien conoci\u00f3 cuando\u00a0<b>Lionel Messi\u00a0<\/b><b>jugaba en el Barcelona<\/b>\u00a0con el ahora entrenador) y su look de playa no pas\u00f3 desapercibido: un\u00a0<b>minivestido tejido en color ma\u00edz<\/b>, el aliado indiscutible de playa.<\/p>\n<figure class=\"\" data-testid=\"figure-testid\">\n<div class=\"aspect_ratio__container\"><picture class=\"responsive-image\"><source srcset=\"https:\/\/tn.com.ar\/resizer\/v2\/antonela-roccuzzo-en-vestido-tejido-color-maiz-foto-backgrid-ukthe-grosby-group-M37F2T7SBNGCNONRGVSF7SFOIQ.jpeg?auth=4b778104ac6bb9888a8ae08b52d6a5fb009a53697557bbd6b703a9db7a03d8e8&amp;width=767\" type=\"image\/jpg\" media=\"(max-width: 728px)\" \/><source srcset=\"https:\/\/tn.com.ar\/resizer\/v2\/antonela-roccuzzo-en-vestido-tejido-color-maiz-foto-backgrid-ukthe-grosby-group-M37F2T7SBNGCNONRGVSF7SFOIQ.jpeg?auth=4b778104ac6bb9888a8ae08b52d6a5fb009a53697557bbd6b703a9db7a03d8e8&amp;width=1023\" type=\"image\/jpg\" media=\"(max-width: 1023px)\" \/><source srcset=\"https:\/\/tn.com.ar\/resizer\/v2\/antonela-roccuzzo-en-vestido-tejido-color-maiz-foto-backgrid-ukthe-grosby-group-M37F2T7SBNGCNONRGVSF7SFOIQ.jpeg?auth=4b778104ac6bb9888a8ae08b52d6a5fb009a53697557bbd6b703a9db7a03d8e8&amp;width=1440\" type=\"image\/jpg\" \/><img loading=\"lazy\" decoding=\"async\" class=\"image content-image image_placeholder\" src=\"https:\/\/tn.com.ar\/resizer\/v2\/antonela-roccuzzo-en-vestido-tejido-color-maiz-foto-backgrid-ukthe-grosby-group-M37F2T7SBNGCNONRGVSF7SFOIQ.jpeg?auth=4b778104ac6bb9888a8ae08b52d6a5fb009a53697557bbd6b703a9db7a03d8e8&amp;width=767\" alt=\"Antonela Roccuzzo en vestido tejido color ma\u00edz. (Foto: Backgrid UK\/The Grosby Group)\" width=\"767\" height=\"1102\" data-testid=\"loading-testid\" \/><\/picture><\/div><figcaption class=\"caption_image\" data-testid=\"figcaption-testid\">\n<div class=\"image_caption \">Antonela Roccuzzo en vestido tejido color ma\u00edz. (Foto: Backgrid UK\/The Grosby Group)<\/div>\n<\/figcaption><\/figure>\n<p class=\"paragraph font__body-regular\">C\u00f3moda pero sin sacrificar el\u00a0<i>glamour<\/i>, Roccuzzo opt\u00f3 por un modelo de<b>\u00a0escote en V pronunciado<\/b>\u00a0y breteles finos, muy corto y con un entramado calado. Por debajo de la prenda se pod\u00edan ver las\u00a0<b>tiritas de su mcirobikini roja<\/b>, un cl\u00e1sico de moda.<\/p>\n<figure class=\"\" data-testid=\"figure-testid\">\n<div class=\"aspect_ratio__container\"><picture class=\"responsive-image\"><source srcset=\"https:\/\/tn.com.ar\/resizer\/v2\/antonela-roccuzzo-fotografiada-por-los-paparazzis-en-portofino-foto-backgrid-ukthe-grosby-group-ZVR7YQUICVFKLD2PBA2XGBM5ZE.jpeg?auth=4aaee242bbc4b610f1e130007b4fef393fd48ffdcda145f77ac2afc55829918f&amp;width=767\" type=\"image\/jpg\" media=\"(max-width: 728px)\" \/><source srcset=\"https:\/\/tn.com.ar\/resizer\/v2\/antonela-roccuzzo-fotografiada-por-los-paparazzis-en-portofino-foto-backgrid-ukthe-grosby-group-ZVR7YQUICVFKLD2PBA2XGBM5ZE.jpeg?auth=4aaee242bbc4b610f1e130007b4fef393fd48ffdcda145f77ac2afc55829918f&amp;width=1023\" type=\"image\/jpg\" media=\"(max-width: 1023px)\" \/><source srcset=\"https:\/\/tn.com.ar\/resizer\/v2\/antonela-roccuzzo-fotografiada-por-los-paparazzis-en-portofino-foto-backgrid-ukthe-grosby-group-ZVR7YQUICVFKLD2PBA2XGBM5ZE.jpeg?auth=4aaee242bbc4b610f1e130007b4fef393fd48ffdcda145f77ac2afc55829918f&amp;width=1440\" type=\"image\/jpg\" \/><img loading=\"lazy\" decoding=\"async\" class=\"image content-image image_placeholder\" src=\"https:\/\/tn.com.ar\/resizer\/v2\/antonela-roccuzzo-fotografiada-por-los-paparazzis-en-portofino-foto-backgrid-ukthe-grosby-group-ZVR7YQUICVFKLD2PBA2XGBM5ZE.jpeg?auth=4aaee242bbc4b610f1e130007b4fef393fd48ffdcda145f77ac2afc55829918f&amp;width=767\" alt=\"Antonela Roccuzzo fotografiada por los paparazzis en Portofino. (Foto: Backgrid UK\/The Grosby Group)\" width=\"767\" height=\"986\" data-testid=\"loading-testid\" \/><\/picture><\/div><figcaption class=\"caption_image\" data-testid=\"figcaption-testid\">\n<div class=\"image_caption \">Antonela Roccuzzo fotografiada por los paparazzis en Portofino. (Foto: Backgrid UK\/The Grosby Group)<\/div>\n<\/figcaption><\/figure>\n<p class=\"paragraph font__body-regular\">Muy natural y a puro\u00a0<i>relax<\/i>, parec\u00eda estar a cara lavada y\u00a0<b>llev\u00f3 el pelo suelto<\/b>, bien lacio y peinado con raya al costado. Como \u00fanico complemento de la apuesta sum\u00f3 un par de\u00a0<b>anteojos de sol negros de estilo aviador.<\/b><\/p>\n<p class=\"paragraph font__body-regular\">Los flashes tambi\u00e9n captaron a Daniella F\u00e0bregas, que no se qued\u00f3 atr\u00e1s con su estilismo de alto verano. Con el\u00a0<i>glamour<\/i>\u00a0que la caracteriza, la\u00a0<i>influencer<\/i>\u00a0visti\u00f3 una\u00a0<b>camisa\u00a0<\/b><i><b>oversized<\/b><\/i>\u00a0estampada con dise\u00f1os realistas de palmeras que dej\u00f3 a la vista un\u00a0<b>corpi\u00f1o de bikini muy escotado.<\/b><\/p>\n<figure class=\"\" data-testid=\"figure-testid\">\n<div class=\"aspect_ratio__container\"><picture class=\"responsive-image\"><source srcset=\"https:\/\/tn.com.ar\/resizer\/v2\/el-look-de-daniella-fabregas-para-un-dia-de-playa-con-antonela-roccuzzo-foto-backgrid-ukthe-grosby-group-LWD2KEVQJVHTBJIVMGEADADXFQ.jpeg?auth=3299b70ba8f7ce7f1d03189fcef391c3981df875f8aca93141837de1e74720a5&amp;width=767\" type=\"image\/jpg\" media=\"(max-width: 728px)\" \/><source srcset=\"https:\/\/tn.com.ar\/resizer\/v2\/el-look-de-daniella-fabregas-para-un-dia-de-playa-con-antonela-roccuzzo-foto-backgrid-ukthe-grosby-group-LWD2KEVQJVHTBJIVMGEADADXFQ.jpeg?auth=3299b70ba8f7ce7f1d03189fcef391c3981df875f8aca93141837de1e74720a5&amp;width=1023\" type=\"image\/jpg\" media=\"(max-width: 1023px)\" \/><source srcset=\"https:\/\/tn.com.ar\/resizer\/v2\/el-look-de-daniella-fabregas-para-un-dia-de-playa-con-antonela-roccuzzo-foto-backgrid-ukthe-grosby-group-LWD2KEVQJVHTBJIVMGEADADXFQ.jpeg?auth=3299b70ba8f7ce7f1d03189fcef391c3981df875f8aca93141837de1e74720a5&amp;width=1440\" type=\"image\/jpg\" \/><img loading=\"lazy\" decoding=\"async\" class=\"image content-image image_placeholder\" src=\"https:\/\/tn.com.ar\/resizer\/v2\/el-look-de-daniella-fabregas-para-un-dia-de-playa-con-antonela-roccuzzo-foto-backgrid-ukthe-grosby-group-LWD2KEVQJVHTBJIVMGEADADXFQ.jpeg?auth=3299b70ba8f7ce7f1d03189fcef391c3981df875f8aca93141837de1e74720a5&amp;width=767\" alt=\"El look de Daniella F\u00e0bregas para un d\u00eda de playa con Antonela Roccuzzo. (Foto: Backgrid UK\/The Grosby Group)\" width=\"767\" height=\"1033\" data-testid=\"loading-testid\" \/><\/picture><\/div><figcaption class=\"caption_image\" data-testid=\"figcaption-testid\">\n<div class=\"image_caption \">El look de Daniella F\u00e0bregas para un d\u00eda de playa con Antonela Roccuzzo. (Foto: Backgrid UK\/The Grosby Group)<\/div>\n<\/figcaption><\/figure>\n<h2 class=\"font--primary font__display\">Antonela Roccuzzo en bikini mocha mousse con tachas<\/h2>\n<p class=\"paragraph font__body-regular\">Apenas algunas semanas atras, Antonela Roccuzzo se mostr\u00f3 en Instagram con otro look de playa que sigui\u00f3 al pie de la letra las \u00faltimas tendencias. Entre las olas, se fotografi\u00f3 con una\u00a0<b>microbikini<\/b>\u00a0en color\u00a0<i><b>mocha mousse<\/b><\/i><b>\u00a0<\/b>con detalles de peque\u00f1as\u00a0<b>tachas doradas circulares<\/b>.<\/p>\n<figure class=\"\" data-testid=\"figure-testid\">\n<div class=\"aspect_ratio__container\"><picture class=\"responsive-image\"><source srcset=\"https:\/\/tn.com.ar\/resizer\/v2\/antonela-roccuzzo-en-microbikini-marron-foto-instagramantonelaroccuzzo-ZEA32Q7HDFFGDOSQGWVFZB4V5I.jpg?auth=658901d8ce7fb7af741880925cd6425f2644f858aa6fe2e4ead6b72ed7b64ee0&amp;width=767\" type=\"image\/jpg\" media=\"(max-width: 728px)\" \/><source srcset=\"https:\/\/tn.com.ar\/resizer\/v2\/antonela-roccuzzo-en-microbikini-marron-foto-instagramantonelaroccuzzo-ZEA32Q7HDFFGDOSQGWVFZB4V5I.jpg?auth=658901d8ce7fb7af741880925cd6425f2644f858aa6fe2e4ead6b72ed7b64ee0&amp;width=1023\" type=\"image\/jpg\" media=\"(max-width: 1023px)\" \/><source srcset=\"https:\/\/tn.com.ar\/resizer\/v2\/antonela-roccuzzo-en-microbikini-marron-foto-instagramantonelaroccuzzo-ZEA32Q7HDFFGDOSQGWVFZB4V5I.jpg?auth=658901d8ce7fb7af741880925cd6425f2644f858aa6fe2e4ead6b72ed7b64ee0&amp;width=1440\" type=\"image\/jpg\" \/><img loading=\"lazy\" decoding=\"async\" class=\"image content-image image_placeholder\" src=\"https:\/\/tn.com.ar\/resizer\/v2\/antonela-roccuzzo-en-microbikini-marron-foto-instagramantonelaroccuzzo-ZEA32Q7HDFFGDOSQGWVFZB4V5I.jpg?auth=658901d8ce7fb7af741880925cd6425f2644f858aa6fe2e4ead6b72ed7b64ee0&amp;width=767\" alt=\"Antonela Roccuzzo en microbikini marr\u00f3n. (Foto: Instagram\/@antonelaroccuzzo).\" width=\"767\" height=\"1023\" data-testid=\"loading-testid\" \/><\/picture><\/div><figcaption class=\"caption_image\" data-testid=\"figcaption-testid\">\n<div class=\"image_caption \">Antonela Roccuzzo en microbikini marr\u00f3n. (Foto: Instagram\/@antonelaroccuzzo).<\/div>\n<\/figcaption><\/figure>\n<p class=\"paragraph font__body-regular\">Mientras que el corpi\u00f1o de modelo es\u00a0<b>triangular, simple<\/b>, y se ata alrededor del cuello, la bombacha es\u00a0<b>diminuta<\/b><i><b>\u00a0<\/b><\/i>y cuenta con\u00a0<b>tiritas de ajuste<\/b>\u00a0a ambos lados de las caderas que se atan en forma de mo\u00f1o.<\/p>\n<p class=\"paragraph font__body-regular\">Fiel a su estilo, se mostr\u00f3 100% al natural,<b>\u00a0sin una sola gota de\u00a0<\/b><i><b>make up<\/b><\/i>, y con el pelo suelto y pasado por agua, post chapuz\u00f3n en el mar.<\/p>\n","protected":false},"excerpt":{"rendered":"<p>La mujer del 10 viaj\u00f3 a Italia con su amiga Daniella F\u00e0bregas y sus hijos. Despu\u00e9s de lucirse en el verano de Miami con microbikinis y apuestas nocturnas de alto impacto,\u00a0Antonela Roccuzzo\u00a0viaj\u00f3 con sus hijos a\u00a0Italia\u00a0-m\u00e1s espec\u00edficamente a\u00a0Portofino&#8211; para disfrutar de las playas junto a\u00a0Daniella Semaan F\u00e0bregas, la esposa del exfutbolista\u00a0Cesc F\u00e0bregas. Durante una escapada [&hellip;]<\/p>\n","protected":false},"author":1,"featured_media":3255,"comment_status":"open","ping_status":"open","sticky":false,"template":"","format":"standard","meta":{"rop_custom_images_group":[],"rop_custom_messages_group":[],"rop_publish_now":"initial","rop_publish_now_accounts":[],"rop_publish_now_history":[],"rop_publish_now_status":"pending","footnotes":"","jetpack_publicize_message":"","jetpack_publicize_feature_enabled":true,"jetpack_social_post_already_shared":true,"jetpack_social_options":{"image_generator_settings":{"template":"highway","enabled":false},"version":2}},"categories":[12],"tags":[],"class_list":{"0":"post-3254","1":"post","2":"type-post","3":"status-publish","4":"format-standard","5":"has-post-thumbnail","7":"category-espectaculos"},"jetpack_publicize_connections":[],"yoast_head":"<!-- This site is optimized with the Yoast SEO plugin v27.3 - https:\/\/yoast.com\/product\/yoast-seo-wordpress\/ -->\n<title>Los paparazzis sorprendieron a Antonela Rocuzzo en minivestido tejido, en unas vacaciones secretas en Italia - CLAN ESPECTACULOS<\/title>\n<meta name=\"robots\" content=\"index, follow, max-snippet:-1, max-image-preview:large, max-video-preview:-1\" \/>\n<link rel=\"canonical\" href=\"https:\/\/radioclanfm.com\/clanespectaculos\/los-paparazzis-sorprendieron-a-antonela-rocuzzo-en-minivestido-tejido-en-unas-vacaciones-secretas-en-italia\/\" \/>\n<meta property=\"og:locale\" content=\"es_ES\" \/>\n<meta property=\"og:type\" content=\"article\" \/>\n<meta property=\"og:title\" content=\"Los paparazzis sorprendieron a Antonela Rocuzzo en minivestido tejido, en unas vacaciones secretas en Italia - CLAN ESPECTACULOS\" \/>\n<meta property=\"og:description\" content=\"La mujer del 10 viaj\u00f3 a Italia con su amiga Daniella F\u00e0bregas y sus hijos. Despu\u00e9s de lucirse en el verano de Miami con microbikinis y apuestas nocturnas de alto impacto,\u00a0Antonela Roccuzzo\u00a0viaj\u00f3 con sus hijos a\u00a0Italia\u00a0-m\u00e1s espec\u00edficamente a\u00a0Portofino&#8211; para disfrutar de las playas junto a\u00a0Daniella Semaan F\u00e0bregas, la esposa del exfutbolista\u00a0Cesc F\u00e0bregas. Durante una escapada [&hellip;]\" \/>\n<meta property=\"og:url\" content=\"https:\/\/radioclanfm.com\/clanespectaculos\/los-paparazzis-sorprendieron-a-antonela-rocuzzo-en-minivestido-tejido-en-unas-vacaciones-secretas-en-italia\/\" \/>\n<meta property=\"og:site_name\" content=\"CLAN ESPECTACULOS\" \/>\n<meta property=\"article:publisher\" content=\"https:\/\/www.facebook.com\/clanespectaculos\/\" \/>\n<meta property=\"article:published_time\" content=\"2025-07-18T23:05:40+00:00\" \/>\n<meta property=\"og:image\" content=\"https:\/\/radioclanfm.com\/clanespectaculos\/wp-content\/uploads\/sites\/2\/2025\/07\/mjz38OdA.jpg\" \/>\n\t<meta property=\"og:image:width\" content=\"900\" \/>\n\t<meta property=\"og:image:height\" content=\"507\" \/>\n\t<meta property=\"og:image:type\" content=\"image\/jpeg\" \/>\n<meta name=\"author\" content=\"E-GRUPOCLAN\" \/>\n<meta name=\"twitter:card\" content=\"summary_large_image\" \/>\n<meta name=\"twitter:creator\" content=\"@clanespectok\" \/>\n<meta name=\"twitter:site\" content=\"@clanespectok\" \/>\n<meta name=\"twitter:label1\" content=\"Escrito por\" \/>\n\t<meta name=\"twitter:data1\" content=\"E-GRUPOCLAN\" \/>\n\t<meta name=\"twitter:label2\" content=\"Tiempo de lectura\" \/>\n\t<meta name=\"twitter:data2\" content=\"2 minutos\" \/>\n<script type=\"application\/ld+json\" class=\"yoast-schema-graph\">{\"@context\":\"https:\\\/\\\/schema.org\",\"@graph\":[{\"@type\":\"Article\",\"@id\":\"https:\\\/\\\/radioclanfm.com\\\/clanespectaculos\\\/los-paparazzis-sorprendieron-a-antonela-rocuzzo-en-minivestido-tejido-en-unas-vacaciones-secretas-en-italia\\\/#article\",\"isPartOf\":{\"@id\":\"https:\\\/\\\/radioclanfm.com\\\/clanespectaculos\\\/los-paparazzis-sorprendieron-a-antonela-rocuzzo-en-minivestido-tejido-en-unas-vacaciones-secretas-en-italia\\\/\"},\"author\":{\"name\":\"E-GRUPOCLAN\",\"@id\":\"https:\\\/\\\/radioclanfm.com\\\/clanespectaculos\\\/#\\\/schema\\\/person\\\/9734813083303230f3ad84d99171b20c\"},\"headline\":\"Los paparazzis sorprendieron a Antonela Rocuzzo en minivestido tejido, en unas vacaciones secretas en Italia\",\"datePublished\":\"2025-07-18T23:05:40+00:00\",\"mainEntityOfPage\":{\"@id\":\"https:\\\/\\\/radioclanfm.com\\\/clanespectaculos\\\/los-paparazzis-sorprendieron-a-antonela-rocuzzo-en-minivestido-tejido-en-unas-vacaciones-secretas-en-italia\\\/\"},\"wordCount\":449,\"commentCount\":0,\"publisher\":{\"@id\":\"https:\\\/\\\/radioclanfm.com\\\/clanespectaculos\\\/#organization\"},\"image\":{\"@id\":\"https:\\\/\\\/radioclanfm.com\\\/clanespectaculos\\\/los-paparazzis-sorprendieron-a-antonela-rocuzzo-en-minivestido-tejido-en-unas-vacaciones-secretas-en-italia\\\/#primaryimage\"},\"thumbnailUrl\":\"https:\\\/\\\/radioclanfm.com\\\/clanespectaculos\\\/wp-content\\\/uploads\\\/sites\\\/2\\\/2025\\\/07\\\/mjz38OdA.jpg\",\"articleSection\":[\"Espectaculos\"],\"inLanguage\":\"es-AR\",\"potentialAction\":[{\"@type\":\"CommentAction\",\"name\":\"Comment\",\"target\":[\"https:\\\/\\\/radioclanfm.com\\\/clanespectaculos\\\/los-paparazzis-sorprendieron-a-antonela-rocuzzo-en-minivestido-tejido-en-unas-vacaciones-secretas-en-italia\\\/#respond\"]}]},{\"@type\":\"WebPage\",\"@id\":\"https:\\\/\\\/radioclanfm.com\\\/clanespectaculos\\\/los-paparazzis-sorprendieron-a-antonela-rocuzzo-en-minivestido-tejido-en-unas-vacaciones-secretas-en-italia\\\/\",\"url\":\"https:\\\/\\\/radioclanfm.com\\\/clanespectaculos\\\/los-paparazzis-sorprendieron-a-antonela-rocuzzo-en-minivestido-tejido-en-unas-vacaciones-secretas-en-italia\\\/\",\"name\":\"Los paparazzis sorprendieron a Antonela Rocuzzo en minivestido tejido, en unas vacaciones secretas en Italia - CLAN ESPECTACULOS\",\"isPartOf\":{\"@id\":\"https:\\\/\\\/radioclanfm.com\\\/clanespectaculos\\\/#website\"},\"primaryImageOfPage\":{\"@id\":\"https:\\\/\\\/radioclanfm.com\\\/clanespectaculos\\\/los-paparazzis-sorprendieron-a-antonela-rocuzzo-en-minivestido-tejido-en-unas-vacaciones-secretas-en-italia\\\/#primaryimage\"},\"image\":{\"@id\":\"https:\\\/\\\/radioclanfm.com\\\/clanespectaculos\\\/los-paparazzis-sorprendieron-a-antonela-rocuzzo-en-minivestido-tejido-en-unas-vacaciones-secretas-en-italia\\\/#primaryimage\"},\"thumbnailUrl\":\"https:\\\/\\\/radioclanfm.com\\\/clanespectaculos\\\/wp-content\\\/uploads\\\/sites\\\/2\\\/2025\\\/07\\\/mjz38OdA.jpg\",\"datePublished\":\"2025-07-18T23:05:40+00:00\",\"breadcrumb\":{\"@id\":\"https:\\\/\\\/radioclanfm.com\\\/clanespectaculos\\\/los-paparazzis-sorprendieron-a-antonela-rocuzzo-en-minivestido-tejido-en-unas-vacaciones-secretas-en-italia\\\/#breadcrumb\"},\"inLanguage\":\"es-AR\",\"potentialAction\":[{\"@type\":\"ReadAction\",\"target\":[\"https:\\\/\\\/radioclanfm.com\\\/clanespectaculos\\\/los-paparazzis-sorprendieron-a-antonela-rocuzzo-en-minivestido-tejido-en-unas-vacaciones-secretas-en-italia\\\/\"]}]},{\"@type\":\"ImageObject\",\"inLanguage\":\"es-AR\",\"@id\":\"https:\\\/\\\/radioclanfm.com\\\/clanespectaculos\\\/los-paparazzis-sorprendieron-a-antonela-rocuzzo-en-minivestido-tejido-en-unas-vacaciones-secretas-en-italia\\\/#primaryimage\",\"url\":\"https:\\\/\\\/radioclanfm.com\\\/clanespectaculos\\\/wp-content\\\/uploads\\\/sites\\\/2\\\/2025\\\/07\\\/mjz38OdA.jpg\",\"contentUrl\":\"https:\\\/\\\/radioclanfm.com\\\/clanespectaculos\\\/wp-content\\\/uploads\\\/sites\\\/2\\\/2025\\\/07\\\/mjz38OdA.jpg\",\"width\":900,\"height\":507},{\"@type\":\"BreadcrumbList\",\"@id\":\"https:\\\/\\\/radioclanfm.com\\\/clanespectaculos\\\/los-paparazzis-sorprendieron-a-antonela-rocuzzo-en-minivestido-tejido-en-unas-vacaciones-secretas-en-italia\\\/#breadcrumb\",\"itemListElement\":[{\"@type\":\"ListItem\",\"position\":1,\"name\":\"Inicio\",\"item\":\"https:\\\/\\\/radioclanfm.com\\\/clanespectaculos\\\/\"},{\"@type\":\"ListItem\",\"position\":2,\"name\":\"Los paparazzis sorprendieron a Antonela Rocuzzo en minivestido tejido, en unas vacaciones secretas en Italia\"}]},{\"@type\":\"WebSite\",\"@id\":\"https:\\\/\\\/radioclanfm.com\\\/clanespectaculos\\\/#website\",\"url\":\"https:\\\/\\\/radioclanfm.com\\\/clanespectaculos\\\/\",\"name\":\"CLAN ESPECTACULOS\",\"description\":\"\",\"publisher\":{\"@id\":\"https:\\\/\\\/radioclanfm.com\\\/clanespectaculos\\\/#organization\"},\"potentialAction\":[{\"@type\":\"SearchAction\",\"target\":{\"@type\":\"EntryPoint\",\"urlTemplate\":\"https:\\\/\\\/radioclanfm.com\\\/clanespectaculos\\\/?s={search_term_string}\"},\"query-input\":{\"@type\":\"PropertyValueSpecification\",\"valueRequired\":true,\"valueName\":\"search_term_string\"}}],\"inLanguage\":\"es-AR\"},{\"@type\":\"Organization\",\"@id\":\"https:\\\/\\\/radioclanfm.com\\\/clanespectaculos\\\/#organization\",\"name\":\"CLAN ESPECTACULOS\",\"url\":\"https:\\\/\\\/radioclanfm.com\\\/clanespectaculos\\\/\",\"logo\":{\"@type\":\"ImageObject\",\"inLanguage\":\"es-AR\",\"@id\":\"https:\\\/\\\/radioclanfm.com\\\/clanespectaculos\\\/#\\\/schema\\\/logo\\\/image\\\/\",\"url\":\"https:\\\/\\\/radioclanfm.com\\\/clanespectaculos\\\/wp-content\\\/uploads\\\/sites\\\/2\\\/2026\\\/04\\\/ChatGPT-Image-23-mar-2026-10_09_00.png\",\"contentUrl\":\"https:\\\/\\\/radioclanfm.com\\\/clanespectaculos\\\/wp-content\\\/uploads\\\/sites\\\/2\\\/2026\\\/04\\\/ChatGPT-Image-23-mar-2026-10_09_00.png\",\"width\":1024,\"height\":1024,\"caption\":\"CLAN ESPECTACULOS\"},\"image\":{\"@id\":\"https:\\\/\\\/radioclanfm.com\\\/clanespectaculos\\\/#\\\/schema\\\/logo\\\/image\\\/\"},\"sameAs\":[\"https:\\\/\\\/www.facebook.com\\\/clanespectaculos\\\/\",\"https:\\\/\\\/x.com\\\/clanespectok\"]},{\"@type\":\"Person\",\"@id\":\"https:\\\/\\\/radioclanfm.com\\\/clanespectaculos\\\/#\\\/schema\\\/person\\\/9734813083303230f3ad84d99171b20c\",\"name\":\"E-GRUPOCLAN\",\"image\":{\"@type\":\"ImageObject\",\"inLanguage\":\"es-AR\",\"@id\":\"https:\\\/\\\/secure.gravatar.com\\\/avatar\\\/af6e19837c3d6a212034a48c7b3818d2ac1826f6025df0155da5a186ad321d79?s=96&d=mm&r=g\",\"url\":\"https:\\\/\\\/secure.gravatar.com\\\/avatar\\\/af6e19837c3d6a212034a48c7b3818d2ac1826f6025df0155da5a186ad321d79?s=96&d=mm&r=g\",\"contentUrl\":\"https:\\\/\\\/secure.gravatar.com\\\/avatar\\\/af6e19837c3d6a212034a48c7b3818d2ac1826f6025df0155da5a186ad321d79?s=96&d=mm&r=g\",\"caption\":\"E-GRUPOCLAN\"},\"sameAs\":[\"https:\\\/\\\/radioclanfm.com\"],\"url\":\"https:\\\/\\\/radioclanfm.com\\\/clanespectaculos\\\/author\\\/admin\\\/\"}]}<\/script>\n<!-- \/ Yoast SEO plugin. -->","yoast_head_json":{"title":"Los paparazzis sorprendieron a Antonela Rocuzzo en minivestido tejido, en unas vacaciones secretas en Italia - CLAN ESPECTACULOS","robots":{"index":"index","follow":"follow","max-snippet":"max-snippet:-1","max-image-preview":"max-image-preview:large","max-video-preview":"max-video-preview:-1"},"canonical":"https:\/\/radioclanfm.com\/clanespectaculos\/los-paparazzis-sorprendieron-a-antonela-rocuzzo-en-minivestido-tejido-en-unas-vacaciones-secretas-en-italia\/","og_locale":"es_ES","og_type":"article","og_title":"Los paparazzis sorprendieron a Antonela Rocuzzo en minivestido tejido, en unas vacaciones secretas en Italia - CLAN ESPECTACULOS","og_description":"La mujer del 10 viaj\u00f3 a Italia con su amiga Daniella F\u00e0bregas y sus hijos. Despu\u00e9s de lucirse en el verano de Miami con microbikinis y apuestas nocturnas de alto impacto,\u00a0Antonela Roccuzzo\u00a0viaj\u00f3 con sus hijos a\u00a0Italia\u00a0-m\u00e1s espec\u00edficamente a\u00a0Portofino&#8211; para disfrutar de las playas junto a\u00a0Daniella Semaan F\u00e0bregas, la esposa del exfutbolista\u00a0Cesc F\u00e0bregas. Durante una escapada [&hellip;]","og_url":"https:\/\/radioclanfm.com\/clanespectaculos\/los-paparazzis-sorprendieron-a-antonela-rocuzzo-en-minivestido-tejido-en-unas-vacaciones-secretas-en-italia\/","og_site_name":"CLAN ESPECTACULOS","article_publisher":"https:\/\/www.facebook.com\/clanespectaculos\/","article_published_time":"2025-07-18T23:05:40+00:00","og_image":[{"width":900,"height":507,"url":"https:\/\/radioclanfm.com\/clanespectaculos\/wp-content\/uploads\/sites\/2\/2025\/07\/mjz38OdA.jpg","type":"image\/jpeg"}],"author":"E-GRUPOCLAN","twitter_card":"summary_large_image","twitter_creator":"@clanespectok","twitter_site":"@clanespectok","twitter_misc":{"Escrito por":"E-GRUPOCLAN","Tiempo de lectura":"2 minutos"},"schema":{"@context":"https:\/\/schema.org","@graph":[{"@type":"Article","@id":"https:\/\/radioclanfm.com\/clanespectaculos\/los-paparazzis-sorprendieron-a-antonela-rocuzzo-en-minivestido-tejido-en-unas-vacaciones-secretas-en-italia\/#article","isPartOf":{"@id":"https:\/\/radioclanfm.com\/clanespectaculos\/los-paparazzis-sorprendieron-a-antonela-rocuzzo-en-minivestido-tejido-en-unas-vacaciones-secretas-en-italia\/"},"author":{"name":"E-GRUPOCLAN","@id":"https:\/\/radioclanfm.com\/clanespectaculos\/#\/schema\/person\/9734813083303230f3ad84d99171b20c"},"headline":"Los paparazzis sorprendieron a Antonela Rocuzzo en minivestido tejido, en unas vacaciones secretas en Italia","datePublished":"2025-07-18T23:05:40+00:00","mainEntityOfPage":{"@id":"https:\/\/radioclanfm.com\/clanespectaculos\/los-paparazzis-sorprendieron-a-antonela-rocuzzo-en-minivestido-tejido-en-unas-vacaciones-secretas-en-italia\/"},"wordCount":449,"commentCount":0,"publisher":{"@id":"https:\/\/radioclanfm.com\/clanespectaculos\/#organization"},"image":{"@id":"https:\/\/radioclanfm.com\/clanespectaculos\/los-paparazzis-sorprendieron-a-antonela-rocuzzo-en-minivestido-tejido-en-unas-vacaciones-secretas-en-italia\/#primaryimage"},"thumbnailUrl":"https:\/\/radioclanfm.com\/clanespectaculos\/wp-content\/uploads\/sites\/2\/2025\/07\/mjz38OdA.jpg","articleSection":["Espectaculos"],"inLanguage":"es-AR","potentialAction":[{"@type":"CommentAction","name":"Comment","target":["https:\/\/radioclanfm.com\/clanespectaculos\/los-paparazzis-sorprendieron-a-antonela-rocuzzo-en-minivestido-tejido-en-unas-vacaciones-secretas-en-italia\/#respond"]}]},{"@type":"WebPage","@id":"https:\/\/radioclanfm.com\/clanespectaculos\/los-paparazzis-sorprendieron-a-antonela-rocuzzo-en-minivestido-tejido-en-unas-vacaciones-secretas-en-italia\/","url":"https:\/\/radioclanfm.com\/clanespectaculos\/los-paparazzis-sorprendieron-a-antonela-rocuzzo-en-minivestido-tejido-en-unas-vacaciones-secretas-en-italia\/","name":"Los paparazzis sorprendieron a Antonela Rocuzzo en minivestido tejido, en unas vacaciones secretas en Italia - CLAN ESPECTACULOS","isPartOf":{"@id":"https:\/\/radioclanfm.com\/clanespectaculos\/#website"},"primaryImageOfPage":{"@id":"https:\/\/radioclanfm.com\/clanespectaculos\/los-paparazzis-sorprendieron-a-antonela-rocuzzo-en-minivestido-tejido-en-unas-vacaciones-secretas-en-italia\/#primaryimage"},"image":{"@id":"https:\/\/radioclanfm.com\/clanespectaculos\/los-paparazzis-sorprendieron-a-antonela-rocuzzo-en-minivestido-tejido-en-unas-vacaciones-secretas-en-italia\/#primaryimage"},"thumbnailUrl":"https:\/\/radioclanfm.com\/clanespectaculos\/wp-content\/uploads\/sites\/2\/2025\/07\/mjz38OdA.jpg","datePublished":"2025-07-18T23:05:40+00:00","breadcrumb":{"@id":"https:\/\/radioclanfm.com\/clanespectaculos\/los-paparazzis-sorprendieron-a-antonela-rocuzzo-en-minivestido-tejido-en-unas-vacaciones-secretas-en-italia\/#breadcrumb"},"inLanguage":"es-AR","potentialAction":[{"@type":"ReadAction","target":["https:\/\/radioclanfm.com\/clanespectaculos\/los-paparazzis-sorprendieron-a-antonela-rocuzzo-en-minivestido-tejido-en-unas-vacaciones-secretas-en-italia\/"]}]},{"@type":"ImageObject","inLanguage":"es-AR","@id":"https:\/\/radioclanfm.com\/clanespectaculos\/los-paparazzis-sorprendieron-a-antonela-rocuzzo-en-minivestido-tejido-en-unas-vacaciones-secretas-en-italia\/#primaryimage","url":"https:\/\/radioclanfm.com\/clanespectaculos\/wp-content\/uploads\/sites\/2\/2025\/07\/mjz38OdA.jpg","contentUrl":"https:\/\/radioclanfm.com\/clanespectaculos\/wp-content\/uploads\/sites\/2\/2025\/07\/mjz38OdA.jpg","width":900,"height":507},{"@type":"BreadcrumbList","@id":"https:\/\/radioclanfm.com\/clanespectaculos\/los-paparazzis-sorprendieron-a-antonela-rocuzzo-en-minivestido-tejido-en-unas-vacaciones-secretas-en-italia\/#breadcrumb","itemListElement":[{"@type":"ListItem","position":1,"name":"Inicio","item":"https:\/\/radioclanfm.com\/clanespectaculos\/"},{"@type":"ListItem","position":2,"name":"Los paparazzis sorprendieron a Antonela Rocuzzo en minivestido tejido, en unas vacaciones secretas en Italia"}]},{"@type":"WebSite","@id":"https:\/\/radioclanfm.com\/clanespectaculos\/#website","url":"https:\/\/radioclanfm.com\/clanespectaculos\/","name":"CLAN ESPECTACULOS","description":"","publisher":{"@id":"https:\/\/radioclanfm.com\/clanespectaculos\/#organization"},"potentialAction":[{"@type":"SearchAction","target":{"@type":"EntryPoint","urlTemplate":"https:\/\/radioclanfm.com\/clanespectaculos\/?s={search_term_string}"},"query-input":{"@type":"PropertyValueSpecification","valueRequired":true,"valueName":"search_term_string"}}],"inLanguage":"es-AR"},{"@type":"Organization","@id":"https:\/\/radioclanfm.com\/clanespectaculos\/#organization","name":"CLAN ESPECTACULOS","url":"https:\/\/radioclanfm.com\/clanespectaculos\/","logo":{"@type":"ImageObject","inLanguage":"es-AR","@id":"https:\/\/radioclanfm.com\/clanespectaculos\/#\/schema\/logo\/image\/","url":"https:\/\/radioclanfm.com\/clanespectaculos\/wp-content\/uploads\/sites\/2\/2026\/04\/ChatGPT-Image-23-mar-2026-10_09_00.png","contentUrl":"https:\/\/radioclanfm.com\/clanespectaculos\/wp-content\/uploads\/sites\/2\/2026\/04\/ChatGPT-Image-23-mar-2026-10_09_00.png","width":1024,"height":1024,"caption":"CLAN ESPECTACULOS"},"image":{"@id":"https:\/\/radioclanfm.com\/clanespectaculos\/#\/schema\/logo\/image\/"},"sameAs":["https:\/\/www.facebook.com\/clanespectaculos\/","https:\/\/x.com\/clanespectok"]},{"@type":"Person","@id":"https:\/\/radioclanfm.com\/clanespectaculos\/#\/schema\/person\/9734813083303230f3ad84d99171b20c","name":"E-GRUPOCLAN","image":{"@type":"ImageObject","inLanguage":"es-AR","@id":"https:\/\/secure.gravatar.com\/avatar\/af6e19837c3d6a212034a48c7b3818d2ac1826f6025df0155da5a186ad321d79?s=96&d=mm&r=g","url":"https:\/\/secure.gravatar.com\/avatar\/af6e19837c3d6a212034a48c7b3818d2ac1826f6025df0155da5a186ad321d79?s=96&d=mm&r=g","contentUrl":"https:\/\/secure.gravatar.com\/avatar\/af6e19837c3d6a212034a48c7b3818d2ac1826f6025df0155da5a186ad321d79?s=96&d=mm&r=g","caption":"E-GRUPOCLAN"},"sameAs":["https:\/\/radioclanfm.com"],"url":"https:\/\/radioclanfm.com\/clanespectaculos\/author\/admin\/"}]}},"_links":{"self":[{"href":"https:\/\/radioclanfm.com\/clanespectaculos\/wp-json\/wp\/v2\/posts\/3254","targetHints":{"allow":["GET"]}}],"collection":[{"href":"https:\/\/radioclanfm.com\/clanespectaculos\/wp-json\/wp\/v2\/posts"}],"about":[{"href":"https:\/\/radioclanfm.com\/clanespectaculos\/wp-json\/wp\/v2\/types\/post"}],"author":[{"embeddable":true,"href":"https:\/\/radioclanfm.com\/clanespectaculos\/wp-json\/wp\/v2\/users\/1"}],"replies":[{"embeddable":true,"href":"https:\/\/radioclanfm.com\/clanespectaculos\/wp-json\/wp\/v2\/comments?post=3254"}],"version-history":[{"count":1,"href":"https:\/\/radioclanfm.com\/clanespectaculos\/wp-json\/wp\/v2\/posts\/3254\/revisions"}],"predecessor-version":[{"id":3256,"href":"https:\/\/radioclanfm.com\/clanespectaculos\/wp-json\/wp\/v2\/posts\/3254\/revisions\/3256"}],"wp:featuredmedia":[{"embeddable":true,"href":"https:\/\/radioclanfm.com\/clanespectaculos\/wp-json\/wp\/v2\/media\/3255"}],"wp:attachment":[{"href":"https:\/\/radioclanfm.com\/clanespectaculos\/wp-json\/wp\/v2\/media?parent=3254"}],"wp:term":[{"taxonomy":"category","embeddable":true,"href":"https:\/\/radioclanfm.com\/clanespectaculos\/wp-json\/wp\/v2\/categories?post=3254"},{"taxonomy":"post_tag","embeddable":true,"href":"https:\/\/radioclanfm.com\/clanespectaculos\/wp-json\/wp\/v2\/tags?post=3254"}],"curies":[{"name":"wp","href":"https:\/\/api.w.org\/{rel}","templated":true}]}}