{"id":3236,"date":"2025-07-18T19:56:47","date_gmt":"2025-07-18T22:56:47","guid":{"rendered":"https:\/\/radioclanfm.com\/clanespectaculos\/?p=3236"},"modified":"2025-07-18T19:56:47","modified_gmt":"2025-07-18T22:56:47","slug":"asi-fue-la-llegada-al-pais-de-la-china-suarez-tras-su-viaje-a-turquia-con-mauro-icardi-cuales-son-sus-planes-a-futuro","status":"publish","type":"post","link":"https:\/\/radioclanfm.com\/clanespectaculos\/asi-fue-la-llegada-al-pais-de-la-china-suarez-tras-su-viaje-a-turquia-con-mauro-icardi-cuales-son-sus-planes-a-futuro\/","title":{"rendered":"As\u00ed fue la llegada al pa\u00eds de la China Su\u00e1rez tras su viaje a Turqu\u00eda con Mauro Icardi: cu\u00e1les son sus planes a futuro"},"content":{"rendered":"<p>La actriz volvi\u00f3 a Argentina luego de acompa\u00f1ar al futbolista en Estambul. Adem\u00e1s, la modelo cont\u00f3 c\u00f3mo ser\u00e1 el cumplea\u00f1os de su hija mayor<\/p>\n<p class=\"paragraph\" data-mrf-recirculation=\"Links inline\"><i><b>La China Su\u00e1rez<\/b><\/i>\u00a0volvi\u00f3 a pisar suelo argentino despu\u00e9s de su estad\u00eda en Turqu\u00eda junto a\u00a0<i><b>Mauro Icardi<\/b><\/i>, y su arribo al Aeropuerto Internacional de Ezeiza estuvo marcado por un fuerte operativo medi\u00e1tico. Vestida con un look relajado y c\u00f3modo, jeans amplios, abrigo gris y gorro negro, la actriz camin\u00f3 entre micr\u00f3fonos, c\u00e1maras y celulares, enfrent\u00e1ndolos con una sonrisa tensa, pero sin evadir del todo a la prensa que la esperaba.<\/p>\n<div class=\"news-module\" data-mrf-recirculation=\"IL_Ct0zZTd2RqSjHGMXsLzz7w\" data-testid=\"text-html\" data-mrf-experience=\"IL_Ct0zZTd2RqSjHGMXsLzz7w\">\n<div class=\"recommended-card__image-container\"><\/div>\n<\/div>\n<p class=\"paragraph\" data-mrf-recirculation=\"Links inline\">La protagonista de\u00a0<i>Linda<\/i>\u00a0lleg\u00f3 al pa\u00eds este jueves por la noche procedente de Estambul, ciudad donde acompa\u00f1\u00f3 al futbolista durante su reincorporaci\u00f3n a los entrenamientos del\u00a0<b>Galatasaray<\/b>. En los \u00faltimos d\u00edas, ambos compartieron en sus redes sociales postales \u00edntimas de su paso por Medio Oriente: cenas lujosas, recorridos en limusina, paseos en yate y momentos de descanso. Aunque evit\u00f3 dar detalles, no neg\u00f3 su presente con el delantero. Ante la consulta de un cronista sobre si continuar\u00e1 acompa\u00f1\u00e1ndolo en su carrera, respondi\u00f3 con firmeza y una sonrisa:\u00a0<b>\u201cSiempre, obvio\u201d<\/b>.<\/p>\n<div class=\"visual__image\"><picture><source srcset=\"https:\/\/www.infobae.com\/resizer\/v2\/Z4BIRLSDH5GOLNPHTVZ24A6HFE.jpg?auth=2d3df833d8868d185e830567dd24fcf41ac5972c3190a7274788e32ad14ed9f0&amp;smart=true&amp;width=992&amp;height=661&amp;quality=85\" media=\"(min-width: 1000px)\" \/><source srcset=\"https:\/\/www.infobae.com\/resizer\/v2\/Z4BIRLSDH5GOLNPHTVZ24A6HFE.jpg?auth=2d3df833d8868d185e830567dd24fcf41ac5972c3190a7274788e32ad14ed9f0&amp;smart=true&amp;width=768&amp;height=512&amp;quality=85\" media=\"(min-width: 768px)\" \/><source srcset=\"https:\/\/www.infobae.com\/resizer\/v2\/Z4BIRLSDH5GOLNPHTVZ24A6HFE.jpg?auth=2d3df833d8868d185e830567dd24fcf41ac5972c3190a7274788e32ad14ed9f0&amp;smart=true&amp;width=577&amp;height=385&amp;quality=85\" media=\"(min-width: 580px)\" \/><source srcset=\"https:\/\/www.infobae.com\/resizer\/v2\/Z4BIRLSDH5GOLNPHTVZ24A6HFE.jpg?auth=2d3df833d8868d185e830567dd24fcf41ac5972c3190a7274788e32ad14ed9f0&amp;smart=true&amp;width=420&amp;height=280&amp;quality=85\" media=\"(min-width: 350px)\" \/><source srcset=\"https:\/\/www.infobae.com\/resizer\/v2\/Z4BIRLSDH5GOLNPHTVZ24A6HFE.jpg?auth=2d3df833d8868d185e830567dd24fcf41ac5972c3190a7274788e32ad14ed9f0&amp;smart=true&amp;width=350&amp;height=233&amp;quality=85\" media=\"(min-width: 80px)\" \/><img loading=\"lazy\" decoding=\"async\" class=\"global-image\" src=\"https:\/\/www.infobae.com\/resizer\/v2\/Z4BIRLSDH5GOLNPHTVZ24A6HFE.jpg?auth=2d3df833d8868d185e830567dd24fcf41ac5972c3190a7274788e32ad14ed9f0&amp;smart=true&amp;width=350&amp;height=233&amp;quality=85\" alt=\"La actriz fue recibida por\" width=\"1920\" height=\"1280\" \/><\/picture>La actriz fue recibida por un fuerte operativo medi\u00e1tico en el Aeropuerto de Ezeiza<\/div>\n<div class=\"inline ad-wrapper\">\n<div class=\"dfpAd ad-inline\">\n<div id=\"infobae\/teleshow\/nota\/inline\" class=\"infobae\/teleshow\/nota\/inline arcad\" data-google-query-id=\"CMax1brAx44DFawAuQYd9cIg3w\">\n<div id=\"google_ads_iframe_\/1058609\/infobae\/teleshow\/nota\/inline_0__container__\"><\/div>\n<\/div>\n<\/div>\n<\/div>\n<p class=\"paragraph\" data-mrf-recirculation=\"Links inline\">A pesar del tumulto en el hall de arribos, Eugenia no esquiv\u00f3 completamente las preguntas. De buen humor, aunque visiblemente inc\u00f3moda por los empujones, pronunci\u00f3 frases breves, algunas contundentes y otras evasivas. \u201c<b>Estoy bien, muy bien. Muchas gracias<\/b>\u201d, fue lo primero que dijo al ser abordada por los medios. En esa misma l\u00ednea, al ser consultada por su v\u00ednculo con Turqu\u00eda, dijo:\u00a0<b>\u201cMe encanta Turqu\u00eda\u201d<\/b>, sugiriendo que contempla la posibilidad de pasar m\u00e1s tiempo all\u00ed, sin confirmar un eventual traslado definitivo.<\/p>\n<div class=\"news-module\" data-mrf-recirculation=\"IL_RjJ8XQ94SCCdND4VX9YvyQ\" data-testid=\"text-html\" data-mrf-experience=\"IL_RjJ8XQ94SCCdND4VX9YvyQ\">\n<div class=\"recommended-card__image-container\"><\/div>\n<\/div>\n<p class=\"paragraph\" data-mrf-recirculation=\"Links inline\">Uno de los temas inevitables fue su v\u00ednculo con\u00a0<b>Wanda Nara<\/b>, en especial luego de que esta \u00faltima dejara entrever que la actriz habr\u00eda utilizado algunas de sus pertenencias durante la estad\u00eda en Estambul. Lejos de entrar en la pol\u00e9mica, la actriz solt\u00f3 una carcajada y respondi\u00f3 sin ampliar ni alimentar la controversia:\u00a0<b>\u201cNo, no\u201d<\/b>.<\/p>\n<div class=\"visual__image\"><picture><source srcset=\"https:\/\/www.infobae.com\/resizer\/v2\/7LIEBW3RBZCU7GBJQEWQ7D3CUU.jpg?auth=7cf7eeb51128c470149fcbcf9f5546cde1d65e793baf01cb2fd41787f77a6b91&amp;smart=true&amp;width=992&amp;height=661&amp;quality=85\" media=\"(min-width: 1000px)\" \/><source srcset=\"https:\/\/www.infobae.com\/resizer\/v2\/7LIEBW3RBZCU7GBJQEWQ7D3CUU.jpg?auth=7cf7eeb51128c470149fcbcf9f5546cde1d65e793baf01cb2fd41787f77a6b91&amp;smart=true&amp;width=768&amp;height=512&amp;quality=85\" media=\"(min-width: 768px)\" \/><source srcset=\"https:\/\/www.infobae.com\/resizer\/v2\/7LIEBW3RBZCU7GBJQEWQ7D3CUU.jpg?auth=7cf7eeb51128c470149fcbcf9f5546cde1d65e793baf01cb2fd41787f77a6b91&amp;smart=true&amp;width=577&amp;height=385&amp;quality=85\" media=\"(min-width: 580px)\" \/><source srcset=\"https:\/\/www.infobae.com\/resizer\/v2\/7LIEBW3RBZCU7GBJQEWQ7D3CUU.jpg?auth=7cf7eeb51128c470149fcbcf9f5546cde1d65e793baf01cb2fd41787f77a6b91&amp;smart=true&amp;width=420&amp;height=280&amp;quality=85\" media=\"(min-width: 350px)\" \/><source srcset=\"https:\/\/www.infobae.com\/resizer\/v2\/7LIEBW3RBZCU7GBJQEWQ7D3CUU.jpg?auth=7cf7eeb51128c470149fcbcf9f5546cde1d65e793baf01cb2fd41787f77a6b91&amp;smart=true&amp;width=350&amp;height=233&amp;quality=85\" media=\"(min-width: 80px)\" \/><img loading=\"lazy\" decoding=\"async\" class=\"global-image\" src=\"https:\/\/www.infobae.com\/resizer\/v2\/7LIEBW3RBZCU7GBJQEWQ7D3CUU.jpg?auth=7cf7eeb51128c470149fcbcf9f5546cde1d65e793baf01cb2fd41787f77a6b91&amp;smart=true&amp;width=350&amp;height=233&amp;quality=85\" alt=\"La China evit\u00f3 pol\u00e9micas sobre\" width=\"1920\" height=\"1280\" \/><\/picture>La China evit\u00f3 pol\u00e9micas sobre Wanda Nara y neg\u00f3 haber usado pertenencias ajenas en Estambul<\/div>\n<div class=\"visual__image\"><picture><source srcset=\"https:\/\/www.infobae.com\/resizer\/v2\/VHDT6NMTU5HSFKOS4Z3OND2D4Y.jpg?auth=bf4557600e5fd59ea42568369b68dff1b678d3992f1ce44f91b15db36af4b9c2&amp;smart=true&amp;width=992&amp;height=661&amp;quality=85\" media=\"(min-width: 1000px)\" \/><source srcset=\"https:\/\/www.infobae.com\/resizer\/v2\/VHDT6NMTU5HSFKOS4Z3OND2D4Y.jpg?auth=bf4557600e5fd59ea42568369b68dff1b678d3992f1ce44f91b15db36af4b9c2&amp;smart=true&amp;width=768&amp;height=512&amp;quality=85\" media=\"(min-width: 768px)\" \/><source srcset=\"https:\/\/www.infobae.com\/resizer\/v2\/VHDT6NMTU5HSFKOS4Z3OND2D4Y.jpg?auth=bf4557600e5fd59ea42568369b68dff1b678d3992f1ce44f91b15db36af4b9c2&amp;smart=true&amp;width=577&amp;height=385&amp;quality=85\" media=\"(min-width: 580px)\" \/><source srcset=\"https:\/\/www.infobae.com\/resizer\/v2\/VHDT6NMTU5HSFKOS4Z3OND2D4Y.jpg?auth=bf4557600e5fd59ea42568369b68dff1b678d3992f1ce44f91b15db36af4b9c2&amp;smart=true&amp;width=420&amp;height=280&amp;quality=85\" media=\"(min-width: 350px)\" \/><source srcset=\"https:\/\/www.infobae.com\/resizer\/v2\/VHDT6NMTU5HSFKOS4Z3OND2D4Y.jpg?auth=bf4557600e5fd59ea42568369b68dff1b678d3992f1ce44f91b15db36af4b9c2&amp;smart=true&amp;width=350&amp;height=233&amp;quality=85\" media=\"(min-width: 80px)\" \/><img loading=\"lazy\" decoding=\"async\" class=\"global-image\" src=\"https:\/\/www.infobae.com\/resizer\/v2\/VHDT6NMTU5HSFKOS4Z3OND2D4Y.jpg?auth=bf4557600e5fd59ea42568369b68dff1b678d3992f1ce44f91b15db36af4b9c2&amp;smart=true&amp;width=350&amp;height=233&amp;quality=85\" alt=\"Su\u00e1rez acompa\u00f1\u00f3 a Icardi durante\" width=\"1920\" height=\"1280\" \/><\/picture>Su\u00e1rez acompa\u00f1\u00f3 a Icardi durante su reincorporaci\u00f3n al Galatasaray en Estambul<\/div>\n<div class=\"inline_2_DSK ad-wrapper ad-desktop\">\n<div class=\"dfpAd ad-inline\"><\/div>\n<\/div>\n<p class=\"paragraph\" data-mrf-recirculation=\"Links inline\">La pregunta sobre\u00a0<b>el cumplea\u00f1os de<\/b>\u00a0su hija mayor, fruto de su relaci\u00f3n con\u00a0<b>Nicol\u00e1s Cabr\u00e9<\/b>, tambi\u00e9n se hizo presente entre los gritos de la prensa. \u201c<b>Necesito pasar<\/b>\u201d, dijo mientras intentaba abrirse paso entre la multitud, evitando detallar c\u00f3mo ser\u00e1 el festejo. No obstante, seg\u00fan inform\u00f3\u00a0<b>Yanina Latorre<\/b>\u00a0en\u00a0<i>LAM<\/i>\u00a0(Am\u00e9rica TV), no se hospedar\u00e1 en Nordelta, donde reside Icardi, sino en el\u00a0<b>hotel Sofitel de Cardales<\/b>, junto a su madre. \u201c<b>Siempre va ah\u00ed<\/b>\u201d, agreg\u00f3 la panelista.<\/p>\n<div class=\"news-module\" data-mrf-recirculation=\"IL_wPVu_IE4S76a5Gsl0lX8mA\" data-testid=\"text-html\" data-mrf-experience=\"IL_wPVu_IE4S76a5Gsl0lX8mA\">\n<div class=\"recommended-card__image-container\"><\/div>\n<\/div>\n<p class=\"paragraph\" data-mrf-recirculation=\"Links inline\">Los preparativos ya est\u00e1n en marcha: alquil\u00f3 al menos tres departamentos y habr\u00eda solicitado una decoraci\u00f3n con globos. La celebraci\u00f3n ser\u00e1 \u00edntima, con una cena familiar para catorce personas en el restaurante\u00a0<b>Lelac<\/b>, ubicado dentro del mismo complejo hotelero. Nicol\u00e1s Cabr\u00e9 estar\u00e1 presente en el evento, y el v\u00ednculo entre ambos padres parece transitar por un terreno cordial. \u201c<b>Con Nicol\u00e1s nos llevamos bien<\/b>\u201d, confirm\u00f3 Eugenia en di\u00e1logo con la prensa.<\/p>\n<div class=\"visual__image\"><picture><source srcset=\"https:\/\/www.infobae.com\/resizer\/v2\/DXGE25A2PZAC7B2AISLG434N4A.jpg?auth=b17ae7a2b78b7be28166efd69d0ae9e23baba5261dc12cb9200994a5d0b97e24&amp;smart=true&amp;width=992&amp;height=661&amp;quality=85\" media=\"(min-width: 1000px)\" \/><source srcset=\"https:\/\/www.infobae.com\/resizer\/v2\/DXGE25A2PZAC7B2AISLG434N4A.jpg?auth=b17ae7a2b78b7be28166efd69d0ae9e23baba5261dc12cb9200994a5d0b97e24&amp;smart=true&amp;width=768&amp;height=512&amp;quality=85\" media=\"(min-width: 768px)\" \/><source srcset=\"https:\/\/www.infobae.com\/resizer\/v2\/DXGE25A2PZAC7B2AISLG434N4A.jpg?auth=b17ae7a2b78b7be28166efd69d0ae9e23baba5261dc12cb9200994a5d0b97e24&amp;smart=true&amp;width=577&amp;height=385&amp;quality=85\" media=\"(min-width: 580px)\" \/><source srcset=\"https:\/\/www.infobae.com\/resizer\/v2\/DXGE25A2PZAC7B2AISLG434N4A.jpg?auth=b17ae7a2b78b7be28166efd69d0ae9e23baba5261dc12cb9200994a5d0b97e24&amp;smart=true&amp;width=420&amp;height=280&amp;quality=85\" media=\"(min-width: 350px)\" \/><source srcset=\"https:\/\/www.infobae.com\/resizer\/v2\/DXGE25A2PZAC7B2AISLG434N4A.jpg?auth=b17ae7a2b78b7be28166efd69d0ae9e23baba5261dc12cb9200994a5d0b97e24&amp;smart=true&amp;width=350&amp;height=233&amp;quality=85\" media=\"(min-width: 80px)\" \/><img loading=\"lazy\" decoding=\"async\" class=\"global-image\" src=\"https:\/\/www.infobae.com\/resizer\/v2\/DXGE25A2PZAC7B2AISLG434N4A.jpg?auth=b17ae7a2b78b7be28166efd69d0ae9e23baba5261dc12cb9200994a5d0b97e24&amp;smart=true&amp;width=350&amp;height=233&amp;quality=85\" alt=\"La actriz celebrar\u00e1 el cumplea\u00f1os\" width=\"1920\" height=\"1280\" \/><\/picture>La actriz celebrar\u00e1 el cumplea\u00f1os de su hija mayor con una cena familiar en Cardales<\/div>\n<p class=\"paragraph\" data-mrf-recirculation=\"Links inline\">Distinta es su relaci\u00f3n con\u00a0<b>Benjam\u00edn Vicu\u00f1a<\/b>, padre de sus dos hijos m\u00e1s chicos. Luego de la fuerte publicaci\u00f3n que hizo la ex\u00a0<i>Casi \u00c1ngeles<\/i>\u00a0semanas atr\u00e1s en redes sociales, la actriz confirm\u00f3 que actualmente\u00a0<b>no mantiene di\u00e1logo directo con \u00e9l<\/b>. \u201c<b>Nos comunicamos a trav\u00e9s de los abogados<\/b>\u201d, expres\u00f3 sin rodeos.<\/p>\n<p class=\"paragraph\" data-mrf-recirculation=\"Links inline\">En cuanto a su futuro laboral, la China confirm\u00f3 que tuvo al menos\u00a0<b>una reuni\u00f3n profesional en Estambul<\/b>, aunque evit\u00f3 precisar con qui\u00e9n o de qu\u00e9 se trat\u00f3. Al ser consultada por periodistas, respondi\u00f3:\u00a0<b>\u201cUna\u201d<\/b>. M\u00e1s tarde, confirm\u00f3 que\u00a0<b>le ofrecieron un proyecto<\/b>\u00a0para desarrollar en Turqu\u00eda y que pronto comenzar\u00e1 a trabajar en \u00e9l.<\/p>\n<div class=\"visual__image\"><picture><source srcset=\"https:\/\/www.infobae.com\/resizer\/v2\/D2VD2NXHPVAGNE45PUXHGPYR3Q.jpg?auth=e3d07cb37feea3b1d3c770bb1d89d41d881c8662efc22c465caaeaae40116b1d&amp;smart=true&amp;width=992&amp;height=661&amp;quality=85\" media=\"(min-width: 1000px)\" \/><source srcset=\"https:\/\/www.infobae.com\/resizer\/v2\/D2VD2NXHPVAGNE45PUXHGPYR3Q.jpg?auth=e3d07cb37feea3b1d3c770bb1d89d41d881c8662efc22c465caaeaae40116b1d&amp;smart=true&amp;width=768&amp;height=512&amp;quality=85\" media=\"(min-width: 768px)\" \/><source srcset=\"https:\/\/www.infobae.com\/resizer\/v2\/D2VD2NXHPVAGNE45PUXHGPYR3Q.jpg?auth=e3d07cb37feea3b1d3c770bb1d89d41d881c8662efc22c465caaeaae40116b1d&amp;smart=true&amp;width=577&amp;height=385&amp;quality=85\" media=\"(min-width: 580px)\" \/><source srcset=\"https:\/\/www.infobae.com\/resizer\/v2\/D2VD2NXHPVAGNE45PUXHGPYR3Q.jpg?auth=e3d07cb37feea3b1d3c770bb1d89d41d881c8662efc22c465caaeaae40116b1d&amp;smart=true&amp;width=420&amp;height=280&amp;quality=85\" media=\"(min-width: 350px)\" \/><source srcset=\"https:\/\/www.infobae.com\/resizer\/v2\/D2VD2NXHPVAGNE45PUXHGPYR3Q.jpg?auth=e3d07cb37feea3b1d3c770bb1d89d41d881c8662efc22c465caaeaae40116b1d&amp;smart=true&amp;width=350&amp;height=233&amp;quality=85\" media=\"(min-width: 80px)\" \/><img loading=\"lazy\" decoding=\"async\" class=\"global-image\" src=\"https:\/\/www.infobae.com\/resizer\/v2\/D2VD2NXHPVAGNE45PUXHGPYR3Q.jpg?auth=e3d07cb37feea3b1d3c770bb1d89d41d881c8662efc22c465caaeaae40116b1d&amp;smart=true&amp;width=350&amp;height=233&amp;quality=85\" alt=\"La China Su\u00e1rez recibi\u00f3 una\" width=\"1920\" height=\"1280\" \/><\/picture>La China Su\u00e1rez recibi\u00f3 una propuesta laboral en Turqu\u00eda y planea regresar a Estambul tras el cumplea\u00f1os de su hija<\/div>\n<p class=\"paragraph\" data-mrf-recirculation=\"Links inline\">Despu\u00e9s del festejo de Rufina, la China Su\u00e1rez volver\u00e1 a Estambul. Sus hijos ya estar\u00e1n de vacaciones de invierno y se sumar\u00edan al viaje. El paso por Buenos Aires ser\u00e1 breve, y su agenda parece estar centrada en dos ejes: la familia y la organizaci\u00f3n del cumplea\u00f1os de su hija mayor.<\/p>\n<p class=\"paragraph\" data-mrf-recirculation=\"Links inline\"><i><b>Cr\u00e9dito: RS Fotos<\/b><\/i><\/p>\n<div class=\"second-saved-buttons\">\n<div class=\"body-share-note\"><\/div>\n<\/div>\n","protected":false},"excerpt":{"rendered":"<p>La actriz volvi\u00f3 a Argentina luego de acompa\u00f1ar al futbolista en Estambul. Adem\u00e1s, la modelo cont\u00f3 c\u00f3mo ser\u00e1 el cumplea\u00f1os de su hija mayor La China Su\u00e1rez\u00a0volvi\u00f3 a pisar suelo argentino despu\u00e9s de su estad\u00eda en Turqu\u00eda junto a\u00a0Mauro Icardi, y su arribo al Aeropuerto Internacional de Ezeiza estuvo marcado por un fuerte operativo medi\u00e1tico. [&hellip;]<\/p>\n","protected":false},"author":1,"featured_media":3237,"comment_status":"open","ping_status":"open","sticky":false,"template":"","format":"standard","meta":{"rop_custom_images_group":[],"rop_custom_messages_group":[],"rop_publish_now":"initial","rop_publish_now_accounts":[],"rop_publish_now_history":[],"rop_publish_now_status":"pending","footnotes":"","jetpack_publicize_message":"","jetpack_publicize_feature_enabled":true,"jetpack_social_post_already_shared":true,"jetpack_social_options":{"image_generator_settings":{"template":"highway","enabled":false},"version":2}},"categories":[12],"tags":[],"class_list":{"0":"post-3236","1":"post","2":"type-post","3":"status-publish","4":"format-standard","5":"has-post-thumbnail","7":"category-espectaculos"},"jetpack_publicize_connections":[],"yoast_head":"<!-- This site is optimized with the Yoast SEO plugin v27.3 - https:\/\/yoast.com\/product\/yoast-seo-wordpress\/ -->\n<title>As\u00ed fue la llegada al pa\u00eds de la China Su\u00e1rez tras su viaje a Turqu\u00eda con Mauro Icardi: cu\u00e1les son sus planes a futuro - CLAN ESPECTACULOS<\/title>\n<meta name=\"robots\" content=\"index, follow, max-snippet:-1, max-image-preview:large, max-video-preview:-1\" \/>\n<link rel=\"canonical\" href=\"https:\/\/radioclanfm.com\/clanespectaculos\/asi-fue-la-llegada-al-pais-de-la-china-suarez-tras-su-viaje-a-turquia-con-mauro-icardi-cuales-son-sus-planes-a-futuro\/\" \/>\n<meta property=\"og:locale\" content=\"es_ES\" \/>\n<meta property=\"og:type\" content=\"article\" \/>\n<meta property=\"og:title\" content=\"As\u00ed fue la llegada al pa\u00eds de la China Su\u00e1rez tras su viaje a Turqu\u00eda con Mauro Icardi: cu\u00e1les son sus planes a futuro - CLAN ESPECTACULOS\" \/>\n<meta property=\"og:description\" content=\"La actriz volvi\u00f3 a Argentina luego de acompa\u00f1ar al futbolista en Estambul. Adem\u00e1s, la modelo cont\u00f3 c\u00f3mo ser\u00e1 el cumplea\u00f1os de su hija mayor La China Su\u00e1rez\u00a0volvi\u00f3 a pisar suelo argentino despu\u00e9s de su estad\u00eda en Turqu\u00eda junto a\u00a0Mauro Icardi, y su arribo al Aeropuerto Internacional de Ezeiza estuvo marcado por un fuerte operativo medi\u00e1tico. [&hellip;]\" \/>\n<meta property=\"og:url\" content=\"https:\/\/radioclanfm.com\/clanespectaculos\/asi-fue-la-llegada-al-pais-de-la-china-suarez-tras-su-viaje-a-turquia-con-mauro-icardi-cuales-son-sus-planes-a-futuro\/\" \/>\n<meta property=\"og:site_name\" content=\"CLAN ESPECTACULOS\" \/>\n<meta property=\"article:publisher\" content=\"https:\/\/www.facebook.com\/clanespectaculos\/\" \/>\n<meta property=\"article:published_time\" content=\"2025-07-18T22:56:47+00:00\" \/>\n<meta property=\"og:image\" content=\"https:\/\/radioclanfm.com\/clanespectaculos\/wp-content\/uploads\/sites\/2\/2025\/07\/UtqXGAVf.jpg\" \/>\n\t<meta property=\"og:image:width\" content=\"900\" \/>\n\t<meta property=\"og:image:height\" content=\"450\" \/>\n\t<meta property=\"og:image:type\" content=\"image\/jpeg\" \/>\n<meta name=\"author\" content=\"E-GRUPOCLAN\" \/>\n<meta name=\"twitter:card\" content=\"summary_large_image\" \/>\n<meta name=\"twitter:creator\" content=\"@clanespectok\" \/>\n<meta name=\"twitter:site\" content=\"@clanespectok\" \/>\n<meta name=\"twitter:label1\" content=\"Escrito por\" \/>\n\t<meta name=\"twitter:data1\" content=\"E-GRUPOCLAN\" \/>\n\t<meta name=\"twitter:label2\" content=\"Tiempo de lectura\" \/>\n\t<meta name=\"twitter:data2\" content=\"4 minutos\" \/>\n<script type=\"application\/ld+json\" class=\"yoast-schema-graph\">{\"@context\":\"https:\\\/\\\/schema.org\",\"@graph\":[{\"@type\":\"Article\",\"@id\":\"https:\\\/\\\/radioclanfm.com\\\/clanespectaculos\\\/asi-fue-la-llegada-al-pais-de-la-china-suarez-tras-su-viaje-a-turquia-con-mauro-icardi-cuales-son-sus-planes-a-futuro\\\/#article\",\"isPartOf\":{\"@id\":\"https:\\\/\\\/radioclanfm.com\\\/clanespectaculos\\\/asi-fue-la-llegada-al-pais-de-la-china-suarez-tras-su-viaje-a-turquia-con-mauro-icardi-cuales-son-sus-planes-a-futuro\\\/\"},\"author\":{\"name\":\"E-GRUPOCLAN\",\"@id\":\"https:\\\/\\\/radioclanfm.com\\\/clanespectaculos\\\/#\\\/schema\\\/person\\\/9734813083303230f3ad84d99171b20c\"},\"headline\":\"As\u00ed fue la llegada al pa\u00eds de la China Su\u00e1rez tras su viaje a Turqu\u00eda con Mauro Icardi: cu\u00e1les son sus planes a futuro\",\"datePublished\":\"2025-07-18T22:56:47+00:00\",\"mainEntityOfPage\":{\"@id\":\"https:\\\/\\\/radioclanfm.com\\\/clanespectaculos\\\/asi-fue-la-llegada-al-pais-de-la-china-suarez-tras-su-viaje-a-turquia-con-mauro-icardi-cuales-son-sus-planes-a-futuro\\\/\"},\"wordCount\":800,\"commentCount\":0,\"publisher\":{\"@id\":\"https:\\\/\\\/radioclanfm.com\\\/clanespectaculos\\\/#organization\"},\"image\":{\"@id\":\"https:\\\/\\\/radioclanfm.com\\\/clanespectaculos\\\/asi-fue-la-llegada-al-pais-de-la-china-suarez-tras-su-viaje-a-turquia-con-mauro-icardi-cuales-son-sus-planes-a-futuro\\\/#primaryimage\"},\"thumbnailUrl\":\"https:\\\/\\\/radioclanfm.com\\\/clanespectaculos\\\/wp-content\\\/uploads\\\/sites\\\/2\\\/2025\\\/07\\\/UtqXGAVf.jpg\",\"articleSection\":[\"Espectaculos\"],\"inLanguage\":\"es-AR\",\"potentialAction\":[{\"@type\":\"CommentAction\",\"name\":\"Comment\",\"target\":[\"https:\\\/\\\/radioclanfm.com\\\/clanespectaculos\\\/asi-fue-la-llegada-al-pais-de-la-china-suarez-tras-su-viaje-a-turquia-con-mauro-icardi-cuales-son-sus-planes-a-futuro\\\/#respond\"]}]},{\"@type\":\"WebPage\",\"@id\":\"https:\\\/\\\/radioclanfm.com\\\/clanespectaculos\\\/asi-fue-la-llegada-al-pais-de-la-china-suarez-tras-su-viaje-a-turquia-con-mauro-icardi-cuales-son-sus-planes-a-futuro\\\/\",\"url\":\"https:\\\/\\\/radioclanfm.com\\\/clanespectaculos\\\/asi-fue-la-llegada-al-pais-de-la-china-suarez-tras-su-viaje-a-turquia-con-mauro-icardi-cuales-son-sus-planes-a-futuro\\\/\",\"name\":\"As\u00ed fue la llegada al pa\u00eds de la China Su\u00e1rez tras su viaje a Turqu\u00eda con Mauro Icardi: cu\u00e1les son sus planes a futuro - CLAN ESPECTACULOS\",\"isPartOf\":{\"@id\":\"https:\\\/\\\/radioclanfm.com\\\/clanespectaculos\\\/#website\"},\"primaryImageOfPage\":{\"@id\":\"https:\\\/\\\/radioclanfm.com\\\/clanespectaculos\\\/asi-fue-la-llegada-al-pais-de-la-china-suarez-tras-su-viaje-a-turquia-con-mauro-icardi-cuales-son-sus-planes-a-futuro\\\/#primaryimage\"},\"image\":{\"@id\":\"https:\\\/\\\/radioclanfm.com\\\/clanespectaculos\\\/asi-fue-la-llegada-al-pais-de-la-china-suarez-tras-su-viaje-a-turquia-con-mauro-icardi-cuales-son-sus-planes-a-futuro\\\/#primaryimage\"},\"thumbnailUrl\":\"https:\\\/\\\/radioclanfm.com\\\/clanespectaculos\\\/wp-content\\\/uploads\\\/sites\\\/2\\\/2025\\\/07\\\/UtqXGAVf.jpg\",\"datePublished\":\"2025-07-18T22:56:47+00:00\",\"breadcrumb\":{\"@id\":\"https:\\\/\\\/radioclanfm.com\\\/clanespectaculos\\\/asi-fue-la-llegada-al-pais-de-la-china-suarez-tras-su-viaje-a-turquia-con-mauro-icardi-cuales-son-sus-planes-a-futuro\\\/#breadcrumb\"},\"inLanguage\":\"es-AR\",\"potentialAction\":[{\"@type\":\"ReadAction\",\"target\":[\"https:\\\/\\\/radioclanfm.com\\\/clanespectaculos\\\/asi-fue-la-llegada-al-pais-de-la-china-suarez-tras-su-viaje-a-turquia-con-mauro-icardi-cuales-son-sus-planes-a-futuro\\\/\"]}]},{\"@type\":\"ImageObject\",\"inLanguage\":\"es-AR\",\"@id\":\"https:\\\/\\\/radioclanfm.com\\\/clanespectaculos\\\/asi-fue-la-llegada-al-pais-de-la-china-suarez-tras-su-viaje-a-turquia-con-mauro-icardi-cuales-son-sus-planes-a-futuro\\\/#primaryimage\",\"url\":\"https:\\\/\\\/radioclanfm.com\\\/clanespectaculos\\\/wp-content\\\/uploads\\\/sites\\\/2\\\/2025\\\/07\\\/UtqXGAVf.jpg\",\"contentUrl\":\"https:\\\/\\\/radioclanfm.com\\\/clanespectaculos\\\/wp-content\\\/uploads\\\/sites\\\/2\\\/2025\\\/07\\\/UtqXGAVf.jpg\",\"width\":900,\"height\":450},{\"@type\":\"BreadcrumbList\",\"@id\":\"https:\\\/\\\/radioclanfm.com\\\/clanespectaculos\\\/asi-fue-la-llegada-al-pais-de-la-china-suarez-tras-su-viaje-a-turquia-con-mauro-icardi-cuales-son-sus-planes-a-futuro\\\/#breadcrumb\",\"itemListElement\":[{\"@type\":\"ListItem\",\"position\":1,\"name\":\"Inicio\",\"item\":\"https:\\\/\\\/radioclanfm.com\\\/clanespectaculos\\\/\"},{\"@type\":\"ListItem\",\"position\":2,\"name\":\"As\u00ed fue la llegada al pa\u00eds de la China Su\u00e1rez tras su viaje a Turqu\u00eda con Mauro Icardi: cu\u00e1les son sus planes a futuro\"}]},{\"@type\":\"WebSite\",\"@id\":\"https:\\\/\\\/radioclanfm.com\\\/clanespectaculos\\\/#website\",\"url\":\"https:\\\/\\\/radioclanfm.com\\\/clanespectaculos\\\/\",\"name\":\"CLAN ESPECTACULOS\",\"description\":\"\",\"publisher\":{\"@id\":\"https:\\\/\\\/radioclanfm.com\\\/clanespectaculos\\\/#organization\"},\"potentialAction\":[{\"@type\":\"SearchAction\",\"target\":{\"@type\":\"EntryPoint\",\"urlTemplate\":\"https:\\\/\\\/radioclanfm.com\\\/clanespectaculos\\\/?s={search_term_string}\"},\"query-input\":{\"@type\":\"PropertyValueSpecification\",\"valueRequired\":true,\"valueName\":\"search_term_string\"}}],\"inLanguage\":\"es-AR\"},{\"@type\":\"Organization\",\"@id\":\"https:\\\/\\\/radioclanfm.com\\\/clanespectaculos\\\/#organization\",\"name\":\"CLAN ESPECTACULOS\",\"url\":\"https:\\\/\\\/radioclanfm.com\\\/clanespectaculos\\\/\",\"logo\":{\"@type\":\"ImageObject\",\"inLanguage\":\"es-AR\",\"@id\":\"https:\\\/\\\/radioclanfm.com\\\/clanespectaculos\\\/#\\\/schema\\\/logo\\\/image\\\/\",\"url\":\"https:\\\/\\\/radioclanfm.com\\\/clanespectaculos\\\/wp-content\\\/uploads\\\/sites\\\/2\\\/2026\\\/04\\\/ChatGPT-Image-23-mar-2026-10_09_00.png\",\"contentUrl\":\"https:\\\/\\\/radioclanfm.com\\\/clanespectaculos\\\/wp-content\\\/uploads\\\/sites\\\/2\\\/2026\\\/04\\\/ChatGPT-Image-23-mar-2026-10_09_00.png\",\"width\":1024,\"height\":1024,\"caption\":\"CLAN ESPECTACULOS\"},\"image\":{\"@id\":\"https:\\\/\\\/radioclanfm.com\\\/clanespectaculos\\\/#\\\/schema\\\/logo\\\/image\\\/\"},\"sameAs\":[\"https:\\\/\\\/www.facebook.com\\\/clanespectaculos\\\/\",\"https:\\\/\\\/x.com\\\/clanespectok\"]},{\"@type\":\"Person\",\"@id\":\"https:\\\/\\\/radioclanfm.com\\\/clanespectaculos\\\/#\\\/schema\\\/person\\\/9734813083303230f3ad84d99171b20c\",\"name\":\"E-GRUPOCLAN\",\"image\":{\"@type\":\"ImageObject\",\"inLanguage\":\"es-AR\",\"@id\":\"https:\\\/\\\/secure.gravatar.com\\\/avatar\\\/af6e19837c3d6a212034a48c7b3818d2ac1826f6025df0155da5a186ad321d79?s=96&d=mm&r=g\",\"url\":\"https:\\\/\\\/secure.gravatar.com\\\/avatar\\\/af6e19837c3d6a212034a48c7b3818d2ac1826f6025df0155da5a186ad321d79?s=96&d=mm&r=g\",\"contentUrl\":\"https:\\\/\\\/secure.gravatar.com\\\/avatar\\\/af6e19837c3d6a212034a48c7b3818d2ac1826f6025df0155da5a186ad321d79?s=96&d=mm&r=g\",\"caption\":\"E-GRUPOCLAN\"},\"sameAs\":[\"https:\\\/\\\/radioclanfm.com\"],\"url\":\"https:\\\/\\\/radioclanfm.com\\\/clanespectaculos\\\/author\\\/admin\\\/\"}]}<\/script>\n<!-- \/ Yoast SEO plugin. -->","yoast_head_json":{"title":"As\u00ed fue la llegada al pa\u00eds de la China Su\u00e1rez tras su viaje a Turqu\u00eda con Mauro Icardi: cu\u00e1les son sus planes a futuro - CLAN ESPECTACULOS","robots":{"index":"index","follow":"follow","max-snippet":"max-snippet:-1","max-image-preview":"max-image-preview:large","max-video-preview":"max-video-preview:-1"},"canonical":"https:\/\/radioclanfm.com\/clanespectaculos\/asi-fue-la-llegada-al-pais-de-la-china-suarez-tras-su-viaje-a-turquia-con-mauro-icardi-cuales-son-sus-planes-a-futuro\/","og_locale":"es_ES","og_type":"article","og_title":"As\u00ed fue la llegada al pa\u00eds de la China Su\u00e1rez tras su viaje a Turqu\u00eda con Mauro Icardi: cu\u00e1les son sus planes a futuro - CLAN ESPECTACULOS","og_description":"La actriz volvi\u00f3 a Argentina luego de acompa\u00f1ar al futbolista en Estambul. Adem\u00e1s, la modelo cont\u00f3 c\u00f3mo ser\u00e1 el cumplea\u00f1os de su hija mayor La China Su\u00e1rez\u00a0volvi\u00f3 a pisar suelo argentino despu\u00e9s de su estad\u00eda en Turqu\u00eda junto a\u00a0Mauro Icardi, y su arribo al Aeropuerto Internacional de Ezeiza estuvo marcado por un fuerte operativo medi\u00e1tico. [&hellip;]","og_url":"https:\/\/radioclanfm.com\/clanespectaculos\/asi-fue-la-llegada-al-pais-de-la-china-suarez-tras-su-viaje-a-turquia-con-mauro-icardi-cuales-son-sus-planes-a-futuro\/","og_site_name":"CLAN ESPECTACULOS","article_publisher":"https:\/\/www.facebook.com\/clanespectaculos\/","article_published_time":"2025-07-18T22:56:47+00:00","og_image":[{"width":900,"height":450,"url":"https:\/\/radioclanfm.com\/clanespectaculos\/wp-content\/uploads\/sites\/2\/2025\/07\/UtqXGAVf.jpg","type":"image\/jpeg"}],"author":"E-GRUPOCLAN","twitter_card":"summary_large_image","twitter_creator":"@clanespectok","twitter_site":"@clanespectok","twitter_misc":{"Escrito por":"E-GRUPOCLAN","Tiempo de lectura":"4 minutos"},"schema":{"@context":"https:\/\/schema.org","@graph":[{"@type":"Article","@id":"https:\/\/radioclanfm.com\/clanespectaculos\/asi-fue-la-llegada-al-pais-de-la-china-suarez-tras-su-viaje-a-turquia-con-mauro-icardi-cuales-son-sus-planes-a-futuro\/#article","isPartOf":{"@id":"https:\/\/radioclanfm.com\/clanespectaculos\/asi-fue-la-llegada-al-pais-de-la-china-suarez-tras-su-viaje-a-turquia-con-mauro-icardi-cuales-son-sus-planes-a-futuro\/"},"author":{"name":"E-GRUPOCLAN","@id":"https:\/\/radioclanfm.com\/clanespectaculos\/#\/schema\/person\/9734813083303230f3ad84d99171b20c"},"headline":"As\u00ed fue la llegada al pa\u00eds de la China Su\u00e1rez tras su viaje a Turqu\u00eda con Mauro Icardi: cu\u00e1les son sus planes a futuro","datePublished":"2025-07-18T22:56:47+00:00","mainEntityOfPage":{"@id":"https:\/\/radioclanfm.com\/clanespectaculos\/asi-fue-la-llegada-al-pais-de-la-china-suarez-tras-su-viaje-a-turquia-con-mauro-icardi-cuales-son-sus-planes-a-futuro\/"},"wordCount":800,"commentCount":0,"publisher":{"@id":"https:\/\/radioclanfm.com\/clanespectaculos\/#organization"},"image":{"@id":"https:\/\/radioclanfm.com\/clanespectaculos\/asi-fue-la-llegada-al-pais-de-la-china-suarez-tras-su-viaje-a-turquia-con-mauro-icardi-cuales-son-sus-planes-a-futuro\/#primaryimage"},"thumbnailUrl":"https:\/\/radioclanfm.com\/clanespectaculos\/wp-content\/uploads\/sites\/2\/2025\/07\/UtqXGAVf.jpg","articleSection":["Espectaculos"],"inLanguage":"es-AR","potentialAction":[{"@type":"CommentAction","name":"Comment","target":["https:\/\/radioclanfm.com\/clanespectaculos\/asi-fue-la-llegada-al-pais-de-la-china-suarez-tras-su-viaje-a-turquia-con-mauro-icardi-cuales-son-sus-planes-a-futuro\/#respond"]}]},{"@type":"WebPage","@id":"https:\/\/radioclanfm.com\/clanespectaculos\/asi-fue-la-llegada-al-pais-de-la-china-suarez-tras-su-viaje-a-turquia-con-mauro-icardi-cuales-son-sus-planes-a-futuro\/","url":"https:\/\/radioclanfm.com\/clanespectaculos\/asi-fue-la-llegada-al-pais-de-la-china-suarez-tras-su-viaje-a-turquia-con-mauro-icardi-cuales-son-sus-planes-a-futuro\/","name":"As\u00ed fue la llegada al pa\u00eds de la China Su\u00e1rez tras su viaje a Turqu\u00eda con Mauro Icardi: cu\u00e1les son sus planes a futuro - CLAN ESPECTACULOS","isPartOf":{"@id":"https:\/\/radioclanfm.com\/clanespectaculos\/#website"},"primaryImageOfPage":{"@id":"https:\/\/radioclanfm.com\/clanespectaculos\/asi-fue-la-llegada-al-pais-de-la-china-suarez-tras-su-viaje-a-turquia-con-mauro-icardi-cuales-son-sus-planes-a-futuro\/#primaryimage"},"image":{"@id":"https:\/\/radioclanfm.com\/clanespectaculos\/asi-fue-la-llegada-al-pais-de-la-china-suarez-tras-su-viaje-a-turquia-con-mauro-icardi-cuales-son-sus-planes-a-futuro\/#primaryimage"},"thumbnailUrl":"https:\/\/radioclanfm.com\/clanespectaculos\/wp-content\/uploads\/sites\/2\/2025\/07\/UtqXGAVf.jpg","datePublished":"2025-07-18T22:56:47+00:00","breadcrumb":{"@id":"https:\/\/radioclanfm.com\/clanespectaculos\/asi-fue-la-llegada-al-pais-de-la-china-suarez-tras-su-viaje-a-turquia-con-mauro-icardi-cuales-son-sus-planes-a-futuro\/#breadcrumb"},"inLanguage":"es-AR","potentialAction":[{"@type":"ReadAction","target":["https:\/\/radioclanfm.com\/clanespectaculos\/asi-fue-la-llegada-al-pais-de-la-china-suarez-tras-su-viaje-a-turquia-con-mauro-icardi-cuales-son-sus-planes-a-futuro\/"]}]},{"@type":"ImageObject","inLanguage":"es-AR","@id":"https:\/\/radioclanfm.com\/clanespectaculos\/asi-fue-la-llegada-al-pais-de-la-china-suarez-tras-su-viaje-a-turquia-con-mauro-icardi-cuales-son-sus-planes-a-futuro\/#primaryimage","url":"https:\/\/radioclanfm.com\/clanespectaculos\/wp-content\/uploads\/sites\/2\/2025\/07\/UtqXGAVf.jpg","contentUrl":"https:\/\/radioclanfm.com\/clanespectaculos\/wp-content\/uploads\/sites\/2\/2025\/07\/UtqXGAVf.jpg","width":900,"height":450},{"@type":"BreadcrumbList","@id":"https:\/\/radioclanfm.com\/clanespectaculos\/asi-fue-la-llegada-al-pais-de-la-china-suarez-tras-su-viaje-a-turquia-con-mauro-icardi-cuales-son-sus-planes-a-futuro\/#breadcrumb","itemListElement":[{"@type":"ListItem","position":1,"name":"Inicio","item":"https:\/\/radioclanfm.com\/clanespectaculos\/"},{"@type":"ListItem","position":2,"name":"As\u00ed fue la llegada al pa\u00eds de la China Su\u00e1rez tras su viaje a Turqu\u00eda con Mauro Icardi: cu\u00e1les son sus planes a futuro"}]},{"@type":"WebSite","@id":"https:\/\/radioclanfm.com\/clanespectaculos\/#website","url":"https:\/\/radioclanfm.com\/clanespectaculos\/","name":"CLAN ESPECTACULOS","description":"","publisher":{"@id":"https:\/\/radioclanfm.com\/clanespectaculos\/#organization"},"potentialAction":[{"@type":"SearchAction","target":{"@type":"EntryPoint","urlTemplate":"https:\/\/radioclanfm.com\/clanespectaculos\/?s={search_term_string}"},"query-input":{"@type":"PropertyValueSpecification","valueRequired":true,"valueName":"search_term_string"}}],"inLanguage":"es-AR"},{"@type":"Organization","@id":"https:\/\/radioclanfm.com\/clanespectaculos\/#organization","name":"CLAN ESPECTACULOS","url":"https:\/\/radioclanfm.com\/clanespectaculos\/","logo":{"@type":"ImageObject","inLanguage":"es-AR","@id":"https:\/\/radioclanfm.com\/clanespectaculos\/#\/schema\/logo\/image\/","url":"https:\/\/radioclanfm.com\/clanespectaculos\/wp-content\/uploads\/sites\/2\/2026\/04\/ChatGPT-Image-23-mar-2026-10_09_00.png","contentUrl":"https:\/\/radioclanfm.com\/clanespectaculos\/wp-content\/uploads\/sites\/2\/2026\/04\/ChatGPT-Image-23-mar-2026-10_09_00.png","width":1024,"height":1024,"caption":"CLAN ESPECTACULOS"},"image":{"@id":"https:\/\/radioclanfm.com\/clanespectaculos\/#\/schema\/logo\/image\/"},"sameAs":["https:\/\/www.facebook.com\/clanespectaculos\/","https:\/\/x.com\/clanespectok"]},{"@type":"Person","@id":"https:\/\/radioclanfm.com\/clanespectaculos\/#\/schema\/person\/9734813083303230f3ad84d99171b20c","name":"E-GRUPOCLAN","image":{"@type":"ImageObject","inLanguage":"es-AR","@id":"https:\/\/secure.gravatar.com\/avatar\/af6e19837c3d6a212034a48c7b3818d2ac1826f6025df0155da5a186ad321d79?s=96&d=mm&r=g","url":"https:\/\/secure.gravatar.com\/avatar\/af6e19837c3d6a212034a48c7b3818d2ac1826f6025df0155da5a186ad321d79?s=96&d=mm&r=g","contentUrl":"https:\/\/secure.gravatar.com\/avatar\/af6e19837c3d6a212034a48c7b3818d2ac1826f6025df0155da5a186ad321d79?s=96&d=mm&r=g","caption":"E-GRUPOCLAN"},"sameAs":["https:\/\/radioclanfm.com"],"url":"https:\/\/radioclanfm.com\/clanespectaculos\/author\/admin\/"}]}},"_links":{"self":[{"href":"https:\/\/radioclanfm.com\/clanespectaculos\/wp-json\/wp\/v2\/posts\/3236","targetHints":{"allow":["GET"]}}],"collection":[{"href":"https:\/\/radioclanfm.com\/clanespectaculos\/wp-json\/wp\/v2\/posts"}],"about":[{"href":"https:\/\/radioclanfm.com\/clanespectaculos\/wp-json\/wp\/v2\/types\/post"}],"author":[{"embeddable":true,"href":"https:\/\/radioclanfm.com\/clanespectaculos\/wp-json\/wp\/v2\/users\/1"}],"replies":[{"embeddable":true,"href":"https:\/\/radioclanfm.com\/clanespectaculos\/wp-json\/wp\/v2\/comments?post=3236"}],"version-history":[{"count":1,"href":"https:\/\/radioclanfm.com\/clanespectaculos\/wp-json\/wp\/v2\/posts\/3236\/revisions"}],"predecessor-version":[{"id":3238,"href":"https:\/\/radioclanfm.com\/clanespectaculos\/wp-json\/wp\/v2\/posts\/3236\/revisions\/3238"}],"wp:featuredmedia":[{"embeddable":true,"href":"https:\/\/radioclanfm.com\/clanespectaculos\/wp-json\/wp\/v2\/media\/3237"}],"wp:attachment":[{"href":"https:\/\/radioclanfm.com\/clanespectaculos\/wp-json\/wp\/v2\/media?parent=3236"}],"wp:term":[{"taxonomy":"category","embeddable":true,"href":"https:\/\/radioclanfm.com\/clanespectaculos\/wp-json\/wp\/v2\/categories?post=3236"},{"taxonomy":"post_tag","embeddable":true,"href":"https:\/\/radioclanfm.com\/clanespectaculos\/wp-json\/wp\/v2\/tags?post=3236"}],"curies":[{"name":"wp","href":"https:\/\/api.w.org\/{rel}","templated":true}]}}