{"id":3230,"date":"2025-07-18T19:53:44","date_gmt":"2025-07-18T22:53:44","guid":{"rendered":"https:\/\/radioclanfm.com\/clanespectaculos\/?p=3230"},"modified":"2025-07-18T19:53:44","modified_gmt":"2025-07-18T22:53:44","slug":"el-emotivo-mensaje-de-nicolas-cabre-por-el-cumpleanos-de-su-hija-rufina-me-ensenaste-a-ser-feliz","status":"publish","type":"post","link":"https:\/\/radioclanfm.com\/clanespectaculos\/el-emotivo-mensaje-de-nicolas-cabre-por-el-cumpleanos-de-su-hija-rufina-me-ensenaste-a-ser-feliz\/","title":{"rendered":"El emotivo mensaje de Nicol\u00e1s Cabr\u00e9 por el cumplea\u00f1os de su hija Rufina: \u201cMe ense\u00f1aste a ser feliz\u201d"},"content":{"rendered":"<p>El actor comparti\u00f3 un sentido texto y fotos de su vida junto a la ni\u00f1a que tuvo con la China Su\u00e1rez, quien lleg\u00f3 desde Turqu\u00eda para sumarse a los festejos<\/p>\n<div class=\"visual__image image-initial-width\"><picture><img loading=\"lazy\" decoding=\"async\" class=\"global-image\" src=\"https:\/\/www.infobae.com\/resizer\/v2\/PU4QCDHZQZBVDIQEVK4D3KEAWI.jpg?auth=c22f957f7429ddd79d6cfd2f195601c073cd67317dd84cbd9a88fcad9670d2c4&amp;smart=true&amp;width=350&amp;height=467&amp;quality=85\" alt=\"La complicidad de Nicol\u00e1s Cabr\u00e9\" width=\"1920\" height=\"2560\" \/><\/picture>La complicidad de Nicol\u00e1s Cabr\u00e9 y Rufina se nota en cada imagen (Instagram)<\/div>\n<p class=\"paragraph\" data-mrf-recirculation=\"Links inline\">El cumplea\u00f1os n\u00famero doce de\u00a0<b>Rufina Cabr\u00e9<\/b>\u00a0no fue una celebraci\u00f3n cualquiera: fue el punto de encuentro de emociones, viajes y gestos que hablan del amor inquebrantable de una familia m\u00e1s all\u00e1 de las distancias. Todo comenz\u00f3, como tantas veces ocurre hoy, con un mensaje p\u00fablico: el posteo de su padre,\u00a0<b>Nicol\u00e1s Cabr\u00e9<\/b>, en Instagram. Ah\u00ed, donde la vida personal se vuelve visible para todos, el actor volc\u00f3 palabras y recuerdos que se hicieron eco en cientos de corazones.<\/p>\n<div class=\"news-module\" data-mrf-recirculation=\"IL_Ct0zZTd2RqSjHGMXsLzz7w\" data-testid=\"text-html\" data-mrf-experience=\"IL_Ct0zZTd2RqSjHGMXsLzz7w\">\n<div class=\"recommended-card__image-container\"><\/div>\n<\/div>\n<p class=\"paragraph\" data-mrf-recirculation=\"Links inline\"><b>\u201cHoy hace 12 a\u00f1os me ense\u00f1aste lo que es ser feliz\u2026 y as\u00ed todos los d\u00edas de tu vida me ense\u00f1\u00e1s cosas nuevas. Todos los d\u00edas trato de ser un mejor pap\u00e1 y as\u00ed acompa\u00f1ar tu crecimiento. Sos la nena m\u00e1s buena, dulce y linda del mundo. Me llen\u00e1s de orgullo y sonr\u00edo escribi\u00e9ndote esto, porque de verdad ya hace 12 a\u00f1os soy el pap\u00e1 m\u00e1s afortunado por tenerte a vos de hija. Feliz cumple hermosa m\u00eda, te deseo lo mejor de lo mejor. So\u00f1\u00e1 alto, so\u00f1\u00e1 bien alto que te merec\u00e9s todo y mucho m\u00e1s. Te amo\u201d<\/b>, escribi\u00f3 junto a una serie de im\u00e1genes de ambos: aventuras compartidas, gui\u00f1os a lo cotidiano, y la postal principal, una torta decorada en tonos rosados, con el n\u00famero doce, dos velas y una bengala sobre un manto de crema, reflejando el instante preciso de ese ritual de soplar las velas.<\/p>\n<div class=\"visual__image\"><picture><source srcset=\"https:\/\/www.infobae.com\/resizer\/v2\/N4J25MOVQVDJVBQ6IFJTPAOIJA.jpg?auth=bbf6dbfa3996f35c4c61aba1f787db745a948ef016b0687fb7f88ec965449c99&amp;smart=true&amp;width=992&amp;height=1323&amp;quality=85\" media=\"(min-width: 1000px)\" \/><source srcset=\"https:\/\/www.infobae.com\/resizer\/v2\/N4J25MOVQVDJVBQ6IFJTPAOIJA.jpg?auth=bbf6dbfa3996f35c4c61aba1f787db745a948ef016b0687fb7f88ec965449c99&amp;smart=true&amp;width=768&amp;height=1024&amp;quality=85\" media=\"(min-width: 768px)\" \/><source srcset=\"https:\/\/www.infobae.com\/resizer\/v2\/N4J25MOVQVDJVBQ6IFJTPAOIJA.jpg?auth=bbf6dbfa3996f35c4c61aba1f787db745a948ef016b0687fb7f88ec965449c99&amp;smart=true&amp;width=577&amp;height=769&amp;quality=85\" media=\"(min-width: 580px)\" \/><source srcset=\"https:\/\/www.infobae.com\/resizer\/v2\/N4J25MOVQVDJVBQ6IFJTPAOIJA.jpg?auth=bbf6dbfa3996f35c4c61aba1f787db745a948ef016b0687fb7f88ec965449c99&amp;smart=true&amp;width=420&amp;height=560&amp;quality=85\" media=\"(min-width: 350px)\" \/><source srcset=\"https:\/\/www.infobae.com\/resizer\/v2\/N4J25MOVQVDJVBQ6IFJTPAOIJA.jpg?auth=bbf6dbfa3996f35c4c61aba1f787db745a948ef016b0687fb7f88ec965449c99&amp;smart=true&amp;width=350&amp;height=467&amp;quality=85\" media=\"(min-width: 80px)\" \/><img loading=\"lazy\" decoding=\"async\" class=\"global-image\" src=\"https:\/\/www.infobae.com\/resizer\/v2\/N4J25MOVQVDJVBQ6IFJTPAOIJA.jpg?auth=bbf6dbfa3996f35c4c61aba1f787db745a948ef016b0687fb7f88ec965449c99&amp;smart=true&amp;width=350&amp;height=467&amp;quality=85\" alt=\"Un sencillo festejo dio inicio\" width=\"1920\" height=\"2560\" \/><\/picture>Un sencillo festejo dio inicio a los 12 a\u00f1os de Rufina Cabr\u00e9<\/div>\n<div class=\"inline ad-wrapper\">\n<div class=\"dfpAd ad-inline\"><\/div>\n<\/div>\n<p class=\"paragraph\" data-mrf-recirculation=\"Links inline\">\u00bfQui\u00e9n puede permanecer indiferente ante semejante dedicatoria? \u00bfC\u00f3mo no conmoverse ante un padre que celebra el crecimiento de su hija con palabras tan llanas y llenas de verdad? Como un eco, las respuestas se multiplicaron casi de inmediato.\u00a0<b>Roc\u00edo Pardo<\/b>, pareja actual de Cabr\u00e9, eligi\u00f3 sumar tres emojis de alegr\u00eda con ojos de coraz\u00f3n, un gesto breve pero cargado de complicidad. La propia\u00a0<b>Graciela Borges<\/b>, leyenda del cine argentino, sum\u00f3 tambi\u00e9n sus bendiciones:\u00a0<b>\u201c\u00a1Tan preciosa Rufi! Bendiciones para ti. Feliz cumplea\u00f1os, mucha paz y mucho amor\u201d<\/b>.<\/p>\n<div class=\"news-module\" data-mrf-recirculation=\"IL_RjJ8XQ94SCCdND4VX9YvyQ\" data-testid=\"text-html\" data-mrf-experience=\"IL_RjJ8XQ94SCCdND4VX9YvyQ\">\n<div class=\"recommended-card__image-container\"><img loading=\"lazy\" decoding=\"async\" class=\"recommended-card__image lazyload\" src=\"https:\/\/www.infobae.com\/resizer\/v2\/UL3THOMI3FGOXOIED7T4YD23NU.jpg?auth=1434e9a99aa7f69d9e632cbb5a9ebd6af68abd66b68766c113f776f1d20e7b79&amp;smart=true&amp;width=256&amp;height=140&amp;quality=85\" sizes=\"auto, (min-width: 800px) 50vw, 90vw\" alt=\"El \u00e1lbum de fotos de la boda del futbolista del Real Madrid Endrick con Gabriely Miranda\" width=\"16\" height=\"9\" data-src=\"https:\/\/www.infobae.com\/resizer\/v2\/UL3THOMI3FGOXOIED7T4YD23NU.jpg?auth=1434e9a99aa7f69d9e632cbb5a9ebd6af68abd66b68766c113f776f1d20e7b79&amp;smart=true&amp;width=256&amp;height=140&amp;quality=85\" \/><\/div>\n<div class=\"recommended-card__info\"><span class=\"recommended-card__info-interest-you\">Te puede interesar:<\/span><span class=\"recommended-card__info-title\">El \u00e1lbum de fotos de la boda del futbolista del Real Madrid Endrick con Gabriely Miranda<\/span><\/p>\n<div class=\"recommended-card__info-button recommended-card__info-button--deportes\"><\/div>\n<\/div>\n<\/div>\n<p class=\"paragraph\" data-mrf-recirculation=\"Links inline\">Entre los comentarios, los seguidores destacaron el reflejo de una crianza dedicada y cercana.\u00a0<b>\u201cEst\u00e1n haciendo un excelente trabajo cuando ves a tu hija siempre feliz y de un hermoso coraz\u00f3n, es que tiene unos pap\u00e1s presentes y llenos de amor, priorizando siempre a Rufina\u201d<\/b>, escribi\u00f3 una usuaria, dej\u00e1ndole al festejo un sabor de reconocimiento compartido.<\/p>\n<div class=\"visual__image\"><picture><source srcset=\"https:\/\/www.infobae.com\/resizer\/v2\/NUFRBLC4CJHK3HGNZJCP2WYN7A.jpg?auth=b261a637aa00beaa7d652f754d9010c00d670b2f14f21062631b7429f9228f2e&amp;smart=true&amp;width=992&amp;height=1323&amp;quality=85\" media=\"(min-width: 1000px)\" \/><source srcset=\"https:\/\/www.infobae.com\/resizer\/v2\/NUFRBLC4CJHK3HGNZJCP2WYN7A.jpg?auth=b261a637aa00beaa7d652f754d9010c00d670b2f14f21062631b7429f9228f2e&amp;smart=true&amp;width=768&amp;height=1024&amp;quality=85\" media=\"(min-width: 768px)\" \/><source srcset=\"https:\/\/www.infobae.com\/resizer\/v2\/NUFRBLC4CJHK3HGNZJCP2WYN7A.jpg?auth=b261a637aa00beaa7d652f754d9010c00d670b2f14f21062631b7429f9228f2e&amp;smart=true&amp;width=577&amp;height=769&amp;quality=85\" media=\"(min-width: 580px)\" \/><source srcset=\"https:\/\/www.infobae.com\/resizer\/v2\/NUFRBLC4CJHK3HGNZJCP2WYN7A.jpg?auth=b261a637aa00beaa7d652f754d9010c00d670b2f14f21062631b7429f9228f2e&amp;smart=true&amp;width=420&amp;height=560&amp;quality=85\" media=\"(min-width: 350px)\" \/><source srcset=\"https:\/\/www.infobae.com\/resizer\/v2\/NUFRBLC4CJHK3HGNZJCP2WYN7A.jpg?auth=b261a637aa00beaa7d652f754d9010c00d670b2f14f21062631b7429f9228f2e&amp;smart=true&amp;width=350&amp;height=467&amp;quality=85\" media=\"(min-width: 80px)\" \/><img loading=\"lazy\" decoding=\"async\" class=\"global-image\" src=\"https:\/\/www.infobae.com\/resizer\/v2\/NUFRBLC4CJHK3HGNZJCP2WYN7A.jpg?auth=b261a637aa00beaa7d652f754d9010c00d670b2f14f21062631b7429f9228f2e&amp;smart=true&amp;width=350&amp;height=467&amp;quality=85\" alt=\"Los comentarios de seguidores y\" width=\"1920\" height=\"2560\" \/><\/picture>Los comentarios de seguidores y amigos de la pareja no se hicieron esperar, destacando la relaci\u00f3n entre ellos<\/div>\n<div class=\"inline_2_DSK ad-wrapper ad-desktop\">\n<div class=\"dfpAd ad-inline\">\n<div id=\"infobae\/teleshow\/nota\/inline_2_DSK\" class=\"infobae\/teleshow\/nota\/inline_2_DSK arcad\" data-google-query-id=\"CNfmlei_x44DFbSDYQYd3-c7Nw\">\n<div id=\"google_ads_iframe_\/1058609\/infobae\/teleshow\/nota\/inline_2_DSK_0__container__\"><\/div>\n<\/div>\n<\/div>\n<\/div>\n<p class=\"paragraph\" data-mrf-recirculation=\"Links inline\">Sin embargo, el verdadero giro y la muestra de lo que implica sostener una familia en tiempos de agendas divididas ocurri\u00f3 horas despu\u00e9s. Desde Turqu\u00eda,\u00a0<b>regres\u00f3 a<\/b>\u00a0<b>Buenos Aires<\/b>\u00a0<b>Eugenia \u201cla China\u201d Su\u00e1rez<\/b>, pareja de\u00a0<b>Mauro Icardi<\/b>\u00a0y madre de Rufina.\u00a0<b>La actriz viaj\u00f3 especialmente para estar presente en el cumplea\u00f1os de su hija<\/b>, desafiando vuelos largos y diferencias horarias. Su llegada fue m\u00e1s que un gesto; fue una declaraci\u00f3n de prioridades: \u201cLa familia primero\u201d.<\/p>\n<div class=\"news-module\" data-mrf-recirculation=\"IL_wPVu_IE4S76a5Gsl0lX8mA\" data-testid=\"text-html\" data-mrf-experience=\"IL_wPVu_IE4S76a5Gsl0lX8mA\">\n<div class=\"recommended-card__image-container\"><\/div>\n<\/div>\n<p class=\"paragraph\" data-mrf-recirculation=\"Links inline\">Ya instalada en la ciudad,\u00a0<b>la China Su\u00e1rez alquil\u00f3 al menos tres departamentos en un hotel exclusivo<\/b>, coordin\u00f3 detalles de la celebraci\u00f3n e insisti\u00f3 en una decoraci\u00f3n con globos, resguardando el ambiente \u00edntimo y c\u00e1lido que su hija merece. El festejo se ide\u00f3 para catorce personas, en un restaurante dentro del mismo complejo hotelero, lejos del bullicio y el espect\u00e1culo, pero lleno de cercan\u00eda.<\/p>\n<div class=\"visual__image\"><picture><source srcset=\"https:\/\/www.infobae.com\/resizer\/v2\/7X7UJTFDONHPLH32LDJIL7ABFU.jpg?auth=41b35eac116491c770f5f5c233cfc9067e948eacb6caa9b1e6da22bef2aa0801&amp;smart=true&amp;width=992&amp;height=1323&amp;quality=85\" media=\"(min-width: 1000px)\" \/><source srcset=\"https:\/\/www.infobae.com\/resizer\/v2\/7X7UJTFDONHPLH32LDJIL7ABFU.jpg?auth=41b35eac116491c770f5f5c233cfc9067e948eacb6caa9b1e6da22bef2aa0801&amp;smart=true&amp;width=768&amp;height=1024&amp;quality=85\" media=\"(min-width: 768px)\" \/><source srcset=\"https:\/\/www.infobae.com\/resizer\/v2\/7X7UJTFDONHPLH32LDJIL7ABFU.jpg?auth=41b35eac116491c770f5f5c233cfc9067e948eacb6caa9b1e6da22bef2aa0801&amp;smart=true&amp;width=577&amp;height=769&amp;quality=85\" media=\"(min-width: 580px)\" \/><source srcset=\"https:\/\/www.infobae.com\/resizer\/v2\/7X7UJTFDONHPLH32LDJIL7ABFU.jpg?auth=41b35eac116491c770f5f5c233cfc9067e948eacb6caa9b1e6da22bef2aa0801&amp;smart=true&amp;width=420&amp;height=560&amp;quality=85\" media=\"(min-width: 350px)\" \/><source srcset=\"https:\/\/www.infobae.com\/resizer\/v2\/7X7UJTFDONHPLH32LDJIL7ABFU.jpg?auth=41b35eac116491c770f5f5c233cfc9067e948eacb6caa9b1e6da22bef2aa0801&amp;smart=true&amp;width=350&amp;height=467&amp;quality=85\" media=\"(min-width: 80px)\" \/><img loading=\"lazy\" decoding=\"async\" class=\"global-image\" src=\"https:\/\/www.infobae.com\/resizer\/v2\/7X7UJTFDONHPLH32LDJIL7ABFU.jpg?auth=41b35eac116491c770f5f5c233cfc9067e948eacb6caa9b1e6da22bef2aa0801&amp;smart=true&amp;width=350&amp;height=467&amp;quality=85\" alt=\"Padre e hija se encontrar\u00e1n\" width=\"1920\" height=\"2560\" \/><\/picture>Padre e hija se encontrar\u00e1n en las pr\u00f3ximas horas con la China Su\u00e1rez para un nuevo festejo<\/div>\n<p class=\"paragraph\" data-mrf-recirculation=\"Links inline\">La presencia, esperada, de Nicol\u00e1s Cabr\u00e9 asegurar\u00e1 que padre y madre pudieran compartir ese momento clave para Rufina. \u00bfHay secretos detr\u00e1s de tanta cordialidad? \u00bfTranscurre el v\u00ednculo de los padres en armon\u00eda? Fue la propia\u00a0<b>Eugenia Su\u00e1rez<\/b>\u00a0quien despej\u00f3 las dudas:\u00a0<b>\u201cCon Nicol\u00e1s nos llevamos bien\u201d<\/b>, dijo a la prensa, apenas descendi\u00f3 del avi\u00f3n. Una frase sencilla que, en medio de los rumores y las versiones, aporta calma y reafirma el compromiso de ambos por su hija.<\/p>\n<p class=\"paragraph\" data-mrf-recirculation=\"Links inline\">El regreso de la actriz ser\u00e1 breve. Apenas finalice el festejo,\u00a0<b>la China tiene previsto volver a Estambul<\/b>, donde la esperan Mauro Icardi y un nuevo cap\u00edtulo en Turqu\u00eda.<\/p>\n<div class=\"jwplayer-ctn\">\n<div>\n<div id=\"UJN6AX77JVBHJD3P5P5Q4HFP4I-custom_embed12\" class=\"jwplayer jw-reset jw-state-idle jw-stretch-uniform jw-flag-aspect-mode jw-breakpoint-5 jw-floating-dismissible jw-keep-thumbnail jw-flag-user-inactive jw-flag-cast-available\" tabindex=\"0\" role=\"application\" aria-label=\"Video Player - La llegada de la China Su\u00e1rez a Argentina luego de su viaje junto a Mauro Icardi\" aria-describedby=\"jw-UJN6AX77JVBHJD3P5P5Q4HFP4I-custom_embed12-shortcuts-tooltip-explanation\" data-compass-listening=\"true\">\n<div class=\"jw-wrapper jw-reset\">\n<div class=\"jw-controls jw-reset\">\n<div class=\"jw-controlbar jw-reset\">\n<div class=\"jw-reset jw-button-container\">\n<div class=\"jw-icon jw-icon-inline jw-button-color jw-reset jw-icon-cast\" tabindex=\"0\" role=\"button\" aria-label=\"Chromecast\"><\/div>\n<\/div>\n<\/div>\n<\/div>\n<\/div>\n<\/div>\n<\/div>\n<p>La llegada de la China Su\u00e1rez a Argentina luego de su viaje junto a Mauro Icardi<\/p><\/div>\n<p class=\"paragraph\" data-mrf-recirculation=\"Links inline\">En el centro de este ir y venir,\u00a0<b>Rufina crece rodeada de afecto<\/b>. Entre la calidez de su padre, que la alienta a so\u00f1ar \u201cbien alto\u201d, y la presencia indispensable de su madre que cruza el oc\u00e9ano para abrazarla. Una celebraci\u00f3n que, m\u00e1s all\u00e1 de las fotos y las palabras, deja expuesta la fortuna y la fragilidad de una ni\u00f1ez acompa\u00f1ada, y la dedicaci\u00f3n de dos padres que, ante todo, priorizan el bienestar y la alegr\u00eda de su hija<\/p>\n","protected":false},"excerpt":{"rendered":"<p>El actor comparti\u00f3 un sentido texto y fotos de su vida junto a la ni\u00f1a que tuvo con la China Su\u00e1rez, quien lleg\u00f3 desde Turqu\u00eda para sumarse a los festejos La complicidad de Nicol\u00e1s Cabr\u00e9 y Rufina se nota en cada imagen (Instagram) El cumplea\u00f1os n\u00famero doce de\u00a0Rufina Cabr\u00e9\u00a0no fue una celebraci\u00f3n cualquiera: fue el [&hellip;]<\/p>\n","protected":false},"author":1,"featured_media":3231,"comment_status":"open","ping_status":"open","sticky":false,"template":"","format":"standard","meta":{"rop_custom_images_group":[],"rop_custom_messages_group":[],"rop_publish_now":"initial","rop_publish_now_accounts":[],"rop_publish_now_history":[],"rop_publish_now_status":"pending","footnotes":"","jetpack_publicize_message":"","jetpack_publicize_feature_enabled":true,"jetpack_social_post_already_shared":true,"jetpack_social_options":{"image_generator_settings":{"template":"highway","enabled":false},"version":2}},"categories":[12],"tags":[],"class_list":{"0":"post-3230","1":"post","2":"type-post","3":"status-publish","4":"format-standard","5":"has-post-thumbnail","7":"category-espectaculos"},"jetpack_publicize_connections":[],"yoast_head":"<!-- This site is optimized with the Yoast SEO plugin v27.3 - https:\/\/yoast.com\/product\/yoast-seo-wordpress\/ -->\n<title>El emotivo mensaje de Nicol\u00e1s Cabr\u00e9 por el cumplea\u00f1os de su hija Rufina: \u201cMe ense\u00f1aste a ser feliz\u201d - CLAN ESPECTACULOS<\/title>\n<meta name=\"robots\" content=\"index, follow, max-snippet:-1, max-image-preview:large, max-video-preview:-1\" \/>\n<link rel=\"canonical\" href=\"https:\/\/radioclanfm.com\/clanespectaculos\/el-emotivo-mensaje-de-nicolas-cabre-por-el-cumpleanos-de-su-hija-rufina-me-ensenaste-a-ser-feliz\/\" \/>\n<meta property=\"og:locale\" content=\"es_ES\" \/>\n<meta property=\"og:type\" content=\"article\" \/>\n<meta property=\"og:title\" content=\"El emotivo mensaje de Nicol\u00e1s Cabr\u00e9 por el cumplea\u00f1os de su hija Rufina: \u201cMe ense\u00f1aste a ser feliz\u201d - CLAN ESPECTACULOS\" \/>\n<meta property=\"og:description\" content=\"El actor comparti\u00f3 un sentido texto y fotos de su vida junto a la ni\u00f1a que tuvo con la China Su\u00e1rez, quien lleg\u00f3 desde Turqu\u00eda para sumarse a los festejos La complicidad de Nicol\u00e1s Cabr\u00e9 y Rufina se nota en cada imagen (Instagram) El cumplea\u00f1os n\u00famero doce de\u00a0Rufina Cabr\u00e9\u00a0no fue una celebraci\u00f3n cualquiera: fue el [&hellip;]\" \/>\n<meta property=\"og:url\" content=\"https:\/\/radioclanfm.com\/clanespectaculos\/el-emotivo-mensaje-de-nicolas-cabre-por-el-cumpleanos-de-su-hija-rufina-me-ensenaste-a-ser-feliz\/\" \/>\n<meta property=\"og:site_name\" content=\"CLAN ESPECTACULOS\" \/>\n<meta property=\"article:publisher\" content=\"https:\/\/www.facebook.com\/clanespectaculos\/\" \/>\n<meta property=\"article:published_time\" content=\"2025-07-18T22:53:44+00:00\" \/>\n<meta property=\"og:image\" content=\"https:\/\/radioclanfm.com\/clanespectaculos\/wp-content\/uploads\/sites\/2\/2025\/07\/UBLCQfKf.jpg\" \/>\n\t<meta property=\"og:image:width\" content=\"900\" \/>\n\t<meta property=\"og:image:height\" content=\"450\" \/>\n\t<meta property=\"og:image:type\" content=\"image\/jpeg\" \/>\n<meta name=\"author\" content=\"E-GRUPOCLAN\" \/>\n<meta name=\"twitter:card\" content=\"summary_large_image\" \/>\n<meta name=\"twitter:creator\" content=\"@clanespectok\" \/>\n<meta name=\"twitter:site\" content=\"@clanespectok\" \/>\n<meta name=\"twitter:label1\" content=\"Escrito por\" \/>\n\t<meta name=\"twitter:data1\" content=\"E-GRUPOCLAN\" \/>\n\t<meta name=\"twitter:label2\" content=\"Tiempo de lectura\" \/>\n\t<meta name=\"twitter:data2\" content=\"4 minutos\" \/>\n<script type=\"application\/ld+json\" class=\"yoast-schema-graph\">{\"@context\":\"https:\\\/\\\/schema.org\",\"@graph\":[{\"@type\":\"Article\",\"@id\":\"https:\\\/\\\/radioclanfm.com\\\/clanespectaculos\\\/el-emotivo-mensaje-de-nicolas-cabre-por-el-cumpleanos-de-su-hija-rufina-me-ensenaste-a-ser-feliz\\\/#article\",\"isPartOf\":{\"@id\":\"https:\\\/\\\/radioclanfm.com\\\/clanespectaculos\\\/el-emotivo-mensaje-de-nicolas-cabre-por-el-cumpleanos-de-su-hija-rufina-me-ensenaste-a-ser-feliz\\\/\"},\"author\":{\"name\":\"E-GRUPOCLAN\",\"@id\":\"https:\\\/\\\/radioclanfm.com\\\/clanespectaculos\\\/#\\\/schema\\\/person\\\/9734813083303230f3ad84d99171b20c\"},\"headline\":\"El emotivo mensaje de Nicol\u00e1s Cabr\u00e9 por el cumplea\u00f1os de su hija Rufina: \u201cMe ense\u00f1aste a ser feliz\u201d\",\"datePublished\":\"2025-07-18T22:53:44+00:00\",\"mainEntityOfPage\":{\"@id\":\"https:\\\/\\\/radioclanfm.com\\\/clanespectaculos\\\/el-emotivo-mensaje-de-nicolas-cabre-por-el-cumpleanos-de-su-hija-rufina-me-ensenaste-a-ser-feliz\\\/\"},\"wordCount\":910,\"commentCount\":0,\"publisher\":{\"@id\":\"https:\\\/\\\/radioclanfm.com\\\/clanespectaculos\\\/#organization\"},\"image\":{\"@id\":\"https:\\\/\\\/radioclanfm.com\\\/clanespectaculos\\\/el-emotivo-mensaje-de-nicolas-cabre-por-el-cumpleanos-de-su-hija-rufina-me-ensenaste-a-ser-feliz\\\/#primaryimage\"},\"thumbnailUrl\":\"https:\\\/\\\/radioclanfm.com\\\/clanespectaculos\\\/wp-content\\\/uploads\\\/sites\\\/2\\\/2025\\\/07\\\/UBLCQfKf.jpg\",\"articleSection\":[\"Espectaculos\"],\"inLanguage\":\"es-AR\",\"potentialAction\":[{\"@type\":\"CommentAction\",\"name\":\"Comment\",\"target\":[\"https:\\\/\\\/radioclanfm.com\\\/clanespectaculos\\\/el-emotivo-mensaje-de-nicolas-cabre-por-el-cumpleanos-de-su-hija-rufina-me-ensenaste-a-ser-feliz\\\/#respond\"]}]},{\"@type\":\"WebPage\",\"@id\":\"https:\\\/\\\/radioclanfm.com\\\/clanespectaculos\\\/el-emotivo-mensaje-de-nicolas-cabre-por-el-cumpleanos-de-su-hija-rufina-me-ensenaste-a-ser-feliz\\\/\",\"url\":\"https:\\\/\\\/radioclanfm.com\\\/clanespectaculos\\\/el-emotivo-mensaje-de-nicolas-cabre-por-el-cumpleanos-de-su-hija-rufina-me-ensenaste-a-ser-feliz\\\/\",\"name\":\"El emotivo mensaje de Nicol\u00e1s Cabr\u00e9 por el cumplea\u00f1os de su hija Rufina: \u201cMe ense\u00f1aste a ser feliz\u201d - CLAN ESPECTACULOS\",\"isPartOf\":{\"@id\":\"https:\\\/\\\/radioclanfm.com\\\/clanespectaculos\\\/#website\"},\"primaryImageOfPage\":{\"@id\":\"https:\\\/\\\/radioclanfm.com\\\/clanespectaculos\\\/el-emotivo-mensaje-de-nicolas-cabre-por-el-cumpleanos-de-su-hija-rufina-me-ensenaste-a-ser-feliz\\\/#primaryimage\"},\"image\":{\"@id\":\"https:\\\/\\\/radioclanfm.com\\\/clanespectaculos\\\/el-emotivo-mensaje-de-nicolas-cabre-por-el-cumpleanos-de-su-hija-rufina-me-ensenaste-a-ser-feliz\\\/#primaryimage\"},\"thumbnailUrl\":\"https:\\\/\\\/radioclanfm.com\\\/clanespectaculos\\\/wp-content\\\/uploads\\\/sites\\\/2\\\/2025\\\/07\\\/UBLCQfKf.jpg\",\"datePublished\":\"2025-07-18T22:53:44+00:00\",\"breadcrumb\":{\"@id\":\"https:\\\/\\\/radioclanfm.com\\\/clanespectaculos\\\/el-emotivo-mensaje-de-nicolas-cabre-por-el-cumpleanos-de-su-hija-rufina-me-ensenaste-a-ser-feliz\\\/#breadcrumb\"},\"inLanguage\":\"es-AR\",\"potentialAction\":[{\"@type\":\"ReadAction\",\"target\":[\"https:\\\/\\\/radioclanfm.com\\\/clanespectaculos\\\/el-emotivo-mensaje-de-nicolas-cabre-por-el-cumpleanos-de-su-hija-rufina-me-ensenaste-a-ser-feliz\\\/\"]}]},{\"@type\":\"ImageObject\",\"inLanguage\":\"es-AR\",\"@id\":\"https:\\\/\\\/radioclanfm.com\\\/clanespectaculos\\\/el-emotivo-mensaje-de-nicolas-cabre-por-el-cumpleanos-de-su-hija-rufina-me-ensenaste-a-ser-feliz\\\/#primaryimage\",\"url\":\"https:\\\/\\\/radioclanfm.com\\\/clanespectaculos\\\/wp-content\\\/uploads\\\/sites\\\/2\\\/2025\\\/07\\\/UBLCQfKf.jpg\",\"contentUrl\":\"https:\\\/\\\/radioclanfm.com\\\/clanespectaculos\\\/wp-content\\\/uploads\\\/sites\\\/2\\\/2025\\\/07\\\/UBLCQfKf.jpg\",\"width\":900,\"height\":450},{\"@type\":\"BreadcrumbList\",\"@id\":\"https:\\\/\\\/radioclanfm.com\\\/clanespectaculos\\\/el-emotivo-mensaje-de-nicolas-cabre-por-el-cumpleanos-de-su-hija-rufina-me-ensenaste-a-ser-feliz\\\/#breadcrumb\",\"itemListElement\":[{\"@type\":\"ListItem\",\"position\":1,\"name\":\"Inicio\",\"item\":\"https:\\\/\\\/radioclanfm.com\\\/clanespectaculos\\\/\"},{\"@type\":\"ListItem\",\"position\":2,\"name\":\"El emotivo mensaje de Nicol\u00e1s Cabr\u00e9 por el cumplea\u00f1os de su hija Rufina: \u201cMe ense\u00f1aste a ser feliz\u201d\"}]},{\"@type\":\"WebSite\",\"@id\":\"https:\\\/\\\/radioclanfm.com\\\/clanespectaculos\\\/#website\",\"url\":\"https:\\\/\\\/radioclanfm.com\\\/clanespectaculos\\\/\",\"name\":\"CLAN ESPECTACULOS\",\"description\":\"\",\"publisher\":{\"@id\":\"https:\\\/\\\/radioclanfm.com\\\/clanespectaculos\\\/#organization\"},\"potentialAction\":[{\"@type\":\"SearchAction\",\"target\":{\"@type\":\"EntryPoint\",\"urlTemplate\":\"https:\\\/\\\/radioclanfm.com\\\/clanespectaculos\\\/?s={search_term_string}\"},\"query-input\":{\"@type\":\"PropertyValueSpecification\",\"valueRequired\":true,\"valueName\":\"search_term_string\"}}],\"inLanguage\":\"es-AR\"},{\"@type\":\"Organization\",\"@id\":\"https:\\\/\\\/radioclanfm.com\\\/clanespectaculos\\\/#organization\",\"name\":\"CLAN ESPECTACULOS\",\"url\":\"https:\\\/\\\/radioclanfm.com\\\/clanespectaculos\\\/\",\"logo\":{\"@type\":\"ImageObject\",\"inLanguage\":\"es-AR\",\"@id\":\"https:\\\/\\\/radioclanfm.com\\\/clanespectaculos\\\/#\\\/schema\\\/logo\\\/image\\\/\",\"url\":\"https:\\\/\\\/radioclanfm.com\\\/clanespectaculos\\\/wp-content\\\/uploads\\\/sites\\\/2\\\/2026\\\/04\\\/ChatGPT-Image-23-mar-2026-10_09_00.png\",\"contentUrl\":\"https:\\\/\\\/radioclanfm.com\\\/clanespectaculos\\\/wp-content\\\/uploads\\\/sites\\\/2\\\/2026\\\/04\\\/ChatGPT-Image-23-mar-2026-10_09_00.png\",\"width\":1024,\"height\":1024,\"caption\":\"CLAN ESPECTACULOS\"},\"image\":{\"@id\":\"https:\\\/\\\/radioclanfm.com\\\/clanespectaculos\\\/#\\\/schema\\\/logo\\\/image\\\/\"},\"sameAs\":[\"https:\\\/\\\/www.facebook.com\\\/clanespectaculos\\\/\",\"https:\\\/\\\/x.com\\\/clanespectok\"]},{\"@type\":\"Person\",\"@id\":\"https:\\\/\\\/radioclanfm.com\\\/clanespectaculos\\\/#\\\/schema\\\/person\\\/9734813083303230f3ad84d99171b20c\",\"name\":\"E-GRUPOCLAN\",\"image\":{\"@type\":\"ImageObject\",\"inLanguage\":\"es-AR\",\"@id\":\"https:\\\/\\\/secure.gravatar.com\\\/avatar\\\/af6e19837c3d6a212034a48c7b3818d2ac1826f6025df0155da5a186ad321d79?s=96&d=mm&r=g\",\"url\":\"https:\\\/\\\/secure.gravatar.com\\\/avatar\\\/af6e19837c3d6a212034a48c7b3818d2ac1826f6025df0155da5a186ad321d79?s=96&d=mm&r=g\",\"contentUrl\":\"https:\\\/\\\/secure.gravatar.com\\\/avatar\\\/af6e19837c3d6a212034a48c7b3818d2ac1826f6025df0155da5a186ad321d79?s=96&d=mm&r=g\",\"caption\":\"E-GRUPOCLAN\"},\"sameAs\":[\"https:\\\/\\\/radioclanfm.com\"],\"url\":\"https:\\\/\\\/radioclanfm.com\\\/clanespectaculos\\\/author\\\/admin\\\/\"}]}<\/script>\n<!-- \/ Yoast SEO plugin. -->","yoast_head_json":{"title":"El emotivo mensaje de Nicol\u00e1s Cabr\u00e9 por el cumplea\u00f1os de su hija Rufina: \u201cMe ense\u00f1aste a ser feliz\u201d - CLAN ESPECTACULOS","robots":{"index":"index","follow":"follow","max-snippet":"max-snippet:-1","max-image-preview":"max-image-preview:large","max-video-preview":"max-video-preview:-1"},"canonical":"https:\/\/radioclanfm.com\/clanespectaculos\/el-emotivo-mensaje-de-nicolas-cabre-por-el-cumpleanos-de-su-hija-rufina-me-ensenaste-a-ser-feliz\/","og_locale":"es_ES","og_type":"article","og_title":"El emotivo mensaje de Nicol\u00e1s Cabr\u00e9 por el cumplea\u00f1os de su hija Rufina: \u201cMe ense\u00f1aste a ser feliz\u201d - CLAN ESPECTACULOS","og_description":"El actor comparti\u00f3 un sentido texto y fotos de su vida junto a la ni\u00f1a que tuvo con la China Su\u00e1rez, quien lleg\u00f3 desde Turqu\u00eda para sumarse a los festejos La complicidad de Nicol\u00e1s Cabr\u00e9 y Rufina se nota en cada imagen (Instagram) El cumplea\u00f1os n\u00famero doce de\u00a0Rufina Cabr\u00e9\u00a0no fue una celebraci\u00f3n cualquiera: fue el [&hellip;]","og_url":"https:\/\/radioclanfm.com\/clanespectaculos\/el-emotivo-mensaje-de-nicolas-cabre-por-el-cumpleanos-de-su-hija-rufina-me-ensenaste-a-ser-feliz\/","og_site_name":"CLAN ESPECTACULOS","article_publisher":"https:\/\/www.facebook.com\/clanespectaculos\/","article_published_time":"2025-07-18T22:53:44+00:00","og_image":[{"width":900,"height":450,"url":"https:\/\/radioclanfm.com\/clanespectaculos\/wp-content\/uploads\/sites\/2\/2025\/07\/UBLCQfKf.jpg","type":"image\/jpeg"}],"author":"E-GRUPOCLAN","twitter_card":"summary_large_image","twitter_creator":"@clanespectok","twitter_site":"@clanespectok","twitter_misc":{"Escrito por":"E-GRUPOCLAN","Tiempo de lectura":"4 minutos"},"schema":{"@context":"https:\/\/schema.org","@graph":[{"@type":"Article","@id":"https:\/\/radioclanfm.com\/clanespectaculos\/el-emotivo-mensaje-de-nicolas-cabre-por-el-cumpleanos-de-su-hija-rufina-me-ensenaste-a-ser-feliz\/#article","isPartOf":{"@id":"https:\/\/radioclanfm.com\/clanespectaculos\/el-emotivo-mensaje-de-nicolas-cabre-por-el-cumpleanos-de-su-hija-rufina-me-ensenaste-a-ser-feliz\/"},"author":{"name":"E-GRUPOCLAN","@id":"https:\/\/radioclanfm.com\/clanespectaculos\/#\/schema\/person\/9734813083303230f3ad84d99171b20c"},"headline":"El emotivo mensaje de Nicol\u00e1s Cabr\u00e9 por el cumplea\u00f1os de su hija Rufina: \u201cMe ense\u00f1aste a ser feliz\u201d","datePublished":"2025-07-18T22:53:44+00:00","mainEntityOfPage":{"@id":"https:\/\/radioclanfm.com\/clanespectaculos\/el-emotivo-mensaje-de-nicolas-cabre-por-el-cumpleanos-de-su-hija-rufina-me-ensenaste-a-ser-feliz\/"},"wordCount":910,"commentCount":0,"publisher":{"@id":"https:\/\/radioclanfm.com\/clanespectaculos\/#organization"},"image":{"@id":"https:\/\/radioclanfm.com\/clanespectaculos\/el-emotivo-mensaje-de-nicolas-cabre-por-el-cumpleanos-de-su-hija-rufina-me-ensenaste-a-ser-feliz\/#primaryimage"},"thumbnailUrl":"https:\/\/radioclanfm.com\/clanespectaculos\/wp-content\/uploads\/sites\/2\/2025\/07\/UBLCQfKf.jpg","articleSection":["Espectaculos"],"inLanguage":"es-AR","potentialAction":[{"@type":"CommentAction","name":"Comment","target":["https:\/\/radioclanfm.com\/clanespectaculos\/el-emotivo-mensaje-de-nicolas-cabre-por-el-cumpleanos-de-su-hija-rufina-me-ensenaste-a-ser-feliz\/#respond"]}]},{"@type":"WebPage","@id":"https:\/\/radioclanfm.com\/clanespectaculos\/el-emotivo-mensaje-de-nicolas-cabre-por-el-cumpleanos-de-su-hija-rufina-me-ensenaste-a-ser-feliz\/","url":"https:\/\/radioclanfm.com\/clanespectaculos\/el-emotivo-mensaje-de-nicolas-cabre-por-el-cumpleanos-de-su-hija-rufina-me-ensenaste-a-ser-feliz\/","name":"El emotivo mensaje de Nicol\u00e1s Cabr\u00e9 por el cumplea\u00f1os de su hija Rufina: \u201cMe ense\u00f1aste a ser feliz\u201d - CLAN ESPECTACULOS","isPartOf":{"@id":"https:\/\/radioclanfm.com\/clanespectaculos\/#website"},"primaryImageOfPage":{"@id":"https:\/\/radioclanfm.com\/clanespectaculos\/el-emotivo-mensaje-de-nicolas-cabre-por-el-cumpleanos-de-su-hija-rufina-me-ensenaste-a-ser-feliz\/#primaryimage"},"image":{"@id":"https:\/\/radioclanfm.com\/clanespectaculos\/el-emotivo-mensaje-de-nicolas-cabre-por-el-cumpleanos-de-su-hija-rufina-me-ensenaste-a-ser-feliz\/#primaryimage"},"thumbnailUrl":"https:\/\/radioclanfm.com\/clanespectaculos\/wp-content\/uploads\/sites\/2\/2025\/07\/UBLCQfKf.jpg","datePublished":"2025-07-18T22:53:44+00:00","breadcrumb":{"@id":"https:\/\/radioclanfm.com\/clanespectaculos\/el-emotivo-mensaje-de-nicolas-cabre-por-el-cumpleanos-de-su-hija-rufina-me-ensenaste-a-ser-feliz\/#breadcrumb"},"inLanguage":"es-AR","potentialAction":[{"@type":"ReadAction","target":["https:\/\/radioclanfm.com\/clanespectaculos\/el-emotivo-mensaje-de-nicolas-cabre-por-el-cumpleanos-de-su-hija-rufina-me-ensenaste-a-ser-feliz\/"]}]},{"@type":"ImageObject","inLanguage":"es-AR","@id":"https:\/\/radioclanfm.com\/clanespectaculos\/el-emotivo-mensaje-de-nicolas-cabre-por-el-cumpleanos-de-su-hija-rufina-me-ensenaste-a-ser-feliz\/#primaryimage","url":"https:\/\/radioclanfm.com\/clanespectaculos\/wp-content\/uploads\/sites\/2\/2025\/07\/UBLCQfKf.jpg","contentUrl":"https:\/\/radioclanfm.com\/clanespectaculos\/wp-content\/uploads\/sites\/2\/2025\/07\/UBLCQfKf.jpg","width":900,"height":450},{"@type":"BreadcrumbList","@id":"https:\/\/radioclanfm.com\/clanespectaculos\/el-emotivo-mensaje-de-nicolas-cabre-por-el-cumpleanos-de-su-hija-rufina-me-ensenaste-a-ser-feliz\/#breadcrumb","itemListElement":[{"@type":"ListItem","position":1,"name":"Inicio","item":"https:\/\/radioclanfm.com\/clanespectaculos\/"},{"@type":"ListItem","position":2,"name":"El emotivo mensaje de Nicol\u00e1s Cabr\u00e9 por el cumplea\u00f1os de su hija Rufina: \u201cMe ense\u00f1aste a ser feliz\u201d"}]},{"@type":"WebSite","@id":"https:\/\/radioclanfm.com\/clanespectaculos\/#website","url":"https:\/\/radioclanfm.com\/clanespectaculos\/","name":"CLAN ESPECTACULOS","description":"","publisher":{"@id":"https:\/\/radioclanfm.com\/clanespectaculos\/#organization"},"potentialAction":[{"@type":"SearchAction","target":{"@type":"EntryPoint","urlTemplate":"https:\/\/radioclanfm.com\/clanespectaculos\/?s={search_term_string}"},"query-input":{"@type":"PropertyValueSpecification","valueRequired":true,"valueName":"search_term_string"}}],"inLanguage":"es-AR"},{"@type":"Organization","@id":"https:\/\/radioclanfm.com\/clanespectaculos\/#organization","name":"CLAN ESPECTACULOS","url":"https:\/\/radioclanfm.com\/clanespectaculos\/","logo":{"@type":"ImageObject","inLanguage":"es-AR","@id":"https:\/\/radioclanfm.com\/clanespectaculos\/#\/schema\/logo\/image\/","url":"https:\/\/radioclanfm.com\/clanespectaculos\/wp-content\/uploads\/sites\/2\/2026\/04\/ChatGPT-Image-23-mar-2026-10_09_00.png","contentUrl":"https:\/\/radioclanfm.com\/clanespectaculos\/wp-content\/uploads\/sites\/2\/2026\/04\/ChatGPT-Image-23-mar-2026-10_09_00.png","width":1024,"height":1024,"caption":"CLAN ESPECTACULOS"},"image":{"@id":"https:\/\/radioclanfm.com\/clanespectaculos\/#\/schema\/logo\/image\/"},"sameAs":["https:\/\/www.facebook.com\/clanespectaculos\/","https:\/\/x.com\/clanespectok"]},{"@type":"Person","@id":"https:\/\/radioclanfm.com\/clanespectaculos\/#\/schema\/person\/9734813083303230f3ad84d99171b20c","name":"E-GRUPOCLAN","image":{"@type":"ImageObject","inLanguage":"es-AR","@id":"https:\/\/secure.gravatar.com\/avatar\/af6e19837c3d6a212034a48c7b3818d2ac1826f6025df0155da5a186ad321d79?s=96&d=mm&r=g","url":"https:\/\/secure.gravatar.com\/avatar\/af6e19837c3d6a212034a48c7b3818d2ac1826f6025df0155da5a186ad321d79?s=96&d=mm&r=g","contentUrl":"https:\/\/secure.gravatar.com\/avatar\/af6e19837c3d6a212034a48c7b3818d2ac1826f6025df0155da5a186ad321d79?s=96&d=mm&r=g","caption":"E-GRUPOCLAN"},"sameAs":["https:\/\/radioclanfm.com"],"url":"https:\/\/radioclanfm.com\/clanespectaculos\/author\/admin\/"}]}},"_links":{"self":[{"href":"https:\/\/radioclanfm.com\/clanespectaculos\/wp-json\/wp\/v2\/posts\/3230","targetHints":{"allow":["GET"]}}],"collection":[{"href":"https:\/\/radioclanfm.com\/clanespectaculos\/wp-json\/wp\/v2\/posts"}],"about":[{"href":"https:\/\/radioclanfm.com\/clanespectaculos\/wp-json\/wp\/v2\/types\/post"}],"author":[{"embeddable":true,"href":"https:\/\/radioclanfm.com\/clanespectaculos\/wp-json\/wp\/v2\/users\/1"}],"replies":[{"embeddable":true,"href":"https:\/\/radioclanfm.com\/clanespectaculos\/wp-json\/wp\/v2\/comments?post=3230"}],"version-history":[{"count":1,"href":"https:\/\/radioclanfm.com\/clanespectaculos\/wp-json\/wp\/v2\/posts\/3230\/revisions"}],"predecessor-version":[{"id":3232,"href":"https:\/\/radioclanfm.com\/clanespectaculos\/wp-json\/wp\/v2\/posts\/3230\/revisions\/3232"}],"wp:featuredmedia":[{"embeddable":true,"href":"https:\/\/radioclanfm.com\/clanespectaculos\/wp-json\/wp\/v2\/media\/3231"}],"wp:attachment":[{"href":"https:\/\/radioclanfm.com\/clanespectaculos\/wp-json\/wp\/v2\/media?parent=3230"}],"wp:term":[{"taxonomy":"category","embeddable":true,"href":"https:\/\/radioclanfm.com\/clanespectaculos\/wp-json\/wp\/v2\/categories?post=3230"},{"taxonomy":"post_tag","embeddable":true,"href":"https:\/\/radioclanfm.com\/clanespectaculos\/wp-json\/wp\/v2\/tags?post=3230"}],"curies":[{"name":"wp","href":"https:\/\/api.w.org\/{rel}","templated":true}]}}